{"id":52345,"date":"2024-06-28T16:40:43","date_gmt":"2024-06-28T19:40:43","guid":{"rendered":"https:\/\/jornalfatosenoticias.com.br\/?p=52345"},"modified":"2024-06-28T16:40:44","modified_gmt":"2024-06-28T19:40:44","slug":"milei-afirma-que-disse-a-verdade-sobre-lula-e-se-recusa-a-pedir-desculpas","status":"publish","type":"post","link":"https:\/\/jornalfatosenoticias.com.br\/index.php\/2024\/06\/28\/milei-afirma-que-disse-a-verdade-sobre-lula-e-se-recusa-a-pedir-desculpas\/","title":{"rendered":"Milei afirma que \u201cdisse a verdade\u201d sobre Lula e se recusa a pedir desculpas"},"content":{"rendered":"\n<p><em><span class=\"has-inline-color has-black-color\">Presidente argentino reagiu \u00e0 declara\u00e7\u00e3o de Lula, de que Milei lhe deve \u201cdesculpas\u201d porque \u201cfalou bobagem\u201d<\/span><\/em><\/p>\n\n\n\n<p><span class=\"has-inline-color has-black-color\">Por <strong><a href=\"https:\/\/www.gazetadopovo.com.br\/autor\/fabio-galao\/\">F\u00e1bio Gal\u00e3o<\/a><\/strong><\/span><\/p>\n\n\n\n<div class=\"wp-block-image\"><figure class=\"aligncenter size-large is-resized\"><a href=\"https:\/\/www.instagram.com\/restaurantepegoretti\/\"><img loading=\"lazy\" decoding=\"async\" src=\"https:\/\/jornalfatosenoticias.com.br\/wp-content\/uploads\/2023\/12\/pegoretti-logo-pdf-1024x389.jpg\" alt=\"\" class=\"wp-image-47536\" width=\"485\" height=\"184\" srcset=\"https:\/\/jornalfatosenoticias.com.br\/wp-content\/uploads\/2023\/12\/pegoretti-logo-pdf-1024x389.jpg 1024w, https:\/\/jornalfatosenoticias.com.br\/wp-content\/uploads\/2023\/12\/pegoretti-logo-pdf-300x114.jpg 300w, https:\/\/jornalfatosenoticias.com.br\/wp-content\/uploads\/2023\/12\/pegoretti-logo-pdf-768x291.jpg 768w, https:\/\/jornalfatosenoticias.com.br\/wp-content\/uploads\/2023\/12\/pegoretti-logo-pdf.jpg 1120w\" sizes=\"auto, (max-width: 485px) 100vw, 485px\" \/><\/a><\/figure><\/div>\n\n\n\n<p>O presidente da Argentina, Javier Milei, afirmou nesta sexta-feira (28) que disse \u201ca verdade\u201d sobre seu hom\u00f3logo brasileiro, Luiz In\u00e1cio Lula da Silva, e que n\u00e3o lhe deve desculpas. Na quarta-feira (26), em entrevista ao UOL, o presidente brasileiro havia dito que ainda n\u00e3o conversou com o argentino desde a posse deste porque \u201cele tem que pedir desculpas ao Brasil e a mim\u201d porque \u201cfalou muita bobagem\u201d.<br>Durante a campanha para a elei\u00e7\u00e3o na qual venceu o peronista Sergio Massa, no ano passado, o libert\u00e1rio argentino havia chamado Lula de \u201ccomunista\u201d e \u201ccorrupto\u201d. Em entrevista ao canal LN+ nesta sexta-feira, Milei rebateu.<\/p>\n\n\n\n<div class=\"wp-block-image\"><figure class=\"aligncenter size-large is-resized\"><a href=\"https:\/\/www.facebook.com\/Esteio-Churrascaria-Barbecue-103643461220402\/\"><img loading=\"lazy\" decoding=\"async\" src=\"https:\/\/jornalfatosenoticias.com.br\/wp-content\/uploads\/2020\/02\/logo_esteio.jpg\" alt=\"\" class=\"wp-image-1214\" width=\"331\" height=\"276\"\/><\/a><\/figure><\/div>\n\n\n\n<blockquote class=\"wp-block-quote is-layout-flow wp-block-quote-is-layout-flow\"><p><span class=\"has-inline-color has-luminous-vivid-orange-color\">Os que mentiram exigem que lhes pe\u00e7am perd\u00e3o porque algu\u00e9m lhes disse a verdade? Devemos nos colocar acima dessas ninharias, porque os interesses dos argentinos e dos brasileiros s\u00e3o mais importantes do que o ego inflamado de um esquerdinha\u201d, disse Milei. \u201cQual \u00e9 o problema de eu cham\u00e1-lo de corrupto? Ele n\u00e3o foi preso por corrup\u00e7\u00e3o? Eu o chamei de comunista, ele n\u00e3o \u00e9 comunista?\u201d, acrescentou o presidente argentino.<\/span><\/p><\/blockquote>\n\n\n\n<div class=\"wp-block-image\"><figure class=\"aligncenter size-large is-resized\"><a href=\"https:\/\/www.facebook.com\/postobkr\/?locale=pt_BR\"><img loading=\"lazy\" decoding=\"async\" src=\"https:\/\/jornalfatosenoticias.com.br\/wp-content\/uploads\/2023\/08\/BKR-1024x1021.jpg\" alt=\"\" class=\"wp-image-44494\" width=\"277\" height=\"276\" srcset=\"https:\/\/jornalfatosenoticias.com.br\/wp-content\/uploads\/2023\/08\/BKR-1024x1021.jpg 1024w, https:\/\/jornalfatosenoticias.com.br\/wp-content\/uploads\/2023\/08\/BKR-300x300.jpg 300w, https:\/\/jornalfatosenoticias.com.br\/wp-content\/uploads\/2023\/08\/BKR-150x150.jpg 150w, https:\/\/jornalfatosenoticias.com.br\/wp-content\/uploads\/2023\/08\/BKR-768x766.jpg 768w, https:\/\/jornalfatosenoticias.com.br\/wp-content\/uploads\/2023\/08\/BKR.jpg 1080w\" sizes=\"auto, (max-width: 277px) 100vw, 277px\" \/><\/a><\/figure><\/div>\n\n\n\n<p>\u201cDesde quando temos que pedir desculpas por dizer a verdade? Ou estamos t\u00e3o doentes \u200b\u200bde corre\u00e7\u00e3o pol\u00edtica que nada pode ser dito \u00e0 esquerda mesmo quando \u00e9 verdade?\u201d, disparou, afirmando que Lula, assim como o presidente do governo da Espanha, Pedro S\u00e1nchez, e o colombiano Gustavo Petro, apoiou Massa na elei\u00e7\u00e3o argentina do ano passado.<\/p>\n\n\n\n<div class=\"wp-block-image\"><figure class=\"aligncenter size-large is-resized\"><a href=\"https:\/\/www.ithbrasil.com.br\/\"><img loading=\"lazy\" decoding=\"async\" src=\"https:\/\/jornalfatosenoticias.com.br\/wp-content\/uploads\/2023\/08\/ITH.jpeg\" alt=\"\" class=\"wp-image-44638\" width=\"348\" height=\"283\" srcset=\"https:\/\/jornalfatosenoticias.com.br\/wp-content\/uploads\/2023\/08\/ITH.jpeg 800w, https:\/\/jornalfatosenoticias.com.br\/wp-content\/uploads\/2023\/08\/ITH-300x244.jpeg 300w, https:\/\/jornalfatosenoticias.com.br\/wp-content\/uploads\/2023\/08\/ITH-768x624.jpeg 768w\" sizes=\"auto, (max-width: 348px) 100vw, 348px\" \/><\/a><\/figure><\/div>\n\n\n\n<p>\u201cVoc\u00ea acha que Lula n\u00e3o fez coisas parecidas, ao se meter na nossa campanha eleitoral? As coisas que eu disse s\u00e3o verdadeiras\u201d, argumentou.<br>A reportagem entrou em contato com a assessoria de Lula e pediu um coment\u00e1rio do presidente sobre a declara\u00e7\u00e3o de Milei, mas ainda n\u00e3o obteve retorno. Esta reportagem ser\u00e1 atualizada se houver resposta.<\/p>\n\n\n\n<div class=\"wp-block-image\"><figure class=\"aligncenter size-large is-resized\"><a href=\"https:\/\/www.instagram.com\/rapuzeljastro\/\"><img loading=\"lazy\" decoding=\"async\" src=\"https:\/\/jornalfatosenoticias.com.br\/wp-content\/uploads\/2020\/02\/logo-Rapuzel-1024x571.jpg\" alt=\"\" class=\"wp-image-42808\" width=\"415\" height=\"231\" srcset=\"https:\/\/jornalfatosenoticias.com.br\/wp-content\/uploads\/2020\/02\/logo-Rapuzel-1024x571.jpg 1024w, https:\/\/jornalfatosenoticias.com.br\/wp-content\/uploads\/2020\/02\/logo-Rapuzel-300x167.jpg 300w, https:\/\/jornalfatosenoticias.com.br\/wp-content\/uploads\/2020\/02\/logo-Rapuzel-768x428.jpg 768w, https:\/\/jornalfatosenoticias.com.br\/wp-content\/uploads\/2020\/02\/logo-Rapuzel-1536x856.jpg 1536w, https:\/\/jornalfatosenoticias.com.br\/wp-content\/uploads\/2020\/02\/logo-Rapuzel.jpg 1600w\" sizes=\"auto, (max-width: 415px) 100vw, 415px\" \/><\/a><\/figure><\/div>\n\n\n\n<p><strong><em>Fonte: <a href=\"https:\/\/www.gazetadopovo.com.br\/mundo\/milei-lula-desculpas-resposta-brasil-argentina\/\">Gazeta do Povo<\/a><\/em><\/strong><\/p>\n","protected":false},"excerpt":{"rendered":"<p>Presidente argentino reagiu \u00e0 declara\u00e7\u00e3o de Lula, de que Milei lhe deve \u201cdesculpas\u201d porque \u201cfalou bobagem\u201d Por F\u00e1bio Gal\u00e3o O presidente da Argentina, Javier Milei, afirmou nesta sexta-feira (28) que disse \u201ca verdade\u201d sobre seu hom\u00f3logo brasileiro, Luiz In\u00e1cio Lula da Silva, e que n\u00e3o lhe deve desculpas. Na quarta-feira (26), em entrevista ao UOL, [&hellip;]<\/p>\n","protected":false},"author":2,"featured_media":52158,"comment_status":"open","ping_status":"open","sticky":false,"template":"","format":"standard","meta":{"footnotes":""},"categories":[41,10],"tags":[5995,597,20664,18616,7580],"class_list":["post-52345","post","type-post","status-publish","format-standard","has-post-thumbnail","hentry","category-internacional","category-politica","tag-argentina","tag-brasil","tag-gustavo-petro","tag-javier-milei","tag-lula"],"yoast_head":"<!-- This site is optimized with the Yoast SEO plugin v26.5 - https:\/\/yoast.com\/wordpress\/plugins\/seo\/ -->\n<title>Milei afirma que \u201cdisse a verdade\u201d sobre Lula e se recusa a pedir desculpas - Jornal Fatos e Not\u00edcias<\/title>\n<meta name=\"robots\" content=\"index, follow, max-snippet:-1, max-image-preview:large, max-video-preview:-1\" \/>\n<link rel=\"canonical\" href=\"https:\/\/jornalfatosenoticias.com.br\/index.php\/2024\/06\/28\/milei-afirma-que-disse-a-verdade-sobre-lula-e-se-recusa-a-pedir-desculpas\/\" \/>\n<meta property=\"og:locale\" content=\"pt_BR\" \/>\n<meta property=\"og:type\" content=\"article\" \/>\n<meta property=\"og:title\" content=\"Milei afirma que \u201cdisse a verdade\u201d sobre Lula e se recusa a pedir desculpas - Jornal Fatos e Not\u00edcias\" \/>\n<meta property=\"og:description\" content=\"Presidente argentino reagiu \u00e0 declara\u00e7\u00e3o de Lula, de que Milei lhe deve \u201cdesculpas\u201d porque \u201cfalou bobagem\u201d Por F\u00e1bio Gal\u00e3o O presidente da Argentina, Javier Milei, afirmou nesta sexta-feira (28) que disse \u201ca verdade\u201d sobre seu hom\u00f3logo brasileiro, Luiz In\u00e1cio Lula da Silva, e que n\u00e3o lhe deve desculpas. Na quarta-feira (26), em entrevista ao UOL, [&hellip;]\" \/>\n<meta property=\"og:url\" content=\"https:\/\/jornalfatosenoticias.com.br\/index.php\/2024\/06\/28\/milei-afirma-que-disse-a-verdade-sobre-lula-e-se-recusa-a-pedir-desculpas\/\" \/>\n<meta property=\"og:site_name\" content=\"Jornal Fatos e Not\u00edcias\" \/>\n<meta property=\"article:published_time\" content=\"2024-06-28T19:40:43+00:00\" \/>\n<meta property=\"article:modified_time\" content=\"2024-06-28T19:40:44+00:00\" \/>\n<meta property=\"og:image\" content=\"https:\/\/jornalfatosenoticias.com.br\/wp-content\/uploads\/2024\/06\/Milei_gettyimages.jpg\" \/>\n\t<meta property=\"og:image:width\" content=\"612\" \/>\n\t<meta property=\"og:image:height\" content=\"399\" \/>\n\t<meta property=\"og:image:type\" content=\"image\/jpeg\" \/>\n<meta name=\"author\" content=\"Luzimara Fernandes\" \/>\n<meta name=\"twitter:card\" content=\"summary_large_image\" \/>\n<meta name=\"twitter:label1\" content=\"Escrito por\" \/>\n\t<meta name=\"twitter:data1\" content=\"Luzimara Fernandes\" \/>\n\t<meta name=\"twitter:label2\" content=\"Est. tempo de leitura\" \/>\n\t<meta name=\"twitter:data2\" content=\"2 minutos\" \/>\n<script type=\"application\/ld+json\" class=\"yoast-schema-graph\">{\"@context\":\"https:\/\/schema.org\",\"@graph\":[{\"@type\":\"Article\",\"@id\":\"https:\/\/jornalfatosenoticias.com.br\/index.php\/2024\/06\/28\/milei-afirma-que-disse-a-verdade-sobre-lula-e-se-recusa-a-pedir-desculpas\/#article\",\"isPartOf\":{\"@id\":\"https:\/\/jornalfatosenoticias.com.br\/index.php\/2024\/06\/28\/milei-afirma-que-disse-a-verdade-sobre-lula-e-se-recusa-a-pedir-desculpas\/\"},\"author\":{\"name\":\"Luzimara Fernandes\",\"@id\":\"https:\/\/jornalfatosenoticias.com.br\/#\/schema\/person\/d63837fa13ac8666eb9e74e0985d6f81\"},\"headline\":\"Milei afirma que \u201cdisse a verdade\u201d sobre Lula e se recusa a pedir desculpas\",\"datePublished\":\"2024-06-28T19:40:43+00:00\",\"dateModified\":\"2024-06-28T19:40:44+00:00\",\"mainEntityOfPage\":{\"@id\":\"https:\/\/jornalfatosenoticias.com.br\/index.php\/2024\/06\/28\/milei-afirma-que-disse-a-verdade-sobre-lula-e-se-recusa-a-pedir-desculpas\/\"},\"wordCount\":339,\"commentCount\":0,\"publisher\":{\"@id\":\"https:\/\/jornalfatosenoticias.com.br\/#organization\"},\"image\":{\"@id\":\"https:\/\/jornalfatosenoticias.com.br\/index.php\/2024\/06\/28\/milei-afirma-que-disse-a-verdade-sobre-lula-e-se-recusa-a-pedir-desculpas\/#primaryimage\"},\"thumbnailUrl\":\"https:\/\/jornalfatosenoticias.com.br\/wp-content\/uploads\/2024\/06\/Milei_gettyimages.jpg\",\"keywords\":[\"Argentina\",\"Brasil\",\"Gustavo Petro\",\"Javier Milei\",\"Lula\"],\"articleSection\":[\"Internacional\",\"Pol\u00edtica\"],\"inLanguage\":\"pt-BR\",\"potentialAction\":[{\"@type\":\"CommentAction\",\"name\":\"Comment\",\"target\":[\"https:\/\/jornalfatosenoticias.com.br\/index.php\/2024\/06\/28\/milei-afirma-que-disse-a-verdade-sobre-lula-e-se-recusa-a-pedir-desculpas\/#respond\"]}]},{\"@type\":\"WebPage\",\"@id\":\"https:\/\/jornalfatosenoticias.com.br\/index.php\/2024\/06\/28\/milei-afirma-que-disse-a-verdade-sobre-lula-e-se-recusa-a-pedir-desculpas\/\",\"url\":\"https:\/\/jornalfatosenoticias.com.br\/index.php\/2024\/06\/28\/milei-afirma-que-disse-a-verdade-sobre-lula-e-se-recusa-a-pedir-desculpas\/\",\"name\":\"Milei afirma que \u201cdisse a verdade\u201d sobre Lula e se recusa a pedir desculpas - Jornal Fatos e Not\u00edcias\",\"isPartOf\":{\"@id\":\"https:\/\/jornalfatosenoticias.com.br\/#website\"},\"primaryImageOfPage\":{\"@id\":\"https:\/\/jornalfatosenoticias.com.br\/index.php\/2024\/06\/28\/milei-afirma-que-disse-a-verdade-sobre-lula-e-se-recusa-a-pedir-desculpas\/#primaryimage\"},\"image\":{\"@id\":\"https:\/\/jornalfatosenoticias.com.br\/index.php\/2024\/06\/28\/milei-afirma-que-disse-a-verdade-sobre-lula-e-se-recusa-a-pedir-desculpas\/#primaryimage\"},\"thumbnailUrl\":\"https:\/\/jornalfatosenoticias.com.br\/wp-content\/uploads\/2024\/06\/Milei_gettyimages.jpg\",\"datePublished\":\"2024-06-28T19:40:43+00:00\",\"dateModified\":\"2024-06-28T19:40:44+00:00\",\"breadcrumb\":{\"@id\":\"https:\/\/jornalfatosenoticias.com.br\/index.php\/2024\/06\/28\/milei-afirma-que-disse-a-verdade-sobre-lula-e-se-recusa-a-pedir-desculpas\/#breadcrumb\"},\"inLanguage\":\"pt-BR\",\"potentialAction\":[{\"@type\":\"ReadAction\",\"target\":[\"https:\/\/jornalfatosenoticias.com.br\/index.php\/2024\/06\/28\/milei-afirma-que-disse-a-verdade-sobre-lula-e-se-recusa-a-pedir-desculpas\/\"]}]},{\"@type\":\"ImageObject\",\"inLanguage\":\"pt-BR\",\"@id\":\"https:\/\/jornalfatosenoticias.com.br\/index.php\/2024\/06\/28\/milei-afirma-que-disse-a-verdade-sobre-lula-e-se-recusa-a-pedir-desculpas\/#primaryimage\",\"url\":\"https:\/\/jornalfatosenoticias.com.br\/wp-content\/uploads\/2024\/06\/Milei_gettyimages.jpg\",\"contentUrl\":\"https:\/\/jornalfatosenoticias.com.br\/wp-content\/uploads\/2024\/06\/Milei_gettyimages.jpg\",\"width\":612,\"height\":399,\"caption\":\"BUENOS AIRES, ARGENTINA - MAY 22: President of Argentina Javier Milei interacts with supporters after the presentation of his new book 'Capitalismo, Socialismo y La Trampa Neoclasica' (in English: Capitalism, Socialism, and the Neoclassical Trap) at Luna Park on May 22, 2024 in Buenos Aires, Argentina. The presidential Spokesperson Manuel Adorni announced that Milei will perform in a musical show. (Photo by Marcelo Endelli\/Getty Images)\"},{\"@type\":\"BreadcrumbList\",\"@id\":\"https:\/\/jornalfatosenoticias.com.br\/index.php\/2024\/06\/28\/milei-afirma-que-disse-a-verdade-sobre-lula-e-se-recusa-a-pedir-desculpas\/#breadcrumb\",\"itemListElement\":[{\"@type\":\"ListItem\",\"position\":1,\"name\":\"In\u00edcio\",\"item\":\"https:\/\/jornalfatosenoticias.com.br\/\"},{\"@type\":\"ListItem\",\"position\":2,\"name\":\"Milei afirma que \u201cdisse a verdade\u201d sobre Lula e se recusa a pedir desculpas\"}]},{\"@type\":\"WebSite\",\"@id\":\"https:\/\/jornalfatosenoticias.com.br\/#website\",\"url\":\"https:\/\/jornalfatosenoticias.com.br\/\",\"name\":\"Jornal Fatos e Not\u00edcias\",\"description\":\"Not\u00edcias em geral\",\"publisher\":{\"@id\":\"https:\/\/jornalfatosenoticias.com.br\/#organization\"},\"potentialAction\":[{\"@type\":\"SearchAction\",\"target\":{\"@type\":\"EntryPoint\",\"urlTemplate\":\"https:\/\/jornalfatosenoticias.com.br\/?s={search_term_string}\"},\"query-input\":{\"@type\":\"PropertyValueSpecification\",\"valueRequired\":true,\"valueName\":\"search_term_string\"}}],\"inLanguage\":\"pt-BR\"},{\"@type\":\"Organization\",\"@id\":\"https:\/\/jornalfatosenoticias.com.br\/#organization\",\"name\":\"Jornal Fatos e Not\u00edcias\",\"url\":\"https:\/\/jornalfatosenoticias.com.br\/\",\"logo\":{\"@type\":\"ImageObject\",\"inLanguage\":\"pt-BR\",\"@id\":\"https:\/\/jornalfatosenoticias.com.br\/#\/schema\/logo\/image\/\",\"url\":\"https:\/\/jornalfatosenoticias.com.br\/wp-content\/uploads\/2020\/02\/logo120.png\",\"contentUrl\":\"https:\/\/jornalfatosenoticias.com.br\/wp-content\/uploads\/2020\/02\/logo120.png\",\"width\":1227,\"height\":120,\"caption\":\"Jornal Fatos e Not\u00edcias\"},\"image\":{\"@id\":\"https:\/\/jornalfatosenoticias.com.br\/#\/schema\/logo\/image\/\"}},{\"@type\":\"Person\",\"@id\":\"https:\/\/jornalfatosenoticias.com.br\/#\/schema\/person\/d63837fa13ac8666eb9e74e0985d6f81\",\"name\":\"Luzimara Fernandes\",\"image\":{\"@type\":\"ImageObject\",\"inLanguage\":\"pt-BR\",\"@id\":\"https:\/\/jornalfatosenoticias.com.br\/#\/schema\/person\/image\/\",\"url\":\"https:\/\/jornalfatosenoticias.com.br\/wp-content\/uploads\/2025\/05\/EU_portal.jpg\",\"contentUrl\":\"https:\/\/jornalfatosenoticias.com.br\/wp-content\/uploads\/2025\/05\/EU_portal.jpg\",\"caption\":\"Luzimara Fernandes\"},\"description\":\"Jornalista MTB 2358-ES\",\"sameAs\":[\"https:\/\/jornalfatosenoticias.com.br\"],\"url\":\"https:\/\/jornalfatosenoticias.com.br\/index.php\/author\/luzimara\/\"}]}<\/script>\n<!-- \/ Yoast SEO plugin. -->","yoast_head_json":{"title":"Milei afirma que \u201cdisse a verdade\u201d sobre Lula e se recusa a pedir desculpas - Jornal Fatos e Not\u00edcias","robots":{"index":"index","follow":"follow","max-snippet":"max-snippet:-1","max-image-preview":"max-image-preview:large","max-video-preview":"max-video-preview:-1"},"canonical":"https:\/\/jornalfatosenoticias.com.br\/index.php\/2024\/06\/28\/milei-afirma-que-disse-a-verdade-sobre-lula-e-se-recusa-a-pedir-desculpas\/","og_locale":"pt_BR","og_type":"article","og_title":"Milei afirma que \u201cdisse a verdade\u201d sobre Lula e se recusa a pedir desculpas - Jornal Fatos e Not\u00edcias","og_description":"Presidente argentino reagiu \u00e0 declara\u00e7\u00e3o de Lula, de que Milei lhe deve \u201cdesculpas\u201d porque \u201cfalou bobagem\u201d Por F\u00e1bio Gal\u00e3o O presidente da Argentina, Javier Milei, afirmou nesta sexta-feira (28) que disse \u201ca verdade\u201d sobre seu hom\u00f3logo brasileiro, Luiz In\u00e1cio Lula da Silva, e que n\u00e3o lhe deve desculpas. Na quarta-feira (26), em entrevista ao UOL, [&hellip;]","og_url":"https:\/\/jornalfatosenoticias.com.br\/index.php\/2024\/06\/28\/milei-afirma-que-disse-a-verdade-sobre-lula-e-se-recusa-a-pedir-desculpas\/","og_site_name":"Jornal Fatos e Not\u00edcias","article_published_time":"2024-06-28T19:40:43+00:00","article_modified_time":"2024-06-28T19:40:44+00:00","og_image":[{"width":612,"height":399,"url":"https:\/\/jornalfatosenoticias.com.br\/wp-content\/uploads\/2024\/06\/Milei_gettyimages.jpg","type":"image\/jpeg"}],"author":"Luzimara Fernandes","twitter_card":"summary_large_image","twitter_misc":{"Escrito por":"Luzimara Fernandes","Est. tempo de leitura":"2 minutos"},"schema":{"@context":"https:\/\/schema.org","@graph":[{"@type":"Article","@id":"https:\/\/jornalfatosenoticias.com.br\/index.php\/2024\/06\/28\/milei-afirma-que-disse-a-verdade-sobre-lula-e-se-recusa-a-pedir-desculpas\/#article","isPartOf":{"@id":"https:\/\/jornalfatosenoticias.com.br\/index.php\/2024\/06\/28\/milei-afirma-que-disse-a-verdade-sobre-lula-e-se-recusa-a-pedir-desculpas\/"},"author":{"name":"Luzimara Fernandes","@id":"https:\/\/jornalfatosenoticias.com.br\/#\/schema\/person\/d63837fa13ac8666eb9e74e0985d6f81"},"headline":"Milei afirma que \u201cdisse a verdade\u201d sobre Lula e se recusa a pedir desculpas","datePublished":"2024-06-28T19:40:43+00:00","dateModified":"2024-06-28T19:40:44+00:00","mainEntityOfPage":{"@id":"https:\/\/jornalfatosenoticias.com.br\/index.php\/2024\/06\/28\/milei-afirma-que-disse-a-verdade-sobre-lula-e-se-recusa-a-pedir-desculpas\/"},"wordCount":339,"commentCount":0,"publisher":{"@id":"https:\/\/jornalfatosenoticias.com.br\/#organization"},"image":{"@id":"https:\/\/jornalfatosenoticias.com.br\/index.php\/2024\/06\/28\/milei-afirma-que-disse-a-verdade-sobre-lula-e-se-recusa-a-pedir-desculpas\/#primaryimage"},"thumbnailUrl":"https:\/\/jornalfatosenoticias.com.br\/wp-content\/uploads\/2024\/06\/Milei_gettyimages.jpg","keywords":["Argentina","Brasil","Gustavo Petro","Javier Milei","Lula"],"articleSection":["Internacional","Pol\u00edtica"],"inLanguage":"pt-BR","potentialAction":[{"@type":"CommentAction","name":"Comment","target":["https:\/\/jornalfatosenoticias.com.br\/index.php\/2024\/06\/28\/milei-afirma-que-disse-a-verdade-sobre-lula-e-se-recusa-a-pedir-desculpas\/#respond"]}]},{"@type":"WebPage","@id":"https:\/\/jornalfatosenoticias.com.br\/index.php\/2024\/06\/28\/milei-afirma-que-disse-a-verdade-sobre-lula-e-se-recusa-a-pedir-desculpas\/","url":"https:\/\/jornalfatosenoticias.com.br\/index.php\/2024\/06\/28\/milei-afirma-que-disse-a-verdade-sobre-lula-e-se-recusa-a-pedir-desculpas\/","name":"Milei afirma que \u201cdisse a verdade\u201d sobre Lula e se recusa a pedir desculpas - Jornal Fatos e Not\u00edcias","isPartOf":{"@id":"https:\/\/jornalfatosenoticias.com.br\/#website"},"primaryImageOfPage":{"@id":"https:\/\/jornalfatosenoticias.com.br\/index.php\/2024\/06\/28\/milei-afirma-que-disse-a-verdade-sobre-lula-e-se-recusa-a-pedir-desculpas\/#primaryimage"},"image":{"@id":"https:\/\/jornalfatosenoticias.com.br\/index.php\/2024\/06\/28\/milei-afirma-que-disse-a-verdade-sobre-lula-e-se-recusa-a-pedir-desculpas\/#primaryimage"},"thumbnailUrl":"https:\/\/jornalfatosenoticias.com.br\/wp-content\/uploads\/2024\/06\/Milei_gettyimages.jpg","datePublished":"2024-06-28T19:40:43+00:00","dateModified":"2024-06-28T19:40:44+00:00","breadcrumb":{"@id":"https:\/\/jornalfatosenoticias.com.br\/index.php\/2024\/06\/28\/milei-afirma-que-disse-a-verdade-sobre-lula-e-se-recusa-a-pedir-desculpas\/#breadcrumb"},"inLanguage":"pt-BR","potentialAction":[{"@type":"ReadAction","target":["https:\/\/jornalfatosenoticias.com.br\/index.php\/2024\/06\/28\/milei-afirma-que-disse-a-verdade-sobre-lula-e-se-recusa-a-pedir-desculpas\/"]}]},{"@type":"ImageObject","inLanguage":"pt-BR","@id":"https:\/\/jornalfatosenoticias.com.br\/index.php\/2024\/06\/28\/milei-afirma-que-disse-a-verdade-sobre-lula-e-se-recusa-a-pedir-desculpas\/#primaryimage","url":"https:\/\/jornalfatosenoticias.com.br\/wp-content\/uploads\/2024\/06\/Milei_gettyimages.jpg","contentUrl":"https:\/\/jornalfatosenoticias.com.br\/wp-content\/uploads\/2024\/06\/Milei_gettyimages.jpg","width":612,"height":399,"caption":"BUENOS AIRES, ARGENTINA - MAY 22: President of Argentina Javier Milei interacts with supporters after the presentation of his new book 'Capitalismo, Socialismo y La Trampa Neoclasica' (in English: Capitalism, Socialism, and the Neoclassical Trap) at Luna Park on May 22, 2024 in Buenos Aires, Argentina. The presidential Spokesperson Manuel Adorni announced that Milei will perform in a musical show. (Photo by Marcelo Endelli\/Getty Images)"},{"@type":"BreadcrumbList","@id":"https:\/\/jornalfatosenoticias.com.br\/index.php\/2024\/06\/28\/milei-afirma-que-disse-a-verdade-sobre-lula-e-se-recusa-a-pedir-desculpas\/#breadcrumb","itemListElement":[{"@type":"ListItem","position":1,"name":"In\u00edcio","item":"https:\/\/jornalfatosenoticias.com.br\/"},{"@type":"ListItem","position":2,"name":"Milei afirma que \u201cdisse a verdade\u201d sobre Lula e se recusa a pedir desculpas"}]},{"@type":"WebSite","@id":"https:\/\/jornalfatosenoticias.com.br\/#website","url":"https:\/\/jornalfatosenoticias.com.br\/","name":"Jornal Fatos e Not\u00edcias","description":"Not\u00edcias em geral","publisher":{"@id":"https:\/\/jornalfatosenoticias.com.br\/#organization"},"potentialAction":[{"@type":"SearchAction","target":{"@type":"EntryPoint","urlTemplate":"https:\/\/jornalfatosenoticias.com.br\/?s={search_term_string}"},"query-input":{"@type":"PropertyValueSpecification","valueRequired":true,"valueName":"search_term_string"}}],"inLanguage":"pt-BR"},{"@type":"Organization","@id":"https:\/\/jornalfatosenoticias.com.br\/#organization","name":"Jornal Fatos e Not\u00edcias","url":"https:\/\/jornalfatosenoticias.com.br\/","logo":{"@type":"ImageObject","inLanguage":"pt-BR","@id":"https:\/\/jornalfatosenoticias.com.br\/#\/schema\/logo\/image\/","url":"https:\/\/jornalfatosenoticias.com.br\/wp-content\/uploads\/2020\/02\/logo120.png","contentUrl":"https:\/\/jornalfatosenoticias.com.br\/wp-content\/uploads\/2020\/02\/logo120.png","width":1227,"height":120,"caption":"Jornal Fatos e Not\u00edcias"},"image":{"@id":"https:\/\/jornalfatosenoticias.com.br\/#\/schema\/logo\/image\/"}},{"@type":"Person","@id":"https:\/\/jornalfatosenoticias.com.br\/#\/schema\/person\/d63837fa13ac8666eb9e74e0985d6f81","name":"Luzimara Fernandes","image":{"@type":"ImageObject","inLanguage":"pt-BR","@id":"https:\/\/jornalfatosenoticias.com.br\/#\/schema\/person\/image\/","url":"https:\/\/jornalfatosenoticias.com.br\/wp-content\/uploads\/2025\/05\/EU_portal.jpg","contentUrl":"https:\/\/jornalfatosenoticias.com.br\/wp-content\/uploads\/2025\/05\/EU_portal.jpg","caption":"Luzimara Fernandes"},"description":"Jornalista MTB 2358-ES","sameAs":["https:\/\/jornalfatosenoticias.com.br"],"url":"https:\/\/jornalfatosenoticias.com.br\/index.php\/author\/luzimara\/"}]}},"cc_featured_image_caption":{"caption_text":"(Foto: Getty Images) ","source_text":"","source_url":""},"jetpack_featured_media_url":"https:\/\/jornalfatosenoticias.com.br\/wp-content\/uploads\/2024\/06\/Milei_gettyimages.jpg","_links":{"self":[{"href":"https:\/\/jornalfatosenoticias.com.br\/index.php\/wp-json\/wp\/v2\/posts\/52345","targetHints":{"allow":["GET"]}}],"collection":[{"href":"https:\/\/jornalfatosenoticias.com.br\/index.php\/wp-json\/wp\/v2\/posts"}],"about":[{"href":"https:\/\/jornalfatosenoticias.com.br\/index.php\/wp-json\/wp\/v2\/types\/post"}],"author":[{"embeddable":true,"href":"https:\/\/jornalfatosenoticias.com.br\/index.php\/wp-json\/wp\/v2\/users\/2"}],"replies":[{"embeddable":true,"href":"https:\/\/jornalfatosenoticias.com.br\/index.php\/wp-json\/wp\/v2\/comments?post=52345"}],"version-history":[{"count":0,"href":"https:\/\/jornalfatosenoticias.com.br\/index.php\/wp-json\/wp\/v2\/posts\/52345\/revisions"}],"wp:featuredmedia":[{"embeddable":true,"href":"https:\/\/jornalfatosenoticias.com.br\/index.php\/wp-json\/wp\/v2\/media\/52158"}],"wp:attachment":[{"href":"https:\/\/jornalfatosenoticias.com.br\/index.php\/wp-json\/wp\/v2\/media?parent=52345"}],"wp:term":[{"taxonomy":"category","embeddable":true,"href":"https:\/\/jornalfatosenoticias.com.br\/index.php\/wp-json\/wp\/v2\/categories?post=52345"},{"taxonomy":"post_tag","embeddable":true,"href":"https:\/\/jornalfatosenoticias.com.br\/index.php\/wp-json\/wp\/v2\/tags?post=52345"}],"curies":[{"name":"wp","href":"https:\/\/api.w.org\/{rel}","templated":true}]}}