{"id":52347,"date":"2024-06-28T16:52:54","date_gmt":"2024-06-28T19:52:54","guid":{"rendered":"https:\/\/jornalfatosenoticias.com.br\/?p=52347"},"modified":"2024-06-28T16:52:55","modified_gmt":"2024-06-28T19:52:55","slug":"ela-arde-ela-pula-ela-canta-conheca-a-ra-pimenta","status":"publish","type":"post","link":"https:\/\/jornalfatosenoticias.com.br\/index.php\/2024\/06\/28\/ela-arde-ela-pula-ela-canta-conheca-a-ra-pimenta\/","title":{"rendered":"Ela arde, ela pula, ela canta: conhe\u00e7a a r\u00e3-pimenta"},"content":{"rendered":"\n<p><em><span class=\"has-inline-color has-black-color\">A r\u00e3-pimenta \u00e9 considerada a maior r\u00e3 da fauna brasileira<\/span><\/em><\/p>\n\n\n\n<p><span class=\"has-inline-color has-black-color\">Por <strong><a href=\"https:\/\/faunanews.com.br\/ela-arde-ela-pula-ela-canta-conheca-a-ra-pimenta\/#\">Marcia Denise Guedes<\/a><\/strong><\/span><\/p>\n\n\n\n<div class=\"wp-block-image\"><figure class=\"aligncenter size-large\"><a href=\"https:\/\/mizu.com.br\/\"><img loading=\"lazy\" decoding=\"async\" width=\"729\" height=\"90\" src=\"https:\/\/jornalfatosenoticias.com.br\/wp-content\/uploads\/2020\/02\/Logo_Mizu.png\" alt=\"\" class=\"wp-image-1441\" srcset=\"https:\/\/jornalfatosenoticias.com.br\/wp-content\/uploads\/2020\/02\/Logo_Mizu.png 729w, https:\/\/jornalfatosenoticias.com.br\/wp-content\/uploads\/2020\/02\/Logo_Mizu-300x37.png 300w\" sizes=\"auto, (max-width: 729px) 100vw, 729px\" \/><\/a><\/figure><\/div>\n\n\n\n<p>\u201c<a href=\"https:\/\/www.adorocinema.com\/filmes\/filme-92688\/\" target=\"_blank\" rel=\"noreferrer noopener\"><strong>Ardida como pimenta<\/strong><\/a>\u201d, filme de 1953 estrelado por Doris Day, poderia perfeitamente ter o animal em quest\u00e3o no papel principal, j\u00e1 que sua pele produz uma subst\u00e2ncia que provoca ard\u00eancia e irrita\u00e7\u00e3o, ao entrar em contato com os olhos, mucosas ou ferimentos na pele de quem os tocar ou abocanhar.<br>O nome r\u00e3-pimenta, ali\u00e1s, designa v\u00e1rias esp\u00e9cies pertencentes ao g\u00eanero <em>Leptodactylus<\/em>, sendo <em>Leptodactylus labyrinthicus<\/em> a mais conhecida. No Brasil, ocorre principalmente na Regi\u00e3o Sudeste, podendo tamb\u00e9m ser encontrada no Sul e Centro-Oeste. Tamb\u00e9m ocorre na Argentina, na Bol\u00edvia, no Paraguai e na Venezuela.<\/p>\n\n\n\n<div class=\"wp-block-image\"><figure class=\"aligncenter size-large\"><a href=\"https:\/\/www.instagram.com\/baraodascarnes.es\/\"><img decoding=\"async\" src=\"https:\/\/jornalfatosenoticias.com.br\/wp-content\/uploads\/2020\/02\/barao-das-carnes-300x164-1.jpg\" alt=\"\" class=\"wp-image-34339\"\/><\/a><\/figure><\/div>\n\n\n\n<p>De h\u00e1bitos terrestres e noturnos, vive em beiras de rios, lagos, riachos, brejos e outros corpos de \u00e1gua doce, permanentes ou tempor\u00e1rios. Alimenta-se de invertebrados, capturados com sua l\u00edngua comprida e pegajosa, e pequenos vertebrados, incluindo outros anf\u00edbios. R\u00e3s-pimenta s\u00e3o robustas, podendo alcan\u00e7ar mais de 18 cent\u00edmetros. Apresentam colora\u00e7\u00e3o dorsal variando de marrom-claro a marrom-escuro, com manchas escuras espa\u00e7adas. O focinho \u00e9 arredondado. Os machos s\u00e3o maiores que as f\u00eameas e apresentam estruturas c\u00f3rneas semelhantes a espinhos, no primeiro dedo e no peito, que os auxiliam a segurar suas parceiras durante o acasalamento.<\/p>\n\n\n\n<div class=\"wp-block-image\"><figure class=\"aligncenter size-large is-resized\"><a href=\"https:\/\/www.controlsystems.com.br\/\"><img loading=\"lazy\" decoding=\"async\" src=\"https:\/\/jornalfatosenoticias.com.br\/wp-content\/uploads\/2020\/02\/CONTROL-CS.jpg\" alt=\"\" class=\"wp-image-44991\" width=\"306\" height=\"367\" srcset=\"https:\/\/jornalfatosenoticias.com.br\/wp-content\/uploads\/2020\/02\/CONTROL-CS.jpg 834w, https:\/\/jornalfatosenoticias.com.br\/wp-content\/uploads\/2020\/02\/CONTROL-CS-250x300.jpg 250w, https:\/\/jornalfatosenoticias.com.br\/wp-content\/uploads\/2020\/02\/CONTROL-CS-768x921.jpg 768w\" sizes=\"auto, (max-width: 306px) 100vw, 306px\" \/><\/a><\/figure><\/div>\n\n\n\n<p>As f\u00eameas s\u00e3o atra\u00eddas pelo canto dos machos, que determinam o local de constru\u00e7\u00e3o do ninho, geralmente pr\u00f3ximos a corpos d\u2019\u00e1gua, onde ser\u00e3o depositados os ovos \u2014 a fecunda\u00e7\u00e3o \u00e9 externa. O ninho, formado por uma \u201cbacia\u201d cuja escava\u00e7\u00e3o \u00e9 completada pela f\u00eamea, \u00e9 composto por um tipo de espuma, que protege a postura contra predadores aqu\u00e1ticos e ressecamento. Quando fortes chuvas fazem com que os ninhos transbordem, os girinos s\u00e3o ent\u00e3o levados pela \u00e1gua para os corpos d\u2019\u00e1gua adjacentes.<\/p>\n\n\n\n<div class=\"wp-block-image\"><figure class=\"aligncenter size-large\"><a href=\"http:\/\/www.ferrarimaquinas.com.br\/\"><img loading=\"lazy\" decoding=\"async\" width=\"300\" height=\"250\" src=\"https:\/\/jornalfatosenoticias.com.br\/wp-content\/uploads\/2022\/02\/FERRARI_MAQUINAS-E-FERRAMENTAS2.jpg\" alt=\"\" class=\"wp-image-27860\"\/><\/a><\/figure><\/div>\n\n\n\n<p>Curiosamente, apenas uma pequena parte dos \u201covos\u201d (6% a 10%) \u00e9 fertilizada. A maioria, chamada de \u201covos tr\u00f3ficos\u201d, \u00e9 utilizada pelos girinos em sua alimenta\u00e7\u00e3o. Estes ovos s\u00e3o muito importantes para sua sobreviv\u00eancia, pois caso haja alguma irregularidade na ocorr\u00eancia das chuvas, ser\u00e3o sua fonte de alimento, at\u00e9 que a prole seja levada pela \u00e1gua, quando da inunda\u00e7\u00e3o do ninho.<\/p>\n\n\n\n<div class=\"wp-block-image\"><figure class=\"aligncenter size-large\"><a href=\"https:\/\/cesconetto.com.br\/\"><img loading=\"lazy\" decoding=\"async\" width=\"300\" height=\"250\" src=\"https:\/\/jornalfatosenoticias.com.br\/wp-content\/uploads\/2020\/02\/Banner-2.png\" alt=\"\" class=\"wp-image-43787\"\/><\/a><\/figure><\/div>\n\n\n\n<p>Apesar de sua ca\u00e7a ser proibida, a r\u00e3-pimenta \u00e9 muito consumida como alimento. Por enquanto, esse consumo n\u00e3o chega a amea\u00e7\u00e1-la, por\u00e9m a contamina\u00e7\u00e3o de seu h\u00e1bitat com agrot\u00f3xicos pode limitar sua capacidade reprodutiva. As mudan\u00e7as clim\u00e1ticas tamb\u00e9m podem trazer preju\u00edzos para aquela que \u00e9 considerada a maior r\u00e3 brasileira.<\/p>\n\n\n\n<div class=\"wp-block-image\"><figure class=\"aligncenter size-large is-resized\"><a href=\"https:\/\/panper.com.br\/\"><img loading=\"lazy\" decoding=\"async\" src=\"https:\/\/jornalfatosenoticias.com.br\/wp-content\/uploads\/2023\/03\/logo-Panper_portal.jpg\" alt=\"\" class=\"wp-image-40208\" width=\"345\" height=\"239\" srcset=\"https:\/\/jornalfatosenoticias.com.br\/wp-content\/uploads\/2023\/03\/logo-Panper_portal.jpg 400w, https:\/\/jornalfatosenoticias.com.br\/wp-content\/uploads\/2023\/03\/logo-Panper_portal-300x208.jpg 300w\" sizes=\"auto, (max-width: 345px) 100vw, 345px\" \/><\/a><\/figure><\/div>\n\n\n\n<h3 class=\"wp-block-heading\"><strong><span class=\"has-inline-color has-vivid-green-cyan-color\">Fiquemos de olho!<\/span><\/strong><\/h3>\n\n\n\n<figure class=\"wp-block-embed-youtube wp-block-embed is-type-video is-provider-youtube wp-embed-aspect-4-3 wp-has-aspect-ratio\"><div class=\"wp-block-embed__wrapper\">\n<iframe loading=\"lazy\" title=\"Leptodactylus labyrinthicus\" width=\"660\" height=\"495\" src=\"https:\/\/www.youtube.com\/embed\/HgRfstWfS4U?feature=oembed\" frameborder=\"0\" allow=\"accelerometer; autoplay; clipboard-write; encrypted-media; gyroscope; picture-in-picture; web-share\" referrerpolicy=\"strict-origin-when-cross-origin\" allowfullscreen><\/iframe>\n<\/div><\/figure>\n\n\n\n<div class=\"wp-block-image\"><figure class=\"aligncenter size-large is-resized\"><a href=\"https:\/\/www.facebook.com\/vetor.vix\/\"><img loading=\"lazy\" decoding=\"async\" src=\"https:\/\/jornalfatosenoticias.com.br\/wp-content\/uploads\/2023\/09\/vetorvix1024_1.jpg\" alt=\"\" class=\"wp-image-44868\" width=\"513\" height=\"136\" srcset=\"https:\/\/jornalfatosenoticias.com.br\/wp-content\/uploads\/2023\/09\/vetorvix1024_1.jpg 1024w, https:\/\/jornalfatosenoticias.com.br\/wp-content\/uploads\/2023\/09\/vetorvix1024_1-300x80.jpg 300w, https:\/\/jornalfatosenoticias.com.br\/wp-content\/uploads\/2023\/09\/vetorvix1024_1-768x205.jpg 768w\" sizes=\"auto, (max-width: 513px) 100vw, 513px\" \/><\/a><\/figure><\/div>\n\n\n\n<p><strong><em>Fonte: <a href=\"https:\/\/faunanews.com.br\/ela-arde-ela-pula-ela-canta-conheca-a-ra-pimenta\/\">Fauna News<\/a><\/em><\/strong><\/p>\n","protected":false},"excerpt":{"rendered":"<p>A r\u00e3-pimenta \u00e9 considerada a maior r\u00e3 da fauna brasileira Por Marcia Denise Guedes \u201cArdida como pimenta\u201d, filme de 1953 estrelado por Doris Day, poderia perfeitamente ter o animal em quest\u00e3o no papel principal, j\u00e1 que sua pele produz uma subst\u00e2ncia que provoca ard\u00eancia e irrita\u00e7\u00e3o, ao entrar em contato com os olhos, mucosas ou [&hellip;]<\/p>\n","protected":false},"author":2,"featured_media":52349,"comment_status":"open","ping_status":"open","sticky":false,"template":"","format":"standard","meta":{"footnotes":""},"categories":[8],"tags":[],"class_list":["post-52347","post","type-post","status-publish","format-standard","has-post-thumbnail","hentry","category-meio-ambiente"],"yoast_head":"<!-- This site is optimized with the Yoast SEO plugin v26.5 - https:\/\/yoast.com\/wordpress\/plugins\/seo\/ -->\n<title>Ela arde, ela pula, ela canta: conhe\u00e7a a r\u00e3-pimenta - Jornal Fatos e Not\u00edcias<\/title>\n<meta name=\"robots\" content=\"index, follow, max-snippet:-1, max-image-preview:large, max-video-preview:-1\" \/>\n<link rel=\"canonical\" href=\"https:\/\/jornalfatosenoticias.com.br\/index.php\/2024\/06\/28\/ela-arde-ela-pula-ela-canta-conheca-a-ra-pimenta\/\" \/>\n<meta property=\"og:locale\" content=\"pt_BR\" \/>\n<meta property=\"og:type\" content=\"article\" \/>\n<meta property=\"og:title\" content=\"Ela arde, ela pula, ela canta: conhe\u00e7a a r\u00e3-pimenta - Jornal Fatos e Not\u00edcias\" \/>\n<meta property=\"og:description\" content=\"A r\u00e3-pimenta \u00e9 considerada a maior r\u00e3 da fauna brasileira Por Marcia Denise Guedes \u201cArdida como pimenta\u201d, filme de 1953 estrelado por Doris Day, poderia perfeitamente ter o animal em quest\u00e3o no papel principal, j\u00e1 que sua pele produz uma subst\u00e2ncia que provoca ard\u00eancia e irrita\u00e7\u00e3o, ao entrar em contato com os olhos, mucosas ou [&hellip;]\" \/>\n<meta property=\"og:url\" content=\"https:\/\/jornalfatosenoticias.com.br\/index.php\/2024\/06\/28\/ela-arde-ela-pula-ela-canta-conheca-a-ra-pimenta\/\" \/>\n<meta property=\"og:site_name\" content=\"Jornal Fatos e Not\u00edcias\" \/>\n<meta property=\"article:published_time\" content=\"2024-06-28T19:52:54+00:00\" \/>\n<meta property=\"article:modified_time\" content=\"2024-06-28T19:52:55+00:00\" \/>\n<meta property=\"og:image\" content=\"https:\/\/jornalfatosenoticias.com.br\/wp-content\/uploads\/2024\/06\/ra-pimenta.jpg\" \/>\n\t<meta property=\"og:image:width\" content=\"1000\" \/>\n\t<meta property=\"og:image:height\" content=\"750\" \/>\n\t<meta property=\"og:image:type\" content=\"image\/jpeg\" \/>\n<meta name=\"author\" content=\"Luzimara Fernandes\" \/>\n<meta name=\"twitter:card\" content=\"summary_large_image\" \/>\n<meta name=\"twitter:label1\" content=\"Escrito por\" \/>\n\t<meta name=\"twitter:data1\" content=\"Luzimara Fernandes\" \/>\n\t<meta name=\"twitter:label2\" content=\"Est. tempo de leitura\" \/>\n\t<meta name=\"twitter:data2\" content=\"2 minutos\" \/>\n<script type=\"application\/ld+json\" class=\"yoast-schema-graph\">{\"@context\":\"https:\/\/schema.org\",\"@graph\":[{\"@type\":\"Article\",\"@id\":\"https:\/\/jornalfatosenoticias.com.br\/index.php\/2024\/06\/28\/ela-arde-ela-pula-ela-canta-conheca-a-ra-pimenta\/#article\",\"isPartOf\":{\"@id\":\"https:\/\/jornalfatosenoticias.com.br\/index.php\/2024\/06\/28\/ela-arde-ela-pula-ela-canta-conheca-a-ra-pimenta\/\"},\"author\":{\"name\":\"Luzimara Fernandes\",\"@id\":\"https:\/\/jornalfatosenoticias.com.br\/#\/schema\/person\/d63837fa13ac8666eb9e74e0985d6f81\"},\"headline\":\"Ela arde, ela pula, ela canta: conhe\u00e7a a r\u00e3-pimenta\",\"datePublished\":\"2024-06-28T19:52:54+00:00\",\"dateModified\":\"2024-06-28T19:52:55+00:00\",\"mainEntityOfPage\":{\"@id\":\"https:\/\/jornalfatosenoticias.com.br\/index.php\/2024\/06\/28\/ela-arde-ela-pula-ela-canta-conheca-a-ra-pimenta\/\"},\"wordCount\":483,\"commentCount\":0,\"publisher\":{\"@id\":\"https:\/\/jornalfatosenoticias.com.br\/#organization\"},\"image\":{\"@id\":\"https:\/\/jornalfatosenoticias.com.br\/index.php\/2024\/06\/28\/ela-arde-ela-pula-ela-canta-conheca-a-ra-pimenta\/#primaryimage\"},\"thumbnailUrl\":\"https:\/\/jornalfatosenoticias.com.br\/wp-content\/uploads\/2024\/06\/ra-pimenta.jpg\",\"articleSection\":[\"Meio ambiente\"],\"inLanguage\":\"pt-BR\",\"potentialAction\":[{\"@type\":\"CommentAction\",\"name\":\"Comment\",\"target\":[\"https:\/\/jornalfatosenoticias.com.br\/index.php\/2024\/06\/28\/ela-arde-ela-pula-ela-canta-conheca-a-ra-pimenta\/#respond\"]}]},{\"@type\":\"WebPage\",\"@id\":\"https:\/\/jornalfatosenoticias.com.br\/index.php\/2024\/06\/28\/ela-arde-ela-pula-ela-canta-conheca-a-ra-pimenta\/\",\"url\":\"https:\/\/jornalfatosenoticias.com.br\/index.php\/2024\/06\/28\/ela-arde-ela-pula-ela-canta-conheca-a-ra-pimenta\/\",\"name\":\"Ela arde, ela pula, ela canta: conhe\u00e7a a r\u00e3-pimenta - Jornal Fatos e Not\u00edcias\",\"isPartOf\":{\"@id\":\"https:\/\/jornalfatosenoticias.com.br\/#website\"},\"primaryImageOfPage\":{\"@id\":\"https:\/\/jornalfatosenoticias.com.br\/index.php\/2024\/06\/28\/ela-arde-ela-pula-ela-canta-conheca-a-ra-pimenta\/#primaryimage\"},\"image\":{\"@id\":\"https:\/\/jornalfatosenoticias.com.br\/index.php\/2024\/06\/28\/ela-arde-ela-pula-ela-canta-conheca-a-ra-pimenta\/#primaryimage\"},\"thumbnailUrl\":\"https:\/\/jornalfatosenoticias.com.br\/wp-content\/uploads\/2024\/06\/ra-pimenta.jpg\",\"datePublished\":\"2024-06-28T19:52:54+00:00\",\"dateModified\":\"2024-06-28T19:52:55+00:00\",\"breadcrumb\":{\"@id\":\"https:\/\/jornalfatosenoticias.com.br\/index.php\/2024\/06\/28\/ela-arde-ela-pula-ela-canta-conheca-a-ra-pimenta\/#breadcrumb\"},\"inLanguage\":\"pt-BR\",\"potentialAction\":[{\"@type\":\"ReadAction\",\"target\":[\"https:\/\/jornalfatosenoticias.com.br\/index.php\/2024\/06\/28\/ela-arde-ela-pula-ela-canta-conheca-a-ra-pimenta\/\"]}]},{\"@type\":\"ImageObject\",\"inLanguage\":\"pt-BR\",\"@id\":\"https:\/\/jornalfatosenoticias.com.br\/index.php\/2024\/06\/28\/ela-arde-ela-pula-ela-canta-conheca-a-ra-pimenta\/#primaryimage\",\"url\":\"https:\/\/jornalfatosenoticias.com.br\/wp-content\/uploads\/2024\/06\/ra-pimenta.jpg\",\"contentUrl\":\"https:\/\/jornalfatosenoticias.com.br\/wp-content\/uploads\/2024\/06\/ra-pimenta.jpg\",\"width\":1000,\"height\":750},{\"@type\":\"BreadcrumbList\",\"@id\":\"https:\/\/jornalfatosenoticias.com.br\/index.php\/2024\/06\/28\/ela-arde-ela-pula-ela-canta-conheca-a-ra-pimenta\/#breadcrumb\",\"itemListElement\":[{\"@type\":\"ListItem\",\"position\":1,\"name\":\"In\u00edcio\",\"item\":\"https:\/\/jornalfatosenoticias.com.br\/\"},{\"@type\":\"ListItem\",\"position\":2,\"name\":\"Ela arde, ela pula, ela canta: conhe\u00e7a a r\u00e3-pimenta\"}]},{\"@type\":\"WebSite\",\"@id\":\"https:\/\/jornalfatosenoticias.com.br\/#website\",\"url\":\"https:\/\/jornalfatosenoticias.com.br\/\",\"name\":\"Jornal Fatos e Not\u00edcias\",\"description\":\"Not\u00edcias em geral\",\"publisher\":{\"@id\":\"https:\/\/jornalfatosenoticias.com.br\/#organization\"},\"potentialAction\":[{\"@type\":\"SearchAction\",\"target\":{\"@type\":\"EntryPoint\",\"urlTemplate\":\"https:\/\/jornalfatosenoticias.com.br\/?s={search_term_string}\"},\"query-input\":{\"@type\":\"PropertyValueSpecification\",\"valueRequired\":true,\"valueName\":\"search_term_string\"}}],\"inLanguage\":\"pt-BR\"},{\"@type\":\"Organization\",\"@id\":\"https:\/\/jornalfatosenoticias.com.br\/#organization\",\"name\":\"Jornal Fatos e Not\u00edcias\",\"url\":\"https:\/\/jornalfatosenoticias.com.br\/\",\"logo\":{\"@type\":\"ImageObject\",\"inLanguage\":\"pt-BR\",\"@id\":\"https:\/\/jornalfatosenoticias.com.br\/#\/schema\/logo\/image\/\",\"url\":\"https:\/\/jornalfatosenoticias.com.br\/wp-content\/uploads\/2020\/02\/logo120.png\",\"contentUrl\":\"https:\/\/jornalfatosenoticias.com.br\/wp-content\/uploads\/2020\/02\/logo120.png\",\"width\":1227,\"height\":120,\"caption\":\"Jornal Fatos e Not\u00edcias\"},\"image\":{\"@id\":\"https:\/\/jornalfatosenoticias.com.br\/#\/schema\/logo\/image\/\"}},{\"@type\":\"Person\",\"@id\":\"https:\/\/jornalfatosenoticias.com.br\/#\/schema\/person\/d63837fa13ac8666eb9e74e0985d6f81\",\"name\":\"Luzimara Fernandes\",\"image\":{\"@type\":\"ImageObject\",\"inLanguage\":\"pt-BR\",\"@id\":\"https:\/\/jornalfatosenoticias.com.br\/#\/schema\/person\/image\/\",\"url\":\"https:\/\/jornalfatosenoticias.com.br\/wp-content\/uploads\/2025\/05\/EU_portal.jpg\",\"contentUrl\":\"https:\/\/jornalfatosenoticias.com.br\/wp-content\/uploads\/2025\/05\/EU_portal.jpg\",\"caption\":\"Luzimara Fernandes\"},\"description\":\"Jornalista MTB 2358-ES\",\"sameAs\":[\"https:\/\/jornalfatosenoticias.com.br\"],\"url\":\"https:\/\/jornalfatosenoticias.com.br\/index.php\/author\/luzimara\/\"}]}<\/script>\n<!-- \/ Yoast SEO plugin. -->","yoast_head_json":{"title":"Ela arde, ela pula, ela canta: conhe\u00e7a a r\u00e3-pimenta - Jornal Fatos e Not\u00edcias","robots":{"index":"index","follow":"follow","max-snippet":"max-snippet:-1","max-image-preview":"max-image-preview:large","max-video-preview":"max-video-preview:-1"},"canonical":"https:\/\/jornalfatosenoticias.com.br\/index.php\/2024\/06\/28\/ela-arde-ela-pula-ela-canta-conheca-a-ra-pimenta\/","og_locale":"pt_BR","og_type":"article","og_title":"Ela arde, ela pula, ela canta: conhe\u00e7a a r\u00e3-pimenta - Jornal Fatos e Not\u00edcias","og_description":"A r\u00e3-pimenta \u00e9 considerada a maior r\u00e3 da fauna brasileira Por Marcia Denise Guedes \u201cArdida como pimenta\u201d, filme de 1953 estrelado por Doris Day, poderia perfeitamente ter o animal em quest\u00e3o no papel principal, j\u00e1 que sua pele produz uma subst\u00e2ncia que provoca ard\u00eancia e irrita\u00e7\u00e3o, ao entrar em contato com os olhos, mucosas ou [&hellip;]","og_url":"https:\/\/jornalfatosenoticias.com.br\/index.php\/2024\/06\/28\/ela-arde-ela-pula-ela-canta-conheca-a-ra-pimenta\/","og_site_name":"Jornal Fatos e Not\u00edcias","article_published_time":"2024-06-28T19:52:54+00:00","article_modified_time":"2024-06-28T19:52:55+00:00","og_image":[{"width":1000,"height":750,"url":"https:\/\/jornalfatosenoticias.com.br\/wp-content\/uploads\/2024\/06\/ra-pimenta.jpg","type":"image\/jpeg"}],"author":"Luzimara Fernandes","twitter_card":"summary_large_image","twitter_misc":{"Escrito por":"Luzimara Fernandes","Est. tempo de leitura":"2 minutos"},"schema":{"@context":"https:\/\/schema.org","@graph":[{"@type":"Article","@id":"https:\/\/jornalfatosenoticias.com.br\/index.php\/2024\/06\/28\/ela-arde-ela-pula-ela-canta-conheca-a-ra-pimenta\/#article","isPartOf":{"@id":"https:\/\/jornalfatosenoticias.com.br\/index.php\/2024\/06\/28\/ela-arde-ela-pula-ela-canta-conheca-a-ra-pimenta\/"},"author":{"name":"Luzimara Fernandes","@id":"https:\/\/jornalfatosenoticias.com.br\/#\/schema\/person\/d63837fa13ac8666eb9e74e0985d6f81"},"headline":"Ela arde, ela pula, ela canta: conhe\u00e7a a r\u00e3-pimenta","datePublished":"2024-06-28T19:52:54+00:00","dateModified":"2024-06-28T19:52:55+00:00","mainEntityOfPage":{"@id":"https:\/\/jornalfatosenoticias.com.br\/index.php\/2024\/06\/28\/ela-arde-ela-pula-ela-canta-conheca-a-ra-pimenta\/"},"wordCount":483,"commentCount":0,"publisher":{"@id":"https:\/\/jornalfatosenoticias.com.br\/#organization"},"image":{"@id":"https:\/\/jornalfatosenoticias.com.br\/index.php\/2024\/06\/28\/ela-arde-ela-pula-ela-canta-conheca-a-ra-pimenta\/#primaryimage"},"thumbnailUrl":"https:\/\/jornalfatosenoticias.com.br\/wp-content\/uploads\/2024\/06\/ra-pimenta.jpg","articleSection":["Meio ambiente"],"inLanguage":"pt-BR","potentialAction":[{"@type":"CommentAction","name":"Comment","target":["https:\/\/jornalfatosenoticias.com.br\/index.php\/2024\/06\/28\/ela-arde-ela-pula-ela-canta-conheca-a-ra-pimenta\/#respond"]}]},{"@type":"WebPage","@id":"https:\/\/jornalfatosenoticias.com.br\/index.php\/2024\/06\/28\/ela-arde-ela-pula-ela-canta-conheca-a-ra-pimenta\/","url":"https:\/\/jornalfatosenoticias.com.br\/index.php\/2024\/06\/28\/ela-arde-ela-pula-ela-canta-conheca-a-ra-pimenta\/","name":"Ela arde, ela pula, ela canta: conhe\u00e7a a r\u00e3-pimenta - Jornal Fatos e Not\u00edcias","isPartOf":{"@id":"https:\/\/jornalfatosenoticias.com.br\/#website"},"primaryImageOfPage":{"@id":"https:\/\/jornalfatosenoticias.com.br\/index.php\/2024\/06\/28\/ela-arde-ela-pula-ela-canta-conheca-a-ra-pimenta\/#primaryimage"},"image":{"@id":"https:\/\/jornalfatosenoticias.com.br\/index.php\/2024\/06\/28\/ela-arde-ela-pula-ela-canta-conheca-a-ra-pimenta\/#primaryimage"},"thumbnailUrl":"https:\/\/jornalfatosenoticias.com.br\/wp-content\/uploads\/2024\/06\/ra-pimenta.jpg","datePublished":"2024-06-28T19:52:54+00:00","dateModified":"2024-06-28T19:52:55+00:00","breadcrumb":{"@id":"https:\/\/jornalfatosenoticias.com.br\/index.php\/2024\/06\/28\/ela-arde-ela-pula-ela-canta-conheca-a-ra-pimenta\/#breadcrumb"},"inLanguage":"pt-BR","potentialAction":[{"@type":"ReadAction","target":["https:\/\/jornalfatosenoticias.com.br\/index.php\/2024\/06\/28\/ela-arde-ela-pula-ela-canta-conheca-a-ra-pimenta\/"]}]},{"@type":"ImageObject","inLanguage":"pt-BR","@id":"https:\/\/jornalfatosenoticias.com.br\/index.php\/2024\/06\/28\/ela-arde-ela-pula-ela-canta-conheca-a-ra-pimenta\/#primaryimage","url":"https:\/\/jornalfatosenoticias.com.br\/wp-content\/uploads\/2024\/06\/ra-pimenta.jpg","contentUrl":"https:\/\/jornalfatosenoticias.com.br\/wp-content\/uploads\/2024\/06\/ra-pimenta.jpg","width":1000,"height":750},{"@type":"BreadcrumbList","@id":"https:\/\/jornalfatosenoticias.com.br\/index.php\/2024\/06\/28\/ela-arde-ela-pula-ela-canta-conheca-a-ra-pimenta\/#breadcrumb","itemListElement":[{"@type":"ListItem","position":1,"name":"In\u00edcio","item":"https:\/\/jornalfatosenoticias.com.br\/"},{"@type":"ListItem","position":2,"name":"Ela arde, ela pula, ela canta: conhe\u00e7a a r\u00e3-pimenta"}]},{"@type":"WebSite","@id":"https:\/\/jornalfatosenoticias.com.br\/#website","url":"https:\/\/jornalfatosenoticias.com.br\/","name":"Jornal Fatos e Not\u00edcias","description":"Not\u00edcias em geral","publisher":{"@id":"https:\/\/jornalfatosenoticias.com.br\/#organization"},"potentialAction":[{"@type":"SearchAction","target":{"@type":"EntryPoint","urlTemplate":"https:\/\/jornalfatosenoticias.com.br\/?s={search_term_string}"},"query-input":{"@type":"PropertyValueSpecification","valueRequired":true,"valueName":"search_term_string"}}],"inLanguage":"pt-BR"},{"@type":"Organization","@id":"https:\/\/jornalfatosenoticias.com.br\/#organization","name":"Jornal Fatos e Not\u00edcias","url":"https:\/\/jornalfatosenoticias.com.br\/","logo":{"@type":"ImageObject","inLanguage":"pt-BR","@id":"https:\/\/jornalfatosenoticias.com.br\/#\/schema\/logo\/image\/","url":"https:\/\/jornalfatosenoticias.com.br\/wp-content\/uploads\/2020\/02\/logo120.png","contentUrl":"https:\/\/jornalfatosenoticias.com.br\/wp-content\/uploads\/2020\/02\/logo120.png","width":1227,"height":120,"caption":"Jornal Fatos e Not\u00edcias"},"image":{"@id":"https:\/\/jornalfatosenoticias.com.br\/#\/schema\/logo\/image\/"}},{"@type":"Person","@id":"https:\/\/jornalfatosenoticias.com.br\/#\/schema\/person\/d63837fa13ac8666eb9e74e0985d6f81","name":"Luzimara Fernandes","image":{"@type":"ImageObject","inLanguage":"pt-BR","@id":"https:\/\/jornalfatosenoticias.com.br\/#\/schema\/person\/image\/","url":"https:\/\/jornalfatosenoticias.com.br\/wp-content\/uploads\/2025\/05\/EU_portal.jpg","contentUrl":"https:\/\/jornalfatosenoticias.com.br\/wp-content\/uploads\/2025\/05\/EU_portal.jpg","caption":"Luzimara Fernandes"},"description":"Jornalista MTB 2358-ES","sameAs":["https:\/\/jornalfatosenoticias.com.br"],"url":"https:\/\/jornalfatosenoticias.com.br\/index.php\/author\/luzimara\/"}]}},"cc_featured_image_caption":{"caption_text":"(Foto: CC BY-SA 2.5) ","source_text":"","source_url":""},"jetpack_featured_media_url":"https:\/\/jornalfatosenoticias.com.br\/wp-content\/uploads\/2024\/06\/ra-pimenta.jpg","_links":{"self":[{"href":"https:\/\/jornalfatosenoticias.com.br\/index.php\/wp-json\/wp\/v2\/posts\/52347","targetHints":{"allow":["GET"]}}],"collection":[{"href":"https:\/\/jornalfatosenoticias.com.br\/index.php\/wp-json\/wp\/v2\/posts"}],"about":[{"href":"https:\/\/jornalfatosenoticias.com.br\/index.php\/wp-json\/wp\/v2\/types\/post"}],"author":[{"embeddable":true,"href":"https:\/\/jornalfatosenoticias.com.br\/index.php\/wp-json\/wp\/v2\/users\/2"}],"replies":[{"embeddable":true,"href":"https:\/\/jornalfatosenoticias.com.br\/index.php\/wp-json\/wp\/v2\/comments?post=52347"}],"version-history":[{"count":0,"href":"https:\/\/jornalfatosenoticias.com.br\/index.php\/wp-json\/wp\/v2\/posts\/52347\/revisions"}],"wp:featuredmedia":[{"embeddable":true,"href":"https:\/\/jornalfatosenoticias.com.br\/index.php\/wp-json\/wp\/v2\/media\/52349"}],"wp:attachment":[{"href":"https:\/\/jornalfatosenoticias.com.br\/index.php\/wp-json\/wp\/v2\/media?parent=52347"}],"wp:term":[{"taxonomy":"category","embeddable":true,"href":"https:\/\/jornalfatosenoticias.com.br\/index.php\/wp-json\/wp\/v2\/categories?post=52347"},{"taxonomy":"post_tag","embeddable":true,"href":"https:\/\/jornalfatosenoticias.com.br\/index.php\/wp-json\/wp\/v2\/tags?post=52347"}],"curies":[{"name":"wp","href":"https:\/\/api.w.org\/{rel}","templated":true}]}}