{"id":52354,"date":"2024-07-01T11:08:51","date_gmt":"2024-07-01T14:08:51","guid":{"rendered":"https:\/\/jornalfatosenoticias.com.br\/?p=52354"},"modified":"2024-07-01T11:08:52","modified_gmt":"2024-07-01T14:08:52","slug":"garrafa-de-agua-pode-ser-mais-suja-que-tampa-de-privada-alerta-estudo","status":"publish","type":"post","link":"https:\/\/jornalfatosenoticias.com.br\/index.php\/2024\/07\/01\/garrafa-de-agua-pode-ser-mais-suja-que-tampa-de-privada-alerta-estudo\/","title":{"rendered":"Garrafa de \u00e1gua pode ser mais suja que tampa de privada, alerta estudo"},"content":{"rendered":"\n<p><em><span class=\"has-inline-color has-black-color\">Algumas bact\u00e9rias presentes nas garrafas de \u00e1gua, como a Salmonela e a E.coli, podem causar v\u00e1rias doen\u00e7as<\/span><\/em><\/p>\n\n\n\n<p><span class=\"has-inline-color has-black-color\">Por <strong><a href=\"https:\/\/gizmodo.uol.com.br\/author\/pablo-nogueira\/\">Pablo Nogueira<\/a><\/strong><\/span><\/p>\n\n\n\n<div class=\"wp-block-image\"><figure class=\"aligncenter size-large is-resized\"><a href=\"https:\/\/www.instagram.com\/restaurantepegoretti\/\"><img loading=\"lazy\" decoding=\"async\" src=\"https:\/\/jornalfatosenoticias.com.br\/wp-content\/uploads\/2023\/12\/pegoretti-logo-pdf-1024x389.jpg\" alt=\"\" class=\"wp-image-47536\" width=\"501\" height=\"190\" srcset=\"https:\/\/jornalfatosenoticias.com.br\/wp-content\/uploads\/2023\/12\/pegoretti-logo-pdf-1024x389.jpg 1024w, https:\/\/jornalfatosenoticias.com.br\/wp-content\/uploads\/2023\/12\/pegoretti-logo-pdf-300x114.jpg 300w, https:\/\/jornalfatosenoticias.com.br\/wp-content\/uploads\/2023\/12\/pegoretti-logo-pdf-768x291.jpg 768w, https:\/\/jornalfatosenoticias.com.br\/wp-content\/uploads\/2023\/12\/pegoretti-logo-pdf.jpg 1120w\" sizes=\"auto, (max-width: 501px) 100vw, 501px\" \/><\/a><\/figure><\/div>\n\n\n\n<p>Na vida cotidiana, uma das melhores conveni\u00eancias \u00e9 ter uma garrafa de \u00e1gua reutiliz\u00e1vel, pois, al\u00e9m de se hidratar, <a href=\"https:\/\/gizmodo.uol.com.br\/poluicao-plastica-no-mar-cientistas-da-california-criam-novo-material-biodegradavel\/\">n\u00e3o impacta o meio ambiente com o descarte de pl\u00e1stico<\/a>. No entanto, um estudo recente da empresa\u00a0<a href=\"https:\/\/waterfilterguru.com\/swabbing-water-bottles\/\">WaterFilterGuru<\/a> constatou algo surpreendente sobre a higiene da garrafa de \u00e1gua. Ap\u00f3s an\u00e1lises coletadas de <a href=\"https:\/\/gizmodo.uol.com.br\/devo-comprar-agua-em-uma-garrafa-de-plastico-metal-ou-vidro\/\">v\u00e1rias garrafas reutiliz\u00e1veis de diferentes marcas e tipos<\/a>, os pesquisadores descobriram que as garrafas de \u00e1gua possuem um n\u00famero alarmante de bact\u00e9rias.<br>O estudo revelou que, at\u00e9 mesmo as garrafas que aparentavam estar limpas, continham cerca de 40 mil bact\u00e9rias. Isso ocorre, principalmente, porque as pessoas n\u00e3o t\u00eam o h\u00e1bito de higienizar frequentemente as garrafas.<\/p>\n\n\n\n<div class=\"wp-block-image\"><figure class=\"aligncenter size-large\"><a href=\"https:\/\/www.instagram.com\/baraodascarnes.es\/\"><img decoding=\"async\" src=\"https:\/\/jornalfatosenoticias.com.br\/wp-content\/uploads\/2020\/02\/barao-das-carnes-300x164-1.jpg\" alt=\"\" class=\"wp-image-34339\"\/><\/a><\/figure><\/div>\n\n\n\n<p>Algumas bact\u00e9rias presentes nas garrafas de \u00e1gua, como a Salmonela e a E.coli, podem causar v\u00e1rias doen\u00e7as, desde desconforto intestinal \u00e0s infec\u00e7\u00f5es mais graves. Al\u00e9m disso, o estudo destaca que h\u00e1 mais bact\u00e9rias em uma garrafa de \u00e1gua <a href=\"https:\/\/gizmodo.uol.com.br\/chineses-inventam-vaso-sanitario-autolimpante-veja-como-funciona\/\">reutiliz\u00e1vel do que na tampa de uma privada.<\/a><\/p>\n\n\n\n<div class=\"wp-block-image\"><figure class=\"aligncenter size-large is-resized\"><a href=\"https:\/\/www.facebook.com\/Esteio-Churrascaria-Barbecue-103643461220402\/\"><img loading=\"lazy\" decoding=\"async\" src=\"https:\/\/jornalfatosenoticias.com.br\/wp-content\/uploads\/2020\/02\/logo_esteio.jpg\" alt=\"\" class=\"wp-image-1214\" width=\"320\" height=\"267\"\/><\/a><\/figure><\/div>\n\n\n\n<p>Em termos de n\u00fameros absolutos, a m\u00e9dia de unidades de forma\u00e7\u00e3o de col\u00f4nias (UFCs) em uma garrafa de \u00e1gua \u00e9 de 28 milh\u00f5es. UFC \u00e9 a medida que determina o n\u00famero de micro-organismos vi\u00e1veis capazes de se multiplicar e formar col\u00f4nias em uma superf\u00edcie.<\/p>\n\n\n\n<div class=\"wp-block-image\"><figure class=\"aligncenter size-large is-resized\"><a href=\"https:\/\/hotelmarquetti.com.br\/\"><img loading=\"lazy\" decoding=\"async\" src=\"https:\/\/jornalfatosenoticias.com.br\/wp-content\/uploads\/2023\/03\/nova-logo-Marquetti.jpg\" alt=\"\" class=\"wp-image-40207\" width=\"352\" height=\"236\" srcset=\"https:\/\/jornalfatosenoticias.com.br\/wp-content\/uploads\/2023\/03\/nova-logo-Marquetti.jpg 643w, https:\/\/jornalfatosenoticias.com.br\/wp-content\/uploads\/2023\/03\/nova-logo-Marquetti-300x202.jpg 300w\" sizes=\"auto, (max-width: 352px) 100vw, 352px\" \/><\/a><\/figure><\/div>\n\n\n\n<p>De acordo com o estudo, a torneira de uma pia possui uma m\u00e9dia de 30 milh\u00f5es de UFCs, ressaltando o n\u00edvel similar de germes entre uma garrafa d\u2019\u00e1gua e objetos que interagem diretamente com fontes de \u00e1gua.<\/p>\n\n\n\n<div class=\"wp-block-image\"><figure class=\"aligncenter size-large is-resized\"><a href=\"https:\/\/www.facebook.com\/postobkr\/?locale=pt_BR\"><img loading=\"lazy\" decoding=\"async\" src=\"https:\/\/jornalfatosenoticias.com.br\/wp-content\/uploads\/2023\/08\/BKR-1024x1021.jpg\" alt=\"\" class=\"wp-image-44494\" width=\"287\" height=\"286\" srcset=\"https:\/\/jornalfatosenoticias.com.br\/wp-content\/uploads\/2023\/08\/BKR-1024x1021.jpg 1024w, https:\/\/jornalfatosenoticias.com.br\/wp-content\/uploads\/2023\/08\/BKR-300x300.jpg 300w, https:\/\/jornalfatosenoticias.com.br\/wp-content\/uploads\/2023\/08\/BKR-150x150.jpg 150w, https:\/\/jornalfatosenoticias.com.br\/wp-content\/uploads\/2023\/08\/BKR-768x766.jpg 768w, https:\/\/jornalfatosenoticias.com.br\/wp-content\/uploads\/2023\/08\/BKR.jpg 1080w\" sizes=\"auto, (max-width: 287px) 100vw, 287px\" \/><\/a><\/figure><\/div>\n\n\n\n<p>Al\u00e9m disso, o estudo compara a quantidade de bact\u00e9rias das garrafas de \u00e1gua com outros objetos, apresentando fatos que podem ser perturbadores. Surpreendentemente, garrafas de \u00e1guas reutiliz\u00e1veis possuem seis mil vezes mais bact\u00e9rias que o assento da privada, sendo 40 mil vezes mais suja. Outros objetos com <a href=\"https:\/\/gizmodo.uol.com.br\/como-limpar-telas-e-ficar-livre-da-poeira-e-marcas-de-dedo\/\">menos bact\u00e9rias incluem tigelas para ra\u00e7\u00e3o de animais e mouse<\/a>.<\/p>\n\n\n\n<div class=\"wp-block-image\"><figure class=\"aligncenter size-large is-resized\"><img loading=\"lazy\" decoding=\"async\" src=\"https:\/\/jornalfatosenoticias.com.br\/wp-content\/uploads\/2022\/02\/Precisao-Contabilidade-1024x724.jpg\" alt=\"\" class=\"wp-image-28088\" width=\"338\" height=\"239\"\/><\/figure><\/div>\n\n\n\n<p>As pias, que s\u00e3o um dos lugares com mais bact\u00e9rias em qualquer casa, n\u00e3o conseguem superar as garrafas de \u00e1gua, que possuem duas vezes mais bact\u00e9rias. Al\u00e9m de analisar a sujeira das garrafas, o estudo tamb\u00e9m observou os h\u00e1bitos de limpeza dos norte-americanos. De acordo com o levantamento, a maioria afirmou limpar as garrafas diariamente. <\/p>\n\n\n\n<div class=\"wp-block-image\"><figure class=\"aligncenter size-large is-resized\"><a href=\"https:\/\/panper.com.br\/\"><img loading=\"lazy\" decoding=\"async\" src=\"https:\/\/jornalfatosenoticias.com.br\/wp-content\/uploads\/2023\/03\/logo-Panper_portal.jpg\" alt=\"\" class=\"wp-image-40208\" width=\"282\" height=\"195\" srcset=\"https:\/\/jornalfatosenoticias.com.br\/wp-content\/uploads\/2023\/03\/logo-Panper_portal.jpg 400w, https:\/\/jornalfatosenoticias.com.br\/wp-content\/uploads\/2023\/03\/logo-Panper_portal-300x208.jpg 300w\" sizes=\"auto, (max-width: 282px) 100vw, 282px\" \/><\/a><\/figure><\/div>\n\n\n\n<p>No entanto, 38% afirmaram <a href=\"https:\/\/gizmodo.uol.com.br\/estudo-sujeira-nao-faz-bem-sistema-imunologico\/\">que limpam as garrafas de \u00e1gua em menor frequ\u00eancia<\/a>, entre uma vez por semana ou at\u00e9 uma vez por m\u00eas, permitindo a expans\u00e3o de bact\u00e9rias. Al\u00e9m da garrafa em si \u2014 e sua higieniza\u00e7\u00e3o \u2014 o estudo destaca que a qualidade da \u00e1gua tem um papel importante na prolifera\u00e7\u00e3o de bact\u00e9ria.<\/p>\n\n\n\n<p><strong><em>Fonte: <a href=\"https:\/\/gizmodo.uol.com.br\/garrafa-de-agua-pode-ser-mais-suja-que-tampa-de-privada-alerta-estudo\/\">Giz Brasil<\/a><\/em><\/strong><\/p>\n","protected":false},"excerpt":{"rendered":"<p>Algumas bact\u00e9rias presentes nas garrafas de \u00e1gua, como a Salmonela e a E.coli, podem causar v\u00e1rias doen\u00e7as Por Pablo Nogueira Na vida cotidiana, uma das melhores conveni\u00eancias \u00e9 ter uma garrafa de \u00e1gua reutiliz\u00e1vel, pois, al\u00e9m de se hidratar, n\u00e3o impacta o meio ambiente com o descarte de pl\u00e1stico. No entanto, um estudo recente da [&hellip;]<\/p>\n","protected":false},"author":2,"featured_media":52355,"comment_status":"open","ping_status":"open","sticky":false,"template":"","format":"standard","meta":{"footnotes":""},"categories":[42],"tags":[55,23934,23933,23932],"class_list":["post-52354","post","type-post","status-publish","format-standard","has-post-thumbnail","hentry","category-bem-estar","tag-bacterias","tag-garrafa-de-agua","tag-privada","tag-sujeira"],"yoast_head":"<!-- This site is optimized with the Yoast SEO plugin v26.5 - https:\/\/yoast.com\/wordpress\/plugins\/seo\/ -->\n<title>Garrafa de \u00e1gua pode ser mais suja que tampa de privada, alerta estudo - Jornal Fatos e Not\u00edcias<\/title>\n<meta name=\"robots\" content=\"index, follow, max-snippet:-1, max-image-preview:large, max-video-preview:-1\" \/>\n<link rel=\"canonical\" href=\"https:\/\/jornalfatosenoticias.com.br\/index.php\/2024\/07\/01\/garrafa-de-agua-pode-ser-mais-suja-que-tampa-de-privada-alerta-estudo\/\" \/>\n<meta property=\"og:locale\" content=\"pt_BR\" \/>\n<meta property=\"og:type\" content=\"article\" \/>\n<meta property=\"og:title\" content=\"Garrafa de \u00e1gua pode ser mais suja que tampa de privada, alerta estudo - Jornal Fatos e Not\u00edcias\" \/>\n<meta property=\"og:description\" content=\"Algumas bact\u00e9rias presentes nas garrafas de \u00e1gua, como a Salmonela e a E.coli, podem causar v\u00e1rias doen\u00e7as Por Pablo Nogueira Na vida cotidiana, uma das melhores conveni\u00eancias \u00e9 ter uma garrafa de \u00e1gua reutiliz\u00e1vel, pois, al\u00e9m de se hidratar, n\u00e3o impacta o meio ambiente com o descarte de pl\u00e1stico. No entanto, um estudo recente da [&hellip;]\" \/>\n<meta property=\"og:url\" content=\"https:\/\/jornalfatosenoticias.com.br\/index.php\/2024\/07\/01\/garrafa-de-agua-pode-ser-mais-suja-que-tampa-de-privada-alerta-estudo\/\" \/>\n<meta property=\"og:site_name\" content=\"Jornal Fatos e Not\u00edcias\" \/>\n<meta property=\"article:published_time\" content=\"2024-07-01T14:08:51+00:00\" \/>\n<meta property=\"article:modified_time\" content=\"2024-07-01T14:08:52+00:00\" \/>\n<meta property=\"og:image\" content=\"https:\/\/jornalfatosenoticias.com.br\/wp-content\/uploads\/2024\/07\/garrafa-higienizacao_istock.jpg\" \/>\n\t<meta property=\"og:image:width\" content=\"612\" \/>\n\t<meta property=\"og:image:height\" content=\"408\" \/>\n\t<meta property=\"og:image:type\" content=\"image\/jpeg\" \/>\n<meta name=\"author\" content=\"Luzimara Fernandes\" \/>\n<meta name=\"twitter:card\" content=\"summary_large_image\" \/>\n<meta name=\"twitter:label1\" content=\"Escrito por\" \/>\n\t<meta name=\"twitter:data1\" content=\"Luzimara Fernandes\" \/>\n\t<meta name=\"twitter:label2\" content=\"Est. tempo de leitura\" \/>\n\t<meta name=\"twitter:data2\" content=\"2 minutos\" \/>\n<script type=\"application\/ld+json\" class=\"yoast-schema-graph\">{\"@context\":\"https:\/\/schema.org\",\"@graph\":[{\"@type\":\"Article\",\"@id\":\"https:\/\/jornalfatosenoticias.com.br\/index.php\/2024\/07\/01\/garrafa-de-agua-pode-ser-mais-suja-que-tampa-de-privada-alerta-estudo\/#article\",\"isPartOf\":{\"@id\":\"https:\/\/jornalfatosenoticias.com.br\/index.php\/2024\/07\/01\/garrafa-de-agua-pode-ser-mais-suja-que-tampa-de-privada-alerta-estudo\/\"},\"author\":{\"name\":\"Luzimara Fernandes\",\"@id\":\"https:\/\/jornalfatosenoticias.com.br\/#\/schema\/person\/d63837fa13ac8666eb9e74e0985d6f81\"},\"headline\":\"Garrafa de \u00e1gua pode ser mais suja que tampa de privada, alerta estudo\",\"datePublished\":\"2024-07-01T14:08:51+00:00\",\"dateModified\":\"2024-07-01T14:08:52+00:00\",\"mainEntityOfPage\":{\"@id\":\"https:\/\/jornalfatosenoticias.com.br\/index.php\/2024\/07\/01\/garrafa-de-agua-pode-ser-mais-suja-que-tampa-de-privada-alerta-estudo\/\"},\"wordCount\":487,\"commentCount\":0,\"publisher\":{\"@id\":\"https:\/\/jornalfatosenoticias.com.br\/#organization\"},\"image\":{\"@id\":\"https:\/\/jornalfatosenoticias.com.br\/index.php\/2024\/07\/01\/garrafa-de-agua-pode-ser-mais-suja-que-tampa-de-privada-alerta-estudo\/#primaryimage\"},\"thumbnailUrl\":\"https:\/\/jornalfatosenoticias.com.br\/wp-content\/uploads\/2024\/07\/garrafa-higienizacao_istock.jpg\",\"keywords\":[\"bact\u00e9rias\",\"garrafa de \u00e1gua\",\"privada\",\"sujeira\"],\"articleSection\":[\"Bem-estar\"],\"inLanguage\":\"pt-BR\",\"potentialAction\":[{\"@type\":\"CommentAction\",\"name\":\"Comment\",\"target\":[\"https:\/\/jornalfatosenoticias.com.br\/index.php\/2024\/07\/01\/garrafa-de-agua-pode-ser-mais-suja-que-tampa-de-privada-alerta-estudo\/#respond\"]}]},{\"@type\":\"WebPage\",\"@id\":\"https:\/\/jornalfatosenoticias.com.br\/index.php\/2024\/07\/01\/garrafa-de-agua-pode-ser-mais-suja-que-tampa-de-privada-alerta-estudo\/\",\"url\":\"https:\/\/jornalfatosenoticias.com.br\/index.php\/2024\/07\/01\/garrafa-de-agua-pode-ser-mais-suja-que-tampa-de-privada-alerta-estudo\/\",\"name\":\"Garrafa de \u00e1gua pode ser mais suja que tampa de privada, alerta estudo - Jornal Fatos e Not\u00edcias\",\"isPartOf\":{\"@id\":\"https:\/\/jornalfatosenoticias.com.br\/#website\"},\"primaryImageOfPage\":{\"@id\":\"https:\/\/jornalfatosenoticias.com.br\/index.php\/2024\/07\/01\/garrafa-de-agua-pode-ser-mais-suja-que-tampa-de-privada-alerta-estudo\/#primaryimage\"},\"image\":{\"@id\":\"https:\/\/jornalfatosenoticias.com.br\/index.php\/2024\/07\/01\/garrafa-de-agua-pode-ser-mais-suja-que-tampa-de-privada-alerta-estudo\/#primaryimage\"},\"thumbnailUrl\":\"https:\/\/jornalfatosenoticias.com.br\/wp-content\/uploads\/2024\/07\/garrafa-higienizacao_istock.jpg\",\"datePublished\":\"2024-07-01T14:08:51+00:00\",\"dateModified\":\"2024-07-01T14:08:52+00:00\",\"breadcrumb\":{\"@id\":\"https:\/\/jornalfatosenoticias.com.br\/index.php\/2024\/07\/01\/garrafa-de-agua-pode-ser-mais-suja-que-tampa-de-privada-alerta-estudo\/#breadcrumb\"},\"inLanguage\":\"pt-BR\",\"potentialAction\":[{\"@type\":\"ReadAction\",\"target\":[\"https:\/\/jornalfatosenoticias.com.br\/index.php\/2024\/07\/01\/garrafa-de-agua-pode-ser-mais-suja-que-tampa-de-privada-alerta-estudo\/\"]}]},{\"@type\":\"ImageObject\",\"inLanguage\":\"pt-BR\",\"@id\":\"https:\/\/jornalfatosenoticias.com.br\/index.php\/2024\/07\/01\/garrafa-de-agua-pode-ser-mais-suja-que-tampa-de-privada-alerta-estudo\/#primaryimage\",\"url\":\"https:\/\/jornalfatosenoticias.com.br\/wp-content\/uploads\/2024\/07\/garrafa-higienizacao_istock.jpg\",\"contentUrl\":\"https:\/\/jornalfatosenoticias.com.br\/wp-content\/uploads\/2024\/07\/garrafa-higienizacao_istock.jpg\",\"width\":612,\"height\":408,\"caption\":\"Woman washing thermo bottle in kitchen, closeup\"},{\"@type\":\"BreadcrumbList\",\"@id\":\"https:\/\/jornalfatosenoticias.com.br\/index.php\/2024\/07\/01\/garrafa-de-agua-pode-ser-mais-suja-que-tampa-de-privada-alerta-estudo\/#breadcrumb\",\"itemListElement\":[{\"@type\":\"ListItem\",\"position\":1,\"name\":\"In\u00edcio\",\"item\":\"https:\/\/jornalfatosenoticias.com.br\/\"},{\"@type\":\"ListItem\",\"position\":2,\"name\":\"Garrafa de \u00e1gua pode ser mais suja que tampa de privada, alerta estudo\"}]},{\"@type\":\"WebSite\",\"@id\":\"https:\/\/jornalfatosenoticias.com.br\/#website\",\"url\":\"https:\/\/jornalfatosenoticias.com.br\/\",\"name\":\"Jornal Fatos e Not\u00edcias\",\"description\":\"Not\u00edcias em geral\",\"publisher\":{\"@id\":\"https:\/\/jornalfatosenoticias.com.br\/#organization\"},\"potentialAction\":[{\"@type\":\"SearchAction\",\"target\":{\"@type\":\"EntryPoint\",\"urlTemplate\":\"https:\/\/jornalfatosenoticias.com.br\/?s={search_term_string}\"},\"query-input\":{\"@type\":\"PropertyValueSpecification\",\"valueRequired\":true,\"valueName\":\"search_term_string\"}}],\"inLanguage\":\"pt-BR\"},{\"@type\":\"Organization\",\"@id\":\"https:\/\/jornalfatosenoticias.com.br\/#organization\",\"name\":\"Jornal Fatos e Not\u00edcias\",\"url\":\"https:\/\/jornalfatosenoticias.com.br\/\",\"logo\":{\"@type\":\"ImageObject\",\"inLanguage\":\"pt-BR\",\"@id\":\"https:\/\/jornalfatosenoticias.com.br\/#\/schema\/logo\/image\/\",\"url\":\"https:\/\/jornalfatosenoticias.com.br\/wp-content\/uploads\/2020\/02\/logo120.png\",\"contentUrl\":\"https:\/\/jornalfatosenoticias.com.br\/wp-content\/uploads\/2020\/02\/logo120.png\",\"width\":1227,\"height\":120,\"caption\":\"Jornal Fatos e Not\u00edcias\"},\"image\":{\"@id\":\"https:\/\/jornalfatosenoticias.com.br\/#\/schema\/logo\/image\/\"}},{\"@type\":\"Person\",\"@id\":\"https:\/\/jornalfatosenoticias.com.br\/#\/schema\/person\/d63837fa13ac8666eb9e74e0985d6f81\",\"name\":\"Luzimara Fernandes\",\"image\":{\"@type\":\"ImageObject\",\"inLanguage\":\"pt-BR\",\"@id\":\"https:\/\/jornalfatosenoticias.com.br\/#\/schema\/person\/image\/\",\"url\":\"https:\/\/jornalfatosenoticias.com.br\/wp-content\/uploads\/2025\/05\/EU_portal.jpg\",\"contentUrl\":\"https:\/\/jornalfatosenoticias.com.br\/wp-content\/uploads\/2025\/05\/EU_portal.jpg\",\"caption\":\"Luzimara Fernandes\"},\"description\":\"Jornalista MTB 2358-ES\",\"sameAs\":[\"https:\/\/jornalfatosenoticias.com.br\"],\"url\":\"https:\/\/jornalfatosenoticias.com.br\/index.php\/author\/luzimara\/\"}]}<\/script>\n<!-- \/ Yoast SEO plugin. -->","yoast_head_json":{"title":"Garrafa de \u00e1gua pode ser mais suja que tampa de privada, alerta estudo - Jornal Fatos e Not\u00edcias","robots":{"index":"index","follow":"follow","max-snippet":"max-snippet:-1","max-image-preview":"max-image-preview:large","max-video-preview":"max-video-preview:-1"},"canonical":"https:\/\/jornalfatosenoticias.com.br\/index.php\/2024\/07\/01\/garrafa-de-agua-pode-ser-mais-suja-que-tampa-de-privada-alerta-estudo\/","og_locale":"pt_BR","og_type":"article","og_title":"Garrafa de \u00e1gua pode ser mais suja que tampa de privada, alerta estudo - Jornal Fatos e Not\u00edcias","og_description":"Algumas bact\u00e9rias presentes nas garrafas de \u00e1gua, como a Salmonela e a E.coli, podem causar v\u00e1rias doen\u00e7as Por Pablo Nogueira Na vida cotidiana, uma das melhores conveni\u00eancias \u00e9 ter uma garrafa de \u00e1gua reutiliz\u00e1vel, pois, al\u00e9m de se hidratar, n\u00e3o impacta o meio ambiente com o descarte de pl\u00e1stico. No entanto, um estudo recente da [&hellip;]","og_url":"https:\/\/jornalfatosenoticias.com.br\/index.php\/2024\/07\/01\/garrafa-de-agua-pode-ser-mais-suja-que-tampa-de-privada-alerta-estudo\/","og_site_name":"Jornal Fatos e Not\u00edcias","article_published_time":"2024-07-01T14:08:51+00:00","article_modified_time":"2024-07-01T14:08:52+00:00","og_image":[{"width":612,"height":408,"url":"https:\/\/jornalfatosenoticias.com.br\/wp-content\/uploads\/2024\/07\/garrafa-higienizacao_istock.jpg","type":"image\/jpeg"}],"author":"Luzimara Fernandes","twitter_card":"summary_large_image","twitter_misc":{"Escrito por":"Luzimara Fernandes","Est. tempo de leitura":"2 minutos"},"schema":{"@context":"https:\/\/schema.org","@graph":[{"@type":"Article","@id":"https:\/\/jornalfatosenoticias.com.br\/index.php\/2024\/07\/01\/garrafa-de-agua-pode-ser-mais-suja-que-tampa-de-privada-alerta-estudo\/#article","isPartOf":{"@id":"https:\/\/jornalfatosenoticias.com.br\/index.php\/2024\/07\/01\/garrafa-de-agua-pode-ser-mais-suja-que-tampa-de-privada-alerta-estudo\/"},"author":{"name":"Luzimara Fernandes","@id":"https:\/\/jornalfatosenoticias.com.br\/#\/schema\/person\/d63837fa13ac8666eb9e74e0985d6f81"},"headline":"Garrafa de \u00e1gua pode ser mais suja que tampa de privada, alerta estudo","datePublished":"2024-07-01T14:08:51+00:00","dateModified":"2024-07-01T14:08:52+00:00","mainEntityOfPage":{"@id":"https:\/\/jornalfatosenoticias.com.br\/index.php\/2024\/07\/01\/garrafa-de-agua-pode-ser-mais-suja-que-tampa-de-privada-alerta-estudo\/"},"wordCount":487,"commentCount":0,"publisher":{"@id":"https:\/\/jornalfatosenoticias.com.br\/#organization"},"image":{"@id":"https:\/\/jornalfatosenoticias.com.br\/index.php\/2024\/07\/01\/garrafa-de-agua-pode-ser-mais-suja-que-tampa-de-privada-alerta-estudo\/#primaryimage"},"thumbnailUrl":"https:\/\/jornalfatosenoticias.com.br\/wp-content\/uploads\/2024\/07\/garrafa-higienizacao_istock.jpg","keywords":["bact\u00e9rias","garrafa de \u00e1gua","privada","sujeira"],"articleSection":["Bem-estar"],"inLanguage":"pt-BR","potentialAction":[{"@type":"CommentAction","name":"Comment","target":["https:\/\/jornalfatosenoticias.com.br\/index.php\/2024\/07\/01\/garrafa-de-agua-pode-ser-mais-suja-que-tampa-de-privada-alerta-estudo\/#respond"]}]},{"@type":"WebPage","@id":"https:\/\/jornalfatosenoticias.com.br\/index.php\/2024\/07\/01\/garrafa-de-agua-pode-ser-mais-suja-que-tampa-de-privada-alerta-estudo\/","url":"https:\/\/jornalfatosenoticias.com.br\/index.php\/2024\/07\/01\/garrafa-de-agua-pode-ser-mais-suja-que-tampa-de-privada-alerta-estudo\/","name":"Garrafa de \u00e1gua pode ser mais suja que tampa de privada, alerta estudo - Jornal Fatos e Not\u00edcias","isPartOf":{"@id":"https:\/\/jornalfatosenoticias.com.br\/#website"},"primaryImageOfPage":{"@id":"https:\/\/jornalfatosenoticias.com.br\/index.php\/2024\/07\/01\/garrafa-de-agua-pode-ser-mais-suja-que-tampa-de-privada-alerta-estudo\/#primaryimage"},"image":{"@id":"https:\/\/jornalfatosenoticias.com.br\/index.php\/2024\/07\/01\/garrafa-de-agua-pode-ser-mais-suja-que-tampa-de-privada-alerta-estudo\/#primaryimage"},"thumbnailUrl":"https:\/\/jornalfatosenoticias.com.br\/wp-content\/uploads\/2024\/07\/garrafa-higienizacao_istock.jpg","datePublished":"2024-07-01T14:08:51+00:00","dateModified":"2024-07-01T14:08:52+00:00","breadcrumb":{"@id":"https:\/\/jornalfatosenoticias.com.br\/index.php\/2024\/07\/01\/garrafa-de-agua-pode-ser-mais-suja-que-tampa-de-privada-alerta-estudo\/#breadcrumb"},"inLanguage":"pt-BR","potentialAction":[{"@type":"ReadAction","target":["https:\/\/jornalfatosenoticias.com.br\/index.php\/2024\/07\/01\/garrafa-de-agua-pode-ser-mais-suja-que-tampa-de-privada-alerta-estudo\/"]}]},{"@type":"ImageObject","inLanguage":"pt-BR","@id":"https:\/\/jornalfatosenoticias.com.br\/index.php\/2024\/07\/01\/garrafa-de-agua-pode-ser-mais-suja-que-tampa-de-privada-alerta-estudo\/#primaryimage","url":"https:\/\/jornalfatosenoticias.com.br\/wp-content\/uploads\/2024\/07\/garrafa-higienizacao_istock.jpg","contentUrl":"https:\/\/jornalfatosenoticias.com.br\/wp-content\/uploads\/2024\/07\/garrafa-higienizacao_istock.jpg","width":612,"height":408,"caption":"Woman washing thermo bottle in kitchen, closeup"},{"@type":"BreadcrumbList","@id":"https:\/\/jornalfatosenoticias.com.br\/index.php\/2024\/07\/01\/garrafa-de-agua-pode-ser-mais-suja-que-tampa-de-privada-alerta-estudo\/#breadcrumb","itemListElement":[{"@type":"ListItem","position":1,"name":"In\u00edcio","item":"https:\/\/jornalfatosenoticias.com.br\/"},{"@type":"ListItem","position":2,"name":"Garrafa de \u00e1gua pode ser mais suja que tampa de privada, alerta estudo"}]},{"@type":"WebSite","@id":"https:\/\/jornalfatosenoticias.com.br\/#website","url":"https:\/\/jornalfatosenoticias.com.br\/","name":"Jornal Fatos e Not\u00edcias","description":"Not\u00edcias em geral","publisher":{"@id":"https:\/\/jornalfatosenoticias.com.br\/#organization"},"potentialAction":[{"@type":"SearchAction","target":{"@type":"EntryPoint","urlTemplate":"https:\/\/jornalfatosenoticias.com.br\/?s={search_term_string}"},"query-input":{"@type":"PropertyValueSpecification","valueRequired":true,"valueName":"search_term_string"}}],"inLanguage":"pt-BR"},{"@type":"Organization","@id":"https:\/\/jornalfatosenoticias.com.br\/#organization","name":"Jornal Fatos e Not\u00edcias","url":"https:\/\/jornalfatosenoticias.com.br\/","logo":{"@type":"ImageObject","inLanguage":"pt-BR","@id":"https:\/\/jornalfatosenoticias.com.br\/#\/schema\/logo\/image\/","url":"https:\/\/jornalfatosenoticias.com.br\/wp-content\/uploads\/2020\/02\/logo120.png","contentUrl":"https:\/\/jornalfatosenoticias.com.br\/wp-content\/uploads\/2020\/02\/logo120.png","width":1227,"height":120,"caption":"Jornal Fatos e Not\u00edcias"},"image":{"@id":"https:\/\/jornalfatosenoticias.com.br\/#\/schema\/logo\/image\/"}},{"@type":"Person","@id":"https:\/\/jornalfatosenoticias.com.br\/#\/schema\/person\/d63837fa13ac8666eb9e74e0985d6f81","name":"Luzimara Fernandes","image":{"@type":"ImageObject","inLanguage":"pt-BR","@id":"https:\/\/jornalfatosenoticias.com.br\/#\/schema\/person\/image\/","url":"https:\/\/jornalfatosenoticias.com.br\/wp-content\/uploads\/2025\/05\/EU_portal.jpg","contentUrl":"https:\/\/jornalfatosenoticias.com.br\/wp-content\/uploads\/2025\/05\/EU_portal.jpg","caption":"Luzimara Fernandes"},"description":"Jornalista MTB 2358-ES","sameAs":["https:\/\/jornalfatosenoticias.com.br"],"url":"https:\/\/jornalfatosenoticias.com.br\/index.php\/author\/luzimara\/"}]}},"cc_featured_image_caption":{"caption_text":"(Foto: iStock) ","source_text":"","source_url":""},"jetpack_featured_media_url":"https:\/\/jornalfatosenoticias.com.br\/wp-content\/uploads\/2024\/07\/garrafa-higienizacao_istock.jpg","_links":{"self":[{"href":"https:\/\/jornalfatosenoticias.com.br\/index.php\/wp-json\/wp\/v2\/posts\/52354","targetHints":{"allow":["GET"]}}],"collection":[{"href":"https:\/\/jornalfatosenoticias.com.br\/index.php\/wp-json\/wp\/v2\/posts"}],"about":[{"href":"https:\/\/jornalfatosenoticias.com.br\/index.php\/wp-json\/wp\/v2\/types\/post"}],"author":[{"embeddable":true,"href":"https:\/\/jornalfatosenoticias.com.br\/index.php\/wp-json\/wp\/v2\/users\/2"}],"replies":[{"embeddable":true,"href":"https:\/\/jornalfatosenoticias.com.br\/index.php\/wp-json\/wp\/v2\/comments?post=52354"}],"version-history":[{"count":0,"href":"https:\/\/jornalfatosenoticias.com.br\/index.php\/wp-json\/wp\/v2\/posts\/52354\/revisions"}],"wp:featuredmedia":[{"embeddable":true,"href":"https:\/\/jornalfatosenoticias.com.br\/index.php\/wp-json\/wp\/v2\/media\/52355"}],"wp:attachment":[{"href":"https:\/\/jornalfatosenoticias.com.br\/index.php\/wp-json\/wp\/v2\/media?parent=52354"}],"wp:term":[{"taxonomy":"category","embeddable":true,"href":"https:\/\/jornalfatosenoticias.com.br\/index.php\/wp-json\/wp\/v2\/categories?post=52354"},{"taxonomy":"post_tag","embeddable":true,"href":"https:\/\/jornalfatosenoticias.com.br\/index.php\/wp-json\/wp\/v2\/tags?post=52354"}],"curies":[{"name":"wp","href":"https:\/\/api.w.org\/{rel}","templated":true}]}}