{"id":52368,"date":"2024-07-01T15:35:51","date_gmt":"2024-07-01T18:35:51","guid":{"rendered":"https:\/\/jornalfatosenoticias.com.br\/?p=52368"},"modified":"2024-07-01T15:35:52","modified_gmt":"2024-07-01T18:35:52","slug":"esquerda-incendeia-ruas-da-franca-em-protesto-apos-vitoria-da-direita-no-1o-turno","status":"publish","type":"post","link":"https:\/\/jornalfatosenoticias.com.br\/index.php\/2024\/07\/01\/esquerda-incendeia-ruas-da-franca-em-protesto-apos-vitoria-da-direita-no-1o-turno\/","title":{"rendered":"Esquerda incendeia ruas da Fran\u00e7a em protesto ap\u00f3s vit\u00f3ria da direita no 1\u00ba turno"},"content":{"rendered":"\n<p><em><span class=\"has-inline-color has-black-color\">Manifestantes reuniram-se no com\u00edcio da Nova Frente Popular ap\u00f3s o primeiro turno das elei\u00e7\u00f5es parlamentares antecipadas na Place de la Republique, em Paris<\/span><\/em><\/p>\n\n\n\n<p><span class=\"has-inline-color has-black-color\">Por <strong><a href=\"https:\/\/www.gazetadopovo.com.br\/autor\/isabella-de-paula\/\">Isabella de Paula<\/a><\/strong><\/span><\/p>\n\n\n\n<div class=\"wp-block-image\"><figure class=\"aligncenter size-large is-resized\"><a href=\"https:\/\/www.facebook.com\/vetor.vix\/\"><img loading=\"lazy\" decoding=\"async\" src=\"https:\/\/jornalfatosenoticias.com.br\/wp-content\/uploads\/2023\/09\/vetorvix1024_1.jpg\" alt=\"\" class=\"wp-image-44868\" width=\"558\" height=\"148\" srcset=\"https:\/\/jornalfatosenoticias.com.br\/wp-content\/uploads\/2023\/09\/vetorvix1024_1.jpg 1024w, https:\/\/jornalfatosenoticias.com.br\/wp-content\/uploads\/2023\/09\/vetorvix1024_1-300x80.jpg 300w, https:\/\/jornalfatosenoticias.com.br\/wp-content\/uploads\/2023\/09\/vetorvix1024_1-768x205.jpg 768w\" sizes=\"auto, (max-width: 558px) 100vw, 558px\" \/><\/a><\/figure><\/div>\n\n\n\n<p>Logo ap\u00f3s os primeiros resultados eleitorais que apontaram vit\u00f3ria da direita nacionalista no 1\u00ba turno serem divulgados neste domingo (30) e agora confirmados pelo pr\u00f3prio governo, a Fran\u00e7a registrou protestos em diversos pontos do pa\u00eds. O principal aconteceu na Place de la R\u00e9publique de Paris na noite deste domingo, onde manifestantes atearam fogo em lixeiras, barricadas e dispararam fogos de artif\u00edcio contra a pol\u00edcia de Paris, que respondeu aos atos com bombas de g\u00e1s lacrimog\u00eaneo.<br>Segundo relatos da emissora France 24, eleitores de esquerda se reuniram no local para demonstrar apoio \u00e0 Nova Frente Popular, alian\u00e7a formada entre socialistas franceses, comunistas, verdes e o partido Fran\u00e7a Insubmissa, que ficou atr\u00e1s do Reagrupamento Nacional (RN), da direitista Marine Le Pen.<\/p>\n\n\n\n<div class=\"wp-block-image\"><figure class=\"aligncenter size-large is-resized\"><a href=\"https:\/\/www.controlsystems.com.br\/\"><img loading=\"lazy\" decoding=\"async\" src=\"https:\/\/jornalfatosenoticias.com.br\/wp-content\/uploads\/2020\/02\/CONTROL-CS.jpg\" alt=\"\" class=\"wp-image-44991\" width=\"318\" height=\"381\" srcset=\"https:\/\/jornalfatosenoticias.com.br\/wp-content\/uploads\/2020\/02\/CONTROL-CS.jpg 834w, https:\/\/jornalfatosenoticias.com.br\/wp-content\/uploads\/2020\/02\/CONTROL-CS-250x300.jpg 250w, https:\/\/jornalfatosenoticias.com.br\/wp-content\/uploads\/2020\/02\/CONTROL-CS-768x921.jpg 768w\" sizes=\"auto, (max-width: 318px) 100vw, 318px\" \/><\/a><\/figure><\/div>\n\n\n\n<p>Ainda foram registradas manifesta\u00e7\u00f5es nas cidades de Lyon, na Place des Terreaux, onde os participantes montaram barricadas e entraram em confronto com a pol\u00edcia, Estrasburgo e Rennes. O Reagrupamento Nacional (RN) de Marine Le Pen obteve uma vit\u00f3ria retumbante e sem precedentes no primeiro turno das elei\u00e7\u00f5es legislativas na Fran\u00e7a, ap\u00f3s alcan\u00e7ar 33,15% dos votos junto aos aliados conservadores.<\/p>\n\n\n\n<div class=\"wp-block-image\"><figure class=\"aligncenter size-large is-resized\"><a href=\"https:\/\/panper.com.br\/\"><img loading=\"lazy\" decoding=\"async\" src=\"https:\/\/jornalfatosenoticias.com.br\/wp-content\/uploads\/2023\/03\/logo-Panper_portal.jpg\" alt=\"\" class=\"wp-image-40208\" width=\"357\" height=\"247\" srcset=\"https:\/\/jornalfatosenoticias.com.br\/wp-content\/uploads\/2023\/03\/logo-Panper_portal.jpg 400w, https:\/\/jornalfatosenoticias.com.br\/wp-content\/uploads\/2023\/03\/logo-Panper_portal-300x208.jpg 300w\" sizes=\"auto, (max-width: 357px) 100vw, 357px\" \/><\/a><\/figure><\/div>\n\n\n\n<p>A coliga\u00e7\u00e3o de esquerda da Nova Frente Popular (NFP) obteve 27,99% dos votos e ficou como a segunda grande for\u00e7a pol\u00edtica do pa\u00eds, \u00e0 frente da maioria agora em fim de mandato do presidente Emmanuel Macron, que \u00e9 o grande perdedor das elei\u00e7\u00f5es, com 20,04% dos votos.<\/p>\n\n\n\n<div class=\"wp-block-image\"><figure class=\"aligncenter size-large is-resized\"><a href=\"http:\/\/www.ferrarimaquinas.com.br\/\"><img loading=\"lazy\" decoding=\"async\" src=\"https:\/\/jornalfatosenoticias.com.br\/wp-content\/uploads\/2022\/02\/FERRARI_MAQUINAS-E-FERRAMENTAS2.jpg\" alt=\"\" class=\"wp-image-27860\" width=\"314\" height=\"262\"\/><\/a><\/figure><\/div>\n\n\n\n<p>O segundo turno eleitoral ser\u00e1 realizado no pr\u00f3ximo domingo (7). O RN e seus associados v\u00e3o disputar 485 dos 577 c\u00edrculos eleitorais, e seus candidatos terminaram em primeiro lugar no primeiro turno em 297 deles.<\/p>\n\n\n\n<div class=\"wp-block-image\"><figure class=\"aligncenter size-large\"><a href=\"https:\/\/cesconetto.com.br\/\"><img loading=\"lazy\" decoding=\"async\" width=\"300\" height=\"250\" src=\"https:\/\/jornalfatosenoticias.com.br\/wp-content\/uploads\/2020\/02\/Banner-2.png\" alt=\"\" class=\"wp-image-43787\"\/><\/a><\/figure><\/div>\n\n\n\n<p><strong><em>Fonte: <a href=\"https:\/\/www.gazetadopovo.com.br\/mundo\/esquerda-incendeia-ruas-da-franca-em-protesto-apos-vitoria-da-direita-no-1o-turno\/\">Gazeta do Povo<\/a><\/em><\/strong><\/p>\n","protected":false},"excerpt":{"rendered":"<p>Manifestantes reuniram-se no com\u00edcio da Nova Frente Popular ap\u00f3s o primeiro turno das elei\u00e7\u00f5es parlamentares antecipadas na Place de la Republique, em Paris Por Isabella de Paula Logo ap\u00f3s os primeiros resultados eleitorais que apontaram vit\u00f3ria da direita nacionalista no 1\u00ba turno serem divulgados neste domingo (30) e agora confirmados pelo pr\u00f3prio governo, a Fran\u00e7a [&hellip;]<\/p>\n","protected":false},"author":2,"featured_media":52369,"comment_status":"open","ping_status":"open","sticky":false,"template":"","format":"standard","meta":{"footnotes":""},"categories":[41],"tags":[18440,119,10124,23730,3070],"class_list":["post-52368","post","type-post","status-publish","format-standard","has-post-thumbnail","hentry","category-internacional","tag-emmanuel-macron","tag-franca","tag-manifestacoes","tag-marine-le-pen","tag-protestos"],"yoast_head":"<!-- This site is optimized with the Yoast SEO plugin v26.5 - https:\/\/yoast.com\/wordpress\/plugins\/seo\/ -->\n<title>Esquerda incendeia ruas da Fran\u00e7a em protesto ap\u00f3s vit\u00f3ria da direita no 1\u00ba turno - Jornal Fatos e Not\u00edcias<\/title>\n<meta name=\"robots\" content=\"index, follow, max-snippet:-1, max-image-preview:large, max-video-preview:-1\" \/>\n<link rel=\"canonical\" href=\"https:\/\/jornalfatosenoticias.com.br\/index.php\/2024\/07\/01\/esquerda-incendeia-ruas-da-franca-em-protesto-apos-vitoria-da-direita-no-1o-turno\/\" \/>\n<meta property=\"og:locale\" content=\"pt_BR\" \/>\n<meta property=\"og:type\" content=\"article\" \/>\n<meta property=\"og:title\" content=\"Esquerda incendeia ruas da Fran\u00e7a em protesto ap\u00f3s vit\u00f3ria da direita no 1\u00ba turno - Jornal Fatos e Not\u00edcias\" \/>\n<meta property=\"og:description\" content=\"Manifestantes reuniram-se no com\u00edcio da Nova Frente Popular ap\u00f3s o primeiro turno das elei\u00e7\u00f5es parlamentares antecipadas na Place de la Republique, em Paris Por Isabella de Paula Logo ap\u00f3s os primeiros resultados eleitorais que apontaram vit\u00f3ria da direita nacionalista no 1\u00ba turno serem divulgados neste domingo (30) e agora confirmados pelo pr\u00f3prio governo, a Fran\u00e7a [&hellip;]\" \/>\n<meta property=\"og:url\" content=\"https:\/\/jornalfatosenoticias.com.br\/index.php\/2024\/07\/01\/esquerda-incendeia-ruas-da-franca-em-protesto-apos-vitoria-da-direita-no-1o-turno\/\" \/>\n<meta property=\"og:site_name\" content=\"Jornal Fatos e Not\u00edcias\" \/>\n<meta property=\"article:published_time\" content=\"2024-07-01T18:35:51+00:00\" \/>\n<meta property=\"article:modified_time\" content=\"2024-07-01T18:35:52+00:00\" \/>\n<meta property=\"og:image\" content=\"https:\/\/jornalfatosenoticias.com.br\/wp-content\/uploads\/2024\/07\/manifestacao_franca.jpg\" \/>\n\t<meta property=\"og:image:width\" content=\"960\" \/>\n\t<meta property=\"og:image:height\" content=\"540\" \/>\n\t<meta property=\"og:image:type\" content=\"image\/jpeg\" \/>\n<meta name=\"author\" content=\"Luzimara Fernandes\" \/>\n<meta name=\"twitter:card\" content=\"summary_large_image\" \/>\n<meta name=\"twitter:label1\" content=\"Escrito por\" \/>\n\t<meta name=\"twitter:data1\" content=\"Luzimara Fernandes\" \/>\n\t<meta name=\"twitter:label2\" content=\"Est. tempo de leitura\" \/>\n\t<meta name=\"twitter:data2\" content=\"2 minutos\" \/>\n<script type=\"application\/ld+json\" class=\"yoast-schema-graph\">{\"@context\":\"https:\/\/schema.org\",\"@graph\":[{\"@type\":\"Article\",\"@id\":\"https:\/\/jornalfatosenoticias.com.br\/index.php\/2024\/07\/01\/esquerda-incendeia-ruas-da-franca-em-protesto-apos-vitoria-da-direita-no-1o-turno\/#article\",\"isPartOf\":{\"@id\":\"https:\/\/jornalfatosenoticias.com.br\/index.php\/2024\/07\/01\/esquerda-incendeia-ruas-da-franca-em-protesto-apos-vitoria-da-direita-no-1o-turno\/\"},\"author\":{\"name\":\"Luzimara Fernandes\",\"@id\":\"https:\/\/jornalfatosenoticias.com.br\/#\/schema\/person\/d63837fa13ac8666eb9e74e0985d6f81\"},\"headline\":\"Esquerda incendeia ruas da Fran\u00e7a em protesto ap\u00f3s vit\u00f3ria da direita no 1\u00ba turno\",\"datePublished\":\"2024-07-01T18:35:51+00:00\",\"dateModified\":\"2024-07-01T18:35:52+00:00\",\"mainEntityOfPage\":{\"@id\":\"https:\/\/jornalfatosenoticias.com.br\/index.php\/2024\/07\/01\/esquerda-incendeia-ruas-da-franca-em-protesto-apos-vitoria-da-direita-no-1o-turno\/\"},\"wordCount\":325,\"commentCount\":0,\"publisher\":{\"@id\":\"https:\/\/jornalfatosenoticias.com.br\/#organization\"},\"image\":{\"@id\":\"https:\/\/jornalfatosenoticias.com.br\/index.php\/2024\/07\/01\/esquerda-incendeia-ruas-da-franca-em-protesto-apos-vitoria-da-direita-no-1o-turno\/#primaryimage\"},\"thumbnailUrl\":\"https:\/\/jornalfatosenoticias.com.br\/wp-content\/uploads\/2024\/07\/manifestacao_franca.jpg\",\"keywords\":[\"Emmanuel Macron\",\"Fran\u00e7a\",\"manifesta\u00e7\u00f5es\",\"Marine Le Pen\",\"protestos\"],\"articleSection\":[\"Internacional\"],\"inLanguage\":\"pt-BR\",\"potentialAction\":[{\"@type\":\"CommentAction\",\"name\":\"Comment\",\"target\":[\"https:\/\/jornalfatosenoticias.com.br\/index.php\/2024\/07\/01\/esquerda-incendeia-ruas-da-franca-em-protesto-apos-vitoria-da-direita-no-1o-turno\/#respond\"]}]},{\"@type\":\"WebPage\",\"@id\":\"https:\/\/jornalfatosenoticias.com.br\/index.php\/2024\/07\/01\/esquerda-incendeia-ruas-da-franca-em-protesto-apos-vitoria-da-direita-no-1o-turno\/\",\"url\":\"https:\/\/jornalfatosenoticias.com.br\/index.php\/2024\/07\/01\/esquerda-incendeia-ruas-da-franca-em-protesto-apos-vitoria-da-direita-no-1o-turno\/\",\"name\":\"Esquerda incendeia ruas da Fran\u00e7a em protesto ap\u00f3s vit\u00f3ria da direita no 1\u00ba turno - Jornal Fatos e Not\u00edcias\",\"isPartOf\":{\"@id\":\"https:\/\/jornalfatosenoticias.com.br\/#website\"},\"primaryImageOfPage\":{\"@id\":\"https:\/\/jornalfatosenoticias.com.br\/index.php\/2024\/07\/01\/esquerda-incendeia-ruas-da-franca-em-protesto-apos-vitoria-da-direita-no-1o-turno\/#primaryimage\"},\"image\":{\"@id\":\"https:\/\/jornalfatosenoticias.com.br\/index.php\/2024\/07\/01\/esquerda-incendeia-ruas-da-franca-em-protesto-apos-vitoria-da-direita-no-1o-turno\/#primaryimage\"},\"thumbnailUrl\":\"https:\/\/jornalfatosenoticias.com.br\/wp-content\/uploads\/2024\/07\/manifestacao_franca.jpg\",\"datePublished\":\"2024-07-01T18:35:51+00:00\",\"dateModified\":\"2024-07-01T18:35:52+00:00\",\"breadcrumb\":{\"@id\":\"https:\/\/jornalfatosenoticias.com.br\/index.php\/2024\/07\/01\/esquerda-incendeia-ruas-da-franca-em-protesto-apos-vitoria-da-direita-no-1o-turno\/#breadcrumb\"},\"inLanguage\":\"pt-BR\",\"potentialAction\":[{\"@type\":\"ReadAction\",\"target\":[\"https:\/\/jornalfatosenoticias.com.br\/index.php\/2024\/07\/01\/esquerda-incendeia-ruas-da-franca-em-protesto-apos-vitoria-da-direita-no-1o-turno\/\"]}]},{\"@type\":\"ImageObject\",\"inLanguage\":\"pt-BR\",\"@id\":\"https:\/\/jornalfatosenoticias.com.br\/index.php\/2024\/07\/01\/esquerda-incendeia-ruas-da-franca-em-protesto-apos-vitoria-da-direita-no-1o-turno\/#primaryimage\",\"url\":\"https:\/\/jornalfatosenoticias.com.br\/wp-content\/uploads\/2024\/07\/manifestacao_franca.jpg\",\"contentUrl\":\"https:\/\/jornalfatosenoticias.com.br\/wp-content\/uploads\/2024\/07\/manifestacao_franca.jpg\",\"width\":960,\"height\":540},{\"@type\":\"BreadcrumbList\",\"@id\":\"https:\/\/jornalfatosenoticias.com.br\/index.php\/2024\/07\/01\/esquerda-incendeia-ruas-da-franca-em-protesto-apos-vitoria-da-direita-no-1o-turno\/#breadcrumb\",\"itemListElement\":[{\"@type\":\"ListItem\",\"position\":1,\"name\":\"In\u00edcio\",\"item\":\"https:\/\/jornalfatosenoticias.com.br\/\"},{\"@type\":\"ListItem\",\"position\":2,\"name\":\"Esquerda incendeia ruas da Fran\u00e7a em protesto ap\u00f3s vit\u00f3ria da direita no 1\u00ba turno\"}]},{\"@type\":\"WebSite\",\"@id\":\"https:\/\/jornalfatosenoticias.com.br\/#website\",\"url\":\"https:\/\/jornalfatosenoticias.com.br\/\",\"name\":\"Jornal Fatos e Not\u00edcias\",\"description\":\"Not\u00edcias em geral\",\"publisher\":{\"@id\":\"https:\/\/jornalfatosenoticias.com.br\/#organization\"},\"potentialAction\":[{\"@type\":\"SearchAction\",\"target\":{\"@type\":\"EntryPoint\",\"urlTemplate\":\"https:\/\/jornalfatosenoticias.com.br\/?s={search_term_string}\"},\"query-input\":{\"@type\":\"PropertyValueSpecification\",\"valueRequired\":true,\"valueName\":\"search_term_string\"}}],\"inLanguage\":\"pt-BR\"},{\"@type\":\"Organization\",\"@id\":\"https:\/\/jornalfatosenoticias.com.br\/#organization\",\"name\":\"Jornal Fatos e Not\u00edcias\",\"url\":\"https:\/\/jornalfatosenoticias.com.br\/\",\"logo\":{\"@type\":\"ImageObject\",\"inLanguage\":\"pt-BR\",\"@id\":\"https:\/\/jornalfatosenoticias.com.br\/#\/schema\/logo\/image\/\",\"url\":\"https:\/\/jornalfatosenoticias.com.br\/wp-content\/uploads\/2020\/02\/logo120.png\",\"contentUrl\":\"https:\/\/jornalfatosenoticias.com.br\/wp-content\/uploads\/2020\/02\/logo120.png\",\"width\":1227,\"height\":120,\"caption\":\"Jornal Fatos e Not\u00edcias\"},\"image\":{\"@id\":\"https:\/\/jornalfatosenoticias.com.br\/#\/schema\/logo\/image\/\"}},{\"@type\":\"Person\",\"@id\":\"https:\/\/jornalfatosenoticias.com.br\/#\/schema\/person\/d63837fa13ac8666eb9e74e0985d6f81\",\"name\":\"Luzimara Fernandes\",\"image\":{\"@type\":\"ImageObject\",\"inLanguage\":\"pt-BR\",\"@id\":\"https:\/\/jornalfatosenoticias.com.br\/#\/schema\/person\/image\/\",\"url\":\"https:\/\/jornalfatosenoticias.com.br\/wp-content\/uploads\/2025\/05\/EU_portal.jpg\",\"contentUrl\":\"https:\/\/jornalfatosenoticias.com.br\/wp-content\/uploads\/2025\/05\/EU_portal.jpg\",\"caption\":\"Luzimara Fernandes\"},\"description\":\"Jornalista MTB 2358-ES\",\"sameAs\":[\"https:\/\/jornalfatosenoticias.com.br\"],\"url\":\"https:\/\/jornalfatosenoticias.com.br\/index.php\/author\/luzimara\/\"}]}<\/script>\n<!-- \/ Yoast SEO plugin. -->","yoast_head_json":{"title":"Esquerda incendeia ruas da Fran\u00e7a em protesto ap\u00f3s vit\u00f3ria da direita no 1\u00ba turno - Jornal Fatos e Not\u00edcias","robots":{"index":"index","follow":"follow","max-snippet":"max-snippet:-1","max-image-preview":"max-image-preview:large","max-video-preview":"max-video-preview:-1"},"canonical":"https:\/\/jornalfatosenoticias.com.br\/index.php\/2024\/07\/01\/esquerda-incendeia-ruas-da-franca-em-protesto-apos-vitoria-da-direita-no-1o-turno\/","og_locale":"pt_BR","og_type":"article","og_title":"Esquerda incendeia ruas da Fran\u00e7a em protesto ap\u00f3s vit\u00f3ria da direita no 1\u00ba turno - Jornal Fatos e Not\u00edcias","og_description":"Manifestantes reuniram-se no com\u00edcio da Nova Frente Popular ap\u00f3s o primeiro turno das elei\u00e7\u00f5es parlamentares antecipadas na Place de la Republique, em Paris Por Isabella de Paula Logo ap\u00f3s os primeiros resultados eleitorais que apontaram vit\u00f3ria da direita nacionalista no 1\u00ba turno serem divulgados neste domingo (30) e agora confirmados pelo pr\u00f3prio governo, a Fran\u00e7a [&hellip;]","og_url":"https:\/\/jornalfatosenoticias.com.br\/index.php\/2024\/07\/01\/esquerda-incendeia-ruas-da-franca-em-protesto-apos-vitoria-da-direita-no-1o-turno\/","og_site_name":"Jornal Fatos e Not\u00edcias","article_published_time":"2024-07-01T18:35:51+00:00","article_modified_time":"2024-07-01T18:35:52+00:00","og_image":[{"width":960,"height":540,"url":"https:\/\/jornalfatosenoticias.com.br\/wp-content\/uploads\/2024\/07\/manifestacao_franca.jpg","type":"image\/jpeg"}],"author":"Luzimara Fernandes","twitter_card":"summary_large_image","twitter_misc":{"Escrito por":"Luzimara Fernandes","Est. tempo de leitura":"2 minutos"},"schema":{"@context":"https:\/\/schema.org","@graph":[{"@type":"Article","@id":"https:\/\/jornalfatosenoticias.com.br\/index.php\/2024\/07\/01\/esquerda-incendeia-ruas-da-franca-em-protesto-apos-vitoria-da-direita-no-1o-turno\/#article","isPartOf":{"@id":"https:\/\/jornalfatosenoticias.com.br\/index.php\/2024\/07\/01\/esquerda-incendeia-ruas-da-franca-em-protesto-apos-vitoria-da-direita-no-1o-turno\/"},"author":{"name":"Luzimara Fernandes","@id":"https:\/\/jornalfatosenoticias.com.br\/#\/schema\/person\/d63837fa13ac8666eb9e74e0985d6f81"},"headline":"Esquerda incendeia ruas da Fran\u00e7a em protesto ap\u00f3s vit\u00f3ria da direita no 1\u00ba turno","datePublished":"2024-07-01T18:35:51+00:00","dateModified":"2024-07-01T18:35:52+00:00","mainEntityOfPage":{"@id":"https:\/\/jornalfatosenoticias.com.br\/index.php\/2024\/07\/01\/esquerda-incendeia-ruas-da-franca-em-protesto-apos-vitoria-da-direita-no-1o-turno\/"},"wordCount":325,"commentCount":0,"publisher":{"@id":"https:\/\/jornalfatosenoticias.com.br\/#organization"},"image":{"@id":"https:\/\/jornalfatosenoticias.com.br\/index.php\/2024\/07\/01\/esquerda-incendeia-ruas-da-franca-em-protesto-apos-vitoria-da-direita-no-1o-turno\/#primaryimage"},"thumbnailUrl":"https:\/\/jornalfatosenoticias.com.br\/wp-content\/uploads\/2024\/07\/manifestacao_franca.jpg","keywords":["Emmanuel Macron","Fran\u00e7a","manifesta\u00e7\u00f5es","Marine Le Pen","protestos"],"articleSection":["Internacional"],"inLanguage":"pt-BR","potentialAction":[{"@type":"CommentAction","name":"Comment","target":["https:\/\/jornalfatosenoticias.com.br\/index.php\/2024\/07\/01\/esquerda-incendeia-ruas-da-franca-em-protesto-apos-vitoria-da-direita-no-1o-turno\/#respond"]}]},{"@type":"WebPage","@id":"https:\/\/jornalfatosenoticias.com.br\/index.php\/2024\/07\/01\/esquerda-incendeia-ruas-da-franca-em-protesto-apos-vitoria-da-direita-no-1o-turno\/","url":"https:\/\/jornalfatosenoticias.com.br\/index.php\/2024\/07\/01\/esquerda-incendeia-ruas-da-franca-em-protesto-apos-vitoria-da-direita-no-1o-turno\/","name":"Esquerda incendeia ruas da Fran\u00e7a em protesto ap\u00f3s vit\u00f3ria da direita no 1\u00ba turno - Jornal Fatos e Not\u00edcias","isPartOf":{"@id":"https:\/\/jornalfatosenoticias.com.br\/#website"},"primaryImageOfPage":{"@id":"https:\/\/jornalfatosenoticias.com.br\/index.php\/2024\/07\/01\/esquerda-incendeia-ruas-da-franca-em-protesto-apos-vitoria-da-direita-no-1o-turno\/#primaryimage"},"image":{"@id":"https:\/\/jornalfatosenoticias.com.br\/index.php\/2024\/07\/01\/esquerda-incendeia-ruas-da-franca-em-protesto-apos-vitoria-da-direita-no-1o-turno\/#primaryimage"},"thumbnailUrl":"https:\/\/jornalfatosenoticias.com.br\/wp-content\/uploads\/2024\/07\/manifestacao_franca.jpg","datePublished":"2024-07-01T18:35:51+00:00","dateModified":"2024-07-01T18:35:52+00:00","breadcrumb":{"@id":"https:\/\/jornalfatosenoticias.com.br\/index.php\/2024\/07\/01\/esquerda-incendeia-ruas-da-franca-em-protesto-apos-vitoria-da-direita-no-1o-turno\/#breadcrumb"},"inLanguage":"pt-BR","potentialAction":[{"@type":"ReadAction","target":["https:\/\/jornalfatosenoticias.com.br\/index.php\/2024\/07\/01\/esquerda-incendeia-ruas-da-franca-em-protesto-apos-vitoria-da-direita-no-1o-turno\/"]}]},{"@type":"ImageObject","inLanguage":"pt-BR","@id":"https:\/\/jornalfatosenoticias.com.br\/index.php\/2024\/07\/01\/esquerda-incendeia-ruas-da-franca-em-protesto-apos-vitoria-da-direita-no-1o-turno\/#primaryimage","url":"https:\/\/jornalfatosenoticias.com.br\/wp-content\/uploads\/2024\/07\/manifestacao_franca.jpg","contentUrl":"https:\/\/jornalfatosenoticias.com.br\/wp-content\/uploads\/2024\/07\/manifestacao_franca.jpg","width":960,"height":540},{"@type":"BreadcrumbList","@id":"https:\/\/jornalfatosenoticias.com.br\/index.php\/2024\/07\/01\/esquerda-incendeia-ruas-da-franca-em-protesto-apos-vitoria-da-direita-no-1o-turno\/#breadcrumb","itemListElement":[{"@type":"ListItem","position":1,"name":"In\u00edcio","item":"https:\/\/jornalfatosenoticias.com.br\/"},{"@type":"ListItem","position":2,"name":"Esquerda incendeia ruas da Fran\u00e7a em protesto ap\u00f3s vit\u00f3ria da direita no 1\u00ba turno"}]},{"@type":"WebSite","@id":"https:\/\/jornalfatosenoticias.com.br\/#website","url":"https:\/\/jornalfatosenoticias.com.br\/","name":"Jornal Fatos e Not\u00edcias","description":"Not\u00edcias em geral","publisher":{"@id":"https:\/\/jornalfatosenoticias.com.br\/#organization"},"potentialAction":[{"@type":"SearchAction","target":{"@type":"EntryPoint","urlTemplate":"https:\/\/jornalfatosenoticias.com.br\/?s={search_term_string}"},"query-input":{"@type":"PropertyValueSpecification","valueRequired":true,"valueName":"search_term_string"}}],"inLanguage":"pt-BR"},{"@type":"Organization","@id":"https:\/\/jornalfatosenoticias.com.br\/#organization","name":"Jornal Fatos e Not\u00edcias","url":"https:\/\/jornalfatosenoticias.com.br\/","logo":{"@type":"ImageObject","inLanguage":"pt-BR","@id":"https:\/\/jornalfatosenoticias.com.br\/#\/schema\/logo\/image\/","url":"https:\/\/jornalfatosenoticias.com.br\/wp-content\/uploads\/2020\/02\/logo120.png","contentUrl":"https:\/\/jornalfatosenoticias.com.br\/wp-content\/uploads\/2020\/02\/logo120.png","width":1227,"height":120,"caption":"Jornal Fatos e Not\u00edcias"},"image":{"@id":"https:\/\/jornalfatosenoticias.com.br\/#\/schema\/logo\/image\/"}},{"@type":"Person","@id":"https:\/\/jornalfatosenoticias.com.br\/#\/schema\/person\/d63837fa13ac8666eb9e74e0985d6f81","name":"Luzimara Fernandes","image":{"@type":"ImageObject","inLanguage":"pt-BR","@id":"https:\/\/jornalfatosenoticias.com.br\/#\/schema\/person\/image\/","url":"https:\/\/jornalfatosenoticias.com.br\/wp-content\/uploads\/2025\/05\/EU_portal.jpg","contentUrl":"https:\/\/jornalfatosenoticias.com.br\/wp-content\/uploads\/2025\/05\/EU_portal.jpg","caption":"Luzimara Fernandes"},"description":"Jornalista MTB 2358-ES","sameAs":["https:\/\/jornalfatosenoticias.com.br"],"url":"https:\/\/jornalfatosenoticias.com.br\/index.php\/author\/luzimara\/"}]}},"cc_featured_image_caption":{"caption_text":"(Foto: Gazeta do Povo) ","source_text":"","source_url":""},"jetpack_featured_media_url":"https:\/\/jornalfatosenoticias.com.br\/wp-content\/uploads\/2024\/07\/manifestacao_franca.jpg","_links":{"self":[{"href":"https:\/\/jornalfatosenoticias.com.br\/index.php\/wp-json\/wp\/v2\/posts\/52368","targetHints":{"allow":["GET"]}}],"collection":[{"href":"https:\/\/jornalfatosenoticias.com.br\/index.php\/wp-json\/wp\/v2\/posts"}],"about":[{"href":"https:\/\/jornalfatosenoticias.com.br\/index.php\/wp-json\/wp\/v2\/types\/post"}],"author":[{"embeddable":true,"href":"https:\/\/jornalfatosenoticias.com.br\/index.php\/wp-json\/wp\/v2\/users\/2"}],"replies":[{"embeddable":true,"href":"https:\/\/jornalfatosenoticias.com.br\/index.php\/wp-json\/wp\/v2\/comments?post=52368"}],"version-history":[{"count":0,"href":"https:\/\/jornalfatosenoticias.com.br\/index.php\/wp-json\/wp\/v2\/posts\/52368\/revisions"}],"wp:featuredmedia":[{"embeddable":true,"href":"https:\/\/jornalfatosenoticias.com.br\/index.php\/wp-json\/wp\/v2\/media\/52369"}],"wp:attachment":[{"href":"https:\/\/jornalfatosenoticias.com.br\/index.php\/wp-json\/wp\/v2\/media?parent=52368"}],"wp:term":[{"taxonomy":"category","embeddable":true,"href":"https:\/\/jornalfatosenoticias.com.br\/index.php\/wp-json\/wp\/v2\/categories?post=52368"},{"taxonomy":"post_tag","embeddable":true,"href":"https:\/\/jornalfatosenoticias.com.br\/index.php\/wp-json\/wp\/v2\/tags?post=52368"}],"curies":[{"name":"wp","href":"https:\/\/api.w.org\/{rel}","templated":true}]}}