{"id":52371,"date":"2024-07-01T16:15:16","date_gmt":"2024-07-01T19:15:16","guid":{"rendered":"https:\/\/jornalfatosenoticias.com.br\/?p=52371"},"modified":"2024-07-01T16:15:17","modified_gmt":"2024-07-01T19:15:17","slug":"moraes-usa-registro-fraudulento-para-manter-filipe-martins-preso-diz-artigo-do-wsj","status":"publish","type":"post","link":"https:\/\/jornalfatosenoticias.com.br\/index.php\/2024\/07\/01\/moraes-usa-registro-fraudulento-para-manter-filipe-martins-preso-diz-artigo-do-wsj\/","title":{"rendered":"Moraes usa \u201cregistro fraudulento\u201d para manter Filipe Martins preso, diz artigo do WSJ"},"content":{"rendered":"\n<p><em><span class=\"has-inline-color has-black-color\">O ministro pede dilig\u00eancias da Pol\u00edcia Federal (PF) que j\u00e1 foram apresentadas pela defesa de Filipe Martins, postergando a soltura<\/span><\/em><\/p>\n\n\n\n<p><span class=\"has-inline-color has-black-color\">Por <strong><a href=\"https:\/\/www.gazetadopovo.com.br\/autor\/diogenes-freire-feitosa\/\">Di\u00f3genes Freire Feitosa<\/a><\/strong><\/span><\/p>\n\n\n\n<div class=\"wp-block-image\"><figure class=\"aligncenter size-large\"><a href=\"https:\/\/mizu.com.br\/\"><img loading=\"lazy\" decoding=\"async\" width=\"729\" height=\"90\" src=\"https:\/\/jornalfatosenoticias.com.br\/wp-content\/uploads\/2020\/02\/Logo_Mizu.png\" alt=\"\" class=\"wp-image-1441\" srcset=\"https:\/\/jornalfatosenoticias.com.br\/wp-content\/uploads\/2020\/02\/Logo_Mizu.png 729w, https:\/\/jornalfatosenoticias.com.br\/wp-content\/uploads\/2020\/02\/Logo_Mizu-300x37.png 300w\" sizes=\"auto, (max-width: 729px) 100vw, 729px\" \/><\/a><\/figure><\/div>\n\n\n\n<p>Em um artigo publicado neste domingo (30), no jornal norte-americano Wall Street Journal (WSJ), a colunista Mary Anastasia O&#8217;Grady disse que o ministro do Supremo Tribunal Federal (STF), Alexandre de Moraes, \u201cest\u00e1 usando um registro fraudulento de entrada nos Estados Unidos para manter Filipe Martins atr\u00e1s das grades\u201d.<br>O ex-assessor especial da Presid\u00eancia para Assuntos Internacionais, Filipe Martins, est\u00e1 preso desde o dia 8 de fevereiro por ordem de Moraes. Filipe est\u00e1 preso sem den\u00fancia, mesmo com parecer da Procuradoria-Geral da Rep\u00fablica (PGR) favor\u00e1vel \u00e0 sua soltura, e sob a alega\u00e7\u00e3o de ter feito uma viagem que nunca existiu.\u00a0\u00a0<\/p>\n\n\n\n<div class=\"wp-block-image\"><figure class=\"aligncenter size-large is-resized\"><a href=\"https:\/\/www.facebook.com\/postobkr\/?locale=pt_BR\"><img loading=\"lazy\" decoding=\"async\" src=\"https:\/\/jornalfatosenoticias.com.br\/wp-content\/uploads\/2023\/08\/BKR-1024x1021.jpg\" alt=\"\" class=\"wp-image-44494\" width=\"325\" height=\"324\" srcset=\"https:\/\/jornalfatosenoticias.com.br\/wp-content\/uploads\/2023\/08\/BKR-1024x1021.jpg 1024w, https:\/\/jornalfatosenoticias.com.br\/wp-content\/uploads\/2023\/08\/BKR-300x300.jpg 300w, https:\/\/jornalfatosenoticias.com.br\/wp-content\/uploads\/2023\/08\/BKR-150x150.jpg 150w, https:\/\/jornalfatosenoticias.com.br\/wp-content\/uploads\/2023\/08\/BKR-768x766.jpg 768w, https:\/\/jornalfatosenoticias.com.br\/wp-content\/uploads\/2023\/08\/BKR.jpg 1080w\" sizes=\"auto, (max-width: 325px) 100vw, 325px\" \/><\/a><\/figure><\/div>\n\n\n\n<p>No artigo publicado pelo WSJ, O&#8217;Grady cita a confus\u00e3o em torno de um erro no sistema da Alf\u00e2ndega e Prote\u00e7\u00e3o de Fronteiras (CBP, sigla em ingl\u00eas) que matinha um falso registro da entrada de Filipe Martins nos EUA que est\u00e1 sendo usado por Moraes para justificar a pris\u00e3o.<\/p>\n\n\n\n<div class=\"wp-block-image\"><figure class=\"aligncenter size-large is-resized\"><a href=\"https:\/\/www.instagram.com\/restaurantepegoretti\/\"><img loading=\"lazy\" decoding=\"async\" src=\"https:\/\/jornalfatosenoticias.com.br\/wp-content\/uploads\/2023\/12\/pegoretti-logo-pdf-1024x389.jpg\" alt=\"\" class=\"wp-image-47536\" width=\"504\" height=\"191\" srcset=\"https:\/\/jornalfatosenoticias.com.br\/wp-content\/uploads\/2023\/12\/pegoretti-logo-pdf-1024x389.jpg 1024w, https:\/\/jornalfatosenoticias.com.br\/wp-content\/uploads\/2023\/12\/pegoretti-logo-pdf-300x114.jpg 300w, https:\/\/jornalfatosenoticias.com.br\/wp-content\/uploads\/2023\/12\/pegoretti-logo-pdf-768x291.jpg 768w, https:\/\/jornalfatosenoticias.com.br\/wp-content\/uploads\/2023\/12\/pegoretti-logo-pdf.jpg 1120w\" sizes=\"auto, (max-width: 504px) 100vw, 504px\" \/><\/a><\/figure><\/div>\n\n\n\n<p>\u201cO registro legal de entrada nos EUA \u00e9 o formul\u00e1rio I-94, que os viajantes preenchem nos portos de entrada. O CBP removeu o que havia sido postado em seu site, em 30 de dezembro de 2022, [sobre a suposta] entrada de Martins, admitindo implicitamente que algo estava errado. No entanto, a decis\u00e3o de Moraes continua se apoiando em uma se\u00e7\u00e3o separada, ainda a ser corrigida, \u2018Obter hist\u00f3rico de viagens\u2019 do formul\u00e1rio I-94 do CBP, que lista a viagem. O que diabos est\u00e1 acontecendo no CBP em Orlando? O equ\u00edvoco no registro de viagem est\u00e1 sendo usado para violar as liberdades civis do senhor Martins no Brasil. Ningu\u00e9m no CBP consegue explicar como, por que ou quando foi criado o falso\u00a0 I-94, que fornece convenientemente a narrativa necess\u00e1ria para a pris\u00e3o\u201d, diz um trecho do artigo.<\/p>\n\n\n\n<div class=\"wp-block-image\"><figure class=\"aligncenter size-large is-resized\"><a href=\"https:\/\/hotelmarquetti.com.br\/\"><img loading=\"lazy\" decoding=\"async\" src=\"https:\/\/jornalfatosenoticias.com.br\/wp-content\/uploads\/2023\/03\/nova-logo-Marquetti.jpg\" alt=\"\" class=\"wp-image-40207\" width=\"373\" height=\"250\" srcset=\"https:\/\/jornalfatosenoticias.com.br\/wp-content\/uploads\/2023\/03\/nova-logo-Marquetti.jpg 643w, https:\/\/jornalfatosenoticias.com.br\/wp-content\/uploads\/2023\/03\/nova-logo-Marquetti-300x202.jpg 300w\" sizes=\"auto, (max-width: 373px) 100vw, 373px\" \/><\/a><\/figure><\/div>\n\n\n\n<p>O&#8217;Grady tamb\u00e9m diz que \u00e9 \u201cno m\u00ednimo, curiosa\u201d a linha do tempo dos acontecimentos e ressalta que o pr\u00f3prio site do CBP ressalta que a aba \u201chist\u00f3rico de viagens\u201d n\u00e3o pode ser utilizada para fins legais.<\/p>\n\n\n\n<blockquote class=\"wp-block-quote is-layout-flow wp-block-quote-is-layout-flow\"><p><span class=\"has-inline-color has-luminous-vivid-orange-color\">Moraes preside uma investiga\u00e7\u00e3o de uma suposta conspira\u00e7\u00e3o do c\u00edrculo \u00edntimo de Bolsonaro contra o presidente Lula, inaugurada em 1\u00ba de janeiro de 2023. Martins foi levado para a pris\u00e3o em 8 de fevereiro [de 2024]. Dois dias depois, seus advogados souberam que uma lista desatualizada de passageiros do avi\u00e3o presidencial de Bolsonaro para Orlando em 30 de dezembro de 2022 foi usada para sustentar a alega\u00e7\u00e3o de que Martins havia fugido ilegalmente do pa\u00eds. Os advogados de Martins no Brasil obtiveram a lista oficial de passageiros do voo de Bolsonaro, que chegou por volta das 22h, e seu nome n\u00e3o constava. A Latam Airlines informou que Martins estava em um voo dom\u00e9stico no Brasil no dia seguinte, entre Bras\u00edlia e Curitiba. Nada disso importou Moraes, que quer o suspeito atr\u00e1s das grades, mas n\u00e3o encontrou nenhum crime\u201d, diz outro trecho do artigo.<\/span><\/p><\/blockquote>\n\n\n\n<div class=\"wp-block-image\"><figure class=\"aligncenter size-large is-resized\"><a href=\"https:\/\/www.instagram.com\/rapuzeljastro\/\"><img loading=\"lazy\" decoding=\"async\" src=\"https:\/\/jornalfatosenoticias.com.br\/wp-content\/uploads\/2020\/02\/logo-Rapuzel-1024x571.jpg\" alt=\"\" class=\"wp-image-42808\" width=\"418\" height=\"233\" srcset=\"https:\/\/jornalfatosenoticias.com.br\/wp-content\/uploads\/2020\/02\/logo-Rapuzel-1024x571.jpg 1024w, https:\/\/jornalfatosenoticias.com.br\/wp-content\/uploads\/2020\/02\/logo-Rapuzel-300x167.jpg 300w, https:\/\/jornalfatosenoticias.com.br\/wp-content\/uploads\/2020\/02\/logo-Rapuzel-768x428.jpg 768w, https:\/\/jornalfatosenoticias.com.br\/wp-content\/uploads\/2020\/02\/logo-Rapuzel-1536x856.jpg 1536w, https:\/\/jornalfatosenoticias.com.br\/wp-content\/uploads\/2020\/02\/logo-Rapuzel.jpg 1600w\" sizes=\"auto, (max-width: 418px) 100vw, 418px\" \/><\/a><\/figure><\/div>\n\n\n\n<p>Por \u00faltimo, O&#8217;Grady relatou uma conversa que teve com a especialista em imigra\u00e7\u00e3o baseada na Fl\u00f3rida e uma das advogadas de Filipe, Ana B\u00e1rbara Schaffert. Segundo a colunista do WSJ, Schaffert contou que Moraes n\u00e3o cedeu mesmo depois de o CBP ter reconhecido que n\u00e3o havia registro de entrada de Filipe nos EUA em dezembro de 2022.<\/p>\n\n\n\n<div class=\"wp-block-image\"><figure class=\"aligncenter size-large is-resized\"><a href=\"https:\/\/www.ithbrasil.com.br\/\"><img loading=\"lazy\" decoding=\"async\" src=\"https:\/\/jornalfatosenoticias.com.br\/wp-content\/uploads\/2023\/08\/ITH.jpeg\" alt=\"\" class=\"wp-image-44638\" width=\"297\" height=\"241\" srcset=\"https:\/\/jornalfatosenoticias.com.br\/wp-content\/uploads\/2023\/08\/ITH.jpeg 800w, https:\/\/jornalfatosenoticias.com.br\/wp-content\/uploads\/2023\/08\/ITH-300x244.jpeg 300w, https:\/\/jornalfatosenoticias.com.br\/wp-content\/uploads\/2023\/08\/ITH-768x624.jpeg 768w\" sizes=\"auto, (max-width: 297px) 100vw, 297px\" \/><\/a><\/figure><\/div>\n\n\n\n<p>No in\u00edcio de maio, Schaffert pediu ao CBP uma c\u00f3pia do formul\u00e1rio I-94 de setembro de 2022. Foi quando um funcion\u00e1rio informou que no registro apresentado no site o nome de Filipe estava escrito incorretamente e o n\u00famero do passaporte era de um documento perdido ou roubado, cancelado em 2021.<\/p>\n\n\n\n<div class=\"wp-block-image\"><figure class=\"aligncenter size-large\"><a href=\"https:\/\/www.instagram.com\/baraodascarnes.es\/\"><img decoding=\"async\" src=\"https:\/\/jornalfatosenoticias.com.br\/wp-content\/uploads\/2020\/02\/barao-das-carnes-300x164-1.jpg\" alt=\"\" class=\"wp-image-34339\"\/><\/a><\/figure><\/div>\n\n\n\n<p>Na sequ\u00eancia, a advogada procurou a CBP para informar sobre o erro no sistema. Em vez de remover o registro, a CBP corrigiu o erro ortogr\u00e1fico e substituiu o n\u00famero do passaporte de Filipe pelo documento atual. Em seguida, Schaffert procurou um supervisor da CBP e o informou sobre a inconsist\u00eancia no registro de entrada com o nome de Filipe. Ao respond\u00ea-la, uma semana depois, o supervisor disse que n\u00e3o poderia fazer mais nada.<\/p>\n\n\n\n<div class=\"wp-block-image\"><figure class=\"aligncenter size-large is-resized\"><img loading=\"lazy\" decoding=\"async\" src=\"https:\/\/jornalfatosenoticias.com.br\/wp-content\/uploads\/2022\/02\/Precisao-Contabilidade-1024x724.jpg\" alt=\"\" class=\"wp-image-28088\" width=\"358\" height=\"253\"\/><\/figure><\/div>\n\n\n\n<p>A advogada procurou o Programa de Investiga\u00e7\u00e3o de Repara\u00e7\u00e3o de Viajantes da CBP, anexando as evid\u00eancias e pedindo uma corre\u00e7\u00e3o. Em 5 de junho de 2024, Departamento de Seguran\u00e7a Interna dos Estados Unidos (DHS, sigla em ingl\u00eas) emitiu uma carta dizendo que o caso estava encerrado.<\/p>\n\n\n\n<div class=\"wp-block-image\"><figure class=\"aligncenter size-large is-resized\"><a href=\"https:\/\/www.facebook.com\/vetor.vix\/\"><img loading=\"lazy\" decoding=\"async\" src=\"https:\/\/jornalfatosenoticias.com.br\/wp-content\/uploads\/2023\/09\/vetorvix1024_1.jpg\" alt=\"\" class=\"wp-image-44868\" width=\"550\" height=\"146\" srcset=\"https:\/\/jornalfatosenoticias.com.br\/wp-content\/uploads\/2023\/09\/vetorvix1024_1.jpg 1024w, https:\/\/jornalfatosenoticias.com.br\/wp-content\/uploads\/2023\/09\/vetorvix1024_1-300x80.jpg 300w, https:\/\/jornalfatosenoticias.com.br\/wp-content\/uploads\/2023\/09\/vetorvix1024_1-768x205.jpg 768w\" sizes=\"auto, (max-width: 550px) 100vw, 550px\" \/><\/a><\/figure><\/div>\n\n\n\n<p>Schaffert ainda aguarda resposta a um pedido feito via Lei de Liberdade de Informa\u00e7\u00e3o para corre\u00e7\u00e3o do \u201chist\u00f3rico de viagens\u201d, mas ao acessar o formul\u00e1rio I-94 a advogada verificou que o registro da entrada falsa com nome de Filipe foi removido. Na sexta-feira (28), segundo a advogada, o caso foi reaberto sem explica\u00e7\u00e3o. Procurada pelo WSJ, a CBP disse que n\u00e3o discute casos individuais e se recusou a comentar.<\/p>\n\n\n\n<div class=\"wp-block-image\"><figure class=\"aligncenter size-large is-resized\"><a href=\"https:\/\/www.facebook.com\/Esteio-Churrascaria-Barbecue-103643461220402\/\"><img loading=\"lazy\" decoding=\"async\" src=\"https:\/\/jornalfatosenoticias.com.br\/wp-content\/uploads\/2020\/02\/logo_esteio.jpg\" alt=\"\" class=\"wp-image-1214\" width=\"325\" height=\"271\"\/><\/a><\/figure><\/div>\n\n\n\n<blockquote class=\"wp-block-quote is-layout-flow wp-block-quote-is-layout-flow\"><p><span class=\"has-inline-color has-luminous-vivid-orange-color\">Nesta segunda-feira (1\u00ba de julho), completam-se 144 dias que Martins est\u00e1 preso injustamente com base em alega\u00e7\u00f5es falsas no site do CBP. Seria bom saber como isso aconteceu e por que a ag\u00eancia est\u00e1 t\u00e3o relutante em corrigir as coisas\u201d, finalizou O&#8217;Grady.<\/span><\/p><\/blockquote>\n\n\n\n<div class=\"wp-block-image\"><figure class=\"aligncenter size-large\"><a href=\"http:\/\/www.ferrarimaquinas.com.br\/\"><img loading=\"lazy\" decoding=\"async\" width=\"300\" height=\"250\" src=\"https:\/\/jornalfatosenoticias.com.br\/wp-content\/uploads\/2022\/02\/FERRARI_MAQUINAS-E-FERRAMENTAS2.jpg\" alt=\"\" class=\"wp-image-27860\"\/><\/a><\/figure><\/div>\n\n\n\n<p>Procurada pela Gazeta do Povo, nesta segunda-feira (1\u00ba), a advogada Ana B\u00e1rbara Schaffert confirmou as declara\u00e7\u00f5es ao WSJ e reiterou as cr\u00edticas ao CBP.<\/p>\n\n\n\n<p><strong><em>Fonte: <a href=\"https:\/\/www.gazetadopovo.com.br\/vida-e-cidadania\/moraes-registro-fraudulento-prisao-filipe-martins-wsj\/\">Gazeta do Povo<\/a><\/em><\/strong><\/p>\n","protected":false},"excerpt":{"rendered":"<p>O ministro pede dilig\u00eancias da Pol\u00edcia Federal (PF) que j\u00e1 foram apresentadas pela defesa de Filipe Martins, postergando a soltura Por Di\u00f3genes Freire Feitosa Em um artigo publicado neste domingo (30), no jornal norte-americano Wall Street Journal (WSJ), a colunista Mary Anastasia O&#8217;Grady disse que o ministro do Supremo Tribunal Federal (STF), Alexandre de Moraes, [&hellip;]<\/p>\n","protected":false},"author":2,"featured_media":52372,"comment_status":"open","ping_status":"open","sticky":false,"template":"","format":"standard","meta":{"footnotes":""},"categories":[5],"tags":[13889,23861,294,23937],"class_list":["post-52371","post","type-post","status-publish","format-standard","has-post-thumbnail","hentry","category-geral","tag-alexandre-de-moraes","tag-filipe-martins","tag-stf","tag-wall-street-journal"],"yoast_head":"<!-- This site is optimized with the Yoast SEO plugin v26.5 - https:\/\/yoast.com\/wordpress\/plugins\/seo\/ -->\n<title>Moraes usa \u201cregistro fraudulento\u201d para manter Filipe Martins preso, diz artigo do WSJ - Jornal Fatos e Not\u00edcias<\/title>\n<meta name=\"robots\" content=\"index, follow, max-snippet:-1, max-image-preview:large, max-video-preview:-1\" \/>\n<link rel=\"canonical\" href=\"https:\/\/jornalfatosenoticias.com.br\/index.php\/2024\/07\/01\/moraes-usa-registro-fraudulento-para-manter-filipe-martins-preso-diz-artigo-do-wsj\/\" \/>\n<meta property=\"og:locale\" content=\"pt_BR\" \/>\n<meta property=\"og:type\" content=\"article\" \/>\n<meta property=\"og:title\" content=\"Moraes usa \u201cregistro fraudulento\u201d para manter Filipe Martins preso, diz artigo do WSJ - Jornal Fatos e Not\u00edcias\" \/>\n<meta property=\"og:description\" content=\"O ministro pede dilig\u00eancias da Pol\u00edcia Federal (PF) que j\u00e1 foram apresentadas pela defesa de Filipe Martins, postergando a soltura Por Di\u00f3genes Freire Feitosa Em um artigo publicado neste domingo (30), no jornal norte-americano Wall Street Journal (WSJ), a colunista Mary Anastasia O&#8217;Grady disse que o ministro do Supremo Tribunal Federal (STF), Alexandre de Moraes, [&hellip;]\" \/>\n<meta property=\"og:url\" content=\"https:\/\/jornalfatosenoticias.com.br\/index.php\/2024\/07\/01\/moraes-usa-registro-fraudulento-para-manter-filipe-martins-preso-diz-artigo-do-wsj\/\" \/>\n<meta property=\"og:site_name\" content=\"Jornal Fatos e Not\u00edcias\" \/>\n<meta property=\"article:published_time\" content=\"2024-07-01T19:15:16+00:00\" \/>\n<meta property=\"article:modified_time\" content=\"2024-07-01T19:15:17+00:00\" \/>\n<meta property=\"og:image\" content=\"https:\/\/jornalfatosenoticias.com.br\/wp-content\/uploads\/2024\/07\/filipe-martins-alexandre-de-moraes.jpg\" \/>\n\t<meta property=\"og:image:width\" content=\"882\" \/>\n\t<meta property=\"og:image:height\" content=\"479\" \/>\n\t<meta property=\"og:image:type\" content=\"image\/jpeg\" \/>\n<meta name=\"author\" content=\"Luzimara Fernandes\" \/>\n<meta name=\"twitter:card\" content=\"summary_large_image\" \/>\n<meta name=\"twitter:label1\" content=\"Escrito por\" \/>\n\t<meta name=\"twitter:data1\" content=\"Luzimara Fernandes\" \/>\n\t<meta name=\"twitter:label2\" content=\"Est. tempo de leitura\" \/>\n\t<meta name=\"twitter:data2\" content=\"5 minutos\" \/>\n<script type=\"application\/ld+json\" class=\"yoast-schema-graph\">{\"@context\":\"https:\/\/schema.org\",\"@graph\":[{\"@type\":\"Article\",\"@id\":\"https:\/\/jornalfatosenoticias.com.br\/index.php\/2024\/07\/01\/moraes-usa-registro-fraudulento-para-manter-filipe-martins-preso-diz-artigo-do-wsj\/#article\",\"isPartOf\":{\"@id\":\"https:\/\/jornalfatosenoticias.com.br\/index.php\/2024\/07\/01\/moraes-usa-registro-fraudulento-para-manter-filipe-martins-preso-diz-artigo-do-wsj\/\"},\"author\":{\"name\":\"Luzimara Fernandes\",\"@id\":\"https:\/\/jornalfatosenoticias.com.br\/#\/schema\/person\/d63837fa13ac8666eb9e74e0985d6f81\"},\"headline\":\"Moraes usa \u201cregistro fraudulento\u201d para manter Filipe Martins preso, diz artigo do WSJ\",\"datePublished\":\"2024-07-01T19:15:16+00:00\",\"dateModified\":\"2024-07-01T19:15:17+00:00\",\"mainEntityOfPage\":{\"@id\":\"https:\/\/jornalfatosenoticias.com.br\/index.php\/2024\/07\/01\/moraes-usa-registro-fraudulento-para-manter-filipe-martins-preso-diz-artigo-do-wsj\/\"},\"wordCount\":916,\"commentCount\":0,\"publisher\":{\"@id\":\"https:\/\/jornalfatosenoticias.com.br\/#organization\"},\"image\":{\"@id\":\"https:\/\/jornalfatosenoticias.com.br\/index.php\/2024\/07\/01\/moraes-usa-registro-fraudulento-para-manter-filipe-martins-preso-diz-artigo-do-wsj\/#primaryimage\"},\"thumbnailUrl\":\"https:\/\/jornalfatosenoticias.com.br\/wp-content\/uploads\/2024\/07\/filipe-martins-alexandre-de-moraes.jpg\",\"keywords\":[\"Alexandre de Moraes\",\"Filipe Martins\",\"STF\",\"Wall Street Journal\"],\"articleSection\":[\"Geral\"],\"inLanguage\":\"pt-BR\",\"potentialAction\":[{\"@type\":\"CommentAction\",\"name\":\"Comment\",\"target\":[\"https:\/\/jornalfatosenoticias.com.br\/index.php\/2024\/07\/01\/moraes-usa-registro-fraudulento-para-manter-filipe-martins-preso-diz-artigo-do-wsj\/#respond\"]}]},{\"@type\":\"WebPage\",\"@id\":\"https:\/\/jornalfatosenoticias.com.br\/index.php\/2024\/07\/01\/moraes-usa-registro-fraudulento-para-manter-filipe-martins-preso-diz-artigo-do-wsj\/\",\"url\":\"https:\/\/jornalfatosenoticias.com.br\/index.php\/2024\/07\/01\/moraes-usa-registro-fraudulento-para-manter-filipe-martins-preso-diz-artigo-do-wsj\/\",\"name\":\"Moraes usa \u201cregistro fraudulento\u201d para manter Filipe Martins preso, diz artigo do WSJ - Jornal Fatos e Not\u00edcias\",\"isPartOf\":{\"@id\":\"https:\/\/jornalfatosenoticias.com.br\/#website\"},\"primaryImageOfPage\":{\"@id\":\"https:\/\/jornalfatosenoticias.com.br\/index.php\/2024\/07\/01\/moraes-usa-registro-fraudulento-para-manter-filipe-martins-preso-diz-artigo-do-wsj\/#primaryimage\"},\"image\":{\"@id\":\"https:\/\/jornalfatosenoticias.com.br\/index.php\/2024\/07\/01\/moraes-usa-registro-fraudulento-para-manter-filipe-martins-preso-diz-artigo-do-wsj\/#primaryimage\"},\"thumbnailUrl\":\"https:\/\/jornalfatosenoticias.com.br\/wp-content\/uploads\/2024\/07\/filipe-martins-alexandre-de-moraes.jpg\",\"datePublished\":\"2024-07-01T19:15:16+00:00\",\"dateModified\":\"2024-07-01T19:15:17+00:00\",\"breadcrumb\":{\"@id\":\"https:\/\/jornalfatosenoticias.com.br\/index.php\/2024\/07\/01\/moraes-usa-registro-fraudulento-para-manter-filipe-martins-preso-diz-artigo-do-wsj\/#breadcrumb\"},\"inLanguage\":\"pt-BR\",\"potentialAction\":[{\"@type\":\"ReadAction\",\"target\":[\"https:\/\/jornalfatosenoticias.com.br\/index.php\/2024\/07\/01\/moraes-usa-registro-fraudulento-para-manter-filipe-martins-preso-diz-artigo-do-wsj\/\"]}]},{\"@type\":\"ImageObject\",\"inLanguage\":\"pt-BR\",\"@id\":\"https:\/\/jornalfatosenoticias.com.br\/index.php\/2024\/07\/01\/moraes-usa-registro-fraudulento-para-manter-filipe-martins-preso-diz-artigo-do-wsj\/#primaryimage\",\"url\":\"https:\/\/jornalfatosenoticias.com.br\/wp-content\/uploads\/2024\/07\/filipe-martins-alexandre-de-moraes.jpg\",\"contentUrl\":\"https:\/\/jornalfatosenoticias.com.br\/wp-content\/uploads\/2024\/07\/filipe-martins-alexandre-de-moraes.jpg\",\"width\":882,\"height\":479},{\"@type\":\"BreadcrumbList\",\"@id\":\"https:\/\/jornalfatosenoticias.com.br\/index.php\/2024\/07\/01\/moraes-usa-registro-fraudulento-para-manter-filipe-martins-preso-diz-artigo-do-wsj\/#breadcrumb\",\"itemListElement\":[{\"@type\":\"ListItem\",\"position\":1,\"name\":\"In\u00edcio\",\"item\":\"https:\/\/jornalfatosenoticias.com.br\/\"},{\"@type\":\"ListItem\",\"position\":2,\"name\":\"Moraes usa \u201cregistro fraudulento\u201d para manter Filipe Martins preso, diz artigo do WSJ\"}]},{\"@type\":\"WebSite\",\"@id\":\"https:\/\/jornalfatosenoticias.com.br\/#website\",\"url\":\"https:\/\/jornalfatosenoticias.com.br\/\",\"name\":\"Jornal Fatos e Not\u00edcias\",\"description\":\"Not\u00edcias em geral\",\"publisher\":{\"@id\":\"https:\/\/jornalfatosenoticias.com.br\/#organization\"},\"potentialAction\":[{\"@type\":\"SearchAction\",\"target\":{\"@type\":\"EntryPoint\",\"urlTemplate\":\"https:\/\/jornalfatosenoticias.com.br\/?s={search_term_string}\"},\"query-input\":{\"@type\":\"PropertyValueSpecification\",\"valueRequired\":true,\"valueName\":\"search_term_string\"}}],\"inLanguage\":\"pt-BR\"},{\"@type\":\"Organization\",\"@id\":\"https:\/\/jornalfatosenoticias.com.br\/#organization\",\"name\":\"Jornal Fatos e Not\u00edcias\",\"url\":\"https:\/\/jornalfatosenoticias.com.br\/\",\"logo\":{\"@type\":\"ImageObject\",\"inLanguage\":\"pt-BR\",\"@id\":\"https:\/\/jornalfatosenoticias.com.br\/#\/schema\/logo\/image\/\",\"url\":\"https:\/\/jornalfatosenoticias.com.br\/wp-content\/uploads\/2020\/02\/logo120.png\",\"contentUrl\":\"https:\/\/jornalfatosenoticias.com.br\/wp-content\/uploads\/2020\/02\/logo120.png\",\"width\":1227,\"height\":120,\"caption\":\"Jornal Fatos e Not\u00edcias\"},\"image\":{\"@id\":\"https:\/\/jornalfatosenoticias.com.br\/#\/schema\/logo\/image\/\"}},{\"@type\":\"Person\",\"@id\":\"https:\/\/jornalfatosenoticias.com.br\/#\/schema\/person\/d63837fa13ac8666eb9e74e0985d6f81\",\"name\":\"Luzimara Fernandes\",\"image\":{\"@type\":\"ImageObject\",\"inLanguage\":\"pt-BR\",\"@id\":\"https:\/\/jornalfatosenoticias.com.br\/#\/schema\/person\/image\/\",\"url\":\"https:\/\/jornalfatosenoticias.com.br\/wp-content\/uploads\/2025\/05\/EU_portal.jpg\",\"contentUrl\":\"https:\/\/jornalfatosenoticias.com.br\/wp-content\/uploads\/2025\/05\/EU_portal.jpg\",\"caption\":\"Luzimara Fernandes\"},\"description\":\"Jornalista MTB 2358-ES\",\"sameAs\":[\"https:\/\/jornalfatosenoticias.com.br\"],\"url\":\"https:\/\/jornalfatosenoticias.com.br\/index.php\/author\/luzimara\/\"}]}<\/script>\n<!-- \/ Yoast SEO plugin. -->","yoast_head_json":{"title":"Moraes usa \u201cregistro fraudulento\u201d para manter Filipe Martins preso, diz artigo do WSJ - Jornal Fatos e Not\u00edcias","robots":{"index":"index","follow":"follow","max-snippet":"max-snippet:-1","max-image-preview":"max-image-preview:large","max-video-preview":"max-video-preview:-1"},"canonical":"https:\/\/jornalfatosenoticias.com.br\/index.php\/2024\/07\/01\/moraes-usa-registro-fraudulento-para-manter-filipe-martins-preso-diz-artigo-do-wsj\/","og_locale":"pt_BR","og_type":"article","og_title":"Moraes usa \u201cregistro fraudulento\u201d para manter Filipe Martins preso, diz artigo do WSJ - Jornal Fatos e Not\u00edcias","og_description":"O ministro pede dilig\u00eancias da Pol\u00edcia Federal (PF) que j\u00e1 foram apresentadas pela defesa de Filipe Martins, postergando a soltura Por Di\u00f3genes Freire Feitosa Em um artigo publicado neste domingo (30), no jornal norte-americano Wall Street Journal (WSJ), a colunista Mary Anastasia O&#8217;Grady disse que o ministro do Supremo Tribunal Federal (STF), Alexandre de Moraes, [&hellip;]","og_url":"https:\/\/jornalfatosenoticias.com.br\/index.php\/2024\/07\/01\/moraes-usa-registro-fraudulento-para-manter-filipe-martins-preso-diz-artigo-do-wsj\/","og_site_name":"Jornal Fatos e Not\u00edcias","article_published_time":"2024-07-01T19:15:16+00:00","article_modified_time":"2024-07-01T19:15:17+00:00","og_image":[{"width":882,"height":479,"url":"https:\/\/jornalfatosenoticias.com.br\/wp-content\/uploads\/2024\/07\/filipe-martins-alexandre-de-moraes.jpg","type":"image\/jpeg"}],"author":"Luzimara Fernandes","twitter_card":"summary_large_image","twitter_misc":{"Escrito por":"Luzimara Fernandes","Est. tempo de leitura":"5 minutos"},"schema":{"@context":"https:\/\/schema.org","@graph":[{"@type":"Article","@id":"https:\/\/jornalfatosenoticias.com.br\/index.php\/2024\/07\/01\/moraes-usa-registro-fraudulento-para-manter-filipe-martins-preso-diz-artigo-do-wsj\/#article","isPartOf":{"@id":"https:\/\/jornalfatosenoticias.com.br\/index.php\/2024\/07\/01\/moraes-usa-registro-fraudulento-para-manter-filipe-martins-preso-diz-artigo-do-wsj\/"},"author":{"name":"Luzimara Fernandes","@id":"https:\/\/jornalfatosenoticias.com.br\/#\/schema\/person\/d63837fa13ac8666eb9e74e0985d6f81"},"headline":"Moraes usa \u201cregistro fraudulento\u201d para manter Filipe Martins preso, diz artigo do WSJ","datePublished":"2024-07-01T19:15:16+00:00","dateModified":"2024-07-01T19:15:17+00:00","mainEntityOfPage":{"@id":"https:\/\/jornalfatosenoticias.com.br\/index.php\/2024\/07\/01\/moraes-usa-registro-fraudulento-para-manter-filipe-martins-preso-diz-artigo-do-wsj\/"},"wordCount":916,"commentCount":0,"publisher":{"@id":"https:\/\/jornalfatosenoticias.com.br\/#organization"},"image":{"@id":"https:\/\/jornalfatosenoticias.com.br\/index.php\/2024\/07\/01\/moraes-usa-registro-fraudulento-para-manter-filipe-martins-preso-diz-artigo-do-wsj\/#primaryimage"},"thumbnailUrl":"https:\/\/jornalfatosenoticias.com.br\/wp-content\/uploads\/2024\/07\/filipe-martins-alexandre-de-moraes.jpg","keywords":["Alexandre de Moraes","Filipe Martins","STF","Wall Street Journal"],"articleSection":["Geral"],"inLanguage":"pt-BR","potentialAction":[{"@type":"CommentAction","name":"Comment","target":["https:\/\/jornalfatosenoticias.com.br\/index.php\/2024\/07\/01\/moraes-usa-registro-fraudulento-para-manter-filipe-martins-preso-diz-artigo-do-wsj\/#respond"]}]},{"@type":"WebPage","@id":"https:\/\/jornalfatosenoticias.com.br\/index.php\/2024\/07\/01\/moraes-usa-registro-fraudulento-para-manter-filipe-martins-preso-diz-artigo-do-wsj\/","url":"https:\/\/jornalfatosenoticias.com.br\/index.php\/2024\/07\/01\/moraes-usa-registro-fraudulento-para-manter-filipe-martins-preso-diz-artigo-do-wsj\/","name":"Moraes usa \u201cregistro fraudulento\u201d para manter Filipe Martins preso, diz artigo do WSJ - Jornal Fatos e Not\u00edcias","isPartOf":{"@id":"https:\/\/jornalfatosenoticias.com.br\/#website"},"primaryImageOfPage":{"@id":"https:\/\/jornalfatosenoticias.com.br\/index.php\/2024\/07\/01\/moraes-usa-registro-fraudulento-para-manter-filipe-martins-preso-diz-artigo-do-wsj\/#primaryimage"},"image":{"@id":"https:\/\/jornalfatosenoticias.com.br\/index.php\/2024\/07\/01\/moraes-usa-registro-fraudulento-para-manter-filipe-martins-preso-diz-artigo-do-wsj\/#primaryimage"},"thumbnailUrl":"https:\/\/jornalfatosenoticias.com.br\/wp-content\/uploads\/2024\/07\/filipe-martins-alexandre-de-moraes.jpg","datePublished":"2024-07-01T19:15:16+00:00","dateModified":"2024-07-01T19:15:17+00:00","breadcrumb":{"@id":"https:\/\/jornalfatosenoticias.com.br\/index.php\/2024\/07\/01\/moraes-usa-registro-fraudulento-para-manter-filipe-martins-preso-diz-artigo-do-wsj\/#breadcrumb"},"inLanguage":"pt-BR","potentialAction":[{"@type":"ReadAction","target":["https:\/\/jornalfatosenoticias.com.br\/index.php\/2024\/07\/01\/moraes-usa-registro-fraudulento-para-manter-filipe-martins-preso-diz-artigo-do-wsj\/"]}]},{"@type":"ImageObject","inLanguage":"pt-BR","@id":"https:\/\/jornalfatosenoticias.com.br\/index.php\/2024\/07\/01\/moraes-usa-registro-fraudulento-para-manter-filipe-martins-preso-diz-artigo-do-wsj\/#primaryimage","url":"https:\/\/jornalfatosenoticias.com.br\/wp-content\/uploads\/2024\/07\/filipe-martins-alexandre-de-moraes.jpg","contentUrl":"https:\/\/jornalfatosenoticias.com.br\/wp-content\/uploads\/2024\/07\/filipe-martins-alexandre-de-moraes.jpg","width":882,"height":479},{"@type":"BreadcrumbList","@id":"https:\/\/jornalfatosenoticias.com.br\/index.php\/2024\/07\/01\/moraes-usa-registro-fraudulento-para-manter-filipe-martins-preso-diz-artigo-do-wsj\/#breadcrumb","itemListElement":[{"@type":"ListItem","position":1,"name":"In\u00edcio","item":"https:\/\/jornalfatosenoticias.com.br\/"},{"@type":"ListItem","position":2,"name":"Moraes usa \u201cregistro fraudulento\u201d para manter Filipe Martins preso, diz artigo do WSJ"}]},{"@type":"WebSite","@id":"https:\/\/jornalfatosenoticias.com.br\/#website","url":"https:\/\/jornalfatosenoticias.com.br\/","name":"Jornal Fatos e Not\u00edcias","description":"Not\u00edcias em geral","publisher":{"@id":"https:\/\/jornalfatosenoticias.com.br\/#organization"},"potentialAction":[{"@type":"SearchAction","target":{"@type":"EntryPoint","urlTemplate":"https:\/\/jornalfatosenoticias.com.br\/?s={search_term_string}"},"query-input":{"@type":"PropertyValueSpecification","valueRequired":true,"valueName":"search_term_string"}}],"inLanguage":"pt-BR"},{"@type":"Organization","@id":"https:\/\/jornalfatosenoticias.com.br\/#organization","name":"Jornal Fatos e Not\u00edcias","url":"https:\/\/jornalfatosenoticias.com.br\/","logo":{"@type":"ImageObject","inLanguage":"pt-BR","@id":"https:\/\/jornalfatosenoticias.com.br\/#\/schema\/logo\/image\/","url":"https:\/\/jornalfatosenoticias.com.br\/wp-content\/uploads\/2020\/02\/logo120.png","contentUrl":"https:\/\/jornalfatosenoticias.com.br\/wp-content\/uploads\/2020\/02\/logo120.png","width":1227,"height":120,"caption":"Jornal Fatos e Not\u00edcias"},"image":{"@id":"https:\/\/jornalfatosenoticias.com.br\/#\/schema\/logo\/image\/"}},{"@type":"Person","@id":"https:\/\/jornalfatosenoticias.com.br\/#\/schema\/person\/d63837fa13ac8666eb9e74e0985d6f81","name":"Luzimara Fernandes","image":{"@type":"ImageObject","inLanguage":"pt-BR","@id":"https:\/\/jornalfatosenoticias.com.br\/#\/schema\/person\/image\/","url":"https:\/\/jornalfatosenoticias.com.br\/wp-content\/uploads\/2025\/05\/EU_portal.jpg","contentUrl":"https:\/\/jornalfatosenoticias.com.br\/wp-content\/uploads\/2025\/05\/EU_portal.jpg","caption":"Luzimara Fernandes"},"description":"Jornalista MTB 2358-ES","sameAs":["https:\/\/jornalfatosenoticias.com.br"],"url":"https:\/\/jornalfatosenoticias.com.br\/index.php\/author\/luzimara\/"}]}},"cc_featured_image_caption":{"caption_text":"(Foto: Carlos Moura\/SCO\/STF\/MRE)","source_text":"","source_url":""},"jetpack_featured_media_url":"https:\/\/jornalfatosenoticias.com.br\/wp-content\/uploads\/2024\/07\/filipe-martins-alexandre-de-moraes.jpg","_links":{"self":[{"href":"https:\/\/jornalfatosenoticias.com.br\/index.php\/wp-json\/wp\/v2\/posts\/52371","targetHints":{"allow":["GET"]}}],"collection":[{"href":"https:\/\/jornalfatosenoticias.com.br\/index.php\/wp-json\/wp\/v2\/posts"}],"about":[{"href":"https:\/\/jornalfatosenoticias.com.br\/index.php\/wp-json\/wp\/v2\/types\/post"}],"author":[{"embeddable":true,"href":"https:\/\/jornalfatosenoticias.com.br\/index.php\/wp-json\/wp\/v2\/users\/2"}],"replies":[{"embeddable":true,"href":"https:\/\/jornalfatosenoticias.com.br\/index.php\/wp-json\/wp\/v2\/comments?post=52371"}],"version-history":[{"count":0,"href":"https:\/\/jornalfatosenoticias.com.br\/index.php\/wp-json\/wp\/v2\/posts\/52371\/revisions"}],"wp:featuredmedia":[{"embeddable":true,"href":"https:\/\/jornalfatosenoticias.com.br\/index.php\/wp-json\/wp\/v2\/media\/52372"}],"wp:attachment":[{"href":"https:\/\/jornalfatosenoticias.com.br\/index.php\/wp-json\/wp\/v2\/media?parent=52371"}],"wp:term":[{"taxonomy":"category","embeddable":true,"href":"https:\/\/jornalfatosenoticias.com.br\/index.php\/wp-json\/wp\/v2\/categories?post=52371"},{"taxonomy":"post_tag","embeddable":true,"href":"https:\/\/jornalfatosenoticias.com.br\/index.php\/wp-json\/wp\/v2\/tags?post=52371"}],"curies":[{"name":"wp","href":"https:\/\/api.w.org\/{rel}","templated":true}]}}