{"id":52374,"date":"2024-07-01T16:29:10","date_gmt":"2024-07-01T19:29:10","guid":{"rendered":"https:\/\/jornalfatosenoticias.com.br\/?p=52374"},"modified":"2024-07-01T16:29:11","modified_gmt":"2024-07-01T19:29:11","slug":"alta-na-carga-tributaria-e-fator-de-maior-impacto-na-conta-de-luz-das-industrias-diz-cni","status":"publish","type":"post","link":"https:\/\/jornalfatosenoticias.com.br\/index.php\/2024\/07\/01\/alta-na-carga-tributaria-e-fator-de-maior-impacto-na-conta-de-luz-das-industrias-diz-cni\/","title":{"rendered":"Alta na carga tribut\u00e1ria \u00e9 fator de maior impacto na conta de luz das ind\u00fastrias, diz CNI"},"content":{"rendered":"\n<p><em><span class=\"has-inline-color has-black-color\">Al\u00e9m de sofrer com o impacto da carga tribut\u00e1ria, executivos do setor industrial relatam ter sofrido com quedas de luz nos \u00faltimos 12 meses<\/span><\/em><\/p>\n\n\n\n<p><span class=\"has-inline-color has-black-color\">Por <strong><a href=\"https:\/\/www.gazetadopovo.com.br\/autor\/diogenes-freire-feitosa\/\">Di\u00f3genes Freire Feitosa<\/a><\/strong><\/span><\/p>\n\n\n\n<div class=\"wp-block-image\"><figure class=\"aligncenter size-large\"><a href=\"https:\/\/panper.com.br\/\"><img loading=\"lazy\" decoding=\"async\" width=\"1024\" height=\"111\" src=\"https:\/\/jornalfatosenoticias.com.br\/wp-content\/uploads\/2020\/02\/WhatsApp-Image-2022-09-23-at-12.09.18-1024x111.jpeg\" alt=\"\" class=\"wp-image-34527\" srcset=\"https:\/\/jornalfatosenoticias.com.br\/wp-content\/uploads\/2020\/02\/WhatsApp-Image-2022-09-23-at-12.09.18-1024x111.jpeg 1024w, https:\/\/jornalfatosenoticias.com.br\/wp-content\/uploads\/2020\/02\/WhatsApp-Image-2022-09-23-at-12.09.18-300x32.jpeg 300w, https:\/\/jornalfatosenoticias.com.br\/wp-content\/uploads\/2020\/02\/WhatsApp-Image-2022-09-23-at-12.09.18-768x83.jpeg 768w, https:\/\/jornalfatosenoticias.com.br\/wp-content\/uploads\/2020\/02\/WhatsApp-Image-2022-09-23-at-12.09.18.jpeg 1121w\" sizes=\"auto, (max-width: 1024px) 100vw, 1024px\" \/><\/a><\/figure><\/div>\n\n\n\n<p>De acordo com uma pesquisa realizada pela Confedera\u00e7\u00e3o Nacional das Ind\u00fastrias (CNI), e divulgada nesta segunda-feira (1\u00ba), a alta na carga tribut\u00e1ria \u00e9 o fator de maior impacto na conta de luz das ind\u00fastrias. O impacto da carga tribut\u00e1ria na conta de luz foi apontado por 78% dos executivos ouvidos na pesquisa. Entre os que citaram esse t\u00f3pico, 60% dos entrevistados apontaram a alta na carga tribut\u00e1ria como o principal fator de impacto e 18%, como o segundo motivo.<br>Ao todo, a pesquisa ouviu, por telefone, 1.002 executivos l\u00edderes de ind\u00fastrias de pequeno, m\u00e9dio e grande portes. O levantamento foi realizado entre 30 de abril e 2 de maio de 2024. Al\u00e9m da alta na carga tribut\u00e1ria, foram apontados outros fatores relevantes de impacto nos pre\u00e7os da energia, como os per\u00edodos de seca (29%), o custo de transmiss\u00e3o de energia (27%), os subs\u00eddios pagos na conta de luz (17%) e o custo da gera\u00e7\u00e3o de energia (16%).<\/p>\n\n\n\n<div class=\"wp-block-image\"><figure class=\"aligncenter size-large is-resized\"><a href=\"https:\/\/www.facebook.com\/postobkr\/?locale=pt_BR\"><img loading=\"lazy\" decoding=\"async\" src=\"https:\/\/jornalfatosenoticias.com.br\/wp-content\/uploads\/2023\/08\/BKR-1024x1021.jpg\" alt=\"\" class=\"wp-image-44494\" width=\"309\" height=\"308\" srcset=\"https:\/\/jornalfatosenoticias.com.br\/wp-content\/uploads\/2023\/08\/BKR-1024x1021.jpg 1024w, https:\/\/jornalfatosenoticias.com.br\/wp-content\/uploads\/2023\/08\/BKR-300x300.jpg 300w, https:\/\/jornalfatosenoticias.com.br\/wp-content\/uploads\/2023\/08\/BKR-150x150.jpg 150w, https:\/\/jornalfatosenoticias.com.br\/wp-content\/uploads\/2023\/08\/BKR-768x766.jpg 768w, https:\/\/jornalfatosenoticias.com.br\/wp-content\/uploads\/2023\/08\/BKR.jpg 1080w\" sizes=\"auto, (max-width: 309px) 100vw, 309px\" \/><\/a><\/figure><\/div>\n\n\n\n<p>Para 55% dos entrevistados, o excesso de subs\u00eddios no setor el\u00e9trico tamb\u00e9m afeta a competitividade da ind\u00fastria brasileira de forma negativa. Outros 47% consideram que a concess\u00e3o dos subs\u00eddios a alguns poucos setores econ\u00f4micos s\u00e3o respons\u00e1veis pelo alto custo da energia el\u00e9trica no Brasil.\u00a0<\/p>\n\n\n\n<div class=\"wp-block-image\"><figure class=\"aligncenter size-large is-resized\"><a href=\"https:\/\/www.instagram.com\/restaurantepegoretti\/\"><img loading=\"lazy\" decoding=\"async\" src=\"https:\/\/jornalfatosenoticias.com.br\/wp-content\/uploads\/2023\/12\/pegoretti-logo-pdf-1024x389.jpg\" alt=\"\" class=\"wp-image-47536\" width=\"461\" height=\"175\" srcset=\"https:\/\/jornalfatosenoticias.com.br\/wp-content\/uploads\/2023\/12\/pegoretti-logo-pdf-1024x389.jpg 1024w, https:\/\/jornalfatosenoticias.com.br\/wp-content\/uploads\/2023\/12\/pegoretti-logo-pdf-300x114.jpg 300w, https:\/\/jornalfatosenoticias.com.br\/wp-content\/uploads\/2023\/12\/pegoretti-logo-pdf-768x291.jpg 768w, https:\/\/jornalfatosenoticias.com.br\/wp-content\/uploads\/2023\/12\/pegoretti-logo-pdf.jpg 1120w\" sizes=\"auto, (max-width: 461px) 100vw, 461px\" \/><\/a><\/figure><\/div>\n\n\n\n<p>A pesquisa revelou ainda que 53% das empresas notaram um aumento na conta de luz nos \u00faltimos 12 meses. Para 43%, o impacto do custo da energia el\u00e9trica sobre a ind\u00fastria \u00e9 alto ou muito alto.\u00a0Segundo a Ag\u00eancia Nacional de Energia El\u00e9trica (Aneel), os impostos e os encargos representam um total de 44,1% do valor da conta de luz.\u00a0<\/p>\n\n\n\n<div class=\"wp-block-image\"><figure class=\"aligncenter size-large is-resized\"><img loading=\"lazy\" decoding=\"async\" src=\"https:\/\/jornalfatosenoticias.com.br\/wp-content\/uploads\/2022\/02\/Precisao-Contabilidade-1024x724.jpg\" alt=\"\" class=\"wp-image-28088\" width=\"342\" height=\"242\"\/><\/figure><\/div>\n\n\n\n<blockquote class=\"wp-block-quote is-layout-flow wp-block-quote-is-layout-flow\"><p><span class=\"has-inline-color has-luminous-vivid-orange-color\">O custo da produ\u00e7\u00e3o da energia no Brasil \u00e9 barato, mas a nossa conta de luz \u00e9 uma das mais caras do mundo. Reduzir o pre\u00e7o da energia \u00e9 uma obsess\u00e3o da ind\u00fastria brasileira. Para isso, a diminui\u00e7\u00e3o dos encargos \u00e9 um imperativo n\u00e3o apenas para contribuir com a competitividade do setor industrial, mas para garantir a sustentabilidade econ\u00f4mica do pr\u00f3prio setor el\u00e9trico nacional\u201d, disse o presidente da CNI, Ricardo Alban.<\/span><\/p><\/blockquote>\n\n\n\n<div class=\"wp-block-image\"><figure class=\"aligncenter size-large is-resized\"><a href=\"https:\/\/www.controlsystems.com.br\/\"><img loading=\"lazy\" decoding=\"async\" src=\"https:\/\/jornalfatosenoticias.com.br\/wp-content\/uploads\/2020\/02\/CONTROL-CS.jpg\" alt=\"\" class=\"wp-image-44991\" width=\"312\" height=\"374\" srcset=\"https:\/\/jornalfatosenoticias.com.br\/wp-content\/uploads\/2020\/02\/CONTROL-CS.jpg 834w, https:\/\/jornalfatosenoticias.com.br\/wp-content\/uploads\/2020\/02\/CONTROL-CS-250x300.jpg 250w, https:\/\/jornalfatosenoticias.com.br\/wp-content\/uploads\/2020\/02\/CONTROL-CS-768x921.jpg 768w\" sizes=\"auto, (max-width: 312px) 100vw, 312px\" \/><\/a><\/figure><\/div>\n\n\n\n<p>O levantamento da CNI revelou que a energia el\u00e9trica \u00e9 a fonte energ\u00e9tica mais utilizada por 80% das ind\u00fastrias para o processo industrial. Na sequ\u00eancia, aparecem energia solar (10%), g\u00e1s natural (2%), \u00f3leo diesel (2%) e lenha (1%). Os dados mostram ainda que 96% das ind\u00fastrias usam energia el\u00e9trica no processo produtivo; 20% usam energia solar; 14%, g\u00e1s natural; 14%, \u00f3leo diesel; 8%, lenha; e 4%, \u00f3leo combust\u00edvel.<\/p>\n\n\n\n<div class=\"wp-block-image\"><figure class=\"aligncenter size-large is-resized\"><a href=\"https:\/\/hotelmarquetti.com.br\/\"><img loading=\"lazy\" decoding=\"async\" src=\"https:\/\/jornalfatosenoticias.com.br\/wp-content\/uploads\/2023\/03\/nova-logo-Marquetti.jpg\" alt=\"\" class=\"wp-image-40207\" width=\"337\" height=\"226\" srcset=\"https:\/\/jornalfatosenoticias.com.br\/wp-content\/uploads\/2023\/03\/nova-logo-Marquetti.jpg 643w, https:\/\/jornalfatosenoticias.com.br\/wp-content\/uploads\/2023\/03\/nova-logo-Marquetti-300x202.jpg 300w\" sizes=\"auto, (max-width: 337px) 100vw, 337px\" \/><\/a><\/figure><\/div>\n\n\n\n<p>Al\u00e9m de sofrer com o impacto da alta da carga tribut\u00e1ria na conta de luz, 70% dos entrevistados relataram ter sofrido com quedas de luz nos \u00faltimos 12 meses. 51% tiveram mais de cinco falhas de fornecimento ao longo de um ano; e 21% registraram problemas mais de 10 vezes neste per\u00edodo. Questionados sobre a qualidade do fornecimento de luz, 11% responderam como excelente; 43% como boa; 28% como regular; 9% como ruim; e 9%, p\u00e9ssima.<\/p>\n\n\n\n<div class=\"wp-block-image\"><figure class=\"aligncenter size-large\"><a href=\"https:\/\/cesconetto.com.br\/\"><img loading=\"lazy\" decoding=\"async\" width=\"300\" height=\"250\" src=\"https:\/\/jornalfatosenoticias.com.br\/wp-content\/uploads\/2020\/02\/Banner-2.png\" alt=\"\" class=\"wp-image-43787\"\/><\/a><\/figure><\/div>\n\n\n\n<p><strong><em>Fonte: <a href=\"https:\/\/www.gazetadopovo.com.br\/economia\/alta-na-carga-tributaria-e-fator-de-maior-impacto-na-conta-de-luz-das-industrias-diz-cni\/\">Gazeta do Povo<\/a><\/em><\/strong><\/p>\n","protected":false},"excerpt":{"rendered":"<p>Al\u00e9m de sofrer com o impacto da carga tribut\u00e1ria, executivos do setor industrial relatam ter sofrido com quedas de luz nos \u00faltimos 12 meses Por Di\u00f3genes Freire Feitosa De acordo com uma pesquisa realizada pela Confedera\u00e7\u00e3o Nacional das Ind\u00fastrias (CNI), e divulgada nesta segunda-feira (1\u00ba), a alta na carga tribut\u00e1ria \u00e9 o fator de maior [&hellip;]<\/p>\n","protected":false},"author":2,"featured_media":52375,"comment_status":"open","ping_status":"open","sticky":false,"template":"","format":"standard","meta":{"footnotes":""},"categories":[9],"tags":[2509,597,4047,3419,2528,2539,599,8257,280,7580],"class_list":["post-52374","post","type-post","status-publish","format-standard","has-post-thumbnail","hentry","category-economia","tag-aneel","tag-brasil","tag-carga-tributaria","tag-cni","tag-conta-de-luz","tag-energia","tag-energia-solar","tag-impostos","tag-industria","tag-lula"],"yoast_head":"<!-- This site is optimized with the Yoast SEO plugin v26.5 - https:\/\/yoast.com\/wordpress\/plugins\/seo\/ -->\n<title>Alta na carga tribut\u00e1ria \u00e9 fator de maior impacto na conta de luz das ind\u00fastrias, diz CNI - Jornal Fatos e Not\u00edcias<\/title>\n<meta name=\"robots\" content=\"index, follow, max-snippet:-1, max-image-preview:large, max-video-preview:-1\" \/>\n<link rel=\"canonical\" href=\"https:\/\/jornalfatosenoticias.com.br\/index.php\/2024\/07\/01\/alta-na-carga-tributaria-e-fator-de-maior-impacto-na-conta-de-luz-das-industrias-diz-cni\/\" \/>\n<meta property=\"og:locale\" content=\"pt_BR\" \/>\n<meta property=\"og:type\" content=\"article\" \/>\n<meta property=\"og:title\" content=\"Alta na carga tribut\u00e1ria \u00e9 fator de maior impacto na conta de luz das ind\u00fastrias, diz CNI - Jornal Fatos e Not\u00edcias\" \/>\n<meta property=\"og:description\" content=\"Al\u00e9m de sofrer com o impacto da carga tribut\u00e1ria, executivos do setor industrial relatam ter sofrido com quedas de luz nos \u00faltimos 12 meses Por Di\u00f3genes Freire Feitosa De acordo com uma pesquisa realizada pela Confedera\u00e7\u00e3o Nacional das Ind\u00fastrias (CNI), e divulgada nesta segunda-feira (1\u00ba), a alta na carga tribut\u00e1ria \u00e9 o fator de maior [&hellip;]\" \/>\n<meta property=\"og:url\" content=\"https:\/\/jornalfatosenoticias.com.br\/index.php\/2024\/07\/01\/alta-na-carga-tributaria-e-fator-de-maior-impacto-na-conta-de-luz-das-industrias-diz-cni\/\" \/>\n<meta property=\"og:site_name\" content=\"Jornal Fatos e Not\u00edcias\" \/>\n<meta property=\"article:published_time\" content=\"2024-07-01T19:29:10+00:00\" \/>\n<meta property=\"article:modified_time\" content=\"2024-07-01T19:29:11+00:00\" \/>\n<meta property=\"og:image\" content=\"https:\/\/jornalfatosenoticias.com.br\/wp-content\/uploads\/2024\/07\/conta-de-luz-industria_istock.jpg\" \/>\n\t<meta property=\"og:image:width\" content=\"612\" \/>\n\t<meta property=\"og:image:height\" content=\"344\" \/>\n\t<meta property=\"og:image:type\" content=\"image\/jpeg\" \/>\n<meta name=\"author\" content=\"Luzimara Fernandes\" \/>\n<meta name=\"twitter:card\" content=\"summary_large_image\" \/>\n<meta name=\"twitter:label1\" content=\"Escrito por\" \/>\n\t<meta name=\"twitter:data1\" content=\"Luzimara Fernandes\" \/>\n\t<meta name=\"twitter:label2\" content=\"Est. tempo de leitura\" \/>\n\t<meta name=\"twitter:data2\" content=\"3 minutos\" \/>\n<script type=\"application\/ld+json\" class=\"yoast-schema-graph\">{\"@context\":\"https:\/\/schema.org\",\"@graph\":[{\"@type\":\"Article\",\"@id\":\"https:\/\/jornalfatosenoticias.com.br\/index.php\/2024\/07\/01\/alta-na-carga-tributaria-e-fator-de-maior-impacto-na-conta-de-luz-das-industrias-diz-cni\/#article\",\"isPartOf\":{\"@id\":\"https:\/\/jornalfatosenoticias.com.br\/index.php\/2024\/07\/01\/alta-na-carga-tributaria-e-fator-de-maior-impacto-na-conta-de-luz-das-industrias-diz-cni\/\"},\"author\":{\"name\":\"Luzimara Fernandes\",\"@id\":\"https:\/\/jornalfatosenoticias.com.br\/#\/schema\/person\/d63837fa13ac8666eb9e74e0985d6f81\"},\"headline\":\"Alta na carga tribut\u00e1ria \u00e9 fator de maior impacto na conta de luz das ind\u00fastrias, diz CNI\",\"datePublished\":\"2024-07-01T19:29:10+00:00\",\"dateModified\":\"2024-07-01T19:29:11+00:00\",\"mainEntityOfPage\":{\"@id\":\"https:\/\/jornalfatosenoticias.com.br\/index.php\/2024\/07\/01\/alta-na-carga-tributaria-e-fator-de-maior-impacto-na-conta-de-luz-das-industrias-diz-cni\/\"},\"wordCount\":535,\"commentCount\":0,\"publisher\":{\"@id\":\"https:\/\/jornalfatosenoticias.com.br\/#organization\"},\"image\":{\"@id\":\"https:\/\/jornalfatosenoticias.com.br\/index.php\/2024\/07\/01\/alta-na-carga-tributaria-e-fator-de-maior-impacto-na-conta-de-luz-das-industrias-diz-cni\/#primaryimage\"},\"thumbnailUrl\":\"https:\/\/jornalfatosenoticias.com.br\/wp-content\/uploads\/2024\/07\/conta-de-luz-industria_istock.jpg\",\"keywords\":[\"Aneel\",\"Brasil\",\"carga tribut\u00e1ria\",\"CNI\",\"conta de luz\",\"energia\",\"energia solar\",\"impostos\",\"ind\u00fastria\",\"Lula\"],\"articleSection\":[\"Economia\"],\"inLanguage\":\"pt-BR\",\"potentialAction\":[{\"@type\":\"CommentAction\",\"name\":\"Comment\",\"target\":[\"https:\/\/jornalfatosenoticias.com.br\/index.php\/2024\/07\/01\/alta-na-carga-tributaria-e-fator-de-maior-impacto-na-conta-de-luz-das-industrias-diz-cni\/#respond\"]}]},{\"@type\":\"WebPage\",\"@id\":\"https:\/\/jornalfatosenoticias.com.br\/index.php\/2024\/07\/01\/alta-na-carga-tributaria-e-fator-de-maior-impacto-na-conta-de-luz-das-industrias-diz-cni\/\",\"url\":\"https:\/\/jornalfatosenoticias.com.br\/index.php\/2024\/07\/01\/alta-na-carga-tributaria-e-fator-de-maior-impacto-na-conta-de-luz-das-industrias-diz-cni\/\",\"name\":\"Alta na carga tribut\u00e1ria \u00e9 fator de maior impacto na conta de luz das ind\u00fastrias, diz CNI - Jornal Fatos e Not\u00edcias\",\"isPartOf\":{\"@id\":\"https:\/\/jornalfatosenoticias.com.br\/#website\"},\"primaryImageOfPage\":{\"@id\":\"https:\/\/jornalfatosenoticias.com.br\/index.php\/2024\/07\/01\/alta-na-carga-tributaria-e-fator-de-maior-impacto-na-conta-de-luz-das-industrias-diz-cni\/#primaryimage\"},\"image\":{\"@id\":\"https:\/\/jornalfatosenoticias.com.br\/index.php\/2024\/07\/01\/alta-na-carga-tributaria-e-fator-de-maior-impacto-na-conta-de-luz-das-industrias-diz-cni\/#primaryimage\"},\"thumbnailUrl\":\"https:\/\/jornalfatosenoticias.com.br\/wp-content\/uploads\/2024\/07\/conta-de-luz-industria_istock.jpg\",\"datePublished\":\"2024-07-01T19:29:10+00:00\",\"dateModified\":\"2024-07-01T19:29:11+00:00\",\"breadcrumb\":{\"@id\":\"https:\/\/jornalfatosenoticias.com.br\/index.php\/2024\/07\/01\/alta-na-carga-tributaria-e-fator-de-maior-impacto-na-conta-de-luz-das-industrias-diz-cni\/#breadcrumb\"},\"inLanguage\":\"pt-BR\",\"potentialAction\":[{\"@type\":\"ReadAction\",\"target\":[\"https:\/\/jornalfatosenoticias.com.br\/index.php\/2024\/07\/01\/alta-na-carga-tributaria-e-fator-de-maior-impacto-na-conta-de-luz-das-industrias-diz-cni\/\"]}]},{\"@type\":\"ImageObject\",\"inLanguage\":\"pt-BR\",\"@id\":\"https:\/\/jornalfatosenoticias.com.br\/index.php\/2024\/07\/01\/alta-na-carga-tributaria-e-fator-de-maior-impacto-na-conta-de-luz-das-industrias-diz-cni\/#primaryimage\",\"url\":\"https:\/\/jornalfatosenoticias.com.br\/wp-content\/uploads\/2024\/07\/conta-de-luz-industria_istock.jpg\",\"contentUrl\":\"https:\/\/jornalfatosenoticias.com.br\/wp-content\/uploads\/2024\/07\/conta-de-luz-industria_istock.jpg\",\"width\":612,\"height\":344,\"caption\":\"Electronics Design Factory: Portrait of Handsome Male Engineer Wearing Safety Vest Working on Computer, Developing Industrial Microchips, Semiconductor, Manufacturing Processors.\"},{\"@type\":\"BreadcrumbList\",\"@id\":\"https:\/\/jornalfatosenoticias.com.br\/index.php\/2024\/07\/01\/alta-na-carga-tributaria-e-fator-de-maior-impacto-na-conta-de-luz-das-industrias-diz-cni\/#breadcrumb\",\"itemListElement\":[{\"@type\":\"ListItem\",\"position\":1,\"name\":\"In\u00edcio\",\"item\":\"https:\/\/jornalfatosenoticias.com.br\/\"},{\"@type\":\"ListItem\",\"position\":2,\"name\":\"Alta na carga tribut\u00e1ria \u00e9 fator de maior impacto na conta de luz das ind\u00fastrias, diz CNI\"}]},{\"@type\":\"WebSite\",\"@id\":\"https:\/\/jornalfatosenoticias.com.br\/#website\",\"url\":\"https:\/\/jornalfatosenoticias.com.br\/\",\"name\":\"Jornal Fatos e Not\u00edcias\",\"description\":\"Not\u00edcias em geral\",\"publisher\":{\"@id\":\"https:\/\/jornalfatosenoticias.com.br\/#organization\"},\"potentialAction\":[{\"@type\":\"SearchAction\",\"target\":{\"@type\":\"EntryPoint\",\"urlTemplate\":\"https:\/\/jornalfatosenoticias.com.br\/?s={search_term_string}\"},\"query-input\":{\"@type\":\"PropertyValueSpecification\",\"valueRequired\":true,\"valueName\":\"search_term_string\"}}],\"inLanguage\":\"pt-BR\"},{\"@type\":\"Organization\",\"@id\":\"https:\/\/jornalfatosenoticias.com.br\/#organization\",\"name\":\"Jornal Fatos e Not\u00edcias\",\"url\":\"https:\/\/jornalfatosenoticias.com.br\/\",\"logo\":{\"@type\":\"ImageObject\",\"inLanguage\":\"pt-BR\",\"@id\":\"https:\/\/jornalfatosenoticias.com.br\/#\/schema\/logo\/image\/\",\"url\":\"https:\/\/jornalfatosenoticias.com.br\/wp-content\/uploads\/2020\/02\/logo120.png\",\"contentUrl\":\"https:\/\/jornalfatosenoticias.com.br\/wp-content\/uploads\/2020\/02\/logo120.png\",\"width\":1227,\"height\":120,\"caption\":\"Jornal Fatos e Not\u00edcias\"},\"image\":{\"@id\":\"https:\/\/jornalfatosenoticias.com.br\/#\/schema\/logo\/image\/\"}},{\"@type\":\"Person\",\"@id\":\"https:\/\/jornalfatosenoticias.com.br\/#\/schema\/person\/d63837fa13ac8666eb9e74e0985d6f81\",\"name\":\"Luzimara Fernandes\",\"image\":{\"@type\":\"ImageObject\",\"inLanguage\":\"pt-BR\",\"@id\":\"https:\/\/jornalfatosenoticias.com.br\/#\/schema\/person\/image\/\",\"url\":\"https:\/\/jornalfatosenoticias.com.br\/wp-content\/uploads\/2025\/05\/EU_portal.jpg\",\"contentUrl\":\"https:\/\/jornalfatosenoticias.com.br\/wp-content\/uploads\/2025\/05\/EU_portal.jpg\",\"caption\":\"Luzimara Fernandes\"},\"description\":\"Jornalista MTB 2358-ES\",\"sameAs\":[\"https:\/\/jornalfatosenoticias.com.br\"],\"url\":\"https:\/\/jornalfatosenoticias.com.br\/index.php\/author\/luzimara\/\"}]}<\/script>\n<!-- \/ Yoast SEO plugin. -->","yoast_head_json":{"title":"Alta na carga tribut\u00e1ria \u00e9 fator de maior impacto na conta de luz das ind\u00fastrias, diz CNI - Jornal Fatos e Not\u00edcias","robots":{"index":"index","follow":"follow","max-snippet":"max-snippet:-1","max-image-preview":"max-image-preview:large","max-video-preview":"max-video-preview:-1"},"canonical":"https:\/\/jornalfatosenoticias.com.br\/index.php\/2024\/07\/01\/alta-na-carga-tributaria-e-fator-de-maior-impacto-na-conta-de-luz-das-industrias-diz-cni\/","og_locale":"pt_BR","og_type":"article","og_title":"Alta na carga tribut\u00e1ria \u00e9 fator de maior impacto na conta de luz das ind\u00fastrias, diz CNI - Jornal Fatos e Not\u00edcias","og_description":"Al\u00e9m de sofrer com o impacto da carga tribut\u00e1ria, executivos do setor industrial relatam ter sofrido com quedas de luz nos \u00faltimos 12 meses Por Di\u00f3genes Freire Feitosa De acordo com uma pesquisa realizada pela Confedera\u00e7\u00e3o Nacional das Ind\u00fastrias (CNI), e divulgada nesta segunda-feira (1\u00ba), a alta na carga tribut\u00e1ria \u00e9 o fator de maior [&hellip;]","og_url":"https:\/\/jornalfatosenoticias.com.br\/index.php\/2024\/07\/01\/alta-na-carga-tributaria-e-fator-de-maior-impacto-na-conta-de-luz-das-industrias-diz-cni\/","og_site_name":"Jornal Fatos e Not\u00edcias","article_published_time":"2024-07-01T19:29:10+00:00","article_modified_time":"2024-07-01T19:29:11+00:00","og_image":[{"width":612,"height":344,"url":"https:\/\/jornalfatosenoticias.com.br\/wp-content\/uploads\/2024\/07\/conta-de-luz-industria_istock.jpg","type":"image\/jpeg"}],"author":"Luzimara Fernandes","twitter_card":"summary_large_image","twitter_misc":{"Escrito por":"Luzimara Fernandes","Est. tempo de leitura":"3 minutos"},"schema":{"@context":"https:\/\/schema.org","@graph":[{"@type":"Article","@id":"https:\/\/jornalfatosenoticias.com.br\/index.php\/2024\/07\/01\/alta-na-carga-tributaria-e-fator-de-maior-impacto-na-conta-de-luz-das-industrias-diz-cni\/#article","isPartOf":{"@id":"https:\/\/jornalfatosenoticias.com.br\/index.php\/2024\/07\/01\/alta-na-carga-tributaria-e-fator-de-maior-impacto-na-conta-de-luz-das-industrias-diz-cni\/"},"author":{"name":"Luzimara Fernandes","@id":"https:\/\/jornalfatosenoticias.com.br\/#\/schema\/person\/d63837fa13ac8666eb9e74e0985d6f81"},"headline":"Alta na carga tribut\u00e1ria \u00e9 fator de maior impacto na conta de luz das ind\u00fastrias, diz CNI","datePublished":"2024-07-01T19:29:10+00:00","dateModified":"2024-07-01T19:29:11+00:00","mainEntityOfPage":{"@id":"https:\/\/jornalfatosenoticias.com.br\/index.php\/2024\/07\/01\/alta-na-carga-tributaria-e-fator-de-maior-impacto-na-conta-de-luz-das-industrias-diz-cni\/"},"wordCount":535,"commentCount":0,"publisher":{"@id":"https:\/\/jornalfatosenoticias.com.br\/#organization"},"image":{"@id":"https:\/\/jornalfatosenoticias.com.br\/index.php\/2024\/07\/01\/alta-na-carga-tributaria-e-fator-de-maior-impacto-na-conta-de-luz-das-industrias-diz-cni\/#primaryimage"},"thumbnailUrl":"https:\/\/jornalfatosenoticias.com.br\/wp-content\/uploads\/2024\/07\/conta-de-luz-industria_istock.jpg","keywords":["Aneel","Brasil","carga tribut\u00e1ria","CNI","conta de luz","energia","energia solar","impostos","ind\u00fastria","Lula"],"articleSection":["Economia"],"inLanguage":"pt-BR","potentialAction":[{"@type":"CommentAction","name":"Comment","target":["https:\/\/jornalfatosenoticias.com.br\/index.php\/2024\/07\/01\/alta-na-carga-tributaria-e-fator-de-maior-impacto-na-conta-de-luz-das-industrias-diz-cni\/#respond"]}]},{"@type":"WebPage","@id":"https:\/\/jornalfatosenoticias.com.br\/index.php\/2024\/07\/01\/alta-na-carga-tributaria-e-fator-de-maior-impacto-na-conta-de-luz-das-industrias-diz-cni\/","url":"https:\/\/jornalfatosenoticias.com.br\/index.php\/2024\/07\/01\/alta-na-carga-tributaria-e-fator-de-maior-impacto-na-conta-de-luz-das-industrias-diz-cni\/","name":"Alta na carga tribut\u00e1ria \u00e9 fator de maior impacto na conta de luz das ind\u00fastrias, diz CNI - Jornal Fatos e Not\u00edcias","isPartOf":{"@id":"https:\/\/jornalfatosenoticias.com.br\/#website"},"primaryImageOfPage":{"@id":"https:\/\/jornalfatosenoticias.com.br\/index.php\/2024\/07\/01\/alta-na-carga-tributaria-e-fator-de-maior-impacto-na-conta-de-luz-das-industrias-diz-cni\/#primaryimage"},"image":{"@id":"https:\/\/jornalfatosenoticias.com.br\/index.php\/2024\/07\/01\/alta-na-carga-tributaria-e-fator-de-maior-impacto-na-conta-de-luz-das-industrias-diz-cni\/#primaryimage"},"thumbnailUrl":"https:\/\/jornalfatosenoticias.com.br\/wp-content\/uploads\/2024\/07\/conta-de-luz-industria_istock.jpg","datePublished":"2024-07-01T19:29:10+00:00","dateModified":"2024-07-01T19:29:11+00:00","breadcrumb":{"@id":"https:\/\/jornalfatosenoticias.com.br\/index.php\/2024\/07\/01\/alta-na-carga-tributaria-e-fator-de-maior-impacto-na-conta-de-luz-das-industrias-diz-cni\/#breadcrumb"},"inLanguage":"pt-BR","potentialAction":[{"@type":"ReadAction","target":["https:\/\/jornalfatosenoticias.com.br\/index.php\/2024\/07\/01\/alta-na-carga-tributaria-e-fator-de-maior-impacto-na-conta-de-luz-das-industrias-diz-cni\/"]}]},{"@type":"ImageObject","inLanguage":"pt-BR","@id":"https:\/\/jornalfatosenoticias.com.br\/index.php\/2024\/07\/01\/alta-na-carga-tributaria-e-fator-de-maior-impacto-na-conta-de-luz-das-industrias-diz-cni\/#primaryimage","url":"https:\/\/jornalfatosenoticias.com.br\/wp-content\/uploads\/2024\/07\/conta-de-luz-industria_istock.jpg","contentUrl":"https:\/\/jornalfatosenoticias.com.br\/wp-content\/uploads\/2024\/07\/conta-de-luz-industria_istock.jpg","width":612,"height":344,"caption":"Electronics Design Factory: Portrait of Handsome Male Engineer Wearing Safety Vest Working on Computer, Developing Industrial Microchips, Semiconductor, Manufacturing Processors."},{"@type":"BreadcrumbList","@id":"https:\/\/jornalfatosenoticias.com.br\/index.php\/2024\/07\/01\/alta-na-carga-tributaria-e-fator-de-maior-impacto-na-conta-de-luz-das-industrias-diz-cni\/#breadcrumb","itemListElement":[{"@type":"ListItem","position":1,"name":"In\u00edcio","item":"https:\/\/jornalfatosenoticias.com.br\/"},{"@type":"ListItem","position":2,"name":"Alta na carga tribut\u00e1ria \u00e9 fator de maior impacto na conta de luz das ind\u00fastrias, diz CNI"}]},{"@type":"WebSite","@id":"https:\/\/jornalfatosenoticias.com.br\/#website","url":"https:\/\/jornalfatosenoticias.com.br\/","name":"Jornal Fatos e Not\u00edcias","description":"Not\u00edcias em geral","publisher":{"@id":"https:\/\/jornalfatosenoticias.com.br\/#organization"},"potentialAction":[{"@type":"SearchAction","target":{"@type":"EntryPoint","urlTemplate":"https:\/\/jornalfatosenoticias.com.br\/?s={search_term_string}"},"query-input":{"@type":"PropertyValueSpecification","valueRequired":true,"valueName":"search_term_string"}}],"inLanguage":"pt-BR"},{"@type":"Organization","@id":"https:\/\/jornalfatosenoticias.com.br\/#organization","name":"Jornal Fatos e Not\u00edcias","url":"https:\/\/jornalfatosenoticias.com.br\/","logo":{"@type":"ImageObject","inLanguage":"pt-BR","@id":"https:\/\/jornalfatosenoticias.com.br\/#\/schema\/logo\/image\/","url":"https:\/\/jornalfatosenoticias.com.br\/wp-content\/uploads\/2020\/02\/logo120.png","contentUrl":"https:\/\/jornalfatosenoticias.com.br\/wp-content\/uploads\/2020\/02\/logo120.png","width":1227,"height":120,"caption":"Jornal Fatos e Not\u00edcias"},"image":{"@id":"https:\/\/jornalfatosenoticias.com.br\/#\/schema\/logo\/image\/"}},{"@type":"Person","@id":"https:\/\/jornalfatosenoticias.com.br\/#\/schema\/person\/d63837fa13ac8666eb9e74e0985d6f81","name":"Luzimara Fernandes","image":{"@type":"ImageObject","inLanguage":"pt-BR","@id":"https:\/\/jornalfatosenoticias.com.br\/#\/schema\/person\/image\/","url":"https:\/\/jornalfatosenoticias.com.br\/wp-content\/uploads\/2025\/05\/EU_portal.jpg","contentUrl":"https:\/\/jornalfatosenoticias.com.br\/wp-content\/uploads\/2025\/05\/EU_portal.jpg","caption":"Luzimara Fernandes"},"description":"Jornalista MTB 2358-ES","sameAs":["https:\/\/jornalfatosenoticias.com.br"],"url":"https:\/\/jornalfatosenoticias.com.br\/index.php\/author\/luzimara\/"}]}},"cc_featured_image_caption":{"caption_text":"(Foto: iStock) ","source_text":"","source_url":""},"jetpack_featured_media_url":"https:\/\/jornalfatosenoticias.com.br\/wp-content\/uploads\/2024\/07\/conta-de-luz-industria_istock.jpg","_links":{"self":[{"href":"https:\/\/jornalfatosenoticias.com.br\/index.php\/wp-json\/wp\/v2\/posts\/52374","targetHints":{"allow":["GET"]}}],"collection":[{"href":"https:\/\/jornalfatosenoticias.com.br\/index.php\/wp-json\/wp\/v2\/posts"}],"about":[{"href":"https:\/\/jornalfatosenoticias.com.br\/index.php\/wp-json\/wp\/v2\/types\/post"}],"author":[{"embeddable":true,"href":"https:\/\/jornalfatosenoticias.com.br\/index.php\/wp-json\/wp\/v2\/users\/2"}],"replies":[{"embeddable":true,"href":"https:\/\/jornalfatosenoticias.com.br\/index.php\/wp-json\/wp\/v2\/comments?post=52374"}],"version-history":[{"count":0,"href":"https:\/\/jornalfatosenoticias.com.br\/index.php\/wp-json\/wp\/v2\/posts\/52374\/revisions"}],"wp:featuredmedia":[{"embeddable":true,"href":"https:\/\/jornalfatosenoticias.com.br\/index.php\/wp-json\/wp\/v2\/media\/52375"}],"wp:attachment":[{"href":"https:\/\/jornalfatosenoticias.com.br\/index.php\/wp-json\/wp\/v2\/media?parent=52374"}],"wp:term":[{"taxonomy":"category","embeddable":true,"href":"https:\/\/jornalfatosenoticias.com.br\/index.php\/wp-json\/wp\/v2\/categories?post=52374"},{"taxonomy":"post_tag","embeddable":true,"href":"https:\/\/jornalfatosenoticias.com.br\/index.php\/wp-json\/wp\/v2\/tags?post=52374"}],"curies":[{"name":"wp","href":"https:\/\/api.w.org\/{rel}","templated":true}]}}