{"id":52377,"date":"2024-07-01T16:43:18","date_gmt":"2024-07-01T19:43:18","guid":{"rendered":"https:\/\/jornalfatosenoticias.com.br\/?p=52377"},"modified":"2024-07-01T16:43:19","modified_gmt":"2024-07-01T19:43:19","slug":"lula-tenta-defender-mst-e-afirma-que-agronegocio-nao-deve-temer-o-movimento","status":"publish","type":"post","link":"https:\/\/jornalfatosenoticias.com.br\/index.php\/2024\/07\/01\/lula-tenta-defender-mst-e-afirma-que-agronegocio-nao-deve-temer-o-movimento\/","title":{"rendered":"Lula tenta defender MST e afirma que agroneg\u00f3cio n\u00e3o deve temer o movimento"},"content":{"rendered":"\n<div class=\"wp-block-image\"><figure class=\"aligncenter size-large\"><a href=\"https:\/\/mizu.com.br\/\"><img loading=\"lazy\" decoding=\"async\" width=\"729\" height=\"90\" src=\"https:\/\/jornalfatosenoticias.com.br\/wp-content\/uploads\/2020\/02\/Logo_Mizu.png\" alt=\"\" class=\"wp-image-1441\" srcset=\"https:\/\/jornalfatosenoticias.com.br\/wp-content\/uploads\/2020\/02\/Logo_Mizu.png 729w, https:\/\/jornalfatosenoticias.com.br\/wp-content\/uploads\/2020\/02\/Logo_Mizu-300x37.png 300w\" sizes=\"auto, (max-width: 729px) 100vw, 729px\" \/><\/a><\/figure><\/div>\n\n\n\n<p>Luiz In\u00e1cio Lula da Silva (PT) declarou nesta segunda-feira (1\u00ba\/7) que o agroneg\u00f3cio brasileiro n\u00e3o deveria temer as ocupa\u00e7\u00f5es dos sem-terra, pois, segundo ele, \u201cquem toma as terras deles hoje s\u00e3o os bancos\u201d. Durante entrevista \u00e0 R\u00e1dio Princesa, em Feira de Santana (BA), Lula mencionou que os bancos est\u00e3o adquirindo t\u00edtulos da d\u00edvida agr\u00e1ria dos sem-terra.<br>\u201cVi o companheiro [Carlos] F\u00e1varo (ministro da Agricultura e Pecu\u00e1ria) dizer uma coisa: \u2018O agroneg\u00f3cio n\u00e3o deveria ter medo das ocupa\u00e7\u00f5es dos sem terra, quem toma terra deles hoje s\u00e3o os bancos que compram t\u00edtulo da d\u00edvida agr\u00e1ria deles\u2019\u201d, disse o petista.<\/p>\n\n\n\n<div class=\"wp-block-image\"><figure class=\"aligncenter size-large is-resized\"><a href=\"https:\/\/www.ithbrasil.com.br\/\"><img loading=\"lazy\" decoding=\"async\" src=\"https:\/\/jornalfatosenoticias.com.br\/wp-content\/uploads\/2023\/08\/ITH.jpeg\" alt=\"\" class=\"wp-image-44638\" width=\"328\" height=\"266\" srcset=\"https:\/\/jornalfatosenoticias.com.br\/wp-content\/uploads\/2023\/08\/ITH.jpeg 800w, https:\/\/jornalfatosenoticias.com.br\/wp-content\/uploads\/2023\/08\/ITH-300x244.jpeg 300w, https:\/\/jornalfatosenoticias.com.br\/wp-content\/uploads\/2023\/08\/ITH-768x624.jpeg 768w\" sizes=\"auto, (max-width: 328px) 100vw, 328px\" \/><\/a><\/figure><\/div>\n\n\n\n<p>Lula tamb\u00e9m afirmou que a popula\u00e7\u00e3o escolheu uma reforma agr\u00e1ria \u201cpac\u00edfica\u201d e \u201ctranquila\u201d, o que, segundo ele, explica o atual sucesso do agroneg\u00f3cio. \u201cFaz tempo que os sem-terra n\u00e3o invadem terra nesse Pa\u00eds. Eles fizeram uma op\u00e7\u00e3o de se transformar em pequenos produtores altamente produtivos, \u00e9 o maior produtor de arroz org\u00e2nico da Am\u00e9rica Latina e colocar alimento saud\u00e1vel na mesa do trabalhador\u201d, completou.<\/p>\n\n\n\n<div class=\"wp-block-image\"><figure class=\"aligncenter size-large is-resized\"><a href=\"https:\/\/www.instagram.com\/rapuzeljastro\/\"><img loading=\"lazy\" decoding=\"async\" src=\"https:\/\/jornalfatosenoticias.com.br\/wp-content\/uploads\/2020\/02\/logo-Rapuzel-1024x571.jpg\" alt=\"\" class=\"wp-image-42808\" width=\"372\" height=\"207\" srcset=\"https:\/\/jornalfatosenoticias.com.br\/wp-content\/uploads\/2020\/02\/logo-Rapuzel-1024x571.jpg 1024w, https:\/\/jornalfatosenoticias.com.br\/wp-content\/uploads\/2020\/02\/logo-Rapuzel-300x167.jpg 300w, https:\/\/jornalfatosenoticias.com.br\/wp-content\/uploads\/2020\/02\/logo-Rapuzel-768x428.jpg 768w, https:\/\/jornalfatosenoticias.com.br\/wp-content\/uploads\/2020\/02\/logo-Rapuzel-1536x856.jpg 1536w, https:\/\/jornalfatosenoticias.com.br\/wp-content\/uploads\/2020\/02\/logo-Rapuzel.jpg 1600w\" sizes=\"auto, (max-width: 372px) 100vw, 372px\" \/><\/a><\/figure><\/div>\n\n\n\n<p>Vale lembrar que o governo federal lan\u00e7ar\u00e1 o Plano Safra 2024\/2025 e a vers\u00e3o do programa dedicada \u00e0 agricultura familiar nesta quarta-feira (3). \u201cO agroneg\u00f3cio \u00e9 respons\u00e1vel por grande parte da riqueza do pa\u00eds e \u00e9 importante que continue assim. Brasil tem potencial agr\u00edcola extraordin\u00e1rio\u201d, finalizou.<\/p>\n\n\n\n<div class=\"wp-block-image\"><figure class=\"aligncenter size-large is-resized\"><a href=\"https:\/\/www.facebook.com\/Esteio-Churrascaria-Barbecue-103643461220402\/\"><img loading=\"lazy\" decoding=\"async\" src=\"https:\/\/jornalfatosenoticias.com.br\/wp-content\/uploads\/2020\/02\/logo_esteio.jpg\" alt=\"\" class=\"wp-image-1214\" width=\"324\" height=\"270\"\/><\/a><\/figure><\/div>\n\n\n\n<p><strong><em>Fonte: <a href=\"https:\/\/terrabrasilnoticias.com\/2024\/07\/lula-tenta-defender-mst-e-afirma-que-agronegocio-nao-deve-temer-o-movimento\/\">Terra Brasil Not\u00edcias<\/a><\/em><\/strong><\/p>\n","protected":false},"excerpt":{"rendered":"<p>Luiz In\u00e1cio Lula da Silva (PT) declarou nesta segunda-feira (1\u00ba\/7) que o agroneg\u00f3cio brasileiro n\u00e3o deveria temer as ocupa\u00e7\u00f5es dos sem-terra, pois, segundo ele, \u201cquem toma as terras deles hoje s\u00e3o os bancos\u201d. Durante entrevista \u00e0 R\u00e1dio Princesa, em Feira de Santana (BA), Lula mencionou que os bancos est\u00e3o adquirindo t\u00edtulos da d\u00edvida agr\u00e1ria dos [&hellip;]<\/p>\n","protected":false},"author":2,"featured_media":52378,"comment_status":"open","ping_status":"open","sticky":false,"template":"","format":"standard","meta":{"footnotes":""},"categories":[10],"tags":[11055,23938,7580,17936,13186],"class_list":["post-52377","post","type-post","status-publish","format-standard","has-post-thumbnail","hentry","category-politica","tag-agronegocio","tag-invasores-de-terra","tag-lula","tag-mst","tag-pt"],"yoast_head":"<!-- This site is optimized with the Yoast SEO plugin v26.5 - https:\/\/yoast.com\/wordpress\/plugins\/seo\/ -->\n<title>Lula tenta defender MST e afirma que agroneg\u00f3cio n\u00e3o deve temer o movimento - Jornal Fatos e Not\u00edcias<\/title>\n<meta name=\"robots\" content=\"index, follow, max-snippet:-1, max-image-preview:large, max-video-preview:-1\" \/>\n<link rel=\"canonical\" href=\"https:\/\/jornalfatosenoticias.com.br\/index.php\/2024\/07\/01\/lula-tenta-defender-mst-e-afirma-que-agronegocio-nao-deve-temer-o-movimento\/\" \/>\n<meta property=\"og:locale\" content=\"pt_BR\" \/>\n<meta property=\"og:type\" content=\"article\" \/>\n<meta property=\"og:title\" content=\"Lula tenta defender MST e afirma que agroneg\u00f3cio n\u00e3o deve temer o movimento - Jornal Fatos e Not\u00edcias\" \/>\n<meta property=\"og:description\" content=\"Luiz In\u00e1cio Lula da Silva (PT) declarou nesta segunda-feira (1\u00ba\/7) que o agroneg\u00f3cio brasileiro n\u00e3o deveria temer as ocupa\u00e7\u00f5es dos sem-terra, pois, segundo ele, \u201cquem toma as terras deles hoje s\u00e3o os bancos\u201d. Durante entrevista \u00e0 R\u00e1dio Princesa, em Feira de Santana (BA), Lula mencionou que os bancos est\u00e3o adquirindo t\u00edtulos da d\u00edvida agr\u00e1ria dos [&hellip;]\" \/>\n<meta property=\"og:url\" content=\"https:\/\/jornalfatosenoticias.com.br\/index.php\/2024\/07\/01\/lula-tenta-defender-mst-e-afirma-que-agronegocio-nao-deve-temer-o-movimento\/\" \/>\n<meta property=\"og:site_name\" content=\"Jornal Fatos e Not\u00edcias\" \/>\n<meta property=\"article:published_time\" content=\"2024-07-01T19:43:18+00:00\" \/>\n<meta property=\"article:modified_time\" content=\"2024-07-01T19:43:19+00:00\" \/>\n<meta property=\"og:image\" content=\"https:\/\/jornalfatosenoticias.com.br\/wp-content\/uploads\/2024\/07\/lula-e-mst_gettyimages.jpg\" \/>\n\t<meta property=\"og:image:width\" content=\"612\" \/>\n\t<meta property=\"og:image:height\" content=\"408\" \/>\n\t<meta property=\"og:image:type\" content=\"image\/jpeg\" \/>\n<meta name=\"author\" content=\"Luzimara Fernandes\" \/>\n<meta name=\"twitter:card\" content=\"summary_large_image\" \/>\n<meta name=\"twitter:label1\" content=\"Escrito por\" \/>\n\t<meta name=\"twitter:data1\" content=\"Luzimara Fernandes\" \/>\n\t<meta name=\"twitter:label2\" content=\"Est. tempo de leitura\" \/>\n\t<meta name=\"twitter:data2\" content=\"1 minuto\" \/>\n<script type=\"application\/ld+json\" class=\"yoast-schema-graph\">{\"@context\":\"https:\/\/schema.org\",\"@graph\":[{\"@type\":\"Article\",\"@id\":\"https:\/\/jornalfatosenoticias.com.br\/index.php\/2024\/07\/01\/lula-tenta-defender-mst-e-afirma-que-agronegocio-nao-deve-temer-o-movimento\/#article\",\"isPartOf\":{\"@id\":\"https:\/\/jornalfatosenoticias.com.br\/index.php\/2024\/07\/01\/lula-tenta-defender-mst-e-afirma-que-agronegocio-nao-deve-temer-o-movimento\/\"},\"author\":{\"name\":\"Luzimara Fernandes\",\"@id\":\"https:\/\/jornalfatosenoticias.com.br\/#\/schema\/person\/d63837fa13ac8666eb9e74e0985d6f81\"},\"headline\":\"Lula tenta defender MST e afirma que agroneg\u00f3cio n\u00e3o deve temer o movimento\",\"datePublished\":\"2024-07-01T19:43:18+00:00\",\"dateModified\":\"2024-07-01T19:43:19+00:00\",\"mainEntityOfPage\":{\"@id\":\"https:\/\/jornalfatosenoticias.com.br\/index.php\/2024\/07\/01\/lula-tenta-defender-mst-e-afirma-que-agronegocio-nao-deve-temer-o-movimento\/\"},\"wordCount\":257,\"commentCount\":0,\"publisher\":{\"@id\":\"https:\/\/jornalfatosenoticias.com.br\/#organization\"},\"image\":{\"@id\":\"https:\/\/jornalfatosenoticias.com.br\/index.php\/2024\/07\/01\/lula-tenta-defender-mst-e-afirma-que-agronegocio-nao-deve-temer-o-movimento\/#primaryimage\"},\"thumbnailUrl\":\"https:\/\/jornalfatosenoticias.com.br\/wp-content\/uploads\/2024\/07\/lula-e-mst_gettyimages.jpg\",\"keywords\":[\"agroneg\u00f3cio\",\"invasores de terra\",\"Lula\",\"MST\",\"PT\"],\"articleSection\":[\"Pol\u00edtica\"],\"inLanguage\":\"pt-BR\",\"potentialAction\":[{\"@type\":\"CommentAction\",\"name\":\"Comment\",\"target\":[\"https:\/\/jornalfatosenoticias.com.br\/index.php\/2024\/07\/01\/lula-tenta-defender-mst-e-afirma-que-agronegocio-nao-deve-temer-o-movimento\/#respond\"]}]},{\"@type\":\"WebPage\",\"@id\":\"https:\/\/jornalfatosenoticias.com.br\/index.php\/2024\/07\/01\/lula-tenta-defender-mst-e-afirma-que-agronegocio-nao-deve-temer-o-movimento\/\",\"url\":\"https:\/\/jornalfatosenoticias.com.br\/index.php\/2024\/07\/01\/lula-tenta-defender-mst-e-afirma-que-agronegocio-nao-deve-temer-o-movimento\/\",\"name\":\"Lula tenta defender MST e afirma que agroneg\u00f3cio n\u00e3o deve temer o movimento - Jornal Fatos e Not\u00edcias\",\"isPartOf\":{\"@id\":\"https:\/\/jornalfatosenoticias.com.br\/#website\"},\"primaryImageOfPage\":{\"@id\":\"https:\/\/jornalfatosenoticias.com.br\/index.php\/2024\/07\/01\/lula-tenta-defender-mst-e-afirma-que-agronegocio-nao-deve-temer-o-movimento\/#primaryimage\"},\"image\":{\"@id\":\"https:\/\/jornalfatosenoticias.com.br\/index.php\/2024\/07\/01\/lula-tenta-defender-mst-e-afirma-que-agronegocio-nao-deve-temer-o-movimento\/#primaryimage\"},\"thumbnailUrl\":\"https:\/\/jornalfatosenoticias.com.br\/wp-content\/uploads\/2024\/07\/lula-e-mst_gettyimages.jpg\",\"datePublished\":\"2024-07-01T19:43:18+00:00\",\"dateModified\":\"2024-07-01T19:43:19+00:00\",\"breadcrumb\":{\"@id\":\"https:\/\/jornalfatosenoticias.com.br\/index.php\/2024\/07\/01\/lula-tenta-defender-mst-e-afirma-que-agronegocio-nao-deve-temer-o-movimento\/#breadcrumb\"},\"inLanguage\":\"pt-BR\",\"potentialAction\":[{\"@type\":\"ReadAction\",\"target\":[\"https:\/\/jornalfatosenoticias.com.br\/index.php\/2024\/07\/01\/lula-tenta-defender-mst-e-afirma-que-agronegocio-nao-deve-temer-o-movimento\/\"]}]},{\"@type\":\"ImageObject\",\"inLanguage\":\"pt-BR\",\"@id\":\"https:\/\/jornalfatosenoticias.com.br\/index.php\/2024\/07\/01\/lula-tenta-defender-mst-e-afirma-que-agronegocio-nao-deve-temer-o-movimento\/#primaryimage\",\"url\":\"https:\/\/jornalfatosenoticias.com.br\/wp-content\/uploads\/2024\/07\/lula-e-mst_gettyimages.jpg\",\"contentUrl\":\"https:\/\/jornalfatosenoticias.com.br\/wp-content\/uploads\/2024\/07\/lula-e-mst_gettyimages.jpg\",\"width\":612,\"height\":408,\"caption\":\"Former Brazilian President Luiz Inacio Lula da Silva adjusts his cap during a meeting with members of the Landless Workers Movement (MST), at the Eli Vive camp in Londrina, Parana State, Brazil, on March 19, 2022. (Photo by Ricardo CHICARELLI \/ AFP) (Photo by RICARDO CHICARELLI\/AFP via Getty Images)\"},{\"@type\":\"BreadcrumbList\",\"@id\":\"https:\/\/jornalfatosenoticias.com.br\/index.php\/2024\/07\/01\/lula-tenta-defender-mst-e-afirma-que-agronegocio-nao-deve-temer-o-movimento\/#breadcrumb\",\"itemListElement\":[{\"@type\":\"ListItem\",\"position\":1,\"name\":\"In\u00edcio\",\"item\":\"https:\/\/jornalfatosenoticias.com.br\/\"},{\"@type\":\"ListItem\",\"position\":2,\"name\":\"Lula tenta defender MST e afirma que agroneg\u00f3cio n\u00e3o deve temer o movimento\"}]},{\"@type\":\"WebSite\",\"@id\":\"https:\/\/jornalfatosenoticias.com.br\/#website\",\"url\":\"https:\/\/jornalfatosenoticias.com.br\/\",\"name\":\"Jornal Fatos e Not\u00edcias\",\"description\":\"Not\u00edcias em geral\",\"publisher\":{\"@id\":\"https:\/\/jornalfatosenoticias.com.br\/#organization\"},\"potentialAction\":[{\"@type\":\"SearchAction\",\"target\":{\"@type\":\"EntryPoint\",\"urlTemplate\":\"https:\/\/jornalfatosenoticias.com.br\/?s={search_term_string}\"},\"query-input\":{\"@type\":\"PropertyValueSpecification\",\"valueRequired\":true,\"valueName\":\"search_term_string\"}}],\"inLanguage\":\"pt-BR\"},{\"@type\":\"Organization\",\"@id\":\"https:\/\/jornalfatosenoticias.com.br\/#organization\",\"name\":\"Jornal Fatos e Not\u00edcias\",\"url\":\"https:\/\/jornalfatosenoticias.com.br\/\",\"logo\":{\"@type\":\"ImageObject\",\"inLanguage\":\"pt-BR\",\"@id\":\"https:\/\/jornalfatosenoticias.com.br\/#\/schema\/logo\/image\/\",\"url\":\"https:\/\/jornalfatosenoticias.com.br\/wp-content\/uploads\/2020\/02\/logo120.png\",\"contentUrl\":\"https:\/\/jornalfatosenoticias.com.br\/wp-content\/uploads\/2020\/02\/logo120.png\",\"width\":1227,\"height\":120,\"caption\":\"Jornal Fatos e Not\u00edcias\"},\"image\":{\"@id\":\"https:\/\/jornalfatosenoticias.com.br\/#\/schema\/logo\/image\/\"}},{\"@type\":\"Person\",\"@id\":\"https:\/\/jornalfatosenoticias.com.br\/#\/schema\/person\/d63837fa13ac8666eb9e74e0985d6f81\",\"name\":\"Luzimara Fernandes\",\"image\":{\"@type\":\"ImageObject\",\"inLanguage\":\"pt-BR\",\"@id\":\"https:\/\/jornalfatosenoticias.com.br\/#\/schema\/person\/image\/\",\"url\":\"https:\/\/jornalfatosenoticias.com.br\/wp-content\/uploads\/2025\/05\/EU_portal.jpg\",\"contentUrl\":\"https:\/\/jornalfatosenoticias.com.br\/wp-content\/uploads\/2025\/05\/EU_portal.jpg\",\"caption\":\"Luzimara Fernandes\"},\"description\":\"Jornalista MTB 2358-ES\",\"sameAs\":[\"https:\/\/jornalfatosenoticias.com.br\"],\"url\":\"https:\/\/jornalfatosenoticias.com.br\/index.php\/author\/luzimara\/\"}]}<\/script>\n<!-- \/ Yoast SEO plugin. -->","yoast_head_json":{"title":"Lula tenta defender MST e afirma que agroneg\u00f3cio n\u00e3o deve temer o movimento - Jornal Fatos e Not\u00edcias","robots":{"index":"index","follow":"follow","max-snippet":"max-snippet:-1","max-image-preview":"max-image-preview:large","max-video-preview":"max-video-preview:-1"},"canonical":"https:\/\/jornalfatosenoticias.com.br\/index.php\/2024\/07\/01\/lula-tenta-defender-mst-e-afirma-que-agronegocio-nao-deve-temer-o-movimento\/","og_locale":"pt_BR","og_type":"article","og_title":"Lula tenta defender MST e afirma que agroneg\u00f3cio n\u00e3o deve temer o movimento - Jornal Fatos e Not\u00edcias","og_description":"Luiz In\u00e1cio Lula da Silva (PT) declarou nesta segunda-feira (1\u00ba\/7) que o agroneg\u00f3cio brasileiro n\u00e3o deveria temer as ocupa\u00e7\u00f5es dos sem-terra, pois, segundo ele, \u201cquem toma as terras deles hoje s\u00e3o os bancos\u201d. Durante entrevista \u00e0 R\u00e1dio Princesa, em Feira de Santana (BA), Lula mencionou que os bancos est\u00e3o adquirindo t\u00edtulos da d\u00edvida agr\u00e1ria dos [&hellip;]","og_url":"https:\/\/jornalfatosenoticias.com.br\/index.php\/2024\/07\/01\/lula-tenta-defender-mst-e-afirma-que-agronegocio-nao-deve-temer-o-movimento\/","og_site_name":"Jornal Fatos e Not\u00edcias","article_published_time":"2024-07-01T19:43:18+00:00","article_modified_time":"2024-07-01T19:43:19+00:00","og_image":[{"width":612,"height":408,"url":"https:\/\/jornalfatosenoticias.com.br\/wp-content\/uploads\/2024\/07\/lula-e-mst_gettyimages.jpg","type":"image\/jpeg"}],"author":"Luzimara Fernandes","twitter_card":"summary_large_image","twitter_misc":{"Escrito por":"Luzimara Fernandes","Est. tempo de leitura":"1 minuto"},"schema":{"@context":"https:\/\/schema.org","@graph":[{"@type":"Article","@id":"https:\/\/jornalfatosenoticias.com.br\/index.php\/2024\/07\/01\/lula-tenta-defender-mst-e-afirma-que-agronegocio-nao-deve-temer-o-movimento\/#article","isPartOf":{"@id":"https:\/\/jornalfatosenoticias.com.br\/index.php\/2024\/07\/01\/lula-tenta-defender-mst-e-afirma-que-agronegocio-nao-deve-temer-o-movimento\/"},"author":{"name":"Luzimara Fernandes","@id":"https:\/\/jornalfatosenoticias.com.br\/#\/schema\/person\/d63837fa13ac8666eb9e74e0985d6f81"},"headline":"Lula tenta defender MST e afirma que agroneg\u00f3cio n\u00e3o deve temer o movimento","datePublished":"2024-07-01T19:43:18+00:00","dateModified":"2024-07-01T19:43:19+00:00","mainEntityOfPage":{"@id":"https:\/\/jornalfatosenoticias.com.br\/index.php\/2024\/07\/01\/lula-tenta-defender-mst-e-afirma-que-agronegocio-nao-deve-temer-o-movimento\/"},"wordCount":257,"commentCount":0,"publisher":{"@id":"https:\/\/jornalfatosenoticias.com.br\/#organization"},"image":{"@id":"https:\/\/jornalfatosenoticias.com.br\/index.php\/2024\/07\/01\/lula-tenta-defender-mst-e-afirma-que-agronegocio-nao-deve-temer-o-movimento\/#primaryimage"},"thumbnailUrl":"https:\/\/jornalfatosenoticias.com.br\/wp-content\/uploads\/2024\/07\/lula-e-mst_gettyimages.jpg","keywords":["agroneg\u00f3cio","invasores de terra","Lula","MST","PT"],"articleSection":["Pol\u00edtica"],"inLanguage":"pt-BR","potentialAction":[{"@type":"CommentAction","name":"Comment","target":["https:\/\/jornalfatosenoticias.com.br\/index.php\/2024\/07\/01\/lula-tenta-defender-mst-e-afirma-que-agronegocio-nao-deve-temer-o-movimento\/#respond"]}]},{"@type":"WebPage","@id":"https:\/\/jornalfatosenoticias.com.br\/index.php\/2024\/07\/01\/lula-tenta-defender-mst-e-afirma-que-agronegocio-nao-deve-temer-o-movimento\/","url":"https:\/\/jornalfatosenoticias.com.br\/index.php\/2024\/07\/01\/lula-tenta-defender-mst-e-afirma-que-agronegocio-nao-deve-temer-o-movimento\/","name":"Lula tenta defender MST e afirma que agroneg\u00f3cio n\u00e3o deve temer o movimento - Jornal Fatos e Not\u00edcias","isPartOf":{"@id":"https:\/\/jornalfatosenoticias.com.br\/#website"},"primaryImageOfPage":{"@id":"https:\/\/jornalfatosenoticias.com.br\/index.php\/2024\/07\/01\/lula-tenta-defender-mst-e-afirma-que-agronegocio-nao-deve-temer-o-movimento\/#primaryimage"},"image":{"@id":"https:\/\/jornalfatosenoticias.com.br\/index.php\/2024\/07\/01\/lula-tenta-defender-mst-e-afirma-que-agronegocio-nao-deve-temer-o-movimento\/#primaryimage"},"thumbnailUrl":"https:\/\/jornalfatosenoticias.com.br\/wp-content\/uploads\/2024\/07\/lula-e-mst_gettyimages.jpg","datePublished":"2024-07-01T19:43:18+00:00","dateModified":"2024-07-01T19:43:19+00:00","breadcrumb":{"@id":"https:\/\/jornalfatosenoticias.com.br\/index.php\/2024\/07\/01\/lula-tenta-defender-mst-e-afirma-que-agronegocio-nao-deve-temer-o-movimento\/#breadcrumb"},"inLanguage":"pt-BR","potentialAction":[{"@type":"ReadAction","target":["https:\/\/jornalfatosenoticias.com.br\/index.php\/2024\/07\/01\/lula-tenta-defender-mst-e-afirma-que-agronegocio-nao-deve-temer-o-movimento\/"]}]},{"@type":"ImageObject","inLanguage":"pt-BR","@id":"https:\/\/jornalfatosenoticias.com.br\/index.php\/2024\/07\/01\/lula-tenta-defender-mst-e-afirma-que-agronegocio-nao-deve-temer-o-movimento\/#primaryimage","url":"https:\/\/jornalfatosenoticias.com.br\/wp-content\/uploads\/2024\/07\/lula-e-mst_gettyimages.jpg","contentUrl":"https:\/\/jornalfatosenoticias.com.br\/wp-content\/uploads\/2024\/07\/lula-e-mst_gettyimages.jpg","width":612,"height":408,"caption":"Former Brazilian President Luiz Inacio Lula da Silva adjusts his cap during a meeting with members of the Landless Workers Movement (MST), at the Eli Vive camp in Londrina, Parana State, Brazil, on March 19, 2022. (Photo by Ricardo CHICARELLI \/ AFP) (Photo by RICARDO CHICARELLI\/AFP via Getty Images)"},{"@type":"BreadcrumbList","@id":"https:\/\/jornalfatosenoticias.com.br\/index.php\/2024\/07\/01\/lula-tenta-defender-mst-e-afirma-que-agronegocio-nao-deve-temer-o-movimento\/#breadcrumb","itemListElement":[{"@type":"ListItem","position":1,"name":"In\u00edcio","item":"https:\/\/jornalfatosenoticias.com.br\/"},{"@type":"ListItem","position":2,"name":"Lula tenta defender MST e afirma que agroneg\u00f3cio n\u00e3o deve temer o movimento"}]},{"@type":"WebSite","@id":"https:\/\/jornalfatosenoticias.com.br\/#website","url":"https:\/\/jornalfatosenoticias.com.br\/","name":"Jornal Fatos e Not\u00edcias","description":"Not\u00edcias em geral","publisher":{"@id":"https:\/\/jornalfatosenoticias.com.br\/#organization"},"potentialAction":[{"@type":"SearchAction","target":{"@type":"EntryPoint","urlTemplate":"https:\/\/jornalfatosenoticias.com.br\/?s={search_term_string}"},"query-input":{"@type":"PropertyValueSpecification","valueRequired":true,"valueName":"search_term_string"}}],"inLanguage":"pt-BR"},{"@type":"Organization","@id":"https:\/\/jornalfatosenoticias.com.br\/#organization","name":"Jornal Fatos e Not\u00edcias","url":"https:\/\/jornalfatosenoticias.com.br\/","logo":{"@type":"ImageObject","inLanguage":"pt-BR","@id":"https:\/\/jornalfatosenoticias.com.br\/#\/schema\/logo\/image\/","url":"https:\/\/jornalfatosenoticias.com.br\/wp-content\/uploads\/2020\/02\/logo120.png","contentUrl":"https:\/\/jornalfatosenoticias.com.br\/wp-content\/uploads\/2020\/02\/logo120.png","width":1227,"height":120,"caption":"Jornal Fatos e Not\u00edcias"},"image":{"@id":"https:\/\/jornalfatosenoticias.com.br\/#\/schema\/logo\/image\/"}},{"@type":"Person","@id":"https:\/\/jornalfatosenoticias.com.br\/#\/schema\/person\/d63837fa13ac8666eb9e74e0985d6f81","name":"Luzimara Fernandes","image":{"@type":"ImageObject","inLanguage":"pt-BR","@id":"https:\/\/jornalfatosenoticias.com.br\/#\/schema\/person\/image\/","url":"https:\/\/jornalfatosenoticias.com.br\/wp-content\/uploads\/2025\/05\/EU_portal.jpg","contentUrl":"https:\/\/jornalfatosenoticias.com.br\/wp-content\/uploads\/2025\/05\/EU_portal.jpg","caption":"Luzimara Fernandes"},"description":"Jornalista MTB 2358-ES","sameAs":["https:\/\/jornalfatosenoticias.com.br"],"url":"https:\/\/jornalfatosenoticias.com.br\/index.php\/author\/luzimara\/"}]}},"cc_featured_image_caption":{"caption_text":"(Foto: Getty Images) ","source_text":"","source_url":""},"jetpack_featured_media_url":"https:\/\/jornalfatosenoticias.com.br\/wp-content\/uploads\/2024\/07\/lula-e-mst_gettyimages.jpg","_links":{"self":[{"href":"https:\/\/jornalfatosenoticias.com.br\/index.php\/wp-json\/wp\/v2\/posts\/52377","targetHints":{"allow":["GET"]}}],"collection":[{"href":"https:\/\/jornalfatosenoticias.com.br\/index.php\/wp-json\/wp\/v2\/posts"}],"about":[{"href":"https:\/\/jornalfatosenoticias.com.br\/index.php\/wp-json\/wp\/v2\/types\/post"}],"author":[{"embeddable":true,"href":"https:\/\/jornalfatosenoticias.com.br\/index.php\/wp-json\/wp\/v2\/users\/2"}],"replies":[{"embeddable":true,"href":"https:\/\/jornalfatosenoticias.com.br\/index.php\/wp-json\/wp\/v2\/comments?post=52377"}],"version-history":[{"count":0,"href":"https:\/\/jornalfatosenoticias.com.br\/index.php\/wp-json\/wp\/v2\/posts\/52377\/revisions"}],"wp:featuredmedia":[{"embeddable":true,"href":"https:\/\/jornalfatosenoticias.com.br\/index.php\/wp-json\/wp\/v2\/media\/52378"}],"wp:attachment":[{"href":"https:\/\/jornalfatosenoticias.com.br\/index.php\/wp-json\/wp\/v2\/media?parent=52377"}],"wp:term":[{"taxonomy":"category","embeddable":true,"href":"https:\/\/jornalfatosenoticias.com.br\/index.php\/wp-json\/wp\/v2\/categories?post=52377"},{"taxonomy":"post_tag","embeddable":true,"href":"https:\/\/jornalfatosenoticias.com.br\/index.php\/wp-json\/wp\/v2\/tags?post=52377"}],"curies":[{"name":"wp","href":"https:\/\/api.w.org\/{rel}","templated":true}]}}