{"id":52398,"date":"2024-07-02T11:47:53","date_gmt":"2024-07-02T14:47:53","guid":{"rendered":"https:\/\/jornalfatosenoticias.com.br\/?p=52398"},"modified":"2024-07-02T11:47:54","modified_gmt":"2024-07-02T14:47:54","slug":"sem-encontro-com-lula-milei-rejeita-cupula-do-mercosul-e-viajara-ao-brasil-para-evento-com-bolsonaro","status":"publish","type":"post","link":"https:\/\/jornalfatosenoticias.com.br\/index.php\/2024\/07\/02\/sem-encontro-com-lula-milei-rejeita-cupula-do-mercosul-e-viajara-ao-brasil-para-evento-com-bolsonaro\/","title":{"rendered":"Sem encontro com Lula: Milei rejeita C\u00fapula do Mercosul e viajar\u00e1 ao Brasil para evento com Bolsonaro"},"content":{"rendered":"\n<p><em><span class=\"has-inline-color has-black-color\">Presidente argentino ir\u00e1 a evento conservador em Balne\u00e1rio Cambori\u00fa e sua agenda n\u00e3o inclui evento do Mercosul em Assun\u00e7\u00e3o nem encontro com Lula<\/span><\/em><\/p>\n\n\n\n<p><span class=\"has-inline-color has-black-color\">Por <strong>Maria Laura Assis, especial para a Gazeta do Povo<\/strong><\/span><\/p>\n\n\n\n<div class=\"wp-block-image\"><figure class=\"aligncenter size-large\"><a href=\"https:\/\/panper.com.br\/\"><img loading=\"lazy\" decoding=\"async\" width=\"1024\" height=\"111\" src=\"https:\/\/jornalfatosenoticias.com.br\/wp-content\/uploads\/2020\/02\/WhatsApp-Image-2022-09-23-at-12.09.18-1024x111.jpeg\" alt=\"\" class=\"wp-image-34527\" srcset=\"https:\/\/jornalfatosenoticias.com.br\/wp-content\/uploads\/2020\/02\/WhatsApp-Image-2022-09-23-at-12.09.18-1024x111.jpeg 1024w, https:\/\/jornalfatosenoticias.com.br\/wp-content\/uploads\/2020\/02\/WhatsApp-Image-2022-09-23-at-12.09.18-300x32.jpeg 300w, https:\/\/jornalfatosenoticias.com.br\/wp-content\/uploads\/2020\/02\/WhatsApp-Image-2022-09-23-at-12.09.18-768x83.jpeg 768w, https:\/\/jornalfatosenoticias.com.br\/wp-content\/uploads\/2020\/02\/WhatsApp-Image-2022-09-23-at-12.09.18.jpeg 1121w\" sizes=\"auto, (max-width: 1024px) 100vw, 1024px\" \/><\/a><\/figure><\/div>\n\n\n\n<p>O presidente da Argentina, Javier Milei, anunciou que n\u00e3o viajar\u00e1 para a C\u00fapula de Chefes de Estado do Mercosul, marcada para a pr\u00f3xima segunda-feira (8) em Assun\u00e7\u00e3o, no Paraguai. A decis\u00e3o foi tomada ap\u00f3s o conflito com Luiz In\u00e1cio Lula da Silva, contra quem reiterou acusa\u00e7\u00f5es de ser \u201ccorrupto\u201d e \u201ccomunista\u201d, como resposta \u00e0 exig\u00eancia de um \u201cpedido de desculpas\u201d feita pelo petista.<br>No entanto, o porta-voz da presid\u00eancia argentina, Manuel Adorni, confirmou que o chefe de Estado argentino ir\u00e1 ao Brasil no final de semana, 6 e 7 de julho, para participar de um evento conservador ao lado do ex-presidente Jair Bolsonaro.<\/p>\n\n\n\n<div class=\"wp-block-image\"><figure class=\"aligncenter size-large is-resized\"><a href=\"https:\/\/www.facebook.com\/postobkr\/?locale=pt_BR\"><img loading=\"lazy\" decoding=\"async\" src=\"https:\/\/jornalfatosenoticias.com.br\/wp-content\/uploads\/2023\/08\/BKR-1024x1021.jpg\" alt=\"\" class=\"wp-image-44494\" width=\"295\" height=\"294\" srcset=\"https:\/\/jornalfatosenoticias.com.br\/wp-content\/uploads\/2023\/08\/BKR-1024x1021.jpg 1024w, https:\/\/jornalfatosenoticias.com.br\/wp-content\/uploads\/2023\/08\/BKR-300x300.jpg 300w, https:\/\/jornalfatosenoticias.com.br\/wp-content\/uploads\/2023\/08\/BKR-150x150.jpg 150w, https:\/\/jornalfatosenoticias.com.br\/wp-content\/uploads\/2023\/08\/BKR-768x766.jpg 768w, https:\/\/jornalfatosenoticias.com.br\/wp-content\/uploads\/2023\/08\/BKR.jpg 1080w\" sizes=\"auto, (max-width: 295px) 100vw, 295px\" \/><\/a><\/figure><\/div>\n\n\n\n<p>O encontro entre os l\u00edderes libert\u00e1rio e conservador acontecer\u00e1 em Balne\u00e1rio Cambori\u00fa, Santa Catarina, no \u00e2mbito da Confer\u00eancia de A\u00e7\u00e3o Pol\u00edtica Conservadora (CPAC), evento organizado pelo deputado federal Eduardo Bolsonaro (PL-SP) que teve sua primeira edi\u00e7\u00e3o brasileira realizada em S\u00e3o Paulo em 2019.<\/p>\n\n\n\n<div class=\"wp-block-image\"><figure class=\"aligncenter size-large\"><a href=\"https:\/\/www.instagram.com\/baraodascarnes.es\/\"><img decoding=\"async\" src=\"https:\/\/jornalfatosenoticias.com.br\/wp-content\/uploads\/2020\/02\/barao-das-carnes-300x164-1.jpg\" alt=\"\" class=\"wp-image-34339\"\/><\/a><\/figure><\/div>\n\n\n\n<p>Entre os palestrantes confirmados, est\u00e3o outros representantes da direita da Am\u00e9rica Latina, como o mexicano Eduardo Ver\u00e1stegui e o chileno Jos\u00e9 Kast.<br>Apesar dos boatos indicarem que o libert\u00e1rio teria desistido de comparecer \u00e0 C\u00fapula do Mercosul para n\u00e3o se encontrar com Lula, ap\u00f3s a troca de farpas da semana passada, Adorni afirmou em coletiva de imprensa que o cancelamento se deve \u201ca quest\u00f5es de agenda\u201d.<\/p>\n\n\n\n<div class=\"wp-block-image\"><figure class=\"aligncenter size-large\"><a href=\"http:\/\/www.ferrarimaquinas.com.br\/\"><img loading=\"lazy\" decoding=\"async\" width=\"300\" height=\"250\" src=\"https:\/\/jornalfatosenoticias.com.br\/wp-content\/uploads\/2022\/02\/FERRARI_MAQUINAS-E-FERRAMENTAS2.jpg\" alt=\"\" class=\"wp-image-27860\"\/><\/a><\/figure><\/div>\n\n\n\n<p>A confirma\u00e7\u00e3o da presen\u00e7a do mandat\u00e1rio argentino no CPAC, que ser\u00e1 realizado um dia antes da reuni\u00e3o da c\u00fapula do Mercosul, ocorre poucas semanas depois de o Brasil solicitar \u00e0 Argentina uma lista de investigados pelo 8 de janeiro que teriam dado entrada no pa\u00eds em busca de asilo pol\u00edtico.<\/p>\n\n\n\n<h3 class=\"wp-block-heading\"><span class=\"has-inline-color has-black-color\">Queda de bra\u00e7o<\/span><\/h3>\n\n\n\n<div class=\"wp-block-image\"><figure class=\"aligncenter size-large is-resized\"><img loading=\"lazy\" decoding=\"async\" src=\"https:\/\/jornalfatosenoticias.com.br\/wp-content\/uploads\/2022\/02\/Precisao-Contabilidade-1024x724.jpg\" alt=\"\" class=\"wp-image-28088\" width=\"369\" height=\"261\"\/><\/figure><\/div>\n\n\n\n<blockquote class=\"wp-block-quote is-layout-flow wp-block-quote-is-layout-flow\"><p><span class=\"has-inline-color has-luminous-vivid-orange-color\">As coisas que eu disse s\u00e3o verdadeiras. Qual \u00e9 o problema? Que eu o chamei de corrupto? E ele n\u00e3o foi preso por ser corrupto? E que eu o chamei de comunista? E ele n\u00e3o \u00e9 comunista? Desde quando voc\u00ea tem que se desculpar por dizer a verdade? Ou estamos t\u00e3o doentes \u200b\u200bde corre\u00e7\u00e3o pol\u00edtica que nada pode ser dito \u00e0 esquerda, mesmo que seja verdade?\u201d, afirmou o presidente argentino, em uma entrevista na semana passada.<\/span><\/p><\/blockquote>\n\n\n\n<div class=\"wp-block-image\"><figure class=\"aligncenter size-large is-resized\"><a href=\"https:\/\/hotelmarquetti.com.br\/\"><img loading=\"lazy\" decoding=\"async\" src=\"https:\/\/jornalfatosenoticias.com.br\/wp-content\/uploads\/2023\/03\/nova-logo-Marquetti.jpg\" alt=\"\" class=\"wp-image-40207\" width=\"341\" height=\"229\" srcset=\"https:\/\/jornalfatosenoticias.com.br\/wp-content\/uploads\/2023\/03\/nova-logo-Marquetti.jpg 643w, https:\/\/jornalfatosenoticias.com.br\/wp-content\/uploads\/2023\/03\/nova-logo-Marquetti-300x202.jpg 300w\" sizes=\"auto, (max-width: 341px) 100vw, 341px\" \/><\/a><\/figure><\/div>\n\n\n\n<p>As declara\u00e7\u00f5es de Milei referem-se a falas anteriores de Lula, que em entrevista ao UOL explicou o motivo pelo qual n\u00e3o trocou palavras com o libert\u00e1rio durante a reuni\u00e3o do G7 na It\u00e1lia no m\u00eas passado. \u201cN\u00e3o falei com o presidente da Argentina porque acho que ele deveria pedir desculpas ao Brasil e a mim. Ele disse um monte de bobagens. Eu s\u00f3 quero que ele pe\u00e7a desculpas. Eu amo a Argentina, \u00e9 um pa\u00eds que gosto muito, \u00e9 um pa\u00eds muito importante para o Brasil, e o Brasil \u00e9 muito importante para a Argentina. N\u00e3o \u00e9 um presidente da Rep\u00fablica que vai criar disc\u00f3rdia entre Brasil e Argentina\u201d, disse o petista.<br>Uma das primeiras declara\u00e7\u00f5es de Milei sobre o petista ocorreu em outubro de 2022, durante entrevista ao canal TN, quando criticou o partido peronista Juntos pela Mudan\u00e7a por ter parabenizado Lula pela vit\u00f3ria eleitoral.<\/p>\n\n\n\n<div class=\"wp-block-image\"><figure class=\"aligncenter size-large is-resized\"><a href=\"https:\/\/www.facebook.com\/Esteio-Churrascaria-Barbecue-103643461220402\/\"><img loading=\"lazy\" decoding=\"async\" src=\"https:\/\/jornalfatosenoticias.com.br\/wp-content\/uploads\/2020\/02\/logo_esteio.jpg\" alt=\"\" class=\"wp-image-1214\" width=\"330\" height=\"275\"\/><\/a><\/figure><\/div>\n\n\n\n<blockquote class=\"wp-block-quote is-layout-flow wp-block-quote-is-layout-flow\"><p><span class=\"has-inline-color has-luminous-vivid-orange-color\">Parabenizei o Bolsonaro pela excelente elei\u00e7\u00e3o que fez e claramente n\u00e3o vou parabenizar o Lula (\u2026). Lula representa um dos maiores expoentes do Foro de S\u00e3o Paulo. Quando dizem que Lula \u00e9 moderado, n\u00e3o entendem o que est\u00e1 acontecendo. Seu discurso \u00e9 violentamente socialista e lamento muito que o povo brasileiro tenha reca\u00eddo no socialismo do s\u00e9culo XXI\u201d, disse o libert\u00e1rio \u00e0 \u00e9poca.<\/span><\/p><\/blockquote>\n\n\n\n<div class=\"wp-block-image\"><figure class=\"aligncenter size-large is-resized\"><a href=\"https:\/\/www.instagram.com\/rapuzeljastro\/\"><img loading=\"lazy\" decoding=\"async\" src=\"https:\/\/jornalfatosenoticias.com.br\/wp-content\/uploads\/2020\/02\/logo-Rapuzel-1024x571.jpg\" alt=\"\" class=\"wp-image-42808\" width=\"378\" height=\"211\" srcset=\"https:\/\/jornalfatosenoticias.com.br\/wp-content\/uploads\/2020\/02\/logo-Rapuzel-1024x571.jpg 1024w, https:\/\/jornalfatosenoticias.com.br\/wp-content\/uploads\/2020\/02\/logo-Rapuzel-300x167.jpg 300w, https:\/\/jornalfatosenoticias.com.br\/wp-content\/uploads\/2020\/02\/logo-Rapuzel-768x428.jpg 768w, https:\/\/jornalfatosenoticias.com.br\/wp-content\/uploads\/2020\/02\/logo-Rapuzel-1536x856.jpg 1536w, https:\/\/jornalfatosenoticias.com.br\/wp-content\/uploads\/2020\/02\/logo-Rapuzel.jpg 1600w\" sizes=\"auto, (max-width: 378px) 100vw, 378px\" \/><\/a><\/figure><\/div>\n\n\n\n<p>Durante a campanha eleitoral argentina, Milei acusou Lula de ter financiado uma campanha \u201csuja\u201d contra ele. Na \u00e9poca, o mandat\u00e1rio brasileiro tamb\u00e9m enviou um grupo de marqueteiros para ajudar o candidato peronista Sergio Massa.<\/p>\n\n\n\n<blockquote class=\"wp-block-quote is-layout-flow wp-block-quote-is-layout-flow\"><p><span class=\"has-inline-color has-luminous-vivid-orange-color\">O pessoal do Bolsonaro tem alertado que Lula est\u00e1 fazendo manobras para financiar esta campanha negativa contra mim\u201d, disse ele ao escritor peruano Jaime Bayly.<\/span><\/p><\/blockquote>\n\n\n\n<div class=\"wp-block-image\"><figure class=\"aligncenter size-large is-resized\"><a href=\"https:\/\/www.controlsystems.com.br\/\"><img loading=\"lazy\" decoding=\"async\" src=\"https:\/\/jornalfatosenoticias.com.br\/wp-content\/uploads\/2020\/02\/CONTROL-CS.jpg\" alt=\"\" class=\"wp-image-44991\" width=\"318\" height=\"381\" srcset=\"https:\/\/jornalfatosenoticias.com.br\/wp-content\/uploads\/2020\/02\/CONTROL-CS.jpg 834w, https:\/\/jornalfatosenoticias.com.br\/wp-content\/uploads\/2020\/02\/CONTROL-CS-250x300.jpg 250w, https:\/\/jornalfatosenoticias.com.br\/wp-content\/uploads\/2020\/02\/CONTROL-CS-768x921.jpg 768w\" sizes=\"auto, (max-width: 318px) 100vw, 318px\" \/><\/a><\/figure><\/div>\n\n\n\n<p>Milei tamb\u00e9m definiu Lula como \u201cum comunista\u201d, disse que era \u201cmuito corrupto\u201d e que \u201cpor isso ele foi preso\u201d. Ele enfatizou que se fosse presidente n\u00e3o pretendia se encontrar com o l\u00edder brasileiro.<\/p>\n\n\n\n<blockquote class=\"wp-block-quote is-layout-flow wp-block-quote-is-layout-flow\"><p><span class=\"has-inline-color has-luminous-vivid-orange-color\">As pessoas f\u00edsicas poder\u00e3o realizar transa\u00e7\u00f5es comerciais com quem quiserem. Da minha posi\u00e7\u00e3o, como chefe de Estado, os meus aliados s\u00e3o Israel, os Estados Unidos e o mundo livre\u201d, afirmou.<\/span><\/p><\/blockquote>\n\n\n\n<div class=\"wp-block-image\"><figure class=\"aligncenter size-large is-resized\"><a href=\"https:\/\/www.ithbrasil.com.br\/\"><img loading=\"lazy\" decoding=\"async\" src=\"https:\/\/jornalfatosenoticias.com.br\/wp-content\/uploads\/2023\/08\/ITH.jpeg\" alt=\"\" class=\"wp-image-44638\" width=\"306\" height=\"249\" srcset=\"https:\/\/jornalfatosenoticias.com.br\/wp-content\/uploads\/2023\/08\/ITH.jpeg 800w, https:\/\/jornalfatosenoticias.com.br\/wp-content\/uploads\/2023\/08\/ITH-300x244.jpeg 300w, https:\/\/jornalfatosenoticias.com.br\/wp-content\/uploads\/2023\/08\/ITH-768x624.jpeg 768w\" sizes=\"auto, (max-width: 306px) 100vw, 306px\" \/><\/a><\/figure><\/div>\n\n\n\n<p>Em entrevista ao jornalista americano Tucker Carlson, o economista afirmou ser \u201cum defensor da liberdade, da paz e da democracia\u201d.<\/p>\n\n\n\n<blockquote class=\"wp-block-quote is-layout-flow wp-block-quote-is-layout-flow\"><p><span class=\"has-inline-color has-luminous-vivid-orange-color\">Os comunistas n\u00e3o entram l\u00e1. Os chineses n\u00e3o entram l\u00e1. [O ditador russo, Vladimir] Putin n\u00e3o entra l\u00e1. Lula n\u00e3o entra l\u00e1. Isto \u00e9, queremos ser o farol moral do continente, queremos ser os defensores da liberdade, da democracia, da diversidade e da paz. Do Estado n\u00e3o vamos promover nenhum tipo de a\u00e7\u00e3o com comunistas ou socialistas. Se os argentinos querem negociar com a China, com a R\u00fassia ou com o Brasil, isso \u00e9 um problema dos argentinos\u201d, afirmou.<\/span><\/p><\/blockquote>\n\n\n\n<div class=\"wp-block-image\"><figure class=\"aligncenter size-large is-resized\"><a href=\"https:\/\/www.facebook.com\/vetor.vix\/\"><img loading=\"lazy\" decoding=\"async\" src=\"https:\/\/jornalfatosenoticias.com.br\/wp-content\/uploads\/2023\/09\/vetorvix1024_1.jpg\" alt=\"\" class=\"wp-image-44868\" width=\"524\" height=\"139\" srcset=\"https:\/\/jornalfatosenoticias.com.br\/wp-content\/uploads\/2023\/09\/vetorvix1024_1.jpg 1024w, https:\/\/jornalfatosenoticias.com.br\/wp-content\/uploads\/2023\/09\/vetorvix1024_1-300x80.jpg 300w, https:\/\/jornalfatosenoticias.com.br\/wp-content\/uploads\/2023\/09\/vetorvix1024_1-768x205.jpg 768w\" sizes=\"auto, (max-width: 524px) 100vw, 524px\" \/><\/a><\/figure><\/div>\n\n\n\n<p>Desde que assumiu o poder, Milei convidou Bolsonaro para sua posse com tratamento de chefe de Estado. Apesar de tamb\u00e9m ter enviado um convite formal a Lula, o petista recusou e enviou o chanceler Mauro Vieira como representante do governo brasileiro.<\/p>\n\n\n\n<p><strong><em>Fonte: <a href=\"https:\/\/www.gazetadopovo.com.br\/mundo\/milei-viagem-brasil-lula-evento-bolsonaro\/\">Gazeta do Povo<\/a><\/em><\/strong><\/p>\n","protected":false},"excerpt":{"rendered":"<p>Presidente argentino ir\u00e1 a evento conservador em Balne\u00e1rio Cambori\u00fa e sua agenda n\u00e3o inclui evento do Mercosul em Assun\u00e7\u00e3o nem encontro com Lula Por Maria Laura Assis, especial para a Gazeta do Povo O presidente da Argentina, Javier Milei, anunciou que n\u00e3o viajar\u00e1 para a C\u00fapula de Chefes de Estado do Mercosul, marcada para a [&hellip;]<\/p>\n","protected":false},"author":2,"featured_media":52399,"comment_status":"open","ping_status":"open","sticky":false,"template":"","format":"standard","meta":{"footnotes":""},"categories":[41,10],"tags":[18055,5995,23943,597,23019,1795,18616,7580],"class_list":["post-52398","post","type-post","status-publish","format-standard","has-post-thumbnail","hentry","category-internacional","category-politica","tag-8-de-janeiro","tag-argentina","tag-balneario-camboriu","tag-brasil","tag-eduardo-bolsonaro","tag-jair-bolsonaro","tag-javier-milei","tag-lula"],"yoast_head":"<!-- This site is optimized with the Yoast SEO plugin v26.5 - https:\/\/yoast.com\/wordpress\/plugins\/seo\/ -->\n<title>Sem encontro com Lula: Milei rejeita C\u00fapula do Mercosul e viajar\u00e1 ao Brasil para evento com Bolsonaro - Jornal Fatos e Not\u00edcias<\/title>\n<meta name=\"robots\" content=\"index, follow, max-snippet:-1, max-image-preview:large, max-video-preview:-1\" \/>\n<link rel=\"canonical\" href=\"https:\/\/jornalfatosenoticias.com.br\/index.php\/2024\/07\/02\/sem-encontro-com-lula-milei-rejeita-cupula-do-mercosul-e-viajara-ao-brasil-para-evento-com-bolsonaro\/\" \/>\n<meta property=\"og:locale\" content=\"pt_BR\" \/>\n<meta property=\"og:type\" content=\"article\" \/>\n<meta property=\"og:title\" content=\"Sem encontro com Lula: Milei rejeita C\u00fapula do Mercosul e viajar\u00e1 ao Brasil para evento com Bolsonaro - Jornal Fatos e Not\u00edcias\" \/>\n<meta property=\"og:description\" content=\"Presidente argentino ir\u00e1 a evento conservador em Balne\u00e1rio Cambori\u00fa e sua agenda n\u00e3o inclui evento do Mercosul em Assun\u00e7\u00e3o nem encontro com Lula Por Maria Laura Assis, especial para a Gazeta do Povo O presidente da Argentina, Javier Milei, anunciou que n\u00e3o viajar\u00e1 para a C\u00fapula de Chefes de Estado do Mercosul, marcada para a [&hellip;]\" \/>\n<meta property=\"og:url\" content=\"https:\/\/jornalfatosenoticias.com.br\/index.php\/2024\/07\/02\/sem-encontro-com-lula-milei-rejeita-cupula-do-mercosul-e-viajara-ao-brasil-para-evento-com-bolsonaro\/\" \/>\n<meta property=\"og:site_name\" content=\"Jornal Fatos e Not\u00edcias\" \/>\n<meta property=\"article:published_time\" content=\"2024-07-02T14:47:53+00:00\" \/>\n<meta property=\"article:modified_time\" content=\"2024-07-02T14:47:54+00:00\" \/>\n<meta property=\"og:image\" content=\"https:\/\/jornalfatosenoticias.com.br\/wp-content\/uploads\/2024\/07\/Milei_gettyimages.jpg\" \/>\n\t<meta property=\"og:image:width\" content=\"612\" \/>\n\t<meta property=\"og:image:height\" content=\"346\" \/>\n\t<meta property=\"og:image:type\" content=\"image\/jpeg\" \/>\n<meta name=\"author\" content=\"Luzimara Fernandes\" \/>\n<meta name=\"twitter:card\" content=\"summary_large_image\" \/>\n<meta name=\"twitter:label1\" content=\"Escrito por\" \/>\n\t<meta name=\"twitter:data1\" content=\"Luzimara Fernandes\" \/>\n\t<meta name=\"twitter:label2\" content=\"Est. tempo de leitura\" \/>\n\t<meta name=\"twitter:data2\" content=\"5 minutos\" \/>\n<script type=\"application\/ld+json\" class=\"yoast-schema-graph\">{\"@context\":\"https:\/\/schema.org\",\"@graph\":[{\"@type\":\"Article\",\"@id\":\"https:\/\/jornalfatosenoticias.com.br\/index.php\/2024\/07\/02\/sem-encontro-com-lula-milei-rejeita-cupula-do-mercosul-e-viajara-ao-brasil-para-evento-com-bolsonaro\/#article\",\"isPartOf\":{\"@id\":\"https:\/\/jornalfatosenoticias.com.br\/index.php\/2024\/07\/02\/sem-encontro-com-lula-milei-rejeita-cupula-do-mercosul-e-viajara-ao-brasil-para-evento-com-bolsonaro\/\"},\"author\":{\"name\":\"Luzimara Fernandes\",\"@id\":\"https:\/\/jornalfatosenoticias.com.br\/#\/schema\/person\/d63837fa13ac8666eb9e74e0985d6f81\"},\"headline\":\"Sem encontro com Lula: Milei rejeita C\u00fapula do Mercosul e viajar\u00e1 ao Brasil para evento com Bolsonaro\",\"datePublished\":\"2024-07-02T14:47:53+00:00\",\"dateModified\":\"2024-07-02T14:47:54+00:00\",\"mainEntityOfPage\":{\"@id\":\"https:\/\/jornalfatosenoticias.com.br\/index.php\/2024\/07\/02\/sem-encontro-com-lula-milei-rejeita-cupula-do-mercosul-e-viajara-ao-brasil-para-evento-com-bolsonaro\/\"},\"wordCount\":929,\"commentCount\":0,\"publisher\":{\"@id\":\"https:\/\/jornalfatosenoticias.com.br\/#organization\"},\"image\":{\"@id\":\"https:\/\/jornalfatosenoticias.com.br\/index.php\/2024\/07\/02\/sem-encontro-com-lula-milei-rejeita-cupula-do-mercosul-e-viajara-ao-brasil-para-evento-com-bolsonaro\/#primaryimage\"},\"thumbnailUrl\":\"https:\/\/jornalfatosenoticias.com.br\/wp-content\/uploads\/2024\/07\/Milei_gettyimages.jpg\",\"keywords\":[\"8 de janeiro\",\"Argentina\",\"Balne\u00e1rio Cambori\u00fa\",\"Brasil\",\"Eduardo Bolsonaro\",\"Jair Bolsonaro\",\"Javier Milei\",\"Lula\"],\"articleSection\":[\"Internacional\",\"Pol\u00edtica\"],\"inLanguage\":\"pt-BR\",\"potentialAction\":[{\"@type\":\"CommentAction\",\"name\":\"Comment\",\"target\":[\"https:\/\/jornalfatosenoticias.com.br\/index.php\/2024\/07\/02\/sem-encontro-com-lula-milei-rejeita-cupula-do-mercosul-e-viajara-ao-brasil-para-evento-com-bolsonaro\/#respond\"]}]},{\"@type\":\"WebPage\",\"@id\":\"https:\/\/jornalfatosenoticias.com.br\/index.php\/2024\/07\/02\/sem-encontro-com-lula-milei-rejeita-cupula-do-mercosul-e-viajara-ao-brasil-para-evento-com-bolsonaro\/\",\"url\":\"https:\/\/jornalfatosenoticias.com.br\/index.php\/2024\/07\/02\/sem-encontro-com-lula-milei-rejeita-cupula-do-mercosul-e-viajara-ao-brasil-para-evento-com-bolsonaro\/\",\"name\":\"Sem encontro com Lula: Milei rejeita C\u00fapula do Mercosul e viajar\u00e1 ao Brasil para evento com Bolsonaro - Jornal Fatos e Not\u00edcias\",\"isPartOf\":{\"@id\":\"https:\/\/jornalfatosenoticias.com.br\/#website\"},\"primaryImageOfPage\":{\"@id\":\"https:\/\/jornalfatosenoticias.com.br\/index.php\/2024\/07\/02\/sem-encontro-com-lula-milei-rejeita-cupula-do-mercosul-e-viajara-ao-brasil-para-evento-com-bolsonaro\/#primaryimage\"},\"image\":{\"@id\":\"https:\/\/jornalfatosenoticias.com.br\/index.php\/2024\/07\/02\/sem-encontro-com-lula-milei-rejeita-cupula-do-mercosul-e-viajara-ao-brasil-para-evento-com-bolsonaro\/#primaryimage\"},\"thumbnailUrl\":\"https:\/\/jornalfatosenoticias.com.br\/wp-content\/uploads\/2024\/07\/Milei_gettyimages.jpg\",\"datePublished\":\"2024-07-02T14:47:53+00:00\",\"dateModified\":\"2024-07-02T14:47:54+00:00\",\"breadcrumb\":{\"@id\":\"https:\/\/jornalfatosenoticias.com.br\/index.php\/2024\/07\/02\/sem-encontro-com-lula-milei-rejeita-cupula-do-mercosul-e-viajara-ao-brasil-para-evento-com-bolsonaro\/#breadcrumb\"},\"inLanguage\":\"pt-BR\",\"potentialAction\":[{\"@type\":\"ReadAction\",\"target\":[\"https:\/\/jornalfatosenoticias.com.br\/index.php\/2024\/07\/02\/sem-encontro-com-lula-milei-rejeita-cupula-do-mercosul-e-viajara-ao-brasil-para-evento-com-bolsonaro\/\"]}]},{\"@type\":\"ImageObject\",\"inLanguage\":\"pt-BR\",\"@id\":\"https:\/\/jornalfatosenoticias.com.br\/index.php\/2024\/07\/02\/sem-encontro-com-lula-milei-rejeita-cupula-do-mercosul-e-viajara-ao-brasil-para-evento-com-bolsonaro\/#primaryimage\",\"url\":\"https:\/\/jornalfatosenoticias.com.br\/wp-content\/uploads\/2024\/07\/Milei_gettyimages.jpg\",\"contentUrl\":\"https:\/\/jornalfatosenoticias.com.br\/wp-content\/uploads\/2024\/07\/Milei_gettyimages.jpg\",\"width\":612,\"height\":346,\"caption\":\"22 June 2024, Hamburg: Argentinian President Javier Milei speaks on the occasion of his award of the Hayek Medal of the Friedrich August v. Hayek Society. Photo: Daniel Bockwoldt\/dpa (Photo by Daniel Bockwoldt\/picture alliance via Getty Images)\"},{\"@type\":\"BreadcrumbList\",\"@id\":\"https:\/\/jornalfatosenoticias.com.br\/index.php\/2024\/07\/02\/sem-encontro-com-lula-milei-rejeita-cupula-do-mercosul-e-viajara-ao-brasil-para-evento-com-bolsonaro\/#breadcrumb\",\"itemListElement\":[{\"@type\":\"ListItem\",\"position\":1,\"name\":\"In\u00edcio\",\"item\":\"https:\/\/jornalfatosenoticias.com.br\/\"},{\"@type\":\"ListItem\",\"position\":2,\"name\":\"Sem encontro com Lula: Milei rejeita C\u00fapula do Mercosul e viajar\u00e1 ao Brasil para evento com Bolsonaro\"}]},{\"@type\":\"WebSite\",\"@id\":\"https:\/\/jornalfatosenoticias.com.br\/#website\",\"url\":\"https:\/\/jornalfatosenoticias.com.br\/\",\"name\":\"Jornal Fatos e Not\u00edcias\",\"description\":\"Not\u00edcias em geral\",\"publisher\":{\"@id\":\"https:\/\/jornalfatosenoticias.com.br\/#organization\"},\"potentialAction\":[{\"@type\":\"SearchAction\",\"target\":{\"@type\":\"EntryPoint\",\"urlTemplate\":\"https:\/\/jornalfatosenoticias.com.br\/?s={search_term_string}\"},\"query-input\":{\"@type\":\"PropertyValueSpecification\",\"valueRequired\":true,\"valueName\":\"search_term_string\"}}],\"inLanguage\":\"pt-BR\"},{\"@type\":\"Organization\",\"@id\":\"https:\/\/jornalfatosenoticias.com.br\/#organization\",\"name\":\"Jornal Fatos e Not\u00edcias\",\"url\":\"https:\/\/jornalfatosenoticias.com.br\/\",\"logo\":{\"@type\":\"ImageObject\",\"inLanguage\":\"pt-BR\",\"@id\":\"https:\/\/jornalfatosenoticias.com.br\/#\/schema\/logo\/image\/\",\"url\":\"https:\/\/jornalfatosenoticias.com.br\/wp-content\/uploads\/2020\/02\/logo120.png\",\"contentUrl\":\"https:\/\/jornalfatosenoticias.com.br\/wp-content\/uploads\/2020\/02\/logo120.png\",\"width\":1227,\"height\":120,\"caption\":\"Jornal Fatos e Not\u00edcias\"},\"image\":{\"@id\":\"https:\/\/jornalfatosenoticias.com.br\/#\/schema\/logo\/image\/\"}},{\"@type\":\"Person\",\"@id\":\"https:\/\/jornalfatosenoticias.com.br\/#\/schema\/person\/d63837fa13ac8666eb9e74e0985d6f81\",\"name\":\"Luzimara Fernandes\",\"image\":{\"@type\":\"ImageObject\",\"inLanguage\":\"pt-BR\",\"@id\":\"https:\/\/jornalfatosenoticias.com.br\/#\/schema\/person\/image\/\",\"url\":\"https:\/\/jornalfatosenoticias.com.br\/wp-content\/uploads\/2025\/05\/EU_portal.jpg\",\"contentUrl\":\"https:\/\/jornalfatosenoticias.com.br\/wp-content\/uploads\/2025\/05\/EU_portal.jpg\",\"caption\":\"Luzimara Fernandes\"},\"description\":\"Jornalista MTB 2358-ES\",\"sameAs\":[\"https:\/\/jornalfatosenoticias.com.br\"],\"url\":\"https:\/\/jornalfatosenoticias.com.br\/index.php\/author\/luzimara\/\"}]}<\/script>\n<!-- \/ Yoast SEO plugin. -->","yoast_head_json":{"title":"Sem encontro com Lula: Milei rejeita C\u00fapula do Mercosul e viajar\u00e1 ao Brasil para evento com Bolsonaro - Jornal Fatos e Not\u00edcias","robots":{"index":"index","follow":"follow","max-snippet":"max-snippet:-1","max-image-preview":"max-image-preview:large","max-video-preview":"max-video-preview:-1"},"canonical":"https:\/\/jornalfatosenoticias.com.br\/index.php\/2024\/07\/02\/sem-encontro-com-lula-milei-rejeita-cupula-do-mercosul-e-viajara-ao-brasil-para-evento-com-bolsonaro\/","og_locale":"pt_BR","og_type":"article","og_title":"Sem encontro com Lula: Milei rejeita C\u00fapula do Mercosul e viajar\u00e1 ao Brasil para evento com Bolsonaro - Jornal Fatos e Not\u00edcias","og_description":"Presidente argentino ir\u00e1 a evento conservador em Balne\u00e1rio Cambori\u00fa e sua agenda n\u00e3o inclui evento do Mercosul em Assun\u00e7\u00e3o nem encontro com Lula Por Maria Laura Assis, especial para a Gazeta do Povo O presidente da Argentina, Javier Milei, anunciou que n\u00e3o viajar\u00e1 para a C\u00fapula de Chefes de Estado do Mercosul, marcada para a [&hellip;]","og_url":"https:\/\/jornalfatosenoticias.com.br\/index.php\/2024\/07\/02\/sem-encontro-com-lula-milei-rejeita-cupula-do-mercosul-e-viajara-ao-brasil-para-evento-com-bolsonaro\/","og_site_name":"Jornal Fatos e Not\u00edcias","article_published_time":"2024-07-02T14:47:53+00:00","article_modified_time":"2024-07-02T14:47:54+00:00","og_image":[{"width":612,"height":346,"url":"https:\/\/jornalfatosenoticias.com.br\/wp-content\/uploads\/2024\/07\/Milei_gettyimages.jpg","type":"image\/jpeg"}],"author":"Luzimara Fernandes","twitter_card":"summary_large_image","twitter_misc":{"Escrito por":"Luzimara Fernandes","Est. tempo de leitura":"5 minutos"},"schema":{"@context":"https:\/\/schema.org","@graph":[{"@type":"Article","@id":"https:\/\/jornalfatosenoticias.com.br\/index.php\/2024\/07\/02\/sem-encontro-com-lula-milei-rejeita-cupula-do-mercosul-e-viajara-ao-brasil-para-evento-com-bolsonaro\/#article","isPartOf":{"@id":"https:\/\/jornalfatosenoticias.com.br\/index.php\/2024\/07\/02\/sem-encontro-com-lula-milei-rejeita-cupula-do-mercosul-e-viajara-ao-brasil-para-evento-com-bolsonaro\/"},"author":{"name":"Luzimara Fernandes","@id":"https:\/\/jornalfatosenoticias.com.br\/#\/schema\/person\/d63837fa13ac8666eb9e74e0985d6f81"},"headline":"Sem encontro com Lula: Milei rejeita C\u00fapula do Mercosul e viajar\u00e1 ao Brasil para evento com Bolsonaro","datePublished":"2024-07-02T14:47:53+00:00","dateModified":"2024-07-02T14:47:54+00:00","mainEntityOfPage":{"@id":"https:\/\/jornalfatosenoticias.com.br\/index.php\/2024\/07\/02\/sem-encontro-com-lula-milei-rejeita-cupula-do-mercosul-e-viajara-ao-brasil-para-evento-com-bolsonaro\/"},"wordCount":929,"commentCount":0,"publisher":{"@id":"https:\/\/jornalfatosenoticias.com.br\/#organization"},"image":{"@id":"https:\/\/jornalfatosenoticias.com.br\/index.php\/2024\/07\/02\/sem-encontro-com-lula-milei-rejeita-cupula-do-mercosul-e-viajara-ao-brasil-para-evento-com-bolsonaro\/#primaryimage"},"thumbnailUrl":"https:\/\/jornalfatosenoticias.com.br\/wp-content\/uploads\/2024\/07\/Milei_gettyimages.jpg","keywords":["8 de janeiro","Argentina","Balne\u00e1rio Cambori\u00fa","Brasil","Eduardo Bolsonaro","Jair Bolsonaro","Javier Milei","Lula"],"articleSection":["Internacional","Pol\u00edtica"],"inLanguage":"pt-BR","potentialAction":[{"@type":"CommentAction","name":"Comment","target":["https:\/\/jornalfatosenoticias.com.br\/index.php\/2024\/07\/02\/sem-encontro-com-lula-milei-rejeita-cupula-do-mercosul-e-viajara-ao-brasil-para-evento-com-bolsonaro\/#respond"]}]},{"@type":"WebPage","@id":"https:\/\/jornalfatosenoticias.com.br\/index.php\/2024\/07\/02\/sem-encontro-com-lula-milei-rejeita-cupula-do-mercosul-e-viajara-ao-brasil-para-evento-com-bolsonaro\/","url":"https:\/\/jornalfatosenoticias.com.br\/index.php\/2024\/07\/02\/sem-encontro-com-lula-milei-rejeita-cupula-do-mercosul-e-viajara-ao-brasil-para-evento-com-bolsonaro\/","name":"Sem encontro com Lula: Milei rejeita C\u00fapula do Mercosul e viajar\u00e1 ao Brasil para evento com Bolsonaro - Jornal Fatos e Not\u00edcias","isPartOf":{"@id":"https:\/\/jornalfatosenoticias.com.br\/#website"},"primaryImageOfPage":{"@id":"https:\/\/jornalfatosenoticias.com.br\/index.php\/2024\/07\/02\/sem-encontro-com-lula-milei-rejeita-cupula-do-mercosul-e-viajara-ao-brasil-para-evento-com-bolsonaro\/#primaryimage"},"image":{"@id":"https:\/\/jornalfatosenoticias.com.br\/index.php\/2024\/07\/02\/sem-encontro-com-lula-milei-rejeita-cupula-do-mercosul-e-viajara-ao-brasil-para-evento-com-bolsonaro\/#primaryimage"},"thumbnailUrl":"https:\/\/jornalfatosenoticias.com.br\/wp-content\/uploads\/2024\/07\/Milei_gettyimages.jpg","datePublished":"2024-07-02T14:47:53+00:00","dateModified":"2024-07-02T14:47:54+00:00","breadcrumb":{"@id":"https:\/\/jornalfatosenoticias.com.br\/index.php\/2024\/07\/02\/sem-encontro-com-lula-milei-rejeita-cupula-do-mercosul-e-viajara-ao-brasil-para-evento-com-bolsonaro\/#breadcrumb"},"inLanguage":"pt-BR","potentialAction":[{"@type":"ReadAction","target":["https:\/\/jornalfatosenoticias.com.br\/index.php\/2024\/07\/02\/sem-encontro-com-lula-milei-rejeita-cupula-do-mercosul-e-viajara-ao-brasil-para-evento-com-bolsonaro\/"]}]},{"@type":"ImageObject","inLanguage":"pt-BR","@id":"https:\/\/jornalfatosenoticias.com.br\/index.php\/2024\/07\/02\/sem-encontro-com-lula-milei-rejeita-cupula-do-mercosul-e-viajara-ao-brasil-para-evento-com-bolsonaro\/#primaryimage","url":"https:\/\/jornalfatosenoticias.com.br\/wp-content\/uploads\/2024\/07\/Milei_gettyimages.jpg","contentUrl":"https:\/\/jornalfatosenoticias.com.br\/wp-content\/uploads\/2024\/07\/Milei_gettyimages.jpg","width":612,"height":346,"caption":"22 June 2024, Hamburg: Argentinian President Javier Milei speaks on the occasion of his award of the Hayek Medal of the Friedrich August v. Hayek Society. Photo: Daniel Bockwoldt\/dpa (Photo by Daniel Bockwoldt\/picture alliance via Getty Images)"},{"@type":"BreadcrumbList","@id":"https:\/\/jornalfatosenoticias.com.br\/index.php\/2024\/07\/02\/sem-encontro-com-lula-milei-rejeita-cupula-do-mercosul-e-viajara-ao-brasil-para-evento-com-bolsonaro\/#breadcrumb","itemListElement":[{"@type":"ListItem","position":1,"name":"In\u00edcio","item":"https:\/\/jornalfatosenoticias.com.br\/"},{"@type":"ListItem","position":2,"name":"Sem encontro com Lula: Milei rejeita C\u00fapula do Mercosul e viajar\u00e1 ao Brasil para evento com Bolsonaro"}]},{"@type":"WebSite","@id":"https:\/\/jornalfatosenoticias.com.br\/#website","url":"https:\/\/jornalfatosenoticias.com.br\/","name":"Jornal Fatos e Not\u00edcias","description":"Not\u00edcias em geral","publisher":{"@id":"https:\/\/jornalfatosenoticias.com.br\/#organization"},"potentialAction":[{"@type":"SearchAction","target":{"@type":"EntryPoint","urlTemplate":"https:\/\/jornalfatosenoticias.com.br\/?s={search_term_string}"},"query-input":{"@type":"PropertyValueSpecification","valueRequired":true,"valueName":"search_term_string"}}],"inLanguage":"pt-BR"},{"@type":"Organization","@id":"https:\/\/jornalfatosenoticias.com.br\/#organization","name":"Jornal Fatos e Not\u00edcias","url":"https:\/\/jornalfatosenoticias.com.br\/","logo":{"@type":"ImageObject","inLanguage":"pt-BR","@id":"https:\/\/jornalfatosenoticias.com.br\/#\/schema\/logo\/image\/","url":"https:\/\/jornalfatosenoticias.com.br\/wp-content\/uploads\/2020\/02\/logo120.png","contentUrl":"https:\/\/jornalfatosenoticias.com.br\/wp-content\/uploads\/2020\/02\/logo120.png","width":1227,"height":120,"caption":"Jornal Fatos e Not\u00edcias"},"image":{"@id":"https:\/\/jornalfatosenoticias.com.br\/#\/schema\/logo\/image\/"}},{"@type":"Person","@id":"https:\/\/jornalfatosenoticias.com.br\/#\/schema\/person\/d63837fa13ac8666eb9e74e0985d6f81","name":"Luzimara Fernandes","image":{"@type":"ImageObject","inLanguage":"pt-BR","@id":"https:\/\/jornalfatosenoticias.com.br\/#\/schema\/person\/image\/","url":"https:\/\/jornalfatosenoticias.com.br\/wp-content\/uploads\/2025\/05\/EU_portal.jpg","contentUrl":"https:\/\/jornalfatosenoticias.com.br\/wp-content\/uploads\/2025\/05\/EU_portal.jpg","caption":"Luzimara Fernandes"},"description":"Jornalista MTB 2358-ES","sameAs":["https:\/\/jornalfatosenoticias.com.br"],"url":"https:\/\/jornalfatosenoticias.com.br\/index.php\/author\/luzimara\/"}]}},"cc_featured_image_caption":{"caption_text":"(Foto: Getty Images) ","source_text":"","source_url":""},"jetpack_featured_media_url":"https:\/\/jornalfatosenoticias.com.br\/wp-content\/uploads\/2024\/07\/Milei_gettyimages.jpg","_links":{"self":[{"href":"https:\/\/jornalfatosenoticias.com.br\/index.php\/wp-json\/wp\/v2\/posts\/52398","targetHints":{"allow":["GET"]}}],"collection":[{"href":"https:\/\/jornalfatosenoticias.com.br\/index.php\/wp-json\/wp\/v2\/posts"}],"about":[{"href":"https:\/\/jornalfatosenoticias.com.br\/index.php\/wp-json\/wp\/v2\/types\/post"}],"author":[{"embeddable":true,"href":"https:\/\/jornalfatosenoticias.com.br\/index.php\/wp-json\/wp\/v2\/users\/2"}],"replies":[{"embeddable":true,"href":"https:\/\/jornalfatosenoticias.com.br\/index.php\/wp-json\/wp\/v2\/comments?post=52398"}],"version-history":[{"count":0,"href":"https:\/\/jornalfatosenoticias.com.br\/index.php\/wp-json\/wp\/v2\/posts\/52398\/revisions"}],"wp:featuredmedia":[{"embeddable":true,"href":"https:\/\/jornalfatosenoticias.com.br\/index.php\/wp-json\/wp\/v2\/media\/52399"}],"wp:attachment":[{"href":"https:\/\/jornalfatosenoticias.com.br\/index.php\/wp-json\/wp\/v2\/media?parent=52398"}],"wp:term":[{"taxonomy":"category","embeddable":true,"href":"https:\/\/jornalfatosenoticias.com.br\/index.php\/wp-json\/wp\/v2\/categories?post=52398"},{"taxonomy":"post_tag","embeddable":true,"href":"https:\/\/jornalfatosenoticias.com.br\/index.php\/wp-json\/wp\/v2\/tags?post=52398"}],"curies":[{"name":"wp","href":"https:\/\/api.w.org\/{rel}","templated":true}]}}