{"id":52401,"date":"2024-07-02T12:00:25","date_gmt":"2024-07-02T15:00:25","guid":{"rendered":"https:\/\/jornalfatosenoticias.com.br\/?p=52401"},"modified":"2024-07-02T12:00:27","modified_gmt":"2024-07-02T15:00:27","slug":"dolar-volta-a-subir-apos-lula-dizer-que-ha-jogo-de-especulacao-e-que-precisa-fazer-algo","status":"publish","type":"post","link":"https:\/\/jornalfatosenoticias.com.br\/index.php\/2024\/07\/02\/dolar-volta-a-subir-apos-lula-dizer-que-ha-jogo-de-especulacao-e-que-precisa-fazer-algo\/","title":{"rendered":"D\u00f3lar volta a subir ap\u00f3s Lula dizer que h\u00e1 \u201cjogo de especula\u00e7\u00e3o\u201d e que precisa fazer algo"},"content":{"rendered":"\n<p><em><span class=\"has-inline-color has-black-color\">Lula diz que escalada do d\u00f3lar preocupa e que algo precisa ser feito, mas segue atacando Roberto Campos Neto e Banco Central<\/span><\/em><\/p>\n\n\n\n<p><span class=\"has-inline-color has-black-color\">Por <strong><a href=\"https:\/\/www.gazetadopovo.com.br\/autor\/guilherme-grandi\/\">Guilherme Grandi<\/a><\/strong><\/span><\/p>\n\n\n\n<div class=\"wp-block-image\"><figure class=\"aligncenter size-large\"><a href=\"https:\/\/mizu.com.br\/\"><img loading=\"lazy\" decoding=\"async\" width=\"729\" height=\"90\" src=\"https:\/\/jornalfatosenoticias.com.br\/wp-content\/uploads\/2020\/02\/Logo_Mizu.png\" alt=\"\" class=\"wp-image-1441\" srcset=\"https:\/\/jornalfatosenoticias.com.br\/wp-content\/uploads\/2020\/02\/Logo_Mizu.png 729w, https:\/\/jornalfatosenoticias.com.br\/wp-content\/uploads\/2020\/02\/Logo_Mizu-300x37.png 300w\" sizes=\"auto, (max-width: 729px) 100vw, 729px\" \/><\/a><\/figure><\/div>\n\n\n\n<p>O d\u00f3lar voltou a subir nesta ter\u00e7a (2) ap\u00f3s bater o recorde de R$ 5,65 na segunda (1\u00ba) em meio a novas falas de Luiz In\u00e1cio Lula da Silva (PT) sobre o Banco Central e cortes de gastos do governo. No meio da manh\u00e3, a moeda norte-americana chegou a ser cotada a R$ 5,67 ap\u00f3s abrir o dia a R$ 5,64 \u00e0s 9h e cair a R$ 5,63 minutos depois.<br>No entanto, a moeda come\u00e7ou a escalar a cota\u00e7\u00e3o e chegou a R$ 5,67 as 10h30 e passou a operar o resto da manh\u00e3 a R$ 5,66, com leves varia\u00e7\u00f5es neste patamar.<\/p>\n\n\n\n<div class=\"wp-block-image\"><figure class=\"aligncenter size-large is-resized\"><img loading=\"lazy\" decoding=\"async\" src=\"https:\/\/jornalfatosenoticias.com.br\/wp-content\/uploads\/2022\/02\/Precisao-Contabilidade-1024x724.jpg\" alt=\"\" class=\"wp-image-28088\" width=\"308\" height=\"218\"\/><\/figure><\/div>\n\n\n\n<p>Embora Lula tenha feito novas declara\u00e7\u00f5es sobre o Banco Central e a moeda mais cedo, por volta das 8h30, a repercuss\u00e3o veio pouco depois. O presidente afirmou que a subida do d\u00f3lar preocupa, mas que \u201ch\u00e1 um jogo de especula\u00e7\u00e3o\u201d.<br>\u201cEstamos discutindo o que fazer, porque n\u00e3o \u00e9 normal o que est\u00e1 acontecendo\u201d, disse em entrevista \u00e0 R\u00e1dio Sociedade de Salvador, onde anuncia investimentos do governo federal na Bahia.<\/p>\n\n\n\n<div class=\"wp-block-image\"><figure class=\"aligncenter size-large\"><a href=\"https:\/\/cesconetto.com.br\/\"><img loading=\"lazy\" decoding=\"async\" width=\"300\" height=\"250\" src=\"https:\/\/jornalfatosenoticias.com.br\/wp-content\/uploads\/2022\/02\/Banner-2.png\" alt=\"\" class=\"wp-image-27877\"\/><\/a><\/figure><\/div>\n\n\n\n<p>Na segunda (1\u00ba), o d\u00f3lar terminou o dia a R$ 5,65 por conta de cr\u00edticas de Lula ao presidente do Banco Central, Roberto Campos Neto, em que reclamou que tomou posse ainda com o indicado do ex-presidente Jair Bolsonaro (PL).<br>\u201cComo \u00e9 que pode o presidente da Rep\u00fablica ganhar as elei\u00e7\u00f5es e depois n\u00e3o poder indicar o presidente do Banco Central? Eu estou h\u00e1 dois anos com o presidente do Banco Central do Bolsonaro. N\u00e3o \u00e9 correto isso\u201d, disse Lula em entrevista \u00e0 R\u00e1dio Princesa, de Feira de Santana (BA).<\/p>\n\n\n\n<div class=\"wp-block-image\"><figure class=\"aligncenter size-large is-resized\"><a href=\"https:\/\/www.instagram.com\/restaurantepegoretti\/\"><img loading=\"lazy\" decoding=\"async\" src=\"https:\/\/jornalfatosenoticias.com.br\/wp-content\/uploads\/2023\/12\/pegoretti-logo-pdf-1024x389.jpg\" alt=\"\" class=\"wp-image-47536\" width=\"482\" height=\"183\" srcset=\"https:\/\/jornalfatosenoticias.com.br\/wp-content\/uploads\/2023\/12\/pegoretti-logo-pdf-1024x389.jpg 1024w, https:\/\/jornalfatosenoticias.com.br\/wp-content\/uploads\/2023\/12\/pegoretti-logo-pdf-300x114.jpg 300w, https:\/\/jornalfatosenoticias.com.br\/wp-content\/uploads\/2023\/12\/pegoretti-logo-pdf-768x291.jpg 768w, https:\/\/jornalfatosenoticias.com.br\/wp-content\/uploads\/2023\/12\/pegoretti-logo-pdf.jpg 1120w\" sizes=\"auto, (max-width: 482px) 100vw, 482px\" \/><\/a><\/figure><\/div>\n\n\n\n<p>Lula disse ainda que \u201cquem quer o Banco Central aut\u00f4nomo \u00e9 o mercado, que faz parte do Copom, que determina meta de infla\u00e7\u00e3o, pol\u00edtica de juro\u201d.<br>Nesta ter\u00e7a (2), Lula afirmou que esta crise da escalada do d\u00f3lar foi inventada com a culpa sendo jogada sobre ele. O petista ainda sinalizou que acredita que o Banco Central pode ter sido apoderado pelo mercado financeiro.<\/p>\n\n\n\n<div class=\"wp-block-image\"><figure class=\"aligncenter size-large is-resized\"><a href=\"https:\/\/www.facebook.com\/postobkr\/?locale=pt_BR\"><img loading=\"lazy\" decoding=\"async\" src=\"https:\/\/jornalfatosenoticias.com.br\/wp-content\/uploads\/2023\/08\/BKR-1024x1021.jpg\" alt=\"\" class=\"wp-image-44494\" width=\"314\" height=\"313\" srcset=\"https:\/\/jornalfatosenoticias.com.br\/wp-content\/uploads\/2023\/08\/BKR-1024x1021.jpg 1024w, https:\/\/jornalfatosenoticias.com.br\/wp-content\/uploads\/2023\/08\/BKR-300x300.jpg 300w, https:\/\/jornalfatosenoticias.com.br\/wp-content\/uploads\/2023\/08\/BKR-150x150.jpg 150w, https:\/\/jornalfatosenoticias.com.br\/wp-content\/uploads\/2023\/08\/BKR-768x766.jpg 768w, https:\/\/jornalfatosenoticias.com.br\/wp-content\/uploads\/2023\/08\/BKR.jpg 1080w\" sizes=\"auto, (max-width: 314px) 100vw, 314px\" \/><\/a><\/figure><\/div>\n\n\n\n<p>\u201cSe voc\u00ea \u00e9 um presidente democrata, voc\u00ea permite que isso [autonomia] aconte\u00e7a sem nenhum problema. Agora, quando voc\u00ea \u00e9 autorit\u00e1rio, voc\u00ea resolve fazer com que o mercado se apodere de uma institui\u00e7\u00e3o que deveria ser do Estado. O Banco Central n\u00e3o pode estar a servi\u00e7o do sistema financeiro\u201d, disparou o presidente.<\/p>\n\n\n\n<div class=\"wp-block-image\"><figure class=\"aligncenter size-large is-resized\"><a href=\"https:\/\/panper.com.br\/\"><img loading=\"lazy\" decoding=\"async\" src=\"https:\/\/jornalfatosenoticias.com.br\/wp-content\/uploads\/2023\/03\/logo-Panper_portal.jpg\" alt=\"\" class=\"wp-image-40208\" width=\"332\" height=\"230\" srcset=\"https:\/\/jornalfatosenoticias.com.br\/wp-content\/uploads\/2023\/03\/logo-Panper_portal.jpg 400w, https:\/\/jornalfatosenoticias.com.br\/wp-content\/uploads\/2023\/03\/logo-Panper_portal-300x208.jpg 300w\" sizes=\"auto, (max-width: 332px) 100vw, 332px\" \/><\/a><\/figure><\/div>\n\n\n\n<p>O petista afirmou, ainda, que n\u00e3o pode fazer nada enquanto n\u00e3o acaba o mandato de Campos Neto, j\u00e1 que ele foi indicado e aprovado pelo Congresso, mas que \u201ctemos que fazer alguma coisa\u201d.<\/p>\n\n\n\n<div class=\"wp-block-image\"><figure class=\"aligncenter size-large is-resized\"><a href=\"https:\/\/hotelmarquetti.com.br\/\"><img loading=\"lazy\" decoding=\"async\" src=\"https:\/\/jornalfatosenoticias.com.br\/wp-content\/uploads\/2023\/03\/nova-logo-Marquetti.jpg\" alt=\"\" class=\"wp-image-40207\" width=\"341\" height=\"229\" srcset=\"https:\/\/jornalfatosenoticias.com.br\/wp-content\/uploads\/2023\/03\/nova-logo-Marquetti.jpg 643w, https:\/\/jornalfatosenoticias.com.br\/wp-content\/uploads\/2023\/03\/nova-logo-Marquetti-300x202.jpg 300w\" sizes=\"auto, (max-width: 341px) 100vw, 341px\" \/><\/a><\/figure><\/div>\n\n\n\n<p>\u201cN\u00e3o posso falar aqui o que [tem que se fazer], sen\u00e3o estaria alertando meus advers\u00e1rios\u201d, pontuou questionando as decis\u00f5es da autarquia mesmo com os dados positivos da economia, como o avan\u00e7o do PIB acima do previsto pelo mercado, queda do desemprego, crescimento da massa salarial, entre outros.<\/p>\n\n\n\n<p><strong><em>Fonte: <a href=\"https:\/\/www.gazetadopovo.com.br\/economia\/dolar-lula-ha-jogo-especulacao\/\">Gazeta do Povo<\/a><\/em><\/strong><\/p>\n","protected":false},"excerpt":{"rendered":"<p>Lula diz que escalada do d\u00f3lar preocupa e que algo precisa ser feito, mas segue atacando Roberto Campos Neto e Banco Central Por Guilherme Grandi O d\u00f3lar voltou a subir nesta ter\u00e7a (2) ap\u00f3s bater o recorde de R$ 5,65 na segunda (1\u00ba) em meio a novas falas de Luiz In\u00e1cio Lula da Silva (PT) [&hellip;]<\/p>\n","protected":false},"author":2,"featured_media":52402,"comment_status":"open","ping_status":"open","sticky":false,"template":"","format":"standard","meta":{"footnotes":""},"categories":[9],"tags":[489,9775,240,7580,1168,15014],"class_list":["post-52401","post","type-post","status-publish","format-standard","has-post-thumbnail","hentry","category-economia","tag-banco-central","tag-dolar","tag-economia","tag-lula","tag-mercado-financeiro","tag-roberto-campos-neto"],"yoast_head":"<!-- This site is optimized with the Yoast SEO plugin v26.5 - https:\/\/yoast.com\/wordpress\/plugins\/seo\/ -->\n<title>D\u00f3lar volta a subir ap\u00f3s Lula dizer que h\u00e1 \u201cjogo de especula\u00e7\u00e3o\u201d e que precisa fazer algo - Jornal Fatos e Not\u00edcias<\/title>\n<meta name=\"robots\" content=\"index, follow, max-snippet:-1, max-image-preview:large, max-video-preview:-1\" \/>\n<link rel=\"canonical\" href=\"https:\/\/jornalfatosenoticias.com.br\/index.php\/2024\/07\/02\/dolar-volta-a-subir-apos-lula-dizer-que-ha-jogo-de-especulacao-e-que-precisa-fazer-algo\/\" \/>\n<meta property=\"og:locale\" content=\"pt_BR\" \/>\n<meta property=\"og:type\" content=\"article\" \/>\n<meta property=\"og:title\" content=\"D\u00f3lar volta a subir ap\u00f3s Lula dizer que h\u00e1 \u201cjogo de especula\u00e7\u00e3o\u201d e que precisa fazer algo - Jornal Fatos e Not\u00edcias\" \/>\n<meta property=\"og:description\" content=\"Lula diz que escalada do d\u00f3lar preocupa e que algo precisa ser feito, mas segue atacando Roberto Campos Neto e Banco Central Por Guilherme Grandi O d\u00f3lar voltou a subir nesta ter\u00e7a (2) ap\u00f3s bater o recorde de R$ 5,65 na segunda (1\u00ba) em meio a novas falas de Luiz In\u00e1cio Lula da Silva (PT) [&hellip;]\" \/>\n<meta property=\"og:url\" content=\"https:\/\/jornalfatosenoticias.com.br\/index.php\/2024\/07\/02\/dolar-volta-a-subir-apos-lula-dizer-que-ha-jogo-de-especulacao-e-que-precisa-fazer-algo\/\" \/>\n<meta property=\"og:site_name\" content=\"Jornal Fatos e Not\u00edcias\" \/>\n<meta property=\"article:published_time\" content=\"2024-07-02T15:00:25+00:00\" \/>\n<meta property=\"article:modified_time\" content=\"2024-07-02T15:00:27+00:00\" \/>\n<meta property=\"og:image\" content=\"https:\/\/jornalfatosenoticias.com.br\/wp-content\/uploads\/2024\/07\/lula_gettyimages.jpg\" \/>\n\t<meta property=\"og:image:width\" content=\"612\" \/>\n\t<meta property=\"og:image:height\" content=\"408\" \/>\n\t<meta property=\"og:image:type\" content=\"image\/jpeg\" \/>\n<meta name=\"author\" content=\"Luzimara Fernandes\" \/>\n<meta name=\"twitter:card\" content=\"summary_large_image\" \/>\n<meta name=\"twitter:label1\" content=\"Escrito por\" \/>\n\t<meta name=\"twitter:data1\" content=\"Luzimara Fernandes\" \/>\n\t<meta name=\"twitter:label2\" content=\"Est. tempo de leitura\" \/>\n\t<meta name=\"twitter:data2\" content=\"3 minutos\" \/>\n<script type=\"application\/ld+json\" class=\"yoast-schema-graph\">{\"@context\":\"https:\/\/schema.org\",\"@graph\":[{\"@type\":\"Article\",\"@id\":\"https:\/\/jornalfatosenoticias.com.br\/index.php\/2024\/07\/02\/dolar-volta-a-subir-apos-lula-dizer-que-ha-jogo-de-especulacao-e-que-precisa-fazer-algo\/#article\",\"isPartOf\":{\"@id\":\"https:\/\/jornalfatosenoticias.com.br\/index.php\/2024\/07\/02\/dolar-volta-a-subir-apos-lula-dizer-que-ha-jogo-de-especulacao-e-que-precisa-fazer-algo\/\"},\"author\":{\"name\":\"Luzimara Fernandes\",\"@id\":\"https:\/\/jornalfatosenoticias.com.br\/#\/schema\/person\/d63837fa13ac8666eb9e74e0985d6f81\"},\"headline\":\"D\u00f3lar volta a subir ap\u00f3s Lula dizer que h\u00e1 \u201cjogo de especula\u00e7\u00e3o\u201d e que precisa fazer algo\",\"datePublished\":\"2024-07-02T15:00:25+00:00\",\"dateModified\":\"2024-07-02T15:00:27+00:00\",\"mainEntityOfPage\":{\"@id\":\"https:\/\/jornalfatosenoticias.com.br\/index.php\/2024\/07\/02\/dolar-volta-a-subir-apos-lula-dizer-que-ha-jogo-de-especulacao-e-que-precisa-fazer-algo\/\"},\"wordCount\":525,\"commentCount\":0,\"publisher\":{\"@id\":\"https:\/\/jornalfatosenoticias.com.br\/#organization\"},\"image\":{\"@id\":\"https:\/\/jornalfatosenoticias.com.br\/index.php\/2024\/07\/02\/dolar-volta-a-subir-apos-lula-dizer-que-ha-jogo-de-especulacao-e-que-precisa-fazer-algo\/#primaryimage\"},\"thumbnailUrl\":\"https:\/\/jornalfatosenoticias.com.br\/wp-content\/uploads\/2024\/07\/lula_gettyimages.jpg\",\"keywords\":[\"Banco Central\",\"d\u00f3lar\",\"economia\",\"Lula\",\"mercado financeiro\",\"Roberto Campos Neto\"],\"articleSection\":[\"Economia\"],\"inLanguage\":\"pt-BR\",\"potentialAction\":[{\"@type\":\"CommentAction\",\"name\":\"Comment\",\"target\":[\"https:\/\/jornalfatosenoticias.com.br\/index.php\/2024\/07\/02\/dolar-volta-a-subir-apos-lula-dizer-que-ha-jogo-de-especulacao-e-que-precisa-fazer-algo\/#respond\"]}]},{\"@type\":\"WebPage\",\"@id\":\"https:\/\/jornalfatosenoticias.com.br\/index.php\/2024\/07\/02\/dolar-volta-a-subir-apos-lula-dizer-que-ha-jogo-de-especulacao-e-que-precisa-fazer-algo\/\",\"url\":\"https:\/\/jornalfatosenoticias.com.br\/index.php\/2024\/07\/02\/dolar-volta-a-subir-apos-lula-dizer-que-ha-jogo-de-especulacao-e-que-precisa-fazer-algo\/\",\"name\":\"D\u00f3lar volta a subir ap\u00f3s Lula dizer que h\u00e1 \u201cjogo de especula\u00e7\u00e3o\u201d e que precisa fazer algo - Jornal Fatos e Not\u00edcias\",\"isPartOf\":{\"@id\":\"https:\/\/jornalfatosenoticias.com.br\/#website\"},\"primaryImageOfPage\":{\"@id\":\"https:\/\/jornalfatosenoticias.com.br\/index.php\/2024\/07\/02\/dolar-volta-a-subir-apos-lula-dizer-que-ha-jogo-de-especulacao-e-que-precisa-fazer-algo\/#primaryimage\"},\"image\":{\"@id\":\"https:\/\/jornalfatosenoticias.com.br\/index.php\/2024\/07\/02\/dolar-volta-a-subir-apos-lula-dizer-que-ha-jogo-de-especulacao-e-que-precisa-fazer-algo\/#primaryimage\"},\"thumbnailUrl\":\"https:\/\/jornalfatosenoticias.com.br\/wp-content\/uploads\/2024\/07\/lula_gettyimages.jpg\",\"datePublished\":\"2024-07-02T15:00:25+00:00\",\"dateModified\":\"2024-07-02T15:00:27+00:00\",\"breadcrumb\":{\"@id\":\"https:\/\/jornalfatosenoticias.com.br\/index.php\/2024\/07\/02\/dolar-volta-a-subir-apos-lula-dizer-que-ha-jogo-de-especulacao-e-que-precisa-fazer-algo\/#breadcrumb\"},\"inLanguage\":\"pt-BR\",\"potentialAction\":[{\"@type\":\"ReadAction\",\"target\":[\"https:\/\/jornalfatosenoticias.com.br\/index.php\/2024\/07\/02\/dolar-volta-a-subir-apos-lula-dizer-que-ha-jogo-de-especulacao-e-que-precisa-fazer-algo\/\"]}]},{\"@type\":\"ImageObject\",\"inLanguage\":\"pt-BR\",\"@id\":\"https:\/\/jornalfatosenoticias.com.br\/index.php\/2024\/07\/02\/dolar-volta-a-subir-apos-lula-dizer-que-ha-jogo-de-especulacao-e-que-precisa-fazer-algo\/#primaryimage\",\"url\":\"https:\/\/jornalfatosenoticias.com.br\/wp-content\/uploads\/2024\/07\/lula_gettyimages.jpg\",\"contentUrl\":\"https:\/\/jornalfatosenoticias.com.br\/wp-content\/uploads\/2024\/07\/lula_gettyimages.jpg\",\"width\":612,\"height\":408,\"caption\":\"RIO DE JANEIRO, BRAZIL - JUNE 11: President of Brazil Luis In\u00e1cio Lula Da Silva speaks during the award ceremony of the 18th Brazilian Mathematic Olympic of public schools on June 11, 2024 in Rio de Janeiro, Brazil. (Photo by Buda Mendes\/Getty Images)\"},{\"@type\":\"BreadcrumbList\",\"@id\":\"https:\/\/jornalfatosenoticias.com.br\/index.php\/2024\/07\/02\/dolar-volta-a-subir-apos-lula-dizer-que-ha-jogo-de-especulacao-e-que-precisa-fazer-algo\/#breadcrumb\",\"itemListElement\":[{\"@type\":\"ListItem\",\"position\":1,\"name\":\"In\u00edcio\",\"item\":\"https:\/\/jornalfatosenoticias.com.br\/\"},{\"@type\":\"ListItem\",\"position\":2,\"name\":\"D\u00f3lar volta a subir ap\u00f3s Lula dizer que h\u00e1 \u201cjogo de especula\u00e7\u00e3o\u201d e que precisa fazer algo\"}]},{\"@type\":\"WebSite\",\"@id\":\"https:\/\/jornalfatosenoticias.com.br\/#website\",\"url\":\"https:\/\/jornalfatosenoticias.com.br\/\",\"name\":\"Jornal Fatos e Not\u00edcias\",\"description\":\"Not\u00edcias em geral\",\"publisher\":{\"@id\":\"https:\/\/jornalfatosenoticias.com.br\/#organization\"},\"potentialAction\":[{\"@type\":\"SearchAction\",\"target\":{\"@type\":\"EntryPoint\",\"urlTemplate\":\"https:\/\/jornalfatosenoticias.com.br\/?s={search_term_string}\"},\"query-input\":{\"@type\":\"PropertyValueSpecification\",\"valueRequired\":true,\"valueName\":\"search_term_string\"}}],\"inLanguage\":\"pt-BR\"},{\"@type\":\"Organization\",\"@id\":\"https:\/\/jornalfatosenoticias.com.br\/#organization\",\"name\":\"Jornal Fatos e Not\u00edcias\",\"url\":\"https:\/\/jornalfatosenoticias.com.br\/\",\"logo\":{\"@type\":\"ImageObject\",\"inLanguage\":\"pt-BR\",\"@id\":\"https:\/\/jornalfatosenoticias.com.br\/#\/schema\/logo\/image\/\",\"url\":\"https:\/\/jornalfatosenoticias.com.br\/wp-content\/uploads\/2020\/02\/logo120.png\",\"contentUrl\":\"https:\/\/jornalfatosenoticias.com.br\/wp-content\/uploads\/2020\/02\/logo120.png\",\"width\":1227,\"height\":120,\"caption\":\"Jornal Fatos e Not\u00edcias\"},\"image\":{\"@id\":\"https:\/\/jornalfatosenoticias.com.br\/#\/schema\/logo\/image\/\"}},{\"@type\":\"Person\",\"@id\":\"https:\/\/jornalfatosenoticias.com.br\/#\/schema\/person\/d63837fa13ac8666eb9e74e0985d6f81\",\"name\":\"Luzimara Fernandes\",\"image\":{\"@type\":\"ImageObject\",\"inLanguage\":\"pt-BR\",\"@id\":\"https:\/\/jornalfatosenoticias.com.br\/#\/schema\/person\/image\/\",\"url\":\"https:\/\/jornalfatosenoticias.com.br\/wp-content\/uploads\/2025\/05\/EU_portal.jpg\",\"contentUrl\":\"https:\/\/jornalfatosenoticias.com.br\/wp-content\/uploads\/2025\/05\/EU_portal.jpg\",\"caption\":\"Luzimara Fernandes\"},\"description\":\"Jornalista MTB 2358-ES\",\"sameAs\":[\"https:\/\/jornalfatosenoticias.com.br\"],\"url\":\"https:\/\/jornalfatosenoticias.com.br\/index.php\/author\/luzimara\/\"}]}<\/script>\n<!-- \/ Yoast SEO plugin. -->","yoast_head_json":{"title":"D\u00f3lar volta a subir ap\u00f3s Lula dizer que h\u00e1 \u201cjogo de especula\u00e7\u00e3o\u201d e que precisa fazer algo - Jornal Fatos e Not\u00edcias","robots":{"index":"index","follow":"follow","max-snippet":"max-snippet:-1","max-image-preview":"max-image-preview:large","max-video-preview":"max-video-preview:-1"},"canonical":"https:\/\/jornalfatosenoticias.com.br\/index.php\/2024\/07\/02\/dolar-volta-a-subir-apos-lula-dizer-que-ha-jogo-de-especulacao-e-que-precisa-fazer-algo\/","og_locale":"pt_BR","og_type":"article","og_title":"D\u00f3lar volta a subir ap\u00f3s Lula dizer que h\u00e1 \u201cjogo de especula\u00e7\u00e3o\u201d e que precisa fazer algo - Jornal Fatos e Not\u00edcias","og_description":"Lula diz que escalada do d\u00f3lar preocupa e que algo precisa ser feito, mas segue atacando Roberto Campos Neto e Banco Central Por Guilherme Grandi O d\u00f3lar voltou a subir nesta ter\u00e7a (2) ap\u00f3s bater o recorde de R$ 5,65 na segunda (1\u00ba) em meio a novas falas de Luiz In\u00e1cio Lula da Silva (PT) [&hellip;]","og_url":"https:\/\/jornalfatosenoticias.com.br\/index.php\/2024\/07\/02\/dolar-volta-a-subir-apos-lula-dizer-que-ha-jogo-de-especulacao-e-que-precisa-fazer-algo\/","og_site_name":"Jornal Fatos e Not\u00edcias","article_published_time":"2024-07-02T15:00:25+00:00","article_modified_time":"2024-07-02T15:00:27+00:00","og_image":[{"width":612,"height":408,"url":"https:\/\/jornalfatosenoticias.com.br\/wp-content\/uploads\/2024\/07\/lula_gettyimages.jpg","type":"image\/jpeg"}],"author":"Luzimara Fernandes","twitter_card":"summary_large_image","twitter_misc":{"Escrito por":"Luzimara Fernandes","Est. tempo de leitura":"3 minutos"},"schema":{"@context":"https:\/\/schema.org","@graph":[{"@type":"Article","@id":"https:\/\/jornalfatosenoticias.com.br\/index.php\/2024\/07\/02\/dolar-volta-a-subir-apos-lula-dizer-que-ha-jogo-de-especulacao-e-que-precisa-fazer-algo\/#article","isPartOf":{"@id":"https:\/\/jornalfatosenoticias.com.br\/index.php\/2024\/07\/02\/dolar-volta-a-subir-apos-lula-dizer-que-ha-jogo-de-especulacao-e-que-precisa-fazer-algo\/"},"author":{"name":"Luzimara Fernandes","@id":"https:\/\/jornalfatosenoticias.com.br\/#\/schema\/person\/d63837fa13ac8666eb9e74e0985d6f81"},"headline":"D\u00f3lar volta a subir ap\u00f3s Lula dizer que h\u00e1 \u201cjogo de especula\u00e7\u00e3o\u201d e que precisa fazer algo","datePublished":"2024-07-02T15:00:25+00:00","dateModified":"2024-07-02T15:00:27+00:00","mainEntityOfPage":{"@id":"https:\/\/jornalfatosenoticias.com.br\/index.php\/2024\/07\/02\/dolar-volta-a-subir-apos-lula-dizer-que-ha-jogo-de-especulacao-e-que-precisa-fazer-algo\/"},"wordCount":525,"commentCount":0,"publisher":{"@id":"https:\/\/jornalfatosenoticias.com.br\/#organization"},"image":{"@id":"https:\/\/jornalfatosenoticias.com.br\/index.php\/2024\/07\/02\/dolar-volta-a-subir-apos-lula-dizer-que-ha-jogo-de-especulacao-e-que-precisa-fazer-algo\/#primaryimage"},"thumbnailUrl":"https:\/\/jornalfatosenoticias.com.br\/wp-content\/uploads\/2024\/07\/lula_gettyimages.jpg","keywords":["Banco Central","d\u00f3lar","economia","Lula","mercado financeiro","Roberto Campos Neto"],"articleSection":["Economia"],"inLanguage":"pt-BR","potentialAction":[{"@type":"CommentAction","name":"Comment","target":["https:\/\/jornalfatosenoticias.com.br\/index.php\/2024\/07\/02\/dolar-volta-a-subir-apos-lula-dizer-que-ha-jogo-de-especulacao-e-que-precisa-fazer-algo\/#respond"]}]},{"@type":"WebPage","@id":"https:\/\/jornalfatosenoticias.com.br\/index.php\/2024\/07\/02\/dolar-volta-a-subir-apos-lula-dizer-que-ha-jogo-de-especulacao-e-que-precisa-fazer-algo\/","url":"https:\/\/jornalfatosenoticias.com.br\/index.php\/2024\/07\/02\/dolar-volta-a-subir-apos-lula-dizer-que-ha-jogo-de-especulacao-e-que-precisa-fazer-algo\/","name":"D\u00f3lar volta a subir ap\u00f3s Lula dizer que h\u00e1 \u201cjogo de especula\u00e7\u00e3o\u201d e que precisa fazer algo - Jornal Fatos e Not\u00edcias","isPartOf":{"@id":"https:\/\/jornalfatosenoticias.com.br\/#website"},"primaryImageOfPage":{"@id":"https:\/\/jornalfatosenoticias.com.br\/index.php\/2024\/07\/02\/dolar-volta-a-subir-apos-lula-dizer-que-ha-jogo-de-especulacao-e-que-precisa-fazer-algo\/#primaryimage"},"image":{"@id":"https:\/\/jornalfatosenoticias.com.br\/index.php\/2024\/07\/02\/dolar-volta-a-subir-apos-lula-dizer-que-ha-jogo-de-especulacao-e-que-precisa-fazer-algo\/#primaryimage"},"thumbnailUrl":"https:\/\/jornalfatosenoticias.com.br\/wp-content\/uploads\/2024\/07\/lula_gettyimages.jpg","datePublished":"2024-07-02T15:00:25+00:00","dateModified":"2024-07-02T15:00:27+00:00","breadcrumb":{"@id":"https:\/\/jornalfatosenoticias.com.br\/index.php\/2024\/07\/02\/dolar-volta-a-subir-apos-lula-dizer-que-ha-jogo-de-especulacao-e-que-precisa-fazer-algo\/#breadcrumb"},"inLanguage":"pt-BR","potentialAction":[{"@type":"ReadAction","target":["https:\/\/jornalfatosenoticias.com.br\/index.php\/2024\/07\/02\/dolar-volta-a-subir-apos-lula-dizer-que-ha-jogo-de-especulacao-e-que-precisa-fazer-algo\/"]}]},{"@type":"ImageObject","inLanguage":"pt-BR","@id":"https:\/\/jornalfatosenoticias.com.br\/index.php\/2024\/07\/02\/dolar-volta-a-subir-apos-lula-dizer-que-ha-jogo-de-especulacao-e-que-precisa-fazer-algo\/#primaryimage","url":"https:\/\/jornalfatosenoticias.com.br\/wp-content\/uploads\/2024\/07\/lula_gettyimages.jpg","contentUrl":"https:\/\/jornalfatosenoticias.com.br\/wp-content\/uploads\/2024\/07\/lula_gettyimages.jpg","width":612,"height":408,"caption":"RIO DE JANEIRO, BRAZIL - JUNE 11: President of Brazil Luis In\u00e1cio Lula Da Silva speaks during the award ceremony of the 18th Brazilian Mathematic Olympic of public schools on June 11, 2024 in Rio de Janeiro, Brazil. (Photo by Buda Mendes\/Getty Images)"},{"@type":"BreadcrumbList","@id":"https:\/\/jornalfatosenoticias.com.br\/index.php\/2024\/07\/02\/dolar-volta-a-subir-apos-lula-dizer-que-ha-jogo-de-especulacao-e-que-precisa-fazer-algo\/#breadcrumb","itemListElement":[{"@type":"ListItem","position":1,"name":"In\u00edcio","item":"https:\/\/jornalfatosenoticias.com.br\/"},{"@type":"ListItem","position":2,"name":"D\u00f3lar volta a subir ap\u00f3s Lula dizer que h\u00e1 \u201cjogo de especula\u00e7\u00e3o\u201d e que precisa fazer algo"}]},{"@type":"WebSite","@id":"https:\/\/jornalfatosenoticias.com.br\/#website","url":"https:\/\/jornalfatosenoticias.com.br\/","name":"Jornal Fatos e Not\u00edcias","description":"Not\u00edcias em geral","publisher":{"@id":"https:\/\/jornalfatosenoticias.com.br\/#organization"},"potentialAction":[{"@type":"SearchAction","target":{"@type":"EntryPoint","urlTemplate":"https:\/\/jornalfatosenoticias.com.br\/?s={search_term_string}"},"query-input":{"@type":"PropertyValueSpecification","valueRequired":true,"valueName":"search_term_string"}}],"inLanguage":"pt-BR"},{"@type":"Organization","@id":"https:\/\/jornalfatosenoticias.com.br\/#organization","name":"Jornal Fatos e Not\u00edcias","url":"https:\/\/jornalfatosenoticias.com.br\/","logo":{"@type":"ImageObject","inLanguage":"pt-BR","@id":"https:\/\/jornalfatosenoticias.com.br\/#\/schema\/logo\/image\/","url":"https:\/\/jornalfatosenoticias.com.br\/wp-content\/uploads\/2020\/02\/logo120.png","contentUrl":"https:\/\/jornalfatosenoticias.com.br\/wp-content\/uploads\/2020\/02\/logo120.png","width":1227,"height":120,"caption":"Jornal Fatos e Not\u00edcias"},"image":{"@id":"https:\/\/jornalfatosenoticias.com.br\/#\/schema\/logo\/image\/"}},{"@type":"Person","@id":"https:\/\/jornalfatosenoticias.com.br\/#\/schema\/person\/d63837fa13ac8666eb9e74e0985d6f81","name":"Luzimara Fernandes","image":{"@type":"ImageObject","inLanguage":"pt-BR","@id":"https:\/\/jornalfatosenoticias.com.br\/#\/schema\/person\/image\/","url":"https:\/\/jornalfatosenoticias.com.br\/wp-content\/uploads\/2025\/05\/EU_portal.jpg","contentUrl":"https:\/\/jornalfatosenoticias.com.br\/wp-content\/uploads\/2025\/05\/EU_portal.jpg","caption":"Luzimara Fernandes"},"description":"Jornalista MTB 2358-ES","sameAs":["https:\/\/jornalfatosenoticias.com.br"],"url":"https:\/\/jornalfatosenoticias.com.br\/index.php\/author\/luzimara\/"}]}},"cc_featured_image_caption":{"caption_text":"(Foto: Getty Images) ","source_text":"","source_url":""},"jetpack_featured_media_url":"https:\/\/jornalfatosenoticias.com.br\/wp-content\/uploads\/2024\/07\/lula_gettyimages.jpg","_links":{"self":[{"href":"https:\/\/jornalfatosenoticias.com.br\/index.php\/wp-json\/wp\/v2\/posts\/52401","targetHints":{"allow":["GET"]}}],"collection":[{"href":"https:\/\/jornalfatosenoticias.com.br\/index.php\/wp-json\/wp\/v2\/posts"}],"about":[{"href":"https:\/\/jornalfatosenoticias.com.br\/index.php\/wp-json\/wp\/v2\/types\/post"}],"author":[{"embeddable":true,"href":"https:\/\/jornalfatosenoticias.com.br\/index.php\/wp-json\/wp\/v2\/users\/2"}],"replies":[{"embeddable":true,"href":"https:\/\/jornalfatosenoticias.com.br\/index.php\/wp-json\/wp\/v2\/comments?post=52401"}],"version-history":[{"count":0,"href":"https:\/\/jornalfatosenoticias.com.br\/index.php\/wp-json\/wp\/v2\/posts\/52401\/revisions"}],"wp:featuredmedia":[{"embeddable":true,"href":"https:\/\/jornalfatosenoticias.com.br\/index.php\/wp-json\/wp\/v2\/media\/52402"}],"wp:attachment":[{"href":"https:\/\/jornalfatosenoticias.com.br\/index.php\/wp-json\/wp\/v2\/media?parent=52401"}],"wp:term":[{"taxonomy":"category","embeddable":true,"href":"https:\/\/jornalfatosenoticias.com.br\/index.php\/wp-json\/wp\/v2\/categories?post=52401"},{"taxonomy":"post_tag","embeddable":true,"href":"https:\/\/jornalfatosenoticias.com.br\/index.php\/wp-json\/wp\/v2\/tags?post=52401"}],"curies":[{"name":"wp","href":"https:\/\/api.w.org\/{rel}","templated":true}]}}