{"id":52404,"date":"2024-07-02T12:12:36","date_gmt":"2024-07-02T15:12:36","guid":{"rendered":"https:\/\/jornalfatosenoticias.com.br\/?p=52404"},"modified":"2024-07-02T12:12:37","modified_gmt":"2024-07-02T15:12:37","slug":"julho-promete-temperaturas-mais-baixas-e-chuvas-variadas-no-brasil","status":"publish","type":"post","link":"https:\/\/jornalfatosenoticias.com.br\/index.php\/2024\/07\/02\/julho-promete-temperaturas-mais-baixas-e-chuvas-variadas-no-brasil\/","title":{"rendered":"Julho promete temperaturas mais baixas e chuvas variadas no Brasil"},"content":{"rendered":"\n<div class=\"wp-block-image\"><figure class=\"aligncenter size-large is-resized\"><a href=\"https:\/\/www.facebook.com\/vetor.vix\/\"><img loading=\"lazy\" decoding=\"async\" src=\"https:\/\/jornalfatosenoticias.com.br\/wp-content\/uploads\/2023\/09\/vetorvix1024_1.jpg\" alt=\"\" class=\"wp-image-44868\" width=\"535\" height=\"142\" srcset=\"https:\/\/jornalfatosenoticias.com.br\/wp-content\/uploads\/2023\/09\/vetorvix1024_1.jpg 1024w, https:\/\/jornalfatosenoticias.com.br\/wp-content\/uploads\/2023\/09\/vetorvix1024_1-300x80.jpg 300w, https:\/\/jornalfatosenoticias.com.br\/wp-content\/uploads\/2023\/09\/vetorvix1024_1-768x205.jpg 768w\" sizes=\"auto, (max-width: 535px) 100vw, 535px\" \/><\/a><\/figure><\/div>\n\n\n\n<p>\u00c0 medida que nos despedimos de junho e abra\u00e7amos julho, as transforma\u00e7\u00f5es clim\u00e1ticas tornam-se mais evidentes no Brasil. Refletindo sobre as altera\u00e7\u00f5es j\u00e1 observadas durante o solst\u00edcio de inverno, as previs\u00f5es atuais sinalizam um m\u00eas repleto de varia\u00e7\u00f5es clim\u00e1ticas significativas em diversas regi\u00f5es do pa\u00eds.<br>De fato, os meses de outono demonstraram temperaturas consistentemente acima do esperado. Contudo, mudan\u00e7as abruptas est\u00e3o a caminho. Uma s\u00e9rie de fen\u00f4menos meteorol\u00f3gicos promete alterar a paisagem clim\u00e1tica que temos visto at\u00e9 agora. Esta transi\u00e7\u00e3o \u00e9 atenuada pelo fim do fen\u00f4meno El Ni\u00f1o, c\u00e9lebre por incrementar as temperaturas globais ao longo do \u00faltimo ano.<\/p>\n\n\n\n<div class=\"wp-block-image\"><figure class=\"aligncenter size-large is-resized\"><a href=\"https:\/\/www.facebook.com\/postobkr\/?locale=pt_BR\"><img loading=\"lazy\" decoding=\"async\" src=\"https:\/\/jornalfatosenoticias.com.br\/wp-content\/uploads\/2023\/08\/BKR-1024x1021.jpg\" alt=\"\" class=\"wp-image-44494\" width=\"286\" height=\"285\" srcset=\"https:\/\/jornalfatosenoticias.com.br\/wp-content\/uploads\/2023\/08\/BKR-1024x1021.jpg 1024w, https:\/\/jornalfatosenoticias.com.br\/wp-content\/uploads\/2023\/08\/BKR-300x300.jpg 300w, https:\/\/jornalfatosenoticias.com.br\/wp-content\/uploads\/2023\/08\/BKR-150x150.jpg 150w, https:\/\/jornalfatosenoticias.com.br\/wp-content\/uploads\/2023\/08\/BKR-768x766.jpg 768w, https:\/\/jornalfatosenoticias.com.br\/wp-content\/uploads\/2023\/08\/BKR.jpg 1080w\" sizes=\"auto, (max-width: 286px) 100vw, 286px\" \/><\/a><\/figure><\/div>\n\n\n\n<p>As oscila\u00e7\u00f5es atuais resultam em d\u00favidas sobre como ser\u00e1 esse inverno. Com a transi\u00e7\u00e3o progressiva para a La Ni\u00f1a, ainda experimentaremos temperaturas acima da m\u00e9dia hist\u00f3rica, mas j\u00e1 notamos sinais de resfriamento. As influ\u00eancias deste fen\u00f4meno na configura\u00e7\u00e3o das chuvas e temperaturas s\u00e3o um t\u00f3pico de grande interesse para agricultores e gestores urbanos.<\/p>\n\n\n\n<div class=\"wp-block-image\"><figure class=\"aligncenter size-large is-resized\"><a href=\"https:\/\/www.instagram.com\/rapuzeljastro\/\"><img loading=\"lazy\" decoding=\"async\" src=\"https:\/\/jornalfatosenoticias.com.br\/wp-content\/uploads\/2020\/02\/logo-Rapuzel-1024x571.jpg\" alt=\"\" class=\"wp-image-42808\" width=\"390\" height=\"217\" srcset=\"https:\/\/jornalfatosenoticias.com.br\/wp-content\/uploads\/2020\/02\/logo-Rapuzel-1024x571.jpg 1024w, https:\/\/jornalfatosenoticias.com.br\/wp-content\/uploads\/2020\/02\/logo-Rapuzel-300x167.jpg 300w, https:\/\/jornalfatosenoticias.com.br\/wp-content\/uploads\/2020\/02\/logo-Rapuzel-768x428.jpg 768w, https:\/\/jornalfatosenoticias.com.br\/wp-content\/uploads\/2020\/02\/logo-Rapuzel-1536x856.jpg 1536w, https:\/\/jornalfatosenoticias.com.br\/wp-content\/uploads\/2020\/02\/logo-Rapuzel.jpg 1600w\" sizes=\"auto, (max-width: 390px) 100vw, 390px\" \/><\/a><\/figure><\/div>\n\n\n\n<p>Para o norte do pa\u00eds, \u00e9 previsto um m\u00eas repleto de chuvas acima da m\u00e9dia devido \u00e0 Zona de Converg\u00eancia Intertropical. Paradoxalmente, \u00e1reas do Nordeste ver\u00e3o um per\u00edodo mais seco, alinhado \u00e0s caracter\u00edsticas t\u00edpicas desta \u00e9poca do ano, embora algumas tempestades ainda possam ocorrer, como observado em junho.<\/p>\n\n\n\n<div class=\"wp-block-image\"><figure class=\"aligncenter size-large is-resized\"><a href=\"https:\/\/www.ithbrasil.com.br\/\"><img loading=\"lazy\" decoding=\"async\" src=\"https:\/\/jornalfatosenoticias.com.br\/wp-content\/uploads\/2023\/08\/ITH.jpeg\" alt=\"\" class=\"wp-image-44638\" width=\"298\" height=\"242\" srcset=\"https:\/\/jornalfatosenoticias.com.br\/wp-content\/uploads\/2023\/08\/ITH.jpeg 800w, https:\/\/jornalfatosenoticias.com.br\/wp-content\/uploads\/2023\/08\/ITH-300x244.jpeg 300w, https:\/\/jornalfatosenoticias.com.br\/wp-content\/uploads\/2023\/08\/ITH-768x624.jpeg 768w\" sizes=\"auto, (max-width: 298px) 100vw, 298px\" \/><\/a><\/figure><\/div>\n\n\n\n<p>No sul, teremos um cen\u00e1rio divergente. Enquanto algumas partes enfrentar\u00e3o chuvas significativamente acima da m\u00e9dia, outras ter\u00e3o um padr\u00e3o clim\u00e1tico normal para o inverno. Destacam-se as tempestades no Rio Grande do Sul, Santa Catarina e Paran\u00e1, com not\u00e1veis incid\u00eancias de granizo e ventos fortes. Este per\u00edodo do ano, marcado por diversos eventos clim\u00e1ticos, exige aten\u00e7\u00e3o e prepara\u00e7\u00e3o. As varia\u00e7\u00f5es intensas podem influenciar desde os m\u00e9todos de cultivo agr\u00edcola at\u00e9 as simples rotinas di\u00e1rias.<\/p>\n\n\n\n<div class=\"wp-block-image\"><figure class=\"aligncenter size-large\"><a href=\"https:\/\/www.instagram.com\/baraodascarnes.es\/\"><img decoding=\"async\" src=\"https:\/\/jornalfatosenoticias.com.br\/wp-content\/uploads\/2020\/02\/barao-das-carnes-300x164-1.jpg\" alt=\"\" class=\"wp-image-34339\"\/><\/a><\/figure><\/div>\n\n\n\n<p>\u00c0 medida que avan\u00e7amos para o cora\u00e7\u00e3o do inverno, as altera\u00e7\u00f5es clim\u00e1ticas continuam se mostrando uma vari\u00e1vel decisiva no dia a dia dos brasileiros. Entender essa din\u00e2mica torna-se essencial para podermos nos preparar adequadamente para o que est\u00e1 por vir. Manter-nos informados \u00e9, sem d\u00favida, nosso maior aliado.<\/p>\n\n\n\n<p><strong><em>Fonte: <a href=\"https:\/\/terrabrasilnoticias.com\/2024\/07\/julho-promete-temperaturas-mais-baixas-e-chuvas-variadas-no-brasil\/\">Terra Brasil Not\u00edcias<\/a><\/em><\/strong><\/p>\n","protected":false},"excerpt":{"rendered":"<p>\u00c0 medida que nos despedimos de junho e abra\u00e7amos julho, as transforma\u00e7\u00f5es clim\u00e1ticas tornam-se mais evidentes no Brasil. Refletindo sobre as altera\u00e7\u00f5es j\u00e1 observadas durante o solst\u00edcio de inverno, as previs\u00f5es atuais sinalizam um m\u00eas repleto de varia\u00e7\u00f5es clim\u00e1ticas significativas em diversas regi\u00f5es do pa\u00eds.De fato, os meses de outono demonstraram temperaturas consistentemente acima do [&hellip;]<\/p>\n","protected":false},"author":2,"featured_media":52405,"comment_status":"open","ping_status":"open","sticky":false,"template":"","format":"standard","meta":{"footnotes":""},"categories":[5],"tags":[223,72,2877,23945,21228,13007,23944],"class_list":["post-52404","post","type-post","status-publish","format-standard","has-post-thumbnail","hentry","category-geral","tag-chuvas","tag-clima","tag-frio","tag-servicos-meteorologicos","tag-temperaturas","tag-tempestades","tag-variacoes-nas-temperaturas"],"yoast_head":"<!-- This site is optimized with the Yoast SEO plugin v26.5 - https:\/\/yoast.com\/wordpress\/plugins\/seo\/ -->\n<title>Julho promete temperaturas mais baixas e chuvas variadas no Brasil - Jornal Fatos e Not\u00edcias<\/title>\n<meta name=\"robots\" content=\"index, follow, max-snippet:-1, max-image-preview:large, max-video-preview:-1\" \/>\n<link rel=\"canonical\" href=\"https:\/\/jornalfatosenoticias.com.br\/index.php\/2024\/07\/02\/julho-promete-temperaturas-mais-baixas-e-chuvas-variadas-no-brasil\/\" \/>\n<meta property=\"og:locale\" content=\"pt_BR\" \/>\n<meta property=\"og:type\" content=\"article\" \/>\n<meta property=\"og:title\" content=\"Julho promete temperaturas mais baixas e chuvas variadas no Brasil - Jornal Fatos e Not\u00edcias\" \/>\n<meta property=\"og:description\" content=\"\u00c0 medida que nos despedimos de junho e abra\u00e7amos julho, as transforma\u00e7\u00f5es clim\u00e1ticas tornam-se mais evidentes no Brasil. Refletindo sobre as altera\u00e7\u00f5es j\u00e1 observadas durante o solst\u00edcio de inverno, as previs\u00f5es atuais sinalizam um m\u00eas repleto de varia\u00e7\u00f5es clim\u00e1ticas significativas em diversas regi\u00f5es do pa\u00eds.De fato, os meses de outono demonstraram temperaturas consistentemente acima do [&hellip;]\" \/>\n<meta property=\"og:url\" content=\"https:\/\/jornalfatosenoticias.com.br\/index.php\/2024\/07\/02\/julho-promete-temperaturas-mais-baixas-e-chuvas-variadas-no-brasil\/\" \/>\n<meta property=\"og:site_name\" content=\"Jornal Fatos e Not\u00edcias\" \/>\n<meta property=\"article:published_time\" content=\"2024-07-02T15:12:36+00:00\" \/>\n<meta property=\"article:modified_time\" content=\"2024-07-02T15:12:37+00:00\" \/>\n<meta property=\"og:image\" content=\"https:\/\/jornalfatosenoticias.com.br\/wp-content\/uploads\/2024\/07\/chuva-e-frio_istock.jpg\" \/>\n\t<meta property=\"og:image:width\" content=\"612\" \/>\n\t<meta property=\"og:image:height\" content=\"408\" \/>\n\t<meta property=\"og:image:type\" content=\"image\/jpeg\" \/>\n<meta name=\"author\" content=\"Luzimara Fernandes\" \/>\n<meta name=\"twitter:card\" content=\"summary_large_image\" \/>\n<meta name=\"twitter:label1\" content=\"Escrito por\" \/>\n\t<meta name=\"twitter:data1\" content=\"Luzimara Fernandes\" \/>\n\t<meta name=\"twitter:label2\" content=\"Est. tempo de leitura\" \/>\n\t<meta name=\"twitter:data2\" content=\"2 minutos\" \/>\n<script type=\"application\/ld+json\" class=\"yoast-schema-graph\">{\"@context\":\"https:\/\/schema.org\",\"@graph\":[{\"@type\":\"Article\",\"@id\":\"https:\/\/jornalfatosenoticias.com.br\/index.php\/2024\/07\/02\/julho-promete-temperaturas-mais-baixas-e-chuvas-variadas-no-brasil\/#article\",\"isPartOf\":{\"@id\":\"https:\/\/jornalfatosenoticias.com.br\/index.php\/2024\/07\/02\/julho-promete-temperaturas-mais-baixas-e-chuvas-variadas-no-brasil\/\"},\"author\":{\"name\":\"Luzimara Fernandes\",\"@id\":\"https:\/\/jornalfatosenoticias.com.br\/#\/schema\/person\/d63837fa13ac8666eb9e74e0985d6f81\"},\"headline\":\"Julho promete temperaturas mais baixas e chuvas variadas no Brasil\",\"datePublished\":\"2024-07-02T15:12:36+00:00\",\"dateModified\":\"2024-07-02T15:12:37+00:00\",\"mainEntityOfPage\":{\"@id\":\"https:\/\/jornalfatosenoticias.com.br\/index.php\/2024\/07\/02\/julho-promete-temperaturas-mais-baixas-e-chuvas-variadas-no-brasil\/\"},\"wordCount\":393,\"commentCount\":0,\"publisher\":{\"@id\":\"https:\/\/jornalfatosenoticias.com.br\/#organization\"},\"image\":{\"@id\":\"https:\/\/jornalfatosenoticias.com.br\/index.php\/2024\/07\/02\/julho-promete-temperaturas-mais-baixas-e-chuvas-variadas-no-brasil\/#primaryimage\"},\"thumbnailUrl\":\"https:\/\/jornalfatosenoticias.com.br\/wp-content\/uploads\/2024\/07\/chuva-e-frio_istock.jpg\",\"keywords\":[\"chuvas\",\"clima\",\"frio\",\"servi\u00e7os meteorol\u00f3gicos\",\"temperaturas\",\"tempestades\",\"varia\u00e7\u00f5es nas temperaturas\"],\"articleSection\":[\"Geral\"],\"inLanguage\":\"pt-BR\",\"potentialAction\":[{\"@type\":\"CommentAction\",\"name\":\"Comment\",\"target\":[\"https:\/\/jornalfatosenoticias.com.br\/index.php\/2024\/07\/02\/julho-promete-temperaturas-mais-baixas-e-chuvas-variadas-no-brasil\/#respond\"]}]},{\"@type\":\"WebPage\",\"@id\":\"https:\/\/jornalfatosenoticias.com.br\/index.php\/2024\/07\/02\/julho-promete-temperaturas-mais-baixas-e-chuvas-variadas-no-brasil\/\",\"url\":\"https:\/\/jornalfatosenoticias.com.br\/index.php\/2024\/07\/02\/julho-promete-temperaturas-mais-baixas-e-chuvas-variadas-no-brasil\/\",\"name\":\"Julho promete temperaturas mais baixas e chuvas variadas no Brasil - Jornal Fatos e Not\u00edcias\",\"isPartOf\":{\"@id\":\"https:\/\/jornalfatosenoticias.com.br\/#website\"},\"primaryImageOfPage\":{\"@id\":\"https:\/\/jornalfatosenoticias.com.br\/index.php\/2024\/07\/02\/julho-promete-temperaturas-mais-baixas-e-chuvas-variadas-no-brasil\/#primaryimage\"},\"image\":{\"@id\":\"https:\/\/jornalfatosenoticias.com.br\/index.php\/2024\/07\/02\/julho-promete-temperaturas-mais-baixas-e-chuvas-variadas-no-brasil\/#primaryimage\"},\"thumbnailUrl\":\"https:\/\/jornalfatosenoticias.com.br\/wp-content\/uploads\/2024\/07\/chuva-e-frio_istock.jpg\",\"datePublished\":\"2024-07-02T15:12:36+00:00\",\"dateModified\":\"2024-07-02T15:12:37+00:00\",\"breadcrumb\":{\"@id\":\"https:\/\/jornalfatosenoticias.com.br\/index.php\/2024\/07\/02\/julho-promete-temperaturas-mais-baixas-e-chuvas-variadas-no-brasil\/#breadcrumb\"},\"inLanguage\":\"pt-BR\",\"potentialAction\":[{\"@type\":\"ReadAction\",\"target\":[\"https:\/\/jornalfatosenoticias.com.br\/index.php\/2024\/07\/02\/julho-promete-temperaturas-mais-baixas-e-chuvas-variadas-no-brasil\/\"]}]},{\"@type\":\"ImageObject\",\"inLanguage\":\"pt-BR\",\"@id\":\"https:\/\/jornalfatosenoticias.com.br\/index.php\/2024\/07\/02\/julho-promete-temperaturas-mais-baixas-e-chuvas-variadas-no-brasil\/#primaryimage\",\"url\":\"https:\/\/jornalfatosenoticias.com.br\/wp-content\/uploads\/2024\/07\/chuva-e-frio_istock.jpg\",\"contentUrl\":\"https:\/\/jornalfatosenoticias.com.br\/wp-content\/uploads\/2024\/07\/chuva-e-frio_istock.jpg\",\"width\":612,\"height\":408,\"caption\":\"Misty road at Serra do Rio do Rastro, Urubici, Santa Catarina, Brazil\"},{\"@type\":\"BreadcrumbList\",\"@id\":\"https:\/\/jornalfatosenoticias.com.br\/index.php\/2024\/07\/02\/julho-promete-temperaturas-mais-baixas-e-chuvas-variadas-no-brasil\/#breadcrumb\",\"itemListElement\":[{\"@type\":\"ListItem\",\"position\":1,\"name\":\"In\u00edcio\",\"item\":\"https:\/\/jornalfatosenoticias.com.br\/\"},{\"@type\":\"ListItem\",\"position\":2,\"name\":\"Julho promete temperaturas mais baixas e chuvas variadas no Brasil\"}]},{\"@type\":\"WebSite\",\"@id\":\"https:\/\/jornalfatosenoticias.com.br\/#website\",\"url\":\"https:\/\/jornalfatosenoticias.com.br\/\",\"name\":\"Jornal Fatos e Not\u00edcias\",\"description\":\"Not\u00edcias em geral\",\"publisher\":{\"@id\":\"https:\/\/jornalfatosenoticias.com.br\/#organization\"},\"potentialAction\":[{\"@type\":\"SearchAction\",\"target\":{\"@type\":\"EntryPoint\",\"urlTemplate\":\"https:\/\/jornalfatosenoticias.com.br\/?s={search_term_string}\"},\"query-input\":{\"@type\":\"PropertyValueSpecification\",\"valueRequired\":true,\"valueName\":\"search_term_string\"}}],\"inLanguage\":\"pt-BR\"},{\"@type\":\"Organization\",\"@id\":\"https:\/\/jornalfatosenoticias.com.br\/#organization\",\"name\":\"Jornal Fatos e Not\u00edcias\",\"url\":\"https:\/\/jornalfatosenoticias.com.br\/\",\"logo\":{\"@type\":\"ImageObject\",\"inLanguage\":\"pt-BR\",\"@id\":\"https:\/\/jornalfatosenoticias.com.br\/#\/schema\/logo\/image\/\",\"url\":\"https:\/\/jornalfatosenoticias.com.br\/wp-content\/uploads\/2020\/02\/logo120.png\",\"contentUrl\":\"https:\/\/jornalfatosenoticias.com.br\/wp-content\/uploads\/2020\/02\/logo120.png\",\"width\":1227,\"height\":120,\"caption\":\"Jornal Fatos e Not\u00edcias\"},\"image\":{\"@id\":\"https:\/\/jornalfatosenoticias.com.br\/#\/schema\/logo\/image\/\"}},{\"@type\":\"Person\",\"@id\":\"https:\/\/jornalfatosenoticias.com.br\/#\/schema\/person\/d63837fa13ac8666eb9e74e0985d6f81\",\"name\":\"Luzimara Fernandes\",\"image\":{\"@type\":\"ImageObject\",\"inLanguage\":\"pt-BR\",\"@id\":\"https:\/\/jornalfatosenoticias.com.br\/#\/schema\/person\/image\/\",\"url\":\"https:\/\/jornalfatosenoticias.com.br\/wp-content\/uploads\/2025\/05\/EU_portal.jpg\",\"contentUrl\":\"https:\/\/jornalfatosenoticias.com.br\/wp-content\/uploads\/2025\/05\/EU_portal.jpg\",\"caption\":\"Luzimara Fernandes\"},\"description\":\"Jornalista MTB 2358-ES\",\"sameAs\":[\"https:\/\/jornalfatosenoticias.com.br\"],\"url\":\"https:\/\/jornalfatosenoticias.com.br\/index.php\/author\/luzimara\/\"}]}<\/script>\n<!-- \/ Yoast SEO plugin. -->","yoast_head_json":{"title":"Julho promete temperaturas mais baixas e chuvas variadas no Brasil - Jornal Fatos e Not\u00edcias","robots":{"index":"index","follow":"follow","max-snippet":"max-snippet:-1","max-image-preview":"max-image-preview:large","max-video-preview":"max-video-preview:-1"},"canonical":"https:\/\/jornalfatosenoticias.com.br\/index.php\/2024\/07\/02\/julho-promete-temperaturas-mais-baixas-e-chuvas-variadas-no-brasil\/","og_locale":"pt_BR","og_type":"article","og_title":"Julho promete temperaturas mais baixas e chuvas variadas no Brasil - Jornal Fatos e Not\u00edcias","og_description":"\u00c0 medida que nos despedimos de junho e abra\u00e7amos julho, as transforma\u00e7\u00f5es clim\u00e1ticas tornam-se mais evidentes no Brasil. Refletindo sobre as altera\u00e7\u00f5es j\u00e1 observadas durante o solst\u00edcio de inverno, as previs\u00f5es atuais sinalizam um m\u00eas repleto de varia\u00e7\u00f5es clim\u00e1ticas significativas em diversas regi\u00f5es do pa\u00eds.De fato, os meses de outono demonstraram temperaturas consistentemente acima do [&hellip;]","og_url":"https:\/\/jornalfatosenoticias.com.br\/index.php\/2024\/07\/02\/julho-promete-temperaturas-mais-baixas-e-chuvas-variadas-no-brasil\/","og_site_name":"Jornal Fatos e Not\u00edcias","article_published_time":"2024-07-02T15:12:36+00:00","article_modified_time":"2024-07-02T15:12:37+00:00","og_image":[{"width":612,"height":408,"url":"https:\/\/jornalfatosenoticias.com.br\/wp-content\/uploads\/2024\/07\/chuva-e-frio_istock.jpg","type":"image\/jpeg"}],"author":"Luzimara Fernandes","twitter_card":"summary_large_image","twitter_misc":{"Escrito por":"Luzimara Fernandes","Est. tempo de leitura":"2 minutos"},"schema":{"@context":"https:\/\/schema.org","@graph":[{"@type":"Article","@id":"https:\/\/jornalfatosenoticias.com.br\/index.php\/2024\/07\/02\/julho-promete-temperaturas-mais-baixas-e-chuvas-variadas-no-brasil\/#article","isPartOf":{"@id":"https:\/\/jornalfatosenoticias.com.br\/index.php\/2024\/07\/02\/julho-promete-temperaturas-mais-baixas-e-chuvas-variadas-no-brasil\/"},"author":{"name":"Luzimara Fernandes","@id":"https:\/\/jornalfatosenoticias.com.br\/#\/schema\/person\/d63837fa13ac8666eb9e74e0985d6f81"},"headline":"Julho promete temperaturas mais baixas e chuvas variadas no Brasil","datePublished":"2024-07-02T15:12:36+00:00","dateModified":"2024-07-02T15:12:37+00:00","mainEntityOfPage":{"@id":"https:\/\/jornalfatosenoticias.com.br\/index.php\/2024\/07\/02\/julho-promete-temperaturas-mais-baixas-e-chuvas-variadas-no-brasil\/"},"wordCount":393,"commentCount":0,"publisher":{"@id":"https:\/\/jornalfatosenoticias.com.br\/#organization"},"image":{"@id":"https:\/\/jornalfatosenoticias.com.br\/index.php\/2024\/07\/02\/julho-promete-temperaturas-mais-baixas-e-chuvas-variadas-no-brasil\/#primaryimage"},"thumbnailUrl":"https:\/\/jornalfatosenoticias.com.br\/wp-content\/uploads\/2024\/07\/chuva-e-frio_istock.jpg","keywords":["chuvas","clima","frio","servi\u00e7os meteorol\u00f3gicos","temperaturas","tempestades","varia\u00e7\u00f5es nas temperaturas"],"articleSection":["Geral"],"inLanguage":"pt-BR","potentialAction":[{"@type":"CommentAction","name":"Comment","target":["https:\/\/jornalfatosenoticias.com.br\/index.php\/2024\/07\/02\/julho-promete-temperaturas-mais-baixas-e-chuvas-variadas-no-brasil\/#respond"]}]},{"@type":"WebPage","@id":"https:\/\/jornalfatosenoticias.com.br\/index.php\/2024\/07\/02\/julho-promete-temperaturas-mais-baixas-e-chuvas-variadas-no-brasil\/","url":"https:\/\/jornalfatosenoticias.com.br\/index.php\/2024\/07\/02\/julho-promete-temperaturas-mais-baixas-e-chuvas-variadas-no-brasil\/","name":"Julho promete temperaturas mais baixas e chuvas variadas no Brasil - Jornal Fatos e Not\u00edcias","isPartOf":{"@id":"https:\/\/jornalfatosenoticias.com.br\/#website"},"primaryImageOfPage":{"@id":"https:\/\/jornalfatosenoticias.com.br\/index.php\/2024\/07\/02\/julho-promete-temperaturas-mais-baixas-e-chuvas-variadas-no-brasil\/#primaryimage"},"image":{"@id":"https:\/\/jornalfatosenoticias.com.br\/index.php\/2024\/07\/02\/julho-promete-temperaturas-mais-baixas-e-chuvas-variadas-no-brasil\/#primaryimage"},"thumbnailUrl":"https:\/\/jornalfatosenoticias.com.br\/wp-content\/uploads\/2024\/07\/chuva-e-frio_istock.jpg","datePublished":"2024-07-02T15:12:36+00:00","dateModified":"2024-07-02T15:12:37+00:00","breadcrumb":{"@id":"https:\/\/jornalfatosenoticias.com.br\/index.php\/2024\/07\/02\/julho-promete-temperaturas-mais-baixas-e-chuvas-variadas-no-brasil\/#breadcrumb"},"inLanguage":"pt-BR","potentialAction":[{"@type":"ReadAction","target":["https:\/\/jornalfatosenoticias.com.br\/index.php\/2024\/07\/02\/julho-promete-temperaturas-mais-baixas-e-chuvas-variadas-no-brasil\/"]}]},{"@type":"ImageObject","inLanguage":"pt-BR","@id":"https:\/\/jornalfatosenoticias.com.br\/index.php\/2024\/07\/02\/julho-promete-temperaturas-mais-baixas-e-chuvas-variadas-no-brasil\/#primaryimage","url":"https:\/\/jornalfatosenoticias.com.br\/wp-content\/uploads\/2024\/07\/chuva-e-frio_istock.jpg","contentUrl":"https:\/\/jornalfatosenoticias.com.br\/wp-content\/uploads\/2024\/07\/chuva-e-frio_istock.jpg","width":612,"height":408,"caption":"Misty road at Serra do Rio do Rastro, Urubici, Santa Catarina, Brazil"},{"@type":"BreadcrumbList","@id":"https:\/\/jornalfatosenoticias.com.br\/index.php\/2024\/07\/02\/julho-promete-temperaturas-mais-baixas-e-chuvas-variadas-no-brasil\/#breadcrumb","itemListElement":[{"@type":"ListItem","position":1,"name":"In\u00edcio","item":"https:\/\/jornalfatosenoticias.com.br\/"},{"@type":"ListItem","position":2,"name":"Julho promete temperaturas mais baixas e chuvas variadas no Brasil"}]},{"@type":"WebSite","@id":"https:\/\/jornalfatosenoticias.com.br\/#website","url":"https:\/\/jornalfatosenoticias.com.br\/","name":"Jornal Fatos e Not\u00edcias","description":"Not\u00edcias em geral","publisher":{"@id":"https:\/\/jornalfatosenoticias.com.br\/#organization"},"potentialAction":[{"@type":"SearchAction","target":{"@type":"EntryPoint","urlTemplate":"https:\/\/jornalfatosenoticias.com.br\/?s={search_term_string}"},"query-input":{"@type":"PropertyValueSpecification","valueRequired":true,"valueName":"search_term_string"}}],"inLanguage":"pt-BR"},{"@type":"Organization","@id":"https:\/\/jornalfatosenoticias.com.br\/#organization","name":"Jornal Fatos e Not\u00edcias","url":"https:\/\/jornalfatosenoticias.com.br\/","logo":{"@type":"ImageObject","inLanguage":"pt-BR","@id":"https:\/\/jornalfatosenoticias.com.br\/#\/schema\/logo\/image\/","url":"https:\/\/jornalfatosenoticias.com.br\/wp-content\/uploads\/2020\/02\/logo120.png","contentUrl":"https:\/\/jornalfatosenoticias.com.br\/wp-content\/uploads\/2020\/02\/logo120.png","width":1227,"height":120,"caption":"Jornal Fatos e Not\u00edcias"},"image":{"@id":"https:\/\/jornalfatosenoticias.com.br\/#\/schema\/logo\/image\/"}},{"@type":"Person","@id":"https:\/\/jornalfatosenoticias.com.br\/#\/schema\/person\/d63837fa13ac8666eb9e74e0985d6f81","name":"Luzimara Fernandes","image":{"@type":"ImageObject","inLanguage":"pt-BR","@id":"https:\/\/jornalfatosenoticias.com.br\/#\/schema\/person\/image\/","url":"https:\/\/jornalfatosenoticias.com.br\/wp-content\/uploads\/2025\/05\/EU_portal.jpg","contentUrl":"https:\/\/jornalfatosenoticias.com.br\/wp-content\/uploads\/2025\/05\/EU_portal.jpg","caption":"Luzimara Fernandes"},"description":"Jornalista MTB 2358-ES","sameAs":["https:\/\/jornalfatosenoticias.com.br"],"url":"https:\/\/jornalfatosenoticias.com.br\/index.php\/author\/luzimara\/"}]}},"cc_featured_image_caption":{"caption_text":"(Foto: iStock) ","source_text":"","source_url":""},"jetpack_featured_media_url":"https:\/\/jornalfatosenoticias.com.br\/wp-content\/uploads\/2024\/07\/chuva-e-frio_istock.jpg","_links":{"self":[{"href":"https:\/\/jornalfatosenoticias.com.br\/index.php\/wp-json\/wp\/v2\/posts\/52404","targetHints":{"allow":["GET"]}}],"collection":[{"href":"https:\/\/jornalfatosenoticias.com.br\/index.php\/wp-json\/wp\/v2\/posts"}],"about":[{"href":"https:\/\/jornalfatosenoticias.com.br\/index.php\/wp-json\/wp\/v2\/types\/post"}],"author":[{"embeddable":true,"href":"https:\/\/jornalfatosenoticias.com.br\/index.php\/wp-json\/wp\/v2\/users\/2"}],"replies":[{"embeddable":true,"href":"https:\/\/jornalfatosenoticias.com.br\/index.php\/wp-json\/wp\/v2\/comments?post=52404"}],"version-history":[{"count":0,"href":"https:\/\/jornalfatosenoticias.com.br\/index.php\/wp-json\/wp\/v2\/posts\/52404\/revisions"}],"wp:featuredmedia":[{"embeddable":true,"href":"https:\/\/jornalfatosenoticias.com.br\/index.php\/wp-json\/wp\/v2\/media\/52405"}],"wp:attachment":[{"href":"https:\/\/jornalfatosenoticias.com.br\/index.php\/wp-json\/wp\/v2\/media?parent=52404"}],"wp:term":[{"taxonomy":"category","embeddable":true,"href":"https:\/\/jornalfatosenoticias.com.br\/index.php\/wp-json\/wp\/v2\/categories?post=52404"},{"taxonomy":"post_tag","embeddable":true,"href":"https:\/\/jornalfatosenoticias.com.br\/index.php\/wp-json\/wp\/v2\/tags?post=52404"}],"curies":[{"name":"wp","href":"https:\/\/api.w.org\/{rel}","templated":true}]}}