{"id":52417,"date":"2024-07-02T15:46:19","date_gmt":"2024-07-02T18:46:19","guid":{"rendered":"https:\/\/jornalfatosenoticias.com.br\/?p=52417"},"modified":"2024-07-02T15:46:21","modified_gmt":"2024-07-02T18:46:21","slug":"garoto-superdotado-de-12-anos-ganha-bolsa-para-faculdade-ao-concluir-ensino-medio","status":"publish","type":"post","link":"https:\/\/jornalfatosenoticias.com.br\/index.php\/2024\/07\/02\/garoto-superdotado-de-12-anos-ganha-bolsa-para-faculdade-ao-concluir-ensino-medio\/","title":{"rendered":"Garoto superdotado de 12 anos ganha bolsa para faculdade ao concluir ensino m\u00e9dio"},"content":{"rendered":"\n<p><span class=\"has-inline-color has-black-color\">Por <strong>Renata Dias<\/strong><\/span><\/p>\n\n\n\n<div class=\"wp-block-image\"><figure class=\"aligncenter size-large\"><a href=\"https:\/\/mizu.com.br\/\"><img loading=\"lazy\" decoding=\"async\" width=\"729\" height=\"90\" src=\"https:\/\/jornalfatosenoticias.com.br\/wp-content\/uploads\/2020\/02\/Logo_Mizu.png\" alt=\"\" class=\"wp-image-1441\" srcset=\"https:\/\/jornalfatosenoticias.com.br\/wp-content\/uploads\/2020\/02\/Logo_Mizu.png 729w, https:\/\/jornalfatosenoticias.com.br\/wp-content\/uploads\/2020\/02\/Logo_Mizu-300x37.png 300w\" sizes=\"auto, (max-width: 729px) 100vw, 729px\" \/><\/a><\/figure><\/div>\n\n\n\n<p>O norte-americano de origem indiana Soborno Isaac Bari, de 12 anos, acaba de se formar na Malverne High School, em Nova York, nos Estados Unidos e, no pr\u00f3ximo semestre, come\u00e7a a faculdade na Universidade de Nova York. O garoto superdotado concluiu o ensino m\u00e9dio e ganhou bolsa para faculdade, depois de ser rejeitado em algumas universidades por ser jovem demais.<br>Na cerim\u00f4nia de formatura do ensino m\u00e9dio, Soborno ganhou muitos aplausos do p\u00fablico enquanto recebia o diploma. \u201cQuando eu estava andando pelo palco, ouvi muitos aplausos, e isso realmente me fez sentir bem-vindo\u201d, disse Soborno ao <a href=\"https:\/\/nypost.com\/2024\/06\/27\/us-news\/whiz-kid-li-high-school-grad-12-has-message-to-young-new-yorkers-hard-work-pays-off\/\">NYPost<\/a>.<\/p>\n\n\n\n<div class=\"wp-block-image\"><figure class=\"aligncenter size-large\"><a href=\"https:\/\/cesconetto.com.br\/\"><img loading=\"lazy\" decoding=\"async\" width=\"300\" height=\"250\" src=\"https:\/\/jornalfatosenoticias.com.br\/wp-content\/uploads\/2020\/02\/Banner-2.png\" alt=\"\" class=\"wp-image-43787\"\/><\/a><\/figure><\/div>\n\n\n\n<p>Soborno vai cursar faculdade de matem\u00e1tica e f\u00edsica. Ele sonha em seguir para o doutorado e se tornar professor universit\u00e1rio. Para chegar onde est\u00e1, o garoto pulou cinco s\u00e9ries na escola fundamental e foi direto para o ensino m\u00e9dio. Para se formar t\u00e3o r\u00e1pido, adiantou as disciplinas pela manh\u00e3 e de tarde.<\/p>\n\n\n\n<div class=\"wp-block-image\"><figure class=\"aligncenter size-large is-resized\"><a href=\"https:\/\/panper.com.br\/\"><img loading=\"lazy\" decoding=\"async\" src=\"https:\/\/jornalfatosenoticias.com.br\/wp-content\/uploads\/2023\/03\/logo-Panper_portal.jpg\" alt=\"\" class=\"wp-image-40208\" width=\"380\" height=\"263\" srcset=\"https:\/\/jornalfatosenoticias.com.br\/wp-content\/uploads\/2023\/03\/logo-Panper_portal.jpg 400w, https:\/\/jornalfatosenoticias.com.br\/wp-content\/uploads\/2023\/03\/logo-Panper_portal-300x208.jpg 300w\" sizes=\"auto, (max-width: 380px) 100vw, 380px\" \/><\/a><\/figure><\/div>\n\n\n\n<p>E ele arrasa desde cedo. Aos sete anos, o superdotado escreveu o livro \u201cO Amor\u201d, que conta a hist\u00f3ria de um mundo sem o terrorismo. Aos nove anos, a Universidade de Harvard reconheceu suas habilidades de \u201csolu\u00e7\u00e3o de problemas\u201d e o aceitou no programa de superdotados de Nova York.<\/p>\n\n\n\n<div class=\"wp-block-image\"><figure class=\"aligncenter size-large is-resized\"><a href=\"https:\/\/www.instagram.com\/rapuzeljastro\/\"><img loading=\"lazy\" decoding=\"async\" src=\"https:\/\/jornalfatosenoticias.com.br\/wp-content\/uploads\/2020\/02\/logo-Rapuzel-1024x571.jpg\" alt=\"\" class=\"wp-image-42808\" width=\"438\" height=\"244\" srcset=\"https:\/\/jornalfatosenoticias.com.br\/wp-content\/uploads\/2020\/02\/logo-Rapuzel-1024x571.jpg 1024w, https:\/\/jornalfatosenoticias.com.br\/wp-content\/uploads\/2020\/02\/logo-Rapuzel-300x167.jpg 300w, https:\/\/jornalfatosenoticias.com.br\/wp-content\/uploads\/2020\/02\/logo-Rapuzel-768x428.jpg 768w, https:\/\/jornalfatosenoticias.com.br\/wp-content\/uploads\/2020\/02\/logo-Rapuzel-1536x856.jpg 1536w, https:\/\/jornalfatosenoticias.com.br\/wp-content\/uploads\/2020\/02\/logo-Rapuzel.jpg 1600w\" sizes=\"auto, (max-width: 438px) 100vw, 438px\" \/><\/a><\/figure><\/div>\n\n\n\n<p>O garoto tamb\u00e9m foi convidado para dar aulas como professor convidado de f\u00edsica na Universidade de Mumbai, na \u00cdndia. \u201cTalvez eu fa\u00e7a com que pare\u00e7a f\u00e1cil, mas \u00e9 o mais longe que voc\u00ea pode chegar \u00e9 que \u00e9 f\u00e1cil\u201d, disse o garoto.<\/p>\n\n\n\n<div class=\"wp-block-image\"><figure class=\"aligncenter size-large is-resized\"><a href=\"https:\/\/www.facebook.com\/vetor.vix\/\"><img loading=\"lazy\" decoding=\"async\" src=\"https:\/\/jornalfatosenoticias.com.br\/wp-content\/uploads\/2023\/09\/vetorvix1024_1.jpg\" alt=\"\" class=\"wp-image-44868\" width=\"561\" height=\"149\" srcset=\"https:\/\/jornalfatosenoticias.com.br\/wp-content\/uploads\/2023\/09\/vetorvix1024_1.jpg 1024w, https:\/\/jornalfatosenoticias.com.br\/wp-content\/uploads\/2023\/09\/vetorvix1024_1-300x80.jpg 300w, https:\/\/jornalfatosenoticias.com.br\/wp-content\/uploads\/2023\/09\/vetorvix1024_1-768x205.jpg 768w\" sizes=\"auto, (max-width: 561px) 100vw, 561px\" \/><\/a><\/figure><\/div>\n\n\n\n<p>Para comemorar a formatura e o ingresso na faculdade, o garoto se reuniu com a fam\u00edlia: m\u00e3e, pai, irm\u00e3o e av\u00f3s. Ele n\u00e3o esquece que, ao se candidatar \u00e0s faculdades, foi rejeitado por algumas universidades porque \u00e9 obrigat\u00f3rio que os alunos do 1\u00ba ano morem no campus \u2014 e ele \u00e9 jovem demais para isso. Mas a virada j\u00e1 come\u00e7ou. \u201c\u00c9 o in\u00edcio de um novo cap\u00edtulo na minha vida\u201d, disse o garoto. \u201cEspero poder terminar meu doutorado aos 16 anos\u201d.<br>Os pais Rashidul Bari e Shaheda se dizem \u201cmuito orgulhosos\u201d da motiva\u00e7\u00e3o acad\u00eamica do filho.<\/p>\n\n\n\n<div class=\"wp-block-image\"><figure class=\"aligncenter size-large is-resized\"><a href=\"https:\/\/www.ithbrasil.com.br\/\"><img loading=\"lazy\" decoding=\"async\" src=\"https:\/\/jornalfatosenoticias.com.br\/wp-content\/uploads\/2023\/08\/ITH.jpeg\" alt=\"\" class=\"wp-image-44638\" width=\"309\" height=\"251\" srcset=\"https:\/\/jornalfatosenoticias.com.br\/wp-content\/uploads\/2023\/08\/ITH.jpeg 800w, https:\/\/jornalfatosenoticias.com.br\/wp-content\/uploads\/2023\/08\/ITH-300x244.jpeg 300w, https:\/\/jornalfatosenoticias.com.br\/wp-content\/uploads\/2023\/08\/ITH-768x624.jpeg 768w\" sizes=\"auto, (max-width: 309px) 100vw, 309px\" \/><\/a><\/figure><\/div>\n\n\n\n<p><strong><em>Fonte: <a href=\"https:\/\/www.sonoticiaboa.com.br\/2024\/06\/30\/garoto-superdotado-12-anos-bolsa-faculdade-concluir-ensino-medio\">S\u00f3 Not\u00edcia Boa<\/a><\/em><\/strong><\/p>\n","protected":false},"excerpt":{"rendered":"<p>Por Renata Dias O norte-americano de origem indiana Soborno Isaac Bari, de 12 anos, acaba de se formar na Malverne High School, em Nova York, nos Estados Unidos e, no pr\u00f3ximo semestre, come\u00e7a a faculdade na Universidade de Nova York. O garoto superdotado concluiu o ensino m\u00e9dio e ganhou bolsa para faculdade, depois de ser [&hellip;]<\/p>\n","protected":false},"author":2,"featured_media":52418,"comment_status":"open","ping_status":"open","sticky":false,"template":"","format":"standard","meta":{"footnotes":""},"categories":[7],"tags":[159,23949,23948,20870,23950],"class_list":["post-52417","post","type-post","status-publish","format-standard","has-post-thumbnail","hentry","category-educacao","tag-eua","tag-faculdade","tag-garoto-superdotado","tag-superdotacao","tag-universisade"],"yoast_head":"<!-- This site is optimized with the Yoast SEO plugin v26.5 - https:\/\/yoast.com\/wordpress\/plugins\/seo\/ -->\n<title>Garoto superdotado de 12 anos ganha bolsa para faculdade ao concluir ensino m\u00e9dio - Jornal Fatos e Not\u00edcias<\/title>\n<meta name=\"robots\" content=\"index, follow, max-snippet:-1, max-image-preview:large, max-video-preview:-1\" \/>\n<link rel=\"canonical\" href=\"https:\/\/jornalfatosenoticias.com.br\/index.php\/2024\/07\/02\/garoto-superdotado-de-12-anos-ganha-bolsa-para-faculdade-ao-concluir-ensino-medio\/\" \/>\n<meta property=\"og:locale\" content=\"pt_BR\" \/>\n<meta property=\"og:type\" content=\"article\" \/>\n<meta property=\"og:title\" content=\"Garoto superdotado de 12 anos ganha bolsa para faculdade ao concluir ensino m\u00e9dio - Jornal Fatos e Not\u00edcias\" \/>\n<meta property=\"og:description\" content=\"Por Renata Dias O norte-americano de origem indiana Soborno Isaac Bari, de 12 anos, acaba de se formar na Malverne High School, em Nova York, nos Estados Unidos e, no pr\u00f3ximo semestre, come\u00e7a a faculdade na Universidade de Nova York. O garoto superdotado concluiu o ensino m\u00e9dio e ganhou bolsa para faculdade, depois de ser [&hellip;]\" \/>\n<meta property=\"og:url\" content=\"https:\/\/jornalfatosenoticias.com.br\/index.php\/2024\/07\/02\/garoto-superdotado-de-12-anos-ganha-bolsa-para-faculdade-ao-concluir-ensino-medio\/\" \/>\n<meta property=\"og:site_name\" content=\"Jornal Fatos e Not\u00edcias\" \/>\n<meta property=\"article:published_time\" content=\"2024-07-02T18:46:19+00:00\" \/>\n<meta property=\"article:modified_time\" content=\"2024-07-02T18:46:21+00:00\" \/>\n<meta property=\"og:image\" content=\"https:\/\/jornalfatosenoticias.com.br\/wp-content\/uploads\/2024\/07\/garoto-superdotado.png\" \/>\n\t<meta property=\"og:image:width\" content=\"800\" \/>\n\t<meta property=\"og:image:height\" content=\"560\" \/>\n\t<meta property=\"og:image:type\" content=\"image\/png\" \/>\n<meta name=\"author\" content=\"Luzimara Fernandes\" \/>\n<meta name=\"twitter:card\" content=\"summary_large_image\" \/>\n<meta name=\"twitter:label1\" content=\"Escrito por\" \/>\n\t<meta name=\"twitter:data1\" content=\"Luzimara Fernandes\" \/>\n\t<meta name=\"twitter:label2\" content=\"Est. tempo de leitura\" \/>\n\t<meta name=\"twitter:data2\" content=\"2 minutos\" \/>\n<script type=\"application\/ld+json\" class=\"yoast-schema-graph\">{\"@context\":\"https:\/\/schema.org\",\"@graph\":[{\"@type\":\"Article\",\"@id\":\"https:\/\/jornalfatosenoticias.com.br\/index.php\/2024\/07\/02\/garoto-superdotado-de-12-anos-ganha-bolsa-para-faculdade-ao-concluir-ensino-medio\/#article\",\"isPartOf\":{\"@id\":\"https:\/\/jornalfatosenoticias.com.br\/index.php\/2024\/07\/02\/garoto-superdotado-de-12-anos-ganha-bolsa-para-faculdade-ao-concluir-ensino-medio\/\"},\"author\":{\"name\":\"Luzimara Fernandes\",\"@id\":\"https:\/\/jornalfatosenoticias.com.br\/#\/schema\/person\/d63837fa13ac8666eb9e74e0985d6f81\"},\"headline\":\"Garoto superdotado de 12 anos ganha bolsa para faculdade ao concluir ensino m\u00e9dio\",\"datePublished\":\"2024-07-02T18:46:19+00:00\",\"dateModified\":\"2024-07-02T18:46:21+00:00\",\"mainEntityOfPage\":{\"@id\":\"https:\/\/jornalfatosenoticias.com.br\/index.php\/2024\/07\/02\/garoto-superdotado-de-12-anos-ganha-bolsa-para-faculdade-ao-concluir-ensino-medio\/\"},\"wordCount\":379,\"commentCount\":0,\"publisher\":{\"@id\":\"https:\/\/jornalfatosenoticias.com.br\/#organization\"},\"image\":{\"@id\":\"https:\/\/jornalfatosenoticias.com.br\/index.php\/2024\/07\/02\/garoto-superdotado-de-12-anos-ganha-bolsa-para-faculdade-ao-concluir-ensino-medio\/#primaryimage\"},\"thumbnailUrl\":\"https:\/\/jornalfatosenoticias.com.br\/wp-content\/uploads\/2024\/07\/garoto-superdotado.png\",\"keywords\":[\"EUA\",\"faculdade\",\"garoto superdotado\",\"superdota\u00e7\u00e3o\",\"universisade\"],\"articleSection\":[\"Educa\u00e7\u00e3o\"],\"inLanguage\":\"pt-BR\",\"potentialAction\":[{\"@type\":\"CommentAction\",\"name\":\"Comment\",\"target\":[\"https:\/\/jornalfatosenoticias.com.br\/index.php\/2024\/07\/02\/garoto-superdotado-de-12-anos-ganha-bolsa-para-faculdade-ao-concluir-ensino-medio\/#respond\"]}]},{\"@type\":\"WebPage\",\"@id\":\"https:\/\/jornalfatosenoticias.com.br\/index.php\/2024\/07\/02\/garoto-superdotado-de-12-anos-ganha-bolsa-para-faculdade-ao-concluir-ensino-medio\/\",\"url\":\"https:\/\/jornalfatosenoticias.com.br\/index.php\/2024\/07\/02\/garoto-superdotado-de-12-anos-ganha-bolsa-para-faculdade-ao-concluir-ensino-medio\/\",\"name\":\"Garoto superdotado de 12 anos ganha bolsa para faculdade ao concluir ensino m\u00e9dio - Jornal Fatos e Not\u00edcias\",\"isPartOf\":{\"@id\":\"https:\/\/jornalfatosenoticias.com.br\/#website\"},\"primaryImageOfPage\":{\"@id\":\"https:\/\/jornalfatosenoticias.com.br\/index.php\/2024\/07\/02\/garoto-superdotado-de-12-anos-ganha-bolsa-para-faculdade-ao-concluir-ensino-medio\/#primaryimage\"},\"image\":{\"@id\":\"https:\/\/jornalfatosenoticias.com.br\/index.php\/2024\/07\/02\/garoto-superdotado-de-12-anos-ganha-bolsa-para-faculdade-ao-concluir-ensino-medio\/#primaryimage\"},\"thumbnailUrl\":\"https:\/\/jornalfatosenoticias.com.br\/wp-content\/uploads\/2024\/07\/garoto-superdotado.png\",\"datePublished\":\"2024-07-02T18:46:19+00:00\",\"dateModified\":\"2024-07-02T18:46:21+00:00\",\"breadcrumb\":{\"@id\":\"https:\/\/jornalfatosenoticias.com.br\/index.php\/2024\/07\/02\/garoto-superdotado-de-12-anos-ganha-bolsa-para-faculdade-ao-concluir-ensino-medio\/#breadcrumb\"},\"inLanguage\":\"pt-BR\",\"potentialAction\":[{\"@type\":\"ReadAction\",\"target\":[\"https:\/\/jornalfatosenoticias.com.br\/index.php\/2024\/07\/02\/garoto-superdotado-de-12-anos-ganha-bolsa-para-faculdade-ao-concluir-ensino-medio\/\"]}]},{\"@type\":\"ImageObject\",\"inLanguage\":\"pt-BR\",\"@id\":\"https:\/\/jornalfatosenoticias.com.br\/index.php\/2024\/07\/02\/garoto-superdotado-de-12-anos-ganha-bolsa-para-faculdade-ao-concluir-ensino-medio\/#primaryimage\",\"url\":\"https:\/\/jornalfatosenoticias.com.br\/wp-content\/uploads\/2024\/07\/garoto-superdotado.png\",\"contentUrl\":\"https:\/\/jornalfatosenoticias.com.br\/wp-content\/uploads\/2024\/07\/garoto-superdotado.png\",\"width\":800,\"height\":560},{\"@type\":\"BreadcrumbList\",\"@id\":\"https:\/\/jornalfatosenoticias.com.br\/index.php\/2024\/07\/02\/garoto-superdotado-de-12-anos-ganha-bolsa-para-faculdade-ao-concluir-ensino-medio\/#breadcrumb\",\"itemListElement\":[{\"@type\":\"ListItem\",\"position\":1,\"name\":\"In\u00edcio\",\"item\":\"https:\/\/jornalfatosenoticias.com.br\/\"},{\"@type\":\"ListItem\",\"position\":2,\"name\":\"Garoto superdotado de 12 anos ganha bolsa para faculdade ao concluir ensino m\u00e9dio\"}]},{\"@type\":\"WebSite\",\"@id\":\"https:\/\/jornalfatosenoticias.com.br\/#website\",\"url\":\"https:\/\/jornalfatosenoticias.com.br\/\",\"name\":\"Jornal Fatos e Not\u00edcias\",\"description\":\"Not\u00edcias em geral\",\"publisher\":{\"@id\":\"https:\/\/jornalfatosenoticias.com.br\/#organization\"},\"potentialAction\":[{\"@type\":\"SearchAction\",\"target\":{\"@type\":\"EntryPoint\",\"urlTemplate\":\"https:\/\/jornalfatosenoticias.com.br\/?s={search_term_string}\"},\"query-input\":{\"@type\":\"PropertyValueSpecification\",\"valueRequired\":true,\"valueName\":\"search_term_string\"}}],\"inLanguage\":\"pt-BR\"},{\"@type\":\"Organization\",\"@id\":\"https:\/\/jornalfatosenoticias.com.br\/#organization\",\"name\":\"Jornal Fatos e Not\u00edcias\",\"url\":\"https:\/\/jornalfatosenoticias.com.br\/\",\"logo\":{\"@type\":\"ImageObject\",\"inLanguage\":\"pt-BR\",\"@id\":\"https:\/\/jornalfatosenoticias.com.br\/#\/schema\/logo\/image\/\",\"url\":\"https:\/\/jornalfatosenoticias.com.br\/wp-content\/uploads\/2020\/02\/logo120.png\",\"contentUrl\":\"https:\/\/jornalfatosenoticias.com.br\/wp-content\/uploads\/2020\/02\/logo120.png\",\"width\":1227,\"height\":120,\"caption\":\"Jornal Fatos e Not\u00edcias\"},\"image\":{\"@id\":\"https:\/\/jornalfatosenoticias.com.br\/#\/schema\/logo\/image\/\"}},{\"@type\":\"Person\",\"@id\":\"https:\/\/jornalfatosenoticias.com.br\/#\/schema\/person\/d63837fa13ac8666eb9e74e0985d6f81\",\"name\":\"Luzimara Fernandes\",\"image\":{\"@type\":\"ImageObject\",\"inLanguage\":\"pt-BR\",\"@id\":\"https:\/\/jornalfatosenoticias.com.br\/#\/schema\/person\/image\/\",\"url\":\"https:\/\/jornalfatosenoticias.com.br\/wp-content\/uploads\/2025\/05\/EU_portal.jpg\",\"contentUrl\":\"https:\/\/jornalfatosenoticias.com.br\/wp-content\/uploads\/2025\/05\/EU_portal.jpg\",\"caption\":\"Luzimara Fernandes\"},\"description\":\"Jornalista MTB 2358-ES\",\"sameAs\":[\"https:\/\/jornalfatosenoticias.com.br\"],\"url\":\"https:\/\/jornalfatosenoticias.com.br\/index.php\/author\/luzimara\/\"}]}<\/script>\n<!-- \/ Yoast SEO plugin. -->","yoast_head_json":{"title":"Garoto superdotado de 12 anos ganha bolsa para faculdade ao concluir ensino m\u00e9dio - Jornal Fatos e Not\u00edcias","robots":{"index":"index","follow":"follow","max-snippet":"max-snippet:-1","max-image-preview":"max-image-preview:large","max-video-preview":"max-video-preview:-1"},"canonical":"https:\/\/jornalfatosenoticias.com.br\/index.php\/2024\/07\/02\/garoto-superdotado-de-12-anos-ganha-bolsa-para-faculdade-ao-concluir-ensino-medio\/","og_locale":"pt_BR","og_type":"article","og_title":"Garoto superdotado de 12 anos ganha bolsa para faculdade ao concluir ensino m\u00e9dio - Jornal Fatos e Not\u00edcias","og_description":"Por Renata Dias O norte-americano de origem indiana Soborno Isaac Bari, de 12 anos, acaba de se formar na Malverne High School, em Nova York, nos Estados Unidos e, no pr\u00f3ximo semestre, come\u00e7a a faculdade na Universidade de Nova York. O garoto superdotado concluiu o ensino m\u00e9dio e ganhou bolsa para faculdade, depois de ser [&hellip;]","og_url":"https:\/\/jornalfatosenoticias.com.br\/index.php\/2024\/07\/02\/garoto-superdotado-de-12-anos-ganha-bolsa-para-faculdade-ao-concluir-ensino-medio\/","og_site_name":"Jornal Fatos e Not\u00edcias","article_published_time":"2024-07-02T18:46:19+00:00","article_modified_time":"2024-07-02T18:46:21+00:00","og_image":[{"width":800,"height":560,"url":"https:\/\/jornalfatosenoticias.com.br\/wp-content\/uploads\/2024\/07\/garoto-superdotado.png","type":"image\/png"}],"author":"Luzimara Fernandes","twitter_card":"summary_large_image","twitter_misc":{"Escrito por":"Luzimara Fernandes","Est. tempo de leitura":"2 minutos"},"schema":{"@context":"https:\/\/schema.org","@graph":[{"@type":"Article","@id":"https:\/\/jornalfatosenoticias.com.br\/index.php\/2024\/07\/02\/garoto-superdotado-de-12-anos-ganha-bolsa-para-faculdade-ao-concluir-ensino-medio\/#article","isPartOf":{"@id":"https:\/\/jornalfatosenoticias.com.br\/index.php\/2024\/07\/02\/garoto-superdotado-de-12-anos-ganha-bolsa-para-faculdade-ao-concluir-ensino-medio\/"},"author":{"name":"Luzimara Fernandes","@id":"https:\/\/jornalfatosenoticias.com.br\/#\/schema\/person\/d63837fa13ac8666eb9e74e0985d6f81"},"headline":"Garoto superdotado de 12 anos ganha bolsa para faculdade ao concluir ensino m\u00e9dio","datePublished":"2024-07-02T18:46:19+00:00","dateModified":"2024-07-02T18:46:21+00:00","mainEntityOfPage":{"@id":"https:\/\/jornalfatosenoticias.com.br\/index.php\/2024\/07\/02\/garoto-superdotado-de-12-anos-ganha-bolsa-para-faculdade-ao-concluir-ensino-medio\/"},"wordCount":379,"commentCount":0,"publisher":{"@id":"https:\/\/jornalfatosenoticias.com.br\/#organization"},"image":{"@id":"https:\/\/jornalfatosenoticias.com.br\/index.php\/2024\/07\/02\/garoto-superdotado-de-12-anos-ganha-bolsa-para-faculdade-ao-concluir-ensino-medio\/#primaryimage"},"thumbnailUrl":"https:\/\/jornalfatosenoticias.com.br\/wp-content\/uploads\/2024\/07\/garoto-superdotado.png","keywords":["EUA","faculdade","garoto superdotado","superdota\u00e7\u00e3o","universisade"],"articleSection":["Educa\u00e7\u00e3o"],"inLanguage":"pt-BR","potentialAction":[{"@type":"CommentAction","name":"Comment","target":["https:\/\/jornalfatosenoticias.com.br\/index.php\/2024\/07\/02\/garoto-superdotado-de-12-anos-ganha-bolsa-para-faculdade-ao-concluir-ensino-medio\/#respond"]}]},{"@type":"WebPage","@id":"https:\/\/jornalfatosenoticias.com.br\/index.php\/2024\/07\/02\/garoto-superdotado-de-12-anos-ganha-bolsa-para-faculdade-ao-concluir-ensino-medio\/","url":"https:\/\/jornalfatosenoticias.com.br\/index.php\/2024\/07\/02\/garoto-superdotado-de-12-anos-ganha-bolsa-para-faculdade-ao-concluir-ensino-medio\/","name":"Garoto superdotado de 12 anos ganha bolsa para faculdade ao concluir ensino m\u00e9dio - Jornal Fatos e Not\u00edcias","isPartOf":{"@id":"https:\/\/jornalfatosenoticias.com.br\/#website"},"primaryImageOfPage":{"@id":"https:\/\/jornalfatosenoticias.com.br\/index.php\/2024\/07\/02\/garoto-superdotado-de-12-anos-ganha-bolsa-para-faculdade-ao-concluir-ensino-medio\/#primaryimage"},"image":{"@id":"https:\/\/jornalfatosenoticias.com.br\/index.php\/2024\/07\/02\/garoto-superdotado-de-12-anos-ganha-bolsa-para-faculdade-ao-concluir-ensino-medio\/#primaryimage"},"thumbnailUrl":"https:\/\/jornalfatosenoticias.com.br\/wp-content\/uploads\/2024\/07\/garoto-superdotado.png","datePublished":"2024-07-02T18:46:19+00:00","dateModified":"2024-07-02T18:46:21+00:00","breadcrumb":{"@id":"https:\/\/jornalfatosenoticias.com.br\/index.php\/2024\/07\/02\/garoto-superdotado-de-12-anos-ganha-bolsa-para-faculdade-ao-concluir-ensino-medio\/#breadcrumb"},"inLanguage":"pt-BR","potentialAction":[{"@type":"ReadAction","target":["https:\/\/jornalfatosenoticias.com.br\/index.php\/2024\/07\/02\/garoto-superdotado-de-12-anos-ganha-bolsa-para-faculdade-ao-concluir-ensino-medio\/"]}]},{"@type":"ImageObject","inLanguage":"pt-BR","@id":"https:\/\/jornalfatosenoticias.com.br\/index.php\/2024\/07\/02\/garoto-superdotado-de-12-anos-ganha-bolsa-para-faculdade-ao-concluir-ensino-medio\/#primaryimage","url":"https:\/\/jornalfatosenoticias.com.br\/wp-content\/uploads\/2024\/07\/garoto-superdotado.png","contentUrl":"https:\/\/jornalfatosenoticias.com.br\/wp-content\/uploads\/2024\/07\/garoto-superdotado.png","width":800,"height":560},{"@type":"BreadcrumbList","@id":"https:\/\/jornalfatosenoticias.com.br\/index.php\/2024\/07\/02\/garoto-superdotado-de-12-anos-ganha-bolsa-para-faculdade-ao-concluir-ensino-medio\/#breadcrumb","itemListElement":[{"@type":"ListItem","position":1,"name":"In\u00edcio","item":"https:\/\/jornalfatosenoticias.com.br\/"},{"@type":"ListItem","position":2,"name":"Garoto superdotado de 12 anos ganha bolsa para faculdade ao concluir ensino m\u00e9dio"}]},{"@type":"WebSite","@id":"https:\/\/jornalfatosenoticias.com.br\/#website","url":"https:\/\/jornalfatosenoticias.com.br\/","name":"Jornal Fatos e Not\u00edcias","description":"Not\u00edcias em geral","publisher":{"@id":"https:\/\/jornalfatosenoticias.com.br\/#organization"},"potentialAction":[{"@type":"SearchAction","target":{"@type":"EntryPoint","urlTemplate":"https:\/\/jornalfatosenoticias.com.br\/?s={search_term_string}"},"query-input":{"@type":"PropertyValueSpecification","valueRequired":true,"valueName":"search_term_string"}}],"inLanguage":"pt-BR"},{"@type":"Organization","@id":"https:\/\/jornalfatosenoticias.com.br\/#organization","name":"Jornal Fatos e Not\u00edcias","url":"https:\/\/jornalfatosenoticias.com.br\/","logo":{"@type":"ImageObject","inLanguage":"pt-BR","@id":"https:\/\/jornalfatosenoticias.com.br\/#\/schema\/logo\/image\/","url":"https:\/\/jornalfatosenoticias.com.br\/wp-content\/uploads\/2020\/02\/logo120.png","contentUrl":"https:\/\/jornalfatosenoticias.com.br\/wp-content\/uploads\/2020\/02\/logo120.png","width":1227,"height":120,"caption":"Jornal Fatos e Not\u00edcias"},"image":{"@id":"https:\/\/jornalfatosenoticias.com.br\/#\/schema\/logo\/image\/"}},{"@type":"Person","@id":"https:\/\/jornalfatosenoticias.com.br\/#\/schema\/person\/d63837fa13ac8666eb9e74e0985d6f81","name":"Luzimara Fernandes","image":{"@type":"ImageObject","inLanguage":"pt-BR","@id":"https:\/\/jornalfatosenoticias.com.br\/#\/schema\/person\/image\/","url":"https:\/\/jornalfatosenoticias.com.br\/wp-content\/uploads\/2025\/05\/EU_portal.jpg","contentUrl":"https:\/\/jornalfatosenoticias.com.br\/wp-content\/uploads\/2025\/05\/EU_portal.jpg","caption":"Luzimara Fernandes"},"description":"Jornalista MTB 2358-ES","sameAs":["https:\/\/jornalfatosenoticias.com.br"],"url":"https:\/\/jornalfatosenoticias.com.br\/index.php\/author\/luzimara\/"}]}},"cc_featured_image_caption":{"caption_text":"(Foto: NYPost) ","source_text":"","source_url":""},"jetpack_featured_media_url":"https:\/\/jornalfatosenoticias.com.br\/wp-content\/uploads\/2024\/07\/garoto-superdotado.png","_links":{"self":[{"href":"https:\/\/jornalfatosenoticias.com.br\/index.php\/wp-json\/wp\/v2\/posts\/52417","targetHints":{"allow":["GET"]}}],"collection":[{"href":"https:\/\/jornalfatosenoticias.com.br\/index.php\/wp-json\/wp\/v2\/posts"}],"about":[{"href":"https:\/\/jornalfatosenoticias.com.br\/index.php\/wp-json\/wp\/v2\/types\/post"}],"author":[{"embeddable":true,"href":"https:\/\/jornalfatosenoticias.com.br\/index.php\/wp-json\/wp\/v2\/users\/2"}],"replies":[{"embeddable":true,"href":"https:\/\/jornalfatosenoticias.com.br\/index.php\/wp-json\/wp\/v2\/comments?post=52417"}],"version-history":[{"count":0,"href":"https:\/\/jornalfatosenoticias.com.br\/index.php\/wp-json\/wp\/v2\/posts\/52417\/revisions"}],"wp:featuredmedia":[{"embeddable":true,"href":"https:\/\/jornalfatosenoticias.com.br\/index.php\/wp-json\/wp\/v2\/media\/52418"}],"wp:attachment":[{"href":"https:\/\/jornalfatosenoticias.com.br\/index.php\/wp-json\/wp\/v2\/media?parent=52417"}],"wp:term":[{"taxonomy":"category","embeddable":true,"href":"https:\/\/jornalfatosenoticias.com.br\/index.php\/wp-json\/wp\/v2\/categories?post=52417"},{"taxonomy":"post_tag","embeddable":true,"href":"https:\/\/jornalfatosenoticias.com.br\/index.php\/wp-json\/wp\/v2\/tags?post=52417"}],"curies":[{"name":"wp","href":"https:\/\/api.w.org\/{rel}","templated":true}]}}