{"id":52430,"date":"2024-07-03T09:21:38","date_gmt":"2024-07-03T12:21:38","guid":{"rendered":"https:\/\/jornalfatosenoticias.com.br\/?p=52430"},"modified":"2024-07-03T09:21:40","modified_gmt":"2024-07-03T12:21:40","slug":"nao-podemos-nem-orar-diz-cristao-na-india-ao-relatar-prisoes-de-13-fieis-em-cultos-domesticos","status":"publish","type":"post","link":"https:\/\/jornalfatosenoticias.com.br\/index.php\/2024\/07\/03\/nao-podemos-nem-orar-diz-cristao-na-india-ao-relatar-prisoes-de-13-fieis-em-cultos-domesticos\/","title":{"rendered":"\u2018N\u00e3o podemos nem orar\u2019, diz crist\u00e3o na \u00cdndia ao relatar pris\u00f5es de 13 fi\u00e9is em cultos dom\u00e9sticos"},"content":{"rendered":"\n<p><span class=\"has-inline-color has-black-color\">Por <strong><a href=\"https:\/\/noticias.gospelmais.com.br\/author\/tiagot83\">Tiago Chagas<\/a><\/strong><\/span><\/p>\n\n\n\n<div class=\"wp-block-image\"><figure class=\"aligncenter size-large\"><a href=\"https:\/\/mizu.com.br\/\"><img loading=\"lazy\" decoding=\"async\" width=\"729\" height=\"90\" src=\"https:\/\/jornalfatosenoticias.com.br\/wp-content\/uploads\/2020\/02\/Logo_Mizu.png\" alt=\"\" class=\"wp-image-1441\" srcset=\"https:\/\/jornalfatosenoticias.com.br\/wp-content\/uploads\/2020\/02\/Logo_Mizu.png 729w, https:\/\/jornalfatosenoticias.com.br\/wp-content\/uploads\/2020\/02\/Logo_Mizu-300x37.png 300w\" sizes=\"auto, (max-width: 729px) 100vw, 729px\" \/><\/a><\/figure><\/div>\n\n\n\n<p>13 crist\u00e3os foram presos nos \u00faltimos dias na \u00cdndia por participarem de cultos dom\u00e9sticos em Uttar Pradesh, no norte do pa\u00eds. Entre os detidos em cultos diferentes est\u00e3o quatro pastores. As pris\u00f5es ocorreram sob acusa\u00e7\u00f5es de convers\u00e3o religiosa, o que \u00e9 proibido pela lei local. \u201c\u00c9 uma situa\u00e7\u00e3o alarmante. Em 20 dias, 13 pessoas foram para a pris\u00e3o por causa da sua f\u00e9 em Jesus Cristo\u201d, disse um l\u00edder crist\u00e3o que est\u00e1 ajudando uma parte dos presos.<br>O pastor Sanjay Kumar e a sua esposa, Sunita Devi, precisam reunir valores para quitar a fian\u00e7a. O casal tem tr\u00eas filhos que foram presos no dia 21 de junho pela pol\u00edcia de <strong><a href=\"https:\/\/noticias.gospelmais.com.br\/cristaos-sao-ameacados-por-hindus-e-forcados-a-renunciar-a-fe-em-cristo-na-india.html\"><strong>Uttar Pradesh<\/strong><\/a><\/strong>, estado governado pelo partido pr\u00f3-hindu Bharatiya Janata (BJP) do primeiro-ministro Narendra Modi, e que possui uma abrangente lei anticonvers\u00e3o. \u201cN\u00e3o podemos nem orar\u2026 nunca imaginamos tal situa\u00e7\u00e3o no nosso pa\u00eds\u201d, disse um l\u00edder crist\u00e3o que n\u00e3o quis ser identificado ao <a href=\"https:\/\/www.ucanews.com\/news\/13-christians-jailed-in-northern-indian-state\/105521\"><em>UCA News<\/em><\/a>.<\/p>\n\n\n\n<div class=\"wp-block-image\"><figure class=\"aligncenter size-large is-resized\"><a href=\"https:\/\/www.controlsystems.com.br\/\"><img loading=\"lazy\" decoding=\"async\" src=\"https:\/\/jornalfatosenoticias.com.br\/wp-content\/uploads\/2020\/02\/CONTROL-CS.jpg\" alt=\"\" class=\"wp-image-44991\" width=\"302\" height=\"362\" srcset=\"https:\/\/jornalfatosenoticias.com.br\/wp-content\/uploads\/2020\/02\/CONTROL-CS.jpg 834w, https:\/\/jornalfatosenoticias.com.br\/wp-content\/uploads\/2020\/02\/CONTROL-CS-250x300.jpg 250w, https:\/\/jornalfatosenoticias.com.br\/wp-content\/uploads\/2020\/02\/CONTROL-CS-768x921.jpg 768w\" sizes=\"auto, (max-width: 302px) 100vw, 302px\" \/><\/a><\/figure><\/div>\n\n\n\n<p>A s\u00e9rie de pris\u00f5es come\u00e7ou em 7 de junho com Abhishek Masih e Anil Masih no distrito de Barabanki. Em seguida, ocorreu a pris\u00e3o de Durgesh Chauhan em 9 de junho no distrito de Ayodhya. Em 16 de junho, o pastor Paul, que foi identificado apenas pelo primeiro nome, e Nandlal Rajbhar foram presos no distrito de Ghazipur, seguidos pelas pris\u00f5es de Ram Chander, Anuj Kumar, Sarvesh Kumar e Hitna, tamb\u00e9m identificados por um \u00fanico nome, no distrito de Sitapur em 19 de junho.<\/p>\n\n\n\n<div class=\"wp-block-image\"><figure class=\"aligncenter size-large is-resized\"><a href=\"https:\/\/www.ithbrasil.com.br\/\"><img loading=\"lazy\" decoding=\"async\" src=\"https:\/\/jornalfatosenoticias.com.br\/wp-content\/uploads\/2023\/08\/ITH.jpeg\" alt=\"\" class=\"wp-image-44638\" width=\"287\" height=\"233\" srcset=\"https:\/\/jornalfatosenoticias.com.br\/wp-content\/uploads\/2023\/08\/ITH.jpeg 800w, https:\/\/jornalfatosenoticias.com.br\/wp-content\/uploads\/2023\/08\/ITH-300x244.jpeg 300w, https:\/\/jornalfatosenoticias.com.br\/wp-content\/uploads\/2023\/08\/ITH-768x624.jpeg 768w\" sizes=\"auto, (max-width: 287px) 100vw, 287px\" \/><\/a><\/figure><\/div>\n\n\n\n<p>Os \u00faltimos a serem presos em 23 de junho foram o pastor Sarju Prasad, do distrito de Ayodhya, e o pastor Naresh Kumar, do distrito de Hardoi. O l\u00edder crist\u00e3o disse que a maioria deles participava de cultos dom\u00e9sticos em casa quando a pol\u00edcia chegou, depois de ter sido alertada por alde\u00f5es locais que suspeitavam de atividades de convers\u00e3o.<\/p>\n\n\n\n<div class=\"wp-block-image\"><figure class=\"aligncenter size-large\"><a href=\"http:\/\/www.ferrarimaquinas.com.br\/\"><img loading=\"lazy\" decoding=\"async\" width=\"300\" height=\"250\" src=\"https:\/\/jornalfatosenoticias.com.br\/wp-content\/uploads\/2022\/02\/FERRARI_MAQUINAS-E-FERRAMENTAS2.jpg\" alt=\"\" class=\"wp-image-27860\"\/><\/a><\/figure><\/div>\n\n\n\n<p>A pol\u00edcia prendeu-os e apresentou-os aos tribunais locais, procurando que fossem colocados sob cust\u00f3dia para futuras investiga\u00e7\u00f5es. \u201cMais de uma d\u00fazia de crist\u00e3os est\u00e3o a ser acusados de convers\u00e3o religiosa, embora n\u00e3o haja uma \u00fanica pessoa a quem tenham convertido\u201d, disse outro l\u00edder da igreja, que considera que a a\u00e7\u00e3o policial pode ser \u201cas consequ\u00eancias das elei\u00e7\u00f5es gerais onde Modi e o seu partido perderam assentos em Uttar Pradesh\u201d.<\/p>\n\n\n\n<div class=\"wp-block-image\"><figure class=\"aligncenter size-large is-resized\"><a href=\"https:\/\/panper.com.br\/\"><img loading=\"lazy\" decoding=\"async\" src=\"https:\/\/jornalfatosenoticias.com.br\/wp-content\/uploads\/2023\/03\/logo-Panper_portal.jpg\" alt=\"\" class=\"wp-image-40208\" width=\"348\" height=\"241\" srcset=\"https:\/\/jornalfatosenoticias.com.br\/wp-content\/uploads\/2023\/03\/logo-Panper_portal.jpg 400w, https:\/\/jornalfatosenoticias.com.br\/wp-content\/uploads\/2023\/03\/logo-Panper_portal-300x208.jpg 300w\" sizes=\"auto, (max-width: 348px) 100vw, 348px\" \/><\/a><\/figure><\/div>\n\n\n\n<p>Uttar Pradesh \u00e9 o maior e mais populoso estado da \u00cdndia, e \u00e9 governado por Yogi Adityanath, um monge hindu que virou pol\u00edtico filiado ao BJP, partido que tem 80 assentos na Lok Sabha, a C\u00e2mara baixa do Parlamento. O BJP conquistou 62 assentos nas elei\u00e7\u00f5es gerais de 2019, mas foi reduzido para 33 nas elei\u00e7\u00f5es deste ano, cujos resultados foram anunciados em 4 de junho. \u201cO aumento da persegui\u00e7\u00e3o contra os crist\u00e3os decorre desta derrota eleitoral\u201d, disse o l\u00edder da igreja que n\u00e3o quis ser identificado por temer repres\u00e1lias.<\/p>\n\n\n\n<div class=\"wp-block-image\"><figure class=\"aligncenter size-large\"><a href=\"https:\/\/cesconetto.com.br\/\"><img loading=\"lazy\" decoding=\"async\" width=\"300\" height=\"250\" src=\"https:\/\/jornalfatosenoticias.com.br\/wp-content\/uploads\/2022\/02\/Banner-2.png\" alt=\"\" class=\"wp-image-27877\"\/><\/a><\/figure><\/div>\n\n\n\n<p><strong><em>Fonte: <a href=\"https:\/\/noticias.gospelmais.com.br\/cultos-domesticos-india-prisoes-13-cristaos-169641.html\">Not\u00edcias Gospel+<\/a><\/em><\/strong><\/p>\n","protected":false},"excerpt":{"rendered":"<p>Por Tiago Chagas 13 crist\u00e3os foram presos nos \u00faltimos dias na \u00cdndia por participarem de cultos dom\u00e9sticos em Uttar Pradesh, no norte do pa\u00eds. Entre os detidos em cultos diferentes est\u00e3o quatro pastores. As pris\u00f5es ocorreram sob acusa\u00e7\u00f5es de convers\u00e3o religiosa, o que \u00e9 proibido pela lei local. \u201c\u00c9 uma situa\u00e7\u00e3o alarmante. Em 20 dias, [&hellip;]<\/p>\n","protected":false},"author":2,"featured_media":52431,"comment_status":"open","ping_status":"open","sticky":false,"template":"","format":"standard","meta":{"footnotes":""},"categories":[21140],"tags":[90,23953,20952,23956,23955,23954,14619,23957,23958],"class_list":["post-52430","post","type-post","status-publish","format-standard","has-post-thumbnail","hentry","category-religiao","tag-india","tag-lei-anticonversao","tag-oracao","tag-partido-bharatiya-janata","tag-pastor-naresh-kumar","tag-pastor-sanjay-kumar","tag-perseguicao-religiosa","tag-uttar-pradesh","tag-yogi-adityanath"],"yoast_head":"<!-- This site is optimized with the Yoast SEO plugin v26.5 - https:\/\/yoast.com\/wordpress\/plugins\/seo\/ -->\n<title>\u2018N\u00e3o podemos nem orar\u2019, diz crist\u00e3o na \u00cdndia ao relatar pris\u00f5es de 13 fi\u00e9is em cultos dom\u00e9sticos - Jornal Fatos e Not\u00edcias<\/title>\n<meta name=\"robots\" content=\"index, follow, max-snippet:-1, max-image-preview:large, max-video-preview:-1\" \/>\n<link rel=\"canonical\" href=\"https:\/\/jornalfatosenoticias.com.br\/index.php\/2024\/07\/03\/nao-podemos-nem-orar-diz-cristao-na-india-ao-relatar-prisoes-de-13-fieis-em-cultos-domesticos\/\" \/>\n<meta property=\"og:locale\" content=\"pt_BR\" \/>\n<meta property=\"og:type\" content=\"article\" \/>\n<meta property=\"og:title\" content=\"\u2018N\u00e3o podemos nem orar\u2019, diz crist\u00e3o na \u00cdndia ao relatar pris\u00f5es de 13 fi\u00e9is em cultos dom\u00e9sticos - Jornal Fatos e Not\u00edcias\" \/>\n<meta property=\"og:description\" content=\"Por Tiago Chagas 13 crist\u00e3os foram presos nos \u00faltimos dias na \u00cdndia por participarem de cultos dom\u00e9sticos em Uttar Pradesh, no norte do pa\u00eds. Entre os detidos em cultos diferentes est\u00e3o quatro pastores. As pris\u00f5es ocorreram sob acusa\u00e7\u00f5es de convers\u00e3o religiosa, o que \u00e9 proibido pela lei local. \u201c\u00c9 uma situa\u00e7\u00e3o alarmante. Em 20 dias, [&hellip;]\" \/>\n<meta property=\"og:url\" content=\"https:\/\/jornalfatosenoticias.com.br\/index.php\/2024\/07\/03\/nao-podemos-nem-orar-diz-cristao-na-india-ao-relatar-prisoes-de-13-fieis-em-cultos-domesticos\/\" \/>\n<meta property=\"og:site_name\" content=\"Jornal Fatos e Not\u00edcias\" \/>\n<meta property=\"article:published_time\" content=\"2024-07-03T12:21:38+00:00\" \/>\n<meta property=\"article:modified_time\" content=\"2024-07-03T12:21:40+00:00\" \/>\n<meta property=\"og:image\" content=\"https:\/\/jornalfatosenoticias.com.br\/wp-content\/uploads\/2024\/07\/cristaos-indianos.jpg\" \/>\n\t<meta property=\"og:image:width\" content=\"1000\" \/>\n\t<meta property=\"og:image:height\" content=\"683\" \/>\n\t<meta property=\"og:image:type\" content=\"image\/jpeg\" \/>\n<meta name=\"author\" content=\"Luzimara Fernandes\" \/>\n<meta name=\"twitter:card\" content=\"summary_large_image\" \/>\n<meta name=\"twitter:label1\" content=\"Escrito por\" \/>\n\t<meta name=\"twitter:data1\" content=\"Luzimara Fernandes\" \/>\n\t<meta name=\"twitter:label2\" content=\"Est. tempo de leitura\" \/>\n\t<meta name=\"twitter:data2\" content=\"3 minutos\" \/>\n<script type=\"application\/ld+json\" class=\"yoast-schema-graph\">{\"@context\":\"https:\/\/schema.org\",\"@graph\":[{\"@type\":\"Article\",\"@id\":\"https:\/\/jornalfatosenoticias.com.br\/index.php\/2024\/07\/03\/nao-podemos-nem-orar-diz-cristao-na-india-ao-relatar-prisoes-de-13-fieis-em-cultos-domesticos\/#article\",\"isPartOf\":{\"@id\":\"https:\/\/jornalfatosenoticias.com.br\/index.php\/2024\/07\/03\/nao-podemos-nem-orar-diz-cristao-na-india-ao-relatar-prisoes-de-13-fieis-em-cultos-domesticos\/\"},\"author\":{\"name\":\"Luzimara Fernandes\",\"@id\":\"https:\/\/jornalfatosenoticias.com.br\/#\/schema\/person\/d63837fa13ac8666eb9e74e0985d6f81\"},\"headline\":\"\u2018N\u00e3o podemos nem orar\u2019, diz crist\u00e3o na \u00cdndia ao relatar pris\u00f5es de 13 fi\u00e9is em cultos dom\u00e9sticos\",\"datePublished\":\"2024-07-03T12:21:38+00:00\",\"dateModified\":\"2024-07-03T12:21:40+00:00\",\"mainEntityOfPage\":{\"@id\":\"https:\/\/jornalfatosenoticias.com.br\/index.php\/2024\/07\/03\/nao-podemos-nem-orar-diz-cristao-na-india-ao-relatar-prisoes-de-13-fieis-em-cultos-domesticos\/\"},\"wordCount\":521,\"commentCount\":0,\"publisher\":{\"@id\":\"https:\/\/jornalfatosenoticias.com.br\/#organization\"},\"image\":{\"@id\":\"https:\/\/jornalfatosenoticias.com.br\/index.php\/2024\/07\/03\/nao-podemos-nem-orar-diz-cristao-na-india-ao-relatar-prisoes-de-13-fieis-em-cultos-domesticos\/#primaryimage\"},\"thumbnailUrl\":\"https:\/\/jornalfatosenoticias.com.br\/wp-content\/uploads\/2024\/07\/cristaos-indianos.jpg\",\"keywords\":[\"\u00edndia\",\"lei anticonvers\u00e3o\",\"ora\u00e7\u00e3o\",\"partido Bharatiya Janata\",\"pastor Naresh Kumar\",\"pastor Sanjay Kumar\",\"persegui\u00e7\u00e3o religiosa\",\"Uttar Pradesh\",\"Yogi Adityanath\"],\"articleSection\":[\"Religi\u00e3o\"],\"inLanguage\":\"pt-BR\",\"potentialAction\":[{\"@type\":\"CommentAction\",\"name\":\"Comment\",\"target\":[\"https:\/\/jornalfatosenoticias.com.br\/index.php\/2024\/07\/03\/nao-podemos-nem-orar-diz-cristao-na-india-ao-relatar-prisoes-de-13-fieis-em-cultos-domesticos\/#respond\"]}]},{\"@type\":\"WebPage\",\"@id\":\"https:\/\/jornalfatosenoticias.com.br\/index.php\/2024\/07\/03\/nao-podemos-nem-orar-diz-cristao-na-india-ao-relatar-prisoes-de-13-fieis-em-cultos-domesticos\/\",\"url\":\"https:\/\/jornalfatosenoticias.com.br\/index.php\/2024\/07\/03\/nao-podemos-nem-orar-diz-cristao-na-india-ao-relatar-prisoes-de-13-fieis-em-cultos-domesticos\/\",\"name\":\"\u2018N\u00e3o podemos nem orar\u2019, diz crist\u00e3o na \u00cdndia ao relatar pris\u00f5es de 13 fi\u00e9is em cultos dom\u00e9sticos - Jornal Fatos e Not\u00edcias\",\"isPartOf\":{\"@id\":\"https:\/\/jornalfatosenoticias.com.br\/#website\"},\"primaryImageOfPage\":{\"@id\":\"https:\/\/jornalfatosenoticias.com.br\/index.php\/2024\/07\/03\/nao-podemos-nem-orar-diz-cristao-na-india-ao-relatar-prisoes-de-13-fieis-em-cultos-domesticos\/#primaryimage\"},\"image\":{\"@id\":\"https:\/\/jornalfatosenoticias.com.br\/index.php\/2024\/07\/03\/nao-podemos-nem-orar-diz-cristao-na-india-ao-relatar-prisoes-de-13-fieis-em-cultos-domesticos\/#primaryimage\"},\"thumbnailUrl\":\"https:\/\/jornalfatosenoticias.com.br\/wp-content\/uploads\/2024\/07\/cristaos-indianos.jpg\",\"datePublished\":\"2024-07-03T12:21:38+00:00\",\"dateModified\":\"2024-07-03T12:21:40+00:00\",\"breadcrumb\":{\"@id\":\"https:\/\/jornalfatosenoticias.com.br\/index.php\/2024\/07\/03\/nao-podemos-nem-orar-diz-cristao-na-india-ao-relatar-prisoes-de-13-fieis-em-cultos-domesticos\/#breadcrumb\"},\"inLanguage\":\"pt-BR\",\"potentialAction\":[{\"@type\":\"ReadAction\",\"target\":[\"https:\/\/jornalfatosenoticias.com.br\/index.php\/2024\/07\/03\/nao-podemos-nem-orar-diz-cristao-na-india-ao-relatar-prisoes-de-13-fieis-em-cultos-domesticos\/\"]}]},{\"@type\":\"ImageObject\",\"inLanguage\":\"pt-BR\",\"@id\":\"https:\/\/jornalfatosenoticias.com.br\/index.php\/2024\/07\/03\/nao-podemos-nem-orar-diz-cristao-na-india-ao-relatar-prisoes-de-13-fieis-em-cultos-domesticos\/#primaryimage\",\"url\":\"https:\/\/jornalfatosenoticias.com.br\/wp-content\/uploads\/2024\/07\/cristaos-indianos.jpg\",\"contentUrl\":\"https:\/\/jornalfatosenoticias.com.br\/wp-content\/uploads\/2024\/07\/cristaos-indianos.jpg\",\"width\":1000,\"height\":683},{\"@type\":\"BreadcrumbList\",\"@id\":\"https:\/\/jornalfatosenoticias.com.br\/index.php\/2024\/07\/03\/nao-podemos-nem-orar-diz-cristao-na-india-ao-relatar-prisoes-de-13-fieis-em-cultos-domesticos\/#breadcrumb\",\"itemListElement\":[{\"@type\":\"ListItem\",\"position\":1,\"name\":\"In\u00edcio\",\"item\":\"https:\/\/jornalfatosenoticias.com.br\/\"},{\"@type\":\"ListItem\",\"position\":2,\"name\":\"\u2018N\u00e3o podemos nem orar\u2019, diz crist\u00e3o na \u00cdndia ao relatar pris\u00f5es de 13 fi\u00e9is em cultos dom\u00e9sticos\"}]},{\"@type\":\"WebSite\",\"@id\":\"https:\/\/jornalfatosenoticias.com.br\/#website\",\"url\":\"https:\/\/jornalfatosenoticias.com.br\/\",\"name\":\"Jornal Fatos e Not\u00edcias\",\"description\":\"Not\u00edcias em geral\",\"publisher\":{\"@id\":\"https:\/\/jornalfatosenoticias.com.br\/#organization\"},\"potentialAction\":[{\"@type\":\"SearchAction\",\"target\":{\"@type\":\"EntryPoint\",\"urlTemplate\":\"https:\/\/jornalfatosenoticias.com.br\/?s={search_term_string}\"},\"query-input\":{\"@type\":\"PropertyValueSpecification\",\"valueRequired\":true,\"valueName\":\"search_term_string\"}}],\"inLanguage\":\"pt-BR\"},{\"@type\":\"Organization\",\"@id\":\"https:\/\/jornalfatosenoticias.com.br\/#organization\",\"name\":\"Jornal Fatos e Not\u00edcias\",\"url\":\"https:\/\/jornalfatosenoticias.com.br\/\",\"logo\":{\"@type\":\"ImageObject\",\"inLanguage\":\"pt-BR\",\"@id\":\"https:\/\/jornalfatosenoticias.com.br\/#\/schema\/logo\/image\/\",\"url\":\"https:\/\/jornalfatosenoticias.com.br\/wp-content\/uploads\/2020\/02\/logo120.png\",\"contentUrl\":\"https:\/\/jornalfatosenoticias.com.br\/wp-content\/uploads\/2020\/02\/logo120.png\",\"width\":1227,\"height\":120,\"caption\":\"Jornal Fatos e Not\u00edcias\"},\"image\":{\"@id\":\"https:\/\/jornalfatosenoticias.com.br\/#\/schema\/logo\/image\/\"}},{\"@type\":\"Person\",\"@id\":\"https:\/\/jornalfatosenoticias.com.br\/#\/schema\/person\/d63837fa13ac8666eb9e74e0985d6f81\",\"name\":\"Luzimara Fernandes\",\"image\":{\"@type\":\"ImageObject\",\"inLanguage\":\"pt-BR\",\"@id\":\"https:\/\/jornalfatosenoticias.com.br\/#\/schema\/person\/image\/\",\"url\":\"https:\/\/jornalfatosenoticias.com.br\/wp-content\/uploads\/2025\/05\/EU_portal.jpg\",\"contentUrl\":\"https:\/\/jornalfatosenoticias.com.br\/wp-content\/uploads\/2025\/05\/EU_portal.jpg\",\"caption\":\"Luzimara Fernandes\"},\"description\":\"Jornalista MTB 2358-ES\",\"sameAs\":[\"https:\/\/jornalfatosenoticias.com.br\"],\"url\":\"https:\/\/jornalfatosenoticias.com.br\/index.php\/author\/luzimara\/\"}]}<\/script>\n<!-- \/ Yoast SEO plugin. -->","yoast_head_json":{"title":"\u2018N\u00e3o podemos nem orar\u2019, diz crist\u00e3o na \u00cdndia ao relatar pris\u00f5es de 13 fi\u00e9is em cultos dom\u00e9sticos - Jornal Fatos e Not\u00edcias","robots":{"index":"index","follow":"follow","max-snippet":"max-snippet:-1","max-image-preview":"max-image-preview:large","max-video-preview":"max-video-preview:-1"},"canonical":"https:\/\/jornalfatosenoticias.com.br\/index.php\/2024\/07\/03\/nao-podemos-nem-orar-diz-cristao-na-india-ao-relatar-prisoes-de-13-fieis-em-cultos-domesticos\/","og_locale":"pt_BR","og_type":"article","og_title":"\u2018N\u00e3o podemos nem orar\u2019, diz crist\u00e3o na \u00cdndia ao relatar pris\u00f5es de 13 fi\u00e9is em cultos dom\u00e9sticos - Jornal Fatos e Not\u00edcias","og_description":"Por Tiago Chagas 13 crist\u00e3os foram presos nos \u00faltimos dias na \u00cdndia por participarem de cultos dom\u00e9sticos em Uttar Pradesh, no norte do pa\u00eds. Entre os detidos em cultos diferentes est\u00e3o quatro pastores. As pris\u00f5es ocorreram sob acusa\u00e7\u00f5es de convers\u00e3o religiosa, o que \u00e9 proibido pela lei local. \u201c\u00c9 uma situa\u00e7\u00e3o alarmante. Em 20 dias, [&hellip;]","og_url":"https:\/\/jornalfatosenoticias.com.br\/index.php\/2024\/07\/03\/nao-podemos-nem-orar-diz-cristao-na-india-ao-relatar-prisoes-de-13-fieis-em-cultos-domesticos\/","og_site_name":"Jornal Fatos e Not\u00edcias","article_published_time":"2024-07-03T12:21:38+00:00","article_modified_time":"2024-07-03T12:21:40+00:00","og_image":[{"width":1000,"height":683,"url":"https:\/\/jornalfatosenoticias.com.br\/wp-content\/uploads\/2024\/07\/cristaos-indianos.jpg","type":"image\/jpeg"}],"author":"Luzimara Fernandes","twitter_card":"summary_large_image","twitter_misc":{"Escrito por":"Luzimara Fernandes","Est. tempo de leitura":"3 minutos"},"schema":{"@context":"https:\/\/schema.org","@graph":[{"@type":"Article","@id":"https:\/\/jornalfatosenoticias.com.br\/index.php\/2024\/07\/03\/nao-podemos-nem-orar-diz-cristao-na-india-ao-relatar-prisoes-de-13-fieis-em-cultos-domesticos\/#article","isPartOf":{"@id":"https:\/\/jornalfatosenoticias.com.br\/index.php\/2024\/07\/03\/nao-podemos-nem-orar-diz-cristao-na-india-ao-relatar-prisoes-de-13-fieis-em-cultos-domesticos\/"},"author":{"name":"Luzimara Fernandes","@id":"https:\/\/jornalfatosenoticias.com.br\/#\/schema\/person\/d63837fa13ac8666eb9e74e0985d6f81"},"headline":"\u2018N\u00e3o podemos nem orar\u2019, diz crist\u00e3o na \u00cdndia ao relatar pris\u00f5es de 13 fi\u00e9is em cultos dom\u00e9sticos","datePublished":"2024-07-03T12:21:38+00:00","dateModified":"2024-07-03T12:21:40+00:00","mainEntityOfPage":{"@id":"https:\/\/jornalfatosenoticias.com.br\/index.php\/2024\/07\/03\/nao-podemos-nem-orar-diz-cristao-na-india-ao-relatar-prisoes-de-13-fieis-em-cultos-domesticos\/"},"wordCount":521,"commentCount":0,"publisher":{"@id":"https:\/\/jornalfatosenoticias.com.br\/#organization"},"image":{"@id":"https:\/\/jornalfatosenoticias.com.br\/index.php\/2024\/07\/03\/nao-podemos-nem-orar-diz-cristao-na-india-ao-relatar-prisoes-de-13-fieis-em-cultos-domesticos\/#primaryimage"},"thumbnailUrl":"https:\/\/jornalfatosenoticias.com.br\/wp-content\/uploads\/2024\/07\/cristaos-indianos.jpg","keywords":["\u00edndia","lei anticonvers\u00e3o","ora\u00e7\u00e3o","partido Bharatiya Janata","pastor Naresh Kumar","pastor Sanjay Kumar","persegui\u00e7\u00e3o religiosa","Uttar Pradesh","Yogi Adityanath"],"articleSection":["Religi\u00e3o"],"inLanguage":"pt-BR","potentialAction":[{"@type":"CommentAction","name":"Comment","target":["https:\/\/jornalfatosenoticias.com.br\/index.php\/2024\/07\/03\/nao-podemos-nem-orar-diz-cristao-na-india-ao-relatar-prisoes-de-13-fieis-em-cultos-domesticos\/#respond"]}]},{"@type":"WebPage","@id":"https:\/\/jornalfatosenoticias.com.br\/index.php\/2024\/07\/03\/nao-podemos-nem-orar-diz-cristao-na-india-ao-relatar-prisoes-de-13-fieis-em-cultos-domesticos\/","url":"https:\/\/jornalfatosenoticias.com.br\/index.php\/2024\/07\/03\/nao-podemos-nem-orar-diz-cristao-na-india-ao-relatar-prisoes-de-13-fieis-em-cultos-domesticos\/","name":"\u2018N\u00e3o podemos nem orar\u2019, diz crist\u00e3o na \u00cdndia ao relatar pris\u00f5es de 13 fi\u00e9is em cultos dom\u00e9sticos - Jornal Fatos e Not\u00edcias","isPartOf":{"@id":"https:\/\/jornalfatosenoticias.com.br\/#website"},"primaryImageOfPage":{"@id":"https:\/\/jornalfatosenoticias.com.br\/index.php\/2024\/07\/03\/nao-podemos-nem-orar-diz-cristao-na-india-ao-relatar-prisoes-de-13-fieis-em-cultos-domesticos\/#primaryimage"},"image":{"@id":"https:\/\/jornalfatosenoticias.com.br\/index.php\/2024\/07\/03\/nao-podemos-nem-orar-diz-cristao-na-india-ao-relatar-prisoes-de-13-fieis-em-cultos-domesticos\/#primaryimage"},"thumbnailUrl":"https:\/\/jornalfatosenoticias.com.br\/wp-content\/uploads\/2024\/07\/cristaos-indianos.jpg","datePublished":"2024-07-03T12:21:38+00:00","dateModified":"2024-07-03T12:21:40+00:00","breadcrumb":{"@id":"https:\/\/jornalfatosenoticias.com.br\/index.php\/2024\/07\/03\/nao-podemos-nem-orar-diz-cristao-na-india-ao-relatar-prisoes-de-13-fieis-em-cultos-domesticos\/#breadcrumb"},"inLanguage":"pt-BR","potentialAction":[{"@type":"ReadAction","target":["https:\/\/jornalfatosenoticias.com.br\/index.php\/2024\/07\/03\/nao-podemos-nem-orar-diz-cristao-na-india-ao-relatar-prisoes-de-13-fieis-em-cultos-domesticos\/"]}]},{"@type":"ImageObject","inLanguage":"pt-BR","@id":"https:\/\/jornalfatosenoticias.com.br\/index.php\/2024\/07\/03\/nao-podemos-nem-orar-diz-cristao-na-india-ao-relatar-prisoes-de-13-fieis-em-cultos-domesticos\/#primaryimage","url":"https:\/\/jornalfatosenoticias.com.br\/wp-content\/uploads\/2024\/07\/cristaos-indianos.jpg","contentUrl":"https:\/\/jornalfatosenoticias.com.br\/wp-content\/uploads\/2024\/07\/cristaos-indianos.jpg","width":1000,"height":683},{"@type":"BreadcrumbList","@id":"https:\/\/jornalfatosenoticias.com.br\/index.php\/2024\/07\/03\/nao-podemos-nem-orar-diz-cristao-na-india-ao-relatar-prisoes-de-13-fieis-em-cultos-domesticos\/#breadcrumb","itemListElement":[{"@type":"ListItem","position":1,"name":"In\u00edcio","item":"https:\/\/jornalfatosenoticias.com.br\/"},{"@type":"ListItem","position":2,"name":"\u2018N\u00e3o podemos nem orar\u2019, diz crist\u00e3o na \u00cdndia ao relatar pris\u00f5es de 13 fi\u00e9is em cultos dom\u00e9sticos"}]},{"@type":"WebSite","@id":"https:\/\/jornalfatosenoticias.com.br\/#website","url":"https:\/\/jornalfatosenoticias.com.br\/","name":"Jornal Fatos e Not\u00edcias","description":"Not\u00edcias em geral","publisher":{"@id":"https:\/\/jornalfatosenoticias.com.br\/#organization"},"potentialAction":[{"@type":"SearchAction","target":{"@type":"EntryPoint","urlTemplate":"https:\/\/jornalfatosenoticias.com.br\/?s={search_term_string}"},"query-input":{"@type":"PropertyValueSpecification","valueRequired":true,"valueName":"search_term_string"}}],"inLanguage":"pt-BR"},{"@type":"Organization","@id":"https:\/\/jornalfatosenoticias.com.br\/#organization","name":"Jornal Fatos e Not\u00edcias","url":"https:\/\/jornalfatosenoticias.com.br\/","logo":{"@type":"ImageObject","inLanguage":"pt-BR","@id":"https:\/\/jornalfatosenoticias.com.br\/#\/schema\/logo\/image\/","url":"https:\/\/jornalfatosenoticias.com.br\/wp-content\/uploads\/2020\/02\/logo120.png","contentUrl":"https:\/\/jornalfatosenoticias.com.br\/wp-content\/uploads\/2020\/02\/logo120.png","width":1227,"height":120,"caption":"Jornal Fatos e Not\u00edcias"},"image":{"@id":"https:\/\/jornalfatosenoticias.com.br\/#\/schema\/logo\/image\/"}},{"@type":"Person","@id":"https:\/\/jornalfatosenoticias.com.br\/#\/schema\/person\/d63837fa13ac8666eb9e74e0985d6f81","name":"Luzimara Fernandes","image":{"@type":"ImageObject","inLanguage":"pt-BR","@id":"https:\/\/jornalfatosenoticias.com.br\/#\/schema\/person\/image\/","url":"https:\/\/jornalfatosenoticias.com.br\/wp-content\/uploads\/2025\/05\/EU_portal.jpg","contentUrl":"https:\/\/jornalfatosenoticias.com.br\/wp-content\/uploads\/2025\/05\/EU_portal.jpg","caption":"Luzimara Fernandes"},"description":"Jornalista MTB 2358-ES","sameAs":["https:\/\/jornalfatosenoticias.com.br"],"url":"https:\/\/jornalfatosenoticias.com.br\/index.php\/author\/luzimara\/"}]}},"cc_featured_image_caption":{"caption_text":"(Foto: Reprodu\u00e7\u00e3o) ","source_text":"","source_url":""},"jetpack_featured_media_url":"https:\/\/jornalfatosenoticias.com.br\/wp-content\/uploads\/2024\/07\/cristaos-indianos.jpg","_links":{"self":[{"href":"https:\/\/jornalfatosenoticias.com.br\/index.php\/wp-json\/wp\/v2\/posts\/52430","targetHints":{"allow":["GET"]}}],"collection":[{"href":"https:\/\/jornalfatosenoticias.com.br\/index.php\/wp-json\/wp\/v2\/posts"}],"about":[{"href":"https:\/\/jornalfatosenoticias.com.br\/index.php\/wp-json\/wp\/v2\/types\/post"}],"author":[{"embeddable":true,"href":"https:\/\/jornalfatosenoticias.com.br\/index.php\/wp-json\/wp\/v2\/users\/2"}],"replies":[{"embeddable":true,"href":"https:\/\/jornalfatosenoticias.com.br\/index.php\/wp-json\/wp\/v2\/comments?post=52430"}],"version-history":[{"count":0,"href":"https:\/\/jornalfatosenoticias.com.br\/index.php\/wp-json\/wp\/v2\/posts\/52430\/revisions"}],"wp:featuredmedia":[{"embeddable":true,"href":"https:\/\/jornalfatosenoticias.com.br\/index.php\/wp-json\/wp\/v2\/media\/52431"}],"wp:attachment":[{"href":"https:\/\/jornalfatosenoticias.com.br\/index.php\/wp-json\/wp\/v2\/media?parent=52430"}],"wp:term":[{"taxonomy":"category","embeddable":true,"href":"https:\/\/jornalfatosenoticias.com.br\/index.php\/wp-json\/wp\/v2\/categories?post=52430"},{"taxonomy":"post_tag","embeddable":true,"href":"https:\/\/jornalfatosenoticias.com.br\/index.php\/wp-json\/wp\/v2\/tags?post=52430"}],"curies":[{"name":"wp","href":"https:\/\/api.w.org\/{rel}","templated":true}]}}