{"id":52454,"date":"2024-07-03T10:55:12","date_gmt":"2024-07-03T13:55:12","guid":{"rendered":"https:\/\/jornalfatosenoticias.com.br\/?p=52454"},"modified":"2024-07-03T10:55:14","modified_gmt":"2024-07-03T13:55:14","slug":"relacao-entre-lula-e-milei-se-deteriora-e-enterra-lideranca-do-petista-na-america-do-sul","status":"publish","type":"post","link":"https:\/\/jornalfatosenoticias.com.br\/index.php\/2024\/07\/03\/relacao-entre-lula-e-milei-se-deteriora-e-enterra-lideranca-do-petista-na-america-do-sul\/","title":{"rendered":"Rela\u00e7\u00e3o entre Lula e Milei se deteriora e enterra lideran\u00e7a do petista na Am\u00e9rica do Sul"},"content":{"rendered":"\n<p><em><span class=\"has-inline-color has-black-color\">Durante foto de l\u00edderes G7, Milei aparece \u00e0 extrema esquerda, e Lula, na outra ponta, quase o \u00faltimo \u00e0 direita<\/span><\/em><\/p>\n\n\n\n<p><span class=\"has-inline-color has-black-color\">Por <strong><a href=\"https:\/\/www.gazetadopovo.com.br\/autor\/carinne-souza\/\">Carinne Souza<\/a><\/strong><\/span><\/p>\n\n\n\n<div class=\"wp-block-image\"><figure class=\"aligncenter size-large\"><a href=\"https:\/\/mizu.com.br\/\"><img loading=\"lazy\" decoding=\"async\" width=\"729\" height=\"90\" src=\"https:\/\/jornalfatosenoticias.com.br\/wp-content\/uploads\/2020\/02\/Logo_Mizu.png\" alt=\"\" class=\"wp-image-1441\" srcset=\"https:\/\/jornalfatosenoticias.com.br\/wp-content\/uploads\/2020\/02\/Logo_Mizu.png 729w, https:\/\/jornalfatosenoticias.com.br\/wp-content\/uploads\/2020\/02\/Logo_Mizu-300x37.png 300w\" sizes=\"auto, (max-width: 729px) 100vw, 729px\" \/><\/a><\/figure><\/div>\n\n\n\n<p>Ao reafirmar sua opini\u00e3o de que Luiz In\u00e1cio Lula da Silva (PT) \u00e9 &#8220;corrupto e comunista&#8221;, o presidente da Argentina, Javier Milei, deixou claro que ainda h\u00e1 um abismo pol\u00edtico entre os governos argentino e brasileiro. A deteriora\u00e7\u00e3o da rela\u00e7\u00e3o entre os dois presidentes n\u00e3o afeta os neg\u00f3cios de empresas na esfera privada e nem prejudica a rela\u00e7\u00e3o bilateral entre os dois pa\u00edses, mas pode ser a &#8220;p\u00e1 de cal&#8221; nos planos de Lula de unir a Am\u00e9rica do Sul sob sua lideran\u00e7a pol\u00edtica.<br>Na concep\u00e7\u00e3o de analistas ouvidos pela Gazeta do Povo, a aus\u00eancia de uma boa rela\u00e7\u00e3o entre Lula e Milei exp\u00f5e uma dificuldade do petista em concretizar seu desejo de ser um l\u00edder regional.<\/p>\n\n\n\n<blockquote class=\"wp-block-quote is-layout-flow wp-block-quote-is-layout-flow\"><p><span class=\"has-inline-color has-luminous-vivid-orange-color\">Historicamente, todos os governos brasileiros t\u00eam dado muita aten\u00e7\u00e3o \u00e0 quest\u00e3o da integra\u00e7\u00e3o regional e o Mercosul \u00e9 um ve\u00edculo para o exerc\u00edcio da hegemonia regional brasileira [\u2026] Argentina e Brasil s\u00e3o os motores sem os quais a iniciativa de integra\u00e7\u00e3o regional n\u00e3o t\u00eam como efetivamente prosperar e nem se manter funcionando\u201d, avalia o professor Elton Gomes, do departamento de Ci\u00eancia Pol\u00edtica da Universidade Federal do Piau\u00ed (UFPI).<\/span><\/p><\/blockquote>\n\n\n\n<div class=\"wp-block-image\"><figure class=\"aligncenter size-large\"><a href=\"https:\/\/www.instagram.com\/baraodascarnes.es\/\"><img decoding=\"async\" src=\"https:\/\/jornalfatosenoticias.com.br\/wp-content\/uploads\/2020\/02\/barao-das-carnes-300x164-1.jpg\" alt=\"\" class=\"wp-image-34339\"\/><\/a><\/figure><\/div>\n\n\n\n<p>O anseio de Lula em se tornar um l\u00edder regional e porta-voz do Sul Global (nome dado atualmente aos pa\u00edses em desenvolvimento) esteve evidente durante o primeiro ano deste mandato, quando o petista priorizou sua agenda externa. Na an\u00e1lise do diplomata e ex-ministro da Fazenda Rubens Ricupero, a m\u00e1-articula\u00e7\u00e3o do governo n\u00e3o reflete apenas na Argentina, mas tamb\u00e9m com outros l\u00edderes sul-americanos de esquerda e direita que divergem de Lula.<\/p>\n\n\n\n<div class=\"wp-block-image\"><figure class=\"aligncenter size-large is-resized\"><img loading=\"lazy\" decoding=\"async\" src=\"https:\/\/jornalfatosenoticias.com.br\/wp-content\/uploads\/2022\/02\/Precisao-Contabilidade-1024x724.jpg\" alt=\"\" class=\"wp-image-28088\" width=\"376\" height=\"266\"\/><\/figure><\/div>\n\n\n\n<blockquote class=\"wp-block-quote is-layout-flow wp-block-quote-is-layout-flow\"><p><span class=\"has-inline-color has-luminous-vivid-orange-color\">O caso mais evidente \u00e9 o do Milei, mas voc\u00ea pode dizer que o Uruguai tamb\u00e9m [\u2026] e at\u00e9 em rela\u00e7\u00e3o \u00e0 Col\u00f4mbia e o Chile, embora haja, teoricamente, uma maior proximidade ideol\u00f3gica. Mas em casos concretos s\u00e3o pa\u00edses que t\u00eam divergido [de Lula]&#8221;, pontua o diplomata.<\/span><\/p><\/blockquote>\n\n\n\n<div class=\"wp-block-image\"><figure class=\"aligncenter size-large is-resized\"><a href=\"https:\/\/www.instagram.com\/restaurantepegoretti\/\"><img loading=\"lazy\" decoding=\"async\" src=\"https:\/\/jornalfatosenoticias.com.br\/wp-content\/uploads\/2023\/12\/pegoretti-logo-pdf-1024x389.jpg\" alt=\"\" class=\"wp-image-47536\" width=\"522\" height=\"198\" srcset=\"https:\/\/jornalfatosenoticias.com.br\/wp-content\/uploads\/2023\/12\/pegoretti-logo-pdf-1024x389.jpg 1024w, https:\/\/jornalfatosenoticias.com.br\/wp-content\/uploads\/2023\/12\/pegoretti-logo-pdf-300x114.jpg 300w, https:\/\/jornalfatosenoticias.com.br\/wp-content\/uploads\/2023\/12\/pegoretti-logo-pdf-768x291.jpg 768w, https:\/\/jornalfatosenoticias.com.br\/wp-content\/uploads\/2023\/12\/pegoretti-logo-pdf.jpg 1120w\" sizes=\"auto, (max-width: 522px) 100vw, 522px\" \/><\/a><\/figure><\/div>\n\n\n\n<p>O ex-ministro lembra que o presidente do Chile, Gabriel Boric, apesar de ser mais alinhado \u00e0 esquerda, tem uma clara postura de condena\u00e7\u00e3o \u00e0 R\u00fassia na guerra da Ucr\u00e2nia, diferentemente de Lula. Os dois l\u00edderes tamb\u00e9m n\u00e3o est\u00e3o em consenso sobre a Venezuela. &#8220;O Brasil ainda tem uma posi\u00e7\u00e3o um pouco amb\u00edgua e d\u00fabia sobre a Venezuela, como se ele [Lula] estivesse esperando para ver o que vai acontecer na elei\u00e7\u00e3o [marcada para o dia 28 de julho]&#8221;, analisa Rubens Ricupero.<\/p>\n\n\n\n<div class=\"wp-block-image\"><figure class=\"aligncenter size-large is-resized\"><a href=\"https:\/\/www.controlsystems.com.br\/\"><img loading=\"lazy\" decoding=\"async\" src=\"https:\/\/jornalfatosenoticias.com.br\/wp-content\/uploads\/2020\/02\/CONTROL-CS.jpg\" alt=\"\" class=\"wp-image-44991\" width=\"332\" height=\"398\" srcset=\"https:\/\/jornalfatosenoticias.com.br\/wp-content\/uploads\/2020\/02\/CONTROL-CS.jpg 834w, https:\/\/jornalfatosenoticias.com.br\/wp-content\/uploads\/2020\/02\/CONTROL-CS-250x300.jpg 250w, https:\/\/jornalfatosenoticias.com.br\/wp-content\/uploads\/2020\/02\/CONTROL-CS-768x921.jpg 768w\" sizes=\"auto, (max-width: 332px) 100vw, 332px\" \/><\/a><\/figure><\/div>\n\n\n\n<p>Em maio do ano passado, Lula chegou a dizer que a ditadura na Venezuela, marcada por persegui\u00e7\u00e3o a dissidentes, uso da viol\u00eancia pol\u00edtica e manipula\u00e7\u00e3o eleitoral, seria apenas uma narrativa. Na an\u00e1lise do diplomata Rubens Ricupero, Lula n\u00e3o conseguiu cumprir suas promessas na pol\u00edtica externa e essa \u00e1rea do governo vive um &#8220;momento de Eclipse, est\u00e1 apagada e sem grandes feitos&#8221;. &#8220;Me parece que hoje h\u00e1 muito pouca \u00eanfase [na gest\u00e3o petista] na Am\u00e9rica do Sul, que tradicionalmente era a nossa \u00e1rea principal de influ\u00eancia. Eu atribuo isso, em grande parte, ao fato de que o pr\u00f3prio governo brasileiro reconhece que n\u00e3o h\u00e1 condi\u00e7\u00f5es favor\u00e1veis [para uma boa articula\u00e7\u00e3o na regi\u00e3o]&#8221;, avalia Ricupero.<\/p>\n\n\n\n<div class=\"wp-block-image\"><figure class=\"aligncenter size-large is-resized\"><a href=\"https:\/\/hotelmarquetti.com.br\/\"><img loading=\"lazy\" decoding=\"async\" src=\"https:\/\/jornalfatosenoticias.com.br\/wp-content\/uploads\/2023\/03\/nova-logo-Marquetti.jpg\" alt=\"\" class=\"wp-image-40207\" width=\"378\" height=\"254\" srcset=\"https:\/\/jornalfatosenoticias.com.br\/wp-content\/uploads\/2023\/03\/nova-logo-Marquetti.jpg 643w, https:\/\/jornalfatosenoticias.com.br\/wp-content\/uploads\/2023\/03\/nova-logo-Marquetti-300x202.jpg 300w\" sizes=\"auto, (max-width: 378px) 100vw, 378px\" \/><\/a><\/figure><\/div>\n\n\n\n<p>Diplomata de carreira e professor, Rubens Ricupero foi ministro do Meio Ambiente de Itamar Franco e assumiu o Minist\u00e9rio da Fazenda durante o governo de Fernando Henrique Cardoso. Apelidado como &#8220;Ap\u00f3stolo do Real&#8221; por Itamar, Ricupero teve relevante participa\u00e7\u00e3o no Plano Real e assumiu altos postos diplom\u00e1ticos, como a Embaixada dos Estados Unidos e da It\u00e1lia.<\/p>\n\n\n\n<div class=\"wp-block-image\"><figure class=\"aligncenter size-large\"><a href=\"http:\/\/www.ferrarimaquinas.com.br\/\"><img loading=\"lazy\" decoding=\"async\" width=\"300\" height=\"250\" src=\"https:\/\/jornalfatosenoticias.com.br\/wp-content\/uploads\/2022\/02\/FERRARI_MAQUINAS-E-FERRAMENTAS2.jpg\" alt=\"\" class=\"wp-image-27860\"\/><\/a><\/figure><\/div>\n\n\n\n<p><span class=\"has-inline-color has-black-color\"><strong>Lula ainda est\u00e1 ressentido com Milei e espera pedido de desculpas, argentino n\u00e3o est\u00e1 disposto a ceder<br><\/strong><\/span>A tens\u00e3o entre os l\u00edderes argentino e brasileiro voltaram a aquecer na semana passada quando Lula afirmou em entrevista ao UOL que n\u00e3o conversou com Milei porque ele deve desculpas ao petista e ao Brasil &#8220;por falar muita bobagem&#8221;. &#8220;Eu s\u00f3 quero que ele pe\u00e7a desculpas. A Argentina \u00e9 um pa\u00eds que eu gosto muito, \u00e9 um pa\u00eds muito importante para o Brasil, o Brasil \u00e9 muito importante para a Argentina, e n\u00e3o \u00e9 um presidente da Rep\u00fablica que vai criar uma ciz\u00e2nia (rixa) entre o Brasil e a Argentina\u201d, disse Lula.<br>O argentino foi questionado na \u00faltima sexta-feira (28) sobre a declara\u00e7\u00e3o de Lula e reafirmou o posicionamento da Casa Rosada sobre o tema.<\/p>\n\n\n\n<div class=\"wp-block-image\"><figure class=\"aligncenter size-large is-resized\"><a href=\"https:\/\/www.facebook.com\/Esteio-Churrascaria-Barbecue-103643461220402\/\"><img loading=\"lazy\" decoding=\"async\" src=\"https:\/\/jornalfatosenoticias.com.br\/wp-content\/uploads\/2020\/02\/logo_esteio.jpg\" alt=\"\" class=\"wp-image-1214\" width=\"324\" height=\"270\"\/><\/a><\/figure><\/div>\n\n\n\n<blockquote class=\"wp-block-quote is-layout-flow wp-block-quote-is-layout-flow\"><p><span class=\"has-inline-color has-luminous-vivid-orange-color\">Qual o problema no que eu disse? Que ele \u00e9 corrupto? Ele n\u00e3o foi preso por corrup\u00e7\u00e3o? Que eu disse que ele \u00e9 comunista? Ele n\u00e3o \u00e9 comunista? Desde quando voc\u00ea tem que se desculpar por dizer a verdade? Ou estamos t\u00e3o cansados do politicamente correto que nada pode ser dito \u00e0 esquerda, mesmo que seja verdade?\u201d, disse Milei em entrevista ao carnal argentino LN+.<\/span><\/p><\/blockquote>\n\n\n\n<div class=\"wp-block-image\"><figure class=\"aligncenter size-large is-resized\"><a href=\"https:\/\/www.instagram.com\/rapuzeljastro\/\"><img loading=\"lazy\" decoding=\"async\" src=\"https:\/\/jornalfatosenoticias.com.br\/wp-content\/uploads\/2020\/02\/logo-Rapuzel-1024x571.jpg\" alt=\"\" class=\"wp-image-42808\" width=\"409\" height=\"228\" srcset=\"https:\/\/jornalfatosenoticias.com.br\/wp-content\/uploads\/2020\/02\/logo-Rapuzel-1024x571.jpg 1024w, https:\/\/jornalfatosenoticias.com.br\/wp-content\/uploads\/2020\/02\/logo-Rapuzel-300x167.jpg 300w, https:\/\/jornalfatosenoticias.com.br\/wp-content\/uploads\/2020\/02\/logo-Rapuzel-768x428.jpg 768w, https:\/\/jornalfatosenoticias.com.br\/wp-content\/uploads\/2020\/02\/logo-Rapuzel-1536x856.jpg 1536w, https:\/\/jornalfatosenoticias.com.br\/wp-content\/uploads\/2020\/02\/logo-Rapuzel.jpg 1600w\" sizes=\"auto, (max-width: 409px) 100vw, 409px\" \/><\/a><\/figure><\/div>\n\n\n\n<p>Lula teve suas condena\u00e7\u00f5es por corrup\u00e7\u00e3o na Opera\u00e7\u00e3o Lava Jato anuladas pelo Supremo em 2021 porque o processo contra ele correu no Paran\u00e1 e n\u00e3o no Distrito Federal. O ressentimento de Lula com o libert\u00e1rio argentino j\u00e1 \u00e9 antigo e deve-se pelas cr\u00edticas que Milei fez ao brasileiro e pelas diferen\u00e7as ideol\u00f3gicas e morais. Durante sua campanha eleitoral, o argentino chamou Lula de \u201ccomunista raivoso\u201d e chegou a fazer \u201ccampanha\u201d pr\u00f3-Bolsonaro em suas redes sociais em 2022. Lula disse em discursos que Milei e o ex-presidente Jair Bolsonaro (PL) eram \u201ccontra o sistema\u201d e parte da \u201cextrema direita raivosa e bruta\u201d.<\/p>\n\n\n\n<div class=\"wp-block-image\"><figure class=\"aligncenter size-large is-resized\"><a href=\"https:\/\/www.ithbrasil.com.br\/\"><img loading=\"lazy\" decoding=\"async\" src=\"https:\/\/jornalfatosenoticias.com.br\/wp-content\/uploads\/2023\/08\/ITH.jpeg\" alt=\"\" class=\"wp-image-44638\" width=\"331\" height=\"269\" srcset=\"https:\/\/jornalfatosenoticias.com.br\/wp-content\/uploads\/2023\/08\/ITH.jpeg 800w, https:\/\/jornalfatosenoticias.com.br\/wp-content\/uploads\/2023\/08\/ITH-300x244.jpeg 300w, https:\/\/jornalfatosenoticias.com.br\/wp-content\/uploads\/2023\/08\/ITH-768x624.jpeg 768w\" sizes=\"auto, (max-width: 331px) 100vw, 331px\" \/><\/a><\/figure><\/div>\n\n\n\n<p><span class=\"has-inline-color has-black-color\"><strong>Milei vem ao Brasil e se encontra com Bolsonaro, mas conversa com Lula \u00e9 descartada<br><\/strong><\/span>Havia a expectativa de que Lula e Milei pudessem se encontrar nesta semana, durante a C\u00fapula do Mercosul, marcada para os dias 8 e 9 de julho, no Paraguai. No encontro, Argentina e Brasil se re\u00fanem com Uruguai e Paraguai \u2014 al\u00e9m de Bol\u00edvia e Venezuela, como membros convidados \u2014 para discutir o futuro do acordo de livre com\u00e9rcio que o bloco negocia com a Uni\u00e3o Europeia. Lula j\u00e1 confirmou sua presen\u00e7a no encontro, mas Milei recalculou a rota.<\/p>\n\n\n\n<div class=\"wp-block-image\"><figure class=\"aligncenter size-large\"><a href=\"https:\/\/cesconetto.com.br\/\"><img loading=\"lazy\" decoding=\"async\" width=\"300\" height=\"250\" src=\"https:\/\/jornalfatosenoticias.com.br\/wp-content\/uploads\/2020\/02\/Banner-2.png\" alt=\"\" class=\"wp-image-43787\"\/><\/a><\/figure><\/div>\n\n\n\n<p>Enquanto o encontro de l\u00edderes do Mercosul acontece em Assun\u00e7\u00e3o, capital paraguaia, Javier Milei faz sua primeira visita ao Brasil. O argentino vem ao pa\u00eds para participar da Conservative Political Action Conference (Confer\u00eancia de A\u00e7\u00e3o Pol\u00edtica Conservadora, em portugu\u00eas), conhecida como CPAC. O CPAC foi criado em 1973 pelos grupos American Conservative Union (ACU) e Young Americans for Freedom (YAF), e \u00e9 considerado o maior evento conservador dos Estados Unidos.<\/p>\n\n\n\n<div class=\"wp-block-image\"><figure class=\"aligncenter size-large\"><a href=\"https:\/\/panper.com.br\/\"><img loading=\"lazy\" decoding=\"async\" width=\"400\" height=\"277\" src=\"https:\/\/jornalfatosenoticias.com.br\/wp-content\/uploads\/2023\/03\/logo-Panper_portal.jpg\" alt=\"\" class=\"wp-image-40208\" srcset=\"https:\/\/jornalfatosenoticias.com.br\/wp-content\/uploads\/2023\/03\/logo-Panper_portal.jpg 400w, https:\/\/jornalfatosenoticias.com.br\/wp-content\/uploads\/2023\/03\/logo-Panper_portal-300x208.jpg 300w\" sizes=\"auto, (max-width: 400px) 100vw, 400px\" \/><\/a><\/figure><\/div>\n\n\n\n<p>No evento, Milei deve se reunir com o ex-presidente Jair Bolsonaro (PL), que tamb\u00e9m j\u00e1 confirmou sua presen\u00e7a no encontro. \u00c9 a primeira visita oficial de Milei ao Brasil e o argentino n\u00e3o tem encontros previstos com Lula. Desde que o libert\u00e1rio assumiu a Casa Rosada, Lula e Milei n\u00e3o se encontraram \u2014 como de praxe acontece com os presidentes de ambos os pa\u00edses.<\/p>\n\n\n\n<div class=\"wp-block-image\"><figure class=\"aligncenter size-large is-resized\"><a href=\"https:\/\/www.facebook.com\/postobkr\/?locale=pt_BR\"><img loading=\"lazy\" decoding=\"async\" src=\"https:\/\/jornalfatosenoticias.com.br\/wp-content\/uploads\/2023\/08\/BKR-1024x1021.jpg\" alt=\"\" class=\"wp-image-44494\" width=\"320\" height=\"319\" srcset=\"https:\/\/jornalfatosenoticias.com.br\/wp-content\/uploads\/2023\/08\/BKR-1024x1021.jpg 1024w, https:\/\/jornalfatosenoticias.com.br\/wp-content\/uploads\/2023\/08\/BKR-300x300.jpg 300w, https:\/\/jornalfatosenoticias.com.br\/wp-content\/uploads\/2023\/08\/BKR-150x150.jpg 150w, https:\/\/jornalfatosenoticias.com.br\/wp-content\/uploads\/2023\/08\/BKR-768x766.jpg 768w, https:\/\/jornalfatosenoticias.com.br\/wp-content\/uploads\/2023\/08\/BKR.jpg 1080w\" sizes=\"auto, (max-width: 320px) 100vw, 320px\" \/><\/a><\/figure><\/div>\n\n\n\n<p>Brasil e Argentina possuem a principal economia da Am\u00e9rica do Sul e t\u00eam rela\u00e7\u00f5es comerciais estreitas, mas Lula e Milei t\u00eam evitado um encontro. Os dois tiveram apenas uma agenda em comum at\u00e9 o momento, durante a Reuni\u00e3o de L\u00edderes do G7 (bloco formado por Alemanha, Canad\u00e1, Estados Unidos, Fran\u00e7a, It\u00e1lia, Jap\u00e3o e Reino Unido, as sete maiores economias democr\u00e1ticas). No encontro, apenas se cumprimentaram, conforme informou um porta-voz da Casa Rosada.<\/p>\n\n\n\n<div class=\"wp-block-image\"><figure class=\"aligncenter size-large\"><a href=\"https:\/\/www.facebook.com\/vetor.vix\/\"><img loading=\"lazy\" decoding=\"async\" width=\"1024\" height=\"273\" src=\"https:\/\/jornalfatosenoticias.com.br\/wp-content\/uploads\/2023\/09\/vetorvix1024_1.jpg\" alt=\"\" class=\"wp-image-44868\" srcset=\"https:\/\/jornalfatosenoticias.com.br\/wp-content\/uploads\/2023\/09\/vetorvix1024_1.jpg 1024w, https:\/\/jornalfatosenoticias.com.br\/wp-content\/uploads\/2023\/09\/vetorvix1024_1-300x80.jpg 300w, https:\/\/jornalfatosenoticias.com.br\/wp-content\/uploads\/2023\/09\/vetorvix1024_1-768x205.jpg 768w\" sizes=\"auto, (max-width: 1024px) 100vw, 1024px\" \/><\/a><\/figure><\/div>\n\n\n\n<p>Durante a passagem pelo G7, Lula manteve encontros bilaterais com diversos l\u00edderes internacionais, mas Javier Milei n\u00e3o foi um deles. Na tradicional foto de fam\u00edlia (imagem em destaque), feita ap\u00f3s o dia de reuni\u00f5es na c\u00fapula, a imagem de Lula e Milei em lados opostos ilustrou a polaridade entre os dois l\u00edderes.<\/p>\n\n\n\n<div class=\"wp-block-image\"><figure class=\"aligncenter size-large is-resized\"><a href=\"https:\/\/www.instagram.com\/baraodascarnes.es\/\"><img loading=\"lazy\" decoding=\"async\" src=\"https:\/\/jornalfatosenoticias.com.br\/wp-content\/uploads\/2020\/02\/barao-das-carnes-300x164-1.jpg\" alt=\"\" class=\"wp-image-34339\" width=\"346\" height=\"189\"\/><\/a><\/figure><\/div>\n\n\n\n<p><strong><span class=\"has-inline-color has-black-color\">Rela\u00e7\u00e3o Brasil e Argentina sobrevive ao distanciamento de Lula e Milei<br><\/span><\/strong>Apesar dos impasses, os analistas ouvidos pela reportagem pontuam que as diferen\u00e7as e os problemas entre Lula e Milei n\u00e3o devem atrapalhar a rela\u00e7\u00e3o entre os dois pa\u00edses. \u201cNem Milei e nem Lula s\u00e3o capazes de retroceder a integra\u00e7\u00e3o entre Brasil e Argentina. Muito menos retroceder o interesse dos dois pa\u00edses no acordo com a Uni\u00e3o Europeia&#8221;, avalia Pedro Feli\u00fa, especialista em Am\u00e9rica Latina e docente na Universidade de S\u00e3o Paulo (USP).<\/p>\n\n\n\n<div class=\"wp-block-image\"><figure class=\"aligncenter size-large is-resized\"><img loading=\"lazy\" decoding=\"async\" src=\"https:\/\/jornalfatosenoticias.com.br\/wp-content\/uploads\/2022\/02\/Precisao-Contabilidade-1024x724.jpg\" alt=\"\" class=\"wp-image-28088\" width=\"393\" height=\"278\"\/><\/figure><\/div>\n\n\n\n<p>O Pal\u00e1cio do Planalto e o Itamaraty tamb\u00e9m ressaltam a mesma perspectiva. Apesar de os presidentes n\u00e3o terem um bom relacionamento, as alian\u00e7as correm bem no \u00e2mbito diplom\u00e1tico. O chanceler Mauro Vieira j\u00e1 fez visitas \u00e0 Argentina e sua hom\u00f3loga no pa\u00eds tamb\u00e9m j\u00e1 veio ao Brasil algumas vezes com a inten\u00e7\u00e3o de refor\u00e7ar os la\u00e7os entre os dois pa\u00edses.<\/p>\n\n\n\n<div class=\"wp-block-image\"><figure class=\"aligncenter size-large is-resized\"><a href=\"https:\/\/www.instagram.com\/restaurantepegoretti\/\"><img loading=\"lazy\" decoding=\"async\" src=\"https:\/\/jornalfatosenoticias.com.br\/wp-content\/uploads\/2023\/12\/pegoretti-logo-pdf-1024x389.jpg\" alt=\"\" class=\"wp-image-47536\" width=\"535\" height=\"203\" srcset=\"https:\/\/jornalfatosenoticias.com.br\/wp-content\/uploads\/2023\/12\/pegoretti-logo-pdf-1024x389.jpg 1024w, https:\/\/jornalfatosenoticias.com.br\/wp-content\/uploads\/2023\/12\/pegoretti-logo-pdf-300x114.jpg 300w, https:\/\/jornalfatosenoticias.com.br\/wp-content\/uploads\/2023\/12\/pegoretti-logo-pdf-768x291.jpg 768w, https:\/\/jornalfatosenoticias.com.br\/wp-content\/uploads\/2023\/12\/pegoretti-logo-pdf.jpg 1120w\" sizes=\"auto, (max-width: 535px) 100vw, 535px\" \/><\/a><\/figure><\/div>\n\n\n\n<p>Mas, por outro lado, o afastamento dos presidentes gera receios sobre importantes pautas em discuss\u00f5es no bloco, sobretudo no Mercosul. O Mercado Comum do Sul (Mercosul) \u2014 bloco econ\u00f4mico formado por Argentina, Brasil, Uruguai, Paraguai e, mais recentemente, a Bol\u00edvia \u2014 tem intensificado as negocia\u00e7\u00f5es com a Uni\u00e3o Europeia para um acordo de livre com\u00e9rcio que promete facilitar a comercializa\u00e7\u00e3o entre seus pa\u00edses-membros. Em negocia\u00e7\u00e3o h\u00e1 mais de 20 anos, o alinhamento entre os presidentes do Brasil e da Argentina \u00e9 importante para o curso dos di\u00e1logos com os europeus.<\/p>\n\n\n\n<div class=\"wp-block-image\"><figure class=\"aligncenter size-large is-resized\"><a href=\"https:\/\/www.controlsystems.com.br\/\"><img loading=\"lazy\" decoding=\"async\" src=\"https:\/\/jornalfatosenoticias.com.br\/wp-content\/uploads\/2020\/02\/CONTROL-CS.jpg\" alt=\"\" class=\"wp-image-44991\" width=\"348\" height=\"417\" srcset=\"https:\/\/jornalfatosenoticias.com.br\/wp-content\/uploads\/2020\/02\/CONTROL-CS.jpg 834w, https:\/\/jornalfatosenoticias.com.br\/wp-content\/uploads\/2020\/02\/CONTROL-CS-250x300.jpg 250w, https:\/\/jornalfatosenoticias.com.br\/wp-content\/uploads\/2020\/02\/CONTROL-CS-768x921.jpg 768w\" sizes=\"auto, (max-width: 348px) 100vw, 348px\" \/><\/a><\/figure><\/div>\n\n\n\n<p>Conforme relembra Elton Gomes, do departamento de Ci\u00eancia Pol\u00edtica da Universidade Federal do Piau\u00ed (UFPI), o principal instrumento que pauta o Mercosul, o Protocolo de Ouro Preto, exige que \u201cas decis\u00f5es precisam ser feitas por unanimidade, ent\u00e3o \u00e9 sempre uma negocia\u00e7\u00e3o mais custosa mesmo que seja entre apenas quatro atores\u201d. Ou seja, ainda que antag\u00f4nicos no espectro pol\u00edtico, Lula e Milei precisam encontrar consenso e unir for\u00e7as para destravar as negocia\u00e7\u00f5es com o bloco europeu.<\/p>\n\n\n\n<div class=\"wp-block-image\"><figure class=\"aligncenter size-large is-resized\"><a href=\"https:\/\/www.instagram.com\/rapuzeljastro\/\"><img loading=\"lazy\" decoding=\"async\" src=\"https:\/\/jornalfatosenoticias.com.br\/wp-content\/uploads\/2020\/02\/logo-Rapuzel-1024x571.jpg\" alt=\"\" class=\"wp-image-42808\" width=\"391\" height=\"218\" srcset=\"https:\/\/jornalfatosenoticias.com.br\/wp-content\/uploads\/2020\/02\/logo-Rapuzel-1024x571.jpg 1024w, https:\/\/jornalfatosenoticias.com.br\/wp-content\/uploads\/2020\/02\/logo-Rapuzel-300x167.jpg 300w, https:\/\/jornalfatosenoticias.com.br\/wp-content\/uploads\/2020\/02\/logo-Rapuzel-768x428.jpg 768w, https:\/\/jornalfatosenoticias.com.br\/wp-content\/uploads\/2020\/02\/logo-Rapuzel-1536x856.jpg 1536w, https:\/\/jornalfatosenoticias.com.br\/wp-content\/uploads\/2020\/02\/logo-Rapuzel.jpg 1600w\" sizes=\"auto, (max-width: 391px) 100vw, 391px\" \/><\/a><\/figure><\/div>\n\n\n\n<p>No caso dos Brics (Brasil, R\u00fassia, \u00cdndia, China, \u00c1frica do Sul, Egito, Eti\u00f3pia, Ir\u00e3 e Emirados \u00c1rabes Unidos) a diferen\u00e7a de posicionamento pol\u00edtico entre Lula e Milei \u00e9 evidente. O antecessor do presidente argentino, o esquerdista Alberto Fern\u00e1ndez, havia costurado com Lula a entrada de seu pa\u00eds no bloco, que desde 2022 \u00e9 usado pela R\u00fassia e pela China para fazer antagonismo \u00e0s democracias do Ocidente. Ao assumir a presid\u00eancia, Milei desfez o acordo e realinhou a Argentina \u00e0s democracias ocidentais no ano passado.<\/p>\n\n\n\n<div class=\"wp-block-image\"><figure class=\"aligncenter size-large is-resized\"><a href=\"https:\/\/www.facebook.com\/Esteio-Churrascaria-Barbecue-103643461220402\/\"><img loading=\"lazy\" decoding=\"async\" src=\"https:\/\/jornalfatosenoticias.com.br\/wp-content\/uploads\/2020\/02\/logo_esteio.jpg\" alt=\"\" class=\"wp-image-1214\" width=\"326\" height=\"272\"\/><\/a><\/figure><\/div>\n\n\n\n<p>\u201cO desafio [do acordo comercial entre Mercosul e Uni\u00e3o Europeia]\u00a0est\u00e1 focado nos interesses protecionistas agr\u00edcolas da Europa. Aqui no Mercosul h\u00e1 mais consenso em torno da aprova\u00e7\u00e3o e do apoio \u00e0 conclus\u00e3o do acordo\u201d, avalia o especialista em Rela\u00e7\u00f5es Internacionais Pedro Feli\u00fa. O acordo, at\u00e9 aqui, parece ser o \u00fanico tema que Lula e Milei concordam. Os mandat\u00e1rios n\u00e3o tiveram conversas particulares sobre o tema, mas o argentino indicou seu apre\u00e7o pelo tratado durante a viagem que fez a Europa para o G7. \u00c0 margem da c\u00fapula, o presidente argentino se reuniu com o ministro das rela\u00e7\u00f5es exteriores da Alemanha, Olaf Scholtz, e os dois concordaram que o acordo precisa ser fechado \u201crapidamente\u201d.<\/p>\n\n\n\n<div class=\"wp-block-image\"><figure class=\"aligncenter size-large is-resized\"><a href=\"https:\/\/www.facebook.com\/postobkr\/?locale=pt_BR\"><img loading=\"lazy\" decoding=\"async\" src=\"https:\/\/jornalfatosenoticias.com.br\/wp-content\/uploads\/2023\/08\/BKR-1024x1021.jpg\" alt=\"\" class=\"wp-image-44494\" width=\"302\" height=\"301\" srcset=\"https:\/\/jornalfatosenoticias.com.br\/wp-content\/uploads\/2023\/08\/BKR-1024x1021.jpg 1024w, https:\/\/jornalfatosenoticias.com.br\/wp-content\/uploads\/2023\/08\/BKR-300x300.jpg 300w, https:\/\/jornalfatosenoticias.com.br\/wp-content\/uploads\/2023\/08\/BKR-150x150.jpg 150w, https:\/\/jornalfatosenoticias.com.br\/wp-content\/uploads\/2023\/08\/BKR-768x766.jpg 768w, https:\/\/jornalfatosenoticias.com.br\/wp-content\/uploads\/2023\/08\/BKR.jpg 1080w\" sizes=\"auto, (max-width: 302px) 100vw, 302px\" \/><\/a><\/figure><\/div>\n\n\n\n<p>Neste contexto, o mandat\u00e1rio brasileiro, assim como Milei, tamb\u00e9m se reuniu com l\u00edderes europeus para tratar do acordo. Entre os encontros bilaterais, Lula teve reuni\u00f5es com o presidente da Fran\u00e7a, Emmanuel Macron [principal figura contra o acordo], o chanceler alem\u00e3o, Olaf Scholz, e com a presidente da Comiss\u00e3o Europeia, Ursula von der Leyen [que deve ser eleita para um novo mandato \u00e0 frente do \u00f3rg\u00e3o e j\u00e1 se mostrou favor\u00e1vel ao acordo].<\/p>\n\n\n\n<div class=\"wp-block-image\"><figure class=\"aligncenter size-large\"><a href=\"https:\/\/www.facebook.com\/vetor.vix\/\"><img loading=\"lazy\" decoding=\"async\" width=\"1024\" height=\"273\" src=\"https:\/\/jornalfatosenoticias.com.br\/wp-content\/uploads\/2023\/09\/vetorvix1024_1.jpg\" alt=\"\" class=\"wp-image-44868\" srcset=\"https:\/\/jornalfatosenoticias.com.br\/wp-content\/uploads\/2023\/09\/vetorvix1024_1.jpg 1024w, https:\/\/jornalfatosenoticias.com.br\/wp-content\/uploads\/2023\/09\/vetorvix1024_1-300x80.jpg 300w, https:\/\/jornalfatosenoticias.com.br\/wp-content\/uploads\/2023\/09\/vetorvix1024_1-768x205.jpg 768w\" sizes=\"auto, (max-width: 1024px) 100vw, 1024px\" \/><\/a><\/figure><\/div>\n\n\n\n<p><strong><em>Fonte: <a href=\"https:\/\/www.gazetadopovo.com.br\/politica\/relacao-entre-lula-e-milei-se-deteriora-e-enterra-lideranca-do-petista-na-america-do-sul\/\">Gazeta do Povo<\/a><\/em><\/strong><\/p>\n","protected":false},"excerpt":{"rendered":"<p>Durante foto de l\u00edderes G7, Milei aparece \u00e0 extrema esquerda, e Lula, na outra ponta, quase o \u00faltimo \u00e0 direita Por Carinne Souza Ao reafirmar sua opini\u00e3o de que Luiz In\u00e1cio Lula da Silva (PT) \u00e9 &#8220;corrupto e comunista&#8221;, o presidente da Argentina, Javier Milei, deixou claro que ainda h\u00e1 um abismo pol\u00edtico entre os [&hellip;]<\/p>\n","protected":false},"author":2,"featured_media":52455,"comment_status":"open","ping_status":"open","sticky":false,"template":"","format":"standard","meta":{"footnotes":""},"categories":[10],"tags":[650,18616,7580,17015,18893],"class_list":["post-52454","post","type-post","status-publish","format-standard","has-post-thumbnail","hentry","category-politica","tag-g7","tag-javier-milei","tag-lula","tag-mercosul","tag-politica-externa"],"yoast_head":"<!-- This site is optimized with the Yoast SEO plugin v26.5 - https:\/\/yoast.com\/wordpress\/plugins\/seo\/ -->\n<title>Rela\u00e7\u00e3o entre Lula e Milei se deteriora e enterra lideran\u00e7a do petista na Am\u00e9rica do Sul - Jornal Fatos e Not\u00edcias<\/title>\n<meta name=\"robots\" content=\"index, follow, max-snippet:-1, max-image-preview:large, max-video-preview:-1\" \/>\n<link rel=\"canonical\" href=\"https:\/\/jornalfatosenoticias.com.br\/index.php\/2024\/07\/03\/relacao-entre-lula-e-milei-se-deteriora-e-enterra-lideranca-do-petista-na-america-do-sul\/\" \/>\n<meta property=\"og:locale\" content=\"pt_BR\" \/>\n<meta property=\"og:type\" content=\"article\" \/>\n<meta property=\"og:title\" content=\"Rela\u00e7\u00e3o entre Lula e Milei se deteriora e enterra lideran\u00e7a do petista na Am\u00e9rica do Sul - Jornal Fatos e Not\u00edcias\" \/>\n<meta property=\"og:description\" content=\"Durante foto de l\u00edderes G7, Milei aparece \u00e0 extrema esquerda, e Lula, na outra ponta, quase o \u00faltimo \u00e0 direita Por Carinne Souza Ao reafirmar sua opini\u00e3o de que Luiz In\u00e1cio Lula da Silva (PT) \u00e9 &#8220;corrupto e comunista&#8221;, o presidente da Argentina, Javier Milei, deixou claro que ainda h\u00e1 um abismo pol\u00edtico entre os [&hellip;]\" \/>\n<meta property=\"og:url\" content=\"https:\/\/jornalfatosenoticias.com.br\/index.php\/2024\/07\/03\/relacao-entre-lula-e-milei-se-deteriora-e-enterra-lideranca-do-petista-na-america-do-sul\/\" \/>\n<meta property=\"og:site_name\" content=\"Jornal Fatos e Not\u00edcias\" \/>\n<meta property=\"article:published_time\" content=\"2024-07-03T13:55:12+00:00\" \/>\n<meta property=\"article:modified_time\" content=\"2024-07-03T13:55:14+00:00\" \/>\n<meta property=\"og:image\" content=\"https:\/\/jornalfatosenoticias.com.br\/wp-content\/uploads\/2024\/07\/Lula-e-Milei-G7_gettyimages.jpg\" \/>\n\t<meta property=\"og:image:width\" content=\"612\" \/>\n\t<meta property=\"og:image:height\" content=\"344\" \/>\n\t<meta property=\"og:image:type\" content=\"image\/jpeg\" \/>\n<meta name=\"author\" content=\"Luzimara Fernandes\" \/>\n<meta name=\"twitter:card\" content=\"summary_large_image\" \/>\n<meta name=\"twitter:label1\" content=\"Escrito por\" \/>\n\t<meta name=\"twitter:data1\" content=\"Luzimara Fernandes\" \/>\n\t<meta name=\"twitter:label2\" content=\"Est. tempo de leitura\" \/>\n\t<meta name=\"twitter:data2\" content=\"10 minutos\" \/>\n<script type=\"application\/ld+json\" class=\"yoast-schema-graph\">{\"@context\":\"https:\/\/schema.org\",\"@graph\":[{\"@type\":\"Article\",\"@id\":\"https:\/\/jornalfatosenoticias.com.br\/index.php\/2024\/07\/03\/relacao-entre-lula-e-milei-se-deteriora-e-enterra-lideranca-do-petista-na-america-do-sul\/#article\",\"isPartOf\":{\"@id\":\"https:\/\/jornalfatosenoticias.com.br\/index.php\/2024\/07\/03\/relacao-entre-lula-e-milei-se-deteriora-e-enterra-lideranca-do-petista-na-america-do-sul\/\"},\"author\":{\"name\":\"Luzimara Fernandes\",\"@id\":\"https:\/\/jornalfatosenoticias.com.br\/#\/schema\/person\/d63837fa13ac8666eb9e74e0985d6f81\"},\"headline\":\"Rela\u00e7\u00e3o entre Lula e Milei se deteriora e enterra lideran\u00e7a do petista na Am\u00e9rica do Sul\",\"datePublished\":\"2024-07-03T13:55:12+00:00\",\"dateModified\":\"2024-07-03T13:55:14+00:00\",\"mainEntityOfPage\":{\"@id\":\"https:\/\/jornalfatosenoticias.com.br\/index.php\/2024\/07\/03\/relacao-entre-lula-e-milei-se-deteriora-e-enterra-lideranca-do-petista-na-america-do-sul\/\"},\"wordCount\":1988,\"commentCount\":0,\"publisher\":{\"@id\":\"https:\/\/jornalfatosenoticias.com.br\/#organization\"},\"image\":{\"@id\":\"https:\/\/jornalfatosenoticias.com.br\/index.php\/2024\/07\/03\/relacao-entre-lula-e-milei-se-deteriora-e-enterra-lideranca-do-petista-na-america-do-sul\/#primaryimage\"},\"thumbnailUrl\":\"https:\/\/jornalfatosenoticias.com.br\/wp-content\/uploads\/2024\/07\/Lula-e-Milei-G7_gettyimages.jpg\",\"keywords\":[\"G7\",\"Javier Milei\",\"Lula\",\"Mercosul\",\"pol\u00edtica externa\"],\"articleSection\":[\"Pol\u00edtica\"],\"inLanguage\":\"pt-BR\",\"potentialAction\":[{\"@type\":\"CommentAction\",\"name\":\"Comment\",\"target\":[\"https:\/\/jornalfatosenoticias.com.br\/index.php\/2024\/07\/03\/relacao-entre-lula-e-milei-se-deteriora-e-enterra-lideranca-do-petista-na-america-do-sul\/#respond\"]}]},{\"@type\":\"WebPage\",\"@id\":\"https:\/\/jornalfatosenoticias.com.br\/index.php\/2024\/07\/03\/relacao-entre-lula-e-milei-se-deteriora-e-enterra-lideranca-do-petista-na-america-do-sul\/\",\"url\":\"https:\/\/jornalfatosenoticias.com.br\/index.php\/2024\/07\/03\/relacao-entre-lula-e-milei-se-deteriora-e-enterra-lideranca-do-petista-na-america-do-sul\/\",\"name\":\"Rela\u00e7\u00e3o entre Lula e Milei se deteriora e enterra lideran\u00e7a do petista na Am\u00e9rica do Sul - Jornal Fatos e Not\u00edcias\",\"isPartOf\":{\"@id\":\"https:\/\/jornalfatosenoticias.com.br\/#website\"},\"primaryImageOfPage\":{\"@id\":\"https:\/\/jornalfatosenoticias.com.br\/index.php\/2024\/07\/03\/relacao-entre-lula-e-milei-se-deteriora-e-enterra-lideranca-do-petista-na-america-do-sul\/#primaryimage\"},\"image\":{\"@id\":\"https:\/\/jornalfatosenoticias.com.br\/index.php\/2024\/07\/03\/relacao-entre-lula-e-milei-se-deteriora-e-enterra-lideranca-do-petista-na-america-do-sul\/#primaryimage\"},\"thumbnailUrl\":\"https:\/\/jornalfatosenoticias.com.br\/wp-content\/uploads\/2024\/07\/Lula-e-Milei-G7_gettyimages.jpg\",\"datePublished\":\"2024-07-03T13:55:12+00:00\",\"dateModified\":\"2024-07-03T13:55:14+00:00\",\"breadcrumb\":{\"@id\":\"https:\/\/jornalfatosenoticias.com.br\/index.php\/2024\/07\/03\/relacao-entre-lula-e-milei-se-deteriora-e-enterra-lideranca-do-petista-na-america-do-sul\/#breadcrumb\"},\"inLanguage\":\"pt-BR\",\"potentialAction\":[{\"@type\":\"ReadAction\",\"target\":[\"https:\/\/jornalfatosenoticias.com.br\/index.php\/2024\/07\/03\/relacao-entre-lula-e-milei-se-deteriora-e-enterra-lideranca-do-petista-na-america-do-sul\/\"]}]},{\"@type\":\"ImageObject\",\"inLanguage\":\"pt-BR\",\"@id\":\"https:\/\/jornalfatosenoticias.com.br\/index.php\/2024\/07\/03\/relacao-entre-lula-e-milei-se-deteriora-e-enterra-lideranca-do-petista-na-america-do-sul\/#primaryimage\",\"url\":\"https:\/\/jornalfatosenoticias.com.br\/wp-content\/uploads\/2024\/07\/Lula-e-Milei-G7_gettyimages.jpg\",\"contentUrl\":\"https:\/\/jornalfatosenoticias.com.br\/wp-content\/uploads\/2024\/07\/Lula-e-Milei-G7_gettyimages.jpg\",\"width\":612,\"height\":344,\"caption\":\"APULIA, ITALY - JUNE 14: Turkish President Recep Tayyip Erdogan, Pope Francis, US President Joe Biden, British Prime Minister Rishi Sunak, German Chancellor Olaf Scholz, President of Argentina Javier Milei, Canadian Prime Minister Justin Trudeau, Japanese Prime Minister, Prime Minister Giorgia Meloni, French President Emmanuel Macron, Brazilian president Luiz Inacio Lula da Silva, General Secretary of the United Nations Antonio Guterres, Fumio Kishida and European Council President Charles Michel take part in the family photo after attending the 50th G7 summit in Apulia, region of Italy on June 14, 2024. (Photo by Muhammed Selim Korkutata\/Anadolu via Getty Images)\"},{\"@type\":\"BreadcrumbList\",\"@id\":\"https:\/\/jornalfatosenoticias.com.br\/index.php\/2024\/07\/03\/relacao-entre-lula-e-milei-se-deteriora-e-enterra-lideranca-do-petista-na-america-do-sul\/#breadcrumb\",\"itemListElement\":[{\"@type\":\"ListItem\",\"position\":1,\"name\":\"In\u00edcio\",\"item\":\"https:\/\/jornalfatosenoticias.com.br\/\"},{\"@type\":\"ListItem\",\"position\":2,\"name\":\"Rela\u00e7\u00e3o entre Lula e Milei se deteriora e enterra lideran\u00e7a do petista na Am\u00e9rica do Sul\"}]},{\"@type\":\"WebSite\",\"@id\":\"https:\/\/jornalfatosenoticias.com.br\/#website\",\"url\":\"https:\/\/jornalfatosenoticias.com.br\/\",\"name\":\"Jornal Fatos e Not\u00edcias\",\"description\":\"Not\u00edcias em geral\",\"publisher\":{\"@id\":\"https:\/\/jornalfatosenoticias.com.br\/#organization\"},\"potentialAction\":[{\"@type\":\"SearchAction\",\"target\":{\"@type\":\"EntryPoint\",\"urlTemplate\":\"https:\/\/jornalfatosenoticias.com.br\/?s={search_term_string}\"},\"query-input\":{\"@type\":\"PropertyValueSpecification\",\"valueRequired\":true,\"valueName\":\"search_term_string\"}}],\"inLanguage\":\"pt-BR\"},{\"@type\":\"Organization\",\"@id\":\"https:\/\/jornalfatosenoticias.com.br\/#organization\",\"name\":\"Jornal Fatos e Not\u00edcias\",\"url\":\"https:\/\/jornalfatosenoticias.com.br\/\",\"logo\":{\"@type\":\"ImageObject\",\"inLanguage\":\"pt-BR\",\"@id\":\"https:\/\/jornalfatosenoticias.com.br\/#\/schema\/logo\/image\/\",\"url\":\"https:\/\/jornalfatosenoticias.com.br\/wp-content\/uploads\/2020\/02\/logo120.png\",\"contentUrl\":\"https:\/\/jornalfatosenoticias.com.br\/wp-content\/uploads\/2020\/02\/logo120.png\",\"width\":1227,\"height\":120,\"caption\":\"Jornal Fatos e Not\u00edcias\"},\"image\":{\"@id\":\"https:\/\/jornalfatosenoticias.com.br\/#\/schema\/logo\/image\/\"}},{\"@type\":\"Person\",\"@id\":\"https:\/\/jornalfatosenoticias.com.br\/#\/schema\/person\/d63837fa13ac8666eb9e74e0985d6f81\",\"name\":\"Luzimara Fernandes\",\"image\":{\"@type\":\"ImageObject\",\"inLanguage\":\"pt-BR\",\"@id\":\"https:\/\/jornalfatosenoticias.com.br\/#\/schema\/person\/image\/\",\"url\":\"https:\/\/jornalfatosenoticias.com.br\/wp-content\/uploads\/2025\/05\/EU_portal.jpg\",\"contentUrl\":\"https:\/\/jornalfatosenoticias.com.br\/wp-content\/uploads\/2025\/05\/EU_portal.jpg\",\"caption\":\"Luzimara Fernandes\"},\"description\":\"Jornalista MTB 2358-ES\",\"sameAs\":[\"https:\/\/jornalfatosenoticias.com.br\"],\"url\":\"https:\/\/jornalfatosenoticias.com.br\/index.php\/author\/luzimara\/\"}]}<\/script>\n<!-- \/ Yoast SEO plugin. -->","yoast_head_json":{"title":"Rela\u00e7\u00e3o entre Lula e Milei se deteriora e enterra lideran\u00e7a do petista na Am\u00e9rica do Sul - Jornal Fatos e Not\u00edcias","robots":{"index":"index","follow":"follow","max-snippet":"max-snippet:-1","max-image-preview":"max-image-preview:large","max-video-preview":"max-video-preview:-1"},"canonical":"https:\/\/jornalfatosenoticias.com.br\/index.php\/2024\/07\/03\/relacao-entre-lula-e-milei-se-deteriora-e-enterra-lideranca-do-petista-na-america-do-sul\/","og_locale":"pt_BR","og_type":"article","og_title":"Rela\u00e7\u00e3o entre Lula e Milei se deteriora e enterra lideran\u00e7a do petista na Am\u00e9rica do Sul - Jornal Fatos e Not\u00edcias","og_description":"Durante foto de l\u00edderes G7, Milei aparece \u00e0 extrema esquerda, e Lula, na outra ponta, quase o \u00faltimo \u00e0 direita Por Carinne Souza Ao reafirmar sua opini\u00e3o de que Luiz In\u00e1cio Lula da Silva (PT) \u00e9 &#8220;corrupto e comunista&#8221;, o presidente da Argentina, Javier Milei, deixou claro que ainda h\u00e1 um abismo pol\u00edtico entre os [&hellip;]","og_url":"https:\/\/jornalfatosenoticias.com.br\/index.php\/2024\/07\/03\/relacao-entre-lula-e-milei-se-deteriora-e-enterra-lideranca-do-petista-na-america-do-sul\/","og_site_name":"Jornal Fatos e Not\u00edcias","article_published_time":"2024-07-03T13:55:12+00:00","article_modified_time":"2024-07-03T13:55:14+00:00","og_image":[{"width":612,"height":344,"url":"https:\/\/jornalfatosenoticias.com.br\/wp-content\/uploads\/2024\/07\/Lula-e-Milei-G7_gettyimages.jpg","type":"image\/jpeg"}],"author":"Luzimara Fernandes","twitter_card":"summary_large_image","twitter_misc":{"Escrito por":"Luzimara Fernandes","Est. tempo de leitura":"10 minutos"},"schema":{"@context":"https:\/\/schema.org","@graph":[{"@type":"Article","@id":"https:\/\/jornalfatosenoticias.com.br\/index.php\/2024\/07\/03\/relacao-entre-lula-e-milei-se-deteriora-e-enterra-lideranca-do-petista-na-america-do-sul\/#article","isPartOf":{"@id":"https:\/\/jornalfatosenoticias.com.br\/index.php\/2024\/07\/03\/relacao-entre-lula-e-milei-se-deteriora-e-enterra-lideranca-do-petista-na-america-do-sul\/"},"author":{"name":"Luzimara Fernandes","@id":"https:\/\/jornalfatosenoticias.com.br\/#\/schema\/person\/d63837fa13ac8666eb9e74e0985d6f81"},"headline":"Rela\u00e7\u00e3o entre Lula e Milei se deteriora e enterra lideran\u00e7a do petista na Am\u00e9rica do Sul","datePublished":"2024-07-03T13:55:12+00:00","dateModified":"2024-07-03T13:55:14+00:00","mainEntityOfPage":{"@id":"https:\/\/jornalfatosenoticias.com.br\/index.php\/2024\/07\/03\/relacao-entre-lula-e-milei-se-deteriora-e-enterra-lideranca-do-petista-na-america-do-sul\/"},"wordCount":1988,"commentCount":0,"publisher":{"@id":"https:\/\/jornalfatosenoticias.com.br\/#organization"},"image":{"@id":"https:\/\/jornalfatosenoticias.com.br\/index.php\/2024\/07\/03\/relacao-entre-lula-e-milei-se-deteriora-e-enterra-lideranca-do-petista-na-america-do-sul\/#primaryimage"},"thumbnailUrl":"https:\/\/jornalfatosenoticias.com.br\/wp-content\/uploads\/2024\/07\/Lula-e-Milei-G7_gettyimages.jpg","keywords":["G7","Javier Milei","Lula","Mercosul","pol\u00edtica externa"],"articleSection":["Pol\u00edtica"],"inLanguage":"pt-BR","potentialAction":[{"@type":"CommentAction","name":"Comment","target":["https:\/\/jornalfatosenoticias.com.br\/index.php\/2024\/07\/03\/relacao-entre-lula-e-milei-se-deteriora-e-enterra-lideranca-do-petista-na-america-do-sul\/#respond"]}]},{"@type":"WebPage","@id":"https:\/\/jornalfatosenoticias.com.br\/index.php\/2024\/07\/03\/relacao-entre-lula-e-milei-se-deteriora-e-enterra-lideranca-do-petista-na-america-do-sul\/","url":"https:\/\/jornalfatosenoticias.com.br\/index.php\/2024\/07\/03\/relacao-entre-lula-e-milei-se-deteriora-e-enterra-lideranca-do-petista-na-america-do-sul\/","name":"Rela\u00e7\u00e3o entre Lula e Milei se deteriora e enterra lideran\u00e7a do petista na Am\u00e9rica do Sul - Jornal Fatos e Not\u00edcias","isPartOf":{"@id":"https:\/\/jornalfatosenoticias.com.br\/#website"},"primaryImageOfPage":{"@id":"https:\/\/jornalfatosenoticias.com.br\/index.php\/2024\/07\/03\/relacao-entre-lula-e-milei-se-deteriora-e-enterra-lideranca-do-petista-na-america-do-sul\/#primaryimage"},"image":{"@id":"https:\/\/jornalfatosenoticias.com.br\/index.php\/2024\/07\/03\/relacao-entre-lula-e-milei-se-deteriora-e-enterra-lideranca-do-petista-na-america-do-sul\/#primaryimage"},"thumbnailUrl":"https:\/\/jornalfatosenoticias.com.br\/wp-content\/uploads\/2024\/07\/Lula-e-Milei-G7_gettyimages.jpg","datePublished":"2024-07-03T13:55:12+00:00","dateModified":"2024-07-03T13:55:14+00:00","breadcrumb":{"@id":"https:\/\/jornalfatosenoticias.com.br\/index.php\/2024\/07\/03\/relacao-entre-lula-e-milei-se-deteriora-e-enterra-lideranca-do-petista-na-america-do-sul\/#breadcrumb"},"inLanguage":"pt-BR","potentialAction":[{"@type":"ReadAction","target":["https:\/\/jornalfatosenoticias.com.br\/index.php\/2024\/07\/03\/relacao-entre-lula-e-milei-se-deteriora-e-enterra-lideranca-do-petista-na-america-do-sul\/"]}]},{"@type":"ImageObject","inLanguage":"pt-BR","@id":"https:\/\/jornalfatosenoticias.com.br\/index.php\/2024\/07\/03\/relacao-entre-lula-e-milei-se-deteriora-e-enterra-lideranca-do-petista-na-america-do-sul\/#primaryimage","url":"https:\/\/jornalfatosenoticias.com.br\/wp-content\/uploads\/2024\/07\/Lula-e-Milei-G7_gettyimages.jpg","contentUrl":"https:\/\/jornalfatosenoticias.com.br\/wp-content\/uploads\/2024\/07\/Lula-e-Milei-G7_gettyimages.jpg","width":612,"height":344,"caption":"APULIA, ITALY - JUNE 14: Turkish President Recep Tayyip Erdogan, Pope Francis, US President Joe Biden, British Prime Minister Rishi Sunak, German Chancellor Olaf Scholz, President of Argentina Javier Milei, Canadian Prime Minister Justin Trudeau, Japanese Prime Minister, Prime Minister Giorgia Meloni, French President Emmanuel Macron, Brazilian president Luiz Inacio Lula da Silva, General Secretary of the United Nations Antonio Guterres, Fumio Kishida and European Council President Charles Michel take part in the family photo after attending the 50th G7 summit in Apulia, region of Italy on June 14, 2024. (Photo by Muhammed Selim Korkutata\/Anadolu via Getty Images)"},{"@type":"BreadcrumbList","@id":"https:\/\/jornalfatosenoticias.com.br\/index.php\/2024\/07\/03\/relacao-entre-lula-e-milei-se-deteriora-e-enterra-lideranca-do-petista-na-america-do-sul\/#breadcrumb","itemListElement":[{"@type":"ListItem","position":1,"name":"In\u00edcio","item":"https:\/\/jornalfatosenoticias.com.br\/"},{"@type":"ListItem","position":2,"name":"Rela\u00e7\u00e3o entre Lula e Milei se deteriora e enterra lideran\u00e7a do petista na Am\u00e9rica do Sul"}]},{"@type":"WebSite","@id":"https:\/\/jornalfatosenoticias.com.br\/#website","url":"https:\/\/jornalfatosenoticias.com.br\/","name":"Jornal Fatos e Not\u00edcias","description":"Not\u00edcias em geral","publisher":{"@id":"https:\/\/jornalfatosenoticias.com.br\/#organization"},"potentialAction":[{"@type":"SearchAction","target":{"@type":"EntryPoint","urlTemplate":"https:\/\/jornalfatosenoticias.com.br\/?s={search_term_string}"},"query-input":{"@type":"PropertyValueSpecification","valueRequired":true,"valueName":"search_term_string"}}],"inLanguage":"pt-BR"},{"@type":"Organization","@id":"https:\/\/jornalfatosenoticias.com.br\/#organization","name":"Jornal Fatos e Not\u00edcias","url":"https:\/\/jornalfatosenoticias.com.br\/","logo":{"@type":"ImageObject","inLanguage":"pt-BR","@id":"https:\/\/jornalfatosenoticias.com.br\/#\/schema\/logo\/image\/","url":"https:\/\/jornalfatosenoticias.com.br\/wp-content\/uploads\/2020\/02\/logo120.png","contentUrl":"https:\/\/jornalfatosenoticias.com.br\/wp-content\/uploads\/2020\/02\/logo120.png","width":1227,"height":120,"caption":"Jornal Fatos e Not\u00edcias"},"image":{"@id":"https:\/\/jornalfatosenoticias.com.br\/#\/schema\/logo\/image\/"}},{"@type":"Person","@id":"https:\/\/jornalfatosenoticias.com.br\/#\/schema\/person\/d63837fa13ac8666eb9e74e0985d6f81","name":"Luzimara Fernandes","image":{"@type":"ImageObject","inLanguage":"pt-BR","@id":"https:\/\/jornalfatosenoticias.com.br\/#\/schema\/person\/image\/","url":"https:\/\/jornalfatosenoticias.com.br\/wp-content\/uploads\/2025\/05\/EU_portal.jpg","contentUrl":"https:\/\/jornalfatosenoticias.com.br\/wp-content\/uploads\/2025\/05\/EU_portal.jpg","caption":"Luzimara Fernandes"},"description":"Jornalista MTB 2358-ES","sameAs":["https:\/\/jornalfatosenoticias.com.br"],"url":"https:\/\/jornalfatosenoticias.com.br\/index.php\/author\/luzimara\/"}]}},"cc_featured_image_caption":{"caption_text":"(Foto: Getty Images) ","source_text":"","source_url":""},"jetpack_featured_media_url":"https:\/\/jornalfatosenoticias.com.br\/wp-content\/uploads\/2024\/07\/Lula-e-Milei-G7_gettyimages.jpg","_links":{"self":[{"href":"https:\/\/jornalfatosenoticias.com.br\/index.php\/wp-json\/wp\/v2\/posts\/52454","targetHints":{"allow":["GET"]}}],"collection":[{"href":"https:\/\/jornalfatosenoticias.com.br\/index.php\/wp-json\/wp\/v2\/posts"}],"about":[{"href":"https:\/\/jornalfatosenoticias.com.br\/index.php\/wp-json\/wp\/v2\/types\/post"}],"author":[{"embeddable":true,"href":"https:\/\/jornalfatosenoticias.com.br\/index.php\/wp-json\/wp\/v2\/users\/2"}],"replies":[{"embeddable":true,"href":"https:\/\/jornalfatosenoticias.com.br\/index.php\/wp-json\/wp\/v2\/comments?post=52454"}],"version-history":[{"count":0,"href":"https:\/\/jornalfatosenoticias.com.br\/index.php\/wp-json\/wp\/v2\/posts\/52454\/revisions"}],"wp:featuredmedia":[{"embeddable":true,"href":"https:\/\/jornalfatosenoticias.com.br\/index.php\/wp-json\/wp\/v2\/media\/52455"}],"wp:attachment":[{"href":"https:\/\/jornalfatosenoticias.com.br\/index.php\/wp-json\/wp\/v2\/media?parent=52454"}],"wp:term":[{"taxonomy":"category","embeddable":true,"href":"https:\/\/jornalfatosenoticias.com.br\/index.php\/wp-json\/wp\/v2\/categories?post=52454"},{"taxonomy":"post_tag","embeddable":true,"href":"https:\/\/jornalfatosenoticias.com.br\/index.php\/wp-json\/wp\/v2\/tags?post=52454"}],"curies":[{"name":"wp","href":"https:\/\/api.w.org\/{rel}","templated":true}]}}