{"id":52477,"date":"2024-07-04T19:45:47","date_gmt":"2024-07-04T22:45:47","guid":{"rendered":"https:\/\/jornalfatosenoticias.com.br\/?p=52477"},"modified":"2024-07-04T19:45:48","modified_gmt":"2024-07-04T22:45:48","slug":"os-beneficios-da-tecnologia-na-educacao","status":"publish","type":"post","link":"https:\/\/jornalfatosenoticias.com.br\/index.php\/2024\/07\/04\/os-beneficios-da-tecnologia-na-educacao\/","title":{"rendered":"Os benef\u00edcios da tecnologia na educa\u00e7\u00e3o"},"content":{"rendered":"\n<div class=\"wp-block-image\"><figure class=\"aligncenter size-large is-resized\"><a href=\"https:\/\/www.facebook.com\/vetor.vix\/\"><img loading=\"lazy\" decoding=\"async\" src=\"https:\/\/jornalfatosenoticias.com.br\/wp-content\/uploads\/2023\/09\/vetorvix1024_1.jpg\" alt=\"\" class=\"wp-image-44868\" width=\"554\" height=\"147\" srcset=\"https:\/\/jornalfatosenoticias.com.br\/wp-content\/uploads\/2023\/09\/vetorvix1024_1.jpg 1024w, https:\/\/jornalfatosenoticias.com.br\/wp-content\/uploads\/2023\/09\/vetorvix1024_1-300x80.jpg 300w, https:\/\/jornalfatosenoticias.com.br\/wp-content\/uploads\/2023\/09\/vetorvix1024_1-768x205.jpg 768w\" sizes=\"auto, (max-width: 554px) 100vw, 554px\" \/><\/a><\/figure><\/div>\n\n\n\n<p>A palavra tecnologia vem da jun\u00e7\u00e3o de duas palavras gregas: \u201ctekne\u201d, que significa \u201ct\u00e9cnica, artefato, of\u00edcio\u201d, e \u201clogos\u201d, que significa \u201cconhecimento, saber\u201d. Por isso, o termo tem um sentido muito mais amplo que computadores, softwares e inven\u00e7\u00f5es modernas. \u00c9 poss\u00edvel constatar que as \u00faltimas d\u00e9cadas t\u00eam sido um per\u00edodo de grande revolu\u00e7\u00e3o no processo de ensino e aprendizagem, passando por in\u00fameras transforma\u00e7\u00f5es pol\u00edticas e econ\u00f4micas nas sociedades do mundo, devido ao surgimento de diversas inova\u00e7\u00f5es tecnol\u00f3gicas que t\u00eam possibilitado a universaliza\u00e7\u00e3o da informa\u00e7\u00e3o na educa\u00e7\u00e3o visando refletir sobre a rela\u00e7\u00e3o entre educa\u00e7\u00e3o, tecnologia e cidadania.<\/p>\n\n\n\n<div class=\"wp-block-image\"><figure class=\"aligncenter size-large\"><a href=\"https:\/\/cesconetto.com.br\/\"><img loading=\"lazy\" decoding=\"async\" width=\"300\" height=\"250\" src=\"https:\/\/jornalfatosenoticias.com.br\/wp-content\/uploads\/2020\/02\/Banner-2.png\" alt=\"\" class=\"wp-image-43787\"\/><\/a><\/figure><\/div>\n\n\n\n<p>Vamos recordar o per\u00edodo pand\u00eamico, decretado no in\u00edcio de 2020, que vem alterando modelos de neg\u00f3cios e o comportamento de todos os setores ao redor do mundo. O que estava previsto em termos tecnol\u00f3gicos para acontecer nos pr\u00f3ximos anos e a longo prazo foi antecipado e j\u00e1 est\u00e1 sendo implementado rapidamente a cada instante e, na educa\u00e7\u00e3o, n\u00e3o foi diferente. Toda a comunidade escolar precisou se adaptar, em tempo h\u00e1bil, ao modelo remoto, mudando a forma de se comunicar com as fam\u00edlias, de elaborar o planejamento pedag\u00f3gico, de ministrar aulas e acompanhar o desenvolvimento dos alunos.<br>Desde ent\u00e3o, o uso das tecnologias cresceu excepcionalmente na educa\u00e7\u00e3o. Para os professores faz-se necess\u00e1rio se capacitar e aproveitar o que tem de melhor em cada mat\u00e9ria, facilitando o aprendizado do aluno e focando em tirar d\u00favidas, ajudar na interpreta\u00e7\u00e3o, etc. <\/p>\n\n\n\n<div class=\"wp-block-image\"><figure class=\"aligncenter size-large is-resized\"><img loading=\"lazy\" decoding=\"async\" src=\"https:\/\/jornalfatosenoticias.com.br\/wp-content\/uploads\/2022\/02\/Precisao-Contabilidade-1024x724.jpg\" alt=\"\" class=\"wp-image-28088\" width=\"362\" height=\"256\"\/><\/figure><\/div>\n\n\n\n<p>Antigamente, o professor era o \u00fanico participante ativo em sala de aula, somente ele tinha o conhecimento e transmitia para seus alunos, sem muita participa\u00e7\u00e3o ou grandes reflex\u00f5es sobre o conte\u00fado. Hoje, o professor passa a atuar como intermediador entre a informa\u00e7\u00e3o e o aluno, al\u00e9m de mentor, para que a aprendizagem seja facilitada. Possibilitando que novas metodologias de ensino sejam utilizadas.<\/p>\n\n\n\n<div class=\"wp-block-image\"><figure class=\"aligncenter size-large\"><a href=\"https:\/\/www.instagram.com\/baraodascarnes.es\/\"><img decoding=\"async\" src=\"https:\/\/jornalfatosenoticias.com.br\/wp-content\/uploads\/2020\/02\/barao-das-carnes-300x164-1.jpg\" alt=\"\" class=\"wp-image-34339\"\/><\/a><\/figure><\/div>\n\n\n\n<p>Em vez dos m\u00e9todos tradicionais, os professores podem, portanto, inovar suas propostas, tornando-as mais atrativas aos alunos e caminhando rumo a estrat\u00e9gias pedag\u00f3gicas centradas no aluno. A tecnologia se faz presente na vida de muitos jovens. Mesmo antes de entrar na escola, a quantidade de informa\u00e7\u00f5es que estes t\u00eam dispon\u00edvel na internet \u00e9 muito grande, por isso, \u00e9 fundamental entender que as escolas precisam se adaptar \u00e0 nova realidade mundial, ao uso das ferramentas tecnol\u00f3gicas que propiciam e estimulam o aprendizado.<\/p>\n\n\n\n<div class=\"wp-block-image\"><figure class=\"aligncenter size-large is-resized\"><a href=\"https:\/\/www.controlsystems.com.br\/\"><img loading=\"lazy\" decoding=\"async\" src=\"https:\/\/jornalfatosenoticias.com.br\/wp-content\/uploads\/2020\/02\/CONTROL-CS.jpg\" alt=\"\" class=\"wp-image-44991\" width=\"334\" height=\"400\" srcset=\"https:\/\/jornalfatosenoticias.com.br\/wp-content\/uploads\/2020\/02\/CONTROL-CS.jpg 834w, https:\/\/jornalfatosenoticias.com.br\/wp-content\/uploads\/2020\/02\/CONTROL-CS-250x300.jpg 250w, https:\/\/jornalfatosenoticias.com.br\/wp-content\/uploads\/2020\/02\/CONTROL-CS-768x921.jpg 768w\" sizes=\"auto, (max-width: 334px) 100vw, 334px\" \/><\/a><\/figure><\/div>\n\n\n\n<p>O pr\u00f3prio MEC (Minist\u00e9rio da Educa\u00e7\u00e3o) criou, em 2017, a Educa\u00e7\u00e3o Conectada, uma iniciativa que busca promover o uso de tecnologias digitais na educa\u00e7\u00e3o b\u00e1sica p\u00fablica do Brasil. Por meio do programa, as escolas podem ter acesso a recursos tecnol\u00f3gicos e pedag\u00f3gicos que favore\u00e7am a aprendizagem dos alunos e a forma\u00e7\u00e3o dos professores. Com a transforma\u00e7\u00e3o digital cada vez mais forte na sociedade, a tecnologia na educa\u00e7\u00e3o chegou para potencializar o processo de ensino e aprendizagem.<\/p>\n\n\n\n<div class=\"wp-block-image\"><figure class=\"aligncenter size-large is-resized\"><a href=\"https:\/\/www.instagram.com\/rapuzeljastro\/\"><img loading=\"lazy\" decoding=\"async\" src=\"https:\/\/jornalfatosenoticias.com.br\/wp-content\/uploads\/2020\/02\/logo-Rapuzel-1024x571.jpg\" alt=\"\" class=\"wp-image-42808\" width=\"403\" height=\"224\" srcset=\"https:\/\/jornalfatosenoticias.com.br\/wp-content\/uploads\/2020\/02\/logo-Rapuzel-1024x571.jpg 1024w, https:\/\/jornalfatosenoticias.com.br\/wp-content\/uploads\/2020\/02\/logo-Rapuzel-300x167.jpg 300w, https:\/\/jornalfatosenoticias.com.br\/wp-content\/uploads\/2020\/02\/logo-Rapuzel-768x428.jpg 768w, https:\/\/jornalfatosenoticias.com.br\/wp-content\/uploads\/2020\/02\/logo-Rapuzel-1536x856.jpg 1536w, https:\/\/jornalfatosenoticias.com.br\/wp-content\/uploads\/2020\/02\/logo-Rapuzel.jpg 1600w\" sizes=\"auto, (max-width: 403px) 100vw, 403px\" \/><\/a><\/figure><\/div>\n\n\n\n<h3 class=\"wp-block-heading\"><span class=\"has-inline-color has-vivid-purple-color\">Quais os benef\u00edcios da tecnologia na educa\u00e7\u00e3o?<\/span><\/h3>\n\n\n\n<p>\u2022 Aulas mais interativas e din\u00e2micas;<br>\u2022 Incentivo \u00e0 criatividade;<br>\u2022 Aproveitamento extraclasse;<br>\u2022 Aumento de produtividade por parte dos alunos;<br>\u2022 Personaliza\u00e7\u00e3o do ensino.<\/p>\n\n\n\n<div class=\"wp-block-image\"><figure class=\"aligncenter size-large\"><a href=\"http:\/\/www.ferrarimaquinas.com.br\/\"><img loading=\"lazy\" decoding=\"async\" width=\"300\" height=\"250\" src=\"https:\/\/jornalfatosenoticias.com.br\/wp-content\/uploads\/2022\/02\/FERRARI_MAQUINAS-E-FERRAMENTAS2.jpg\" alt=\"\" class=\"wp-image-27860\"\/><\/a><\/figure><\/div>\n\n\n\n<p>Encontrar equil\u00edbrio nesse sentido, certamente, \u00e9 um dos maiores desafios da educa\u00e7\u00e3o. Para que isso se desenvolva de maneira plena \u00e9 preciso conscientizar os alunos em rela\u00e7\u00e3o ao uso das novas tecnologias e engaj\u00e1-los com metodologias que tragam a tecnologia como suporte, sendo intermedi\u00e1ria para processos de aprendizagem.<\/p>\n\n\n\n<div class=\"wp-block-image\"><figure class=\"aligncenter size-large is-resized\"><a href=\"https:\/\/hotelmarquetti.com.br\/\"><img loading=\"lazy\" decoding=\"async\" src=\"https:\/\/jornalfatosenoticias.com.br\/wp-content\/uploads\/2023\/03\/nova-logo-Marquetti.jpg\" alt=\"\" class=\"wp-image-40207\" width=\"341\" height=\"229\" srcset=\"https:\/\/jornalfatosenoticias.com.br\/wp-content\/uploads\/2023\/03\/nova-logo-Marquetti.jpg 643w, https:\/\/jornalfatosenoticias.com.br\/wp-content\/uploads\/2023\/03\/nova-logo-Marquetti-300x202.jpg 300w\" sizes=\"auto, (max-width: 341px) 100vw, 341px\" \/><\/a><\/figure><\/div>\n\n\n\n<p>A constru\u00e7\u00e3o do conhecimento fica contextualizada \u00e0 realidade dos estudantes, que nasceram e vivem tendo a tecnologia como parte integrante de todas as \u00e1reas de suas vidas. N\u00e3o podemos negar o grande abismo entre as escolas privadas e p\u00fablicas e os desafios que os gestores educacionais mais encontram no seu dia a dia, tentando tamb\u00e9m, uma solu\u00e7\u00e3o para a exclus\u00e3o digital. Entretanto, um gestor educacional empoderado com essas quest\u00f5es pode ver esse desafio como uma oportunidade de estar sempre se atualizando com o que h\u00e1 de mais novo no meio tecnol\u00f3gico.<\/p>\n\n\n\n<div class=\"wp-block-image\"><figure class=\"aligncenter size-large is-resized\"><a href=\"https:\/\/www.ithbrasil.com.br\/\"><img loading=\"lazy\" decoding=\"async\" src=\"https:\/\/jornalfatosenoticias.com.br\/wp-content\/uploads\/2023\/08\/ITH.jpeg\" alt=\"\" class=\"wp-image-44638\" width=\"314\" height=\"255\" srcset=\"https:\/\/jornalfatosenoticias.com.br\/wp-content\/uploads\/2023\/08\/ITH.jpeg 800w, https:\/\/jornalfatosenoticias.com.br\/wp-content\/uploads\/2023\/08\/ITH-300x244.jpeg 300w, https:\/\/jornalfatosenoticias.com.br\/wp-content\/uploads\/2023\/08\/ITH-768x624.jpeg 768w\" sizes=\"auto, (max-width: 314px) 100vw, 314px\" \/><\/a><\/figure><\/div>\n\n\n\n<p>A implanta\u00e7\u00e3o das tecnologias de informa\u00e7\u00e3o e comunica\u00e7\u00e3o na escola n\u00e3o favorece somente a aprendizagem do aluno, como tamb\u00e9m aproxima os professores dos alunos, permitindo a possibilidade de constru\u00edrem conhecimentos e trocas de experi\u00eancias juntos, uma constru\u00e7\u00e3o coletiva do saber. Quanto mais as utiliza\u00e7\u00f5es dessas ferramentas forem naturais, mais f\u00e1cil ser\u00e1 a sua integra\u00e7\u00e3o na din\u00e2mica escolar. Assim, a crian\u00e7a cresce de maneira independente ao longo das etapas educacionais, tendo ainda mais liberdade nas t\u00e9cnicas que usam para aprender ouvindo, lendo, explicando, ou qualquer outro caminho poss\u00edvel, al\u00e9m de se tornar mais autodidata em seu desenvolvimento.<\/p>\n\n\n\n<div class=\"wp-block-image\"><figure class=\"aligncenter size-large is-resized\"><a href=\"https:\/\/www.instagram.com\/restaurantepegoretti\/\"><img loading=\"lazy\" decoding=\"async\" src=\"https:\/\/jornalfatosenoticias.com.br\/wp-content\/uploads\/2023\/12\/pegoretti-logo-pdf-1024x389.jpg\" alt=\"\" class=\"wp-image-47536\" width=\"485\" height=\"184\" srcset=\"https:\/\/jornalfatosenoticias.com.br\/wp-content\/uploads\/2023\/12\/pegoretti-logo-pdf-1024x389.jpg 1024w, https:\/\/jornalfatosenoticias.com.br\/wp-content\/uploads\/2023\/12\/pegoretti-logo-pdf-300x114.jpg 300w, https:\/\/jornalfatosenoticias.com.br\/wp-content\/uploads\/2023\/12\/pegoretti-logo-pdf-768x291.jpg 768w, https:\/\/jornalfatosenoticias.com.br\/wp-content\/uploads\/2023\/12\/pegoretti-logo-pdf.jpg 1120w\" sizes=\"auto, (max-width: 485px) 100vw, 485px\" \/><\/a><\/figure><\/div>\n","protected":false},"excerpt":{"rendered":"<p>A palavra tecnologia vem da jun\u00e7\u00e3o de duas palavras gregas: \u201ctekne\u201d, que significa \u201ct\u00e9cnica, artefato, of\u00edcio\u201d, e \u201clogos\u201d, que significa \u201cconhecimento, saber\u201d. Por isso, o termo tem um sentido muito mais amplo que computadores, softwares e inven\u00e7\u00f5es modernas. \u00c9 poss\u00edvel constatar que as \u00faltimas d\u00e9cadas t\u00eam sido um per\u00edodo de grande revolu\u00e7\u00e3o no processo de [&hellip;]<\/p>\n","protected":false},"author":35,"featured_media":52478,"comment_status":"open","ping_status":"open","sticky":false,"template":"","format":"standard","meta":{"footnotes":""},"categories":[7],"tags":[4575,23982,345,23983,18000,15590],"class_list":["post-52477","post","type-post","status-publish","format-standard","has-post-thumbnail","hentry","category-educacao","tag-aprendizado","tag-beneficios-da-tecnologia-na-educacao","tag-educacao","tag-educacao-tecnologica","tag-planejamento-pedagogico","tag-tecnologia-na-educacao"],"yoast_head":"<!-- This site is optimized with the Yoast SEO plugin v26.5 - https:\/\/yoast.com\/wordpress\/plugins\/seo\/ -->\n<title>Os benef\u00edcios da tecnologia na educa\u00e7\u00e3o - Jornal Fatos e Not\u00edcias<\/title>\n<meta name=\"robots\" content=\"index, follow, max-snippet:-1, max-image-preview:large, max-video-preview:-1\" \/>\n<link rel=\"canonical\" href=\"https:\/\/jornalfatosenoticias.com.br\/index.php\/2024\/07\/04\/os-beneficios-da-tecnologia-na-educacao\/\" \/>\n<meta property=\"og:locale\" content=\"pt_BR\" \/>\n<meta property=\"og:type\" content=\"article\" \/>\n<meta property=\"og:title\" content=\"Os benef\u00edcios da tecnologia na educa\u00e7\u00e3o - Jornal Fatos e Not\u00edcias\" \/>\n<meta property=\"og:description\" content=\"A palavra tecnologia vem da jun\u00e7\u00e3o de duas palavras gregas: \u201ctekne\u201d, que significa \u201ct\u00e9cnica, artefato, of\u00edcio\u201d, e \u201clogos\u201d, que significa \u201cconhecimento, saber\u201d. Por isso, o termo tem um sentido muito mais amplo que computadores, softwares e inven\u00e7\u00f5es modernas. \u00c9 poss\u00edvel constatar que as \u00faltimas d\u00e9cadas t\u00eam sido um per\u00edodo de grande revolu\u00e7\u00e3o no processo de [&hellip;]\" \/>\n<meta property=\"og:url\" content=\"https:\/\/jornalfatosenoticias.com.br\/index.php\/2024\/07\/04\/os-beneficios-da-tecnologia-na-educacao\/\" \/>\n<meta property=\"og:site_name\" content=\"Jornal Fatos e Not\u00edcias\" \/>\n<meta property=\"article:published_time\" content=\"2024-07-04T22:45:47+00:00\" \/>\n<meta property=\"article:modified_time\" content=\"2024-07-04T22:45:48+00:00\" \/>\n<meta property=\"og:image\" content=\"https:\/\/jornalfatosenoticias.com.br\/wp-content\/uploads\/2024\/07\/educacao-tecnologica_freepik.jpg\" \/>\n\t<meta property=\"og:image:width\" content=\"996\" \/>\n\t<meta property=\"og:image:height\" content=\"558\" \/>\n\t<meta property=\"og:image:type\" content=\"image\/jpeg\" \/>\n<meta name=\"author\" content=\"L\u00e9ia Flauzina\" \/>\n<meta name=\"twitter:card\" content=\"summary_large_image\" \/>\n<meta name=\"twitter:label1\" content=\"Escrito por\" \/>\n\t<meta name=\"twitter:data1\" content=\"L\u00e9ia Flauzina\" \/>\n\t<meta name=\"twitter:label2\" content=\"Est. tempo de leitura\" \/>\n\t<meta name=\"twitter:data2\" content=\"4 minutos\" \/>\n<script type=\"application\/ld+json\" class=\"yoast-schema-graph\">{\"@context\":\"https:\/\/schema.org\",\"@graph\":[{\"@type\":\"Article\",\"@id\":\"https:\/\/jornalfatosenoticias.com.br\/index.php\/2024\/07\/04\/os-beneficios-da-tecnologia-na-educacao\/#article\",\"isPartOf\":{\"@id\":\"https:\/\/jornalfatosenoticias.com.br\/index.php\/2024\/07\/04\/os-beneficios-da-tecnologia-na-educacao\/\"},\"author\":{\"name\":\"L\u00e9ia Flauzina\",\"@id\":\"https:\/\/jornalfatosenoticias.com.br\/#\/schema\/person\/4a992c9d5e2ea219b74162b89d96b273\"},\"headline\":\"Os benef\u00edcios da tecnologia na educa\u00e7\u00e3o\",\"datePublished\":\"2024-07-04T22:45:47+00:00\",\"dateModified\":\"2024-07-04T22:45:48+00:00\",\"mainEntityOfPage\":{\"@id\":\"https:\/\/jornalfatosenoticias.com.br\/index.php\/2024\/07\/04\/os-beneficios-da-tecnologia-na-educacao\/\"},\"wordCount\":807,\"commentCount\":0,\"publisher\":{\"@id\":\"https:\/\/jornalfatosenoticias.com.br\/#organization\"},\"image\":{\"@id\":\"https:\/\/jornalfatosenoticias.com.br\/index.php\/2024\/07\/04\/os-beneficios-da-tecnologia-na-educacao\/#primaryimage\"},\"thumbnailUrl\":\"https:\/\/jornalfatosenoticias.com.br\/wp-content\/uploads\/2024\/07\/educacao-tecnologica_freepik.jpg\",\"keywords\":[\"aprendizado\",\"benef\u00edcios da tecnologia na educa\u00e7\u00e3o\",\"educa\u00e7\u00e3o\",\"educa\u00e7\u00e3o tecnol\u00f3gica\",\"planejamento pedag\u00f3gico\",\"tecnologia na educa\u00e7\u00e3o\"],\"articleSection\":[\"Educa\u00e7\u00e3o\"],\"inLanguage\":\"pt-BR\",\"potentialAction\":[{\"@type\":\"CommentAction\",\"name\":\"Comment\",\"target\":[\"https:\/\/jornalfatosenoticias.com.br\/index.php\/2024\/07\/04\/os-beneficios-da-tecnologia-na-educacao\/#respond\"]}]},{\"@type\":\"WebPage\",\"@id\":\"https:\/\/jornalfatosenoticias.com.br\/index.php\/2024\/07\/04\/os-beneficios-da-tecnologia-na-educacao\/\",\"url\":\"https:\/\/jornalfatosenoticias.com.br\/index.php\/2024\/07\/04\/os-beneficios-da-tecnologia-na-educacao\/\",\"name\":\"Os benef\u00edcios da tecnologia na educa\u00e7\u00e3o - Jornal Fatos e Not\u00edcias\",\"isPartOf\":{\"@id\":\"https:\/\/jornalfatosenoticias.com.br\/#website\"},\"primaryImageOfPage\":{\"@id\":\"https:\/\/jornalfatosenoticias.com.br\/index.php\/2024\/07\/04\/os-beneficios-da-tecnologia-na-educacao\/#primaryimage\"},\"image\":{\"@id\":\"https:\/\/jornalfatosenoticias.com.br\/index.php\/2024\/07\/04\/os-beneficios-da-tecnologia-na-educacao\/#primaryimage\"},\"thumbnailUrl\":\"https:\/\/jornalfatosenoticias.com.br\/wp-content\/uploads\/2024\/07\/educacao-tecnologica_freepik.jpg\",\"datePublished\":\"2024-07-04T22:45:47+00:00\",\"dateModified\":\"2024-07-04T22:45:48+00:00\",\"breadcrumb\":{\"@id\":\"https:\/\/jornalfatosenoticias.com.br\/index.php\/2024\/07\/04\/os-beneficios-da-tecnologia-na-educacao\/#breadcrumb\"},\"inLanguage\":\"pt-BR\",\"potentialAction\":[{\"@type\":\"ReadAction\",\"target\":[\"https:\/\/jornalfatosenoticias.com.br\/index.php\/2024\/07\/04\/os-beneficios-da-tecnologia-na-educacao\/\"]}]},{\"@type\":\"ImageObject\",\"inLanguage\":\"pt-BR\",\"@id\":\"https:\/\/jornalfatosenoticias.com.br\/index.php\/2024\/07\/04\/os-beneficios-da-tecnologia-na-educacao\/#primaryimage\",\"url\":\"https:\/\/jornalfatosenoticias.com.br\/wp-content\/uploads\/2024\/07\/educacao-tecnologica_freepik.jpg\",\"contentUrl\":\"https:\/\/jornalfatosenoticias.com.br\/wp-content\/uploads\/2024\/07\/educacao-tecnologica_freepik.jpg\",\"width\":996,\"height\":558},{\"@type\":\"BreadcrumbList\",\"@id\":\"https:\/\/jornalfatosenoticias.com.br\/index.php\/2024\/07\/04\/os-beneficios-da-tecnologia-na-educacao\/#breadcrumb\",\"itemListElement\":[{\"@type\":\"ListItem\",\"position\":1,\"name\":\"In\u00edcio\",\"item\":\"https:\/\/jornalfatosenoticias.com.br\/\"},{\"@type\":\"ListItem\",\"position\":2,\"name\":\"Os benef\u00edcios da tecnologia na educa\u00e7\u00e3o\"}]},{\"@type\":\"WebSite\",\"@id\":\"https:\/\/jornalfatosenoticias.com.br\/#website\",\"url\":\"https:\/\/jornalfatosenoticias.com.br\/\",\"name\":\"Jornal Fatos e Not\u00edcias\",\"description\":\"Not\u00edcias em geral\",\"publisher\":{\"@id\":\"https:\/\/jornalfatosenoticias.com.br\/#organization\"},\"potentialAction\":[{\"@type\":\"SearchAction\",\"target\":{\"@type\":\"EntryPoint\",\"urlTemplate\":\"https:\/\/jornalfatosenoticias.com.br\/?s={search_term_string}\"},\"query-input\":{\"@type\":\"PropertyValueSpecification\",\"valueRequired\":true,\"valueName\":\"search_term_string\"}}],\"inLanguage\":\"pt-BR\"},{\"@type\":\"Organization\",\"@id\":\"https:\/\/jornalfatosenoticias.com.br\/#organization\",\"name\":\"Jornal Fatos e Not\u00edcias\",\"url\":\"https:\/\/jornalfatosenoticias.com.br\/\",\"logo\":{\"@type\":\"ImageObject\",\"inLanguage\":\"pt-BR\",\"@id\":\"https:\/\/jornalfatosenoticias.com.br\/#\/schema\/logo\/image\/\",\"url\":\"https:\/\/jornalfatosenoticias.com.br\/wp-content\/uploads\/2020\/02\/logo120.png\",\"contentUrl\":\"https:\/\/jornalfatosenoticias.com.br\/wp-content\/uploads\/2020\/02\/logo120.png\",\"width\":1227,\"height\":120,\"caption\":\"Jornal Fatos e Not\u00edcias\"},\"image\":{\"@id\":\"https:\/\/jornalfatosenoticias.com.br\/#\/schema\/logo\/image\/\"}},{\"@type\":\"Person\",\"@id\":\"https:\/\/jornalfatosenoticias.com.br\/#\/schema\/person\/4a992c9d5e2ea219b74162b89d96b273\",\"name\":\"L\u00e9ia Flauzina\",\"image\":{\"@type\":\"ImageObject\",\"inLanguage\":\"pt-BR\",\"@id\":\"https:\/\/jornalfatosenoticias.com.br\/#\/schema\/person\/image\/\",\"url\":\"https:\/\/jornalfatosenoticias.com.br\/wp-content\/uploads\/2024\/02\/Leia_Flauzina-removebg-preview-150x150.png\",\"contentUrl\":\"https:\/\/jornalfatosenoticias.com.br\/wp-content\/uploads\/2024\/02\/Leia_Flauzina-removebg-preview-150x150.png\",\"caption\":\"L\u00e9ia Flauzina\"},\"description\":\"Psicopedagoga, Neuropsicopedagoga, Especialista em Autismo, Neuroci\u00eancia, Aprendizagem e Mestre em Educa\u00e7\u00e3o, Escritora, Palestrante e Neuroterapeuta\",\"url\":\"https:\/\/jornalfatosenoticias.com.br\/index.php\/author\/leia-flauzina\/\"}]}<\/script>\n<!-- \/ Yoast SEO plugin. -->","yoast_head_json":{"title":"Os benef\u00edcios da tecnologia na educa\u00e7\u00e3o - Jornal Fatos e Not\u00edcias","robots":{"index":"index","follow":"follow","max-snippet":"max-snippet:-1","max-image-preview":"max-image-preview:large","max-video-preview":"max-video-preview:-1"},"canonical":"https:\/\/jornalfatosenoticias.com.br\/index.php\/2024\/07\/04\/os-beneficios-da-tecnologia-na-educacao\/","og_locale":"pt_BR","og_type":"article","og_title":"Os benef\u00edcios da tecnologia na educa\u00e7\u00e3o - Jornal Fatos e Not\u00edcias","og_description":"A palavra tecnologia vem da jun\u00e7\u00e3o de duas palavras gregas: \u201ctekne\u201d, que significa \u201ct\u00e9cnica, artefato, of\u00edcio\u201d, e \u201clogos\u201d, que significa \u201cconhecimento, saber\u201d. Por isso, o termo tem um sentido muito mais amplo que computadores, softwares e inven\u00e7\u00f5es modernas. \u00c9 poss\u00edvel constatar que as \u00faltimas d\u00e9cadas t\u00eam sido um per\u00edodo de grande revolu\u00e7\u00e3o no processo de [&hellip;]","og_url":"https:\/\/jornalfatosenoticias.com.br\/index.php\/2024\/07\/04\/os-beneficios-da-tecnologia-na-educacao\/","og_site_name":"Jornal Fatos e Not\u00edcias","article_published_time":"2024-07-04T22:45:47+00:00","article_modified_time":"2024-07-04T22:45:48+00:00","og_image":[{"width":996,"height":558,"url":"https:\/\/jornalfatosenoticias.com.br\/wp-content\/uploads\/2024\/07\/educacao-tecnologica_freepik.jpg","type":"image\/jpeg"}],"author":"L\u00e9ia Flauzina","twitter_card":"summary_large_image","twitter_misc":{"Escrito por":"L\u00e9ia Flauzina","Est. tempo de leitura":"4 minutos"},"schema":{"@context":"https:\/\/schema.org","@graph":[{"@type":"Article","@id":"https:\/\/jornalfatosenoticias.com.br\/index.php\/2024\/07\/04\/os-beneficios-da-tecnologia-na-educacao\/#article","isPartOf":{"@id":"https:\/\/jornalfatosenoticias.com.br\/index.php\/2024\/07\/04\/os-beneficios-da-tecnologia-na-educacao\/"},"author":{"name":"L\u00e9ia Flauzina","@id":"https:\/\/jornalfatosenoticias.com.br\/#\/schema\/person\/4a992c9d5e2ea219b74162b89d96b273"},"headline":"Os benef\u00edcios da tecnologia na educa\u00e7\u00e3o","datePublished":"2024-07-04T22:45:47+00:00","dateModified":"2024-07-04T22:45:48+00:00","mainEntityOfPage":{"@id":"https:\/\/jornalfatosenoticias.com.br\/index.php\/2024\/07\/04\/os-beneficios-da-tecnologia-na-educacao\/"},"wordCount":807,"commentCount":0,"publisher":{"@id":"https:\/\/jornalfatosenoticias.com.br\/#organization"},"image":{"@id":"https:\/\/jornalfatosenoticias.com.br\/index.php\/2024\/07\/04\/os-beneficios-da-tecnologia-na-educacao\/#primaryimage"},"thumbnailUrl":"https:\/\/jornalfatosenoticias.com.br\/wp-content\/uploads\/2024\/07\/educacao-tecnologica_freepik.jpg","keywords":["aprendizado","benef\u00edcios da tecnologia na educa\u00e7\u00e3o","educa\u00e7\u00e3o","educa\u00e7\u00e3o tecnol\u00f3gica","planejamento pedag\u00f3gico","tecnologia na educa\u00e7\u00e3o"],"articleSection":["Educa\u00e7\u00e3o"],"inLanguage":"pt-BR","potentialAction":[{"@type":"CommentAction","name":"Comment","target":["https:\/\/jornalfatosenoticias.com.br\/index.php\/2024\/07\/04\/os-beneficios-da-tecnologia-na-educacao\/#respond"]}]},{"@type":"WebPage","@id":"https:\/\/jornalfatosenoticias.com.br\/index.php\/2024\/07\/04\/os-beneficios-da-tecnologia-na-educacao\/","url":"https:\/\/jornalfatosenoticias.com.br\/index.php\/2024\/07\/04\/os-beneficios-da-tecnologia-na-educacao\/","name":"Os benef\u00edcios da tecnologia na educa\u00e7\u00e3o - Jornal Fatos e Not\u00edcias","isPartOf":{"@id":"https:\/\/jornalfatosenoticias.com.br\/#website"},"primaryImageOfPage":{"@id":"https:\/\/jornalfatosenoticias.com.br\/index.php\/2024\/07\/04\/os-beneficios-da-tecnologia-na-educacao\/#primaryimage"},"image":{"@id":"https:\/\/jornalfatosenoticias.com.br\/index.php\/2024\/07\/04\/os-beneficios-da-tecnologia-na-educacao\/#primaryimage"},"thumbnailUrl":"https:\/\/jornalfatosenoticias.com.br\/wp-content\/uploads\/2024\/07\/educacao-tecnologica_freepik.jpg","datePublished":"2024-07-04T22:45:47+00:00","dateModified":"2024-07-04T22:45:48+00:00","breadcrumb":{"@id":"https:\/\/jornalfatosenoticias.com.br\/index.php\/2024\/07\/04\/os-beneficios-da-tecnologia-na-educacao\/#breadcrumb"},"inLanguage":"pt-BR","potentialAction":[{"@type":"ReadAction","target":["https:\/\/jornalfatosenoticias.com.br\/index.php\/2024\/07\/04\/os-beneficios-da-tecnologia-na-educacao\/"]}]},{"@type":"ImageObject","inLanguage":"pt-BR","@id":"https:\/\/jornalfatosenoticias.com.br\/index.php\/2024\/07\/04\/os-beneficios-da-tecnologia-na-educacao\/#primaryimage","url":"https:\/\/jornalfatosenoticias.com.br\/wp-content\/uploads\/2024\/07\/educacao-tecnologica_freepik.jpg","contentUrl":"https:\/\/jornalfatosenoticias.com.br\/wp-content\/uploads\/2024\/07\/educacao-tecnologica_freepik.jpg","width":996,"height":558},{"@type":"BreadcrumbList","@id":"https:\/\/jornalfatosenoticias.com.br\/index.php\/2024\/07\/04\/os-beneficios-da-tecnologia-na-educacao\/#breadcrumb","itemListElement":[{"@type":"ListItem","position":1,"name":"In\u00edcio","item":"https:\/\/jornalfatosenoticias.com.br\/"},{"@type":"ListItem","position":2,"name":"Os benef\u00edcios da tecnologia na educa\u00e7\u00e3o"}]},{"@type":"WebSite","@id":"https:\/\/jornalfatosenoticias.com.br\/#website","url":"https:\/\/jornalfatosenoticias.com.br\/","name":"Jornal Fatos e Not\u00edcias","description":"Not\u00edcias em geral","publisher":{"@id":"https:\/\/jornalfatosenoticias.com.br\/#organization"},"potentialAction":[{"@type":"SearchAction","target":{"@type":"EntryPoint","urlTemplate":"https:\/\/jornalfatosenoticias.com.br\/?s={search_term_string}"},"query-input":{"@type":"PropertyValueSpecification","valueRequired":true,"valueName":"search_term_string"}}],"inLanguage":"pt-BR"},{"@type":"Organization","@id":"https:\/\/jornalfatosenoticias.com.br\/#organization","name":"Jornal Fatos e Not\u00edcias","url":"https:\/\/jornalfatosenoticias.com.br\/","logo":{"@type":"ImageObject","inLanguage":"pt-BR","@id":"https:\/\/jornalfatosenoticias.com.br\/#\/schema\/logo\/image\/","url":"https:\/\/jornalfatosenoticias.com.br\/wp-content\/uploads\/2020\/02\/logo120.png","contentUrl":"https:\/\/jornalfatosenoticias.com.br\/wp-content\/uploads\/2020\/02\/logo120.png","width":1227,"height":120,"caption":"Jornal Fatos e Not\u00edcias"},"image":{"@id":"https:\/\/jornalfatosenoticias.com.br\/#\/schema\/logo\/image\/"}},{"@type":"Person","@id":"https:\/\/jornalfatosenoticias.com.br\/#\/schema\/person\/4a992c9d5e2ea219b74162b89d96b273","name":"L\u00e9ia Flauzina","image":{"@type":"ImageObject","inLanguage":"pt-BR","@id":"https:\/\/jornalfatosenoticias.com.br\/#\/schema\/person\/image\/","url":"https:\/\/jornalfatosenoticias.com.br\/wp-content\/uploads\/2024\/02\/Leia_Flauzina-removebg-preview-150x150.png","contentUrl":"https:\/\/jornalfatosenoticias.com.br\/wp-content\/uploads\/2024\/02\/Leia_Flauzina-removebg-preview-150x150.png","caption":"L\u00e9ia Flauzina"},"description":"Psicopedagoga, Neuropsicopedagoga, Especialista em Autismo, Neuroci\u00eancia, Aprendizagem e Mestre em Educa\u00e7\u00e3o, Escritora, Palestrante e Neuroterapeuta","url":"https:\/\/jornalfatosenoticias.com.br\/index.php\/author\/leia-flauzina\/"}]}},"cc_featured_image_caption":{"caption_text":"(Foto: Freepik) ","source_text":"","source_url":""},"jetpack_featured_media_url":"https:\/\/jornalfatosenoticias.com.br\/wp-content\/uploads\/2024\/07\/educacao-tecnologica_freepik.jpg","_links":{"self":[{"href":"https:\/\/jornalfatosenoticias.com.br\/index.php\/wp-json\/wp\/v2\/posts\/52477","targetHints":{"allow":["GET"]}}],"collection":[{"href":"https:\/\/jornalfatosenoticias.com.br\/index.php\/wp-json\/wp\/v2\/posts"}],"about":[{"href":"https:\/\/jornalfatosenoticias.com.br\/index.php\/wp-json\/wp\/v2\/types\/post"}],"author":[{"embeddable":true,"href":"https:\/\/jornalfatosenoticias.com.br\/index.php\/wp-json\/wp\/v2\/users\/35"}],"replies":[{"embeddable":true,"href":"https:\/\/jornalfatosenoticias.com.br\/index.php\/wp-json\/wp\/v2\/comments?post=52477"}],"version-history":[{"count":0,"href":"https:\/\/jornalfatosenoticias.com.br\/index.php\/wp-json\/wp\/v2\/posts\/52477\/revisions"}],"wp:featuredmedia":[{"embeddable":true,"href":"https:\/\/jornalfatosenoticias.com.br\/index.php\/wp-json\/wp\/v2\/media\/52478"}],"wp:attachment":[{"href":"https:\/\/jornalfatosenoticias.com.br\/index.php\/wp-json\/wp\/v2\/media?parent=52477"}],"wp:term":[{"taxonomy":"category","embeddable":true,"href":"https:\/\/jornalfatosenoticias.com.br\/index.php\/wp-json\/wp\/v2\/categories?post=52477"},{"taxonomy":"post_tag","embeddable":true,"href":"https:\/\/jornalfatosenoticias.com.br\/index.php\/wp-json\/wp\/v2\/tags?post=52477"}],"curies":[{"name":"wp","href":"https:\/\/api.w.org\/{rel}","templated":true}]}}