{"id":52487,"date":"2024-07-04T20:40:50","date_gmt":"2024-07-04T23:40:50","guid":{"rendered":"https:\/\/jornalfatosenoticias.com.br\/?p=52487"},"modified":"2024-07-04T20:40:52","modified_gmt":"2024-07-04T23:40:52","slug":"a-semana-no-brasil-e-no-mundo-cpi-do-arrozao-congela-em-160-assinaturas-apos-ameacas-de-retaliacao-do-governo-lula-diz-site","status":"publish","type":"post","link":"https:\/\/jornalfatosenoticias.com.br\/index.php\/2024\/07\/04\/a-semana-no-brasil-e-no-mundo-cpi-do-arrozao-congela-em-160-assinaturas-apos-ameacas-de-retaliacao-do-governo-lula-diz-site\/","title":{"rendered":"A Semana no Brasil e no Mundo \u2014 CPI do Arroz\u00e3o congela em 160 assinaturas ap\u00f3s amea\u00e7as de retalia\u00e7\u00e3o do governo Lula, diz site"},"content":{"rendered":"\n<div class=\"wp-block-image\"><figure class=\"aligncenter size-large\"><a href=\"https:\/\/mizu.com.br\/\"><img loading=\"lazy\" decoding=\"async\" width=\"729\" height=\"90\" src=\"https:\/\/jornalfatosenoticias.com.br\/wp-content\/uploads\/2020\/02\/Logo_Mizu.png\" alt=\"\" class=\"wp-image-1441\" srcset=\"https:\/\/jornalfatosenoticias.com.br\/wp-content\/uploads\/2020\/02\/Logo_Mizu.png 729w, https:\/\/jornalfatosenoticias.com.br\/wp-content\/uploads\/2020\/02\/Logo_Mizu-300x37.png 300w\" sizes=\"auto, (max-width: 729px) 100vw, 729px\" \/><\/a><\/figure><\/div>\n\n\n\n<p>O pedido de abertura da Comiss\u00e3o Parlamentar de Inqu\u00e9rito (CPI) do Arroz\u00e3o, que visa investigar den\u00fancias de fraude no leil\u00e3o de arroz proposto pelo governo Lula, estacionou em 160 assinaturas na C\u00e2mara dos Deputados. O governo amea\u00e7ou n\u00e3o pagar as emendas parlamentares de deputados que apoiassem a investiga\u00e7\u00e3o, o que resultou na estagna\u00e7\u00e3o do n\u00famero de assinaturas. A informa\u00e7\u00e3o \u00e9 do site Di\u00e1rio do Poder.<br>O leil\u00e3o suspeito levou at\u00e9 \u00e0 demiss\u00e3o de um secret\u00e1rio do Minist\u00e9rio da Agricultura. O deputado do Uni\u00e3o Brasil, partido que possui tr\u00eas minist\u00e9rios no governo, admitiu que assinar o pedido de CPI poderia interferir nas emendas parlamentares.<\/p>\n\n\n\n<div class=\"wp-block-image\"><figure class=\"aligncenter size-large is-resized\"><img loading=\"lazy\" decoding=\"async\" src=\"https:\/\/jornalfatosenoticias.com.br\/wp-content\/uploads\/2022\/02\/Precisao-Contabilidade-1024x724.jpg\" alt=\"\" class=\"wp-image-28088\" width=\"321\" height=\"227\"\/><\/figure><\/div>\n\n\n\n<p>H\u00e1 duas semanas, o pedido contava com 150 assinaturas. Para a cria\u00e7\u00e3o da CPI, s\u00e3o necess\u00e1rias 171 assinaturas, representando um ter\u00e7o do total de deputados federais. Esta semana, o governo decidiu liberar R$ 30 bilh\u00f5es em emendas parlamentares antes das elei\u00e7\u00f5es, o que representa 60% do valor total previsto para 2024. A libera\u00e7\u00e3o dessas verbas \u00e9 vista como uma tentativa de garantir apoio parlamentar e evitar a abertura da CPI do Arroz\u00e3o. <strong>(Fonte: Hora Bras\u00edlia)<\/strong><\/p>\n\n\n\n<div class=\"wp-block-image\"><figure class=\"aligncenter size-large\"><a href=\"https:\/\/www.instagram.com\/baraodascarnes.es\/\"><img decoding=\"async\" src=\"https:\/\/jornalfatosenoticias.com.br\/wp-content\/uploads\/2020\/02\/barao-das-carnes-300x164-1.jpg\" alt=\"\" class=\"wp-image-34339\"\/><\/a><\/figure><\/div>\n\n\n\n<hr class=\"wp-block-separator\"\/>\n\n\n\n<h3 class=\"wp-block-heading\"><span class=\"has-inline-color has-black-color\">Dois navios da Marinha da R\u00fassia chegam \u00e0 Venezuela<\/span><\/h3>\n\n\n\n<div class=\"wp-block-image\"><figure class=\"aligncenter size-large\"><img loading=\"lazy\" decoding=\"async\" width=\"700\" height=\"420\" src=\"https:\/\/jornalfatosenoticias.com.br\/wp-content\/uploads\/2024\/07\/NAVIOS-RUSSOS_VENEZUELA.jpg\" alt=\"\" class=\"wp-image-52493\" srcset=\"https:\/\/jornalfatosenoticias.com.br\/wp-content\/uploads\/2024\/07\/NAVIOS-RUSSOS_VENEZUELA.jpg 700w, https:\/\/jornalfatosenoticias.com.br\/wp-content\/uploads\/2024\/07\/NAVIOS-RUSSOS_VENEZUELA-300x180.jpg 300w\" sizes=\"auto, (max-width: 700px) 100vw, 700px\" \/><figcaption><em><span class=\"has-inline-color has-black-color\">(Foto: Minist\u00e9rio da Defesa Russo\/Reuters)<\/span><\/em><\/figcaption><\/figure><\/div>\n\n\n\n<p>Dois navios da Marinha da R\u00fassia chegaram, na ter\u00e7a-feira (02), ao porto de La Guaira, na Venezuela, onde permanecer\u00e3o \u201cpor alguns dias\u201d, segundo informou a Frota do Norte russa. Trata-se da fragata \u201cAdmiral Gorshkov\u201d e do petroleiro \u201cAcademic Pashin\u201d, afirma um comunicado citado pela ag\u00eancia de not\u00edcias russa \u201cTASS\u201d.<\/p>\n\n\n\n<div class=\"wp-block-image\"><figure class=\"aligncenter size-large\"><a href=\"https:\/\/www.facebook.com\/Esteio-Churrascaria-Barbecue-103643461220402\/\"><img decoding=\"async\" src=\"https:\/\/jornalfatosenoticias.com.br\/wp-content\/uploads\/2020\/02\/logo_esteio.jpg\" alt=\"\" class=\"wp-image-1214\"\/><\/a><\/figure><\/div>\n\n\n\n<p>Ambos os navios permanecer\u00e3o na Venezuela \u201cpor alguns dias\u201d e depois continuar\u00e3o a cumprir as suas tarefas no Oceano Atl\u00e2ntico, segundo a fonte. No m\u00eas passado, um grupo de navios da Marinha russa chegou ao porto de Havana, em Cuba, para uma visita oficial. <strong>(Fonte: Epoch Times Brasil)<\/strong><\/p>\n\n\n\n<div class=\"wp-block-image\"><figure class=\"aligncenter size-large is-resized\"><a href=\"https:\/\/www.instagram.com\/rapuzeljastro\/\"><img loading=\"lazy\" decoding=\"async\" src=\"https:\/\/jornalfatosenoticias.com.br\/wp-content\/uploads\/2020\/02\/logo-Rapuzel-1024x571.jpg\" alt=\"\" class=\"wp-image-42808\" width=\"393\" height=\"219\" srcset=\"https:\/\/jornalfatosenoticias.com.br\/wp-content\/uploads\/2020\/02\/logo-Rapuzel-1024x571.jpg 1024w, https:\/\/jornalfatosenoticias.com.br\/wp-content\/uploads\/2020\/02\/logo-Rapuzel-300x167.jpg 300w, https:\/\/jornalfatosenoticias.com.br\/wp-content\/uploads\/2020\/02\/logo-Rapuzel-768x428.jpg 768w, https:\/\/jornalfatosenoticias.com.br\/wp-content\/uploads\/2020\/02\/logo-Rapuzel-1536x856.jpg 1536w, https:\/\/jornalfatosenoticias.com.br\/wp-content\/uploads\/2020\/02\/logo-Rapuzel.jpg 1600w\" sizes=\"auto, (max-width: 393px) 100vw, 393px\" \/><\/a><\/figure><\/div>\n\n\n\n<hr class=\"wp-block-separator\"\/>\n\n\n\n<h3 class=\"wp-block-heading\"><span class=\"has-inline-color has-black-color\">Lula cancela viagens a estados onde foi derrotado por Bolsonaro nas elei\u00e7\u00f5es de 2022<\/span><\/h3>\n\n\n\n<div class=\"wp-block-image\"><figure class=\"aligncenter size-large\"><img loading=\"lazy\" decoding=\"async\" width=\"612\" height=\"408\" src=\"https:\/\/jornalfatosenoticias.com.br\/wp-content\/uploads\/2024\/07\/Lula-cancela-viagens_gettyimages.jpg\" alt=\"\" class=\"wp-image-52492\" srcset=\"https:\/\/jornalfatosenoticias.com.br\/wp-content\/uploads\/2024\/07\/Lula-cancela-viagens_gettyimages.jpg 612w, https:\/\/jornalfatosenoticias.com.br\/wp-content\/uploads\/2024\/07\/Lula-cancela-viagens_gettyimages-300x200.jpg 300w\" sizes=\"auto, (max-width: 612px) 100vw, 612px\" \/><figcaption><em><span class=\"has-inline-color has-black-color\">(Foto: Getty Images)<\/span><\/em><\/figcaption><\/figure><\/div>\n\n\n\n<p>Durante uma recente s\u00e9rie de visitas pelo pa\u00eds, Luiz In\u00e1cio Lula da Silva (PT) decidiu cancelar tr\u00eas viagens planejadas a estados onde foi derrotado pelo ex-presidente Jair Bolsonaro (PL) nas elei\u00e7\u00f5es de 2022: Mato Grosso, Goi\u00e1s e Santa Catarina, conforme reportagem do site G1. Assessores de Lula consultados pelo portal justificaram que as visitas foram descartadas devido ao receio de \u201cposs\u00edveis hostilidades\u201d contra o petista.<\/p>\n\n\n\n<div class=\"wp-block-image\"><figure class=\"aligncenter size-large is-resized\"><a href=\"https:\/\/www.facebook.com\/postobkr\/?locale=pt_BR\"><img loading=\"lazy\" decoding=\"async\" src=\"https:\/\/jornalfatosenoticias.com.br\/wp-content\/uploads\/2023\/08\/BKR-1024x1021.jpg\" alt=\"\" class=\"wp-image-44494\" width=\"292\" height=\"291\" srcset=\"https:\/\/jornalfatosenoticias.com.br\/wp-content\/uploads\/2023\/08\/BKR-1024x1021.jpg 1024w, https:\/\/jornalfatosenoticias.com.br\/wp-content\/uploads\/2023\/08\/BKR-300x300.jpg 300w, https:\/\/jornalfatosenoticias.com.br\/wp-content\/uploads\/2023\/08\/BKR-150x150.jpg 150w, https:\/\/jornalfatosenoticias.com.br\/wp-content\/uploads\/2023\/08\/BKR-768x766.jpg 768w, https:\/\/jornalfatosenoticias.com.br\/wp-content\/uploads\/2023\/08\/BKR.jpg 1080w\" sizes=\"auto, (max-width: 292px) 100vw, 292px\" \/><\/a><\/figure><\/div>\n\n\n\n<p>Inicialmente, Lula pretendia lan\u00e7ar o Plano Safra em Rondon\u00f3polis (MT) em 26 de junho, conforme anunciado pelo ministro da Agricultura, Carlos F\u00e1varo, ap\u00f3s uma reuni\u00e3o anterior sobre o plano. No entanto, o evento foi adiado para o dia seguinte e transferido para o Pal\u00e1cio do Planalto. Mato Grosso \u00e9 conhecido por ser um basti\u00e3o do agroneg\u00f3cio, setor onde Lula enfrenta resist\u00eancias significativas. Seu governo tem buscado fortalecer o di\u00e1logo com ruralistas, embora at\u00e9 o momento apenas um encontro, com produtores de frutas na Granja do Torto, tenha ocorrido.<\/p>\n\n\n\n<div class=\"wp-block-image\"><figure class=\"aligncenter size-large is-resized\"><a href=\"https:\/\/www.controlsystems.com.br\/\"><img loading=\"lazy\" decoding=\"async\" src=\"https:\/\/jornalfatosenoticias.com.br\/wp-content\/uploads\/2020\/02\/CONTROL-CS.jpg\" alt=\"\" class=\"wp-image-44991\" width=\"305\" height=\"366\" srcset=\"https:\/\/jornalfatosenoticias.com.br\/wp-content\/uploads\/2020\/02\/CONTROL-CS.jpg 834w, https:\/\/jornalfatosenoticias.com.br\/wp-content\/uploads\/2020\/02\/CONTROL-CS-250x300.jpg 250w, https:\/\/jornalfatosenoticias.com.br\/wp-content\/uploads\/2020\/02\/CONTROL-CS-768x921.jpg 768w\" sizes=\"auto, (max-width: 305px) 100vw, 305px\" \/><\/a><\/figure><\/div>\n\n\n\n<p>Al\u00e9m disso, Lula tinha planejado visitar Goi\u00e2nia nesta quinta-feira (4) para inaugurar unidades do Instituto Federal, evento que contaria com a presen\u00e7a da deputada federal Delegada Adriana Accorsi, pr\u00e9-candidata do PT \u00e0 prefeitura da capital goiana. No entanto, a agenda foi ajustada com uma viagem a Campinas, no interior de S\u00e3o Paulo, em substitui\u00e7\u00e3o \u00e0 visita cancelada.<\/p>\n\n\n\n<div class=\"wp-block-image\"><figure class=\"aligncenter size-large is-resized\"><a href=\"https:\/\/www.instagram.com\/restaurantepegoretti\/\"><img loading=\"lazy\" decoding=\"async\" src=\"https:\/\/jornalfatosenoticias.com.br\/wp-content\/uploads\/2023\/12\/pegoretti-logo-pdf-1024x389.jpg\" alt=\"\" class=\"wp-image-47536\" width=\"488\" height=\"185\" srcset=\"https:\/\/jornalfatosenoticias.com.br\/wp-content\/uploads\/2023\/12\/pegoretti-logo-pdf-1024x389.jpg 1024w, https:\/\/jornalfatosenoticias.com.br\/wp-content\/uploads\/2023\/12\/pegoretti-logo-pdf-300x114.jpg 300w, https:\/\/jornalfatosenoticias.com.br\/wp-content\/uploads\/2023\/12\/pegoretti-logo-pdf-768x291.jpg 768w, https:\/\/jornalfatosenoticias.com.br\/wp-content\/uploads\/2023\/12\/pegoretti-logo-pdf.jpg 1120w\" sizes=\"auto, (max-width: 488px) 100vw, 488px\" \/><\/a><\/figure><\/div>\n\n\n\n<p>Quanto \u00e0 viagem planejada para Santa Catarina, ela representaria a primeira visita de Lula durante seu terceiro mandato. Apoiadores esperavam sua participa\u00e7\u00e3o em um evento no porto de Itaja\u00ed, no litoral catarinense, no s\u00e1bado (6). No entanto, a presen\u00e7a de Jair Bolsonaro na regi\u00e3o, onde se reunir\u00e1 com representantes da direita, incluindo o presidente argentino Javier Milei em Balne\u00e1rio Cambori\u00fa (SC), levou \u00e0 decis\u00e3o de n\u00e3o incluir a cidade catarinense na agenda prevista de Lula, segundo informa\u00e7\u00f5es da Secom. <strong>(Fonte: Hora Bras\u00edlia)<\/strong><\/p>\n\n\n\n<div class=\"wp-block-image\"><figure class=\"aligncenter size-large is-resized\"><a href=\"https:\/\/www.ithbrasil.com.br\/\"><img loading=\"lazy\" decoding=\"async\" src=\"https:\/\/jornalfatosenoticias.com.br\/wp-content\/uploads\/2023\/08\/ITH.jpeg\" alt=\"\" class=\"wp-image-44638\" width=\"302\" height=\"245\" srcset=\"https:\/\/jornalfatosenoticias.com.br\/wp-content\/uploads\/2023\/08\/ITH.jpeg 800w, https:\/\/jornalfatosenoticias.com.br\/wp-content\/uploads\/2023\/08\/ITH-300x244.jpeg 300w, https:\/\/jornalfatosenoticias.com.br\/wp-content\/uploads\/2023\/08\/ITH-768x624.jpeg 768w\" sizes=\"auto, (max-width: 302px) 100vw, 302px\" \/><\/a><\/figure><\/div>\n\n\n\n<hr class=\"wp-block-separator\"\/>\n\n\n\n<h3 class=\"wp-block-heading\"><span class=\"has-inline-color has-black-color\">Rede social Koo, que tentou roubar lugar do X, encerra atividades<\/span><\/h3>\n\n\n\n<div class=\"wp-block-image\"><figure class=\"aligncenter size-large\"><img loading=\"lazy\" decoding=\"async\" width=\"1000\" height=\"642\" src=\"https:\/\/jornalfatosenoticias.com.br\/wp-content\/uploads\/2024\/07\/rede-social-Koo.jpg\" alt=\"\" class=\"wp-image-52491\" srcset=\"https:\/\/jornalfatosenoticias.com.br\/wp-content\/uploads\/2024\/07\/rede-social-Koo.jpg 1000w, https:\/\/jornalfatosenoticias.com.br\/wp-content\/uploads\/2024\/07\/rede-social-Koo-300x193.jpg 300w, https:\/\/jornalfatosenoticias.com.br\/wp-content\/uploads\/2024\/07\/rede-social-Koo-768x493.jpg 768w\" sizes=\"auto, (max-width: 1000px) 100vw, 1000px\" \/><figcaption><em><span class=\"has-inline-color has-black-color\">Plataforma vinha apresentado dificuldades para expandir base de usu\u00e1rios e gerar renda (Foto: Koo\/Reprpodu\u00e7\u00e3o)<\/span><\/em><\/figcaption><\/figure><\/div>\n\n\n\n<p><span class=\"has-inline-color has-black-color\">Por <strong>Marcos Rocha<\/strong><br><\/span>A rede social Koo, que surgiu como uma concorrente do X e foi alvo de muitas piadas com trocadilhos entre os brasileiros em 2022, vai encerrar suas atividades. Nos \u00faltimos meses, a plataforma enfrentou dificuldades para aumentar sua base de usu\u00e1rios e gerar receita. Os fundadores da rede social, Aprameya Radhakrishna e Mayank Bidawatka, anunciaram em um post no LinkedIn que, apesar das tentativas de parceria com empresas maiores, nenhuma delas deu certo. No X, a empresa tamb\u00e9m fez um post de despedida.<\/p>\n\n\n\n<div class=\"wp-block-image\"><figure class=\"aligncenter size-large is-resized\"><a href=\"https:\/\/hotelmarquetti.com.br\/\"><img loading=\"lazy\" decoding=\"async\" src=\"https:\/\/jornalfatosenoticias.com.br\/wp-content\/uploads\/2023\/03\/nova-logo-Marquetti.jpg\" alt=\"\" class=\"wp-image-40207\" width=\"317\" height=\"213\" srcset=\"https:\/\/jornalfatosenoticias.com.br\/wp-content\/uploads\/2023\/03\/nova-logo-Marquetti.jpg 643w, https:\/\/jornalfatosenoticias.com.br\/wp-content\/uploads\/2023\/03\/nova-logo-Marquetti-300x202.jpg 300w\" sizes=\"auto, (max-width: 317px) 100vw, 317px\" \/><\/a><\/figure><\/div>\n\n\n\n<p>O Koo conseguiu levantar mais de US$ 60 milh\u00f5es (cerca de R$ 333 milh\u00f5es) em investimentos, mas essa quantia n\u00e3o foi suficiente para manter o neg\u00f3cio funcionando. Seria necess\u00e1rio um investimento a longo prazo para que a empresa se tornasse lucrativa, segundo os fundadores. A esperan\u00e7a da plataforma era ser vendida para a startup Dailyhunt, mas a negocia\u00e7\u00e3o fracassou, acabando com as chances da empresa. No Brasil, o youtuber Felipe Neto foi um dos grandes impulsionadores da rede social, promovendo-a e incentivando seus seguidores a criarem contas.<\/p>\n\n\n\n<div class=\"wp-block-image\"><figure class=\"aligncenter size-large\"><a href=\"http:\/\/www.ferrarimaquinas.com.br\/\"><img loading=\"lazy\" decoding=\"async\" width=\"300\" height=\"250\" src=\"https:\/\/jornalfatosenoticias.com.br\/wp-content\/uploads\/2022\/02\/FERRARI_MAQUINAS-E-FERRAMENTAS2.jpg\" alt=\"\" class=\"wp-image-27860\"\/><\/a><\/figure><\/div>\n\n\n\n<p>A empresa se inspirava abertamente no Twitter, tanto no estilo de microblog quanto no seu s\u00edmbolo, que tamb\u00e9m \u00e9 um p\u00e1ssaro, mas amarelo. A plataforma ganhou popularidade na \u00cdndia durante per\u00edodos de tens\u00e3o entre o Twitter e o governo indiano, quando a rede social desafiou pedidos de remo\u00e7\u00e3o de conte\u00fado.<\/p>\n\n\n\n<div class=\"wp-block-image\"><figure class=\"aligncenter size-large is-resized\"><a href=\"https:\/\/www.facebook.com\/vetor.vix\/\"><img loading=\"lazy\" decoding=\"async\" src=\"https:\/\/jornalfatosenoticias.com.br\/wp-content\/uploads\/2023\/09\/vetorvix1024_1.jpg\" alt=\"\" class=\"wp-image-44868\" width=\"550\" height=\"146\" srcset=\"https:\/\/jornalfatosenoticias.com.br\/wp-content\/uploads\/2023\/09\/vetorvix1024_1.jpg 1024w, https:\/\/jornalfatosenoticias.com.br\/wp-content\/uploads\/2023\/09\/vetorvix1024_1-300x80.jpg 300w, https:\/\/jornalfatosenoticias.com.br\/wp-content\/uploads\/2023\/09\/vetorvix1024_1-768x205.jpg 768w\" sizes=\"auto, (max-width: 550px) 100vw, 550px\" \/><\/a><\/figure><\/div>\n\n\n\n<p>O Koo permitia aos usu\u00e1rios se expressarem de maneira similar ao X, com a possibilidade de publicar fotos, GIFs, repostar v\u00eddeos do YouTube, fazer enquetes e gravar \u00e1udios, al\u00e9m de curtir posts, comentar e republicar conte\u00fado de terceiros.<\/p>\n\n\n\n<div class=\"wp-block-image\"><figure class=\"aligncenter size-large\"><a href=\"https:\/\/cesconetto.com.br\/\"><img loading=\"lazy\" decoding=\"async\" width=\"300\" height=\"250\" src=\"https:\/\/jornalfatosenoticias.com.br\/wp-content\/uploads\/2022\/02\/Banner-2.png\" alt=\"\" class=\"wp-image-27877\"\/><\/a><\/figure><\/div>\n\n\n\n<p>No entanto, em 2023, com a queda no n\u00famero de usu\u00e1rios, a empresa indiana tentou um programa de recompensas que oferecia \u201cmoedinhas\u201d para quem acessava o servi\u00e7o, mas n\u00e3o teve sucesso. Ainda na publica\u00e7\u00e3o de despedida, os fundadores do Koo prometeram continuar empreendendo e afirmaram que \u201cvoltar\u00e3o \u00e0 arena de uma forma ou de outra\u201d. <strong>(Fonte: Conex\u00e3o Pol\u00edtica)<\/strong><\/p>\n\n\n\n<div class=\"wp-block-image\"><figure class=\"aligncenter size-large is-resized\"><a href=\"https:\/\/panper.com.br\/\"><img loading=\"lazy\" decoding=\"async\" src=\"https:\/\/jornalfatosenoticias.com.br\/wp-content\/uploads\/2023\/03\/logo-Panper_portal.jpg\" alt=\"\" class=\"wp-image-40208\" width=\"352\" height=\"244\" srcset=\"https:\/\/jornalfatosenoticias.com.br\/wp-content\/uploads\/2023\/03\/logo-Panper_portal.jpg 400w, https:\/\/jornalfatosenoticias.com.br\/wp-content\/uploads\/2023\/03\/logo-Panper_portal-300x208.jpg 300w\" sizes=\"auto, (max-width: 352px) 100vw, 352px\" \/><\/a><\/figure><\/div>\n\n\n\n<hr class=\"wp-block-separator\"\/>\n\n\n\n<h3 class=\"wp-block-heading\"><span class=\"has-inline-color has-black-color\">Biden reconhece que pode n\u00e3o conseguir salvar candidatura, diz New York Times<\/span><\/h3>\n\n\n\n<div class=\"wp-block-image\"><figure class=\"aligncenter size-large\"><img loading=\"lazy\" decoding=\"async\" width=\"612\" height=\"408\" src=\"https:\/\/jornalfatosenoticias.com.br\/wp-content\/uploads\/2024\/07\/Biden_gettyimages.jpg\" alt=\"\" class=\"wp-image-52490\" srcset=\"https:\/\/jornalfatosenoticias.com.br\/wp-content\/uploads\/2024\/07\/Biden_gettyimages.jpg 612w, https:\/\/jornalfatosenoticias.com.br\/wp-content\/uploads\/2024\/07\/Biden_gettyimages-300x200.jpg 300w\" sizes=\"auto, (max-width: 612px) 100vw, 612px\" \/><figcaption><span class=\"has-inline-color has-black-color\"><em>(Foto: Getty Images)<\/em><\/span><\/figcaption><\/figure><\/div>\n\n\n\n<p><span class=\"has-inline-color has-black-color\">Por <strong>Ag\u00eancia EFE<\/strong><br><\/span>O presidente dos EUA, Joe Biden, reconheceu a um aliado que pode n\u00e3o conseguir salvar sua candidatura se n\u00e3o convencer o p\u00fablico nos pr\u00f3ximos dias de que est\u00e1 preparado para o cargo, segundo afirmou, nesta ter\u00e7a-feira (2), o jornal New York Times. At\u00e9 agora, o presidente americano manteve-se publicamente firme na manuten\u00e7\u00e3o de sua campanha de reelei\u00e7\u00e3o para a Casa Branca, apesar das cr\u00edticas do pr\u00f3prio partido ap\u00f3s seu desempenho desastroso no debate da semana passada contra o ex-presidente republicano Donald Trump.<\/p>\n\n\n\n<div class=\"wp-block-image\"><figure class=\"aligncenter size-large is-resized\"><a href=\"https:\/\/www.instagram.com\/rapuzeljastro\/\"><img loading=\"lazy\" decoding=\"async\" src=\"https:\/\/jornalfatosenoticias.com.br\/wp-content\/uploads\/2020\/02\/logo-Rapuzel-1024x571.jpg\" alt=\"\" class=\"wp-image-42808\" width=\"368\" height=\"205\" srcset=\"https:\/\/jornalfatosenoticias.com.br\/wp-content\/uploads\/2020\/02\/logo-Rapuzel-1024x571.jpg 1024w, https:\/\/jornalfatosenoticias.com.br\/wp-content\/uploads\/2020\/02\/logo-Rapuzel-300x167.jpg 300w, https:\/\/jornalfatosenoticias.com.br\/wp-content\/uploads\/2020\/02\/logo-Rapuzel-768x428.jpg 768w, https:\/\/jornalfatosenoticias.com.br\/wp-content\/uploads\/2020\/02\/logo-Rapuzel-1536x856.jpg 1536w, https:\/\/jornalfatosenoticias.com.br\/wp-content\/uploads\/2020\/02\/logo-Rapuzel.jpg 1600w\" sizes=\"auto, (max-width: 368px) 100vw, 368px\" \/><\/a><\/figure><\/div>\n\n\n\n<p>Embora o aliado, cuja identidade n\u00e3o foi revelada pelo jornal, tenha frisado que Biden ainda est\u00e1 \u201cprofundamente imerso\u201d na luta pela reelei\u00e7\u00e3o, tamb\u00e9m ressaltou que o presidente \u201centende que as suas pr\u00f3ximas apari\u00e7\u00f5es na televis\u00e3o e em eventos p\u00fablicos t\u00eam de correr bem\u201d. Nos pr\u00f3ximos dias, est\u00e1 prevista uma entrevista com George Stephanopoulos, da emissora ABC, e tamb\u00e9m com\u00edcios na Pensilv\u00e2nia e no Wisconsin, dois dos estados-chave para definir o vencedor das elei\u00e7\u00f5es de 5 de novembro.<\/p>\n\n\n\n<div class=\"wp-block-image\"><figure class=\"aligncenter size-large is-resized\"><img loading=\"lazy\" decoding=\"async\" src=\"https:\/\/jornalfatosenoticias.com.br\/wp-content\/uploads\/2022\/02\/Precisao-Contabilidade-1024x724.jpg\" alt=\"\" class=\"wp-image-28088\" width=\"324\" height=\"229\"\/><\/figure><\/div>\n\n\n\n<p>Segundo o New York Times, a fonte falou sob condi\u00e7\u00e3o de anonimato para discutir \u201cuma situa\u00e7\u00e3o delicada\u201d e, como destacou o jornal, \u00e9 o primeiro ind\u00edcio que se torna p\u00fablico de que o presidente est\u00e1 considerando seriamente se poder\u00e1 se recuperar depois de um desempenho desastroso no palco do debate em Atlanta. Um conselheiro s\u00eanior de Biden, que tamb\u00e9m falou sob condi\u00e7\u00e3o de anonimato, disse que o presidente est\u00e1 \u201cbem consciente do desafio pol\u00edtico que enfrenta\u201d.<\/p>\n\n\n\n<div class=\"wp-block-image\"><figure class=\"aligncenter size-large is-resized\"><a href=\"https:\/\/www.controlsystems.com.br\/\"><img loading=\"lazy\" decoding=\"async\" src=\"https:\/\/jornalfatosenoticias.com.br\/wp-content\/uploads\/2020\/02\/CONTROL-CS.jpg\" alt=\"\" class=\"wp-image-44991\" width=\"293\" height=\"351\" srcset=\"https:\/\/jornalfatosenoticias.com.br\/wp-content\/uploads\/2020\/02\/CONTROL-CS.jpg 834w, https:\/\/jornalfatosenoticias.com.br\/wp-content\/uploads\/2020\/02\/CONTROL-CS-250x300.jpg 250w, https:\/\/jornalfatosenoticias.com.br\/wp-content\/uploads\/2020\/02\/CONTROL-CS-768x921.jpg 768w\" sizes=\"auto, (max-width: 293px) 100vw, 293px\" \/><\/a><\/figure><\/div>\n\n\n\n<p>O mandat\u00e1rio tem sido duramente criticado por sua atua\u00e7\u00e3o no debate em que projetou uma imagem envelhecida, com voz rouca e dificuldade para concluir algumas de suas frases, aumentando as d\u00favidas entre eleitores e membros do Partido Democrata sobre sua capacidade de continuar governando e enfrentar Trump nas elei\u00e7\u00f5es de novembro.<\/p>\n\n\n\n<div class=\"wp-block-image\"><figure class=\"aligncenter size-large\"><a href=\"https:\/\/www.facebook.com\/Esteio-Churrascaria-Barbecue-103643461220402\/\"><img decoding=\"async\" src=\"https:\/\/jornalfatosenoticias.com.br\/wp-content\/uploads\/2020\/02\/logo_esteio.jpg\" alt=\"\" class=\"wp-image-1214\"\/><\/a><\/figure><\/div>\n\n\n\n<p>O presidente, de 81 anos, reconheceu nesta ter\u00e7a que \u201cquase adormeceu\u201d durante o confronto com Trump e atribuiu seu cansa\u00e7o \u00e0s viagens que tinha feito poucos dias antes \u00e0 It\u00e1lia, para a c\u00fapula do G7, e \u00e0 Fran\u00e7a, para o 80\u00ba anivers\u00e1rio do Dia D da II Guerra Mundial. <strong>(Fonte: Gazeta do Povo)<\/strong><\/p>\n\n\n\n<div class=\"wp-block-image\"><figure class=\"aligncenter size-large\"><a href=\"https:\/\/mizu.com.br\/\"><img loading=\"lazy\" decoding=\"async\" width=\"729\" height=\"90\" src=\"https:\/\/jornalfatosenoticias.com.br\/wp-content\/uploads\/2020\/02\/Logo_Mizu.png\" alt=\"\" class=\"wp-image-1441\" srcset=\"https:\/\/jornalfatosenoticias.com.br\/wp-content\/uploads\/2020\/02\/Logo_Mizu.png 729w, https:\/\/jornalfatosenoticias.com.br\/wp-content\/uploads\/2020\/02\/Logo_Mizu-300x37.png 300w\" sizes=\"auto, (max-width: 729px) 100vw, 729px\" \/><\/a><\/figure><\/div>\n\n\n\n<hr class=\"wp-block-separator\"\/>\n\n\n\n<h3 class=\"wp-block-heading\"><span class=\"has-inline-color has-black-color\">Putin quer explorar l\u00edtio e concluir instala\u00e7\u00e3o de um centro de pesquisa nuclear na Bol\u00edvia<\/span><\/h3>\n\n\n\n<div class=\"wp-block-image\"><figure class=\"aligncenter size-large\"><img loading=\"lazy\" decoding=\"async\" width=\"612\" height=\"429\" src=\"https:\/\/jornalfatosenoticias.com.br\/wp-content\/uploads\/2024\/07\/Vladimir-Putin-e-o-presidente-da-BolIvia-Luis-Arce_gettyimages.jpg\" alt=\"\" class=\"wp-image-52489\" srcset=\"https:\/\/jornalfatosenoticias.com.br\/wp-content\/uploads\/2024\/07\/Vladimir-Putin-e-o-presidente-da-BolIvia-Luis-Arce_gettyimages.jpg 612w, https:\/\/jornalfatosenoticias.com.br\/wp-content\/uploads\/2024\/07\/Vladimir-Putin-e-o-presidente-da-BolIvia-Luis-Arce_gettyimages-300x210.jpg 300w\" sizes=\"auto, (max-width: 612px) 100vw, 612px\" \/><figcaption><em><span class=\"has-inline-color has-black-color\">O ditador da R\u00fassia, Vladimir Putin, e o presidente da Bol\u00edvia, Luis Arce, durante encontro em junh<\/span><\/em>o <em><span class=\"has-inline-color has-black-color\">(Foto: Getty Images)<\/span><\/em><\/figcaption><\/figure><\/div>\n\n\n\n<p><span class=\"has-inline-color has-black-color\">Por <strong>John Lucas<\/strong><\/span><br>No come\u00e7o do m\u00eas passado, o presidente da Bol\u00edvia, Luis Arce, que recentemente enfrentou problemas s\u00e9rios em seu pa\u00eds, incluindo uma suposta tentativa de golpe de estado, cujos respons\u00e1veis est\u00e3o sendo investigados, encontrou-se com o ditador da R\u00fassia, Vladimir Putin, em S\u00e3o Petersburgo, durante uma reuni\u00e3o que prometeu mais do que simples cortesias diplom\u00e1ticas.<\/p>\n\n\n\n<div class=\"wp-block-image\"><figure class=\"aligncenter size-large is-resized\"><a href=\"https:\/\/www.facebook.com\/postobkr\/?locale=pt_BR\"><img loading=\"lazy\" decoding=\"async\" src=\"https:\/\/jornalfatosenoticias.com.br\/wp-content\/uploads\/2023\/08\/BKR-1024x1021.jpg\" alt=\"\" class=\"wp-image-44494\" width=\"299\" height=\"298\" srcset=\"https:\/\/jornalfatosenoticias.com.br\/wp-content\/uploads\/2023\/08\/BKR-1024x1021.jpg 1024w, https:\/\/jornalfatosenoticias.com.br\/wp-content\/uploads\/2023\/08\/BKR-300x300.jpg 300w, https:\/\/jornalfatosenoticias.com.br\/wp-content\/uploads\/2023\/08\/BKR-150x150.jpg 150w, https:\/\/jornalfatosenoticias.com.br\/wp-content\/uploads\/2023\/08\/BKR-768x766.jpg 768w, https:\/\/jornalfatosenoticias.com.br\/wp-content\/uploads\/2023\/08\/BKR.jpg 1080w\" sizes=\"auto, (max-width: 299px) 100vw, 299px\" \/><\/a><\/figure><\/div>\n\n\n\n<p>Durante a conversa entre os dois l\u00edderes, que ocorreu no Pal\u00e1cio de Constantino, houve um claro direcionamento para fortalecer os la\u00e7os bilaterais, com \u00eanfase na explora\u00e7\u00e3o das vastas reservas de l\u00edtio da Bol\u00edvia pela R\u00fassia. Al\u00e9m disso, ambos os pa\u00edses destacaram a import\u00e2ncia de concluir a constru\u00e7\u00e3o do centro de pesquisa nuclear em El Alto, um projeto ambicioso que est\u00e1 em marcha na Bol\u00edvia pelas m\u00e3os da gigante estatal russa Rosatom.<\/p>\n\n\n\n<div class=\"wp-block-image\"><figure class=\"aligncenter size-large\"><a href=\"https:\/\/www.instagram.com\/baraodascarnes.es\/\"><img decoding=\"async\" src=\"https:\/\/jornalfatosenoticias.com.br\/wp-content\/uploads\/2020\/02\/barao-das-carnes-300x164-1.jpg\" alt=\"\" class=\"wp-image-34339\"\/><\/a><\/figure><\/div>\n\n\n\n<p>No encontro, Arce, que atualmente tamb\u00e9m enfrenta uma disputa pol\u00edtica interna com Evo Morales, destacou o interesse da Bol\u00edvia em &#8220;ampliar sua coopera\u00e7\u00e3o&#8221; com a R\u00fassia. Putin, por sua vez, reconheceu que o volume de com\u00e9rcio entre R\u00fassia e Bol\u00edvia atualmente ainda \u00e9 pequeno, mas expressou otimismo em rela\u00e7\u00e3o ao potencial de crescimento dessa rela\u00e7\u00e3o bilateral.<\/p>\n\n\n\n<div class=\"wp-block-image\"><figure class=\"aligncenter size-large is-resized\"><a href=\"https:\/\/www.instagram.com\/restaurantepegoretti\/\"><img loading=\"lazy\" decoding=\"async\" src=\"https:\/\/jornalfatosenoticias.com.br\/wp-content\/uploads\/2023\/12\/pegoretti-logo-pdf-1024x389.jpg\" alt=\"\" class=\"wp-image-47536\" width=\"451\" height=\"171\" srcset=\"https:\/\/jornalfatosenoticias.com.br\/wp-content\/uploads\/2023\/12\/pegoretti-logo-pdf-1024x389.jpg 1024w, https:\/\/jornalfatosenoticias.com.br\/wp-content\/uploads\/2023\/12\/pegoretti-logo-pdf-300x114.jpg 300w, https:\/\/jornalfatosenoticias.com.br\/wp-content\/uploads\/2023\/12\/pegoretti-logo-pdf-768x291.jpg 768w, https:\/\/jornalfatosenoticias.com.br\/wp-content\/uploads\/2023\/12\/pegoretti-logo-pdf.jpg 1120w\" sizes=\"auto, (max-width: 451px) 100vw, 451px\" \/><\/a><\/figure><\/div>\n\n\n\n<p>A Bol\u00edvia possui uma das maiores reservas de l\u00edtio do mundo, estimadas em 23 milh\u00f5es de toneladas, o que representa uma oportunidade estrat\u00e9gica significativa para ambos os pa\u00edses. No ano passado, os bolivianos assinaram um acordo de mais de US$ 400 milh\u00f5es com a Uranium One Group, uma empresa que pertence \u00e0 Rosatom. Por meio deste acordo, a empresa russa obteve autoriza\u00e7\u00e3o para explorar o l\u00edtio boliviano na regi\u00e3o de Salar de Uyuni, localizada no sudoeste do pa\u00eds sul-americano.<\/p>\n\n\n\n<div class=\"wp-block-image\"><figure class=\"aligncenter size-large is-resized\"><a href=\"https:\/\/cesconetto.com.br\/\"><img loading=\"lazy\" decoding=\"async\" src=\"https:\/\/jornalfatosenoticias.com.br\/wp-content\/uploads\/2020\/02\/Banner-2.png\" alt=\"\" class=\"wp-image-43787\" width=\"300\" height=\"250\"\/><\/a><\/figure><\/div>\n\n\n\n<p>A Uranium One Group j\u00e1 est\u00e1 projetando a constru\u00e7\u00e3o de uma planta industrial no local. Segundo Arce, essa instala\u00e7\u00e3o come\u00e7ar\u00e1 a funcionar a partir de 2025. Conforme informa\u00e7\u00f5es, a planta industrial passar\u00e1 por tr\u00eas fases de implementa\u00e7\u00e3o. Inicialmente, ela dever\u00e1 produzir at\u00e9 1.000 toneladas de carbonato de l\u00edtio por ano, avan\u00e7ando gradualmente at\u00e9 alcan\u00e7ar 14.000 toneladas por ano na fase final.<\/p>\n\n\n\n<div class=\"wp-block-image\"><figure class=\"aligncenter size-large is-resized\"><a href=\"https:\/\/www.ithbrasil.com.br\/\"><img loading=\"lazy\" decoding=\"async\" src=\"https:\/\/jornalfatosenoticias.com.br\/wp-content\/uploads\/2023\/08\/ITH.jpeg\" alt=\"\" class=\"wp-image-44638\" width=\"284\" height=\"231\" srcset=\"https:\/\/jornalfatosenoticias.com.br\/wp-content\/uploads\/2023\/08\/ITH.jpeg 800w, https:\/\/jornalfatosenoticias.com.br\/wp-content\/uploads\/2023\/08\/ITH-300x244.jpeg 300w, https:\/\/jornalfatosenoticias.com.br\/wp-content\/uploads\/2023\/08\/ITH-768x624.jpeg 768w\" sizes=\"auto, (max-width: 284px) 100vw, 284px\" \/><\/a><\/figure><\/div>\n\n\n\n<p>Al\u00e9m da quest\u00e3o do l\u00edtio, Arce e Putin discutiram ainda a conclus\u00e3o do Centro de Pesquisa e Desenvolvimento em Tecnologia Nuclear que est\u00e1 sendo constru\u00eddo na cidade de El Alto, localizada no departamento de La Paz. Este projeto est\u00e1 em marcha desde 2018, tamb\u00e9m sob supervis\u00e3o da empresa russa Rosatom.<\/p>\n\n\n\n<div class=\"wp-block-image\"><figure class=\"aligncenter size-large is-resized\"><a href=\"https:\/\/hotelmarquetti.com.br\/\"><img loading=\"lazy\" decoding=\"async\" src=\"https:\/\/jornalfatosenoticias.com.br\/wp-content\/uploads\/2023\/03\/nova-logo-Marquetti.jpg\" alt=\"\" class=\"wp-image-40207\" width=\"322\" height=\"216\" srcset=\"https:\/\/jornalfatosenoticias.com.br\/wp-content\/uploads\/2023\/03\/nova-logo-Marquetti.jpg 643w, https:\/\/jornalfatosenoticias.com.br\/wp-content\/uploads\/2023\/03\/nova-logo-Marquetti-300x202.jpg 300w\" sizes=\"auto, (max-width: 322px) 100vw, 322px\" \/><\/a><\/figure><\/div>\n\n\n\n<p>A instala\u00e7\u00e3o, que contar\u00e1 com um reator nuclear, est\u00e1 prevista para entrar em opera\u00e7\u00e3o em meados de 2025, conforme afirmou Arce, que destacou tamb\u00e9m no encontro com Putin a import\u00e2ncia do projeto, considerado por ele como \u201cvital\u201d para a \u201csoberania tecnol\u00f3gica\u201d da Bol\u00edvia.<\/p>\n\n\n\n<div class=\"wp-block-image\"><figure class=\"aligncenter size-large\"><a href=\"http:\/\/www.ferrarimaquinas.com.br\/\"><img loading=\"lazy\" decoding=\"async\" width=\"300\" height=\"250\" src=\"https:\/\/jornalfatosenoticias.com.br\/wp-content\/uploads\/2022\/02\/FERRARI_MAQUINAS-E-FERRAMENTAS2.jpg\" alt=\"\" class=\"wp-image-27860\"\/><\/a><\/figure><\/div>\n\n\n\n<p>Segundo a Rosatom, o centro est\u00e1 sendo constru\u00eddo por fases. A empresa disse em seu site que as duas primeiras fases dele j\u00e1 foram completadas. Elas incluem um departamento de medicina nuclear e radioterapia, inaugurado em 2022, e um centro de irradia\u00e7\u00e3o para melhoramento de sementes e controle de pragas, iniciado no ano passado. A terceira fase, a mais complexa, envolve o reator nuclear e dever\u00e1 ser conclu\u00edda at\u00e9 o come\u00e7o do ano que vem. &#8220;Esta \u00e9 a mais delicada e mais longa&#8221;, afirmou Arce sobre essa fase.<\/p>\n\n\n\n<div class=\"wp-block-image\"><figure class=\"aligncenter size-large\"><a href=\"https:\/\/www.facebook.com\/Esteio-Churrascaria-Barbecue-103643461220402\/\"><img decoding=\"async\" src=\"https:\/\/jornalfatosenoticias.com.br\/wp-content\/uploads\/2020\/02\/logo_esteio.jpg\" alt=\"\" class=\"wp-image-1214\"\/><\/a><\/figure><\/div>\n\n\n\n<p>Al\u00e9m dos projetos envolvendo a explora\u00e7\u00e3o de l\u00edtio e do centro nuclear, o encontro entre Arce e Putin tamb\u00e9m abordou a importa\u00e7\u00e3o de combust\u00edveis, como diesel, para a Bol\u00edvia, j\u00e1 que o pa\u00eds enfrenta neste momento uma queda na produ\u00e7\u00e3o nacional de hidrocarbonetos.<\/p>\n\n\n\n<div class=\"wp-block-image\"><figure class=\"aligncenter size-large\"><a href=\"https:\/\/www.instagram.com\/baraodascarnes.es\/\"><img decoding=\"async\" src=\"https:\/\/jornalfatosenoticias.com.br\/wp-content\/uploads\/2020\/02\/barao-das-carnes-300x164-1.jpg\" alt=\"\" class=\"wp-image-34339\"\/><\/a><\/figure><\/div>\n\n\n\n<p>Arce tamb\u00e9m destacou os acordos no setor da educa\u00e7\u00e3o que foram firmados com a Universidade de S\u00e3o Petersburgo. Tais acordos incluem a promo\u00e7\u00e3o de bolsas de estudos para os jovens bolivianos e tamb\u00e9m o envio de professores da universidade para ensinar o idioma russo no pa\u00eds. H\u00e1 tamb\u00e9m planos para expandir a base comercial da Bol\u00edvia no mercado russo, com a exporta\u00e7\u00e3o de produtos como caf\u00e9, palmito e chocolate.<\/p>\n\n\n\n<div class=\"wp-block-image\"><figure class=\"aligncenter size-large is-resized\"><a href=\"https:\/\/panper.com.br\/\"><img loading=\"lazy\" decoding=\"async\" src=\"https:\/\/jornalfatosenoticias.com.br\/wp-content\/uploads\/2023\/03\/logo-Panper_portal.jpg\" alt=\"\" class=\"wp-image-40208\" width=\"331\" height=\"229\" srcset=\"https:\/\/jornalfatosenoticias.com.br\/wp-content\/uploads\/2023\/03\/logo-Panper_portal.jpg 400w, https:\/\/jornalfatosenoticias.com.br\/wp-content\/uploads\/2023\/03\/logo-Panper_portal-300x208.jpg 300w\" sizes=\"auto, (max-width: 331px) 100vw, 331px\" \/><\/a><\/figure><\/div>\n\n\n\n<p><strong><span class=\"has-inline-color has-black-color\">Influ\u00eancia russa<br><\/span><\/strong>Os acordos firmados entre Moscou e La paz podem simbolizar uma nova era de coopera\u00e7\u00e3o entre a Bol\u00edvia e a R\u00fassia, que s\u00e3o observados com cautela pelos Estados Unidos, j\u00e1 que ela ocorre em um contexto de amplia\u00e7\u00e3o das rela\u00e7\u00f5es internacionais do pa\u00eds sul-americano com o chamado \u201cEixo do Mal\u201d.<\/p>\n\n\n\n<div class=\"wp-block-image\"><figure class=\"aligncenter size-large is-resized\"><a href=\"https:\/\/www.instagram.com\/rapuzeljastro\/\"><img loading=\"lazy\" decoding=\"async\" src=\"https:\/\/jornalfatosenoticias.com.br\/wp-content\/uploads\/2020\/02\/logo-Rapuzel-1024x571.jpg\" alt=\"\" class=\"wp-image-42808\" width=\"376\" height=\"209\" srcset=\"https:\/\/jornalfatosenoticias.com.br\/wp-content\/uploads\/2020\/02\/logo-Rapuzel-1024x571.jpg 1024w, https:\/\/jornalfatosenoticias.com.br\/wp-content\/uploads\/2020\/02\/logo-Rapuzel-300x167.jpg 300w, https:\/\/jornalfatosenoticias.com.br\/wp-content\/uploads\/2020\/02\/logo-Rapuzel-768x428.jpg 768w, https:\/\/jornalfatosenoticias.com.br\/wp-content\/uploads\/2020\/02\/logo-Rapuzel-1536x856.jpg 1536w, https:\/\/jornalfatosenoticias.com.br\/wp-content\/uploads\/2020\/02\/logo-Rapuzel.jpg 1600w\" sizes=\"auto, (max-width: 376px) 100vw, 376px\" \/><\/a><\/figure><\/div>\n\n\n\n<p>A Bol\u00edvia tamb\u00e9m vem estreitando nos \u00faltimos anos seus la\u00e7os com a China comunista e o regime isl\u00e2mico do Ir\u00e3. Em abril deste ano, a ministra das Rela\u00e7\u00f5es Exteriores da Bol\u00edvia, Celinda Sosa, visitou a China para fortalecer a coopera\u00e7\u00e3o bilateral em \u00e1reas como turismo, tecnologia e energia. Os chineses tamb\u00e9m tem um forte interesse pelas reservas de l\u00edtio do pa\u00eds.<\/p>\n\n\n\n<div class=\"wp-block-image\"><figure class=\"aligncenter size-large is-resized\"><img loading=\"lazy\" decoding=\"async\" src=\"https:\/\/jornalfatosenoticias.com.br\/wp-content\/uploads\/2022\/02\/Precisao-Contabilidade-1024x724.jpg\" alt=\"\" class=\"wp-image-28088\" width=\"326\" height=\"230\"\/><\/figure><\/div>\n\n\n\n<p>Al\u00e9m disso, La Paz tamb\u00e9m j\u00e1 firmou no ano passado acordos com Teer\u00e3 nas \u00e1reas de defesa e seguran\u00e7a, com os bolivianos demonstrando forte interesse em adquirir drones fabricados no Ir\u00e3. Tal acordo gerou preocupa\u00e7\u00f5es entre os vizinhos latino-americanos e tamb\u00e9m nos EUA.<\/p>\n\n\n\n<div class=\"wp-block-image\"><figure class=\"aligncenter size-large is-resized\"><a href=\"https:\/\/www.facebook.com\/postobkr\/?locale=pt_BR\"><img loading=\"lazy\" decoding=\"async\" src=\"https:\/\/jornalfatosenoticias.com.br\/wp-content\/uploads\/2023\/08\/BKR-1024x1021.jpg\" alt=\"\" class=\"wp-image-44494\" width=\"322\" height=\"321\" srcset=\"https:\/\/jornalfatosenoticias.com.br\/wp-content\/uploads\/2023\/08\/BKR-1024x1021.jpg 1024w, https:\/\/jornalfatosenoticias.com.br\/wp-content\/uploads\/2023\/08\/BKR-300x300.jpg 300w, https:\/\/jornalfatosenoticias.com.br\/wp-content\/uploads\/2023\/08\/BKR-150x150.jpg 150w, https:\/\/jornalfatosenoticias.com.br\/wp-content\/uploads\/2023\/08\/BKR-768x766.jpg 768w, https:\/\/jornalfatosenoticias.com.br\/wp-content\/uploads\/2023\/08\/BKR.jpg 1080w\" sizes=\"auto, (max-width: 322px) 100vw, 322px\" \/><\/a><\/figure><\/div>\n\n\n\n<p>A afinidade pol\u00edtica entre a Bol\u00edvia e a R\u00fassia j\u00e1 estava se refletindo na postura do pa\u00eds sul-americano em \u00f3rg\u00e3os internacionais, como as Na\u00e7\u00f5es Unidas, onde a Bol\u00edvia sempre se absteve de votar nas resolu\u00e7\u00f5es que condenavam a invas\u00e3o russa na Ucr\u00e2nia.<\/p>\n\n\n\n<div class=\"wp-block-image\"><figure class=\"aligncenter size-large\"><a href=\"https:\/\/mizu.com.br\/\"><img loading=\"lazy\" decoding=\"async\" width=\"729\" height=\"90\" src=\"https:\/\/jornalfatosenoticias.com.br\/wp-content\/uploads\/2020\/02\/Logo_Mizu.png\" alt=\"\" class=\"wp-image-1441\" srcset=\"https:\/\/jornalfatosenoticias.com.br\/wp-content\/uploads\/2020\/02\/Logo_Mizu.png 729w, https:\/\/jornalfatosenoticias.com.br\/wp-content\/uploads\/2020\/02\/Logo_Mizu-300x37.png 300w\" sizes=\"auto, (max-width: 729px) 100vw, 729px\" \/><\/a><\/figure><\/div>\n\n\n\n<p>Segundo analistas, com esses acordos, Putin busca n\u00e3o apenas fortalecer a presen\u00e7a russa na Am\u00e9rica Latina, mas tamb\u00e9m assegurar recursos que atualmente s\u00e3o considerados como vitais para o futuro, como o l\u00edtio, uma mat\u00e9ria-prima essencial para a ind\u00fastria de baterias e tecnologia de ponta. <strong>(Fonte: Gazeta do Povo)<\/strong><\/p>\n\n\n\n<div class=\"wp-block-image\"><figure class=\"aligncenter size-large is-resized\"><a href=\"https:\/\/www.controlsystems.com.br\/\"><img loading=\"lazy\" decoding=\"async\" src=\"https:\/\/jornalfatosenoticias.com.br\/wp-content\/uploads\/2020\/02\/CONTROL-CS.jpg\" alt=\"\" class=\"wp-image-44991\" width=\"297\" height=\"355\" srcset=\"https:\/\/jornalfatosenoticias.com.br\/wp-content\/uploads\/2020\/02\/CONTROL-CS.jpg 834w, https:\/\/jornalfatosenoticias.com.br\/wp-content\/uploads\/2020\/02\/CONTROL-CS-250x300.jpg 250w, https:\/\/jornalfatosenoticias.com.br\/wp-content\/uploads\/2020\/02\/CONTROL-CS-768x921.jpg 768w\" sizes=\"auto, (max-width: 297px) 100vw, 297px\" \/><\/a><\/figure><\/div>\n\n\n\n<hr class=\"wp-block-separator\"\/>\n\n\n\n<h3 class=\"wp-block-heading\"><span class=\"has-inline-color has-black-color\">Evento \u201cGilmarpalooza\u201d \u00e9 duramente criticado por imprensa europeia<\/span><\/h3>\n\n\n\n<div class=\"wp-block-image\"><figure class=\"aligncenter size-large\"><img loading=\"lazy\" decoding=\"async\" width=\"848\" height=\"477\" src=\"https:\/\/jornalfatosenoticias.com.br\/wp-content\/uploads\/2024\/07\/Gilmarpalooza-2024.png\" alt=\"\" class=\"wp-image-52488\" srcset=\"https:\/\/jornalfatosenoticias.com.br\/wp-content\/uploads\/2024\/07\/Gilmarpalooza-2024.png 848w, https:\/\/jornalfatosenoticias.com.br\/wp-content\/uploads\/2024\/07\/Gilmarpalooza-2024-300x169.png 300w, https:\/\/jornalfatosenoticias.com.br\/wp-content\/uploads\/2024\/07\/Gilmarpalooza-2024-768x432.png 768w\" sizes=\"auto, (max-width: 848px) 100vw, 848px\" \/><figcaption><em><span class=\"has-inline-color has-black-color\">(Foto: Poder360)<\/span><\/em><\/figcaption><\/figure><\/div>\n\n\n\n<p>No cora\u00e7\u00e3o de Portugal, um evento chamado F\u00f3rum de Lisboa, ou como foi satiricamente apelidado, \u201cGilmarpalooza\u201d, despertou uma s\u00e9rie de cr\u00edticas e acusa\u00e7\u00f5es. Organizado pelo ministro Gilmar Mendes, do Supremo Tribunal Federal (STF), o evento reuniu figuras de destaque e empres\u00e1rios com pend\u00eancias no STF, levantando suspeitas de conflito de interesses e promiscuidade.<\/p>\n\n\n\n<div class=\"wp-block-image\"><figure class=\"aligncenter size-large is-resized\"><a href=\"https:\/\/www.facebook.com\/vetor.vix\/\"><img loading=\"lazy\" decoding=\"async\" src=\"https:\/\/jornalfatosenoticias.com.br\/wp-content\/uploads\/2023\/09\/vetorvix1024_1.jpg\" alt=\"\" class=\"wp-image-44868\" width=\"561\" height=\"149\" srcset=\"https:\/\/jornalfatosenoticias.com.br\/wp-content\/uploads\/2023\/09\/vetorvix1024_1.jpg 1024w, https:\/\/jornalfatosenoticias.com.br\/wp-content\/uploads\/2023\/09\/vetorvix1024_1-300x80.jpg 300w, https:\/\/jornalfatosenoticias.com.br\/wp-content\/uploads\/2023\/09\/vetorvix1024_1-768x205.jpg 768w\" sizes=\"auto, (max-width: 561px) 100vw, 561px\" \/><\/a><\/figure><\/div>\n\n\n\n<p>O jornalista Jo\u00e3o Paulo Batalha, em uma publica\u00e7\u00e3o feita pela revista S\u00e1bado, n\u00e3o poupou palavras ao classificar o encontro como, no m\u00ednimo, impr\u00f3prio. Segundo ele, a iniciativa viola deveres b\u00e1sicos de reserva e recato esperados de uma figura p\u00fablica de tal magnitude, expondo-se a evidentes conflitos de interesse.<\/p>\n\n\n\n<div class=\"wp-block-image\"><figure class=\"aligncenter size-large is-resized\"><a href=\"https:\/\/www.facebook.com\/Esteio-Churrascaria-Barbecue-103643461220402\/\"><img loading=\"lazy\" decoding=\"async\" src=\"https:\/\/jornalfatosenoticias.com.br\/wp-content\/uploads\/2020\/02\/logo_esteio.jpg\" alt=\"\" class=\"wp-image-1214\" width=\"300\" height=\"250\"\/><\/a><\/figure><\/div>\n\n\n\n<p>A cr\u00edtica mais contundente de Batalha est\u00e1 na escolha dos convidados. Dentre eles, figuravam empres\u00e1rios diretamente envolvidos em processos judiciais no Brasil. Essa situa\u00e7\u00e3o cria uma apar\u00eancia distorcida, como se o evento fosse uma plataforma para negocia\u00e7\u00f5es obscuras, longe dos olhos do p\u00fablico brasileiro.<\/p>\n\n\n\n<div class=\"wp-block-image\"><figure class=\"aligncenter size-large\"><a href=\"https:\/\/www.instagram.com\/baraodascarnes.es\/\"><img decoding=\"async\" src=\"https:\/\/jornalfatosenoticias.com.br\/wp-content\/uploads\/2020\/02\/barao-das-carnes-300x164-1.jpg\" alt=\"\" class=\"wp-image-34339\"\/><\/a><\/figure><\/div>\n\n\n\n<p>De acordo com as an\u00e1lises, n\u00e3o apenas a sele\u00e7\u00e3o de convidados foi question\u00e1vel, mas a pr\u00f3pria estrutura e apresenta\u00e7\u00e3o do evento pareciam encobrir inten\u00e7\u00f5es menos nobres. O termo \u201ctransum\u00e2ncia de l\u00f3bis\u201d, utilizado por Batalha, ilustra a migra\u00e7\u00e3o de influ\u00eancias empresariais brasileiras para Lisboa, numa tentativa de reconfigurar e consolidar poderes longe das restri\u00e7\u00f5es e vigil\u00e2ncias habituais.<\/p>\n\n\n\n<div class=\"wp-block-image\"><figure class=\"aligncenter size-large is-resized\"><a href=\"https:\/\/www.ithbrasil.com.br\/\"><img loading=\"lazy\" decoding=\"async\" src=\"https:\/\/jornalfatosenoticias.com.br\/wp-content\/uploads\/2023\/08\/ITH.jpeg\" alt=\"\" class=\"wp-image-44638\" width=\"302\" height=\"245\" srcset=\"https:\/\/jornalfatosenoticias.com.br\/wp-content\/uploads\/2023\/08\/ITH.jpeg 800w, https:\/\/jornalfatosenoticias.com.br\/wp-content\/uploads\/2023\/08\/ITH-300x244.jpeg 300w, https:\/\/jornalfatosenoticias.com.br\/wp-content\/uploads\/2023\/08\/ITH-768x624.jpeg 768w\" sizes=\"auto, (max-width: 302px) 100vw, 302px\" \/><\/a><\/figure><\/div>\n\n\n\n<p>O F\u00f3rum de Lisboa pode ter causado mais um arranh\u00e3o na imagem de Gilmar Mendes perante a opini\u00e3o p\u00fablica. Eventos como este, envoltos em cr\u00edticas e suspeitas, contribuem para uma percep\u00e7\u00e3o de que as fronteiras entre o p\u00fablico e o privado est\u00e3o sendo, n\u00e3o apenas cruzadas, mas ignoradas por figuras de autoridade.<\/p>\n\n\n\n<div class=\"wp-block-image\"><figure class=\"aligncenter size-large is-resized\"><a href=\"https:\/\/hotelmarquetti.com.br\/\"><img loading=\"lazy\" decoding=\"async\" src=\"https:\/\/jornalfatosenoticias.com.br\/wp-content\/uploads\/2023\/03\/nova-logo-Marquetti.jpg\" alt=\"\" class=\"wp-image-40207\" width=\"355\" height=\"238\" srcset=\"https:\/\/jornalfatosenoticias.com.br\/wp-content\/uploads\/2023\/03\/nova-logo-Marquetti.jpg 643w, https:\/\/jornalfatosenoticias.com.br\/wp-content\/uploads\/2023\/03\/nova-logo-Marquetti-300x202.jpg 300w\" sizes=\"auto, (max-width: 355px) 100vw, 355px\" \/><\/a><\/figure><\/div>\n\n\n\n<p>\u00c9 prov\u00e1vel que o F\u00f3rum de Lisboa e as cr\u00edticas vinculadas a ele incitem tanto repercuss\u00f5es judiciais quanto mudan\u00e7as nas normativas sobre como membros do judici\u00e1rio brasileiro devem se comportar em eventos p\u00fablicos. A opini\u00e3o p\u00fablica, cada vez mais vigilante, possivelmente exigir\u00e1 transpar\u00eancia e adequa\u00e7\u00e3o estrita \u00e0s normas \u00e9ticas e legais.<\/p>\n\n\n\n<div class=\"wp-block-image\"><figure class=\"aligncenter size-large is-resized\"><img loading=\"lazy\" decoding=\"async\" src=\"https:\/\/jornalfatosenoticias.com.br\/wp-content\/uploads\/2022\/02\/Precisao-Contabilidade-1024x724.jpg\" alt=\"\" class=\"wp-image-28088\" width=\"304\" height=\"215\"\/><\/figure><\/div>\n\n\n\n<p>Concluindo, o F\u00f3rum de Lisboa ressaltou n\u00e3o apenas a globaliza\u00e7\u00e3o das influ\u00eancias pol\u00edticas e empresariais brasileiras, mas tamb\u00e9m a cr\u00edtica urgente sobre a necessidade de maior integridade e transpar\u00eancia nas atividades de figuras p\u00fablicas. O impacto deste evento na carreira de Gilmar Mendes e na percep\u00e7\u00e3o do STF pelo p\u00fablico ainda est\u00e1 por ser determinado, mas \u00e9 indiscut\u00edvel que as repercuss\u00f5es dessa \u201cfesta\u201d ser\u00e3o sentidas por um bom tempo. <strong>(Fonte: Terra Brasil Not\u00edcias)<\/strong><\/p>\n\n\n\n<div class=\"wp-block-image\"><figure class=\"aligncenter size-large is-resized\"><a href=\"https:\/\/www.instagram.com\/restaurantepegoretti\/\"><img loading=\"lazy\" decoding=\"async\" src=\"https:\/\/jornalfatosenoticias.com.br\/wp-content\/uploads\/2023\/12\/pegoretti-logo-pdf-1024x389.jpg\" alt=\"\" class=\"wp-image-47536\" width=\"475\" height=\"180\" srcset=\"https:\/\/jornalfatosenoticias.com.br\/wp-content\/uploads\/2023\/12\/pegoretti-logo-pdf-1024x389.jpg 1024w, https:\/\/jornalfatosenoticias.com.br\/wp-content\/uploads\/2023\/12\/pegoretti-logo-pdf-300x114.jpg 300w, https:\/\/jornalfatosenoticias.com.br\/wp-content\/uploads\/2023\/12\/pegoretti-logo-pdf-768x291.jpg 768w, https:\/\/jornalfatosenoticias.com.br\/wp-content\/uploads\/2023\/12\/pegoretti-logo-pdf.jpg 1120w\" sizes=\"auto, (max-width: 475px) 100vw, 475px\" \/><\/a><\/figure><\/div>\n\n\n\n<hr class=\"wp-block-separator\"\/>\n","protected":false},"excerpt":{"rendered":"<p>O pedido de abertura da Comiss\u00e3o Parlamentar de Inqu\u00e9rito (CPI) do Arroz\u00e3o, que visa investigar den\u00fancias de fraude no leil\u00e3o de arroz proposto pelo governo Lula, estacionou em 160 assinaturas na C\u00e2mara dos Deputados. O governo amea\u00e7ou n\u00e3o pagar as emendas parlamentares de deputados que apoiassem a investiga\u00e7\u00e3o, o que resultou na estagna\u00e7\u00e3o do n\u00famero [&hellip;]<\/p>\n","protected":false},"author":3,"featured_media":52494,"comment_status":"open","ping_status":"open","sticky":false,"template":"","format":"standard","meta":{"footnotes":""},"categories":[10],"tags":[260,23988,891,2147,1751,5472,23987,7703,991,1920],"class_list":["post-52487","post","type-post","status-publish","format-standard","has-post-thumbnail","hentry","category-politica","tag-america-latina","tag-arrozao-do-lula","tag-bolivia","tag-donald-trump","tag-estados-unidos","tag-evo-morales","tag-gilmarpalooza","tag-joe-biden","tag-russia","tag-vladimir-putin"],"yoast_head":"<!-- This site is optimized with the Yoast SEO plugin v26.5 - https:\/\/yoast.com\/wordpress\/plugins\/seo\/ -->\n<title>A Semana no Brasil e no Mundo \u2014 CPI do Arroz\u00e3o congela em 160 assinaturas ap\u00f3s amea\u00e7as de retalia\u00e7\u00e3o do governo Lula, diz site - Jornal Fatos e Not\u00edcias<\/title>\n<meta name=\"robots\" content=\"index, follow, max-snippet:-1, max-image-preview:large, max-video-preview:-1\" \/>\n<link rel=\"canonical\" href=\"https:\/\/jornalfatosenoticias.com.br\/index.php\/2024\/07\/04\/a-semana-no-brasil-e-no-mundo-cpi-do-arrozao-congela-em-160-assinaturas-apos-ameacas-de-retaliacao-do-governo-lula-diz-site\/\" \/>\n<meta property=\"og:locale\" content=\"pt_BR\" \/>\n<meta property=\"og:type\" content=\"article\" \/>\n<meta property=\"og:title\" content=\"A Semana no Brasil e no Mundo \u2014 CPI do Arroz\u00e3o congela em 160 assinaturas ap\u00f3s amea\u00e7as de retalia\u00e7\u00e3o do governo Lula, diz site - Jornal Fatos e Not\u00edcias\" \/>\n<meta property=\"og:description\" content=\"O pedido de abertura da Comiss\u00e3o Parlamentar de Inqu\u00e9rito (CPI) do Arroz\u00e3o, que visa investigar den\u00fancias de fraude no leil\u00e3o de arroz proposto pelo governo Lula, estacionou em 160 assinaturas na C\u00e2mara dos Deputados. O governo amea\u00e7ou n\u00e3o pagar as emendas parlamentares de deputados que apoiassem a investiga\u00e7\u00e3o, o que resultou na estagna\u00e7\u00e3o do n\u00famero [&hellip;]\" \/>\n<meta property=\"og:url\" content=\"https:\/\/jornalfatosenoticias.com.br\/index.php\/2024\/07\/04\/a-semana-no-brasil-e-no-mundo-cpi-do-arrozao-congela-em-160-assinaturas-apos-ameacas-de-retaliacao-do-governo-lula-diz-site\/\" \/>\n<meta property=\"og:site_name\" content=\"Jornal Fatos e Not\u00edcias\" \/>\n<meta property=\"article:published_time\" content=\"2024-07-04T23:40:50+00:00\" \/>\n<meta property=\"article:modified_time\" content=\"2024-07-04T23:40:52+00:00\" \/>\n<meta property=\"og:image\" content=\"https:\/\/jornalfatosenoticias.com.br\/wp-content\/uploads\/2024\/07\/arroz-do-lula.jpg\" \/>\n\t<meta property=\"og:image:width\" content=\"780\" \/>\n\t<meta property=\"og:image:height\" content=\"470\" \/>\n\t<meta property=\"og:image:type\" content=\"image\/jpeg\" \/>\n<meta name=\"author\" content=\"Haroldo Filho\" \/>\n<meta name=\"twitter:card\" content=\"summary_large_image\" \/>\n<meta name=\"twitter:label1\" content=\"Escrito por\" \/>\n\t<meta name=\"twitter:data1\" content=\"Haroldo Filho\" \/>\n\t<meta name=\"twitter:label2\" content=\"Est. tempo de leitura\" \/>\n\t<meta name=\"twitter:data2\" content=\"14 minutos\" \/>\n<script type=\"application\/ld+json\" class=\"yoast-schema-graph\">{\"@context\":\"https:\/\/schema.org\",\"@graph\":[{\"@type\":\"Article\",\"@id\":\"https:\/\/jornalfatosenoticias.com.br\/index.php\/2024\/07\/04\/a-semana-no-brasil-e-no-mundo-cpi-do-arrozao-congela-em-160-assinaturas-apos-ameacas-de-retaliacao-do-governo-lula-diz-site\/#article\",\"isPartOf\":{\"@id\":\"https:\/\/jornalfatosenoticias.com.br\/index.php\/2024\/07\/04\/a-semana-no-brasil-e-no-mundo-cpi-do-arrozao-congela-em-160-assinaturas-apos-ameacas-de-retaliacao-do-governo-lula-diz-site\/\"},\"author\":{\"name\":\"Haroldo Filho\",\"@id\":\"https:\/\/jornalfatosenoticias.com.br\/#\/schema\/person\/05c46cc25b42a5c27e004fb0fa6b4965\"},\"headline\":\"A Semana no Brasil e no Mundo \u2014 CPI do Arroz\u00e3o congela em 160 assinaturas ap\u00f3s amea\u00e7as de retalia\u00e7\u00e3o do governo Lula, diz site\",\"datePublished\":\"2024-07-04T23:40:50+00:00\",\"dateModified\":\"2024-07-04T23:40:52+00:00\",\"mainEntityOfPage\":{\"@id\":\"https:\/\/jornalfatosenoticias.com.br\/index.php\/2024\/07\/04\/a-semana-no-brasil-e-no-mundo-cpi-do-arrozao-congela-em-160-assinaturas-apos-ameacas-de-retaliacao-do-governo-lula-diz-site\/\"},\"wordCount\":2914,\"commentCount\":0,\"publisher\":{\"@id\":\"https:\/\/jornalfatosenoticias.com.br\/#organization\"},\"image\":{\"@id\":\"https:\/\/jornalfatosenoticias.com.br\/index.php\/2024\/07\/04\/a-semana-no-brasil-e-no-mundo-cpi-do-arrozao-congela-em-160-assinaturas-apos-ameacas-de-retaliacao-do-governo-lula-diz-site\/#primaryimage\"},\"thumbnailUrl\":\"https:\/\/jornalfatosenoticias.com.br\/wp-content\/uploads\/2024\/07\/arroz-do-lula.jpg\",\"keywords\":[\"Am\u00e9rica latina\",\"arroz\u00e3o do Lula\",\"Bol\u00edvia\",\"Donald Trump\",\"Estados Unidos\",\"Evo Morales\",\"Gilmarpalooza\",\"Joe Biden\",\"R\u00fassia\",\"Vladimir Putin\"],\"articleSection\":[\"Pol\u00edtica\"],\"inLanguage\":\"pt-BR\",\"potentialAction\":[{\"@type\":\"CommentAction\",\"name\":\"Comment\",\"target\":[\"https:\/\/jornalfatosenoticias.com.br\/index.php\/2024\/07\/04\/a-semana-no-brasil-e-no-mundo-cpi-do-arrozao-congela-em-160-assinaturas-apos-ameacas-de-retaliacao-do-governo-lula-diz-site\/#respond\"]}]},{\"@type\":\"WebPage\",\"@id\":\"https:\/\/jornalfatosenoticias.com.br\/index.php\/2024\/07\/04\/a-semana-no-brasil-e-no-mundo-cpi-do-arrozao-congela-em-160-assinaturas-apos-ameacas-de-retaliacao-do-governo-lula-diz-site\/\",\"url\":\"https:\/\/jornalfatosenoticias.com.br\/index.php\/2024\/07\/04\/a-semana-no-brasil-e-no-mundo-cpi-do-arrozao-congela-em-160-assinaturas-apos-ameacas-de-retaliacao-do-governo-lula-diz-site\/\",\"name\":\"A Semana no Brasil e no Mundo \u2014 CPI do Arroz\u00e3o congela em 160 assinaturas ap\u00f3s amea\u00e7as de retalia\u00e7\u00e3o do governo Lula, diz site - Jornal Fatos e Not\u00edcias\",\"isPartOf\":{\"@id\":\"https:\/\/jornalfatosenoticias.com.br\/#website\"},\"primaryImageOfPage\":{\"@id\":\"https:\/\/jornalfatosenoticias.com.br\/index.php\/2024\/07\/04\/a-semana-no-brasil-e-no-mundo-cpi-do-arrozao-congela-em-160-assinaturas-apos-ameacas-de-retaliacao-do-governo-lula-diz-site\/#primaryimage\"},\"image\":{\"@id\":\"https:\/\/jornalfatosenoticias.com.br\/index.php\/2024\/07\/04\/a-semana-no-brasil-e-no-mundo-cpi-do-arrozao-congela-em-160-assinaturas-apos-ameacas-de-retaliacao-do-governo-lula-diz-site\/#primaryimage\"},\"thumbnailUrl\":\"https:\/\/jornalfatosenoticias.com.br\/wp-content\/uploads\/2024\/07\/arroz-do-lula.jpg\",\"datePublished\":\"2024-07-04T23:40:50+00:00\",\"dateModified\":\"2024-07-04T23:40:52+00:00\",\"breadcrumb\":{\"@id\":\"https:\/\/jornalfatosenoticias.com.br\/index.php\/2024\/07\/04\/a-semana-no-brasil-e-no-mundo-cpi-do-arrozao-congela-em-160-assinaturas-apos-ameacas-de-retaliacao-do-governo-lula-diz-site\/#breadcrumb\"},\"inLanguage\":\"pt-BR\",\"potentialAction\":[{\"@type\":\"ReadAction\",\"target\":[\"https:\/\/jornalfatosenoticias.com.br\/index.php\/2024\/07\/04\/a-semana-no-brasil-e-no-mundo-cpi-do-arrozao-congela-em-160-assinaturas-apos-ameacas-de-retaliacao-do-governo-lula-diz-site\/\"]}]},{\"@type\":\"ImageObject\",\"inLanguage\":\"pt-BR\",\"@id\":\"https:\/\/jornalfatosenoticias.com.br\/index.php\/2024\/07\/04\/a-semana-no-brasil-e-no-mundo-cpi-do-arrozao-congela-em-160-assinaturas-apos-ameacas-de-retaliacao-do-governo-lula-diz-site\/#primaryimage\",\"url\":\"https:\/\/jornalfatosenoticias.com.br\/wp-content\/uploads\/2024\/07\/arroz-do-lula.jpg\",\"contentUrl\":\"https:\/\/jornalfatosenoticias.com.br\/wp-content\/uploads\/2024\/07\/arroz-do-lula.jpg\",\"width\":780,\"height\":470},{\"@type\":\"BreadcrumbList\",\"@id\":\"https:\/\/jornalfatosenoticias.com.br\/index.php\/2024\/07\/04\/a-semana-no-brasil-e-no-mundo-cpi-do-arrozao-congela-em-160-assinaturas-apos-ameacas-de-retaliacao-do-governo-lula-diz-site\/#breadcrumb\",\"itemListElement\":[{\"@type\":\"ListItem\",\"position\":1,\"name\":\"In\u00edcio\",\"item\":\"https:\/\/jornalfatosenoticias.com.br\/\"},{\"@type\":\"ListItem\",\"position\":2,\"name\":\"A Semana no Brasil e no Mundo \u2014 CPI do Arroz\u00e3o congela em 160 assinaturas ap\u00f3s amea\u00e7as de retalia\u00e7\u00e3o do governo Lula, diz site\"}]},{\"@type\":\"WebSite\",\"@id\":\"https:\/\/jornalfatosenoticias.com.br\/#website\",\"url\":\"https:\/\/jornalfatosenoticias.com.br\/\",\"name\":\"Jornal Fatos e Not\u00edcias\",\"description\":\"Not\u00edcias em geral\",\"publisher\":{\"@id\":\"https:\/\/jornalfatosenoticias.com.br\/#organization\"},\"potentialAction\":[{\"@type\":\"SearchAction\",\"target\":{\"@type\":\"EntryPoint\",\"urlTemplate\":\"https:\/\/jornalfatosenoticias.com.br\/?s={search_term_string}\"},\"query-input\":{\"@type\":\"PropertyValueSpecification\",\"valueRequired\":true,\"valueName\":\"search_term_string\"}}],\"inLanguage\":\"pt-BR\"},{\"@type\":\"Organization\",\"@id\":\"https:\/\/jornalfatosenoticias.com.br\/#organization\",\"name\":\"Jornal Fatos e Not\u00edcias\",\"url\":\"https:\/\/jornalfatosenoticias.com.br\/\",\"logo\":{\"@type\":\"ImageObject\",\"inLanguage\":\"pt-BR\",\"@id\":\"https:\/\/jornalfatosenoticias.com.br\/#\/schema\/logo\/image\/\",\"url\":\"https:\/\/jornalfatosenoticias.com.br\/wp-content\/uploads\/2020\/02\/logo120.png\",\"contentUrl\":\"https:\/\/jornalfatosenoticias.com.br\/wp-content\/uploads\/2020\/02\/logo120.png\",\"width\":1227,\"height\":120,\"caption\":\"Jornal Fatos e Not\u00edcias\"},\"image\":{\"@id\":\"https:\/\/jornalfatosenoticias.com.br\/#\/schema\/logo\/image\/\"}},{\"@type\":\"Person\",\"@id\":\"https:\/\/jornalfatosenoticias.com.br\/#\/schema\/person\/05c46cc25b42a5c27e004fb0fa6b4965\",\"name\":\"Haroldo Filho\",\"image\":{\"@type\":\"ImageObject\",\"inLanguage\":\"pt-BR\",\"@id\":\"https:\/\/jornalfatosenoticias.com.br\/#\/schema\/person\/image\/\",\"url\":\"https:\/\/jornalfatosenoticias.com.br\/wp-content\/uploads\/2025\/08\/WhatsApp-Image-2025-08-18-at-15.30.28-150x150.jpeg\",\"contentUrl\":\"https:\/\/jornalfatosenoticias.com.br\/wp-content\/uploads\/2025\/08\/WhatsApp-Image-2025-08-18-at-15.30.28-150x150.jpeg\",\"caption\":\"Haroldo Filho\"},\"description\":\"Jornalista \u2013 DRT: 0003818\/ES Coordenador-geral da ONG Educar para Crescer\",\"url\":\"https:\/\/jornalfatosenoticias.com.br\/index.php\/author\/haroldo\/\"}]}<\/script>\n<!-- \/ Yoast SEO plugin. -->","yoast_head_json":{"title":"A Semana no Brasil e no Mundo \u2014 CPI do Arroz\u00e3o congela em 160 assinaturas ap\u00f3s amea\u00e7as de retalia\u00e7\u00e3o do governo Lula, diz site - Jornal Fatos e Not\u00edcias","robots":{"index":"index","follow":"follow","max-snippet":"max-snippet:-1","max-image-preview":"max-image-preview:large","max-video-preview":"max-video-preview:-1"},"canonical":"https:\/\/jornalfatosenoticias.com.br\/index.php\/2024\/07\/04\/a-semana-no-brasil-e-no-mundo-cpi-do-arrozao-congela-em-160-assinaturas-apos-ameacas-de-retaliacao-do-governo-lula-diz-site\/","og_locale":"pt_BR","og_type":"article","og_title":"A Semana no Brasil e no Mundo \u2014 CPI do Arroz\u00e3o congela em 160 assinaturas ap\u00f3s amea\u00e7as de retalia\u00e7\u00e3o do governo Lula, diz site - Jornal Fatos e Not\u00edcias","og_description":"O pedido de abertura da Comiss\u00e3o Parlamentar de Inqu\u00e9rito (CPI) do Arroz\u00e3o, que visa investigar den\u00fancias de fraude no leil\u00e3o de arroz proposto pelo governo Lula, estacionou em 160 assinaturas na C\u00e2mara dos Deputados. O governo amea\u00e7ou n\u00e3o pagar as emendas parlamentares de deputados que apoiassem a investiga\u00e7\u00e3o, o que resultou na estagna\u00e7\u00e3o do n\u00famero [&hellip;]","og_url":"https:\/\/jornalfatosenoticias.com.br\/index.php\/2024\/07\/04\/a-semana-no-brasil-e-no-mundo-cpi-do-arrozao-congela-em-160-assinaturas-apos-ameacas-de-retaliacao-do-governo-lula-diz-site\/","og_site_name":"Jornal Fatos e Not\u00edcias","article_published_time":"2024-07-04T23:40:50+00:00","article_modified_time":"2024-07-04T23:40:52+00:00","og_image":[{"width":780,"height":470,"url":"https:\/\/jornalfatosenoticias.com.br\/wp-content\/uploads\/2024\/07\/arroz-do-lula.jpg","type":"image\/jpeg"}],"author":"Haroldo Filho","twitter_card":"summary_large_image","twitter_misc":{"Escrito por":"Haroldo Filho","Est. tempo de leitura":"14 minutos"},"schema":{"@context":"https:\/\/schema.org","@graph":[{"@type":"Article","@id":"https:\/\/jornalfatosenoticias.com.br\/index.php\/2024\/07\/04\/a-semana-no-brasil-e-no-mundo-cpi-do-arrozao-congela-em-160-assinaturas-apos-ameacas-de-retaliacao-do-governo-lula-diz-site\/#article","isPartOf":{"@id":"https:\/\/jornalfatosenoticias.com.br\/index.php\/2024\/07\/04\/a-semana-no-brasil-e-no-mundo-cpi-do-arrozao-congela-em-160-assinaturas-apos-ameacas-de-retaliacao-do-governo-lula-diz-site\/"},"author":{"name":"Haroldo Filho","@id":"https:\/\/jornalfatosenoticias.com.br\/#\/schema\/person\/05c46cc25b42a5c27e004fb0fa6b4965"},"headline":"A Semana no Brasil e no Mundo \u2014 CPI do Arroz\u00e3o congela em 160 assinaturas ap\u00f3s amea\u00e7as de retalia\u00e7\u00e3o do governo Lula, diz site","datePublished":"2024-07-04T23:40:50+00:00","dateModified":"2024-07-04T23:40:52+00:00","mainEntityOfPage":{"@id":"https:\/\/jornalfatosenoticias.com.br\/index.php\/2024\/07\/04\/a-semana-no-brasil-e-no-mundo-cpi-do-arrozao-congela-em-160-assinaturas-apos-ameacas-de-retaliacao-do-governo-lula-diz-site\/"},"wordCount":2914,"commentCount":0,"publisher":{"@id":"https:\/\/jornalfatosenoticias.com.br\/#organization"},"image":{"@id":"https:\/\/jornalfatosenoticias.com.br\/index.php\/2024\/07\/04\/a-semana-no-brasil-e-no-mundo-cpi-do-arrozao-congela-em-160-assinaturas-apos-ameacas-de-retaliacao-do-governo-lula-diz-site\/#primaryimage"},"thumbnailUrl":"https:\/\/jornalfatosenoticias.com.br\/wp-content\/uploads\/2024\/07\/arroz-do-lula.jpg","keywords":["Am\u00e9rica latina","arroz\u00e3o do Lula","Bol\u00edvia","Donald Trump","Estados Unidos","Evo Morales","Gilmarpalooza","Joe Biden","R\u00fassia","Vladimir Putin"],"articleSection":["Pol\u00edtica"],"inLanguage":"pt-BR","potentialAction":[{"@type":"CommentAction","name":"Comment","target":["https:\/\/jornalfatosenoticias.com.br\/index.php\/2024\/07\/04\/a-semana-no-brasil-e-no-mundo-cpi-do-arrozao-congela-em-160-assinaturas-apos-ameacas-de-retaliacao-do-governo-lula-diz-site\/#respond"]}]},{"@type":"WebPage","@id":"https:\/\/jornalfatosenoticias.com.br\/index.php\/2024\/07\/04\/a-semana-no-brasil-e-no-mundo-cpi-do-arrozao-congela-em-160-assinaturas-apos-ameacas-de-retaliacao-do-governo-lula-diz-site\/","url":"https:\/\/jornalfatosenoticias.com.br\/index.php\/2024\/07\/04\/a-semana-no-brasil-e-no-mundo-cpi-do-arrozao-congela-em-160-assinaturas-apos-ameacas-de-retaliacao-do-governo-lula-diz-site\/","name":"A Semana no Brasil e no Mundo \u2014 CPI do Arroz\u00e3o congela em 160 assinaturas ap\u00f3s amea\u00e7as de retalia\u00e7\u00e3o do governo Lula, diz site - Jornal Fatos e Not\u00edcias","isPartOf":{"@id":"https:\/\/jornalfatosenoticias.com.br\/#website"},"primaryImageOfPage":{"@id":"https:\/\/jornalfatosenoticias.com.br\/index.php\/2024\/07\/04\/a-semana-no-brasil-e-no-mundo-cpi-do-arrozao-congela-em-160-assinaturas-apos-ameacas-de-retaliacao-do-governo-lula-diz-site\/#primaryimage"},"image":{"@id":"https:\/\/jornalfatosenoticias.com.br\/index.php\/2024\/07\/04\/a-semana-no-brasil-e-no-mundo-cpi-do-arrozao-congela-em-160-assinaturas-apos-ameacas-de-retaliacao-do-governo-lula-diz-site\/#primaryimage"},"thumbnailUrl":"https:\/\/jornalfatosenoticias.com.br\/wp-content\/uploads\/2024\/07\/arroz-do-lula.jpg","datePublished":"2024-07-04T23:40:50+00:00","dateModified":"2024-07-04T23:40:52+00:00","breadcrumb":{"@id":"https:\/\/jornalfatosenoticias.com.br\/index.php\/2024\/07\/04\/a-semana-no-brasil-e-no-mundo-cpi-do-arrozao-congela-em-160-assinaturas-apos-ameacas-de-retaliacao-do-governo-lula-diz-site\/#breadcrumb"},"inLanguage":"pt-BR","potentialAction":[{"@type":"ReadAction","target":["https:\/\/jornalfatosenoticias.com.br\/index.php\/2024\/07\/04\/a-semana-no-brasil-e-no-mundo-cpi-do-arrozao-congela-em-160-assinaturas-apos-ameacas-de-retaliacao-do-governo-lula-diz-site\/"]}]},{"@type":"ImageObject","inLanguage":"pt-BR","@id":"https:\/\/jornalfatosenoticias.com.br\/index.php\/2024\/07\/04\/a-semana-no-brasil-e-no-mundo-cpi-do-arrozao-congela-em-160-assinaturas-apos-ameacas-de-retaliacao-do-governo-lula-diz-site\/#primaryimage","url":"https:\/\/jornalfatosenoticias.com.br\/wp-content\/uploads\/2024\/07\/arroz-do-lula.jpg","contentUrl":"https:\/\/jornalfatosenoticias.com.br\/wp-content\/uploads\/2024\/07\/arroz-do-lula.jpg","width":780,"height":470},{"@type":"BreadcrumbList","@id":"https:\/\/jornalfatosenoticias.com.br\/index.php\/2024\/07\/04\/a-semana-no-brasil-e-no-mundo-cpi-do-arrozao-congela-em-160-assinaturas-apos-ameacas-de-retaliacao-do-governo-lula-diz-site\/#breadcrumb","itemListElement":[{"@type":"ListItem","position":1,"name":"In\u00edcio","item":"https:\/\/jornalfatosenoticias.com.br\/"},{"@type":"ListItem","position":2,"name":"A Semana no Brasil e no Mundo \u2014 CPI do Arroz\u00e3o congela em 160 assinaturas ap\u00f3s amea\u00e7as de retalia\u00e7\u00e3o do governo Lula, diz site"}]},{"@type":"WebSite","@id":"https:\/\/jornalfatosenoticias.com.br\/#website","url":"https:\/\/jornalfatosenoticias.com.br\/","name":"Jornal Fatos e Not\u00edcias","description":"Not\u00edcias em geral","publisher":{"@id":"https:\/\/jornalfatosenoticias.com.br\/#organization"},"potentialAction":[{"@type":"SearchAction","target":{"@type":"EntryPoint","urlTemplate":"https:\/\/jornalfatosenoticias.com.br\/?s={search_term_string}"},"query-input":{"@type":"PropertyValueSpecification","valueRequired":true,"valueName":"search_term_string"}}],"inLanguage":"pt-BR"},{"@type":"Organization","@id":"https:\/\/jornalfatosenoticias.com.br\/#organization","name":"Jornal Fatos e Not\u00edcias","url":"https:\/\/jornalfatosenoticias.com.br\/","logo":{"@type":"ImageObject","inLanguage":"pt-BR","@id":"https:\/\/jornalfatosenoticias.com.br\/#\/schema\/logo\/image\/","url":"https:\/\/jornalfatosenoticias.com.br\/wp-content\/uploads\/2020\/02\/logo120.png","contentUrl":"https:\/\/jornalfatosenoticias.com.br\/wp-content\/uploads\/2020\/02\/logo120.png","width":1227,"height":120,"caption":"Jornal Fatos e Not\u00edcias"},"image":{"@id":"https:\/\/jornalfatosenoticias.com.br\/#\/schema\/logo\/image\/"}},{"@type":"Person","@id":"https:\/\/jornalfatosenoticias.com.br\/#\/schema\/person\/05c46cc25b42a5c27e004fb0fa6b4965","name":"Haroldo Filho","image":{"@type":"ImageObject","inLanguage":"pt-BR","@id":"https:\/\/jornalfatosenoticias.com.br\/#\/schema\/person\/image\/","url":"https:\/\/jornalfatosenoticias.com.br\/wp-content\/uploads\/2025\/08\/WhatsApp-Image-2025-08-18-at-15.30.28-150x150.jpeg","contentUrl":"https:\/\/jornalfatosenoticias.com.br\/wp-content\/uploads\/2025\/08\/WhatsApp-Image-2025-08-18-at-15.30.28-150x150.jpeg","caption":"Haroldo Filho"},"description":"Jornalista \u2013 DRT: 0003818\/ES Coordenador-geral da ONG Educar para Crescer","url":"https:\/\/jornalfatosenoticias.com.br\/index.php\/author\/haroldo\/"}]}},"cc_featured_image_caption":{"caption_text":"(Foto: Governo Federal) ","source_text":"","source_url":""},"jetpack_featured_media_url":"https:\/\/jornalfatosenoticias.com.br\/wp-content\/uploads\/2024\/07\/arroz-do-lula.jpg","_links":{"self":[{"href":"https:\/\/jornalfatosenoticias.com.br\/index.php\/wp-json\/wp\/v2\/posts\/52487","targetHints":{"allow":["GET"]}}],"collection":[{"href":"https:\/\/jornalfatosenoticias.com.br\/index.php\/wp-json\/wp\/v2\/posts"}],"about":[{"href":"https:\/\/jornalfatosenoticias.com.br\/index.php\/wp-json\/wp\/v2\/types\/post"}],"author":[{"embeddable":true,"href":"https:\/\/jornalfatosenoticias.com.br\/index.php\/wp-json\/wp\/v2\/users\/3"}],"replies":[{"embeddable":true,"href":"https:\/\/jornalfatosenoticias.com.br\/index.php\/wp-json\/wp\/v2\/comments?post=52487"}],"version-history":[{"count":0,"href":"https:\/\/jornalfatosenoticias.com.br\/index.php\/wp-json\/wp\/v2\/posts\/52487\/revisions"}],"wp:featuredmedia":[{"embeddable":true,"href":"https:\/\/jornalfatosenoticias.com.br\/index.php\/wp-json\/wp\/v2\/media\/52494"}],"wp:attachment":[{"href":"https:\/\/jornalfatosenoticias.com.br\/index.php\/wp-json\/wp\/v2\/media?parent=52487"}],"wp:term":[{"taxonomy":"category","embeddable":true,"href":"https:\/\/jornalfatosenoticias.com.br\/index.php\/wp-json\/wp\/v2\/categories?post=52487"},{"taxonomy":"post_tag","embeddable":true,"href":"https:\/\/jornalfatosenoticias.com.br\/index.php\/wp-json\/wp\/v2\/tags?post=52487"}],"curies":[{"name":"wp","href":"https:\/\/api.w.org\/{rel}","templated":true}]}}