{"id":52502,"date":"2024-07-04T21:09:43","date_gmt":"2024-07-05T00:09:43","guid":{"rendered":"https:\/\/jornalfatosenoticias.com.br\/?p=52502"},"modified":"2024-07-04T21:09:46","modified_gmt":"2024-07-05T00:09:46","slug":"lula-usa-alta-do-dolar-para-antecipar-jogo-eleitoral-e-minimizar-o-rombo-fiscal","status":"publish","type":"post","link":"https:\/\/jornalfatosenoticias.com.br\/index.php\/2024\/07\/04\/lula-usa-alta-do-dolar-para-antecipar-jogo-eleitoral-e-minimizar-o-rombo-fiscal\/","title":{"rendered":"Lula usa alta do d\u00f3lar para antecipar jogo eleitoral e minimizar o rombo fiscal"},"content":{"rendered":"\n<p><em><span class=\"has-inline-color has-black-color\">Manifestantes fazem enterro simb\u00f3lico do real em S\u00e3o Paulo<\/span><\/em><\/p>\n\n\n\n<p><span class=\"has-inline-color has-black-color\">Por <strong><a href=\"https:\/\/www.gazetadopovo.com.br\/autor\/rose-amantea\/\">Rose Amant\u00e9a<\/a><\/strong><\/span><\/p>\n\n\n\n<div class=\"wp-block-image\"><figure class=\"aligncenter size-large\"><a href=\"https:\/\/mizu.com.br\/\"><img loading=\"lazy\" decoding=\"async\" width=\"729\" height=\"90\" src=\"https:\/\/jornalfatosenoticias.com.br\/wp-content\/uploads\/2020\/02\/Logo_Mizu.png\" alt=\"\" class=\"wp-image-1441\" srcset=\"https:\/\/jornalfatosenoticias.com.br\/wp-content\/uploads\/2020\/02\/Logo_Mizu.png 729w, https:\/\/jornalfatosenoticias.com.br\/wp-content\/uploads\/2020\/02\/Logo_Mizu-300x37.png 300w\" sizes=\"auto, (max-width: 729px) 100vw, 729px\" \/><\/a><\/figure><\/div>\n\n\n\n<p>As recentes declara\u00e7\u00f5es de Luiz In\u00e1cio Lula da Silva (PT) sobre o ajuste fiscal e a pol\u00edtica monet\u00e1ria conduzida por Roberto Campos levaram a uma press\u00e3o no d\u00f3lar, o que pode se refletir no aumento da infla\u00e7\u00e3o nos pr\u00f3ximos meses. Depois de ser negociada a quase R$ 5,70 na ter\u00e7a (2), a moeda norte-americana desabou. O d\u00f3lar chegou a ser negociado a R$ 5,54 nesta quarta, mas fechou o dia a R$ 5,568. \u00c9 uma desvaloriza\u00e7\u00e3o de 13% desde o in\u00edcio do ano.<\/p>\n\n\n\n<blockquote class=\"wp-block-quote is-layout-flow wp-block-quote-is-layout-flow\"><p><span class=\"has-inline-color has-luminous-vivid-orange-color\">O que acontece \u00e9 que o Lula est\u00e1 antecipando o debate pol\u00edtico de 2026 para este ano porque \u00e9 o ano que se formam as bases de apoio eleitoral. Ele est\u00e1 tentando &#8216;jogar para o eleitorado&#8217;, transferindo ao mercado todo o problema econ\u00f4mico que ele mesmo est\u00e1 gerando\u201d, afirma Alex Agostini, CEO da Austin Rating.<\/span><\/p><\/blockquote>\n\n\n\n<div class=\"wp-block-image\"><figure class=\"aligncenter size-large is-resized\"><a href=\"https:\/\/www.controlsystems.com.br\/\"><img loading=\"lazy\" decoding=\"async\" src=\"https:\/\/jornalfatosenoticias.com.br\/wp-content\/uploads\/2020\/02\/CONTROL-CS.jpg\" alt=\"\" class=\"wp-image-44991\" width=\"307\" height=\"367\" srcset=\"https:\/\/jornalfatosenoticias.com.br\/wp-content\/uploads\/2020\/02\/CONTROL-CS.jpg 834w, https:\/\/jornalfatosenoticias.com.br\/wp-content\/uploads\/2020\/02\/CONTROL-CS-250x300.jpg 250w, https:\/\/jornalfatosenoticias.com.br\/wp-content\/uploads\/2020\/02\/CONTROL-CS-768x921.jpg 768w\" sizes=\"auto, (max-width: 307px) 100vw, 307px\" \/><\/a><\/figure><\/div>\n\n\n\n<p>Segundo L\u00edvio Ribeiro, que \u00e9 s\u00f3cio da BRCG Consultoria e pesquisador associado do Instituto Brasileiro de Economia da Funda\u00e7\u00e3o Get\u00falio Vargas (FGV Ibre), mais de 80% da desvaloriza\u00e7\u00e3o do real no primeiro semestre deste ano se deve a causas dom\u00e9sticas. \u201cAtaque especulativo pressup\u00f5e volatilidade, um sobe e desce que n\u00e3o est\u00e1 acontecendo. O movimento agora \u00e9 s\u00f3 de alta\u201d.<\/p>\n\n\n\n<div class=\"wp-block-image\"><figure class=\"aligncenter size-large is-resized\"><img loading=\"lazy\" decoding=\"async\" src=\"https:\/\/jornalfatosenoticias.com.br\/wp-content\/uploads\/2022\/02\/Precisao-Contabilidade-1024x724.jpg\" alt=\"\" class=\"wp-image-28088\" width=\"342\" height=\"242\"\/><\/figure><\/div>\n\n\n\n<p>Ele aponta que a mudan\u00e7a r\u00e1pida de patamar se deve ao aumento da percep\u00e7\u00e3o de risco do pa\u00eds. De 29 de dezembro de 2023 a 1\u00b0 de julho de 2024, o d\u00f3lar teve uma valoriza\u00e7\u00e3o de 4,5% frente a uma cesta com as principais moedas.<br>\u201cO movimento pode estar exagerado, mas h\u00e1 uma causa para isso&#8221;, afirma. Ele explica que o modelo n\u00e3o especifica a raz\u00e3o da alta, mas pela an\u00e1lise das vari\u00e1veis que impactam o pre\u00e7o, consegue separar a influ\u00eancia dos fatores internos. \u201cA contribui\u00e7\u00e3o nessa intensidade [de mais de 80%] n\u00e3o \u00e9 usual no modelo que rodamos h\u00e1 mais de 10 anos\u201d, diz Ribeiro.<\/p>\n\n\n\n<div class=\"wp-block-image\"><figure class=\"aligncenter size-large is-resized\"><a href=\"https:\/\/www.facebook.com\/postobkr\/?locale=pt_BR\"><img loading=\"lazy\" decoding=\"async\" src=\"https:\/\/jornalfatosenoticias.com.br\/wp-content\/uploads\/2023\/08\/BKR-1024x1021.jpg\" alt=\"\" class=\"wp-image-44494\" width=\"301\" height=\"300\" srcset=\"https:\/\/jornalfatosenoticias.com.br\/wp-content\/uploads\/2023\/08\/BKR-1024x1021.jpg 1024w, https:\/\/jornalfatosenoticias.com.br\/wp-content\/uploads\/2023\/08\/BKR-300x300.jpg 300w, https:\/\/jornalfatosenoticias.com.br\/wp-content\/uploads\/2023\/08\/BKR-150x150.jpg 150w, https:\/\/jornalfatosenoticias.com.br\/wp-content\/uploads\/2023\/08\/BKR-768x766.jpg 768w, https:\/\/jornalfatosenoticias.com.br\/wp-content\/uploads\/2023\/08\/BKR.jpg 1080w\" sizes=\"auto, (max-width: 301px) 100vw, 301px\" \/><\/a><\/figure><\/div>\n\n\n\n<p>O Banco Central j\u00e1 sinalizou que n\u00e3o pretende intervir no mercado. Ribeiro avalia que um movimento nesse sentido poderia ter efeito inverso \u201cse o BC tratar esse movimento com disfuncionalidade, ele admite que o pa\u00eds est\u00e1 sofrendo um ataque especulativo\u201d.<\/p>\n\n\n\n<div class=\"wp-block-image\"><figure class=\"aligncenter size-large\"><a href=\"https:\/\/www.facebook.com\/vetor.vix\/\"><img loading=\"lazy\" decoding=\"async\" width=\"1024\" height=\"273\" src=\"https:\/\/jornalfatosenoticias.com.br\/wp-content\/uploads\/2023\/09\/vetorvix1024_1.jpg\" alt=\"\" class=\"wp-image-44868\" srcset=\"https:\/\/jornalfatosenoticias.com.br\/wp-content\/uploads\/2023\/09\/vetorvix1024_1.jpg 1024w, https:\/\/jornalfatosenoticias.com.br\/wp-content\/uploads\/2023\/09\/vetorvix1024_1-300x80.jpg 300w, https:\/\/jornalfatosenoticias.com.br\/wp-content\/uploads\/2023\/09\/vetorvix1024_1-768x205.jpg 768w\" sizes=\"auto, (max-width: 1024px) 100vw, 1024px\" \/><\/a><\/figure><\/div>\n\n\n\n<p><strong><span class=\"has-inline-color has-black-color\">Lula diz que tem compromisso com a responsabilidade fiscal<br><\/span><\/strong>Nesta quarta (3), ap\u00f3s uma reuni\u00e3o com o ministro da Fazenda, Fernando Haddad, Lula disse que a \u201cresponsabilidade fiscal n\u00e3o \u00e9 uma palavra, mas um compromisso do governo desde 2003\u201d. A diferen\u00e7a \u00e9 que o primeiro mandato foi marcado por sucessivos super\u00e1vits prim\u00e1rios (quando a arrecada\u00e7\u00e3o supera as despesas, exclu\u00eddas aquelas com os juros da d\u00edvida p\u00fablica) e o atual, por d\u00e9ficits. J\u00e1 o ministro afirmou que o c\u00e2mbio tende a se acomodar e que \u201ca diretoria do BC tem autonomia para atuar quando conveniente\u201d.<\/p>\n\n\n\n<div class=\"wp-block-image\"><figure class=\"aligncenter size-large\"><a href=\"http:\/\/www.ferrarimaquinas.com.br\/\"><img loading=\"lazy\" decoding=\"async\" width=\"300\" height=\"250\" src=\"https:\/\/jornalfatosenoticias.com.br\/wp-content\/uploads\/2022\/02\/FERRARI_MAQUINAS-E-FERRAMENTAS2.jpg\" alt=\"\" class=\"wp-image-27860\"\/><\/a><\/figure><\/div>\n\n\n\n<p>Na segunda-feira, Lula chegou a atribuir a alta na moeda americana a um \u201cjogo de especula\u00e7\u00e3o\u201d e declarou que o governo iria fazer alguma coisa. \u201cObviamente que me preocupa essa subida do d\u00f3lar. H\u00e1 uma especula\u00e7\u00e3o. H\u00e1 um jogo de interesse especulativo contra o real nesse pa\u00eds\u201d, disse \u00e0 r\u00e1dio Sociedade em Salvador.<\/p>\n\n\n\n<div class=\"wp-block-image\"><figure class=\"aligncenter size-large is-resized\"><a href=\"https:\/\/hotelmarquetti.com.br\/\"><img loading=\"lazy\" decoding=\"async\" src=\"https:\/\/jornalfatosenoticias.com.br\/wp-content\/uploads\/2023\/03\/nova-logo-Marquetti.jpg\" alt=\"\" class=\"wp-image-40207\" width=\"309\" height=\"207\" srcset=\"https:\/\/jornalfatosenoticias.com.br\/wp-content\/uploads\/2023\/03\/nova-logo-Marquetti.jpg 643w, https:\/\/jornalfatosenoticias.com.br\/wp-content\/uploads\/2023\/03\/nova-logo-Marquetti-300x202.jpg 300w\" sizes=\"auto, (max-width: 309px) 100vw, 309px\" \/><\/a><\/figure><\/div>\n\n\n\n<p>A avalia\u00e7\u00e3o \u00e9 diferente por parte de analistas de mercado. Alex Agostini, da Austin Rating, diz que n\u00e3o est\u00e1 havendo \u201cum jogo especulativo, mas um jogo pol\u00edtico por parte do governo que n\u00e3o faz a li\u00e7\u00e3o de casa\u201d, especialmente na \u00e1rea fiscal. Um dos term\u00f4metros s\u00e3o os p\u00e9ssimos resultados fiscais. Desde junho de 2023, o Brasil vem registrando d\u00e9ficits prim\u00e1rios no acumulado. E eles t\u00eam aumentado, passando de 0,23% do PIB, naquele m\u00eas, para 2,53% do PIB, em maio, segundo o Banco Central. Desde o in\u00edcio do governo Lula, ela passou de 71,37% do PIB, para 76,81%, em maio.<\/p>\n\n\n\n<div class=\"wp-block-image\"><figure class=\"aligncenter size-large\"><a href=\"https:\/\/cesconetto.com.br\/\"><img loading=\"lazy\" decoding=\"async\" width=\"300\" height=\"250\" src=\"https:\/\/jornalfatosenoticias.com.br\/wp-content\/uploads\/2020\/02\/Banner-2.png\" alt=\"\" class=\"wp-image-43787\"\/><\/a><\/figure><\/div>\n\n\n\n<p>Para Agostini, a disparada do d\u00f3lar se deve \u00e0 incerteza dos agentes do mercado com a trajet\u00f3ria fiscal do Brasil. \u201cOs investidores temem perder dinheiro com os ativos e cobram mais caro para financiar a d\u00edvida do governo. Isso contribui para a desvaloriza\u00e7\u00e3o da moeda pelo \u201crepasse cambial\u201d, aumento dos juros futuros e infla\u00e7\u00e3o. \u201cO mercado n\u00e3o paga para ver. Ele vai se ajustando\u201d.<\/p>\n\n\n\n<div class=\"wp-block-image\"><figure class=\"aligncenter size-large\"><a href=\"https:\/\/www.instagram.com\/baraodascarnes.es\/\"><img decoding=\"async\" src=\"https:\/\/jornalfatosenoticias.com.br\/wp-content\/uploads\/2020\/02\/barao-das-carnes-300x164-1.jpg\" alt=\"\" class=\"wp-image-34339\"\/><\/a><\/figure><\/div>\n\n\n\n<p>Segundo o economista-chefe da Rio Bravo, Jos\u00e9 Alfaix, para combater a alta do d\u00f3lar, o governo precisa parar de alimentar atrito com o Banco Central e se comprometer com o cumprimento das metas fiscais. <\/p>\n\n\n\n<div class=\"wp-block-image\"><figure class=\"aligncenter size-large is-resized\"><a href=\"https:\/\/www.instagram.com\/restaurantepegoretti\/\"><img loading=\"lazy\" decoding=\"async\" src=\"https:\/\/jornalfatosenoticias.com.br\/wp-content\/uploads\/2023\/12\/pegoretti-logo-pdf-1024x389.jpg\" alt=\"\" class=\"wp-image-47536\" width=\"453\" height=\"172\" srcset=\"https:\/\/jornalfatosenoticias.com.br\/wp-content\/uploads\/2023\/12\/pegoretti-logo-pdf-1024x389.jpg 1024w, https:\/\/jornalfatosenoticias.com.br\/wp-content\/uploads\/2023\/12\/pegoretti-logo-pdf-300x114.jpg 300w, https:\/\/jornalfatosenoticias.com.br\/wp-content\/uploads\/2023\/12\/pegoretti-logo-pdf-768x291.jpg 768w, https:\/\/jornalfatosenoticias.com.br\/wp-content\/uploads\/2023\/12\/pegoretti-logo-pdf.jpg 1120w\" sizes=\"auto, (max-width: 453px) 100vw, 453px\" \/><\/a><\/figure><\/div>\n\n\n\n<p>Na ter\u00e7a-feira (2), o ministro deu aos jornalistas o mesmo diagn\u00f3stico da maioria dos agentes do mercado financeiro sobre a crise cambial. Sem citar diretamente o presidente Lula, Haddad admitiu que o ru\u00eddo que tem provocado alta do d\u00f3lar est\u00e1 sendo criado pelo pr\u00f3prio governo.<\/p>\n\n\n\n<div class=\"wp-block-image\"><figure class=\"aligncenter size-large is-resized\"><a href=\"https:\/\/panper.com.br\/\"><img loading=\"lazy\" decoding=\"async\" src=\"https:\/\/jornalfatosenoticias.com.br\/wp-content\/uploads\/2023\/03\/logo-Panper_portal.jpg\" alt=\"\" class=\"wp-image-40208\" width=\"355\" height=\"246\" srcset=\"https:\/\/jornalfatosenoticias.com.br\/wp-content\/uploads\/2023\/03\/logo-Panper_portal.jpg 400w, https:\/\/jornalfatosenoticias.com.br\/wp-content\/uploads\/2023\/03\/logo-Panper_portal-300x208.jpg 300w\" sizes=\"auto, (max-width: 355px) 100vw, 355px\" \/><\/a><\/figure><\/div>\n\n\n\n<p>\u201cAjuste na comunica\u00e7\u00e3o, tanto em rela\u00e7\u00e3o \u00e0 autonomia do Banco Central, como o presidente [Lula] fez hoje de manh\u00e3, quanto em rela\u00e7\u00e3o ao arcabou\u00e7o fiscal. N\u00e3o vejo nada fora disso: autonomia do Banco Central e rigidez do arcabou\u00e7o fiscal, \u00e9 isso que vai tranquilizar as pessoas. \u00c9 uma quest\u00e3o mais de comunica\u00e7\u00e3o do que qualquer outra coisa\u201d.<\/p>\n\n\n\n<div class=\"wp-block-image\"><figure class=\"aligncenter size-large\"><a href=\"https:\/\/www.facebook.com\/Esteio-Churrascaria-Barbecue-103643461220402\/\"><img decoding=\"async\" src=\"https:\/\/jornalfatosenoticias.com.br\/wp-content\/uploads\/2020\/02\/logo_esteio.jpg\" alt=\"\" class=\"wp-image-1214\"\/><\/a><\/figure><\/div>\n\n\n\n<p>A equipe econ\u00f4mica espera que, para conter a escalada do d\u00f3lar, Lula deixe de lado sua ofensiva contra o Banco Central e o atual chefe da autoridade monet\u00e1ria, Roberto Campos Neto. Lula n\u00e3o parece estar convencido disso. Medidas de conten\u00e7\u00e3o de despesa tamb\u00e9m est\u00e3o na mesa de discuss\u00e3o.<\/p>\n\n\n\n<div class=\"wp-block-image\"><figure class=\"aligncenter size-large is-resized\"><a href=\"https:\/\/www.instagram.com\/rapuzeljastro\/\"><img loading=\"lazy\" decoding=\"async\" src=\"https:\/\/jornalfatosenoticias.com.br\/wp-content\/uploads\/2020\/02\/logo-Rapuzel-1024x571.jpg\" alt=\"\" class=\"wp-image-42808\" width=\"391\" height=\"218\" srcset=\"https:\/\/jornalfatosenoticias.com.br\/wp-content\/uploads\/2020\/02\/logo-Rapuzel-1024x571.jpg 1024w, https:\/\/jornalfatosenoticias.com.br\/wp-content\/uploads\/2020\/02\/logo-Rapuzel-300x167.jpg 300w, https:\/\/jornalfatosenoticias.com.br\/wp-content\/uploads\/2020\/02\/logo-Rapuzel-768x428.jpg 768w, https:\/\/jornalfatosenoticias.com.br\/wp-content\/uploads\/2020\/02\/logo-Rapuzel-1536x856.jpg 1536w, https:\/\/jornalfatosenoticias.com.br\/wp-content\/uploads\/2020\/02\/logo-Rapuzel.jpg 1600w\" sizes=\"auto, (max-width: 391px) 100vw, 391px\" \/><\/a><\/figure><\/div>\n\n\n\n<p><strong><span class=\"has-inline-color has-black-color\">Deteriora\u00e7\u00e3o das contas p\u00fablicas aumenta sem que haja sinaliza\u00e7\u00e3o contr\u00e1ria<br><\/span><\/strong>A deteriora\u00e7\u00e3o das contas p\u00fablicas vem aumentando sem que o governo sinalize disposi\u00e7\u00e3o para corte de despesas. No in\u00edcio de junho, em um evento no Rio de Janeiro, Lula deixou claro que seu governo n\u00e3o prioriza o ajuste fiscal. Semanas depois, intensificou a posi\u00e7\u00e3o, questionando a necessidade de cortar gastos e cogitando aumentar a arrecada\u00e7\u00e3o para resolver o problema. Na sequ\u00eancia, justificou o desequil\u00edbrio das contas pelos gastos sociais, criticou o mercado financeiro e chamou de \u201ccretinos\u201d os que associaram suas falas \u00e0s altas da moeda americana.<\/p>\n\n\n\n<div class=\"wp-block-image\"><figure class=\"aligncenter size-large is-resized\"><a href=\"https:\/\/www.controlsystems.com.br\/\"><img loading=\"lazy\" decoding=\"async\" src=\"https:\/\/jornalfatosenoticias.com.br\/wp-content\/uploads\/2020\/02\/CONTROL-CS.jpg\" alt=\"\" class=\"wp-image-44991\" width=\"304\" height=\"364\" srcset=\"https:\/\/jornalfatosenoticias.com.br\/wp-content\/uploads\/2020\/02\/CONTROL-CS.jpg 834w, https:\/\/jornalfatosenoticias.com.br\/wp-content\/uploads\/2020\/02\/CONTROL-CS-250x300.jpg 250w, https:\/\/jornalfatosenoticias.com.br\/wp-content\/uploads\/2020\/02\/CONTROL-CS-768x921.jpg 768w\" sizes=\"auto, (max-width: 304px) 100vw, 304px\" \/><\/a><\/figure><\/div>\n\n\n\n<p>A estrat\u00e9gia do governo, para Agostini, tem tudo para dar errado. \u201cO Brasil entrou no vermelho de despesa prim\u00e1ria j\u00e1 em 2014. Este [governo] dobrou a aposta de gastar para promover crescimento desde a PEC da transi\u00e7\u00e3o [que permitiu um aumento de R$ 200 milh\u00f5es no Or\u00e7amento da Uni\u00e3o]\u201d, explica. \u201cEm algum momento essa conta vai chegar e vai chegar muito grande\u201d.<\/p>\n\n\n\n<div class=\"wp-block-image\"><figure class=\"aligncenter size-large is-resized\"><a href=\"https:\/\/www.facebook.com\/postobkr\/?locale=pt_BR\"><img loading=\"lazy\" decoding=\"async\" src=\"https:\/\/jornalfatosenoticias.com.br\/wp-content\/uploads\/2023\/08\/BKR-1024x1021.jpg\" alt=\"\" class=\"wp-image-44494\" width=\"320\" height=\"319\" srcset=\"https:\/\/jornalfatosenoticias.com.br\/wp-content\/uploads\/2023\/08\/BKR-1024x1021.jpg 1024w, https:\/\/jornalfatosenoticias.com.br\/wp-content\/uploads\/2023\/08\/BKR-300x300.jpg 300w, https:\/\/jornalfatosenoticias.com.br\/wp-content\/uploads\/2023\/08\/BKR-150x150.jpg 150w, https:\/\/jornalfatosenoticias.com.br\/wp-content\/uploads\/2023\/08\/BKR-768x766.jpg 768w, https:\/\/jornalfatosenoticias.com.br\/wp-content\/uploads\/2023\/08\/BKR.jpg 1080w\" sizes=\"auto, (max-width: 320px) 100vw, 320px\" \/><\/a><\/figure><\/div>\n\n\n\n<p>Luan Aral, especialista em d\u00f3lar da Genial Investimentos, lembra que o rombo brasileiro tem aumentado apesar da arrecada\u00e7\u00e3o recorde do governo. S\u00f3 em maio, de acordo com dados do BC, entraram R$ 203 bilh\u00f5es nos cofres p\u00fablicos, recorde para o m\u00eas na s\u00e9rie hist\u00f3rica, iniciada em 1995. Ele aponta que o pa\u00eds poderia ter um cen\u00e1rio fiscal \u201cmais atraente\u201d se tivesse mantido a meta do arcabou\u00e7o fiscal para 2025.<\/p>\n\n\n\n<div class=\"wp-block-image\"><figure class=\"aligncenter size-large\"><a href=\"https:\/\/mizu.com.br\/\"><img loading=\"lazy\" decoding=\"async\" width=\"729\" height=\"90\" src=\"https:\/\/jornalfatosenoticias.com.br\/wp-content\/uploads\/2020\/02\/Logo_Mizu.png\" alt=\"\" class=\"wp-image-1441\" srcset=\"https:\/\/jornalfatosenoticias.com.br\/wp-content\/uploads\/2020\/02\/Logo_Mizu.png 729w, https:\/\/jornalfatosenoticias.com.br\/wp-content\/uploads\/2020\/02\/Logo_Mizu-300x37.png 300w\" sizes=\"auto, (max-width: 729px) 100vw, 729px\" \/><\/a><\/figure><\/div>\n\n\n\n<p>O alvo inicial era um super\u00e1vit de 0,25% no pr\u00f3ximo ano, mas a equipe econ\u00f4mica rebaixou a proje\u00e7\u00e3o para d\u00e9ficit zero em abril, na primeira revis\u00e3o trimestral do Or\u00e7amento. \u201cA revis\u00e3o da meta foi o primeiro abalo do trip\u00e9 macroecon\u00f4mico que o governo deveria se esfor\u00e7ar para manter\u201d, diz.<\/p>\n\n\n\n<div class=\"wp-block-image\"><figure class=\"aligncenter size-large is-resized\"><img loading=\"lazy\" decoding=\"async\" src=\"https:\/\/jornalfatosenoticias.com.br\/wp-content\/uploads\/2022\/02\/Precisao-Contabilidade-1024x724.jpg\" alt=\"\" class=\"wp-image-28088\" width=\"318\" height=\"225\"\/><\/figure><\/div>\n\n\n\n<p>Foi tamb\u00e9m em abril que o d\u00f3lar teve seu primeiro pico do ano, de R$ 5,30. A altera\u00e7\u00e3o da meta, ao lado da manuten\u00e7\u00e3o dos juros americanos pelo Federal Reserve (o BC americano), contribuiu para que a cota\u00e7\u00e3o da moeda sa\u00edsse da faixa entre R$ 4,90 e R$ 5,05, mantida em mar\u00e7o. A preocupa\u00e7\u00e3o do mercado \u00e9 o risco de o movimento do d\u00f3lar respingar na economia real, elevando os pre\u00e7os e for\u00e7ando o Banco Central a aumentar a taxa Selic, hoje em 10,50% ao ano, para conter a infla\u00e7\u00e3o.<\/p>\n\n\n\n<div class=\"wp-block-image\"><figure class=\"aligncenter size-large is-resized\"><a href=\"https:\/\/www.facebook.com\/vetor.vix\/\"><img loading=\"lazy\" decoding=\"async\" src=\"https:\/\/jornalfatosenoticias.com.br\/wp-content\/uploads\/2023\/09\/vetorvix1024_1.jpg\" alt=\"\" class=\"wp-image-44868\" width=\"550\" height=\"146\" srcset=\"https:\/\/jornalfatosenoticias.com.br\/wp-content\/uploads\/2023\/09\/vetorvix1024_1.jpg 1024w, https:\/\/jornalfatosenoticias.com.br\/wp-content\/uploads\/2023\/09\/vetorvix1024_1-300x80.jpg 300w, https:\/\/jornalfatosenoticias.com.br\/wp-content\/uploads\/2023\/09\/vetorvix1024_1-768x205.jpg 768w\" sizes=\"auto, (max-width: 550px) 100vw, 550px\" \/><\/a><\/figure><\/div>\n\n\n\n<p><strong><span class=\"has-inline-color has-black-color\">Aten\u00e7\u00f5es tamb\u00e9m est\u00e3o voltadas para as pr\u00f3ximas indica\u00e7\u00f5es ao Banco Central<br><\/span><\/strong>As aten\u00e7\u00f5es tamb\u00e9m est\u00e3o voltadas \u00e0 defini\u00e7\u00e3o do futuro presidente do Banco Central, que ser\u00e1 indicado por Lula para substituir Campos Neto a partir do ano que vem. O nome mais cotado \u00e9 do atual diretor de Pol\u00edtica Monet\u00e1ria do BC, Gabriel Gal\u00edpolo.<\/p>\n\n\n\n<div class=\"wp-block-image\"><figure class=\"aligncenter size-large\"><a href=\"http:\/\/www.ferrarimaquinas.com.br\/\"><img loading=\"lazy\" decoding=\"async\" width=\"300\" height=\"250\" src=\"https:\/\/jornalfatosenoticias.com.br\/wp-content\/uploads\/2022\/02\/FERRARI_MAQUINAS-E-FERRAMENTAS2.jpg\" alt=\"\" class=\"wp-image-27860\"\/><\/a><\/figure><\/div>\n\n\n\n<p>Lula ainda indicar\u00e1 mais dois diretores ao final deste semestre. O temor \u00e9 que com a nova composi\u00e7\u00e3o, que reunir\u00e1 sete indicados pelo atual governo, o BC ceda a press\u00f5es do governo e seja mais leniente com a infla\u00e7\u00e3o. Na semana passada, o petista classificou como um \u201cabsurdo\u201d ter que presidir o pa\u00eds por dois anos tendo um indicado do ex-presidente Jair Bolsonaro (PL) no comando da autarquia.<\/p>\n\n\n\n<div class=\"wp-block-image\"><figure class=\"aligncenter size-large is-resized\"><a href=\"https:\/\/hotelmarquetti.com.br\/\"><img loading=\"lazy\" decoding=\"async\" src=\"https:\/\/jornalfatosenoticias.com.br\/wp-content\/uploads\/2023\/03\/nova-logo-Marquetti.jpg\" alt=\"\" class=\"wp-image-40207\" width=\"316\" height=\"212\" srcset=\"https:\/\/jornalfatosenoticias.com.br\/wp-content\/uploads\/2023\/03\/nova-logo-Marquetti.jpg 643w, https:\/\/jornalfatosenoticias.com.br\/wp-content\/uploads\/2023\/03\/nova-logo-Marquetti-300x202.jpg 300w\" sizes=\"auto, (max-width: 316px) 100vw, 316px\" \/><\/a><\/figure><\/div>\n\n\n\n<p>&#8220;O Banco Central tem autonomia, o cidad\u00e3o [Campos Neto] tem mandato. Veja que absurdo, eu ganhei as elei\u00e7\u00f5es para presidente da Rep\u00fablica e vou ficar dois anos com um presidente do BC indicado pelo advers\u00e1rio, que pensa ideologicamente diferente de mim, que pensa economicamente diferente de mim&#8221;, afirmou Lula \u00e0 r\u00e1dio Itatiaia, de Minas Gerais, no \u00faltimo dia 27.<\/p>\n\n\n\n<div class=\"wp-block-image\"><figure class=\"aligncenter size-large is-resized\"><a href=\"https:\/\/www.ithbrasil.com.br\/\"><img loading=\"lazy\" decoding=\"async\" src=\"https:\/\/jornalfatosenoticias.com.br\/wp-content\/uploads\/2023\/08\/ITH.jpeg\" alt=\"\" class=\"wp-image-44638\" width=\"301\" height=\"244\" srcset=\"https:\/\/jornalfatosenoticias.com.br\/wp-content\/uploads\/2023\/08\/ITH.jpeg 800w, https:\/\/jornalfatosenoticias.com.br\/wp-content\/uploads\/2023\/08\/ITH-300x244.jpeg 300w, https:\/\/jornalfatosenoticias.com.br\/wp-content\/uploads\/2023\/08\/ITH-768x624.jpeg 768w\" sizes=\"auto, (max-width: 301px) 100vw, 301px\" \/><\/a><\/figure><\/div>\n\n\n\n<p>Nesta ter\u00e7a-feira (2), a ministra do Planejamento, Simone Tebet, defendeu uma mudan\u00e7a no mandato do presidente do BC para evitar que o presidente da Rep\u00fablica eleito governasse por dois anos com um indicado pelo governo anterior. Atualmente, o presidente do BC atua dois anos em uma gest\u00e3o e mais dois anos com outro ocupante do Pal\u00e1cio do Planalto.<\/p>\n\n\n\n<div class=\"wp-block-image\"><figure class=\"aligncenter size-large is-resized\"><a href=\"https:\/\/panper.com.br\/\"><img loading=\"lazy\" decoding=\"async\" src=\"https:\/\/jornalfatosenoticias.com.br\/wp-content\/uploads\/2023\/03\/logo-Panper_portal.jpg\" alt=\"\" class=\"wp-image-40208\" width=\"325\" height=\"225\" srcset=\"https:\/\/jornalfatosenoticias.com.br\/wp-content\/uploads\/2023\/03\/logo-Panper_portal.jpg 400w, https:\/\/jornalfatosenoticias.com.br\/wp-content\/uploads\/2023\/03\/logo-Panper_portal-300x208.jpg 300w\" sizes=\"auto, (max-width: 325px) 100vw, 325px\" \/><\/a><\/figure><\/div>\n\n\n\n<p>\u201cAcho que \u00e9 saud\u00e1vel a autonomia do Banco Central, mas eu questionei [quando senadora] esses dois anos de um presidente do Banco Central de governos passados. Acho que um ano \u00e9 mais que o suficiente, \u00e9 o tempo de se adequar e passar o bast\u00e3o\u201d, disse Tebet a jornalistas no Senado.<\/p>\n\n\n\n<div class=\"wp-block-image\"><figure class=\"aligncenter size-large\"><a href=\"https:\/\/www.controlsystems.com.br\/\"><img loading=\"lazy\" decoding=\"async\" width=\"1024\" height=\"109\" src=\"https:\/\/jornalfatosenoticias.com.br\/wp-content\/uploads\/2020\/02\/CONTROL-CS2-1024x109.jpg\" alt=\"\" class=\"wp-image-44989\" srcset=\"https:\/\/jornalfatosenoticias.com.br\/wp-content\/uploads\/2020\/02\/CONTROL-CS2-1024x109.jpg 1024w, https:\/\/jornalfatosenoticias.com.br\/wp-content\/uploads\/2020\/02\/CONTROL-CS2-300x32.jpg 300w, https:\/\/jornalfatosenoticias.com.br\/wp-content\/uploads\/2020\/02\/CONTROL-CS2-768x82.jpg 768w, https:\/\/jornalfatosenoticias.com.br\/wp-content\/uploads\/2020\/02\/CONTROL-CS2.jpg 1120w\" sizes=\"auto, (max-width: 1024px) 100vw, 1024px\" \/><\/a><\/figure><\/div>\n\n\n\n<p><strong><em>Fonte: <a href=\"https:\/\/www.gazetadopovo.com.br\/economia\/lula-dolar-jantecipacao-jogo-eleitoral\/\">Gazeta do Povo<\/a><\/em><\/strong><\/p>\n","protected":false},"excerpt":{"rendered":"<p>Manifestantes fazem enterro simb\u00f3lico do real em S\u00e3o Paulo Por Rose Amant\u00e9a As recentes declara\u00e7\u00f5es de Luiz In\u00e1cio Lula da Silva (PT) sobre o ajuste fiscal e a pol\u00edtica monet\u00e1ria conduzida por Roberto Campos levaram a uma press\u00e3o no d\u00f3lar, o que pode se refletir no aumento da infla\u00e7\u00e3o nos pr\u00f3ximos meses. Depois de ser [&hellip;]<\/p>\n","protected":false},"author":3,"featured_media":52503,"comment_status":"open","ping_status":"open","sticky":false,"template":"","format":"standard","meta":{"footnotes":""},"categories":[9,10],"tags":[23995,23994,7580,23153],"class_list":["post-52502","post","type-post","status-publish","format-standard","has-post-thumbnail","hentry","category-economia","category-politica","tag-alta-do-dolar","tag-disparada-do-cambio","tag-lula","tag-rombo-fiscal"],"yoast_head":"<!-- This site is optimized with the Yoast SEO plugin v26.5 - https:\/\/yoast.com\/wordpress\/plugins\/seo\/ -->\n<title>Lula usa alta do d\u00f3lar para antecipar jogo eleitoral e minimizar o rombo fiscal - Jornal Fatos e Not\u00edcias<\/title>\n<meta name=\"robots\" content=\"index, follow, max-snippet:-1, max-image-preview:large, max-video-preview:-1\" \/>\n<link rel=\"canonical\" href=\"https:\/\/jornalfatosenoticias.com.br\/index.php\/2024\/07\/04\/lula-usa-alta-do-dolar-para-antecipar-jogo-eleitoral-e-minimizar-o-rombo-fiscal\/\" \/>\n<meta property=\"og:locale\" content=\"pt_BR\" \/>\n<meta property=\"og:type\" content=\"article\" \/>\n<meta property=\"og:title\" content=\"Lula usa alta do d\u00f3lar para antecipar jogo eleitoral e minimizar o rombo fiscal - Jornal Fatos e Not\u00edcias\" \/>\n<meta property=\"og:description\" content=\"Manifestantes fazem enterro simb\u00f3lico do real em S\u00e3o Paulo Por Rose Amant\u00e9a As recentes declara\u00e7\u00f5es de Luiz In\u00e1cio Lula da Silva (PT) sobre o ajuste fiscal e a pol\u00edtica monet\u00e1ria conduzida por Roberto Campos levaram a uma press\u00e3o no d\u00f3lar, o que pode se refletir no aumento da infla\u00e7\u00e3o nos pr\u00f3ximos meses. Depois de ser [&hellip;]\" \/>\n<meta property=\"og:url\" content=\"https:\/\/jornalfatosenoticias.com.br\/index.php\/2024\/07\/04\/lula-usa-alta-do-dolar-para-antecipar-jogo-eleitoral-e-minimizar-o-rombo-fiscal\/\" \/>\n<meta property=\"og:site_name\" content=\"Jornal Fatos e Not\u00edcias\" \/>\n<meta property=\"article:published_time\" content=\"2024-07-05T00:09:43+00:00\" \/>\n<meta property=\"article:modified_time\" content=\"2024-07-05T00:09:46+00:00\" \/>\n<meta property=\"og:image\" content=\"https:\/\/jornalfatosenoticias.com.br\/wp-content\/uploads\/2024\/07\/ALTA-DOLAR.jpg\" \/>\n\t<meta property=\"og:image:width\" content=\"960\" \/>\n\t<meta property=\"og:image:height\" content=\"540\" \/>\n\t<meta property=\"og:image:type\" content=\"image\/jpeg\" \/>\n<meta name=\"author\" content=\"Haroldo Filho\" \/>\n<meta name=\"twitter:card\" content=\"summary_large_image\" \/>\n<meta name=\"twitter:label1\" content=\"Escrito por\" \/>\n\t<meta name=\"twitter:data1\" content=\"Haroldo Filho\" \/>\n\t<meta name=\"twitter:label2\" content=\"Est. tempo de leitura\" \/>\n\t<meta name=\"twitter:data2\" content=\"8 minutos\" \/>\n<script type=\"application\/ld+json\" class=\"yoast-schema-graph\">{\"@context\":\"https:\/\/schema.org\",\"@graph\":[{\"@type\":\"Article\",\"@id\":\"https:\/\/jornalfatosenoticias.com.br\/index.php\/2024\/07\/04\/lula-usa-alta-do-dolar-para-antecipar-jogo-eleitoral-e-minimizar-o-rombo-fiscal\/#article\",\"isPartOf\":{\"@id\":\"https:\/\/jornalfatosenoticias.com.br\/index.php\/2024\/07\/04\/lula-usa-alta-do-dolar-para-antecipar-jogo-eleitoral-e-minimizar-o-rombo-fiscal\/\"},\"author\":{\"name\":\"Haroldo Filho\",\"@id\":\"https:\/\/jornalfatosenoticias.com.br\/#\/schema\/person\/05c46cc25b42a5c27e004fb0fa6b4965\"},\"headline\":\"Lula usa alta do d\u00f3lar para antecipar jogo eleitoral e minimizar o rombo fiscal\",\"datePublished\":\"2024-07-05T00:09:43+00:00\",\"dateModified\":\"2024-07-05T00:09:46+00:00\",\"mainEntityOfPage\":{\"@id\":\"https:\/\/jornalfatosenoticias.com.br\/index.php\/2024\/07\/04\/lula-usa-alta-do-dolar-para-antecipar-jogo-eleitoral-e-minimizar-o-rombo-fiscal\/\"},\"wordCount\":1647,\"commentCount\":0,\"publisher\":{\"@id\":\"https:\/\/jornalfatosenoticias.com.br\/#organization\"},\"image\":{\"@id\":\"https:\/\/jornalfatosenoticias.com.br\/index.php\/2024\/07\/04\/lula-usa-alta-do-dolar-para-antecipar-jogo-eleitoral-e-minimizar-o-rombo-fiscal\/#primaryimage\"},\"thumbnailUrl\":\"https:\/\/jornalfatosenoticias.com.br\/wp-content\/uploads\/2024\/07\/ALTA-DOLAR.jpg\",\"keywords\":[\"alta do d\u00f3lar\",\"disparada do c\u00e2mbio\",\"Lula\",\"rombo fiscal\"],\"articleSection\":[\"Economia\",\"Pol\u00edtica\"],\"inLanguage\":\"pt-BR\",\"potentialAction\":[{\"@type\":\"CommentAction\",\"name\":\"Comment\",\"target\":[\"https:\/\/jornalfatosenoticias.com.br\/index.php\/2024\/07\/04\/lula-usa-alta-do-dolar-para-antecipar-jogo-eleitoral-e-minimizar-o-rombo-fiscal\/#respond\"]}]},{\"@type\":\"WebPage\",\"@id\":\"https:\/\/jornalfatosenoticias.com.br\/index.php\/2024\/07\/04\/lula-usa-alta-do-dolar-para-antecipar-jogo-eleitoral-e-minimizar-o-rombo-fiscal\/\",\"url\":\"https:\/\/jornalfatosenoticias.com.br\/index.php\/2024\/07\/04\/lula-usa-alta-do-dolar-para-antecipar-jogo-eleitoral-e-minimizar-o-rombo-fiscal\/\",\"name\":\"Lula usa alta do d\u00f3lar para antecipar jogo eleitoral e minimizar o rombo fiscal - Jornal Fatos e Not\u00edcias\",\"isPartOf\":{\"@id\":\"https:\/\/jornalfatosenoticias.com.br\/#website\"},\"primaryImageOfPage\":{\"@id\":\"https:\/\/jornalfatosenoticias.com.br\/index.php\/2024\/07\/04\/lula-usa-alta-do-dolar-para-antecipar-jogo-eleitoral-e-minimizar-o-rombo-fiscal\/#primaryimage\"},\"image\":{\"@id\":\"https:\/\/jornalfatosenoticias.com.br\/index.php\/2024\/07\/04\/lula-usa-alta-do-dolar-para-antecipar-jogo-eleitoral-e-minimizar-o-rombo-fiscal\/#primaryimage\"},\"thumbnailUrl\":\"https:\/\/jornalfatosenoticias.com.br\/wp-content\/uploads\/2024\/07\/ALTA-DOLAR.jpg\",\"datePublished\":\"2024-07-05T00:09:43+00:00\",\"dateModified\":\"2024-07-05T00:09:46+00:00\",\"breadcrumb\":{\"@id\":\"https:\/\/jornalfatosenoticias.com.br\/index.php\/2024\/07\/04\/lula-usa-alta-do-dolar-para-antecipar-jogo-eleitoral-e-minimizar-o-rombo-fiscal\/#breadcrumb\"},\"inLanguage\":\"pt-BR\",\"potentialAction\":[{\"@type\":\"ReadAction\",\"target\":[\"https:\/\/jornalfatosenoticias.com.br\/index.php\/2024\/07\/04\/lula-usa-alta-do-dolar-para-antecipar-jogo-eleitoral-e-minimizar-o-rombo-fiscal\/\"]}]},{\"@type\":\"ImageObject\",\"inLanguage\":\"pt-BR\",\"@id\":\"https:\/\/jornalfatosenoticias.com.br\/index.php\/2024\/07\/04\/lula-usa-alta-do-dolar-para-antecipar-jogo-eleitoral-e-minimizar-o-rombo-fiscal\/#primaryimage\",\"url\":\"https:\/\/jornalfatosenoticias.com.br\/wp-content\/uploads\/2024\/07\/ALTA-DOLAR.jpg\",\"contentUrl\":\"https:\/\/jornalfatosenoticias.com.br\/wp-content\/uploads\/2024\/07\/ALTA-DOLAR.jpg\",\"width\":960,\"height\":540,\"caption\":\"BRA100. SAO PAULO (BRASIL), 03\/07\/2024.- Manifestantes realizan un entierro simb\u00f3lico del real, moneda brasile\u00f1a, en protesta contra las acciones del gobierno este mi\u00e9rcoles en el centro de S\u00e3o Paulo (Brasil). Agentes de los mercados financieros han achacado la debilidad del real a las contin\u00faas y duras cr\u00edticas del presidente Luiz In\u00e1cio Lula da Silva a la pol\u00edtica de altos intereses que defiende el Banco Central, instituci\u00f3n aut\u00f3noma que mantiene los tipos en un 10,5 %, con una inflaci\u00f3n controlada en torno al 3,5 % anual. EFE\/ Isaac Fontana\"},{\"@type\":\"BreadcrumbList\",\"@id\":\"https:\/\/jornalfatosenoticias.com.br\/index.php\/2024\/07\/04\/lula-usa-alta-do-dolar-para-antecipar-jogo-eleitoral-e-minimizar-o-rombo-fiscal\/#breadcrumb\",\"itemListElement\":[{\"@type\":\"ListItem\",\"position\":1,\"name\":\"In\u00edcio\",\"item\":\"https:\/\/jornalfatosenoticias.com.br\/\"},{\"@type\":\"ListItem\",\"position\":2,\"name\":\"Lula usa alta do d\u00f3lar para antecipar jogo eleitoral e minimizar o rombo fiscal\"}]},{\"@type\":\"WebSite\",\"@id\":\"https:\/\/jornalfatosenoticias.com.br\/#website\",\"url\":\"https:\/\/jornalfatosenoticias.com.br\/\",\"name\":\"Jornal Fatos e Not\u00edcias\",\"description\":\"Not\u00edcias em geral\",\"publisher\":{\"@id\":\"https:\/\/jornalfatosenoticias.com.br\/#organization\"},\"potentialAction\":[{\"@type\":\"SearchAction\",\"target\":{\"@type\":\"EntryPoint\",\"urlTemplate\":\"https:\/\/jornalfatosenoticias.com.br\/?s={search_term_string}\"},\"query-input\":{\"@type\":\"PropertyValueSpecification\",\"valueRequired\":true,\"valueName\":\"search_term_string\"}}],\"inLanguage\":\"pt-BR\"},{\"@type\":\"Organization\",\"@id\":\"https:\/\/jornalfatosenoticias.com.br\/#organization\",\"name\":\"Jornal Fatos e Not\u00edcias\",\"url\":\"https:\/\/jornalfatosenoticias.com.br\/\",\"logo\":{\"@type\":\"ImageObject\",\"inLanguage\":\"pt-BR\",\"@id\":\"https:\/\/jornalfatosenoticias.com.br\/#\/schema\/logo\/image\/\",\"url\":\"https:\/\/jornalfatosenoticias.com.br\/wp-content\/uploads\/2020\/02\/logo120.png\",\"contentUrl\":\"https:\/\/jornalfatosenoticias.com.br\/wp-content\/uploads\/2020\/02\/logo120.png\",\"width\":1227,\"height\":120,\"caption\":\"Jornal Fatos e Not\u00edcias\"},\"image\":{\"@id\":\"https:\/\/jornalfatosenoticias.com.br\/#\/schema\/logo\/image\/\"}},{\"@type\":\"Person\",\"@id\":\"https:\/\/jornalfatosenoticias.com.br\/#\/schema\/person\/05c46cc25b42a5c27e004fb0fa6b4965\",\"name\":\"Haroldo Filho\",\"image\":{\"@type\":\"ImageObject\",\"inLanguage\":\"pt-BR\",\"@id\":\"https:\/\/jornalfatosenoticias.com.br\/#\/schema\/person\/image\/\",\"url\":\"https:\/\/jornalfatosenoticias.com.br\/wp-content\/uploads\/2025\/08\/WhatsApp-Image-2025-08-18-at-15.30.28-150x150.jpeg\",\"contentUrl\":\"https:\/\/jornalfatosenoticias.com.br\/wp-content\/uploads\/2025\/08\/WhatsApp-Image-2025-08-18-at-15.30.28-150x150.jpeg\",\"caption\":\"Haroldo Filho\"},\"description\":\"Jornalista \u2013 DRT: 0003818\/ES Coordenador-geral da ONG Educar para Crescer\",\"url\":\"https:\/\/jornalfatosenoticias.com.br\/index.php\/author\/haroldo\/\"}]}<\/script>\n<!-- \/ Yoast SEO plugin. -->","yoast_head_json":{"title":"Lula usa alta do d\u00f3lar para antecipar jogo eleitoral e minimizar o rombo fiscal - Jornal Fatos e Not\u00edcias","robots":{"index":"index","follow":"follow","max-snippet":"max-snippet:-1","max-image-preview":"max-image-preview:large","max-video-preview":"max-video-preview:-1"},"canonical":"https:\/\/jornalfatosenoticias.com.br\/index.php\/2024\/07\/04\/lula-usa-alta-do-dolar-para-antecipar-jogo-eleitoral-e-minimizar-o-rombo-fiscal\/","og_locale":"pt_BR","og_type":"article","og_title":"Lula usa alta do d\u00f3lar para antecipar jogo eleitoral e minimizar o rombo fiscal - Jornal Fatos e Not\u00edcias","og_description":"Manifestantes fazem enterro simb\u00f3lico do real em S\u00e3o Paulo Por Rose Amant\u00e9a As recentes declara\u00e7\u00f5es de Luiz In\u00e1cio Lula da Silva (PT) sobre o ajuste fiscal e a pol\u00edtica monet\u00e1ria conduzida por Roberto Campos levaram a uma press\u00e3o no d\u00f3lar, o que pode se refletir no aumento da infla\u00e7\u00e3o nos pr\u00f3ximos meses. Depois de ser [&hellip;]","og_url":"https:\/\/jornalfatosenoticias.com.br\/index.php\/2024\/07\/04\/lula-usa-alta-do-dolar-para-antecipar-jogo-eleitoral-e-minimizar-o-rombo-fiscal\/","og_site_name":"Jornal Fatos e Not\u00edcias","article_published_time":"2024-07-05T00:09:43+00:00","article_modified_time":"2024-07-05T00:09:46+00:00","og_image":[{"width":960,"height":540,"url":"https:\/\/jornalfatosenoticias.com.br\/wp-content\/uploads\/2024\/07\/ALTA-DOLAR.jpg","type":"image\/jpeg"}],"author":"Haroldo Filho","twitter_card":"summary_large_image","twitter_misc":{"Escrito por":"Haroldo Filho","Est. tempo de leitura":"8 minutos"},"schema":{"@context":"https:\/\/schema.org","@graph":[{"@type":"Article","@id":"https:\/\/jornalfatosenoticias.com.br\/index.php\/2024\/07\/04\/lula-usa-alta-do-dolar-para-antecipar-jogo-eleitoral-e-minimizar-o-rombo-fiscal\/#article","isPartOf":{"@id":"https:\/\/jornalfatosenoticias.com.br\/index.php\/2024\/07\/04\/lula-usa-alta-do-dolar-para-antecipar-jogo-eleitoral-e-minimizar-o-rombo-fiscal\/"},"author":{"name":"Haroldo Filho","@id":"https:\/\/jornalfatosenoticias.com.br\/#\/schema\/person\/05c46cc25b42a5c27e004fb0fa6b4965"},"headline":"Lula usa alta do d\u00f3lar para antecipar jogo eleitoral e minimizar o rombo fiscal","datePublished":"2024-07-05T00:09:43+00:00","dateModified":"2024-07-05T00:09:46+00:00","mainEntityOfPage":{"@id":"https:\/\/jornalfatosenoticias.com.br\/index.php\/2024\/07\/04\/lula-usa-alta-do-dolar-para-antecipar-jogo-eleitoral-e-minimizar-o-rombo-fiscal\/"},"wordCount":1647,"commentCount":0,"publisher":{"@id":"https:\/\/jornalfatosenoticias.com.br\/#organization"},"image":{"@id":"https:\/\/jornalfatosenoticias.com.br\/index.php\/2024\/07\/04\/lula-usa-alta-do-dolar-para-antecipar-jogo-eleitoral-e-minimizar-o-rombo-fiscal\/#primaryimage"},"thumbnailUrl":"https:\/\/jornalfatosenoticias.com.br\/wp-content\/uploads\/2024\/07\/ALTA-DOLAR.jpg","keywords":["alta do d\u00f3lar","disparada do c\u00e2mbio","Lula","rombo fiscal"],"articleSection":["Economia","Pol\u00edtica"],"inLanguage":"pt-BR","potentialAction":[{"@type":"CommentAction","name":"Comment","target":["https:\/\/jornalfatosenoticias.com.br\/index.php\/2024\/07\/04\/lula-usa-alta-do-dolar-para-antecipar-jogo-eleitoral-e-minimizar-o-rombo-fiscal\/#respond"]}]},{"@type":"WebPage","@id":"https:\/\/jornalfatosenoticias.com.br\/index.php\/2024\/07\/04\/lula-usa-alta-do-dolar-para-antecipar-jogo-eleitoral-e-minimizar-o-rombo-fiscal\/","url":"https:\/\/jornalfatosenoticias.com.br\/index.php\/2024\/07\/04\/lula-usa-alta-do-dolar-para-antecipar-jogo-eleitoral-e-minimizar-o-rombo-fiscal\/","name":"Lula usa alta do d\u00f3lar para antecipar jogo eleitoral e minimizar o rombo fiscal - Jornal Fatos e Not\u00edcias","isPartOf":{"@id":"https:\/\/jornalfatosenoticias.com.br\/#website"},"primaryImageOfPage":{"@id":"https:\/\/jornalfatosenoticias.com.br\/index.php\/2024\/07\/04\/lula-usa-alta-do-dolar-para-antecipar-jogo-eleitoral-e-minimizar-o-rombo-fiscal\/#primaryimage"},"image":{"@id":"https:\/\/jornalfatosenoticias.com.br\/index.php\/2024\/07\/04\/lula-usa-alta-do-dolar-para-antecipar-jogo-eleitoral-e-minimizar-o-rombo-fiscal\/#primaryimage"},"thumbnailUrl":"https:\/\/jornalfatosenoticias.com.br\/wp-content\/uploads\/2024\/07\/ALTA-DOLAR.jpg","datePublished":"2024-07-05T00:09:43+00:00","dateModified":"2024-07-05T00:09:46+00:00","breadcrumb":{"@id":"https:\/\/jornalfatosenoticias.com.br\/index.php\/2024\/07\/04\/lula-usa-alta-do-dolar-para-antecipar-jogo-eleitoral-e-minimizar-o-rombo-fiscal\/#breadcrumb"},"inLanguage":"pt-BR","potentialAction":[{"@type":"ReadAction","target":["https:\/\/jornalfatosenoticias.com.br\/index.php\/2024\/07\/04\/lula-usa-alta-do-dolar-para-antecipar-jogo-eleitoral-e-minimizar-o-rombo-fiscal\/"]}]},{"@type":"ImageObject","inLanguage":"pt-BR","@id":"https:\/\/jornalfatosenoticias.com.br\/index.php\/2024\/07\/04\/lula-usa-alta-do-dolar-para-antecipar-jogo-eleitoral-e-minimizar-o-rombo-fiscal\/#primaryimage","url":"https:\/\/jornalfatosenoticias.com.br\/wp-content\/uploads\/2024\/07\/ALTA-DOLAR.jpg","contentUrl":"https:\/\/jornalfatosenoticias.com.br\/wp-content\/uploads\/2024\/07\/ALTA-DOLAR.jpg","width":960,"height":540,"caption":"BRA100. SAO PAULO (BRASIL), 03\/07\/2024.- Manifestantes realizan un entierro simb\u00f3lico del real, moneda brasile\u00f1a, en protesta contra las acciones del gobierno este mi\u00e9rcoles en el centro de S\u00e3o Paulo (Brasil). Agentes de los mercados financieros han achacado la debilidad del real a las contin\u00faas y duras cr\u00edticas del presidente Luiz In\u00e1cio Lula da Silva a la pol\u00edtica de altos intereses que defiende el Banco Central, instituci\u00f3n aut\u00f3noma que mantiene los tipos en un 10,5 %, con una inflaci\u00f3n controlada en torno al 3,5 % anual. EFE\/ Isaac Fontana"},{"@type":"BreadcrumbList","@id":"https:\/\/jornalfatosenoticias.com.br\/index.php\/2024\/07\/04\/lula-usa-alta-do-dolar-para-antecipar-jogo-eleitoral-e-minimizar-o-rombo-fiscal\/#breadcrumb","itemListElement":[{"@type":"ListItem","position":1,"name":"In\u00edcio","item":"https:\/\/jornalfatosenoticias.com.br\/"},{"@type":"ListItem","position":2,"name":"Lula usa alta do d\u00f3lar para antecipar jogo eleitoral e minimizar o rombo fiscal"}]},{"@type":"WebSite","@id":"https:\/\/jornalfatosenoticias.com.br\/#website","url":"https:\/\/jornalfatosenoticias.com.br\/","name":"Jornal Fatos e Not\u00edcias","description":"Not\u00edcias em geral","publisher":{"@id":"https:\/\/jornalfatosenoticias.com.br\/#organization"},"potentialAction":[{"@type":"SearchAction","target":{"@type":"EntryPoint","urlTemplate":"https:\/\/jornalfatosenoticias.com.br\/?s={search_term_string}"},"query-input":{"@type":"PropertyValueSpecification","valueRequired":true,"valueName":"search_term_string"}}],"inLanguage":"pt-BR"},{"@type":"Organization","@id":"https:\/\/jornalfatosenoticias.com.br\/#organization","name":"Jornal Fatos e Not\u00edcias","url":"https:\/\/jornalfatosenoticias.com.br\/","logo":{"@type":"ImageObject","inLanguage":"pt-BR","@id":"https:\/\/jornalfatosenoticias.com.br\/#\/schema\/logo\/image\/","url":"https:\/\/jornalfatosenoticias.com.br\/wp-content\/uploads\/2020\/02\/logo120.png","contentUrl":"https:\/\/jornalfatosenoticias.com.br\/wp-content\/uploads\/2020\/02\/logo120.png","width":1227,"height":120,"caption":"Jornal Fatos e Not\u00edcias"},"image":{"@id":"https:\/\/jornalfatosenoticias.com.br\/#\/schema\/logo\/image\/"}},{"@type":"Person","@id":"https:\/\/jornalfatosenoticias.com.br\/#\/schema\/person\/05c46cc25b42a5c27e004fb0fa6b4965","name":"Haroldo Filho","image":{"@type":"ImageObject","inLanguage":"pt-BR","@id":"https:\/\/jornalfatosenoticias.com.br\/#\/schema\/person\/image\/","url":"https:\/\/jornalfatosenoticias.com.br\/wp-content\/uploads\/2025\/08\/WhatsApp-Image-2025-08-18-at-15.30.28-150x150.jpeg","contentUrl":"https:\/\/jornalfatosenoticias.com.br\/wp-content\/uploads\/2025\/08\/WhatsApp-Image-2025-08-18-at-15.30.28-150x150.jpeg","caption":"Haroldo Filho"},"description":"Jornalista \u2013 DRT: 0003818\/ES Coordenador-geral da ONG Educar para Crescer","url":"https:\/\/jornalfatosenoticias.com.br\/index.php\/author\/haroldo\/"}]}},"cc_featured_image_caption":{"caption_text":"(Foto: Gazeta do Povo\/Reprodu\u00e7\u00e3o) ","source_text":"","source_url":""},"jetpack_featured_media_url":"https:\/\/jornalfatosenoticias.com.br\/wp-content\/uploads\/2024\/07\/ALTA-DOLAR.jpg","_links":{"self":[{"href":"https:\/\/jornalfatosenoticias.com.br\/index.php\/wp-json\/wp\/v2\/posts\/52502","targetHints":{"allow":["GET"]}}],"collection":[{"href":"https:\/\/jornalfatosenoticias.com.br\/index.php\/wp-json\/wp\/v2\/posts"}],"about":[{"href":"https:\/\/jornalfatosenoticias.com.br\/index.php\/wp-json\/wp\/v2\/types\/post"}],"author":[{"embeddable":true,"href":"https:\/\/jornalfatosenoticias.com.br\/index.php\/wp-json\/wp\/v2\/users\/3"}],"replies":[{"embeddable":true,"href":"https:\/\/jornalfatosenoticias.com.br\/index.php\/wp-json\/wp\/v2\/comments?post=52502"}],"version-history":[{"count":0,"href":"https:\/\/jornalfatosenoticias.com.br\/index.php\/wp-json\/wp\/v2\/posts\/52502\/revisions"}],"wp:featuredmedia":[{"embeddable":true,"href":"https:\/\/jornalfatosenoticias.com.br\/index.php\/wp-json\/wp\/v2\/media\/52503"}],"wp:attachment":[{"href":"https:\/\/jornalfatosenoticias.com.br\/index.php\/wp-json\/wp\/v2\/media?parent=52502"}],"wp:term":[{"taxonomy":"category","embeddable":true,"href":"https:\/\/jornalfatosenoticias.com.br\/index.php\/wp-json\/wp\/v2\/categories?post=52502"},{"taxonomy":"post_tag","embeddable":true,"href":"https:\/\/jornalfatosenoticias.com.br\/index.php\/wp-json\/wp\/v2\/tags?post=52502"}],"curies":[{"name":"wp","href":"https:\/\/api.w.org\/{rel}","templated":true}]}}