{"id":52505,"date":"2024-07-08T15:41:29","date_gmt":"2024-07-08T18:41:29","guid":{"rendered":"https:\/\/jornalfatosenoticias.com.br\/?p=52505"},"modified":"2024-07-08T15:41:31","modified_gmt":"2024-07-08T18:41:31","slug":"espanhois-recebem-premio-por-projeto-de-janela-solar","status":"publish","type":"post","link":"https:\/\/jornalfatosenoticias.com.br\/index.php\/2024\/07\/08\/espanhois-recebem-premio-por-projeto-de-janela-solar\/","title":{"rendered":"Espanh\u00f3is recebem pr\u00eamio por projeto de janela solar"},"content":{"rendered":"\n<p><em><span class=\"has-inline-color has-black-color\">Al\u00e9m de gerar mais energia que pain\u00e9is solares no telhado, a janela solar garante isolamento t\u00e9rmico e ac\u00fastico para constru\u00e7\u00f5es<\/span><\/em><\/p>\n\n\n\n<p><span class=\"has-inline-color has-black-color\">Por <strong><a href=\"https:\/\/ciclovivo.com.br\/author\/natasha-olsen\/\">Natasha Olsen<\/a>\u00a0<\/strong><\/span><\/p>\n\n\n\n<div class=\"wp-block-image\"><figure class=\"aligncenter size-large\"><a href=\"https:\/\/mizu.com.br\/\"><img loading=\"lazy\" decoding=\"async\" width=\"729\" height=\"90\" src=\"https:\/\/jornalfatosenoticias.com.br\/wp-content\/uploads\/2020\/02\/Logo_Mizu.png\" alt=\"\" class=\"wp-image-1441\" srcset=\"https:\/\/jornalfatosenoticias.com.br\/wp-content\/uploads\/2020\/02\/Logo_Mizu.png 729w, https:\/\/jornalfatosenoticias.com.br\/wp-content\/uploads\/2020\/02\/Logo_Mizu-300x37.png 300w\" sizes=\"auto, (max-width: 729px) 100vw, 729px\" \/><\/a><\/figure><\/div>\n\n\n\n<p>Gerar a eletricidade que vamos usar em casa usando placas solares \u00e9 uma possibilidade que tem tra\u00eddo cada vez mais fam\u00edlias. Mas, com criatividade, a empresa espanhola <a href=\"https:\/\/solreina.com\/\" target=\"_blank\" rel=\"noreferrer noopener\">SolReina<\/a> encontrou novas fun\u00e7\u00f5es para os pain\u00e9is fotovoltaicos: as janelas solares, al\u00e9m de gerar energia, garantem isolamento t\u00e9rmico e ac\u00fastico.<br>A inven\u00e7\u00e3o foi premiada como a Melhor Inven\u00e7\u00e3o Protegida pela Propriedade Industrial do Instituto Espanhol de Patentes e Marcas, em uma competi\u00e7\u00e3o com outros 153 projetos. O reconhecimento \u00e9 merecido, j\u00e1 que a janela pode gerar at\u00e9 15% a mais de energia do que <a href=\"https:\/\/ciclovivo.com.br\/inovacao\/tecnologia\/nasa-homenageia-brasileiros-por-pesquisa-de-placas-solares-flexiveis\/\" target=\"_blank\" rel=\"noreferrer noopener\">pain\u00e9is instalados<\/a> no telhado e pode ser incorporada \u00e0s fachadas de casas e pr\u00e9dios sem comprometer a est\u00e9tica do projeto.<\/p>\n\n\n\n<div class=\"wp-block-image\"><figure class=\"aligncenter size-large is-resized\"><a href=\"https:\/\/panper.com.br\/\"><img loading=\"lazy\" decoding=\"async\" src=\"https:\/\/jornalfatosenoticias.com.br\/wp-content\/uploads\/2023\/03\/logo-Panper_portal.jpg\" alt=\"\" class=\"wp-image-40208\" width=\"362\" height=\"251\" srcset=\"https:\/\/jornalfatosenoticias.com.br\/wp-content\/uploads\/2023\/03\/logo-Panper_portal.jpg 400w, https:\/\/jornalfatosenoticias.com.br\/wp-content\/uploads\/2023\/03\/logo-Panper_portal-300x208.jpg 300w\" sizes=\"auto, (max-width: 362px) 100vw, 362px\" \/><\/a><\/figure><\/div>\n\n\n\n<p>O produto desenvolvido por Jos\u00e9 Reina Garc\u00eda \u00e9 uma janela com um painel fotovoltaico em uma persiana dobr\u00e1vel e ajust\u00e1vel, que \u201ctranscende a defini\u00e7\u00e3o convencional de janela\u201d, segundo o empreendedor. Projetadas para uso em exteriores, as janelas podem gerar entre 150 e 225 W por metro quadrado. Com uma estrutura feita de alum\u00ednio, elas usam vidro temperado de alta seguran\u00e7a e <em>\u201calcan\u00e7am excelente resist\u00eancia contra estresse mec\u00e2nico, como granizo, e mudan\u00e7as de temperatura\u201d, diz Reina.<\/em><\/p>\n\n\n\n<div class=\"wp-block-image\"><figure class=\"aligncenter size-large is-resized\"><a href=\"https:\/\/www.facebook.com\/Esteio-Churrascaria-Barbecue-103643461220402\/\"><img loading=\"lazy\" decoding=\"async\" src=\"https:\/\/jornalfatosenoticias.com.br\/wp-content\/uploads\/2020\/02\/logo_esteio.jpg\" alt=\"\" class=\"wp-image-1214\" width=\"334\" height=\"278\"\/><\/a><\/figure><\/div>\n\n\n\n<p>A parte frontal dos pain\u00e9is \u00e9 constitu\u00edda por vidro altamente transparente que garante uma elevada passagem de luz. J\u00e1 a parte traseira \u00e9 composta por uma l\u00e2mina de vidro isolante juntamente com um <a href=\"https:\/\/ciclovivo.com.br\/inovacao\/tecnologia\/cientistas-desenvolvem-vidro-capaz-de-se-biodegradar-em-2-dias\/\" target=\"_blank\" rel=\"noreferrer noopener\">vidro<\/a> de seguran\u00e7a temperado com camada de baixa transmiss\u00e3o de energia. A absor\u00e7\u00e3o sonora est\u00e1 relacionada \u00e0 espessura da l\u00e2mina de vidro, na faixa de 38 a 40 dB.<\/p>\n\n\n\n<div class=\"wp-block-image\"><figure class=\"aligncenter size-large\"><a href=\"https:\/\/cesconetto.com.br\/\"><img loading=\"lazy\" decoding=\"async\" width=\"300\" height=\"250\" src=\"https:\/\/jornalfatosenoticias.com.br\/wp-content\/uploads\/2022\/02\/Banner-2.png\" alt=\"\" class=\"wp-image-27877\"\/><\/a><\/figure><\/div>\n\n\n\n<p>A efici\u00eancia energ\u00e9tica vem pelo uso de c\u00e9lulas de sil\u00edcio cristalino de que transformam energia solar em energia el\u00e9trica de corrente cont\u00ednua. Cada c\u00e9lula \u00e9 classificada eletricamente para otimizar o desempenho do m\u00f3dulo. As janelas podem regular sua orienta\u00e7\u00e3o e adotar diferentes posi\u00e7\u00f5es para otimizar o aproveitamento da radia\u00e7\u00e3o solar. Outra vantagem s\u00e3o as diversas op\u00e7\u00f5es de tamanho e design para se adaptarem perfeitamente a v\u00e1rios projetos.<\/p>\n\n\n\n<div class=\"wp-block-image\"><figure class=\"aligncenter size-large is-resized\"><a href=\"https:\/\/www.instagram.com\/rapuzeljastro\/\"><img loading=\"lazy\" decoding=\"async\" src=\"https:\/\/jornalfatosenoticias.com.br\/wp-content\/uploads\/2020\/02\/logo-Rapuzel-1024x571.jpg\" alt=\"\" class=\"wp-image-42808\" width=\"393\" height=\"219\" srcset=\"https:\/\/jornalfatosenoticias.com.br\/wp-content\/uploads\/2020\/02\/logo-Rapuzel-1024x571.jpg 1024w, https:\/\/jornalfatosenoticias.com.br\/wp-content\/uploads\/2020\/02\/logo-Rapuzel-300x167.jpg 300w, https:\/\/jornalfatosenoticias.com.br\/wp-content\/uploads\/2020\/02\/logo-Rapuzel-768x428.jpg 768w, https:\/\/jornalfatosenoticias.com.br\/wp-content\/uploads\/2020\/02\/logo-Rapuzel-1536x856.jpg 1536w, https:\/\/jornalfatosenoticias.com.br\/wp-content\/uploads\/2020\/02\/logo-Rapuzel.jpg 1600w\" sizes=\"auto, (max-width: 393px) 100vw, 393px\" \/><\/a><\/figure><\/div>\n\n\n\n<p>Mais do que gerar eletricidade, as janelas ajudam a poupar energia j\u00e1 que o isolamento t\u00e9rmico oferecido pelo produto diminui a necessidade do uso de ar-condicionado em at\u00e9 80%, de acordo com o fabricante. Atualmente as janelas solares da SolReina s\u00e3o comercializadas apenas na Espanha e devem chegar ao mercado alem\u00e3o em breve. Infelizmente, o fabricante n\u00e3o tem planos de expandir seus neg\u00f3cios para outros continentes \u2014 j\u00e1 que a inven\u00e7\u00e3o seria bem interessante para o clima brasileiro.<\/p>\n\n\n\n<div class=\"wp-block-image\"><figure class=\"aligncenter size-large is-resized\"><a href=\"https:\/\/www.instagram.com\/restaurantepegoretti\/\"><img loading=\"lazy\" decoding=\"async\" src=\"https:\/\/jornalfatosenoticias.com.br\/wp-content\/uploads\/2023\/12\/pegoretti-logo-pdf-1024x389.jpg\" alt=\"\" class=\"wp-image-47536\" width=\"464\" height=\"176\" srcset=\"https:\/\/jornalfatosenoticias.com.br\/wp-content\/uploads\/2023\/12\/pegoretti-logo-pdf-1024x389.jpg 1024w, https:\/\/jornalfatosenoticias.com.br\/wp-content\/uploads\/2023\/12\/pegoretti-logo-pdf-300x114.jpg 300w, https:\/\/jornalfatosenoticias.com.br\/wp-content\/uploads\/2023\/12\/pegoretti-logo-pdf-768x291.jpg 768w, https:\/\/jornalfatosenoticias.com.br\/wp-content\/uploads\/2023\/12\/pegoretti-logo-pdf.jpg 1120w\" sizes=\"auto, (max-width: 464px) 100vw, 464px\" \/><\/a><\/figure><\/div>\n\n\n\n<p><strong><em>Fonte: <a href=\"https:\/\/ciclovivo.com.br\/planeta\/energia\/espanhois-recebem-premio-por-projeto-de-janela-solar\/\">CicloVivo<\/a><\/em><\/strong><\/p>\n","protected":false},"excerpt":{"rendered":"<p>Al\u00e9m de gerar mais energia que pain\u00e9is solares no telhado, a janela solar garante isolamento t\u00e9rmico e ac\u00fastico para constru\u00e7\u00f5es Por Natasha Olsen\u00a0 Gerar a eletricidade que vamos usar em casa usando placas solares \u00e9 uma possibilidade que tem tra\u00eddo cada vez mais fam\u00edlias. Mas, com criatividade, a empresa espanhola SolReina encontrou novas fun\u00e7\u00f5es para [&hellip;]<\/p>\n","protected":false},"author":2,"featured_media":52506,"comment_status":"open","ping_status":"open","sticky":false,"template":"","format":"standard","meta":{"footnotes":""},"categories":[744],"tags":[1094,157,23996,23997,23998],"class_list":["post-52505","post","type-post","status-publish","format-standard","has-post-thumbnail","hentry","category-arq-urbanismo","tag-energia-limpa","tag-espanha","tag-janela-solar","tag-paineis-fotovoltaicos-2","tag-placa-solar"],"yoast_head":"<!-- This site is optimized with the Yoast SEO plugin v26.5 - https:\/\/yoast.com\/wordpress\/plugins\/seo\/ -->\n<title>Espanh\u00f3is recebem pr\u00eamio por projeto de janela solar - Jornal Fatos e Not\u00edcias<\/title>\n<meta name=\"robots\" content=\"index, follow, max-snippet:-1, max-image-preview:large, max-video-preview:-1\" \/>\n<link rel=\"canonical\" href=\"https:\/\/jornalfatosenoticias.com.br\/index.php\/2024\/07\/08\/espanhois-recebem-premio-por-projeto-de-janela-solar\/\" \/>\n<meta property=\"og:locale\" content=\"pt_BR\" \/>\n<meta property=\"og:type\" content=\"article\" \/>\n<meta property=\"og:title\" content=\"Espanh\u00f3is recebem pr\u00eamio por projeto de janela solar - Jornal Fatos e Not\u00edcias\" \/>\n<meta property=\"og:description\" content=\"Al\u00e9m de gerar mais energia que pain\u00e9is solares no telhado, a janela solar garante isolamento t\u00e9rmico e ac\u00fastico para constru\u00e7\u00f5es Por Natasha Olsen\u00a0 Gerar a eletricidade que vamos usar em casa usando placas solares \u00e9 uma possibilidade que tem tra\u00eddo cada vez mais fam\u00edlias. Mas, com criatividade, a empresa espanhola SolReina encontrou novas fun\u00e7\u00f5es para [&hellip;]\" \/>\n<meta property=\"og:url\" content=\"https:\/\/jornalfatosenoticias.com.br\/index.php\/2024\/07\/08\/espanhois-recebem-premio-por-projeto-de-janela-solar\/\" \/>\n<meta property=\"og:site_name\" content=\"Jornal Fatos e Not\u00edcias\" \/>\n<meta property=\"article:published_time\" content=\"2024-07-08T18:41:29+00:00\" \/>\n<meta property=\"article:modified_time\" content=\"2024-07-08T18:41:31+00:00\" \/>\n<meta property=\"og:image\" content=\"https:\/\/jornalfatosenoticias.com.br\/wp-content\/uploads\/2024\/07\/janela-solar-solreina.jpg\" \/>\n\t<meta property=\"og:image:width\" content=\"1000\" \/>\n\t<meta property=\"og:image:height\" content=\"715\" \/>\n\t<meta property=\"og:image:type\" content=\"image\/jpeg\" \/>\n<meta name=\"author\" content=\"Luzimara Fernandes\" \/>\n<meta name=\"twitter:card\" content=\"summary_large_image\" \/>\n<meta name=\"twitter:label1\" content=\"Escrito por\" \/>\n\t<meta name=\"twitter:data1\" content=\"Luzimara Fernandes\" \/>\n\t<meta name=\"twitter:label2\" content=\"Est. tempo de leitura\" \/>\n\t<meta name=\"twitter:data2\" content=\"2 minutos\" \/>\n<script type=\"application\/ld+json\" class=\"yoast-schema-graph\">{\"@context\":\"https:\/\/schema.org\",\"@graph\":[{\"@type\":\"Article\",\"@id\":\"https:\/\/jornalfatosenoticias.com.br\/index.php\/2024\/07\/08\/espanhois-recebem-premio-por-projeto-de-janela-solar\/#article\",\"isPartOf\":{\"@id\":\"https:\/\/jornalfatosenoticias.com.br\/index.php\/2024\/07\/08\/espanhois-recebem-premio-por-projeto-de-janela-solar\/\"},\"author\":{\"name\":\"Luzimara Fernandes\",\"@id\":\"https:\/\/jornalfatosenoticias.com.br\/#\/schema\/person\/d63837fa13ac8666eb9e74e0985d6f81\"},\"headline\":\"Espanh\u00f3is recebem pr\u00eamio por projeto de janela solar\",\"datePublished\":\"2024-07-08T18:41:29+00:00\",\"dateModified\":\"2024-07-08T18:41:31+00:00\",\"mainEntityOfPage\":{\"@id\":\"https:\/\/jornalfatosenoticias.com.br\/index.php\/2024\/07\/08\/espanhois-recebem-premio-por-projeto-de-janela-solar\/\"},\"wordCount\":468,\"commentCount\":0,\"publisher\":{\"@id\":\"https:\/\/jornalfatosenoticias.com.br\/#organization\"},\"image\":{\"@id\":\"https:\/\/jornalfatosenoticias.com.br\/index.php\/2024\/07\/08\/espanhois-recebem-premio-por-projeto-de-janela-solar\/#primaryimage\"},\"thumbnailUrl\":\"https:\/\/jornalfatosenoticias.com.br\/wp-content\/uploads\/2024\/07\/janela-solar-solreina.jpg\",\"keywords\":[\"energia limpa\",\"Espanha\",\"janela solar\",\"pain\u00e9is fotovolt\u00e1icos\",\"placa solar\"],\"articleSection\":[\"Arq &amp; Urb\"],\"inLanguage\":\"pt-BR\",\"potentialAction\":[{\"@type\":\"CommentAction\",\"name\":\"Comment\",\"target\":[\"https:\/\/jornalfatosenoticias.com.br\/index.php\/2024\/07\/08\/espanhois-recebem-premio-por-projeto-de-janela-solar\/#respond\"]}]},{\"@type\":\"WebPage\",\"@id\":\"https:\/\/jornalfatosenoticias.com.br\/index.php\/2024\/07\/08\/espanhois-recebem-premio-por-projeto-de-janela-solar\/\",\"url\":\"https:\/\/jornalfatosenoticias.com.br\/index.php\/2024\/07\/08\/espanhois-recebem-premio-por-projeto-de-janela-solar\/\",\"name\":\"Espanh\u00f3is recebem pr\u00eamio por projeto de janela solar - Jornal Fatos e Not\u00edcias\",\"isPartOf\":{\"@id\":\"https:\/\/jornalfatosenoticias.com.br\/#website\"},\"primaryImageOfPage\":{\"@id\":\"https:\/\/jornalfatosenoticias.com.br\/index.php\/2024\/07\/08\/espanhois-recebem-premio-por-projeto-de-janela-solar\/#primaryimage\"},\"image\":{\"@id\":\"https:\/\/jornalfatosenoticias.com.br\/index.php\/2024\/07\/08\/espanhois-recebem-premio-por-projeto-de-janela-solar\/#primaryimage\"},\"thumbnailUrl\":\"https:\/\/jornalfatosenoticias.com.br\/wp-content\/uploads\/2024\/07\/janela-solar-solreina.jpg\",\"datePublished\":\"2024-07-08T18:41:29+00:00\",\"dateModified\":\"2024-07-08T18:41:31+00:00\",\"breadcrumb\":{\"@id\":\"https:\/\/jornalfatosenoticias.com.br\/index.php\/2024\/07\/08\/espanhois-recebem-premio-por-projeto-de-janela-solar\/#breadcrumb\"},\"inLanguage\":\"pt-BR\",\"potentialAction\":[{\"@type\":\"ReadAction\",\"target\":[\"https:\/\/jornalfatosenoticias.com.br\/index.php\/2024\/07\/08\/espanhois-recebem-premio-por-projeto-de-janela-solar\/\"]}]},{\"@type\":\"ImageObject\",\"inLanguage\":\"pt-BR\",\"@id\":\"https:\/\/jornalfatosenoticias.com.br\/index.php\/2024\/07\/08\/espanhois-recebem-premio-por-projeto-de-janela-solar\/#primaryimage\",\"url\":\"https:\/\/jornalfatosenoticias.com.br\/wp-content\/uploads\/2024\/07\/janela-solar-solreina.jpg\",\"contentUrl\":\"https:\/\/jornalfatosenoticias.com.br\/wp-content\/uploads\/2024\/07\/janela-solar-solreina.jpg\",\"width\":1000,\"height\":715},{\"@type\":\"BreadcrumbList\",\"@id\":\"https:\/\/jornalfatosenoticias.com.br\/index.php\/2024\/07\/08\/espanhois-recebem-premio-por-projeto-de-janela-solar\/#breadcrumb\",\"itemListElement\":[{\"@type\":\"ListItem\",\"position\":1,\"name\":\"In\u00edcio\",\"item\":\"https:\/\/jornalfatosenoticias.com.br\/\"},{\"@type\":\"ListItem\",\"position\":2,\"name\":\"Espanh\u00f3is recebem pr\u00eamio por projeto de janela solar\"}]},{\"@type\":\"WebSite\",\"@id\":\"https:\/\/jornalfatosenoticias.com.br\/#website\",\"url\":\"https:\/\/jornalfatosenoticias.com.br\/\",\"name\":\"Jornal Fatos e Not\u00edcias\",\"description\":\"Not\u00edcias em geral\",\"publisher\":{\"@id\":\"https:\/\/jornalfatosenoticias.com.br\/#organization\"},\"potentialAction\":[{\"@type\":\"SearchAction\",\"target\":{\"@type\":\"EntryPoint\",\"urlTemplate\":\"https:\/\/jornalfatosenoticias.com.br\/?s={search_term_string}\"},\"query-input\":{\"@type\":\"PropertyValueSpecification\",\"valueRequired\":true,\"valueName\":\"search_term_string\"}}],\"inLanguage\":\"pt-BR\"},{\"@type\":\"Organization\",\"@id\":\"https:\/\/jornalfatosenoticias.com.br\/#organization\",\"name\":\"Jornal Fatos e Not\u00edcias\",\"url\":\"https:\/\/jornalfatosenoticias.com.br\/\",\"logo\":{\"@type\":\"ImageObject\",\"inLanguage\":\"pt-BR\",\"@id\":\"https:\/\/jornalfatosenoticias.com.br\/#\/schema\/logo\/image\/\",\"url\":\"https:\/\/jornalfatosenoticias.com.br\/wp-content\/uploads\/2020\/02\/logo120.png\",\"contentUrl\":\"https:\/\/jornalfatosenoticias.com.br\/wp-content\/uploads\/2020\/02\/logo120.png\",\"width\":1227,\"height\":120,\"caption\":\"Jornal Fatos e Not\u00edcias\"},\"image\":{\"@id\":\"https:\/\/jornalfatosenoticias.com.br\/#\/schema\/logo\/image\/\"}},{\"@type\":\"Person\",\"@id\":\"https:\/\/jornalfatosenoticias.com.br\/#\/schema\/person\/d63837fa13ac8666eb9e74e0985d6f81\",\"name\":\"Luzimara Fernandes\",\"image\":{\"@type\":\"ImageObject\",\"inLanguage\":\"pt-BR\",\"@id\":\"https:\/\/jornalfatosenoticias.com.br\/#\/schema\/person\/image\/\",\"url\":\"https:\/\/jornalfatosenoticias.com.br\/wp-content\/uploads\/2025\/05\/EU_portal.jpg\",\"contentUrl\":\"https:\/\/jornalfatosenoticias.com.br\/wp-content\/uploads\/2025\/05\/EU_portal.jpg\",\"caption\":\"Luzimara Fernandes\"},\"description\":\"Jornalista MTB 2358-ES\",\"sameAs\":[\"https:\/\/jornalfatosenoticias.com.br\"],\"url\":\"https:\/\/jornalfatosenoticias.com.br\/index.php\/author\/luzimara\/\"}]}<\/script>\n<!-- \/ Yoast SEO plugin. -->","yoast_head_json":{"title":"Espanh\u00f3is recebem pr\u00eamio por projeto de janela solar - Jornal Fatos e Not\u00edcias","robots":{"index":"index","follow":"follow","max-snippet":"max-snippet:-1","max-image-preview":"max-image-preview:large","max-video-preview":"max-video-preview:-1"},"canonical":"https:\/\/jornalfatosenoticias.com.br\/index.php\/2024\/07\/08\/espanhois-recebem-premio-por-projeto-de-janela-solar\/","og_locale":"pt_BR","og_type":"article","og_title":"Espanh\u00f3is recebem pr\u00eamio por projeto de janela solar - Jornal Fatos e Not\u00edcias","og_description":"Al\u00e9m de gerar mais energia que pain\u00e9is solares no telhado, a janela solar garante isolamento t\u00e9rmico e ac\u00fastico para constru\u00e7\u00f5es Por Natasha Olsen\u00a0 Gerar a eletricidade que vamos usar em casa usando placas solares \u00e9 uma possibilidade que tem tra\u00eddo cada vez mais fam\u00edlias. Mas, com criatividade, a empresa espanhola SolReina encontrou novas fun\u00e7\u00f5es para [&hellip;]","og_url":"https:\/\/jornalfatosenoticias.com.br\/index.php\/2024\/07\/08\/espanhois-recebem-premio-por-projeto-de-janela-solar\/","og_site_name":"Jornal Fatos e Not\u00edcias","article_published_time":"2024-07-08T18:41:29+00:00","article_modified_time":"2024-07-08T18:41:31+00:00","og_image":[{"width":1000,"height":715,"url":"https:\/\/jornalfatosenoticias.com.br\/wp-content\/uploads\/2024\/07\/janela-solar-solreina.jpg","type":"image\/jpeg"}],"author":"Luzimara Fernandes","twitter_card":"summary_large_image","twitter_misc":{"Escrito por":"Luzimara Fernandes","Est. tempo de leitura":"2 minutos"},"schema":{"@context":"https:\/\/schema.org","@graph":[{"@type":"Article","@id":"https:\/\/jornalfatosenoticias.com.br\/index.php\/2024\/07\/08\/espanhois-recebem-premio-por-projeto-de-janela-solar\/#article","isPartOf":{"@id":"https:\/\/jornalfatosenoticias.com.br\/index.php\/2024\/07\/08\/espanhois-recebem-premio-por-projeto-de-janela-solar\/"},"author":{"name":"Luzimara Fernandes","@id":"https:\/\/jornalfatosenoticias.com.br\/#\/schema\/person\/d63837fa13ac8666eb9e74e0985d6f81"},"headline":"Espanh\u00f3is recebem pr\u00eamio por projeto de janela solar","datePublished":"2024-07-08T18:41:29+00:00","dateModified":"2024-07-08T18:41:31+00:00","mainEntityOfPage":{"@id":"https:\/\/jornalfatosenoticias.com.br\/index.php\/2024\/07\/08\/espanhois-recebem-premio-por-projeto-de-janela-solar\/"},"wordCount":468,"commentCount":0,"publisher":{"@id":"https:\/\/jornalfatosenoticias.com.br\/#organization"},"image":{"@id":"https:\/\/jornalfatosenoticias.com.br\/index.php\/2024\/07\/08\/espanhois-recebem-premio-por-projeto-de-janela-solar\/#primaryimage"},"thumbnailUrl":"https:\/\/jornalfatosenoticias.com.br\/wp-content\/uploads\/2024\/07\/janela-solar-solreina.jpg","keywords":["energia limpa","Espanha","janela solar","pain\u00e9is fotovolt\u00e1icos","placa solar"],"articleSection":["Arq &amp; Urb"],"inLanguage":"pt-BR","potentialAction":[{"@type":"CommentAction","name":"Comment","target":["https:\/\/jornalfatosenoticias.com.br\/index.php\/2024\/07\/08\/espanhois-recebem-premio-por-projeto-de-janela-solar\/#respond"]}]},{"@type":"WebPage","@id":"https:\/\/jornalfatosenoticias.com.br\/index.php\/2024\/07\/08\/espanhois-recebem-premio-por-projeto-de-janela-solar\/","url":"https:\/\/jornalfatosenoticias.com.br\/index.php\/2024\/07\/08\/espanhois-recebem-premio-por-projeto-de-janela-solar\/","name":"Espanh\u00f3is recebem pr\u00eamio por projeto de janela solar - Jornal Fatos e Not\u00edcias","isPartOf":{"@id":"https:\/\/jornalfatosenoticias.com.br\/#website"},"primaryImageOfPage":{"@id":"https:\/\/jornalfatosenoticias.com.br\/index.php\/2024\/07\/08\/espanhois-recebem-premio-por-projeto-de-janela-solar\/#primaryimage"},"image":{"@id":"https:\/\/jornalfatosenoticias.com.br\/index.php\/2024\/07\/08\/espanhois-recebem-premio-por-projeto-de-janela-solar\/#primaryimage"},"thumbnailUrl":"https:\/\/jornalfatosenoticias.com.br\/wp-content\/uploads\/2024\/07\/janela-solar-solreina.jpg","datePublished":"2024-07-08T18:41:29+00:00","dateModified":"2024-07-08T18:41:31+00:00","breadcrumb":{"@id":"https:\/\/jornalfatosenoticias.com.br\/index.php\/2024\/07\/08\/espanhois-recebem-premio-por-projeto-de-janela-solar\/#breadcrumb"},"inLanguage":"pt-BR","potentialAction":[{"@type":"ReadAction","target":["https:\/\/jornalfatosenoticias.com.br\/index.php\/2024\/07\/08\/espanhois-recebem-premio-por-projeto-de-janela-solar\/"]}]},{"@type":"ImageObject","inLanguage":"pt-BR","@id":"https:\/\/jornalfatosenoticias.com.br\/index.php\/2024\/07\/08\/espanhois-recebem-premio-por-projeto-de-janela-solar\/#primaryimage","url":"https:\/\/jornalfatosenoticias.com.br\/wp-content\/uploads\/2024\/07\/janela-solar-solreina.jpg","contentUrl":"https:\/\/jornalfatosenoticias.com.br\/wp-content\/uploads\/2024\/07\/janela-solar-solreina.jpg","width":1000,"height":715},{"@type":"BreadcrumbList","@id":"https:\/\/jornalfatosenoticias.com.br\/index.php\/2024\/07\/08\/espanhois-recebem-premio-por-projeto-de-janela-solar\/#breadcrumb","itemListElement":[{"@type":"ListItem","position":1,"name":"In\u00edcio","item":"https:\/\/jornalfatosenoticias.com.br\/"},{"@type":"ListItem","position":2,"name":"Espanh\u00f3is recebem pr\u00eamio por projeto de janela solar"}]},{"@type":"WebSite","@id":"https:\/\/jornalfatosenoticias.com.br\/#website","url":"https:\/\/jornalfatosenoticias.com.br\/","name":"Jornal Fatos e Not\u00edcias","description":"Not\u00edcias em geral","publisher":{"@id":"https:\/\/jornalfatosenoticias.com.br\/#organization"},"potentialAction":[{"@type":"SearchAction","target":{"@type":"EntryPoint","urlTemplate":"https:\/\/jornalfatosenoticias.com.br\/?s={search_term_string}"},"query-input":{"@type":"PropertyValueSpecification","valueRequired":true,"valueName":"search_term_string"}}],"inLanguage":"pt-BR"},{"@type":"Organization","@id":"https:\/\/jornalfatosenoticias.com.br\/#organization","name":"Jornal Fatos e Not\u00edcias","url":"https:\/\/jornalfatosenoticias.com.br\/","logo":{"@type":"ImageObject","inLanguage":"pt-BR","@id":"https:\/\/jornalfatosenoticias.com.br\/#\/schema\/logo\/image\/","url":"https:\/\/jornalfatosenoticias.com.br\/wp-content\/uploads\/2020\/02\/logo120.png","contentUrl":"https:\/\/jornalfatosenoticias.com.br\/wp-content\/uploads\/2020\/02\/logo120.png","width":1227,"height":120,"caption":"Jornal Fatos e Not\u00edcias"},"image":{"@id":"https:\/\/jornalfatosenoticias.com.br\/#\/schema\/logo\/image\/"}},{"@type":"Person","@id":"https:\/\/jornalfatosenoticias.com.br\/#\/schema\/person\/d63837fa13ac8666eb9e74e0985d6f81","name":"Luzimara Fernandes","image":{"@type":"ImageObject","inLanguage":"pt-BR","@id":"https:\/\/jornalfatosenoticias.com.br\/#\/schema\/person\/image\/","url":"https:\/\/jornalfatosenoticias.com.br\/wp-content\/uploads\/2025\/05\/EU_portal.jpg","contentUrl":"https:\/\/jornalfatosenoticias.com.br\/wp-content\/uploads\/2025\/05\/EU_portal.jpg","caption":"Luzimara Fernandes"},"description":"Jornalista MTB 2358-ES","sameAs":["https:\/\/jornalfatosenoticias.com.br"],"url":"https:\/\/jornalfatosenoticias.com.br\/index.php\/author\/luzimara\/"}]}},"cc_featured_image_caption":{"caption_text":"(Foto: SolReina\/Reprodu\u00e7\u00e3o) ","source_text":"","source_url":""},"jetpack_featured_media_url":"https:\/\/jornalfatosenoticias.com.br\/wp-content\/uploads\/2024\/07\/janela-solar-solreina.jpg","_links":{"self":[{"href":"https:\/\/jornalfatosenoticias.com.br\/index.php\/wp-json\/wp\/v2\/posts\/52505","targetHints":{"allow":["GET"]}}],"collection":[{"href":"https:\/\/jornalfatosenoticias.com.br\/index.php\/wp-json\/wp\/v2\/posts"}],"about":[{"href":"https:\/\/jornalfatosenoticias.com.br\/index.php\/wp-json\/wp\/v2\/types\/post"}],"author":[{"embeddable":true,"href":"https:\/\/jornalfatosenoticias.com.br\/index.php\/wp-json\/wp\/v2\/users\/2"}],"replies":[{"embeddable":true,"href":"https:\/\/jornalfatosenoticias.com.br\/index.php\/wp-json\/wp\/v2\/comments?post=52505"}],"version-history":[{"count":0,"href":"https:\/\/jornalfatosenoticias.com.br\/index.php\/wp-json\/wp\/v2\/posts\/52505\/revisions"}],"wp:featuredmedia":[{"embeddable":true,"href":"https:\/\/jornalfatosenoticias.com.br\/index.php\/wp-json\/wp\/v2\/media\/52506"}],"wp:attachment":[{"href":"https:\/\/jornalfatosenoticias.com.br\/index.php\/wp-json\/wp\/v2\/media?parent=52505"}],"wp:term":[{"taxonomy":"category","embeddable":true,"href":"https:\/\/jornalfatosenoticias.com.br\/index.php\/wp-json\/wp\/v2\/categories?post=52505"},{"taxonomy":"post_tag","embeddable":true,"href":"https:\/\/jornalfatosenoticias.com.br\/index.php\/wp-json\/wp\/v2\/tags?post=52505"}],"curies":[{"name":"wp","href":"https:\/\/api.w.org\/{rel}","templated":true}]}}