{"id":52508,"date":"2024-07-08T15:48:20","date_gmt":"2024-07-08T18:48:20","guid":{"rendered":"https:\/\/jornalfatosenoticias.com.br\/?p=52508"},"modified":"2024-07-08T15:48:21","modified_gmt":"2024-07-08T18:48:21","slug":"estudantes-brasileiros-criam-pulseira-para-surdos-e-ganham-premio-internacional","status":"publish","type":"post","link":"https:\/\/jornalfatosenoticias.com.br\/index.php\/2024\/07\/08\/estudantes-brasileiros-criam-pulseira-para-surdos-e-ganham-premio-internacional\/","title":{"rendered":"Estudantes brasileiros criam pulseira para surdos e ganham pr\u00eamio internacional"},"content":{"rendered":"\n<p><em><span class=\"has-inline-color has-black-color\">Os estudantes brasileiros do Sesi-DF venceram a competi\u00e7\u00e3o com um projeto de uma pulseira para surdos<\/span><\/em><\/p>\n\n\n\n<p><span class=\"has-inline-color has-black-color\">Por <strong>Vitor Guerra<\/strong><\/span><\/p>\n\n\n\n<div class=\"wp-block-image\"><figure class=\"aligncenter size-large is-resized\"><a href=\"https:\/\/www.facebook.com\/vetor.vix\/\"><img loading=\"lazy\" decoding=\"async\" src=\"https:\/\/jornalfatosenoticias.com.br\/wp-content\/uploads\/2023\/09\/vetorvix1024_1.jpg\" alt=\"\" class=\"wp-image-44868\" width=\"550\" height=\"146\" srcset=\"https:\/\/jornalfatosenoticias.com.br\/wp-content\/uploads\/2023\/09\/vetorvix1024_1.jpg 1024w, https:\/\/jornalfatosenoticias.com.br\/wp-content\/uploads\/2023\/09\/vetorvix1024_1-300x80.jpg 300w, https:\/\/jornalfatosenoticias.com.br\/wp-content\/uploads\/2023\/09\/vetorvix1024_1-768x205.jpg 768w\" sizes=\"auto, (max-width: 550px) 100vw, 550px\" \/><\/a><\/figure><\/div>\n\n\n\n<p>Estudantes brasileiros criaram uma pulseira para surdos ouvirem m\u00fasicas e venceram um torneio internacional de inova\u00e7\u00e3o. A premia\u00e7\u00e3o foi na Calif\u00f3rnia, Estados Unidos! A equipe Albatroid, ganhou na categoria inova\u00e7\u00e3o do Western Edge Open.<br>O projeto foi desenvolvido por alunos do Servi\u00e7o Social da Ind\u00fastria do Distrito Federal (Sesi-DF) e ficou entre os quatro melhores de 81 apresentados. Os alunos eram desafiados a criar solu\u00e7\u00f5es criativas e bem pesquisas. Para o projeto de inova\u00e7\u00e3o, o grupo precisava apresentar uma problem\u00e1tica real e uma solu\u00e7\u00e3o para o problema.<\/p>\n\n\n\n<div class=\"wp-block-image\"><figure class=\"aligncenter size-large\"><a href=\"https:\/\/www.facebook.com\/vetor.vix\/\"><img loading=\"lazy\" decoding=\"async\" width=\"300\" height=\"250\" src=\"https:\/\/jornalfatosenoticias.com.br\/wp-content\/uploads\/2020\/02\/Banner-2.png\" alt=\"\" class=\"wp-image-43787\"\/><\/a><\/figure><\/div>\n\n\n\n<p>O maior objetivo da First Lego League (FLL), competi\u00e7\u00e3o vencida pelos meninos e que faz parte do torneio maior, a Western Edge Open, \u00e9 incentivar e explorar o uso da tecnologia e das artes para ajudar outras pessoas a participar de atividades. Nesse contexto, os alunos do Sesi levaram uma pulseira inovadora e que pode ajudar muita gente. E o projeto \u00e9 t\u00e3o s\u00f3lido, que os brasileiros voltam para casa com a bagagem mais pesada. Tudo isso por conta do trof\u00e9u na mala!<br>Chamada de SurdoMusic, a pulseira \u00e9 conectada via bluetooth a um aparelho celular para transformar a forma como pessoas surdas escutam m\u00fasica. No aparelho, a pulseira converte o som e vibra\u00e7\u00e3o e proporciona uma experi\u00eancia musical inclusiva.<\/p>\n\n\n\n<div class=\"wp-block-image\"><figure class=\"aligncenter size-large is-resized\"><img loading=\"lazy\" decoding=\"async\" src=\"https:\/\/jornalfatosenoticias.com.br\/wp-content\/uploads\/2024\/07\/pulseira-para-surdos2.jpg\" alt=\"\" class=\"wp-image-52509\" width=\"580\" height=\"386\" srcset=\"https:\/\/jornalfatosenoticias.com.br\/wp-content\/uploads\/2024\/07\/pulseira-para-surdos2.jpg 675w, https:\/\/jornalfatosenoticias.com.br\/wp-content\/uploads\/2024\/07\/pulseira-para-surdos2-300x200.jpg 300w\" sizes=\"auto, (max-width: 580px) 100vw, 580px\" \/><figcaption><em><span class=\"has-inline-color has-black-color\">A pulseira revoluciona a forma como surdos escutam m\u00fasica (Foto: CB\/D.A.Press)<\/span><\/em><\/figcaption><\/figure><\/div>\n\n\n\n<p>Para Ana Nascimento, de 15 anos e integrante da equipe, ganhar uma premia\u00e7\u00e3o desse tipo \u00e9 incr\u00edvel. \u201c\u00c9 muito gratificante saber que nosso trabalho foi reconhecido. S\u00f3 a gente sabe o quanto batalhou para estar aqui hoje\u201d, declarou.<br>Segundo a garota, passar por todas as etapas do torneio n\u00e3o foi nada f\u00e1cil. \u201cFoi uma experi\u00eancia completa porque \u00e9 dif\u00edcil competidores com uma s\u00f3 temporada conseguirem passar por todas as etapas do torneio [regional, nacional e internacional]. Fico muito feliz em saber que eu consegui isso e ainda levei uma premia\u00e7\u00e3o em um torneio de escala internacional!\u201d, disse em <a href=\"https:\/\/sistemafibra.org.br\/sesi\/institucional\/imprensa\/noticias\/2144-projeto-de-inovacao-da-albatroid-fica-entre-os-quatro-melhores-em-torneio-nos-eua\" target=\"_blank\" rel=\"noreferrer noopener\">entrevista para o Sesi<\/a>.<\/p>\n\n\n\n<div class=\"wp-block-image\"><figure class=\"aligncenter size-large is-resized\"><a href=\"https:\/\/www.facebook.com\/postobkr\/?locale=pt_BR\"><img loading=\"lazy\" decoding=\"async\" src=\"https:\/\/jornalfatosenoticias.com.br\/wp-content\/uploads\/2023\/08\/BKR-1024x1021.jpg\" alt=\"\" class=\"wp-image-44494\" width=\"317\" height=\"316\" srcset=\"https:\/\/jornalfatosenoticias.com.br\/wp-content\/uploads\/2023\/08\/BKR-1024x1021.jpg 1024w, https:\/\/jornalfatosenoticias.com.br\/wp-content\/uploads\/2023\/08\/BKR-300x300.jpg 300w, https:\/\/jornalfatosenoticias.com.br\/wp-content\/uploads\/2023\/08\/BKR-150x150.jpg 150w, https:\/\/jornalfatosenoticias.com.br\/wp-content\/uploads\/2023\/08\/BKR-768x766.jpg 768w, https:\/\/jornalfatosenoticias.com.br\/wp-content\/uploads\/2023\/08\/BKR.jpg 1080w\" sizes=\"auto, (max-width: 317px) 100vw, 317px\" \/><\/a><\/figure><\/div>\n\n\n\n<p><strong><span class=\"has-inline-color has-black-color\">Western Edge Open<br><\/span><\/strong>A competi\u00e7\u00e3o foi disputada na Calif\u00f3rnia e a categoria FLL Challenge \u00e9 para estudantes de nove a 15 anos. Ao todo, quatro quesitos s\u00e3o avaliados: projeto de inova\u00e7\u00e3o, desafio do rob\u00f4, design do rob\u00f4 e core values. Para chegar at\u00e9 o topo, a Albatroid venceu o Torneio Sesi de Rob\u00f3tica FLL Challenge, conquistando a vaga para a competi\u00e7\u00e3o internacional.<\/p>\n\n\n\n<div class=\"wp-block-image\"><figure class=\"aligncenter size-large is-resized\"><a href=\"https:\/\/www.instagram.com\/baraodascarnes.es\/\"><img loading=\"lazy\" decoding=\"async\" src=\"https:\/\/jornalfatosenoticias.com.br\/wp-content\/uploads\/2020\/02\/barao-das-carnes-300x164-1.jpg\" alt=\"\" class=\"wp-image-34339\" width=\"342\" height=\"187\"\/><\/a><\/figure><\/div>\n\n\n\n<p><strong><em>Fonte: <a href=\"https:\/\/www.sonoticiaboa.com.br\/2024\/07\/03\/estudantes-brasileiros-criam-pulseira-para-surdos-e-ganham-premio-internacional\">S\u00f3 Not\u00edcia Boa<\/a><\/em><\/strong><\/p>\n","protected":false},"excerpt":{"rendered":"<p>Os estudantes brasileiros do Sesi-DF venceram a competi\u00e7\u00e3o com um projeto de uma pulseira para surdos Por Vitor Guerra Estudantes brasileiros criaram uma pulseira para surdos ouvirem m\u00fasicas e venceram um torneio internacional de inova\u00e7\u00e3o. A premia\u00e7\u00e3o foi na Calif\u00f3rnia, Estados Unidos! A equipe Albatroid, ganhou na categoria inova\u00e7\u00e3o do Western Edge Open.O projeto foi [&hellip;]<\/p>\n","protected":false},"author":2,"featured_media":52510,"comment_status":"open","ping_status":"open","sticky":false,"template":"","format":"standard","meta":{"footnotes":""},"categories":[7],"tags":[4045,5153,23999,24000,11776,16020],"class_list":["post-52508","post","type-post","status-publish","format-standard","has-post-thumbnail","hentry","category-educacao","tag-competicao","tag-estudantes-brasileiros","tag-pulseira","tag-pulseira-para-surdos","tag-sesi","tag-surdos"],"yoast_head":"<!-- This site is optimized with the Yoast SEO plugin v26.5 - https:\/\/yoast.com\/wordpress\/plugins\/seo\/ -->\n<title>Estudantes brasileiros criam pulseira para surdos e ganham pr\u00eamio internacional - Jornal Fatos e Not\u00edcias<\/title>\n<meta name=\"robots\" content=\"index, follow, max-snippet:-1, max-image-preview:large, max-video-preview:-1\" \/>\n<link rel=\"canonical\" href=\"https:\/\/jornalfatosenoticias.com.br\/index.php\/2024\/07\/08\/estudantes-brasileiros-criam-pulseira-para-surdos-e-ganham-premio-internacional\/\" \/>\n<meta property=\"og:locale\" content=\"pt_BR\" \/>\n<meta property=\"og:type\" content=\"article\" \/>\n<meta property=\"og:title\" content=\"Estudantes brasileiros criam pulseira para surdos e ganham pr\u00eamio internacional - Jornal Fatos e Not\u00edcias\" \/>\n<meta property=\"og:description\" content=\"Os estudantes brasileiros do Sesi-DF venceram a competi\u00e7\u00e3o com um projeto de uma pulseira para surdos Por Vitor Guerra Estudantes brasileiros criaram uma pulseira para surdos ouvirem m\u00fasicas e venceram um torneio internacional de inova\u00e7\u00e3o. A premia\u00e7\u00e3o foi na Calif\u00f3rnia, Estados Unidos! A equipe Albatroid, ganhou na categoria inova\u00e7\u00e3o do Western Edge Open.O projeto foi [&hellip;]\" \/>\n<meta property=\"og:url\" content=\"https:\/\/jornalfatosenoticias.com.br\/index.php\/2024\/07\/08\/estudantes-brasileiros-criam-pulseira-para-surdos-e-ganham-premio-internacional\/\" \/>\n<meta property=\"og:site_name\" content=\"Jornal Fatos e Not\u00edcias\" \/>\n<meta property=\"article:published_time\" content=\"2024-07-08T18:48:20+00:00\" \/>\n<meta property=\"article:modified_time\" content=\"2024-07-08T18:48:21+00:00\" \/>\n<meta property=\"og:image\" content=\"https:\/\/jornalfatosenoticias.com.br\/wp-content\/uploads\/2024\/07\/pulseira-para-surdos.jpg\" \/>\n\t<meta property=\"og:image:width\" content=\"675\" \/>\n\t<meta property=\"og:image:height\" content=\"450\" \/>\n\t<meta property=\"og:image:type\" content=\"image\/jpeg\" \/>\n<meta name=\"author\" content=\"Luzimara Fernandes\" \/>\n<meta name=\"twitter:card\" content=\"summary_large_image\" \/>\n<meta name=\"twitter:label1\" content=\"Escrito por\" \/>\n\t<meta name=\"twitter:data1\" content=\"Luzimara Fernandes\" \/>\n\t<meta name=\"twitter:label2\" content=\"Est. tempo de leitura\" \/>\n\t<meta name=\"twitter:data2\" content=\"2 minutos\" \/>\n<script type=\"application\/ld+json\" class=\"yoast-schema-graph\">{\"@context\":\"https:\/\/schema.org\",\"@graph\":[{\"@type\":\"Article\",\"@id\":\"https:\/\/jornalfatosenoticias.com.br\/index.php\/2024\/07\/08\/estudantes-brasileiros-criam-pulseira-para-surdos-e-ganham-premio-internacional\/#article\",\"isPartOf\":{\"@id\":\"https:\/\/jornalfatosenoticias.com.br\/index.php\/2024\/07\/08\/estudantes-brasileiros-criam-pulseira-para-surdos-e-ganham-premio-internacional\/\"},\"author\":{\"name\":\"Luzimara Fernandes\",\"@id\":\"https:\/\/jornalfatosenoticias.com.br\/#\/schema\/person\/d63837fa13ac8666eb9e74e0985d6f81\"},\"headline\":\"Estudantes brasileiros criam pulseira para surdos e ganham pr\u00eamio internacional\",\"datePublished\":\"2024-07-08T18:48:20+00:00\",\"dateModified\":\"2024-07-08T18:48:21+00:00\",\"mainEntityOfPage\":{\"@id\":\"https:\/\/jornalfatosenoticias.com.br\/index.php\/2024\/07\/08\/estudantes-brasileiros-criam-pulseira-para-surdos-e-ganham-premio-internacional\/\"},\"wordCount\":443,\"commentCount\":0,\"publisher\":{\"@id\":\"https:\/\/jornalfatosenoticias.com.br\/#organization\"},\"image\":{\"@id\":\"https:\/\/jornalfatosenoticias.com.br\/index.php\/2024\/07\/08\/estudantes-brasileiros-criam-pulseira-para-surdos-e-ganham-premio-internacional\/#primaryimage\"},\"thumbnailUrl\":\"https:\/\/jornalfatosenoticias.com.br\/wp-content\/uploads\/2024\/07\/pulseira-para-surdos.jpg\",\"keywords\":[\"competi\u00e7\u00e3o\",\"estudantes brasileiros\",\"pulseira\",\"pulseira para surdos\",\"Sesi\",\"surdos\"],\"articleSection\":[\"Educa\u00e7\u00e3o\"],\"inLanguage\":\"pt-BR\",\"potentialAction\":[{\"@type\":\"CommentAction\",\"name\":\"Comment\",\"target\":[\"https:\/\/jornalfatosenoticias.com.br\/index.php\/2024\/07\/08\/estudantes-brasileiros-criam-pulseira-para-surdos-e-ganham-premio-internacional\/#respond\"]}]},{\"@type\":\"WebPage\",\"@id\":\"https:\/\/jornalfatosenoticias.com.br\/index.php\/2024\/07\/08\/estudantes-brasileiros-criam-pulseira-para-surdos-e-ganham-premio-internacional\/\",\"url\":\"https:\/\/jornalfatosenoticias.com.br\/index.php\/2024\/07\/08\/estudantes-brasileiros-criam-pulseira-para-surdos-e-ganham-premio-internacional\/\",\"name\":\"Estudantes brasileiros criam pulseira para surdos e ganham pr\u00eamio internacional - Jornal Fatos e Not\u00edcias\",\"isPartOf\":{\"@id\":\"https:\/\/jornalfatosenoticias.com.br\/#website\"},\"primaryImageOfPage\":{\"@id\":\"https:\/\/jornalfatosenoticias.com.br\/index.php\/2024\/07\/08\/estudantes-brasileiros-criam-pulseira-para-surdos-e-ganham-premio-internacional\/#primaryimage\"},\"image\":{\"@id\":\"https:\/\/jornalfatosenoticias.com.br\/index.php\/2024\/07\/08\/estudantes-brasileiros-criam-pulseira-para-surdos-e-ganham-premio-internacional\/#primaryimage\"},\"thumbnailUrl\":\"https:\/\/jornalfatosenoticias.com.br\/wp-content\/uploads\/2024\/07\/pulseira-para-surdos.jpg\",\"datePublished\":\"2024-07-08T18:48:20+00:00\",\"dateModified\":\"2024-07-08T18:48:21+00:00\",\"breadcrumb\":{\"@id\":\"https:\/\/jornalfatosenoticias.com.br\/index.php\/2024\/07\/08\/estudantes-brasileiros-criam-pulseira-para-surdos-e-ganham-premio-internacional\/#breadcrumb\"},\"inLanguage\":\"pt-BR\",\"potentialAction\":[{\"@type\":\"ReadAction\",\"target\":[\"https:\/\/jornalfatosenoticias.com.br\/index.php\/2024\/07\/08\/estudantes-brasileiros-criam-pulseira-para-surdos-e-ganham-premio-internacional\/\"]}]},{\"@type\":\"ImageObject\",\"inLanguage\":\"pt-BR\",\"@id\":\"https:\/\/jornalfatosenoticias.com.br\/index.php\/2024\/07\/08\/estudantes-brasileiros-criam-pulseira-para-surdos-e-ganham-premio-internacional\/#primaryimage\",\"url\":\"https:\/\/jornalfatosenoticias.com.br\/wp-content\/uploads\/2024\/07\/pulseira-para-surdos.jpg\",\"contentUrl\":\"https:\/\/jornalfatosenoticias.com.br\/wp-content\/uploads\/2024\/07\/pulseira-para-surdos.jpg\",\"width\":675,\"height\":450},{\"@type\":\"BreadcrumbList\",\"@id\":\"https:\/\/jornalfatosenoticias.com.br\/index.php\/2024\/07\/08\/estudantes-brasileiros-criam-pulseira-para-surdos-e-ganham-premio-internacional\/#breadcrumb\",\"itemListElement\":[{\"@type\":\"ListItem\",\"position\":1,\"name\":\"In\u00edcio\",\"item\":\"https:\/\/jornalfatosenoticias.com.br\/\"},{\"@type\":\"ListItem\",\"position\":2,\"name\":\"Estudantes brasileiros criam pulseira para surdos e ganham pr\u00eamio internacional\"}]},{\"@type\":\"WebSite\",\"@id\":\"https:\/\/jornalfatosenoticias.com.br\/#website\",\"url\":\"https:\/\/jornalfatosenoticias.com.br\/\",\"name\":\"Jornal Fatos e Not\u00edcias\",\"description\":\"Not\u00edcias em geral\",\"publisher\":{\"@id\":\"https:\/\/jornalfatosenoticias.com.br\/#organization\"},\"potentialAction\":[{\"@type\":\"SearchAction\",\"target\":{\"@type\":\"EntryPoint\",\"urlTemplate\":\"https:\/\/jornalfatosenoticias.com.br\/?s={search_term_string}\"},\"query-input\":{\"@type\":\"PropertyValueSpecification\",\"valueRequired\":true,\"valueName\":\"search_term_string\"}}],\"inLanguage\":\"pt-BR\"},{\"@type\":\"Organization\",\"@id\":\"https:\/\/jornalfatosenoticias.com.br\/#organization\",\"name\":\"Jornal Fatos e Not\u00edcias\",\"url\":\"https:\/\/jornalfatosenoticias.com.br\/\",\"logo\":{\"@type\":\"ImageObject\",\"inLanguage\":\"pt-BR\",\"@id\":\"https:\/\/jornalfatosenoticias.com.br\/#\/schema\/logo\/image\/\",\"url\":\"https:\/\/jornalfatosenoticias.com.br\/wp-content\/uploads\/2020\/02\/logo120.png\",\"contentUrl\":\"https:\/\/jornalfatosenoticias.com.br\/wp-content\/uploads\/2020\/02\/logo120.png\",\"width\":1227,\"height\":120,\"caption\":\"Jornal Fatos e Not\u00edcias\"},\"image\":{\"@id\":\"https:\/\/jornalfatosenoticias.com.br\/#\/schema\/logo\/image\/\"}},{\"@type\":\"Person\",\"@id\":\"https:\/\/jornalfatosenoticias.com.br\/#\/schema\/person\/d63837fa13ac8666eb9e74e0985d6f81\",\"name\":\"Luzimara Fernandes\",\"image\":{\"@type\":\"ImageObject\",\"inLanguage\":\"pt-BR\",\"@id\":\"https:\/\/jornalfatosenoticias.com.br\/#\/schema\/person\/image\/\",\"url\":\"https:\/\/jornalfatosenoticias.com.br\/wp-content\/uploads\/2025\/05\/EU_portal.jpg\",\"contentUrl\":\"https:\/\/jornalfatosenoticias.com.br\/wp-content\/uploads\/2025\/05\/EU_portal.jpg\",\"caption\":\"Luzimara Fernandes\"},\"description\":\"Jornalista MTB 2358-ES\",\"sameAs\":[\"https:\/\/jornalfatosenoticias.com.br\"],\"url\":\"https:\/\/jornalfatosenoticias.com.br\/index.php\/author\/luzimara\/\"}]}<\/script>\n<!-- \/ Yoast SEO plugin. -->","yoast_head_json":{"title":"Estudantes brasileiros criam pulseira para surdos e ganham pr\u00eamio internacional - Jornal Fatos e Not\u00edcias","robots":{"index":"index","follow":"follow","max-snippet":"max-snippet:-1","max-image-preview":"max-image-preview:large","max-video-preview":"max-video-preview:-1"},"canonical":"https:\/\/jornalfatosenoticias.com.br\/index.php\/2024\/07\/08\/estudantes-brasileiros-criam-pulseira-para-surdos-e-ganham-premio-internacional\/","og_locale":"pt_BR","og_type":"article","og_title":"Estudantes brasileiros criam pulseira para surdos e ganham pr\u00eamio internacional - Jornal Fatos e Not\u00edcias","og_description":"Os estudantes brasileiros do Sesi-DF venceram a competi\u00e7\u00e3o com um projeto de uma pulseira para surdos Por Vitor Guerra Estudantes brasileiros criaram uma pulseira para surdos ouvirem m\u00fasicas e venceram um torneio internacional de inova\u00e7\u00e3o. A premia\u00e7\u00e3o foi na Calif\u00f3rnia, Estados Unidos! A equipe Albatroid, ganhou na categoria inova\u00e7\u00e3o do Western Edge Open.O projeto foi [&hellip;]","og_url":"https:\/\/jornalfatosenoticias.com.br\/index.php\/2024\/07\/08\/estudantes-brasileiros-criam-pulseira-para-surdos-e-ganham-premio-internacional\/","og_site_name":"Jornal Fatos e Not\u00edcias","article_published_time":"2024-07-08T18:48:20+00:00","article_modified_time":"2024-07-08T18:48:21+00:00","og_image":[{"width":675,"height":450,"url":"https:\/\/jornalfatosenoticias.com.br\/wp-content\/uploads\/2024\/07\/pulseira-para-surdos.jpg","type":"image\/jpeg"}],"author":"Luzimara Fernandes","twitter_card":"summary_large_image","twitter_misc":{"Escrito por":"Luzimara Fernandes","Est. tempo de leitura":"2 minutos"},"schema":{"@context":"https:\/\/schema.org","@graph":[{"@type":"Article","@id":"https:\/\/jornalfatosenoticias.com.br\/index.php\/2024\/07\/08\/estudantes-brasileiros-criam-pulseira-para-surdos-e-ganham-premio-internacional\/#article","isPartOf":{"@id":"https:\/\/jornalfatosenoticias.com.br\/index.php\/2024\/07\/08\/estudantes-brasileiros-criam-pulseira-para-surdos-e-ganham-premio-internacional\/"},"author":{"name":"Luzimara Fernandes","@id":"https:\/\/jornalfatosenoticias.com.br\/#\/schema\/person\/d63837fa13ac8666eb9e74e0985d6f81"},"headline":"Estudantes brasileiros criam pulseira para surdos e ganham pr\u00eamio internacional","datePublished":"2024-07-08T18:48:20+00:00","dateModified":"2024-07-08T18:48:21+00:00","mainEntityOfPage":{"@id":"https:\/\/jornalfatosenoticias.com.br\/index.php\/2024\/07\/08\/estudantes-brasileiros-criam-pulseira-para-surdos-e-ganham-premio-internacional\/"},"wordCount":443,"commentCount":0,"publisher":{"@id":"https:\/\/jornalfatosenoticias.com.br\/#organization"},"image":{"@id":"https:\/\/jornalfatosenoticias.com.br\/index.php\/2024\/07\/08\/estudantes-brasileiros-criam-pulseira-para-surdos-e-ganham-premio-internacional\/#primaryimage"},"thumbnailUrl":"https:\/\/jornalfatosenoticias.com.br\/wp-content\/uploads\/2024\/07\/pulseira-para-surdos.jpg","keywords":["competi\u00e7\u00e3o","estudantes brasileiros","pulseira","pulseira para surdos","Sesi","surdos"],"articleSection":["Educa\u00e7\u00e3o"],"inLanguage":"pt-BR","potentialAction":[{"@type":"CommentAction","name":"Comment","target":["https:\/\/jornalfatosenoticias.com.br\/index.php\/2024\/07\/08\/estudantes-brasileiros-criam-pulseira-para-surdos-e-ganham-premio-internacional\/#respond"]}]},{"@type":"WebPage","@id":"https:\/\/jornalfatosenoticias.com.br\/index.php\/2024\/07\/08\/estudantes-brasileiros-criam-pulseira-para-surdos-e-ganham-premio-internacional\/","url":"https:\/\/jornalfatosenoticias.com.br\/index.php\/2024\/07\/08\/estudantes-brasileiros-criam-pulseira-para-surdos-e-ganham-premio-internacional\/","name":"Estudantes brasileiros criam pulseira para surdos e ganham pr\u00eamio internacional - Jornal Fatos e Not\u00edcias","isPartOf":{"@id":"https:\/\/jornalfatosenoticias.com.br\/#website"},"primaryImageOfPage":{"@id":"https:\/\/jornalfatosenoticias.com.br\/index.php\/2024\/07\/08\/estudantes-brasileiros-criam-pulseira-para-surdos-e-ganham-premio-internacional\/#primaryimage"},"image":{"@id":"https:\/\/jornalfatosenoticias.com.br\/index.php\/2024\/07\/08\/estudantes-brasileiros-criam-pulseira-para-surdos-e-ganham-premio-internacional\/#primaryimage"},"thumbnailUrl":"https:\/\/jornalfatosenoticias.com.br\/wp-content\/uploads\/2024\/07\/pulseira-para-surdos.jpg","datePublished":"2024-07-08T18:48:20+00:00","dateModified":"2024-07-08T18:48:21+00:00","breadcrumb":{"@id":"https:\/\/jornalfatosenoticias.com.br\/index.php\/2024\/07\/08\/estudantes-brasileiros-criam-pulseira-para-surdos-e-ganham-premio-internacional\/#breadcrumb"},"inLanguage":"pt-BR","potentialAction":[{"@type":"ReadAction","target":["https:\/\/jornalfatosenoticias.com.br\/index.php\/2024\/07\/08\/estudantes-brasileiros-criam-pulseira-para-surdos-e-ganham-premio-internacional\/"]}]},{"@type":"ImageObject","inLanguage":"pt-BR","@id":"https:\/\/jornalfatosenoticias.com.br\/index.php\/2024\/07\/08\/estudantes-brasileiros-criam-pulseira-para-surdos-e-ganham-premio-internacional\/#primaryimage","url":"https:\/\/jornalfatosenoticias.com.br\/wp-content\/uploads\/2024\/07\/pulseira-para-surdos.jpg","contentUrl":"https:\/\/jornalfatosenoticias.com.br\/wp-content\/uploads\/2024\/07\/pulseira-para-surdos.jpg","width":675,"height":450},{"@type":"BreadcrumbList","@id":"https:\/\/jornalfatosenoticias.com.br\/index.php\/2024\/07\/08\/estudantes-brasileiros-criam-pulseira-para-surdos-e-ganham-premio-internacional\/#breadcrumb","itemListElement":[{"@type":"ListItem","position":1,"name":"In\u00edcio","item":"https:\/\/jornalfatosenoticias.com.br\/"},{"@type":"ListItem","position":2,"name":"Estudantes brasileiros criam pulseira para surdos e ganham pr\u00eamio internacional"}]},{"@type":"WebSite","@id":"https:\/\/jornalfatosenoticias.com.br\/#website","url":"https:\/\/jornalfatosenoticias.com.br\/","name":"Jornal Fatos e Not\u00edcias","description":"Not\u00edcias em geral","publisher":{"@id":"https:\/\/jornalfatosenoticias.com.br\/#organization"},"potentialAction":[{"@type":"SearchAction","target":{"@type":"EntryPoint","urlTemplate":"https:\/\/jornalfatosenoticias.com.br\/?s={search_term_string}"},"query-input":{"@type":"PropertyValueSpecification","valueRequired":true,"valueName":"search_term_string"}}],"inLanguage":"pt-BR"},{"@type":"Organization","@id":"https:\/\/jornalfatosenoticias.com.br\/#organization","name":"Jornal Fatos e Not\u00edcias","url":"https:\/\/jornalfatosenoticias.com.br\/","logo":{"@type":"ImageObject","inLanguage":"pt-BR","@id":"https:\/\/jornalfatosenoticias.com.br\/#\/schema\/logo\/image\/","url":"https:\/\/jornalfatosenoticias.com.br\/wp-content\/uploads\/2020\/02\/logo120.png","contentUrl":"https:\/\/jornalfatosenoticias.com.br\/wp-content\/uploads\/2020\/02\/logo120.png","width":1227,"height":120,"caption":"Jornal Fatos e Not\u00edcias"},"image":{"@id":"https:\/\/jornalfatosenoticias.com.br\/#\/schema\/logo\/image\/"}},{"@type":"Person","@id":"https:\/\/jornalfatosenoticias.com.br\/#\/schema\/person\/d63837fa13ac8666eb9e74e0985d6f81","name":"Luzimara Fernandes","image":{"@type":"ImageObject","inLanguage":"pt-BR","@id":"https:\/\/jornalfatosenoticias.com.br\/#\/schema\/person\/image\/","url":"https:\/\/jornalfatosenoticias.com.br\/wp-content\/uploads\/2025\/05\/EU_portal.jpg","contentUrl":"https:\/\/jornalfatosenoticias.com.br\/wp-content\/uploads\/2025\/05\/EU_portal.jpg","caption":"Luzimara Fernandes"},"description":"Jornalista MTB 2358-ES","sameAs":["https:\/\/jornalfatosenoticias.com.br"],"url":"https:\/\/jornalfatosenoticias.com.br\/index.php\/author\/luzimara\/"}]}},"cc_featured_image_caption":{"caption_text":"(Foto: Reprodu\u00e7\u00e3o\/Sesi-DF) ","source_text":"","source_url":""},"jetpack_featured_media_url":"https:\/\/jornalfatosenoticias.com.br\/wp-content\/uploads\/2024\/07\/pulseira-para-surdos.jpg","_links":{"self":[{"href":"https:\/\/jornalfatosenoticias.com.br\/index.php\/wp-json\/wp\/v2\/posts\/52508","targetHints":{"allow":["GET"]}}],"collection":[{"href":"https:\/\/jornalfatosenoticias.com.br\/index.php\/wp-json\/wp\/v2\/posts"}],"about":[{"href":"https:\/\/jornalfatosenoticias.com.br\/index.php\/wp-json\/wp\/v2\/types\/post"}],"author":[{"embeddable":true,"href":"https:\/\/jornalfatosenoticias.com.br\/index.php\/wp-json\/wp\/v2\/users\/2"}],"replies":[{"embeddable":true,"href":"https:\/\/jornalfatosenoticias.com.br\/index.php\/wp-json\/wp\/v2\/comments?post=52508"}],"version-history":[{"count":0,"href":"https:\/\/jornalfatosenoticias.com.br\/index.php\/wp-json\/wp\/v2\/posts\/52508\/revisions"}],"wp:featuredmedia":[{"embeddable":true,"href":"https:\/\/jornalfatosenoticias.com.br\/index.php\/wp-json\/wp\/v2\/media\/52510"}],"wp:attachment":[{"href":"https:\/\/jornalfatosenoticias.com.br\/index.php\/wp-json\/wp\/v2\/media?parent=52508"}],"wp:term":[{"taxonomy":"category","embeddable":true,"href":"https:\/\/jornalfatosenoticias.com.br\/index.php\/wp-json\/wp\/v2\/categories?post=52508"},{"taxonomy":"post_tag","embeddable":true,"href":"https:\/\/jornalfatosenoticias.com.br\/index.php\/wp-json\/wp\/v2\/tags?post=52508"}],"curies":[{"name":"wp","href":"https:\/\/api.w.org\/{rel}","templated":true}]}}