{"id":52524,"date":"2024-07-08T16:35:18","date_gmt":"2024-07-08T19:35:18","guid":{"rendered":"https:\/\/jornalfatosenoticias.com.br\/?p=52524"},"modified":"2024-07-08T16:35:19","modified_gmt":"2024-07-08T19:35:19","slug":"lobo-pre-historico-congelado-pode-revelar-segredos-da-era-do-gelo","status":"publish","type":"post","link":"https:\/\/jornalfatosenoticias.com.br\/index.php\/2024\/07\/08\/lobo-pre-historico-congelado-pode-revelar-segredos-da-era-do-gelo\/","title":{"rendered":"Lobo pr\u00e9-hist\u00f3rico congelado pode revelar segredos da Era do Gelo"},"content":{"rendered":"\n<p><em><span class=\"has-inline-color has-black-color\">O lobo, que viveu h\u00e1 44 mil anos, foi descoberto congelado em 2021 e agora est\u00e1 passando por uma aut\u00f3psia<\/span><\/em><\/p>\n\n\n\n<p><span class=\"has-inline-color has-black-color\">Por <strong><a href=\"https:\/\/olhardigital.com.br\/author\/alessandro-lorenzo\/\">Alessandro Di Lorenzo<\/a><\/strong><\/span><\/p>\n\n\n\n<div class=\"wp-block-image\"><figure class=\"aligncenter size-large\"><a href=\"https:\/\/mizu.com.br\/\"><img loading=\"lazy\" decoding=\"async\" width=\"729\" height=\"90\" src=\"https:\/\/jornalfatosenoticias.com.br\/wp-content\/uploads\/2020\/02\/Logo_Mizu.png\" alt=\"\" class=\"wp-image-1441\" srcset=\"https:\/\/jornalfatosenoticias.com.br\/wp-content\/uploads\/2020\/02\/Logo_Mizu.png 729w, https:\/\/jornalfatosenoticias.com.br\/wp-content\/uploads\/2020\/02\/Logo_Mizu-300x37.png 300w\" sizes=\"auto, (max-width: 729px) 100vw, 729px\" \/><\/a><\/figure><\/div>\n\n\n\n<p>Um <a href=\"https:\/\/olhardigital.com.br\/tag\/lobo\/\"><strong>lobo<\/strong><\/a>\u00a0pr\u00e9-hist\u00f3rico de mais de 44 mil anos encontrado congelado no territ\u00f3rio da atual R\u00fassia passou por uma aut\u00f3psia recentemente. Segundo pesquisadores, esta an\u00e1lise pode revelar qual era a dieta do animal durante a\u00a0<a href=\"https:\/\/olhardigital.com.br\/tag\/era-do-gelo\/\"><strong>Era do Gelo<\/strong><\/a>. Al\u00e9m disso, eles esperam encontrar\u00a0<a href=\"https:\/\/olhardigital.com.br\/tag\/bacterias\/\"><strong>bact\u00e9rias<\/strong><\/a> vivas dentro da carca\u00e7a do predador antigo.<br>O lobo foi descoberto em 2021. Ele estava enterrado sob 40 metros de permafrost (terreno que permaneceu congelado durante anos) no rio Tirekhtyakh, no Extremo Oriente da R\u00fassia. Essa camada permanentemente congelada de solo sob a superf\u00edcie superior da Terra atua como um material ideal para armazenar e preservar esp\u00e9cimes vivos da Idade do Gelo.<\/p>\n\n\n\n<div class=\"wp-block-image\"><figure class=\"aligncenter size-large is-resized\"><a href=\"https:\/\/www.controlsystems.com.br\/\"><img loading=\"lazy\" decoding=\"async\" src=\"https:\/\/jornalfatosenoticias.com.br\/wp-content\/uploads\/2020\/02\/CONTROL-CS.jpg\" alt=\"\" class=\"wp-image-44991\" width=\"305\" height=\"366\" srcset=\"https:\/\/jornalfatosenoticias.com.br\/wp-content\/uploads\/2020\/02\/CONTROL-CS.jpg 834w, https:\/\/jornalfatosenoticias.com.br\/wp-content\/uploads\/2020\/02\/CONTROL-CS-250x300.jpg 250w, https:\/\/jornalfatosenoticias.com.br\/wp-content\/uploads\/2020\/02\/CONTROL-CS-768x921.jpg 768w\" sizes=\"auto, (max-width: 305px) 100vw, 305px\" \/><\/a><\/figure><\/div>\n\n\n\n<p>O corpo do animal foi transferido para a Academia de Ci\u00eancias da Rep\u00fablica de Sakha. Desde ent\u00e3o, passou por uma aut\u00f3psia realizada por cientistas do Museu Mamute da Universidade Federal do Nordeste e da Universidade Europeia de S\u00e3o Petersburgo. A equipe colheu amostras de \u00f3rg\u00e3os internos, que est\u00e3o bem preservados, assim como do conte\u00fado do trato gastrointestinal. Ao observar as bact\u00e9rias presentes ali, pode ser poss\u00edvel aprender sobre a dieta e a sa\u00fade do lobo.<\/p>\n\n\n\n<div class=\"wp-block-image\"><figure class=\"aligncenter size-large is-resized\"><a href=\"https:\/\/www.ithbrasil.com.br\/\"><img loading=\"lazy\" decoding=\"async\" src=\"https:\/\/jornalfatosenoticias.com.br\/wp-content\/uploads\/2023\/08\/ITH.jpeg\" alt=\"\" class=\"wp-image-44638\" width=\"297\" height=\"241\" srcset=\"https:\/\/jornalfatosenoticias.com.br\/wp-content\/uploads\/2023\/08\/ITH.jpeg 800w, https:\/\/jornalfatosenoticias.com.br\/wp-content\/uploads\/2023\/08\/ITH-300x244.jpeg 300w, https:\/\/jornalfatosenoticias.com.br\/wp-content\/uploads\/2023\/08\/ITH-768x624.jpeg 768w\" sizes=\"auto, (max-width: 297px) 100vw, 297px\" \/><\/a><\/figure><\/div>\n\n\n\n<p>Um dente pr\u00e9-molar tamb\u00e9m est\u00e1 sendo analisado para determinar a idade do animal. De acordo com a equipe, acredita-se que seja um macho adulto. Os pesquisadores esperam que alguns dos microrganismos presentes no interior do animal possam ainda estar vivos. \u00c9 comum que bact\u00e9rias \u201chibernem\u201d por milhares de anos sob temperaturas abaixo de zero.<\/p>\n\n\n\n<div class=\"wp-block-image\"><figure class=\"aligncenter size-large\"><a href=\"http:\/\/www.ferrarimaquinas.com.br\/\"><img loading=\"lazy\" decoding=\"async\" width=\"300\" height=\"250\" src=\"https:\/\/jornalfatosenoticias.com.br\/wp-content\/uploads\/2022\/02\/FERRARI_MAQUINAS-E-FERRAMENTAS2.jpg\" alt=\"\" class=\"wp-image-27860\"\/><\/a><\/figure><\/div>\n\n\n\n<p>Se elas realmente tiverem sobrevivido, \u00e9 poss\u00edvel que sejam usadas em estudos relacionados \u00e0 biomedicina moderna. Uma das possibilidades \u00e9 que estes microrganismos ajudem no desenvolvimento de novas subst\u00e2ncias biologicamente ativas.<\/p>\n\n\n\n<div class=\"wp-block-image\"><figure class=\"aligncenter size-large is-resized\"><a href=\"https:\/\/www.facebook.com\/vetor.vix\/\"><img loading=\"lazy\" decoding=\"async\" src=\"https:\/\/jornalfatosenoticias.com.br\/wp-content\/uploads\/2023\/09\/vetorvix1024_1.jpg\" alt=\"\" class=\"wp-image-44868\" width=\"592\" height=\"157\" srcset=\"https:\/\/jornalfatosenoticias.com.br\/wp-content\/uploads\/2023\/09\/vetorvix1024_1.jpg 1024w, https:\/\/jornalfatosenoticias.com.br\/wp-content\/uploads\/2023\/09\/vetorvix1024_1-300x80.jpg 300w, https:\/\/jornalfatosenoticias.com.br\/wp-content\/uploads\/2023\/09\/vetorvix1024_1-768x205.jpg 768w\" sizes=\"auto, (max-width: 592px) 100vw, 592px\" \/><\/a><\/figure><\/div>\n\n\n\n<p><strong><em>Fonte: <a href=\"https:\/\/olhardigital.com.br\/2024\/06\/27\/ciencia-e-espaco\/lobo-pre-historico-congelado-pode-revelar-segredos-da-era-do-gelo\/\">Olhar Digital<\/a><\/em><\/strong><\/p>\n","protected":false},"excerpt":{"rendered":"<p>O lobo, que viveu h\u00e1 44 mil anos, foi descoberto congelado em 2021 e agora est\u00e1 passando por uma aut\u00f3psia Por Alessandro Di Lorenzo Um lobo\u00a0pr\u00e9-hist\u00f3rico de mais de 44 mil anos encontrado congelado no territ\u00f3rio da atual R\u00fassia passou por uma aut\u00f3psia recentemente. Segundo pesquisadores, esta an\u00e1lise pode revelar qual era a dieta do [&hellip;]<\/p>\n","protected":false},"author":2,"featured_media":52525,"comment_status":"open","ping_status":"open","sticky":false,"template":"","format":"standard","meta":{"footnotes":""},"categories":[9808],"tags":[55,10304,20438,24007],"class_list":["post-52524","post","type-post","status-publish","format-standard","has-post-thumbnail","hentry","category-paleo-arqueologia","tag-bacterias","tag-era-do-gelo","tag-lobo","tag-lobo-pre-historico"],"yoast_head":"<!-- This site is optimized with the Yoast SEO plugin v26.5 - https:\/\/yoast.com\/wordpress\/plugins\/seo\/ -->\n<title>Lobo pr\u00e9-hist\u00f3rico congelado pode revelar segredos da Era do Gelo - Jornal Fatos e Not\u00edcias<\/title>\n<meta name=\"robots\" content=\"index, follow, max-snippet:-1, max-image-preview:large, max-video-preview:-1\" \/>\n<link rel=\"canonical\" href=\"https:\/\/jornalfatosenoticias.com.br\/index.php\/2024\/07\/08\/lobo-pre-historico-congelado-pode-revelar-segredos-da-era-do-gelo\/\" \/>\n<meta property=\"og:locale\" content=\"pt_BR\" \/>\n<meta property=\"og:type\" content=\"article\" \/>\n<meta property=\"og:title\" content=\"Lobo pr\u00e9-hist\u00f3rico congelado pode revelar segredos da Era do Gelo - Jornal Fatos e Not\u00edcias\" \/>\n<meta property=\"og:description\" content=\"O lobo, que viveu h\u00e1 44 mil anos, foi descoberto congelado em 2021 e agora est\u00e1 passando por uma aut\u00f3psia Por Alessandro Di Lorenzo Um lobo\u00a0pr\u00e9-hist\u00f3rico de mais de 44 mil anos encontrado congelado no territ\u00f3rio da atual R\u00fassia passou por uma aut\u00f3psia recentemente. Segundo pesquisadores, esta an\u00e1lise pode revelar qual era a dieta do [&hellip;]\" \/>\n<meta property=\"og:url\" content=\"https:\/\/jornalfatosenoticias.com.br\/index.php\/2024\/07\/08\/lobo-pre-historico-congelado-pode-revelar-segredos-da-era-do-gelo\/\" \/>\n<meta property=\"og:site_name\" content=\"Jornal Fatos e Not\u00edcias\" \/>\n<meta property=\"article:published_time\" content=\"2024-07-08T19:35:18+00:00\" \/>\n<meta property=\"article:modified_time\" content=\"2024-07-08T19:35:19+00:00\" \/>\n<meta property=\"og:image\" content=\"https:\/\/jornalfatosenoticias.com.br\/wp-content\/uploads\/2024\/07\/lobo-pre-historico_freepik.jpg\" \/>\n\t<meta property=\"og:image:width\" content=\"996\" \/>\n\t<meta property=\"og:image:height\" content=\"558\" \/>\n\t<meta property=\"og:image:type\" content=\"image\/jpeg\" \/>\n<meta name=\"author\" content=\"Luzimara Fernandes\" \/>\n<meta name=\"twitter:card\" content=\"summary_large_image\" \/>\n<meta name=\"twitter:label1\" content=\"Escrito por\" \/>\n\t<meta name=\"twitter:data1\" content=\"Luzimara Fernandes\" \/>\n\t<meta name=\"twitter:label2\" content=\"Est. tempo de leitura\" \/>\n\t<meta name=\"twitter:data2\" content=\"2 minutos\" \/>\n<script type=\"application\/ld+json\" class=\"yoast-schema-graph\">{\"@context\":\"https:\/\/schema.org\",\"@graph\":[{\"@type\":\"Article\",\"@id\":\"https:\/\/jornalfatosenoticias.com.br\/index.php\/2024\/07\/08\/lobo-pre-historico-congelado-pode-revelar-segredos-da-era-do-gelo\/#article\",\"isPartOf\":{\"@id\":\"https:\/\/jornalfatosenoticias.com.br\/index.php\/2024\/07\/08\/lobo-pre-historico-congelado-pode-revelar-segredos-da-era-do-gelo\/\"},\"author\":{\"name\":\"Luzimara Fernandes\",\"@id\":\"https:\/\/jornalfatosenoticias.com.br\/#\/schema\/person\/d63837fa13ac8666eb9e74e0985d6f81\"},\"headline\":\"Lobo pr\u00e9-hist\u00f3rico congelado pode revelar segredos da Era do Gelo\",\"datePublished\":\"2024-07-08T19:35:18+00:00\",\"dateModified\":\"2024-07-08T19:35:19+00:00\",\"mainEntityOfPage\":{\"@id\":\"https:\/\/jornalfatosenoticias.com.br\/index.php\/2024\/07\/08\/lobo-pre-historico-congelado-pode-revelar-segredos-da-era-do-gelo\/\"},\"wordCount\":325,\"commentCount\":0,\"publisher\":{\"@id\":\"https:\/\/jornalfatosenoticias.com.br\/#organization\"},\"image\":{\"@id\":\"https:\/\/jornalfatosenoticias.com.br\/index.php\/2024\/07\/08\/lobo-pre-historico-congelado-pode-revelar-segredos-da-era-do-gelo\/#primaryimage\"},\"thumbnailUrl\":\"https:\/\/jornalfatosenoticias.com.br\/wp-content\/uploads\/2024\/07\/lobo-pre-historico_freepik.jpg\",\"keywords\":[\"bact\u00e9rias\",\"Era do Gelo\",\"lobo\",\"lobo pr\u00e9-hist\u00f3rico\"],\"articleSection\":[\"Paleo &amp; Arqueologia\"],\"inLanguage\":\"pt-BR\",\"potentialAction\":[{\"@type\":\"CommentAction\",\"name\":\"Comment\",\"target\":[\"https:\/\/jornalfatosenoticias.com.br\/index.php\/2024\/07\/08\/lobo-pre-historico-congelado-pode-revelar-segredos-da-era-do-gelo\/#respond\"]}]},{\"@type\":\"WebPage\",\"@id\":\"https:\/\/jornalfatosenoticias.com.br\/index.php\/2024\/07\/08\/lobo-pre-historico-congelado-pode-revelar-segredos-da-era-do-gelo\/\",\"url\":\"https:\/\/jornalfatosenoticias.com.br\/index.php\/2024\/07\/08\/lobo-pre-historico-congelado-pode-revelar-segredos-da-era-do-gelo\/\",\"name\":\"Lobo pr\u00e9-hist\u00f3rico congelado pode revelar segredos da Era do Gelo - Jornal Fatos e Not\u00edcias\",\"isPartOf\":{\"@id\":\"https:\/\/jornalfatosenoticias.com.br\/#website\"},\"primaryImageOfPage\":{\"@id\":\"https:\/\/jornalfatosenoticias.com.br\/index.php\/2024\/07\/08\/lobo-pre-historico-congelado-pode-revelar-segredos-da-era-do-gelo\/#primaryimage\"},\"image\":{\"@id\":\"https:\/\/jornalfatosenoticias.com.br\/index.php\/2024\/07\/08\/lobo-pre-historico-congelado-pode-revelar-segredos-da-era-do-gelo\/#primaryimage\"},\"thumbnailUrl\":\"https:\/\/jornalfatosenoticias.com.br\/wp-content\/uploads\/2024\/07\/lobo-pre-historico_freepik.jpg\",\"datePublished\":\"2024-07-08T19:35:18+00:00\",\"dateModified\":\"2024-07-08T19:35:19+00:00\",\"breadcrumb\":{\"@id\":\"https:\/\/jornalfatosenoticias.com.br\/index.php\/2024\/07\/08\/lobo-pre-historico-congelado-pode-revelar-segredos-da-era-do-gelo\/#breadcrumb\"},\"inLanguage\":\"pt-BR\",\"potentialAction\":[{\"@type\":\"ReadAction\",\"target\":[\"https:\/\/jornalfatosenoticias.com.br\/index.php\/2024\/07\/08\/lobo-pre-historico-congelado-pode-revelar-segredos-da-era-do-gelo\/\"]}]},{\"@type\":\"ImageObject\",\"inLanguage\":\"pt-BR\",\"@id\":\"https:\/\/jornalfatosenoticias.com.br\/index.php\/2024\/07\/08\/lobo-pre-historico-congelado-pode-revelar-segredos-da-era-do-gelo\/#primaryimage\",\"url\":\"https:\/\/jornalfatosenoticias.com.br\/wp-content\/uploads\/2024\/07\/lobo-pre-historico_freepik.jpg\",\"contentUrl\":\"https:\/\/jornalfatosenoticias.com.br\/wp-content\/uploads\/2024\/07\/lobo-pre-historico_freepik.jpg\",\"width\":996,\"height\":558},{\"@type\":\"BreadcrumbList\",\"@id\":\"https:\/\/jornalfatosenoticias.com.br\/index.php\/2024\/07\/08\/lobo-pre-historico-congelado-pode-revelar-segredos-da-era-do-gelo\/#breadcrumb\",\"itemListElement\":[{\"@type\":\"ListItem\",\"position\":1,\"name\":\"In\u00edcio\",\"item\":\"https:\/\/jornalfatosenoticias.com.br\/\"},{\"@type\":\"ListItem\",\"position\":2,\"name\":\"Lobo pr\u00e9-hist\u00f3rico congelado pode revelar segredos da Era do Gelo\"}]},{\"@type\":\"WebSite\",\"@id\":\"https:\/\/jornalfatosenoticias.com.br\/#website\",\"url\":\"https:\/\/jornalfatosenoticias.com.br\/\",\"name\":\"Jornal Fatos e Not\u00edcias\",\"description\":\"Not\u00edcias em geral\",\"publisher\":{\"@id\":\"https:\/\/jornalfatosenoticias.com.br\/#organization\"},\"potentialAction\":[{\"@type\":\"SearchAction\",\"target\":{\"@type\":\"EntryPoint\",\"urlTemplate\":\"https:\/\/jornalfatosenoticias.com.br\/?s={search_term_string}\"},\"query-input\":{\"@type\":\"PropertyValueSpecification\",\"valueRequired\":true,\"valueName\":\"search_term_string\"}}],\"inLanguage\":\"pt-BR\"},{\"@type\":\"Organization\",\"@id\":\"https:\/\/jornalfatosenoticias.com.br\/#organization\",\"name\":\"Jornal Fatos e Not\u00edcias\",\"url\":\"https:\/\/jornalfatosenoticias.com.br\/\",\"logo\":{\"@type\":\"ImageObject\",\"inLanguage\":\"pt-BR\",\"@id\":\"https:\/\/jornalfatosenoticias.com.br\/#\/schema\/logo\/image\/\",\"url\":\"https:\/\/jornalfatosenoticias.com.br\/wp-content\/uploads\/2020\/02\/logo120.png\",\"contentUrl\":\"https:\/\/jornalfatosenoticias.com.br\/wp-content\/uploads\/2020\/02\/logo120.png\",\"width\":1227,\"height\":120,\"caption\":\"Jornal Fatos e Not\u00edcias\"},\"image\":{\"@id\":\"https:\/\/jornalfatosenoticias.com.br\/#\/schema\/logo\/image\/\"}},{\"@type\":\"Person\",\"@id\":\"https:\/\/jornalfatosenoticias.com.br\/#\/schema\/person\/d63837fa13ac8666eb9e74e0985d6f81\",\"name\":\"Luzimara Fernandes\",\"image\":{\"@type\":\"ImageObject\",\"inLanguage\":\"pt-BR\",\"@id\":\"https:\/\/jornalfatosenoticias.com.br\/#\/schema\/person\/image\/\",\"url\":\"https:\/\/jornalfatosenoticias.com.br\/wp-content\/uploads\/2025\/05\/EU_portal.jpg\",\"contentUrl\":\"https:\/\/jornalfatosenoticias.com.br\/wp-content\/uploads\/2025\/05\/EU_portal.jpg\",\"caption\":\"Luzimara Fernandes\"},\"description\":\"Jornalista MTB 2358-ES\",\"sameAs\":[\"https:\/\/jornalfatosenoticias.com.br\"],\"url\":\"https:\/\/jornalfatosenoticias.com.br\/index.php\/author\/luzimara\/\"}]}<\/script>\n<!-- \/ Yoast SEO plugin. -->","yoast_head_json":{"title":"Lobo pr\u00e9-hist\u00f3rico congelado pode revelar segredos da Era do Gelo - Jornal Fatos e Not\u00edcias","robots":{"index":"index","follow":"follow","max-snippet":"max-snippet:-1","max-image-preview":"max-image-preview:large","max-video-preview":"max-video-preview:-1"},"canonical":"https:\/\/jornalfatosenoticias.com.br\/index.php\/2024\/07\/08\/lobo-pre-historico-congelado-pode-revelar-segredos-da-era-do-gelo\/","og_locale":"pt_BR","og_type":"article","og_title":"Lobo pr\u00e9-hist\u00f3rico congelado pode revelar segredos da Era do Gelo - Jornal Fatos e Not\u00edcias","og_description":"O lobo, que viveu h\u00e1 44 mil anos, foi descoberto congelado em 2021 e agora est\u00e1 passando por uma aut\u00f3psia Por Alessandro Di Lorenzo Um lobo\u00a0pr\u00e9-hist\u00f3rico de mais de 44 mil anos encontrado congelado no territ\u00f3rio da atual R\u00fassia passou por uma aut\u00f3psia recentemente. Segundo pesquisadores, esta an\u00e1lise pode revelar qual era a dieta do [&hellip;]","og_url":"https:\/\/jornalfatosenoticias.com.br\/index.php\/2024\/07\/08\/lobo-pre-historico-congelado-pode-revelar-segredos-da-era-do-gelo\/","og_site_name":"Jornal Fatos e Not\u00edcias","article_published_time":"2024-07-08T19:35:18+00:00","article_modified_time":"2024-07-08T19:35:19+00:00","og_image":[{"width":996,"height":558,"url":"https:\/\/jornalfatosenoticias.com.br\/wp-content\/uploads\/2024\/07\/lobo-pre-historico_freepik.jpg","type":"image\/jpeg"}],"author":"Luzimara Fernandes","twitter_card":"summary_large_image","twitter_misc":{"Escrito por":"Luzimara Fernandes","Est. tempo de leitura":"2 minutos"},"schema":{"@context":"https:\/\/schema.org","@graph":[{"@type":"Article","@id":"https:\/\/jornalfatosenoticias.com.br\/index.php\/2024\/07\/08\/lobo-pre-historico-congelado-pode-revelar-segredos-da-era-do-gelo\/#article","isPartOf":{"@id":"https:\/\/jornalfatosenoticias.com.br\/index.php\/2024\/07\/08\/lobo-pre-historico-congelado-pode-revelar-segredos-da-era-do-gelo\/"},"author":{"name":"Luzimara Fernandes","@id":"https:\/\/jornalfatosenoticias.com.br\/#\/schema\/person\/d63837fa13ac8666eb9e74e0985d6f81"},"headline":"Lobo pr\u00e9-hist\u00f3rico congelado pode revelar segredos da Era do Gelo","datePublished":"2024-07-08T19:35:18+00:00","dateModified":"2024-07-08T19:35:19+00:00","mainEntityOfPage":{"@id":"https:\/\/jornalfatosenoticias.com.br\/index.php\/2024\/07\/08\/lobo-pre-historico-congelado-pode-revelar-segredos-da-era-do-gelo\/"},"wordCount":325,"commentCount":0,"publisher":{"@id":"https:\/\/jornalfatosenoticias.com.br\/#organization"},"image":{"@id":"https:\/\/jornalfatosenoticias.com.br\/index.php\/2024\/07\/08\/lobo-pre-historico-congelado-pode-revelar-segredos-da-era-do-gelo\/#primaryimage"},"thumbnailUrl":"https:\/\/jornalfatosenoticias.com.br\/wp-content\/uploads\/2024\/07\/lobo-pre-historico_freepik.jpg","keywords":["bact\u00e9rias","Era do Gelo","lobo","lobo pr\u00e9-hist\u00f3rico"],"articleSection":["Paleo &amp; Arqueologia"],"inLanguage":"pt-BR","potentialAction":[{"@type":"CommentAction","name":"Comment","target":["https:\/\/jornalfatosenoticias.com.br\/index.php\/2024\/07\/08\/lobo-pre-historico-congelado-pode-revelar-segredos-da-era-do-gelo\/#respond"]}]},{"@type":"WebPage","@id":"https:\/\/jornalfatosenoticias.com.br\/index.php\/2024\/07\/08\/lobo-pre-historico-congelado-pode-revelar-segredos-da-era-do-gelo\/","url":"https:\/\/jornalfatosenoticias.com.br\/index.php\/2024\/07\/08\/lobo-pre-historico-congelado-pode-revelar-segredos-da-era-do-gelo\/","name":"Lobo pr\u00e9-hist\u00f3rico congelado pode revelar segredos da Era do Gelo - Jornal Fatos e Not\u00edcias","isPartOf":{"@id":"https:\/\/jornalfatosenoticias.com.br\/#website"},"primaryImageOfPage":{"@id":"https:\/\/jornalfatosenoticias.com.br\/index.php\/2024\/07\/08\/lobo-pre-historico-congelado-pode-revelar-segredos-da-era-do-gelo\/#primaryimage"},"image":{"@id":"https:\/\/jornalfatosenoticias.com.br\/index.php\/2024\/07\/08\/lobo-pre-historico-congelado-pode-revelar-segredos-da-era-do-gelo\/#primaryimage"},"thumbnailUrl":"https:\/\/jornalfatosenoticias.com.br\/wp-content\/uploads\/2024\/07\/lobo-pre-historico_freepik.jpg","datePublished":"2024-07-08T19:35:18+00:00","dateModified":"2024-07-08T19:35:19+00:00","breadcrumb":{"@id":"https:\/\/jornalfatosenoticias.com.br\/index.php\/2024\/07\/08\/lobo-pre-historico-congelado-pode-revelar-segredos-da-era-do-gelo\/#breadcrumb"},"inLanguage":"pt-BR","potentialAction":[{"@type":"ReadAction","target":["https:\/\/jornalfatosenoticias.com.br\/index.php\/2024\/07\/08\/lobo-pre-historico-congelado-pode-revelar-segredos-da-era-do-gelo\/"]}]},{"@type":"ImageObject","inLanguage":"pt-BR","@id":"https:\/\/jornalfatosenoticias.com.br\/index.php\/2024\/07\/08\/lobo-pre-historico-congelado-pode-revelar-segredos-da-era-do-gelo\/#primaryimage","url":"https:\/\/jornalfatosenoticias.com.br\/wp-content\/uploads\/2024\/07\/lobo-pre-historico_freepik.jpg","contentUrl":"https:\/\/jornalfatosenoticias.com.br\/wp-content\/uploads\/2024\/07\/lobo-pre-historico_freepik.jpg","width":996,"height":558},{"@type":"BreadcrumbList","@id":"https:\/\/jornalfatosenoticias.com.br\/index.php\/2024\/07\/08\/lobo-pre-historico-congelado-pode-revelar-segredos-da-era-do-gelo\/#breadcrumb","itemListElement":[{"@type":"ListItem","position":1,"name":"In\u00edcio","item":"https:\/\/jornalfatosenoticias.com.br\/"},{"@type":"ListItem","position":2,"name":"Lobo pr\u00e9-hist\u00f3rico congelado pode revelar segredos da Era do Gelo"}]},{"@type":"WebSite","@id":"https:\/\/jornalfatosenoticias.com.br\/#website","url":"https:\/\/jornalfatosenoticias.com.br\/","name":"Jornal Fatos e Not\u00edcias","description":"Not\u00edcias em geral","publisher":{"@id":"https:\/\/jornalfatosenoticias.com.br\/#organization"},"potentialAction":[{"@type":"SearchAction","target":{"@type":"EntryPoint","urlTemplate":"https:\/\/jornalfatosenoticias.com.br\/?s={search_term_string}"},"query-input":{"@type":"PropertyValueSpecification","valueRequired":true,"valueName":"search_term_string"}}],"inLanguage":"pt-BR"},{"@type":"Organization","@id":"https:\/\/jornalfatosenoticias.com.br\/#organization","name":"Jornal Fatos e Not\u00edcias","url":"https:\/\/jornalfatosenoticias.com.br\/","logo":{"@type":"ImageObject","inLanguage":"pt-BR","@id":"https:\/\/jornalfatosenoticias.com.br\/#\/schema\/logo\/image\/","url":"https:\/\/jornalfatosenoticias.com.br\/wp-content\/uploads\/2020\/02\/logo120.png","contentUrl":"https:\/\/jornalfatosenoticias.com.br\/wp-content\/uploads\/2020\/02\/logo120.png","width":1227,"height":120,"caption":"Jornal Fatos e Not\u00edcias"},"image":{"@id":"https:\/\/jornalfatosenoticias.com.br\/#\/schema\/logo\/image\/"}},{"@type":"Person","@id":"https:\/\/jornalfatosenoticias.com.br\/#\/schema\/person\/d63837fa13ac8666eb9e74e0985d6f81","name":"Luzimara Fernandes","image":{"@type":"ImageObject","inLanguage":"pt-BR","@id":"https:\/\/jornalfatosenoticias.com.br\/#\/schema\/person\/image\/","url":"https:\/\/jornalfatosenoticias.com.br\/wp-content\/uploads\/2025\/05\/EU_portal.jpg","contentUrl":"https:\/\/jornalfatosenoticias.com.br\/wp-content\/uploads\/2025\/05\/EU_portal.jpg","caption":"Luzimara Fernandes"},"description":"Jornalista MTB 2358-ES","sameAs":["https:\/\/jornalfatosenoticias.com.br"],"url":"https:\/\/jornalfatosenoticias.com.br\/index.php\/author\/luzimara\/"}]}},"cc_featured_image_caption":{"caption_text":"(Foto: Freepik) ","source_text":"","source_url":""},"jetpack_featured_media_url":"https:\/\/jornalfatosenoticias.com.br\/wp-content\/uploads\/2024\/07\/lobo-pre-historico_freepik.jpg","_links":{"self":[{"href":"https:\/\/jornalfatosenoticias.com.br\/index.php\/wp-json\/wp\/v2\/posts\/52524","targetHints":{"allow":["GET"]}}],"collection":[{"href":"https:\/\/jornalfatosenoticias.com.br\/index.php\/wp-json\/wp\/v2\/posts"}],"about":[{"href":"https:\/\/jornalfatosenoticias.com.br\/index.php\/wp-json\/wp\/v2\/types\/post"}],"author":[{"embeddable":true,"href":"https:\/\/jornalfatosenoticias.com.br\/index.php\/wp-json\/wp\/v2\/users\/2"}],"replies":[{"embeddable":true,"href":"https:\/\/jornalfatosenoticias.com.br\/index.php\/wp-json\/wp\/v2\/comments?post=52524"}],"version-history":[{"count":0,"href":"https:\/\/jornalfatosenoticias.com.br\/index.php\/wp-json\/wp\/v2\/posts\/52524\/revisions"}],"wp:featuredmedia":[{"embeddable":true,"href":"https:\/\/jornalfatosenoticias.com.br\/index.php\/wp-json\/wp\/v2\/media\/52525"}],"wp:attachment":[{"href":"https:\/\/jornalfatosenoticias.com.br\/index.php\/wp-json\/wp\/v2\/media?parent=52524"}],"wp:term":[{"taxonomy":"category","embeddable":true,"href":"https:\/\/jornalfatosenoticias.com.br\/index.php\/wp-json\/wp\/v2\/categories?post=52524"},{"taxonomy":"post_tag","embeddable":true,"href":"https:\/\/jornalfatosenoticias.com.br\/index.php\/wp-json\/wp\/v2\/tags?post=52524"}],"curies":[{"name":"wp","href":"https:\/\/api.w.org\/{rel}","templated":true}]}}