{"id":52527,"date":"2024-07-08T16:44:55","date_gmt":"2024-07-08T19:44:55","guid":{"rendered":"https:\/\/jornalfatosenoticias.com.br\/?p=52527"},"modified":"2024-07-08T16:44:57","modified_gmt":"2024-07-08T19:44:57","slug":"foguete-movido-a-acucar-poe-brasileiros-no-podio-de-competicao-estudantil-nos-eua","status":"publish","type":"post","link":"https:\/\/jornalfatosenoticias.com.br\/index.php\/2024\/07\/08\/foguete-movido-a-acucar-poe-brasileiros-no-podio-de-competicao-estudantil-nos-eua\/","title":{"rendered":"Foguete movido a a\u00e7\u00facar p\u00f5e brasileiros no p\u00f3dio de competi\u00e7\u00e3o estudantil nos EUA"},"content":{"rendered":"\n<p><em><span class=\"has-inline-color has-black-color\">Equipe de estudantes brasileiros ocupa p\u00f3dio da competi\u00e7\u00e3o mais importante do mundo com o projeto de um foguete movido a a\u00e7\u00facar<\/span><\/em><\/p>\n\n\n\n<p><span class=\"has-inline-color has-black-color\">Por <strong>Renata Dias<\/strong><\/span><\/p>\n\n\n\n<div class=\"wp-block-image\"><figure class=\"aligncenter size-large\"><a href=\"https:\/\/panper.com.br\/\"><img loading=\"lazy\" decoding=\"async\" width=\"1024\" height=\"111\" src=\"https:\/\/jornalfatosenoticias.com.br\/wp-content\/uploads\/2020\/02\/WhatsApp-Image-2022-09-23-at-12.09.18-1024x111.jpeg\" alt=\"\" class=\"wp-image-34527\" srcset=\"https:\/\/jornalfatosenoticias.com.br\/wp-content\/uploads\/2020\/02\/WhatsApp-Image-2022-09-23-at-12.09.18-1024x111.jpeg 1024w, https:\/\/jornalfatosenoticias.com.br\/wp-content\/uploads\/2020\/02\/WhatsApp-Image-2022-09-23-at-12.09.18-300x32.jpeg 300w, https:\/\/jornalfatosenoticias.com.br\/wp-content\/uploads\/2020\/02\/WhatsApp-Image-2022-09-23-at-12.09.18-768x83.jpeg 768w, https:\/\/jornalfatosenoticias.com.br\/wp-content\/uploads\/2020\/02\/WhatsApp-Image-2022-09-23-at-12.09.18.jpeg 1121w\" sizes=\"auto, (max-width: 1024px) 100vw, 1024px\" \/><\/a><\/figure><\/div>\n\n\n\n<p>Estudantes da Universidade de S\u00e3o Paulo (USP) conquistaram o 2\u00ba lugar numa disputa entre 152 equipes internacionais, atr\u00e1s apenas da Universidade de Maryland (EUA). O projeto \u00e9 de um foguete movido a a\u00e7\u00facar e que colocou os brasileiros no p\u00f3dio na maior competi\u00e7\u00e3o estudantil na \u00e1rea que h\u00e1 no mundo, a Spaceport America Cup, nos EUA.<br>Na categoria 10k SOLID SRAD, o Projeto J\u00fapiter se destacou entre 1.700 competidores de v\u00e1rios pa\u00edses. \u201cO resultado \u00e9 um testemunho do trabalho \u00e1rduo, dedica\u00e7\u00e3o e paix\u00e3o de todos os envolvidos\u201d, afirmou a equipe de estudantes brasileiros, do Projeto J\u00fapiter, da Escola Polit\u00e9cnica (Poli-USP), nas redes sociais.<\/p>\n\n\n\n<div class=\"wp-block-image\"><figure class=\"aligncenter size-large\"><a href=\"https:\/\/cesconetto.com.br\/\"><img loading=\"lazy\" decoding=\"async\" width=\"300\" height=\"250\" src=\"https:\/\/jornalfatosenoticias.com.br\/wp-content\/uploads\/2022\/02\/Banner-2.png\" alt=\"\" class=\"wp-image-27877\"\/><\/a><\/figure><\/div>\n\n\n\n<p>O projeto venceu na categoria, que estabelecia que o foguete deveria chegar pr\u00f3ximo a tr\u00eas mil metros de altura. O foguete brasileiro alcan\u00e7ou 2.944, tamb\u00e9m deveria ter fabrica\u00e7\u00e3o pr\u00f3pria e ser movido a combust\u00edvel com oxidante. Nas redes sociais, estudantes e admiradores elogiaram o empenho dos brasileiros e a relev\u00e2ncia da premia\u00e7\u00e3o. O foguete Pac\u00edfico movido a a\u00e7\u00facar pesa 38kg e tem 2,57m de comprimento foi projetado e constru\u00eddo na Escola Polit\u00e9cnica (Poli-USP).<\/p>\n\n\n\n<div class=\"wp-block-image\"><figure class=\"aligncenter size-large is-resized\"><a href=\"https:\/\/www.instagram.com\/rapuzeljastro\/\"><img loading=\"lazy\" decoding=\"async\" src=\"https:\/\/jornalfatosenoticias.com.br\/wp-content\/uploads\/2020\/02\/logo-Rapuzel-1024x571.jpg\" alt=\"\" class=\"wp-image-42808\" width=\"372\" height=\"207\" srcset=\"https:\/\/jornalfatosenoticias.com.br\/wp-content\/uploads\/2020\/02\/logo-Rapuzel-1024x571.jpg 1024w, https:\/\/jornalfatosenoticias.com.br\/wp-content\/uploads\/2020\/02\/logo-Rapuzel-300x167.jpg 300w, https:\/\/jornalfatosenoticias.com.br\/wp-content\/uploads\/2020\/02\/logo-Rapuzel-768x428.jpg 768w, https:\/\/jornalfatosenoticias.com.br\/wp-content\/uploads\/2020\/02\/logo-Rapuzel-1536x856.jpg 1536w, https:\/\/jornalfatosenoticias.com.br\/wp-content\/uploads\/2020\/02\/logo-Rapuzel.jpg 1600w\" sizes=\"auto, (max-width: 372px) 100vw, 372px\" \/><\/a><\/figure><\/div>\n\n\n\n<p>A proposta dos brasileiros era buscar um combust\u00edvel criativo \u2014 o a\u00e7\u00facar \u2014 e conseguiram. A solu\u00e7\u00e3o alternativa \u00e9 a mistura de nitrato de pot\u00e1ssio (um fertilizante purificado) com sorbitol (a\u00e7\u00facar). Os dois s\u00e3o misturados em um \u201ccooktop\u201d de indu\u00e7\u00e3o, para n\u00e3o gerar grandes chamas de calor. Com o a\u00e7\u00facar caramelizado e em forma de pasta, o produto \u00e9 moldado para ficar no formato do motor. Juntando a essa \u201cmistura\u201d colocam-se mais calor e oxig\u00eanio (nitrato de pot\u00e1ssio). No motor, com press\u00e3o alta, o processo de queima fica intenso.<\/p>\n\n\n\n<div class=\"wp-block-image\"><figure class=\"aligncenter size-large is-resized\"><a href=\"https:\/\/www.facebook.com\/postobkr\/?locale=pt_BR\"><img loading=\"lazy\" decoding=\"async\" src=\"https:\/\/jornalfatosenoticias.com.br\/wp-content\/uploads\/2023\/08\/BKR-1024x1021.jpg\" alt=\"\" class=\"wp-image-44494\" width=\"284\" height=\"283\" srcset=\"https:\/\/jornalfatosenoticias.com.br\/wp-content\/uploads\/2023\/08\/BKR-1024x1021.jpg 1024w, https:\/\/jornalfatosenoticias.com.br\/wp-content\/uploads\/2023\/08\/BKR-300x300.jpg 300w, https:\/\/jornalfatosenoticias.com.br\/wp-content\/uploads\/2023\/08\/BKR-150x150.jpg 150w, https:\/\/jornalfatosenoticias.com.br\/wp-content\/uploads\/2023\/08\/BKR-768x766.jpg 768w, https:\/\/jornalfatosenoticias.com.br\/wp-content\/uploads\/2023\/08\/BKR.jpg 1080w\" sizes=\"auto, (max-width: 284px) 100vw, 284px\" \/><\/a><\/figure><\/div>\n\n\n\n<p>De 17 e 22 de junho, a equipe da USP e uma de Juiz de Fora (MG) \u2014 com o foguete \u201c\u00c1spera II\u201d, pesando 33 kg e medindo 3,07m de comprimento \u2014 participaram da competi\u00e7\u00e3o, no Novo M\u00e9xico (EUA). Houve representantes de praticamente o mundo inteiro: EUA, Reino Unido, Austr\u00e1lia, Alemanha, Turquia, entre outros.<\/p>\n\n\n\n<div class=\"wp-block-image\"><figure class=\"aligncenter size-large is-resized\"><a href=\"https:\/\/hotelmarquetti.com.br\/\"><img loading=\"lazy\" decoding=\"async\" src=\"https:\/\/jornalfatosenoticias.com.br\/wp-content\/uploads\/2023\/03\/nova-logo-Marquetti.jpg\" alt=\"\" class=\"wp-image-40207\" width=\"328\" height=\"220\" srcset=\"https:\/\/jornalfatosenoticias.com.br\/wp-content\/uploads\/2023\/03\/nova-logo-Marquetti.jpg 643w, https:\/\/jornalfatosenoticias.com.br\/wp-content\/uploads\/2023\/03\/nova-logo-Marquetti-300x202.jpg 300w\" sizes=\"auto, (max-width: 328px) 100vw, 328px\" \/><\/a><\/figure><\/div>\n\n\n\n<p><strong><span class=\"has-inline-color has-black-color\">Redes sociais<br><\/span><\/strong>Nas redes sociais, os estudantes brasileiros que criaram o foguete movido a a\u00e7\u00facar receberam muitos aplausos e incentivos. Tamb\u00e9m n\u00e3o \u00e9 para menos, o S\u00f3 Not\u00edcia Boa se junta a todos. A equipe agradeceu publicamente o apoio do professor que batizou o projeto e que incentivou o trabalho. \u201cParab\u00e9ns! Agradecemos profundamente pela homenagem ao Prof. Pac\u00edfico. \u00c9 muito emocionante. N\u00f3s o amamos e o admiramos para sempre e saber que ele os inspirou \u00e9 motivo de grande alegria\u201d.<\/p>\n\n\n\n<div class=\"wp-block-image\"><figure class=\"aligncenter size-large\"><a href=\"https:\/\/www.facebook.com\/Esteio-Churrascaria-Barbecue-103643461220402\/\"><img decoding=\"async\" src=\"https:\/\/jornalfatosenoticias.com.br\/wp-content\/uploads\/2020\/02\/logo_esteio.jpg\" alt=\"\" class=\"wp-image-1214\"\/><\/a><\/figure><\/div>\n\n\n\n<p>Estudantes que acompanharam o processo de constru\u00e7\u00e3o do foguete tamb\u00e9m elogiaram a iniciativa. \u201cParab\u00e9ns, pessoal!! Orgulho de mais\u201d, disse um internauta. \u201cBrasil muito bem representado! Parab\u00e9ns a todos\u201d, acrescentou outro. \u201cIncr\u00edvel trabalho. Muito orgulho desse time\u201d, reagiu um estudante.<\/p>\n\n\n\n<div class=\"wp-block-image\"><figure class=\"aligncenter size-large\"><a href=\"https:\/\/www.instagram.com\/baraodascarnes.es\/\"><img decoding=\"async\" src=\"https:\/\/jornalfatosenoticias.com.br\/wp-content\/uploads\/2020\/02\/barao-das-carnes-300x164-1.jpg\" alt=\"\" class=\"wp-image-34339\"\/><\/a><\/figure><\/div>\n\n\n\n<p><strong><span class=\"has-inline-color has-black-color\">1\u00ba lugar<br><\/span><\/strong>A equipe, que ficou em 1\u00ba lugar, da Universidade de Maryland (EUA), re\u00fane 75 estudantes. O projeto do grupo batizado de foguete Honu conseguiu atingir uma altura superior a 3,6 mil metros, bem mais alto que o foguete brasileiro. Honu em havaiano significa \u201ctartaruga\u201d. O foguete da Universidade de Maryland apresenta uma lata de barbatana de fibra de carbono com as barbatanas de estabilidade caracter\u00edsticas da Terps Rocket, uma se\u00e7\u00e3o de fibra de carbono \u00e0 qual elas se prendem, e um freio aerodin\u00e2mico, avi\u00f4nicos e carga \u00fatil personalizados.<\/p>\n\n\n\n<div class=\"wp-block-image\"><figure class=\"aligncenter size-large is-resized\"><a href=\"https:\/\/www.instagram.com\/restaurantepegoretti\/\"><img loading=\"lazy\" decoding=\"async\" src=\"https:\/\/jornalfatosenoticias.com.br\/wp-content\/uploads\/2023\/12\/pegoretti-logo-pdf-1024x389.jpg\" alt=\"\" class=\"wp-image-47536\" width=\"432\" height=\"164\" srcset=\"https:\/\/jornalfatosenoticias.com.br\/wp-content\/uploads\/2023\/12\/pegoretti-logo-pdf-1024x389.jpg 1024w, https:\/\/jornalfatosenoticias.com.br\/wp-content\/uploads\/2023\/12\/pegoretti-logo-pdf-300x114.jpg 300w, https:\/\/jornalfatosenoticias.com.br\/wp-content\/uploads\/2023\/12\/pegoretti-logo-pdf-768x291.jpg 768w, https:\/\/jornalfatosenoticias.com.br\/wp-content\/uploads\/2023\/12\/pegoretti-logo-pdf.jpg 1120w\" sizes=\"auto, (max-width: 432px) 100vw, 432px\" \/><\/a><\/figure><\/div>\n\n\n\n<p><strong><em>Fonte: <a href=\"https:\/\/www.sonoticiaboa.com.br\/2024\/07\/02\/foguete-movido-a-acucar-poe-brasileiros-no-podio-de-competicao-estudantil-nos-eua\">S\u00f3 Not\u00edcia Boa<\/a><\/em><\/strong><\/p>\n","protected":false},"excerpt":{"rendered":"<p>Equipe de estudantes brasileiros ocupa p\u00f3dio da competi\u00e7\u00e3o mais importante do mundo com o projeto de um foguete movido a a\u00e7\u00facar Por Renata Dias Estudantes da Universidade de S\u00e3o Paulo (USP) conquistaram o 2\u00ba lugar numa disputa entre 152 equipes internacionais, atr\u00e1s apenas da Universidade de Maryland (EUA). O projeto \u00e9 de um foguete movido [&hellip;]<\/p>\n","protected":false},"author":2,"featured_media":52528,"comment_status":"open","ping_status":"open","sticky":false,"template":"","format":"standard","meta":{"footnotes":""},"categories":[7],"tags":[24009,5153,5919,24008,351],"class_list":["post-52527","post","type-post","status-publish","format-standard","has-post-thumbnail","hentry","category-educacao","tag-competicao-estudantil-nos-eua","tag-estudantes-brasileiros","tag-foguete","tag-foguete-movido-a-acucar","tag-usp"],"yoast_head":"<!-- This site is optimized with the Yoast SEO plugin v26.5 - https:\/\/yoast.com\/wordpress\/plugins\/seo\/ -->\n<title>Foguete movido a a\u00e7\u00facar p\u00f5e brasileiros no p\u00f3dio de competi\u00e7\u00e3o estudantil nos EUA - Jornal Fatos e Not\u00edcias<\/title>\n<meta name=\"robots\" content=\"index, follow, max-snippet:-1, max-image-preview:large, max-video-preview:-1\" \/>\n<link rel=\"canonical\" href=\"https:\/\/jornalfatosenoticias.com.br\/index.php\/2024\/07\/08\/foguete-movido-a-acucar-poe-brasileiros-no-podio-de-competicao-estudantil-nos-eua\/\" \/>\n<meta property=\"og:locale\" content=\"pt_BR\" \/>\n<meta property=\"og:type\" content=\"article\" \/>\n<meta property=\"og:title\" content=\"Foguete movido a a\u00e7\u00facar p\u00f5e brasileiros no p\u00f3dio de competi\u00e7\u00e3o estudantil nos EUA - Jornal Fatos e Not\u00edcias\" \/>\n<meta property=\"og:description\" content=\"Equipe de estudantes brasileiros ocupa p\u00f3dio da competi\u00e7\u00e3o mais importante do mundo com o projeto de um foguete movido a a\u00e7\u00facar Por Renata Dias Estudantes da Universidade de S\u00e3o Paulo (USP) conquistaram o 2\u00ba lugar numa disputa entre 152 equipes internacionais, atr\u00e1s apenas da Universidade de Maryland (EUA). O projeto \u00e9 de um foguete movido [&hellip;]\" \/>\n<meta property=\"og:url\" content=\"https:\/\/jornalfatosenoticias.com.br\/index.php\/2024\/07\/08\/foguete-movido-a-acucar-poe-brasileiros-no-podio-de-competicao-estudantil-nos-eua\/\" \/>\n<meta property=\"og:site_name\" content=\"Jornal Fatos e Not\u00edcias\" \/>\n<meta property=\"article:published_time\" content=\"2024-07-08T19:44:55+00:00\" \/>\n<meta property=\"article:modified_time\" content=\"2024-07-08T19:44:57+00:00\" \/>\n<meta property=\"og:image\" content=\"https:\/\/jornalfatosenoticias.com.br\/wp-content\/uploads\/2024\/07\/foguete-movido-a-acucar.jpg\" \/>\n\t<meta property=\"og:image:width\" content=\"800\" \/>\n\t<meta property=\"og:image:height\" content=\"560\" \/>\n\t<meta property=\"og:image:type\" content=\"image\/jpeg\" \/>\n<meta name=\"author\" content=\"Luzimara Fernandes\" \/>\n<meta name=\"twitter:card\" content=\"summary_large_image\" \/>\n<meta name=\"twitter:label1\" content=\"Escrito por\" \/>\n\t<meta name=\"twitter:data1\" content=\"Luzimara Fernandes\" \/>\n\t<meta name=\"twitter:label2\" content=\"Est. tempo de leitura\" \/>\n\t<meta name=\"twitter:data2\" content=\"3 minutos\" \/>\n<script type=\"application\/ld+json\" class=\"yoast-schema-graph\">{\"@context\":\"https:\/\/schema.org\",\"@graph\":[{\"@type\":\"Article\",\"@id\":\"https:\/\/jornalfatosenoticias.com.br\/index.php\/2024\/07\/08\/foguete-movido-a-acucar-poe-brasileiros-no-podio-de-competicao-estudantil-nos-eua\/#article\",\"isPartOf\":{\"@id\":\"https:\/\/jornalfatosenoticias.com.br\/index.php\/2024\/07\/08\/foguete-movido-a-acucar-poe-brasileiros-no-podio-de-competicao-estudantil-nos-eua\/\"},\"author\":{\"name\":\"Luzimara Fernandes\",\"@id\":\"https:\/\/jornalfatosenoticias.com.br\/#\/schema\/person\/d63837fa13ac8666eb9e74e0985d6f81\"},\"headline\":\"Foguete movido a a\u00e7\u00facar p\u00f5e brasileiros no p\u00f3dio de competi\u00e7\u00e3o estudantil nos EUA\",\"datePublished\":\"2024-07-08T19:44:55+00:00\",\"dateModified\":\"2024-07-08T19:44:57+00:00\",\"mainEntityOfPage\":{\"@id\":\"https:\/\/jornalfatosenoticias.com.br\/index.php\/2024\/07\/08\/foguete-movido-a-acucar-poe-brasileiros-no-podio-de-competicao-estudantil-nos-eua\/\"},\"wordCount\":611,\"commentCount\":0,\"publisher\":{\"@id\":\"https:\/\/jornalfatosenoticias.com.br\/#organization\"},\"image\":{\"@id\":\"https:\/\/jornalfatosenoticias.com.br\/index.php\/2024\/07\/08\/foguete-movido-a-acucar-poe-brasileiros-no-podio-de-competicao-estudantil-nos-eua\/#primaryimage\"},\"thumbnailUrl\":\"https:\/\/jornalfatosenoticias.com.br\/wp-content\/uploads\/2024\/07\/foguete-movido-a-acucar.jpg\",\"keywords\":[\"competi\u00e7\u00e3o estudantil nos EUA\",\"estudantes brasileiros\",\"foguete\",\"foguete movido a a\u00e7\u00facar\",\"USP\"],\"articleSection\":[\"Educa\u00e7\u00e3o\"],\"inLanguage\":\"pt-BR\",\"potentialAction\":[{\"@type\":\"CommentAction\",\"name\":\"Comment\",\"target\":[\"https:\/\/jornalfatosenoticias.com.br\/index.php\/2024\/07\/08\/foguete-movido-a-acucar-poe-brasileiros-no-podio-de-competicao-estudantil-nos-eua\/#respond\"]}]},{\"@type\":\"WebPage\",\"@id\":\"https:\/\/jornalfatosenoticias.com.br\/index.php\/2024\/07\/08\/foguete-movido-a-acucar-poe-brasileiros-no-podio-de-competicao-estudantil-nos-eua\/\",\"url\":\"https:\/\/jornalfatosenoticias.com.br\/index.php\/2024\/07\/08\/foguete-movido-a-acucar-poe-brasileiros-no-podio-de-competicao-estudantil-nos-eua\/\",\"name\":\"Foguete movido a a\u00e7\u00facar p\u00f5e brasileiros no p\u00f3dio de competi\u00e7\u00e3o estudantil nos EUA - Jornal Fatos e Not\u00edcias\",\"isPartOf\":{\"@id\":\"https:\/\/jornalfatosenoticias.com.br\/#website\"},\"primaryImageOfPage\":{\"@id\":\"https:\/\/jornalfatosenoticias.com.br\/index.php\/2024\/07\/08\/foguete-movido-a-acucar-poe-brasileiros-no-podio-de-competicao-estudantil-nos-eua\/#primaryimage\"},\"image\":{\"@id\":\"https:\/\/jornalfatosenoticias.com.br\/index.php\/2024\/07\/08\/foguete-movido-a-acucar-poe-brasileiros-no-podio-de-competicao-estudantil-nos-eua\/#primaryimage\"},\"thumbnailUrl\":\"https:\/\/jornalfatosenoticias.com.br\/wp-content\/uploads\/2024\/07\/foguete-movido-a-acucar.jpg\",\"datePublished\":\"2024-07-08T19:44:55+00:00\",\"dateModified\":\"2024-07-08T19:44:57+00:00\",\"breadcrumb\":{\"@id\":\"https:\/\/jornalfatosenoticias.com.br\/index.php\/2024\/07\/08\/foguete-movido-a-acucar-poe-brasileiros-no-podio-de-competicao-estudantil-nos-eua\/#breadcrumb\"},\"inLanguage\":\"pt-BR\",\"potentialAction\":[{\"@type\":\"ReadAction\",\"target\":[\"https:\/\/jornalfatosenoticias.com.br\/index.php\/2024\/07\/08\/foguete-movido-a-acucar-poe-brasileiros-no-podio-de-competicao-estudantil-nos-eua\/\"]}]},{\"@type\":\"ImageObject\",\"inLanguage\":\"pt-BR\",\"@id\":\"https:\/\/jornalfatosenoticias.com.br\/index.php\/2024\/07\/08\/foguete-movido-a-acucar-poe-brasileiros-no-podio-de-competicao-estudantil-nos-eua\/#primaryimage\",\"url\":\"https:\/\/jornalfatosenoticias.com.br\/wp-content\/uploads\/2024\/07\/foguete-movido-a-acucar.jpg\",\"contentUrl\":\"https:\/\/jornalfatosenoticias.com.br\/wp-content\/uploads\/2024\/07\/foguete-movido-a-acucar.jpg\",\"width\":800,\"height\":560},{\"@type\":\"BreadcrumbList\",\"@id\":\"https:\/\/jornalfatosenoticias.com.br\/index.php\/2024\/07\/08\/foguete-movido-a-acucar-poe-brasileiros-no-podio-de-competicao-estudantil-nos-eua\/#breadcrumb\",\"itemListElement\":[{\"@type\":\"ListItem\",\"position\":1,\"name\":\"In\u00edcio\",\"item\":\"https:\/\/jornalfatosenoticias.com.br\/\"},{\"@type\":\"ListItem\",\"position\":2,\"name\":\"Foguete movido a a\u00e7\u00facar p\u00f5e brasileiros no p\u00f3dio de competi\u00e7\u00e3o estudantil nos EUA\"}]},{\"@type\":\"WebSite\",\"@id\":\"https:\/\/jornalfatosenoticias.com.br\/#website\",\"url\":\"https:\/\/jornalfatosenoticias.com.br\/\",\"name\":\"Jornal Fatos e Not\u00edcias\",\"description\":\"Not\u00edcias em geral\",\"publisher\":{\"@id\":\"https:\/\/jornalfatosenoticias.com.br\/#organization\"},\"potentialAction\":[{\"@type\":\"SearchAction\",\"target\":{\"@type\":\"EntryPoint\",\"urlTemplate\":\"https:\/\/jornalfatosenoticias.com.br\/?s={search_term_string}\"},\"query-input\":{\"@type\":\"PropertyValueSpecification\",\"valueRequired\":true,\"valueName\":\"search_term_string\"}}],\"inLanguage\":\"pt-BR\"},{\"@type\":\"Organization\",\"@id\":\"https:\/\/jornalfatosenoticias.com.br\/#organization\",\"name\":\"Jornal Fatos e Not\u00edcias\",\"url\":\"https:\/\/jornalfatosenoticias.com.br\/\",\"logo\":{\"@type\":\"ImageObject\",\"inLanguage\":\"pt-BR\",\"@id\":\"https:\/\/jornalfatosenoticias.com.br\/#\/schema\/logo\/image\/\",\"url\":\"https:\/\/jornalfatosenoticias.com.br\/wp-content\/uploads\/2020\/02\/logo120.png\",\"contentUrl\":\"https:\/\/jornalfatosenoticias.com.br\/wp-content\/uploads\/2020\/02\/logo120.png\",\"width\":1227,\"height\":120,\"caption\":\"Jornal Fatos e Not\u00edcias\"},\"image\":{\"@id\":\"https:\/\/jornalfatosenoticias.com.br\/#\/schema\/logo\/image\/\"}},{\"@type\":\"Person\",\"@id\":\"https:\/\/jornalfatosenoticias.com.br\/#\/schema\/person\/d63837fa13ac8666eb9e74e0985d6f81\",\"name\":\"Luzimara Fernandes\",\"image\":{\"@type\":\"ImageObject\",\"inLanguage\":\"pt-BR\",\"@id\":\"https:\/\/jornalfatosenoticias.com.br\/#\/schema\/person\/image\/\",\"url\":\"https:\/\/jornalfatosenoticias.com.br\/wp-content\/uploads\/2025\/05\/EU_portal.jpg\",\"contentUrl\":\"https:\/\/jornalfatosenoticias.com.br\/wp-content\/uploads\/2025\/05\/EU_portal.jpg\",\"caption\":\"Luzimara Fernandes\"},\"description\":\"Jornalista MTB 2358-ES\",\"sameAs\":[\"https:\/\/jornalfatosenoticias.com.br\"],\"url\":\"https:\/\/jornalfatosenoticias.com.br\/index.php\/author\/luzimara\/\"}]}<\/script>\n<!-- \/ Yoast SEO plugin. -->","yoast_head_json":{"title":"Foguete movido a a\u00e7\u00facar p\u00f5e brasileiros no p\u00f3dio de competi\u00e7\u00e3o estudantil nos EUA - Jornal Fatos e Not\u00edcias","robots":{"index":"index","follow":"follow","max-snippet":"max-snippet:-1","max-image-preview":"max-image-preview:large","max-video-preview":"max-video-preview:-1"},"canonical":"https:\/\/jornalfatosenoticias.com.br\/index.php\/2024\/07\/08\/foguete-movido-a-acucar-poe-brasileiros-no-podio-de-competicao-estudantil-nos-eua\/","og_locale":"pt_BR","og_type":"article","og_title":"Foguete movido a a\u00e7\u00facar p\u00f5e brasileiros no p\u00f3dio de competi\u00e7\u00e3o estudantil nos EUA - Jornal Fatos e Not\u00edcias","og_description":"Equipe de estudantes brasileiros ocupa p\u00f3dio da competi\u00e7\u00e3o mais importante do mundo com o projeto de um foguete movido a a\u00e7\u00facar Por Renata Dias Estudantes da Universidade de S\u00e3o Paulo (USP) conquistaram o 2\u00ba lugar numa disputa entre 152 equipes internacionais, atr\u00e1s apenas da Universidade de Maryland (EUA). O projeto \u00e9 de um foguete movido [&hellip;]","og_url":"https:\/\/jornalfatosenoticias.com.br\/index.php\/2024\/07\/08\/foguete-movido-a-acucar-poe-brasileiros-no-podio-de-competicao-estudantil-nos-eua\/","og_site_name":"Jornal Fatos e Not\u00edcias","article_published_time":"2024-07-08T19:44:55+00:00","article_modified_time":"2024-07-08T19:44:57+00:00","og_image":[{"width":800,"height":560,"url":"https:\/\/jornalfatosenoticias.com.br\/wp-content\/uploads\/2024\/07\/foguete-movido-a-acucar.jpg","type":"image\/jpeg"}],"author":"Luzimara Fernandes","twitter_card":"summary_large_image","twitter_misc":{"Escrito por":"Luzimara Fernandes","Est. tempo de leitura":"3 minutos"},"schema":{"@context":"https:\/\/schema.org","@graph":[{"@type":"Article","@id":"https:\/\/jornalfatosenoticias.com.br\/index.php\/2024\/07\/08\/foguete-movido-a-acucar-poe-brasileiros-no-podio-de-competicao-estudantil-nos-eua\/#article","isPartOf":{"@id":"https:\/\/jornalfatosenoticias.com.br\/index.php\/2024\/07\/08\/foguete-movido-a-acucar-poe-brasileiros-no-podio-de-competicao-estudantil-nos-eua\/"},"author":{"name":"Luzimara Fernandes","@id":"https:\/\/jornalfatosenoticias.com.br\/#\/schema\/person\/d63837fa13ac8666eb9e74e0985d6f81"},"headline":"Foguete movido a a\u00e7\u00facar p\u00f5e brasileiros no p\u00f3dio de competi\u00e7\u00e3o estudantil nos EUA","datePublished":"2024-07-08T19:44:55+00:00","dateModified":"2024-07-08T19:44:57+00:00","mainEntityOfPage":{"@id":"https:\/\/jornalfatosenoticias.com.br\/index.php\/2024\/07\/08\/foguete-movido-a-acucar-poe-brasileiros-no-podio-de-competicao-estudantil-nos-eua\/"},"wordCount":611,"commentCount":0,"publisher":{"@id":"https:\/\/jornalfatosenoticias.com.br\/#organization"},"image":{"@id":"https:\/\/jornalfatosenoticias.com.br\/index.php\/2024\/07\/08\/foguete-movido-a-acucar-poe-brasileiros-no-podio-de-competicao-estudantil-nos-eua\/#primaryimage"},"thumbnailUrl":"https:\/\/jornalfatosenoticias.com.br\/wp-content\/uploads\/2024\/07\/foguete-movido-a-acucar.jpg","keywords":["competi\u00e7\u00e3o estudantil nos EUA","estudantes brasileiros","foguete","foguete movido a a\u00e7\u00facar","USP"],"articleSection":["Educa\u00e7\u00e3o"],"inLanguage":"pt-BR","potentialAction":[{"@type":"CommentAction","name":"Comment","target":["https:\/\/jornalfatosenoticias.com.br\/index.php\/2024\/07\/08\/foguete-movido-a-acucar-poe-brasileiros-no-podio-de-competicao-estudantil-nos-eua\/#respond"]}]},{"@type":"WebPage","@id":"https:\/\/jornalfatosenoticias.com.br\/index.php\/2024\/07\/08\/foguete-movido-a-acucar-poe-brasileiros-no-podio-de-competicao-estudantil-nos-eua\/","url":"https:\/\/jornalfatosenoticias.com.br\/index.php\/2024\/07\/08\/foguete-movido-a-acucar-poe-brasileiros-no-podio-de-competicao-estudantil-nos-eua\/","name":"Foguete movido a a\u00e7\u00facar p\u00f5e brasileiros no p\u00f3dio de competi\u00e7\u00e3o estudantil nos EUA - Jornal Fatos e Not\u00edcias","isPartOf":{"@id":"https:\/\/jornalfatosenoticias.com.br\/#website"},"primaryImageOfPage":{"@id":"https:\/\/jornalfatosenoticias.com.br\/index.php\/2024\/07\/08\/foguete-movido-a-acucar-poe-brasileiros-no-podio-de-competicao-estudantil-nos-eua\/#primaryimage"},"image":{"@id":"https:\/\/jornalfatosenoticias.com.br\/index.php\/2024\/07\/08\/foguete-movido-a-acucar-poe-brasileiros-no-podio-de-competicao-estudantil-nos-eua\/#primaryimage"},"thumbnailUrl":"https:\/\/jornalfatosenoticias.com.br\/wp-content\/uploads\/2024\/07\/foguete-movido-a-acucar.jpg","datePublished":"2024-07-08T19:44:55+00:00","dateModified":"2024-07-08T19:44:57+00:00","breadcrumb":{"@id":"https:\/\/jornalfatosenoticias.com.br\/index.php\/2024\/07\/08\/foguete-movido-a-acucar-poe-brasileiros-no-podio-de-competicao-estudantil-nos-eua\/#breadcrumb"},"inLanguage":"pt-BR","potentialAction":[{"@type":"ReadAction","target":["https:\/\/jornalfatosenoticias.com.br\/index.php\/2024\/07\/08\/foguete-movido-a-acucar-poe-brasileiros-no-podio-de-competicao-estudantil-nos-eua\/"]}]},{"@type":"ImageObject","inLanguage":"pt-BR","@id":"https:\/\/jornalfatosenoticias.com.br\/index.php\/2024\/07\/08\/foguete-movido-a-acucar-poe-brasileiros-no-podio-de-competicao-estudantil-nos-eua\/#primaryimage","url":"https:\/\/jornalfatosenoticias.com.br\/wp-content\/uploads\/2024\/07\/foguete-movido-a-acucar.jpg","contentUrl":"https:\/\/jornalfatosenoticias.com.br\/wp-content\/uploads\/2024\/07\/foguete-movido-a-acucar.jpg","width":800,"height":560},{"@type":"BreadcrumbList","@id":"https:\/\/jornalfatosenoticias.com.br\/index.php\/2024\/07\/08\/foguete-movido-a-acucar-poe-brasileiros-no-podio-de-competicao-estudantil-nos-eua\/#breadcrumb","itemListElement":[{"@type":"ListItem","position":1,"name":"In\u00edcio","item":"https:\/\/jornalfatosenoticias.com.br\/"},{"@type":"ListItem","position":2,"name":"Foguete movido a a\u00e7\u00facar p\u00f5e brasileiros no p\u00f3dio de competi\u00e7\u00e3o estudantil nos EUA"}]},{"@type":"WebSite","@id":"https:\/\/jornalfatosenoticias.com.br\/#website","url":"https:\/\/jornalfatosenoticias.com.br\/","name":"Jornal Fatos e Not\u00edcias","description":"Not\u00edcias em geral","publisher":{"@id":"https:\/\/jornalfatosenoticias.com.br\/#organization"},"potentialAction":[{"@type":"SearchAction","target":{"@type":"EntryPoint","urlTemplate":"https:\/\/jornalfatosenoticias.com.br\/?s={search_term_string}"},"query-input":{"@type":"PropertyValueSpecification","valueRequired":true,"valueName":"search_term_string"}}],"inLanguage":"pt-BR"},{"@type":"Organization","@id":"https:\/\/jornalfatosenoticias.com.br\/#organization","name":"Jornal Fatos e Not\u00edcias","url":"https:\/\/jornalfatosenoticias.com.br\/","logo":{"@type":"ImageObject","inLanguage":"pt-BR","@id":"https:\/\/jornalfatosenoticias.com.br\/#\/schema\/logo\/image\/","url":"https:\/\/jornalfatosenoticias.com.br\/wp-content\/uploads\/2020\/02\/logo120.png","contentUrl":"https:\/\/jornalfatosenoticias.com.br\/wp-content\/uploads\/2020\/02\/logo120.png","width":1227,"height":120,"caption":"Jornal Fatos e Not\u00edcias"},"image":{"@id":"https:\/\/jornalfatosenoticias.com.br\/#\/schema\/logo\/image\/"}},{"@type":"Person","@id":"https:\/\/jornalfatosenoticias.com.br\/#\/schema\/person\/d63837fa13ac8666eb9e74e0985d6f81","name":"Luzimara Fernandes","image":{"@type":"ImageObject","inLanguage":"pt-BR","@id":"https:\/\/jornalfatosenoticias.com.br\/#\/schema\/person\/image\/","url":"https:\/\/jornalfatosenoticias.com.br\/wp-content\/uploads\/2025\/05\/EU_portal.jpg","contentUrl":"https:\/\/jornalfatosenoticias.com.br\/wp-content\/uploads\/2025\/05\/EU_portal.jpg","caption":"Luzimara Fernandes"},"description":"Jornalista MTB 2358-ES","sameAs":["https:\/\/jornalfatosenoticias.com.br"],"url":"https:\/\/jornalfatosenoticias.com.br\/index.php\/author\/luzimara\/"}]}},"cc_featured_image_caption":{"caption_text":"(Foto: Reprodu\u00e7\u00e3o\/Projeto J\u00fapiter) ","source_text":"","source_url":""},"jetpack_featured_media_url":"https:\/\/jornalfatosenoticias.com.br\/wp-content\/uploads\/2024\/07\/foguete-movido-a-acucar.jpg","_links":{"self":[{"href":"https:\/\/jornalfatosenoticias.com.br\/index.php\/wp-json\/wp\/v2\/posts\/52527","targetHints":{"allow":["GET"]}}],"collection":[{"href":"https:\/\/jornalfatosenoticias.com.br\/index.php\/wp-json\/wp\/v2\/posts"}],"about":[{"href":"https:\/\/jornalfatosenoticias.com.br\/index.php\/wp-json\/wp\/v2\/types\/post"}],"author":[{"embeddable":true,"href":"https:\/\/jornalfatosenoticias.com.br\/index.php\/wp-json\/wp\/v2\/users\/2"}],"replies":[{"embeddable":true,"href":"https:\/\/jornalfatosenoticias.com.br\/index.php\/wp-json\/wp\/v2\/comments?post=52527"}],"version-history":[{"count":0,"href":"https:\/\/jornalfatosenoticias.com.br\/index.php\/wp-json\/wp\/v2\/posts\/52527\/revisions"}],"wp:featuredmedia":[{"embeddable":true,"href":"https:\/\/jornalfatosenoticias.com.br\/index.php\/wp-json\/wp\/v2\/media\/52528"}],"wp:attachment":[{"href":"https:\/\/jornalfatosenoticias.com.br\/index.php\/wp-json\/wp\/v2\/media?parent=52527"}],"wp:term":[{"taxonomy":"category","embeddable":true,"href":"https:\/\/jornalfatosenoticias.com.br\/index.php\/wp-json\/wp\/v2\/categories?post=52527"},{"taxonomy":"post_tag","embeddable":true,"href":"https:\/\/jornalfatosenoticias.com.br\/index.php\/wp-json\/wp\/v2\/tags?post=52527"}],"curies":[{"name":"wp","href":"https:\/\/api.w.org\/{rel}","templated":true}]}}