{"id":5257,"date":"2020-06-04T17:51:30","date_gmt":"2020-06-04T20:51:30","guid":{"rendered":"https:\/\/jornalfatosenoticias.com.br\/?p=5257"},"modified":"2020-06-04T17:51:31","modified_gmt":"2020-06-04T20:51:31","slug":"a-mobilidade-urbana-da-crianca-antes-e-hoje","status":"publish","type":"post","link":"https:\/\/jornalfatosenoticias.com.br\/index.php\/2020\/06\/04\/a-mobilidade-urbana-da-crianca-antes-e-hoje\/","title":{"rendered":"A Mobilidade Urbana da Crian\u00e7a, antes e hoje"},"content":{"rendered":"\n<p>Quando falamos em Mobilidade Urbana de uma crian\u00e7a, pensamos logo nas barreiras arquitet\u00f4nicas que paralisam sua cadeira de rodas. Escadas, buracos, aus\u00eancia de cal\u00e7ada, aus\u00eancia de acesso ao transporte p\u00fablico, etc., etc., etc. A lista seria enorme. Precisamos acrescentar ao momento da obstru\u00e7\u00e3o da cadeira, a barreira psicol\u00f3gica da cadeira ps\u00edquica para um ser em desenvolvimento, numa fase em que todos os seus pares est\u00e3o correndo e saltando obst\u00e1culos f\u00edsicos. A adapta\u00e7\u00e3o \u00e0 condi\u00e7\u00e3o de cadeirante para uma crian\u00e7a \u00e9 antag\u00f4nico. Se por um lado a crian\u00e7a tem uma capacidade de adapta\u00e7\u00e3o mais livre da preocupa\u00e7\u00e3o com o olhar do outro, ela sofre mais pela restri\u00e7\u00e3o de movimento. A movimenta\u00e7\u00e3o psicomotora na inf\u00e2ncia faz parte do seu conjunto de desenvolvimento, e est\u00e1 ligada \u00e0 cogni\u00e7\u00e3o e \u00e0 afetividade.<br>Entretanto, \u00e9 no cimento dos degraus que encontramos a concretude da barreira da mobilidade urbana para aqueles que s\u00e3o portadores de restri\u00e7\u00e3o motora, parcial ou total. Logo nos lembramos das crian\u00e7as cadeirantes. No entanto, existem as crian\u00e7as que andam, mas s\u00e3o portadoras de nanismo. Um degrau de uma escadaria para uma crian\u00e7a an\u00e3 que j\u00e1 adquiriu a marcha pode ter a altura perto de sua cintura. N\u00f3s conseguir\u00edamos subir com facilidade uma escada com degraus na altura de nossa cintura? N\u00e3o h\u00e1 nenhum espa\u00e7o que tenha a adapta\u00e7\u00e3o \u00e0 baixa estatura. Os transportes urbanos, as cadeiras em local p\u00fablico, os banheiros, os balc\u00f5es de informa\u00e7\u00e3o, ou de pol\u00edcia, nenhum espa\u00e7o que tamb\u00e9m \u00e9 deles, prev\u00ea a presen\u00e7a de um portador de nanismo. \u00c0 exclus\u00e3o da vida societ\u00e1ria, somam-se os deficientes visuais, hoje com algumas conquistas em alguns corredores de cidadania, e tamb\u00e9m os surdos-mudos. Com isso, a Mobilidade Urbana \u00e9 afetada, violando o Direito de ir e vir de muitas crian\u00e7as. \u201cVoc\u00ea n\u00e3o pode\u201d, \u201cn\u00e3o \u00e9 para voc\u00ea\u201d.<br>Entendo que sejam as barreiras invis\u00edveis as mais dif\u00edceis de transpor. Hoje vivemos a barreira da viol\u00eancia vigente nos ambientes urbanos. A viol\u00eancia \u00e9 cotidiana para uma enorme quantidade de crian\u00e7as. Tiros. Fuzis. A rua, a escola, a pr\u00f3pria casa. O Juiz que usando o resultado da aus\u00eancia de Pol\u00edticas P\u00fablicas de Habita\u00e7\u00e3o do Estado, quer tirar a guarda de uma m\u00e3e para entregar o menino ao pai violento e ausente, usando a \u201cjustificativa\u201d do perigo numa determinada comunidade, como se a viol\u00eancia se restringisse \u00e0s favelas. Os tiroteios s\u00e3o at\u00e9 avisados pelo celular, como um servi\u00e7o de utilidade p\u00fablica para a sobreviv\u00eancia, para que a mobilidade urbana de todos seja protegida das famosas \u201cbalas perdidas\u201d. A adapta\u00e7\u00e3o ocorre: crian\u00e7as aprendem a se jogar no ch\u00e3o nos corredores de suas escolas, ou entrarem embaixo da cama em casa. Mas o MEDO fica. Medo que a m\u00e3e morra, medo de morrer. Medo. Tatuado na alma promover\u00e1 altera\u00e7\u00f5es psicol\u00f3gicas. Estas crian\u00e7as tatuadas ser\u00e3o, em grande n\u00famero, portadoras da S\u00edndrome do P\u00e2nico, nomenclatura em formato atual da Neurose de Guerra. Assim a Imobilidade Urbana se cristaliza. E deixa o rastilho de deficientes sociais.<br>A barreira do preconceito, aquela que \u00e9 transmitida verbalmente, ou por gestos e olhares, e que muitas vezes, n\u00e3o deixa rastro, s\u00f3 a opress\u00e3o do\u00edda \u00e0 crian\u00e7a que foi impedida de entrar num restaurante por causa de sua cor, por exemplo. O preconceito do pertencimento \u00e0 outra fac\u00e7\u00e3o porque pertence \u00e0 outra comunidade. Recentemente, tr\u00eas jovens foram assassinados pelos \u201cdonos\u201d da comunidade onde tinham ido pegar um filhote de cachorro. Como se invasores fossem.<\/p>\n\n\n\n<figure class=\"wp-block-image size-large\"><img loading=\"lazy\" decoding=\"async\" width=\"1000\" height=\"600\" src=\"https:\/\/jornalfatosenoticias.com.br\/wp-content\/uploads\/2020\/06\/CRIANCAS-PEDINDO-NOS-SINAIS.jpg\" alt=\"\" class=\"wp-image-5258\" srcset=\"https:\/\/jornalfatosenoticias.com.br\/wp-content\/uploads\/2020\/06\/CRIANCAS-PEDINDO-NOS-SINAIS.jpg 1000w, https:\/\/jornalfatosenoticias.com.br\/wp-content\/uploads\/2020\/06\/CRIANCAS-PEDINDO-NOS-SINAIS-300x180.jpg 300w, https:\/\/jornalfatosenoticias.com.br\/wp-content\/uploads\/2020\/06\/CRIANCAS-PEDINDO-NOS-SINAIS-768x461.jpg 768w\" sizes=\"auto, (max-width: 1000px) 100vw, 1000px\" \/><figcaption><em>A barreira Cultural que isola crian\u00e7as como em guetos. A praia. O cinema. A M\u00fasica. A geografia da cidade (Foto: Renato Spencer)<\/em><\/figcaption><\/figure>\n\n\n\n<p>A barreira Cultural que isola crian\u00e7as como em guetos. A praia. O cinema. A M\u00fasica. A geografia da cidade. \u00c9 aberrante uma crian\u00e7a de 11 anos assustar-se quando visualiza, pela primeira vez, a Lagoa Rodrigo de Freitas ao atravessar apenas um t\u00fanel, a menos de 10 minutos de sua moradia. A pobreza e a cor da pele s\u00e3o barreiras que segregam.<br>H\u00e1 que se circular, com liberdade, e, claro, acessibilidade, entre todos os espa\u00e7os de uma cidade para que consigamos cidadania. Para o bom desenvolvimento das crian\u00e7as, precisamos de quantidade e de qualidade de urbanidade.<br>Hoje. Quando escrevi, em novembro de 2019, este artigo como vice-presidente da Comiss\u00e3o de Mobilidade Urbana da Associa\u00e7\u00e3o Nacional e Internacional de Imprensa (ANI), publicado em sua Revista, n\u00e3o imaginava que a Mobilidade Urbana, da crian\u00e7a, e de todos, ia entrar em extensa modifica\u00e7\u00e3o. Hoje, n\u00e3o s\u00f3 as crian\u00e7as cadeirantes, as portadoras de nanismo, as portadoras de defici\u00eancia visual ou auditiva, as moradoras de comunidade dominada pela fac\u00e7\u00e3o A ou B, mas todas as crian\u00e7as est\u00e3o impedidas de qualquer mobilidade. Esta necessidade de isolamento por uma amea\u00e7a de morte que paira como uma nuvem enorme sobre todas as cabe\u00e7as do mundo, trouxe uma nova e enorme barreira invis\u00edvel, nunca antes cogitada. E as crian\u00e7as precisaram aprender a conten\u00e7\u00e3o. O n\u00e3o abra\u00e7o. O n\u00e3o beijo. \u00c9 a nova barreira invis\u00edvel do v\u00edrus. Cruel.<br>Precisaremos descobrir como reparar esta falha de conviv\u00eancia que a vida imp\u00f4s a elas. Os degraus, os buracos nas cal\u00e7adas, os preconceitos, as divis\u00f5es arbitr\u00e1rias de territ\u00f3rios, os medos, os tiros, as outras mortes bem ao lado, continuam. A mais pura e completa impot\u00eancia daqueles adultos antes idealizados, os pais, foi exposta na n\u00e3o resposta do \u201cquando o v\u00edrus vai embora?\u201d Tivemos que aprender e ensinar para os pequenos o \u201ceu n\u00e3o sei\u201d. O reconhecimento do n\u00e3o saber \u00e9 aprendizado de poucos, e vem com o amadurecimento. \u00c9 da ordem da sabedoria, n\u00e3o combina com a enganosa onipot\u00eancia das certezas.<br>Devemos comemorar a nossa nova, nov\u00edssima capacidade de mudan\u00e7a de paradigma que operamos ao efetivarmos um isolamento, nunca antes experimentada, mesmo com falhas aqui e ali, e com o questionamento, que sempre cabe, mas, comprometido com a indica\u00e7\u00e3o de ser o \u00fanico caminho para amenizar o engarrafamento dos hospitais p\u00fablicos j\u00e1 sucateados. Conhecemos o n\u00e3o saber da data, em tempos que o prazo de validade \u00e9 obrigat\u00f3rio em todos os produtos. E sempre fomos capazes de, olhando, perceber o estado do papel e saber que n\u00e3o funcionaria mais para o que se destina. Foi-nos apresentado um tempo infinito, que n\u00e3o sabemos quanto vai durar. Aprendemos que o Direito Universal de Ir e Vir, que consta da Declara\u00e7\u00e3o Universal dos Direitos Humanos, vem depois do Direito \u00e0 Vida, tamb\u00e9m ali garantido.<\/p>\n","protected":false},"excerpt":{"rendered":"<p>Quando falamos em Mobilidade Urbana de uma crian\u00e7a, pensamos logo nas barreiras arquitet\u00f4nicas que paralisam sua cadeira de rodas. Escadas, buracos, aus\u00eancia de cal\u00e7ada, aus\u00eancia de acesso ao transporte p\u00fablico, etc., etc., etc. A lista seria enorme. Precisamos acrescentar ao momento da obstru\u00e7\u00e3o da cadeira, a barreira psicol\u00f3gica da cadeira ps\u00edquica para um ser em [&hellip;]<\/p>\n","protected":false},"author":8,"featured_media":5259,"comment_status":"open","ping_status":"open","sticky":false,"template":"","format":"standard","meta":{"footnotes":""},"categories":[2522],"tags":[3141,3140,3142,1147],"class_list":["post-5257","post","type-post","status-publish","format-standard","has-post-thumbnail","hentry","category-comportamento","tag-direitos-humanos","tag-inacessibilidade","tag-opressao","tag-racismo"],"yoast_head":"<!-- This site is optimized with the Yoast SEO plugin v26.5 - https:\/\/yoast.com\/wordpress\/plugins\/seo\/ -->\n<title>A Mobilidade Urbana da Crian\u00e7a, antes e hoje - Jornal Fatos e Not\u00edcias<\/title>\n<meta name=\"robots\" content=\"index, follow, max-snippet:-1, max-image-preview:large, max-video-preview:-1\" \/>\n<link rel=\"canonical\" href=\"https:\/\/jornalfatosenoticias.com.br\/index.php\/2020\/06\/04\/a-mobilidade-urbana-da-crianca-antes-e-hoje\/\" \/>\n<meta property=\"og:locale\" content=\"pt_BR\" \/>\n<meta property=\"og:type\" content=\"article\" \/>\n<meta property=\"og:title\" content=\"A Mobilidade Urbana da Crian\u00e7a, antes e hoje - Jornal Fatos e Not\u00edcias\" \/>\n<meta property=\"og:description\" content=\"Quando falamos em Mobilidade Urbana de uma crian\u00e7a, pensamos logo nas barreiras arquitet\u00f4nicas que paralisam sua cadeira de rodas. Escadas, buracos, aus\u00eancia de cal\u00e7ada, aus\u00eancia de acesso ao transporte p\u00fablico, etc., etc., etc. A lista seria enorme. Precisamos acrescentar ao momento da obstru\u00e7\u00e3o da cadeira, a barreira psicol\u00f3gica da cadeira ps\u00edquica para um ser em [&hellip;]\" \/>\n<meta property=\"og:url\" content=\"https:\/\/jornalfatosenoticias.com.br\/index.php\/2020\/06\/04\/a-mobilidade-urbana-da-crianca-antes-e-hoje\/\" \/>\n<meta property=\"og:site_name\" content=\"Jornal Fatos e Not\u00edcias\" \/>\n<meta property=\"article:published_time\" content=\"2020-06-04T20:51:30+00:00\" \/>\n<meta property=\"article:modified_time\" content=\"2020-06-04T20:51:31+00:00\" \/>\n<meta property=\"og:image\" content=\"https:\/\/jornalfatosenoticias.com.br\/wp-content\/uploads\/2020\/06\/menino-cadeirante.jpg\" \/>\n\t<meta property=\"og:image:width\" content=\"1000\" \/>\n\t<meta property=\"og:image:height\" content=\"625\" \/>\n\t<meta property=\"og:image:type\" content=\"image\/jpeg\" \/>\n<meta name=\"author\" content=\"Ana Maria Iencarelli\" \/>\n<meta name=\"twitter:card\" content=\"summary_large_image\" \/>\n<meta name=\"twitter:label1\" content=\"Escrito por\" \/>\n\t<meta name=\"twitter:data1\" content=\"Ana Maria Iencarelli\" \/>\n\t<meta name=\"twitter:label2\" content=\"Est. tempo de leitura\" \/>\n\t<meta name=\"twitter:data2\" content=\"6 minutos\" \/>\n<script type=\"application\/ld+json\" class=\"yoast-schema-graph\">{\"@context\":\"https:\/\/schema.org\",\"@graph\":[{\"@type\":\"Article\",\"@id\":\"https:\/\/jornalfatosenoticias.com.br\/index.php\/2020\/06\/04\/a-mobilidade-urbana-da-crianca-antes-e-hoje\/#article\",\"isPartOf\":{\"@id\":\"https:\/\/jornalfatosenoticias.com.br\/index.php\/2020\/06\/04\/a-mobilidade-urbana-da-crianca-antes-e-hoje\/\"},\"author\":{\"name\":\"Ana Maria Iencarelli\",\"@id\":\"https:\/\/jornalfatosenoticias.com.br\/#\/schema\/person\/c33fcf5fb02d729d3fec92c6737a22d1\"},\"headline\":\"A Mobilidade Urbana da Crian\u00e7a, antes e hoje\",\"datePublished\":\"2020-06-04T20:51:30+00:00\",\"dateModified\":\"2020-06-04T20:51:31+00:00\",\"mainEntityOfPage\":{\"@id\":\"https:\/\/jornalfatosenoticias.com.br\/index.php\/2020\/06\/04\/a-mobilidade-urbana-da-crianca-antes-e-hoje\/\"},\"wordCount\":1157,\"commentCount\":0,\"publisher\":{\"@id\":\"https:\/\/jornalfatosenoticias.com.br\/#organization\"},\"image\":{\"@id\":\"https:\/\/jornalfatosenoticias.com.br\/index.php\/2020\/06\/04\/a-mobilidade-urbana-da-crianca-antes-e-hoje\/#primaryimage\"},\"thumbnailUrl\":\"https:\/\/jornalfatosenoticias.com.br\/wp-content\/uploads\/2020\/06\/menino-cadeirante.jpg\",\"keywords\":[\"direitos humanos\",\"inacessibilidade\",\"opress\u00e3o\",\"racismo\"],\"articleSection\":[\"Comportamento &amp; Equil\u00edbrio\"],\"inLanguage\":\"pt-BR\",\"potentialAction\":[{\"@type\":\"CommentAction\",\"name\":\"Comment\",\"target\":[\"https:\/\/jornalfatosenoticias.com.br\/index.php\/2020\/06\/04\/a-mobilidade-urbana-da-crianca-antes-e-hoje\/#respond\"]}]},{\"@type\":\"WebPage\",\"@id\":\"https:\/\/jornalfatosenoticias.com.br\/index.php\/2020\/06\/04\/a-mobilidade-urbana-da-crianca-antes-e-hoje\/\",\"url\":\"https:\/\/jornalfatosenoticias.com.br\/index.php\/2020\/06\/04\/a-mobilidade-urbana-da-crianca-antes-e-hoje\/\",\"name\":\"A Mobilidade Urbana da Crian\u00e7a, antes e hoje - Jornal Fatos e Not\u00edcias\",\"isPartOf\":{\"@id\":\"https:\/\/jornalfatosenoticias.com.br\/#website\"},\"primaryImageOfPage\":{\"@id\":\"https:\/\/jornalfatosenoticias.com.br\/index.php\/2020\/06\/04\/a-mobilidade-urbana-da-crianca-antes-e-hoje\/#primaryimage\"},\"image\":{\"@id\":\"https:\/\/jornalfatosenoticias.com.br\/index.php\/2020\/06\/04\/a-mobilidade-urbana-da-crianca-antes-e-hoje\/#primaryimage\"},\"thumbnailUrl\":\"https:\/\/jornalfatosenoticias.com.br\/wp-content\/uploads\/2020\/06\/menino-cadeirante.jpg\",\"datePublished\":\"2020-06-04T20:51:30+00:00\",\"dateModified\":\"2020-06-04T20:51:31+00:00\",\"breadcrumb\":{\"@id\":\"https:\/\/jornalfatosenoticias.com.br\/index.php\/2020\/06\/04\/a-mobilidade-urbana-da-crianca-antes-e-hoje\/#breadcrumb\"},\"inLanguage\":\"pt-BR\",\"potentialAction\":[{\"@type\":\"ReadAction\",\"target\":[\"https:\/\/jornalfatosenoticias.com.br\/index.php\/2020\/06\/04\/a-mobilidade-urbana-da-crianca-antes-e-hoje\/\"]}]},{\"@type\":\"ImageObject\",\"inLanguage\":\"pt-BR\",\"@id\":\"https:\/\/jornalfatosenoticias.com.br\/index.php\/2020\/06\/04\/a-mobilidade-urbana-da-crianca-antes-e-hoje\/#primaryimage\",\"url\":\"https:\/\/jornalfatosenoticias.com.br\/wp-content\/uploads\/2020\/06\/menino-cadeirante.jpg\",\"contentUrl\":\"https:\/\/jornalfatosenoticias.com.br\/wp-content\/uploads\/2020\/06\/menino-cadeirante.jpg\",\"width\":1000,\"height\":625},{\"@type\":\"BreadcrumbList\",\"@id\":\"https:\/\/jornalfatosenoticias.com.br\/index.php\/2020\/06\/04\/a-mobilidade-urbana-da-crianca-antes-e-hoje\/#breadcrumb\",\"itemListElement\":[{\"@type\":\"ListItem\",\"position\":1,\"name\":\"In\u00edcio\",\"item\":\"https:\/\/jornalfatosenoticias.com.br\/\"},{\"@type\":\"ListItem\",\"position\":2,\"name\":\"A Mobilidade Urbana da Crian\u00e7a, antes e hoje\"}]},{\"@type\":\"WebSite\",\"@id\":\"https:\/\/jornalfatosenoticias.com.br\/#website\",\"url\":\"https:\/\/jornalfatosenoticias.com.br\/\",\"name\":\"Jornal Fatos e Not\u00edcias\",\"description\":\"Not\u00edcias em geral\",\"publisher\":{\"@id\":\"https:\/\/jornalfatosenoticias.com.br\/#organization\"},\"potentialAction\":[{\"@type\":\"SearchAction\",\"target\":{\"@type\":\"EntryPoint\",\"urlTemplate\":\"https:\/\/jornalfatosenoticias.com.br\/?s={search_term_string}\"},\"query-input\":{\"@type\":\"PropertyValueSpecification\",\"valueRequired\":true,\"valueName\":\"search_term_string\"}}],\"inLanguage\":\"pt-BR\"},{\"@type\":\"Organization\",\"@id\":\"https:\/\/jornalfatosenoticias.com.br\/#organization\",\"name\":\"Jornal Fatos e Not\u00edcias\",\"url\":\"https:\/\/jornalfatosenoticias.com.br\/\",\"logo\":{\"@type\":\"ImageObject\",\"inLanguage\":\"pt-BR\",\"@id\":\"https:\/\/jornalfatosenoticias.com.br\/#\/schema\/logo\/image\/\",\"url\":\"https:\/\/jornalfatosenoticias.com.br\/wp-content\/uploads\/2020\/02\/logo120.png\",\"contentUrl\":\"https:\/\/jornalfatosenoticias.com.br\/wp-content\/uploads\/2020\/02\/logo120.png\",\"width\":1227,\"height\":120,\"caption\":\"Jornal Fatos e Not\u00edcias\"},\"image\":{\"@id\":\"https:\/\/jornalfatosenoticias.com.br\/#\/schema\/logo\/image\/\"}},{\"@type\":\"Person\",\"@id\":\"https:\/\/jornalfatosenoticias.com.br\/#\/schema\/person\/c33fcf5fb02d729d3fec92c6737a22d1\",\"name\":\"Ana Maria Iencarelli\",\"image\":{\"@type\":\"ImageObject\",\"inLanguage\":\"pt-BR\",\"@id\":\"https:\/\/jornalfatosenoticias.com.br\/#\/schema\/person\/image\/\",\"url\":\"https:\/\/jornalfatosenoticias.com.br\/wp-content\/uploads\/2020\/02\/Ana-Maria-Iencarelli-1-150x150.jpg\",\"contentUrl\":\"https:\/\/jornalfatosenoticias.com.br\/wp-content\/uploads\/2020\/02\/Ana-Maria-Iencarelli-1-150x150.jpg\",\"caption\":\"Ana Maria Iencarelli\"},\"description\":\"Psicanalista Cl\u00ednica, especializada no atendimento a Crian\u00e7as e Adolescentes. Presidente da ONG Vozes de Anjos.\",\"url\":\"https:\/\/jornalfatosenoticias.com.br\/index.php\/author\/anamaria\/\"}]}<\/script>\n<!-- \/ Yoast SEO plugin. -->","yoast_head_json":{"title":"A Mobilidade Urbana da Crian\u00e7a, antes e hoje - Jornal Fatos e Not\u00edcias","robots":{"index":"index","follow":"follow","max-snippet":"max-snippet:-1","max-image-preview":"max-image-preview:large","max-video-preview":"max-video-preview:-1"},"canonical":"https:\/\/jornalfatosenoticias.com.br\/index.php\/2020\/06\/04\/a-mobilidade-urbana-da-crianca-antes-e-hoje\/","og_locale":"pt_BR","og_type":"article","og_title":"A Mobilidade Urbana da Crian\u00e7a, antes e hoje - Jornal Fatos e Not\u00edcias","og_description":"Quando falamos em Mobilidade Urbana de uma crian\u00e7a, pensamos logo nas barreiras arquitet\u00f4nicas que paralisam sua cadeira de rodas. Escadas, buracos, aus\u00eancia de cal\u00e7ada, aus\u00eancia de acesso ao transporte p\u00fablico, etc., etc., etc. A lista seria enorme. Precisamos acrescentar ao momento da obstru\u00e7\u00e3o da cadeira, a barreira psicol\u00f3gica da cadeira ps\u00edquica para um ser em [&hellip;]","og_url":"https:\/\/jornalfatosenoticias.com.br\/index.php\/2020\/06\/04\/a-mobilidade-urbana-da-crianca-antes-e-hoje\/","og_site_name":"Jornal Fatos e Not\u00edcias","article_published_time":"2020-06-04T20:51:30+00:00","article_modified_time":"2020-06-04T20:51:31+00:00","og_image":[{"width":1000,"height":625,"url":"https:\/\/jornalfatosenoticias.com.br\/wp-content\/uploads\/2020\/06\/menino-cadeirante.jpg","type":"image\/jpeg"}],"author":"Ana Maria Iencarelli","twitter_card":"summary_large_image","twitter_misc":{"Escrito por":"Ana Maria Iencarelli","Est. tempo de leitura":"6 minutos"},"schema":{"@context":"https:\/\/schema.org","@graph":[{"@type":"Article","@id":"https:\/\/jornalfatosenoticias.com.br\/index.php\/2020\/06\/04\/a-mobilidade-urbana-da-crianca-antes-e-hoje\/#article","isPartOf":{"@id":"https:\/\/jornalfatosenoticias.com.br\/index.php\/2020\/06\/04\/a-mobilidade-urbana-da-crianca-antes-e-hoje\/"},"author":{"name":"Ana Maria Iencarelli","@id":"https:\/\/jornalfatosenoticias.com.br\/#\/schema\/person\/c33fcf5fb02d729d3fec92c6737a22d1"},"headline":"A Mobilidade Urbana da Crian\u00e7a, antes e hoje","datePublished":"2020-06-04T20:51:30+00:00","dateModified":"2020-06-04T20:51:31+00:00","mainEntityOfPage":{"@id":"https:\/\/jornalfatosenoticias.com.br\/index.php\/2020\/06\/04\/a-mobilidade-urbana-da-crianca-antes-e-hoje\/"},"wordCount":1157,"commentCount":0,"publisher":{"@id":"https:\/\/jornalfatosenoticias.com.br\/#organization"},"image":{"@id":"https:\/\/jornalfatosenoticias.com.br\/index.php\/2020\/06\/04\/a-mobilidade-urbana-da-crianca-antes-e-hoje\/#primaryimage"},"thumbnailUrl":"https:\/\/jornalfatosenoticias.com.br\/wp-content\/uploads\/2020\/06\/menino-cadeirante.jpg","keywords":["direitos humanos","inacessibilidade","opress\u00e3o","racismo"],"articleSection":["Comportamento &amp; Equil\u00edbrio"],"inLanguage":"pt-BR","potentialAction":[{"@type":"CommentAction","name":"Comment","target":["https:\/\/jornalfatosenoticias.com.br\/index.php\/2020\/06\/04\/a-mobilidade-urbana-da-crianca-antes-e-hoje\/#respond"]}]},{"@type":"WebPage","@id":"https:\/\/jornalfatosenoticias.com.br\/index.php\/2020\/06\/04\/a-mobilidade-urbana-da-crianca-antes-e-hoje\/","url":"https:\/\/jornalfatosenoticias.com.br\/index.php\/2020\/06\/04\/a-mobilidade-urbana-da-crianca-antes-e-hoje\/","name":"A Mobilidade Urbana da Crian\u00e7a, antes e hoje - Jornal Fatos e Not\u00edcias","isPartOf":{"@id":"https:\/\/jornalfatosenoticias.com.br\/#website"},"primaryImageOfPage":{"@id":"https:\/\/jornalfatosenoticias.com.br\/index.php\/2020\/06\/04\/a-mobilidade-urbana-da-crianca-antes-e-hoje\/#primaryimage"},"image":{"@id":"https:\/\/jornalfatosenoticias.com.br\/index.php\/2020\/06\/04\/a-mobilidade-urbana-da-crianca-antes-e-hoje\/#primaryimage"},"thumbnailUrl":"https:\/\/jornalfatosenoticias.com.br\/wp-content\/uploads\/2020\/06\/menino-cadeirante.jpg","datePublished":"2020-06-04T20:51:30+00:00","dateModified":"2020-06-04T20:51:31+00:00","breadcrumb":{"@id":"https:\/\/jornalfatosenoticias.com.br\/index.php\/2020\/06\/04\/a-mobilidade-urbana-da-crianca-antes-e-hoje\/#breadcrumb"},"inLanguage":"pt-BR","potentialAction":[{"@type":"ReadAction","target":["https:\/\/jornalfatosenoticias.com.br\/index.php\/2020\/06\/04\/a-mobilidade-urbana-da-crianca-antes-e-hoje\/"]}]},{"@type":"ImageObject","inLanguage":"pt-BR","@id":"https:\/\/jornalfatosenoticias.com.br\/index.php\/2020\/06\/04\/a-mobilidade-urbana-da-crianca-antes-e-hoje\/#primaryimage","url":"https:\/\/jornalfatosenoticias.com.br\/wp-content\/uploads\/2020\/06\/menino-cadeirante.jpg","contentUrl":"https:\/\/jornalfatosenoticias.com.br\/wp-content\/uploads\/2020\/06\/menino-cadeirante.jpg","width":1000,"height":625},{"@type":"BreadcrumbList","@id":"https:\/\/jornalfatosenoticias.com.br\/index.php\/2020\/06\/04\/a-mobilidade-urbana-da-crianca-antes-e-hoje\/#breadcrumb","itemListElement":[{"@type":"ListItem","position":1,"name":"In\u00edcio","item":"https:\/\/jornalfatosenoticias.com.br\/"},{"@type":"ListItem","position":2,"name":"A Mobilidade Urbana da Crian\u00e7a, antes e hoje"}]},{"@type":"WebSite","@id":"https:\/\/jornalfatosenoticias.com.br\/#website","url":"https:\/\/jornalfatosenoticias.com.br\/","name":"Jornal Fatos e Not\u00edcias","description":"Not\u00edcias em geral","publisher":{"@id":"https:\/\/jornalfatosenoticias.com.br\/#organization"},"potentialAction":[{"@type":"SearchAction","target":{"@type":"EntryPoint","urlTemplate":"https:\/\/jornalfatosenoticias.com.br\/?s={search_term_string}"},"query-input":{"@type":"PropertyValueSpecification","valueRequired":true,"valueName":"search_term_string"}}],"inLanguage":"pt-BR"},{"@type":"Organization","@id":"https:\/\/jornalfatosenoticias.com.br\/#organization","name":"Jornal Fatos e Not\u00edcias","url":"https:\/\/jornalfatosenoticias.com.br\/","logo":{"@type":"ImageObject","inLanguage":"pt-BR","@id":"https:\/\/jornalfatosenoticias.com.br\/#\/schema\/logo\/image\/","url":"https:\/\/jornalfatosenoticias.com.br\/wp-content\/uploads\/2020\/02\/logo120.png","contentUrl":"https:\/\/jornalfatosenoticias.com.br\/wp-content\/uploads\/2020\/02\/logo120.png","width":1227,"height":120,"caption":"Jornal Fatos e Not\u00edcias"},"image":{"@id":"https:\/\/jornalfatosenoticias.com.br\/#\/schema\/logo\/image\/"}},{"@type":"Person","@id":"https:\/\/jornalfatosenoticias.com.br\/#\/schema\/person\/c33fcf5fb02d729d3fec92c6737a22d1","name":"Ana Maria Iencarelli","image":{"@type":"ImageObject","inLanguage":"pt-BR","@id":"https:\/\/jornalfatosenoticias.com.br\/#\/schema\/person\/image\/","url":"https:\/\/jornalfatosenoticias.com.br\/wp-content\/uploads\/2020\/02\/Ana-Maria-Iencarelli-1-150x150.jpg","contentUrl":"https:\/\/jornalfatosenoticias.com.br\/wp-content\/uploads\/2020\/02\/Ana-Maria-Iencarelli-1-150x150.jpg","caption":"Ana Maria Iencarelli"},"description":"Psicanalista Cl\u00ednica, especializada no atendimento a Crian\u00e7as e Adolescentes. Presidente da ONG Vozes de Anjos.","url":"https:\/\/jornalfatosenoticias.com.br\/index.php\/author\/anamaria\/"}]}},"cc_featured_image_caption":{"caption_text":"(Foto: IPTC Photo Metadata)","source_text":"","source_url":""},"jetpack_featured_media_url":"https:\/\/jornalfatosenoticias.com.br\/wp-content\/uploads\/2020\/06\/menino-cadeirante.jpg","_links":{"self":[{"href":"https:\/\/jornalfatosenoticias.com.br\/index.php\/wp-json\/wp\/v2\/posts\/5257","targetHints":{"allow":["GET"]}}],"collection":[{"href":"https:\/\/jornalfatosenoticias.com.br\/index.php\/wp-json\/wp\/v2\/posts"}],"about":[{"href":"https:\/\/jornalfatosenoticias.com.br\/index.php\/wp-json\/wp\/v2\/types\/post"}],"author":[{"embeddable":true,"href":"https:\/\/jornalfatosenoticias.com.br\/index.php\/wp-json\/wp\/v2\/users\/8"}],"replies":[{"embeddable":true,"href":"https:\/\/jornalfatosenoticias.com.br\/index.php\/wp-json\/wp\/v2\/comments?post=5257"}],"version-history":[{"count":0,"href":"https:\/\/jornalfatosenoticias.com.br\/index.php\/wp-json\/wp\/v2\/posts\/5257\/revisions"}],"wp:featuredmedia":[{"embeddable":true,"href":"https:\/\/jornalfatosenoticias.com.br\/index.php\/wp-json\/wp\/v2\/media\/5259"}],"wp:attachment":[{"href":"https:\/\/jornalfatosenoticias.com.br\/index.php\/wp-json\/wp\/v2\/media?parent=5257"}],"wp:term":[{"taxonomy":"category","embeddable":true,"href":"https:\/\/jornalfatosenoticias.com.br\/index.php\/wp-json\/wp\/v2\/categories?post=5257"},{"taxonomy":"post_tag","embeddable":true,"href":"https:\/\/jornalfatosenoticias.com.br\/index.php\/wp-json\/wp\/v2\/tags?post=5257"}],"curies":[{"name":"wp","href":"https:\/\/api.w.org\/{rel}","templated":true}]}}