{"id":52589,"date":"2024-07-10T14:30:24","date_gmt":"2024-07-10T17:30:24","guid":{"rendered":"https:\/\/jornalfatosenoticias.com.br\/?p=52589"},"modified":"2024-07-10T14:30:26","modified_gmt":"2024-07-10T17:30:26","slug":"o-que-pode-mudar-nas-herancas-e-nas-vendas-de-imoveis-com-a-nova-reforma-tributaria","status":"publish","type":"post","link":"https:\/\/jornalfatosenoticias.com.br\/index.php\/2024\/07\/10\/o-que-pode-mudar-nas-herancas-e-nas-vendas-de-imoveis-com-a-nova-reforma-tributaria\/","title":{"rendered":"O que pode mudar nas heran\u00e7as e nas vendas de im\u00f3veis com a nova reforma tribut\u00e1ria"},"content":{"rendered":"\n<p><em><span class=\"has-inline-color has-black-color\">Apresenta\u00e7\u00e3o do relat\u00f3rio final do grupo de trabalho pelos deputados Pedro Campos (E) e Mauro Benevides Filho (D)<\/span><\/em><\/p>\n\n\n\n<p><span class=\"has-inline-color has-black-color\">Por <strong><a href=\"https:\/\/www.gazetadopovo.com.br\/autor\/celio-yano\/\">C\u00e9lio Yano<\/a><\/strong><\/span><\/p>\n\n\n\n<div class=\"wp-block-image\"><figure class=\"aligncenter size-large\"><a href=\"https:\/\/mizu.com.br\/\"><img loading=\"lazy\" decoding=\"async\" width=\"729\" height=\"90\" src=\"https:\/\/jornalfatosenoticias.com.br\/wp-content\/uploads\/2020\/02\/Logo_Mizu.png\" alt=\"\" class=\"wp-image-1441\" srcset=\"https:\/\/jornalfatosenoticias.com.br\/wp-content\/uploads\/2020\/02\/Logo_Mizu.png 729w, https:\/\/jornalfatosenoticias.com.br\/wp-content\/uploads\/2020\/02\/Logo_Mizu-300x37.png 300w\" sizes=\"auto, (max-width: 729px) 100vw, 729px\" \/><\/a><\/figure><\/div>\n\n\n\n<p>Heran\u00e7as e vendas de im\u00f3veis poder\u00e3o sofrer mudan\u00e7as com a proposta da reforma tribut\u00e1ria, que est\u00e1 em tramita\u00e7\u00e3o na C\u00e2mara de Deputados e que pode entrar em vota\u00e7\u00e3o nesta quarta-feira (10). O relat\u00f3rio do grupo de trabalho apresentado na segunda-feira (8) sinaliza para mudan\u00e7as no Imposto de Transmiss\u00e3o Causa Mortis e Doa\u00e7\u00f5es (ITCMD), de compet\u00eancia estadual, e Imposto sobre Transmiss\u00e3o de Bens Intervivos (ITBI), cobrado pelos munic\u00edpios.<br>Os parlamentares que entregaram o documento inclu\u00edram um par\u00e1grafo que estabelece que grandes patrim\u00f4nios ser\u00e3o tributados pela al\u00edquota m\u00e1xima do ITCMD. Conforme a reda\u00e7\u00e3o, a defini\u00e7\u00e3o de \u201cgrande patrim\u00f4nio\u201d ser\u00e1 feita por lei espec\u00edfica dos estados ou Distrito Federal. J\u00e1 a al\u00edquota m\u00e1xima do ITCMD \u00e9 fixada pelo Senado Federal e desde 1992 est\u00e1 em 8%.<\/p>\n\n\n\n<div class=\"wp-block-image\"><figure class=\"aligncenter size-large is-resized\"><img loading=\"lazy\" decoding=\"async\" src=\"https:\/\/jornalfatosenoticias.com.br\/wp-content\/uploads\/2022\/02\/Precisao-Contabilidade-1024x724.jpg\" alt=\"\" class=\"wp-image-28088\" width=\"351\" height=\"248\"\/><\/figure><\/div>\n\n\n\n<p>A mudan\u00e7a foi sugerida pelo grupo formado pelo relator, deputado Mauro Benevides Filho (PDT-CE), e que tem como integrantes os deputados Vitor Lippi (PSDB-SP), Pedro Campos (PSB-PE), Luiz Carlos Hauly (Pode-PR), Aureo Ribeiro (Solidariedade-RJ), Bruno Farias (Avante-MG) e Ivan Valente (PSOL-SP).<br>Campos considera que o relat\u00f3rio est\u00e1 \u201cpronto\u201d para ser submetido ao plen\u00e1rio da C\u00e2mara. Para Benevides, a mat\u00e9ria poderia ser votada at\u00e9 mesmo antes do substitutivo. \u201cPessoalmente, acho que ser\u00e1 mais simples votar esse texto do que o outro texto da regulamenta\u00e7\u00e3o da reforma\u201d, disse o relator.\u00a0<\/p>\n\n\n\n<div class=\"wp-block-image\"><figure class=\"aligncenter size-large is-resized\"><a href=\"https:\/\/www.instagram.com\/baraodascarnes.es\/\"><img loading=\"lazy\" decoding=\"async\" src=\"https:\/\/jornalfatosenoticias.com.br\/wp-content\/uploads\/2020\/02\/barao-das-carnes-300x164-1.jpg\" alt=\"\" class=\"wp-image-34339\" width=\"326\" height=\"178\"\/><\/a><\/figure><\/div>\n\n\n\n<p>A inten\u00e7\u00e3o do presidente da C\u00e2mara, Arthur Lira (PP-AL), \u00e9 concluir a vota\u00e7\u00e3o dos dois projetos de regulamenta\u00e7\u00e3o da reforma tribut\u00e1ria na Casa ainda antes do recesso legislativo, que come\u00e7a no dia 18. A primeira proposta deve entrar em discuss\u00e3o no plen\u00e1rio a partir desta quarta-feira (10).<\/p>\n\n\n\n<div class=\"wp-block-image\"><figure class=\"aligncenter size-large is-resized\"><a href=\"https:\/\/hotelmarquetti.com.br\/\"><img loading=\"lazy\" decoding=\"async\" src=\"https:\/\/jornalfatosenoticias.com.br\/wp-content\/uploads\/2020\/02\/nova-logo-Marquetti.jpg\" alt=\"\" class=\"wp-image-22331\" width=\"306\" height=\"205\" srcset=\"https:\/\/jornalfatosenoticias.com.br\/wp-content\/uploads\/2020\/02\/nova-logo-Marquetti.jpg 643w, https:\/\/jornalfatosenoticias.com.br\/wp-content\/uploads\/2020\/02\/nova-logo-Marquetti-300x202.jpg 300w\" sizes=\"auto, (max-width: 306px) 100vw, 306px\" \/><\/a><\/figure><\/div>\n\n\n\n<p><strong><span class=\"has-inline-color has-black-color\">Deputados retomam imposto sobre previd\u00eancia privada transmitida por heran\u00e7a<br><\/span><\/strong>No relat\u00f3rio apresentado na segunda-feira, o grupo de trabalho decidiu ainda incluir no substitutivo a autoriza\u00e7\u00e3o a estados para a cobran\u00e7a do ITCMD sobre aplica\u00e7\u00f5es em planos de previd\u00eancia privada transmitidos por meio de heran\u00e7a. A ideia constava de uma vers\u00e3o preliminar do projeto elaborado pelo Minist\u00e9rio da Fazenda, mas foi retirada do texto ap\u00f3s vazar para ve\u00edculos de imprensa e repercutir negativamente.\u00a0<\/p>\n\n\n\n<div class=\"wp-block-image\"><figure class=\"aligncenter size-large\"><a href=\"https:\/\/www.facebook.com\/Esteio-Churrascaria-Barbecue-103643461220402\/\"><img decoding=\"async\" src=\"https:\/\/jornalfatosenoticias.com.br\/wp-content\/uploads\/2020\/02\/logo_esteio.jpg\" alt=\"\" class=\"wp-image-1214\"\/><\/a><\/figure><\/div>\n\n\n\n<p>A inten\u00e7\u00e3o era uniformizar nacionalmente a cobran\u00e7a do ITCMD sobre a transfer\u00eancia de recursos aplicados em planos de previd\u00eancia privada. Hoje, por serem considerados uma esp\u00e9cie de seguro, planos do tipo VGBL em geral n\u00e3o s\u00e3o taxados quando transferidos.\u00a0<\/p>\n\n\n\n<div class=\"wp-block-image\"><figure class=\"aligncenter size-large is-resized\"><a href=\"https:\/\/www.instagram.com\/rapuzeljastro\/\"><img loading=\"lazy\" decoding=\"async\" src=\"https:\/\/jornalfatosenoticias.com.br\/wp-content\/uploads\/2020\/02\/logo-Rapuzel-1024x571.jpg\" alt=\"\" class=\"wp-image-42808\" width=\"372\" height=\"207\" srcset=\"https:\/\/jornalfatosenoticias.com.br\/wp-content\/uploads\/2020\/02\/logo-Rapuzel-1024x571.jpg 1024w, https:\/\/jornalfatosenoticias.com.br\/wp-content\/uploads\/2020\/02\/logo-Rapuzel-300x167.jpg 300w, https:\/\/jornalfatosenoticias.com.br\/wp-content\/uploads\/2020\/02\/logo-Rapuzel-768x428.jpg 768w, https:\/\/jornalfatosenoticias.com.br\/wp-content\/uploads\/2020\/02\/logo-Rapuzel-1536x856.jpg 1536w, https:\/\/jornalfatosenoticias.com.br\/wp-content\/uploads\/2020\/02\/logo-Rapuzel.jpg 1600w\" sizes=\"auto, (max-width: 372px) 100vw, 372px\" \/><\/a><\/figure><\/div>\n\n\n\n<p>J\u00e1 sobre a modalidade PGBL h\u00e1 regras diferentes dependendo do estado, e est\u00e1 sob an\u00e1lise do Supremo Tribunal Federal (STF) uma defini\u00e7\u00e3o sobre a incid\u00eancia do tributo nesse tipo de aplica\u00e7\u00e3o.\u00a0Segundo o texto, o ITCMD passar\u00e1 a incidir sobre \u201caportes financeiros capitalizados sob a forma de planos de previd\u00eancia privada ou qualquer outra forma ou denomina\u00e7\u00e3o de aplica\u00e7\u00e3o financeira ou investimento, seja qual for a modalidade de garantia\u201d.\u00a0<\/p>\n\n\n\n<div class=\"wp-block-image\"><figure class=\"aligncenter size-large is-resized\"><a href=\"https:\/\/www.facebook.com\/postobkr\/?locale=pt_BR\"><img loading=\"lazy\" decoding=\"async\" src=\"https:\/\/jornalfatosenoticias.com.br\/wp-content\/uploads\/2023\/08\/BKR-1024x1021.jpg\" alt=\"\" class=\"wp-image-44494\" width=\"307\" height=\"306\" srcset=\"https:\/\/jornalfatosenoticias.com.br\/wp-content\/uploads\/2023\/08\/BKR-1024x1021.jpg 1024w, https:\/\/jornalfatosenoticias.com.br\/wp-content\/uploads\/2023\/08\/BKR-300x300.jpg 300w, https:\/\/jornalfatosenoticias.com.br\/wp-content\/uploads\/2023\/08\/BKR-150x150.jpg 150w, https:\/\/jornalfatosenoticias.com.br\/wp-content\/uploads\/2023\/08\/BKR-768x766.jpg 768w, https:\/\/jornalfatosenoticias.com.br\/wp-content\/uploads\/2023\/08\/BKR.jpg 1080w\" sizes=\"auto, (max-width: 307px) 100vw, 307px\" \/><\/a><\/figure><\/div>\n\n\n\n<p>Ou seja, caso a vers\u00e3o dos parlamentares seja aprovada, tanto planos PGBL quanto VGBL poder\u00e3o ser tributados. No caso dos contratos VGBL, no entanto, somente estar\u00e3o sujeitos \u00e0 taxa\u00e7\u00e3o os que tenham prazo inferior a cinco anos, contados da data do aporte at\u00e9 a ocorr\u00eancia do fato gerador (transmiss\u00e3o da heran\u00e7a).\u00a0<\/p>\n\n\n\n<div class=\"wp-block-image\"><figure class=\"aligncenter size-large\"><a href=\"http:\/\/www.ferrarimaquinas.com.br\/\"><img loading=\"lazy\" decoding=\"async\" width=\"300\" height=\"250\" src=\"https:\/\/jornalfatosenoticias.com.br\/wp-content\/uploads\/2022\/02\/FERRARI_MAQUINAS-E-FERRAMENTAS2.jpg\" alt=\"\" class=\"wp-image-27860\"\/><\/a><\/figure><\/div>\n\n\n\n<p>\u201cAs pessoas, no \u00faltimo momento, v\u00e3o l\u00e1, passam todo o patrim\u00f4nio para o VGBL, n\u00e3o pagam imposto nenhum\u201d, justificou Ivan Valente (PSOL-SP). \u201cE a pessoa falece, \u00e9 isso que acontece. Essa \u00e9 a realidade, essa \u00e9 a estampa do Brasil\u201d, afirmou.\u00a0<\/p>\n\n\n\n<div class=\"wp-block-image\"><figure class=\"aligncenter size-large is-resized\"><a href=\"https:\/\/www.instagram.com\/restaurantepegoretti\/\"><img loading=\"lazy\" decoding=\"async\" src=\"https:\/\/jornalfatosenoticias.com.br\/wp-content\/uploads\/2023\/12\/pegoretti-logo-pdf-1024x389.jpg\" alt=\"\" class=\"wp-image-47536\" width=\"472\" height=\"179\" srcset=\"https:\/\/jornalfatosenoticias.com.br\/wp-content\/uploads\/2023\/12\/pegoretti-logo-pdf-1024x389.jpg 1024w, https:\/\/jornalfatosenoticias.com.br\/wp-content\/uploads\/2023\/12\/pegoretti-logo-pdf-300x114.jpg 300w, https:\/\/jornalfatosenoticias.com.br\/wp-content\/uploads\/2023\/12\/pegoretti-logo-pdf-768x291.jpg 768w, https:\/\/jornalfatosenoticias.com.br\/wp-content\/uploads\/2023\/12\/pegoretti-logo-pdf.jpg 1120w\" sizes=\"auto, (max-width: 472px) 100vw, 472px\" \/><\/a><\/figure><\/div>\n\n\n\n<p>Ficam de fora os chamados contratos de risco, semelhantes a seguro de vida e nos quais a indeniza\u00e7\u00e3o paga aos benefici\u00e1rios n\u00e3o tem rela\u00e7\u00e3o com o valor aportado. A parte constitucional da reforma tribut\u00e1ria, estabelecida no fim do ano passado com a promulga\u00e7\u00e3o da Emenda Constitucional 132 j\u00e1 definiu que as al\u00edquotas do ITCMD dever\u00e3o ser progressivas e que o local de recolhimento do tributo passar\u00e1 a ser no domic\u00edlio do doador.<\/p>\n\n\n\n<div class=\"wp-block-image\"><figure class=\"aligncenter size-large is-resized\"><a href=\"https:\/\/www.controlsystems.com.br\/\"><img loading=\"lazy\" decoding=\"async\" src=\"https:\/\/jornalfatosenoticias.com.br\/wp-content\/uploads\/2020\/02\/CONTROL-CS.jpg\" alt=\"\" class=\"wp-image-44991\" width=\"297\" height=\"356\" srcset=\"https:\/\/jornalfatosenoticias.com.br\/wp-content\/uploads\/2020\/02\/CONTROL-CS.jpg 834w, https:\/\/jornalfatosenoticias.com.br\/wp-content\/uploads\/2020\/02\/CONTROL-CS-250x300.jpg 250w, https:\/\/jornalfatosenoticias.com.br\/wp-content\/uploads\/2020\/02\/CONTROL-CS-768x921.jpg 768w\" sizes=\"auto, (max-width: 297px) 100vw, 297px\" \/><\/a><\/figure><\/div>\n\n\n\n<p>A tributarista Bianca Xavier, professora da FGV Direito Rio, considera um avan\u00e7o o fato de haver a partir de agora uma lei geral que regula o imposto em todo o pa\u00eds. \u201cDesde a Constitui\u00e7\u00e3o de 1988 at\u00e9 hoje a gente n\u00e3o tinha uma lei complementar, ent\u00e3o cada estado criou suas regras, o que acaba gerando muito conflito\u201d, explica.<\/p>\n\n\n\n<div class=\"wp-block-image\"><figure class=\"aligncenter size-large\"><a href=\"https:\/\/www.facebook.com\/vetor.vix\/\"><img loading=\"lazy\" decoding=\"async\" width=\"1024\" height=\"273\" src=\"https:\/\/jornalfatosenoticias.com.br\/wp-content\/uploads\/2023\/09\/vetorvix1024_1.jpg\" alt=\"\" class=\"wp-image-44868\" srcset=\"https:\/\/jornalfatosenoticias.com.br\/wp-content\/uploads\/2023\/09\/vetorvix1024_1.jpg 1024w, https:\/\/jornalfatosenoticias.com.br\/wp-content\/uploads\/2023\/09\/vetorvix1024_1-300x80.jpg 300w, https:\/\/jornalfatosenoticias.com.br\/wp-content\/uploads\/2023\/09\/vetorvix1024_1-768x205.jpg 768w\" sizes=\"auto, (max-width: 1024px) 100vw, 1024px\" \/><\/a><\/figure><\/div>\n\n\n\n<p><strong><span class=\"has-inline-color has-black-color\">Munic\u00edpios ter\u00e3o op\u00e7\u00e3o de antecipar cobran\u00e7a do ITBI<br><\/span><\/strong>Outra mudan\u00e7a introduzida pelo relat\u00f3rio em rela\u00e7\u00e3o \u00e0 proposta original do governo \u00e9 a possibilidade de munic\u00edpios anteciparem o momento de incid\u00eancia do ITBI, cobrado nas transa\u00e7\u00f5es envolvendo im\u00f3veis. O texto do Minist\u00e9rio da Fazenda estabelecia que o imposto deveria incidir quando fosse celebrado o contrato ou lavrada a escritura p\u00fablica de compra e venda do im\u00f3vel, n\u00e3o mais no momento do registro da opera\u00e7\u00e3o no cart\u00f3rio de im\u00f3veis, como ocorre hoje.\u00a0<\/p>\n\n\n\n<div class=\"wp-block-image\"><figure class=\"aligncenter size-large\"><a href=\"https:\/\/cesconetto.com.br\/\"><img loading=\"lazy\" decoding=\"async\" width=\"300\" height=\"250\" src=\"https:\/\/jornalfatosenoticias.com.br\/wp-content\/uploads\/2020\/02\/Banner-2.png\" alt=\"\" class=\"wp-image-43787\"\/><\/a><\/figure><\/div>\n\n\n\n<p>O texto do grupo de trabalho torna a antecipa\u00e7\u00e3o da cobran\u00e7a do ITBI opcional. Conforme o relat\u00f3rio, \u201co imposto pode ser exigido a partir da formaliza\u00e7\u00e3o do respectivo t\u00edtulo aquisitivo translativo\u201d. Segundo Mauro Benevides Filho (PDT-CE), a inten\u00e7\u00e3o foi dar uma \u201crobustez legal\u201d a uma pr\u00e1tica j\u00e1 adotada por algumas prefeituras.\u00a0\u201cV\u00e1rios munic\u00edpios j\u00e1 est\u00e3o fazendo assim: al\u00edquota menor na compra e venda, e al\u00edquota maior no registro. Porque tem muita gente que est\u00e1 colocando contrato de gaveta, ent\u00e3o \u00e9 uma maneira de se coibir isso\u201d, explicou.\u00a0<\/p>\n\n\n\n<div class=\"wp-block-image\"><figure class=\"aligncenter size-large is-resized\"><a href=\"https:\/\/panper.com.br\/\"><img loading=\"lazy\" decoding=\"async\" src=\"https:\/\/jornalfatosenoticias.com.br\/wp-content\/uploads\/2023\/03\/logo-Panper_portal.jpg\" alt=\"\" class=\"wp-image-40208\" width=\"355\" height=\"246\" srcset=\"https:\/\/jornalfatosenoticias.com.br\/wp-content\/uploads\/2023\/03\/logo-Panper_portal.jpg 400w, https:\/\/jornalfatosenoticias.com.br\/wp-content\/uploads\/2023\/03\/logo-Panper_portal-300x208.jpg 300w\" sizes=\"auto, (max-width: 355px) 100vw, 355px\" \/><\/a><\/figure><\/div>\n\n\n\n<p><span class=\"has-inline-color has-black-color\"><strong>PSOL pretende apresentar emenda para instituir Imposto sobre Grandes Fortunas<br><\/strong><\/span>A bancada do PSOL na C\u00e2mara dos Deputados vai aproveitar a discuss\u00e3o de uma das propostas de regulamenta\u00e7\u00e3o da reforma tribut\u00e1ria para apresentar uma emenda visando instituir o Imposto sobre Grandes Fortunas (IGF).\u00a0A decis\u00e3o foi anunciada pelo deputado Ivan Valente (PSOL-SP), um dos integrantes do grupo de trabalho que analisou o projeto de lei complementar (PLP) 108\/2024, que trata principalmente do funcionamento do Comit\u00ea Gestor do Imposto de Bens e Servi\u00e7os (IBS).\u00a0<\/p>\n\n\n\n<div class=\"wp-block-image\"><figure class=\"aligncenter size-large is-resized\"><a href=\"https:\/\/www.ithbrasil.com.br\/\"><img loading=\"lazy\" decoding=\"async\" src=\"https:\/\/jornalfatosenoticias.com.br\/wp-content\/uploads\/2023\/08\/ITH.jpeg\" alt=\"\" class=\"wp-image-44638\" width=\"311\" height=\"252\" srcset=\"https:\/\/jornalfatosenoticias.com.br\/wp-content\/uploads\/2023\/08\/ITH.jpeg 800w, https:\/\/jornalfatosenoticias.com.br\/wp-content\/uploads\/2023\/08\/ITH-300x244.jpeg 300w, https:\/\/jornalfatosenoticias.com.br\/wp-content\/uploads\/2023\/08\/ITH-768x624.jpeg 768w\" sizes=\"auto, (max-width: 311px) 100vw, 311px\" \/><\/a><\/figure><\/div>\n\n\n\n<p>\u201cComo n\u00f3s abrimos a brecha para o patrim\u00f4nio, quero dizer que na Constitui\u00e7\u00e3o Federal do Brasil, aprovada em 1988, \u00e9 constitucional cobrar um imposto sobre grandes fortunas. Est\u00e1 l\u00e1\u201d, destacou o deputado do PSOL durante a entrevista coletiva de apresenta\u00e7\u00e3o do relat\u00f3rio.\u00a0<\/p>\n\n\n\n<div class=\"wp-block-image\"><figure class=\"aligncenter size-large\"><a href=\"https:\/\/mizu.com.br\/\"><img loading=\"lazy\" decoding=\"async\" width=\"729\" height=\"90\" src=\"https:\/\/jornalfatosenoticias.com.br\/wp-content\/uploads\/2020\/02\/Logo_Mizu.png\" alt=\"\" class=\"wp-image-1441\" srcset=\"https:\/\/jornalfatosenoticias.com.br\/wp-content\/uploads\/2020\/02\/Logo_Mizu.png 729w, https:\/\/jornalfatosenoticias.com.br\/wp-content\/uploads\/2020\/02\/Logo_Mizu-300x37.png 300w\" sizes=\"auto, (max-width: 729px) 100vw, 729px\" \/><\/a><\/figure><\/div>\n\n\n\n<p>\u201cN\u00e3o est\u00e1 no relat\u00f3rio, mas j\u00e1 avisei que n\u00f3s vamos entrar com uma emenda de plen\u00e1rio\u201d, prosseguiu. \u201cN\u00f3s n\u00e3o precisamos esperar [a reforma do imposto de] renda depois para discutir uma quest\u00e3o que, como a reforma tribut\u00e1ria, est\u00e1 no fundo da gaveta. S\u00f3 que n\u00f3s estamos tirando a reforma tribut\u00e1ria do fundo da gaveta, ent\u00e3o a hora \u00e9 agora\u201d, afirmou.\u00a0<\/p>\n\n\n\n<div class=\"wp-block-image\"><figure class=\"aligncenter size-large is-resized\"><img loading=\"lazy\" decoding=\"async\" src=\"https:\/\/jornalfatosenoticias.com.br\/wp-content\/uploads\/2022\/02\/Precisao-Contabilidade-1024x724.jpg\" alt=\"\" class=\"wp-image-28088\" width=\"335\" height=\"237\"\/><\/figure><\/div>\n\n\n\n<p>A ideia, segundo ele, \u00e9 levantar o debate sobre o IGF\u00a0\u201cpelo menos para a sociedade\u201d. \u201cN\u00e3o sei se n\u00f3s vamos conseguir as assinaturas e nem se n\u00f3s temos correla\u00e7\u00e3o de for\u00e7as para passar, mas o nosso partido vai apresentar [a emenda]\u201d, assegurou.\u00a0<\/p>\n\n\n\n<div class=\"wp-block-image\"><figure class=\"aligncenter size-large\"><a href=\"https:\/\/www.instagram.com\/baraodascarnes.es\/\"><img decoding=\"async\" src=\"https:\/\/jornalfatosenoticias.com.br\/wp-content\/uploads\/2020\/02\/barao-das-carnes-300x164-1.jpg\" alt=\"\" class=\"wp-image-34339\"\/><\/a><\/figure><\/div>\n\n\n\n<p>A cria\u00e7\u00e3o de um tributo sobre patrim\u00f4nios vultuosos est\u00e1, de fato, prevista na Constitui\u00e7\u00e3o, no artigo 153. Diz o inciso VII que \u201ccompete \u00e0 Uni\u00e3o instituir imposto sobre grandes fortunas, nos termos de lei complementar\u201d.\u00a0Em 2019, o mesmo PSOL protocolou uma A\u00e7\u00e3o Direta de Inconstitucionalidade por Omiss\u00e3o (ADO), na qual alega que o IGF \u00e9 uma aplica\u00e7\u00e3o dos objetivos fundamentais da Rep\u00fablica de \u201cconstruir uma sociedade livre, justa e solid\u00e1ria\u201d e de \u201cerradicar a pobreza e a marginaliza\u00e7\u00e3o e reduzir as desigualdades sociais e regionais\u201d.\u00a0A\u00a0a\u00e7\u00e3o recebeu voto favor\u00e1vel do ent\u00e3o ministro Marco Aur\u00e9lio Mello, mas o julgamento, iniciado em 2021, foi suspenso por um pedido de destaque de Gilmar Mendes.\u00a0<\/p>\n\n\n\n<div class=\"wp-block-image\"><figure class=\"aligncenter size-large is-resized\"><a href=\"https:\/\/hotelmarquetti.com.br\/\"><img loading=\"lazy\" decoding=\"async\" src=\"https:\/\/jornalfatosenoticias.com.br\/wp-content\/uploads\/2020\/02\/nova-logo-Marquetti.jpg\" alt=\"\" class=\"wp-image-22331\" width=\"319\" height=\"214\" srcset=\"https:\/\/jornalfatosenoticias.com.br\/wp-content\/uploads\/2020\/02\/nova-logo-Marquetti.jpg 643w, https:\/\/jornalfatosenoticias.com.br\/wp-content\/uploads\/2020\/02\/nova-logo-Marquetti-300x202.jpg 300w\" sizes=\"auto, (max-width: 319px) 100vw, 319px\" \/><\/a><\/figure><\/div>\n\n\n\n<p>Desde 1989, constam na base da C\u00e2mara dos Deputados 78 propostas de institui\u00e7\u00e3o do IGF, enquanto outras 21 est\u00e3o paradas no Senado. A ideia de taxar super-ricos tamb\u00e9m tem resson\u00e2ncia no governo de Luiz In\u00e1cio Lula da Silva (PT), cujo ministro da Fazenda, Fernando Haddad, tem atuado como porta-voz internacional de um modelo global de taxa\u00e7\u00e3o de bilion\u00e1rios.<\/p>\n\n\n\n<div class=\"wp-block-image\"><figure class=\"aligncenter size-large\"><a href=\"https:\/\/www.facebook.com\/Esteio-Churrascaria-Barbecue-103643461220402\/\"><img decoding=\"async\" src=\"https:\/\/jornalfatosenoticias.com.br\/wp-content\/uploads\/2020\/02\/logo_esteio.jpg\" alt=\"\" class=\"wp-image-1214\"\/><\/a><\/figure><\/div>\n\n\n\n<p>Para a tributarista Bianca Xavier, da FGV Direito Rio, a ideia de se tributar grandes fortunas, no entanto, pode afugentar capital do pa\u00eds. \u201cH\u00e1 exemplos de pa\u00edses que fizeram isso, mas n\u00e3o adianta apenas copiar um modelo, porque os pa\u00edses s\u00e3o diferentes\u201d, diz.\u00a0<\/p>\n\n\n\n<div class=\"wp-block-image\"><figure class=\"aligncenter size-large is-resized\"><a href=\"https:\/\/www.instagram.com\/rapuzeljastro\/\"><img loading=\"lazy\" decoding=\"async\" src=\"https:\/\/jornalfatosenoticias.com.br\/wp-content\/uploads\/2020\/02\/logo-Rapuzel-1024x571.jpg\" alt=\"\" class=\"wp-image-42808\" width=\"388\" height=\"216\" srcset=\"https:\/\/jornalfatosenoticias.com.br\/wp-content\/uploads\/2020\/02\/logo-Rapuzel-1024x571.jpg 1024w, https:\/\/jornalfatosenoticias.com.br\/wp-content\/uploads\/2020\/02\/logo-Rapuzel-300x167.jpg 300w, https:\/\/jornalfatosenoticias.com.br\/wp-content\/uploads\/2020\/02\/logo-Rapuzel-768x428.jpg 768w, https:\/\/jornalfatosenoticias.com.br\/wp-content\/uploads\/2020\/02\/logo-Rapuzel-1536x856.jpg 1536w, https:\/\/jornalfatosenoticias.com.br\/wp-content\/uploads\/2020\/02\/logo-Rapuzel.jpg 1600w\" sizes=\"auto, (max-width: 388px) 100vw, 388px\" \/><\/a><\/figure><\/div>\n\n\n\n<p>Ela lembra que, ap\u00f3s a reforma do sistema de impostos sobre consumo, h\u00e1 inten\u00e7\u00e3o do governo de alterar a tributa\u00e7\u00e3o sobre renda e sobre a folha de pagamento. \u201cHoje se tributa muito o consumo e pouco a renda. Se a gente fizer uma reforma do imposto de renda de forma inteligente, nem precisaria do imposto sobre grandes fortunas\u201d, avalia.\u00a0<\/p>\n\n\n\n<p><strong><em>Fonte: <a href=\"https:\/\/www.gazetadopovo.com.br\/economia\/o-que-pode-mudar-nas-herancas-e-nas-vendas-de-imoveis-com-a-nova-reforma-tributaria\/\">Gazeta do Povo<\/a><\/em><\/strong><\/p>\n","protected":false},"excerpt":{"rendered":"<p>Apresenta\u00e7\u00e3o do relat\u00f3rio final do grupo de trabalho pelos deputados Pedro Campos (E) e Mauro Benevides Filho (D) Por C\u00e9lio Yano Heran\u00e7as e vendas de im\u00f3veis poder\u00e3o sofrer mudan\u00e7as com a proposta da reforma tribut\u00e1ria, que est\u00e1 em tramita\u00e7\u00e3o na C\u00e2mara de Deputados e que pode entrar em vota\u00e7\u00e3o nesta quarta-feira (10). O relat\u00f3rio do [&hellip;]<\/p>\n","protected":false},"author":2,"featured_media":52590,"comment_status":"open","ping_status":"open","sticky":false,"template":"","format":"standard","meta":{"footnotes":""},"categories":[9],"tags":[10543,982,18155,237,8257,22391,18916,24015,22873,4046,486,294,8611],"class_list":["post-52589","post","type-post","status-publish","format-standard","has-post-thumbnail","hentry","category-economia","tag-arthur-lira","tag-camara-dos-deputados","tag-fernando-haddad","tag-imoveis","tag-impostos","tag-ivan-valente","tag-ministerio-da-fazenda","tag-previdencia-privada","tag-psol","tag-reforma-tributaria","tag-senado","tag-stf","tag-tributacao"],"yoast_head":"<!-- This site is optimized with the Yoast SEO plugin v26.5 - https:\/\/yoast.com\/wordpress\/plugins\/seo\/ -->\n<title>O que pode mudar nas heran\u00e7as e nas vendas de im\u00f3veis com a nova reforma tribut\u00e1ria - Jornal Fatos e Not\u00edcias<\/title>\n<meta name=\"robots\" content=\"index, follow, max-snippet:-1, max-image-preview:large, max-video-preview:-1\" \/>\n<link rel=\"canonical\" href=\"https:\/\/jornalfatosenoticias.com.br\/index.php\/2024\/07\/10\/o-que-pode-mudar-nas-herancas-e-nas-vendas-de-imoveis-com-a-nova-reforma-tributaria\/\" \/>\n<meta property=\"og:locale\" content=\"pt_BR\" \/>\n<meta property=\"og:type\" content=\"article\" \/>\n<meta property=\"og:title\" content=\"O que pode mudar nas heran\u00e7as e nas vendas de im\u00f3veis com a nova reforma tribut\u00e1ria - Jornal Fatos e Not\u00edcias\" \/>\n<meta property=\"og:description\" content=\"Apresenta\u00e7\u00e3o do relat\u00f3rio final do grupo de trabalho pelos deputados Pedro Campos (E) e Mauro Benevides Filho (D) Por C\u00e9lio Yano Heran\u00e7as e vendas de im\u00f3veis poder\u00e3o sofrer mudan\u00e7as com a proposta da reforma tribut\u00e1ria, que est\u00e1 em tramita\u00e7\u00e3o na C\u00e2mara de Deputados e que pode entrar em vota\u00e7\u00e3o nesta quarta-feira (10). O relat\u00f3rio do [&hellip;]\" \/>\n<meta property=\"og:url\" content=\"https:\/\/jornalfatosenoticias.com.br\/index.php\/2024\/07\/10\/o-que-pode-mudar-nas-herancas-e-nas-vendas-de-imoveis-com-a-nova-reforma-tributaria\/\" \/>\n<meta property=\"og:site_name\" content=\"Jornal Fatos e Not\u00edcias\" \/>\n<meta property=\"article:published_time\" content=\"2024-07-10T17:30:24+00:00\" \/>\n<meta property=\"article:modified_time\" content=\"2024-07-10T17:30:26+00:00\" \/>\n<meta property=\"og:image\" content=\"https:\/\/jornalfatosenoticias.com.br\/wp-content\/uploads\/2024\/07\/reforma-tributaria.jpg\" \/>\n\t<meta property=\"og:image:width\" content=\"960\" \/>\n\t<meta property=\"og:image:height\" content=\"540\" \/>\n\t<meta property=\"og:image:type\" content=\"image\/jpeg\" \/>\n<meta name=\"author\" content=\"Luzimara Fernandes\" \/>\n<meta name=\"twitter:card\" content=\"summary_large_image\" \/>\n<meta name=\"twitter:label1\" content=\"Escrito por\" \/>\n\t<meta name=\"twitter:data1\" content=\"Luzimara Fernandes\" \/>\n\t<meta name=\"twitter:label2\" content=\"Est. tempo de leitura\" \/>\n\t<meta name=\"twitter:data2\" content=\"8 minutos\" \/>\n<script type=\"application\/ld+json\" class=\"yoast-schema-graph\">{\"@context\":\"https:\/\/schema.org\",\"@graph\":[{\"@type\":\"Article\",\"@id\":\"https:\/\/jornalfatosenoticias.com.br\/index.php\/2024\/07\/10\/o-que-pode-mudar-nas-herancas-e-nas-vendas-de-imoveis-com-a-nova-reforma-tributaria\/#article\",\"isPartOf\":{\"@id\":\"https:\/\/jornalfatosenoticias.com.br\/index.php\/2024\/07\/10\/o-que-pode-mudar-nas-herancas-e-nas-vendas-de-imoveis-com-a-nova-reforma-tributaria\/\"},\"author\":{\"name\":\"Luzimara Fernandes\",\"@id\":\"https:\/\/jornalfatosenoticias.com.br\/#\/schema\/person\/d63837fa13ac8666eb9e74e0985d6f81\"},\"headline\":\"O que pode mudar nas heran\u00e7as e nas vendas de im\u00f3veis com a nova reforma tribut\u00e1ria\",\"datePublished\":\"2024-07-10T17:30:24+00:00\",\"dateModified\":\"2024-07-10T17:30:26+00:00\",\"mainEntityOfPage\":{\"@id\":\"https:\/\/jornalfatosenoticias.com.br\/index.php\/2024\/07\/10\/o-que-pode-mudar-nas-herancas-e-nas-vendas-de-imoveis-com-a-nova-reforma-tributaria\/\"},\"wordCount\":1524,\"commentCount\":0,\"publisher\":{\"@id\":\"https:\/\/jornalfatosenoticias.com.br\/#organization\"},\"image\":{\"@id\":\"https:\/\/jornalfatosenoticias.com.br\/index.php\/2024\/07\/10\/o-que-pode-mudar-nas-herancas-e-nas-vendas-de-imoveis-com-a-nova-reforma-tributaria\/#primaryimage\"},\"thumbnailUrl\":\"https:\/\/jornalfatosenoticias.com.br\/wp-content\/uploads\/2024\/07\/reforma-tributaria.jpg\",\"keywords\":[\"Arthur Lira\",\"C\u00e2mara dos Deputados\",\"Fernando Haddad\",\"im\u00f3veis\",\"impostos\",\"Ivan Valente\",\"Minist\u00e9rio da Fazenda\",\"Previd\u00eancia Privada\",\"PSOL\",\"Reforma Tribut\u00e1ria\",\"Senado\",\"STF\",\"tributa\u00e7\u00e3o\"],\"articleSection\":[\"Economia\"],\"inLanguage\":\"pt-BR\",\"potentialAction\":[{\"@type\":\"CommentAction\",\"name\":\"Comment\",\"target\":[\"https:\/\/jornalfatosenoticias.com.br\/index.php\/2024\/07\/10\/o-que-pode-mudar-nas-herancas-e-nas-vendas-de-imoveis-com-a-nova-reforma-tributaria\/#respond\"]}]},{\"@type\":\"WebPage\",\"@id\":\"https:\/\/jornalfatosenoticias.com.br\/index.php\/2024\/07\/10\/o-que-pode-mudar-nas-herancas-e-nas-vendas-de-imoveis-com-a-nova-reforma-tributaria\/\",\"url\":\"https:\/\/jornalfatosenoticias.com.br\/index.php\/2024\/07\/10\/o-que-pode-mudar-nas-herancas-e-nas-vendas-de-imoveis-com-a-nova-reforma-tributaria\/\",\"name\":\"O que pode mudar nas heran\u00e7as e nas vendas de im\u00f3veis com a nova reforma tribut\u00e1ria - Jornal Fatos e Not\u00edcias\",\"isPartOf\":{\"@id\":\"https:\/\/jornalfatosenoticias.com.br\/#website\"},\"primaryImageOfPage\":{\"@id\":\"https:\/\/jornalfatosenoticias.com.br\/index.php\/2024\/07\/10\/o-que-pode-mudar-nas-herancas-e-nas-vendas-de-imoveis-com-a-nova-reforma-tributaria\/#primaryimage\"},\"image\":{\"@id\":\"https:\/\/jornalfatosenoticias.com.br\/index.php\/2024\/07\/10\/o-que-pode-mudar-nas-herancas-e-nas-vendas-de-imoveis-com-a-nova-reforma-tributaria\/#primaryimage\"},\"thumbnailUrl\":\"https:\/\/jornalfatosenoticias.com.br\/wp-content\/uploads\/2024\/07\/reforma-tributaria.jpg\",\"datePublished\":\"2024-07-10T17:30:24+00:00\",\"dateModified\":\"2024-07-10T17:30:26+00:00\",\"breadcrumb\":{\"@id\":\"https:\/\/jornalfatosenoticias.com.br\/index.php\/2024\/07\/10\/o-que-pode-mudar-nas-herancas-e-nas-vendas-de-imoveis-com-a-nova-reforma-tributaria\/#breadcrumb\"},\"inLanguage\":\"pt-BR\",\"potentialAction\":[{\"@type\":\"ReadAction\",\"target\":[\"https:\/\/jornalfatosenoticias.com.br\/index.php\/2024\/07\/10\/o-que-pode-mudar-nas-herancas-e-nas-vendas-de-imoveis-com-a-nova-reforma-tributaria\/\"]}]},{\"@type\":\"ImageObject\",\"inLanguage\":\"pt-BR\",\"@id\":\"https:\/\/jornalfatosenoticias.com.br\/index.php\/2024\/07\/10\/o-que-pode-mudar-nas-herancas-e-nas-vendas-de-imoveis-com-a-nova-reforma-tributaria\/#primaryimage\",\"url\":\"https:\/\/jornalfatosenoticias.com.br\/wp-content\/uploads\/2024\/07\/reforma-tributaria.jpg\",\"contentUrl\":\"https:\/\/jornalfatosenoticias.com.br\/wp-content\/uploads\/2024\/07\/reforma-tributaria.jpg\",\"width\":960,\"height\":540},{\"@type\":\"BreadcrumbList\",\"@id\":\"https:\/\/jornalfatosenoticias.com.br\/index.php\/2024\/07\/10\/o-que-pode-mudar-nas-herancas-e-nas-vendas-de-imoveis-com-a-nova-reforma-tributaria\/#breadcrumb\",\"itemListElement\":[{\"@type\":\"ListItem\",\"position\":1,\"name\":\"In\u00edcio\",\"item\":\"https:\/\/jornalfatosenoticias.com.br\/\"},{\"@type\":\"ListItem\",\"position\":2,\"name\":\"O que pode mudar nas heran\u00e7as e nas vendas de im\u00f3veis com a nova reforma tribut\u00e1ria\"}]},{\"@type\":\"WebSite\",\"@id\":\"https:\/\/jornalfatosenoticias.com.br\/#website\",\"url\":\"https:\/\/jornalfatosenoticias.com.br\/\",\"name\":\"Jornal Fatos e Not\u00edcias\",\"description\":\"Not\u00edcias em geral\",\"publisher\":{\"@id\":\"https:\/\/jornalfatosenoticias.com.br\/#organization\"},\"potentialAction\":[{\"@type\":\"SearchAction\",\"target\":{\"@type\":\"EntryPoint\",\"urlTemplate\":\"https:\/\/jornalfatosenoticias.com.br\/?s={search_term_string}\"},\"query-input\":{\"@type\":\"PropertyValueSpecification\",\"valueRequired\":true,\"valueName\":\"search_term_string\"}}],\"inLanguage\":\"pt-BR\"},{\"@type\":\"Organization\",\"@id\":\"https:\/\/jornalfatosenoticias.com.br\/#organization\",\"name\":\"Jornal Fatos e Not\u00edcias\",\"url\":\"https:\/\/jornalfatosenoticias.com.br\/\",\"logo\":{\"@type\":\"ImageObject\",\"inLanguage\":\"pt-BR\",\"@id\":\"https:\/\/jornalfatosenoticias.com.br\/#\/schema\/logo\/image\/\",\"url\":\"https:\/\/jornalfatosenoticias.com.br\/wp-content\/uploads\/2020\/02\/logo120.png\",\"contentUrl\":\"https:\/\/jornalfatosenoticias.com.br\/wp-content\/uploads\/2020\/02\/logo120.png\",\"width\":1227,\"height\":120,\"caption\":\"Jornal Fatos e Not\u00edcias\"},\"image\":{\"@id\":\"https:\/\/jornalfatosenoticias.com.br\/#\/schema\/logo\/image\/\"}},{\"@type\":\"Person\",\"@id\":\"https:\/\/jornalfatosenoticias.com.br\/#\/schema\/person\/d63837fa13ac8666eb9e74e0985d6f81\",\"name\":\"Luzimara Fernandes\",\"image\":{\"@type\":\"ImageObject\",\"inLanguage\":\"pt-BR\",\"@id\":\"https:\/\/jornalfatosenoticias.com.br\/#\/schema\/person\/image\/\",\"url\":\"https:\/\/jornalfatosenoticias.com.br\/wp-content\/uploads\/2025\/05\/EU_portal.jpg\",\"contentUrl\":\"https:\/\/jornalfatosenoticias.com.br\/wp-content\/uploads\/2025\/05\/EU_portal.jpg\",\"caption\":\"Luzimara Fernandes\"},\"description\":\"Jornalista MTB 2358-ES\",\"sameAs\":[\"https:\/\/jornalfatosenoticias.com.br\"],\"url\":\"https:\/\/jornalfatosenoticias.com.br\/index.php\/author\/luzimara\/\"}]}<\/script>\n<!-- \/ Yoast SEO plugin. -->","yoast_head_json":{"title":"O que pode mudar nas heran\u00e7as e nas vendas de im\u00f3veis com a nova reforma tribut\u00e1ria - Jornal Fatos e Not\u00edcias","robots":{"index":"index","follow":"follow","max-snippet":"max-snippet:-1","max-image-preview":"max-image-preview:large","max-video-preview":"max-video-preview:-1"},"canonical":"https:\/\/jornalfatosenoticias.com.br\/index.php\/2024\/07\/10\/o-que-pode-mudar-nas-herancas-e-nas-vendas-de-imoveis-com-a-nova-reforma-tributaria\/","og_locale":"pt_BR","og_type":"article","og_title":"O que pode mudar nas heran\u00e7as e nas vendas de im\u00f3veis com a nova reforma tribut\u00e1ria - Jornal Fatos e Not\u00edcias","og_description":"Apresenta\u00e7\u00e3o do relat\u00f3rio final do grupo de trabalho pelos deputados Pedro Campos (E) e Mauro Benevides Filho (D) Por C\u00e9lio Yano Heran\u00e7as e vendas de im\u00f3veis poder\u00e3o sofrer mudan\u00e7as com a proposta da reforma tribut\u00e1ria, que est\u00e1 em tramita\u00e7\u00e3o na C\u00e2mara de Deputados e que pode entrar em vota\u00e7\u00e3o nesta quarta-feira (10). O relat\u00f3rio do [&hellip;]","og_url":"https:\/\/jornalfatosenoticias.com.br\/index.php\/2024\/07\/10\/o-que-pode-mudar-nas-herancas-e-nas-vendas-de-imoveis-com-a-nova-reforma-tributaria\/","og_site_name":"Jornal Fatos e Not\u00edcias","article_published_time":"2024-07-10T17:30:24+00:00","article_modified_time":"2024-07-10T17:30:26+00:00","og_image":[{"width":960,"height":540,"url":"https:\/\/jornalfatosenoticias.com.br\/wp-content\/uploads\/2024\/07\/reforma-tributaria.jpg","type":"image\/jpeg"}],"author":"Luzimara Fernandes","twitter_card":"summary_large_image","twitter_misc":{"Escrito por":"Luzimara Fernandes","Est. tempo de leitura":"8 minutos"},"schema":{"@context":"https:\/\/schema.org","@graph":[{"@type":"Article","@id":"https:\/\/jornalfatosenoticias.com.br\/index.php\/2024\/07\/10\/o-que-pode-mudar-nas-herancas-e-nas-vendas-de-imoveis-com-a-nova-reforma-tributaria\/#article","isPartOf":{"@id":"https:\/\/jornalfatosenoticias.com.br\/index.php\/2024\/07\/10\/o-que-pode-mudar-nas-herancas-e-nas-vendas-de-imoveis-com-a-nova-reforma-tributaria\/"},"author":{"name":"Luzimara Fernandes","@id":"https:\/\/jornalfatosenoticias.com.br\/#\/schema\/person\/d63837fa13ac8666eb9e74e0985d6f81"},"headline":"O que pode mudar nas heran\u00e7as e nas vendas de im\u00f3veis com a nova reforma tribut\u00e1ria","datePublished":"2024-07-10T17:30:24+00:00","dateModified":"2024-07-10T17:30:26+00:00","mainEntityOfPage":{"@id":"https:\/\/jornalfatosenoticias.com.br\/index.php\/2024\/07\/10\/o-que-pode-mudar-nas-herancas-e-nas-vendas-de-imoveis-com-a-nova-reforma-tributaria\/"},"wordCount":1524,"commentCount":0,"publisher":{"@id":"https:\/\/jornalfatosenoticias.com.br\/#organization"},"image":{"@id":"https:\/\/jornalfatosenoticias.com.br\/index.php\/2024\/07\/10\/o-que-pode-mudar-nas-herancas-e-nas-vendas-de-imoveis-com-a-nova-reforma-tributaria\/#primaryimage"},"thumbnailUrl":"https:\/\/jornalfatosenoticias.com.br\/wp-content\/uploads\/2024\/07\/reforma-tributaria.jpg","keywords":["Arthur Lira","C\u00e2mara dos Deputados","Fernando Haddad","im\u00f3veis","impostos","Ivan Valente","Minist\u00e9rio da Fazenda","Previd\u00eancia Privada","PSOL","Reforma Tribut\u00e1ria","Senado","STF","tributa\u00e7\u00e3o"],"articleSection":["Economia"],"inLanguage":"pt-BR","potentialAction":[{"@type":"CommentAction","name":"Comment","target":["https:\/\/jornalfatosenoticias.com.br\/index.php\/2024\/07\/10\/o-que-pode-mudar-nas-herancas-e-nas-vendas-de-imoveis-com-a-nova-reforma-tributaria\/#respond"]}]},{"@type":"WebPage","@id":"https:\/\/jornalfatosenoticias.com.br\/index.php\/2024\/07\/10\/o-que-pode-mudar-nas-herancas-e-nas-vendas-de-imoveis-com-a-nova-reforma-tributaria\/","url":"https:\/\/jornalfatosenoticias.com.br\/index.php\/2024\/07\/10\/o-que-pode-mudar-nas-herancas-e-nas-vendas-de-imoveis-com-a-nova-reforma-tributaria\/","name":"O que pode mudar nas heran\u00e7as e nas vendas de im\u00f3veis com a nova reforma tribut\u00e1ria - Jornal Fatos e Not\u00edcias","isPartOf":{"@id":"https:\/\/jornalfatosenoticias.com.br\/#website"},"primaryImageOfPage":{"@id":"https:\/\/jornalfatosenoticias.com.br\/index.php\/2024\/07\/10\/o-que-pode-mudar-nas-herancas-e-nas-vendas-de-imoveis-com-a-nova-reforma-tributaria\/#primaryimage"},"image":{"@id":"https:\/\/jornalfatosenoticias.com.br\/index.php\/2024\/07\/10\/o-que-pode-mudar-nas-herancas-e-nas-vendas-de-imoveis-com-a-nova-reforma-tributaria\/#primaryimage"},"thumbnailUrl":"https:\/\/jornalfatosenoticias.com.br\/wp-content\/uploads\/2024\/07\/reforma-tributaria.jpg","datePublished":"2024-07-10T17:30:24+00:00","dateModified":"2024-07-10T17:30:26+00:00","breadcrumb":{"@id":"https:\/\/jornalfatosenoticias.com.br\/index.php\/2024\/07\/10\/o-que-pode-mudar-nas-herancas-e-nas-vendas-de-imoveis-com-a-nova-reforma-tributaria\/#breadcrumb"},"inLanguage":"pt-BR","potentialAction":[{"@type":"ReadAction","target":["https:\/\/jornalfatosenoticias.com.br\/index.php\/2024\/07\/10\/o-que-pode-mudar-nas-herancas-e-nas-vendas-de-imoveis-com-a-nova-reforma-tributaria\/"]}]},{"@type":"ImageObject","inLanguage":"pt-BR","@id":"https:\/\/jornalfatosenoticias.com.br\/index.php\/2024\/07\/10\/o-que-pode-mudar-nas-herancas-e-nas-vendas-de-imoveis-com-a-nova-reforma-tributaria\/#primaryimage","url":"https:\/\/jornalfatosenoticias.com.br\/wp-content\/uploads\/2024\/07\/reforma-tributaria.jpg","contentUrl":"https:\/\/jornalfatosenoticias.com.br\/wp-content\/uploads\/2024\/07\/reforma-tributaria.jpg","width":960,"height":540},{"@type":"BreadcrumbList","@id":"https:\/\/jornalfatosenoticias.com.br\/index.php\/2024\/07\/10\/o-que-pode-mudar-nas-herancas-e-nas-vendas-de-imoveis-com-a-nova-reforma-tributaria\/#breadcrumb","itemListElement":[{"@type":"ListItem","position":1,"name":"In\u00edcio","item":"https:\/\/jornalfatosenoticias.com.br\/"},{"@type":"ListItem","position":2,"name":"O que pode mudar nas heran\u00e7as e nas vendas de im\u00f3veis com a nova reforma tribut\u00e1ria"}]},{"@type":"WebSite","@id":"https:\/\/jornalfatosenoticias.com.br\/#website","url":"https:\/\/jornalfatosenoticias.com.br\/","name":"Jornal Fatos e Not\u00edcias","description":"Not\u00edcias em geral","publisher":{"@id":"https:\/\/jornalfatosenoticias.com.br\/#organization"},"potentialAction":[{"@type":"SearchAction","target":{"@type":"EntryPoint","urlTemplate":"https:\/\/jornalfatosenoticias.com.br\/?s={search_term_string}"},"query-input":{"@type":"PropertyValueSpecification","valueRequired":true,"valueName":"search_term_string"}}],"inLanguage":"pt-BR"},{"@type":"Organization","@id":"https:\/\/jornalfatosenoticias.com.br\/#organization","name":"Jornal Fatos e Not\u00edcias","url":"https:\/\/jornalfatosenoticias.com.br\/","logo":{"@type":"ImageObject","inLanguage":"pt-BR","@id":"https:\/\/jornalfatosenoticias.com.br\/#\/schema\/logo\/image\/","url":"https:\/\/jornalfatosenoticias.com.br\/wp-content\/uploads\/2020\/02\/logo120.png","contentUrl":"https:\/\/jornalfatosenoticias.com.br\/wp-content\/uploads\/2020\/02\/logo120.png","width":1227,"height":120,"caption":"Jornal Fatos e Not\u00edcias"},"image":{"@id":"https:\/\/jornalfatosenoticias.com.br\/#\/schema\/logo\/image\/"}},{"@type":"Person","@id":"https:\/\/jornalfatosenoticias.com.br\/#\/schema\/person\/d63837fa13ac8666eb9e74e0985d6f81","name":"Luzimara Fernandes","image":{"@type":"ImageObject","inLanguage":"pt-BR","@id":"https:\/\/jornalfatosenoticias.com.br\/#\/schema\/person\/image\/","url":"https:\/\/jornalfatosenoticias.com.br\/wp-content\/uploads\/2025\/05\/EU_portal.jpg","contentUrl":"https:\/\/jornalfatosenoticias.com.br\/wp-content\/uploads\/2025\/05\/EU_portal.jpg","caption":"Luzimara Fernandes"},"description":"Jornalista MTB 2358-ES","sameAs":["https:\/\/jornalfatosenoticias.com.br"],"url":"https:\/\/jornalfatosenoticias.com.br\/index.php\/author\/luzimara\/"}]}},"cc_featured_image_caption":{"caption_text":"(Foto: Bruno Spada\/C\u00e2mara dos Deputados)","source_text":"","source_url":""},"jetpack_featured_media_url":"https:\/\/jornalfatosenoticias.com.br\/wp-content\/uploads\/2024\/07\/reforma-tributaria.jpg","_links":{"self":[{"href":"https:\/\/jornalfatosenoticias.com.br\/index.php\/wp-json\/wp\/v2\/posts\/52589","targetHints":{"allow":["GET"]}}],"collection":[{"href":"https:\/\/jornalfatosenoticias.com.br\/index.php\/wp-json\/wp\/v2\/posts"}],"about":[{"href":"https:\/\/jornalfatosenoticias.com.br\/index.php\/wp-json\/wp\/v2\/types\/post"}],"author":[{"embeddable":true,"href":"https:\/\/jornalfatosenoticias.com.br\/index.php\/wp-json\/wp\/v2\/users\/2"}],"replies":[{"embeddable":true,"href":"https:\/\/jornalfatosenoticias.com.br\/index.php\/wp-json\/wp\/v2\/comments?post=52589"}],"version-history":[{"count":0,"href":"https:\/\/jornalfatosenoticias.com.br\/index.php\/wp-json\/wp\/v2\/posts\/52589\/revisions"}],"wp:featuredmedia":[{"embeddable":true,"href":"https:\/\/jornalfatosenoticias.com.br\/index.php\/wp-json\/wp\/v2\/media\/52590"}],"wp:attachment":[{"href":"https:\/\/jornalfatosenoticias.com.br\/index.php\/wp-json\/wp\/v2\/media?parent=52589"}],"wp:term":[{"taxonomy":"category","embeddable":true,"href":"https:\/\/jornalfatosenoticias.com.br\/index.php\/wp-json\/wp\/v2\/categories?post=52589"},{"taxonomy":"post_tag","embeddable":true,"href":"https:\/\/jornalfatosenoticias.com.br\/index.php\/wp-json\/wp\/v2\/tags?post=52589"}],"curies":[{"name":"wp","href":"https:\/\/api.w.org\/{rel}","templated":true}]}}