{"id":52596,"date":"2024-07-10T14:55:49","date_gmt":"2024-07-10T17:55:49","guid":{"rendered":"https:\/\/jornalfatosenoticias.com.br\/?p=52596"},"modified":"2024-07-10T14:55:50","modified_gmt":"2024-07-10T17:55:50","slug":"governador-do-rj-critica-itamaraty-apos-desculpas-a-jovens-negros-abordados-pela-pm","status":"publish","type":"post","link":"https:\/\/jornalfatosenoticias.com.br\/index.php\/2024\/07\/10\/governador-do-rj-critica-itamaraty-apos-desculpas-a-jovens-negros-abordados-pela-pm\/","title":{"rendered":"Governador do RJ critica Itamaraty ap\u00f3s desculpas a jovens negros abordados pela PM"},"content":{"rendered":"\n<p><em><span class=\"has-inline-color has-black-color\">Cl\u00e1udio Castro diz que Itamaraty ataca a pol\u00edcia \u201cantes de saber o que aconteceu\u201d e diz que h\u00e1 uma \u201ccomplexidade\u201d no policiamento da regi\u00e3o<\/span><\/em><\/p>\n\n\n\n<p><span class=\"has-inline-color has-black-color\">Por <strong><a href=\"https:\/\/www.gazetadopovo.com.br\/autor\/guilherme-grandi\/\">Guilherme Grandi<\/a><\/strong><\/span><\/p>\n\n\n\n<div class=\"wp-block-image\"><figure class=\"aligncenter size-large is-resized\"><a href=\"https:\/\/www.instagram.com\/restaurantepegoretti\/\"><img loading=\"lazy\" decoding=\"async\" src=\"https:\/\/jornalfatosenoticias.com.br\/wp-content\/uploads\/2023\/12\/pegoretti-logo-pdf-1024x389.jpg\" alt=\"\" class=\"wp-image-47536\" width=\"374\" height=\"142\" srcset=\"https:\/\/jornalfatosenoticias.com.br\/wp-content\/uploads\/2023\/12\/pegoretti-logo-pdf-1024x389.jpg 1024w, https:\/\/jornalfatosenoticias.com.br\/wp-content\/uploads\/2023\/12\/pegoretti-logo-pdf-300x114.jpg 300w, https:\/\/jornalfatosenoticias.com.br\/wp-content\/uploads\/2023\/12\/pegoretti-logo-pdf-768x291.jpg 768w, https:\/\/jornalfatosenoticias.com.br\/wp-content\/uploads\/2023\/12\/pegoretti-logo-pdf.jpg 1120w\" sizes=\"auto, (max-width: 374px) 100vw, 374px\" \/><\/a><\/figure><\/div>\n\n\n\n<p>O governador do Rio de Janeiro, Cl\u00e1udio Castro (PL-RJ), criticou, nesta ter\u00e7a (9), a postura do Itamaraty de pedir desculpas \u00e0s fam\u00edlias dos jovens negros filhos de diplomatas abordados pela Pol\u00edcia Militar supostamente por racismo, na semana passada. A chancelaria brasileira fez um pedido formal de desculpas aos embaixadores do Gab\u00e3o e de Burkina Faso pelo ato.<br>Na noite da \u00faltima quarta (3), tr\u00eas jovens estrangeiros acompanhados de dois garotos brancos brasileiros foram abordados por uma viatura da PM por volta das 19h quando voltavam para casa em Ipanema, na Zona Sul da cidade. Segundo relatos da m\u00e3e de um dos rapazes, os agentes desceram com fuzis e pistolas em punho.<\/p>\n\n\n\n<div class=\"wp-block-image\"><figure class=\"aligncenter size-large is-resized\"><a href=\"https:\/\/www.facebook.com\/postobkr\/?locale=pt_BR\"><img loading=\"lazy\" decoding=\"async\" src=\"https:\/\/jornalfatosenoticias.com.br\/wp-content\/uploads\/2023\/08\/BKR-1024x1021.jpg\" alt=\"\" class=\"wp-image-44494\" width=\"293\" height=\"292\" srcset=\"https:\/\/jornalfatosenoticias.com.br\/wp-content\/uploads\/2023\/08\/BKR-1024x1021.jpg 1024w, https:\/\/jornalfatosenoticias.com.br\/wp-content\/uploads\/2023\/08\/BKR-300x300.jpg 300w, https:\/\/jornalfatosenoticias.com.br\/wp-content\/uploads\/2023\/08\/BKR-150x150.jpg 150w, https:\/\/jornalfatosenoticias.com.br\/wp-content\/uploads\/2023\/08\/BKR-768x766.jpg 768w, https:\/\/jornalfatosenoticias.com.br\/wp-content\/uploads\/2023\/08\/BKR.jpg 1080w\" sizes=\"auto, (max-width: 293px) 100vw, 293px\" \/><\/a><\/figure><\/div>\n\n\n\n<blockquote class=\"wp-block-quote is-layout-flow wp-block-quote-is-layout-flow\"><p><span class=\"has-inline-color has-luminous-vivid-orange-color\">Castro afirmou que o Minist\u00e9rio das Rela\u00e7\u00f5es Exteriores preferiu \u201cbotar nota p\u00fablica antes de saber o que aconteceu\u201d. \u201cAcho at\u00e9 que isso \u00e9 uma coisa que a gente tem que tomar cuidado, porque atacar a pol\u00edcia antes de saber o que aconteceu \u00e9 muito f\u00e1cil\u201d, disse pedindo mais respeito e considera\u00e7\u00e3o pelo trabalho da PM, destacando que \u201cquando os filhos deles est\u00e3o aqui quem vai defender \u00e9 a pol\u00edcia\u201d.<\/span><\/p><\/blockquote>\n\n\n\n<div class=\"wp-block-image\"><figure class=\"aligncenter size-large is-resized\"><a href=\"https:\/\/www.instagram.com\/rapuzeljastro\/\"><img loading=\"lazy\" decoding=\"async\" src=\"https:\/\/jornalfatosenoticias.com.br\/wp-content\/uploads\/2020\/02\/logo-Rapuzel-1024x571.jpg\" alt=\"\" class=\"wp-image-42808\" width=\"359\" height=\"200\" srcset=\"https:\/\/jornalfatosenoticias.com.br\/wp-content\/uploads\/2020\/02\/logo-Rapuzel-1024x571.jpg 1024w, https:\/\/jornalfatosenoticias.com.br\/wp-content\/uploads\/2020\/02\/logo-Rapuzel-300x167.jpg 300w, https:\/\/jornalfatosenoticias.com.br\/wp-content\/uploads\/2020\/02\/logo-Rapuzel-768x428.jpg 768w, https:\/\/jornalfatosenoticias.com.br\/wp-content\/uploads\/2020\/02\/logo-Rapuzel-1536x856.jpg 1536w, https:\/\/jornalfatosenoticias.com.br\/wp-content\/uploads\/2020\/02\/logo-Rapuzel.jpg 1600w\" sizes=\"auto, (max-width: 359px) 100vw, 359px\" \/><\/a><\/figure><\/div>\n\n\n\n<p>\u201cA gente tem que entender um pouco a complexidade do trabalho policial. Naquela regi\u00e3o ali, o que os moradores mais reclamam \u00e9 exatamente dos assaltos feitos por jovens. Aquele policial t\u00e1 ali, como todos os outros que est\u00e3o ali, procurando exatamente situa\u00e7\u00f5es de jovens praticando delitos\u201d, completou o governador defendendo a abordagem policial.<\/p>\n\n\n\n<div class=\"wp-block-image\"><figure class=\"aligncenter size-large is-resized\"><a href=\"https:\/\/www.ithbrasil.com.br\/\"><img loading=\"lazy\" decoding=\"async\" src=\"https:\/\/jornalfatosenoticias.com.br\/wp-content\/uploads\/2023\/08\/ITH.jpeg\" alt=\"\" class=\"wp-image-44638\" width=\"303\" height=\"246\" srcset=\"https:\/\/jornalfatosenoticias.com.br\/wp-content\/uploads\/2023\/08\/ITH.jpeg 800w, https:\/\/jornalfatosenoticias.com.br\/wp-content\/uploads\/2023\/08\/ITH-300x244.jpeg 300w, https:\/\/jornalfatosenoticias.com.br\/wp-content\/uploads\/2023\/08\/ITH-768x624.jpeg 768w\" sizes=\"auto, (max-width: 303px) 100vw, 303px\" \/><\/a><\/figure><\/div>\n\n\n\n<p>As declara\u00e7\u00f5es de Castro foram dadas durante um evento no Centro Integrado de Comando e Controle (CICC) sobre o servi\u00e7o 190 da PM. Al\u00e9m de citar a \u201ccomplexidade do trabalho policial naquela regi\u00e3o\u201d, o governador tamb\u00e9m eximiu os agentes de suposto racismo.<\/p>\n\n\n\n<blockquote class=\"wp-block-quote is-layout-flow wp-block-quote-is-layout-flow\"><p><span class=\"has-inline-color has-luminous-vivid-orange-color\">O pessoal ficou falando da quest\u00e3o de racismo, mas tinham jovens negros e brancos. Ent\u00e3o se houve algum erro, a corregedoria t\u00e1 investigando\u201d, pontuou.<\/span><\/p><\/blockquote>\n\n\n\n<div class=\"wp-block-image\"><figure class=\"aligncenter size-large\"><a href=\"https:\/\/www.instagram.com\/baraodascarnes.es\/\"><img decoding=\"async\" src=\"https:\/\/jornalfatosenoticias.com.br\/wp-content\/uploads\/2020\/02\/barao-das-carnes-300x164-1.jpg\" alt=\"\" class=\"wp-image-34339\"\/><\/a><\/figure><\/div>\n\n\n\n<p>Ele ainda afirmou que \u201c\u00e9 muito complicado para o policial saber se \u00e9 filho de um diplomata ou se \u00e9 algu\u00e9m que t\u00e1 cometendo um delito\u201d, e que \u201ccrucificar o policial \u00e9 o mais f\u00e1cil\u201d. \u201cSe teve erro, n\u00f3s vamos corrigir, mas a gente tem que entender a complexidade da regi\u00e3o\u201d, completou.<\/p>\n\n\n\n<div class=\"wp-block-image\"><figure class=\"aligncenter size-large\"><a href=\"http:\/\/www.ferrarimaquinas.com.br\/\"><img loading=\"lazy\" decoding=\"async\" width=\"300\" height=\"250\" src=\"https:\/\/jornalfatosenoticias.com.br\/wp-content\/uploads\/2022\/02\/FERRARI_MAQUINAS-E-FERRAMENTAS2.jpg\" alt=\"\" class=\"wp-image-27860\"\/><\/a><\/figure><\/div>\n\n\n\n<p>Raiana Rondhon, a m\u00e3e de um dos meninos brancos que acompanhavam os tr\u00eas jovens negros, afirmou que \u201cap\u00f3s \u2018perceberem\u2019 o erro, [os policiais] liberaram os meninos, mas antes alertaram as crian\u00e7as que n\u00e3o andassem na rua, pois seriam abordados novamente\u201d. Al\u00e9m dos jovens de Burkina Faso e do Gab\u00e3o, um canadense negro estava no grupo.<\/p>\n\n\n\n<div class=\"wp-block-image\"><figure class=\"aligncenter size-large is-resized\"><a href=\"https:\/\/panper.com.br\/\"><img loading=\"lazy\" decoding=\"async\" src=\"https:\/\/jornalfatosenoticias.com.br\/wp-content\/uploads\/2023\/03\/logo-Panper_portal.jpg\" alt=\"\" class=\"wp-image-40208\" width=\"319\" height=\"221\" srcset=\"https:\/\/jornalfatosenoticias.com.br\/wp-content\/uploads\/2023\/03\/logo-Panper_portal.jpg 400w, https:\/\/jornalfatosenoticias.com.br\/wp-content\/uploads\/2023\/03\/logo-Panper_portal-300x208.jpg 300w\" sizes=\"auto, (max-width: 319px) 100vw, 319px\" \/><\/a><\/figure><\/div>\n\n\n\n<p>A Secretaria de Estado da Pol\u00edcia Militar do RJ (SEPM) informou, atrav\u00e9s de nota, que as imagens gravadas pelas c\u00e2meras corporais dos policiais ser\u00e3o analisadas para constatar se houve excesso por parte deles. A pasta afirma, ainda, que os cursos de forma\u00e7\u00e3o da corpora\u00e7\u00e3o t\u00eam \u201cprioridade absoluta\u201d no ensino de disciplinas como Direitos Humanos, \u00c9tica, Direito Constitucional e Leis Especiais. E disse, ainda, que a Ouvidoria da SEPM est\u00e1 \u00e0 disposi\u00e7\u00e3o dos cidad\u00e3os que se sentirem ofendidos para a formaliza\u00e7\u00e3o de den\u00fancias.<br>O Itamaraty informou \u00e0 Gazeta do Povo que solicitou uma apura\u00e7\u00e3o rigorosa e a responsabiliza\u00e7\u00e3o adequada dos policiais envolvidos na abordagem.<\/p>\n\n\n\n<div class=\"wp-block-image\"><figure class=\"aligncenter size-large\"><a href=\"https:\/\/cesconetto.com.br\/\"><img loading=\"lazy\" decoding=\"async\" width=\"300\" height=\"250\" src=\"https:\/\/jornalfatosenoticias.com.br\/wp-content\/uploads\/2022\/02\/Banner-2.png\" alt=\"\" class=\"wp-image-27877\"\/><\/a><\/figure><\/div>\n\n\n\n<p><strong><em>Fonte: <a href=\"https:\/\/www.gazetadopovo.com.br\/brasil\/governador-rj-critica-itamaraty-desculpas-jovens-negros-abordados-pm\/\">Gazeta do Povo<\/a><\/em><\/strong><\/p>\n","protected":false},"excerpt":{"rendered":"<p>Cl\u00e1udio Castro diz que Itamaraty ataca a pol\u00edcia \u201cantes de saber o que aconteceu\u201d e diz que h\u00e1 uma \u201ccomplexidade\u201d no policiamento da regi\u00e3o Por Guilherme Grandi O governador do Rio de Janeiro, Cl\u00e1udio Castro (PL-RJ), criticou, nesta ter\u00e7a (9), a postura do Itamaraty de pedir desculpas \u00e0s fam\u00edlias dos jovens negros filhos de diplomatas [&hellip;]<\/p>\n","protected":false},"author":2,"featured_media":52597,"comment_status":"open","ping_status":"open","sticky":false,"template":"","format":"standard","meta":{"footnotes":""},"categories":[5],"tags":[24030,14946,289,2479],"class_list":["post-52596","post","type-post","status-publish","format-standard","has-post-thumbnail","hentry","category-geral","tag-claudio-castro","tag-itamaraty","tag-rio-de-janeiro","tag-violencia"],"yoast_head":"<!-- This site is optimized with the Yoast SEO plugin v26.5 - https:\/\/yoast.com\/wordpress\/plugins\/seo\/ -->\n<title>Governador do RJ critica Itamaraty ap\u00f3s desculpas a jovens negros abordados pela PM - Jornal Fatos e Not\u00edcias<\/title>\n<meta name=\"robots\" content=\"index, follow, max-snippet:-1, max-image-preview:large, max-video-preview:-1\" \/>\n<link rel=\"canonical\" href=\"https:\/\/jornalfatosenoticias.com.br\/index.php\/2024\/07\/10\/governador-do-rj-critica-itamaraty-apos-desculpas-a-jovens-negros-abordados-pela-pm\/\" \/>\n<meta property=\"og:locale\" content=\"pt_BR\" \/>\n<meta property=\"og:type\" content=\"article\" \/>\n<meta property=\"og:title\" content=\"Governador do RJ critica Itamaraty ap\u00f3s desculpas a jovens negros abordados pela PM - Jornal Fatos e Not\u00edcias\" \/>\n<meta property=\"og:description\" content=\"Cl\u00e1udio Castro diz que Itamaraty ataca a pol\u00edcia \u201cantes de saber o que aconteceu\u201d e diz que h\u00e1 uma \u201ccomplexidade\u201d no policiamento da regi\u00e3o Por Guilherme Grandi O governador do Rio de Janeiro, Cl\u00e1udio Castro (PL-RJ), criticou, nesta ter\u00e7a (9), a postura do Itamaraty de pedir desculpas \u00e0s fam\u00edlias dos jovens negros filhos de diplomatas [&hellip;]\" \/>\n<meta property=\"og:url\" content=\"https:\/\/jornalfatosenoticias.com.br\/index.php\/2024\/07\/10\/governador-do-rj-critica-itamaraty-apos-desculpas-a-jovens-negros-abordados-pela-pm\/\" \/>\n<meta property=\"og:site_name\" content=\"Jornal Fatos e Not\u00edcias\" \/>\n<meta property=\"article:published_time\" content=\"2024-07-10T17:55:49+00:00\" \/>\n<meta property=\"article:modified_time\" content=\"2024-07-10T17:55:50+00:00\" \/>\n<meta property=\"og:image\" content=\"https:\/\/jornalfatosenoticias.com.br\/wp-content\/uploads\/2024\/07\/claudio-castro-foto-tomaz-silva-agencia-brasil.jpg\" \/>\n\t<meta property=\"og:image:width\" content=\"960\" \/>\n\t<meta property=\"og:image:height\" content=\"540\" \/>\n\t<meta property=\"og:image:type\" content=\"image\/jpeg\" \/>\n<meta name=\"author\" content=\"Luzimara Fernandes\" \/>\n<meta name=\"twitter:card\" content=\"summary_large_image\" \/>\n<meta name=\"twitter:label1\" content=\"Escrito por\" \/>\n\t<meta name=\"twitter:data1\" content=\"Luzimara Fernandes\" \/>\n\t<meta name=\"twitter:label2\" content=\"Est. tempo de leitura\" \/>\n\t<meta name=\"twitter:data2\" content=\"3 minutos\" \/>\n<script type=\"application\/ld+json\" class=\"yoast-schema-graph\">{\"@context\":\"https:\/\/schema.org\",\"@graph\":[{\"@type\":\"Article\",\"@id\":\"https:\/\/jornalfatosenoticias.com.br\/index.php\/2024\/07\/10\/governador-do-rj-critica-itamaraty-apos-desculpas-a-jovens-negros-abordados-pela-pm\/#article\",\"isPartOf\":{\"@id\":\"https:\/\/jornalfatosenoticias.com.br\/index.php\/2024\/07\/10\/governador-do-rj-critica-itamaraty-apos-desculpas-a-jovens-negros-abordados-pela-pm\/\"},\"author\":{\"name\":\"Luzimara Fernandes\",\"@id\":\"https:\/\/jornalfatosenoticias.com.br\/#\/schema\/person\/d63837fa13ac8666eb9e74e0985d6f81\"},\"headline\":\"Governador do RJ critica Itamaraty ap\u00f3s desculpas a jovens negros abordados pela PM\",\"datePublished\":\"2024-07-10T17:55:49+00:00\",\"dateModified\":\"2024-07-10T17:55:50+00:00\",\"mainEntityOfPage\":{\"@id\":\"https:\/\/jornalfatosenoticias.com.br\/index.php\/2024\/07\/10\/governador-do-rj-critica-itamaraty-apos-desculpas-a-jovens-negros-abordados-pela-pm\/\"},\"wordCount\":593,\"commentCount\":0,\"publisher\":{\"@id\":\"https:\/\/jornalfatosenoticias.com.br\/#organization\"},\"image\":{\"@id\":\"https:\/\/jornalfatosenoticias.com.br\/index.php\/2024\/07\/10\/governador-do-rj-critica-itamaraty-apos-desculpas-a-jovens-negros-abordados-pela-pm\/#primaryimage\"},\"thumbnailUrl\":\"https:\/\/jornalfatosenoticias.com.br\/wp-content\/uploads\/2024\/07\/claudio-castro-foto-tomaz-silva-agencia-brasil.jpg\",\"keywords\":[\"Cl\u00e1udio Castro\",\"Itamaraty\",\"Rio de Janeiro\",\"viol\u00eancia\"],\"articleSection\":[\"Geral\"],\"inLanguage\":\"pt-BR\",\"potentialAction\":[{\"@type\":\"CommentAction\",\"name\":\"Comment\",\"target\":[\"https:\/\/jornalfatosenoticias.com.br\/index.php\/2024\/07\/10\/governador-do-rj-critica-itamaraty-apos-desculpas-a-jovens-negros-abordados-pela-pm\/#respond\"]}]},{\"@type\":\"WebPage\",\"@id\":\"https:\/\/jornalfatosenoticias.com.br\/index.php\/2024\/07\/10\/governador-do-rj-critica-itamaraty-apos-desculpas-a-jovens-negros-abordados-pela-pm\/\",\"url\":\"https:\/\/jornalfatosenoticias.com.br\/index.php\/2024\/07\/10\/governador-do-rj-critica-itamaraty-apos-desculpas-a-jovens-negros-abordados-pela-pm\/\",\"name\":\"Governador do RJ critica Itamaraty ap\u00f3s desculpas a jovens negros abordados pela PM - Jornal Fatos e Not\u00edcias\",\"isPartOf\":{\"@id\":\"https:\/\/jornalfatosenoticias.com.br\/#website\"},\"primaryImageOfPage\":{\"@id\":\"https:\/\/jornalfatosenoticias.com.br\/index.php\/2024\/07\/10\/governador-do-rj-critica-itamaraty-apos-desculpas-a-jovens-negros-abordados-pela-pm\/#primaryimage\"},\"image\":{\"@id\":\"https:\/\/jornalfatosenoticias.com.br\/index.php\/2024\/07\/10\/governador-do-rj-critica-itamaraty-apos-desculpas-a-jovens-negros-abordados-pela-pm\/#primaryimage\"},\"thumbnailUrl\":\"https:\/\/jornalfatosenoticias.com.br\/wp-content\/uploads\/2024\/07\/claudio-castro-foto-tomaz-silva-agencia-brasil.jpg\",\"datePublished\":\"2024-07-10T17:55:49+00:00\",\"dateModified\":\"2024-07-10T17:55:50+00:00\",\"breadcrumb\":{\"@id\":\"https:\/\/jornalfatosenoticias.com.br\/index.php\/2024\/07\/10\/governador-do-rj-critica-itamaraty-apos-desculpas-a-jovens-negros-abordados-pela-pm\/#breadcrumb\"},\"inLanguage\":\"pt-BR\",\"potentialAction\":[{\"@type\":\"ReadAction\",\"target\":[\"https:\/\/jornalfatosenoticias.com.br\/index.php\/2024\/07\/10\/governador-do-rj-critica-itamaraty-apos-desculpas-a-jovens-negros-abordados-pela-pm\/\"]}]},{\"@type\":\"ImageObject\",\"inLanguage\":\"pt-BR\",\"@id\":\"https:\/\/jornalfatosenoticias.com.br\/index.php\/2024\/07\/10\/governador-do-rj-critica-itamaraty-apos-desculpas-a-jovens-negros-abordados-pela-pm\/#primaryimage\",\"url\":\"https:\/\/jornalfatosenoticias.com.br\/wp-content\/uploads\/2024\/07\/claudio-castro-foto-tomaz-silva-agencia-brasil.jpg\",\"contentUrl\":\"https:\/\/jornalfatosenoticias.com.br\/wp-content\/uploads\/2024\/07\/claudio-castro-foto-tomaz-silva-agencia-brasil.jpg\",\"width\":960,\"height\":540},{\"@type\":\"BreadcrumbList\",\"@id\":\"https:\/\/jornalfatosenoticias.com.br\/index.php\/2024\/07\/10\/governador-do-rj-critica-itamaraty-apos-desculpas-a-jovens-negros-abordados-pela-pm\/#breadcrumb\",\"itemListElement\":[{\"@type\":\"ListItem\",\"position\":1,\"name\":\"In\u00edcio\",\"item\":\"https:\/\/jornalfatosenoticias.com.br\/\"},{\"@type\":\"ListItem\",\"position\":2,\"name\":\"Governador do RJ critica Itamaraty ap\u00f3s desculpas a jovens negros abordados pela PM\"}]},{\"@type\":\"WebSite\",\"@id\":\"https:\/\/jornalfatosenoticias.com.br\/#website\",\"url\":\"https:\/\/jornalfatosenoticias.com.br\/\",\"name\":\"Jornal Fatos e Not\u00edcias\",\"description\":\"Not\u00edcias em geral\",\"publisher\":{\"@id\":\"https:\/\/jornalfatosenoticias.com.br\/#organization\"},\"potentialAction\":[{\"@type\":\"SearchAction\",\"target\":{\"@type\":\"EntryPoint\",\"urlTemplate\":\"https:\/\/jornalfatosenoticias.com.br\/?s={search_term_string}\"},\"query-input\":{\"@type\":\"PropertyValueSpecification\",\"valueRequired\":true,\"valueName\":\"search_term_string\"}}],\"inLanguage\":\"pt-BR\"},{\"@type\":\"Organization\",\"@id\":\"https:\/\/jornalfatosenoticias.com.br\/#organization\",\"name\":\"Jornal Fatos e Not\u00edcias\",\"url\":\"https:\/\/jornalfatosenoticias.com.br\/\",\"logo\":{\"@type\":\"ImageObject\",\"inLanguage\":\"pt-BR\",\"@id\":\"https:\/\/jornalfatosenoticias.com.br\/#\/schema\/logo\/image\/\",\"url\":\"https:\/\/jornalfatosenoticias.com.br\/wp-content\/uploads\/2020\/02\/logo120.png\",\"contentUrl\":\"https:\/\/jornalfatosenoticias.com.br\/wp-content\/uploads\/2020\/02\/logo120.png\",\"width\":1227,\"height\":120,\"caption\":\"Jornal Fatos e Not\u00edcias\"},\"image\":{\"@id\":\"https:\/\/jornalfatosenoticias.com.br\/#\/schema\/logo\/image\/\"}},{\"@type\":\"Person\",\"@id\":\"https:\/\/jornalfatosenoticias.com.br\/#\/schema\/person\/d63837fa13ac8666eb9e74e0985d6f81\",\"name\":\"Luzimara Fernandes\",\"image\":{\"@type\":\"ImageObject\",\"inLanguage\":\"pt-BR\",\"@id\":\"https:\/\/jornalfatosenoticias.com.br\/#\/schema\/person\/image\/\",\"url\":\"https:\/\/jornalfatosenoticias.com.br\/wp-content\/uploads\/2025\/05\/EU_portal.jpg\",\"contentUrl\":\"https:\/\/jornalfatosenoticias.com.br\/wp-content\/uploads\/2025\/05\/EU_portal.jpg\",\"caption\":\"Luzimara Fernandes\"},\"description\":\"Jornalista MTB 2358-ES\",\"sameAs\":[\"https:\/\/jornalfatosenoticias.com.br\"],\"url\":\"https:\/\/jornalfatosenoticias.com.br\/index.php\/author\/luzimara\/\"}]}<\/script>\n<!-- \/ Yoast SEO plugin. -->","yoast_head_json":{"title":"Governador do RJ critica Itamaraty ap\u00f3s desculpas a jovens negros abordados pela PM - Jornal Fatos e Not\u00edcias","robots":{"index":"index","follow":"follow","max-snippet":"max-snippet:-1","max-image-preview":"max-image-preview:large","max-video-preview":"max-video-preview:-1"},"canonical":"https:\/\/jornalfatosenoticias.com.br\/index.php\/2024\/07\/10\/governador-do-rj-critica-itamaraty-apos-desculpas-a-jovens-negros-abordados-pela-pm\/","og_locale":"pt_BR","og_type":"article","og_title":"Governador do RJ critica Itamaraty ap\u00f3s desculpas a jovens negros abordados pela PM - Jornal Fatos e Not\u00edcias","og_description":"Cl\u00e1udio Castro diz que Itamaraty ataca a pol\u00edcia \u201cantes de saber o que aconteceu\u201d e diz que h\u00e1 uma \u201ccomplexidade\u201d no policiamento da regi\u00e3o Por Guilherme Grandi O governador do Rio de Janeiro, Cl\u00e1udio Castro (PL-RJ), criticou, nesta ter\u00e7a (9), a postura do Itamaraty de pedir desculpas \u00e0s fam\u00edlias dos jovens negros filhos de diplomatas [&hellip;]","og_url":"https:\/\/jornalfatosenoticias.com.br\/index.php\/2024\/07\/10\/governador-do-rj-critica-itamaraty-apos-desculpas-a-jovens-negros-abordados-pela-pm\/","og_site_name":"Jornal Fatos e Not\u00edcias","article_published_time":"2024-07-10T17:55:49+00:00","article_modified_time":"2024-07-10T17:55:50+00:00","og_image":[{"width":960,"height":540,"url":"https:\/\/jornalfatosenoticias.com.br\/wp-content\/uploads\/2024\/07\/claudio-castro-foto-tomaz-silva-agencia-brasil.jpg","type":"image\/jpeg"}],"author":"Luzimara Fernandes","twitter_card":"summary_large_image","twitter_misc":{"Escrito por":"Luzimara Fernandes","Est. tempo de leitura":"3 minutos"},"schema":{"@context":"https:\/\/schema.org","@graph":[{"@type":"Article","@id":"https:\/\/jornalfatosenoticias.com.br\/index.php\/2024\/07\/10\/governador-do-rj-critica-itamaraty-apos-desculpas-a-jovens-negros-abordados-pela-pm\/#article","isPartOf":{"@id":"https:\/\/jornalfatosenoticias.com.br\/index.php\/2024\/07\/10\/governador-do-rj-critica-itamaraty-apos-desculpas-a-jovens-negros-abordados-pela-pm\/"},"author":{"name":"Luzimara Fernandes","@id":"https:\/\/jornalfatosenoticias.com.br\/#\/schema\/person\/d63837fa13ac8666eb9e74e0985d6f81"},"headline":"Governador do RJ critica Itamaraty ap\u00f3s desculpas a jovens negros abordados pela PM","datePublished":"2024-07-10T17:55:49+00:00","dateModified":"2024-07-10T17:55:50+00:00","mainEntityOfPage":{"@id":"https:\/\/jornalfatosenoticias.com.br\/index.php\/2024\/07\/10\/governador-do-rj-critica-itamaraty-apos-desculpas-a-jovens-negros-abordados-pela-pm\/"},"wordCount":593,"commentCount":0,"publisher":{"@id":"https:\/\/jornalfatosenoticias.com.br\/#organization"},"image":{"@id":"https:\/\/jornalfatosenoticias.com.br\/index.php\/2024\/07\/10\/governador-do-rj-critica-itamaraty-apos-desculpas-a-jovens-negros-abordados-pela-pm\/#primaryimage"},"thumbnailUrl":"https:\/\/jornalfatosenoticias.com.br\/wp-content\/uploads\/2024\/07\/claudio-castro-foto-tomaz-silva-agencia-brasil.jpg","keywords":["Cl\u00e1udio Castro","Itamaraty","Rio de Janeiro","viol\u00eancia"],"articleSection":["Geral"],"inLanguage":"pt-BR","potentialAction":[{"@type":"CommentAction","name":"Comment","target":["https:\/\/jornalfatosenoticias.com.br\/index.php\/2024\/07\/10\/governador-do-rj-critica-itamaraty-apos-desculpas-a-jovens-negros-abordados-pela-pm\/#respond"]}]},{"@type":"WebPage","@id":"https:\/\/jornalfatosenoticias.com.br\/index.php\/2024\/07\/10\/governador-do-rj-critica-itamaraty-apos-desculpas-a-jovens-negros-abordados-pela-pm\/","url":"https:\/\/jornalfatosenoticias.com.br\/index.php\/2024\/07\/10\/governador-do-rj-critica-itamaraty-apos-desculpas-a-jovens-negros-abordados-pela-pm\/","name":"Governador do RJ critica Itamaraty ap\u00f3s desculpas a jovens negros abordados pela PM - Jornal Fatos e Not\u00edcias","isPartOf":{"@id":"https:\/\/jornalfatosenoticias.com.br\/#website"},"primaryImageOfPage":{"@id":"https:\/\/jornalfatosenoticias.com.br\/index.php\/2024\/07\/10\/governador-do-rj-critica-itamaraty-apos-desculpas-a-jovens-negros-abordados-pela-pm\/#primaryimage"},"image":{"@id":"https:\/\/jornalfatosenoticias.com.br\/index.php\/2024\/07\/10\/governador-do-rj-critica-itamaraty-apos-desculpas-a-jovens-negros-abordados-pela-pm\/#primaryimage"},"thumbnailUrl":"https:\/\/jornalfatosenoticias.com.br\/wp-content\/uploads\/2024\/07\/claudio-castro-foto-tomaz-silva-agencia-brasil.jpg","datePublished":"2024-07-10T17:55:49+00:00","dateModified":"2024-07-10T17:55:50+00:00","breadcrumb":{"@id":"https:\/\/jornalfatosenoticias.com.br\/index.php\/2024\/07\/10\/governador-do-rj-critica-itamaraty-apos-desculpas-a-jovens-negros-abordados-pela-pm\/#breadcrumb"},"inLanguage":"pt-BR","potentialAction":[{"@type":"ReadAction","target":["https:\/\/jornalfatosenoticias.com.br\/index.php\/2024\/07\/10\/governador-do-rj-critica-itamaraty-apos-desculpas-a-jovens-negros-abordados-pela-pm\/"]}]},{"@type":"ImageObject","inLanguage":"pt-BR","@id":"https:\/\/jornalfatosenoticias.com.br\/index.php\/2024\/07\/10\/governador-do-rj-critica-itamaraty-apos-desculpas-a-jovens-negros-abordados-pela-pm\/#primaryimage","url":"https:\/\/jornalfatosenoticias.com.br\/wp-content\/uploads\/2024\/07\/claudio-castro-foto-tomaz-silva-agencia-brasil.jpg","contentUrl":"https:\/\/jornalfatosenoticias.com.br\/wp-content\/uploads\/2024\/07\/claudio-castro-foto-tomaz-silva-agencia-brasil.jpg","width":960,"height":540},{"@type":"BreadcrumbList","@id":"https:\/\/jornalfatosenoticias.com.br\/index.php\/2024\/07\/10\/governador-do-rj-critica-itamaraty-apos-desculpas-a-jovens-negros-abordados-pela-pm\/#breadcrumb","itemListElement":[{"@type":"ListItem","position":1,"name":"In\u00edcio","item":"https:\/\/jornalfatosenoticias.com.br\/"},{"@type":"ListItem","position":2,"name":"Governador do RJ critica Itamaraty ap\u00f3s desculpas a jovens negros abordados pela PM"}]},{"@type":"WebSite","@id":"https:\/\/jornalfatosenoticias.com.br\/#website","url":"https:\/\/jornalfatosenoticias.com.br\/","name":"Jornal Fatos e Not\u00edcias","description":"Not\u00edcias em geral","publisher":{"@id":"https:\/\/jornalfatosenoticias.com.br\/#organization"},"potentialAction":[{"@type":"SearchAction","target":{"@type":"EntryPoint","urlTemplate":"https:\/\/jornalfatosenoticias.com.br\/?s={search_term_string}"},"query-input":{"@type":"PropertyValueSpecification","valueRequired":true,"valueName":"search_term_string"}}],"inLanguage":"pt-BR"},{"@type":"Organization","@id":"https:\/\/jornalfatosenoticias.com.br\/#organization","name":"Jornal Fatos e Not\u00edcias","url":"https:\/\/jornalfatosenoticias.com.br\/","logo":{"@type":"ImageObject","inLanguage":"pt-BR","@id":"https:\/\/jornalfatosenoticias.com.br\/#\/schema\/logo\/image\/","url":"https:\/\/jornalfatosenoticias.com.br\/wp-content\/uploads\/2020\/02\/logo120.png","contentUrl":"https:\/\/jornalfatosenoticias.com.br\/wp-content\/uploads\/2020\/02\/logo120.png","width":1227,"height":120,"caption":"Jornal Fatos e Not\u00edcias"},"image":{"@id":"https:\/\/jornalfatosenoticias.com.br\/#\/schema\/logo\/image\/"}},{"@type":"Person","@id":"https:\/\/jornalfatosenoticias.com.br\/#\/schema\/person\/d63837fa13ac8666eb9e74e0985d6f81","name":"Luzimara Fernandes","image":{"@type":"ImageObject","inLanguage":"pt-BR","@id":"https:\/\/jornalfatosenoticias.com.br\/#\/schema\/person\/image\/","url":"https:\/\/jornalfatosenoticias.com.br\/wp-content\/uploads\/2025\/05\/EU_portal.jpg","contentUrl":"https:\/\/jornalfatosenoticias.com.br\/wp-content\/uploads\/2025\/05\/EU_portal.jpg","caption":"Luzimara Fernandes"},"description":"Jornalista MTB 2358-ES","sameAs":["https:\/\/jornalfatosenoticias.com.br"],"url":"https:\/\/jornalfatosenoticias.com.br\/index.php\/author\/luzimara\/"}]}},"cc_featured_image_caption":{"caption_text":"(Foto: Tomaz Silva\/Ag\u00eancia Brasil) ","source_text":"","source_url":""},"jetpack_featured_media_url":"https:\/\/jornalfatosenoticias.com.br\/wp-content\/uploads\/2024\/07\/claudio-castro-foto-tomaz-silva-agencia-brasil.jpg","_links":{"self":[{"href":"https:\/\/jornalfatosenoticias.com.br\/index.php\/wp-json\/wp\/v2\/posts\/52596","targetHints":{"allow":["GET"]}}],"collection":[{"href":"https:\/\/jornalfatosenoticias.com.br\/index.php\/wp-json\/wp\/v2\/posts"}],"about":[{"href":"https:\/\/jornalfatosenoticias.com.br\/index.php\/wp-json\/wp\/v2\/types\/post"}],"author":[{"embeddable":true,"href":"https:\/\/jornalfatosenoticias.com.br\/index.php\/wp-json\/wp\/v2\/users\/2"}],"replies":[{"embeddable":true,"href":"https:\/\/jornalfatosenoticias.com.br\/index.php\/wp-json\/wp\/v2\/comments?post=52596"}],"version-history":[{"count":0,"href":"https:\/\/jornalfatosenoticias.com.br\/index.php\/wp-json\/wp\/v2\/posts\/52596\/revisions"}],"wp:featuredmedia":[{"embeddable":true,"href":"https:\/\/jornalfatosenoticias.com.br\/index.php\/wp-json\/wp\/v2\/media\/52597"}],"wp:attachment":[{"href":"https:\/\/jornalfatosenoticias.com.br\/index.php\/wp-json\/wp\/v2\/media?parent=52596"}],"wp:term":[{"taxonomy":"category","embeddable":true,"href":"https:\/\/jornalfatosenoticias.com.br\/index.php\/wp-json\/wp\/v2\/categories?post=52596"},{"taxonomy":"post_tag","embeddable":true,"href":"https:\/\/jornalfatosenoticias.com.br\/index.php\/wp-json\/wp\/v2\/tags?post=52596"}],"curies":[{"name":"wp","href":"https:\/\/api.w.org\/{rel}","templated":true}]}}