{"id":52599,"date":"2024-07-10T15:21:25","date_gmt":"2024-07-10T18:21:25","guid":{"rendered":"https:\/\/jornalfatosenoticias.com.br\/?p=52599"},"modified":"2024-07-10T15:21:26","modified_gmt":"2024-07-10T18:21:26","slug":"pandemia-relatorio-detalha-responsabilidade-da-ditadura-chinesa-pela-covid","status":"publish","type":"post","link":"https:\/\/jornalfatosenoticias.com.br\/index.php\/2024\/07\/10\/pandemia-relatorio-detalha-responsabilidade-da-ditadura-chinesa-pela-covid\/","title":{"rendered":"Pandemia: relat\u00f3rio detalha responsabilidade da ditadura chinesa pela covid"},"content":{"rendered":"\n<p><em><span class=\"has-inline-color has-black-color\">Comiss\u00e3o apartid\u00e1ria aponta que a China provavelmente deixou o v\u00edrus da covid-19 escapar de um laborat\u00f3rio por neglig\u00eancia com seguran\u00e7a, censurou chineses que tentaram alertar para o v\u00edrus, destruiu provas e, portanto, seria a principal respons\u00e1vel pela pandemia de covid-19<\/span><\/em><\/p>\n\n\n\n<p><span class=\"has-inline-color has-black-color\">Por <strong><a href=\"https:\/\/www.gazetadopovo.com.br\/autor\/eli-vieira\/\" rel=\"nofollow\">Eli Vieira<\/a><\/strong><\/span><\/p>\n\n\n\n<div class=\"wp-block-image\"><figure class=\"aligncenter size-large\"><a href=\"https:\/\/mizu.com.br\/\"><img loading=\"lazy\" decoding=\"async\" width=\"729\" height=\"90\" src=\"https:\/\/jornalfatosenoticias.com.br\/wp-content\/uploads\/2020\/02\/Logo_Mizu.png\" alt=\"\" class=\"wp-image-1441\" srcset=\"https:\/\/jornalfatosenoticias.com.br\/wp-content\/uploads\/2020\/02\/Logo_Mizu.png 729w, https:\/\/jornalfatosenoticias.com.br\/wp-content\/uploads\/2020\/02\/Logo_Mizu-300x37.png 300w\" sizes=\"auto, (max-width: 729px) 100vw, 729px\" \/><\/a><\/figure><\/div>\n\n\n\n<p>Um relat\u00f3rio apartid\u00e1rio publicado na segunda-feira (8) pela organiza\u00e7\u00e3o americana Heritage Foundation responsabiliza a ditadura comunista da China pela pandemia de covid-19. O documento tamb\u00e9m sugere a\u00e7\u00f5es legais que podem ser tomadas contra o regime.<br>\u201cDepois de quase cinco anos de ina\u00e7\u00e3o, chamamos o presidente e o Congresso para tomar a\u00e7\u00f5es decisivas agora\u201d, diz John Ratcliffe, o chefe da comiss\u00e3o de nove membros autores do relat\u00f3rio, que se distribuem entre republicanos e democratas. Ratcliffe foi diretor de intelig\u00eancia nacional dos Estados Unidos (acima da CIA e do FBI) no per\u00edodo da pandemia, entre 2020 e 2021; e deputado pelo Texas.<\/p>\n\n\n\n<div class=\"wp-block-image\"><figure class=\"aligncenter size-large is-resized\"><img loading=\"lazy\" decoding=\"async\" src=\"https:\/\/jornalfatosenoticias.com.br\/wp-content\/uploads\/2022\/02\/Precisao-Contabilidade-1024x724.jpg\" alt=\"\" class=\"wp-image-28088\" width=\"379\" height=\"268\"\/><\/figure><\/div>\n\n\n\n<p>Outro autor do relat\u00f3rio \u00e9 Robert Redfield, virologista renomado e ex-diretor dos Centros de Controle e Preven\u00e7\u00e3o de Doen\u00e7as dos Estados Unidos (CDC). Ao menos dois dos autores s\u00e3o democratas registrados: Heidi Heitkamp, ex-senadora pela Dakota do Norte, e Jamie Metzl, ex-funcion\u00e1rio do governo de Bill Clinton e membro de um comit\u00ea consultivo da Organiza\u00e7\u00e3o Mundial da Sa\u00fade.<\/p>\n\n\n\n<div class=\"wp-block-image\"><figure class=\"aligncenter size-large is-resized\"><a href=\"https:\/\/www.instagram.com\/baraodascarnes.es\/\"><img loading=\"lazy\" decoding=\"async\" src=\"https:\/\/jornalfatosenoticias.com.br\/wp-content\/uploads\/2020\/02\/barao-das-carnes-300x164-1.jpg\" alt=\"\" class=\"wp-image-34339\" width=\"351\" height=\"192\"\/><\/a><\/figure><\/div>\n\n\n\n<p>A \u201cComiss\u00e3o Apartid\u00e1ria sobre a China e a covid-19\u201d analisou centenas de documentos dos \u00faltimos quatro anos entre relat\u00f3rios do Congresso americano, reportagens investigativas e relatos de cidad\u00e3os chineses, al\u00e9m de fontes acad\u00eamicas. O grupo realizou duas audi\u00eancias virtuais com especialistas, analistas de dados e funcion\u00e1rios do governo respons\u00e1veis pela conten\u00e7\u00e3o da pandemia.<\/p>\n\n\n\n<div class=\"wp-block-image\"><figure class=\"aligncenter size-large is-resized\"><a href=\"https:\/\/www.controlsystems.com.br\/\"><img loading=\"lazy\" decoding=\"async\" src=\"https:\/\/jornalfatosenoticias.com.br\/wp-content\/uploads\/2020\/02\/CONTROL-CS.jpg\" alt=\"\" class=\"wp-image-44991\" width=\"333\" height=\"399\" srcset=\"https:\/\/jornalfatosenoticias.com.br\/wp-content\/uploads\/2020\/02\/CONTROL-CS.jpg 834w, https:\/\/jornalfatosenoticias.com.br\/wp-content\/uploads\/2020\/02\/CONTROL-CS-250x300.jpg 250w, https:\/\/jornalfatosenoticias.com.br\/wp-content\/uploads\/2020\/02\/CONTROL-CS-768x921.jpg 768w\" sizes=\"auto, (max-width: 333px) 100vw, 333px\" \/><\/a><\/figure><\/div>\n\n\n\n<p>Outros pa\u00edses e indiv\u00edduos tamb\u00e9m t\u00eam responsabilidade pela pandemia, mas \u201ca China est\u00e1 num patamar singular e exclusivo em sua oposi\u00e7\u00e3o ativa e agressiva \u00e0 honestidade, \u00e0 transpar\u00eancia e \u00e0 responsabilidade a respeito do v\u00edrus e sua dissemina\u00e7\u00e3o\u201d, afirma o relat\u00f3rio. <\/p>\n\n\n\n<blockquote class=\"wp-block-quote is-layout-flow wp-block-quote-is-layout-flow\"><p><span class=\"has-inline-color has-luminous-vivid-orange-color\">Este comportamento do governo chin\u00eas, mais que qualquer coisa, foi a origem proximal da pandemia de covid-19\u201d.<\/span><\/p><\/blockquote>\n\n\n\n<div class=\"wp-block-image\"><figure class=\"aligncenter size-large is-resized\"><a href=\"https:\/\/www.instagram.com\/rapuzeljastro\/\"><img loading=\"lazy\" decoding=\"async\" src=\"https:\/\/jornalfatosenoticias.com.br\/wp-content\/uploads\/2020\/02\/logo-Rapuzel-1024x571.jpg\" alt=\"\" class=\"wp-image-42808\" width=\"375\" height=\"209\" srcset=\"https:\/\/jornalfatosenoticias.com.br\/wp-content\/uploads\/2020\/02\/logo-Rapuzel-1024x571.jpg 1024w, https:\/\/jornalfatosenoticias.com.br\/wp-content\/uploads\/2020\/02\/logo-Rapuzel-300x167.jpg 300w, https:\/\/jornalfatosenoticias.com.br\/wp-content\/uploads\/2020\/02\/logo-Rapuzel-768x428.jpg 768w, https:\/\/jornalfatosenoticias.com.br\/wp-content\/uploads\/2020\/02\/logo-Rapuzel-1536x856.jpg 1536w, https:\/\/jornalfatosenoticias.com.br\/wp-content\/uploads\/2020\/02\/logo-Rapuzel.jpg 1600w\" sizes=\"auto, (max-width: 375px) 100vw, 375px\" \/><\/a><\/figure><\/div>\n\n\n\n<p>O termo \u201corigem proximal\u201d \u00e9 uma alus\u00e3o a um artigo cient\u00edfico de mar\u00e7o de 2020, publicado na revista Nature Medicine, que tentou encerrar prematuramente o debate da origem do v\u00edrus SARS-CoV-2 afirmando que \u201cnenhum cen\u00e1rio\u201d laboratorial era plaus\u00edvel. Documentos revelaram mais tarde que os pr\u00f3prios autores expressavam d\u00favida, em mensagens privadas, a respeito dessa conclus\u00e3o.<\/p>\n\n\n\n<div class=\"wp-block-image\"><figure class=\"aligncenter size-large is-resized\"><a href=\"https:\/\/www.facebook.com\/postobkr\/?locale=pt_BR\"><img loading=\"lazy\" decoding=\"async\" src=\"https:\/\/jornalfatosenoticias.com.br\/wp-content\/uploads\/2023\/08\/BKR-1024x1021.jpg\" alt=\"\" class=\"wp-image-44494\" width=\"328\" height=\"327\" srcset=\"https:\/\/jornalfatosenoticias.com.br\/wp-content\/uploads\/2023\/08\/BKR-1024x1021.jpg 1024w, https:\/\/jornalfatosenoticias.com.br\/wp-content\/uploads\/2023\/08\/BKR-300x300.jpg 300w, https:\/\/jornalfatosenoticias.com.br\/wp-content\/uploads\/2023\/08\/BKR-150x150.jpg 150w, https:\/\/jornalfatosenoticias.com.br\/wp-content\/uploads\/2023\/08\/BKR-768x766.jpg 768w, https:\/\/jornalfatosenoticias.com.br\/wp-content\/uploads\/2023\/08\/BKR.jpg 1080w\" sizes=\"auto, (max-width: 328px) 100vw, 328px\" \/><\/a><\/figure><\/div>\n\n\n\n<p><strong><span class=\"has-inline-color has-black-color\">O tamanho do estrago<br><\/span><\/strong>A comiss\u00e3o deu foco aos custos da pandemia para os Estados Unidos, mas encorajou outros pa\u00edses \u201ca usarem o modelo criado por esta comiss\u00e3o para investigar os custos humanos e econ\u00f4micos\u201d e \u201cexplorar como eles tamb\u00e9m podem responsabilizar a China por suas a\u00e7\u00f5es\u201d.<\/p>\n\n\n\n<div class=\"wp-block-image\"><figure class=\"aligncenter size-large is-resized\"><a href=\"https:\/\/www.ithbrasil.com.br\/\"><img loading=\"lazy\" decoding=\"async\" src=\"https:\/\/jornalfatosenoticias.com.br\/wp-content\/uploads\/2023\/08\/ITH.jpeg\" alt=\"\" class=\"wp-image-44638\" width=\"351\" height=\"285\" srcset=\"https:\/\/jornalfatosenoticias.com.br\/wp-content\/uploads\/2023\/08\/ITH.jpeg 800w, https:\/\/jornalfatosenoticias.com.br\/wp-content\/uploads\/2023\/08\/ITH-300x244.jpeg 300w, https:\/\/jornalfatosenoticias.com.br\/wp-content\/uploads\/2023\/08\/ITH-768x624.jpeg 768w\" sizes=\"auto, (max-width: 351px) 100vw, 351px\" \/><\/a><\/figure><\/div>\n\n\n\n<p>O excesso de mortes no planeta, tanto pelo v\u00edrus quanto por medidas para cont\u00ea-lo, atingiu um total de 28 milh\u00f5es de pessoas no m\u00eas passado, na estimativa da revista The Economist. O PIB global caiu 3,4%, a produ\u00e7\u00e3o econ\u00f4mica contraiu em 90% dos pa\u00edses e 255 milh\u00f5es de vagas de emprego foram fechadas s\u00f3 em 2020, segundo o Banco Mundial e outras fontes citadas. No mesmo ano, 1,5 bilh\u00e3o de crian\u00e7as ficaram fora da escola por causa de lockdowns. At\u00e9 2021, 97 milh\u00f5es de pessoas ca\u00edram na pobreza. Fechamentos totais ou parciais de escolas ainda afetaram 616 milh\u00f5es de crian\u00e7as em 2022. Naquele ano, o n\u00famero de crian\u00e7as de dez anos que eram analfabetas funcionais nos pa\u00edses em desenvolvimento cresceu de 57% para 70%.<\/p>\n\n\n\n<div class=\"wp-block-image\"><figure class=\"aligncenter size-large\"><a href=\"https:\/\/www.facebook.com\/Esteio-Churrascaria-Barbecue-103643461220402\/\"><img decoding=\"async\" src=\"https:\/\/jornalfatosenoticias.com.br\/wp-content\/uploads\/2020\/02\/logo_esteio.jpg\" alt=\"\" class=\"wp-image-1214\"\/><\/a><\/figure><\/div>\n\n\n\n<p>A comiss\u00e3o estima que os Estados Unidos perderam US$ 18 trilh\u00f5es (equivalentes a R$ 98 trilh\u00f5es na cota\u00e7\u00e3o atual) com a pandemia, 13% da riqueza do pa\u00eds \u2014 o c\u00e1lculo considera mortes, perda de renda, infla\u00e7\u00e3o, preju\u00edzo educacional, doen\u00e7as cr\u00f4nicas e problemas mentais derivados da pandemia. A covid-19 foi a causa principal de 985 mil mortes de americanos, e causa participante de 1,1 milh\u00e3o de \u00f3bitos.<\/p>\n\n\n\n<div class=\"wp-block-image\"><figure class=\"aligncenter size-large is-resized\"><a href=\"https:\/\/hotelmarquetti.com.br\/\"><img loading=\"lazy\" decoding=\"async\" src=\"https:\/\/jornalfatosenoticias.com.br\/wp-content\/uploads\/2023\/03\/nova-logo-Marquetti.jpg\" alt=\"\" class=\"wp-image-40207\" width=\"313\" height=\"210\" srcset=\"https:\/\/jornalfatosenoticias.com.br\/wp-content\/uploads\/2023\/03\/nova-logo-Marquetti.jpg 643w, https:\/\/jornalfatosenoticias.com.br\/wp-content\/uploads\/2023\/03\/nova-logo-Marquetti-300x202.jpg 300w\" sizes=\"auto, (max-width: 313px) 100vw, 313px\" \/><\/a><\/figure><\/div>\n\n\n\n<p><strong><span class=\"has-inline-color has-black-color\">Por que a culpa \u00e9 da China: a prov\u00e1vel origem laboratorial da covid<br><\/span><\/strong>A comiss\u00e3o apartid\u00e1ria considera que \u201ca pandemia de covid-19 muito provavelmente resultou de um incidente relacionado \u00e0 pesquisa [em virologia] em Wuhan, China\u201d. O governo chin\u00eas \u201cocultou grande parte dos registros relevantes e obstruiu todos os esfor\u00e7os internacionais com credibilidade de investigarem a origem do v\u00edrus\u201d. Ainda assim, as evid\u00eancias dispon\u00edveis \u201capoiam fortemente um acidente relacionado \u00e0 pesquisa\u201d.<\/p>\n\n\n\n<div class=\"wp-block-image\"><figure class=\"aligncenter size-large is-resized\"><a href=\"https:\/\/www.instagram.com\/restaurantepegoretti\/\"><img loading=\"lazy\" decoding=\"async\" src=\"https:\/\/jornalfatosenoticias.com.br\/wp-content\/uploads\/2023\/12\/pegoretti-logo-pdf-1024x389.jpg\" alt=\"\" class=\"wp-image-47536\" width=\"475\" height=\"180\" srcset=\"https:\/\/jornalfatosenoticias.com.br\/wp-content\/uploads\/2023\/12\/pegoretti-logo-pdf-1024x389.jpg 1024w, https:\/\/jornalfatosenoticias.com.br\/wp-content\/uploads\/2023\/12\/pegoretti-logo-pdf-300x114.jpg 300w, https:\/\/jornalfatosenoticias.com.br\/wp-content\/uploads\/2023\/12\/pegoretti-logo-pdf-768x291.jpg 768w, https:\/\/jornalfatosenoticias.com.br\/wp-content\/uploads\/2023\/12\/pegoretti-logo-pdf.jpg 1120w\" sizes=\"auto, (max-width: 475px) 100vw, 475px\" \/><\/a><\/figure><\/div>\n\n\n\n<p>Tentativas de concluir a favor da hip\u00f3tese da origem natural em animais silvestres pela an\u00e1lise da distribui\u00e7\u00e3o geogr\u00e1fica dos casos, como a de um artigo publicado na revista Science, foram \u201crefutadas\u201d. Uma sugest\u00e3o de que o material gen\u00e9tico do v\u00edrus indicaria dois eventos de salto de animais para humanos foi derrubada por \u201cdados dos primeiros casos finalmente publicados em 2024\u201d.<br>Quanto ao mercado de animais silvestres e frutos do mar Huanan, indicado por muitos como o epicentro da covid, \u201cnenhuma evid\u00eancia de animais infectados no mercado foi encontrada\u201d. Em outros surtos virais de outras doen\u00e7as, \u201cesse tipo de evid\u00eancia foi encontrado muito r\u00e1pido e em m\u00faltiplos locais da rede de distribui\u00e7\u00e3o dos animais\u201d.<\/p>\n\n\n\n<div class=\"wp-block-image\"><figure class=\"aligncenter size-large\"><a href=\"https:\/\/cesconetto.com.br\/\"><img loading=\"lazy\" decoding=\"async\" width=\"300\" height=\"250\" src=\"https:\/\/jornalfatosenoticias.com.br\/wp-content\/uploads\/2020\/02\/Banner-2.png\" alt=\"\" class=\"wp-image-43787\"\/><\/a><\/figure><\/div>\n\n\n\n<p>A origem natural do v\u00edrus n\u00e3o foi descartada, mas evid\u00eancias favor\u00e1veis foram ou derrubadas ou n\u00e3o encontradas apesar de enormes esfor\u00e7os de testagem em animais. A origem laboratorial, comparativamente, tem mais ind\u00edcios a seu favor: Wuhan, uma metr\u00f3pole de 11 milh\u00f5es de habitantes, fica a mais de 1600 km do habitat natural de morcegos que poderiam ser o reservat\u00f3rio do v\u00edrus. Os wuhanenses consomem poucos animais silvestres, comparados a outros chineses. A cidade \u00e9 sede de mais de um centro de virologia que estuda os coronav\u00edrus, o principal deles \u00e9 o Instituto de Virologia de Wuhan (IVW), que tem \u201ca maior cole\u00e7\u00e3o de coronav\u00edrus cativos do tipo SARS do mundo\u201d.<\/p>\n\n\n\n<div class=\"wp-block-image\"><figure class=\"aligncenter size-large is-resized\"><a href=\"https:\/\/panper.com.br\/\"><img loading=\"lazy\" decoding=\"async\" src=\"https:\/\/jornalfatosenoticias.com.br\/wp-content\/uploads\/2023\/03\/logo-Panper_portal.jpg\" alt=\"\" class=\"wp-image-40208\" width=\"332\" height=\"230\" srcset=\"https:\/\/jornalfatosenoticias.com.br\/wp-content\/uploads\/2023\/03\/logo-Panper_portal.jpg 400w, https:\/\/jornalfatosenoticias.com.br\/wp-content\/uploads\/2023\/03\/logo-Panper_portal-300x208.jpg 300w\" sizes=\"auto, (max-width: 332px) 100vw, 332px\" \/><\/a><\/figure><\/div>\n\n\n\n<p>O IVW estava \u201cfazendo pesquisa arriscada pela manipula\u00e7\u00e3o desses v\u00edrus sob condi\u00e7\u00f5es de seguran\u00e7a abaixo do padr\u00e3o\u201d, afirma o relat\u00f3rio. Essa pesquisa inclu\u00eda a infec\u00e7\u00e3o de animais de laborat\u00f3rio, incluindo camundongos cujos pulm\u00f5es foram modificados para se parecerem com pulm\u00f5es humanos. \u201cSabemos que o IVW se tornou o ponto focal da pesquisa internacional dos coronav\u00edrus depois do surto de SARS (gripe asi\u00e1tica) em 2003\u201d. Com colaboradores americanos, a diretora do IVW, Shi Zhengli, criou coronav\u00edrus h\u00edbridos com sucesso em infectar os camundongos \u201chumanizados\u201d.<\/p>\n\n\n\n<div class=\"wp-block-image\"><figure class=\"aligncenter size-large\"><a href=\"http:\/\/www.ferrarimaquinas.com.br\/\"><img loading=\"lazy\" decoding=\"async\" width=\"300\" height=\"250\" src=\"https:\/\/jornalfatosenoticias.com.br\/wp-content\/uploads\/2022\/02\/FERRARI_MAQUINAS-E-FERRAMENTAS2.jpg\" alt=\"\" class=\"wp-image-27860\"\/><\/a><\/figure><\/div>\n\n\n\n<p>Al\u00e9m disso, o v\u00edrus da covid tem caracter\u00edsticas moleculares indicativas de uma origem laboratorial. A mais not\u00f3ria \u00e9 o \u201cs\u00edtio de clivagem da furina\u201d, uma marca\u00e7\u00e3o na prote\u00edna do v\u00edrus utilizada nas vacinas que indica para o organismo humano um \u201cponto de corte\u201d que aumenta sua capacidade de nos infectar. Esta estrutura \u201cnunca tinha sido observada nesse subg\u00eanero de coronav\u00edrus\u201d, diz o relat\u00f3rio. Os colaboradores americanos do IVW escreveram projetos de pesquisa que planejavam inserir esta exata estrutura em linhagens laboratoriais de coronav\u00edrus.<\/p>\n\n\n\n<div class=\"wp-block-image\"><figure class=\"aligncenter size-large\"><a href=\"https:\/\/www.facebook.com\/vetor.vix\/\"><img loading=\"lazy\" decoding=\"async\" width=\"1024\" height=\"273\" src=\"https:\/\/jornalfatosenoticias.com.br\/wp-content\/uploads\/2023\/09\/vetorvix1024_1.jpg\" alt=\"\" class=\"wp-image-44868\" srcset=\"https:\/\/jornalfatosenoticias.com.br\/wp-content\/uploads\/2023\/09\/vetorvix1024_1.jpg 1024w, https:\/\/jornalfatosenoticias.com.br\/wp-content\/uploads\/2023\/09\/vetorvix1024_1-300x80.jpg 300w, https:\/\/jornalfatosenoticias.com.br\/wp-content\/uploads\/2023\/09\/vetorvix1024_1-768x205.jpg 768w\" sizes=\"auto, (max-width: 1024px) 100vw, 1024px\" \/><\/a><\/figure><\/div>\n\n\n\n<p><strong><span class=\"has-inline-color has-black-color\">A opera\u00e7\u00e3o-abafa do come\u00e7o da pandemia<br><\/span><\/strong>A comiss\u00e3o apartid\u00e1ria aponta para sete semanas a partir de dezembro de 2019 durante as quais os esfor\u00e7os de censura e queima de arquivo foram mais intensos por parte da ditadura chinesa. Os oficiais \u201cpoderiam ter mostrado boa f\u00e9 e honrado seus compromissos internacionais para tentar impedir que uma epidemia dom\u00e9stica se tornasse uma pandemia global, mas consistentemente escolheram fazer o oposto\u201d.<\/p>\n\n\n\n<div class=\"wp-block-image\"><figure class=\"aligncenter size-large is-resized\"><a href=\"https:\/\/www.ithbrasil.com.br\/\"><img loading=\"lazy\" decoding=\"async\" src=\"https:\/\/jornalfatosenoticias.com.br\/wp-content\/uploads\/2023\/08\/ITH.jpeg\" alt=\"\" class=\"wp-image-44638\" width=\"319\" height=\"259\" srcset=\"https:\/\/jornalfatosenoticias.com.br\/wp-content\/uploads\/2023\/08\/ITH.jpeg 800w, https:\/\/jornalfatosenoticias.com.br\/wp-content\/uploads\/2023\/08\/ITH-300x244.jpeg 300w, https:\/\/jornalfatosenoticias.com.br\/wp-content\/uploads\/2023\/08\/ITH-768x624.jpeg 768w\" sizes=\"auto, (max-width: 319px) 100vw, 319px\" \/><\/a><\/figure><\/div>\n\n\n\n<p>O Partido Comunista Chin\u00eas sabia que havia transmiss\u00e3o entre humanos, mas mentiu para a Organiza\u00e7\u00e3o Mundial da Sa\u00fade, que aceitou e repetiu a mentira. O regime censurou agressivamente m\u00e9dicos, jornalistas e outros cidad\u00e3os chineses\u00a0 \u2014 inclusive prendendo alguns \u2014 por tentarem alertar seus concidad\u00e3os e o mundo a respeito do v\u00edrus.<\/p>\n\n\n\n<div class=\"wp-block-image\"><figure class=\"aligncenter size-large is-resized\"><a href=\"https:\/\/www.instagram.com\/baraodascarnes.es\/\"><img loading=\"lazy\" decoding=\"async\" src=\"https:\/\/jornalfatosenoticias.com.br\/wp-content\/uploads\/2020\/02\/barao-das-carnes-300x164-1.jpg\" alt=\"\" class=\"wp-image-34339\" width=\"333\" height=\"182\"\/><\/a><\/figure><\/div>\n\n\n\n<p>As autoridades da China esconderam a informa\u00e7\u00e3o do material gen\u00e9tico completo do v\u00edrus desde 27 de dezembro de 2019, s\u00f3 tornada dispon\u00edvel por rebeldia de um cientista chin\u00eas em 11 de janeiro de 2020, \u201cemitiram ordens para destruir provas laboratoriais que pudessem ser incriminadoras\u201d e \u201cpermitiram que voos internacionais de Wuhan e outras cidades chinesas continuassem apesar de evid\u00eancias de que o v\u00edrus letal podia ser assintom\u00e1tico\u201d. Finalmente, bloquearam tentativas internacionais de investigar a origem da pandemia.<\/p>\n\n\n\n<div class=\"wp-block-image\"><figure class=\"aligncenter size-large is-resized\"><img loading=\"lazy\" decoding=\"async\" src=\"https:\/\/jornalfatosenoticias.com.br\/wp-content\/uploads\/2022\/02\/Precisao-Contabilidade-1024x724.jpg\" alt=\"\" class=\"wp-image-28088\" width=\"321\" height=\"227\"\/><\/figure><\/div>\n\n\n\n<p>Li Wenliang, m\u00e9dico de Wuhan punido por tentar fazer alertas precoces, morreu aos 33 anos, de covid, deixando a esposa gr\u00e1vida e um filho pequeno. Em uma entrevista antes de sua morte, ele disse que \u201cse os oficiais tivessem divulgado as informa\u00e7\u00f5es sobre a epidemia mais cedo, penso que teria sido melhor. Deveria ter mais abertura e transpar\u00eancia\u201d.<\/p>\n\n\n\n<div class=\"wp-block-image\"><figure class=\"aligncenter size-large is-resized\"><a href=\"https:\/\/www.controlsystems.com.br\/\"><img loading=\"lazy\" decoding=\"async\" src=\"https:\/\/jornalfatosenoticias.com.br\/wp-content\/uploads\/2020\/02\/CONTROL-CS.jpg\" alt=\"\" class=\"wp-image-44991\" width=\"346\" height=\"415\" srcset=\"https:\/\/jornalfatosenoticias.com.br\/wp-content\/uploads\/2020\/02\/CONTROL-CS.jpg 834w, https:\/\/jornalfatosenoticias.com.br\/wp-content\/uploads\/2020\/02\/CONTROL-CS-250x300.jpg 250w, https:\/\/jornalfatosenoticias.com.br\/wp-content\/uploads\/2020\/02\/CONTROL-CS-768x921.jpg 768w\" sizes=\"auto, (max-width: 346px) 100vw, 346px\" \/><\/a><\/figure><\/div>\n\n\n\n<p><strong><span class=\"has-inline-color has-black-color\">Poss\u00edveis vias legais para responsabilizar a China<br><\/span><\/strong>Um dos obst\u00e1culos legais americanos para responsabiliza\u00e7\u00e3o da China \u00e9 a Lei de Imunidade da Soberania Estrangeira (FSIA, na sigla em ingl\u00eas), que evita que cortes americanas declarem outros Estados culpados na maioria dos casos. A comiss\u00e3o aponta que a FSIA abre exce\u00e7\u00e3o para Estados que se engajem em atividades comerciais que afetem os Estados Unidos ou atos que causem \u201cles\u00e3o pessoal ou morte, ou danos ou perda de propriedade\u201d, al\u00e9m de terrorismo.<br>H\u00e1 potenciais precedentes em dois casos ainda em tramita\u00e7\u00e3o, em que os estados americanos do Missouri e Mississippi processaram a China por acumular indevidamente estoques de equipamentos de prote\u00e7\u00e3o individual e por acobertar a gravidade da covid.<\/p>\n\n\n\n<div class=\"wp-block-image\"><figure class=\"aligncenter size-large is-resized\"><a href=\"https:\/\/hotelmarquetti.com.br\/\"><img loading=\"lazy\" decoding=\"async\" src=\"https:\/\/jornalfatosenoticias.com.br\/wp-content\/uploads\/2023\/03\/nova-logo-Marquetti.jpg\" alt=\"\" class=\"wp-image-40207\" width=\"381\" height=\"256\" srcset=\"https:\/\/jornalfatosenoticias.com.br\/wp-content\/uploads\/2023\/03\/nova-logo-Marquetti.jpg 643w, https:\/\/jornalfatosenoticias.com.br\/wp-content\/uploads\/2023\/03\/nova-logo-Marquetti-300x202.jpg 300w\" sizes=\"auto, (max-width: 381px) 100vw, 381px\" \/><\/a><\/figure><\/div>\n\n\n\n<p>O relat\u00f3rio faz 17 recomenda\u00e7\u00f5es ao governo dos Estados Unidos para que possam fortalecer sua capacidade impor dissuas\u00e3o, transpar\u00eancia e responsabilidade \u00e0 China. Entre elas est\u00e3o estabelecer uma comiss\u00e3o apartid\u00e1ria nacional semelhante \u00e0 que investigou os ataques terroristas de 11 de setembro de 2001, uma for\u00e7a tarefa de repara\u00e7\u00f5es e compensa\u00e7\u00f5es, facilitar den\u00fancias de cidad\u00e3os chineses contra o regime, passar uma lei de biosseguran\u00e7a para desassociar os EUA e cadeias de produ\u00e7\u00e3o de empresas influenciadas pelo Estado chin\u00eas, fazer auditoria de toda pesquisa cient\u00edfica com verba americana realizada na China, impor san\u00e7\u00f5es econ\u00f4micas a oficiais e entidades chinesas que fizeram a opera\u00e7\u00e3o-abafa, impor custos \u00e0 China por violar regula\u00e7\u00f5es da OMS, suspender o acordo de colabora\u00e7\u00e3o cient\u00edfica e tecnol\u00f3gica de 1979 com a China, e fiscalizar a obedi\u00eancia da ditadura comunista \u00e0 Conven\u00e7\u00e3o de Armas Biol\u00f3gicas.<\/p>\n\n\n\n<div class=\"wp-block-image\"><figure class=\"aligncenter size-large\"><a href=\"https:\/\/www.facebook.com\/vetor.vix\/\"><img loading=\"lazy\" decoding=\"async\" width=\"1024\" height=\"273\" src=\"https:\/\/jornalfatosenoticias.com.br\/wp-content\/uploads\/2023\/09\/vetorvix1024_1.jpg\" alt=\"\" class=\"wp-image-44868\" srcset=\"https:\/\/jornalfatosenoticias.com.br\/wp-content\/uploads\/2023\/09\/vetorvix1024_1.jpg 1024w, https:\/\/jornalfatosenoticias.com.br\/wp-content\/uploads\/2023\/09\/vetorvix1024_1-300x80.jpg 300w, https:\/\/jornalfatosenoticias.com.br\/wp-content\/uploads\/2023\/09\/vetorvix1024_1-768x205.jpg 768w\" sizes=\"auto, (max-width: 1024px) 100vw, 1024px\" \/><\/a><\/figure><\/div>\n\n\n\n<p><strong><em>Fonte: <a href=\"https:\/\/www.gazetadopovo.com.br\/ideias\/pandemia-relatorio-detalha-responsabilidade-ditadura-china-covid\/\">Gazeta do Povo<\/a><\/em><\/strong><\/p>\n","protected":false},"excerpt":{"rendered":"<p>Comiss\u00e3o apartid\u00e1ria aponta que a China provavelmente deixou o v\u00edrus da covid-19 escapar de um laborat\u00f3rio por neglig\u00eancia com seguran\u00e7a, censurou chineses que tentaram alertar para o v\u00edrus, destruiu provas e, portanto, seria a principal respons\u00e1vel pela pandemia de covid-19 Por Eli Vieira Um relat\u00f3rio apartid\u00e1rio publicado na segunda-feira (8) pela organiza\u00e7\u00e3o americana Heritage Foundation [&hellip;]<\/p>\n","protected":false},"author":2,"featured_media":52600,"comment_status":"open","ping_status":"open","sticky":false,"template":"","format":"standard","meta":{"footnotes":""},"categories":[11],"tags":[85,73,273,8174,159,89,9301,330,74,24031,1022],"class_list":["post-52599","post","type-post","status-publish","format-standard","has-post-thumbnail","hentry","category-saude","tag-china","tag-coronavirus","tag-covid-19","tag-epidemia","tag-eua","tag-oms","tag-organizacao-mundial-da-saude","tag-pandemia","tag-saude","tag-science","tag-vacinas"],"yoast_head":"<!-- This site is optimized with the Yoast SEO plugin v26.5 - https:\/\/yoast.com\/wordpress\/plugins\/seo\/ -->\n<title>Pandemia: relat\u00f3rio detalha responsabilidade da ditadura chinesa pela covid - Jornal Fatos e Not\u00edcias<\/title>\n<meta name=\"robots\" content=\"index, follow, max-snippet:-1, max-image-preview:large, max-video-preview:-1\" \/>\n<link rel=\"canonical\" href=\"https:\/\/jornalfatosenoticias.com.br\/index.php\/2024\/07\/10\/pandemia-relatorio-detalha-responsabilidade-da-ditadura-chinesa-pela-covid\/\" \/>\n<meta property=\"og:locale\" content=\"pt_BR\" \/>\n<meta property=\"og:type\" content=\"article\" \/>\n<meta property=\"og:title\" content=\"Pandemia: relat\u00f3rio detalha responsabilidade da ditadura chinesa pela covid - Jornal Fatos e Not\u00edcias\" \/>\n<meta property=\"og:description\" content=\"Comiss\u00e3o apartid\u00e1ria aponta que a China provavelmente deixou o v\u00edrus da covid-19 escapar de um laborat\u00f3rio por neglig\u00eancia com seguran\u00e7a, censurou chineses que tentaram alertar para o v\u00edrus, destruiu provas e, portanto, seria a principal respons\u00e1vel pela pandemia de covid-19 Por Eli Vieira Um relat\u00f3rio apartid\u00e1rio publicado na segunda-feira (8) pela organiza\u00e7\u00e3o americana Heritage Foundation [&hellip;]\" \/>\n<meta property=\"og:url\" content=\"https:\/\/jornalfatosenoticias.com.br\/index.php\/2024\/07\/10\/pandemia-relatorio-detalha-responsabilidade-da-ditadura-chinesa-pela-covid\/\" \/>\n<meta property=\"og:site_name\" content=\"Jornal Fatos e Not\u00edcias\" \/>\n<meta property=\"article:published_time\" content=\"2024-07-10T18:21:25+00:00\" \/>\n<meta property=\"article:modified_time\" content=\"2024-07-10T18:21:26+00:00\" \/>\n<meta property=\"og:image\" content=\"https:\/\/jornalfatosenoticias.com.br\/wp-content\/uploads\/2024\/07\/china-covid_gettyimages.jpg\" \/>\n\t<meta property=\"og:image:width\" content=\"612\" \/>\n\t<meta property=\"og:image:height\" content=\"408\" \/>\n\t<meta property=\"og:image:type\" content=\"image\/jpeg\" \/>\n<meta name=\"author\" content=\"Luzimara Fernandes\" \/>\n<meta name=\"twitter:card\" content=\"summary_large_image\" \/>\n<meta name=\"twitter:label1\" content=\"Escrito por\" \/>\n\t<meta name=\"twitter:data1\" content=\"Luzimara Fernandes\" \/>\n\t<meta name=\"twitter:label2\" content=\"Est. tempo de leitura\" \/>\n\t<meta name=\"twitter:data2\" content=\"9 minutos\" \/>\n<script type=\"application\/ld+json\" class=\"yoast-schema-graph\">{\"@context\":\"https:\/\/schema.org\",\"@graph\":[{\"@type\":\"Article\",\"@id\":\"https:\/\/jornalfatosenoticias.com.br\/index.php\/2024\/07\/10\/pandemia-relatorio-detalha-responsabilidade-da-ditadura-chinesa-pela-covid\/#article\",\"isPartOf\":{\"@id\":\"https:\/\/jornalfatosenoticias.com.br\/index.php\/2024\/07\/10\/pandemia-relatorio-detalha-responsabilidade-da-ditadura-chinesa-pela-covid\/\"},\"author\":{\"name\":\"Luzimara Fernandes\",\"@id\":\"https:\/\/jornalfatosenoticias.com.br\/#\/schema\/person\/d63837fa13ac8666eb9e74e0985d6f81\"},\"headline\":\"Pandemia: relat\u00f3rio detalha responsabilidade da ditadura chinesa pela covid\",\"datePublished\":\"2024-07-10T18:21:25+00:00\",\"dateModified\":\"2024-07-10T18:21:26+00:00\",\"mainEntityOfPage\":{\"@id\":\"https:\/\/jornalfatosenoticias.com.br\/index.php\/2024\/07\/10\/pandemia-relatorio-detalha-responsabilidade-da-ditadura-chinesa-pela-covid\/\"},\"wordCount\":1744,\"commentCount\":0,\"publisher\":{\"@id\":\"https:\/\/jornalfatosenoticias.com.br\/#organization\"},\"image\":{\"@id\":\"https:\/\/jornalfatosenoticias.com.br\/index.php\/2024\/07\/10\/pandemia-relatorio-detalha-responsabilidade-da-ditadura-chinesa-pela-covid\/#primaryimage\"},\"thumbnailUrl\":\"https:\/\/jornalfatosenoticias.com.br\/wp-content\/uploads\/2024\/07\/china-covid_gettyimages.jpg\",\"keywords\":[\"china\",\"coronav\u00edrus\",\"covid-19\",\"epidemia\",\"EUA\",\"oms\",\"Organiza\u00e7\u00e3o Mundial da Sa\u00fade\",\"pandemia\",\"sa\u00fade\",\"Science\",\"vacinas\"],\"articleSection\":[\"Sa\u00fade\"],\"inLanguage\":\"pt-BR\",\"potentialAction\":[{\"@type\":\"CommentAction\",\"name\":\"Comment\",\"target\":[\"https:\/\/jornalfatosenoticias.com.br\/index.php\/2024\/07\/10\/pandemia-relatorio-detalha-responsabilidade-da-ditadura-chinesa-pela-covid\/#respond\"]}]},{\"@type\":\"WebPage\",\"@id\":\"https:\/\/jornalfatosenoticias.com.br\/index.php\/2024\/07\/10\/pandemia-relatorio-detalha-responsabilidade-da-ditadura-chinesa-pela-covid\/\",\"url\":\"https:\/\/jornalfatosenoticias.com.br\/index.php\/2024\/07\/10\/pandemia-relatorio-detalha-responsabilidade-da-ditadura-chinesa-pela-covid\/\",\"name\":\"Pandemia: relat\u00f3rio detalha responsabilidade da ditadura chinesa pela covid - Jornal Fatos e Not\u00edcias\",\"isPartOf\":{\"@id\":\"https:\/\/jornalfatosenoticias.com.br\/#website\"},\"primaryImageOfPage\":{\"@id\":\"https:\/\/jornalfatosenoticias.com.br\/index.php\/2024\/07\/10\/pandemia-relatorio-detalha-responsabilidade-da-ditadura-chinesa-pela-covid\/#primaryimage\"},\"image\":{\"@id\":\"https:\/\/jornalfatosenoticias.com.br\/index.php\/2024\/07\/10\/pandemia-relatorio-detalha-responsabilidade-da-ditadura-chinesa-pela-covid\/#primaryimage\"},\"thumbnailUrl\":\"https:\/\/jornalfatosenoticias.com.br\/wp-content\/uploads\/2024\/07\/china-covid_gettyimages.jpg\",\"datePublished\":\"2024-07-10T18:21:25+00:00\",\"dateModified\":\"2024-07-10T18:21:26+00:00\",\"breadcrumb\":{\"@id\":\"https:\/\/jornalfatosenoticias.com.br\/index.php\/2024\/07\/10\/pandemia-relatorio-detalha-responsabilidade-da-ditadura-chinesa-pela-covid\/#breadcrumb\"},\"inLanguage\":\"pt-BR\",\"potentialAction\":[{\"@type\":\"ReadAction\",\"target\":[\"https:\/\/jornalfatosenoticias.com.br\/index.php\/2024\/07\/10\/pandemia-relatorio-detalha-responsabilidade-da-ditadura-chinesa-pela-covid\/\"]}]},{\"@type\":\"ImageObject\",\"inLanguage\":\"pt-BR\",\"@id\":\"https:\/\/jornalfatosenoticias.com.br\/index.php\/2024\/07\/10\/pandemia-relatorio-detalha-responsabilidade-da-ditadura-chinesa-pela-covid\/#primaryimage\",\"url\":\"https:\/\/jornalfatosenoticias.com.br\/wp-content\/uploads\/2024\/07\/china-covid_gettyimages.jpg\",\"contentUrl\":\"https:\/\/jornalfatosenoticias.com.br\/wp-content\/uploads\/2024\/07\/china-covid_gettyimages.jpg\",\"width\":612,\"height\":408,\"caption\":\"An attendee waves the flag of China during an event aboard a Star Ferry to celebrate the 27th anniversary of Hong Kong's return to Chinese rule in Hong Kong, China, on Monday, July 1, 2024. China's National Immigration Administration\u00a0announced\u00a0Monday that non-Chinese residents of Hong Kong and Macau will be able to enter mainland China more easily after Beijing eased visa rules to further integrate the semi-autonomous cities into national development plans. Photographer: Paul Yeung\/Bloomberg via Getty Images\"},{\"@type\":\"BreadcrumbList\",\"@id\":\"https:\/\/jornalfatosenoticias.com.br\/index.php\/2024\/07\/10\/pandemia-relatorio-detalha-responsabilidade-da-ditadura-chinesa-pela-covid\/#breadcrumb\",\"itemListElement\":[{\"@type\":\"ListItem\",\"position\":1,\"name\":\"In\u00edcio\",\"item\":\"https:\/\/jornalfatosenoticias.com.br\/\"},{\"@type\":\"ListItem\",\"position\":2,\"name\":\"Pandemia: relat\u00f3rio detalha responsabilidade da ditadura chinesa pela covid\"}]},{\"@type\":\"WebSite\",\"@id\":\"https:\/\/jornalfatosenoticias.com.br\/#website\",\"url\":\"https:\/\/jornalfatosenoticias.com.br\/\",\"name\":\"Jornal Fatos e Not\u00edcias\",\"description\":\"Not\u00edcias em geral\",\"publisher\":{\"@id\":\"https:\/\/jornalfatosenoticias.com.br\/#organization\"},\"potentialAction\":[{\"@type\":\"SearchAction\",\"target\":{\"@type\":\"EntryPoint\",\"urlTemplate\":\"https:\/\/jornalfatosenoticias.com.br\/?s={search_term_string}\"},\"query-input\":{\"@type\":\"PropertyValueSpecification\",\"valueRequired\":true,\"valueName\":\"search_term_string\"}}],\"inLanguage\":\"pt-BR\"},{\"@type\":\"Organization\",\"@id\":\"https:\/\/jornalfatosenoticias.com.br\/#organization\",\"name\":\"Jornal Fatos e Not\u00edcias\",\"url\":\"https:\/\/jornalfatosenoticias.com.br\/\",\"logo\":{\"@type\":\"ImageObject\",\"inLanguage\":\"pt-BR\",\"@id\":\"https:\/\/jornalfatosenoticias.com.br\/#\/schema\/logo\/image\/\",\"url\":\"https:\/\/jornalfatosenoticias.com.br\/wp-content\/uploads\/2020\/02\/logo120.png\",\"contentUrl\":\"https:\/\/jornalfatosenoticias.com.br\/wp-content\/uploads\/2020\/02\/logo120.png\",\"width\":1227,\"height\":120,\"caption\":\"Jornal Fatos e Not\u00edcias\"},\"image\":{\"@id\":\"https:\/\/jornalfatosenoticias.com.br\/#\/schema\/logo\/image\/\"}},{\"@type\":\"Person\",\"@id\":\"https:\/\/jornalfatosenoticias.com.br\/#\/schema\/person\/d63837fa13ac8666eb9e74e0985d6f81\",\"name\":\"Luzimara Fernandes\",\"image\":{\"@type\":\"ImageObject\",\"inLanguage\":\"pt-BR\",\"@id\":\"https:\/\/jornalfatosenoticias.com.br\/#\/schema\/person\/image\/\",\"url\":\"https:\/\/jornalfatosenoticias.com.br\/wp-content\/uploads\/2025\/05\/EU_portal.jpg\",\"contentUrl\":\"https:\/\/jornalfatosenoticias.com.br\/wp-content\/uploads\/2025\/05\/EU_portal.jpg\",\"caption\":\"Luzimara Fernandes\"},\"description\":\"Jornalista MTB 2358-ES\",\"sameAs\":[\"https:\/\/jornalfatosenoticias.com.br\"],\"url\":\"https:\/\/jornalfatosenoticias.com.br\/index.php\/author\/luzimara\/\"}]}<\/script>\n<!-- \/ Yoast SEO plugin. -->","yoast_head_json":{"title":"Pandemia: relat\u00f3rio detalha responsabilidade da ditadura chinesa pela covid - Jornal Fatos e Not\u00edcias","robots":{"index":"index","follow":"follow","max-snippet":"max-snippet:-1","max-image-preview":"max-image-preview:large","max-video-preview":"max-video-preview:-1"},"canonical":"https:\/\/jornalfatosenoticias.com.br\/index.php\/2024\/07\/10\/pandemia-relatorio-detalha-responsabilidade-da-ditadura-chinesa-pela-covid\/","og_locale":"pt_BR","og_type":"article","og_title":"Pandemia: relat\u00f3rio detalha responsabilidade da ditadura chinesa pela covid - Jornal Fatos e Not\u00edcias","og_description":"Comiss\u00e3o apartid\u00e1ria aponta que a China provavelmente deixou o v\u00edrus da covid-19 escapar de um laborat\u00f3rio por neglig\u00eancia com seguran\u00e7a, censurou chineses que tentaram alertar para o v\u00edrus, destruiu provas e, portanto, seria a principal respons\u00e1vel pela pandemia de covid-19 Por Eli Vieira Um relat\u00f3rio apartid\u00e1rio publicado na segunda-feira (8) pela organiza\u00e7\u00e3o americana Heritage Foundation [&hellip;]","og_url":"https:\/\/jornalfatosenoticias.com.br\/index.php\/2024\/07\/10\/pandemia-relatorio-detalha-responsabilidade-da-ditadura-chinesa-pela-covid\/","og_site_name":"Jornal Fatos e Not\u00edcias","article_published_time":"2024-07-10T18:21:25+00:00","article_modified_time":"2024-07-10T18:21:26+00:00","og_image":[{"width":612,"height":408,"url":"https:\/\/jornalfatosenoticias.com.br\/wp-content\/uploads\/2024\/07\/china-covid_gettyimages.jpg","type":"image\/jpeg"}],"author":"Luzimara Fernandes","twitter_card":"summary_large_image","twitter_misc":{"Escrito por":"Luzimara Fernandes","Est. tempo de leitura":"9 minutos"},"schema":{"@context":"https:\/\/schema.org","@graph":[{"@type":"Article","@id":"https:\/\/jornalfatosenoticias.com.br\/index.php\/2024\/07\/10\/pandemia-relatorio-detalha-responsabilidade-da-ditadura-chinesa-pela-covid\/#article","isPartOf":{"@id":"https:\/\/jornalfatosenoticias.com.br\/index.php\/2024\/07\/10\/pandemia-relatorio-detalha-responsabilidade-da-ditadura-chinesa-pela-covid\/"},"author":{"name":"Luzimara Fernandes","@id":"https:\/\/jornalfatosenoticias.com.br\/#\/schema\/person\/d63837fa13ac8666eb9e74e0985d6f81"},"headline":"Pandemia: relat\u00f3rio detalha responsabilidade da ditadura chinesa pela covid","datePublished":"2024-07-10T18:21:25+00:00","dateModified":"2024-07-10T18:21:26+00:00","mainEntityOfPage":{"@id":"https:\/\/jornalfatosenoticias.com.br\/index.php\/2024\/07\/10\/pandemia-relatorio-detalha-responsabilidade-da-ditadura-chinesa-pela-covid\/"},"wordCount":1744,"commentCount":0,"publisher":{"@id":"https:\/\/jornalfatosenoticias.com.br\/#organization"},"image":{"@id":"https:\/\/jornalfatosenoticias.com.br\/index.php\/2024\/07\/10\/pandemia-relatorio-detalha-responsabilidade-da-ditadura-chinesa-pela-covid\/#primaryimage"},"thumbnailUrl":"https:\/\/jornalfatosenoticias.com.br\/wp-content\/uploads\/2024\/07\/china-covid_gettyimages.jpg","keywords":["china","coronav\u00edrus","covid-19","epidemia","EUA","oms","Organiza\u00e7\u00e3o Mundial da Sa\u00fade","pandemia","sa\u00fade","Science","vacinas"],"articleSection":["Sa\u00fade"],"inLanguage":"pt-BR","potentialAction":[{"@type":"CommentAction","name":"Comment","target":["https:\/\/jornalfatosenoticias.com.br\/index.php\/2024\/07\/10\/pandemia-relatorio-detalha-responsabilidade-da-ditadura-chinesa-pela-covid\/#respond"]}]},{"@type":"WebPage","@id":"https:\/\/jornalfatosenoticias.com.br\/index.php\/2024\/07\/10\/pandemia-relatorio-detalha-responsabilidade-da-ditadura-chinesa-pela-covid\/","url":"https:\/\/jornalfatosenoticias.com.br\/index.php\/2024\/07\/10\/pandemia-relatorio-detalha-responsabilidade-da-ditadura-chinesa-pela-covid\/","name":"Pandemia: relat\u00f3rio detalha responsabilidade da ditadura chinesa pela covid - Jornal Fatos e Not\u00edcias","isPartOf":{"@id":"https:\/\/jornalfatosenoticias.com.br\/#website"},"primaryImageOfPage":{"@id":"https:\/\/jornalfatosenoticias.com.br\/index.php\/2024\/07\/10\/pandemia-relatorio-detalha-responsabilidade-da-ditadura-chinesa-pela-covid\/#primaryimage"},"image":{"@id":"https:\/\/jornalfatosenoticias.com.br\/index.php\/2024\/07\/10\/pandemia-relatorio-detalha-responsabilidade-da-ditadura-chinesa-pela-covid\/#primaryimage"},"thumbnailUrl":"https:\/\/jornalfatosenoticias.com.br\/wp-content\/uploads\/2024\/07\/china-covid_gettyimages.jpg","datePublished":"2024-07-10T18:21:25+00:00","dateModified":"2024-07-10T18:21:26+00:00","breadcrumb":{"@id":"https:\/\/jornalfatosenoticias.com.br\/index.php\/2024\/07\/10\/pandemia-relatorio-detalha-responsabilidade-da-ditadura-chinesa-pela-covid\/#breadcrumb"},"inLanguage":"pt-BR","potentialAction":[{"@type":"ReadAction","target":["https:\/\/jornalfatosenoticias.com.br\/index.php\/2024\/07\/10\/pandemia-relatorio-detalha-responsabilidade-da-ditadura-chinesa-pela-covid\/"]}]},{"@type":"ImageObject","inLanguage":"pt-BR","@id":"https:\/\/jornalfatosenoticias.com.br\/index.php\/2024\/07\/10\/pandemia-relatorio-detalha-responsabilidade-da-ditadura-chinesa-pela-covid\/#primaryimage","url":"https:\/\/jornalfatosenoticias.com.br\/wp-content\/uploads\/2024\/07\/china-covid_gettyimages.jpg","contentUrl":"https:\/\/jornalfatosenoticias.com.br\/wp-content\/uploads\/2024\/07\/china-covid_gettyimages.jpg","width":612,"height":408,"caption":"An attendee waves the flag of China during an event aboard a Star Ferry to celebrate the 27th anniversary of Hong Kong's return to Chinese rule in Hong Kong, China, on Monday, July 1, 2024. China's National Immigration Administration\u00a0announced\u00a0Monday that non-Chinese residents of Hong Kong and Macau will be able to enter mainland China more easily after Beijing eased visa rules to further integrate the semi-autonomous cities into national development plans. Photographer: Paul Yeung\/Bloomberg via Getty Images"},{"@type":"BreadcrumbList","@id":"https:\/\/jornalfatosenoticias.com.br\/index.php\/2024\/07\/10\/pandemia-relatorio-detalha-responsabilidade-da-ditadura-chinesa-pela-covid\/#breadcrumb","itemListElement":[{"@type":"ListItem","position":1,"name":"In\u00edcio","item":"https:\/\/jornalfatosenoticias.com.br\/"},{"@type":"ListItem","position":2,"name":"Pandemia: relat\u00f3rio detalha responsabilidade da ditadura chinesa pela covid"}]},{"@type":"WebSite","@id":"https:\/\/jornalfatosenoticias.com.br\/#website","url":"https:\/\/jornalfatosenoticias.com.br\/","name":"Jornal Fatos e Not\u00edcias","description":"Not\u00edcias em geral","publisher":{"@id":"https:\/\/jornalfatosenoticias.com.br\/#organization"},"potentialAction":[{"@type":"SearchAction","target":{"@type":"EntryPoint","urlTemplate":"https:\/\/jornalfatosenoticias.com.br\/?s={search_term_string}"},"query-input":{"@type":"PropertyValueSpecification","valueRequired":true,"valueName":"search_term_string"}}],"inLanguage":"pt-BR"},{"@type":"Organization","@id":"https:\/\/jornalfatosenoticias.com.br\/#organization","name":"Jornal Fatos e Not\u00edcias","url":"https:\/\/jornalfatosenoticias.com.br\/","logo":{"@type":"ImageObject","inLanguage":"pt-BR","@id":"https:\/\/jornalfatosenoticias.com.br\/#\/schema\/logo\/image\/","url":"https:\/\/jornalfatosenoticias.com.br\/wp-content\/uploads\/2020\/02\/logo120.png","contentUrl":"https:\/\/jornalfatosenoticias.com.br\/wp-content\/uploads\/2020\/02\/logo120.png","width":1227,"height":120,"caption":"Jornal Fatos e Not\u00edcias"},"image":{"@id":"https:\/\/jornalfatosenoticias.com.br\/#\/schema\/logo\/image\/"}},{"@type":"Person","@id":"https:\/\/jornalfatosenoticias.com.br\/#\/schema\/person\/d63837fa13ac8666eb9e74e0985d6f81","name":"Luzimara Fernandes","image":{"@type":"ImageObject","inLanguage":"pt-BR","@id":"https:\/\/jornalfatosenoticias.com.br\/#\/schema\/person\/image\/","url":"https:\/\/jornalfatosenoticias.com.br\/wp-content\/uploads\/2025\/05\/EU_portal.jpg","contentUrl":"https:\/\/jornalfatosenoticias.com.br\/wp-content\/uploads\/2025\/05\/EU_portal.jpg","caption":"Luzimara Fernandes"},"description":"Jornalista MTB 2358-ES","sameAs":["https:\/\/jornalfatosenoticias.com.br"],"url":"https:\/\/jornalfatosenoticias.com.br\/index.php\/author\/luzimara\/"}]}},"cc_featured_image_caption":{"caption_text":"(Foto: Getty Images) \r\n\r\n","source_text":"","source_url":""},"jetpack_featured_media_url":"https:\/\/jornalfatosenoticias.com.br\/wp-content\/uploads\/2024\/07\/china-covid_gettyimages.jpg","_links":{"self":[{"href":"https:\/\/jornalfatosenoticias.com.br\/index.php\/wp-json\/wp\/v2\/posts\/52599","targetHints":{"allow":["GET"]}}],"collection":[{"href":"https:\/\/jornalfatosenoticias.com.br\/index.php\/wp-json\/wp\/v2\/posts"}],"about":[{"href":"https:\/\/jornalfatosenoticias.com.br\/index.php\/wp-json\/wp\/v2\/types\/post"}],"author":[{"embeddable":true,"href":"https:\/\/jornalfatosenoticias.com.br\/index.php\/wp-json\/wp\/v2\/users\/2"}],"replies":[{"embeddable":true,"href":"https:\/\/jornalfatosenoticias.com.br\/index.php\/wp-json\/wp\/v2\/comments?post=52599"}],"version-history":[{"count":0,"href":"https:\/\/jornalfatosenoticias.com.br\/index.php\/wp-json\/wp\/v2\/posts\/52599\/revisions"}],"wp:featuredmedia":[{"embeddable":true,"href":"https:\/\/jornalfatosenoticias.com.br\/index.php\/wp-json\/wp\/v2\/media\/52600"}],"wp:attachment":[{"href":"https:\/\/jornalfatosenoticias.com.br\/index.php\/wp-json\/wp\/v2\/media?parent=52599"}],"wp:term":[{"taxonomy":"category","embeddable":true,"href":"https:\/\/jornalfatosenoticias.com.br\/index.php\/wp-json\/wp\/v2\/categories?post=52599"},{"taxonomy":"post_tag","embeddable":true,"href":"https:\/\/jornalfatosenoticias.com.br\/index.php\/wp-json\/wp\/v2\/tags?post=52599"}],"curies":[{"name":"wp","href":"https:\/\/api.w.org\/{rel}","templated":true}]}}