{"id":52602,"date":"2024-07-10T15:47:07","date_gmt":"2024-07-10T18:47:07","guid":{"rendered":"https:\/\/jornalfatosenoticias.com.br\/?p=52602"},"modified":"2024-07-10T15:47:10","modified_gmt":"2024-07-10T18:47:10","slug":"corrupcao-violencia-questoes-sociais-e-juros-preocupam-brasileiros-com-lula","status":"publish","type":"post","link":"https:\/\/jornalfatosenoticias.com.br\/index.php\/2024\/07\/10\/corrupcao-violencia-questoes-sociais-e-juros-preocupam-brasileiros-com-lula\/","title":{"rendered":"Corrup\u00e7\u00e3o, viol\u00eancia, quest\u00f5es sociais e juros preocupam brasileiros com Lula"},"content":{"rendered":"\n<p><em><span class=\"has-inline-color has-black-color\">Preocupa\u00e7\u00e3o com a economia diminuiu entre os brasileiros, enquanto que corrup\u00e7\u00e3o e viol\u00eancia chamam mais a aten\u00e7\u00e3o<\/span><\/em><\/p>\n\n\n\n<p><span class=\"has-inline-color has-black-color\">Por <strong><a href=\"https:\/\/www.gazetadopovo.com.br\/autor\/guilherme-grandi\/\">Guilherme Grandi<\/a><\/strong><\/span><\/p>\n\n\n\n<div class=\"wp-block-image\"><figure class=\"aligncenter size-large\"><a href=\"https:\/\/mizu.com.br\/\"><img loading=\"lazy\" decoding=\"async\" width=\"729\" height=\"90\" src=\"https:\/\/jornalfatosenoticias.com.br\/wp-content\/uploads\/2020\/02\/Logo_Mizu.png\" alt=\"\" class=\"wp-image-1441\" srcset=\"https:\/\/jornalfatosenoticias.com.br\/wp-content\/uploads\/2020\/02\/Logo_Mizu.png 729w, https:\/\/jornalfatosenoticias.com.br\/wp-content\/uploads\/2020\/02\/Logo_Mizu-300x37.png 300w\" sizes=\"auto, (max-width: 729px) 100vw, 729px\" \/><\/a><\/figure><\/div>\n\n\n\n<p>A nova rodada da pesquisa Quaest de avalia\u00e7\u00e3o do governo de Luiz In\u00e1cio Lula da Silva (PT), divulgada na manh\u00e3 desta quarta (10), apontou que a preocupa\u00e7\u00e3o com problemas como corrup\u00e7\u00e3o, viol\u00eancia, quest\u00f5es sociais e juros segue em alta entre os brasileiros. Embora a aprova\u00e7\u00e3o ao petista tenha aumentado e descolado da desaprova\u00e7\u00e3o, que est\u00e1 em queda, estes problemas ainda permeiam a aten\u00e7\u00e3o da popula\u00e7\u00e3o e pressionam o governo por mais solu\u00e7\u00f5es.<br>Se antes as quest\u00f5es econ\u00f4micas eram as maiores preocupa\u00e7\u00f5es dos brasileiros, como infla\u00e7\u00e3o e renda, agora \u00e9 a viol\u00eancia e a corrup\u00e7\u00e3o que ocupam o topo da aten\u00e7\u00e3o na avalia\u00e7\u00e3o do governo Lula 3, segundo o pesquisador Felipe Nunes, diretor da Quaest.<\/p>\n\n\n\n<div class=\"wp-block-image\"><figure class=\"aligncenter size-large\"><a href=\"https:\/\/www.facebook.com\/Esteio-Churrascaria-Barbecue-103643461220402\/\"><img decoding=\"async\" src=\"https:\/\/jornalfatosenoticias.com.br\/wp-content\/uploads\/2020\/02\/logo_esteio.jpg\" alt=\"\" class=\"wp-image-1214\"\/><\/a><\/figure><\/div>\n\n\n\n<blockquote class=\"wp-block-quote is-layout-flow wp-block-quote-is-layout-flow\"><p><span class=\"has-inline-color has-luminous-vivid-orange-color\">O que refor\u00e7a essa tese \u00e9 o fato de que a economia est\u00e1 perdendo protagonismo como o principal problema do pa\u00eds. De um ano pra c\u00e1, caiu de 31% para 21% quem afirma que a economia \u00e9 o principal problema, enquanto passou de 10% para 19% quem acha que \u00e9 a seguran\u00e7a, por exemplo\u201d, explicou na an\u00e1lise da pesquisa.<\/span><\/p><\/blockquote>\n\n\n\n<div class=\"wp-block-image\"><figure class=\"aligncenter size-large is-resized\"><a href=\"https:\/\/www.instagram.com\/restaurantepegoretti\/\"><img loading=\"lazy\" decoding=\"async\" src=\"https:\/\/jornalfatosenoticias.com.br\/wp-content\/uploads\/2023\/12\/pegoretti-logo-pdf-1024x389.jpg\" alt=\"\" class=\"wp-image-47536\" width=\"409\" height=\"155\" srcset=\"https:\/\/jornalfatosenoticias.com.br\/wp-content\/uploads\/2023\/12\/pegoretti-logo-pdf-1024x389.jpg 1024w, https:\/\/jornalfatosenoticias.com.br\/wp-content\/uploads\/2023\/12\/pegoretti-logo-pdf-300x114.jpg 300w, https:\/\/jornalfatosenoticias.com.br\/wp-content\/uploads\/2023\/12\/pegoretti-logo-pdf-768x291.jpg 768w, https:\/\/jornalfatosenoticias.com.br\/wp-content\/uploads\/2023\/12\/pegoretti-logo-pdf.jpg 1120w\" sizes=\"auto, (max-width: 409px) 100vw, 409px\" \/><\/a><\/figure><\/div>\n\n\n\n<p>A pesquisa aponta que a queda da preocupa\u00e7\u00e3o com a economia foi acompanhada pelo crescimento das outras quest\u00f5es. As sociais tiveram um salto de 4 pontos percentuais. Veja abaixo:<\/p>\n\n\n\n<div class=\"wp-block-image\"><figure class=\"aligncenter size-large\"><img loading=\"lazy\" decoding=\"async\" width=\"960\" height=\"540\" src=\"https:\/\/jornalfatosenoticias.com.br\/wp-content\/uploads\/2024\/07\/pesquisa-quaest-1.jpg\" alt=\"\" class=\"wp-image-52603\" srcset=\"https:\/\/jornalfatosenoticias.com.br\/wp-content\/uploads\/2024\/07\/pesquisa-quaest-1.jpg 960w, https:\/\/jornalfatosenoticias.com.br\/wp-content\/uploads\/2024\/07\/pesquisa-quaest-1-300x169.jpg 300w, https:\/\/jornalfatosenoticias.com.br\/wp-content\/uploads\/2024\/07\/pesquisa-quaest-1-768x432.jpg 768w\" sizes=\"auto, (max-width: 960px) 100vw, 960px\" \/><\/figure><\/div>\n\n\n\n<p>No caso dos juros, que se tornou o principal tema econ\u00f4mico de Lula no embate com o Banco Central, 87% dos entrevistados afirmam que est\u00e3o muito altos no Brasil, enquanto que 10% discordam. Especificamente sobre os juros, 66% dos brasileiros concordam com as cr\u00edticas de Lula, enquanto que 23% n\u00e3o concordam.<\/p>\n\n\n\n<div class=\"wp-block-image\"><figure class=\"aligncenter size-large is-resized\"><a href=\"https:\/\/www.instagram.com\/rapuzeljastro\/\"><img loading=\"lazy\" decoding=\"async\" src=\"https:\/\/jornalfatosenoticias.com.br\/wp-content\/uploads\/2020\/02\/logo-Rapuzel-1024x571.jpg\" alt=\"\" class=\"wp-image-42808\" width=\"382\" height=\"213\" srcset=\"https:\/\/jornalfatosenoticias.com.br\/wp-content\/uploads\/2020\/02\/logo-Rapuzel-1024x571.jpg 1024w, https:\/\/jornalfatosenoticias.com.br\/wp-content\/uploads\/2020\/02\/logo-Rapuzel-300x167.jpg 300w, https:\/\/jornalfatosenoticias.com.br\/wp-content\/uploads\/2020\/02\/logo-Rapuzel-768x428.jpg 768w, https:\/\/jornalfatosenoticias.com.br\/wp-content\/uploads\/2020\/02\/logo-Rapuzel-1536x856.jpg 1536w, https:\/\/jornalfatosenoticias.com.br\/wp-content\/uploads\/2020\/02\/logo-Rapuzel.jpg 1600w\" sizes=\"auto, (max-width: 382px) 100vw, 382px\" \/><\/a><\/figure><\/div>\n\n\n\n<p>Lula passou a focar a quest\u00e3o nas entrevistas e discursos que v\u00eam realizando, focalizando a culpa no presidente do Banco Central, Roberto Campos Neto. Isso acabou levando a uma escalada do d\u00f3lar nas \u00faltimas semanas por desconfian\u00e7as do mercado financeiro com a responsabilidade fiscal.<\/p>\n\n\n\n<div class=\"wp-block-image\"><figure class=\"aligncenter size-large\"><a href=\"http:\/\/www.ferrarimaquinas.com.br\/\"><img loading=\"lazy\" decoding=\"async\" width=\"300\" height=\"250\" src=\"https:\/\/jornalfatosenoticias.com.br\/wp-content\/uploads\/2022\/02\/FERRARI_MAQUINAS-E-FERRAMENTAS2.jpg\" alt=\"\" class=\"wp-image-27860\"\/><\/a><\/figure><\/div>\n\n\n\n<blockquote class=\"wp-block-quote is-layout-flow wp-block-quote-is-layout-flow\"><p><span class=\"has-inline-color has-luminous-vivid-orange-color\">Embora a popula\u00e7\u00e3o tampouco &#8216;compre&#8217; totalmente a argumenta\u00e7\u00e3o de que Campos Neto n\u00e3o usaria crit\u00e9rios t\u00e9cnicos na condu\u00e7\u00e3o do Banco Central, metade defende que ele \u00e9 t\u00e9cnico nas decis\u00f5es, a outra metade ou acredita que n\u00e3o, ou n\u00e3o sabe dizer\u201d, apontou Nunes na an\u00e1lise.<\/span><\/p><\/blockquote>\n\n\n\n<div class=\"wp-block-image\"><figure class=\"aligncenter size-large is-resized\"><a href=\"https:\/\/panper.com.br\/\"><img loading=\"lazy\" decoding=\"async\" src=\"https:\/\/jornalfatosenoticias.com.br\/wp-content\/uploads\/2023\/03\/logo-Panper_portal.jpg\" alt=\"\" class=\"wp-image-40208\" width=\"318\" height=\"220\" srcset=\"https:\/\/jornalfatosenoticias.com.br\/wp-content\/uploads\/2023\/03\/logo-Panper_portal.jpg 400w, https:\/\/jornalfatosenoticias.com.br\/wp-content\/uploads\/2023\/03\/logo-Panper_portal-300x208.jpg 300w\" sizes=\"auto, (max-width: 318px) 100vw, 318px\" \/><\/a><\/figure><\/div>\n\n\n\n<p>A moeda s\u00f3 recuou ap\u00f3s Lula e o ministro Fernando Haddad (Fazenda) garantirem que o governo segue engajado em manter a meta de zerar o rombo nas contas p\u00fablicas atrav\u00e9s de um ajuste fiscal que inclui, entre outros pontos, a revis\u00e3o e corte de gastos p\u00fablicos. <\/p>\n\n\n\n<div class=\"wp-block-image\"><figure class=\"aligncenter size-large is-resized\"><a href=\"https:\/\/www.controlsystems.com.br\/\"><img loading=\"lazy\" decoding=\"async\" src=\"https:\/\/jornalfatosenoticias.com.br\/wp-content\/uploads\/2020\/02\/CONTROL-CS.jpg\" alt=\"\" class=\"wp-image-44991\" width=\"285\" height=\"342\" srcset=\"https:\/\/jornalfatosenoticias.com.br\/wp-content\/uploads\/2020\/02\/CONTROL-CS.jpg 834w, https:\/\/jornalfatosenoticias.com.br\/wp-content\/uploads\/2020\/02\/CONTROL-CS-250x300.jpg 250w, https:\/\/jornalfatosenoticias.com.br\/wp-content\/uploads\/2020\/02\/CONTROL-CS-768x921.jpg 768w\" sizes=\"auto, (max-width: 285px) 100vw, 285px\" \/><\/a><\/figure><\/div>\n\n\n\n<p>Este ponto, inclusive, foi questionado pela Quaest na pesquisa e teve a concord\u00e2ncia de 83% dos entrevistados para fazer um pente fino para tirar irregularidades do Cad\u00danico. Apesar da alta do d\u00f3lar em meio \u00e0s falas de Lula, 53% dos entrevistados n\u00e3o acreditam que as declara\u00e7\u00f5es do petista tenham levado a isso. 34% acreditam que sim e 13% n\u00e3o souberam responder.<\/p>\n\n\n\n<div class=\"wp-block-image\"><figure class=\"aligncenter size-large\"><a href=\"https:\/\/cesconetto.com.br\/\"><img loading=\"lazy\" decoding=\"async\" width=\"300\" height=\"250\" src=\"https:\/\/jornalfatosenoticias.com.br\/wp-content\/uploads\/2020\/02\/Banner-2.png\" alt=\"\" class=\"wp-image-43787\"\/><\/a><\/figure><\/div>\n\n\n\n<blockquote class=\"wp-block-quote is-layout-flow wp-block-quote-is-layout-flow\"><p><span class=\"has-inline-color has-luminous-vivid-orange-color\">Chama aten\u00e7\u00e3o que a popula\u00e7\u00e3o n\u00e3o atribui \u00e0s falas do Lula ao aumento observado do d\u00f3lar nas \u00faltimas semanas\u201d, aponta Nunes.<\/span><\/p><\/blockquote>\n\n\n\n<div class=\"wp-block-image\"><figure class=\"aligncenter size-large\"><a href=\"https:\/\/www.facebook.com\/vetor.vix\/\"><img loading=\"lazy\" decoding=\"async\" width=\"1024\" height=\"273\" src=\"https:\/\/jornalfatosenoticias.com.br\/wp-content\/uploads\/2023\/09\/vetorvix1024_1.jpg\" alt=\"\" class=\"wp-image-44868\" srcset=\"https:\/\/jornalfatosenoticias.com.br\/wp-content\/uploads\/2023\/09\/vetorvix1024_1.jpg 1024w, https:\/\/jornalfatosenoticias.com.br\/wp-content\/uploads\/2023\/09\/vetorvix1024_1-300x80.jpg 300w, https:\/\/jornalfatosenoticias.com.br\/wp-content\/uploads\/2023\/09\/vetorvix1024_1-768x205.jpg 768w\" sizes=\"auto, (max-width: 1024px) 100vw, 1024px\" \/><\/a><\/figure><\/div>\n\n\n\n<p>Os entrevistados tamb\u00e9m concordaram que o sal\u00e1rio deve ter um aumento real acima da infla\u00e7\u00e3o anualmente (90%), que as carnes consumidas pelos mais pobres deveriam ter isen\u00e7\u00e3o de imposto (84%), e que o governo n\u00e3o deve dar satisfa\u00e7\u00e3o ao mercado, mas aos mais pobres (67% concordam, 29% discordam).<\/p>\n\n\n\n<div class=\"wp-block-image\"><figure class=\"aligncenter size-large\"><img loading=\"lazy\" decoding=\"async\" width=\"960\" height=\"540\" src=\"https:\/\/jornalfatosenoticias.com.br\/wp-content\/uploads\/2024\/07\/pesquisa-quaest-2.jpg\" alt=\"\" class=\"wp-image-52604\" srcset=\"https:\/\/jornalfatosenoticias.com.br\/wp-content\/uploads\/2024\/07\/pesquisa-quaest-2.jpg 960w, https:\/\/jornalfatosenoticias.com.br\/wp-content\/uploads\/2024\/07\/pesquisa-quaest-2-300x169.jpg 300w, https:\/\/jornalfatosenoticias.com.br\/wp-content\/uploads\/2024\/07\/pesquisa-quaest-2-768x432.jpg 768w\" sizes=\"auto, (max-width: 960px) 100vw, 960px\" \/><\/figure><\/div>\n\n\n\n<p>A Quaest ouviu duas mil pessoas entre 5 e 8 de julho em 120 munic\u00edpios brasileiros. A margem de erro \u00e9 de 2 pontos percentuais para mais ou para menos, e o intervalo de confian\u00e7a \u00e9 de 95%.<\/p>\n\n\n\n<div class=\"wp-block-image\"><figure class=\"aligncenter size-large is-resized\"><a href=\"https:\/\/www.ithbrasil.com.br\/\"><img loading=\"lazy\" decoding=\"async\" src=\"https:\/\/jornalfatosenoticias.com.br\/wp-content\/uploads\/2023\/08\/ITH.jpeg\" alt=\"\" class=\"wp-image-44638\" width=\"289\" height=\"235\" srcset=\"https:\/\/jornalfatosenoticias.com.br\/wp-content\/uploads\/2023\/08\/ITH.jpeg 800w, https:\/\/jornalfatosenoticias.com.br\/wp-content\/uploads\/2023\/08\/ITH-300x244.jpeg 300w, https:\/\/jornalfatosenoticias.com.br\/wp-content\/uploads\/2023\/08\/ITH-768x624.jpeg 768w\" sizes=\"auto, (max-width: 289px) 100vw, 289px\" \/><\/a><\/figure><\/div>\n\n\n\n<p><strong><em>Fonte: <a href=\"https:\/\/www.gazetadopovo.com.br\/republica\/corrupcao-violencia-questoes-sociais-juros-preocupam-brasileiros-lula\/\">Gazeta do Povo<\/a><\/em><\/strong><\/p>\n","protected":false},"excerpt":{"rendered":"<p>Preocupa\u00e7\u00e3o com a economia diminuiu entre os brasileiros, enquanto que corrup\u00e7\u00e3o e viol\u00eancia chamam mais a aten\u00e7\u00e3o Por Guilherme Grandi A nova rodada da pesquisa Quaest de avalia\u00e7\u00e3o do governo de Luiz In\u00e1cio Lula da Silva (PT), divulgada na manh\u00e3 desta quarta (10), apontou que a preocupa\u00e7\u00e3o com problemas como corrup\u00e7\u00e3o, viol\u00eancia, quest\u00f5es sociais e [&hellip;]<\/p>\n","protected":false},"author":2,"featured_media":52605,"comment_status":"open","ping_status":"open","sticky":false,"template":"","format":"standard","meta":{"footnotes":""},"categories":[10],"tags":[8163,7580,1168,23118,1033,2479],"class_list":["post-52602","post","type-post","status-publish","format-standard","has-post-thumbnail","hentry","category-politica","tag-contas-publicas","tag-lula","tag-mercado-financeiro","tag-pesquisa-quaest","tag-seguranca","tag-violencia"],"yoast_head":"<!-- This site is optimized with the Yoast SEO plugin v26.5 - https:\/\/yoast.com\/wordpress\/plugins\/seo\/ -->\n<title>Corrup\u00e7\u00e3o, viol\u00eancia, quest\u00f5es sociais e juros preocupam brasileiros com Lula - Jornal Fatos e Not\u00edcias<\/title>\n<meta name=\"robots\" content=\"index, follow, max-snippet:-1, max-image-preview:large, max-video-preview:-1\" \/>\n<link rel=\"canonical\" href=\"https:\/\/jornalfatosenoticias.com.br\/index.php\/2024\/07\/10\/corrupcao-violencia-questoes-sociais-e-juros-preocupam-brasileiros-com-lula\/\" \/>\n<meta property=\"og:locale\" content=\"pt_BR\" \/>\n<meta property=\"og:type\" content=\"article\" \/>\n<meta property=\"og:title\" content=\"Corrup\u00e7\u00e3o, viol\u00eancia, quest\u00f5es sociais e juros preocupam brasileiros com Lula - Jornal Fatos e Not\u00edcias\" \/>\n<meta property=\"og:description\" content=\"Preocupa\u00e7\u00e3o com a economia diminuiu entre os brasileiros, enquanto que corrup\u00e7\u00e3o e viol\u00eancia chamam mais a aten\u00e7\u00e3o Por Guilherme Grandi A nova rodada da pesquisa Quaest de avalia\u00e7\u00e3o do governo de Luiz In\u00e1cio Lula da Silva (PT), divulgada na manh\u00e3 desta quarta (10), apontou que a preocupa\u00e7\u00e3o com problemas como corrup\u00e7\u00e3o, viol\u00eancia, quest\u00f5es sociais e [&hellip;]\" \/>\n<meta property=\"og:url\" content=\"https:\/\/jornalfatosenoticias.com.br\/index.php\/2024\/07\/10\/corrupcao-violencia-questoes-sociais-e-juros-preocupam-brasileiros-com-lula\/\" \/>\n<meta property=\"og:site_name\" content=\"Jornal Fatos e Not\u00edcias\" \/>\n<meta property=\"article:published_time\" content=\"2024-07-10T18:47:07+00:00\" \/>\n<meta property=\"article:modified_time\" content=\"2024-07-10T18:47:10+00:00\" \/>\n<meta property=\"og:image\" content=\"https:\/\/jornalfatosenoticias.com.br\/wp-content\/uploads\/2024\/07\/lula_gettyimages-2.jpg\" \/>\n\t<meta property=\"og:image:width\" content=\"612\" \/>\n\t<meta property=\"og:image:height\" content=\"408\" \/>\n\t<meta property=\"og:image:type\" content=\"image\/jpeg\" \/>\n<meta name=\"author\" content=\"Luzimara Fernandes\" \/>\n<meta name=\"twitter:card\" content=\"summary_large_image\" \/>\n<meta name=\"twitter:label1\" content=\"Escrito por\" \/>\n\t<meta name=\"twitter:data1\" content=\"Luzimara Fernandes\" \/>\n\t<meta name=\"twitter:label2\" content=\"Est. tempo de leitura\" \/>\n\t<meta name=\"twitter:data2\" content=\"3 minutos\" \/>\n<script type=\"application\/ld+json\" class=\"yoast-schema-graph\">{\"@context\":\"https:\/\/schema.org\",\"@graph\":[{\"@type\":\"Article\",\"@id\":\"https:\/\/jornalfatosenoticias.com.br\/index.php\/2024\/07\/10\/corrupcao-violencia-questoes-sociais-e-juros-preocupam-brasileiros-com-lula\/#article\",\"isPartOf\":{\"@id\":\"https:\/\/jornalfatosenoticias.com.br\/index.php\/2024\/07\/10\/corrupcao-violencia-questoes-sociais-e-juros-preocupam-brasileiros-com-lula\/\"},\"author\":{\"name\":\"Luzimara Fernandes\",\"@id\":\"https:\/\/jornalfatosenoticias.com.br\/#\/schema\/person\/d63837fa13ac8666eb9e74e0985d6f81\"},\"headline\":\"Corrup\u00e7\u00e3o, viol\u00eancia, quest\u00f5es sociais e juros preocupam brasileiros com Lula\",\"datePublished\":\"2024-07-10T18:47:07+00:00\",\"dateModified\":\"2024-07-10T18:47:10+00:00\",\"mainEntityOfPage\":{\"@id\":\"https:\/\/jornalfatosenoticias.com.br\/index.php\/2024\/07\/10\/corrupcao-violencia-questoes-sociais-e-juros-preocupam-brasileiros-com-lula\/\"},\"wordCount\":632,\"commentCount\":0,\"publisher\":{\"@id\":\"https:\/\/jornalfatosenoticias.com.br\/#organization\"},\"image\":{\"@id\":\"https:\/\/jornalfatosenoticias.com.br\/index.php\/2024\/07\/10\/corrupcao-violencia-questoes-sociais-e-juros-preocupam-brasileiros-com-lula\/#primaryimage\"},\"thumbnailUrl\":\"https:\/\/jornalfatosenoticias.com.br\/wp-content\/uploads\/2024\/07\/lula_gettyimages-2.jpg\",\"keywords\":[\"contas p\u00fablicas\",\"Lula\",\"mercado financeiro\",\"Pesquisa Quaest\",\"seguran\u00e7a\",\"viol\u00eancia\"],\"articleSection\":[\"Pol\u00edtica\"],\"inLanguage\":\"pt-BR\",\"potentialAction\":[{\"@type\":\"CommentAction\",\"name\":\"Comment\",\"target\":[\"https:\/\/jornalfatosenoticias.com.br\/index.php\/2024\/07\/10\/corrupcao-violencia-questoes-sociais-e-juros-preocupam-brasileiros-com-lula\/#respond\"]}]},{\"@type\":\"WebPage\",\"@id\":\"https:\/\/jornalfatosenoticias.com.br\/index.php\/2024\/07\/10\/corrupcao-violencia-questoes-sociais-e-juros-preocupam-brasileiros-com-lula\/\",\"url\":\"https:\/\/jornalfatosenoticias.com.br\/index.php\/2024\/07\/10\/corrupcao-violencia-questoes-sociais-e-juros-preocupam-brasileiros-com-lula\/\",\"name\":\"Corrup\u00e7\u00e3o, viol\u00eancia, quest\u00f5es sociais e juros preocupam brasileiros com Lula - Jornal Fatos e Not\u00edcias\",\"isPartOf\":{\"@id\":\"https:\/\/jornalfatosenoticias.com.br\/#website\"},\"primaryImageOfPage\":{\"@id\":\"https:\/\/jornalfatosenoticias.com.br\/index.php\/2024\/07\/10\/corrupcao-violencia-questoes-sociais-e-juros-preocupam-brasileiros-com-lula\/#primaryimage\"},\"image\":{\"@id\":\"https:\/\/jornalfatosenoticias.com.br\/index.php\/2024\/07\/10\/corrupcao-violencia-questoes-sociais-e-juros-preocupam-brasileiros-com-lula\/#primaryimage\"},\"thumbnailUrl\":\"https:\/\/jornalfatosenoticias.com.br\/wp-content\/uploads\/2024\/07\/lula_gettyimages-2.jpg\",\"datePublished\":\"2024-07-10T18:47:07+00:00\",\"dateModified\":\"2024-07-10T18:47:10+00:00\",\"breadcrumb\":{\"@id\":\"https:\/\/jornalfatosenoticias.com.br\/index.php\/2024\/07\/10\/corrupcao-violencia-questoes-sociais-e-juros-preocupam-brasileiros-com-lula\/#breadcrumb\"},\"inLanguage\":\"pt-BR\",\"potentialAction\":[{\"@type\":\"ReadAction\",\"target\":[\"https:\/\/jornalfatosenoticias.com.br\/index.php\/2024\/07\/10\/corrupcao-violencia-questoes-sociais-e-juros-preocupam-brasileiros-com-lula\/\"]}]},{\"@type\":\"ImageObject\",\"inLanguage\":\"pt-BR\",\"@id\":\"https:\/\/jornalfatosenoticias.com.br\/index.php\/2024\/07\/10\/corrupcao-violencia-questoes-sociais-e-juros-preocupam-brasileiros-com-lula\/#primaryimage\",\"url\":\"https:\/\/jornalfatosenoticias.com.br\/wp-content\/uploads\/2024\/07\/lula_gettyimages-2.jpg\",\"contentUrl\":\"https:\/\/jornalfatosenoticias.com.br\/wp-content\/uploads\/2024\/07\/lula_gettyimages-2.jpg\",\"width\":612,\"height\":408,\"caption\":\"Brazilian President Luiz Inacio Lula da Silva gestures during the inauguration ceremony of the new president of Petrobras, Magda Chambriard, in Rio de Janeiro, Brazil, on June 19, 2024. (Photo by Pablo PORCIUNCULA \/ AFP) (Photo by PABLO PORCIUNCULA\/AFP via Getty Images)\"},{\"@type\":\"BreadcrumbList\",\"@id\":\"https:\/\/jornalfatosenoticias.com.br\/index.php\/2024\/07\/10\/corrupcao-violencia-questoes-sociais-e-juros-preocupam-brasileiros-com-lula\/#breadcrumb\",\"itemListElement\":[{\"@type\":\"ListItem\",\"position\":1,\"name\":\"In\u00edcio\",\"item\":\"https:\/\/jornalfatosenoticias.com.br\/\"},{\"@type\":\"ListItem\",\"position\":2,\"name\":\"Corrup\u00e7\u00e3o, viol\u00eancia, quest\u00f5es sociais e juros preocupam brasileiros com Lula\"}]},{\"@type\":\"WebSite\",\"@id\":\"https:\/\/jornalfatosenoticias.com.br\/#website\",\"url\":\"https:\/\/jornalfatosenoticias.com.br\/\",\"name\":\"Jornal Fatos e Not\u00edcias\",\"description\":\"Not\u00edcias em geral\",\"publisher\":{\"@id\":\"https:\/\/jornalfatosenoticias.com.br\/#organization\"},\"potentialAction\":[{\"@type\":\"SearchAction\",\"target\":{\"@type\":\"EntryPoint\",\"urlTemplate\":\"https:\/\/jornalfatosenoticias.com.br\/?s={search_term_string}\"},\"query-input\":{\"@type\":\"PropertyValueSpecification\",\"valueRequired\":true,\"valueName\":\"search_term_string\"}}],\"inLanguage\":\"pt-BR\"},{\"@type\":\"Organization\",\"@id\":\"https:\/\/jornalfatosenoticias.com.br\/#organization\",\"name\":\"Jornal Fatos e Not\u00edcias\",\"url\":\"https:\/\/jornalfatosenoticias.com.br\/\",\"logo\":{\"@type\":\"ImageObject\",\"inLanguage\":\"pt-BR\",\"@id\":\"https:\/\/jornalfatosenoticias.com.br\/#\/schema\/logo\/image\/\",\"url\":\"https:\/\/jornalfatosenoticias.com.br\/wp-content\/uploads\/2020\/02\/logo120.png\",\"contentUrl\":\"https:\/\/jornalfatosenoticias.com.br\/wp-content\/uploads\/2020\/02\/logo120.png\",\"width\":1227,\"height\":120,\"caption\":\"Jornal Fatos e Not\u00edcias\"},\"image\":{\"@id\":\"https:\/\/jornalfatosenoticias.com.br\/#\/schema\/logo\/image\/\"}},{\"@type\":\"Person\",\"@id\":\"https:\/\/jornalfatosenoticias.com.br\/#\/schema\/person\/d63837fa13ac8666eb9e74e0985d6f81\",\"name\":\"Luzimara Fernandes\",\"image\":{\"@type\":\"ImageObject\",\"inLanguage\":\"pt-BR\",\"@id\":\"https:\/\/jornalfatosenoticias.com.br\/#\/schema\/person\/image\/\",\"url\":\"https:\/\/jornalfatosenoticias.com.br\/wp-content\/uploads\/2025\/05\/EU_portal.jpg\",\"contentUrl\":\"https:\/\/jornalfatosenoticias.com.br\/wp-content\/uploads\/2025\/05\/EU_portal.jpg\",\"caption\":\"Luzimara Fernandes\"},\"description\":\"Jornalista MTB 2358-ES\",\"sameAs\":[\"https:\/\/jornalfatosenoticias.com.br\"],\"url\":\"https:\/\/jornalfatosenoticias.com.br\/index.php\/author\/luzimara\/\"}]}<\/script>\n<!-- \/ Yoast SEO plugin. -->","yoast_head_json":{"title":"Corrup\u00e7\u00e3o, viol\u00eancia, quest\u00f5es sociais e juros preocupam brasileiros com Lula - Jornal Fatos e Not\u00edcias","robots":{"index":"index","follow":"follow","max-snippet":"max-snippet:-1","max-image-preview":"max-image-preview:large","max-video-preview":"max-video-preview:-1"},"canonical":"https:\/\/jornalfatosenoticias.com.br\/index.php\/2024\/07\/10\/corrupcao-violencia-questoes-sociais-e-juros-preocupam-brasileiros-com-lula\/","og_locale":"pt_BR","og_type":"article","og_title":"Corrup\u00e7\u00e3o, viol\u00eancia, quest\u00f5es sociais e juros preocupam brasileiros com Lula - Jornal Fatos e Not\u00edcias","og_description":"Preocupa\u00e7\u00e3o com a economia diminuiu entre os brasileiros, enquanto que corrup\u00e7\u00e3o e viol\u00eancia chamam mais a aten\u00e7\u00e3o Por Guilherme Grandi A nova rodada da pesquisa Quaest de avalia\u00e7\u00e3o do governo de Luiz In\u00e1cio Lula da Silva (PT), divulgada na manh\u00e3 desta quarta (10), apontou que a preocupa\u00e7\u00e3o com problemas como corrup\u00e7\u00e3o, viol\u00eancia, quest\u00f5es sociais e [&hellip;]","og_url":"https:\/\/jornalfatosenoticias.com.br\/index.php\/2024\/07\/10\/corrupcao-violencia-questoes-sociais-e-juros-preocupam-brasileiros-com-lula\/","og_site_name":"Jornal Fatos e Not\u00edcias","article_published_time":"2024-07-10T18:47:07+00:00","article_modified_time":"2024-07-10T18:47:10+00:00","og_image":[{"width":612,"height":408,"url":"https:\/\/jornalfatosenoticias.com.br\/wp-content\/uploads\/2024\/07\/lula_gettyimages-2.jpg","type":"image\/jpeg"}],"author":"Luzimara Fernandes","twitter_card":"summary_large_image","twitter_misc":{"Escrito por":"Luzimara Fernandes","Est. tempo de leitura":"3 minutos"},"schema":{"@context":"https:\/\/schema.org","@graph":[{"@type":"Article","@id":"https:\/\/jornalfatosenoticias.com.br\/index.php\/2024\/07\/10\/corrupcao-violencia-questoes-sociais-e-juros-preocupam-brasileiros-com-lula\/#article","isPartOf":{"@id":"https:\/\/jornalfatosenoticias.com.br\/index.php\/2024\/07\/10\/corrupcao-violencia-questoes-sociais-e-juros-preocupam-brasileiros-com-lula\/"},"author":{"name":"Luzimara Fernandes","@id":"https:\/\/jornalfatosenoticias.com.br\/#\/schema\/person\/d63837fa13ac8666eb9e74e0985d6f81"},"headline":"Corrup\u00e7\u00e3o, viol\u00eancia, quest\u00f5es sociais e juros preocupam brasileiros com Lula","datePublished":"2024-07-10T18:47:07+00:00","dateModified":"2024-07-10T18:47:10+00:00","mainEntityOfPage":{"@id":"https:\/\/jornalfatosenoticias.com.br\/index.php\/2024\/07\/10\/corrupcao-violencia-questoes-sociais-e-juros-preocupam-brasileiros-com-lula\/"},"wordCount":632,"commentCount":0,"publisher":{"@id":"https:\/\/jornalfatosenoticias.com.br\/#organization"},"image":{"@id":"https:\/\/jornalfatosenoticias.com.br\/index.php\/2024\/07\/10\/corrupcao-violencia-questoes-sociais-e-juros-preocupam-brasileiros-com-lula\/#primaryimage"},"thumbnailUrl":"https:\/\/jornalfatosenoticias.com.br\/wp-content\/uploads\/2024\/07\/lula_gettyimages-2.jpg","keywords":["contas p\u00fablicas","Lula","mercado financeiro","Pesquisa Quaest","seguran\u00e7a","viol\u00eancia"],"articleSection":["Pol\u00edtica"],"inLanguage":"pt-BR","potentialAction":[{"@type":"CommentAction","name":"Comment","target":["https:\/\/jornalfatosenoticias.com.br\/index.php\/2024\/07\/10\/corrupcao-violencia-questoes-sociais-e-juros-preocupam-brasileiros-com-lula\/#respond"]}]},{"@type":"WebPage","@id":"https:\/\/jornalfatosenoticias.com.br\/index.php\/2024\/07\/10\/corrupcao-violencia-questoes-sociais-e-juros-preocupam-brasileiros-com-lula\/","url":"https:\/\/jornalfatosenoticias.com.br\/index.php\/2024\/07\/10\/corrupcao-violencia-questoes-sociais-e-juros-preocupam-brasileiros-com-lula\/","name":"Corrup\u00e7\u00e3o, viol\u00eancia, quest\u00f5es sociais e juros preocupam brasileiros com Lula - Jornal Fatos e Not\u00edcias","isPartOf":{"@id":"https:\/\/jornalfatosenoticias.com.br\/#website"},"primaryImageOfPage":{"@id":"https:\/\/jornalfatosenoticias.com.br\/index.php\/2024\/07\/10\/corrupcao-violencia-questoes-sociais-e-juros-preocupam-brasileiros-com-lula\/#primaryimage"},"image":{"@id":"https:\/\/jornalfatosenoticias.com.br\/index.php\/2024\/07\/10\/corrupcao-violencia-questoes-sociais-e-juros-preocupam-brasileiros-com-lula\/#primaryimage"},"thumbnailUrl":"https:\/\/jornalfatosenoticias.com.br\/wp-content\/uploads\/2024\/07\/lula_gettyimages-2.jpg","datePublished":"2024-07-10T18:47:07+00:00","dateModified":"2024-07-10T18:47:10+00:00","breadcrumb":{"@id":"https:\/\/jornalfatosenoticias.com.br\/index.php\/2024\/07\/10\/corrupcao-violencia-questoes-sociais-e-juros-preocupam-brasileiros-com-lula\/#breadcrumb"},"inLanguage":"pt-BR","potentialAction":[{"@type":"ReadAction","target":["https:\/\/jornalfatosenoticias.com.br\/index.php\/2024\/07\/10\/corrupcao-violencia-questoes-sociais-e-juros-preocupam-brasileiros-com-lula\/"]}]},{"@type":"ImageObject","inLanguage":"pt-BR","@id":"https:\/\/jornalfatosenoticias.com.br\/index.php\/2024\/07\/10\/corrupcao-violencia-questoes-sociais-e-juros-preocupam-brasileiros-com-lula\/#primaryimage","url":"https:\/\/jornalfatosenoticias.com.br\/wp-content\/uploads\/2024\/07\/lula_gettyimages-2.jpg","contentUrl":"https:\/\/jornalfatosenoticias.com.br\/wp-content\/uploads\/2024\/07\/lula_gettyimages-2.jpg","width":612,"height":408,"caption":"Brazilian President Luiz Inacio Lula da Silva gestures during the inauguration ceremony of the new president of Petrobras, Magda Chambriard, in Rio de Janeiro, Brazil, on June 19, 2024. (Photo by Pablo PORCIUNCULA \/ AFP) (Photo by PABLO PORCIUNCULA\/AFP via Getty Images)"},{"@type":"BreadcrumbList","@id":"https:\/\/jornalfatosenoticias.com.br\/index.php\/2024\/07\/10\/corrupcao-violencia-questoes-sociais-e-juros-preocupam-brasileiros-com-lula\/#breadcrumb","itemListElement":[{"@type":"ListItem","position":1,"name":"In\u00edcio","item":"https:\/\/jornalfatosenoticias.com.br\/"},{"@type":"ListItem","position":2,"name":"Corrup\u00e7\u00e3o, viol\u00eancia, quest\u00f5es sociais e juros preocupam brasileiros com Lula"}]},{"@type":"WebSite","@id":"https:\/\/jornalfatosenoticias.com.br\/#website","url":"https:\/\/jornalfatosenoticias.com.br\/","name":"Jornal Fatos e Not\u00edcias","description":"Not\u00edcias em geral","publisher":{"@id":"https:\/\/jornalfatosenoticias.com.br\/#organization"},"potentialAction":[{"@type":"SearchAction","target":{"@type":"EntryPoint","urlTemplate":"https:\/\/jornalfatosenoticias.com.br\/?s={search_term_string}"},"query-input":{"@type":"PropertyValueSpecification","valueRequired":true,"valueName":"search_term_string"}}],"inLanguage":"pt-BR"},{"@type":"Organization","@id":"https:\/\/jornalfatosenoticias.com.br\/#organization","name":"Jornal Fatos e Not\u00edcias","url":"https:\/\/jornalfatosenoticias.com.br\/","logo":{"@type":"ImageObject","inLanguage":"pt-BR","@id":"https:\/\/jornalfatosenoticias.com.br\/#\/schema\/logo\/image\/","url":"https:\/\/jornalfatosenoticias.com.br\/wp-content\/uploads\/2020\/02\/logo120.png","contentUrl":"https:\/\/jornalfatosenoticias.com.br\/wp-content\/uploads\/2020\/02\/logo120.png","width":1227,"height":120,"caption":"Jornal Fatos e Not\u00edcias"},"image":{"@id":"https:\/\/jornalfatosenoticias.com.br\/#\/schema\/logo\/image\/"}},{"@type":"Person","@id":"https:\/\/jornalfatosenoticias.com.br\/#\/schema\/person\/d63837fa13ac8666eb9e74e0985d6f81","name":"Luzimara Fernandes","image":{"@type":"ImageObject","inLanguage":"pt-BR","@id":"https:\/\/jornalfatosenoticias.com.br\/#\/schema\/person\/image\/","url":"https:\/\/jornalfatosenoticias.com.br\/wp-content\/uploads\/2025\/05\/EU_portal.jpg","contentUrl":"https:\/\/jornalfatosenoticias.com.br\/wp-content\/uploads\/2025\/05\/EU_portal.jpg","caption":"Luzimara Fernandes"},"description":"Jornalista MTB 2358-ES","sameAs":["https:\/\/jornalfatosenoticias.com.br"],"url":"https:\/\/jornalfatosenoticias.com.br\/index.php\/author\/luzimara\/"}]}},"cc_featured_image_caption":{"caption_text":"(Foto: Getty Images) ","source_text":"","source_url":""},"jetpack_featured_media_url":"https:\/\/jornalfatosenoticias.com.br\/wp-content\/uploads\/2024\/07\/lula_gettyimages-2.jpg","_links":{"self":[{"href":"https:\/\/jornalfatosenoticias.com.br\/index.php\/wp-json\/wp\/v2\/posts\/52602","targetHints":{"allow":["GET"]}}],"collection":[{"href":"https:\/\/jornalfatosenoticias.com.br\/index.php\/wp-json\/wp\/v2\/posts"}],"about":[{"href":"https:\/\/jornalfatosenoticias.com.br\/index.php\/wp-json\/wp\/v2\/types\/post"}],"author":[{"embeddable":true,"href":"https:\/\/jornalfatosenoticias.com.br\/index.php\/wp-json\/wp\/v2\/users\/2"}],"replies":[{"embeddable":true,"href":"https:\/\/jornalfatosenoticias.com.br\/index.php\/wp-json\/wp\/v2\/comments?post=52602"}],"version-history":[{"count":0,"href":"https:\/\/jornalfatosenoticias.com.br\/index.php\/wp-json\/wp\/v2\/posts\/52602\/revisions"}],"wp:featuredmedia":[{"embeddable":true,"href":"https:\/\/jornalfatosenoticias.com.br\/index.php\/wp-json\/wp\/v2\/media\/52605"}],"wp:attachment":[{"href":"https:\/\/jornalfatosenoticias.com.br\/index.php\/wp-json\/wp\/v2\/media?parent=52602"}],"wp:term":[{"taxonomy":"category","embeddable":true,"href":"https:\/\/jornalfatosenoticias.com.br\/index.php\/wp-json\/wp\/v2\/categories?post=52602"},{"taxonomy":"post_tag","embeddable":true,"href":"https:\/\/jornalfatosenoticias.com.br\/index.php\/wp-json\/wp\/v2\/tags?post=52602"}],"curies":[{"name":"wp","href":"https:\/\/api.w.org\/{rel}","templated":true}]}}