{"id":52622,"date":"2024-07-11T17:46:51","date_gmt":"2024-07-11T20:46:51","guid":{"rendered":"https:\/\/jornalfatosenoticias.com.br\/?p=52622"},"modified":"2024-07-11T17:46:52","modified_gmt":"2024-07-11T20:46:52","slug":"dicas-da-psicopedagoga-para-ferias-saudaveis-com-seus-filhos","status":"publish","type":"post","link":"https:\/\/jornalfatosenoticias.com.br\/index.php\/2024\/07\/11\/dicas-da-psicopedagoga-para-ferias-saudaveis-com-seus-filhos\/","title":{"rendered":"Dicas da psicopedagoga para f\u00e9rias saud\u00e1veis com seus filhos"},"content":{"rendered":"\n<div class=\"wp-block-image\"><figure class=\"aligncenter size-large\"><a href=\"https:\/\/mizu.com.br\/\"><img loading=\"lazy\" decoding=\"async\" width=\"729\" height=\"90\" src=\"https:\/\/jornalfatosenoticias.com.br\/wp-content\/uploads\/2020\/02\/Logo_Mizu.png\" alt=\"\" class=\"wp-image-1441\" srcset=\"https:\/\/jornalfatosenoticias.com.br\/wp-content\/uploads\/2020\/02\/Logo_Mizu.png 729w, https:\/\/jornalfatosenoticias.com.br\/wp-content\/uploads\/2020\/02\/Logo_Mizu-300x37.png 300w\" sizes=\"auto, (max-width: 729px) 100vw, 729px\" \/><\/a><\/figure><\/div>\n\n\n\n<p>As f\u00e9rias escolares s\u00e3o um momento de suma import\u00e2ncia para o desenvolvimento das crian\u00e7as e adolescentes. Por isso, \u00e9 preciso fugir da defini\u00e7\u00e3o equivocada de que \u00e9 apenas uma fase de descanso das rotinas em sala de aula, pois \u00e9, acima de tudo, uma oportunidade incr\u00edvel para fortalecer v\u00ednculos, relaxar a mente, adquirir novos conhecimentos de uma maneira divertida, criativa e sem aquela ideia de algo obrigat\u00f3rio.<br>Para que as f\u00e9rias sejam realmente inesquec\u00edveis, \u00e9 fundamental ir al\u00e9m das brincadeiras, dos momentos diante das telas (TV, celulares e tablets), das viagens e de simplesmente dormir at\u00e9 tarde. Viajar e passear \u00e9 muito legal tamb\u00e9m, mas saber aproveitar esses dias de recesso para incentivar novas descobertas faz a diferen\u00e7a. Por essas e outras raz\u00f5es, planejar bem as f\u00e9rias escolares \u00e9 primordial. O estudo realizado pela Academia Norte-Americana de Pediatria (APP) relatou o impacto positivo das f\u00e9rias escolares na rotina das crian\u00e7as. De acordo com a entidade, essa fase \u00e9 de suma import\u00e2ncia para propiciar o bom desenvolvimento cognitivo e para aprimorar o conv\u00edvio social, al\u00e9m de potencializar in\u00fameras habilidades e compet\u00eancias.<\/p>\n\n\n\n<div class=\"wp-block-image\"><figure class=\"aligncenter size-large\"><a href=\"https:\/\/cesconetto.com.br\/\"><img loading=\"lazy\" decoding=\"async\" width=\"300\" height=\"250\" src=\"https:\/\/jornalfatosenoticias.com.br\/wp-content\/uploads\/2020\/02\/Banner-2.png\" alt=\"\" class=\"wp-image-43787\"\/><\/a><\/figure><\/div>\n\n\n\n<h3 class=\"wp-block-heading\"><span class=\"has-inline-color has-vivid-purple-color\">Dicas da psicopedagoga<\/span><\/h3>\n\n\n\n<p><strong>1. Crie momentos especiais em fam\u00edlia\/reforce os la\u00e7os familiares:<\/strong> Apostar em situa\u00e7\u00f5es que gerem intera\u00e7\u00e3o \u00e9 uma oportunidade para trocas de experi\u00eancias e para aprimorar a conviv\u00eancia. Por que n\u00e3o, por exemplo, trazer a ideia de ser criar brincadeiras na rotina dentro de casa?<\/p>\n\n\n\n<div class=\"wp-block-image\"><figure class=\"aligncenter size-large is-resized\"><a href=\"https:\/\/www.instagram.com\/rapuzeljastro\/\"><img loading=\"lazy\" decoding=\"async\" src=\"https:\/\/jornalfatosenoticias.com.br\/wp-content\/uploads\/2020\/02\/logo-Rapuzel-1024x571.jpg\" alt=\"\" class=\"wp-image-42808\" width=\"433\" height=\"241\" srcset=\"https:\/\/jornalfatosenoticias.com.br\/wp-content\/uploads\/2020\/02\/logo-Rapuzel-1024x571.jpg 1024w, https:\/\/jornalfatosenoticias.com.br\/wp-content\/uploads\/2020\/02\/logo-Rapuzel-300x167.jpg 300w, https:\/\/jornalfatosenoticias.com.br\/wp-content\/uploads\/2020\/02\/logo-Rapuzel-768x428.jpg 768w, https:\/\/jornalfatosenoticias.com.br\/wp-content\/uploads\/2020\/02\/logo-Rapuzel-1536x856.jpg 1536w, https:\/\/jornalfatosenoticias.com.br\/wp-content\/uploads\/2020\/02\/logo-Rapuzel.jpg 1600w\" sizes=\"auto, (max-width: 433px) 100vw, 433px\" \/><\/a><\/figure><\/div>\n\n\n\n<p><strong>2. Uma boa sess\u00e3o de filmes e s\u00e9ries com pipoca nunca \u00e9 demais: <\/strong>Selecionar filmes e s\u00e9ries que rendam muitas trocas entre todos \u00e9 um ponto de partida que vai muito al\u00e9m do lazer.<\/p>\n\n\n\n<div class=\"wp-block-image\"><figure class=\"aligncenter size-large is-resized\"><img loading=\"lazy\" decoding=\"async\" src=\"https:\/\/jornalfatosenoticias.com.br\/wp-content\/uploads\/2022\/02\/Precisao-Contabilidade-1024x724.jpg\" alt=\"\" class=\"wp-image-28088\" width=\"325\" height=\"230\"\/><\/figure><\/div>\n\n\n\n<p><strong>3. Cinema, teatro e museus s\u00e3o sempre uma \u00f3tima ideia: <\/strong>Nos cinemas, uma boa dica \u00e9 o lan\u00e7amento de <strong>&#8220;Divertida Mente 2&#8221;<\/strong>, que fala sobre as emo\u00e7\u00f5es e como conviver com elas diariamente. O filme aborda temas como alegria, raiva, tristeza, medo e <strong>nojinho<\/strong>, chegando agora ansiedade, t\u00e9dio, vergonha e inveja. Teatro assistir pe\u00e7as infantis: Tamb\u00e9m vale a pena consultar a agenda cultural da sua cidade para ver a programa\u00e7\u00e3o teatral. H\u00e1 sempre uma montagem interessante que pode render momentos \u00fanicos. Museus tamb\u00e9m costumam ter visita\u00e7\u00f5es diferenciadas e programa\u00e7\u00f5es bem atraentes nesse per\u00edodo. Fa\u00e7a uma boa pesquisa e estimule o desejo de descobertas e novas experi\u00eancias entre as crian\u00e7as e adolescentes.<\/p>\n\n\n\n<div class=\"wp-block-image\"><figure class=\"aligncenter size-large\"><a href=\"http:\/\/www.ferrarimaquinas.com.br\/\"><img loading=\"lazy\" decoding=\"async\" width=\"300\" height=\"250\" src=\"https:\/\/jornalfatosenoticias.com.br\/wp-content\/uploads\/2022\/02\/FERRARI_MAQUINAS-E-FERRAMENTAS2.jpg\" alt=\"\" class=\"wp-image-27860\"\/><\/a><\/figure><\/div>\n\n\n\n<p><strong>4. Movimentar-se faz bem \u00e0 sa\u00fade e \u00e9 muito divertido:<\/strong> Aproveitar ao m\u00e1ximo pra\u00e7as e parques para andar de bicicleta, skate, patins ou mesmo para levar o amiguinho de quatro patas para passear n\u00e3o tem contraindica\u00e7\u00e3o. Normalmente, muitos desses espa\u00e7os oferecem atra\u00e7\u00f5es e eventos diferenciados, como feirinhas gastron\u00f4micas. Por serem locais p\u00fablicos, \u00e9 preciso que os respons\u00e1veis cuidem da seguran\u00e7a para evitar dor de cabe\u00e7a.<\/p>\n\n\n\n<div class=\"wp-block-image\"><figure class=\"aligncenter size-large is-resized\"><a href=\"https:\/\/www.ithbrasil.com.br\/\"><img loading=\"lazy\" decoding=\"async\" src=\"https:\/\/jornalfatosenoticias.com.br\/wp-content\/uploads\/2023\/08\/ITH.jpeg\" alt=\"\" class=\"wp-image-44638\" width=\"305\" height=\"248\" srcset=\"https:\/\/jornalfatosenoticias.com.br\/wp-content\/uploads\/2023\/08\/ITH.jpeg 800w, https:\/\/jornalfatosenoticias.com.br\/wp-content\/uploads\/2023\/08\/ITH-300x244.jpeg 300w, https:\/\/jornalfatosenoticias.com.br\/wp-content\/uploads\/2023\/08\/ITH-768x624.jpeg 768w\" sizes=\"auto, (max-width: 305px) 100vw, 305px\" \/><\/a><\/figure><\/div>\n\n\n\n<p><strong>5. Busque oficinas e col\u00f4nia de f\u00e9rias: <\/strong>atividades livres funcionam bem h\u00e1 shoppings e parques, por exemplo, que recebem em suas \u00e1reas tem\u00e1ticas com todos os tipos de oficinas. As col\u00f4nias de f\u00e9rias podem ser uma op\u00e7\u00e3o interessante para garantir que as crian\u00e7as e adolescentes aproveitem ao m\u00e1ximo o recesso escolar.<\/p>\n\n\n\n<div class=\"wp-block-image\"><figure class=\"aligncenter size-large is-resized\"><a href=\"https:\/\/panper.com.br\/\"><img loading=\"lazy\" decoding=\"async\" src=\"https:\/\/jornalfatosenoticias.com.br\/wp-content\/uploads\/2023\/03\/logo-Panper_portal.jpg\" alt=\"\" class=\"wp-image-40208\" width=\"365\" height=\"253\" srcset=\"https:\/\/jornalfatosenoticias.com.br\/wp-content\/uploads\/2023\/03\/logo-Panper_portal.jpg 400w, https:\/\/jornalfatosenoticias.com.br\/wp-content\/uploads\/2023\/03\/logo-Panper_portal-300x208.jpg 300w\" sizes=\"auto, (max-width: 365px) 100vw, 365px\" \/><\/a><\/figure><\/div>\n\n\n\n<p><strong>6. Reunir os amiguinhos \u00e9 garantia de muita divers\u00e3o:<\/strong> Uma bagun\u00e7a saud\u00e1vel \u00e9 sempre bem-vinda nas f\u00e9rias escolares. Por isso, promover piqueniques ou uma noite do pijama podem ser medidas interessantes para tornar os dias de recesso ainda mais prazerosos. S\u00e3o momentos essenciais para fortalecer os la\u00e7os de amizade. Os jogos de tabuleiro s\u00e3o sempre bem-vindos nas f\u00e9rias escolares. D\u00e1 para organizar maratonas divertidas com cl\u00e1ssicos, como banco imobili\u00e1rio ou imagem &amp; a\u00e7\u00e3o, cara a cara, quebra-cabe\u00e7a, domin\u00f3, tangram entre outros.<\/p>\n\n\n\n<div class=\"wp-block-image\"><figure class=\"aligncenter size-large is-resized\"><a href=\"https:\/\/www.facebook.com\/postobkr\/?locale=pt_BR\"><img loading=\"lazy\" decoding=\"async\" src=\"https:\/\/jornalfatosenoticias.com.br\/wp-content\/uploads\/2023\/08\/BKR-1024x1021.jpg\" alt=\"\" class=\"wp-image-44494\" width=\"318\" height=\"317\" srcset=\"https:\/\/jornalfatosenoticias.com.br\/wp-content\/uploads\/2023\/08\/BKR-1024x1021.jpg 1024w, https:\/\/jornalfatosenoticias.com.br\/wp-content\/uploads\/2023\/08\/BKR-300x300.jpg 300w, https:\/\/jornalfatosenoticias.com.br\/wp-content\/uploads\/2023\/08\/BKR-150x150.jpg 150w, https:\/\/jornalfatosenoticias.com.br\/wp-content\/uploads\/2023\/08\/BKR-768x766.jpg 768w, https:\/\/jornalfatosenoticias.com.br\/wp-content\/uploads\/2023\/08\/BKR.jpg 1080w\" sizes=\"auto, (max-width: 318px) 100vw, 318px\" \/><\/a><\/figure><\/div>\n\n\n\n<p><strong>7. Explore a sua cidade:<\/strong> Se n\u00e3o puder viajar, aproveite as f\u00e9rias escolares para conhecer melhor a sua cidade. Essas descobertas podem ser gastron\u00f4micas ou culturais, mas com certeza repletas de surpresas marcantes para esses dias de recesso escolar.<\/p>\n\n\n\n<div class=\"wp-block-image\"><figure class=\"aligncenter size-large is-resized\"><a href=\"https:\/\/hotelmarquetti.com.br\/\"><img loading=\"lazy\" decoding=\"async\" src=\"https:\/\/jornalfatosenoticias.com.br\/wp-content\/uploads\/2023\/03\/nova-logo-Marquetti.jpg\" alt=\"\" class=\"wp-image-40207\" width=\"353\" height=\"237\" srcset=\"https:\/\/jornalfatosenoticias.com.br\/wp-content\/uploads\/2023\/03\/nova-logo-Marquetti.jpg 643w, https:\/\/jornalfatosenoticias.com.br\/wp-content\/uploads\/2023\/03\/nova-logo-Marquetti-300x202.jpg 300w\" sizes=\"auto, (max-width: 353px) 100vw, 353px\" \/><\/a><\/figure><\/div>\n\n\n\n<p>Aproveitar as f\u00e9rias escolares \u00e9 essencial para as crian\u00e7as e adolescentes para fortalecer a autoestima e para que eles se sintam protagonista de sua pr\u00f3pria hist\u00f3ria, ou seja, eles devem compartilhar suas ideias, d\u00favidas, receios e ter voz ativa nas decis\u00f5es durante a realiza\u00e7\u00e3o das atividades. Esses momentos s\u00e3o ricos em possibilidades para garantir o pleno desenvolvimento de nossas crian\u00e7as e adolescentes, al\u00e9m de fortalecer la\u00e7os necess\u00e1rios. Incentivando sempre as pr\u00e1ticas saud\u00e1veis e interessantes, que espantam o estresse e o cansa\u00e7o, o objetivo \u00e9 fazer das f\u00e9rias escolares uma excelente oportunidade para estreitar os la\u00e7os familiares. Dessa forma, al\u00e9m de curtirem ao m\u00e1ximo momentos que s\u00e3o \u00fanicos na inf\u00e2ncia e adolesc\u00eancia, ainda desenvolvem a criatividade, a imagina\u00e7\u00e3o e outras tantas habilidades fundamentais para o seu desenvolvimento.<\/p>\n\n\n\n<div class=\"wp-block-image\"><figure class=\"aligncenter size-large is-resized\"><a href=\"https:\/\/www.instagram.com\/restaurantepegoretti\/\"><img loading=\"lazy\" decoding=\"async\" src=\"https:\/\/jornalfatosenoticias.com.br\/wp-content\/uploads\/2023\/12\/pegoretti-logo-pdf-1024x389.jpg\" alt=\"\" class=\"wp-image-47536\" width=\"440\" height=\"167\" srcset=\"https:\/\/jornalfatosenoticias.com.br\/wp-content\/uploads\/2023\/12\/pegoretti-logo-pdf-1024x389.jpg 1024w, https:\/\/jornalfatosenoticias.com.br\/wp-content\/uploads\/2023\/12\/pegoretti-logo-pdf-300x114.jpg 300w, https:\/\/jornalfatosenoticias.com.br\/wp-content\/uploads\/2023\/12\/pegoretti-logo-pdf-768x291.jpg 768w, https:\/\/jornalfatosenoticias.com.br\/wp-content\/uploads\/2023\/12\/pegoretti-logo-pdf.jpg 1120w\" sizes=\"auto, (max-width: 440px) 100vw, 440px\" \/><\/a><\/figure><\/div>\n","protected":false},"excerpt":{"rendered":"<p>As f\u00e9rias escolares s\u00e3o um momento de suma import\u00e2ncia para o desenvolvimento das crian\u00e7as e adolescentes. Por isso, \u00e9 preciso fugir da defini\u00e7\u00e3o equivocada de que \u00e9 apenas uma fase de descanso das rotinas em sala de aula, pois \u00e9, acima de tudo, uma oportunidade incr\u00edvel para fortalecer v\u00ednculos, relaxar a mente, adquirir novos conhecimentos [&hellip;]<\/p>\n","protected":false},"author":35,"featured_media":52623,"comment_status":"open","ping_status":"open","sticky":false,"template":"","format":"standard","meta":{"footnotes":""},"categories":[7],"tags":[1054,16175,6617,6853,24033],"class_list":["post-52622","post","type-post","status-publish","format-standard","has-post-thumbnail","hentry","category-educacao","tag-brincadeiras","tag-diversao","tag-ferias","tag-ferias-escolares","tag-ferias-saudaveis"],"yoast_head":"<!-- This site is optimized with the Yoast SEO plugin v26.5 - https:\/\/yoast.com\/wordpress\/plugins\/seo\/ -->\n<title>Dicas da psicopedagoga para f\u00e9rias saud\u00e1veis com seus filhos - Jornal Fatos e Not\u00edcias<\/title>\n<meta name=\"robots\" content=\"index, follow, max-snippet:-1, max-image-preview:large, max-video-preview:-1\" \/>\n<link rel=\"canonical\" href=\"https:\/\/jornalfatosenoticias.com.br\/index.php\/2024\/07\/11\/dicas-da-psicopedagoga-para-ferias-saudaveis-com-seus-filhos\/\" \/>\n<meta property=\"og:locale\" content=\"pt_BR\" \/>\n<meta property=\"og:type\" content=\"article\" \/>\n<meta property=\"og:title\" content=\"Dicas da psicopedagoga para f\u00e9rias saud\u00e1veis com seus filhos - Jornal Fatos e Not\u00edcias\" \/>\n<meta property=\"og:description\" content=\"As f\u00e9rias escolares s\u00e3o um momento de suma import\u00e2ncia para o desenvolvimento das crian\u00e7as e adolescentes. Por isso, \u00e9 preciso fugir da defini\u00e7\u00e3o equivocada de que \u00e9 apenas uma fase de descanso das rotinas em sala de aula, pois \u00e9, acima de tudo, uma oportunidade incr\u00edvel para fortalecer v\u00ednculos, relaxar a mente, adquirir novos conhecimentos [&hellip;]\" \/>\n<meta property=\"og:url\" content=\"https:\/\/jornalfatosenoticias.com.br\/index.php\/2024\/07\/11\/dicas-da-psicopedagoga-para-ferias-saudaveis-com-seus-filhos\/\" \/>\n<meta property=\"og:site_name\" content=\"Jornal Fatos e Not\u00edcias\" \/>\n<meta property=\"article:published_time\" content=\"2024-07-11T20:46:51+00:00\" \/>\n<meta property=\"article:modified_time\" content=\"2024-07-11T20:46:52+00:00\" \/>\n<meta property=\"og:image\" content=\"https:\/\/jornalfatosenoticias.com.br\/wp-content\/uploads\/2024\/07\/ferias_istock.jpg\" \/>\n\t<meta property=\"og:image:width\" content=\"1000\" \/>\n\t<meta property=\"og:image:height\" content=\"666\" \/>\n\t<meta property=\"og:image:type\" content=\"image\/jpeg\" \/>\n<meta name=\"author\" content=\"L\u00e9ia Flauzina\" \/>\n<meta name=\"twitter:card\" content=\"summary_large_image\" \/>\n<meta name=\"twitter:label1\" content=\"Escrito por\" \/>\n\t<meta name=\"twitter:data1\" content=\"L\u00e9ia Flauzina\" \/>\n\t<meta name=\"twitter:label2\" content=\"Est. tempo de leitura\" \/>\n\t<meta name=\"twitter:data2\" content=\"4 minutos\" \/>\n<script type=\"application\/ld+json\" class=\"yoast-schema-graph\">{\"@context\":\"https:\/\/schema.org\",\"@graph\":[{\"@type\":\"Article\",\"@id\":\"https:\/\/jornalfatosenoticias.com.br\/index.php\/2024\/07\/11\/dicas-da-psicopedagoga-para-ferias-saudaveis-com-seus-filhos\/#article\",\"isPartOf\":{\"@id\":\"https:\/\/jornalfatosenoticias.com.br\/index.php\/2024\/07\/11\/dicas-da-psicopedagoga-para-ferias-saudaveis-com-seus-filhos\/\"},\"author\":{\"name\":\"L\u00e9ia Flauzina\",\"@id\":\"https:\/\/jornalfatosenoticias.com.br\/#\/schema\/person\/4a992c9d5e2ea219b74162b89d96b273\"},\"headline\":\"Dicas da psicopedagoga para f\u00e9rias saud\u00e1veis com seus filhos\",\"datePublished\":\"2024-07-11T20:46:51+00:00\",\"dateModified\":\"2024-07-11T20:46:52+00:00\",\"mainEntityOfPage\":{\"@id\":\"https:\/\/jornalfatosenoticias.com.br\/index.php\/2024\/07\/11\/dicas-da-psicopedagoga-para-ferias-saudaveis-com-seus-filhos\/\"},\"wordCount\":825,\"commentCount\":0,\"publisher\":{\"@id\":\"https:\/\/jornalfatosenoticias.com.br\/#organization\"},\"image\":{\"@id\":\"https:\/\/jornalfatosenoticias.com.br\/index.php\/2024\/07\/11\/dicas-da-psicopedagoga-para-ferias-saudaveis-com-seus-filhos\/#primaryimage\"},\"thumbnailUrl\":\"https:\/\/jornalfatosenoticias.com.br\/wp-content\/uploads\/2024\/07\/ferias_istock.jpg\",\"keywords\":[\"brincadeiras\",\"divers\u00e3o\",\"f\u00e9rias\",\"f\u00e9rias escolares\",\"f\u00e9rias saud\u00e1veis\"],\"articleSection\":[\"Educa\u00e7\u00e3o\"],\"inLanguage\":\"pt-BR\",\"potentialAction\":[{\"@type\":\"CommentAction\",\"name\":\"Comment\",\"target\":[\"https:\/\/jornalfatosenoticias.com.br\/index.php\/2024\/07\/11\/dicas-da-psicopedagoga-para-ferias-saudaveis-com-seus-filhos\/#respond\"]}]},{\"@type\":\"WebPage\",\"@id\":\"https:\/\/jornalfatosenoticias.com.br\/index.php\/2024\/07\/11\/dicas-da-psicopedagoga-para-ferias-saudaveis-com-seus-filhos\/\",\"url\":\"https:\/\/jornalfatosenoticias.com.br\/index.php\/2024\/07\/11\/dicas-da-psicopedagoga-para-ferias-saudaveis-com-seus-filhos\/\",\"name\":\"Dicas da psicopedagoga para f\u00e9rias saud\u00e1veis com seus filhos - Jornal Fatos e Not\u00edcias\",\"isPartOf\":{\"@id\":\"https:\/\/jornalfatosenoticias.com.br\/#website\"},\"primaryImageOfPage\":{\"@id\":\"https:\/\/jornalfatosenoticias.com.br\/index.php\/2024\/07\/11\/dicas-da-psicopedagoga-para-ferias-saudaveis-com-seus-filhos\/#primaryimage\"},\"image\":{\"@id\":\"https:\/\/jornalfatosenoticias.com.br\/index.php\/2024\/07\/11\/dicas-da-psicopedagoga-para-ferias-saudaveis-com-seus-filhos\/#primaryimage\"},\"thumbnailUrl\":\"https:\/\/jornalfatosenoticias.com.br\/wp-content\/uploads\/2024\/07\/ferias_istock.jpg\",\"datePublished\":\"2024-07-11T20:46:51+00:00\",\"dateModified\":\"2024-07-11T20:46:52+00:00\",\"breadcrumb\":{\"@id\":\"https:\/\/jornalfatosenoticias.com.br\/index.php\/2024\/07\/11\/dicas-da-psicopedagoga-para-ferias-saudaveis-com-seus-filhos\/#breadcrumb\"},\"inLanguage\":\"pt-BR\",\"potentialAction\":[{\"@type\":\"ReadAction\",\"target\":[\"https:\/\/jornalfatosenoticias.com.br\/index.php\/2024\/07\/11\/dicas-da-psicopedagoga-para-ferias-saudaveis-com-seus-filhos\/\"]}]},{\"@type\":\"ImageObject\",\"inLanguage\":\"pt-BR\",\"@id\":\"https:\/\/jornalfatosenoticias.com.br\/index.php\/2024\/07\/11\/dicas-da-psicopedagoga-para-ferias-saudaveis-com-seus-filhos\/#primaryimage\",\"url\":\"https:\/\/jornalfatosenoticias.com.br\/wp-content\/uploads\/2024\/07\/ferias_istock.jpg\",\"contentUrl\":\"https:\/\/jornalfatosenoticias.com.br\/wp-content\/uploads\/2024\/07\/ferias_istock.jpg\",\"width\":1000,\"height\":666},{\"@type\":\"BreadcrumbList\",\"@id\":\"https:\/\/jornalfatosenoticias.com.br\/index.php\/2024\/07\/11\/dicas-da-psicopedagoga-para-ferias-saudaveis-com-seus-filhos\/#breadcrumb\",\"itemListElement\":[{\"@type\":\"ListItem\",\"position\":1,\"name\":\"In\u00edcio\",\"item\":\"https:\/\/jornalfatosenoticias.com.br\/\"},{\"@type\":\"ListItem\",\"position\":2,\"name\":\"Dicas da psicopedagoga para f\u00e9rias saud\u00e1veis com seus filhos\"}]},{\"@type\":\"WebSite\",\"@id\":\"https:\/\/jornalfatosenoticias.com.br\/#website\",\"url\":\"https:\/\/jornalfatosenoticias.com.br\/\",\"name\":\"Jornal Fatos e Not\u00edcias\",\"description\":\"Not\u00edcias em geral\",\"publisher\":{\"@id\":\"https:\/\/jornalfatosenoticias.com.br\/#organization\"},\"potentialAction\":[{\"@type\":\"SearchAction\",\"target\":{\"@type\":\"EntryPoint\",\"urlTemplate\":\"https:\/\/jornalfatosenoticias.com.br\/?s={search_term_string}\"},\"query-input\":{\"@type\":\"PropertyValueSpecification\",\"valueRequired\":true,\"valueName\":\"search_term_string\"}}],\"inLanguage\":\"pt-BR\"},{\"@type\":\"Organization\",\"@id\":\"https:\/\/jornalfatosenoticias.com.br\/#organization\",\"name\":\"Jornal Fatos e Not\u00edcias\",\"url\":\"https:\/\/jornalfatosenoticias.com.br\/\",\"logo\":{\"@type\":\"ImageObject\",\"inLanguage\":\"pt-BR\",\"@id\":\"https:\/\/jornalfatosenoticias.com.br\/#\/schema\/logo\/image\/\",\"url\":\"https:\/\/jornalfatosenoticias.com.br\/wp-content\/uploads\/2020\/02\/logo120.png\",\"contentUrl\":\"https:\/\/jornalfatosenoticias.com.br\/wp-content\/uploads\/2020\/02\/logo120.png\",\"width\":1227,\"height\":120,\"caption\":\"Jornal Fatos e Not\u00edcias\"},\"image\":{\"@id\":\"https:\/\/jornalfatosenoticias.com.br\/#\/schema\/logo\/image\/\"}},{\"@type\":\"Person\",\"@id\":\"https:\/\/jornalfatosenoticias.com.br\/#\/schema\/person\/4a992c9d5e2ea219b74162b89d96b273\",\"name\":\"L\u00e9ia Flauzina\",\"image\":{\"@type\":\"ImageObject\",\"inLanguage\":\"pt-BR\",\"@id\":\"https:\/\/jornalfatosenoticias.com.br\/#\/schema\/person\/image\/\",\"url\":\"https:\/\/jornalfatosenoticias.com.br\/wp-content\/uploads\/2024\/02\/Leia_Flauzina-removebg-preview-150x150.png\",\"contentUrl\":\"https:\/\/jornalfatosenoticias.com.br\/wp-content\/uploads\/2024\/02\/Leia_Flauzina-removebg-preview-150x150.png\",\"caption\":\"L\u00e9ia Flauzina\"},\"description\":\"Psicopedagoga, Neuropsicopedagoga, Especialista em Autismo, Neuroci\u00eancia, Aprendizagem e Mestre em Educa\u00e7\u00e3o, Escritora, Palestrante e Neuroterapeuta\",\"url\":\"https:\/\/jornalfatosenoticias.com.br\/index.php\/author\/leia-flauzina\/\"}]}<\/script>\n<!-- \/ Yoast SEO plugin. -->","yoast_head_json":{"title":"Dicas da psicopedagoga para f\u00e9rias saud\u00e1veis com seus filhos - Jornal Fatos e Not\u00edcias","robots":{"index":"index","follow":"follow","max-snippet":"max-snippet:-1","max-image-preview":"max-image-preview:large","max-video-preview":"max-video-preview:-1"},"canonical":"https:\/\/jornalfatosenoticias.com.br\/index.php\/2024\/07\/11\/dicas-da-psicopedagoga-para-ferias-saudaveis-com-seus-filhos\/","og_locale":"pt_BR","og_type":"article","og_title":"Dicas da psicopedagoga para f\u00e9rias saud\u00e1veis com seus filhos - Jornal Fatos e Not\u00edcias","og_description":"As f\u00e9rias escolares s\u00e3o um momento de suma import\u00e2ncia para o desenvolvimento das crian\u00e7as e adolescentes. Por isso, \u00e9 preciso fugir da defini\u00e7\u00e3o equivocada de que \u00e9 apenas uma fase de descanso das rotinas em sala de aula, pois \u00e9, acima de tudo, uma oportunidade incr\u00edvel para fortalecer v\u00ednculos, relaxar a mente, adquirir novos conhecimentos [&hellip;]","og_url":"https:\/\/jornalfatosenoticias.com.br\/index.php\/2024\/07\/11\/dicas-da-psicopedagoga-para-ferias-saudaveis-com-seus-filhos\/","og_site_name":"Jornal Fatos e Not\u00edcias","article_published_time":"2024-07-11T20:46:51+00:00","article_modified_time":"2024-07-11T20:46:52+00:00","og_image":[{"width":1000,"height":666,"url":"https:\/\/jornalfatosenoticias.com.br\/wp-content\/uploads\/2024\/07\/ferias_istock.jpg","type":"image\/jpeg"}],"author":"L\u00e9ia Flauzina","twitter_card":"summary_large_image","twitter_misc":{"Escrito por":"L\u00e9ia Flauzina","Est. tempo de leitura":"4 minutos"},"schema":{"@context":"https:\/\/schema.org","@graph":[{"@type":"Article","@id":"https:\/\/jornalfatosenoticias.com.br\/index.php\/2024\/07\/11\/dicas-da-psicopedagoga-para-ferias-saudaveis-com-seus-filhos\/#article","isPartOf":{"@id":"https:\/\/jornalfatosenoticias.com.br\/index.php\/2024\/07\/11\/dicas-da-psicopedagoga-para-ferias-saudaveis-com-seus-filhos\/"},"author":{"name":"L\u00e9ia Flauzina","@id":"https:\/\/jornalfatosenoticias.com.br\/#\/schema\/person\/4a992c9d5e2ea219b74162b89d96b273"},"headline":"Dicas da psicopedagoga para f\u00e9rias saud\u00e1veis com seus filhos","datePublished":"2024-07-11T20:46:51+00:00","dateModified":"2024-07-11T20:46:52+00:00","mainEntityOfPage":{"@id":"https:\/\/jornalfatosenoticias.com.br\/index.php\/2024\/07\/11\/dicas-da-psicopedagoga-para-ferias-saudaveis-com-seus-filhos\/"},"wordCount":825,"commentCount":0,"publisher":{"@id":"https:\/\/jornalfatosenoticias.com.br\/#organization"},"image":{"@id":"https:\/\/jornalfatosenoticias.com.br\/index.php\/2024\/07\/11\/dicas-da-psicopedagoga-para-ferias-saudaveis-com-seus-filhos\/#primaryimage"},"thumbnailUrl":"https:\/\/jornalfatosenoticias.com.br\/wp-content\/uploads\/2024\/07\/ferias_istock.jpg","keywords":["brincadeiras","divers\u00e3o","f\u00e9rias","f\u00e9rias escolares","f\u00e9rias saud\u00e1veis"],"articleSection":["Educa\u00e7\u00e3o"],"inLanguage":"pt-BR","potentialAction":[{"@type":"CommentAction","name":"Comment","target":["https:\/\/jornalfatosenoticias.com.br\/index.php\/2024\/07\/11\/dicas-da-psicopedagoga-para-ferias-saudaveis-com-seus-filhos\/#respond"]}]},{"@type":"WebPage","@id":"https:\/\/jornalfatosenoticias.com.br\/index.php\/2024\/07\/11\/dicas-da-psicopedagoga-para-ferias-saudaveis-com-seus-filhos\/","url":"https:\/\/jornalfatosenoticias.com.br\/index.php\/2024\/07\/11\/dicas-da-psicopedagoga-para-ferias-saudaveis-com-seus-filhos\/","name":"Dicas da psicopedagoga para f\u00e9rias saud\u00e1veis com seus filhos - Jornal Fatos e Not\u00edcias","isPartOf":{"@id":"https:\/\/jornalfatosenoticias.com.br\/#website"},"primaryImageOfPage":{"@id":"https:\/\/jornalfatosenoticias.com.br\/index.php\/2024\/07\/11\/dicas-da-psicopedagoga-para-ferias-saudaveis-com-seus-filhos\/#primaryimage"},"image":{"@id":"https:\/\/jornalfatosenoticias.com.br\/index.php\/2024\/07\/11\/dicas-da-psicopedagoga-para-ferias-saudaveis-com-seus-filhos\/#primaryimage"},"thumbnailUrl":"https:\/\/jornalfatosenoticias.com.br\/wp-content\/uploads\/2024\/07\/ferias_istock.jpg","datePublished":"2024-07-11T20:46:51+00:00","dateModified":"2024-07-11T20:46:52+00:00","breadcrumb":{"@id":"https:\/\/jornalfatosenoticias.com.br\/index.php\/2024\/07\/11\/dicas-da-psicopedagoga-para-ferias-saudaveis-com-seus-filhos\/#breadcrumb"},"inLanguage":"pt-BR","potentialAction":[{"@type":"ReadAction","target":["https:\/\/jornalfatosenoticias.com.br\/index.php\/2024\/07\/11\/dicas-da-psicopedagoga-para-ferias-saudaveis-com-seus-filhos\/"]}]},{"@type":"ImageObject","inLanguage":"pt-BR","@id":"https:\/\/jornalfatosenoticias.com.br\/index.php\/2024\/07\/11\/dicas-da-psicopedagoga-para-ferias-saudaveis-com-seus-filhos\/#primaryimage","url":"https:\/\/jornalfatosenoticias.com.br\/wp-content\/uploads\/2024\/07\/ferias_istock.jpg","contentUrl":"https:\/\/jornalfatosenoticias.com.br\/wp-content\/uploads\/2024\/07\/ferias_istock.jpg","width":1000,"height":666},{"@type":"BreadcrumbList","@id":"https:\/\/jornalfatosenoticias.com.br\/index.php\/2024\/07\/11\/dicas-da-psicopedagoga-para-ferias-saudaveis-com-seus-filhos\/#breadcrumb","itemListElement":[{"@type":"ListItem","position":1,"name":"In\u00edcio","item":"https:\/\/jornalfatosenoticias.com.br\/"},{"@type":"ListItem","position":2,"name":"Dicas da psicopedagoga para f\u00e9rias saud\u00e1veis com seus filhos"}]},{"@type":"WebSite","@id":"https:\/\/jornalfatosenoticias.com.br\/#website","url":"https:\/\/jornalfatosenoticias.com.br\/","name":"Jornal Fatos e Not\u00edcias","description":"Not\u00edcias em geral","publisher":{"@id":"https:\/\/jornalfatosenoticias.com.br\/#organization"},"potentialAction":[{"@type":"SearchAction","target":{"@type":"EntryPoint","urlTemplate":"https:\/\/jornalfatosenoticias.com.br\/?s={search_term_string}"},"query-input":{"@type":"PropertyValueSpecification","valueRequired":true,"valueName":"search_term_string"}}],"inLanguage":"pt-BR"},{"@type":"Organization","@id":"https:\/\/jornalfatosenoticias.com.br\/#organization","name":"Jornal Fatos e Not\u00edcias","url":"https:\/\/jornalfatosenoticias.com.br\/","logo":{"@type":"ImageObject","inLanguage":"pt-BR","@id":"https:\/\/jornalfatosenoticias.com.br\/#\/schema\/logo\/image\/","url":"https:\/\/jornalfatosenoticias.com.br\/wp-content\/uploads\/2020\/02\/logo120.png","contentUrl":"https:\/\/jornalfatosenoticias.com.br\/wp-content\/uploads\/2020\/02\/logo120.png","width":1227,"height":120,"caption":"Jornal Fatos e Not\u00edcias"},"image":{"@id":"https:\/\/jornalfatosenoticias.com.br\/#\/schema\/logo\/image\/"}},{"@type":"Person","@id":"https:\/\/jornalfatosenoticias.com.br\/#\/schema\/person\/4a992c9d5e2ea219b74162b89d96b273","name":"L\u00e9ia Flauzina","image":{"@type":"ImageObject","inLanguage":"pt-BR","@id":"https:\/\/jornalfatosenoticias.com.br\/#\/schema\/person\/image\/","url":"https:\/\/jornalfatosenoticias.com.br\/wp-content\/uploads\/2024\/02\/Leia_Flauzina-removebg-preview-150x150.png","contentUrl":"https:\/\/jornalfatosenoticias.com.br\/wp-content\/uploads\/2024\/02\/Leia_Flauzina-removebg-preview-150x150.png","caption":"L\u00e9ia Flauzina"},"description":"Psicopedagoga, Neuropsicopedagoga, Especialista em Autismo, Neuroci\u00eancia, Aprendizagem e Mestre em Educa\u00e7\u00e3o, Escritora, Palestrante e Neuroterapeuta","url":"https:\/\/jornalfatosenoticias.com.br\/index.php\/author\/leia-flauzina\/"}]}},"cc_featured_image_caption":{"caption_text":"(Foto: iStock)","source_text":"","source_url":""},"jetpack_featured_media_url":"https:\/\/jornalfatosenoticias.com.br\/wp-content\/uploads\/2024\/07\/ferias_istock.jpg","_links":{"self":[{"href":"https:\/\/jornalfatosenoticias.com.br\/index.php\/wp-json\/wp\/v2\/posts\/52622","targetHints":{"allow":["GET"]}}],"collection":[{"href":"https:\/\/jornalfatosenoticias.com.br\/index.php\/wp-json\/wp\/v2\/posts"}],"about":[{"href":"https:\/\/jornalfatosenoticias.com.br\/index.php\/wp-json\/wp\/v2\/types\/post"}],"author":[{"embeddable":true,"href":"https:\/\/jornalfatosenoticias.com.br\/index.php\/wp-json\/wp\/v2\/users\/35"}],"replies":[{"embeddable":true,"href":"https:\/\/jornalfatosenoticias.com.br\/index.php\/wp-json\/wp\/v2\/comments?post=52622"}],"version-history":[{"count":0,"href":"https:\/\/jornalfatosenoticias.com.br\/index.php\/wp-json\/wp\/v2\/posts\/52622\/revisions"}],"wp:featuredmedia":[{"embeddable":true,"href":"https:\/\/jornalfatosenoticias.com.br\/index.php\/wp-json\/wp\/v2\/media\/52623"}],"wp:attachment":[{"href":"https:\/\/jornalfatosenoticias.com.br\/index.php\/wp-json\/wp\/v2\/media?parent=52622"}],"wp:term":[{"taxonomy":"category","embeddable":true,"href":"https:\/\/jornalfatosenoticias.com.br\/index.php\/wp-json\/wp\/v2\/categories?post=52622"},{"taxonomy":"post_tag","embeddable":true,"href":"https:\/\/jornalfatosenoticias.com.br\/index.php\/wp-json\/wp\/v2\/tags?post=52622"}],"curies":[{"name":"wp","href":"https:\/\/api.w.org\/{rel}","templated":true}]}}