{"id":52637,"date":"2024-07-11T18:44:29","date_gmt":"2024-07-11T21:44:29","guid":{"rendered":"https:\/\/jornalfatosenoticias.com.br\/?p=52637"},"modified":"2024-07-11T18:44:31","modified_gmt":"2024-07-11T21:44:31","slug":"a-semana-no-brasil-e-no-mundo-ministro-do-tcu-determina-que-secom-de-lula-interrompa-licitacao-de-r-200-milhoes-por-suspeita-de-fraude","status":"publish","type":"post","link":"https:\/\/jornalfatosenoticias.com.br\/index.php\/2024\/07\/11\/a-semana-no-brasil-e-no-mundo-ministro-do-tcu-determina-que-secom-de-lula-interrompa-licitacao-de-r-200-milhoes-por-suspeita-de-fraude\/","title":{"rendered":"A Semana no Brasil e no Mundo \u2014 Ministro do TCU determina que Secom de Lula interrompa licita\u00e7\u00e3o de R$ 200 milh\u00f5es por suspeita de fraude"},"content":{"rendered":"\n<div class=\"wp-block-image\"><figure class=\"aligncenter size-large\"><a href=\"https:\/\/mizu.com.br\/\"><img loading=\"lazy\" decoding=\"async\" width=\"729\" height=\"90\" src=\"https:\/\/jornalfatosenoticias.com.br\/wp-content\/uploads\/2020\/02\/Logo_Mizu.png\" alt=\"\" class=\"wp-image-1441\" srcset=\"https:\/\/jornalfatosenoticias.com.br\/wp-content\/uploads\/2020\/02\/Logo_Mizu.png 729w, https:\/\/jornalfatosenoticias.com.br\/wp-content\/uploads\/2020\/02\/Logo_Mizu-300x37.png 300w\" sizes=\"auto, (max-width: 729px) 100vw, 729px\" \/><\/a><\/figure><\/div>\n\n\n\n<p>A recente suspens\u00e3o de uma licita\u00e7\u00e3o chave para a Secom tem agitado os corredores pol\u00edticos e causado grande expectativa quanto \u00e0s futuras decis\u00f5es judiciais. Este processo envolve a escolha de quatro empresas que seriam respons\u00e1veis pela comunica\u00e7\u00e3o digital do governo federal, dirigido pelo Sistema de Comunica\u00e7\u00e3o de Governo do Poder Executivo Federal (Sicom). Vamos mergulhar nos detalhes deste caso e entender o que isso significa para a comunica\u00e7\u00e3o governamental no Brasil.<br>A suspens\u00e3o foi desencadeada por uma a\u00e7\u00e3o cautelar do Tribunal de Contas da Uni\u00e3o (TCU), liderada pelo ministro Aroldo Cedraz. Segundo fontes, essa a\u00e7\u00e3o veio \u00e0 tona ap\u00f3s a identifica\u00e7\u00e3o de poss\u00edveis irregularidades no processo licitat\u00f3rio, que poderiam consistir em \u201cviola\u00e7\u00e3o ao sigilo do procedimento\u201d. O clima de incerteza se estendeu rapidamente, considerando que as propostas das empresas s\u00f3 foram reveladas ap\u00f3s o an\u00fancio de um jornalista que antecipou os vencedores nas redes sociais.<\/p>\n\n\n\n<div class=\"wp-block-image\"><figure class=\"aligncenter size-large is-resized\"><a href=\"https:\/\/www.facebook.com\/postobkr\/?locale=pt_BR\"><img loading=\"lazy\" decoding=\"async\" src=\"https:\/\/jornalfatosenoticias.com.br\/wp-content\/uploads\/2023\/08\/BKR-1024x1021.jpg\" alt=\"\" class=\"wp-image-44494\" width=\"288\" height=\"287\" srcset=\"https:\/\/jornalfatosenoticias.com.br\/wp-content\/uploads\/2023\/08\/BKR-1024x1021.jpg 1024w, https:\/\/jornalfatosenoticias.com.br\/wp-content\/uploads\/2023\/08\/BKR-300x300.jpg 300w, https:\/\/jornalfatosenoticias.com.br\/wp-content\/uploads\/2023\/08\/BKR-150x150.jpg 150w, https:\/\/jornalfatosenoticias.com.br\/wp-content\/uploads\/2023\/08\/BKR-768x766.jpg 768w, https:\/\/jornalfatosenoticias.com.br\/wp-content\/uploads\/2023\/08\/BKR.jpg 1080w\" sizes=\"auto, (max-width: 288px) 100vw, 288px\" \/><\/a><\/figure><\/div>\n\n\n\n<p>O TCU apontou que a divulga\u00e7\u00e3o prematura das empresas vencedoras poderia representar uma grave viola\u00e7\u00e3o \u00e0s normas de licita\u00e7\u00e3o, que requerem confidencialidade at\u00e9 o an\u00fancio oficial. Esse ato levantou suspeitas e resultou na necessidade de uma investiga\u00e7\u00e3o mais aprofundada para entender se houve comprometimento no processo de escolha e se outras regras podem ter sido infringidas.<\/p>\n\n\n\n<div class=\"wp-block-image\"><figure class=\"aligncenter size-large\"><a href=\"https:\/\/www.instagram.com\/baraodascarnes.es\/\"><img decoding=\"async\" src=\"https:\/\/jornalfatosenoticias.com.br\/wp-content\/uploads\/2020\/02\/barao-das-carnes-300x164-1.jpg\" alt=\"\" class=\"wp-image-34339\"\/><\/a><\/figure><\/div>\n\n\n\n<p>A licita\u00e7\u00e3o em quest\u00e3o \u00e9 capaz de definir os rumos da comunica\u00e7\u00e3o digital do governo, uma ferramenta crucial para a transpar\u00eancia e intera\u00e7\u00e3o com o p\u00fablico. A suspens\u00e3o n\u00e3o s\u00f3 atrasa projetos e iniciativas planejadas, mas tamb\u00e9m levanta preocupa\u00e7\u00f5es sobre a integridade dos processos administrativos internos. Al\u00e9m disso, a influ\u00eancia dos \u00f3rg\u00e3os de controle e a efic\u00e1cia da fiscaliza\u00e7\u00e3o s\u00e3o postas \u00e0 prova neste contexto.<\/p>\n\n\n\n<div class=\"wp-block-image\"><figure class=\"aligncenter size-large is-resized\"><a href=\"https:\/\/www.instagram.com\/restaurantepegoretti\/\"><img loading=\"lazy\" decoding=\"async\" src=\"https:\/\/jornalfatosenoticias.com.br\/wp-content\/uploads\/2023\/12\/pegoretti-logo-pdf-1024x389.jpg\" alt=\"\" class=\"wp-image-47536\" width=\"438\" height=\"166\" srcset=\"https:\/\/jornalfatosenoticias.com.br\/wp-content\/uploads\/2023\/12\/pegoretti-logo-pdf-1024x389.jpg 1024w, https:\/\/jornalfatosenoticias.com.br\/wp-content\/uploads\/2023\/12\/pegoretti-logo-pdf-300x114.jpg 300w, https:\/\/jornalfatosenoticias.com.br\/wp-content\/uploads\/2023\/12\/pegoretti-logo-pdf-768x291.jpg 768w, https:\/\/jornalfatosenoticias.com.br\/wp-content\/uploads\/2023\/12\/pegoretti-logo-pdf.jpg 1120w\" sizes=\"auto, (max-width: 438px) 100vw, 438px\" \/><\/a><\/figure><\/div>\n\n\n\n<p>A situa\u00e7\u00e3o atual est\u00e1 sob a gest\u00e3o interina de La\u00e9rcio Portela, por\u00e9m, a licita\u00e7\u00e3o foi inicialmente conduzida durante a gest\u00e3o de Paulo Pimenta. A Secom, at\u00e9 o momento, mencionou que n\u00e3o foi formalmente notificada e aguarda a notifica\u00e7\u00e3o do TCU para, junto com a Advocacia-Geral da Uni\u00e3o (AGU), tomar as provid\u00eancias necess\u00e1rias.<\/p>\n\n\n\n<div class=\"wp-block-image\"><figure class=\"aligncenter size-large is-resized\"><a href=\"https:\/\/www.controlsystems.com.br\/\"><img loading=\"lazy\" decoding=\"async\" src=\"https:\/\/jornalfatosenoticias.com.br\/wp-content\/uploads\/2020\/02\/CONTROL-CS.jpg\" alt=\"\" class=\"wp-image-44991\" width=\"358\" height=\"429\" srcset=\"https:\/\/jornalfatosenoticias.com.br\/wp-content\/uploads\/2020\/02\/CONTROL-CS.jpg 834w, https:\/\/jornalfatosenoticias.com.br\/wp-content\/uploads\/2020\/02\/CONTROL-CS-250x300.jpg 250w, https:\/\/jornalfatosenoticias.com.br\/wp-content\/uploads\/2020\/02\/CONTROL-CS-768x921.jpg 768w\" sizes=\"auto, (max-width: 358px) 100vw, 358px\" \/><\/a><\/figure><\/div>\n\n\n\n<p>Com um prazo de 15 dias para que a Secom forne\u00e7a informa\u00e7\u00f5es adicionais sobre o caso, as expectativas est\u00e3o voltadas para poss\u00edveis desenvolvimentos e esclarecimentos sobre as a\u00e7\u00f5es que ser\u00e3o tomadas para resolver esta quest\u00e3o. Enquanto isso, o debate sobre a efic\u00e1cia e transpar\u00eancia das licita\u00e7\u00f5es governamentais continua a ganhar intensidade.<strong> (Fonte: Terra Brasil Not\u00edcias)<\/strong><\/p>\n\n\n\n<div class=\"wp-block-image\"><figure class=\"aligncenter size-large\"><a href=\"http:\/\/www.ferrarimaquinas.com.br\/\"><img loading=\"lazy\" decoding=\"async\" width=\"300\" height=\"250\" src=\"https:\/\/jornalfatosenoticias.com.br\/wp-content\/uploads\/2022\/02\/FERRARI_MAQUINAS-E-FERRAMENTAS2.jpg\" alt=\"\" class=\"wp-image-27860\"\/><\/a><\/figure><\/div>\n\n\n\n<hr class=\"wp-block-separator\"\/>\n\n\n\n<h3 class=\"wp-block-heading\"><span class=\"has-inline-color has-black-color\">Em 45 viagens, o presidente da Anvisa gastou R$ 1 milh\u00e3o, e passou mais de seis meses fora do pa\u00eds<\/span><\/h3>\n\n\n\n<div class=\"wp-block-image\"><figure class=\"aligncenter size-large\"><img loading=\"lazy\" decoding=\"async\" width=\"860\" height=\"570\" src=\"https:\/\/jornalfatosenoticias.com.br\/wp-content\/uploads\/2024\/07\/pres.-anvisa.jpg\" alt=\"\" class=\"wp-image-52641\" srcset=\"https:\/\/jornalfatosenoticias.com.br\/wp-content\/uploads\/2024\/07\/pres.-anvisa.jpg 860w, https:\/\/jornalfatosenoticias.com.br\/wp-content\/uploads\/2024\/07\/pres.-anvisa-300x199.jpg 300w, https:\/\/jornalfatosenoticias.com.br\/wp-content\/uploads\/2024\/07\/pres.-anvisa-768x509.jpg 768w\" sizes=\"auto, (max-width: 860px) 100vw, 860px\" \/><figcaption><em><span class=\"has-inline-color has-black-color\">(Foto: Leopoldo Silva\/Ag\u00eancia Senado)<\/span><\/em><\/figcaption><\/figure><\/div>\n\n\n\n<p>Ant\u00f4nio Barra Torres, presidente da Anvisa, realizou um total de 45 viagens durante seu mandato, marcando presen\u00e7a em eventos importantes e t\u00e9cnicos ao redor do mundo. Essas jornadas, que somam 184 dias fora, ocorreram entre o in\u00edcio de 2022 e junho de 2024, representando uma significativa movimenta\u00e7\u00e3o custeada pela ag\u00eancia sob a batuta do Minist\u00e9rio da Sa\u00fade.<\/p>\n\n\n\n<div class=\"wp-block-image\"><figure class=\"aligncenter size-large is-resized\"><a href=\"https:\/\/www.instagram.com\/rapuzeljastro\/\"><img loading=\"lazy\" decoding=\"async\" src=\"https:\/\/jornalfatosenoticias.com.br\/wp-content\/uploads\/2020\/02\/logo-Rapuzel-1024x571.jpg\" alt=\"\" class=\"wp-image-42808\" width=\"418\" height=\"233\" srcset=\"https:\/\/jornalfatosenoticias.com.br\/wp-content\/uploads\/2020\/02\/logo-Rapuzel-1024x571.jpg 1024w, https:\/\/jornalfatosenoticias.com.br\/wp-content\/uploads\/2020\/02\/logo-Rapuzel-300x167.jpg 300w, https:\/\/jornalfatosenoticias.com.br\/wp-content\/uploads\/2020\/02\/logo-Rapuzel-768x428.jpg 768w, https:\/\/jornalfatosenoticias.com.br\/wp-content\/uploads\/2020\/02\/logo-Rapuzel-1536x856.jpg 1536w, https:\/\/jornalfatosenoticias.com.br\/wp-content\/uploads\/2020\/02\/logo-Rapuzel.jpg 1600w\" sizes=\"auto, (max-width: 418px) 100vw, 418px\" \/><\/a><\/figure><\/div>\n\n\n\n<p>O prop\u00f3sito dessas viagens, al\u00e9m da participa\u00e7\u00e3o em encontros e conven\u00e7\u00f5es, incluiu a inspe\u00e7\u00e3o e a avalia\u00e7\u00e3o de pr\u00e1ticas internacionais que poderiam ser integradas \u00e0s pol\u00edticas de vigil\u00e2ncia sanit\u00e1ria brasileira. Dentre todos os deslocamentos financeiramente onerosos, a visita aos Estados Unidos em junho deste ano destacou-se pelo alto custo de R$ 98.400,87.<\/p>\n\n\n\n<div class=\"wp-block-image\"><figure class=\"aligncenter size-large is-resized\"><a href=\"https:\/\/www.ithbrasil.com.br\/\"><img loading=\"lazy\" decoding=\"async\" src=\"https:\/\/jornalfatosenoticias.com.br\/wp-content\/uploads\/2023\/08\/ITH.jpeg\" alt=\"\" class=\"wp-image-44638\" width=\"303\" height=\"246\" srcset=\"https:\/\/jornalfatosenoticias.com.br\/wp-content\/uploads\/2023\/08\/ITH.jpeg 800w, https:\/\/jornalfatosenoticias.com.br\/wp-content\/uploads\/2023\/08\/ITH-300x244.jpeg 300w, https:\/\/jornalfatosenoticias.com.br\/wp-content\/uploads\/2023\/08\/ITH-768x624.jpeg 768w\" sizes=\"auto, (max-width: 303px) 100vw, 303px\" \/><\/a><\/figure><\/div>\n\n\n\n<p>As despesas de viagem n\u00e3o foram limitadas a um \u00fanico destino. Ap\u00f3s os Estados Unidos, a segunda jornada mais cara foi uma viagem que come\u00e7ou em Bras\u00edlia, seguiu para a Argentina e concluiu na Austr\u00e1lia, totalizando um custo de R$ 86.948,71. Essas viagens s\u00e3o parte de uma estrat\u00e9gia mais ampla da Anvisa para fortalecer la\u00e7os e atualizar suas pol\u00edticas de sa\u00fade p\u00fablica.<\/p>\n\n\n\n<div class=\"wp-block-image\"><figure class=\"aligncenter size-large is-resized\"><a href=\"https:\/\/hotelmarquetti.com.br\/\"><img loading=\"lazy\" decoding=\"async\" src=\"https:\/\/jornalfatosenoticias.com.br\/wp-content\/uploads\/2020\/02\/nova-logo-Marquetti.jpg\" alt=\"\" class=\"wp-image-22331\" width=\"362\" height=\"243\" srcset=\"https:\/\/jornalfatosenoticias.com.br\/wp-content\/uploads\/2020\/02\/nova-logo-Marquetti.jpg 643w, https:\/\/jornalfatosenoticias.com.br\/wp-content\/uploads\/2020\/02\/nova-logo-Marquetti-300x202.jpg 300w\" sizes=\"auto, (max-width: 362px) 100vw, 362px\" \/><\/a><\/figure><\/div>\n\n\n\n<p>Enquanto o diretor-presidente viajava, a Anvisa enfrentava desafios internos significativos, como a falta de pessoal. Um levantamento apontou que 9% dos cargos estavam desocupados, o que prejudicava o ritmo de trabalho da ag\u00eancia. A situa\u00e7\u00e3o criava atrasos na licen\u00e7a de medicamentos, afetando diretamente a sa\u00fade p\u00fablica.<\/p>\n\n\n\n<div class=\"wp-block-image\"><figure class=\"aligncenter size-large is-resized\"><img loading=\"lazy\" decoding=\"async\" src=\"https:\/\/jornalfatosenoticias.com.br\/wp-content\/uploads\/2022\/02\/Precisao-Contabilidade-1024x724.jpg\" alt=\"\" class=\"wp-image-28088\" width=\"338\" height=\"239\"\/><\/figure><\/div>\n\n\n\n<p>O Sinag\u00eancias, Sindicato Nacional dos Servidores das Ag\u00eancias Nacionais de Regula\u00e7\u00e3o, juntamente com a equipe da Anvisa, tem realizado negocia\u00e7\u00f5es intensas para resolver essas quest\u00f5es. A possibilidade de uma greve n\u00e3o \u00e9 descartada, o que poderia aumentar ainda mais a press\u00e3o sobre a operacionalidade da ag\u00eancia.<\/p>\n\n\n\n<div class=\"wp-block-image\"><figure class=\"aligncenter size-large\"><a href=\"https:\/\/www.facebook.com\/vetor.vix\/\"><img loading=\"lazy\" decoding=\"async\" width=\"1024\" height=\"273\" src=\"https:\/\/jornalfatosenoticias.com.br\/wp-content\/uploads\/2023\/09\/vetorvix1024_1.jpg\" alt=\"\" class=\"wp-image-44868\" srcset=\"https:\/\/jornalfatosenoticias.com.br\/wp-content\/uploads\/2023\/09\/vetorvix1024_1.jpg 1024w, https:\/\/jornalfatosenoticias.com.br\/wp-content\/uploads\/2023\/09\/vetorvix1024_1-300x80.jpg 300w, https:\/\/jornalfatosenoticias.com.br\/wp-content\/uploads\/2023\/09\/vetorvix1024_1-768x205.jpg 768w\" sizes=\"auto, (max-width: 1024px) 100vw, 1024px\" \/><\/a><\/figure><\/div>\n\n\n\n<p><strong><span class=\"has-inline-color has-black-color\">Posicionamento e Medidas Adotadas pela Diretoria da Anvisa<br><\/span><\/strong>Em resposta aos desafios enfrentados, a diretoria da Anvisa enviou um of\u00edcio a diversos minist\u00e9rios em julho de 2024. O documento enfatizava a necessidade de equiparar os profissionais de regula\u00e7\u00e3o \u00e0s carreiras sob o chamado ciclo de gest\u00e3o, visando melhorar as condi\u00e7\u00f5es de trabalho e responder eficientemente \u00e0s crescentes demandas.<\/p>\n\n\n\n<div class=\"wp-block-image\"><figure class=\"aligncenter size-large is-resized\"><a href=\"https:\/\/panper.com.br\/\"><img loading=\"lazy\" decoding=\"async\" src=\"https:\/\/jornalfatosenoticias.com.br\/wp-content\/uploads\/2023\/03\/logo-Panper_portal.jpg\" alt=\"\" class=\"wp-image-40208\" width=\"352\" height=\"244\" srcset=\"https:\/\/jornalfatosenoticias.com.br\/wp-content\/uploads\/2023\/03\/logo-Panper_portal.jpg 400w, https:\/\/jornalfatosenoticias.com.br\/wp-content\/uploads\/2023\/03\/logo-Panper_portal-300x208.jpg 300w\" sizes=\"auto, (max-width: 352px) 100vw, 352px\" \/><\/a><\/figure><\/div>\n\n\n\n<p>O objetivo claro \u00e9 fortalecer a capacidade da Anvisa de regular e monitorar produtos de sa\u00fade no Brasil, assegurando que a sa\u00fade p\u00fablica n\u00e3o seja comprometida pela falta de recursos humanos ou financeiros. A continuidade das negocia\u00e7\u00f5es \u00e9 crucial para prevenir uma paralisa\u00e7\u00e3o das atividades, o que representaria um risco ainda maior para o sistema de sa\u00fade brasileiro. <strong>(Fonte: Terra Brasil Not\u00edcias)<\/strong><\/p>\n\n\n\n<div class=\"wp-block-image\"><figure class=\"aligncenter size-large\"><a href=\"https:\/\/www.facebook.com\/Esteio-Churrascaria-Barbecue-103643461220402\/\"><img decoding=\"async\" src=\"https:\/\/jornalfatosenoticias.com.br\/wp-content\/uploads\/2020\/02\/logo_esteio.jpg\" alt=\"\" class=\"wp-image-1214\"\/><\/a><\/figure><\/div>\n\n\n\n<hr class=\"wp-block-separator\"\/>\n\n\n\n<h3 class=\"wp-block-heading\"><span class=\"has-inline-color has-black-color\">Milei firma acordo para cortar despesa p\u00fablica na Argentina<\/span><\/h3>\n\n\n\n<div class=\"wp-block-image\"><figure class=\"aligncenter size-large\"><img loading=\"lazy\" decoding=\"async\" width=\"612\" height=\"408\" src=\"https:\/\/jornalfatosenoticias.com.br\/wp-content\/uploads\/2024\/07\/Milei_gettyimages-1.jpg\" alt=\"\" class=\"wp-image-52640\" srcset=\"https:\/\/jornalfatosenoticias.com.br\/wp-content\/uploads\/2024\/07\/Milei_gettyimages-1.jpg 612w, https:\/\/jornalfatosenoticias.com.br\/wp-content\/uploads\/2024\/07\/Milei_gettyimages-1-300x200.jpg 300w\" sizes=\"auto, (max-width: 612px) 100vw, 612px\" \/><figcaption><em><span class=\"has-inline-color has-black-color\">(Foto: Getty Images)<\/span><\/em><\/figcaption><\/figure><\/div>\n\n\n\n<p>O presidente da Argentina, Javier Milei, assinou, na ter\u00e7a-feira (9), um pacto com os governadores das prov\u00edncias do pa\u00eds que prev\u00ea diversos compromissos como o de reduzir a despesa p\u00fablica para n\u00edveis hist\u00f3ricos de cerca de 25% do Produto Interno Bruto (PIB). \u201cReduzir drasticamente o peso do Estado na nossa economia \u00e9 a nossa miss\u00e3o mais importante e mais dif\u00edcil. \u00c9 por isso que apelamos a este pacto, para que todos n\u00f3s que temos responsabilidades nesta mat\u00e9ria possamos fazer a nossa parte para garantir a prosperidade do nosso pa\u00eds\u201d, afirmou o presidente argentino.<\/p>\n\n\n\n<div class=\"wp-block-image\"><figure class=\"aligncenter size-large is-resized\"><a href=\"https:\/\/www.facebook.com\/postobkr\/?locale=pt_BR\"><img loading=\"lazy\" decoding=\"async\" src=\"https:\/\/jornalfatosenoticias.com.br\/wp-content\/uploads\/2023\/08\/BKR-1024x1021.jpg\" alt=\"\" class=\"wp-image-44494\" width=\"333\" height=\"332\" srcset=\"https:\/\/jornalfatosenoticias.com.br\/wp-content\/uploads\/2023\/08\/BKR-1024x1021.jpg 1024w, https:\/\/jornalfatosenoticias.com.br\/wp-content\/uploads\/2023\/08\/BKR-300x300.jpg 300w, https:\/\/jornalfatosenoticias.com.br\/wp-content\/uploads\/2023\/08\/BKR-150x150.jpg 150w, https:\/\/jornalfatosenoticias.com.br\/wp-content\/uploads\/2023\/08\/BKR-768x766.jpg 768w, https:\/\/jornalfatosenoticias.com.br\/wp-content\/uploads\/2023\/08\/BKR.jpg 1080w\" sizes=\"auto, (max-width: 333px) 100vw, 333px\" \/><\/a><\/figure><\/div>\n\n\n\n<p>O pacto inclui ainda a necessidade de se realizar uma reforma tribut\u00e1ria para simplificar a vida dos argentinos e promover o com\u00e9rcio. <\/p>\n\n\n\n<blockquote class=\"wp-block-quote is-layout-flow wp-block-quote-is-layout-flow\"><p><span class=\"has-inline-color has-luminous-vivid-orange-color\">A Argentina tem que deixar de ser um inferno fiscal para quem trabalha, se esfor\u00e7a e investe. Nosso pa\u00eds tem uma carga tribut\u00e1ria expl\u00edcita que ultrapassa 30% do PIB\u201d, destacou Milei.<\/span><\/p><\/blockquote>\n\n\n\n<div class=\"wp-block-image\"><figure class=\"aligncenter size-large is-resized\"><a href=\"https:\/\/www.instagram.com\/restaurantepegoretti\/\"><img loading=\"lazy\" decoding=\"async\" src=\"https:\/\/jornalfatosenoticias.com.br\/wp-content\/uploads\/2023\/12\/pegoretti-logo-pdf-1024x389.jpg\" alt=\"\" class=\"wp-image-47536\" width=\"467\" height=\"177\" srcset=\"https:\/\/jornalfatosenoticias.com.br\/wp-content\/uploads\/2023\/12\/pegoretti-logo-pdf-1024x389.jpg 1024w, https:\/\/jornalfatosenoticias.com.br\/wp-content\/uploads\/2023\/12\/pegoretti-logo-pdf-300x114.jpg 300w, https:\/\/jornalfatosenoticias.com.br\/wp-content\/uploads\/2023\/12\/pegoretti-logo-pdf-768x291.jpg 768w, https:\/\/jornalfatosenoticias.com.br\/wp-content\/uploads\/2023\/12\/pegoretti-logo-pdf.jpg 1120w\" sizes=\"auto, (max-width: 467px) 100vw, 467px\" \/><\/a><\/figure><\/div>\n\n\n\n<p>O acordo envolve um compromisso para se rediscutir a partilha de impostos federais com o prop\u00f3sito de colocar um fim ao que o presidente definiu como modelo extorsivo do qual padecem as prov\u00edncias. \u201cNosso federalismo \u00e9 fraudulento, pune quem \u00e9 fiscalmente respons\u00e1vel e produtivo; e s\u00f3 serve para os pol\u00edticos de Buenos Aires extorquirem as prov\u00edncias em troca de favores pol\u00edticos\u201d, observou.<\/p>\n\n\n\n<div class=\"wp-block-image\"><figure class=\"aligncenter size-large\"><a href=\"https:\/\/mizu.com.br\/\"><img loading=\"lazy\" decoding=\"async\" width=\"729\" height=\"90\" src=\"https:\/\/jornalfatosenoticias.com.br\/wp-content\/uploads\/2020\/02\/Logo_Mizu.png\" alt=\"\" class=\"wp-image-1441\" srcset=\"https:\/\/jornalfatosenoticias.com.br\/wp-content\/uploads\/2020\/02\/Logo_Mizu.png 729w, https:\/\/jornalfatosenoticias.com.br\/wp-content\/uploads\/2020\/02\/Logo_Mizu-300x37.png 300w\" sizes=\"auto, (max-width: 729px) 100vw, 729px\" \/><\/a><\/figure><\/div>\n\n\n\n<p>A explora\u00e7\u00e3o dos recursos naturais consta como outro compromisso. Para Milei, os pol\u00edticos t\u00eam ouvido mais as exig\u00eancias das minorias barulhentas e das organiza\u00e7\u00f5es ambientais financiadas por milion\u00e1rios estrangeiros do que as necessidades dos argentinos para prosperar. O compromisso aborda tamb\u00e9m a necessidade de uma reforma trabalhista para promover o trabalho formal. \u201cViemos para mudar isso, para deixar para tr\u00e1s a demagogia benfeitora que condena milh\u00f5es de argentinos \u00e0 mis\u00e9ria\u201d, disse. <strong>(Fonte: Pleno.News)<\/strong><\/p>\n\n\n\n<div class=\"wp-block-image\"><figure class=\"aligncenter size-large is-resized\"><img loading=\"lazy\" decoding=\"async\" src=\"https:\/\/jornalfatosenoticias.com.br\/wp-content\/uploads\/2022\/02\/Precisao-Contabilidade-1024x724.jpg\" alt=\"\" class=\"wp-image-28088\" width=\"331\" height=\"234\"\/><\/figure><\/div>\n\n\n\n<hr class=\"wp-block-separator\"\/>\n\n\n\n<h3 class=\"wp-block-heading\"><span class=\"has-inline-color has-black-color\">Dados do celular de Filipe Martins contradizem suspeitas da PF<\/span><\/h3>\n\n\n\n<div class=\"wp-block-image\"><figure class=\"aligncenter size-large\"><img loading=\"lazy\" decoding=\"async\" width=\"1000\" height=\"666\" src=\"https:\/\/jornalfatosenoticias.com.br\/wp-content\/uploads\/2024\/07\/Filipe-Martins.jpg\" alt=\"\" class=\"wp-image-52639\" srcset=\"https:\/\/jornalfatosenoticias.com.br\/wp-content\/uploads\/2024\/07\/Filipe-Martins.jpg 1000w, https:\/\/jornalfatosenoticias.com.br\/wp-content\/uploads\/2024\/07\/Filipe-Martins-300x200.jpg 300w, https:\/\/jornalfatosenoticias.com.br\/wp-content\/uploads\/2024\/07\/Filipe-Martins-768x511.jpg 768w\" sizes=\"auto, (max-width: 1000px) 100vw, 1000px\" \/><figcaption><em><span class=\"has-inline-color has-black-color\">(Foto: Arthur Max\/MRE)<\/span><\/em><\/figcaption><\/figure><\/div>\n\n\n\n<p>Dados de geolocaliza\u00e7\u00e3o do celular do ex-assessor de Jair Bolsonaro, Filipe Martins, foram enviados pela operadora Tim para o ministro Alexandre de Moraes, do Supremo Tribunal Federal (STF). O documento trata do per\u00edodo de 30 de dezembro de 2022 a 9 de janeiro de 2023.<\/p>\n\n\n\n<div class=\"wp-block-image\"><figure class=\"aligncenter size-large\"><a href=\"https:\/\/www.instagram.com\/baraodascarnes.es\/\"><img decoding=\"async\" src=\"https:\/\/jornalfatosenoticias.com.br\/wp-content\/uploads\/2020\/02\/barao-das-carnes-300x164-1.jpg\" alt=\"\" class=\"wp-image-34339\"\/><\/a><\/figure><\/div>\n\n\n\n<p>De acordo com o conte\u00fado enviado ao magistrado, Filipe estava em Bras\u00edlia no dia 30 de dezembro, mesma data em que Bolsonaro viajou com sua comitiva para os Estados Unidos. Nos dias seguintes, o ex-assessor esteve nas cidades paranaenses de Curitiba e Ponta Grossa, onde ficou at\u00e9 9 de janeiro.<br>Segundo o desembargador aposentado Sebasti\u00e3o Coelho, que \u00e9 respons\u00e1vel pela defesa de Martins, o ex-assessor foi de Bras\u00edlia \u00e0 Curitiba de avi\u00e3o. Depois, pegou um carro e foi para Ponta Grossa. A defesa espera que Moraes determine a soltura de Filipe Martins. As informa\u00e7\u00f5es s\u00e3o da Oeste. <strong>(Fonte: Pleno.News)<\/strong><\/p>\n\n\n\n<div class=\"wp-block-image\"><figure class=\"aligncenter size-large\"><img loading=\"lazy\" decoding=\"async\" width=\"1024\" height=\"273\" src=\"https:\/\/jornalfatosenoticias.com.br\/wp-content\/uploads\/2023\/09\/vetorvix1024_1.jpg\" alt=\"\" class=\"wp-image-44868\" srcset=\"https:\/\/jornalfatosenoticias.com.br\/wp-content\/uploads\/2023\/09\/vetorvix1024_1.jpg 1024w, https:\/\/jornalfatosenoticias.com.br\/wp-content\/uploads\/2023\/09\/vetorvix1024_1-300x80.jpg 300w, https:\/\/jornalfatosenoticias.com.br\/wp-content\/uploads\/2023\/09\/vetorvix1024_1-768x205.jpg 768w\" sizes=\"auto, (max-width: 1024px) 100vw, 1024px\" \/><\/figure><\/div>\n\n\n\n<hr class=\"wp-block-separator\"\/>\n\n\n\n<h3 class=\"wp-block-heading\"><span class=\"has-inline-color has-black-color\">Nancy Pelosi sugere que Joe Biden repense sua candidatura<\/span><\/h3>\n\n\n\n<div class=\"wp-block-image\"><figure class=\"aligncenter size-large\"><img loading=\"lazy\" decoding=\"async\" width=\"612\" height=\"362\" src=\"https:\/\/jornalfatosenoticias.com.br\/wp-content\/uploads\/2024\/07\/Nancy-Pelosi_gettyimages.jpg\" alt=\"\" class=\"wp-image-52638\" srcset=\"https:\/\/jornalfatosenoticias.com.br\/wp-content\/uploads\/2024\/07\/Nancy-Pelosi_gettyimages.jpg 612w, https:\/\/jornalfatosenoticias.com.br\/wp-content\/uploads\/2024\/07\/Nancy-Pelosi_gettyimages-300x177.jpg 300w\" sizes=\"auto, (max-width: 612px) 100vw, 612px\" \/><figcaption><em><span class=\"has-inline-color has-black-color\">(Foto: Getty Images)<\/span><\/em><\/figcaption><\/figure><\/div>\n\n\n\n<p>A ex-presidente da C\u00e2mara dos Representantes dos Estados Unidos, Nancy Pelosi, uma das figuras mais importantes do Partido Democrata, sugeriu, na quarta-feira (10), que o presidente Joe Biden repense sua candidatura \u00e0 reelei\u00e7\u00e3o. \u201cCabe ao presidente decidir se vai concorrer. Todos n\u00f3s o encorajamos a tomar essa decis\u00e3o, porque o tempo \u00e9 essencial\u201d, declarou Pelosi em entrevista ao programa Morning Joe da emissora MSNBC, ap\u00f3s ser questionada se Biden tem seu apoio expl\u00edcito.<\/p>\n\n\n\n<div class=\"wp-block-image\"><figure class=\"aligncenter size-large\"><a href=\"https:\/\/cesconetto.com.br\/\"><img loading=\"lazy\" decoding=\"async\" width=\"300\" height=\"250\" src=\"https:\/\/jornalfatosenoticias.com.br\/wp-content\/uploads\/2020\/02\/Banner-2.png\" alt=\"\" class=\"wp-image-43787\"\/><\/a><\/figure><\/div>\n\n\n\n<p>A legisladora da Calif\u00f3rnia, de 84 anos, \u00e9 at\u00e9 agora a autoridade mais importante do partido que pede a Biden que avalie se deve continuar na corrida eleitoral contra o ex-presidente republicano Donald Trump, que ganhou for\u00e7a ap\u00f3s o debate eleitoral de 27 de junho. Pelosi salientou que Biden \u00e9 respeitado dentro do partido, mas frisou que as pessoas querem que ele tome uma decis\u00e3o, em uma mensagem que contrasta com o apoio expl\u00edcito expressado nesta ter\u00e7a (9) por uma parte importante da lideran\u00e7a democrata no Capit\u00f3lio.<\/p>\n\n\n\n<div class=\"wp-block-image\"><figure class=\"aligncenter size-large is-resized\"><a href=\"https:\/\/www.controlsystems.com.br\/\"><img loading=\"lazy\" decoding=\"async\" src=\"https:\/\/jornalfatosenoticias.com.br\/wp-content\/uploads\/2020\/02\/CONTROL-CS.jpg\" alt=\"\" class=\"wp-image-44991\" width=\"331\" height=\"397\" srcset=\"https:\/\/jornalfatosenoticias.com.br\/wp-content\/uploads\/2020\/02\/CONTROL-CS.jpg 834w, https:\/\/jornalfatosenoticias.com.br\/wp-content\/uploads\/2020\/02\/CONTROL-CS-250x300.jpg 250w, https:\/\/jornalfatosenoticias.com.br\/wp-content\/uploads\/2020\/02\/CONTROL-CS-768x921.jpg 768w\" sizes=\"auto, (max-width: 331px) 100vw, 331px\" \/><\/a><\/figure><\/div>\n\n\n\n<p>A ex-presidente da C\u00e2mara dos Representantes pareceu ignorar que o l\u00edder democrata tem ressaltado nos \u00faltimos dias n\u00e3o s\u00f3 que n\u00e3o planeja retirar sua candidatura, mas que em sua opini\u00e3o \u00e9 o mais bem posicionado para derrotar Trump. \u201cQuero que ele fa\u00e7a o que decidir fazer. O que quer que ele decida, vamos em frente\u201d, completou Pelosi.<\/p>\n\n\n\n<div class=\"wp-block-image\"><figure class=\"aligncenter size-large\"><a href=\"http:\/\/www.ferrarimaquinas.com.br\/\"><img loading=\"lazy\" decoding=\"async\" width=\"300\" height=\"250\" src=\"https:\/\/jornalfatosenoticias.com.br\/wp-content\/uploads\/2022\/02\/FERRARI_MAQUINAS-E-FERRAMENTAS2.jpg\" alt=\"\" class=\"wp-image-27860\"\/><\/a><\/figure><\/div>\n\n\n\n<p>Os apelos por uma desist\u00eancia de Biden surgiram ap\u00f3s o debate com Trump no final de junho, durante o qual o democrata pareceu hesitante, incapaz de terminar algumas frases ou de refutar os argumentos do republicano. At\u00e9 agora, uma d\u00fazia de congressistas democratas de baixo escal\u00e3o manifestaram suas d\u00favidas sobre Biden ser a melhor op\u00e7\u00e3o para vencer em 5 de novembro, mas o presidente tamb\u00e9m conseguiu o apoio, entre outros, do caucus hisp\u00e2nico, dos democratas no Congresso e tamb\u00e9m do afro-americano.<\/p>\n\n\n\n<div class=\"wp-block-image\"><figure class=\"aligncenter size-large is-resized\"><a href=\"https:\/\/www.ithbrasil.com.br\/\"><img loading=\"lazy\" decoding=\"async\" src=\"https:\/\/jornalfatosenoticias.com.br\/wp-content\/uploads\/2023\/08\/ITH.jpeg\" alt=\"\" class=\"wp-image-44638\" width=\"303\" height=\"246\" srcset=\"https:\/\/jornalfatosenoticias.com.br\/wp-content\/uploads\/2023\/08\/ITH.jpeg 800w, https:\/\/jornalfatosenoticias.com.br\/wp-content\/uploads\/2023\/08\/ITH-300x244.jpeg 300w, https:\/\/jornalfatosenoticias.com.br\/wp-content\/uploads\/2023\/08\/ITH-768x624.jpeg 768w\" sizes=\"auto, (max-width: 303px) 100vw, 303px\" \/><\/a><\/figure><\/div>\n\n\n\n<p>De acordo com as \u00faltimas pesquisas, Trump segue \u00e0 frente de Biden na disputa. A m\u00e9dia das pesquisas realizadas pelo site FiveThirtyEight mostra que o republicano tem 42,1% das inten\u00e7\u00f5es de voto, 2,1 pontos percentuais a mais que o rival. <strong>(Fonte: Pleno.News)<\/strong><\/p>\n\n\n\n<div class=\"wp-block-image\"><figure class=\"aligncenter size-large\"><a href=\"https:\/\/www.facebook.com\/Esteio-Churrascaria-Barbecue-103643461220402\/\"><img decoding=\"async\" src=\"https:\/\/jornalfatosenoticias.com.br\/wp-content\/uploads\/2020\/02\/logo_esteio.jpg\" alt=\"\" class=\"wp-image-1214\"\/><\/a><\/figure><\/div>\n\n\n\n<hr class=\"wp-block-separator\"\/>\n\n\n\n<h3 class=\"wp-block-heading\"><span class=\"has-inline-color has-black-color\">Governo Lula planeja medida para isentar irm\u00e3os Batista de multa de R$ 1 bilh\u00e3o<\/span><\/h3>\n\n\n\n<div class=\"wp-block-image\"><figure class=\"aligncenter size-large\"><img loading=\"lazy\" decoding=\"async\" width=\"750\" height=\"375\" src=\"https:\/\/jornalfatosenoticias.com.br\/wp-content\/uploads\/2024\/07\/qu4drilh4.jpg\" alt=\"\" class=\"wp-image-52557\" srcset=\"https:\/\/jornalfatosenoticias.com.br\/wp-content\/uploads\/2024\/07\/qu4drilh4.jpg 750w, https:\/\/jornalfatosenoticias.com.br\/wp-content\/uploads\/2024\/07\/qu4drilh4-300x150.jpg 300w\" sizes=\"auto, (max-width: 750px) 100vw, 750px\" \/><figcaption><em><span class=\"has-inline-color has-black-color\">(Foto: Reprodu\u00e7\u00e3o)<\/span><\/em><\/figcaption><\/figure><\/div>\n\n\n\n<p>T\u00e9cnicos do Minist\u00e9rio de Minas e Energia est\u00e3o estudando uma forma de livrar a \u00c2mbar Energia, empresa dos irm\u00e3os Joesley e Wesley Batista, de uma multa de R$ 1 bilh\u00e3o. Segundo a coluna de Andreza Matais, do portal UOL, a pedido do ministro Alexandre Silveira, a pasta busca um acordo para que a empresa n\u00e3o precise pagar integralmente a multa imposta por n\u00e3o entregar energia comprada emergencialmente durante o governo Jair Bolsonaro (PL).<\/p>\n\n\n\n<div class=\"wp-block-image\"><figure class=\"aligncenter size-large is-resized\"><a href=\"https:\/\/www.instagram.com\/rapuzeljastro\/\"><img loading=\"lazy\" decoding=\"async\" src=\"https:\/\/jornalfatosenoticias.com.br\/wp-content\/uploads\/2020\/02\/logo-Rapuzel-1024x571.jpg\" alt=\"\" class=\"wp-image-42808\" width=\"395\" height=\"220\" srcset=\"https:\/\/jornalfatosenoticias.com.br\/wp-content\/uploads\/2020\/02\/logo-Rapuzel-1024x571.jpg 1024w, https:\/\/jornalfatosenoticias.com.br\/wp-content\/uploads\/2020\/02\/logo-Rapuzel-300x167.jpg 300w, https:\/\/jornalfatosenoticias.com.br\/wp-content\/uploads\/2020\/02\/logo-Rapuzel-768x428.jpg 768w, https:\/\/jornalfatosenoticias.com.br\/wp-content\/uploads\/2020\/02\/logo-Rapuzel-1536x856.jpg 1536w, https:\/\/jornalfatosenoticias.com.br\/wp-content\/uploads\/2020\/02\/logo-Rapuzel.jpg 1600w\" sizes=\"auto, (max-width: 395px) 100vw, 395px\" \/><\/a><\/figure><\/div>\n\n\n\n<p>Em abril, o Tribunal de Contas da Uni\u00e3o (TCU) decidiu, por unanimidade, pelo arquivamento do processo que tentava um acordo. No entanto, o minist\u00e9rio tem autonomia para estabelecer um acordo independentemente da posi\u00e7\u00e3o da Corte de Contas.<\/p>\n\n\n\n<div class=\"wp-block-image\"><figure class=\"aligncenter size-large is-resized\"><a href=\"https:\/\/panper.com.br\/\"><img loading=\"lazy\" decoding=\"async\" src=\"https:\/\/jornalfatosenoticias.com.br\/wp-content\/uploads\/2023\/03\/logo-Panper_portal.jpg\" alt=\"\" class=\"wp-image-40208\" width=\"380\" height=\"263\" srcset=\"https:\/\/jornalfatosenoticias.com.br\/wp-content\/uploads\/2023\/03\/logo-Panper_portal.jpg 400w, https:\/\/jornalfatosenoticias.com.br\/wp-content\/uploads\/2023\/03\/logo-Panper_portal-300x208.jpg 300w\" sizes=\"auto, (max-width: 380px) 100vw, 380px\" \/><\/a><\/figure><\/div>\n\n\n\n<p>Como o TCU n\u00e3o firmou o acordo, a \u00c2mbar Energia teria que pagar a multa integralmente ou recorrer \u00e0 Justi\u00e7a, prolongando o caso por anos. No entanto, o Minist\u00e9rio de Minas e Energia decidiu retomar as negocia\u00e7\u00f5es de forma discreta para evitar controv\u00e9rsias, dado o envolvimento dos irm\u00e3os Batista.<br>Se o acordo for concretizado, ser\u00e1 a quarta a\u00e7\u00e3o do governo Lula que beneficia os empres\u00e1rios. Joesley e Wesley Batista, que tiveram destaque nos primeiros mandatos de Lula, estavam fora dos holofotes desde a pris\u00e3o pela Opera\u00e7\u00e3o Lava Jato, que os acusou de ganhos ilegais no mercado financeiro e pagamento de propina. <\/p>\n\n\n\n<div class=\"wp-block-image\"><figure class=\"aligncenter size-large is-resized\"><a href=\"https:\/\/hotelmarquetti.com.br\/\"><img loading=\"lazy\" decoding=\"async\" src=\"https:\/\/jornalfatosenoticias.com.br\/wp-content\/uploads\/2023\/03\/nova-logo-Marquetti.jpg\" alt=\"\" class=\"wp-image-40207\" width=\"343\" height=\"230\" srcset=\"https:\/\/jornalfatosenoticias.com.br\/wp-content\/uploads\/2023\/03\/nova-logo-Marquetti.jpg 643w, https:\/\/jornalfatosenoticias.com.br\/wp-content\/uploads\/2023\/03\/nova-logo-Marquetti-300x202.jpg 300w\" sizes=\"auto, (max-width: 343px) 100vw, 343px\" \/><\/a><\/figure><\/div>\n\n\n\n<p><strong><span class=\"has-inline-color has-black-color\">Com Lula de volta ao poder, os irm\u00e3os Batista j\u00e1 conseguiram v\u00e1rios benef\u00edcios:<br>\u2022<\/span><\/strong> Autoriza\u00e7\u00e3o do Minist\u00e9rio da Educa\u00e7\u00e3o para que o Instituto J&amp;F abra uma universidade.<br><strong><span class=\"has-inline-color has-black-color\">\u2022<\/span><\/strong> Medida provis\u00f3ria que incrementa o caixa da concession\u00e1ria Amazonas Energia, permitindo que ela pague d\u00edvidas com termel\u00e9tricas rec\u00e9m-compradas pela \u00c2mbar, conforme revelou a colunista Malu Gaspar no jornal O Globo.<br><strong><span class=\"has-inline-color has-black-color\">\u2022<\/span><\/strong> Convite de Lula para ingressar no Conselh\u00e3o, grupo que re\u00fane empres\u00e1rios com carta branca para aconselhar o governo.<\/p>\n\n\n\n<div class=\"wp-block-image\"><figure class=\"aligncenter size-large is-resized\"><a href=\"https:\/\/www.facebook.com\/postobkr\/?locale=pt_BR\"><img loading=\"lazy\" decoding=\"async\" src=\"https:\/\/jornalfatosenoticias.com.br\/wp-content\/uploads\/2023\/08\/BKR-1024x1021.jpg\" alt=\"\" class=\"wp-image-44494\" width=\"329\" height=\"328\" srcset=\"https:\/\/jornalfatosenoticias.com.br\/wp-content\/uploads\/2023\/08\/BKR-1024x1021.jpg 1024w, https:\/\/jornalfatosenoticias.com.br\/wp-content\/uploads\/2023\/08\/BKR-300x300.jpg 300w, https:\/\/jornalfatosenoticias.com.br\/wp-content\/uploads\/2023\/08\/BKR-150x150.jpg 150w, https:\/\/jornalfatosenoticias.com.br\/wp-content\/uploads\/2023\/08\/BKR-768x766.jpg 768w, https:\/\/jornalfatosenoticias.com.br\/wp-content\/uploads\/2023\/08\/BKR.jpg 1080w\" sizes=\"auto, (max-width: 329px) 100vw, 329px\" \/><\/a><\/figure><\/div>\n\n\n\n<p><strong><span class=\"has-inline-color has-black-color\">Contrato emergencial<br><\/span><\/strong>O caso da multa bilion\u00e1ria envolve o descumprimento de um contrato emergencial firmado em 2021, que previa a constru\u00e7\u00e3o de quatro usinas termel\u00e9tricas para fornecer energia durante a crise h\u00eddrica que afetou o pa\u00eds em 2020 e 2021, conforme informa\u00e7\u00f5es do site do TCU. A \u00c2mbar n\u00e3o cumpriu o prazo para a instala\u00e7\u00e3o e funcionamento das usinas, o que levou a Aneel (Ag\u00eancia Nacional de Energia El\u00e9trica) a multar a empresa em R$ 1 bilh\u00e3o.<\/p>\n\n\n\n<div class=\"wp-block-image\"><figure class=\"aligncenter size-large\"><a href=\"https:\/\/mizu.com.br\/\"><img loading=\"lazy\" decoding=\"async\" width=\"729\" height=\"90\" src=\"https:\/\/jornalfatosenoticias.com.br\/wp-content\/uploads\/2020\/02\/Logo_Mizu.png\" alt=\"\" class=\"wp-image-1441\" srcset=\"https:\/\/jornalfatosenoticias.com.br\/wp-content\/uploads\/2020\/02\/Logo_Mizu.png 729w, https:\/\/jornalfatosenoticias.com.br\/wp-content\/uploads\/2020\/02\/Logo_Mizu-300x37.png 300w\" sizes=\"auto, (max-width: 729px) 100vw, 729px\" \/><\/a><\/figure><\/div>\n\n\n\n<p>O Minist\u00e9rio de Minas e Energia acionou o TCU para decidir conjuntamente sobre os descumprimentos dos contratos emergenciais. Entre os termos propostos pela \u00c2mbar para um poss\u00edvel acordo estava a substitui\u00e7\u00e3o do fornecimento de energia das quatro usinas pela gera\u00e7\u00e3o em outra instala\u00e7\u00e3o, tamb\u00e9m de propriedade da \u00c2mbar, localizada em Cuiab\u00e1 (MT).<\/p>\n\n\n\n<div class=\"wp-block-image\"><figure class=\"aligncenter size-large\"><a href=\"https:\/\/www.facebook.com\/Esteio-Churrascaria-Barbecue-103643461220402\/\"><img decoding=\"async\" src=\"https:\/\/jornalfatosenoticias.com.br\/wp-content\/uploads\/2020\/02\/logo_esteio.jpg\" alt=\"\" class=\"wp-image-1214\"\/><\/a><\/figure><\/div>\n\n\n\n<p>A Corte n\u00e3o chegou a uma solu\u00e7\u00e3o sobre o caso da \u00c2mbar e a multa bilion\u00e1ria. Os ministros do TCU votaram pelo arquivamento do processo, seguindo o entendimento de que o aval s\u00f3 \u00e9 dado quando h\u00e1 consenso entre os t\u00e9cnicos da C\u00e2mara de Solu\u00e7\u00e3o Consensual. O colegiado, formado por t\u00e9cnicos do TCU, se posicionou ap\u00f3s ouvir todas as partes envolvidas (empresa, governo e ag\u00eancia reguladora). O relator, ministro Benjamin Zymler, indicou que o resultado n\u00e3o impedia o minist\u00e9rio de buscar um acordo diretamente com a empresa.<\/p>\n\n\n\n<div class=\"wp-block-image\"><figure class=\"aligncenter size-large is-resized\"><a href=\"https:\/\/www.controlsystems.com.br\/\"><img loading=\"lazy\" decoding=\"async\" src=\"https:\/\/jornalfatosenoticias.com.br\/wp-content\/uploads\/2020\/02\/CONTROL-CS.jpg\" alt=\"\" class=\"wp-image-44991\" width=\"341\" height=\"409\" srcset=\"https:\/\/jornalfatosenoticias.com.br\/wp-content\/uploads\/2020\/02\/CONTROL-CS.jpg 834w, https:\/\/jornalfatosenoticias.com.br\/wp-content\/uploads\/2020\/02\/CONTROL-CS-250x300.jpg 250w, https:\/\/jornalfatosenoticias.com.br\/wp-content\/uploads\/2020\/02\/CONTROL-CS-768x921.jpg 768w\" sizes=\"auto, (max-width: 341px) 100vw, 341px\" \/><\/a><\/figure><\/div>\n\n\n\n<p>Embora os ministros pudessem ter avalizado o acordo, apesar da posi\u00e7\u00e3o da \u00e1rea t\u00e9cnica, dois ministros do TCU afirmaram \u00e0 coluna que decidiram deixar a pol\u00eamica para o governo, considerando a repercuss\u00e3o que qualquer decis\u00e3o envolvendo a J&amp;F poderia causar. Seis empresas participaram do leil\u00e3o (BTG, \u00c2mbar, KPS, Tradener, Rovema e F\u00eanix), sendo a KPS a \u00fanica estrangeira, com sede na Turquia, pa\u00eds governado pelo ditador Erdogan, aliado de Lula na defesa de um Estado palestino \u2018internacionalmente reconhecido\u2019.<\/p>\n\n\n\n<div class=\"wp-block-image\"><figure class=\"aligncenter size-large is-resized\"><img loading=\"lazy\" decoding=\"async\" src=\"https:\/\/jornalfatosenoticias.com.br\/wp-content\/uploads\/2022\/02\/Precisao-Contabilidade-1024x724.jpg\" alt=\"\" class=\"wp-image-28088\" width=\"345\" height=\"244\"\/><\/figure><\/div>\n\n\n\n<p>Nenhuma das empresas cumpriu o prazo de entrega dos projetos e todas foram multadas pela Aneel, com valores chegando a R$ 1,2 bilh\u00e3o. A maioria, no entanto, j\u00e1 conseguiu reduzir essas multas com o aval do TCU, ajustando os contratos. O BTG foi representado pelo advogado Marcus Vinicius Furtado Coelho, ex-presidente da OAB nacional e um dos maiores doadores da campanha do ministro Alexandre Silveira ao Senado em 2022, com uma contribui\u00e7\u00e3o de R$ 100 mil.<\/p>\n\n\n\n<div class=\"wp-block-image\"><figure class=\"aligncenter size-large is-resized\"><a href=\"https:\/\/hotelmarquetti.com.br\/\"><img loading=\"lazy\" decoding=\"async\" src=\"https:\/\/jornalfatosenoticias.com.br\/wp-content\/uploads\/2023\/03\/nova-logo-Marquetti.jpg\" alt=\"\" class=\"wp-image-40207\" width=\"369\" height=\"248\" srcset=\"https:\/\/jornalfatosenoticias.com.br\/wp-content\/uploads\/2023\/03\/nova-logo-Marquetti.jpg 643w, https:\/\/jornalfatosenoticias.com.br\/wp-content\/uploads\/2023\/03\/nova-logo-Marquetti-300x202.jpg 300w\" sizes=\"auto, (max-width: 369px) 100vw, 369px\" \/><\/a><\/figure><\/div>\n\n\n\n<p>Segundo o TCU, o acordo com o BTG pode reduzir a tarifa emergencial, gerando uma economia estimada em R$ 224 milh\u00f5es at\u00e9 2025. \u00c0 coluna, Marcus Vinicius Furtado Coelho afirmou que trabalha no caso para o BTG h\u00e1 tr\u00eas anos, portanto, antes de Alexandre Silveira assumir o minist\u00e9rio. Sobre a doa\u00e7\u00e3o de campanha, Coelho disse que fez o mesmo para outros candidatos que lhe pediram, totalizando recursos para cinco candidatos.<\/p>\n\n\n\n<div class=\"wp-block-image\"><figure class=\"aligncenter size-large\"><a href=\"https:\/\/www.facebook.com\/vetor.vix\/\"><img loading=\"lazy\" decoding=\"async\" width=\"1024\" height=\"273\" src=\"https:\/\/jornalfatosenoticias.com.br\/wp-content\/uploads\/2023\/09\/vetorvix1024_1.jpg\" alt=\"\" class=\"wp-image-44868\" srcset=\"https:\/\/jornalfatosenoticias.com.br\/wp-content\/uploads\/2023\/09\/vetorvix1024_1.jpg 1024w, https:\/\/jornalfatosenoticias.com.br\/wp-content\/uploads\/2023\/09\/vetorvix1024_1-300x80.jpg 300w, https:\/\/jornalfatosenoticias.com.br\/wp-content\/uploads\/2023\/09\/vetorvix1024_1-768x205.jpg 768w\" sizes=\"auto, (max-width: 1024px) 100vw, 1024px\" \/><\/a><\/figure><\/div>\n\n\n\n<p>Procurada, a \u00c2mbar n\u00e3o se manifestou at\u00e9 o fechamento desta reportagem. O espa\u00e7o permanece aberto para manifesta\u00e7\u00e3o. O Minist\u00e9rio de Minas e Energia disse que n\u00e3o ir\u00e1 comentar.<strong> (Fonte: Conex\u00e3o Pol\u00edtica)<\/strong><\/p>\n\n\n\n<hr class=\"wp-block-separator\"\/>\n","protected":false},"excerpt":{"rendered":"<p>A recente suspens\u00e3o de uma licita\u00e7\u00e3o chave para a Secom tem agitado os corredores pol\u00edticos e causado grande expectativa quanto \u00e0s futuras decis\u00f5es judiciais. Este processo envolve a escolha de quatro empresas que seriam respons\u00e1veis pela comunica\u00e7\u00e3o digital do governo federal, dirigido pelo Sistema de Comunica\u00e7\u00e3o de Governo do Poder Executivo Federal (Sicom). Vamos mergulhar [&hellip;]<\/p>\n","protected":false},"author":3,"featured_media":52642,"comment_status":"open","ping_status":"open","sticky":false,"template":"","format":"standard","meta":{"footnotes":""},"categories":[10],"tags":[24039,2509,1209,16932,860,18343,20574,24037,24038,22552,7580,13048,7769,20573],"class_list":["post-52637","post","type-post","status-publish","format-standard","has-post-thumbnail","hentry","category-politica","tag-ambar-energia","tag-aneel","tag-anvisa","tag-fraudes","tag-governo-federal","tag-governo-lula","tag-irmaos-batista","tag-jf","tag-joesley-batista","tag-licitacoes","tag-lula","tag-ministerio-de-minas-e-energia","tag-tcu","tag-wesley-batista"],"yoast_head":"<!-- This site is optimized with the Yoast SEO plugin v26.5 - https:\/\/yoast.com\/wordpress\/plugins\/seo\/ -->\n<title>A Semana no Brasil e no Mundo \u2014 Ministro do TCU determina que Secom de Lula interrompa licita\u00e7\u00e3o de R$ 200 milh\u00f5es por suspeita de fraude - Jornal Fatos e Not\u00edcias<\/title>\n<meta name=\"robots\" content=\"index, follow, max-snippet:-1, max-image-preview:large, max-video-preview:-1\" \/>\n<link rel=\"canonical\" href=\"https:\/\/jornalfatosenoticias.com.br\/index.php\/2024\/07\/11\/a-semana-no-brasil-e-no-mundo-ministro-do-tcu-determina-que-secom-de-lula-interrompa-licitacao-de-r-200-milhoes-por-suspeita-de-fraude\/\" \/>\n<meta property=\"og:locale\" content=\"pt_BR\" \/>\n<meta property=\"og:type\" content=\"article\" \/>\n<meta property=\"og:title\" content=\"A Semana no Brasil e no Mundo \u2014 Ministro do TCU determina que Secom de Lula interrompa licita\u00e7\u00e3o de R$ 200 milh\u00f5es por suspeita de fraude - Jornal Fatos e Not\u00edcias\" \/>\n<meta property=\"og:description\" content=\"A recente suspens\u00e3o de uma licita\u00e7\u00e3o chave para a Secom tem agitado os corredores pol\u00edticos e causado grande expectativa quanto \u00e0s futuras decis\u00f5es judiciais. Este processo envolve a escolha de quatro empresas que seriam respons\u00e1veis pela comunica\u00e7\u00e3o digital do governo federal, dirigido pelo Sistema de Comunica\u00e7\u00e3o de Governo do Poder Executivo Federal (Sicom). Vamos mergulhar [&hellip;]\" \/>\n<meta property=\"og:url\" content=\"https:\/\/jornalfatosenoticias.com.br\/index.php\/2024\/07\/11\/a-semana-no-brasil-e-no-mundo-ministro-do-tcu-determina-que-secom-de-lula-interrompa-licitacao-de-r-200-milhoes-por-suspeita-de-fraude\/\" \/>\n<meta property=\"og:site_name\" content=\"Jornal Fatos e Not\u00edcias\" \/>\n<meta property=\"article:published_time\" content=\"2024-07-11T21:44:29+00:00\" \/>\n<meta property=\"article:modified_time\" content=\"2024-07-11T21:44:31+00:00\" \/>\n<meta property=\"og:image\" content=\"https:\/\/jornalfatosenoticias.com.br\/wp-content\/uploads\/2024\/07\/Lula_TCU.jpeg\" \/>\n\t<meta property=\"og:image:width\" content=\"1000\" \/>\n\t<meta property=\"og:image:height\" content=\"667\" \/>\n\t<meta property=\"og:image:type\" content=\"image\/jpeg\" \/>\n<meta name=\"author\" content=\"Haroldo Filho\" \/>\n<meta name=\"twitter:card\" content=\"summary_large_image\" \/>\n<meta name=\"twitter:label1\" content=\"Escrito por\" \/>\n\t<meta name=\"twitter:data1\" content=\"Haroldo Filho\" \/>\n\t<meta name=\"twitter:label2\" content=\"Est. tempo de leitura\" \/>\n\t<meta name=\"twitter:data2\" content=\"13 minutos\" \/>\n<script type=\"application\/ld+json\" class=\"yoast-schema-graph\">{\"@context\":\"https:\/\/schema.org\",\"@graph\":[{\"@type\":\"Article\",\"@id\":\"https:\/\/jornalfatosenoticias.com.br\/index.php\/2024\/07\/11\/a-semana-no-brasil-e-no-mundo-ministro-do-tcu-determina-que-secom-de-lula-interrompa-licitacao-de-r-200-milhoes-por-suspeita-de-fraude\/#article\",\"isPartOf\":{\"@id\":\"https:\/\/jornalfatosenoticias.com.br\/index.php\/2024\/07\/11\/a-semana-no-brasil-e-no-mundo-ministro-do-tcu-determina-que-secom-de-lula-interrompa-licitacao-de-r-200-milhoes-por-suspeita-de-fraude\/\"},\"author\":{\"name\":\"Haroldo Filho\",\"@id\":\"https:\/\/jornalfatosenoticias.com.br\/#\/schema\/person\/05c46cc25b42a5c27e004fb0fa6b4965\"},\"headline\":\"A Semana no Brasil e no Mundo \u2014 Ministro do TCU determina que Secom de Lula interrompa licita\u00e7\u00e3o de R$ 200 milh\u00f5es por suspeita de fraude\",\"datePublished\":\"2024-07-11T21:44:29+00:00\",\"dateModified\":\"2024-07-11T21:44:31+00:00\",\"mainEntityOfPage\":{\"@id\":\"https:\/\/jornalfatosenoticias.com.br\/index.php\/2024\/07\/11\/a-semana-no-brasil-e-no-mundo-ministro-do-tcu-determina-que-secom-de-lula-interrompa-licitacao-de-r-200-milhoes-por-suspeita-de-fraude\/\"},\"wordCount\":2609,\"commentCount\":0,\"publisher\":{\"@id\":\"https:\/\/jornalfatosenoticias.com.br\/#organization\"},\"image\":{\"@id\":\"https:\/\/jornalfatosenoticias.com.br\/index.php\/2024\/07\/11\/a-semana-no-brasil-e-no-mundo-ministro-do-tcu-determina-que-secom-de-lula-interrompa-licitacao-de-r-200-milhoes-por-suspeita-de-fraude\/#primaryimage\"},\"thumbnailUrl\":\"https:\/\/jornalfatosenoticias.com.br\/wp-content\/uploads\/2024\/07\/Lula_TCU.jpeg\",\"keywords\":[\"\u00c2mbar Energia\",\"Aneel\",\"Anvisa\",\"fraudes\",\"governo federal\",\"governo Lula\",\"irm\u00e3os Batista\",\"J&amp;F\",\"Joesley Batista\",\"licita\u00e7\u00f5es\",\"Lula\",\"Minist\u00e9rio de Minas e Energia\",\"TCU\",\"Wesley Batista\"],\"articleSection\":[\"Pol\u00edtica\"],\"inLanguage\":\"pt-BR\",\"potentialAction\":[{\"@type\":\"CommentAction\",\"name\":\"Comment\",\"target\":[\"https:\/\/jornalfatosenoticias.com.br\/index.php\/2024\/07\/11\/a-semana-no-brasil-e-no-mundo-ministro-do-tcu-determina-que-secom-de-lula-interrompa-licitacao-de-r-200-milhoes-por-suspeita-de-fraude\/#respond\"]}]},{\"@type\":\"WebPage\",\"@id\":\"https:\/\/jornalfatosenoticias.com.br\/index.php\/2024\/07\/11\/a-semana-no-brasil-e-no-mundo-ministro-do-tcu-determina-que-secom-de-lula-interrompa-licitacao-de-r-200-milhoes-por-suspeita-de-fraude\/\",\"url\":\"https:\/\/jornalfatosenoticias.com.br\/index.php\/2024\/07\/11\/a-semana-no-brasil-e-no-mundo-ministro-do-tcu-determina-que-secom-de-lula-interrompa-licitacao-de-r-200-milhoes-por-suspeita-de-fraude\/\",\"name\":\"A Semana no Brasil e no Mundo \u2014 Ministro do TCU determina que Secom de Lula interrompa licita\u00e7\u00e3o de R$ 200 milh\u00f5es por suspeita de fraude - Jornal Fatos e Not\u00edcias\",\"isPartOf\":{\"@id\":\"https:\/\/jornalfatosenoticias.com.br\/#website\"},\"primaryImageOfPage\":{\"@id\":\"https:\/\/jornalfatosenoticias.com.br\/index.php\/2024\/07\/11\/a-semana-no-brasil-e-no-mundo-ministro-do-tcu-determina-que-secom-de-lula-interrompa-licitacao-de-r-200-milhoes-por-suspeita-de-fraude\/#primaryimage\"},\"image\":{\"@id\":\"https:\/\/jornalfatosenoticias.com.br\/index.php\/2024\/07\/11\/a-semana-no-brasil-e-no-mundo-ministro-do-tcu-determina-que-secom-de-lula-interrompa-licitacao-de-r-200-milhoes-por-suspeita-de-fraude\/#primaryimage\"},\"thumbnailUrl\":\"https:\/\/jornalfatosenoticias.com.br\/wp-content\/uploads\/2024\/07\/Lula_TCU.jpeg\",\"datePublished\":\"2024-07-11T21:44:29+00:00\",\"dateModified\":\"2024-07-11T21:44:31+00:00\",\"breadcrumb\":{\"@id\":\"https:\/\/jornalfatosenoticias.com.br\/index.php\/2024\/07\/11\/a-semana-no-brasil-e-no-mundo-ministro-do-tcu-determina-que-secom-de-lula-interrompa-licitacao-de-r-200-milhoes-por-suspeita-de-fraude\/#breadcrumb\"},\"inLanguage\":\"pt-BR\",\"potentialAction\":[{\"@type\":\"ReadAction\",\"target\":[\"https:\/\/jornalfatosenoticias.com.br\/index.php\/2024\/07\/11\/a-semana-no-brasil-e-no-mundo-ministro-do-tcu-determina-que-secom-de-lula-interrompa-licitacao-de-r-200-milhoes-por-suspeita-de-fraude\/\"]}]},{\"@type\":\"ImageObject\",\"inLanguage\":\"pt-BR\",\"@id\":\"https:\/\/jornalfatosenoticias.com.br\/index.php\/2024\/07\/11\/a-semana-no-brasil-e-no-mundo-ministro-do-tcu-determina-que-secom-de-lula-interrompa-licitacao-de-r-200-milhoes-por-suspeita-de-fraude\/#primaryimage\",\"url\":\"https:\/\/jornalfatosenoticias.com.br\/wp-content\/uploads\/2024\/07\/Lula_TCU.jpeg\",\"contentUrl\":\"https:\/\/jornalfatosenoticias.com.br\/wp-content\/uploads\/2024\/07\/Lula_TCU.jpeg\",\"width\":1000,\"height\":667},{\"@type\":\"BreadcrumbList\",\"@id\":\"https:\/\/jornalfatosenoticias.com.br\/index.php\/2024\/07\/11\/a-semana-no-brasil-e-no-mundo-ministro-do-tcu-determina-que-secom-de-lula-interrompa-licitacao-de-r-200-milhoes-por-suspeita-de-fraude\/#breadcrumb\",\"itemListElement\":[{\"@type\":\"ListItem\",\"position\":1,\"name\":\"In\u00edcio\",\"item\":\"https:\/\/jornalfatosenoticias.com.br\/\"},{\"@type\":\"ListItem\",\"position\":2,\"name\":\"A Semana no Brasil e no Mundo \u2014 Ministro do TCU determina que Secom de Lula interrompa licita\u00e7\u00e3o de R$ 200 milh\u00f5es por suspeita de fraude\"}]},{\"@type\":\"WebSite\",\"@id\":\"https:\/\/jornalfatosenoticias.com.br\/#website\",\"url\":\"https:\/\/jornalfatosenoticias.com.br\/\",\"name\":\"Jornal Fatos e Not\u00edcias\",\"description\":\"Not\u00edcias em geral\",\"publisher\":{\"@id\":\"https:\/\/jornalfatosenoticias.com.br\/#organization\"},\"potentialAction\":[{\"@type\":\"SearchAction\",\"target\":{\"@type\":\"EntryPoint\",\"urlTemplate\":\"https:\/\/jornalfatosenoticias.com.br\/?s={search_term_string}\"},\"query-input\":{\"@type\":\"PropertyValueSpecification\",\"valueRequired\":true,\"valueName\":\"search_term_string\"}}],\"inLanguage\":\"pt-BR\"},{\"@type\":\"Organization\",\"@id\":\"https:\/\/jornalfatosenoticias.com.br\/#organization\",\"name\":\"Jornal Fatos e Not\u00edcias\",\"url\":\"https:\/\/jornalfatosenoticias.com.br\/\",\"logo\":{\"@type\":\"ImageObject\",\"inLanguage\":\"pt-BR\",\"@id\":\"https:\/\/jornalfatosenoticias.com.br\/#\/schema\/logo\/image\/\",\"url\":\"https:\/\/jornalfatosenoticias.com.br\/wp-content\/uploads\/2020\/02\/logo120.png\",\"contentUrl\":\"https:\/\/jornalfatosenoticias.com.br\/wp-content\/uploads\/2020\/02\/logo120.png\",\"width\":1227,\"height\":120,\"caption\":\"Jornal Fatos e Not\u00edcias\"},\"image\":{\"@id\":\"https:\/\/jornalfatosenoticias.com.br\/#\/schema\/logo\/image\/\"}},{\"@type\":\"Person\",\"@id\":\"https:\/\/jornalfatosenoticias.com.br\/#\/schema\/person\/05c46cc25b42a5c27e004fb0fa6b4965\",\"name\":\"Haroldo Filho\",\"image\":{\"@type\":\"ImageObject\",\"inLanguage\":\"pt-BR\",\"@id\":\"https:\/\/jornalfatosenoticias.com.br\/#\/schema\/person\/image\/\",\"url\":\"https:\/\/jornalfatosenoticias.com.br\/wp-content\/uploads\/2025\/08\/WhatsApp-Image-2025-08-18-at-15.30.28-150x150.jpeg\",\"contentUrl\":\"https:\/\/jornalfatosenoticias.com.br\/wp-content\/uploads\/2025\/08\/WhatsApp-Image-2025-08-18-at-15.30.28-150x150.jpeg\",\"caption\":\"Haroldo Filho\"},\"description\":\"Jornalista \u2013 DRT: 0003818\/ES Coordenador-geral da ONG Educar para Crescer\",\"url\":\"https:\/\/jornalfatosenoticias.com.br\/index.php\/author\/haroldo\/\"}]}<\/script>\n<!-- \/ Yoast SEO plugin. -->","yoast_head_json":{"title":"A Semana no Brasil e no Mundo \u2014 Ministro do TCU determina que Secom de Lula interrompa licita\u00e7\u00e3o de R$ 200 milh\u00f5es por suspeita de fraude - Jornal Fatos e Not\u00edcias","robots":{"index":"index","follow":"follow","max-snippet":"max-snippet:-1","max-image-preview":"max-image-preview:large","max-video-preview":"max-video-preview:-1"},"canonical":"https:\/\/jornalfatosenoticias.com.br\/index.php\/2024\/07\/11\/a-semana-no-brasil-e-no-mundo-ministro-do-tcu-determina-que-secom-de-lula-interrompa-licitacao-de-r-200-milhoes-por-suspeita-de-fraude\/","og_locale":"pt_BR","og_type":"article","og_title":"A Semana no Brasil e no Mundo \u2014 Ministro do TCU determina que Secom de Lula interrompa licita\u00e7\u00e3o de R$ 200 milh\u00f5es por suspeita de fraude - Jornal Fatos e Not\u00edcias","og_description":"A recente suspens\u00e3o de uma licita\u00e7\u00e3o chave para a Secom tem agitado os corredores pol\u00edticos e causado grande expectativa quanto \u00e0s futuras decis\u00f5es judiciais. Este processo envolve a escolha de quatro empresas que seriam respons\u00e1veis pela comunica\u00e7\u00e3o digital do governo federal, dirigido pelo Sistema de Comunica\u00e7\u00e3o de Governo do Poder Executivo Federal (Sicom). Vamos mergulhar [&hellip;]","og_url":"https:\/\/jornalfatosenoticias.com.br\/index.php\/2024\/07\/11\/a-semana-no-brasil-e-no-mundo-ministro-do-tcu-determina-que-secom-de-lula-interrompa-licitacao-de-r-200-milhoes-por-suspeita-de-fraude\/","og_site_name":"Jornal Fatos e Not\u00edcias","article_published_time":"2024-07-11T21:44:29+00:00","article_modified_time":"2024-07-11T21:44:31+00:00","og_image":[{"width":1000,"height":667,"url":"https:\/\/jornalfatosenoticias.com.br\/wp-content\/uploads\/2024\/07\/Lula_TCU.jpeg","type":"image\/jpeg"}],"author":"Haroldo Filho","twitter_card":"summary_large_image","twitter_misc":{"Escrito por":"Haroldo Filho","Est. tempo de leitura":"13 minutos"},"schema":{"@context":"https:\/\/schema.org","@graph":[{"@type":"Article","@id":"https:\/\/jornalfatosenoticias.com.br\/index.php\/2024\/07\/11\/a-semana-no-brasil-e-no-mundo-ministro-do-tcu-determina-que-secom-de-lula-interrompa-licitacao-de-r-200-milhoes-por-suspeita-de-fraude\/#article","isPartOf":{"@id":"https:\/\/jornalfatosenoticias.com.br\/index.php\/2024\/07\/11\/a-semana-no-brasil-e-no-mundo-ministro-do-tcu-determina-que-secom-de-lula-interrompa-licitacao-de-r-200-milhoes-por-suspeita-de-fraude\/"},"author":{"name":"Haroldo Filho","@id":"https:\/\/jornalfatosenoticias.com.br\/#\/schema\/person\/05c46cc25b42a5c27e004fb0fa6b4965"},"headline":"A Semana no Brasil e no Mundo \u2014 Ministro do TCU determina que Secom de Lula interrompa licita\u00e7\u00e3o de R$ 200 milh\u00f5es por suspeita de fraude","datePublished":"2024-07-11T21:44:29+00:00","dateModified":"2024-07-11T21:44:31+00:00","mainEntityOfPage":{"@id":"https:\/\/jornalfatosenoticias.com.br\/index.php\/2024\/07\/11\/a-semana-no-brasil-e-no-mundo-ministro-do-tcu-determina-que-secom-de-lula-interrompa-licitacao-de-r-200-milhoes-por-suspeita-de-fraude\/"},"wordCount":2609,"commentCount":0,"publisher":{"@id":"https:\/\/jornalfatosenoticias.com.br\/#organization"},"image":{"@id":"https:\/\/jornalfatosenoticias.com.br\/index.php\/2024\/07\/11\/a-semana-no-brasil-e-no-mundo-ministro-do-tcu-determina-que-secom-de-lula-interrompa-licitacao-de-r-200-milhoes-por-suspeita-de-fraude\/#primaryimage"},"thumbnailUrl":"https:\/\/jornalfatosenoticias.com.br\/wp-content\/uploads\/2024\/07\/Lula_TCU.jpeg","keywords":["\u00c2mbar Energia","Aneel","Anvisa","fraudes","governo federal","governo Lula","irm\u00e3os Batista","J&amp;F","Joesley Batista","licita\u00e7\u00f5es","Lula","Minist\u00e9rio de Minas e Energia","TCU","Wesley Batista"],"articleSection":["Pol\u00edtica"],"inLanguage":"pt-BR","potentialAction":[{"@type":"CommentAction","name":"Comment","target":["https:\/\/jornalfatosenoticias.com.br\/index.php\/2024\/07\/11\/a-semana-no-brasil-e-no-mundo-ministro-do-tcu-determina-que-secom-de-lula-interrompa-licitacao-de-r-200-milhoes-por-suspeita-de-fraude\/#respond"]}]},{"@type":"WebPage","@id":"https:\/\/jornalfatosenoticias.com.br\/index.php\/2024\/07\/11\/a-semana-no-brasil-e-no-mundo-ministro-do-tcu-determina-que-secom-de-lula-interrompa-licitacao-de-r-200-milhoes-por-suspeita-de-fraude\/","url":"https:\/\/jornalfatosenoticias.com.br\/index.php\/2024\/07\/11\/a-semana-no-brasil-e-no-mundo-ministro-do-tcu-determina-que-secom-de-lula-interrompa-licitacao-de-r-200-milhoes-por-suspeita-de-fraude\/","name":"A Semana no Brasil e no Mundo \u2014 Ministro do TCU determina que Secom de Lula interrompa licita\u00e7\u00e3o de R$ 200 milh\u00f5es por suspeita de fraude - Jornal Fatos e Not\u00edcias","isPartOf":{"@id":"https:\/\/jornalfatosenoticias.com.br\/#website"},"primaryImageOfPage":{"@id":"https:\/\/jornalfatosenoticias.com.br\/index.php\/2024\/07\/11\/a-semana-no-brasil-e-no-mundo-ministro-do-tcu-determina-que-secom-de-lula-interrompa-licitacao-de-r-200-milhoes-por-suspeita-de-fraude\/#primaryimage"},"image":{"@id":"https:\/\/jornalfatosenoticias.com.br\/index.php\/2024\/07\/11\/a-semana-no-brasil-e-no-mundo-ministro-do-tcu-determina-que-secom-de-lula-interrompa-licitacao-de-r-200-milhoes-por-suspeita-de-fraude\/#primaryimage"},"thumbnailUrl":"https:\/\/jornalfatosenoticias.com.br\/wp-content\/uploads\/2024\/07\/Lula_TCU.jpeg","datePublished":"2024-07-11T21:44:29+00:00","dateModified":"2024-07-11T21:44:31+00:00","breadcrumb":{"@id":"https:\/\/jornalfatosenoticias.com.br\/index.php\/2024\/07\/11\/a-semana-no-brasil-e-no-mundo-ministro-do-tcu-determina-que-secom-de-lula-interrompa-licitacao-de-r-200-milhoes-por-suspeita-de-fraude\/#breadcrumb"},"inLanguage":"pt-BR","potentialAction":[{"@type":"ReadAction","target":["https:\/\/jornalfatosenoticias.com.br\/index.php\/2024\/07\/11\/a-semana-no-brasil-e-no-mundo-ministro-do-tcu-determina-que-secom-de-lula-interrompa-licitacao-de-r-200-milhoes-por-suspeita-de-fraude\/"]}]},{"@type":"ImageObject","inLanguage":"pt-BR","@id":"https:\/\/jornalfatosenoticias.com.br\/index.php\/2024\/07\/11\/a-semana-no-brasil-e-no-mundo-ministro-do-tcu-determina-que-secom-de-lula-interrompa-licitacao-de-r-200-milhoes-por-suspeita-de-fraude\/#primaryimage","url":"https:\/\/jornalfatosenoticias.com.br\/wp-content\/uploads\/2024\/07\/Lula_TCU.jpeg","contentUrl":"https:\/\/jornalfatosenoticias.com.br\/wp-content\/uploads\/2024\/07\/Lula_TCU.jpeg","width":1000,"height":667},{"@type":"BreadcrumbList","@id":"https:\/\/jornalfatosenoticias.com.br\/index.php\/2024\/07\/11\/a-semana-no-brasil-e-no-mundo-ministro-do-tcu-determina-que-secom-de-lula-interrompa-licitacao-de-r-200-milhoes-por-suspeita-de-fraude\/#breadcrumb","itemListElement":[{"@type":"ListItem","position":1,"name":"In\u00edcio","item":"https:\/\/jornalfatosenoticias.com.br\/"},{"@type":"ListItem","position":2,"name":"A Semana no Brasil e no Mundo \u2014 Ministro do TCU determina que Secom de Lula interrompa licita\u00e7\u00e3o de R$ 200 milh\u00f5es por suspeita de fraude"}]},{"@type":"WebSite","@id":"https:\/\/jornalfatosenoticias.com.br\/#website","url":"https:\/\/jornalfatosenoticias.com.br\/","name":"Jornal Fatos e Not\u00edcias","description":"Not\u00edcias em geral","publisher":{"@id":"https:\/\/jornalfatosenoticias.com.br\/#organization"},"potentialAction":[{"@type":"SearchAction","target":{"@type":"EntryPoint","urlTemplate":"https:\/\/jornalfatosenoticias.com.br\/?s={search_term_string}"},"query-input":{"@type":"PropertyValueSpecification","valueRequired":true,"valueName":"search_term_string"}}],"inLanguage":"pt-BR"},{"@type":"Organization","@id":"https:\/\/jornalfatosenoticias.com.br\/#organization","name":"Jornal Fatos e Not\u00edcias","url":"https:\/\/jornalfatosenoticias.com.br\/","logo":{"@type":"ImageObject","inLanguage":"pt-BR","@id":"https:\/\/jornalfatosenoticias.com.br\/#\/schema\/logo\/image\/","url":"https:\/\/jornalfatosenoticias.com.br\/wp-content\/uploads\/2020\/02\/logo120.png","contentUrl":"https:\/\/jornalfatosenoticias.com.br\/wp-content\/uploads\/2020\/02\/logo120.png","width":1227,"height":120,"caption":"Jornal Fatos e Not\u00edcias"},"image":{"@id":"https:\/\/jornalfatosenoticias.com.br\/#\/schema\/logo\/image\/"}},{"@type":"Person","@id":"https:\/\/jornalfatosenoticias.com.br\/#\/schema\/person\/05c46cc25b42a5c27e004fb0fa6b4965","name":"Haroldo Filho","image":{"@type":"ImageObject","inLanguage":"pt-BR","@id":"https:\/\/jornalfatosenoticias.com.br\/#\/schema\/person\/image\/","url":"https:\/\/jornalfatosenoticias.com.br\/wp-content\/uploads\/2025\/08\/WhatsApp-Image-2025-08-18-at-15.30.28-150x150.jpeg","contentUrl":"https:\/\/jornalfatosenoticias.com.br\/wp-content\/uploads\/2025\/08\/WhatsApp-Image-2025-08-18-at-15.30.28-150x150.jpeg","caption":"Haroldo Filho"},"description":"Jornalista \u2013 DRT: 0003818\/ES Coordenador-geral da ONG Educar para Crescer","url":"https:\/\/jornalfatosenoticias.com.br\/index.php\/author\/haroldo\/"}]}},"cc_featured_image_caption":{"caption_text":"(Foto: Marcelo Camargo\/Ag\u00eancia Brasil)  ","source_text":"","source_url":""},"jetpack_featured_media_url":"https:\/\/jornalfatosenoticias.com.br\/wp-content\/uploads\/2024\/07\/Lula_TCU.jpeg","_links":{"self":[{"href":"https:\/\/jornalfatosenoticias.com.br\/index.php\/wp-json\/wp\/v2\/posts\/52637","targetHints":{"allow":["GET"]}}],"collection":[{"href":"https:\/\/jornalfatosenoticias.com.br\/index.php\/wp-json\/wp\/v2\/posts"}],"about":[{"href":"https:\/\/jornalfatosenoticias.com.br\/index.php\/wp-json\/wp\/v2\/types\/post"}],"author":[{"embeddable":true,"href":"https:\/\/jornalfatosenoticias.com.br\/index.php\/wp-json\/wp\/v2\/users\/3"}],"replies":[{"embeddable":true,"href":"https:\/\/jornalfatosenoticias.com.br\/index.php\/wp-json\/wp\/v2\/comments?post=52637"}],"version-history":[{"count":0,"href":"https:\/\/jornalfatosenoticias.com.br\/index.php\/wp-json\/wp\/v2\/posts\/52637\/revisions"}],"wp:featuredmedia":[{"embeddable":true,"href":"https:\/\/jornalfatosenoticias.com.br\/index.php\/wp-json\/wp\/v2\/media\/52642"}],"wp:attachment":[{"href":"https:\/\/jornalfatosenoticias.com.br\/index.php\/wp-json\/wp\/v2\/media?parent=52637"}],"wp:term":[{"taxonomy":"category","embeddable":true,"href":"https:\/\/jornalfatosenoticias.com.br\/index.php\/wp-json\/wp\/v2\/categories?post=52637"},{"taxonomy":"post_tag","embeddable":true,"href":"https:\/\/jornalfatosenoticias.com.br\/index.php\/wp-json\/wp\/v2\/tags?post=52637"}],"curies":[{"name":"wp","href":"https:\/\/api.w.org\/{rel}","templated":true}]}}