{"id":52705,"date":"2024-07-15T11:14:57","date_gmt":"2024-07-15T14:14:57","guid":{"rendered":"https:\/\/jornalfatosenoticias.com.br\/?p=52705"},"modified":"2024-07-15T11:14:59","modified_gmt":"2024-07-15T14:14:59","slug":"tres-oleos-essenciais-para-cuidar-da-saude-no-inverno","status":"publish","type":"post","link":"https:\/\/jornalfatosenoticias.com.br\/index.php\/2024\/07\/15\/tres-oleos-essenciais-para-cuidar-da-saude-no-inverno\/","title":{"rendered":"Tr\u00eas \u00f3leos essenciais para cuidar da sa\u00fade no inverno"},"content":{"rendered":"\n<p><em><span class=\"has-inline-color has-black-color\">Propriedades dos produtos naturais trazem benef\u00edcios para respira\u00e7\u00e3o, tosse e inflama\u00e7\u00f5es<\/span><\/em><\/p>\n\n\n\n<div class=\"wp-block-image\"><figure class=\"aligncenter size-large is-resized\"><a href=\"https:\/\/www.facebook.com\/vetor.vix\/\"><img loading=\"lazy\" decoding=\"async\" src=\"https:\/\/jornalfatosenoticias.com.br\/wp-content\/uploads\/2023\/09\/vetorvix1024_1.jpg\" alt=\"\" class=\"wp-image-44868\" width=\"524\" height=\"139\" srcset=\"https:\/\/jornalfatosenoticias.com.br\/wp-content\/uploads\/2023\/09\/vetorvix1024_1.jpg 1024w, https:\/\/jornalfatosenoticias.com.br\/wp-content\/uploads\/2023\/09\/vetorvix1024_1-300x80.jpg 300w, https:\/\/jornalfatosenoticias.com.br\/wp-content\/uploads\/2023\/09\/vetorvix1024_1-768x205.jpg 768w\" sizes=\"auto, (max-width: 524px) 100vw, 524px\" \/><\/a><\/figure><\/div>\n\n\n\n<p>O inverno come\u00e7ou oficialmente no dia 20 de junho e com ele, a varia\u00e7\u00e3o de temperatura que faz nossa imunidade baixar e pode trazer alguns riscos \u00e0 sa\u00fade, como problemas respirat\u00f3rios, como <a href=\"https:\/\/ciclovivo.com.br\/vida-sustentavel\/bem-estar\/7-perguntas-e-respostas-sobre-a-gripe\/\" target=\"_blank\" rel=\"noreferrer noopener\">gripe<\/a>, resfriado, rinite e sinusite.<br>De acordo com o Instituto Nacional de Meteorologia, o inverno de 2023 foi o mais quente das \u00faltimas d\u00e9cadas, com term\u00f4metros acima dos 30\u00b0C e, por vezes, seguidos de um frio intenso. Em 2024, dias quentes e frios tamb\u00e9m est\u00e3o se intercalando e \u00e9 importante prestar um pouco mais de aten\u00e7\u00e3o ao nosso corpo.<br>Para amenizar os efeitos da amplitude t\u00e9rmica de forma natural, a aromaterapeuta Daiana Petry, fundadora da <a href=\"https:\/\/harmoniearomaterapia.com.br\/\" target=\"_blank\" rel=\"noreferrer noopener\">Harmonie Aromaterapia<\/a> criou uma lista com tr\u00eas sugest\u00f5es de \u00f3leos essenciais capazes de trazer benef\u00edcios \u00e0 nossa sa\u00fade nessa \u00e9poca do ano.<\/p>\n\n\n\n<div class=\"wp-block-image\"><figure class=\"aligncenter size-large\"><a href=\"https:\/\/www.instagram.com\/baraodascarnes.es\/\"><img decoding=\"async\" src=\"https:\/\/jornalfatosenoticias.com.br\/wp-content\/uploads\/2020\/02\/barao-das-carnes-300x164-1.jpg\" alt=\"\" class=\"wp-image-34339\"\/><\/a><\/figure><\/div>\n\n\n\n<p><strong><span class=\"has-inline-color has-vivid-purple-color\">Tea tree \u2014 Melaleuca<br><\/span><\/strong>Imunomodulador, antimicrobiano e antiviral. \u00c9 \u00fatil para prevenir infec\u00e7\u00f5es respirat\u00f3rias.<br>Como utilizar: 3 a 4 gotas no difusor de ambientes.<br>Composi\u00e7\u00e3o qu\u00edmica: Terpinen-4-ol e gama-terpineno.<\/p>\n\n\n\n<div class=\"wp-block-image\"><figure class=\"aligncenter size-large\"><a href=\"https:\/\/www.facebook.com\/Esteio-Churrascaria-Barbecue-103643461220402\/\"><img decoding=\"async\" src=\"https:\/\/jornalfatosenoticias.com.br\/wp-content\/uploads\/2020\/02\/logo_esteio.jpg\" alt=\"\" class=\"wp-image-1214\"\/><\/a><\/figure><\/div>\n\n\n\n<p><strong><span class=\"has-inline-color has-vivid-purple-color\">\u00d3leo essencial de ol\u00edbano<br><\/span><\/strong>Reduz a inflama\u00e7\u00e3o, calmante e expectorante. \u00c9 indicado para aliviar desconforto respirat\u00f3rio e a tosse.<br>Como utilizar: 3 gotas em 10ml de \u00f3leo vegetal de sua prefer\u00eancia. Aplique na forma de massagem na regi\u00e3o do peito e garganta, 3 vezes ao dia.<br>Composi\u00e7\u00e3o qu\u00edmica: D-limoneno e Alfa-pineno.<\/p>\n\n\n\n<div class=\"wp-block-image\"><figure class=\"aligncenter size-large\"><a href=\"https:\/\/cesconetto.com.br\/\"><img loading=\"lazy\" decoding=\"async\" width=\"300\" height=\"250\" src=\"https:\/\/jornalfatosenoticias.com.br\/wp-content\/uploads\/2020\/02\/Banner-2.png\" alt=\"\" class=\"wp-image-43787\"\/><\/a><\/figure><\/div>\n\n\n\n<p><strong><span class=\"has-inline-color has-vivid-purple-color\">\u00d3leo essencial de lim\u00e3o-siciliano<br><\/span><\/strong>Melhora o humor, reduz o cansa\u00e7o, ansiedade, estresse e favorece a imunidade.<br>Como utilizar: 3 a 4 gotas no difusor de ambientes.<br>Composi\u00e7\u00e3o qu\u00edmica: D-limoneno e gama-terpineno.<\/p>\n\n\n\n<div class=\"wp-block-image\"><figure class=\"aligncenter size-large is-resized\"><a href=\"https:\/\/hotelmarquetti.com.br\/\"><img loading=\"lazy\" decoding=\"async\" src=\"https:\/\/jornalfatosenoticias.com.br\/wp-content\/uploads\/2023\/03\/nova-logo-Marquetti.jpg\" alt=\"\" class=\"wp-image-40207\" width=\"319\" height=\"214\" srcset=\"https:\/\/jornalfatosenoticias.com.br\/wp-content\/uploads\/2023\/03\/nova-logo-Marquetti.jpg 643w, https:\/\/jornalfatosenoticias.com.br\/wp-content\/uploads\/2023\/03\/nova-logo-Marquetti-300x202.jpg 300w\" sizes=\"auto, (max-width: 319px) 100vw, 319px\" \/><\/a><\/figure><\/div>\n\n\n\n<p><strong><span class=\"has-inline-color has-vivid-purple-color\">Saiba mais sobre \u00f3leos essenciais<br><\/span><\/strong>O termo \u2018Aromaterapia\u2019 foi criado na d\u00e9cada de 1920, por Ren\u00e9-Maurice Gattefoss\u00e9, permitiu que o estudo sobre os \u00f3leos essenciais se tornasse uma disciplina e que a sua aplica\u00e7\u00e3o terap\u00eautica se tornasse uma terapia. O tratamento com Aromaterapia envolve uma consulta, na qual se realiza uma an\u00e1lise para identificar o hist\u00f3rico m\u00e9dico e o estilo de vida do paciente e, ent\u00e3o, se prepara uma formula\u00e7\u00e3o personalizada de \u00f3leos para o tratamento.<\/p>\n\n\n\n<div class=\"wp-block-image\"><figure class=\"aligncenter size-large\"><a href=\"http:\/\/www.ferrarimaquinas.com.br\/\"><img loading=\"lazy\" decoding=\"async\" width=\"300\" height=\"250\" src=\"https:\/\/jornalfatosenoticias.com.br\/wp-content\/uploads\/2022\/02\/FERRARI_MAQUINAS-E-FERRAMENTAS2.jpg\" alt=\"\" class=\"wp-image-27860\"\/><\/a><\/figure><\/div>\n\n\n\n<p>Para quem quiser aprofundar o assunto, Daiana reuniu grande parte de seus estudos em \u201c<strong>Psicoaromaterapia: Um caminho para o autocuidado\u201d<\/strong>, livro que funciona como um guia para quem quer mergulhar nesse universo. O livro ainda ensina a gerenciarmos a ansiedade, depress\u00e3o e o estresse de forma natural. <a href=\"https:\/\/www.instagram.com\/harmoniearomaterapia\/\">Daiana Petry<\/a> \u00e9 aromaterapeuta, perfumista bot\u00e2nica, natur\u00f3loga e especialista em neuroci\u00eancia.<\/p>\n\n\n\n<div class=\"wp-block-image\"><figure class=\"aligncenter size-large\"><a href=\"https:\/\/www.controlsystems.com.br\/\"><img loading=\"lazy\" decoding=\"async\" width=\"1024\" height=\"109\" src=\"https:\/\/jornalfatosenoticias.com.br\/wp-content\/uploads\/2020\/02\/CONTROL-CS2-1024x109.jpg\" alt=\"\" class=\"wp-image-44989\" srcset=\"https:\/\/jornalfatosenoticias.com.br\/wp-content\/uploads\/2020\/02\/CONTROL-CS2-1024x109.jpg 1024w, https:\/\/jornalfatosenoticias.com.br\/wp-content\/uploads\/2020\/02\/CONTROL-CS2-300x32.jpg 300w, https:\/\/jornalfatosenoticias.com.br\/wp-content\/uploads\/2020\/02\/CONTROL-CS2-768x82.jpg 768w, https:\/\/jornalfatosenoticias.com.br\/wp-content\/uploads\/2020\/02\/CONTROL-CS2.jpg 1120w\" sizes=\"auto, (max-width: 1024px) 100vw, 1024px\" \/><\/a><\/figure><\/div>\n\n\n\n<p><strong><em>Fonte: <a href=\"https:\/\/ciclovivo.com.br\/vida-sustentavel\/bem-estar\/3-oleos-essenciais-para-cuidar-da-saude-no-inverno\/\">CicloVivo<\/a><\/em><\/strong><\/p>\n\n\n\n<p><em><span class=\"has-inline-color has-black-color\"><br><\/span><\/em><\/p>\n","protected":false},"excerpt":{"rendered":"<p>Propriedades dos produtos naturais trazem benef\u00edcios para respira\u00e7\u00e3o, tosse e inflama\u00e7\u00f5es O inverno come\u00e7ou oficialmente no dia 20 de junho e com ele, a varia\u00e7\u00e3o de temperatura que faz nossa imunidade baixar e pode trazer alguns riscos \u00e0 sa\u00fade, como problemas respirat\u00f3rios, como gripe, resfriado, rinite e sinusite.De acordo com o Instituto Nacional de Meteorologia, [&hellip;]<\/p>\n","protected":false},"author":2,"featured_media":52706,"comment_status":"open","ping_status":"open","sticky":false,"template":"","format":"standard","meta":{"footnotes":""},"categories":[42],"tags":[385,3453,24066,24065,7994],"class_list":["post-52705","post","type-post","status-publish","format-standard","has-post-thumbnail","hentry","category-bem-estar","tag-bem-estar","tag-inverno","tag-medicina-natural","tag-oleo-essencial","tag-oleos-essenciais"],"yoast_head":"<!-- This site is optimized with the Yoast SEO plugin v26.5 - https:\/\/yoast.com\/wordpress\/plugins\/seo\/ -->\n<title>Tr\u00eas \u00f3leos essenciais para cuidar da sa\u00fade no inverno - Jornal Fatos e Not\u00edcias<\/title>\n<meta name=\"robots\" content=\"index, follow, max-snippet:-1, max-image-preview:large, max-video-preview:-1\" \/>\n<link rel=\"canonical\" href=\"https:\/\/jornalfatosenoticias.com.br\/index.php\/2024\/07\/15\/tres-oleos-essenciais-para-cuidar-da-saude-no-inverno\/\" \/>\n<meta property=\"og:locale\" content=\"pt_BR\" \/>\n<meta property=\"og:type\" content=\"article\" \/>\n<meta property=\"og:title\" content=\"Tr\u00eas \u00f3leos essenciais para cuidar da sa\u00fade no inverno - Jornal Fatos e Not\u00edcias\" \/>\n<meta property=\"og:description\" content=\"Propriedades dos produtos naturais trazem benef\u00edcios para respira\u00e7\u00e3o, tosse e inflama\u00e7\u00f5es O inverno come\u00e7ou oficialmente no dia 20 de junho e com ele, a varia\u00e7\u00e3o de temperatura que faz nossa imunidade baixar e pode trazer alguns riscos \u00e0 sa\u00fade, como problemas respirat\u00f3rios, como gripe, resfriado, rinite e sinusite.De acordo com o Instituto Nacional de Meteorologia, [&hellip;]\" \/>\n<meta property=\"og:url\" content=\"https:\/\/jornalfatosenoticias.com.br\/index.php\/2024\/07\/15\/tres-oleos-essenciais-para-cuidar-da-saude-no-inverno\/\" \/>\n<meta property=\"og:site_name\" content=\"Jornal Fatos e Not\u00edcias\" \/>\n<meta property=\"article:published_time\" content=\"2024-07-15T14:14:57+00:00\" \/>\n<meta property=\"article:modified_time\" content=\"2024-07-15T14:14:59+00:00\" \/>\n<meta property=\"og:image\" content=\"https:\/\/jornalfatosenoticias.com.br\/wp-content\/uploads\/2024\/07\/oleos-essenciais_freepik.jpg\" \/>\n\t<meta property=\"og:image:width\" content=\"740\" \/>\n\t<meta property=\"og:image:height\" content=\"500\" \/>\n\t<meta property=\"og:image:type\" content=\"image\/jpeg\" \/>\n<meta name=\"author\" content=\"Luzimara Fernandes\" \/>\n<meta name=\"twitter:card\" content=\"summary_large_image\" \/>\n<meta name=\"twitter:label1\" content=\"Escrito por\" \/>\n\t<meta name=\"twitter:data1\" content=\"Luzimara Fernandes\" \/>\n\t<meta name=\"twitter:label2\" content=\"Est. tempo de leitura\" \/>\n\t<meta name=\"twitter:data2\" content=\"2 minutos\" \/>\n<script type=\"application\/ld+json\" class=\"yoast-schema-graph\">{\"@context\":\"https:\/\/schema.org\",\"@graph\":[{\"@type\":\"Article\",\"@id\":\"https:\/\/jornalfatosenoticias.com.br\/index.php\/2024\/07\/15\/tres-oleos-essenciais-para-cuidar-da-saude-no-inverno\/#article\",\"isPartOf\":{\"@id\":\"https:\/\/jornalfatosenoticias.com.br\/index.php\/2024\/07\/15\/tres-oleos-essenciais-para-cuidar-da-saude-no-inverno\/\"},\"author\":{\"name\":\"Luzimara Fernandes\",\"@id\":\"https:\/\/jornalfatosenoticias.com.br\/#\/schema\/person\/d63837fa13ac8666eb9e74e0985d6f81\"},\"headline\":\"Tr\u00eas \u00f3leos essenciais para cuidar da sa\u00fade no inverno\",\"datePublished\":\"2024-07-15T14:14:57+00:00\",\"dateModified\":\"2024-07-15T14:14:59+00:00\",\"mainEntityOfPage\":{\"@id\":\"https:\/\/jornalfatosenoticias.com.br\/index.php\/2024\/07\/15\/tres-oleos-essenciais-para-cuidar-da-saude-no-inverno\/\"},\"wordCount\":427,\"commentCount\":0,\"publisher\":{\"@id\":\"https:\/\/jornalfatosenoticias.com.br\/#organization\"},\"image\":{\"@id\":\"https:\/\/jornalfatosenoticias.com.br\/index.php\/2024\/07\/15\/tres-oleos-essenciais-para-cuidar-da-saude-no-inverno\/#primaryimage\"},\"thumbnailUrl\":\"https:\/\/jornalfatosenoticias.com.br\/wp-content\/uploads\/2024\/07\/oleos-essenciais_freepik.jpg\",\"keywords\":[\"bem-estar\",\"inverno\",\"medicina natural\",\"\u00f3leo essencial\",\"\u00f3leos essenciais\"],\"articleSection\":[\"Bem-estar\"],\"inLanguage\":\"pt-BR\",\"potentialAction\":[{\"@type\":\"CommentAction\",\"name\":\"Comment\",\"target\":[\"https:\/\/jornalfatosenoticias.com.br\/index.php\/2024\/07\/15\/tres-oleos-essenciais-para-cuidar-da-saude-no-inverno\/#respond\"]}]},{\"@type\":\"WebPage\",\"@id\":\"https:\/\/jornalfatosenoticias.com.br\/index.php\/2024\/07\/15\/tres-oleos-essenciais-para-cuidar-da-saude-no-inverno\/\",\"url\":\"https:\/\/jornalfatosenoticias.com.br\/index.php\/2024\/07\/15\/tres-oleos-essenciais-para-cuidar-da-saude-no-inverno\/\",\"name\":\"Tr\u00eas \u00f3leos essenciais para cuidar da sa\u00fade no inverno - Jornal Fatos e Not\u00edcias\",\"isPartOf\":{\"@id\":\"https:\/\/jornalfatosenoticias.com.br\/#website\"},\"primaryImageOfPage\":{\"@id\":\"https:\/\/jornalfatosenoticias.com.br\/index.php\/2024\/07\/15\/tres-oleos-essenciais-para-cuidar-da-saude-no-inverno\/#primaryimage\"},\"image\":{\"@id\":\"https:\/\/jornalfatosenoticias.com.br\/index.php\/2024\/07\/15\/tres-oleos-essenciais-para-cuidar-da-saude-no-inverno\/#primaryimage\"},\"thumbnailUrl\":\"https:\/\/jornalfatosenoticias.com.br\/wp-content\/uploads\/2024\/07\/oleos-essenciais_freepik.jpg\",\"datePublished\":\"2024-07-15T14:14:57+00:00\",\"dateModified\":\"2024-07-15T14:14:59+00:00\",\"breadcrumb\":{\"@id\":\"https:\/\/jornalfatosenoticias.com.br\/index.php\/2024\/07\/15\/tres-oleos-essenciais-para-cuidar-da-saude-no-inverno\/#breadcrumb\"},\"inLanguage\":\"pt-BR\",\"potentialAction\":[{\"@type\":\"ReadAction\",\"target\":[\"https:\/\/jornalfatosenoticias.com.br\/index.php\/2024\/07\/15\/tres-oleos-essenciais-para-cuidar-da-saude-no-inverno\/\"]}]},{\"@type\":\"ImageObject\",\"inLanguage\":\"pt-BR\",\"@id\":\"https:\/\/jornalfatosenoticias.com.br\/index.php\/2024\/07\/15\/tres-oleos-essenciais-para-cuidar-da-saude-no-inverno\/#primaryimage\",\"url\":\"https:\/\/jornalfatosenoticias.com.br\/wp-content\/uploads\/2024\/07\/oleos-essenciais_freepik.jpg\",\"contentUrl\":\"https:\/\/jornalfatosenoticias.com.br\/wp-content\/uploads\/2024\/07\/oleos-essenciais_freepik.jpg\",\"width\":740,\"height\":500},{\"@type\":\"BreadcrumbList\",\"@id\":\"https:\/\/jornalfatosenoticias.com.br\/index.php\/2024\/07\/15\/tres-oleos-essenciais-para-cuidar-da-saude-no-inverno\/#breadcrumb\",\"itemListElement\":[{\"@type\":\"ListItem\",\"position\":1,\"name\":\"In\u00edcio\",\"item\":\"https:\/\/jornalfatosenoticias.com.br\/\"},{\"@type\":\"ListItem\",\"position\":2,\"name\":\"Tr\u00eas \u00f3leos essenciais para cuidar da sa\u00fade no inverno\"}]},{\"@type\":\"WebSite\",\"@id\":\"https:\/\/jornalfatosenoticias.com.br\/#website\",\"url\":\"https:\/\/jornalfatosenoticias.com.br\/\",\"name\":\"Jornal Fatos e Not\u00edcias\",\"description\":\"Not\u00edcias em geral\",\"publisher\":{\"@id\":\"https:\/\/jornalfatosenoticias.com.br\/#organization\"},\"potentialAction\":[{\"@type\":\"SearchAction\",\"target\":{\"@type\":\"EntryPoint\",\"urlTemplate\":\"https:\/\/jornalfatosenoticias.com.br\/?s={search_term_string}\"},\"query-input\":{\"@type\":\"PropertyValueSpecification\",\"valueRequired\":true,\"valueName\":\"search_term_string\"}}],\"inLanguage\":\"pt-BR\"},{\"@type\":\"Organization\",\"@id\":\"https:\/\/jornalfatosenoticias.com.br\/#organization\",\"name\":\"Jornal Fatos e Not\u00edcias\",\"url\":\"https:\/\/jornalfatosenoticias.com.br\/\",\"logo\":{\"@type\":\"ImageObject\",\"inLanguage\":\"pt-BR\",\"@id\":\"https:\/\/jornalfatosenoticias.com.br\/#\/schema\/logo\/image\/\",\"url\":\"https:\/\/jornalfatosenoticias.com.br\/wp-content\/uploads\/2020\/02\/logo120.png\",\"contentUrl\":\"https:\/\/jornalfatosenoticias.com.br\/wp-content\/uploads\/2020\/02\/logo120.png\",\"width\":1227,\"height\":120,\"caption\":\"Jornal Fatos e Not\u00edcias\"},\"image\":{\"@id\":\"https:\/\/jornalfatosenoticias.com.br\/#\/schema\/logo\/image\/\"}},{\"@type\":\"Person\",\"@id\":\"https:\/\/jornalfatosenoticias.com.br\/#\/schema\/person\/d63837fa13ac8666eb9e74e0985d6f81\",\"name\":\"Luzimara Fernandes\",\"image\":{\"@type\":\"ImageObject\",\"inLanguage\":\"pt-BR\",\"@id\":\"https:\/\/jornalfatosenoticias.com.br\/#\/schema\/person\/image\/\",\"url\":\"https:\/\/jornalfatosenoticias.com.br\/wp-content\/uploads\/2025\/05\/EU_portal.jpg\",\"contentUrl\":\"https:\/\/jornalfatosenoticias.com.br\/wp-content\/uploads\/2025\/05\/EU_portal.jpg\",\"caption\":\"Luzimara Fernandes\"},\"description\":\"Jornalista MTB 2358-ES\",\"sameAs\":[\"https:\/\/jornalfatosenoticias.com.br\"],\"url\":\"https:\/\/jornalfatosenoticias.com.br\/index.php\/author\/luzimara\/\"}]}<\/script>\n<!-- \/ Yoast SEO plugin. -->","yoast_head_json":{"title":"Tr\u00eas \u00f3leos essenciais para cuidar da sa\u00fade no inverno - Jornal Fatos e Not\u00edcias","robots":{"index":"index","follow":"follow","max-snippet":"max-snippet:-1","max-image-preview":"max-image-preview:large","max-video-preview":"max-video-preview:-1"},"canonical":"https:\/\/jornalfatosenoticias.com.br\/index.php\/2024\/07\/15\/tres-oleos-essenciais-para-cuidar-da-saude-no-inverno\/","og_locale":"pt_BR","og_type":"article","og_title":"Tr\u00eas \u00f3leos essenciais para cuidar da sa\u00fade no inverno - Jornal Fatos e Not\u00edcias","og_description":"Propriedades dos produtos naturais trazem benef\u00edcios para respira\u00e7\u00e3o, tosse e inflama\u00e7\u00f5es O inverno come\u00e7ou oficialmente no dia 20 de junho e com ele, a varia\u00e7\u00e3o de temperatura que faz nossa imunidade baixar e pode trazer alguns riscos \u00e0 sa\u00fade, como problemas respirat\u00f3rios, como gripe, resfriado, rinite e sinusite.De acordo com o Instituto Nacional de Meteorologia, [&hellip;]","og_url":"https:\/\/jornalfatosenoticias.com.br\/index.php\/2024\/07\/15\/tres-oleos-essenciais-para-cuidar-da-saude-no-inverno\/","og_site_name":"Jornal Fatos e Not\u00edcias","article_published_time":"2024-07-15T14:14:57+00:00","article_modified_time":"2024-07-15T14:14:59+00:00","og_image":[{"width":740,"height":500,"url":"https:\/\/jornalfatosenoticias.com.br\/wp-content\/uploads\/2024\/07\/oleos-essenciais_freepik.jpg","type":"image\/jpeg"}],"author":"Luzimara Fernandes","twitter_card":"summary_large_image","twitter_misc":{"Escrito por":"Luzimara Fernandes","Est. tempo de leitura":"2 minutos"},"schema":{"@context":"https:\/\/schema.org","@graph":[{"@type":"Article","@id":"https:\/\/jornalfatosenoticias.com.br\/index.php\/2024\/07\/15\/tres-oleos-essenciais-para-cuidar-da-saude-no-inverno\/#article","isPartOf":{"@id":"https:\/\/jornalfatosenoticias.com.br\/index.php\/2024\/07\/15\/tres-oleos-essenciais-para-cuidar-da-saude-no-inverno\/"},"author":{"name":"Luzimara Fernandes","@id":"https:\/\/jornalfatosenoticias.com.br\/#\/schema\/person\/d63837fa13ac8666eb9e74e0985d6f81"},"headline":"Tr\u00eas \u00f3leos essenciais para cuidar da sa\u00fade no inverno","datePublished":"2024-07-15T14:14:57+00:00","dateModified":"2024-07-15T14:14:59+00:00","mainEntityOfPage":{"@id":"https:\/\/jornalfatosenoticias.com.br\/index.php\/2024\/07\/15\/tres-oleos-essenciais-para-cuidar-da-saude-no-inverno\/"},"wordCount":427,"commentCount":0,"publisher":{"@id":"https:\/\/jornalfatosenoticias.com.br\/#organization"},"image":{"@id":"https:\/\/jornalfatosenoticias.com.br\/index.php\/2024\/07\/15\/tres-oleos-essenciais-para-cuidar-da-saude-no-inverno\/#primaryimage"},"thumbnailUrl":"https:\/\/jornalfatosenoticias.com.br\/wp-content\/uploads\/2024\/07\/oleos-essenciais_freepik.jpg","keywords":["bem-estar","inverno","medicina natural","\u00f3leo essencial","\u00f3leos essenciais"],"articleSection":["Bem-estar"],"inLanguage":"pt-BR","potentialAction":[{"@type":"CommentAction","name":"Comment","target":["https:\/\/jornalfatosenoticias.com.br\/index.php\/2024\/07\/15\/tres-oleos-essenciais-para-cuidar-da-saude-no-inverno\/#respond"]}]},{"@type":"WebPage","@id":"https:\/\/jornalfatosenoticias.com.br\/index.php\/2024\/07\/15\/tres-oleos-essenciais-para-cuidar-da-saude-no-inverno\/","url":"https:\/\/jornalfatosenoticias.com.br\/index.php\/2024\/07\/15\/tres-oleos-essenciais-para-cuidar-da-saude-no-inverno\/","name":"Tr\u00eas \u00f3leos essenciais para cuidar da sa\u00fade no inverno - Jornal Fatos e Not\u00edcias","isPartOf":{"@id":"https:\/\/jornalfatosenoticias.com.br\/#website"},"primaryImageOfPage":{"@id":"https:\/\/jornalfatosenoticias.com.br\/index.php\/2024\/07\/15\/tres-oleos-essenciais-para-cuidar-da-saude-no-inverno\/#primaryimage"},"image":{"@id":"https:\/\/jornalfatosenoticias.com.br\/index.php\/2024\/07\/15\/tres-oleos-essenciais-para-cuidar-da-saude-no-inverno\/#primaryimage"},"thumbnailUrl":"https:\/\/jornalfatosenoticias.com.br\/wp-content\/uploads\/2024\/07\/oleos-essenciais_freepik.jpg","datePublished":"2024-07-15T14:14:57+00:00","dateModified":"2024-07-15T14:14:59+00:00","breadcrumb":{"@id":"https:\/\/jornalfatosenoticias.com.br\/index.php\/2024\/07\/15\/tres-oleos-essenciais-para-cuidar-da-saude-no-inverno\/#breadcrumb"},"inLanguage":"pt-BR","potentialAction":[{"@type":"ReadAction","target":["https:\/\/jornalfatosenoticias.com.br\/index.php\/2024\/07\/15\/tres-oleos-essenciais-para-cuidar-da-saude-no-inverno\/"]}]},{"@type":"ImageObject","inLanguage":"pt-BR","@id":"https:\/\/jornalfatosenoticias.com.br\/index.php\/2024\/07\/15\/tres-oleos-essenciais-para-cuidar-da-saude-no-inverno\/#primaryimage","url":"https:\/\/jornalfatosenoticias.com.br\/wp-content\/uploads\/2024\/07\/oleos-essenciais_freepik.jpg","contentUrl":"https:\/\/jornalfatosenoticias.com.br\/wp-content\/uploads\/2024\/07\/oleos-essenciais_freepik.jpg","width":740,"height":500},{"@type":"BreadcrumbList","@id":"https:\/\/jornalfatosenoticias.com.br\/index.php\/2024\/07\/15\/tres-oleos-essenciais-para-cuidar-da-saude-no-inverno\/#breadcrumb","itemListElement":[{"@type":"ListItem","position":1,"name":"In\u00edcio","item":"https:\/\/jornalfatosenoticias.com.br\/"},{"@type":"ListItem","position":2,"name":"Tr\u00eas \u00f3leos essenciais para cuidar da sa\u00fade no inverno"}]},{"@type":"WebSite","@id":"https:\/\/jornalfatosenoticias.com.br\/#website","url":"https:\/\/jornalfatosenoticias.com.br\/","name":"Jornal Fatos e Not\u00edcias","description":"Not\u00edcias em geral","publisher":{"@id":"https:\/\/jornalfatosenoticias.com.br\/#organization"},"potentialAction":[{"@type":"SearchAction","target":{"@type":"EntryPoint","urlTemplate":"https:\/\/jornalfatosenoticias.com.br\/?s={search_term_string}"},"query-input":{"@type":"PropertyValueSpecification","valueRequired":true,"valueName":"search_term_string"}}],"inLanguage":"pt-BR"},{"@type":"Organization","@id":"https:\/\/jornalfatosenoticias.com.br\/#organization","name":"Jornal Fatos e Not\u00edcias","url":"https:\/\/jornalfatosenoticias.com.br\/","logo":{"@type":"ImageObject","inLanguage":"pt-BR","@id":"https:\/\/jornalfatosenoticias.com.br\/#\/schema\/logo\/image\/","url":"https:\/\/jornalfatosenoticias.com.br\/wp-content\/uploads\/2020\/02\/logo120.png","contentUrl":"https:\/\/jornalfatosenoticias.com.br\/wp-content\/uploads\/2020\/02\/logo120.png","width":1227,"height":120,"caption":"Jornal Fatos e Not\u00edcias"},"image":{"@id":"https:\/\/jornalfatosenoticias.com.br\/#\/schema\/logo\/image\/"}},{"@type":"Person","@id":"https:\/\/jornalfatosenoticias.com.br\/#\/schema\/person\/d63837fa13ac8666eb9e74e0985d6f81","name":"Luzimara Fernandes","image":{"@type":"ImageObject","inLanguage":"pt-BR","@id":"https:\/\/jornalfatosenoticias.com.br\/#\/schema\/person\/image\/","url":"https:\/\/jornalfatosenoticias.com.br\/wp-content\/uploads\/2025\/05\/EU_portal.jpg","contentUrl":"https:\/\/jornalfatosenoticias.com.br\/wp-content\/uploads\/2025\/05\/EU_portal.jpg","caption":"Luzimara Fernandes"},"description":"Jornalista MTB 2358-ES","sameAs":["https:\/\/jornalfatosenoticias.com.br"],"url":"https:\/\/jornalfatosenoticias.com.br\/index.php\/author\/luzimara\/"}]}},"cc_featured_image_caption":{"caption_text":"(Foto: Freepik) ","source_text":"","source_url":""},"jetpack_featured_media_url":"https:\/\/jornalfatosenoticias.com.br\/wp-content\/uploads\/2024\/07\/oleos-essenciais_freepik.jpg","_links":{"self":[{"href":"https:\/\/jornalfatosenoticias.com.br\/index.php\/wp-json\/wp\/v2\/posts\/52705","targetHints":{"allow":["GET"]}}],"collection":[{"href":"https:\/\/jornalfatosenoticias.com.br\/index.php\/wp-json\/wp\/v2\/posts"}],"about":[{"href":"https:\/\/jornalfatosenoticias.com.br\/index.php\/wp-json\/wp\/v2\/types\/post"}],"author":[{"embeddable":true,"href":"https:\/\/jornalfatosenoticias.com.br\/index.php\/wp-json\/wp\/v2\/users\/2"}],"replies":[{"embeddable":true,"href":"https:\/\/jornalfatosenoticias.com.br\/index.php\/wp-json\/wp\/v2\/comments?post=52705"}],"version-history":[{"count":0,"href":"https:\/\/jornalfatosenoticias.com.br\/index.php\/wp-json\/wp\/v2\/posts\/52705\/revisions"}],"wp:featuredmedia":[{"embeddable":true,"href":"https:\/\/jornalfatosenoticias.com.br\/index.php\/wp-json\/wp\/v2\/media\/52706"}],"wp:attachment":[{"href":"https:\/\/jornalfatosenoticias.com.br\/index.php\/wp-json\/wp\/v2\/media?parent=52705"}],"wp:term":[{"taxonomy":"category","embeddable":true,"href":"https:\/\/jornalfatosenoticias.com.br\/index.php\/wp-json\/wp\/v2\/categories?post=52705"},{"taxonomy":"post_tag","embeddable":true,"href":"https:\/\/jornalfatosenoticias.com.br\/index.php\/wp-json\/wp\/v2\/tags?post=52705"}],"curies":[{"name":"wp","href":"https:\/\/api.w.org\/{rel}","templated":true}]}}