{"id":52711,"date":"2024-07-15T12:21:15","date_gmt":"2024-07-15T15:21:15","guid":{"rendered":"https:\/\/jornalfatosenoticias.com.br\/?p=52711"},"modified":"2024-07-15T12:21:17","modified_gmt":"2024-07-15T15:21:17","slug":"populacao-mundial-deve-cair-pela-primeira-vez-desde-a-peste-negra-em-algumas-decadas","status":"publish","type":"post","link":"https:\/\/jornalfatosenoticias.com.br\/index.php\/2024\/07\/15\/populacao-mundial-deve-cair-pela-primeira-vez-desde-a-peste-negra-em-algumas-decadas\/","title":{"rendered":"Popula\u00e7\u00e3o mundial deve cair pela primeira vez desde a Peste Negra em algumas d\u00e9cadas"},"content":{"rendered":"\n<p><em><span class=\"has-inline-color has-black-color\">Ap\u00f3s s\u00e9culos de crescimento populacional, o mundo deve se preparar o come\u00e7o de um decl\u00ednio na d\u00e9cada de 2080<\/span><\/em><\/p>\n\n\n\n<p><span class=\"has-inline-color has-black-color\">Por <strong><a href=\"https:\/\/olhardigital.com.br\/author\/lucas-soares\/\">Lucas Soares<\/a><\/strong><\/span><\/p>\n\n\n\n<div class=\"wp-block-image\"><figure class=\"aligncenter size-large\"><a href=\"https:\/\/panper.com.br\/\"><img loading=\"lazy\" decoding=\"async\" width=\"1024\" height=\"111\" src=\"https:\/\/jornalfatosenoticias.com.br\/wp-content\/uploads\/2020\/02\/WhatsApp-Image-2022-09-23-at-12.09.18-1024x111.jpeg\" alt=\"\" class=\"wp-image-34527\" srcset=\"https:\/\/jornalfatosenoticias.com.br\/wp-content\/uploads\/2020\/02\/WhatsApp-Image-2022-09-23-at-12.09.18-1024x111.jpeg 1024w, https:\/\/jornalfatosenoticias.com.br\/wp-content\/uploads\/2020\/02\/WhatsApp-Image-2022-09-23-at-12.09.18-300x32.jpeg 300w, https:\/\/jornalfatosenoticias.com.br\/wp-content\/uploads\/2020\/02\/WhatsApp-Image-2022-09-23-at-12.09.18-768x83.jpeg 768w, https:\/\/jornalfatosenoticias.com.br\/wp-content\/uploads\/2020\/02\/WhatsApp-Image-2022-09-23-at-12.09.18.jpeg 1121w\" sizes=\"auto, (max-width: 1024px) 100vw, 1024px\" \/><\/a><\/figure><\/div>\n\n\n\n<p>Em 1924 havia cerca de dois bilh\u00f5es de <a href=\"https:\/\/olhardigital.com.br\/2024\/07\/03\/ciencia-e-espaco\/maioria-da-populacao-brasileira-nota-mudanca-do-clima-diariamente\/\"><strong>seres humanos<\/strong><\/a>\u00a0na Terra. Em 2024<a href=\"https:\/\/olhardigital.com.br\/2022\/11\/15\/ciencia-e-espaco\/populacao-mundial-bate-recorde-e-chega-a-8-bilhoes-de-pessoas\/\">\u00a0<\/a><strong><a href=\"https:\/\/olhardigital.com.br\/2022\/11\/15\/ciencia-e-espaco\/populacao-mundial-bate-recorde-e-chega-a-8-bilhoes-de-pessoas\/\">somos mais de oito bilh\u00f5es<\/a>.<\/strong> Desde o fim da a Peste Negra, em meados do s\u00e9culo 14, a popula\u00e7\u00e3o mundial vem crescendo exponencialmente. Mas s\u00e9culos depois, devemos nos preparar para o come\u00e7o de um decl\u00ednio populacional.<br>Segundo o relat\u00f3rio <strong><a href=\"https:\/\/desapublications.un.org\/publications\/world-population-prospects-2024-summary-results?_gl=1*emqf59*_ga*OTM4NDA0MjMwLjE3MjA3NzM0ODg.*_ga_TK9BQL5X7Z*MTcyMDc3MzQ4OC4xLjEuMTcyMDc3NjU2Ni4wLjAuMA..\">Perspectivas da Popula\u00e7\u00e3o Mundial<\/a><\/strong> em 2024, divulgado recentemente pela ONU, a d\u00e9cada de 2080 pode ser determinante para o futuro da humanidade. \u00c9 estimado que, a partir desse per\u00edodo, o n\u00famero de habitantes da Terra comece a diminuir ap\u00f3s atingir um pico.<\/p>\n\n\n\n<div class=\"wp-block-image\"><figure class=\"aligncenter size-large is-resized\"><a href=\"https:\/\/www.ithbrasil.com.br\/\"><img loading=\"lazy\" decoding=\"async\" src=\"https:\/\/jornalfatosenoticias.com.br\/wp-content\/uploads\/2023\/08\/ITH.jpeg\" alt=\"\" class=\"wp-image-44638\" width=\"299\" height=\"243\" srcset=\"https:\/\/jornalfatosenoticias.com.br\/wp-content\/uploads\/2023\/08\/ITH.jpeg 800w, https:\/\/jornalfatosenoticias.com.br\/wp-content\/uploads\/2023\/08\/ITH-300x244.jpeg 300w, https:\/\/jornalfatosenoticias.com.br\/wp-content\/uploads\/2023\/08\/ITH-768x624.jpeg 768w\" sizes=\"auto, (max-width: 299px) 100vw, 299px\" \/><\/a><\/figure><\/div>\n\n\n\n<p>\u201cEm alguns pa\u00edses, a taxa de natalidade agora \u00e9 ainda menor do que o previsto anteriormente, e tamb\u00e9m estamos vendo decl\u00ednios ligeiramente mais r\u00e1pidos em algumas regi\u00f5es de alta fertilidade. O pico mais cedo e mais baixo \u00e9 um sinal esperan\u00e7oso. Isso pode significar press\u00f5es ambientais reduzidas de impactos humanos devido ao menor consumo agregado. No entanto, o crescimento populacional mais lento n\u00e3o eliminar\u00e1 a necessidade de reduzir o impacto m\u00e9dio atribu\u00edvel \u00e0s atividades de cada pessoa individual\u201d, disse Li Junhua, subsecret\u00e1rio-geral da ONU para Assuntos Econ\u00f4micos e Sociais em um <strong><a href=\"https:\/\/www.un.org\/en\/UN-projects-world-population-to-peak-within-this-century\">comunicado \u00e0 imprensa<\/a>.<\/strong><\/p>\n\n\n\n<div class=\"wp-block-image\"><figure class=\"aligncenter size-large is-resized\"><img loading=\"lazy\" decoding=\"async\" src=\"https:\/\/jornalfatosenoticias.com.br\/wp-content\/uploads\/2022\/02\/Precisao-Contabilidade-1024x724.jpg\" alt=\"\" class=\"wp-image-28088\" width=\"334\" height=\"236\"\/><\/figure><\/div>\n\n\n\n<blockquote class=\"wp-block-quote is-layout-flow wp-block-quote-is-layout-flow\"><p><span class=\"has-inline-color has-luminous-vivid-orange-color\">Espera-se que a popula\u00e7\u00e3o mundial atinja o pico em meados da d\u00e9cada de 2080, crescendo nos pr\u00f3ximos sessenta anos de 8,2 bilh\u00f5es de pessoas em 2024 para cerca de 10,3 bilh\u00f5es em meados da d\u00e9cada de 2080, e ent\u00e3o retornar\u00e1 para cerca de 10,2 bilh\u00f5es at\u00e9 o final do s\u00e9culo&#8221;, acrescenta o comunicado da ONU.<\/span><\/p><\/blockquote>\n\n\n\n<div class=\"wp-block-image\"><figure class=\"aligncenter size-large\"><a href=\"https:\/\/www.instagram.com\/baraodascarnes.es\/\"><img decoding=\"async\" src=\"https:\/\/jornalfatosenoticias.com.br\/wp-content\/uploads\/2020\/02\/barao-das-carnes-300x164-1.jpg\" alt=\"\" class=\"wp-image-34339\"\/><\/a><\/figure><\/div>\n\n\n\n<p><strong><span class=\"has-inline-color has-black-color\">Popula\u00e7\u00e3o deve cair pela primeira vez em s\u00e9culos<br><\/span><\/strong>Essa \u00e9 a vig\u00e9sima oitava edi\u00e7\u00e3o do documento da ONU, e dessa vez traz algumas mudan\u00e7as de perspectivas do futuro da humanidade interessantes. Primeiramente, o pico populacional deve ser atingido mais cedo do que o estimado anteriormente.<\/p>\n\n\n\n<div class=\"wp-block-image\"><figure class=\"aligncenter size-large is-resized\"><a href=\"https:\/\/www.instagram.com\/restaurantepegoretti\/\"><img loading=\"lazy\" decoding=\"async\" src=\"https:\/\/jornalfatosenoticias.com.br\/wp-content\/uploads\/2023\/12\/pegoretti-logo-pdf-1024x389.jpg\" alt=\"\" class=\"wp-image-47536\" width=\"472\" height=\"179\" srcset=\"https:\/\/jornalfatosenoticias.com.br\/wp-content\/uploads\/2023\/12\/pegoretti-logo-pdf-1024x389.jpg 1024w, https:\/\/jornalfatosenoticias.com.br\/wp-content\/uploads\/2023\/12\/pegoretti-logo-pdf-300x114.jpg 300w, https:\/\/jornalfatosenoticias.com.br\/wp-content\/uploads\/2023\/12\/pegoretti-logo-pdf-768x291.jpg 768w, https:\/\/jornalfatosenoticias.com.br\/wp-content\/uploads\/2023\/12\/pegoretti-logo-pdf.jpg 1120w\" sizes=\"auto, (max-width: 472px) 100vw, 472px\" \/><\/a><\/figure><\/div>\n\n\n\n<p>As previs\u00f5es da an\u00e1lise indicam que muitos pa\u00edses, inclusive, j\u00e1 atingiram seu pico populacional. Fazem parte desse grupo 63 na\u00e7\u00f5es, entram na lista pa\u00edses da Europa como a Alemanha e a R\u00fassia, e tamb\u00e9m alguns que outrora foram respons\u00e1veis pelo boom populacional do mundo, como a China e o Jap\u00e3o. A lista inclui 48 pa\u00edses cujo pico populacional deve acontecer entre 2025 e 2054. \u00c9 aqui que est\u00e1 o Brasil, ao lado de na\u00e7\u00f5es como Turquia e Ir\u00e3.<\/p>\n\n\n\n<div class=\"wp-block-image\"><figure class=\"aligncenter size-large is-resized\"><a href=\"https:\/\/www.instagram.com\/rapuzeljastro\/\"><img loading=\"lazy\" decoding=\"async\" src=\"https:\/\/jornalfatosenoticias.com.br\/wp-content\/uploads\/2020\/02\/logo-Rapuzel-1024x571.jpg\" alt=\"\" class=\"wp-image-42808\" width=\"375\" height=\"209\" srcset=\"https:\/\/jornalfatosenoticias.com.br\/wp-content\/uploads\/2020\/02\/logo-Rapuzel-1024x571.jpg 1024w, https:\/\/jornalfatosenoticias.com.br\/wp-content\/uploads\/2020\/02\/logo-Rapuzel-300x167.jpg 300w, https:\/\/jornalfatosenoticias.com.br\/wp-content\/uploads\/2020\/02\/logo-Rapuzel-768x428.jpg 768w, https:\/\/jornalfatosenoticias.com.br\/wp-content\/uploads\/2020\/02\/logo-Rapuzel-1536x856.jpg 1536w, https:\/\/jornalfatosenoticias.com.br\/wp-content\/uploads\/2020\/02\/logo-Rapuzel.jpg 1600w\" sizes=\"auto, (max-width: 375px) 100vw, 375px\" \/><\/a><\/figure><\/div>\n\n\n\n<p>Para terminar, outros 126 pa\u00edses devem continuar crescendo depois de 2054. Aqui entram os Estados Unidos, a Indon\u00e9sia, o Paquist\u00e3o, entre outros. Esse grupo tamb\u00e9m inclui algumas na\u00e7\u00f5es que a ONU acredita que dobrar\u00e3o de popula\u00e7\u00e3o nos pr\u00f3ximos 30 anos, como a Som\u00e1lia, o N\u00edger e a Angola. De acordo com a ONU, apesar da previs\u00e3o de redu\u00e7\u00e3o populacional a partir de 2080, a expectativa de vida deve aumentar.<\/p>\n\n\n\n<div class=\"wp-block-image\"><figure class=\"aligncenter size-large\"><a href=\"https:\/\/www.facebook.com\/Esteio-Churrascaria-Barbecue-103643461220402\/\"><img decoding=\"async\" src=\"https:\/\/jornalfatosenoticias.com.br\/wp-content\/uploads\/2020\/02\/logo_esteio.jpg\" alt=\"\" class=\"wp-image-1214\"\/><\/a><\/figure><\/div>\n\n\n\n<blockquote class=\"wp-block-quote is-layout-flow wp-block-quote-is-layout-flow\"><p><span class=\"has-inline-color has-luminous-vivid-orange-color\">Nas \u00faltimas tr\u00eas d\u00e9cadas, as taxas de mortalidade diminu\u00edram e a expectativa de vida aumentou significativamente. Ap\u00f3s um breve decl\u00ednio durante a pandemia da covid-19, a expectativa de vida global ao nascer est\u00e1 aumentando novamente, atingindo 73,3 anos em 2024, ante 70,9 anos durante a pandemia. No final da d\u00e9cada de 2050, mais da metade de todas as mortes globais ocorrer\u00e3o aos 80 anos ou mais, um aumento substancial de 17 por cento em 1995\u201d, diz o \u00f3rg\u00e3o.<\/span><\/p><\/blockquote>\n\n\n\n<div class=\"wp-block-image\"><figure class=\"aligncenter size-large is-resized\"><a href=\"https:\/\/www.facebook.com\/vetor.vix\/\"><img loading=\"lazy\" decoding=\"async\" src=\"https:\/\/jornalfatosenoticias.com.br\/wp-content\/uploads\/2023\/09\/vetorvix1024_1.jpg\" alt=\"\" class=\"wp-image-44868\" width=\"535\" height=\"142\" srcset=\"https:\/\/jornalfatosenoticias.com.br\/wp-content\/uploads\/2023\/09\/vetorvix1024_1.jpg 1024w, https:\/\/jornalfatosenoticias.com.br\/wp-content\/uploads\/2023\/09\/vetorvix1024_1-300x80.jpg 300w, https:\/\/jornalfatosenoticias.com.br\/wp-content\/uploads\/2023\/09\/vetorvix1024_1-768x205.jpg 768w\" sizes=\"auto, (max-width: 535px) 100vw, 535px\" \/><\/a><\/figure><\/div>\n\n\n\n<p>\u00c9 preciso destacar ainda que o relat\u00f3rio \u00e9 uma previs\u00e3o baseada no cen\u00e1rio atual e, da mesma forma que o documento deste ano mudou as perspectivas em rela\u00e7\u00e3o ao anterior, o mesmo pode ocorrer com o pr\u00f3ximo. Fatores como crises econ\u00f4micas e pandemias influenciam nisso e podem alterar o cen\u00e1rio previsto.<\/p>\n\n\n\n<div class=\"wp-block-image\"><figure class=\"aligncenter size-large is-resized\"><a href=\"https:\/\/www.facebook.com\/postobkr\/?locale=pt_BR\"><img loading=\"lazy\" decoding=\"async\" src=\"https:\/\/jornalfatosenoticias.com.br\/wp-content\/uploads\/2023\/08\/BKR-1024x1021.jpg\" alt=\"\" class=\"wp-image-44494\" width=\"322\" height=\"321\" srcset=\"https:\/\/jornalfatosenoticias.com.br\/wp-content\/uploads\/2023\/08\/BKR-1024x1021.jpg 1024w, https:\/\/jornalfatosenoticias.com.br\/wp-content\/uploads\/2023\/08\/BKR-300x300.jpg 300w, https:\/\/jornalfatosenoticias.com.br\/wp-content\/uploads\/2023\/08\/BKR-150x150.jpg 150w, https:\/\/jornalfatosenoticias.com.br\/wp-content\/uploads\/2023\/08\/BKR-768x766.jpg 768w, https:\/\/jornalfatosenoticias.com.br\/wp-content\/uploads\/2023\/08\/BKR.jpg 1080w\" sizes=\"auto, (max-width: 322px) 100vw, 322px\" \/><\/a><\/figure><\/div>\n\n\n\n<p><strong><em>Fonte: <a href=\"https:\/\/olhardigital.com.br\/2024\/07\/15\/ciencia-e-espaco\/populacao-mundial-deve-cair-pela-primeira-vez-desde-a-peste-negra-em-algumas-decadas\/\">Olhar Digital<\/a><\/em><\/strong><\/p>\n","protected":false},"excerpt":{"rendered":"<p>Ap\u00f3s s\u00e9culos de crescimento populacional, o mundo deve se preparar o come\u00e7o de um decl\u00ednio na d\u00e9cada de 2080 Por Lucas Soares Em 1924 havia cerca de dois bilh\u00f5es de seres humanos\u00a0na Terra. Em 2024\u00a0somos mais de oito bilh\u00f5es. Desde o fim da a Peste Negra, em meados do s\u00e9culo 14, a popula\u00e7\u00e3o mundial vem [&hellip;]<\/p>\n","protected":false},"author":2,"featured_media":52712,"comment_status":"open","ping_status":"open","sticky":false,"template":"","format":"standard","meta":{"footnotes":""},"categories":[5],"tags":[4917,17748,828,899],"class_list":["post-52711","post","type-post","status-publish","format-standard","has-post-thumbnail","hentry","category-geral","tag-crescimento","tag-declinio-populacional","tag-populacao","tag-queda"],"yoast_head":"<!-- This site is optimized with the Yoast SEO plugin v26.5 - https:\/\/yoast.com\/wordpress\/plugins\/seo\/ -->\n<title>Popula\u00e7\u00e3o mundial deve cair pela primeira vez desde a Peste Negra em algumas d\u00e9cadas - Jornal Fatos e Not\u00edcias<\/title>\n<meta name=\"robots\" content=\"index, follow, max-snippet:-1, max-image-preview:large, max-video-preview:-1\" \/>\n<link rel=\"canonical\" href=\"https:\/\/jornalfatosenoticias.com.br\/index.php\/2024\/07\/15\/populacao-mundial-deve-cair-pela-primeira-vez-desde-a-peste-negra-em-algumas-decadas\/\" \/>\n<meta property=\"og:locale\" content=\"pt_BR\" \/>\n<meta property=\"og:type\" content=\"article\" \/>\n<meta property=\"og:title\" content=\"Popula\u00e7\u00e3o mundial deve cair pela primeira vez desde a Peste Negra em algumas d\u00e9cadas - Jornal Fatos e Not\u00edcias\" \/>\n<meta property=\"og:description\" content=\"Ap\u00f3s s\u00e9culos de crescimento populacional, o mundo deve se preparar o come\u00e7o de um decl\u00ednio na d\u00e9cada de 2080 Por Lucas Soares Em 1924 havia cerca de dois bilh\u00f5es de seres humanos\u00a0na Terra. Em 2024\u00a0somos mais de oito bilh\u00f5es. Desde o fim da a Peste Negra, em meados do s\u00e9culo 14, a popula\u00e7\u00e3o mundial vem [&hellip;]\" \/>\n<meta property=\"og:url\" content=\"https:\/\/jornalfatosenoticias.com.br\/index.php\/2024\/07\/15\/populacao-mundial-deve-cair-pela-primeira-vez-desde-a-peste-negra-em-algumas-decadas\/\" \/>\n<meta property=\"og:site_name\" content=\"Jornal Fatos e Not\u00edcias\" \/>\n<meta property=\"article:published_time\" content=\"2024-07-15T15:21:15+00:00\" \/>\n<meta property=\"article:modified_time\" content=\"2024-07-15T15:21:17+00:00\" \/>\n<meta property=\"og:image\" content=\"https:\/\/jornalfatosenoticias.com.br\/wp-content\/uploads\/2024\/07\/populacao-mundial_freepik.jpg\" \/>\n\t<meta property=\"og:image:width\" content=\"996\" \/>\n\t<meta property=\"og:image:height\" content=\"569\" \/>\n\t<meta property=\"og:image:type\" content=\"image\/jpeg\" \/>\n<meta name=\"author\" content=\"Luzimara Fernandes\" \/>\n<meta name=\"twitter:card\" content=\"summary_large_image\" \/>\n<meta name=\"twitter:label1\" content=\"Escrito por\" \/>\n\t<meta name=\"twitter:data1\" content=\"Luzimara Fernandes\" \/>\n\t<meta name=\"twitter:label2\" content=\"Est. tempo de leitura\" \/>\n\t<meta name=\"twitter:data2\" content=\"3 minutos\" \/>\n<script type=\"application\/ld+json\" class=\"yoast-schema-graph\">{\"@context\":\"https:\/\/schema.org\",\"@graph\":[{\"@type\":\"Article\",\"@id\":\"https:\/\/jornalfatosenoticias.com.br\/index.php\/2024\/07\/15\/populacao-mundial-deve-cair-pela-primeira-vez-desde-a-peste-negra-em-algumas-decadas\/#article\",\"isPartOf\":{\"@id\":\"https:\/\/jornalfatosenoticias.com.br\/index.php\/2024\/07\/15\/populacao-mundial-deve-cair-pela-primeira-vez-desde-a-peste-negra-em-algumas-decadas\/\"},\"author\":{\"name\":\"Luzimara Fernandes\",\"@id\":\"https:\/\/jornalfatosenoticias.com.br\/#\/schema\/person\/d63837fa13ac8666eb9e74e0985d6f81\"},\"headline\":\"Popula\u00e7\u00e3o mundial deve cair pela primeira vez desde a Peste Negra em algumas d\u00e9cadas\",\"datePublished\":\"2024-07-15T15:21:15+00:00\",\"dateModified\":\"2024-07-15T15:21:17+00:00\",\"mainEntityOfPage\":{\"@id\":\"https:\/\/jornalfatosenoticias.com.br\/index.php\/2024\/07\/15\/populacao-mundial-deve-cair-pela-primeira-vez-desde-a-peste-negra-em-algumas-decadas\/\"},\"wordCount\":653,\"commentCount\":0,\"publisher\":{\"@id\":\"https:\/\/jornalfatosenoticias.com.br\/#organization\"},\"image\":{\"@id\":\"https:\/\/jornalfatosenoticias.com.br\/index.php\/2024\/07\/15\/populacao-mundial-deve-cair-pela-primeira-vez-desde-a-peste-negra-em-algumas-decadas\/#primaryimage\"},\"thumbnailUrl\":\"https:\/\/jornalfatosenoticias.com.br\/wp-content\/uploads\/2024\/07\/populacao-mundial_freepik.jpg\",\"keywords\":[\"crescimento\",\"decl\u00ednio populacional\",\"popula\u00e7\u00e3o\",\"queda\"],\"articleSection\":[\"Geral\"],\"inLanguage\":\"pt-BR\",\"potentialAction\":[{\"@type\":\"CommentAction\",\"name\":\"Comment\",\"target\":[\"https:\/\/jornalfatosenoticias.com.br\/index.php\/2024\/07\/15\/populacao-mundial-deve-cair-pela-primeira-vez-desde-a-peste-negra-em-algumas-decadas\/#respond\"]}]},{\"@type\":\"WebPage\",\"@id\":\"https:\/\/jornalfatosenoticias.com.br\/index.php\/2024\/07\/15\/populacao-mundial-deve-cair-pela-primeira-vez-desde-a-peste-negra-em-algumas-decadas\/\",\"url\":\"https:\/\/jornalfatosenoticias.com.br\/index.php\/2024\/07\/15\/populacao-mundial-deve-cair-pela-primeira-vez-desde-a-peste-negra-em-algumas-decadas\/\",\"name\":\"Popula\u00e7\u00e3o mundial deve cair pela primeira vez desde a Peste Negra em algumas d\u00e9cadas - Jornal Fatos e Not\u00edcias\",\"isPartOf\":{\"@id\":\"https:\/\/jornalfatosenoticias.com.br\/#website\"},\"primaryImageOfPage\":{\"@id\":\"https:\/\/jornalfatosenoticias.com.br\/index.php\/2024\/07\/15\/populacao-mundial-deve-cair-pela-primeira-vez-desde-a-peste-negra-em-algumas-decadas\/#primaryimage\"},\"image\":{\"@id\":\"https:\/\/jornalfatosenoticias.com.br\/index.php\/2024\/07\/15\/populacao-mundial-deve-cair-pela-primeira-vez-desde-a-peste-negra-em-algumas-decadas\/#primaryimage\"},\"thumbnailUrl\":\"https:\/\/jornalfatosenoticias.com.br\/wp-content\/uploads\/2024\/07\/populacao-mundial_freepik.jpg\",\"datePublished\":\"2024-07-15T15:21:15+00:00\",\"dateModified\":\"2024-07-15T15:21:17+00:00\",\"breadcrumb\":{\"@id\":\"https:\/\/jornalfatosenoticias.com.br\/index.php\/2024\/07\/15\/populacao-mundial-deve-cair-pela-primeira-vez-desde-a-peste-negra-em-algumas-decadas\/#breadcrumb\"},\"inLanguage\":\"pt-BR\",\"potentialAction\":[{\"@type\":\"ReadAction\",\"target\":[\"https:\/\/jornalfatosenoticias.com.br\/index.php\/2024\/07\/15\/populacao-mundial-deve-cair-pela-primeira-vez-desde-a-peste-negra-em-algumas-decadas\/\"]}]},{\"@type\":\"ImageObject\",\"inLanguage\":\"pt-BR\",\"@id\":\"https:\/\/jornalfatosenoticias.com.br\/index.php\/2024\/07\/15\/populacao-mundial-deve-cair-pela-primeira-vez-desde-a-peste-negra-em-algumas-decadas\/#primaryimage\",\"url\":\"https:\/\/jornalfatosenoticias.com.br\/wp-content\/uploads\/2024\/07\/populacao-mundial_freepik.jpg\",\"contentUrl\":\"https:\/\/jornalfatosenoticias.com.br\/wp-content\/uploads\/2024\/07\/populacao-mundial_freepik.jpg\",\"width\":996,\"height\":569},{\"@type\":\"BreadcrumbList\",\"@id\":\"https:\/\/jornalfatosenoticias.com.br\/index.php\/2024\/07\/15\/populacao-mundial-deve-cair-pela-primeira-vez-desde-a-peste-negra-em-algumas-decadas\/#breadcrumb\",\"itemListElement\":[{\"@type\":\"ListItem\",\"position\":1,\"name\":\"In\u00edcio\",\"item\":\"https:\/\/jornalfatosenoticias.com.br\/\"},{\"@type\":\"ListItem\",\"position\":2,\"name\":\"Popula\u00e7\u00e3o mundial deve cair pela primeira vez desde a Peste Negra em algumas d\u00e9cadas\"}]},{\"@type\":\"WebSite\",\"@id\":\"https:\/\/jornalfatosenoticias.com.br\/#website\",\"url\":\"https:\/\/jornalfatosenoticias.com.br\/\",\"name\":\"Jornal Fatos e Not\u00edcias\",\"description\":\"Not\u00edcias em geral\",\"publisher\":{\"@id\":\"https:\/\/jornalfatosenoticias.com.br\/#organization\"},\"potentialAction\":[{\"@type\":\"SearchAction\",\"target\":{\"@type\":\"EntryPoint\",\"urlTemplate\":\"https:\/\/jornalfatosenoticias.com.br\/?s={search_term_string}\"},\"query-input\":{\"@type\":\"PropertyValueSpecification\",\"valueRequired\":true,\"valueName\":\"search_term_string\"}}],\"inLanguage\":\"pt-BR\"},{\"@type\":\"Organization\",\"@id\":\"https:\/\/jornalfatosenoticias.com.br\/#organization\",\"name\":\"Jornal Fatos e Not\u00edcias\",\"url\":\"https:\/\/jornalfatosenoticias.com.br\/\",\"logo\":{\"@type\":\"ImageObject\",\"inLanguage\":\"pt-BR\",\"@id\":\"https:\/\/jornalfatosenoticias.com.br\/#\/schema\/logo\/image\/\",\"url\":\"https:\/\/jornalfatosenoticias.com.br\/wp-content\/uploads\/2020\/02\/logo120.png\",\"contentUrl\":\"https:\/\/jornalfatosenoticias.com.br\/wp-content\/uploads\/2020\/02\/logo120.png\",\"width\":1227,\"height\":120,\"caption\":\"Jornal Fatos e Not\u00edcias\"},\"image\":{\"@id\":\"https:\/\/jornalfatosenoticias.com.br\/#\/schema\/logo\/image\/\"}},{\"@type\":\"Person\",\"@id\":\"https:\/\/jornalfatosenoticias.com.br\/#\/schema\/person\/d63837fa13ac8666eb9e74e0985d6f81\",\"name\":\"Luzimara Fernandes\",\"image\":{\"@type\":\"ImageObject\",\"inLanguage\":\"pt-BR\",\"@id\":\"https:\/\/jornalfatosenoticias.com.br\/#\/schema\/person\/image\/\",\"url\":\"https:\/\/jornalfatosenoticias.com.br\/wp-content\/uploads\/2025\/05\/EU_portal.jpg\",\"contentUrl\":\"https:\/\/jornalfatosenoticias.com.br\/wp-content\/uploads\/2025\/05\/EU_portal.jpg\",\"caption\":\"Luzimara Fernandes\"},\"description\":\"Jornalista MTB 2358-ES\",\"sameAs\":[\"https:\/\/jornalfatosenoticias.com.br\"],\"url\":\"https:\/\/jornalfatosenoticias.com.br\/index.php\/author\/luzimara\/\"}]}<\/script>\n<!-- \/ Yoast SEO plugin. -->","yoast_head_json":{"title":"Popula\u00e7\u00e3o mundial deve cair pela primeira vez desde a Peste Negra em algumas d\u00e9cadas - Jornal Fatos e Not\u00edcias","robots":{"index":"index","follow":"follow","max-snippet":"max-snippet:-1","max-image-preview":"max-image-preview:large","max-video-preview":"max-video-preview:-1"},"canonical":"https:\/\/jornalfatosenoticias.com.br\/index.php\/2024\/07\/15\/populacao-mundial-deve-cair-pela-primeira-vez-desde-a-peste-negra-em-algumas-decadas\/","og_locale":"pt_BR","og_type":"article","og_title":"Popula\u00e7\u00e3o mundial deve cair pela primeira vez desde a Peste Negra em algumas d\u00e9cadas - Jornal Fatos e Not\u00edcias","og_description":"Ap\u00f3s s\u00e9culos de crescimento populacional, o mundo deve se preparar o come\u00e7o de um decl\u00ednio na d\u00e9cada de 2080 Por Lucas Soares Em 1924 havia cerca de dois bilh\u00f5es de seres humanos\u00a0na Terra. Em 2024\u00a0somos mais de oito bilh\u00f5es. Desde o fim da a Peste Negra, em meados do s\u00e9culo 14, a popula\u00e7\u00e3o mundial vem [&hellip;]","og_url":"https:\/\/jornalfatosenoticias.com.br\/index.php\/2024\/07\/15\/populacao-mundial-deve-cair-pela-primeira-vez-desde-a-peste-negra-em-algumas-decadas\/","og_site_name":"Jornal Fatos e Not\u00edcias","article_published_time":"2024-07-15T15:21:15+00:00","article_modified_time":"2024-07-15T15:21:17+00:00","og_image":[{"width":996,"height":569,"url":"https:\/\/jornalfatosenoticias.com.br\/wp-content\/uploads\/2024\/07\/populacao-mundial_freepik.jpg","type":"image\/jpeg"}],"author":"Luzimara Fernandes","twitter_card":"summary_large_image","twitter_misc":{"Escrito por":"Luzimara Fernandes","Est. tempo de leitura":"3 minutos"},"schema":{"@context":"https:\/\/schema.org","@graph":[{"@type":"Article","@id":"https:\/\/jornalfatosenoticias.com.br\/index.php\/2024\/07\/15\/populacao-mundial-deve-cair-pela-primeira-vez-desde-a-peste-negra-em-algumas-decadas\/#article","isPartOf":{"@id":"https:\/\/jornalfatosenoticias.com.br\/index.php\/2024\/07\/15\/populacao-mundial-deve-cair-pela-primeira-vez-desde-a-peste-negra-em-algumas-decadas\/"},"author":{"name":"Luzimara Fernandes","@id":"https:\/\/jornalfatosenoticias.com.br\/#\/schema\/person\/d63837fa13ac8666eb9e74e0985d6f81"},"headline":"Popula\u00e7\u00e3o mundial deve cair pela primeira vez desde a Peste Negra em algumas d\u00e9cadas","datePublished":"2024-07-15T15:21:15+00:00","dateModified":"2024-07-15T15:21:17+00:00","mainEntityOfPage":{"@id":"https:\/\/jornalfatosenoticias.com.br\/index.php\/2024\/07\/15\/populacao-mundial-deve-cair-pela-primeira-vez-desde-a-peste-negra-em-algumas-decadas\/"},"wordCount":653,"commentCount":0,"publisher":{"@id":"https:\/\/jornalfatosenoticias.com.br\/#organization"},"image":{"@id":"https:\/\/jornalfatosenoticias.com.br\/index.php\/2024\/07\/15\/populacao-mundial-deve-cair-pela-primeira-vez-desde-a-peste-negra-em-algumas-decadas\/#primaryimage"},"thumbnailUrl":"https:\/\/jornalfatosenoticias.com.br\/wp-content\/uploads\/2024\/07\/populacao-mundial_freepik.jpg","keywords":["crescimento","decl\u00ednio populacional","popula\u00e7\u00e3o","queda"],"articleSection":["Geral"],"inLanguage":"pt-BR","potentialAction":[{"@type":"CommentAction","name":"Comment","target":["https:\/\/jornalfatosenoticias.com.br\/index.php\/2024\/07\/15\/populacao-mundial-deve-cair-pela-primeira-vez-desde-a-peste-negra-em-algumas-decadas\/#respond"]}]},{"@type":"WebPage","@id":"https:\/\/jornalfatosenoticias.com.br\/index.php\/2024\/07\/15\/populacao-mundial-deve-cair-pela-primeira-vez-desde-a-peste-negra-em-algumas-decadas\/","url":"https:\/\/jornalfatosenoticias.com.br\/index.php\/2024\/07\/15\/populacao-mundial-deve-cair-pela-primeira-vez-desde-a-peste-negra-em-algumas-decadas\/","name":"Popula\u00e7\u00e3o mundial deve cair pela primeira vez desde a Peste Negra em algumas d\u00e9cadas - Jornal Fatos e Not\u00edcias","isPartOf":{"@id":"https:\/\/jornalfatosenoticias.com.br\/#website"},"primaryImageOfPage":{"@id":"https:\/\/jornalfatosenoticias.com.br\/index.php\/2024\/07\/15\/populacao-mundial-deve-cair-pela-primeira-vez-desde-a-peste-negra-em-algumas-decadas\/#primaryimage"},"image":{"@id":"https:\/\/jornalfatosenoticias.com.br\/index.php\/2024\/07\/15\/populacao-mundial-deve-cair-pela-primeira-vez-desde-a-peste-negra-em-algumas-decadas\/#primaryimage"},"thumbnailUrl":"https:\/\/jornalfatosenoticias.com.br\/wp-content\/uploads\/2024\/07\/populacao-mundial_freepik.jpg","datePublished":"2024-07-15T15:21:15+00:00","dateModified":"2024-07-15T15:21:17+00:00","breadcrumb":{"@id":"https:\/\/jornalfatosenoticias.com.br\/index.php\/2024\/07\/15\/populacao-mundial-deve-cair-pela-primeira-vez-desde-a-peste-negra-em-algumas-decadas\/#breadcrumb"},"inLanguage":"pt-BR","potentialAction":[{"@type":"ReadAction","target":["https:\/\/jornalfatosenoticias.com.br\/index.php\/2024\/07\/15\/populacao-mundial-deve-cair-pela-primeira-vez-desde-a-peste-negra-em-algumas-decadas\/"]}]},{"@type":"ImageObject","inLanguage":"pt-BR","@id":"https:\/\/jornalfatosenoticias.com.br\/index.php\/2024\/07\/15\/populacao-mundial-deve-cair-pela-primeira-vez-desde-a-peste-negra-em-algumas-decadas\/#primaryimage","url":"https:\/\/jornalfatosenoticias.com.br\/wp-content\/uploads\/2024\/07\/populacao-mundial_freepik.jpg","contentUrl":"https:\/\/jornalfatosenoticias.com.br\/wp-content\/uploads\/2024\/07\/populacao-mundial_freepik.jpg","width":996,"height":569},{"@type":"BreadcrumbList","@id":"https:\/\/jornalfatosenoticias.com.br\/index.php\/2024\/07\/15\/populacao-mundial-deve-cair-pela-primeira-vez-desde-a-peste-negra-em-algumas-decadas\/#breadcrumb","itemListElement":[{"@type":"ListItem","position":1,"name":"In\u00edcio","item":"https:\/\/jornalfatosenoticias.com.br\/"},{"@type":"ListItem","position":2,"name":"Popula\u00e7\u00e3o mundial deve cair pela primeira vez desde a Peste Negra em algumas d\u00e9cadas"}]},{"@type":"WebSite","@id":"https:\/\/jornalfatosenoticias.com.br\/#website","url":"https:\/\/jornalfatosenoticias.com.br\/","name":"Jornal Fatos e Not\u00edcias","description":"Not\u00edcias em geral","publisher":{"@id":"https:\/\/jornalfatosenoticias.com.br\/#organization"},"potentialAction":[{"@type":"SearchAction","target":{"@type":"EntryPoint","urlTemplate":"https:\/\/jornalfatosenoticias.com.br\/?s={search_term_string}"},"query-input":{"@type":"PropertyValueSpecification","valueRequired":true,"valueName":"search_term_string"}}],"inLanguage":"pt-BR"},{"@type":"Organization","@id":"https:\/\/jornalfatosenoticias.com.br\/#organization","name":"Jornal Fatos e Not\u00edcias","url":"https:\/\/jornalfatosenoticias.com.br\/","logo":{"@type":"ImageObject","inLanguage":"pt-BR","@id":"https:\/\/jornalfatosenoticias.com.br\/#\/schema\/logo\/image\/","url":"https:\/\/jornalfatosenoticias.com.br\/wp-content\/uploads\/2020\/02\/logo120.png","contentUrl":"https:\/\/jornalfatosenoticias.com.br\/wp-content\/uploads\/2020\/02\/logo120.png","width":1227,"height":120,"caption":"Jornal Fatos e Not\u00edcias"},"image":{"@id":"https:\/\/jornalfatosenoticias.com.br\/#\/schema\/logo\/image\/"}},{"@type":"Person","@id":"https:\/\/jornalfatosenoticias.com.br\/#\/schema\/person\/d63837fa13ac8666eb9e74e0985d6f81","name":"Luzimara Fernandes","image":{"@type":"ImageObject","inLanguage":"pt-BR","@id":"https:\/\/jornalfatosenoticias.com.br\/#\/schema\/person\/image\/","url":"https:\/\/jornalfatosenoticias.com.br\/wp-content\/uploads\/2025\/05\/EU_portal.jpg","contentUrl":"https:\/\/jornalfatosenoticias.com.br\/wp-content\/uploads\/2025\/05\/EU_portal.jpg","caption":"Luzimara Fernandes"},"description":"Jornalista MTB 2358-ES","sameAs":["https:\/\/jornalfatosenoticias.com.br"],"url":"https:\/\/jornalfatosenoticias.com.br\/index.php\/author\/luzimara\/"}]}},"cc_featured_image_caption":{"caption_text":"(Foto: Freepik) ","source_text":"","source_url":""},"jetpack_featured_media_url":"https:\/\/jornalfatosenoticias.com.br\/wp-content\/uploads\/2024\/07\/populacao-mundial_freepik.jpg","_links":{"self":[{"href":"https:\/\/jornalfatosenoticias.com.br\/index.php\/wp-json\/wp\/v2\/posts\/52711","targetHints":{"allow":["GET"]}}],"collection":[{"href":"https:\/\/jornalfatosenoticias.com.br\/index.php\/wp-json\/wp\/v2\/posts"}],"about":[{"href":"https:\/\/jornalfatosenoticias.com.br\/index.php\/wp-json\/wp\/v2\/types\/post"}],"author":[{"embeddable":true,"href":"https:\/\/jornalfatosenoticias.com.br\/index.php\/wp-json\/wp\/v2\/users\/2"}],"replies":[{"embeddable":true,"href":"https:\/\/jornalfatosenoticias.com.br\/index.php\/wp-json\/wp\/v2\/comments?post=52711"}],"version-history":[{"count":0,"href":"https:\/\/jornalfatosenoticias.com.br\/index.php\/wp-json\/wp\/v2\/posts\/52711\/revisions"}],"wp:featuredmedia":[{"embeddable":true,"href":"https:\/\/jornalfatosenoticias.com.br\/index.php\/wp-json\/wp\/v2\/media\/52712"}],"wp:attachment":[{"href":"https:\/\/jornalfatosenoticias.com.br\/index.php\/wp-json\/wp\/v2\/media?parent=52711"}],"wp:term":[{"taxonomy":"category","embeddable":true,"href":"https:\/\/jornalfatosenoticias.com.br\/index.php\/wp-json\/wp\/v2\/categories?post=52711"},{"taxonomy":"post_tag","embeddable":true,"href":"https:\/\/jornalfatosenoticias.com.br\/index.php\/wp-json\/wp\/v2\/tags?post=52711"}],"curies":[{"name":"wp","href":"https:\/\/api.w.org\/{rel}","templated":true}]}}