{"id":52720,"date":"2024-07-15T13:07:26","date_gmt":"2024-07-15T16:07:26","guid":{"rendered":"https:\/\/jornalfatosenoticias.com.br\/?p=52720"},"modified":"2024-07-15T13:07:27","modified_gmt":"2024-07-15T16:07:27","slug":"eu-deveria-estar-morto-diz-trump-em-1a-entrevista-apos-atentado","status":"publish","type":"post","link":"https:\/\/jornalfatosenoticias.com.br\/index.php\/2024\/07\/15\/eu-deveria-estar-morto-diz-trump-em-1a-entrevista-apos-atentado\/","title":{"rendered":"\u201cEu deveria estar morto\u201d, diz Trump em 1\u00aa entrevista ap\u00f3s atentado"},"content":{"rendered":"\n<p><em><span class=\"has-inline-color has-black-color\">O ex-presidente dos EUA, Donald J. Trump<\/span><\/em><\/p>\n\n\n\n<p><span class=\"has-inline-color has-black-color\">Por <strong><a href=\"https:\/\/www.gazetadopovo.com.br\/autor\/isabella-de-paula\/\">Isabella de Paula<\/a><\/strong><\/span><\/p>\n\n\n\n<div class=\"wp-block-image\"><figure class=\"aligncenter size-large\"><a href=\"https:\/\/mizu.com.br\/\"><img loading=\"lazy\" decoding=\"async\" width=\"729\" height=\"90\" src=\"https:\/\/jornalfatosenoticias.com.br\/wp-content\/uploads\/2020\/02\/Logo_Mizu.png\" alt=\"\" class=\"wp-image-1441\" srcset=\"https:\/\/jornalfatosenoticias.com.br\/wp-content\/uploads\/2020\/02\/Logo_Mizu.png 729w, https:\/\/jornalfatosenoticias.com.br\/wp-content\/uploads\/2020\/02\/Logo_Mizu-300x37.png 300w\" sizes=\"auto, (max-width: 729px) 100vw, 729px\" \/><\/a><\/figure><\/div>\n\n\n\n<p>O ex-presidente dos EUA Donald Trump acredita ter vivido um milagre ap\u00f3s o ataque que tentou acabar com a sua vida em um com\u00edcio no \u00faltimo s\u00e1bado (13), na Pensilv\u00e2nia. \u201cO m\u00e9dico do hospital disse que nunca tinha visto nada parecido, falou que era um milagre\u201d, declarou Trump, com parte da cabe\u00e7a ainda enfaixada devido aos ferimentos sofridos no atentado, em entrevista ao jornal New York Post.<br>Um Donald Trump &#8220;grato e por vezes desafiador&#8221; disse ao jornal que &#8220;deveria estar morto&#8221;, ao recordar o momento em que o atirador o alvejou no com\u00edcio da campanha republicana. O magnata detalhou a \u201cexperi\u00eancia muito surreal\u201d que quase acabou com sua vida durante uma entrevista a bordo de seu avi\u00e3o particular a caminho de Milwaukee, onde come\u00e7a nesta segunda-feira (15) a Conven\u00e7\u00e3o Nacional Republicana que o confirmar\u00e1 como candidato presidencial.<\/p>\n\n\n\n<div class=\"wp-block-image\"><figure class=\"aligncenter size-large is-resized\"><img loading=\"lazy\" decoding=\"async\" src=\"https:\/\/jornalfatosenoticias.com.br\/wp-content\/uploads\/2022\/02\/Precisao-Contabilidade-1024x724.jpg\" alt=\"\" class=\"wp-image-28088\" width=\"340\" height=\"240\"\/><\/figure><\/div>\n\n\n\n<blockquote class=\"wp-block-quote is-layout-flow wp-block-quote-is-layout-flow\"><p><span class=\"has-inline-color has-luminous-vivid-orange-color\">Eu n\u00e3o deveria estar aqui, deveria estar morto\u201d, afirmou Trump ao rep\u00f3rter do Post.<\/span><\/p><\/blockquote>\n\n\n\n<div class=\"wp-block-image\"><figure class=\"aligncenter size-large is-resized\"><a href=\"https:\/\/hotelmarquetti.com.br\/\"><img loading=\"lazy\" decoding=\"async\" src=\"https:\/\/jornalfatosenoticias.com.br\/wp-content\/uploads\/2023\/03\/nova-logo-Marquetti.jpg\" alt=\"\" class=\"wp-image-40207\" width=\"314\" height=\"211\" srcset=\"https:\/\/jornalfatosenoticias.com.br\/wp-content\/uploads\/2023\/03\/nova-logo-Marquetti.jpg 643w, https:\/\/jornalfatosenoticias.com.br\/wp-content\/uploads\/2023\/03\/nova-logo-Marquetti-300x202.jpg 300w\" sizes=\"auto, (max-width: 314px) 100vw, 314px\" \/><\/a><\/figure><\/div>\n\n\n\n<p>Trump estava realizando um com\u00edcio em Butler, Pensilv\u00e2nia, no s\u00e1bado, quando foi atingido por uma bala na parte superior da orelha direita. Uma pessoa morreu, duas ficaram feridas e o atirador, que disparou de fora do local, foi morto pela pol\u00edcia.<\/p>\n\n\n\n<div class=\"wp-block-image\"><figure class=\"aligncenter size-large is-resized\"><a href=\"https:\/\/www.facebook.com\/postobkr\/?locale=pt_BR\"><img loading=\"lazy\" decoding=\"async\" src=\"https:\/\/jornalfatosenoticias.com.br\/wp-content\/uploads\/2023\/08\/BKR-1024x1021.jpg\" alt=\"\" class=\"wp-image-44494\" width=\"330\" height=\"329\" srcset=\"https:\/\/jornalfatosenoticias.com.br\/wp-content\/uploads\/2023\/08\/BKR-1024x1021.jpg 1024w, https:\/\/jornalfatosenoticias.com.br\/wp-content\/uploads\/2023\/08\/BKR-300x300.jpg 300w, https:\/\/jornalfatosenoticias.com.br\/wp-content\/uploads\/2023\/08\/BKR-150x150.jpg 150w, https:\/\/jornalfatosenoticias.com.br\/wp-content\/uploads\/2023\/08\/BKR-768x766.jpg 768w, https:\/\/jornalfatosenoticias.com.br\/wp-content\/uploads\/2023\/08\/BKR.jpg 1080w\" sizes=\"auto, (max-width: 330px) 100vw, 330px\" \/><\/a><\/figure><\/div>\n\n\n\n<p>O FBI confirmou que o autor do ataque, Thomas Crooks, de 20 anos, agiu sozinho e atirou no ex-presidente do telhado de um pr\u00e9dio usando um fuzil AR-15, que tinha sido comprado legalmente por seu pai. Crooks, que foi morto por agentes do Servi\u00e7o Secreto poucos segundos depois de abrir fogo contra Trump, era um eleitor registrado do Partido Republicano. No entanto, os registros eleitorais mostram que algu\u00e9m com seu nome e endere\u00e7o fez em 2021 uma doa\u00e7\u00e3o de US$ 15 ao Projeto de Participa\u00e7\u00e3o Progressista, uma organiza\u00e7\u00e3o democrata.<\/p>\n\n\n\n<div class=\"wp-block-image\"><figure class=\"aligncenter size-large is-resized\"><a href=\"https:\/\/www.instagram.com\/rapuzeljastro\/\"><img loading=\"lazy\" decoding=\"async\" src=\"https:\/\/jornalfatosenoticias.com.br\/wp-content\/uploads\/2020\/02\/logo-Rapuzel-1024x571.jpg\" alt=\"\" class=\"wp-image-42808\" width=\"415\" height=\"231\" srcset=\"https:\/\/jornalfatosenoticias.com.br\/wp-content\/uploads\/2020\/02\/logo-Rapuzel-1024x571.jpg 1024w, https:\/\/jornalfatosenoticias.com.br\/wp-content\/uploads\/2020\/02\/logo-Rapuzel-300x167.jpg 300w, https:\/\/jornalfatosenoticias.com.br\/wp-content\/uploads\/2020\/02\/logo-Rapuzel-768x428.jpg 768w, https:\/\/jornalfatosenoticias.com.br\/wp-content\/uploads\/2020\/02\/logo-Rapuzel-1536x856.jpg 1536w, https:\/\/jornalfatosenoticias.com.br\/wp-content\/uploads\/2020\/02\/logo-Rapuzel.jpg 1600w\" sizes=\"auto, (max-width: 415px) 100vw, 415px\" \/><\/a><\/figure><\/div>\n\n\n\n<p><strong><span class=\"has-inline-color has-black-color\">Nikki Haley ser\u00e1 oradora na conven\u00e7\u00e3o republicana<br><\/span><\/strong>A ex-embaixadora dos EUA na ONU Nikki Haley, \u00faltima pr\u00e9-candidata a desistir nas prim\u00e1rias que definiram o indicado para concorrer \u00e0 Casa Branca pelo Partido Republicano e que foram vencidas pelo ex-presidente Donald Trump, foi convidada de \u00faltima hora para a conven\u00e7\u00e3o que vai oficializ\u00e1-lo como candidato presidencial pela legenda.<\/p>\n\n\n\n<div class=\"wp-block-image\"><figure class=\"aligncenter size-large is-resized\"><a href=\"https:\/\/www.ithbrasil.com.br\/\"><img loading=\"lazy\" decoding=\"async\" src=\"https:\/\/jornalfatosenoticias.com.br\/wp-content\/uploads\/2023\/08\/ITH.jpeg\" alt=\"\" class=\"wp-image-44638\" width=\"325\" height=\"264\" srcset=\"https:\/\/jornalfatosenoticias.com.br\/wp-content\/uploads\/2023\/08\/ITH.jpeg 800w, https:\/\/jornalfatosenoticias.com.br\/wp-content\/uploads\/2023\/08\/ITH-300x244.jpeg 300w, https:\/\/jornalfatosenoticias.com.br\/wp-content\/uploads\/2023\/08\/ITH-768x624.jpeg 768w\" sizes=\"auto, (max-width: 325px) 100vw, 325px\" \/><\/a><\/figure><\/div>\n\n\n\n<p>Haley n\u00e3o foi inclu\u00edda no programa original, e sua equipe havia confirmado recentemente que ela n\u00e3o estaria presente no evento em Milwaukee, no estado de Wisconsin, mas seu porta-voz, Chaney Denton, disse \u00e0 imprensa americana neste domingo (14) que ela ser\u00e1 uma das oradoras.<\/p>\n\n\n\n<div class=\"wp-block-image\"><figure class=\"aligncenter size-large is-resized\"><a href=\"https:\/\/www.instagram.com\/restaurantepegoretti\/\"><img loading=\"lazy\" decoding=\"async\" src=\"https:\/\/jornalfatosenoticias.com.br\/wp-content\/uploads\/2023\/12\/pegoretti-logo-pdf-1024x389.jpg\" alt=\"\" class=\"wp-image-47536\" width=\"430\" height=\"163\" srcset=\"https:\/\/jornalfatosenoticias.com.br\/wp-content\/uploads\/2023\/12\/pegoretti-logo-pdf-1024x389.jpg 1024w, https:\/\/jornalfatosenoticias.com.br\/wp-content\/uploads\/2023\/12\/pegoretti-logo-pdf-300x114.jpg 300w, https:\/\/jornalfatosenoticias.com.br\/wp-content\/uploads\/2023\/12\/pegoretti-logo-pdf-768x291.jpg 768w, https:\/\/jornalfatosenoticias.com.br\/wp-content\/uploads\/2023\/12\/pegoretti-logo-pdf.jpg 1120w\" sizes=\"auto, (max-width: 430px) 100vw, 430px\" \/><\/a><\/figure><\/div>\n\n\n\n<p>A conven\u00e7\u00e3o republicana ser\u00e1 realizada de segunda a quinta-feira, e o discurso de Haley, de acordo com o jornal Washington Post, est\u00e1 programado para esta ter\u00e7a-feira (16). A agenda ainda n\u00e3o apresenta uma programa\u00e7\u00e3o detalhada dos oradores. O an\u00fancio ocorreu um dia depois de Trump ter sido ferido em um atentado durante um com\u00edcio na pequena cidade de Butler, no estado da Pensilv\u00e2nia.<\/p>\n\n\n\n<div class=\"wp-block-image\"><figure class=\"aligncenter size-large\"><a href=\"https:\/\/www.instagram.com\/baraodascarnes.es\/\"><img decoding=\"async\" src=\"https:\/\/jornalfatosenoticias.com.br\/wp-content\/uploads\/2020\/02\/barao-das-carnes-300x164-1.jpg\" alt=\"\" class=\"wp-image-34339\"\/><\/a><\/figure><\/div>\n\n\n\n<p><strong><em>Fonte: <a href=\"https:\/\/www.gazetadopovo.com.br\/mundo\/eu-deveria-estar-morto-diz-trump-em-1a-entrevista-apos-atentado\/\">Gazeta do Povo<\/a><\/em><\/strong><\/p>\n","protected":false},"excerpt":{"rendered":"<p>O ex-presidente dos EUA, Donald J. Trump Por Isabella de Paula O ex-presidente dos EUA Donald Trump acredita ter vivido um milagre ap\u00f3s o ataque que tentou acabar com a sua vida em um com\u00edcio no \u00faltimo s\u00e1bado (13), na Pensilv\u00e2nia. \u201cO m\u00e9dico do hospital disse que nunca tinha visto nada parecido, falou que era [&hellip;]<\/p>\n","protected":false},"author":2,"featured_media":52721,"comment_status":"open","ping_status":"open","sticky":false,"template":"","format":"standard","meta":{"footnotes":""},"categories":[41],"tags":[24068,16401,1243,2147,159],"class_list":["post-52720","post","type-post","status-publish","format-standard","has-post-thumbnail","hentry","category-internacional","tag-atentado","tag-biden","tag-comicio","tag-donald-trump","tag-eua"],"yoast_head":"<!-- This site is optimized with the Yoast SEO plugin v26.5 - https:\/\/yoast.com\/wordpress\/plugins\/seo\/ -->\n<title>\u201cEu deveria estar morto\u201d, diz Trump em 1\u00aa entrevista ap\u00f3s atentado - Jornal Fatos e Not\u00edcias<\/title>\n<meta name=\"robots\" content=\"index, follow, max-snippet:-1, max-image-preview:large, max-video-preview:-1\" \/>\n<link rel=\"canonical\" href=\"https:\/\/jornalfatosenoticias.com.br\/index.php\/2024\/07\/15\/eu-deveria-estar-morto-diz-trump-em-1a-entrevista-apos-atentado\/\" \/>\n<meta property=\"og:locale\" content=\"pt_BR\" \/>\n<meta property=\"og:type\" content=\"article\" \/>\n<meta property=\"og:title\" content=\"\u201cEu deveria estar morto\u201d, diz Trump em 1\u00aa entrevista ap\u00f3s atentado - Jornal Fatos e Not\u00edcias\" \/>\n<meta property=\"og:description\" content=\"O ex-presidente dos EUA, Donald J. Trump Por Isabella de Paula O ex-presidente dos EUA Donald Trump acredita ter vivido um milagre ap\u00f3s o ataque que tentou acabar com a sua vida em um com\u00edcio no \u00faltimo s\u00e1bado (13), na Pensilv\u00e2nia. \u201cO m\u00e9dico do hospital disse que nunca tinha visto nada parecido, falou que era [&hellip;]\" \/>\n<meta property=\"og:url\" content=\"https:\/\/jornalfatosenoticias.com.br\/index.php\/2024\/07\/15\/eu-deveria-estar-morto-diz-trump-em-1a-entrevista-apos-atentado\/\" \/>\n<meta property=\"og:site_name\" content=\"Jornal Fatos e Not\u00edcias\" \/>\n<meta property=\"article:published_time\" content=\"2024-07-15T16:07:26+00:00\" \/>\n<meta property=\"article:modified_time\" content=\"2024-07-15T16:07:27+00:00\" \/>\n<meta property=\"og:image\" content=\"https:\/\/jornalfatosenoticias.com.br\/wp-content\/uploads\/2024\/07\/trump_gettyimages.jpg\" \/>\n\t<meta property=\"og:image:width\" content=\"612\" \/>\n\t<meta property=\"og:image:height\" content=\"408\" \/>\n\t<meta property=\"og:image:type\" content=\"image\/jpeg\" \/>\n<meta name=\"author\" content=\"Luzimara Fernandes\" \/>\n<meta name=\"twitter:card\" content=\"summary_large_image\" \/>\n<meta name=\"twitter:label1\" content=\"Escrito por\" \/>\n\t<meta name=\"twitter:data1\" content=\"Luzimara Fernandes\" \/>\n\t<meta name=\"twitter:label2\" content=\"Est. tempo de leitura\" \/>\n\t<meta name=\"twitter:data2\" content=\"2 minutos\" \/>\n<script type=\"application\/ld+json\" class=\"yoast-schema-graph\">{\"@context\":\"https:\/\/schema.org\",\"@graph\":[{\"@type\":\"Article\",\"@id\":\"https:\/\/jornalfatosenoticias.com.br\/index.php\/2024\/07\/15\/eu-deveria-estar-morto-diz-trump-em-1a-entrevista-apos-atentado\/#article\",\"isPartOf\":{\"@id\":\"https:\/\/jornalfatosenoticias.com.br\/index.php\/2024\/07\/15\/eu-deveria-estar-morto-diz-trump-em-1a-entrevista-apos-atentado\/\"},\"author\":{\"name\":\"Luzimara Fernandes\",\"@id\":\"https:\/\/jornalfatosenoticias.com.br\/#\/schema\/person\/d63837fa13ac8666eb9e74e0985d6f81\"},\"headline\":\"\u201cEu deveria estar morto\u201d, diz Trump em 1\u00aa entrevista ap\u00f3s atentado\",\"datePublished\":\"2024-07-15T16:07:26+00:00\",\"dateModified\":\"2024-07-15T16:07:27+00:00\",\"mainEntityOfPage\":{\"@id\":\"https:\/\/jornalfatosenoticias.com.br\/index.php\/2024\/07\/15\/eu-deveria-estar-morto-diz-trump-em-1a-entrevista-apos-atentado\/\"},\"wordCount\":502,\"commentCount\":0,\"publisher\":{\"@id\":\"https:\/\/jornalfatosenoticias.com.br\/#organization\"},\"image\":{\"@id\":\"https:\/\/jornalfatosenoticias.com.br\/index.php\/2024\/07\/15\/eu-deveria-estar-morto-diz-trump-em-1a-entrevista-apos-atentado\/#primaryimage\"},\"thumbnailUrl\":\"https:\/\/jornalfatosenoticias.com.br\/wp-content\/uploads\/2024\/07\/trump_gettyimages.jpg\",\"keywords\":[\"atentado\",\"Biden\",\"com\u00edcio\",\"Donald Trump\",\"EUA\"],\"articleSection\":[\"Internacional\"],\"inLanguage\":\"pt-BR\",\"potentialAction\":[{\"@type\":\"CommentAction\",\"name\":\"Comment\",\"target\":[\"https:\/\/jornalfatosenoticias.com.br\/index.php\/2024\/07\/15\/eu-deveria-estar-morto-diz-trump-em-1a-entrevista-apos-atentado\/#respond\"]}]},{\"@type\":\"WebPage\",\"@id\":\"https:\/\/jornalfatosenoticias.com.br\/index.php\/2024\/07\/15\/eu-deveria-estar-morto-diz-trump-em-1a-entrevista-apos-atentado\/\",\"url\":\"https:\/\/jornalfatosenoticias.com.br\/index.php\/2024\/07\/15\/eu-deveria-estar-morto-diz-trump-em-1a-entrevista-apos-atentado\/\",\"name\":\"\u201cEu deveria estar morto\u201d, diz Trump em 1\u00aa entrevista ap\u00f3s atentado - Jornal Fatos e Not\u00edcias\",\"isPartOf\":{\"@id\":\"https:\/\/jornalfatosenoticias.com.br\/#website\"},\"primaryImageOfPage\":{\"@id\":\"https:\/\/jornalfatosenoticias.com.br\/index.php\/2024\/07\/15\/eu-deveria-estar-morto-diz-trump-em-1a-entrevista-apos-atentado\/#primaryimage\"},\"image\":{\"@id\":\"https:\/\/jornalfatosenoticias.com.br\/index.php\/2024\/07\/15\/eu-deveria-estar-morto-diz-trump-em-1a-entrevista-apos-atentado\/#primaryimage\"},\"thumbnailUrl\":\"https:\/\/jornalfatosenoticias.com.br\/wp-content\/uploads\/2024\/07\/trump_gettyimages.jpg\",\"datePublished\":\"2024-07-15T16:07:26+00:00\",\"dateModified\":\"2024-07-15T16:07:27+00:00\",\"breadcrumb\":{\"@id\":\"https:\/\/jornalfatosenoticias.com.br\/index.php\/2024\/07\/15\/eu-deveria-estar-morto-diz-trump-em-1a-entrevista-apos-atentado\/#breadcrumb\"},\"inLanguage\":\"pt-BR\",\"potentialAction\":[{\"@type\":\"ReadAction\",\"target\":[\"https:\/\/jornalfatosenoticias.com.br\/index.php\/2024\/07\/15\/eu-deveria-estar-morto-diz-trump-em-1a-entrevista-apos-atentado\/\"]}]},{\"@type\":\"ImageObject\",\"inLanguage\":\"pt-BR\",\"@id\":\"https:\/\/jornalfatosenoticias.com.br\/index.php\/2024\/07\/15\/eu-deveria-estar-morto-diz-trump-em-1a-entrevista-apos-atentado\/#primaryimage\",\"url\":\"https:\/\/jornalfatosenoticias.com.br\/wp-content\/uploads\/2024\/07\/trump_gettyimages.jpg\",\"contentUrl\":\"https:\/\/jornalfatosenoticias.com.br\/wp-content\/uploads\/2024\/07\/trump_gettyimages.jpg\",\"width\":612,\"height\":408,\"caption\":\"DES MOINES, IOWA - JANUARY 15: Former President Donald Trump speaks at his caucus night event, with sons Eric Trump and Donald Trump Jr. looking on, at the Iowa Events Center on January 15, 2024 in Des Moines, Iowa. Iowans voted today in the state\u2019s caucuses for the first contest in the 2024 Republican presidential nominating process. Trump has been projected winner of the Iowa caucus. (Photo by Alex Wong\/Getty Images)\"},{\"@type\":\"BreadcrumbList\",\"@id\":\"https:\/\/jornalfatosenoticias.com.br\/index.php\/2024\/07\/15\/eu-deveria-estar-morto-diz-trump-em-1a-entrevista-apos-atentado\/#breadcrumb\",\"itemListElement\":[{\"@type\":\"ListItem\",\"position\":1,\"name\":\"In\u00edcio\",\"item\":\"https:\/\/jornalfatosenoticias.com.br\/\"},{\"@type\":\"ListItem\",\"position\":2,\"name\":\"\u201cEu deveria estar morto\u201d, diz Trump em 1\u00aa entrevista ap\u00f3s atentado\"}]},{\"@type\":\"WebSite\",\"@id\":\"https:\/\/jornalfatosenoticias.com.br\/#website\",\"url\":\"https:\/\/jornalfatosenoticias.com.br\/\",\"name\":\"Jornal Fatos e Not\u00edcias\",\"description\":\"Not\u00edcias em geral\",\"publisher\":{\"@id\":\"https:\/\/jornalfatosenoticias.com.br\/#organization\"},\"potentialAction\":[{\"@type\":\"SearchAction\",\"target\":{\"@type\":\"EntryPoint\",\"urlTemplate\":\"https:\/\/jornalfatosenoticias.com.br\/?s={search_term_string}\"},\"query-input\":{\"@type\":\"PropertyValueSpecification\",\"valueRequired\":true,\"valueName\":\"search_term_string\"}}],\"inLanguage\":\"pt-BR\"},{\"@type\":\"Organization\",\"@id\":\"https:\/\/jornalfatosenoticias.com.br\/#organization\",\"name\":\"Jornal Fatos e Not\u00edcias\",\"url\":\"https:\/\/jornalfatosenoticias.com.br\/\",\"logo\":{\"@type\":\"ImageObject\",\"inLanguage\":\"pt-BR\",\"@id\":\"https:\/\/jornalfatosenoticias.com.br\/#\/schema\/logo\/image\/\",\"url\":\"https:\/\/jornalfatosenoticias.com.br\/wp-content\/uploads\/2020\/02\/logo120.png\",\"contentUrl\":\"https:\/\/jornalfatosenoticias.com.br\/wp-content\/uploads\/2020\/02\/logo120.png\",\"width\":1227,\"height\":120,\"caption\":\"Jornal Fatos e Not\u00edcias\"},\"image\":{\"@id\":\"https:\/\/jornalfatosenoticias.com.br\/#\/schema\/logo\/image\/\"}},{\"@type\":\"Person\",\"@id\":\"https:\/\/jornalfatosenoticias.com.br\/#\/schema\/person\/d63837fa13ac8666eb9e74e0985d6f81\",\"name\":\"Luzimara Fernandes\",\"image\":{\"@type\":\"ImageObject\",\"inLanguage\":\"pt-BR\",\"@id\":\"https:\/\/jornalfatosenoticias.com.br\/#\/schema\/person\/image\/\",\"url\":\"https:\/\/jornalfatosenoticias.com.br\/wp-content\/uploads\/2025\/05\/EU_portal.jpg\",\"contentUrl\":\"https:\/\/jornalfatosenoticias.com.br\/wp-content\/uploads\/2025\/05\/EU_portal.jpg\",\"caption\":\"Luzimara Fernandes\"},\"description\":\"Jornalista MTB 2358-ES\",\"sameAs\":[\"https:\/\/jornalfatosenoticias.com.br\"],\"url\":\"https:\/\/jornalfatosenoticias.com.br\/index.php\/author\/luzimara\/\"}]}<\/script>\n<!-- \/ Yoast SEO plugin. -->","yoast_head_json":{"title":"\u201cEu deveria estar morto\u201d, diz Trump em 1\u00aa entrevista ap\u00f3s atentado - Jornal Fatos e Not\u00edcias","robots":{"index":"index","follow":"follow","max-snippet":"max-snippet:-1","max-image-preview":"max-image-preview:large","max-video-preview":"max-video-preview:-1"},"canonical":"https:\/\/jornalfatosenoticias.com.br\/index.php\/2024\/07\/15\/eu-deveria-estar-morto-diz-trump-em-1a-entrevista-apos-atentado\/","og_locale":"pt_BR","og_type":"article","og_title":"\u201cEu deveria estar morto\u201d, diz Trump em 1\u00aa entrevista ap\u00f3s atentado - Jornal Fatos e Not\u00edcias","og_description":"O ex-presidente dos EUA, Donald J. Trump Por Isabella de Paula O ex-presidente dos EUA Donald Trump acredita ter vivido um milagre ap\u00f3s o ataque que tentou acabar com a sua vida em um com\u00edcio no \u00faltimo s\u00e1bado (13), na Pensilv\u00e2nia. \u201cO m\u00e9dico do hospital disse que nunca tinha visto nada parecido, falou que era [&hellip;]","og_url":"https:\/\/jornalfatosenoticias.com.br\/index.php\/2024\/07\/15\/eu-deveria-estar-morto-diz-trump-em-1a-entrevista-apos-atentado\/","og_site_name":"Jornal Fatos e Not\u00edcias","article_published_time":"2024-07-15T16:07:26+00:00","article_modified_time":"2024-07-15T16:07:27+00:00","og_image":[{"width":612,"height":408,"url":"https:\/\/jornalfatosenoticias.com.br\/wp-content\/uploads\/2024\/07\/trump_gettyimages.jpg","type":"image\/jpeg"}],"author":"Luzimara Fernandes","twitter_card":"summary_large_image","twitter_misc":{"Escrito por":"Luzimara Fernandes","Est. tempo de leitura":"2 minutos"},"schema":{"@context":"https:\/\/schema.org","@graph":[{"@type":"Article","@id":"https:\/\/jornalfatosenoticias.com.br\/index.php\/2024\/07\/15\/eu-deveria-estar-morto-diz-trump-em-1a-entrevista-apos-atentado\/#article","isPartOf":{"@id":"https:\/\/jornalfatosenoticias.com.br\/index.php\/2024\/07\/15\/eu-deveria-estar-morto-diz-trump-em-1a-entrevista-apos-atentado\/"},"author":{"name":"Luzimara Fernandes","@id":"https:\/\/jornalfatosenoticias.com.br\/#\/schema\/person\/d63837fa13ac8666eb9e74e0985d6f81"},"headline":"\u201cEu deveria estar morto\u201d, diz Trump em 1\u00aa entrevista ap\u00f3s atentado","datePublished":"2024-07-15T16:07:26+00:00","dateModified":"2024-07-15T16:07:27+00:00","mainEntityOfPage":{"@id":"https:\/\/jornalfatosenoticias.com.br\/index.php\/2024\/07\/15\/eu-deveria-estar-morto-diz-trump-em-1a-entrevista-apos-atentado\/"},"wordCount":502,"commentCount":0,"publisher":{"@id":"https:\/\/jornalfatosenoticias.com.br\/#organization"},"image":{"@id":"https:\/\/jornalfatosenoticias.com.br\/index.php\/2024\/07\/15\/eu-deveria-estar-morto-diz-trump-em-1a-entrevista-apos-atentado\/#primaryimage"},"thumbnailUrl":"https:\/\/jornalfatosenoticias.com.br\/wp-content\/uploads\/2024\/07\/trump_gettyimages.jpg","keywords":["atentado","Biden","com\u00edcio","Donald Trump","EUA"],"articleSection":["Internacional"],"inLanguage":"pt-BR","potentialAction":[{"@type":"CommentAction","name":"Comment","target":["https:\/\/jornalfatosenoticias.com.br\/index.php\/2024\/07\/15\/eu-deveria-estar-morto-diz-trump-em-1a-entrevista-apos-atentado\/#respond"]}]},{"@type":"WebPage","@id":"https:\/\/jornalfatosenoticias.com.br\/index.php\/2024\/07\/15\/eu-deveria-estar-morto-diz-trump-em-1a-entrevista-apos-atentado\/","url":"https:\/\/jornalfatosenoticias.com.br\/index.php\/2024\/07\/15\/eu-deveria-estar-morto-diz-trump-em-1a-entrevista-apos-atentado\/","name":"\u201cEu deveria estar morto\u201d, diz Trump em 1\u00aa entrevista ap\u00f3s atentado - Jornal Fatos e Not\u00edcias","isPartOf":{"@id":"https:\/\/jornalfatosenoticias.com.br\/#website"},"primaryImageOfPage":{"@id":"https:\/\/jornalfatosenoticias.com.br\/index.php\/2024\/07\/15\/eu-deveria-estar-morto-diz-trump-em-1a-entrevista-apos-atentado\/#primaryimage"},"image":{"@id":"https:\/\/jornalfatosenoticias.com.br\/index.php\/2024\/07\/15\/eu-deveria-estar-morto-diz-trump-em-1a-entrevista-apos-atentado\/#primaryimage"},"thumbnailUrl":"https:\/\/jornalfatosenoticias.com.br\/wp-content\/uploads\/2024\/07\/trump_gettyimages.jpg","datePublished":"2024-07-15T16:07:26+00:00","dateModified":"2024-07-15T16:07:27+00:00","breadcrumb":{"@id":"https:\/\/jornalfatosenoticias.com.br\/index.php\/2024\/07\/15\/eu-deveria-estar-morto-diz-trump-em-1a-entrevista-apos-atentado\/#breadcrumb"},"inLanguage":"pt-BR","potentialAction":[{"@type":"ReadAction","target":["https:\/\/jornalfatosenoticias.com.br\/index.php\/2024\/07\/15\/eu-deveria-estar-morto-diz-trump-em-1a-entrevista-apos-atentado\/"]}]},{"@type":"ImageObject","inLanguage":"pt-BR","@id":"https:\/\/jornalfatosenoticias.com.br\/index.php\/2024\/07\/15\/eu-deveria-estar-morto-diz-trump-em-1a-entrevista-apos-atentado\/#primaryimage","url":"https:\/\/jornalfatosenoticias.com.br\/wp-content\/uploads\/2024\/07\/trump_gettyimages.jpg","contentUrl":"https:\/\/jornalfatosenoticias.com.br\/wp-content\/uploads\/2024\/07\/trump_gettyimages.jpg","width":612,"height":408,"caption":"DES MOINES, IOWA - JANUARY 15: Former President Donald Trump speaks at his caucus night event, with sons Eric Trump and Donald Trump Jr. looking on, at the Iowa Events Center on January 15, 2024 in Des Moines, Iowa. Iowans voted today in the state\u2019s caucuses for the first contest in the 2024 Republican presidential nominating process. Trump has been projected winner of the Iowa caucus. (Photo by Alex Wong\/Getty Images)"},{"@type":"BreadcrumbList","@id":"https:\/\/jornalfatosenoticias.com.br\/index.php\/2024\/07\/15\/eu-deveria-estar-morto-diz-trump-em-1a-entrevista-apos-atentado\/#breadcrumb","itemListElement":[{"@type":"ListItem","position":1,"name":"In\u00edcio","item":"https:\/\/jornalfatosenoticias.com.br\/"},{"@type":"ListItem","position":2,"name":"\u201cEu deveria estar morto\u201d, diz Trump em 1\u00aa entrevista ap\u00f3s atentado"}]},{"@type":"WebSite","@id":"https:\/\/jornalfatosenoticias.com.br\/#website","url":"https:\/\/jornalfatosenoticias.com.br\/","name":"Jornal Fatos e Not\u00edcias","description":"Not\u00edcias em geral","publisher":{"@id":"https:\/\/jornalfatosenoticias.com.br\/#organization"},"potentialAction":[{"@type":"SearchAction","target":{"@type":"EntryPoint","urlTemplate":"https:\/\/jornalfatosenoticias.com.br\/?s={search_term_string}"},"query-input":{"@type":"PropertyValueSpecification","valueRequired":true,"valueName":"search_term_string"}}],"inLanguage":"pt-BR"},{"@type":"Organization","@id":"https:\/\/jornalfatosenoticias.com.br\/#organization","name":"Jornal Fatos e Not\u00edcias","url":"https:\/\/jornalfatosenoticias.com.br\/","logo":{"@type":"ImageObject","inLanguage":"pt-BR","@id":"https:\/\/jornalfatosenoticias.com.br\/#\/schema\/logo\/image\/","url":"https:\/\/jornalfatosenoticias.com.br\/wp-content\/uploads\/2020\/02\/logo120.png","contentUrl":"https:\/\/jornalfatosenoticias.com.br\/wp-content\/uploads\/2020\/02\/logo120.png","width":1227,"height":120,"caption":"Jornal Fatos e Not\u00edcias"},"image":{"@id":"https:\/\/jornalfatosenoticias.com.br\/#\/schema\/logo\/image\/"}},{"@type":"Person","@id":"https:\/\/jornalfatosenoticias.com.br\/#\/schema\/person\/d63837fa13ac8666eb9e74e0985d6f81","name":"Luzimara Fernandes","image":{"@type":"ImageObject","inLanguage":"pt-BR","@id":"https:\/\/jornalfatosenoticias.com.br\/#\/schema\/person\/image\/","url":"https:\/\/jornalfatosenoticias.com.br\/wp-content\/uploads\/2025\/05\/EU_portal.jpg","contentUrl":"https:\/\/jornalfatosenoticias.com.br\/wp-content\/uploads\/2025\/05\/EU_portal.jpg","caption":"Luzimara Fernandes"},"description":"Jornalista MTB 2358-ES","sameAs":["https:\/\/jornalfatosenoticias.com.br"],"url":"https:\/\/jornalfatosenoticias.com.br\/index.php\/author\/luzimara\/"}]}},"cc_featured_image_caption":{"caption_text":"(Foto: Getty Images) ","source_text":"","source_url":""},"jetpack_featured_media_url":"https:\/\/jornalfatosenoticias.com.br\/wp-content\/uploads\/2024\/07\/trump_gettyimages.jpg","_links":{"self":[{"href":"https:\/\/jornalfatosenoticias.com.br\/index.php\/wp-json\/wp\/v2\/posts\/52720","targetHints":{"allow":["GET"]}}],"collection":[{"href":"https:\/\/jornalfatosenoticias.com.br\/index.php\/wp-json\/wp\/v2\/posts"}],"about":[{"href":"https:\/\/jornalfatosenoticias.com.br\/index.php\/wp-json\/wp\/v2\/types\/post"}],"author":[{"embeddable":true,"href":"https:\/\/jornalfatosenoticias.com.br\/index.php\/wp-json\/wp\/v2\/users\/2"}],"replies":[{"embeddable":true,"href":"https:\/\/jornalfatosenoticias.com.br\/index.php\/wp-json\/wp\/v2\/comments?post=52720"}],"version-history":[{"count":0,"href":"https:\/\/jornalfatosenoticias.com.br\/index.php\/wp-json\/wp\/v2\/posts\/52720\/revisions"}],"wp:featuredmedia":[{"embeddable":true,"href":"https:\/\/jornalfatosenoticias.com.br\/index.php\/wp-json\/wp\/v2\/media\/52721"}],"wp:attachment":[{"href":"https:\/\/jornalfatosenoticias.com.br\/index.php\/wp-json\/wp\/v2\/media?parent=52720"}],"wp:term":[{"taxonomy":"category","embeddable":true,"href":"https:\/\/jornalfatosenoticias.com.br\/index.php\/wp-json\/wp\/v2\/categories?post=52720"},{"taxonomy":"post_tag","embeddable":true,"href":"https:\/\/jornalfatosenoticias.com.br\/index.php\/wp-json\/wp\/v2\/tags?post=52720"}],"curies":[{"name":"wp","href":"https:\/\/api.w.org\/{rel}","templated":true}]}}