{"id":52734,"date":"2024-07-16T10:26:50","date_gmt":"2024-07-16T13:26:50","guid":{"rendered":"https:\/\/jornalfatosenoticias.com.br\/?p=52734"},"modified":"2024-07-16T10:26:52","modified_gmt":"2024-07-16T13:26:52","slug":"voce-esta-sempre-com-a-cabeca-nas-nuvens-existe-uma-explicacao","status":"publish","type":"post","link":"https:\/\/jornalfatosenoticias.com.br\/index.php\/2024\/07\/16\/voce-esta-sempre-com-a-cabeca-nas-nuvens-existe-uma-explicacao\/","title":{"rendered":"Voc\u00ea est\u00e1 sempre com a cabe\u00e7a nas nuvens? Existe uma explica\u00e7\u00e3o"},"content":{"rendered":"\n<p><em><span class=\"has-inline-color has-black-color\">Se sonhar acordado atrapalha seu dia a dia, pode ser uma condi\u00e7\u00e3o: a S\u00edndrome de Desengajamento Cognitivo<\/span><\/em><\/p>\n\n\n\n<p><span class=\"has-inline-color has-black-color\">Por <strong><a href=\"https:\/\/olhardigital.com.br\/author\/nayra-teles\/\">Nayra Teles<\/a><\/strong><\/span><\/p>\n\n\n\n<div class=\"wp-block-image\"><figure class=\"aligncenter size-large\"><a href=\"https:\/\/mizu.com.br\/\"><img loading=\"lazy\" decoding=\"async\" width=\"729\" height=\"90\" src=\"https:\/\/jornalfatosenoticias.com.br\/wp-content\/uploads\/2020\/02\/Logo_Mizu.png\" alt=\"\" class=\"wp-image-1441\" srcset=\"https:\/\/jornalfatosenoticias.com.br\/wp-content\/uploads\/2020\/02\/Logo_Mizu.png 729w, https:\/\/jornalfatosenoticias.com.br\/wp-content\/uploads\/2020\/02\/Logo_Mizu-300x37.png 300w\" sizes=\"auto, (max-width: 729px) 100vw, 729px\" \/><\/a><\/figure><\/div>\n\n\n\n<p>Voc\u00ea j\u00e1 se pegou sonhando acordado em situa\u00e7\u00f5es que n\u00e3o deveria? Esse h\u00e1bito \u00e9 comum para todo mundo, mas se come\u00e7a a afetar a sua vida a ponto de n\u00e3o conseguir, por exemplo, ter um bom desempenho acad\u00eamico ou se relacionar com outras pessoas, pode ser uma <strong><a href=\"https:\/\/olhardigital.com.br\/tag\/sindromes\/\">condi\u00e7\u00e3o neuropsiqui\u00e1trica<\/a><\/strong>: a S\u00edndrome de Desengajamento Cognitivo (SDC).<br>A S\u00edndrome de Desengajamento Cognitivo foi descrita pela primeira vez nas d\u00e9cadas de 60 e 70. Ela \u00e9 caracterizada pela falta de foco extremo, mas, apesar de ser associada ao <strong><a href=\"https:\/\/olhardigital.com.br\/tag\/transtorno-de-deficit-de-atencao-e-hiperatividade\/\">TDAH<\/a><\/strong>, n\u00e3o \u00e9 gerada pela impulsividade e hiperatividade. As pessoas com SDC, na verdade, possuem um <strong><a href=\"https:\/\/olhardigital.com.br\/tag\/funcoes-cognitivas\/\">ritmo cognitivo<\/a><\/strong> lento, ou seja, o c\u00e9rebro delas processa informa\u00e7\u00f5es numa velocidade menor. Entre os sintomas podem haver sonol\u00eancia, excesso de devaneios, desmotiva\u00e7\u00e3o, confus\u00e3o, lapsos de aten\u00e7\u00e3o, entre outros.<\/p>\n\n\n\n<div class=\"wp-block-image\"><figure class=\"aligncenter size-large\"><a href=\"https:\/\/cesconetto.com.br\/\"><img loading=\"lazy\" decoding=\"async\" width=\"300\" height=\"250\" src=\"https:\/\/jornalfatosenoticias.com.br\/wp-content\/uploads\/2020\/02\/Banner-2.png\" alt=\"\" class=\"wp-image-43787\"\/><\/a><\/figure><\/div>\n\n\n\n<p>Por enquanto, a s\u00edndrome ainda n\u00e3o \u00e9 reconhecida como um \u201ctranstorno de aten\u00e7\u00e3o\u201d, mas pesquisas recentes sugerem que deva ser avaliada como uma condi\u00e7\u00e3o separada do TDAH. Um dos principais fatores que logo despertam a aten\u00e7\u00e3o de pais e professores \u00e9 o comportamento das crian\u00e7as. Elas frequentemente parecem \u201cfora de si\u201d, com o olhar distante e desatento. Al\u00e9m disso, demoram para responder perguntas e realizar tarefas. N\u00e3o necessariamente possuem algum d\u00e9ficit de aprendizagem; seu c\u00e9rebro apenas funciona num ritmo diferente, mais lento.<\/p>\n\n\n\n<div class=\"wp-block-image\"><figure class=\"aligncenter size-large is-resized\"><a href=\"https:\/\/www.instagram.com\/restaurantepegoretti\/\"><img loading=\"lazy\" decoding=\"async\" src=\"https:\/\/jornalfatosenoticias.com.br\/wp-content\/uploads\/2023\/12\/pegoretti-logo-pdf-1024x389.jpg\" alt=\"\" class=\"wp-image-47536\" width=\"430\" height=\"163\" srcset=\"https:\/\/jornalfatosenoticias.com.br\/wp-content\/uploads\/2023\/12\/pegoretti-logo-pdf-1024x389.jpg 1024w, https:\/\/jornalfatosenoticias.com.br\/wp-content\/uploads\/2023\/12\/pegoretti-logo-pdf-300x114.jpg 300w, https:\/\/jornalfatosenoticias.com.br\/wp-content\/uploads\/2023\/12\/pegoretti-logo-pdf-768x291.jpg 768w, https:\/\/jornalfatosenoticias.com.br\/wp-content\/uploads\/2023\/12\/pegoretti-logo-pdf.jpg 1120w\" sizes=\"auto, (max-width: 430px) 100vw, 430px\" \/><\/a><\/figure><\/div>\n\n\n\n<p>Muitos desses sinais juntos e recorrentes levam ao diagn\u00f3stico da S\u00edndrome de Desengajamento Cognitivo. No entanto, o processo de diagn\u00f3stico da condi\u00e7\u00e3o pode ser um desafio, j\u00e1 que n\u00e3o existem crit\u00e9rios oficiais para defini-la. Normalmente, os especialistas usam question\u00e1rios e fazem observa\u00e7\u00f5es para avaliar os sintomas conjuntamente.<\/p>\n\n\n\n<div class=\"wp-block-image\"><figure class=\"aligncenter size-large is-resized\"><a href=\"https:\/\/hotelmarquetti.com.br\/\"><img loading=\"lazy\" decoding=\"async\" src=\"https:\/\/jornalfatosenoticias.com.br\/wp-content\/uploads\/2023\/03\/nova-logo-Marquetti.jpg\" alt=\"\" class=\"wp-image-40207\" width=\"322\" height=\"216\" srcset=\"https:\/\/jornalfatosenoticias.com.br\/wp-content\/uploads\/2023\/03\/nova-logo-Marquetti.jpg 643w, https:\/\/jornalfatosenoticias.com.br\/wp-content\/uploads\/2023\/03\/nova-logo-Marquetti-300x202.jpg 300w\" sizes=\"auto, (max-width: 322px) 100vw, 322px\" \/><\/a><\/figure><\/div>\n\n\n\n<p>Um dos tratamentos que podem melhorar a qualidade de vida das pessoas com SDC \u00e9 a terapia cognitivo-comportamental (TCC). Mudan\u00e7as no estilo de vida, como uma rotina de sono est\u00e1vel e a pr\u00e1tica de atividade f\u00edsica regular, tamb\u00e9m podem ajudar.<\/p>\n\n\n\n<div class=\"wp-block-image\"><figure class=\"aligncenter size-large is-resized\"><img loading=\"lazy\" decoding=\"async\" src=\"https:\/\/jornalfatosenoticias.com.br\/wp-content\/uploads\/2022\/02\/Precisao-Contabilidade-1024x724.jpg\" alt=\"\" class=\"wp-image-28088\" width=\"340\" height=\"240\"\/><\/figure><\/div>\n\n\n\n<p>Os sintomas da S\u00edndrome de Desengajamento Cognitivo s\u00e3o frequentemente confundidos com pregui\u00e7a e falta de esfor\u00e7o. At\u00e9 mesmo m\u00e9dicos, por falta de conhecimento sobre a condi\u00e7\u00e3o, fazem esse mesmo julgamento. Apesar disso, estima-se que a SDC possa ser t\u00e3o comum quanto o TDAH e afetar cerca de 5% a 7% das crian\u00e7as.<\/p>\n\n\n\n<div class=\"wp-block-image\"><figure class=\"aligncenter size-large\"><a href=\"https:\/\/www.instagram.com\/baraodascarnes.es\/\"><img decoding=\"async\" src=\"https:\/\/jornalfatosenoticias.com.br\/wp-content\/uploads\/2020\/02\/barao-das-carnes-300x164-1.jpg\" alt=\"\" class=\"wp-image-34339\"\/><\/a><\/figure><\/div>\n\n\n\n<p>Sofia Barbosa Boucas, professora de psicologia na Brunel University London, acredita que o conhecimento sobre a condi\u00e7\u00e3o \u00e9 fundamental para evitar que pessoas n\u00e3o diagnosticadas continuem sofrendo com estigmas. <\/p>\n\n\n\n<blockquote class=\"wp-block-quote is-layout-flow wp-block-quote-is-layout-flow\"><p><span class=\"has-inline-color has-luminous-vivid-orange-color\">Ao reconhecer que o comportamento da SDC n\u00e3o \u00e9 apenas uma peculiaridade \u2014 ou uma tentativa de mostrar que voc\u00ea \u00e9 legal demais para se importar \u2014 mas indicadores potenciais de um problema mais amplo, podemos dar mais suporte \u00e0s pessoas no gerenciamento de seus sintomas e na melhoria de sua qualidade de vida&#8221;, diz Sofia Barbosa Boucas em publica\u00e7\u00e3o no <strong><a href=\"https:\/\/theconversation.com\/daydream-a-lot-feel-sluggish-stare-into-space-you-might-have-cognitive-disengagement-syndrome-232356\">The Conversation<\/a><\/strong>.<\/span><\/p><\/blockquote>\n\n\n\n<div class=\"wp-block-image\"><figure class=\"aligncenter size-large\"><a href=\"https:\/\/www.facebook.com\/Esteio-Churrascaria-Barbecue-103643461220402\/\"><img decoding=\"async\" src=\"https:\/\/jornalfatosenoticias.com.br\/wp-content\/uploads\/2020\/02\/logo_esteio.jpg\" alt=\"\" class=\"wp-image-1214\"\/><\/a><\/figure><\/div>\n\n\n\n<p><strong><em>Fonte: <a href=\"https:\/\/olhardigital.com.br\/2024\/07\/06\/medicina-e-saude\/voce-esta-sempre-com-a-cabeca-nas-nuvens-existe-uma-explicacao\/\" rel=\"nofollow\">Olhar Digital<\/a><\/em><\/strong><\/p>\n","protected":false},"excerpt":{"rendered":"<p>Se sonhar acordado atrapalha seu dia a dia, pode ser uma condi\u00e7\u00e3o: a S\u00edndrome de Desengajamento Cognitivo Por Nayra Teles Voc\u00ea j\u00e1 se pegou sonhando acordado em situa\u00e7\u00f5es que n\u00e3o deveria? Esse h\u00e1bito \u00e9 comum para todo mundo, mas se come\u00e7a a afetar a sua vida a ponto de n\u00e3o conseguir, por exemplo, ter um [&hellip;]<\/p>\n","protected":false},"author":2,"featured_media":52735,"comment_status":"open","ping_status":"open","sticky":false,"template":"","format":"standard","meta":{"footnotes":""},"categories":[2522],"tags":[2336,1097,24071,24070,7999,4698],"class_list":["post-52734","post","type-post","status-publish","format-standard","has-post-thumbnail","hentry","category-comportamento","tag-cerebro","tag-foco","tag-sindrome-de-desengajamento-cognitivo","tag-sindromes","tag-tdah","tag-transtornos"],"yoast_head":"<!-- This site is optimized with the Yoast SEO plugin v26.5 - https:\/\/yoast.com\/wordpress\/plugins\/seo\/ -->\n<title>Voc\u00ea est\u00e1 sempre com a cabe\u00e7a nas nuvens? Existe uma explica\u00e7\u00e3o - Jornal Fatos e Not\u00edcias<\/title>\n<meta name=\"robots\" content=\"index, follow, max-snippet:-1, max-image-preview:large, max-video-preview:-1\" \/>\n<link rel=\"canonical\" href=\"https:\/\/jornalfatosenoticias.com.br\/index.php\/2024\/07\/16\/voce-esta-sempre-com-a-cabeca-nas-nuvens-existe-uma-explicacao\/\" \/>\n<meta property=\"og:locale\" content=\"pt_BR\" \/>\n<meta property=\"og:type\" content=\"article\" \/>\n<meta property=\"og:title\" content=\"Voc\u00ea est\u00e1 sempre com a cabe\u00e7a nas nuvens? Existe uma explica\u00e7\u00e3o - Jornal Fatos e Not\u00edcias\" \/>\n<meta property=\"og:description\" content=\"Se sonhar acordado atrapalha seu dia a dia, pode ser uma condi\u00e7\u00e3o: a S\u00edndrome de Desengajamento Cognitivo Por Nayra Teles Voc\u00ea j\u00e1 se pegou sonhando acordado em situa\u00e7\u00f5es que n\u00e3o deveria? Esse h\u00e1bito \u00e9 comum para todo mundo, mas se come\u00e7a a afetar a sua vida a ponto de n\u00e3o conseguir, por exemplo, ter um [&hellip;]\" \/>\n<meta property=\"og:url\" content=\"https:\/\/jornalfatosenoticias.com.br\/index.php\/2024\/07\/16\/voce-esta-sempre-com-a-cabeca-nas-nuvens-existe-uma-explicacao\/\" \/>\n<meta property=\"og:site_name\" content=\"Jornal Fatos e Not\u00edcias\" \/>\n<meta property=\"article:published_time\" content=\"2024-07-16T13:26:50+00:00\" \/>\n<meta property=\"article:modified_time\" content=\"2024-07-16T13:26:52+00:00\" \/>\n<meta property=\"og:image\" content=\"https:\/\/jornalfatosenoticias.com.br\/wp-content\/uploads\/2024\/07\/cabeca-nas-nuvens_istock.jpg\" \/>\n\t<meta property=\"og:image:width\" content=\"612\" \/>\n\t<meta property=\"og:image:height\" content=\"408\" \/>\n\t<meta property=\"og:image:type\" content=\"image\/jpeg\" \/>\n<meta name=\"author\" content=\"Luzimara Fernandes\" \/>\n<meta name=\"twitter:card\" content=\"summary_large_image\" \/>\n<meta name=\"twitter:label1\" content=\"Escrito por\" \/>\n\t<meta name=\"twitter:data1\" content=\"Luzimara Fernandes\" \/>\n\t<meta name=\"twitter:label2\" content=\"Est. tempo de leitura\" \/>\n\t<meta name=\"twitter:data2\" content=\"3 minutos\" \/>\n<script type=\"application\/ld+json\" class=\"yoast-schema-graph\">{\"@context\":\"https:\/\/schema.org\",\"@graph\":[{\"@type\":\"Article\",\"@id\":\"https:\/\/jornalfatosenoticias.com.br\/index.php\/2024\/07\/16\/voce-esta-sempre-com-a-cabeca-nas-nuvens-existe-uma-explicacao\/#article\",\"isPartOf\":{\"@id\":\"https:\/\/jornalfatosenoticias.com.br\/index.php\/2024\/07\/16\/voce-esta-sempre-com-a-cabeca-nas-nuvens-existe-uma-explicacao\/\"},\"author\":{\"name\":\"Luzimara Fernandes\",\"@id\":\"https:\/\/jornalfatosenoticias.com.br\/#\/schema\/person\/d63837fa13ac8666eb9e74e0985d6f81\"},\"headline\":\"Voc\u00ea est\u00e1 sempre com a cabe\u00e7a nas nuvens? Existe uma explica\u00e7\u00e3o\",\"datePublished\":\"2024-07-16T13:26:50+00:00\",\"dateModified\":\"2024-07-16T13:26:52+00:00\",\"mainEntityOfPage\":{\"@id\":\"https:\/\/jornalfatosenoticias.com.br\/index.php\/2024\/07\/16\/voce-esta-sempre-com-a-cabeca-nas-nuvens-existe-uma-explicacao\/\"},\"wordCount\":519,\"commentCount\":0,\"publisher\":{\"@id\":\"https:\/\/jornalfatosenoticias.com.br\/#organization\"},\"image\":{\"@id\":\"https:\/\/jornalfatosenoticias.com.br\/index.php\/2024\/07\/16\/voce-esta-sempre-com-a-cabeca-nas-nuvens-existe-uma-explicacao\/#primaryimage\"},\"thumbnailUrl\":\"https:\/\/jornalfatosenoticias.com.br\/wp-content\/uploads\/2024\/07\/cabeca-nas-nuvens_istock.jpg\",\"keywords\":[\"c\u00e9rebro\",\"foco\",\"S\u00edndrome de Desengajamento Cognitivo\",\"s\u00edndromes\",\"TDAH\",\"transtornos\"],\"articleSection\":[\"Comportamento &amp; Equil\u00edbrio\"],\"inLanguage\":\"pt-BR\",\"potentialAction\":[{\"@type\":\"CommentAction\",\"name\":\"Comment\",\"target\":[\"https:\/\/jornalfatosenoticias.com.br\/index.php\/2024\/07\/16\/voce-esta-sempre-com-a-cabeca-nas-nuvens-existe-uma-explicacao\/#respond\"]}]},{\"@type\":\"WebPage\",\"@id\":\"https:\/\/jornalfatosenoticias.com.br\/index.php\/2024\/07\/16\/voce-esta-sempre-com-a-cabeca-nas-nuvens-existe-uma-explicacao\/\",\"url\":\"https:\/\/jornalfatosenoticias.com.br\/index.php\/2024\/07\/16\/voce-esta-sempre-com-a-cabeca-nas-nuvens-existe-uma-explicacao\/\",\"name\":\"Voc\u00ea est\u00e1 sempre com a cabe\u00e7a nas nuvens? Existe uma explica\u00e7\u00e3o - Jornal Fatos e Not\u00edcias\",\"isPartOf\":{\"@id\":\"https:\/\/jornalfatosenoticias.com.br\/#website\"},\"primaryImageOfPage\":{\"@id\":\"https:\/\/jornalfatosenoticias.com.br\/index.php\/2024\/07\/16\/voce-esta-sempre-com-a-cabeca-nas-nuvens-existe-uma-explicacao\/#primaryimage\"},\"image\":{\"@id\":\"https:\/\/jornalfatosenoticias.com.br\/index.php\/2024\/07\/16\/voce-esta-sempre-com-a-cabeca-nas-nuvens-existe-uma-explicacao\/#primaryimage\"},\"thumbnailUrl\":\"https:\/\/jornalfatosenoticias.com.br\/wp-content\/uploads\/2024\/07\/cabeca-nas-nuvens_istock.jpg\",\"datePublished\":\"2024-07-16T13:26:50+00:00\",\"dateModified\":\"2024-07-16T13:26:52+00:00\",\"breadcrumb\":{\"@id\":\"https:\/\/jornalfatosenoticias.com.br\/index.php\/2024\/07\/16\/voce-esta-sempre-com-a-cabeca-nas-nuvens-existe-uma-explicacao\/#breadcrumb\"},\"inLanguage\":\"pt-BR\",\"potentialAction\":[{\"@type\":\"ReadAction\",\"target\":[\"https:\/\/jornalfatosenoticias.com.br\/index.php\/2024\/07\/16\/voce-esta-sempre-com-a-cabeca-nas-nuvens-existe-uma-explicacao\/\"]}]},{\"@type\":\"ImageObject\",\"inLanguage\":\"pt-BR\",\"@id\":\"https:\/\/jornalfatosenoticias.com.br\/index.php\/2024\/07\/16\/voce-esta-sempre-com-a-cabeca-nas-nuvens-existe-uma-explicacao\/#primaryimage\",\"url\":\"https:\/\/jornalfatosenoticias.com.br\/wp-content\/uploads\/2024\/07\/cabeca-nas-nuvens_istock.jpg\",\"contentUrl\":\"https:\/\/jornalfatosenoticias.com.br\/wp-content\/uploads\/2024\/07\/cabeca-nas-nuvens_istock.jpg\",\"width\":612,\"height\":408,\"caption\":\"Cloud thinking\"},{\"@type\":\"BreadcrumbList\",\"@id\":\"https:\/\/jornalfatosenoticias.com.br\/index.php\/2024\/07\/16\/voce-esta-sempre-com-a-cabeca-nas-nuvens-existe-uma-explicacao\/#breadcrumb\",\"itemListElement\":[{\"@type\":\"ListItem\",\"position\":1,\"name\":\"In\u00edcio\",\"item\":\"https:\/\/jornalfatosenoticias.com.br\/\"},{\"@type\":\"ListItem\",\"position\":2,\"name\":\"Voc\u00ea est\u00e1 sempre com a cabe\u00e7a nas nuvens? Existe uma explica\u00e7\u00e3o\"}]},{\"@type\":\"WebSite\",\"@id\":\"https:\/\/jornalfatosenoticias.com.br\/#website\",\"url\":\"https:\/\/jornalfatosenoticias.com.br\/\",\"name\":\"Jornal Fatos e Not\u00edcias\",\"description\":\"Not\u00edcias em geral\",\"publisher\":{\"@id\":\"https:\/\/jornalfatosenoticias.com.br\/#organization\"},\"potentialAction\":[{\"@type\":\"SearchAction\",\"target\":{\"@type\":\"EntryPoint\",\"urlTemplate\":\"https:\/\/jornalfatosenoticias.com.br\/?s={search_term_string}\"},\"query-input\":{\"@type\":\"PropertyValueSpecification\",\"valueRequired\":true,\"valueName\":\"search_term_string\"}}],\"inLanguage\":\"pt-BR\"},{\"@type\":\"Organization\",\"@id\":\"https:\/\/jornalfatosenoticias.com.br\/#organization\",\"name\":\"Jornal Fatos e Not\u00edcias\",\"url\":\"https:\/\/jornalfatosenoticias.com.br\/\",\"logo\":{\"@type\":\"ImageObject\",\"inLanguage\":\"pt-BR\",\"@id\":\"https:\/\/jornalfatosenoticias.com.br\/#\/schema\/logo\/image\/\",\"url\":\"https:\/\/jornalfatosenoticias.com.br\/wp-content\/uploads\/2020\/02\/logo120.png\",\"contentUrl\":\"https:\/\/jornalfatosenoticias.com.br\/wp-content\/uploads\/2020\/02\/logo120.png\",\"width\":1227,\"height\":120,\"caption\":\"Jornal Fatos e Not\u00edcias\"},\"image\":{\"@id\":\"https:\/\/jornalfatosenoticias.com.br\/#\/schema\/logo\/image\/\"}},{\"@type\":\"Person\",\"@id\":\"https:\/\/jornalfatosenoticias.com.br\/#\/schema\/person\/d63837fa13ac8666eb9e74e0985d6f81\",\"name\":\"Luzimara Fernandes\",\"image\":{\"@type\":\"ImageObject\",\"inLanguage\":\"pt-BR\",\"@id\":\"https:\/\/jornalfatosenoticias.com.br\/#\/schema\/person\/image\/\",\"url\":\"https:\/\/jornalfatosenoticias.com.br\/wp-content\/uploads\/2025\/05\/EU_portal.jpg\",\"contentUrl\":\"https:\/\/jornalfatosenoticias.com.br\/wp-content\/uploads\/2025\/05\/EU_portal.jpg\",\"caption\":\"Luzimara Fernandes\"},\"description\":\"Jornalista MTB 2358-ES\",\"sameAs\":[\"https:\/\/jornalfatosenoticias.com.br\"],\"url\":\"https:\/\/jornalfatosenoticias.com.br\/index.php\/author\/luzimara\/\"}]}<\/script>\n<!-- \/ Yoast SEO plugin. -->","yoast_head_json":{"title":"Voc\u00ea est\u00e1 sempre com a cabe\u00e7a nas nuvens? Existe uma explica\u00e7\u00e3o - Jornal Fatos e Not\u00edcias","robots":{"index":"index","follow":"follow","max-snippet":"max-snippet:-1","max-image-preview":"max-image-preview:large","max-video-preview":"max-video-preview:-1"},"canonical":"https:\/\/jornalfatosenoticias.com.br\/index.php\/2024\/07\/16\/voce-esta-sempre-com-a-cabeca-nas-nuvens-existe-uma-explicacao\/","og_locale":"pt_BR","og_type":"article","og_title":"Voc\u00ea est\u00e1 sempre com a cabe\u00e7a nas nuvens? Existe uma explica\u00e7\u00e3o - Jornal Fatos e Not\u00edcias","og_description":"Se sonhar acordado atrapalha seu dia a dia, pode ser uma condi\u00e7\u00e3o: a S\u00edndrome de Desengajamento Cognitivo Por Nayra Teles Voc\u00ea j\u00e1 se pegou sonhando acordado em situa\u00e7\u00f5es que n\u00e3o deveria? Esse h\u00e1bito \u00e9 comum para todo mundo, mas se come\u00e7a a afetar a sua vida a ponto de n\u00e3o conseguir, por exemplo, ter um [&hellip;]","og_url":"https:\/\/jornalfatosenoticias.com.br\/index.php\/2024\/07\/16\/voce-esta-sempre-com-a-cabeca-nas-nuvens-existe-uma-explicacao\/","og_site_name":"Jornal Fatos e Not\u00edcias","article_published_time":"2024-07-16T13:26:50+00:00","article_modified_time":"2024-07-16T13:26:52+00:00","og_image":[{"width":612,"height":408,"url":"https:\/\/jornalfatosenoticias.com.br\/wp-content\/uploads\/2024\/07\/cabeca-nas-nuvens_istock.jpg","type":"image\/jpeg"}],"author":"Luzimara Fernandes","twitter_card":"summary_large_image","twitter_misc":{"Escrito por":"Luzimara Fernandes","Est. tempo de leitura":"3 minutos"},"schema":{"@context":"https:\/\/schema.org","@graph":[{"@type":"Article","@id":"https:\/\/jornalfatosenoticias.com.br\/index.php\/2024\/07\/16\/voce-esta-sempre-com-a-cabeca-nas-nuvens-existe-uma-explicacao\/#article","isPartOf":{"@id":"https:\/\/jornalfatosenoticias.com.br\/index.php\/2024\/07\/16\/voce-esta-sempre-com-a-cabeca-nas-nuvens-existe-uma-explicacao\/"},"author":{"name":"Luzimara Fernandes","@id":"https:\/\/jornalfatosenoticias.com.br\/#\/schema\/person\/d63837fa13ac8666eb9e74e0985d6f81"},"headline":"Voc\u00ea est\u00e1 sempre com a cabe\u00e7a nas nuvens? Existe uma explica\u00e7\u00e3o","datePublished":"2024-07-16T13:26:50+00:00","dateModified":"2024-07-16T13:26:52+00:00","mainEntityOfPage":{"@id":"https:\/\/jornalfatosenoticias.com.br\/index.php\/2024\/07\/16\/voce-esta-sempre-com-a-cabeca-nas-nuvens-existe-uma-explicacao\/"},"wordCount":519,"commentCount":0,"publisher":{"@id":"https:\/\/jornalfatosenoticias.com.br\/#organization"},"image":{"@id":"https:\/\/jornalfatosenoticias.com.br\/index.php\/2024\/07\/16\/voce-esta-sempre-com-a-cabeca-nas-nuvens-existe-uma-explicacao\/#primaryimage"},"thumbnailUrl":"https:\/\/jornalfatosenoticias.com.br\/wp-content\/uploads\/2024\/07\/cabeca-nas-nuvens_istock.jpg","keywords":["c\u00e9rebro","foco","S\u00edndrome de Desengajamento Cognitivo","s\u00edndromes","TDAH","transtornos"],"articleSection":["Comportamento &amp; Equil\u00edbrio"],"inLanguage":"pt-BR","potentialAction":[{"@type":"CommentAction","name":"Comment","target":["https:\/\/jornalfatosenoticias.com.br\/index.php\/2024\/07\/16\/voce-esta-sempre-com-a-cabeca-nas-nuvens-existe-uma-explicacao\/#respond"]}]},{"@type":"WebPage","@id":"https:\/\/jornalfatosenoticias.com.br\/index.php\/2024\/07\/16\/voce-esta-sempre-com-a-cabeca-nas-nuvens-existe-uma-explicacao\/","url":"https:\/\/jornalfatosenoticias.com.br\/index.php\/2024\/07\/16\/voce-esta-sempre-com-a-cabeca-nas-nuvens-existe-uma-explicacao\/","name":"Voc\u00ea est\u00e1 sempre com a cabe\u00e7a nas nuvens? Existe uma explica\u00e7\u00e3o - Jornal Fatos e Not\u00edcias","isPartOf":{"@id":"https:\/\/jornalfatosenoticias.com.br\/#website"},"primaryImageOfPage":{"@id":"https:\/\/jornalfatosenoticias.com.br\/index.php\/2024\/07\/16\/voce-esta-sempre-com-a-cabeca-nas-nuvens-existe-uma-explicacao\/#primaryimage"},"image":{"@id":"https:\/\/jornalfatosenoticias.com.br\/index.php\/2024\/07\/16\/voce-esta-sempre-com-a-cabeca-nas-nuvens-existe-uma-explicacao\/#primaryimage"},"thumbnailUrl":"https:\/\/jornalfatosenoticias.com.br\/wp-content\/uploads\/2024\/07\/cabeca-nas-nuvens_istock.jpg","datePublished":"2024-07-16T13:26:50+00:00","dateModified":"2024-07-16T13:26:52+00:00","breadcrumb":{"@id":"https:\/\/jornalfatosenoticias.com.br\/index.php\/2024\/07\/16\/voce-esta-sempre-com-a-cabeca-nas-nuvens-existe-uma-explicacao\/#breadcrumb"},"inLanguage":"pt-BR","potentialAction":[{"@type":"ReadAction","target":["https:\/\/jornalfatosenoticias.com.br\/index.php\/2024\/07\/16\/voce-esta-sempre-com-a-cabeca-nas-nuvens-existe-uma-explicacao\/"]}]},{"@type":"ImageObject","inLanguage":"pt-BR","@id":"https:\/\/jornalfatosenoticias.com.br\/index.php\/2024\/07\/16\/voce-esta-sempre-com-a-cabeca-nas-nuvens-existe-uma-explicacao\/#primaryimage","url":"https:\/\/jornalfatosenoticias.com.br\/wp-content\/uploads\/2024\/07\/cabeca-nas-nuvens_istock.jpg","contentUrl":"https:\/\/jornalfatosenoticias.com.br\/wp-content\/uploads\/2024\/07\/cabeca-nas-nuvens_istock.jpg","width":612,"height":408,"caption":"Cloud thinking"},{"@type":"BreadcrumbList","@id":"https:\/\/jornalfatosenoticias.com.br\/index.php\/2024\/07\/16\/voce-esta-sempre-com-a-cabeca-nas-nuvens-existe-uma-explicacao\/#breadcrumb","itemListElement":[{"@type":"ListItem","position":1,"name":"In\u00edcio","item":"https:\/\/jornalfatosenoticias.com.br\/"},{"@type":"ListItem","position":2,"name":"Voc\u00ea est\u00e1 sempre com a cabe\u00e7a nas nuvens? Existe uma explica\u00e7\u00e3o"}]},{"@type":"WebSite","@id":"https:\/\/jornalfatosenoticias.com.br\/#website","url":"https:\/\/jornalfatosenoticias.com.br\/","name":"Jornal Fatos e Not\u00edcias","description":"Not\u00edcias em geral","publisher":{"@id":"https:\/\/jornalfatosenoticias.com.br\/#organization"},"potentialAction":[{"@type":"SearchAction","target":{"@type":"EntryPoint","urlTemplate":"https:\/\/jornalfatosenoticias.com.br\/?s={search_term_string}"},"query-input":{"@type":"PropertyValueSpecification","valueRequired":true,"valueName":"search_term_string"}}],"inLanguage":"pt-BR"},{"@type":"Organization","@id":"https:\/\/jornalfatosenoticias.com.br\/#organization","name":"Jornal Fatos e Not\u00edcias","url":"https:\/\/jornalfatosenoticias.com.br\/","logo":{"@type":"ImageObject","inLanguage":"pt-BR","@id":"https:\/\/jornalfatosenoticias.com.br\/#\/schema\/logo\/image\/","url":"https:\/\/jornalfatosenoticias.com.br\/wp-content\/uploads\/2020\/02\/logo120.png","contentUrl":"https:\/\/jornalfatosenoticias.com.br\/wp-content\/uploads\/2020\/02\/logo120.png","width":1227,"height":120,"caption":"Jornal Fatos e Not\u00edcias"},"image":{"@id":"https:\/\/jornalfatosenoticias.com.br\/#\/schema\/logo\/image\/"}},{"@type":"Person","@id":"https:\/\/jornalfatosenoticias.com.br\/#\/schema\/person\/d63837fa13ac8666eb9e74e0985d6f81","name":"Luzimara Fernandes","image":{"@type":"ImageObject","inLanguage":"pt-BR","@id":"https:\/\/jornalfatosenoticias.com.br\/#\/schema\/person\/image\/","url":"https:\/\/jornalfatosenoticias.com.br\/wp-content\/uploads\/2025\/05\/EU_portal.jpg","contentUrl":"https:\/\/jornalfatosenoticias.com.br\/wp-content\/uploads\/2025\/05\/EU_portal.jpg","caption":"Luzimara Fernandes"},"description":"Jornalista MTB 2358-ES","sameAs":["https:\/\/jornalfatosenoticias.com.br"],"url":"https:\/\/jornalfatosenoticias.com.br\/index.php\/author\/luzimara\/"}]}},"cc_featured_image_caption":{"caption_text":"(Foto: iStock) ","source_text":"","source_url":""},"jetpack_featured_media_url":"https:\/\/jornalfatosenoticias.com.br\/wp-content\/uploads\/2024\/07\/cabeca-nas-nuvens_istock.jpg","_links":{"self":[{"href":"https:\/\/jornalfatosenoticias.com.br\/index.php\/wp-json\/wp\/v2\/posts\/52734","targetHints":{"allow":["GET"]}}],"collection":[{"href":"https:\/\/jornalfatosenoticias.com.br\/index.php\/wp-json\/wp\/v2\/posts"}],"about":[{"href":"https:\/\/jornalfatosenoticias.com.br\/index.php\/wp-json\/wp\/v2\/types\/post"}],"author":[{"embeddable":true,"href":"https:\/\/jornalfatosenoticias.com.br\/index.php\/wp-json\/wp\/v2\/users\/2"}],"replies":[{"embeddable":true,"href":"https:\/\/jornalfatosenoticias.com.br\/index.php\/wp-json\/wp\/v2\/comments?post=52734"}],"version-history":[{"count":0,"href":"https:\/\/jornalfatosenoticias.com.br\/index.php\/wp-json\/wp\/v2\/posts\/52734\/revisions"}],"wp:featuredmedia":[{"embeddable":true,"href":"https:\/\/jornalfatosenoticias.com.br\/index.php\/wp-json\/wp\/v2\/media\/52735"}],"wp:attachment":[{"href":"https:\/\/jornalfatosenoticias.com.br\/index.php\/wp-json\/wp\/v2\/media?parent=52734"}],"wp:term":[{"taxonomy":"category","embeddable":true,"href":"https:\/\/jornalfatosenoticias.com.br\/index.php\/wp-json\/wp\/v2\/categories?post=52734"},{"taxonomy":"post_tag","embeddable":true,"href":"https:\/\/jornalfatosenoticias.com.br\/index.php\/wp-json\/wp\/v2\/tags?post=52734"}],"curies":[{"name":"wp","href":"https:\/\/api.w.org\/{rel}","templated":true}]}}