{"id":52737,"date":"2024-07-16T10:59:22","date_gmt":"2024-07-16T13:59:22","guid":{"rendered":"https:\/\/jornalfatosenoticias.com.br\/?p=52737"},"modified":"2024-07-16T10:59:23","modified_gmt":"2024-07-16T13:59:23","slug":"importante-descoberta-sobre-os-primeiros-humanos-muda-o-que-sabemos-sobre-nos","status":"publish","type":"post","link":"https:\/\/jornalfatosenoticias.com.br\/index.php\/2024\/07\/16\/importante-descoberta-sobre-os-primeiros-humanos-muda-o-que-sabemos-sobre-nos\/","title":{"rendered":"Importante descoberta sobre os primeiros humanos muda o que sabemos sobre n\u00f3s"},"content":{"rendered":"\n<p><em><span class=\"has-inline-color has-black-color\">Nossos primeiros ancestrais mais novos teriam sa\u00eddo da \u00c1frica h\u00e1 somente 50 mil anos, mas a suposta demora dessa migra\u00e7\u00e3o sempre intrigou os cientistas<\/span><\/em><\/p>\n\n\n\n<p><span class=\"has-inline-color has-black-color\">Por <strong><a href=\"https:\/\/olhardigital.com.br\/author\/rodrigo-mozelli\/\">Rodrigo Mozelli<\/a><\/strong><\/span><\/p>\n\n\n\n<div class=\"wp-block-image\"><figure class=\"aligncenter size-large is-resized\"><a href=\"https:\/\/www.facebook.com\/vetor.vix\/\"><img loading=\"lazy\" decoding=\"async\" src=\"https:\/\/jornalfatosenoticias.com.br\/wp-content\/uploads\/2023\/09\/vetorvix1024_1.jpg\" alt=\"\" class=\"wp-image-44868\" width=\"543\" height=\"144\" srcset=\"https:\/\/jornalfatosenoticias.com.br\/wp-content\/uploads\/2023\/09\/vetorvix1024_1.jpg 1024w, https:\/\/jornalfatosenoticias.com.br\/wp-content\/uploads\/2023\/09\/vetorvix1024_1-300x80.jpg 300w, https:\/\/jornalfatosenoticias.com.br\/wp-content\/uploads\/2023\/09\/vetorvix1024_1-768x205.jpg 768w\" sizes=\"auto, (max-width: 543px) 100vw, 543px\" \/><\/a><\/figure><\/div>\n\n\n\n<p>Nossa esp\u00e9cie, <a href=\"https:\/\/olhardigital.com.br\/tag\/homo-sapiens\/\"><strong>Homo sapiens<\/strong><\/a>, surgiu h\u00e1 milhares de anos, na\u00a0<a href=\"https:\/\/olhardigital.com.br\/tag\/africa\/\"><strong>\u00c1frica<\/strong><\/a> Inicialmente, por meio de pesquisas realizadas com o DNA de pessoas vivas, estimava-se que nossos primeiros antepassados permaneceram no continente por bastante tempo, com um pequeno grupo partindo para desbravar o resto do planeta h\u00e1 somente 50 mil anos.<br>Desde ent\u00e3o os cientistas estavam intrigados, tentando entender porque nossa <strong><a href=\"https:\/\/olhardigital.com.br\/tag\/especie\/\">esp\u00e9cie<\/a><\/strong> demorou esse tempo todo para deixar a \u00c1frica. S\u00f3 que, a partir de novos estudos, especialmente o publicado na \u00faltima quinta-feira (11) na <em><a href=\"http:\/\/www.science.org\/doi\/10.1126\/science.adi1768\" target=\"_blank\" rel=\"noreferrer noopener\"><strong>Science<\/strong><\/a><\/em>, podemos especular que a linha do\u00a0<a href=\"https:\/\/olhardigital.com.br\/tag\/tempo\/\"><strong>tempo<\/strong><\/a> anteriormente tra\u00e7ada est\u00e1 errada. Os novos dados apontam que v\u00e1rias ondas de humanos modernos passaram a migrar para outras \u00e1reas da Terra h\u00e1 cerca de 250 mil anos.<\/p>\n\n\n\n<div class=\"wp-block-image\"><figure class=\"aligncenter size-large is-resized\"><a href=\"https:\/\/www.ithbrasil.com.br\/\"><img loading=\"lazy\" decoding=\"async\" src=\"https:\/\/jornalfatosenoticias.com.br\/wp-content\/uploads\/2023\/08\/ITH.jpeg\" alt=\"\" class=\"wp-image-44638\" width=\"306\" height=\"249\" srcset=\"https:\/\/jornalfatosenoticias.com.br\/wp-content\/uploads\/2023\/08\/ITH.jpeg 800w, https:\/\/jornalfatosenoticias.com.br\/wp-content\/uploads\/2023\/08\/ITH-300x244.jpeg 300w, https:\/\/jornalfatosenoticias.com.br\/wp-content\/uploads\/2023\/08\/ITH-768x624.jpeg 768w\" sizes=\"auto, (max-width: 306px) 100vw, 306px\" \/><\/a><\/figure><\/div>\n\n\n\n<p>Sarah Tishkoff, geneticista da Universidade da Pensilv\u00e2nia (EUA), afirmou ao <strong><em><a href=\"https:\/\/www.nytimes.com\/2024\/07\/11\/science\/humans-neanderthals-out-of-africa.html\" target=\"_blank\" rel=\"noreferrer noopener\">The New York Times<\/a><\/em><\/strong> que \u201cn\u00e3o foi uma \u00fanica migra\u00e7\u00e3o para fora da \u00c1frica. Houve muitas migra\u00e7\u00f5es para fora da \u00c1frica em diferentes per\u00edodos\u201d.<br>Tishkoff disse ainda que as migra\u00e7\u00f5es anteriores tinham passado despercebidas, por isso a lacuna t\u00e3o grande e um tanto anormal. Segundo a pesquisadora, elas n\u00e3o foram notadas, pois as pessoas que se mudaram h\u00e1 mais tempo n\u00e3o deixaram registro f\u00f3ssil claro, tampouco os humanos vivos atualmente herdaram seu DNA. Contudo, os cientistas est\u00e3o come\u00e7ando a descobrir ind\u00edcios da primeira leva de Homo sapiens fora da \u00c1frica no DNA de neandertais.<\/p>\n\n\n\n<div class=\"wp-block-image\"><figure class=\"aligncenter size-large is-resized\"><a href=\"https:\/\/www.controlsystems.com.br\/\"><img loading=\"lazy\" decoding=\"async\" src=\"https:\/\/jornalfatosenoticias.com.br\/wp-content\/uploads\/2020\/02\/CONTROL-CS.jpg\" alt=\"\" class=\"wp-image-44991\" width=\"300\" height=\"360\" srcset=\"https:\/\/jornalfatosenoticias.com.br\/wp-content\/uploads\/2020\/02\/CONTROL-CS.jpg 834w, https:\/\/jornalfatosenoticias.com.br\/wp-content\/uploads\/2020\/02\/CONTROL-CS-250x300.jpg 250w, https:\/\/jornalfatosenoticias.com.br\/wp-content\/uploads\/2020\/02\/CONTROL-CS-768x921.jpg 768w\" sizes=\"auto, (max-width: 300px) 100vw, 300px\" \/><\/a><\/figure><\/div>\n\n\n\n<h3 class=\"wp-block-heading\"><span class=\"has-inline-color has-black-color\">Homo sapiens saiu da \u00c1frica h\u00e1 muito tempo<\/span><\/h3>\n\n\n\n<ul class=\"wp-block-list\"><li>Os neandertais, supostamente, surgiram na \u00c1frica, h\u00e1 cerca de 600 mil anos, antes de migrarem para Europa e \u00c1sia;<\/li><li>Em 2010, o geneticista sueco Svante Paabo, junto aos seus colegas do Instituto Max Planck de Antropologia Evolucion\u00e1ria em Leipzig (Alemanha), divulgaram o primeiro rascunho de um genoma neandertal;<\/li><li>Ele foi reconstru\u00eddo a partir de f\u00f3sseis croatas de 40 mil anos;<\/li><li>Eles descobriram ainda que pessoas vivas, de fora da \u00c1frica, carregam partes do DNA neandertal, assinatura de cruzamento de muito tempo atr\u00e1s;<\/li><li>Como lembra o <em>Times<\/em>, em maio, pesquisadores <strong><a href=\"https:\/\/www.biorxiv.org\/content\/10.1101\/2024.05.13.593955v1\" target=\"_blank\" rel=\"noreferrer noopener\">estimaram<\/a><\/strong> que neandertais e humanos modernos cruzaram durante pouco tempo, entre 47 mil e 40 mil anos atr\u00e1s.<\/li><\/ul>\n\n\n\n<div class=\"wp-block-image\"><figure class=\"aligncenter size-large\"><a href=\"http:\/\/www.ferrarimaquinas.com.br\/\"><img loading=\"lazy\" decoding=\"async\" width=\"300\" height=\"250\" src=\"https:\/\/jornalfatosenoticias.com.br\/wp-content\/uploads\/2022\/02\/FERRARI_MAQUINAS-E-FERRAMENTAS2.jpg\" alt=\"\" class=\"wp-image-27860\"\/><\/a><\/figure><\/div>\n\n\n\n<p>S\u00f3 que parte do DNA neandertal n\u00e3o se enquadra nessa vis\u00e3o clarificada da situa\u00e7\u00e3o, pois, por exemplo, o cromossomo Y neandertal se parece mais com o cromossomo Y visto em humanos vivos do que com os demais do genoma neandertal. Em 2020, outros investigadores <strong><a href=\"https:\/\/www.science.org\/doi\/10.1126\/science.abb6460\" target=\"_blank\" rel=\"noreferrer noopener\">tentaram explicar<\/a><\/strong> o motivo. Segundo eles, os neandertais machos herdaram novo cromossomo Y dos humanos entre 370 mil e 100 mil anos atr\u00e1s, contudo, tal teoria s\u00f3 poderia se mostrar verdadeira caso uma onda de africanos tivesse viajado para fora de seu continente bem antes das estimativas anteriores.<\/p>\n\n\n\n<div class=\"wp-block-image\"><figure class=\"aligncenter size-large is-resized\"><a href=\"https:\/\/panper.com.br\/\"><img loading=\"lazy\" decoding=\"async\" src=\"https:\/\/jornalfatosenoticias.com.br\/wp-content\/uploads\/2023\/03\/logo-Panper_portal.jpg\" alt=\"\" class=\"wp-image-40208\" width=\"339\" height=\"235\" srcset=\"https:\/\/jornalfatosenoticias.com.br\/wp-content\/uploads\/2023\/03\/logo-Panper_portal.jpg 400w, https:\/\/jornalfatosenoticias.com.br\/wp-content\/uploads\/2023\/03\/logo-Panper_portal-300x208.jpg 300w\" sizes=\"auto, (max-width: 339px) 100vw, 339px\" \/><\/a><\/figure><\/div>\n\n\n\n<p>Recentemente, foram encontradas, nos genomas de africanos vivos, evid\u00eancias dessa primeira leva de migra\u00e7\u00e3o. Tishkoff e pares compararam o genoma presente no f\u00f3ssil de um neandertal de 122 mil anos com os de 180 pessoas de 12 popula\u00e7\u00f5es africanas distintas. Vale salientar que estudos passados n\u00e3o acharam sinais de DNA neandertal nos genomas africanos.<\/p>\n\n\n\n<div class=\"wp-block-image\"><figure class=\"aligncenter size-large is-resized\"><a href=\"https:\/\/www.instagram.com\/rapuzeljastro\/\"><img loading=\"lazy\" decoding=\"async\" src=\"https:\/\/jornalfatosenoticias.com.br\/wp-content\/uploads\/2020\/02\/logo-Rapuzel-1024x571.jpg\" alt=\"\" class=\"wp-image-42808\" width=\"361\" height=\"201\" srcset=\"https:\/\/jornalfatosenoticias.com.br\/wp-content\/uploads\/2020\/02\/logo-Rapuzel-1024x571.jpg 1024w, https:\/\/jornalfatosenoticias.com.br\/wp-content\/uploads\/2020\/02\/logo-Rapuzel-300x167.jpg 300w, https:\/\/jornalfatosenoticias.com.br\/wp-content\/uploads\/2020\/02\/logo-Rapuzel-768x428.jpg 768w, https:\/\/jornalfatosenoticias.com.br\/wp-content\/uploads\/2020\/02\/logo-Rapuzel-1536x856.jpg 1536w, https:\/\/jornalfatosenoticias.com.br\/wp-content\/uploads\/2020\/02\/logo-Rapuzel.jpg 1600w\" sizes=\"auto, (max-width: 361px) 100vw, 361px\" \/><\/a><\/figure><\/div>\n\n\n\n<p>Mas o grupo de Tishkoff obteve pequenos peda\u00e7os de DNA que se assemelham ao dos neandertais em quase todas as 12 popula\u00e7\u00f5es estudadas. Ao examinarem o tamanho e a sequ\u00eancia dos fragmentos gen\u00e9ticos encontrados, eles conclu\u00edram que os neandertais os herdaram dos africanos originais. Portanto, uma onda inicial de africanos deixou o continente rumo \u00e0 Europa ou \u00e0 \u00c1sia h\u00e1 cerca de 250 mil anos e cruzou com os neandertais. Por sua vez, um grupo de pesquisadores liderado pelo professor de gen\u00f4mica na Universidade de Princeton (EUA), Joshua Akey, utilizou abordagem diferente para analisar a quest\u00e3o.<\/p>\n\n\n\n<div class=\"wp-block-image\"><figure class=\"aligncenter size-large is-resized\"><a href=\"https:\/\/www.facebook.com\/postobkr\/?locale=pt_BR\"><img loading=\"lazy\" decoding=\"async\" src=\"https:\/\/jornalfatosenoticias.com.br\/wp-content\/uploads\/2023\/08\/BKR-1024x1021.jpg\" alt=\"\" class=\"wp-image-44494\" width=\"299\" height=\"298\" srcset=\"https:\/\/jornalfatosenoticias.com.br\/wp-content\/uploads\/2023\/08\/BKR-1024x1021.jpg 1024w, https:\/\/jornalfatosenoticias.com.br\/wp-content\/uploads\/2023\/08\/BKR-300x300.jpg 300w, https:\/\/jornalfatosenoticias.com.br\/wp-content\/uploads\/2023\/08\/BKR-150x150.jpg 150w, https:\/\/jornalfatosenoticias.com.br\/wp-content\/uploads\/2023\/08\/BKR-768x766.jpg 768w, https:\/\/jornalfatosenoticias.com.br\/wp-content\/uploads\/2023\/08\/BKR.jpg 1080w\" sizes=\"auto, (max-width: 299px) 100vw, 299px\" \/><\/a><\/figure><\/div>\n\n\n\n<p>Ap\u00f3s compararem genomas de duas mil pessoas de todo o mundo com tr\u00eas genomas neandertais, acabaram chegando \u00e0 mesma conclus\u00e3o que a equipe de Tishkoff. O relato de Akey e colegas aponta que os humanos modernos deixaram a \u00c1frica e cruzaram com os neandertais entre 200 mil e 250 mil anos atr\u00e1s.<br>Contudo, eles tamb\u00e9m encontraram evid\u00eancias de outra leva inicial de humanos. Quando compararam os genomas de f\u00f3sseis neandertais jovens e mais velhos, chegaram \u00e0 conclus\u00e3o que outro grupo deixou o continente entre 120 mil e 100 mil anos atr\u00e1s.<\/p>\n\n\n\n<div class=\"wp-block-image\"><figure class=\"aligncenter size-large is-resized\"><a href=\"https:\/\/www.instagram.com\/restaurantepegoretti\/\"><img loading=\"lazy\" decoding=\"async\" src=\"https:\/\/jornalfatosenoticias.com.br\/wp-content\/uploads\/2023\/12\/pegoretti-logo-pdf-1024x389.jpg\" alt=\"\" class=\"wp-image-47536\" width=\"414\" height=\"157\" srcset=\"https:\/\/jornalfatosenoticias.com.br\/wp-content\/uploads\/2023\/12\/pegoretti-logo-pdf-1024x389.jpg 1024w, https:\/\/jornalfatosenoticias.com.br\/wp-content\/uploads\/2023\/12\/pegoretti-logo-pdf-300x114.jpg 300w, https:\/\/jornalfatosenoticias.com.br\/wp-content\/uploads\/2023\/12\/pegoretti-logo-pdf-768x291.jpg 768w, https:\/\/jornalfatosenoticias.com.br\/wp-content\/uploads\/2023\/12\/pegoretti-logo-pdf.jpg 1120w\" sizes=\"auto, (max-width: 414px) 100vw, 414px\" \/><\/a><\/figure><\/div>\n\n\n\n<p>Ao <em>Times, <\/em>a paleoantrop\u00f3loga da Universidade de Tubinga (Alemanha), Katerina Harvati, afirmou que alguns f\u00f3sseis humanos peculiares encontrados na Europa e no Oriente M\u00e9dio podem pertencer a tais ondas. <\/p>\n\n\n\n<blockquote class=\"wp-block-quote is-layout-flow wp-block-quote-is-layout-flow\"><p><span class=\"has-inline-color has-luminous-vivid-orange-color\">Estamos come\u00e7ando a ver essa realidade mais complicada no registro f\u00f3ssil\u201d, disse a pesquisadora, que n\u00e3o participou dos estudos.<\/span><\/p><\/blockquote>\n\n\n\n<div class=\"wp-block-image\"><figure class=\"aligncenter size-large is-resized\"><a href=\"https:\/\/hotelmarquetti.com.br\/\"><img loading=\"lazy\" decoding=\"async\" src=\"https:\/\/jornalfatosenoticias.com.br\/wp-content\/uploads\/2023\/03\/nova-logo-Marquetti.jpg\" alt=\"\" class=\"wp-image-40207\" width=\"321\" height=\"215\" srcset=\"https:\/\/jornalfatosenoticias.com.br\/wp-content\/uploads\/2023\/03\/nova-logo-Marquetti.jpg 643w, https:\/\/jornalfatosenoticias.com.br\/wp-content\/uploads\/2023\/03\/nova-logo-Marquetti-300x202.jpg 300w\" sizes=\"auto, (max-width: 321px) 100vw, 321px\" \/><\/a><\/figure><\/div>\n\n\n\n<p>Em 2019, ela e seus colegas citaram um fragmento de cr\u00e2nio grego, com 210 mil anos, que possui algumas caracter\u00edsticas da anatomia humana moderna. J\u00e1 Akey e sua equipe indicou que a segunda leva de africanos pode ter chegado a Israel, tendo, como base, que paleoantrop\u00f3logos acharam f\u00f3sseis de apar\u00eancia moderna e ferramentas de pedra em cavernas israelenses datadas entre 100 mil e 130 mil anos atr\u00e1s.<\/p>\n\n\n\n<div class=\"wp-block-image\"><figure class=\"aligncenter size-large\"><a href=\"https:\/\/www.facebook.com\/Esteio-Churrascaria-Barbecue-103643461220402\/\"><img decoding=\"async\" src=\"https:\/\/jornalfatosenoticias.com.br\/wp-content\/uploads\/2020\/02\/logo_esteio.jpg\" alt=\"\" class=\"wp-image-1214\"\/><\/a><\/figure><\/div>\n\n\n\n<p>O professor de gen\u00f4mica pontuou que as descobertas sugerem que houve outras ondas de migra\u00e7\u00e3o humanas que ainda n\u00e3o descobrimos. \u201cIsso sugere que houve repetidas dispers\u00f5es africanas por grande parte da hist\u00f3ria humana\u201d, salientou.<\/p>\n\n\n\n<div class=\"wp-block-image\"><figure class=\"aligncenter size-large\"><a href=\"https:\/\/www.instagram.com\/baraodascarnes.es\/\"><img decoding=\"async\" src=\"https:\/\/jornalfatosenoticias.com.br\/wp-content\/uploads\/2020\/02\/barao-das-carnes-300x164-1.jpg\" alt=\"\" class=\"wp-image-34339\"\/><\/a><\/figure><\/div>\n\n\n\n<p>John Hawks, paleoantrop\u00f3logo da Universidade de Wisconsin (EUA) afirmou ao <em>Times<\/em> que \u201ctem que haver algo de diferente\u201d nas pessoas da \u00faltima onda de migra\u00e7\u00e3o africana, pois as migra\u00e7\u00f5es iniciais, aparentemente, fracassaram.<br>Para ele, \u00e9 poss\u00edvel que as popula\u00e7\u00f5es africanas desenvolveram conhecimento cultural suficiente para a cria\u00e7\u00e3o de ferramentas, como flechas, bem como para se adaptar a lugares distintos com maior facilidade do que seus antepassados.<\/p>\n\n\n\n<div class=\"wp-block-image\"><figure class=\"aligncenter size-large\"><a href=\"https:\/\/cesconetto.com.br\/\"><img loading=\"lazy\" decoding=\"async\" width=\"300\" height=\"250\" src=\"https:\/\/jornalfatosenoticias.com.br\/wp-content\/uploads\/2020\/02\/Banner-2.png\" alt=\"\" class=\"wp-image-43787\"\/><\/a><\/figure><\/div>\n\n\n\n<p>Harvati, da Universidade de Tubinga, tamb\u00e9m questionou a hip\u00f3tese de as primeiras levas humanas terem lutado com os neandertais por terra e comida. Contudo, estudos da equipe de Akey e outros apontam que os neandertais estavam diminuindo na \u00e9poca na qual a \u00faltima onda humana surgiu, algo que pode ter dado vantagem aos humanos.<\/p>\n\n\n\n<div class=\"wp-block-image\"><figure class=\"aligncenter size-large is-resized\"><img loading=\"lazy\" decoding=\"async\" src=\"https:\/\/jornalfatosenoticias.com.br\/wp-content\/uploads\/2022\/02\/Precisao-Contabilidade-1024x724.jpg\" alt=\"\" class=\"wp-image-28088\" width=\"340\" height=\"240\"\/><\/figure><\/div>\n\n\n\n<p><strong><em>Fonte: <a href=\"https:\/\/olhardigital.com.br\/2024\/07\/12\/ciencia-e-espaco\/importante-descoberta-sobre-os-primeiros-humanos-muda-o-que-sabemos-sobre-nos\/\">Olhar Digital<\/a><\/em><\/strong><\/p>\n","protected":false},"excerpt":{"rendered":"<p>Nossos primeiros ancestrais mais novos teriam sa\u00eddo da \u00c1frica h\u00e1 somente 50 mil anos, mas a suposta demora dessa migra\u00e7\u00e3o sempre intrigou os cientistas Por Rodrigo Mozelli Nossa esp\u00e9cie, Homo sapiens, surgiu h\u00e1 milhares de anos, na\u00a0\u00c1frica Inicialmente, por meio de pesquisas realizadas com o DNA de pessoas vivas, estimava-se que nossos primeiros antepassados permaneceram [&hellip;]<\/p>\n","protected":false},"author":2,"featured_media":52738,"comment_status":"open","ping_status":"open","sticky":false,"template":"","format":"standard","meta":{"footnotes":""},"categories":[9808],"tags":[182,24072,2044,9811,91,14779,3202],"class_list":["post-52737","post","type-post","status-publish","format-standard","has-post-thumbnail","hentry","category-paleo-arqueologia","tag-africa","tag-antroplogia","tag-dna","tag-homo-sapiens","tag-humanos","tag-migracao","tag-neandertais"],"yoast_head":"<!-- This site is optimized with the Yoast SEO plugin v26.5 - https:\/\/yoast.com\/wordpress\/plugins\/seo\/ -->\n<title>Importante descoberta sobre os primeiros humanos muda o que sabemos sobre n\u00f3s - Jornal Fatos e Not\u00edcias<\/title>\n<meta name=\"robots\" content=\"index, follow, max-snippet:-1, max-image-preview:large, max-video-preview:-1\" \/>\n<link rel=\"canonical\" href=\"https:\/\/jornalfatosenoticias.com.br\/index.php\/2024\/07\/16\/importante-descoberta-sobre-os-primeiros-humanos-muda-o-que-sabemos-sobre-nos\/\" \/>\n<meta property=\"og:locale\" content=\"pt_BR\" \/>\n<meta property=\"og:type\" content=\"article\" \/>\n<meta property=\"og:title\" content=\"Importante descoberta sobre os primeiros humanos muda o que sabemos sobre n\u00f3s - Jornal Fatos e Not\u00edcias\" \/>\n<meta property=\"og:description\" content=\"Nossos primeiros ancestrais mais novos teriam sa\u00eddo da \u00c1frica h\u00e1 somente 50 mil anos, mas a suposta demora dessa migra\u00e7\u00e3o sempre intrigou os cientistas Por Rodrigo Mozelli Nossa esp\u00e9cie, Homo sapiens, surgiu h\u00e1 milhares de anos, na\u00a0\u00c1frica Inicialmente, por meio de pesquisas realizadas com o DNA de pessoas vivas, estimava-se que nossos primeiros antepassados permaneceram [&hellip;]\" \/>\n<meta property=\"og:url\" content=\"https:\/\/jornalfatosenoticias.com.br\/index.php\/2024\/07\/16\/importante-descoberta-sobre-os-primeiros-humanos-muda-o-que-sabemos-sobre-nos\/\" \/>\n<meta property=\"og:site_name\" content=\"Jornal Fatos e Not\u00edcias\" \/>\n<meta property=\"article:published_time\" content=\"2024-07-16T13:59:22+00:00\" \/>\n<meta property=\"article:modified_time\" content=\"2024-07-16T13:59:23+00:00\" \/>\n<meta property=\"og:image\" content=\"https:\/\/jornalfatosenoticias.com.br\/wp-content\/uploads\/2024\/07\/homens-pre-historicos_freepik.jpg\" \/>\n\t<meta property=\"og:image:width\" content=\"996\" \/>\n\t<meta property=\"og:image:height\" content=\"558\" \/>\n\t<meta property=\"og:image:type\" content=\"image\/jpeg\" \/>\n<meta name=\"author\" content=\"Luzimara Fernandes\" \/>\n<meta name=\"twitter:card\" content=\"summary_large_image\" \/>\n<meta name=\"twitter:label1\" content=\"Escrito por\" \/>\n\t<meta name=\"twitter:data1\" content=\"Luzimara Fernandes\" \/>\n\t<meta name=\"twitter:label2\" content=\"Est. tempo de leitura\" \/>\n\t<meta name=\"twitter:data2\" content=\"5 minutos\" \/>\n<script type=\"application\/ld+json\" class=\"yoast-schema-graph\">{\"@context\":\"https:\/\/schema.org\",\"@graph\":[{\"@type\":\"Article\",\"@id\":\"https:\/\/jornalfatosenoticias.com.br\/index.php\/2024\/07\/16\/importante-descoberta-sobre-os-primeiros-humanos-muda-o-que-sabemos-sobre-nos\/#article\",\"isPartOf\":{\"@id\":\"https:\/\/jornalfatosenoticias.com.br\/index.php\/2024\/07\/16\/importante-descoberta-sobre-os-primeiros-humanos-muda-o-que-sabemos-sobre-nos\/\"},\"author\":{\"name\":\"Luzimara Fernandes\",\"@id\":\"https:\/\/jornalfatosenoticias.com.br\/#\/schema\/person\/d63837fa13ac8666eb9e74e0985d6f81\"},\"headline\":\"Importante descoberta sobre os primeiros humanos muda o que sabemos sobre n\u00f3s\",\"datePublished\":\"2024-07-16T13:59:22+00:00\",\"dateModified\":\"2024-07-16T13:59:23+00:00\",\"mainEntityOfPage\":{\"@id\":\"https:\/\/jornalfatosenoticias.com.br\/index.php\/2024\/07\/16\/importante-descoberta-sobre-os-primeiros-humanos-muda-o-que-sabemos-sobre-nos\/\"},\"wordCount\":1029,\"commentCount\":0,\"publisher\":{\"@id\":\"https:\/\/jornalfatosenoticias.com.br\/#organization\"},\"image\":{\"@id\":\"https:\/\/jornalfatosenoticias.com.br\/index.php\/2024\/07\/16\/importante-descoberta-sobre-os-primeiros-humanos-muda-o-que-sabemos-sobre-nos\/#primaryimage\"},\"thumbnailUrl\":\"https:\/\/jornalfatosenoticias.com.br\/wp-content\/uploads\/2024\/07\/homens-pre-historicos_freepik.jpg\",\"keywords\":[\"\u00e1frica\",\"antroplogia\",\"DNA\",\"Homo sapiens\",\"humanos\",\"migra\u00e7\u00e3o\",\"neandertais\"],\"articleSection\":[\"Paleo &amp; Arqueologia\"],\"inLanguage\":\"pt-BR\",\"potentialAction\":[{\"@type\":\"CommentAction\",\"name\":\"Comment\",\"target\":[\"https:\/\/jornalfatosenoticias.com.br\/index.php\/2024\/07\/16\/importante-descoberta-sobre-os-primeiros-humanos-muda-o-que-sabemos-sobre-nos\/#respond\"]}]},{\"@type\":\"WebPage\",\"@id\":\"https:\/\/jornalfatosenoticias.com.br\/index.php\/2024\/07\/16\/importante-descoberta-sobre-os-primeiros-humanos-muda-o-que-sabemos-sobre-nos\/\",\"url\":\"https:\/\/jornalfatosenoticias.com.br\/index.php\/2024\/07\/16\/importante-descoberta-sobre-os-primeiros-humanos-muda-o-que-sabemos-sobre-nos\/\",\"name\":\"Importante descoberta sobre os primeiros humanos muda o que sabemos sobre n\u00f3s - Jornal Fatos e Not\u00edcias\",\"isPartOf\":{\"@id\":\"https:\/\/jornalfatosenoticias.com.br\/#website\"},\"primaryImageOfPage\":{\"@id\":\"https:\/\/jornalfatosenoticias.com.br\/index.php\/2024\/07\/16\/importante-descoberta-sobre-os-primeiros-humanos-muda-o-que-sabemos-sobre-nos\/#primaryimage\"},\"image\":{\"@id\":\"https:\/\/jornalfatosenoticias.com.br\/index.php\/2024\/07\/16\/importante-descoberta-sobre-os-primeiros-humanos-muda-o-que-sabemos-sobre-nos\/#primaryimage\"},\"thumbnailUrl\":\"https:\/\/jornalfatosenoticias.com.br\/wp-content\/uploads\/2024\/07\/homens-pre-historicos_freepik.jpg\",\"datePublished\":\"2024-07-16T13:59:22+00:00\",\"dateModified\":\"2024-07-16T13:59:23+00:00\",\"breadcrumb\":{\"@id\":\"https:\/\/jornalfatosenoticias.com.br\/index.php\/2024\/07\/16\/importante-descoberta-sobre-os-primeiros-humanos-muda-o-que-sabemos-sobre-nos\/#breadcrumb\"},\"inLanguage\":\"pt-BR\",\"potentialAction\":[{\"@type\":\"ReadAction\",\"target\":[\"https:\/\/jornalfatosenoticias.com.br\/index.php\/2024\/07\/16\/importante-descoberta-sobre-os-primeiros-humanos-muda-o-que-sabemos-sobre-nos\/\"]}]},{\"@type\":\"ImageObject\",\"inLanguage\":\"pt-BR\",\"@id\":\"https:\/\/jornalfatosenoticias.com.br\/index.php\/2024\/07\/16\/importante-descoberta-sobre-os-primeiros-humanos-muda-o-que-sabemos-sobre-nos\/#primaryimage\",\"url\":\"https:\/\/jornalfatosenoticias.com.br\/wp-content\/uploads\/2024\/07\/homens-pre-historicos_freepik.jpg\",\"contentUrl\":\"https:\/\/jornalfatosenoticias.com.br\/wp-content\/uploads\/2024\/07\/homens-pre-historicos_freepik.jpg\",\"width\":996,\"height\":558},{\"@type\":\"BreadcrumbList\",\"@id\":\"https:\/\/jornalfatosenoticias.com.br\/index.php\/2024\/07\/16\/importante-descoberta-sobre-os-primeiros-humanos-muda-o-que-sabemos-sobre-nos\/#breadcrumb\",\"itemListElement\":[{\"@type\":\"ListItem\",\"position\":1,\"name\":\"In\u00edcio\",\"item\":\"https:\/\/jornalfatosenoticias.com.br\/\"},{\"@type\":\"ListItem\",\"position\":2,\"name\":\"Importante descoberta sobre os primeiros humanos muda o que sabemos sobre n\u00f3s\"}]},{\"@type\":\"WebSite\",\"@id\":\"https:\/\/jornalfatosenoticias.com.br\/#website\",\"url\":\"https:\/\/jornalfatosenoticias.com.br\/\",\"name\":\"Jornal Fatos e Not\u00edcias\",\"description\":\"Not\u00edcias em geral\",\"publisher\":{\"@id\":\"https:\/\/jornalfatosenoticias.com.br\/#organization\"},\"potentialAction\":[{\"@type\":\"SearchAction\",\"target\":{\"@type\":\"EntryPoint\",\"urlTemplate\":\"https:\/\/jornalfatosenoticias.com.br\/?s={search_term_string}\"},\"query-input\":{\"@type\":\"PropertyValueSpecification\",\"valueRequired\":true,\"valueName\":\"search_term_string\"}}],\"inLanguage\":\"pt-BR\"},{\"@type\":\"Organization\",\"@id\":\"https:\/\/jornalfatosenoticias.com.br\/#organization\",\"name\":\"Jornal Fatos e Not\u00edcias\",\"url\":\"https:\/\/jornalfatosenoticias.com.br\/\",\"logo\":{\"@type\":\"ImageObject\",\"inLanguage\":\"pt-BR\",\"@id\":\"https:\/\/jornalfatosenoticias.com.br\/#\/schema\/logo\/image\/\",\"url\":\"https:\/\/jornalfatosenoticias.com.br\/wp-content\/uploads\/2020\/02\/logo120.png\",\"contentUrl\":\"https:\/\/jornalfatosenoticias.com.br\/wp-content\/uploads\/2020\/02\/logo120.png\",\"width\":1227,\"height\":120,\"caption\":\"Jornal Fatos e Not\u00edcias\"},\"image\":{\"@id\":\"https:\/\/jornalfatosenoticias.com.br\/#\/schema\/logo\/image\/\"}},{\"@type\":\"Person\",\"@id\":\"https:\/\/jornalfatosenoticias.com.br\/#\/schema\/person\/d63837fa13ac8666eb9e74e0985d6f81\",\"name\":\"Luzimara Fernandes\",\"image\":{\"@type\":\"ImageObject\",\"inLanguage\":\"pt-BR\",\"@id\":\"https:\/\/jornalfatosenoticias.com.br\/#\/schema\/person\/image\/\",\"url\":\"https:\/\/jornalfatosenoticias.com.br\/wp-content\/uploads\/2025\/05\/EU_portal.jpg\",\"contentUrl\":\"https:\/\/jornalfatosenoticias.com.br\/wp-content\/uploads\/2025\/05\/EU_portal.jpg\",\"caption\":\"Luzimara Fernandes\"},\"description\":\"Jornalista MTB 2358-ES\",\"sameAs\":[\"https:\/\/jornalfatosenoticias.com.br\"],\"url\":\"https:\/\/jornalfatosenoticias.com.br\/index.php\/author\/luzimara\/\"}]}<\/script>\n<!-- \/ Yoast SEO plugin. -->","yoast_head_json":{"title":"Importante descoberta sobre os primeiros humanos muda o que sabemos sobre n\u00f3s - Jornal Fatos e Not\u00edcias","robots":{"index":"index","follow":"follow","max-snippet":"max-snippet:-1","max-image-preview":"max-image-preview:large","max-video-preview":"max-video-preview:-1"},"canonical":"https:\/\/jornalfatosenoticias.com.br\/index.php\/2024\/07\/16\/importante-descoberta-sobre-os-primeiros-humanos-muda-o-que-sabemos-sobre-nos\/","og_locale":"pt_BR","og_type":"article","og_title":"Importante descoberta sobre os primeiros humanos muda o que sabemos sobre n\u00f3s - Jornal Fatos e Not\u00edcias","og_description":"Nossos primeiros ancestrais mais novos teriam sa\u00eddo da \u00c1frica h\u00e1 somente 50 mil anos, mas a suposta demora dessa migra\u00e7\u00e3o sempre intrigou os cientistas Por Rodrigo Mozelli Nossa esp\u00e9cie, Homo sapiens, surgiu h\u00e1 milhares de anos, na\u00a0\u00c1frica Inicialmente, por meio de pesquisas realizadas com o DNA de pessoas vivas, estimava-se que nossos primeiros antepassados permaneceram [&hellip;]","og_url":"https:\/\/jornalfatosenoticias.com.br\/index.php\/2024\/07\/16\/importante-descoberta-sobre-os-primeiros-humanos-muda-o-que-sabemos-sobre-nos\/","og_site_name":"Jornal Fatos e Not\u00edcias","article_published_time":"2024-07-16T13:59:22+00:00","article_modified_time":"2024-07-16T13:59:23+00:00","og_image":[{"width":996,"height":558,"url":"https:\/\/jornalfatosenoticias.com.br\/wp-content\/uploads\/2024\/07\/homens-pre-historicos_freepik.jpg","type":"image\/jpeg"}],"author":"Luzimara Fernandes","twitter_card":"summary_large_image","twitter_misc":{"Escrito por":"Luzimara Fernandes","Est. tempo de leitura":"5 minutos"},"schema":{"@context":"https:\/\/schema.org","@graph":[{"@type":"Article","@id":"https:\/\/jornalfatosenoticias.com.br\/index.php\/2024\/07\/16\/importante-descoberta-sobre-os-primeiros-humanos-muda-o-que-sabemos-sobre-nos\/#article","isPartOf":{"@id":"https:\/\/jornalfatosenoticias.com.br\/index.php\/2024\/07\/16\/importante-descoberta-sobre-os-primeiros-humanos-muda-o-que-sabemos-sobre-nos\/"},"author":{"name":"Luzimara Fernandes","@id":"https:\/\/jornalfatosenoticias.com.br\/#\/schema\/person\/d63837fa13ac8666eb9e74e0985d6f81"},"headline":"Importante descoberta sobre os primeiros humanos muda o que sabemos sobre n\u00f3s","datePublished":"2024-07-16T13:59:22+00:00","dateModified":"2024-07-16T13:59:23+00:00","mainEntityOfPage":{"@id":"https:\/\/jornalfatosenoticias.com.br\/index.php\/2024\/07\/16\/importante-descoberta-sobre-os-primeiros-humanos-muda-o-que-sabemos-sobre-nos\/"},"wordCount":1029,"commentCount":0,"publisher":{"@id":"https:\/\/jornalfatosenoticias.com.br\/#organization"},"image":{"@id":"https:\/\/jornalfatosenoticias.com.br\/index.php\/2024\/07\/16\/importante-descoberta-sobre-os-primeiros-humanos-muda-o-que-sabemos-sobre-nos\/#primaryimage"},"thumbnailUrl":"https:\/\/jornalfatosenoticias.com.br\/wp-content\/uploads\/2024\/07\/homens-pre-historicos_freepik.jpg","keywords":["\u00e1frica","antroplogia","DNA","Homo sapiens","humanos","migra\u00e7\u00e3o","neandertais"],"articleSection":["Paleo &amp; Arqueologia"],"inLanguage":"pt-BR","potentialAction":[{"@type":"CommentAction","name":"Comment","target":["https:\/\/jornalfatosenoticias.com.br\/index.php\/2024\/07\/16\/importante-descoberta-sobre-os-primeiros-humanos-muda-o-que-sabemos-sobre-nos\/#respond"]}]},{"@type":"WebPage","@id":"https:\/\/jornalfatosenoticias.com.br\/index.php\/2024\/07\/16\/importante-descoberta-sobre-os-primeiros-humanos-muda-o-que-sabemos-sobre-nos\/","url":"https:\/\/jornalfatosenoticias.com.br\/index.php\/2024\/07\/16\/importante-descoberta-sobre-os-primeiros-humanos-muda-o-que-sabemos-sobre-nos\/","name":"Importante descoberta sobre os primeiros humanos muda o que sabemos sobre n\u00f3s - Jornal Fatos e Not\u00edcias","isPartOf":{"@id":"https:\/\/jornalfatosenoticias.com.br\/#website"},"primaryImageOfPage":{"@id":"https:\/\/jornalfatosenoticias.com.br\/index.php\/2024\/07\/16\/importante-descoberta-sobre-os-primeiros-humanos-muda-o-que-sabemos-sobre-nos\/#primaryimage"},"image":{"@id":"https:\/\/jornalfatosenoticias.com.br\/index.php\/2024\/07\/16\/importante-descoberta-sobre-os-primeiros-humanos-muda-o-que-sabemos-sobre-nos\/#primaryimage"},"thumbnailUrl":"https:\/\/jornalfatosenoticias.com.br\/wp-content\/uploads\/2024\/07\/homens-pre-historicos_freepik.jpg","datePublished":"2024-07-16T13:59:22+00:00","dateModified":"2024-07-16T13:59:23+00:00","breadcrumb":{"@id":"https:\/\/jornalfatosenoticias.com.br\/index.php\/2024\/07\/16\/importante-descoberta-sobre-os-primeiros-humanos-muda-o-que-sabemos-sobre-nos\/#breadcrumb"},"inLanguage":"pt-BR","potentialAction":[{"@type":"ReadAction","target":["https:\/\/jornalfatosenoticias.com.br\/index.php\/2024\/07\/16\/importante-descoberta-sobre-os-primeiros-humanos-muda-o-que-sabemos-sobre-nos\/"]}]},{"@type":"ImageObject","inLanguage":"pt-BR","@id":"https:\/\/jornalfatosenoticias.com.br\/index.php\/2024\/07\/16\/importante-descoberta-sobre-os-primeiros-humanos-muda-o-que-sabemos-sobre-nos\/#primaryimage","url":"https:\/\/jornalfatosenoticias.com.br\/wp-content\/uploads\/2024\/07\/homens-pre-historicos_freepik.jpg","contentUrl":"https:\/\/jornalfatosenoticias.com.br\/wp-content\/uploads\/2024\/07\/homens-pre-historicos_freepik.jpg","width":996,"height":558},{"@type":"BreadcrumbList","@id":"https:\/\/jornalfatosenoticias.com.br\/index.php\/2024\/07\/16\/importante-descoberta-sobre-os-primeiros-humanos-muda-o-que-sabemos-sobre-nos\/#breadcrumb","itemListElement":[{"@type":"ListItem","position":1,"name":"In\u00edcio","item":"https:\/\/jornalfatosenoticias.com.br\/"},{"@type":"ListItem","position":2,"name":"Importante descoberta sobre os primeiros humanos muda o que sabemos sobre n\u00f3s"}]},{"@type":"WebSite","@id":"https:\/\/jornalfatosenoticias.com.br\/#website","url":"https:\/\/jornalfatosenoticias.com.br\/","name":"Jornal Fatos e Not\u00edcias","description":"Not\u00edcias em geral","publisher":{"@id":"https:\/\/jornalfatosenoticias.com.br\/#organization"},"potentialAction":[{"@type":"SearchAction","target":{"@type":"EntryPoint","urlTemplate":"https:\/\/jornalfatosenoticias.com.br\/?s={search_term_string}"},"query-input":{"@type":"PropertyValueSpecification","valueRequired":true,"valueName":"search_term_string"}}],"inLanguage":"pt-BR"},{"@type":"Organization","@id":"https:\/\/jornalfatosenoticias.com.br\/#organization","name":"Jornal Fatos e Not\u00edcias","url":"https:\/\/jornalfatosenoticias.com.br\/","logo":{"@type":"ImageObject","inLanguage":"pt-BR","@id":"https:\/\/jornalfatosenoticias.com.br\/#\/schema\/logo\/image\/","url":"https:\/\/jornalfatosenoticias.com.br\/wp-content\/uploads\/2020\/02\/logo120.png","contentUrl":"https:\/\/jornalfatosenoticias.com.br\/wp-content\/uploads\/2020\/02\/logo120.png","width":1227,"height":120,"caption":"Jornal Fatos e Not\u00edcias"},"image":{"@id":"https:\/\/jornalfatosenoticias.com.br\/#\/schema\/logo\/image\/"}},{"@type":"Person","@id":"https:\/\/jornalfatosenoticias.com.br\/#\/schema\/person\/d63837fa13ac8666eb9e74e0985d6f81","name":"Luzimara Fernandes","image":{"@type":"ImageObject","inLanguage":"pt-BR","@id":"https:\/\/jornalfatosenoticias.com.br\/#\/schema\/person\/image\/","url":"https:\/\/jornalfatosenoticias.com.br\/wp-content\/uploads\/2025\/05\/EU_portal.jpg","contentUrl":"https:\/\/jornalfatosenoticias.com.br\/wp-content\/uploads\/2025\/05\/EU_portal.jpg","caption":"Luzimara Fernandes"},"description":"Jornalista MTB 2358-ES","sameAs":["https:\/\/jornalfatosenoticias.com.br"],"url":"https:\/\/jornalfatosenoticias.com.br\/index.php\/author\/luzimara\/"}]}},"cc_featured_image_caption":{"caption_text":"(Foto: Freepik) ","source_text":"","source_url":""},"jetpack_featured_media_url":"https:\/\/jornalfatosenoticias.com.br\/wp-content\/uploads\/2024\/07\/homens-pre-historicos_freepik.jpg","_links":{"self":[{"href":"https:\/\/jornalfatosenoticias.com.br\/index.php\/wp-json\/wp\/v2\/posts\/52737","targetHints":{"allow":["GET"]}}],"collection":[{"href":"https:\/\/jornalfatosenoticias.com.br\/index.php\/wp-json\/wp\/v2\/posts"}],"about":[{"href":"https:\/\/jornalfatosenoticias.com.br\/index.php\/wp-json\/wp\/v2\/types\/post"}],"author":[{"embeddable":true,"href":"https:\/\/jornalfatosenoticias.com.br\/index.php\/wp-json\/wp\/v2\/users\/2"}],"replies":[{"embeddable":true,"href":"https:\/\/jornalfatosenoticias.com.br\/index.php\/wp-json\/wp\/v2\/comments?post=52737"}],"version-history":[{"count":0,"href":"https:\/\/jornalfatosenoticias.com.br\/index.php\/wp-json\/wp\/v2\/posts\/52737\/revisions"}],"wp:featuredmedia":[{"embeddable":true,"href":"https:\/\/jornalfatosenoticias.com.br\/index.php\/wp-json\/wp\/v2\/media\/52738"}],"wp:attachment":[{"href":"https:\/\/jornalfatosenoticias.com.br\/index.php\/wp-json\/wp\/v2\/media?parent=52737"}],"wp:term":[{"taxonomy":"category","embeddable":true,"href":"https:\/\/jornalfatosenoticias.com.br\/index.php\/wp-json\/wp\/v2\/categories?post=52737"},{"taxonomy":"post_tag","embeddable":true,"href":"https:\/\/jornalfatosenoticias.com.br\/index.php\/wp-json\/wp\/v2\/tags?post=52737"}],"curies":[{"name":"wp","href":"https:\/\/api.w.org\/{rel}","templated":true}]}}