{"id":52754,"date":"2024-07-16T15:45:47","date_gmt":"2024-07-16T18:45:47","guid":{"rendered":"https:\/\/jornalfatosenoticias.com.br\/?p=52754"},"modified":"2024-07-16T15:45:48","modified_gmt":"2024-07-16T18:45:48","slug":"medicos-e-profissionais-de-saude-vao-pagar-215-em-impostos-com-a-reforma-tributaria","status":"publish","type":"post","link":"https:\/\/jornalfatosenoticias.com.br\/index.php\/2024\/07\/16\/medicos-e-profissionais-de-saude-vao-pagar-215-em-impostos-com-a-reforma-tributaria\/","title":{"rendered":"M\u00e9dicos e profissionais de sa\u00fade v\u00e3o pagar 21,5% em impostos com a reforma tribut\u00e1ria"},"content":{"rendered":"\n<p><em><span class=\"has-inline-color has-black-color\">\u00c1rea da sa\u00fade ter\u00e1 redu\u00e7\u00e3o de 60% em cima da al\u00edquota-base da reforma tribut\u00e1ria, estimada em 26,5%<\/span><\/em><\/p>\n\n\n\n<p><span class=\"has-inline-color has-black-color\">Por <strong><a href=\"https:\/\/www.gazetadopovo.com.br\/autor\/raphaela-ribas\/\">Raphaela Ribas<\/a><\/strong><\/span><\/p>\n\n\n\n<div class=\"wp-block-image\"><figure class=\"aligncenter size-large\"><a href=\"https:\/\/mizu.com.br\/\"><img loading=\"lazy\" decoding=\"async\" width=\"729\" height=\"90\" src=\"https:\/\/jornalfatosenoticias.com.br\/wp-content\/uploads\/2020\/02\/Logo_Mizu.png\" alt=\"\" class=\"wp-image-1441\" srcset=\"https:\/\/jornalfatosenoticias.com.br\/wp-content\/uploads\/2020\/02\/Logo_Mizu.png 729w, https:\/\/jornalfatosenoticias.com.br\/wp-content\/uploads\/2020\/02\/Logo_Mizu-300x37.png 300w\" sizes=\"auto, (max-width: 729px) 100vw, 729px\" \/><\/a><\/figure><\/div>\n\n\n\n<p>A reforma tribut\u00e1ria, que vai para tramita\u00e7\u00e3o no Senado, dever\u00e1 fazer com que profissionais da \u00e1rea de sa\u00fade paguem mais impostos, mesmo estando inclu\u00eddos no grupo que ter\u00e1 redu\u00e7\u00e3o de 60% na al\u00edquota de refer\u00eancia dos novos Imposto sobre Bens e Servi\u00e7os (IBS) e Contribui\u00e7\u00e3o sobre Bens e Servi\u00e7os (CBS). A carga tribut\u00e1ria total deve ficar em 21,48% (10,6% de IBS e CBS e 10,88% de IRPJ e CSLL).<br>Isabela Berger, advogada tributarista da Nelson Willians Advogados, aponta que a reforma aumentar\u00e1 a tributa\u00e7\u00e3o em geral, n\u00e3o apenas para os prestadores de servi\u00e7o. \u201cMuito se fala que ap\u00f3s as defini\u00e7\u00f5es da reforma tribut\u00e1ria da tributa\u00e7\u00e3o sobre o consumo, passar\u00e1 a ser discutida a reforma tribut\u00e1ria da tributa\u00e7\u00e3o sobre a receita&#8221;.<\/p>\n\n\n\n<div class=\"wp-block-image\"><figure class=\"aligncenter size-large is-resized\"><img loading=\"lazy\" decoding=\"async\" src=\"https:\/\/jornalfatosenoticias.com.br\/wp-content\/uploads\/2022\/02\/Precisao-Contabilidade-1024x724.jpg\" alt=\"\" class=\"wp-image-28088\" width=\"328\" height=\"232\"\/><\/figure><\/div>\n\n\n\n<p>O desconto nas al\u00edquotas de IBS e CBS que m\u00e9dicos, enfermeiros, fisioterapeutas, nutricionistas, psic\u00f3logos, entre outros, que atuem como profissionais liberais \u00e9 o mesmo do qual usufruir\u00e3o escolas, hospitais e empresas de maior porte que atuem nas \u00e1reas. Os servi\u00e7os de sa\u00fade que ser\u00e3o contemplados com redu\u00e7\u00e3o de al\u00edquota de 60% s\u00e3o<\/p>\n\n\n\n<div class=\"wp-block-image\"><figure class=\"aligncenter size-large is-resized\"><a href=\"https:\/\/www.instagram.com\/restaurantepegoretti\/\"><img loading=\"lazy\" decoding=\"async\" src=\"https:\/\/jornalfatosenoticias.com.br\/wp-content\/uploads\/2023\/12\/pegoretti-logo-pdf-1024x389.jpg\" alt=\"\" class=\"wp-image-47536\" width=\"401\" height=\"152\" srcset=\"https:\/\/jornalfatosenoticias.com.br\/wp-content\/uploads\/2023\/12\/pegoretti-logo-pdf-1024x389.jpg 1024w, https:\/\/jornalfatosenoticias.com.br\/wp-content\/uploads\/2023\/12\/pegoretti-logo-pdf-300x114.jpg 300w, https:\/\/jornalfatosenoticias.com.br\/wp-content\/uploads\/2023\/12\/pegoretti-logo-pdf-768x291.jpg 768w, https:\/\/jornalfatosenoticias.com.br\/wp-content\/uploads\/2023\/12\/pegoretti-logo-pdf.jpg 1120w\" sizes=\"auto, (max-width: 401px) 100vw, 401px\" \/><\/a><\/figure><\/div>\n\n\n\n<ul class=\"wp-block-list\"><li>servi\u00e7os cir\u00fargicos;\u00a0<\/li><li>servi\u00e7os ginecol\u00f3gicos e obst\u00e9tricos;\u00a0<\/li><li>servi\u00e7os psiqui\u00e1tricos;\u00a0<\/li><li>servi\u00e7os prestados em unidades de terapia intensiva;\u00a0<\/li><li>servi\u00e7os de atendimento de urg\u00eancia;\u00a0<\/li><li>servi\u00e7os hospitalares n\u00e3o classificados em subposi\u00e7\u00f5es anteriores;\u00a0<\/li><li>servi\u00e7os de cl\u00ednica m\u00e9dica;\u00a0<\/li><li>servi\u00e7os m\u00e9dicos especializados;\u00a0<\/li><li>servi\u00e7os odontol\u00f3gicos;\u00a0<\/li><li>servi\u00e7os de enfermagem;\u00a0<\/li><li>servi\u00e7os de fisioterapia;\u00a0<\/li><li>servi\u00e7os laboratoriais;\u00a0<\/li><li>servi\u00e7os de diagn\u00f3stico por imagem;\u00a0<\/li><li>servi\u00e7os de bancos de material biol\u00f3gico humano;\u00a0<\/li><li>servi\u00e7os de ambul\u00e2ncia;\u00a0<\/li><li>servi\u00e7os de assist\u00eancia ao parto e p\u00f3s-parto;\u00a0<\/li><li>servi\u00e7os de psicologia;\u00a0<\/li><li>servi\u00e7os de vigil\u00e2ncia sanit\u00e1ria;\u00a0<\/li><li>servi\u00e7os de epidemiologia;\u00a0<\/li><li>servi\u00e7os de vacina\u00e7\u00e3o;\u00a0<\/li><li>servi\u00e7os de fonoaudiologia;\u00a0<\/li><li>servi\u00e7os de nutri\u00e7\u00e3o;\u00a0<\/li><li>servi\u00e7os de optometria;\u00a0<\/li><li>servi\u00e7os de instrumenta\u00e7\u00e3o cir\u00fargica;\u00a0<\/li><li>servi\u00e7os de biomedicina;\u00a0<\/li><li>servi\u00e7os farmac\u00eauticos; \u00a0<\/li><li>servi\u00e7os de cuidado e assist\u00eancia a idosos e pessoas com defici\u00eancia em unidades de acolhimento.\u00a0<\/li><\/ul>\n\n\n\n<div class=\"wp-block-image\"><figure class=\"aligncenter size-large\"><a href=\"https:\/\/cesconetto.com.br\/\"><img loading=\"lazy\" decoding=\"async\" width=\"300\" height=\"250\" src=\"https:\/\/jornalfatosenoticias.com.br\/wp-content\/uploads\/2020\/02\/Banner-2.png\" alt=\"\" class=\"wp-image-43787\"\/><\/a><\/figure><\/div>\n\n\n\n<p>A \u00e1rea de sa\u00fade tamb\u00e9m ter\u00e1 desconto de 60% nos equipamentos e medicamentos (que n\u00e3o tiverem al\u00edquota zero). Al\u00e9m de especialidades m\u00e9dicas, est\u00e3o inclusos neste percentual de redu\u00e7\u00e3o produtos b\u00e1sicos de higiene pessoal, dispositivos m\u00e9dicos e 71 f\u00f3rmulas para nutri\u00e7\u00e3o enteral (diretamente no sistema g\u00e1strico) e parenteral (diretamente na veia).<\/p>\n\n\n\n<div class=\"wp-block-image\"><figure class=\"aligncenter size-large\"><a href=\"https:\/\/www.facebook.com\/Esteio-Churrascaria-Barbecue-103643461220402\/\"><img decoding=\"async\" src=\"https:\/\/jornalfatosenoticias.com.br\/wp-content\/uploads\/2020\/02\/logo_esteio.jpg\" alt=\"\" class=\"wp-image-1214\"\/><\/a><\/figure><\/div>\n\n\n\n<p>Quando os medicamentos e dispositivos m\u00e9dicos ou de acessibilidade forem para pessoas com defici\u00eancia, a al\u00edquota ser\u00e1 zero &#8211; desde que a compra destes itens seja feita atrav\u00e9s de \u00f3rg\u00e3os p\u00fablicos. Estes profissionais n\u00e3o podem ser microempreendedores individuais (MEI). Segundo a tributarista, entende-se que s\u00e3o profiss\u00f5es que exigem v\u00ednculo com conselhos de classe espec\u00edficos.<\/p>\n\n\n\n<div class=\"wp-block-image\"><figure class=\"aligncenter size-large\"><a href=\"https:\/\/www.instagram.com\/baraodascarnes.es\/\"><img decoding=\"async\" src=\"https:\/\/jornalfatosenoticias.com.br\/wp-content\/uploads\/2020\/02\/barao-das-carnes-300x164-1.jpg\" alt=\"\" class=\"wp-image-34339\"\/><\/a><\/figure><\/div>\n\n\n\n<p><strong><span class=\"has-inline-color has-black-color\">Como foi a aprova\u00e7\u00e3o da reforma tribut\u00e1ria<br><\/span><\/strong>O texto-base da reforma recebeu 336 votos favor\u00e1veis e 142 contr\u00e1rios. Houve duas absten\u00e7\u00f5es. A proposi\u00e7\u00e3o agora segue para an\u00e1lise dos senadores, com previs\u00e3o de ser votada em agosto. O PL orientou a rejei\u00e7\u00e3o da proposi\u00e7\u00e3o, mas 11 deputados da legenda decidiram apoiar o projeto. <a href=\"https:\/\/www.gazetadopovo.com.br\/republica\/confira-como-cada-deputado-votou-na-regulamentacao-da-reforma-tributaria\/?ref=link-interno-materia?ref=link-interno-materia\">Veja aqui como cada deputado federal votou.<\/a><\/p>\n\n\n\n<div class=\"wp-block-image\"><figure class=\"aligncenter size-large is-resized\"><a href=\"https:\/\/www.facebook.com\/postobkr\/?locale=pt_BR\"><img loading=\"lazy\" decoding=\"async\" src=\"https:\/\/jornalfatosenoticias.com.br\/wp-content\/uploads\/2023\/08\/BKR-1024x1021.jpg\" alt=\"\" class=\"wp-image-44494\" width=\"336\" height=\"335\" srcset=\"https:\/\/jornalfatosenoticias.com.br\/wp-content\/uploads\/2023\/08\/BKR-1024x1021.jpg 1024w, https:\/\/jornalfatosenoticias.com.br\/wp-content\/uploads\/2023\/08\/BKR-300x300.jpg 300w, https:\/\/jornalfatosenoticias.com.br\/wp-content\/uploads\/2023\/08\/BKR-150x150.jpg 150w, https:\/\/jornalfatosenoticias.com.br\/wp-content\/uploads\/2023\/08\/BKR-768x766.jpg 768w, https:\/\/jornalfatosenoticias.com.br\/wp-content\/uploads\/2023\/08\/BKR.jpg 1080w\" sizes=\"auto, (max-width: 336px) 100vw, 336px\" \/><\/a><\/figure><\/div>\n\n\n\n<p>A vers\u00e3o da reforma aprovada foi resultado de um grupo de trabalho indicado pelo presidente da Casa, Arthur Lira (PP-AL), e que teve Reginaldo Lopes (PT-MG) como relator-geral. Ao final da sess\u00e3o, o \u00fanico destaque aprovado pelos deputados foi o que previa a isen\u00e7\u00e3o para prote\u00ednas animais.<\/p>\n\n\n\n<div class=\"wp-block-image\"><figure class=\"aligncenter size-large is-resized\"><a href=\"https:\/\/panper.com.br\/\"><img loading=\"lazy\" decoding=\"async\" src=\"https:\/\/jornalfatosenoticias.com.br\/wp-content\/uploads\/2023\/03\/logo-Panper_portal.jpg\" alt=\"\" class=\"wp-image-40208\" width=\"328\" height=\"227\" srcset=\"https:\/\/jornalfatosenoticias.com.br\/wp-content\/uploads\/2023\/03\/logo-Panper_portal.jpg 400w, https:\/\/jornalfatosenoticias.com.br\/wp-content\/uploads\/2023\/03\/logo-Panper_portal-300x208.jpg 300w\" sizes=\"auto, (max-width: 328px) 100vw, 328px\" \/><\/a><\/figure><\/div>\n\n\n\n<p>Durante a discuss\u00e3o da mat\u00e9ria, foram apresentadas 804 emendas de plen\u00e1rio. Ap\u00f3s um acordo, Lopes acatou total ou parcialmente 45 delas. O parecer final incluiu uma trava para garantir que a al\u00edquota de m\u00e9dia de refer\u00eancia do IVA n\u00e3o ultrapasse 26,5%.<\/p>\n\n\n\n<p><strong><em>Fonte: <a href=\"https:\/\/www.gazetadopovo.com.br\/economia\/medicos-enfermeiros-psicologos-e-nutricionistas-terao-reducao-de-60-no-novo-imposto\/\">Gazeta do Povo<\/a><\/em><\/strong><\/p>\n","protected":false},"excerpt":{"rendered":"<p>\u00c1rea da sa\u00fade ter\u00e1 redu\u00e7\u00e3o de 60% em cima da al\u00edquota-base da reforma tribut\u00e1ria, estimada em 26,5% Por Raphaela Ribas A reforma tribut\u00e1ria, que vai para tramita\u00e7\u00e3o no Senado, dever\u00e1 fazer com que profissionais da \u00e1rea de sa\u00fade paguem mais impostos, mesmo estando inclu\u00eddos no grupo que ter\u00e1 redu\u00e7\u00e3o de 60% na al\u00edquota de refer\u00eancia [&hellip;]<\/p>\n","protected":false},"author":2,"featured_media":52755,"comment_status":"open","ping_status":"open","sticky":false,"template":"","format":"standard","meta":{"footnotes":""},"categories":[9],"tags":[1702,10543,8012,1013,23097,8257,1518,4046,74,245,8611],"class_list":["post-52754","post","type-post","status-publish","format-standard","has-post-thumbnail","hentry","category-economia","tag-aplicativos","tag-arthur-lira","tag-cobranca","tag-consumo","tag-deputado-federal","tag-impostos","tag-medicamentos","tag-reforma-tributaria","tag-saude","tag-trabalho","tag-tributacao"],"yoast_head":"<!-- This site is optimized with the Yoast SEO plugin v26.5 - https:\/\/yoast.com\/wordpress\/plugins\/seo\/ -->\n<title>M\u00e9dicos e profissionais de sa\u00fade v\u00e3o pagar 21,5% em impostos com a reforma tribut\u00e1ria - Jornal Fatos e Not\u00edcias<\/title>\n<meta name=\"robots\" content=\"index, follow, max-snippet:-1, max-image-preview:large, max-video-preview:-1\" \/>\n<link rel=\"canonical\" href=\"https:\/\/jornalfatosenoticias.com.br\/index.php\/2024\/07\/16\/medicos-e-profissionais-de-saude-vao-pagar-215-em-impostos-com-a-reforma-tributaria\/\" \/>\n<meta property=\"og:locale\" content=\"pt_BR\" \/>\n<meta property=\"og:type\" content=\"article\" \/>\n<meta property=\"og:title\" content=\"M\u00e9dicos e profissionais de sa\u00fade v\u00e3o pagar 21,5% em impostos com a reforma tribut\u00e1ria - Jornal Fatos e Not\u00edcias\" \/>\n<meta property=\"og:description\" content=\"\u00c1rea da sa\u00fade ter\u00e1 redu\u00e7\u00e3o de 60% em cima da al\u00edquota-base da reforma tribut\u00e1ria, estimada em 26,5% Por Raphaela Ribas A reforma tribut\u00e1ria, que vai para tramita\u00e7\u00e3o no Senado, dever\u00e1 fazer com que profissionais da \u00e1rea de sa\u00fade paguem mais impostos, mesmo estando inclu\u00eddos no grupo que ter\u00e1 redu\u00e7\u00e3o de 60% na al\u00edquota de refer\u00eancia [&hellip;]\" \/>\n<meta property=\"og:url\" content=\"https:\/\/jornalfatosenoticias.com.br\/index.php\/2024\/07\/16\/medicos-e-profissionais-de-saude-vao-pagar-215-em-impostos-com-a-reforma-tributaria\/\" \/>\n<meta property=\"og:site_name\" content=\"Jornal Fatos e Not\u00edcias\" \/>\n<meta property=\"article:published_time\" content=\"2024-07-16T18:45:47+00:00\" \/>\n<meta property=\"article:modified_time\" content=\"2024-07-16T18:45:48+00:00\" \/>\n<meta property=\"og:image\" content=\"https:\/\/jornalfatosenoticias.com.br\/wp-content\/uploads\/2024\/07\/profissionais-de-saude-impostos_freepik.jpg\" \/>\n\t<meta property=\"og:image:width\" content=\"740\" \/>\n\t<meta property=\"og:image:height\" content=\"493\" \/>\n\t<meta property=\"og:image:type\" content=\"image\/jpeg\" \/>\n<meta name=\"author\" content=\"Luzimara Fernandes\" \/>\n<meta name=\"twitter:card\" content=\"summary_large_image\" \/>\n<meta name=\"twitter:label1\" content=\"Escrito por\" \/>\n\t<meta name=\"twitter:data1\" content=\"Luzimara Fernandes\" \/>\n\t<meta name=\"twitter:label2\" content=\"Est. tempo de leitura\" \/>\n\t<meta name=\"twitter:data2\" content=\"3 minutos\" \/>\n<script type=\"application\/ld+json\" class=\"yoast-schema-graph\">{\"@context\":\"https:\/\/schema.org\",\"@graph\":[{\"@type\":\"Article\",\"@id\":\"https:\/\/jornalfatosenoticias.com.br\/index.php\/2024\/07\/16\/medicos-e-profissionais-de-saude-vao-pagar-215-em-impostos-com-a-reforma-tributaria\/#article\",\"isPartOf\":{\"@id\":\"https:\/\/jornalfatosenoticias.com.br\/index.php\/2024\/07\/16\/medicos-e-profissionais-de-saude-vao-pagar-215-em-impostos-com-a-reforma-tributaria\/\"},\"author\":{\"name\":\"Luzimara Fernandes\",\"@id\":\"https:\/\/jornalfatosenoticias.com.br\/#\/schema\/person\/d63837fa13ac8666eb9e74e0985d6f81\"},\"headline\":\"M\u00e9dicos e profissionais de sa\u00fade v\u00e3o pagar 21,5% em impostos com a reforma tribut\u00e1ria\",\"datePublished\":\"2024-07-16T18:45:47+00:00\",\"dateModified\":\"2024-07-16T18:45:48+00:00\",\"mainEntityOfPage\":{\"@id\":\"https:\/\/jornalfatosenoticias.com.br\/index.php\/2024\/07\/16\/medicos-e-profissionais-de-saude-vao-pagar-215-em-impostos-com-a-reforma-tributaria\/\"},\"wordCount\":692,\"commentCount\":0,\"publisher\":{\"@id\":\"https:\/\/jornalfatosenoticias.com.br\/#organization\"},\"image\":{\"@id\":\"https:\/\/jornalfatosenoticias.com.br\/index.php\/2024\/07\/16\/medicos-e-profissionais-de-saude-vao-pagar-215-em-impostos-com-a-reforma-tributaria\/#primaryimage\"},\"thumbnailUrl\":\"https:\/\/jornalfatosenoticias.com.br\/wp-content\/uploads\/2024\/07\/profissionais-de-saude-impostos_freepik.jpg\",\"keywords\":[\"aplicativos\",\"Arthur Lira\",\"cobran\u00e7a\",\"consumo\",\"Deputado Federal\",\"impostos\",\"medicamentos\",\"Reforma Tribut\u00e1ria\",\"sa\u00fade\",\"trabalho\",\"tributa\u00e7\u00e3o\"],\"articleSection\":[\"Economia\"],\"inLanguage\":\"pt-BR\",\"potentialAction\":[{\"@type\":\"CommentAction\",\"name\":\"Comment\",\"target\":[\"https:\/\/jornalfatosenoticias.com.br\/index.php\/2024\/07\/16\/medicos-e-profissionais-de-saude-vao-pagar-215-em-impostos-com-a-reforma-tributaria\/#respond\"]}]},{\"@type\":\"WebPage\",\"@id\":\"https:\/\/jornalfatosenoticias.com.br\/index.php\/2024\/07\/16\/medicos-e-profissionais-de-saude-vao-pagar-215-em-impostos-com-a-reforma-tributaria\/\",\"url\":\"https:\/\/jornalfatosenoticias.com.br\/index.php\/2024\/07\/16\/medicos-e-profissionais-de-saude-vao-pagar-215-em-impostos-com-a-reforma-tributaria\/\",\"name\":\"M\u00e9dicos e profissionais de sa\u00fade v\u00e3o pagar 21,5% em impostos com a reforma tribut\u00e1ria - Jornal Fatos e Not\u00edcias\",\"isPartOf\":{\"@id\":\"https:\/\/jornalfatosenoticias.com.br\/#website\"},\"primaryImageOfPage\":{\"@id\":\"https:\/\/jornalfatosenoticias.com.br\/index.php\/2024\/07\/16\/medicos-e-profissionais-de-saude-vao-pagar-215-em-impostos-com-a-reforma-tributaria\/#primaryimage\"},\"image\":{\"@id\":\"https:\/\/jornalfatosenoticias.com.br\/index.php\/2024\/07\/16\/medicos-e-profissionais-de-saude-vao-pagar-215-em-impostos-com-a-reforma-tributaria\/#primaryimage\"},\"thumbnailUrl\":\"https:\/\/jornalfatosenoticias.com.br\/wp-content\/uploads\/2024\/07\/profissionais-de-saude-impostos_freepik.jpg\",\"datePublished\":\"2024-07-16T18:45:47+00:00\",\"dateModified\":\"2024-07-16T18:45:48+00:00\",\"breadcrumb\":{\"@id\":\"https:\/\/jornalfatosenoticias.com.br\/index.php\/2024\/07\/16\/medicos-e-profissionais-de-saude-vao-pagar-215-em-impostos-com-a-reforma-tributaria\/#breadcrumb\"},\"inLanguage\":\"pt-BR\",\"potentialAction\":[{\"@type\":\"ReadAction\",\"target\":[\"https:\/\/jornalfatosenoticias.com.br\/index.php\/2024\/07\/16\/medicos-e-profissionais-de-saude-vao-pagar-215-em-impostos-com-a-reforma-tributaria\/\"]}]},{\"@type\":\"ImageObject\",\"inLanguage\":\"pt-BR\",\"@id\":\"https:\/\/jornalfatosenoticias.com.br\/index.php\/2024\/07\/16\/medicos-e-profissionais-de-saude-vao-pagar-215-em-impostos-com-a-reforma-tributaria\/#primaryimage\",\"url\":\"https:\/\/jornalfatosenoticias.com.br\/wp-content\/uploads\/2024\/07\/profissionais-de-saude-impostos_freepik.jpg\",\"contentUrl\":\"https:\/\/jornalfatosenoticias.com.br\/wp-content\/uploads\/2024\/07\/profissionais-de-saude-impostos_freepik.jpg\",\"width\":740,\"height\":493},{\"@type\":\"BreadcrumbList\",\"@id\":\"https:\/\/jornalfatosenoticias.com.br\/index.php\/2024\/07\/16\/medicos-e-profissionais-de-saude-vao-pagar-215-em-impostos-com-a-reforma-tributaria\/#breadcrumb\",\"itemListElement\":[{\"@type\":\"ListItem\",\"position\":1,\"name\":\"In\u00edcio\",\"item\":\"https:\/\/jornalfatosenoticias.com.br\/\"},{\"@type\":\"ListItem\",\"position\":2,\"name\":\"M\u00e9dicos e profissionais de sa\u00fade v\u00e3o pagar 21,5% em impostos com a reforma tribut\u00e1ria\"}]},{\"@type\":\"WebSite\",\"@id\":\"https:\/\/jornalfatosenoticias.com.br\/#website\",\"url\":\"https:\/\/jornalfatosenoticias.com.br\/\",\"name\":\"Jornal Fatos e Not\u00edcias\",\"description\":\"Not\u00edcias em geral\",\"publisher\":{\"@id\":\"https:\/\/jornalfatosenoticias.com.br\/#organization\"},\"potentialAction\":[{\"@type\":\"SearchAction\",\"target\":{\"@type\":\"EntryPoint\",\"urlTemplate\":\"https:\/\/jornalfatosenoticias.com.br\/?s={search_term_string}\"},\"query-input\":{\"@type\":\"PropertyValueSpecification\",\"valueRequired\":true,\"valueName\":\"search_term_string\"}}],\"inLanguage\":\"pt-BR\"},{\"@type\":\"Organization\",\"@id\":\"https:\/\/jornalfatosenoticias.com.br\/#organization\",\"name\":\"Jornal Fatos e Not\u00edcias\",\"url\":\"https:\/\/jornalfatosenoticias.com.br\/\",\"logo\":{\"@type\":\"ImageObject\",\"inLanguage\":\"pt-BR\",\"@id\":\"https:\/\/jornalfatosenoticias.com.br\/#\/schema\/logo\/image\/\",\"url\":\"https:\/\/jornalfatosenoticias.com.br\/wp-content\/uploads\/2020\/02\/logo120.png\",\"contentUrl\":\"https:\/\/jornalfatosenoticias.com.br\/wp-content\/uploads\/2020\/02\/logo120.png\",\"width\":1227,\"height\":120,\"caption\":\"Jornal Fatos e Not\u00edcias\"},\"image\":{\"@id\":\"https:\/\/jornalfatosenoticias.com.br\/#\/schema\/logo\/image\/\"}},{\"@type\":\"Person\",\"@id\":\"https:\/\/jornalfatosenoticias.com.br\/#\/schema\/person\/d63837fa13ac8666eb9e74e0985d6f81\",\"name\":\"Luzimara Fernandes\",\"image\":{\"@type\":\"ImageObject\",\"inLanguage\":\"pt-BR\",\"@id\":\"https:\/\/jornalfatosenoticias.com.br\/#\/schema\/person\/image\/\",\"url\":\"https:\/\/jornalfatosenoticias.com.br\/wp-content\/uploads\/2025\/05\/EU_portal.jpg\",\"contentUrl\":\"https:\/\/jornalfatosenoticias.com.br\/wp-content\/uploads\/2025\/05\/EU_portal.jpg\",\"caption\":\"Luzimara Fernandes\"},\"description\":\"Jornalista MTB 2358-ES\",\"sameAs\":[\"https:\/\/jornalfatosenoticias.com.br\"],\"url\":\"https:\/\/jornalfatosenoticias.com.br\/index.php\/author\/luzimara\/\"}]}<\/script>\n<!-- \/ Yoast SEO plugin. -->","yoast_head_json":{"title":"M\u00e9dicos e profissionais de sa\u00fade v\u00e3o pagar 21,5% em impostos com a reforma tribut\u00e1ria - Jornal Fatos e Not\u00edcias","robots":{"index":"index","follow":"follow","max-snippet":"max-snippet:-1","max-image-preview":"max-image-preview:large","max-video-preview":"max-video-preview:-1"},"canonical":"https:\/\/jornalfatosenoticias.com.br\/index.php\/2024\/07\/16\/medicos-e-profissionais-de-saude-vao-pagar-215-em-impostos-com-a-reforma-tributaria\/","og_locale":"pt_BR","og_type":"article","og_title":"M\u00e9dicos e profissionais de sa\u00fade v\u00e3o pagar 21,5% em impostos com a reforma tribut\u00e1ria - Jornal Fatos e Not\u00edcias","og_description":"\u00c1rea da sa\u00fade ter\u00e1 redu\u00e7\u00e3o de 60% em cima da al\u00edquota-base da reforma tribut\u00e1ria, estimada em 26,5% Por Raphaela Ribas A reforma tribut\u00e1ria, que vai para tramita\u00e7\u00e3o no Senado, dever\u00e1 fazer com que profissionais da \u00e1rea de sa\u00fade paguem mais impostos, mesmo estando inclu\u00eddos no grupo que ter\u00e1 redu\u00e7\u00e3o de 60% na al\u00edquota de refer\u00eancia [&hellip;]","og_url":"https:\/\/jornalfatosenoticias.com.br\/index.php\/2024\/07\/16\/medicos-e-profissionais-de-saude-vao-pagar-215-em-impostos-com-a-reforma-tributaria\/","og_site_name":"Jornal Fatos e Not\u00edcias","article_published_time":"2024-07-16T18:45:47+00:00","article_modified_time":"2024-07-16T18:45:48+00:00","og_image":[{"width":740,"height":493,"url":"https:\/\/jornalfatosenoticias.com.br\/wp-content\/uploads\/2024\/07\/profissionais-de-saude-impostos_freepik.jpg","type":"image\/jpeg"}],"author":"Luzimara Fernandes","twitter_card":"summary_large_image","twitter_misc":{"Escrito por":"Luzimara Fernandes","Est. tempo de leitura":"3 minutos"},"schema":{"@context":"https:\/\/schema.org","@graph":[{"@type":"Article","@id":"https:\/\/jornalfatosenoticias.com.br\/index.php\/2024\/07\/16\/medicos-e-profissionais-de-saude-vao-pagar-215-em-impostos-com-a-reforma-tributaria\/#article","isPartOf":{"@id":"https:\/\/jornalfatosenoticias.com.br\/index.php\/2024\/07\/16\/medicos-e-profissionais-de-saude-vao-pagar-215-em-impostos-com-a-reforma-tributaria\/"},"author":{"name":"Luzimara Fernandes","@id":"https:\/\/jornalfatosenoticias.com.br\/#\/schema\/person\/d63837fa13ac8666eb9e74e0985d6f81"},"headline":"M\u00e9dicos e profissionais de sa\u00fade v\u00e3o pagar 21,5% em impostos com a reforma tribut\u00e1ria","datePublished":"2024-07-16T18:45:47+00:00","dateModified":"2024-07-16T18:45:48+00:00","mainEntityOfPage":{"@id":"https:\/\/jornalfatosenoticias.com.br\/index.php\/2024\/07\/16\/medicos-e-profissionais-de-saude-vao-pagar-215-em-impostos-com-a-reforma-tributaria\/"},"wordCount":692,"commentCount":0,"publisher":{"@id":"https:\/\/jornalfatosenoticias.com.br\/#organization"},"image":{"@id":"https:\/\/jornalfatosenoticias.com.br\/index.php\/2024\/07\/16\/medicos-e-profissionais-de-saude-vao-pagar-215-em-impostos-com-a-reforma-tributaria\/#primaryimage"},"thumbnailUrl":"https:\/\/jornalfatosenoticias.com.br\/wp-content\/uploads\/2024\/07\/profissionais-de-saude-impostos_freepik.jpg","keywords":["aplicativos","Arthur Lira","cobran\u00e7a","consumo","Deputado Federal","impostos","medicamentos","Reforma Tribut\u00e1ria","sa\u00fade","trabalho","tributa\u00e7\u00e3o"],"articleSection":["Economia"],"inLanguage":"pt-BR","potentialAction":[{"@type":"CommentAction","name":"Comment","target":["https:\/\/jornalfatosenoticias.com.br\/index.php\/2024\/07\/16\/medicos-e-profissionais-de-saude-vao-pagar-215-em-impostos-com-a-reforma-tributaria\/#respond"]}]},{"@type":"WebPage","@id":"https:\/\/jornalfatosenoticias.com.br\/index.php\/2024\/07\/16\/medicos-e-profissionais-de-saude-vao-pagar-215-em-impostos-com-a-reforma-tributaria\/","url":"https:\/\/jornalfatosenoticias.com.br\/index.php\/2024\/07\/16\/medicos-e-profissionais-de-saude-vao-pagar-215-em-impostos-com-a-reforma-tributaria\/","name":"M\u00e9dicos e profissionais de sa\u00fade v\u00e3o pagar 21,5% em impostos com a reforma tribut\u00e1ria - Jornal Fatos e Not\u00edcias","isPartOf":{"@id":"https:\/\/jornalfatosenoticias.com.br\/#website"},"primaryImageOfPage":{"@id":"https:\/\/jornalfatosenoticias.com.br\/index.php\/2024\/07\/16\/medicos-e-profissionais-de-saude-vao-pagar-215-em-impostos-com-a-reforma-tributaria\/#primaryimage"},"image":{"@id":"https:\/\/jornalfatosenoticias.com.br\/index.php\/2024\/07\/16\/medicos-e-profissionais-de-saude-vao-pagar-215-em-impostos-com-a-reforma-tributaria\/#primaryimage"},"thumbnailUrl":"https:\/\/jornalfatosenoticias.com.br\/wp-content\/uploads\/2024\/07\/profissionais-de-saude-impostos_freepik.jpg","datePublished":"2024-07-16T18:45:47+00:00","dateModified":"2024-07-16T18:45:48+00:00","breadcrumb":{"@id":"https:\/\/jornalfatosenoticias.com.br\/index.php\/2024\/07\/16\/medicos-e-profissionais-de-saude-vao-pagar-215-em-impostos-com-a-reforma-tributaria\/#breadcrumb"},"inLanguage":"pt-BR","potentialAction":[{"@type":"ReadAction","target":["https:\/\/jornalfatosenoticias.com.br\/index.php\/2024\/07\/16\/medicos-e-profissionais-de-saude-vao-pagar-215-em-impostos-com-a-reforma-tributaria\/"]}]},{"@type":"ImageObject","inLanguage":"pt-BR","@id":"https:\/\/jornalfatosenoticias.com.br\/index.php\/2024\/07\/16\/medicos-e-profissionais-de-saude-vao-pagar-215-em-impostos-com-a-reforma-tributaria\/#primaryimage","url":"https:\/\/jornalfatosenoticias.com.br\/wp-content\/uploads\/2024\/07\/profissionais-de-saude-impostos_freepik.jpg","contentUrl":"https:\/\/jornalfatosenoticias.com.br\/wp-content\/uploads\/2024\/07\/profissionais-de-saude-impostos_freepik.jpg","width":740,"height":493},{"@type":"BreadcrumbList","@id":"https:\/\/jornalfatosenoticias.com.br\/index.php\/2024\/07\/16\/medicos-e-profissionais-de-saude-vao-pagar-215-em-impostos-com-a-reforma-tributaria\/#breadcrumb","itemListElement":[{"@type":"ListItem","position":1,"name":"In\u00edcio","item":"https:\/\/jornalfatosenoticias.com.br\/"},{"@type":"ListItem","position":2,"name":"M\u00e9dicos e profissionais de sa\u00fade v\u00e3o pagar 21,5% em impostos com a reforma tribut\u00e1ria"}]},{"@type":"WebSite","@id":"https:\/\/jornalfatosenoticias.com.br\/#website","url":"https:\/\/jornalfatosenoticias.com.br\/","name":"Jornal Fatos e Not\u00edcias","description":"Not\u00edcias em geral","publisher":{"@id":"https:\/\/jornalfatosenoticias.com.br\/#organization"},"potentialAction":[{"@type":"SearchAction","target":{"@type":"EntryPoint","urlTemplate":"https:\/\/jornalfatosenoticias.com.br\/?s={search_term_string}"},"query-input":{"@type":"PropertyValueSpecification","valueRequired":true,"valueName":"search_term_string"}}],"inLanguage":"pt-BR"},{"@type":"Organization","@id":"https:\/\/jornalfatosenoticias.com.br\/#organization","name":"Jornal Fatos e Not\u00edcias","url":"https:\/\/jornalfatosenoticias.com.br\/","logo":{"@type":"ImageObject","inLanguage":"pt-BR","@id":"https:\/\/jornalfatosenoticias.com.br\/#\/schema\/logo\/image\/","url":"https:\/\/jornalfatosenoticias.com.br\/wp-content\/uploads\/2020\/02\/logo120.png","contentUrl":"https:\/\/jornalfatosenoticias.com.br\/wp-content\/uploads\/2020\/02\/logo120.png","width":1227,"height":120,"caption":"Jornal Fatos e Not\u00edcias"},"image":{"@id":"https:\/\/jornalfatosenoticias.com.br\/#\/schema\/logo\/image\/"}},{"@type":"Person","@id":"https:\/\/jornalfatosenoticias.com.br\/#\/schema\/person\/d63837fa13ac8666eb9e74e0985d6f81","name":"Luzimara Fernandes","image":{"@type":"ImageObject","inLanguage":"pt-BR","@id":"https:\/\/jornalfatosenoticias.com.br\/#\/schema\/person\/image\/","url":"https:\/\/jornalfatosenoticias.com.br\/wp-content\/uploads\/2025\/05\/EU_portal.jpg","contentUrl":"https:\/\/jornalfatosenoticias.com.br\/wp-content\/uploads\/2025\/05\/EU_portal.jpg","caption":"Luzimara Fernandes"},"description":"Jornalista MTB 2358-ES","sameAs":["https:\/\/jornalfatosenoticias.com.br"],"url":"https:\/\/jornalfatosenoticias.com.br\/index.php\/author\/luzimara\/"}]}},"cc_featured_image_caption":{"caption_text":"","source_text":"","source_url":""},"jetpack_featured_media_url":"https:\/\/jornalfatosenoticias.com.br\/wp-content\/uploads\/2024\/07\/profissionais-de-saude-impostos_freepik.jpg","_links":{"self":[{"href":"https:\/\/jornalfatosenoticias.com.br\/index.php\/wp-json\/wp\/v2\/posts\/52754","targetHints":{"allow":["GET"]}}],"collection":[{"href":"https:\/\/jornalfatosenoticias.com.br\/index.php\/wp-json\/wp\/v2\/posts"}],"about":[{"href":"https:\/\/jornalfatosenoticias.com.br\/index.php\/wp-json\/wp\/v2\/types\/post"}],"author":[{"embeddable":true,"href":"https:\/\/jornalfatosenoticias.com.br\/index.php\/wp-json\/wp\/v2\/users\/2"}],"replies":[{"embeddable":true,"href":"https:\/\/jornalfatosenoticias.com.br\/index.php\/wp-json\/wp\/v2\/comments?post=52754"}],"version-history":[{"count":0,"href":"https:\/\/jornalfatosenoticias.com.br\/index.php\/wp-json\/wp\/v2\/posts\/52754\/revisions"}],"wp:featuredmedia":[{"embeddable":true,"href":"https:\/\/jornalfatosenoticias.com.br\/index.php\/wp-json\/wp\/v2\/media\/52755"}],"wp:attachment":[{"href":"https:\/\/jornalfatosenoticias.com.br\/index.php\/wp-json\/wp\/v2\/media?parent=52754"}],"wp:term":[{"taxonomy":"category","embeddable":true,"href":"https:\/\/jornalfatosenoticias.com.br\/index.php\/wp-json\/wp\/v2\/categories?post=52754"},{"taxonomy":"post_tag","embeddable":true,"href":"https:\/\/jornalfatosenoticias.com.br\/index.php\/wp-json\/wp\/v2\/tags?post=52754"}],"curies":[{"name":"wp","href":"https:\/\/api.w.org\/{rel}","templated":true}]}}