{"id":52797,"date":"2024-07-17T15:38:13","date_gmt":"2024-07-17T18:38:13","guid":{"rendered":"https:\/\/jornalfatosenoticias.com.br\/?p=52797"},"modified":"2024-07-17T15:38:15","modified_gmt":"2024-07-17T18:38:15","slug":"araras-vermelhas-grandes-sao-reintroduzidas-na-mata-atlantica-do-sul-da-bahia","status":"publish","type":"post","link":"https:\/\/jornalfatosenoticias.com.br\/index.php\/2024\/07\/17\/araras-vermelhas-grandes-sao-reintroduzidas-na-mata-atlantica-do-sul-da-bahia\/","title":{"rendered":"Araras-vermelhas-grandes s\u00e3o reintroduzidas na Mata Atl\u00e2ntica do sul da Bahia"},"content":{"rendered":"\n<p><em><span class=\"has-inline-color has-black-color\">Esp\u00e9cie j\u00e1 foi abundante na regi\u00e3o, mas acabou extinta por causa do desmatamento da Mata Atl\u00e2ntica e da captura ilegal<\/span><\/em><\/p>\n\n\n\n<p><span class=\"has-inline-color has-black-color\">Por <strong><a href=\"https:\/\/faunanews.com.br\/araras-vermelhas-grandes-sao-reintroduzidas-na-mata-atlantica-do-sul-da-bahia\/#\">Ricardo Melo<\/a><\/strong><\/span><\/p>\n\n\n\n<div class=\"wp-block-image\"><figure class=\"aligncenter size-large\"><a href=\"https:\/\/mizu.com.br\/\"><img loading=\"lazy\" decoding=\"async\" width=\"729\" height=\"90\" src=\"https:\/\/jornalfatosenoticias.com.br\/wp-content\/uploads\/2020\/02\/Logo_Mizu.png\" alt=\"\" class=\"wp-image-1441\" srcset=\"https:\/\/jornalfatosenoticias.com.br\/wp-content\/uploads\/2020\/02\/Logo_Mizu.png 729w, https:\/\/jornalfatosenoticias.com.br\/wp-content\/uploads\/2020\/02\/Logo_Mizu-300x37.png 300w\" sizes=\"auto, (max-width: 729px) 100vw, 729px\" \/><\/a><\/figure><\/div>\n\n\n\n<p><strong><a href=\"https:\/\/www.instagram.com\/p\/C9FeoaROPRP\/\">Trinta e cinco araras-vermelhas-grandes (<em>Ara chloropterus<\/em>) foram reintroduzidas pelo Ibama<\/a><\/strong> na Esta\u00e7\u00e3o Ecol\u00f3gica do Pau-Brasil, em Porto Seguro (BA), no come\u00e7o do m\u00eas. A a\u00e7\u00e3o faz parte de um projeto desenvolvido pelo Centro de Triagem de Animais Silvestres (Cetas) do Ibama que funciona no munic\u00edpio. A esp\u00e9cie estava extinta na regi\u00e3o.<br>O trabalho realizado pelo Cetas envolveu aves apreendidas em a\u00e7\u00f5es de combate ao <strong><a href=\"https:\/\/faunanews.com.br\/trafico-de-animais\/\" target=\"_blank\" rel=\"noreferrer noopener\">tr\u00e1fico de animais silvestres<\/a>.<\/strong> Elas passaram por um processo de reabilita\u00e7\u00e3o e a devolu\u00e7\u00e3o \u00e0 natureza foi realizada pelo m\u00e9todo \u201c<strong><strong><a href=\"https:\/\/faunanews.com.br\/a-soltura-de-animais-apreendidos-deve-ser-a-primeira-opcao\/\" target=\"_blank\" rel=\"noreferrer noopener\">soltura branda<\/a><\/strong><\/strong>\u201d. O processo consiste na instala\u00e7\u00e3o de um viveiro de adapta\u00e7\u00e3o ao ambiente e de comedouros na \u00e1rea de soltura. Quando os profissionais envolvidos consideram que os animais est\u00e3o aptos para o retorno \u00e0 natureza, a porta \u00e9 aberta para que o animal possa, gradualmente, explorar o ambiente e se adaptar \u00e0 liberdade.<\/p>\n\n\n\n<div class=\"wp-block-image\"><figure class=\"aligncenter size-large is-resized\"><img loading=\"lazy\" decoding=\"async\" src=\"https:\/\/jornalfatosenoticias.com.br\/wp-content\/uploads\/2022\/02\/Precisao-Contabilidade-1024x724.jpg\" alt=\"\" class=\"wp-image-28088\" width=\"310\" height=\"219\"\/><\/figure><\/div>\n\n\n\n<p>A analista ambiental do Ibama e coordenadora do projeto, Ligia Ilg, destaca que o objetivo da reintrodu\u00e7\u00e3o da arara-vermelha-grande \u00e9 a forma\u00e7\u00e3o de uma popula\u00e7\u00e3o selvagem que viva sem interven\u00e7\u00e3o humana. Agora, as aves est\u00e3o sendo monitoradas, o que inclui sua busca ativa, o registro dos avistamentos na regi\u00e3o, a verifica\u00e7\u00e3o se est\u00e3o consumindo alimentos dispon\u00edveis na natureza e se est\u00e3o ocupando as caixas-ninho que foram instaladas.<\/p>\n\n\n\n<div class=\"wp-block-image\"><figure class=\"aligncenter size-large is-resized\"><a href=\"https:\/\/hotelmarquetti.com.br\/\"><img loading=\"lazy\" decoding=\"async\" src=\"https:\/\/jornalfatosenoticias.com.br\/wp-content\/uploads\/2023\/03\/nova-logo-Marquetti.jpg\" alt=\"\" class=\"wp-image-40207\" width=\"293\" height=\"196\" srcset=\"https:\/\/jornalfatosenoticias.com.br\/wp-content\/uploads\/2023\/03\/nova-logo-Marquetti.jpg 643w, https:\/\/jornalfatosenoticias.com.br\/wp-content\/uploads\/2023\/03\/nova-logo-Marquetti-300x202.jpg 300w\" sizes=\"auto, (max-width: 293px) 100vw, 293px\" \/><\/a><\/figure><\/div>\n\n\n\n<p><strong><span class=\"has-inline-color has-vivid-green-cyan-color\">Asa fraturada<br><\/span><\/strong>No dia 6, <strong><a href=\"https:\/\/www.instagram.com\/p\/C9H4WXzueRn\/?img_index=2\" target=\"_blank\" rel=\"noreferrer noopener\">uma das araras-vermelhas foi encontrada com uma asa fraturada<\/a><\/strong>. Ind\u00edgenas avistaram o animal em Aldeia Velha, no distrito de Arraial D\u2019Ajuda, e contataram a equipe da Companhia Independente de Pol\u00edcia de Prote\u00e7\u00e3o Ambiental de Porto Seguro (Cippa) de Porto Seguro. O animal foi encaminhado ao Cetas para receber os cuidados necess\u00e1rios. Ainda n\u00e3o se sabe o que causou o ferimento na ave. O Fauna News entrou em contato com a assessoria do Ibama para saber qual o atual estado de sa\u00fade da arara e se j\u00e1 se sabe o que houve, mas n\u00e3o obteve resposta.<\/p>\n\n\n\n<div class=\"wp-block-image\"><figure class=\"aligncenter size-large is-resized\"><a href=\"https:\/\/www.facebook.com\/postobkr\/?locale=pt_BR\"><img loading=\"lazy\" decoding=\"async\" src=\"https:\/\/jornalfatosenoticias.com.br\/wp-content\/uploads\/2023\/08\/BKR-1024x1021.jpg\" alt=\"\" class=\"wp-image-44494\" width=\"258\" height=\"257\" srcset=\"https:\/\/jornalfatosenoticias.com.br\/wp-content\/uploads\/2023\/08\/BKR-1024x1021.jpg 1024w, https:\/\/jornalfatosenoticias.com.br\/wp-content\/uploads\/2023\/08\/BKR-300x300.jpg 300w, https:\/\/jornalfatosenoticias.com.br\/wp-content\/uploads\/2023\/08\/BKR-150x150.jpg 150w, https:\/\/jornalfatosenoticias.com.br\/wp-content\/uploads\/2023\/08\/BKR-768x766.jpg 768w, https:\/\/jornalfatosenoticias.com.br\/wp-content\/uploads\/2023\/08\/BKR.jpg 1080w\" sizes=\"auto, (max-width: 258px) 100vw, 258px\" \/><\/a><\/figure><\/div>\n\n\n\n<p><strong><span class=\"has-inline-color has-vivid-green-cyan-color\">Extinta da Mata Atl\u00e2ntica<br><\/span><\/strong>Pero Vaz de Caminha, em sua famosa <strong><a href=\"https:\/\/pt.wikipedia.org\/wiki\/Carta_de_Pero_Vaz_de_Caminha\" target=\"_blank\" rel=\"noreferrer noopener\">carta relatando a chegada dos portugueses ao Brasil<\/a>,<\/strong> descreveu a esp\u00e9cie como \u201cpapagaios vermelhos, muito grandes e formosos\u201d. Na \u00e9poca, o animal era amplamente distribu\u00eddo por quase todo o Brasil. Outros viajantes, como o pr\u00edncipe da Ren\u00e2nia, Maximiliano de Wied-Neuwied, descreveu, em <strong><a href=\"https:\/\/www.brasilianaiconografica.art.br\/artigos\/23402\/a-comitiva-do-principe-alemao-entre-os-indigenas\" target=\"_blank\" rel=\"noreferrer noopener\">seu di\u00e1rio de expedi\u00e7\u00e3o<\/a><\/strong>, a presen\u00e7a da ave desde o rio Mucuri at\u00e9 a cidade de Salvador.<\/p>\n\n\n\n<div class=\"wp-block-image\"><figure class=\"aligncenter size-large is-resized\"><a href=\"https:\/\/www.ithbrasil.com.br\/\"><img loading=\"lazy\" decoding=\"async\" src=\"https:\/\/jornalfatosenoticias.com.br\/wp-content\/uploads\/2023\/08\/ITH.jpeg\" alt=\"\" class=\"wp-image-44638\" width=\"284\" height=\"231\" srcset=\"https:\/\/jornalfatosenoticias.com.br\/wp-content\/uploads\/2023\/08\/ITH.jpeg 800w, https:\/\/jornalfatosenoticias.com.br\/wp-content\/uploads\/2023\/08\/ITH-300x244.jpeg 300w, https:\/\/jornalfatosenoticias.com.br\/wp-content\/uploads\/2023\/08\/ITH-768x624.jpeg 768w\" sizes=\"auto, (max-width: 284px) 100vw, 284px\" \/><\/a><\/figure><\/div>\n\n\n\n<p>Por\u00e9m, o <a href=\"https:\/\/faunanews.com.br\/sobre-a-perda-de-habitat\/\" target=\"_blank\" rel=\"noreferrer noopener\"><strong>desmatamento<\/strong><\/a>\u00a0e a\u00a0<a href=\"https:\/\/faunanews.com.br\/trafico-de-animais\/\" target=\"_blank\" rel=\"noreferrer noopener\"><strong>captura ilegal<\/strong><\/a> foram capazes de extinguir a esp\u00e9cie do litoral brasileiro, restando a concentra\u00e7\u00e3o de suas popula\u00e7\u00f5es nas regi\u00f5es Centro-Oeste e Norte do Brasil. Hoje, a lista oficial das esp\u00e9cies amea\u00e7adas de extin\u00e7\u00e3o no estado da Bahia classifica a arara-vermelha como \u201camea\u00e7ada\u201d, enquanto o plano municipal de conserva\u00e7\u00e3o e recupera\u00e7\u00e3o da Mata Atl\u00e2ntica de Porto Seguro a coloca como \u201cextinta\u201d na regi\u00e3o do extremo sul da Bahia.<\/p>\n\n\n\n<div class=\"wp-block-image\"><figure class=\"aligncenter size-large is-resized\"><a href=\"https:\/\/www.instagram.com\/restaurantepegoretti\/\"><img loading=\"lazy\" decoding=\"async\" src=\"https:\/\/jornalfatosenoticias.com.br\/wp-content\/uploads\/2023\/12\/pegoretti-logo-pdf-1024x389.jpg\" alt=\"\" class=\"wp-image-47536\" width=\"380\" height=\"144\" srcset=\"https:\/\/jornalfatosenoticias.com.br\/wp-content\/uploads\/2023\/12\/pegoretti-logo-pdf-1024x389.jpg 1024w, https:\/\/jornalfatosenoticias.com.br\/wp-content\/uploads\/2023\/12\/pegoretti-logo-pdf-300x114.jpg 300w, https:\/\/jornalfatosenoticias.com.br\/wp-content\/uploads\/2023\/12\/pegoretti-logo-pdf-768x291.jpg 768w, https:\/\/jornalfatosenoticias.com.br\/wp-content\/uploads\/2023\/12\/pegoretti-logo-pdf.jpg 1120w\" sizes=\"auto, (max-width: 380px) 100vw, 380px\" \/><\/a><\/figure><\/div>\n\n\n\n<figure class=\"wp-block-embed-youtube wp-block-embed is-type-video is-provider-youtube wp-embed-aspect-16-9 wp-has-aspect-ratio\"><div class=\"wp-block-embed__wrapper\">\n<iframe loading=\"lazy\" title=\"A REALIDADE SOMBRIA DO TR\u00c1FICO DE ANIMAIS\" width=\"660\" height=\"371\" src=\"https:\/\/www.youtube.com\/embed\/W4dNbQ2dWgs?feature=oembed\" frameborder=\"0\" allow=\"accelerometer; autoplay; clipboard-write; encrypted-media; gyroscope; picture-in-picture; web-share\" referrerpolicy=\"strict-origin-when-cross-origin\" allowfullscreen><\/iframe>\n<\/div><\/figure>\n\n\n\n<p><strong><em>Fonte: <a href=\"https:\/\/faunanews.com.br\/araras-vermelhas-grandes-sao-reintroduzidas-na-mata-atlantica-do-sul-da-bahia\/\">Fauna News<\/a><\/em><\/strong><\/p>\n","protected":false},"excerpt":{"rendered":"<p>Esp\u00e9cie j\u00e1 foi abundante na regi\u00e3o, mas acabou extinta por causa do desmatamento da Mata Atl\u00e2ntica e da captura ilegal Por Ricardo Melo Trinta e cinco araras-vermelhas-grandes (Ara chloropterus) foram reintroduzidas pelo Ibama na Esta\u00e7\u00e3o Ecol\u00f3gica do Pau-Brasil, em Porto Seguro (BA), no come\u00e7o do m\u00eas. A a\u00e7\u00e3o faz parte de um projeto desenvolvido pelo [&hellip;]<\/p>\n","protected":false},"author":2,"featured_media":52799,"comment_status":"open","ping_status":"open","sticky":false,"template":"","format":"standard","meta":{"footnotes":""},"categories":[8],"tags":[24102,2729,258,6852,14867,1462,24101],"class_list":["post-52797","post","type-post","status-publish","format-standard","has-post-thumbnail","hentry","category-meio-ambiente","tag-arara-vermelha-grande","tag-bahia","tag-mata-atlantica","tag-reintroducao","tag-soltura","tag-trafico-de-animais","tag-trafico-de-fauna"],"yoast_head":"<!-- This site is optimized with the Yoast SEO plugin v26.5 - https:\/\/yoast.com\/wordpress\/plugins\/seo\/ -->\n<title>Araras-vermelhas-grandes s\u00e3o reintroduzidas na Mata Atl\u00e2ntica do sul da Bahia - Jornal Fatos e Not\u00edcias<\/title>\n<meta name=\"robots\" content=\"index, follow, max-snippet:-1, max-image-preview:large, max-video-preview:-1\" \/>\n<link rel=\"canonical\" href=\"https:\/\/jornalfatosenoticias.com.br\/index.php\/2024\/07\/17\/araras-vermelhas-grandes-sao-reintroduzidas-na-mata-atlantica-do-sul-da-bahia\/\" \/>\n<meta property=\"og:locale\" content=\"pt_BR\" \/>\n<meta property=\"og:type\" content=\"article\" \/>\n<meta property=\"og:title\" content=\"Araras-vermelhas-grandes s\u00e3o reintroduzidas na Mata Atl\u00e2ntica do sul da Bahia - Jornal Fatos e Not\u00edcias\" \/>\n<meta property=\"og:description\" content=\"Esp\u00e9cie j\u00e1 foi abundante na regi\u00e3o, mas acabou extinta por causa do desmatamento da Mata Atl\u00e2ntica e da captura ilegal Por Ricardo Melo Trinta e cinco araras-vermelhas-grandes (Ara chloropterus) foram reintroduzidas pelo Ibama na Esta\u00e7\u00e3o Ecol\u00f3gica do Pau-Brasil, em Porto Seguro (BA), no come\u00e7o do m\u00eas. A a\u00e7\u00e3o faz parte de um projeto desenvolvido pelo [&hellip;]\" \/>\n<meta property=\"og:url\" content=\"https:\/\/jornalfatosenoticias.com.br\/index.php\/2024\/07\/17\/araras-vermelhas-grandes-sao-reintroduzidas-na-mata-atlantica-do-sul-da-bahia\/\" \/>\n<meta property=\"og:site_name\" content=\"Jornal Fatos e Not\u00edcias\" \/>\n<meta property=\"article:published_time\" content=\"2024-07-17T18:38:13+00:00\" \/>\n<meta property=\"article:modified_time\" content=\"2024-07-17T18:38:15+00:00\" \/>\n<meta property=\"og:image\" content=\"https:\/\/jornalfatosenoticias.com.br\/wp-content\/uploads\/2024\/07\/Arara-vermelha-grande.jpg\" \/>\n\t<meta property=\"og:image:width\" content=\"740\" \/>\n\t<meta property=\"og:image:height\" content=\"555\" \/>\n\t<meta property=\"og:image:type\" content=\"image\/jpeg\" \/>\n<meta name=\"author\" content=\"Luzimara Fernandes\" \/>\n<meta name=\"twitter:card\" content=\"summary_large_image\" \/>\n<meta name=\"twitter:label1\" content=\"Escrito por\" \/>\n\t<meta name=\"twitter:data1\" content=\"Luzimara Fernandes\" \/>\n\t<meta name=\"twitter:label2\" content=\"Est. tempo de leitura\" \/>\n\t<meta name=\"twitter:data2\" content=\"3 minutos\" \/>\n<script type=\"application\/ld+json\" class=\"yoast-schema-graph\">{\"@context\":\"https:\/\/schema.org\",\"@graph\":[{\"@type\":\"Article\",\"@id\":\"https:\/\/jornalfatosenoticias.com.br\/index.php\/2024\/07\/17\/araras-vermelhas-grandes-sao-reintroduzidas-na-mata-atlantica-do-sul-da-bahia\/#article\",\"isPartOf\":{\"@id\":\"https:\/\/jornalfatosenoticias.com.br\/index.php\/2024\/07\/17\/araras-vermelhas-grandes-sao-reintroduzidas-na-mata-atlantica-do-sul-da-bahia\/\"},\"author\":{\"name\":\"Luzimara Fernandes\",\"@id\":\"https:\/\/jornalfatosenoticias.com.br\/#\/schema\/person\/d63837fa13ac8666eb9e74e0985d6f81\"},\"headline\":\"Araras-vermelhas-grandes s\u00e3o reintroduzidas na Mata Atl\u00e2ntica do sul da Bahia\",\"datePublished\":\"2024-07-17T18:38:13+00:00\",\"dateModified\":\"2024-07-17T18:38:15+00:00\",\"mainEntityOfPage\":{\"@id\":\"https:\/\/jornalfatosenoticias.com.br\/index.php\/2024\/07\/17\/araras-vermelhas-grandes-sao-reintroduzidas-na-mata-atlantica-do-sul-da-bahia\/\"},\"wordCount\":567,\"commentCount\":0,\"publisher\":{\"@id\":\"https:\/\/jornalfatosenoticias.com.br\/#organization\"},\"image\":{\"@id\":\"https:\/\/jornalfatosenoticias.com.br\/index.php\/2024\/07\/17\/araras-vermelhas-grandes-sao-reintroduzidas-na-mata-atlantica-do-sul-da-bahia\/#primaryimage\"},\"thumbnailUrl\":\"https:\/\/jornalfatosenoticias.com.br\/wp-content\/uploads\/2024\/07\/Arara-vermelha-grande.jpg\",\"keywords\":[\"arara-vermelha-grande\",\"Bahia\",\"mata atl\u00e2ntica\",\"reintrodu\u00e7\u00e3o\",\"soltura\",\"tr\u00e1fico de animais\",\"tr\u00e1fico de fauna\"],\"articleSection\":[\"Meio ambiente\"],\"inLanguage\":\"pt-BR\",\"potentialAction\":[{\"@type\":\"CommentAction\",\"name\":\"Comment\",\"target\":[\"https:\/\/jornalfatosenoticias.com.br\/index.php\/2024\/07\/17\/araras-vermelhas-grandes-sao-reintroduzidas-na-mata-atlantica-do-sul-da-bahia\/#respond\"]}]},{\"@type\":\"WebPage\",\"@id\":\"https:\/\/jornalfatosenoticias.com.br\/index.php\/2024\/07\/17\/araras-vermelhas-grandes-sao-reintroduzidas-na-mata-atlantica-do-sul-da-bahia\/\",\"url\":\"https:\/\/jornalfatosenoticias.com.br\/index.php\/2024\/07\/17\/araras-vermelhas-grandes-sao-reintroduzidas-na-mata-atlantica-do-sul-da-bahia\/\",\"name\":\"Araras-vermelhas-grandes s\u00e3o reintroduzidas na Mata Atl\u00e2ntica do sul da Bahia - Jornal Fatos e Not\u00edcias\",\"isPartOf\":{\"@id\":\"https:\/\/jornalfatosenoticias.com.br\/#website\"},\"primaryImageOfPage\":{\"@id\":\"https:\/\/jornalfatosenoticias.com.br\/index.php\/2024\/07\/17\/araras-vermelhas-grandes-sao-reintroduzidas-na-mata-atlantica-do-sul-da-bahia\/#primaryimage\"},\"image\":{\"@id\":\"https:\/\/jornalfatosenoticias.com.br\/index.php\/2024\/07\/17\/araras-vermelhas-grandes-sao-reintroduzidas-na-mata-atlantica-do-sul-da-bahia\/#primaryimage\"},\"thumbnailUrl\":\"https:\/\/jornalfatosenoticias.com.br\/wp-content\/uploads\/2024\/07\/Arara-vermelha-grande.jpg\",\"datePublished\":\"2024-07-17T18:38:13+00:00\",\"dateModified\":\"2024-07-17T18:38:15+00:00\",\"breadcrumb\":{\"@id\":\"https:\/\/jornalfatosenoticias.com.br\/index.php\/2024\/07\/17\/araras-vermelhas-grandes-sao-reintroduzidas-na-mata-atlantica-do-sul-da-bahia\/#breadcrumb\"},\"inLanguage\":\"pt-BR\",\"potentialAction\":[{\"@type\":\"ReadAction\",\"target\":[\"https:\/\/jornalfatosenoticias.com.br\/index.php\/2024\/07\/17\/araras-vermelhas-grandes-sao-reintroduzidas-na-mata-atlantica-do-sul-da-bahia\/\"]}]},{\"@type\":\"ImageObject\",\"inLanguage\":\"pt-BR\",\"@id\":\"https:\/\/jornalfatosenoticias.com.br\/index.php\/2024\/07\/17\/araras-vermelhas-grandes-sao-reintroduzidas-na-mata-atlantica-do-sul-da-bahia\/#primaryimage\",\"url\":\"https:\/\/jornalfatosenoticias.com.br\/wp-content\/uploads\/2024\/07\/Arara-vermelha-grande.jpg\",\"contentUrl\":\"https:\/\/jornalfatosenoticias.com.br\/wp-content\/uploads\/2024\/07\/Arara-vermelha-grande.jpg\",\"width\":740,\"height\":555},{\"@type\":\"BreadcrumbList\",\"@id\":\"https:\/\/jornalfatosenoticias.com.br\/index.php\/2024\/07\/17\/araras-vermelhas-grandes-sao-reintroduzidas-na-mata-atlantica-do-sul-da-bahia\/#breadcrumb\",\"itemListElement\":[{\"@type\":\"ListItem\",\"position\":1,\"name\":\"In\u00edcio\",\"item\":\"https:\/\/jornalfatosenoticias.com.br\/\"},{\"@type\":\"ListItem\",\"position\":2,\"name\":\"Araras-vermelhas-grandes s\u00e3o reintroduzidas na Mata Atl\u00e2ntica do sul da Bahia\"}]},{\"@type\":\"WebSite\",\"@id\":\"https:\/\/jornalfatosenoticias.com.br\/#website\",\"url\":\"https:\/\/jornalfatosenoticias.com.br\/\",\"name\":\"Jornal Fatos e Not\u00edcias\",\"description\":\"Not\u00edcias em geral\",\"publisher\":{\"@id\":\"https:\/\/jornalfatosenoticias.com.br\/#organization\"},\"potentialAction\":[{\"@type\":\"SearchAction\",\"target\":{\"@type\":\"EntryPoint\",\"urlTemplate\":\"https:\/\/jornalfatosenoticias.com.br\/?s={search_term_string}\"},\"query-input\":{\"@type\":\"PropertyValueSpecification\",\"valueRequired\":true,\"valueName\":\"search_term_string\"}}],\"inLanguage\":\"pt-BR\"},{\"@type\":\"Organization\",\"@id\":\"https:\/\/jornalfatosenoticias.com.br\/#organization\",\"name\":\"Jornal Fatos e Not\u00edcias\",\"url\":\"https:\/\/jornalfatosenoticias.com.br\/\",\"logo\":{\"@type\":\"ImageObject\",\"inLanguage\":\"pt-BR\",\"@id\":\"https:\/\/jornalfatosenoticias.com.br\/#\/schema\/logo\/image\/\",\"url\":\"https:\/\/jornalfatosenoticias.com.br\/wp-content\/uploads\/2020\/02\/logo120.png\",\"contentUrl\":\"https:\/\/jornalfatosenoticias.com.br\/wp-content\/uploads\/2020\/02\/logo120.png\",\"width\":1227,\"height\":120,\"caption\":\"Jornal Fatos e Not\u00edcias\"},\"image\":{\"@id\":\"https:\/\/jornalfatosenoticias.com.br\/#\/schema\/logo\/image\/\"}},{\"@type\":\"Person\",\"@id\":\"https:\/\/jornalfatosenoticias.com.br\/#\/schema\/person\/d63837fa13ac8666eb9e74e0985d6f81\",\"name\":\"Luzimara Fernandes\",\"image\":{\"@type\":\"ImageObject\",\"inLanguage\":\"pt-BR\",\"@id\":\"https:\/\/jornalfatosenoticias.com.br\/#\/schema\/person\/image\/\",\"url\":\"https:\/\/jornalfatosenoticias.com.br\/wp-content\/uploads\/2025\/05\/EU_portal.jpg\",\"contentUrl\":\"https:\/\/jornalfatosenoticias.com.br\/wp-content\/uploads\/2025\/05\/EU_portal.jpg\",\"caption\":\"Luzimara Fernandes\"},\"description\":\"Jornalista MTB 2358-ES\",\"sameAs\":[\"https:\/\/jornalfatosenoticias.com.br\"],\"url\":\"https:\/\/jornalfatosenoticias.com.br\/index.php\/author\/luzimara\/\"}]}<\/script>\n<!-- \/ Yoast SEO plugin. -->","yoast_head_json":{"title":"Araras-vermelhas-grandes s\u00e3o reintroduzidas na Mata Atl\u00e2ntica do sul da Bahia - Jornal Fatos e Not\u00edcias","robots":{"index":"index","follow":"follow","max-snippet":"max-snippet:-1","max-image-preview":"max-image-preview:large","max-video-preview":"max-video-preview:-1"},"canonical":"https:\/\/jornalfatosenoticias.com.br\/index.php\/2024\/07\/17\/araras-vermelhas-grandes-sao-reintroduzidas-na-mata-atlantica-do-sul-da-bahia\/","og_locale":"pt_BR","og_type":"article","og_title":"Araras-vermelhas-grandes s\u00e3o reintroduzidas na Mata Atl\u00e2ntica do sul da Bahia - Jornal Fatos e Not\u00edcias","og_description":"Esp\u00e9cie j\u00e1 foi abundante na regi\u00e3o, mas acabou extinta por causa do desmatamento da Mata Atl\u00e2ntica e da captura ilegal Por Ricardo Melo Trinta e cinco araras-vermelhas-grandes (Ara chloropterus) foram reintroduzidas pelo Ibama na Esta\u00e7\u00e3o Ecol\u00f3gica do Pau-Brasil, em Porto Seguro (BA), no come\u00e7o do m\u00eas. A a\u00e7\u00e3o faz parte de um projeto desenvolvido pelo [&hellip;]","og_url":"https:\/\/jornalfatosenoticias.com.br\/index.php\/2024\/07\/17\/araras-vermelhas-grandes-sao-reintroduzidas-na-mata-atlantica-do-sul-da-bahia\/","og_site_name":"Jornal Fatos e Not\u00edcias","article_published_time":"2024-07-17T18:38:13+00:00","article_modified_time":"2024-07-17T18:38:15+00:00","og_image":[{"width":740,"height":555,"url":"https:\/\/jornalfatosenoticias.com.br\/wp-content\/uploads\/2024\/07\/Arara-vermelha-grande.jpg","type":"image\/jpeg"}],"author":"Luzimara Fernandes","twitter_card":"summary_large_image","twitter_misc":{"Escrito por":"Luzimara Fernandes","Est. tempo de leitura":"3 minutos"},"schema":{"@context":"https:\/\/schema.org","@graph":[{"@type":"Article","@id":"https:\/\/jornalfatosenoticias.com.br\/index.php\/2024\/07\/17\/araras-vermelhas-grandes-sao-reintroduzidas-na-mata-atlantica-do-sul-da-bahia\/#article","isPartOf":{"@id":"https:\/\/jornalfatosenoticias.com.br\/index.php\/2024\/07\/17\/araras-vermelhas-grandes-sao-reintroduzidas-na-mata-atlantica-do-sul-da-bahia\/"},"author":{"name":"Luzimara Fernandes","@id":"https:\/\/jornalfatosenoticias.com.br\/#\/schema\/person\/d63837fa13ac8666eb9e74e0985d6f81"},"headline":"Araras-vermelhas-grandes s\u00e3o reintroduzidas na Mata Atl\u00e2ntica do sul da Bahia","datePublished":"2024-07-17T18:38:13+00:00","dateModified":"2024-07-17T18:38:15+00:00","mainEntityOfPage":{"@id":"https:\/\/jornalfatosenoticias.com.br\/index.php\/2024\/07\/17\/araras-vermelhas-grandes-sao-reintroduzidas-na-mata-atlantica-do-sul-da-bahia\/"},"wordCount":567,"commentCount":0,"publisher":{"@id":"https:\/\/jornalfatosenoticias.com.br\/#organization"},"image":{"@id":"https:\/\/jornalfatosenoticias.com.br\/index.php\/2024\/07\/17\/araras-vermelhas-grandes-sao-reintroduzidas-na-mata-atlantica-do-sul-da-bahia\/#primaryimage"},"thumbnailUrl":"https:\/\/jornalfatosenoticias.com.br\/wp-content\/uploads\/2024\/07\/Arara-vermelha-grande.jpg","keywords":["arara-vermelha-grande","Bahia","mata atl\u00e2ntica","reintrodu\u00e7\u00e3o","soltura","tr\u00e1fico de animais","tr\u00e1fico de fauna"],"articleSection":["Meio ambiente"],"inLanguage":"pt-BR","potentialAction":[{"@type":"CommentAction","name":"Comment","target":["https:\/\/jornalfatosenoticias.com.br\/index.php\/2024\/07\/17\/araras-vermelhas-grandes-sao-reintroduzidas-na-mata-atlantica-do-sul-da-bahia\/#respond"]}]},{"@type":"WebPage","@id":"https:\/\/jornalfatosenoticias.com.br\/index.php\/2024\/07\/17\/araras-vermelhas-grandes-sao-reintroduzidas-na-mata-atlantica-do-sul-da-bahia\/","url":"https:\/\/jornalfatosenoticias.com.br\/index.php\/2024\/07\/17\/araras-vermelhas-grandes-sao-reintroduzidas-na-mata-atlantica-do-sul-da-bahia\/","name":"Araras-vermelhas-grandes s\u00e3o reintroduzidas na Mata Atl\u00e2ntica do sul da Bahia - Jornal Fatos e Not\u00edcias","isPartOf":{"@id":"https:\/\/jornalfatosenoticias.com.br\/#website"},"primaryImageOfPage":{"@id":"https:\/\/jornalfatosenoticias.com.br\/index.php\/2024\/07\/17\/araras-vermelhas-grandes-sao-reintroduzidas-na-mata-atlantica-do-sul-da-bahia\/#primaryimage"},"image":{"@id":"https:\/\/jornalfatosenoticias.com.br\/index.php\/2024\/07\/17\/araras-vermelhas-grandes-sao-reintroduzidas-na-mata-atlantica-do-sul-da-bahia\/#primaryimage"},"thumbnailUrl":"https:\/\/jornalfatosenoticias.com.br\/wp-content\/uploads\/2024\/07\/Arara-vermelha-grande.jpg","datePublished":"2024-07-17T18:38:13+00:00","dateModified":"2024-07-17T18:38:15+00:00","breadcrumb":{"@id":"https:\/\/jornalfatosenoticias.com.br\/index.php\/2024\/07\/17\/araras-vermelhas-grandes-sao-reintroduzidas-na-mata-atlantica-do-sul-da-bahia\/#breadcrumb"},"inLanguage":"pt-BR","potentialAction":[{"@type":"ReadAction","target":["https:\/\/jornalfatosenoticias.com.br\/index.php\/2024\/07\/17\/araras-vermelhas-grandes-sao-reintroduzidas-na-mata-atlantica-do-sul-da-bahia\/"]}]},{"@type":"ImageObject","inLanguage":"pt-BR","@id":"https:\/\/jornalfatosenoticias.com.br\/index.php\/2024\/07\/17\/araras-vermelhas-grandes-sao-reintroduzidas-na-mata-atlantica-do-sul-da-bahia\/#primaryimage","url":"https:\/\/jornalfatosenoticias.com.br\/wp-content\/uploads\/2024\/07\/Arara-vermelha-grande.jpg","contentUrl":"https:\/\/jornalfatosenoticias.com.br\/wp-content\/uploads\/2024\/07\/Arara-vermelha-grande.jpg","width":740,"height":555},{"@type":"BreadcrumbList","@id":"https:\/\/jornalfatosenoticias.com.br\/index.php\/2024\/07\/17\/araras-vermelhas-grandes-sao-reintroduzidas-na-mata-atlantica-do-sul-da-bahia\/#breadcrumb","itemListElement":[{"@type":"ListItem","position":1,"name":"In\u00edcio","item":"https:\/\/jornalfatosenoticias.com.br\/"},{"@type":"ListItem","position":2,"name":"Araras-vermelhas-grandes s\u00e3o reintroduzidas na Mata Atl\u00e2ntica do sul da Bahia"}]},{"@type":"WebSite","@id":"https:\/\/jornalfatosenoticias.com.br\/#website","url":"https:\/\/jornalfatosenoticias.com.br\/","name":"Jornal Fatos e Not\u00edcias","description":"Not\u00edcias em geral","publisher":{"@id":"https:\/\/jornalfatosenoticias.com.br\/#organization"},"potentialAction":[{"@type":"SearchAction","target":{"@type":"EntryPoint","urlTemplate":"https:\/\/jornalfatosenoticias.com.br\/?s={search_term_string}"},"query-input":{"@type":"PropertyValueSpecification","valueRequired":true,"valueName":"search_term_string"}}],"inLanguage":"pt-BR"},{"@type":"Organization","@id":"https:\/\/jornalfatosenoticias.com.br\/#organization","name":"Jornal Fatos e Not\u00edcias","url":"https:\/\/jornalfatosenoticias.com.br\/","logo":{"@type":"ImageObject","inLanguage":"pt-BR","@id":"https:\/\/jornalfatosenoticias.com.br\/#\/schema\/logo\/image\/","url":"https:\/\/jornalfatosenoticias.com.br\/wp-content\/uploads\/2020\/02\/logo120.png","contentUrl":"https:\/\/jornalfatosenoticias.com.br\/wp-content\/uploads\/2020\/02\/logo120.png","width":1227,"height":120,"caption":"Jornal Fatos e Not\u00edcias"},"image":{"@id":"https:\/\/jornalfatosenoticias.com.br\/#\/schema\/logo\/image\/"}},{"@type":"Person","@id":"https:\/\/jornalfatosenoticias.com.br\/#\/schema\/person\/d63837fa13ac8666eb9e74e0985d6f81","name":"Luzimara Fernandes","image":{"@type":"ImageObject","inLanguage":"pt-BR","@id":"https:\/\/jornalfatosenoticias.com.br\/#\/schema\/person\/image\/","url":"https:\/\/jornalfatosenoticias.com.br\/wp-content\/uploads\/2025\/05\/EU_portal.jpg","contentUrl":"https:\/\/jornalfatosenoticias.com.br\/wp-content\/uploads\/2025\/05\/EU_portal.jpg","caption":"Luzimara Fernandes"},"description":"Jornalista MTB 2358-ES","sameAs":["https:\/\/jornalfatosenoticias.com.br"],"url":"https:\/\/jornalfatosenoticias.com.br\/index.php\/author\/luzimara\/"}]}},"cc_featured_image_caption":{"caption_text":"(Foto: Freepik)","source_text":"","source_url":""},"jetpack_featured_media_url":"https:\/\/jornalfatosenoticias.com.br\/wp-content\/uploads\/2024\/07\/Arara-vermelha-grande.jpg","_links":{"self":[{"href":"https:\/\/jornalfatosenoticias.com.br\/index.php\/wp-json\/wp\/v2\/posts\/52797","targetHints":{"allow":["GET"]}}],"collection":[{"href":"https:\/\/jornalfatosenoticias.com.br\/index.php\/wp-json\/wp\/v2\/posts"}],"about":[{"href":"https:\/\/jornalfatosenoticias.com.br\/index.php\/wp-json\/wp\/v2\/types\/post"}],"author":[{"embeddable":true,"href":"https:\/\/jornalfatosenoticias.com.br\/index.php\/wp-json\/wp\/v2\/users\/2"}],"replies":[{"embeddable":true,"href":"https:\/\/jornalfatosenoticias.com.br\/index.php\/wp-json\/wp\/v2\/comments?post=52797"}],"version-history":[{"count":0,"href":"https:\/\/jornalfatosenoticias.com.br\/index.php\/wp-json\/wp\/v2\/posts\/52797\/revisions"}],"wp:featuredmedia":[{"embeddable":true,"href":"https:\/\/jornalfatosenoticias.com.br\/index.php\/wp-json\/wp\/v2\/media\/52799"}],"wp:attachment":[{"href":"https:\/\/jornalfatosenoticias.com.br\/index.php\/wp-json\/wp\/v2\/media?parent=52797"}],"wp:term":[{"taxonomy":"category","embeddable":true,"href":"https:\/\/jornalfatosenoticias.com.br\/index.php\/wp-json\/wp\/v2\/categories?post=52797"},{"taxonomy":"post_tag","embeddable":true,"href":"https:\/\/jornalfatosenoticias.com.br\/index.php\/wp-json\/wp\/v2\/tags?post=52797"}],"curies":[{"name":"wp","href":"https:\/\/api.w.org\/{rel}","templated":true}]}}