{"id":52849,"date":"2024-07-19T14:00:00","date_gmt":"2024-07-19T17:00:00","guid":{"rendered":"https:\/\/jornalfatosenoticias.com.br\/?p=52849"},"modified":"2024-07-19T14:00:01","modified_gmt":"2024-07-19T17:00:01","slug":"a-verdadeira-e-sombria-historia-de-pinoquio-que-deu-origem-a-animacao-da-disney","status":"publish","type":"post","link":"https:\/\/jornalfatosenoticias.com.br\/index.php\/2024\/07\/19\/a-verdadeira-e-sombria-historia-de-pinoquio-que-deu-origem-a-animacao-da-disney\/","title":{"rendered":"A verdadeira e sombria hist\u00f3ria de Pin\u00f3quio que deu origem \u00e0 anima\u00e7\u00e3o da Disney"},"content":{"rendered":"\n<p><em><span class=\"has-inline-color has-black-color\">A famosa hist\u00f3ria da marionete de madeira n\u00e3o era nada doce se comparada com a original<\/span><\/em><\/p>\n\n\n\n<p><span class=\"has-inline-color has-black-color\">Por <strong>Lucas Pe\u00e7anha<\/strong><\/span><\/p>\n\n\n\n<div class=\"wp-block-image\"><figure class=\"aligncenter size-large\"><a href=\"https:\/\/mizu.com.br\/\"><img loading=\"lazy\" decoding=\"async\" width=\"729\" height=\"90\" src=\"https:\/\/jornalfatosenoticias.com.br\/wp-content\/uploads\/2020\/02\/Logo_Mizu.png\" alt=\"\" class=\"wp-image-1441\" srcset=\"https:\/\/jornalfatosenoticias.com.br\/wp-content\/uploads\/2020\/02\/Logo_Mizu.png 729w, https:\/\/jornalfatosenoticias.com.br\/wp-content\/uploads\/2020\/02\/Logo_Mizu-300x37.png 300w\" sizes=\"auto, (max-width: 729px) 100vw, 729px\" \/><\/a><\/figure><\/div>\n\n\n\n<p>Quando se fala de <strong>Pin\u00f3quio,<\/strong> a primeira lembran\u00e7a que vem em mente \u00e9 a anima\u00e7\u00e3o concebida por <strong>Walt Disney<\/strong> em 1940, sendo a segunda lan\u00e7ada por seu est\u00fadio. A hist\u00f3ria era repleta de cenas marcantes e tinha o seu fim com uma li\u00e7\u00e3o de moral tocante. Muitas das hist\u00f3rias que conhecemos quando crian\u00e7as, justamente com essa mesma estrutura de narrativa com teor educativo e doce, apresentam suas vers\u00f5es originais com um tom mais pesado e sombrio \u2014 e com o <strong>Pin\u00f3quio<\/strong> n\u00e3o foi diferente.<br>A marionete de madeira mais famosa do mundo foi publicada pelo italiano Carlo Collodi (1826\u20141890) entre 1881 e 1883 em um jornal infantil vendido nas bancas da It\u00e1lia. Ap\u00f3s servir o ex\u00e9rcito durante as guerras da independ\u00eancia, Collodi tornou-se uma pessoa bastante cr\u00edtica e amarga, e n\u00e3o poupava em demonstrar a sua desilus\u00e3o com a vida nas p\u00e1ginas das hist\u00f3rias do boneco.<\/p>\n\n\n\n<div class=\"wp-block-image\"><figure class=\"aligncenter size-large is-resized\"><a href=\"https:\/\/www.controlsystems.com.br\/\"><img loading=\"lazy\" decoding=\"async\" src=\"https:\/\/jornalfatosenoticias.com.br\/wp-content\/uploads\/2020\/02\/CONTROL-CS.jpg\" alt=\"\" class=\"wp-image-44991\" width=\"291\" height=\"349\" srcset=\"https:\/\/jornalfatosenoticias.com.br\/wp-content\/uploads\/2020\/02\/CONTROL-CS.jpg 834w, https:\/\/jornalfatosenoticias.com.br\/wp-content\/uploads\/2020\/02\/CONTROL-CS-250x300.jpg 250w, https:\/\/jornalfatosenoticias.com.br\/wp-content\/uploads\/2020\/02\/CONTROL-CS-768x921.jpg 768w\" sizes=\"auto, (max-width: 291px) 100vw, 291px\" \/><\/a><\/figure><\/div>\n\n\n\n<p>A narrativa reflete problemas econ\u00f4micos que muitos do pa\u00eds enfrentavam 20 anos ap\u00f3s o Risorgimento, um movimento ocorrido entre 1815 e 1870 que tinha como objetivo unificar a It\u00e1lia. Na \u00e9poca em que Collodi publicou as hist\u00f3rias de Pin\u00f3quio, n\u00e3o existiam os conceitos de inf\u00e2ncia como os que temos hoje. N\u00e3o havia diferen\u00e7a entre a psicologia infantil e a adulta, e isso acarretava em hist\u00f3rias sombrias e mais levadas para a realidade pararem nas m\u00e3os das crian\u00e7as, assim como piadas que apenas seriam entendidas pelo p\u00fablico mais velho.<\/p>\n\n\n\n<div class=\"wp-block-image\"><figure class=\"aligncenter size-large is-resized\"><a href=\"https:\/\/www.instagram.com\/rapuzeljastro\/\"><img loading=\"lazy\" decoding=\"async\" src=\"https:\/\/jornalfatosenoticias.com.br\/wp-content\/uploads\/2020\/02\/logo-Rapuzel-1024x571.jpg\" alt=\"\" class=\"wp-image-42808\" width=\"361\" height=\"201\" srcset=\"https:\/\/jornalfatosenoticias.com.br\/wp-content\/uploads\/2020\/02\/logo-Rapuzel-1024x571.jpg 1024w, https:\/\/jornalfatosenoticias.com.br\/wp-content\/uploads\/2020\/02\/logo-Rapuzel-300x167.jpg 300w, https:\/\/jornalfatosenoticias.com.br\/wp-content\/uploads\/2020\/02\/logo-Rapuzel-768x428.jpg 768w, https:\/\/jornalfatosenoticias.com.br\/wp-content\/uploads\/2020\/02\/logo-Rapuzel-1536x856.jpg 1536w, https:\/\/jornalfatosenoticias.com.br\/wp-content\/uploads\/2020\/02\/logo-Rapuzel.jpg 1600w\" sizes=\"auto, (max-width: 361px) 100vw, 361px\" \/><\/a><\/figure><\/div>\n\n\n\n<p>Os primeiros cap\u00edtulos da inicialmente intitulada \u201cHist\u00f3ria de uma Marionete\u201d foram publicadas no dia 7 de julho de 1881, e dois anos mais tarde foi compilada em um \u00fanico livro, intitulado \u201cAs Aventuras de Pin\u00f3quio\u201d. Diferente da anima\u00e7\u00e3o de Walt Disney, a obra original de Collodi n\u00e3o \u00e9 levada para o manique\u00edsmo, apostando em personagens amb\u00edguos, sendo nenhum deles puramente bom ou mau na hist\u00f3ria. O pr\u00f3prio Pin\u00f3quio, por exemplo, \u00e9 retratado sendo um verdadeiro malandro, na melhor das defini\u00e7\u00f5es, sendo bastante rebelde e respons\u00e1vel por aprontar v\u00e1rias perip\u00e9cias.<\/p>\n\n\n\n<div class=\"wp-block-image\"><figure class=\"aligncenter size-large is-resized\"><a href=\"https:\/\/www.facebook.com\/postobkr\/?locale=pt_BR\"><img loading=\"lazy\" decoding=\"async\" src=\"https:\/\/jornalfatosenoticias.com.br\/wp-content\/uploads\/2023\/08\/BKR-1024x1021.jpg\" alt=\"\" class=\"wp-image-44494\" width=\"310\" height=\"309\" srcset=\"https:\/\/jornalfatosenoticias.com.br\/wp-content\/uploads\/2023\/08\/BKR-1024x1021.jpg 1024w, https:\/\/jornalfatosenoticias.com.br\/wp-content\/uploads\/2023\/08\/BKR-300x300.jpg 300w, https:\/\/jornalfatosenoticias.com.br\/wp-content\/uploads\/2023\/08\/BKR-150x150.jpg 150w, https:\/\/jornalfatosenoticias.com.br\/wp-content\/uploads\/2023\/08\/BKR-768x766.jpg 768w, https:\/\/jornalfatosenoticias.com.br\/wp-content\/uploads\/2023\/08\/BKR.jpg 1080w\" sizes=\"auto, (max-width: 310px) 100vw, 310px\" \/><\/a><\/figure><\/div>\n\n\n\n<p>A mais cruel delas, inclusive, foi matar o Grilo Falante com um martelo de madeira, isso ap\u00f3s o personagem dar-lhe conselhos sobre ser mais respons\u00e1vel. O personagem chega a aparecer em p\u00e1ginas futuras, por\u00e9m como esp\u00edrito. Apesar das atitudes minimamente question\u00e1veis, Pin\u00f3quio vai amadurecendo conforme as p\u00e1ginas passam \u2014 s\u00f3 que essa jornada n\u00e3o foi nada f\u00e1cil para o boneco.<\/p>\n\n\n\n<div class=\"wp-block-image\"><figure class=\"aligncenter size-large is-resized\"><a href=\"https:\/\/www.instagram.com\/restaurantepegoretti\/\"><img loading=\"lazy\" decoding=\"async\" src=\"https:\/\/jornalfatosenoticias.com.br\/wp-content\/uploads\/2023\/12\/pegoretti-logo-pdf-1024x389.jpg\" alt=\"\" class=\"wp-image-47536\" width=\"430\" height=\"163\" srcset=\"https:\/\/jornalfatosenoticias.com.br\/wp-content\/uploads\/2023\/12\/pegoretti-logo-pdf-1024x389.jpg 1024w, https:\/\/jornalfatosenoticias.com.br\/wp-content\/uploads\/2023\/12\/pegoretti-logo-pdf-300x114.jpg 300w, https:\/\/jornalfatosenoticias.com.br\/wp-content\/uploads\/2023\/12\/pegoretti-logo-pdf-768x291.jpg 768w, https:\/\/jornalfatosenoticias.com.br\/wp-content\/uploads\/2023\/12\/pegoretti-logo-pdf.jpg 1120w\" sizes=\"auto, (max-width: 430px) 100vw, 430px\" \/><\/a><\/figure><\/div>\n\n\n\n<p>No primeiro final para a hist\u00f3ria, que ocorreu no cap\u00edtulo 15, Collodi resolveu dar um desfecho repentino para o Pin\u00f3quio, fazendo-o ser enforcado pela Raposa e o Gato em um grande carvalho e ter as suas moedas de ouro roubadas. E como se n\u00e3o bastasse, ele j\u00e1 tinha tido os p\u00e9s colocados em um braseiro enquanto dormia, em um momento anterior da hist\u00f3ria.<\/p>\n\n\n\n<div class=\"wp-block-image\"><figure class=\"aligncenter size-large\"><a href=\"https:\/\/www.facebook.com\/Esteio-Churrascaria-Barbecue-103643461220402\/\"><img decoding=\"async\" src=\"https:\/\/jornalfatosenoticias.com.br\/wp-content\/uploads\/2020\/02\/logo_esteio.jpg\" alt=\"\" class=\"wp-image-1214\"\/><\/a><\/figure><\/div>\n\n\n\n<p>A decis\u00e3o n\u00e3o foi nada bem recebida pelos leitores, que enviaram diversas cartas para o jornal pedindo mais cap\u00edtulos para a hist\u00f3ria. Ent\u00e3o, o autor resolveu dar continuidade a hist\u00f3ria de Pin\u00f3quio, fazendo-o voltar \u00e0 vida com ajuda da Fada Azul. As hist\u00f3rias criadas por Collodi acabaram se tornando um sucesso mundial ap\u00f3s a publica\u00e7\u00e3o de cap\u00edtulos posteriores. Infelizmente, o autor nunca p\u00f4de colher os frutos da enorme popularidade de sua cria\u00e7\u00e3o.<\/p>\n\n\n\n<div class=\"wp-block-image\"><figure class=\"aligncenter size-large is-resized\"><a href=\"https:\/\/hotelmarquetti.com.br\/\"><img loading=\"lazy\" decoding=\"async\" src=\"https:\/\/jornalfatosenoticias.com.br\/wp-content\/uploads\/2023\/03\/nova-logo-Marquetti.jpg\" alt=\"\" class=\"wp-image-40207\" width=\"332\" height=\"223\" srcset=\"https:\/\/jornalfatosenoticias.com.br\/wp-content\/uploads\/2023\/03\/nova-logo-Marquetti.jpg 643w, https:\/\/jornalfatosenoticias.com.br\/wp-content\/uploads\/2023\/03\/nova-logo-Marquetti-300x202.jpg 300w\" sizes=\"auto, (max-width: 332px) 100vw, 332px\" \/><\/a><\/figure><\/div>\n\n\n\n<p>Como mostrado, a hist\u00f3ria original carrega um sentimento mais sombrio e realista para os personagens, e n\u00e3o para apenas em Pin\u00f3quio e Grilo Falante. Gepeto, o \u201cpai\u201d do protagonista, n\u00e3o \u00e9 aquele am\u00e1vel relojoeiro que vive tranquilamente em sua casa com seus bichinhos de estima\u00e7\u00e3o. Na obra original, Gepeto \u00e9 extremamente pobre e exerce a profiss\u00e3o de carpinteiro, e n\u00e3o de relojoeiro. E apesar de ser introduzido como um velhinho bondoso, a vizinhan\u00e7a o considera um \u201ctirano\u201d com as crian\u00e7as. Fazendo um paralelo com o momento econ\u00f4mico no qual a It\u00e1lia passava, Gepeto e Pin\u00f3quio encontram bastante dificuldade em conseguir comida, assim como boa parte da popula\u00e7\u00e3o do pa\u00eds na \u00e9poca que as hist\u00f3rias foram publicadas.<\/p>\n\n\n\n<div class=\"wp-block-image\"><figure class=\"aligncenter size-large is-resized\"><a href=\"https:\/\/www.ithbrasil.com.br\/\"><img loading=\"lazy\" decoding=\"async\" src=\"https:\/\/jornalfatosenoticias.com.br\/wp-content\/uploads\/2023\/08\/ITH.jpeg\" alt=\"\" class=\"wp-image-44638\" width=\"306\" height=\"249\" srcset=\"https:\/\/jornalfatosenoticias.com.br\/wp-content\/uploads\/2023\/08\/ITH.jpeg 800w, https:\/\/jornalfatosenoticias.com.br\/wp-content\/uploads\/2023\/08\/ITH-300x244.jpeg 300w, https:\/\/jornalfatosenoticias.com.br\/wp-content\/uploads\/2023\/08\/ITH-768x624.jpeg 768w\" sizes=\"auto, (max-width: 306px) 100vw, 306px\" \/><\/a><\/figure><\/div>\n\n\n\n<p>Falando sobre a Fada Azul, ela tamb\u00e9m est\u00e1 presente na hist\u00f3ria, por\u00e9m de maneira mais molesta, ensinando li\u00e7\u00f5es bastante traum\u00e1ticas ao boneco. Uma delas levou ela a fingir a pr\u00f3pria morte, e fazer o Pin\u00f3quio acreditar que ele tinha sido o culpado.<\/p>\n\n\n\n<div class=\"wp-block-image\"><figure class=\"aligncenter size-large\"><a href=\"https:\/\/www.instagram.com\/baraodascarnes.es\/\"><img decoding=\"async\" src=\"https:\/\/jornalfatosenoticias.com.br\/wp-content\/uploads\/2020\/02\/barao-das-carnes-300x164-1.jpg\" alt=\"\" class=\"wp-image-34339\"\/><\/a><\/figure><\/div>\n\n\n\n<p>Chegando ao final da hist\u00f3ria, Pin\u00f3quio vai parar no Pa\u00eds dos Brinquedos, onde \u2014 para a felicidade de todos \u2014 ningu\u00e9m \u00e9 obrigado a estudar. Por\u00e9m \u00e9 claro que isso vem por um pre\u00e7o caro, fazendo com que todos os presentes se transformem em burros. L\u00e1, Pin\u00f3quio \u00e9 morto pela segunda vez na hist\u00f3ria, e a Fada Azul d\u00e1 uma \u00faltima li\u00e7\u00e3o ao boneco, fazendo-o acordar do sonho \u2014 que acabou sendo uma surpresa para os leitores. E para finalizar, assim como na anima\u00e7\u00e3o da Disney, Pin\u00f3quio acaba por se tornar um menino de verdade.<\/p>\n\n\n\n<div class=\"wp-block-image\"><figure class=\"aligncenter size-large is-resized\"><a href=\"https:\/\/panper.com.br\/\"><img loading=\"lazy\" decoding=\"async\" src=\"https:\/\/jornalfatosenoticias.com.br\/wp-content\/uploads\/2023\/03\/logo-Panper_portal.jpg\" alt=\"\" class=\"wp-image-40208\" width=\"339\" height=\"235\" srcset=\"https:\/\/jornalfatosenoticias.com.br\/wp-content\/uploads\/2023\/03\/logo-Panper_portal.jpg 400w, https:\/\/jornalfatosenoticias.com.br\/wp-content\/uploads\/2023\/03\/logo-Panper_portal-300x208.jpg 300w\" sizes=\"auto, (max-width: 339px) 100vw, 339px\" \/><\/a><\/figure><\/div>\n\n\n\n<p>Considerada pesada nos dias de hoje, a hist\u00f3ria criada por Collodi era bem pr\u00f3xima da realidade vivida pelos italianos no s\u00e9culo XIX, sendo um retrato cru do qu\u00e3o cruel a sociedade mundo afora pode ser, principalmente para uma crian\u00e7a. Em suma, ele concebeu uma narrativa que retrata as dificuldades em tornar-se um adulto.<\/p>\n\n\n\n<div class=\"wp-block-image\"><figure class=\"aligncenter size-large is-resized\"><img loading=\"lazy\" decoding=\"async\" src=\"https:\/\/jornalfatosenoticias.com.br\/wp-content\/uploads\/2022\/02\/Precisao-Contabilidade-1024x724.jpg\" alt=\"\" class=\"wp-image-28088\" width=\"358\" height=\"253\"\/><\/figure><\/div>\n\n\n\n<p><strong><em>Fonte: <a href=\"https:\/\/aventurasnahistoria.com.br\/noticias\/vitrine\/verdadeira-e-sombria-historia-de-pinoquio-que-deu-origem-animacao-da-disney.phtml\">Aventuras na Hist\u00f3ria<\/a><\/em><\/strong><\/p>\n","protected":false},"excerpt":{"rendered":"<p>A famosa hist\u00f3ria da marionete de madeira n\u00e3o era nada doce se comparada com a original Por Lucas Pe\u00e7anha Quando se fala de Pin\u00f3quio, a primeira lembran\u00e7a que vem em mente \u00e9 a anima\u00e7\u00e3o concebida por Walt Disney em 1940, sendo a segunda lan\u00e7ada por seu est\u00fadio. A hist\u00f3ria era repleta de cenas marcantes e [&hellip;]<\/p>\n","protected":false},"author":2,"featured_media":52850,"comment_status":"open","ping_status":"open","sticky":false,"template":"","format":"standard","meta":{"footnotes":""},"categories":[4],"tags":[24120,4734,24118,24119,2630],"class_list":["post-52849","post","type-post","status-publish","format-standard","has-post-thumbnail","hentry","category-cultura","tag-animacao-da-disney","tag-contos-de-fada","tag-gepeto","tag-pinoquio","tag-walt-disney"],"yoast_head":"<!-- This site is optimized with the Yoast SEO plugin v26.5 - https:\/\/yoast.com\/wordpress\/plugins\/seo\/ -->\n<title>A verdadeira e sombria hist\u00f3ria de Pin\u00f3quio que deu origem \u00e0 anima\u00e7\u00e3o da Disney - Jornal Fatos e Not\u00edcias<\/title>\n<meta name=\"robots\" content=\"index, follow, max-snippet:-1, max-image-preview:large, max-video-preview:-1\" \/>\n<link rel=\"canonical\" href=\"https:\/\/jornalfatosenoticias.com.br\/index.php\/2024\/07\/19\/a-verdadeira-e-sombria-historia-de-pinoquio-que-deu-origem-a-animacao-da-disney\/\" \/>\n<meta property=\"og:locale\" content=\"pt_BR\" \/>\n<meta property=\"og:type\" content=\"article\" \/>\n<meta property=\"og:title\" content=\"A verdadeira e sombria hist\u00f3ria de Pin\u00f3quio que deu origem \u00e0 anima\u00e7\u00e3o da Disney - Jornal Fatos e Not\u00edcias\" \/>\n<meta property=\"og:description\" content=\"A famosa hist\u00f3ria da marionete de madeira n\u00e3o era nada doce se comparada com a original Por Lucas Pe\u00e7anha Quando se fala de Pin\u00f3quio, a primeira lembran\u00e7a que vem em mente \u00e9 a anima\u00e7\u00e3o concebida por Walt Disney em 1940, sendo a segunda lan\u00e7ada por seu est\u00fadio. A hist\u00f3ria era repleta de cenas marcantes e [&hellip;]\" \/>\n<meta property=\"og:url\" content=\"https:\/\/jornalfatosenoticias.com.br\/index.php\/2024\/07\/19\/a-verdadeira-e-sombria-historia-de-pinoquio-que-deu-origem-a-animacao-da-disney\/\" \/>\n<meta property=\"og:site_name\" content=\"Jornal Fatos e Not\u00edcias\" \/>\n<meta property=\"article:published_time\" content=\"2024-07-19T17:00:00+00:00\" \/>\n<meta property=\"article:modified_time\" content=\"2024-07-19T17:00:01+00:00\" \/>\n<meta property=\"og:image\" content=\"https:\/\/jornalfatosenoticias.com.br\/wp-content\/uploads\/2024\/07\/Pinoquio_istock.jpg\" \/>\n\t<meta property=\"og:image:width\" content=\"612\" \/>\n\t<meta property=\"og:image:height\" content=\"408\" \/>\n\t<meta property=\"og:image:type\" content=\"image\/jpeg\" \/>\n<meta name=\"author\" content=\"Luzimara Fernandes\" \/>\n<meta name=\"twitter:card\" content=\"summary_large_image\" \/>\n<meta name=\"twitter:label1\" content=\"Escrito por\" \/>\n\t<meta name=\"twitter:data1\" content=\"Luzimara Fernandes\" \/>\n\t<meta name=\"twitter:label2\" content=\"Est. tempo de leitura\" \/>\n\t<meta name=\"twitter:data2\" content=\"5 minutos\" \/>\n<script type=\"application\/ld+json\" class=\"yoast-schema-graph\">{\"@context\":\"https:\/\/schema.org\",\"@graph\":[{\"@type\":\"Article\",\"@id\":\"https:\/\/jornalfatosenoticias.com.br\/index.php\/2024\/07\/19\/a-verdadeira-e-sombria-historia-de-pinoquio-que-deu-origem-a-animacao-da-disney\/#article\",\"isPartOf\":{\"@id\":\"https:\/\/jornalfatosenoticias.com.br\/index.php\/2024\/07\/19\/a-verdadeira-e-sombria-historia-de-pinoquio-que-deu-origem-a-animacao-da-disney\/\"},\"author\":{\"name\":\"Luzimara Fernandes\",\"@id\":\"https:\/\/jornalfatosenoticias.com.br\/#\/schema\/person\/d63837fa13ac8666eb9e74e0985d6f81\"},\"headline\":\"A verdadeira e sombria hist\u00f3ria de Pin\u00f3quio que deu origem \u00e0 anima\u00e7\u00e3o da Disney\",\"datePublished\":\"2024-07-19T17:00:00+00:00\",\"dateModified\":\"2024-07-19T17:00:01+00:00\",\"mainEntityOfPage\":{\"@id\":\"https:\/\/jornalfatosenoticias.com.br\/index.php\/2024\/07\/19\/a-verdadeira-e-sombria-historia-de-pinoquio-que-deu-origem-a-animacao-da-disney\/\"},\"wordCount\":960,\"commentCount\":0,\"publisher\":{\"@id\":\"https:\/\/jornalfatosenoticias.com.br\/#organization\"},\"image\":{\"@id\":\"https:\/\/jornalfatosenoticias.com.br\/index.php\/2024\/07\/19\/a-verdadeira-e-sombria-historia-de-pinoquio-que-deu-origem-a-animacao-da-disney\/#primaryimage\"},\"thumbnailUrl\":\"https:\/\/jornalfatosenoticias.com.br\/wp-content\/uploads\/2024\/07\/Pinoquio_istock.jpg\",\"keywords\":[\"anima\u00e7\u00e3o da Disney\",\"contos de fada\",\"Gepeto\",\"Pin\u00f3quio\",\"Walt Disney\"],\"articleSection\":[\"Cultura\"],\"inLanguage\":\"pt-BR\",\"potentialAction\":[{\"@type\":\"CommentAction\",\"name\":\"Comment\",\"target\":[\"https:\/\/jornalfatosenoticias.com.br\/index.php\/2024\/07\/19\/a-verdadeira-e-sombria-historia-de-pinoquio-que-deu-origem-a-animacao-da-disney\/#respond\"]}]},{\"@type\":\"WebPage\",\"@id\":\"https:\/\/jornalfatosenoticias.com.br\/index.php\/2024\/07\/19\/a-verdadeira-e-sombria-historia-de-pinoquio-que-deu-origem-a-animacao-da-disney\/\",\"url\":\"https:\/\/jornalfatosenoticias.com.br\/index.php\/2024\/07\/19\/a-verdadeira-e-sombria-historia-de-pinoquio-que-deu-origem-a-animacao-da-disney\/\",\"name\":\"A verdadeira e sombria hist\u00f3ria de Pin\u00f3quio que deu origem \u00e0 anima\u00e7\u00e3o da Disney - Jornal Fatos e Not\u00edcias\",\"isPartOf\":{\"@id\":\"https:\/\/jornalfatosenoticias.com.br\/#website\"},\"primaryImageOfPage\":{\"@id\":\"https:\/\/jornalfatosenoticias.com.br\/index.php\/2024\/07\/19\/a-verdadeira-e-sombria-historia-de-pinoquio-que-deu-origem-a-animacao-da-disney\/#primaryimage\"},\"image\":{\"@id\":\"https:\/\/jornalfatosenoticias.com.br\/index.php\/2024\/07\/19\/a-verdadeira-e-sombria-historia-de-pinoquio-que-deu-origem-a-animacao-da-disney\/#primaryimage\"},\"thumbnailUrl\":\"https:\/\/jornalfatosenoticias.com.br\/wp-content\/uploads\/2024\/07\/Pinoquio_istock.jpg\",\"datePublished\":\"2024-07-19T17:00:00+00:00\",\"dateModified\":\"2024-07-19T17:00:01+00:00\",\"breadcrumb\":{\"@id\":\"https:\/\/jornalfatosenoticias.com.br\/index.php\/2024\/07\/19\/a-verdadeira-e-sombria-historia-de-pinoquio-que-deu-origem-a-animacao-da-disney\/#breadcrumb\"},\"inLanguage\":\"pt-BR\",\"potentialAction\":[{\"@type\":\"ReadAction\",\"target\":[\"https:\/\/jornalfatosenoticias.com.br\/index.php\/2024\/07\/19\/a-verdadeira-e-sombria-historia-de-pinoquio-que-deu-origem-a-animacao-da-disney\/\"]}]},{\"@type\":\"ImageObject\",\"inLanguage\":\"pt-BR\",\"@id\":\"https:\/\/jornalfatosenoticias.com.br\/index.php\/2024\/07\/19\/a-verdadeira-e-sombria-historia-de-pinoquio-que-deu-origem-a-animacao-da-disney\/#primaryimage\",\"url\":\"https:\/\/jornalfatosenoticias.com.br\/wp-content\/uploads\/2024\/07\/Pinoquio_istock.jpg\",\"contentUrl\":\"https:\/\/jornalfatosenoticias.com.br\/wp-content\/uploads\/2024\/07\/Pinoquio_istock.jpg\",\"width\":612,\"height\":408,\"caption\":\"Rome, 10.11.2019, Pinocchio wooden toys\"},{\"@type\":\"BreadcrumbList\",\"@id\":\"https:\/\/jornalfatosenoticias.com.br\/index.php\/2024\/07\/19\/a-verdadeira-e-sombria-historia-de-pinoquio-que-deu-origem-a-animacao-da-disney\/#breadcrumb\",\"itemListElement\":[{\"@type\":\"ListItem\",\"position\":1,\"name\":\"In\u00edcio\",\"item\":\"https:\/\/jornalfatosenoticias.com.br\/\"},{\"@type\":\"ListItem\",\"position\":2,\"name\":\"A verdadeira e sombria hist\u00f3ria de Pin\u00f3quio que deu origem \u00e0 anima\u00e7\u00e3o da Disney\"}]},{\"@type\":\"WebSite\",\"@id\":\"https:\/\/jornalfatosenoticias.com.br\/#website\",\"url\":\"https:\/\/jornalfatosenoticias.com.br\/\",\"name\":\"Jornal Fatos e Not\u00edcias\",\"description\":\"Not\u00edcias em geral\",\"publisher\":{\"@id\":\"https:\/\/jornalfatosenoticias.com.br\/#organization\"},\"potentialAction\":[{\"@type\":\"SearchAction\",\"target\":{\"@type\":\"EntryPoint\",\"urlTemplate\":\"https:\/\/jornalfatosenoticias.com.br\/?s={search_term_string}\"},\"query-input\":{\"@type\":\"PropertyValueSpecification\",\"valueRequired\":true,\"valueName\":\"search_term_string\"}}],\"inLanguage\":\"pt-BR\"},{\"@type\":\"Organization\",\"@id\":\"https:\/\/jornalfatosenoticias.com.br\/#organization\",\"name\":\"Jornal Fatos e Not\u00edcias\",\"url\":\"https:\/\/jornalfatosenoticias.com.br\/\",\"logo\":{\"@type\":\"ImageObject\",\"inLanguage\":\"pt-BR\",\"@id\":\"https:\/\/jornalfatosenoticias.com.br\/#\/schema\/logo\/image\/\",\"url\":\"https:\/\/jornalfatosenoticias.com.br\/wp-content\/uploads\/2020\/02\/logo120.png\",\"contentUrl\":\"https:\/\/jornalfatosenoticias.com.br\/wp-content\/uploads\/2020\/02\/logo120.png\",\"width\":1227,\"height\":120,\"caption\":\"Jornal Fatos e Not\u00edcias\"},\"image\":{\"@id\":\"https:\/\/jornalfatosenoticias.com.br\/#\/schema\/logo\/image\/\"}},{\"@type\":\"Person\",\"@id\":\"https:\/\/jornalfatosenoticias.com.br\/#\/schema\/person\/d63837fa13ac8666eb9e74e0985d6f81\",\"name\":\"Luzimara Fernandes\",\"image\":{\"@type\":\"ImageObject\",\"inLanguage\":\"pt-BR\",\"@id\":\"https:\/\/jornalfatosenoticias.com.br\/#\/schema\/person\/image\/\",\"url\":\"https:\/\/jornalfatosenoticias.com.br\/wp-content\/uploads\/2025\/05\/EU_portal.jpg\",\"contentUrl\":\"https:\/\/jornalfatosenoticias.com.br\/wp-content\/uploads\/2025\/05\/EU_portal.jpg\",\"caption\":\"Luzimara Fernandes\"},\"description\":\"Jornalista MTB 2358-ES\",\"sameAs\":[\"https:\/\/jornalfatosenoticias.com.br\"],\"url\":\"https:\/\/jornalfatosenoticias.com.br\/index.php\/author\/luzimara\/\"}]}<\/script>\n<!-- \/ Yoast SEO plugin. -->","yoast_head_json":{"title":"A verdadeira e sombria hist\u00f3ria de Pin\u00f3quio que deu origem \u00e0 anima\u00e7\u00e3o da Disney - Jornal Fatos e Not\u00edcias","robots":{"index":"index","follow":"follow","max-snippet":"max-snippet:-1","max-image-preview":"max-image-preview:large","max-video-preview":"max-video-preview:-1"},"canonical":"https:\/\/jornalfatosenoticias.com.br\/index.php\/2024\/07\/19\/a-verdadeira-e-sombria-historia-de-pinoquio-que-deu-origem-a-animacao-da-disney\/","og_locale":"pt_BR","og_type":"article","og_title":"A verdadeira e sombria hist\u00f3ria de Pin\u00f3quio que deu origem \u00e0 anima\u00e7\u00e3o da Disney - Jornal Fatos e Not\u00edcias","og_description":"A famosa hist\u00f3ria da marionete de madeira n\u00e3o era nada doce se comparada com a original Por Lucas Pe\u00e7anha Quando se fala de Pin\u00f3quio, a primeira lembran\u00e7a que vem em mente \u00e9 a anima\u00e7\u00e3o concebida por Walt Disney em 1940, sendo a segunda lan\u00e7ada por seu est\u00fadio. A hist\u00f3ria era repleta de cenas marcantes e [&hellip;]","og_url":"https:\/\/jornalfatosenoticias.com.br\/index.php\/2024\/07\/19\/a-verdadeira-e-sombria-historia-de-pinoquio-que-deu-origem-a-animacao-da-disney\/","og_site_name":"Jornal Fatos e Not\u00edcias","article_published_time":"2024-07-19T17:00:00+00:00","article_modified_time":"2024-07-19T17:00:01+00:00","og_image":[{"width":612,"height":408,"url":"https:\/\/jornalfatosenoticias.com.br\/wp-content\/uploads\/2024\/07\/Pinoquio_istock.jpg","type":"image\/jpeg"}],"author":"Luzimara Fernandes","twitter_card":"summary_large_image","twitter_misc":{"Escrito por":"Luzimara Fernandes","Est. tempo de leitura":"5 minutos"},"schema":{"@context":"https:\/\/schema.org","@graph":[{"@type":"Article","@id":"https:\/\/jornalfatosenoticias.com.br\/index.php\/2024\/07\/19\/a-verdadeira-e-sombria-historia-de-pinoquio-que-deu-origem-a-animacao-da-disney\/#article","isPartOf":{"@id":"https:\/\/jornalfatosenoticias.com.br\/index.php\/2024\/07\/19\/a-verdadeira-e-sombria-historia-de-pinoquio-que-deu-origem-a-animacao-da-disney\/"},"author":{"name":"Luzimara Fernandes","@id":"https:\/\/jornalfatosenoticias.com.br\/#\/schema\/person\/d63837fa13ac8666eb9e74e0985d6f81"},"headline":"A verdadeira e sombria hist\u00f3ria de Pin\u00f3quio que deu origem \u00e0 anima\u00e7\u00e3o da Disney","datePublished":"2024-07-19T17:00:00+00:00","dateModified":"2024-07-19T17:00:01+00:00","mainEntityOfPage":{"@id":"https:\/\/jornalfatosenoticias.com.br\/index.php\/2024\/07\/19\/a-verdadeira-e-sombria-historia-de-pinoquio-que-deu-origem-a-animacao-da-disney\/"},"wordCount":960,"commentCount":0,"publisher":{"@id":"https:\/\/jornalfatosenoticias.com.br\/#organization"},"image":{"@id":"https:\/\/jornalfatosenoticias.com.br\/index.php\/2024\/07\/19\/a-verdadeira-e-sombria-historia-de-pinoquio-que-deu-origem-a-animacao-da-disney\/#primaryimage"},"thumbnailUrl":"https:\/\/jornalfatosenoticias.com.br\/wp-content\/uploads\/2024\/07\/Pinoquio_istock.jpg","keywords":["anima\u00e7\u00e3o da Disney","contos de fada","Gepeto","Pin\u00f3quio","Walt Disney"],"articleSection":["Cultura"],"inLanguage":"pt-BR","potentialAction":[{"@type":"CommentAction","name":"Comment","target":["https:\/\/jornalfatosenoticias.com.br\/index.php\/2024\/07\/19\/a-verdadeira-e-sombria-historia-de-pinoquio-que-deu-origem-a-animacao-da-disney\/#respond"]}]},{"@type":"WebPage","@id":"https:\/\/jornalfatosenoticias.com.br\/index.php\/2024\/07\/19\/a-verdadeira-e-sombria-historia-de-pinoquio-que-deu-origem-a-animacao-da-disney\/","url":"https:\/\/jornalfatosenoticias.com.br\/index.php\/2024\/07\/19\/a-verdadeira-e-sombria-historia-de-pinoquio-que-deu-origem-a-animacao-da-disney\/","name":"A verdadeira e sombria hist\u00f3ria de Pin\u00f3quio que deu origem \u00e0 anima\u00e7\u00e3o da Disney - Jornal Fatos e Not\u00edcias","isPartOf":{"@id":"https:\/\/jornalfatosenoticias.com.br\/#website"},"primaryImageOfPage":{"@id":"https:\/\/jornalfatosenoticias.com.br\/index.php\/2024\/07\/19\/a-verdadeira-e-sombria-historia-de-pinoquio-que-deu-origem-a-animacao-da-disney\/#primaryimage"},"image":{"@id":"https:\/\/jornalfatosenoticias.com.br\/index.php\/2024\/07\/19\/a-verdadeira-e-sombria-historia-de-pinoquio-que-deu-origem-a-animacao-da-disney\/#primaryimage"},"thumbnailUrl":"https:\/\/jornalfatosenoticias.com.br\/wp-content\/uploads\/2024\/07\/Pinoquio_istock.jpg","datePublished":"2024-07-19T17:00:00+00:00","dateModified":"2024-07-19T17:00:01+00:00","breadcrumb":{"@id":"https:\/\/jornalfatosenoticias.com.br\/index.php\/2024\/07\/19\/a-verdadeira-e-sombria-historia-de-pinoquio-que-deu-origem-a-animacao-da-disney\/#breadcrumb"},"inLanguage":"pt-BR","potentialAction":[{"@type":"ReadAction","target":["https:\/\/jornalfatosenoticias.com.br\/index.php\/2024\/07\/19\/a-verdadeira-e-sombria-historia-de-pinoquio-que-deu-origem-a-animacao-da-disney\/"]}]},{"@type":"ImageObject","inLanguage":"pt-BR","@id":"https:\/\/jornalfatosenoticias.com.br\/index.php\/2024\/07\/19\/a-verdadeira-e-sombria-historia-de-pinoquio-que-deu-origem-a-animacao-da-disney\/#primaryimage","url":"https:\/\/jornalfatosenoticias.com.br\/wp-content\/uploads\/2024\/07\/Pinoquio_istock.jpg","contentUrl":"https:\/\/jornalfatosenoticias.com.br\/wp-content\/uploads\/2024\/07\/Pinoquio_istock.jpg","width":612,"height":408,"caption":"Rome, 10.11.2019, Pinocchio wooden toys"},{"@type":"BreadcrumbList","@id":"https:\/\/jornalfatosenoticias.com.br\/index.php\/2024\/07\/19\/a-verdadeira-e-sombria-historia-de-pinoquio-que-deu-origem-a-animacao-da-disney\/#breadcrumb","itemListElement":[{"@type":"ListItem","position":1,"name":"In\u00edcio","item":"https:\/\/jornalfatosenoticias.com.br\/"},{"@type":"ListItem","position":2,"name":"A verdadeira e sombria hist\u00f3ria de Pin\u00f3quio que deu origem \u00e0 anima\u00e7\u00e3o da Disney"}]},{"@type":"WebSite","@id":"https:\/\/jornalfatosenoticias.com.br\/#website","url":"https:\/\/jornalfatosenoticias.com.br\/","name":"Jornal Fatos e Not\u00edcias","description":"Not\u00edcias em geral","publisher":{"@id":"https:\/\/jornalfatosenoticias.com.br\/#organization"},"potentialAction":[{"@type":"SearchAction","target":{"@type":"EntryPoint","urlTemplate":"https:\/\/jornalfatosenoticias.com.br\/?s={search_term_string}"},"query-input":{"@type":"PropertyValueSpecification","valueRequired":true,"valueName":"search_term_string"}}],"inLanguage":"pt-BR"},{"@type":"Organization","@id":"https:\/\/jornalfatosenoticias.com.br\/#organization","name":"Jornal Fatos e Not\u00edcias","url":"https:\/\/jornalfatosenoticias.com.br\/","logo":{"@type":"ImageObject","inLanguage":"pt-BR","@id":"https:\/\/jornalfatosenoticias.com.br\/#\/schema\/logo\/image\/","url":"https:\/\/jornalfatosenoticias.com.br\/wp-content\/uploads\/2020\/02\/logo120.png","contentUrl":"https:\/\/jornalfatosenoticias.com.br\/wp-content\/uploads\/2020\/02\/logo120.png","width":1227,"height":120,"caption":"Jornal Fatos e Not\u00edcias"},"image":{"@id":"https:\/\/jornalfatosenoticias.com.br\/#\/schema\/logo\/image\/"}},{"@type":"Person","@id":"https:\/\/jornalfatosenoticias.com.br\/#\/schema\/person\/d63837fa13ac8666eb9e74e0985d6f81","name":"Luzimara Fernandes","image":{"@type":"ImageObject","inLanguage":"pt-BR","@id":"https:\/\/jornalfatosenoticias.com.br\/#\/schema\/person\/image\/","url":"https:\/\/jornalfatosenoticias.com.br\/wp-content\/uploads\/2025\/05\/EU_portal.jpg","contentUrl":"https:\/\/jornalfatosenoticias.com.br\/wp-content\/uploads\/2025\/05\/EU_portal.jpg","caption":"Luzimara Fernandes"},"description":"Jornalista MTB 2358-ES","sameAs":["https:\/\/jornalfatosenoticias.com.br"],"url":"https:\/\/jornalfatosenoticias.com.br\/index.php\/author\/luzimara\/"}]}},"cc_featured_image_caption":{"caption_text":"(Foto: iStock) ","source_text":"","source_url":""},"jetpack_featured_media_url":"https:\/\/jornalfatosenoticias.com.br\/wp-content\/uploads\/2024\/07\/Pinoquio_istock.jpg","_links":{"self":[{"href":"https:\/\/jornalfatosenoticias.com.br\/index.php\/wp-json\/wp\/v2\/posts\/52849","targetHints":{"allow":["GET"]}}],"collection":[{"href":"https:\/\/jornalfatosenoticias.com.br\/index.php\/wp-json\/wp\/v2\/posts"}],"about":[{"href":"https:\/\/jornalfatosenoticias.com.br\/index.php\/wp-json\/wp\/v2\/types\/post"}],"author":[{"embeddable":true,"href":"https:\/\/jornalfatosenoticias.com.br\/index.php\/wp-json\/wp\/v2\/users\/2"}],"replies":[{"embeddable":true,"href":"https:\/\/jornalfatosenoticias.com.br\/index.php\/wp-json\/wp\/v2\/comments?post=52849"}],"version-history":[{"count":0,"href":"https:\/\/jornalfatosenoticias.com.br\/index.php\/wp-json\/wp\/v2\/posts\/52849\/revisions"}],"wp:featuredmedia":[{"embeddable":true,"href":"https:\/\/jornalfatosenoticias.com.br\/index.php\/wp-json\/wp\/v2\/media\/52850"}],"wp:attachment":[{"href":"https:\/\/jornalfatosenoticias.com.br\/index.php\/wp-json\/wp\/v2\/media?parent=52849"}],"wp:term":[{"taxonomy":"category","embeddable":true,"href":"https:\/\/jornalfatosenoticias.com.br\/index.php\/wp-json\/wp\/v2\/categories?post=52849"},{"taxonomy":"post_tag","embeddable":true,"href":"https:\/\/jornalfatosenoticias.com.br\/index.php\/wp-json\/wp\/v2\/tags?post=52849"}],"curies":[{"name":"wp","href":"https:\/\/api.w.org\/{rel}","templated":true}]}}