{"id":52904,"date":"2024-07-22T16:24:06","date_gmt":"2024-07-22T19:24:06","guid":{"rendered":"https:\/\/jornalfatosenoticias.com.br\/?p=52904"},"modified":"2024-07-22T16:24:07","modified_gmt":"2024-07-22T19:24:07","slug":"lula-reforca-agenda-estatizante-com-retomada-de-refinaria-vendida-na-gestao-bolsonaro","status":"publish","type":"post","link":"https:\/\/jornalfatosenoticias.com.br\/index.php\/2024\/07\/22\/lula-reforca-agenda-estatizante-com-retomada-de-refinaria-vendida-na-gestao-bolsonaro\/","title":{"rendered":"Lula refor\u00e7a agenda estatizante com retomada de refinaria vendida na gest\u00e3o Bolsonaro"},"content":{"rendered":"\n<p><em><span class=\"has-inline-color has-black-color\">Lula em cerim\u00f4nia na qual anunciou investimentos bilion\u00e1rios na refinaria Abreu e Lima, em Pernambuco<\/span><\/em><\/p>\n\n\n\n<p><span class=\"has-inline-color has-black-color\">Por <strong><a href=\"https:\/\/www.gazetadopovo.com.br\/autor\/raphaela-ribas\/\">Raphaela Ribas<\/a><\/strong><\/span><\/p>\n\n\n\n<div class=\"wp-block-image\"><figure class=\"aligncenter size-large\"><a href=\"https:\/\/www.facebook.com\/vetor.vix\/\"><img loading=\"lazy\" decoding=\"async\" width=\"1024\" height=\"273\" src=\"https:\/\/jornalfatosenoticias.com.br\/wp-content\/uploads\/2023\/09\/vetorvix1024_1.jpg\" alt=\"\" class=\"wp-image-44868\" srcset=\"https:\/\/jornalfatosenoticias.com.br\/wp-content\/uploads\/2023\/09\/vetorvix1024_1.jpg 1024w, https:\/\/jornalfatosenoticias.com.br\/wp-content\/uploads\/2023\/09\/vetorvix1024_1-300x80.jpg 300w, https:\/\/jornalfatosenoticias.com.br\/wp-content\/uploads\/2023\/09\/vetorvix1024_1-768x205.jpg 768w\" sizes=\"auto, (max-width: 1024px) 100vw, 1024px\" \/><\/a><\/figure><\/div>\n\n\n\n<p>A Petrobras est\u00e1 perto de fechar a compra da Refinaria de Mataripe, na Bahia, hoje pertecente ao fundo \u00e1rabe Mubadala. O neg\u00f3cio deve ser um marco na reestatiza\u00e7\u00e3o do setor de refino do petr\u00f3leo brasileiro. O governo de Luiz In\u00e1cio Lula da Silva (PT) j\u00e1 sinalizou algumas vezes que quer de volta as unidades que foram vendidas no governo passado, de Jair Bolsonaro (PL).<br>A Refinaria Landulfo Alves (RLAM), rebatizada de Refinaria de Mataripe, foi vendida pela estatal em 2021, por US$ 1,65 bilh\u00e3o, para a Acelen, que pertence ao grupo \u00e1rabe. Segundo o Centro Brasileiro de Infraestrutura (CBIE), ela representa 15% da capacidade de refino da petroleira.<\/p>\n\n\n\n<div class=\"wp-block-image\"><figure class=\"aligncenter size-large\"><a href=\"http:\/\/www.ferrarimaquinas.com.br\/\"><img loading=\"lazy\" decoding=\"async\" width=\"300\" height=\"250\" src=\"https:\/\/jornalfatosenoticias.com.br\/wp-content\/uploads\/2022\/02\/FERRARI_MAQUINAS-E-FERRAMENTAS2.jpg\" alt=\"\" class=\"wp-image-27860\"\/><\/a><\/figure><\/div>\n\n\n\n<p>Os valores ainda n\u00e3o est\u00e3o definidos, nem a opera\u00e7\u00e3o. O mais prov\u00e1vel \u00e9 que a Petrobras compre totalmente a refinaria. A Acelen entraria como s\u00f3cia em um projeto de energia renov\u00e1vel. Segundo relatos de bastidores, a expectativa \u00e9 que o neg\u00f3cio seja efetivado em 2025.<\/p>\n\n\n\n<div class=\"wp-block-image\"><figure class=\"aligncenter size-large is-resized\"><a href=\"https:\/\/www.instagram.com\/rapuzeljastro\/\"><img loading=\"lazy\" decoding=\"async\" src=\"https:\/\/jornalfatosenoticias.com.br\/wp-content\/uploads\/2020\/02\/logo-Rapuzel-1024x571.jpg\" alt=\"\" class=\"wp-image-42808\" width=\"356\" height=\"198\" srcset=\"https:\/\/jornalfatosenoticias.com.br\/wp-content\/uploads\/2020\/02\/logo-Rapuzel-1024x571.jpg 1024w, https:\/\/jornalfatosenoticias.com.br\/wp-content\/uploads\/2020\/02\/logo-Rapuzel-300x167.jpg 300w, https:\/\/jornalfatosenoticias.com.br\/wp-content\/uploads\/2020\/02\/logo-Rapuzel-768x428.jpg 768w, https:\/\/jornalfatosenoticias.com.br\/wp-content\/uploads\/2020\/02\/logo-Rapuzel-1536x856.jpg 1536w, https:\/\/jornalfatosenoticias.com.br\/wp-content\/uploads\/2020\/02\/logo-Rapuzel.jpg 1600w\" sizes=\"auto, (max-width: 356px) 100vw, 356px\" \/><\/a><\/figure><\/div>\n\n\n\n<p>Procurada pela Gazeta do Povo, a Petrobras informou que \u201cn\u00e3o houve qualquer decis\u00e3o nem da Diretoria Executiva e nem do Conselho de Administra\u00e7\u00e3o nesse sentido\u201d. A Mubadala n\u00e3o est\u00e1 comentando o assunto. E a Acelen Acelen disse que, por ser uma quest\u00e3o que envolve o investidor, a companhia tamb\u00e9m n\u00e3o aborda o tema. Ainda no ano passado, em novembro, a Petrobras decidiu cancelar a venda da Lubnor, no Cear\u00e1, que havia sido negociada em 2022. Foi o primeiro passo da estatal na retomada de ativos de refino.<\/p>\n\n\n\n<div class=\"wp-block-image\"><figure class=\"aligncenter size-large\"><a href=\"https:\/\/cesconetto.com.br\/\"><img loading=\"lazy\" decoding=\"async\" width=\"300\" height=\"250\" src=\"https:\/\/jornalfatosenoticias.com.br\/wp-content\/uploads\/2020\/02\/Banner-2.png\" alt=\"\" class=\"wp-image-43787\"\/><\/a><\/figure><\/div>\n\n\n\n<p><strong><span class=\"has-inline-color has-black-color\">Governo quer retomar refinarias que foram vendidas<br><\/span><\/strong>O esfor\u00e7o do governo petista \u00e9 traduzido nos an\u00fancios feitos ao longo do ano. Al\u00e9m da recompra da refinaria na Bahia, a Petrobras conseguiu manter mais cinco outras que deveriam ser vendidas e anunciou a retomada de investimentos bilion\u00e1rios na Refinaria Abreu e Lima, em Pernambuco. Das 13 refinarias que a Petrobras tinha, tr\u00eas foram vendidas na gest\u00e3o Bolsonaro. Em novembro de 2022, a empresa desistiu de vender uma quarta unidade, a Regap, de Minas Gerais. Mas o governo atual, segundo o Minist\u00e9rio de Minas e Energia, busca ampliar a cadeia de refino e petroqu\u00edmica e fortalecer a garantia do abastecimento nacional e reduzir a depend\u00eancia externa.<\/p>\n\n\n\n<div class=\"wp-block-image\"><figure class=\"aligncenter size-large is-resized\"><a href=\"https:\/\/www.controlsystems.com.br\/\"><img loading=\"lazy\" decoding=\"async\" src=\"https:\/\/jornalfatosenoticias.com.br\/wp-content\/uploads\/2020\/02\/CONTROL-CS.jpg\" alt=\"\" class=\"wp-image-44991\" width=\"314\" height=\"376\" srcset=\"https:\/\/jornalfatosenoticias.com.br\/wp-content\/uploads\/2020\/02\/CONTROL-CS.jpg 834w, https:\/\/jornalfatosenoticias.com.br\/wp-content\/uploads\/2020\/02\/CONTROL-CS-250x300.jpg 250w, https:\/\/jornalfatosenoticias.com.br\/wp-content\/uploads\/2020\/02\/CONTROL-CS-768x921.jpg 768w\" sizes=\"auto, (max-width: 314px) 100vw, 314px\" \/><\/a><\/figure><\/div>\n\n\n\n<p>Um dos principais movimentos da Petrobras nesse sentido \u00e9 a tentativa de voltar a ser dona ou pelo menos s\u00f3cia majorit\u00e1ria da refinaria no Rec\u00f4ncavo Baiano. As negocia\u00e7\u00f5es para a fase final de aquisi\u00e7\u00e3o e forma\u00e7\u00e3o de parceria com a Mubadala Capital foram anunciadas em mar\u00e7o pela estatal. Esta \u00faltima etapa, conhecida como downstream, engloba escoamento, log\u00edstica e distribui\u00e7\u00e3o.<br>Paralelamente, a companhia conseguiu manter em seu portf\u00f3lio outras refinarias. Em 2019, o governo de Jair Bolsonaro firmou um termo de compromisso de cessa\u00e7\u00e3o (TCC) com o Conselho Administrativo de Defesa Econ\u00f4mica (Cade) para que a Petrobras vendesse oito plantas de refino, para estimular a concorr\u00eancia do setor. Dessas, tr\u00eas foram negociadas e cinco, n\u00e3o.<\/p>\n\n\n\n<div class=\"wp-block-image\"><figure class=\"aligncenter size-large is-resized\"><a href=\"https:\/\/www.ithbrasil.com.br\/\"><img loading=\"lazy\" decoding=\"async\" src=\"https:\/\/jornalfatosenoticias.com.br\/wp-content\/uploads\/2023\/08\/ITH.jpeg\" alt=\"\" class=\"wp-image-44638\" width=\"307\" height=\"249\" srcset=\"https:\/\/jornalfatosenoticias.com.br\/wp-content\/uploads\/2023\/08\/ITH.jpeg 800w, https:\/\/jornalfatosenoticias.com.br\/wp-content\/uploads\/2023\/08\/ITH-300x244.jpeg 300w, https:\/\/jornalfatosenoticias.com.br\/wp-content\/uploads\/2023\/08\/ITH-768x624.jpeg 768w\" sizes=\"auto, (max-width: 307px) 100vw, 307px\" \/><\/a><\/figure><\/div>\n\n\n\n<p>Em novembro do ano passado, a petrol\u00edfera pediu revis\u00e3o ao Cade, para ficar desobrigada de vender as refinarias. Jean Paul Prates, ent\u00e3o presidente da estatal, disse que o Cade nunca teria conseguido provar o dom\u00ednio da Petrobras sobre o mercado. Em maio deste ano, o Cade atendeu ao pedido da petroleira, livrando-a das exig\u00eancias do TCC.<\/p>\n\n\n\n<div class=\"wp-block-image\"><figure class=\"aligncenter size-large is-resized\"><a href=\"https:\/\/www.facebook.com\/postobkr\/?locale=pt_BR\"><img loading=\"lazy\" decoding=\"async\" src=\"https:\/\/jornalfatosenoticias.com.br\/wp-content\/uploads\/2023\/08\/BKR-1024x1021.jpg\" alt=\"\" class=\"wp-image-44494\" width=\"306\" height=\"305\" srcset=\"https:\/\/jornalfatosenoticias.com.br\/wp-content\/uploads\/2023\/08\/BKR-1024x1021.jpg 1024w, https:\/\/jornalfatosenoticias.com.br\/wp-content\/uploads\/2023\/08\/BKR-300x300.jpg 300w, https:\/\/jornalfatosenoticias.com.br\/wp-content\/uploads\/2023\/08\/BKR-150x150.jpg 150w, https:\/\/jornalfatosenoticias.com.br\/wp-content\/uploads\/2023\/08\/BKR-768x766.jpg 768w, https:\/\/jornalfatosenoticias.com.br\/wp-content\/uploads\/2023\/08\/BKR.jpg 1080w\" sizes=\"auto, (max-width: 306px) 100vw, 306px\" \/><\/a><\/figure><\/div>\n\n\n\n<p>A atual presidente da Petrobras, Magda Chambriard tamb\u00e9m j\u00e1 mostrou que, nisso, segue a mesma linha de Prates e \u00e9 favor\u00e1vel a reestatiza\u00e7\u00e3o das refinarias. \u201cNo caso da RLAM [atual Mataripe], tem uma possibilidade de que seja utilizada para biocombust\u00edveis. Tem toda uma din\u00e2mica que est\u00e1 sendo pensada para biorrefino. Biorrefino \u00e9 futuro e ningu\u00e9m pode dizer que, numa \u00e9poca que se fala tanto em transi\u00e7\u00e3o energ\u00e9tica e net zero, que a gente n\u00e3o deve considerar o biorrefino. Est\u00e1 definido? Ainda n\u00e3o\u201d, disse em entrevista a jornalistas logo ap\u00f3s a sua posse.<\/p>\n\n\n\n<div class=\"wp-block-image\"><figure class=\"aligncenter size-large is-resized\"><a href=\"https:\/\/panper.com.br\/\"><img loading=\"lazy\" decoding=\"async\" src=\"https:\/\/jornalfatosenoticias.com.br\/wp-content\/uploads\/2023\/03\/logo-Panper_portal.jpg\" alt=\"\" class=\"wp-image-40208\" width=\"364\" height=\"252\" srcset=\"https:\/\/jornalfatosenoticias.com.br\/wp-content\/uploads\/2023\/03\/logo-Panper_portal.jpg 400w, https:\/\/jornalfatosenoticias.com.br\/wp-content\/uploads\/2023\/03\/logo-Panper_portal-300x208.jpg 300w\" sizes=\"auto, (max-width: 364px) 100vw, 364px\" \/><\/a><\/figure><\/div>\n\n\n\n<p>Na Refinaria Abreu e Lima, a ideia \u00e9 investir de R$ 6 bilh\u00f5es a R$ 8 bilh\u00f5es. Apelidada de \u201ca refinaria mais cara do mundo\u201d e um dos grandes s\u00edmbolos dos desvios revelados pela Opera\u00e7\u00e3o Lava Jato, a unidade teve sucessivos estouros no or\u00e7amento e calote da Venezuela, que abandonou a sociedade sem p\u00f4r um centavo e deixou todo o gasto a cargo do Brasil.<\/p>\n\n\n\n<div class=\"wp-block-image\"><figure class=\"aligncenter size-large is-resized\"><a href=\"https:\/\/hotelmarquetti.com.br\/\"><img loading=\"lazy\" decoding=\"async\" src=\"https:\/\/jornalfatosenoticias.com.br\/wp-content\/uploads\/2023\/03\/nova-logo-Marquetti.jpg\" alt=\"\" class=\"wp-image-40207\" width=\"365\" height=\"245\" srcset=\"https:\/\/jornalfatosenoticias.com.br\/wp-content\/uploads\/2023\/03\/nova-logo-Marquetti.jpg 643w, https:\/\/jornalfatosenoticias.com.br\/wp-content\/uploads\/2023\/03\/nova-logo-Marquetti-300x202.jpg 300w\" sizes=\"auto, (max-width: 365px) 100vw, 365px\" \/><\/a><\/figure><\/div>\n\n\n\n<p><strong><span class=\"has-inline-color has-black-color\">Retomada da refinaria \u00e9 criticada<br><\/span><\/strong>Para Murillo Torelli, professor do Centro de Ci\u00eancias Sociais e Aplicadas (CCSA) da Universidade Presbiteriana Mackenzie, o Brasil est\u00e1 presenciando um \u201cretrocesso\u201d, marcado por pol\u00edticas equivocadas e uma crescente interven\u00e7\u00e3o estatal que amea\u00e7a as empresas p\u00fablicas. \u201cVejo com preocupa\u00e7\u00e3o os rumos que estamos tomando, repetindo os mesmos erros do passado\u201d, diz. Torelli diz que a hist\u00f3ria da Petrobras nos governos do PT \u00e9 marcada por uma s\u00e9rie de investimentos malsucedidos e esc\u00e2ndalos de corrup\u00e7\u00e3o que resultaram em preju\u00edzos bilion\u00e1rios.<\/p>\n\n\n\n<div class=\"wp-block-image\"><figure class=\"aligncenter size-large is-resized\"><img loading=\"lazy\" decoding=\"async\" src=\"https:\/\/jornalfatosenoticias.com.br\/wp-content\/uploads\/2022\/02\/Precisao-Contabilidade-1024x724.jpg\" alt=\"\" class=\"wp-image-28088\" width=\"351\" height=\"248\"\/><\/figure><\/div>\n\n\n\n<blockquote class=\"wp-block-quote is-layout-flow wp-block-quote-is-layout-flow\"><p><span class=\"has-inline-color has-luminous-vivid-orange-color\">Durante os governos Lula 1 e 2 e Dilma Rousseff, a Petrobras sofreu com o aparelhamento pol\u00edtico, acumulando uma d\u00edvida gigantesca de cerca de R$ 350 bilh\u00f5es e registrando preju\u00edzos recordes. Investimentos em projetos como estaleiros, navios-sonda e refinarias n\u00e3o trouxeram os resultados esperados e se revelaram extremamente custosos\u201d, afirma.<\/span><\/p><\/blockquote>\n\n\n\n<div class=\"wp-block-image\"><figure class=\"aligncenter size-large is-resized\"><a href=\"https:\/\/www.instagram.com\/restaurantepegoretti\/\"><img loading=\"lazy\" decoding=\"async\" src=\"https:\/\/jornalfatosenoticias.com.br\/wp-content\/uploads\/2023\/12\/pegoretti-logo-pdf-1024x389.jpg\" alt=\"\" class=\"wp-image-47536\" width=\"409\" height=\"155\" srcset=\"https:\/\/jornalfatosenoticias.com.br\/wp-content\/uploads\/2023\/12\/pegoretti-logo-pdf-1024x389.jpg 1024w, https:\/\/jornalfatosenoticias.com.br\/wp-content\/uploads\/2023\/12\/pegoretti-logo-pdf-300x114.jpg 300w, https:\/\/jornalfatosenoticias.com.br\/wp-content\/uploads\/2023\/12\/pegoretti-logo-pdf-768x291.jpg 768w, https:\/\/jornalfatosenoticias.com.br\/wp-content\/uploads\/2023\/12\/pegoretti-logo-pdf.jpg 1120w\" sizes=\"auto, (max-width: 409px) 100vw, 409px\" \/><\/a><\/figure><\/div>\n\n\n\n<p>O especialista cita a compra da refinaria de Pasadena, nos Estados Unidos, e as megarrefinarias, como a pr\u00f3pria Abreu e Lima e o Complexo Petroqu\u00edmico do Rio de Janeiro (Comperj), at\u00e9 hoje n\u00e3o conclu\u00eddo. Tamb\u00e9m destaca que o governo ressuscitou estatais que estavam desativadas e criou novas.<\/p>\n\n\n\n<blockquote class=\"wp-block-quote is-layout-flow wp-block-quote-is-layout-flow\"><p><span class=\"has-inline-color has-luminous-vivid-orange-color\">A BR Distribuidora, a Eletrobras e diversas refinarias da Petrobras s\u00e3o frequentemente mencionadas como \u2018perdas lament\u00e1veis\u2019. Lula age como se fosse dono da Petrobras, interferindo na pol\u00edtica de pre\u00e7os, nos investimentos e na distribui\u00e7\u00e3o de dividendos\u201d, avalia o professor.<\/span><\/p><\/blockquote>\n\n\n\n<div class=\"wp-block-image\"><figure class=\"aligncenter size-large\"><a href=\"https:\/\/www.facebook.com\/Esteio-Churrascaria-Barbecue-103643461220402\/\"><img decoding=\"async\" src=\"https:\/\/jornalfatosenoticias.com.br\/wp-content\/uploads\/2020\/02\/logo_esteio.jpg\" alt=\"\" class=\"wp-image-1214\"\/><\/a><\/figure><\/div>\n\n\n\n<blockquote class=\"wp-block-quote is-layout-flow wp-block-quote-is-layout-flow\"><p><span class=\"has-inline-color has-luminous-vivid-orange-color\">A retomada das atividades da Arauc\u00e1ria Nitrogenados e das obras da Refinaria Abreu e Lima s\u00e3o exemplos de decis\u00f5es antiecon\u00f4micas motivadas por interesses pol\u00edticos. A poss\u00edvel retomada da refinaria de Mataripe ilustra bem os planos de reestatiza\u00e7\u00e3o do governo atual\u201d, diz.<\/span><\/p><\/blockquote>\n\n\n\n<div class=\"wp-block-image\"><figure class=\"aligncenter size-large\"><a href=\"https:\/\/www.instagram.com\/baraodascarnes.es\/\"><img decoding=\"async\" src=\"https:\/\/jornalfatosenoticias.com.br\/wp-content\/uploads\/2020\/02\/barao-das-carnes-300x164-1.jpg\" alt=\"\" class=\"wp-image-34339\"\/><\/a><\/figure><\/div>\n\n\n\n<p>O BTG Pacutal emitiu um relat\u00f3rio ao mercado, no qual avalia como negativa a compra. Segundo o banco, a Petrobras registra um hist\u00f3rico de baixo retorno na \u00e1rea de refino se comparada a sua atividade principal, de \u00f3leo e g\u00e1s.<\/p>\n\n\n\n<div class=\"wp-block-image\"><figure class=\"aligncenter size-large\"><a href=\"https:\/\/mizu.com.br\/\"><img loading=\"lazy\" decoding=\"async\" width=\"729\" height=\"90\" src=\"https:\/\/jornalfatosenoticias.com.br\/wp-content\/uploads\/2020\/02\/Logo_Mizu.png\" alt=\"\" class=\"wp-image-1441\" srcset=\"https:\/\/jornalfatosenoticias.com.br\/wp-content\/uploads\/2020\/02\/Logo_Mizu.png 729w, https:\/\/jornalfatosenoticias.com.br\/wp-content\/uploads\/2020\/02\/Logo_Mizu-300x37.png 300w\" sizes=\"auto, (max-width: 729px) 100vw, 729px\" \/><\/a><\/figure><\/div>\n\n\n\n<p>&#8220;E embora alguns possam argumentam que existam gargalos que impedem a Petrobras de aumentar o investimento em explora\u00e7\u00e3o e g\u00e1s, ainda acreditamos que a melhor estrat\u00e9gia seria retornar dividendos maiores pagamentos aos acionistas&#8221;, diz o banco.<\/p>\n\n\n\n<div class=\"wp-block-image\"><figure class=\"aligncenter size-large is-resized\"><a href=\"https:\/\/www.ithbrasil.com.br\/\"><img loading=\"lazy\" decoding=\"async\" src=\"https:\/\/jornalfatosenoticias.com.br\/wp-content\/uploads\/2023\/08\/ITH.jpeg\" alt=\"\" class=\"wp-image-44638\" width=\"298\" height=\"242\" srcset=\"https:\/\/jornalfatosenoticias.com.br\/wp-content\/uploads\/2023\/08\/ITH.jpeg 800w, https:\/\/jornalfatosenoticias.com.br\/wp-content\/uploads\/2023\/08\/ITH-300x244.jpeg 300w, https:\/\/jornalfatosenoticias.com.br\/wp-content\/uploads\/2023\/08\/ITH-768x624.jpeg 768w\" sizes=\"auto, (max-width: 298px) 100vw, 298px\" \/><\/a><\/figure><\/div>\n\n\n\n<p>Segundo a Petrobras, a refinaria de Mataripe possui capacidade de processamento de 333 mil barris\/dia, e seus ativos incluem quatro terminais de armazenamento e um conjunto de oleodutos que interligam a refinaria e os terminais.<\/p>\n\n\n\n<p><strong><em>Fonte: <a href=\"https:\/\/www.gazetadopovo.com.br\/energia\/refinaria-petrobras-governo-lula-reforca-agenda-estatizante\/\">Gazeta do Povo<\/a><\/em><\/strong><\/p>\n","protected":false},"excerpt":{"rendered":"<p>Lula em cerim\u00f4nia na qual anunciou investimentos bilion\u00e1rios na refinaria Abreu e Lima, em Pernambuco Por Raphaela Ribas A Petrobras est\u00e1 perto de fechar a compra da Refinaria de Mataripe, na Bahia, hoje pertecente ao fundo \u00e1rabe Mubadala. O neg\u00f3cio deve ser um marco na reestatiza\u00e7\u00e3o do setor de refino do petr\u00f3leo brasileiro. O governo [&hellip;]<\/p>\n","protected":false},"author":2,"featured_media":52905,"comment_status":"open","ping_status":"open","sticky":false,"template":"","format":"standard","meta":{"footnotes":""},"categories":[9],"tags":[2729,239,2539,946,1795,23228,2730,7580,308,736,13186,12167,9758,8605],"class_list":["post-52904","post","type-post","status-publish","format-standard","has-post-thumbnail","hentry","category-economia","tag-bahia","tag-bolsonaro","tag-energia","tag-investimentos","tag-jair-bolsonaro","tag-jean-paul-prates","tag-logistica","tag-lula","tag-petrobras","tag-petroleo","tag-pt","tag-recife","tag-transicao-energetica","tag-venezuela"],"yoast_head":"<!-- This site is optimized with the Yoast SEO plugin v26.5 - https:\/\/yoast.com\/wordpress\/plugins\/seo\/ -->\n<title>Lula refor\u00e7a agenda estatizante com retomada de refinaria vendida na gest\u00e3o Bolsonaro - Jornal Fatos e Not\u00edcias<\/title>\n<meta name=\"robots\" content=\"index, follow, max-snippet:-1, max-image-preview:large, max-video-preview:-1\" \/>\n<link rel=\"canonical\" href=\"https:\/\/jornalfatosenoticias.com.br\/index.php\/2024\/07\/22\/lula-reforca-agenda-estatizante-com-retomada-de-refinaria-vendida-na-gestao-bolsonaro\/\" \/>\n<meta property=\"og:locale\" content=\"pt_BR\" \/>\n<meta property=\"og:type\" content=\"article\" \/>\n<meta property=\"og:title\" content=\"Lula refor\u00e7a agenda estatizante com retomada de refinaria vendida na gest\u00e3o Bolsonaro - Jornal Fatos e Not\u00edcias\" \/>\n<meta property=\"og:description\" content=\"Lula em cerim\u00f4nia na qual anunciou investimentos bilion\u00e1rios na refinaria Abreu e Lima, em Pernambuco Por Raphaela Ribas A Petrobras est\u00e1 perto de fechar a compra da Refinaria de Mataripe, na Bahia, hoje pertecente ao fundo \u00e1rabe Mubadala. O neg\u00f3cio deve ser um marco na reestatiza\u00e7\u00e3o do setor de refino do petr\u00f3leo brasileiro. O governo [&hellip;]\" \/>\n<meta property=\"og:url\" content=\"https:\/\/jornalfatosenoticias.com.br\/index.php\/2024\/07\/22\/lula-reforca-agenda-estatizante-com-retomada-de-refinaria-vendida-na-gestao-bolsonaro\/\" \/>\n<meta property=\"og:site_name\" content=\"Jornal Fatos e Not\u00edcias\" \/>\n<meta property=\"article:published_time\" content=\"2024-07-22T19:24:06+00:00\" \/>\n<meta property=\"article:modified_time\" content=\"2024-07-22T19:24:07+00:00\" \/>\n<meta property=\"og:image\" content=\"https:\/\/jornalfatosenoticias.com.br\/wp-content\/uploads\/2024\/07\/LULA-PETROBRAS_gettyimages.jpg\" \/>\n\t<meta property=\"og:image:width\" content=\"612\" \/>\n\t<meta property=\"og:image:height\" content=\"408\" \/>\n\t<meta property=\"og:image:type\" content=\"image\/jpeg\" \/>\n<meta name=\"author\" content=\"Luzimara Fernandes\" \/>\n<meta name=\"twitter:card\" content=\"summary_large_image\" \/>\n<meta name=\"twitter:label1\" content=\"Escrito por\" \/>\n\t<meta name=\"twitter:data1\" content=\"Luzimara Fernandes\" \/>\n\t<meta name=\"twitter:label2\" content=\"Est. tempo de leitura\" \/>\n\t<meta name=\"twitter:data2\" content=\"6 minutos\" \/>\n<script type=\"application\/ld+json\" class=\"yoast-schema-graph\">{\"@context\":\"https:\/\/schema.org\",\"@graph\":[{\"@type\":\"Article\",\"@id\":\"https:\/\/jornalfatosenoticias.com.br\/index.php\/2024\/07\/22\/lula-reforca-agenda-estatizante-com-retomada-de-refinaria-vendida-na-gestao-bolsonaro\/#article\",\"isPartOf\":{\"@id\":\"https:\/\/jornalfatosenoticias.com.br\/index.php\/2024\/07\/22\/lula-reforca-agenda-estatizante-com-retomada-de-refinaria-vendida-na-gestao-bolsonaro\/\"},\"author\":{\"name\":\"Luzimara Fernandes\",\"@id\":\"https:\/\/jornalfatosenoticias.com.br\/#\/schema\/person\/d63837fa13ac8666eb9e74e0985d6f81\"},\"headline\":\"Lula refor\u00e7a agenda estatizante com retomada de refinaria vendida na gest\u00e3o Bolsonaro\",\"datePublished\":\"2024-07-22T19:24:06+00:00\",\"dateModified\":\"2024-07-22T19:24:07+00:00\",\"mainEntityOfPage\":{\"@id\":\"https:\/\/jornalfatosenoticias.com.br\/index.php\/2024\/07\/22\/lula-reforca-agenda-estatizante-com-retomada-de-refinaria-vendida-na-gestao-bolsonaro\/\"},\"wordCount\":1174,\"commentCount\":0,\"publisher\":{\"@id\":\"https:\/\/jornalfatosenoticias.com.br\/#organization\"},\"image\":{\"@id\":\"https:\/\/jornalfatosenoticias.com.br\/index.php\/2024\/07\/22\/lula-reforca-agenda-estatizante-com-retomada-de-refinaria-vendida-na-gestao-bolsonaro\/#primaryimage\"},\"thumbnailUrl\":\"https:\/\/jornalfatosenoticias.com.br\/wp-content\/uploads\/2024\/07\/LULA-PETROBRAS_gettyimages.jpg\",\"keywords\":[\"Bahia\",\"Bolsonaro\",\"energia\",\"investimentos\",\"Jair Bolsonaro\",\"Jean Paul Prates\",\"log\u00edstica\",\"Lula\",\"Petrobras\",\"petr\u00f3leo\",\"PT\",\"Recife\",\"transi\u00e7\u00e3o energ\u00e9tica\",\"Venezuela\"],\"articleSection\":[\"Economia\"],\"inLanguage\":\"pt-BR\",\"potentialAction\":[{\"@type\":\"CommentAction\",\"name\":\"Comment\",\"target\":[\"https:\/\/jornalfatosenoticias.com.br\/index.php\/2024\/07\/22\/lula-reforca-agenda-estatizante-com-retomada-de-refinaria-vendida-na-gestao-bolsonaro\/#respond\"]}]},{\"@type\":\"WebPage\",\"@id\":\"https:\/\/jornalfatosenoticias.com.br\/index.php\/2024\/07\/22\/lula-reforca-agenda-estatizante-com-retomada-de-refinaria-vendida-na-gestao-bolsonaro\/\",\"url\":\"https:\/\/jornalfatosenoticias.com.br\/index.php\/2024\/07\/22\/lula-reforca-agenda-estatizante-com-retomada-de-refinaria-vendida-na-gestao-bolsonaro\/\",\"name\":\"Lula refor\u00e7a agenda estatizante com retomada de refinaria vendida na gest\u00e3o Bolsonaro - Jornal Fatos e Not\u00edcias\",\"isPartOf\":{\"@id\":\"https:\/\/jornalfatosenoticias.com.br\/#website\"},\"primaryImageOfPage\":{\"@id\":\"https:\/\/jornalfatosenoticias.com.br\/index.php\/2024\/07\/22\/lula-reforca-agenda-estatizante-com-retomada-de-refinaria-vendida-na-gestao-bolsonaro\/#primaryimage\"},\"image\":{\"@id\":\"https:\/\/jornalfatosenoticias.com.br\/index.php\/2024\/07\/22\/lula-reforca-agenda-estatizante-com-retomada-de-refinaria-vendida-na-gestao-bolsonaro\/#primaryimage\"},\"thumbnailUrl\":\"https:\/\/jornalfatosenoticias.com.br\/wp-content\/uploads\/2024\/07\/LULA-PETROBRAS_gettyimages.jpg\",\"datePublished\":\"2024-07-22T19:24:06+00:00\",\"dateModified\":\"2024-07-22T19:24:07+00:00\",\"breadcrumb\":{\"@id\":\"https:\/\/jornalfatosenoticias.com.br\/index.php\/2024\/07\/22\/lula-reforca-agenda-estatizante-com-retomada-de-refinaria-vendida-na-gestao-bolsonaro\/#breadcrumb\"},\"inLanguage\":\"pt-BR\",\"potentialAction\":[{\"@type\":\"ReadAction\",\"target\":[\"https:\/\/jornalfatosenoticias.com.br\/index.php\/2024\/07\/22\/lula-reforca-agenda-estatizante-com-retomada-de-refinaria-vendida-na-gestao-bolsonaro\/\"]}]},{\"@type\":\"ImageObject\",\"inLanguage\":\"pt-BR\",\"@id\":\"https:\/\/jornalfatosenoticias.com.br\/index.php\/2024\/07\/22\/lula-reforca-agenda-estatizante-com-retomada-de-refinaria-vendida-na-gestao-bolsonaro\/#primaryimage\",\"url\":\"https:\/\/jornalfatosenoticias.com.br\/wp-content\/uploads\/2024\/07\/LULA-PETROBRAS_gettyimages.jpg\",\"contentUrl\":\"https:\/\/jornalfatosenoticias.com.br\/wp-content\/uploads\/2024\/07\/LULA-PETROBRAS_gettyimages.jpg\",\"width\":612,\"height\":408,\"caption\":\"RIO DE JANEIRO, BRAZIL - OCTOBER 28: Brazilian President Lula da Silva visits a Petrobras' vessel platform to announce the start of pre-salt exploration in the Tupi field, Santos Basin, on October 28, 2010 in Rio de Janeiro, Brazil. (Photo by Buda Mendes \/LatinContent via Getty Images)\"},{\"@type\":\"BreadcrumbList\",\"@id\":\"https:\/\/jornalfatosenoticias.com.br\/index.php\/2024\/07\/22\/lula-reforca-agenda-estatizante-com-retomada-de-refinaria-vendida-na-gestao-bolsonaro\/#breadcrumb\",\"itemListElement\":[{\"@type\":\"ListItem\",\"position\":1,\"name\":\"In\u00edcio\",\"item\":\"https:\/\/jornalfatosenoticias.com.br\/\"},{\"@type\":\"ListItem\",\"position\":2,\"name\":\"Lula refor\u00e7a agenda estatizante com retomada de refinaria vendida na gest\u00e3o Bolsonaro\"}]},{\"@type\":\"WebSite\",\"@id\":\"https:\/\/jornalfatosenoticias.com.br\/#website\",\"url\":\"https:\/\/jornalfatosenoticias.com.br\/\",\"name\":\"Jornal Fatos e Not\u00edcias\",\"description\":\"Not\u00edcias em geral\",\"publisher\":{\"@id\":\"https:\/\/jornalfatosenoticias.com.br\/#organization\"},\"potentialAction\":[{\"@type\":\"SearchAction\",\"target\":{\"@type\":\"EntryPoint\",\"urlTemplate\":\"https:\/\/jornalfatosenoticias.com.br\/?s={search_term_string}\"},\"query-input\":{\"@type\":\"PropertyValueSpecification\",\"valueRequired\":true,\"valueName\":\"search_term_string\"}}],\"inLanguage\":\"pt-BR\"},{\"@type\":\"Organization\",\"@id\":\"https:\/\/jornalfatosenoticias.com.br\/#organization\",\"name\":\"Jornal Fatos e Not\u00edcias\",\"url\":\"https:\/\/jornalfatosenoticias.com.br\/\",\"logo\":{\"@type\":\"ImageObject\",\"inLanguage\":\"pt-BR\",\"@id\":\"https:\/\/jornalfatosenoticias.com.br\/#\/schema\/logo\/image\/\",\"url\":\"https:\/\/jornalfatosenoticias.com.br\/wp-content\/uploads\/2020\/02\/logo120.png\",\"contentUrl\":\"https:\/\/jornalfatosenoticias.com.br\/wp-content\/uploads\/2020\/02\/logo120.png\",\"width\":1227,\"height\":120,\"caption\":\"Jornal Fatos e Not\u00edcias\"},\"image\":{\"@id\":\"https:\/\/jornalfatosenoticias.com.br\/#\/schema\/logo\/image\/\"}},{\"@type\":\"Person\",\"@id\":\"https:\/\/jornalfatosenoticias.com.br\/#\/schema\/person\/d63837fa13ac8666eb9e74e0985d6f81\",\"name\":\"Luzimara Fernandes\",\"image\":{\"@type\":\"ImageObject\",\"inLanguage\":\"pt-BR\",\"@id\":\"https:\/\/jornalfatosenoticias.com.br\/#\/schema\/person\/image\/\",\"url\":\"https:\/\/jornalfatosenoticias.com.br\/wp-content\/uploads\/2025\/05\/EU_portal.jpg\",\"contentUrl\":\"https:\/\/jornalfatosenoticias.com.br\/wp-content\/uploads\/2025\/05\/EU_portal.jpg\",\"caption\":\"Luzimara Fernandes\"},\"description\":\"Jornalista MTB 2358-ES\",\"sameAs\":[\"https:\/\/jornalfatosenoticias.com.br\"],\"url\":\"https:\/\/jornalfatosenoticias.com.br\/index.php\/author\/luzimara\/\"}]}<\/script>\n<!-- \/ Yoast SEO plugin. -->","yoast_head_json":{"title":"Lula refor\u00e7a agenda estatizante com retomada de refinaria vendida na gest\u00e3o Bolsonaro - Jornal Fatos e Not\u00edcias","robots":{"index":"index","follow":"follow","max-snippet":"max-snippet:-1","max-image-preview":"max-image-preview:large","max-video-preview":"max-video-preview:-1"},"canonical":"https:\/\/jornalfatosenoticias.com.br\/index.php\/2024\/07\/22\/lula-reforca-agenda-estatizante-com-retomada-de-refinaria-vendida-na-gestao-bolsonaro\/","og_locale":"pt_BR","og_type":"article","og_title":"Lula refor\u00e7a agenda estatizante com retomada de refinaria vendida na gest\u00e3o Bolsonaro - Jornal Fatos e Not\u00edcias","og_description":"Lula em cerim\u00f4nia na qual anunciou investimentos bilion\u00e1rios na refinaria Abreu e Lima, em Pernambuco Por Raphaela Ribas A Petrobras est\u00e1 perto de fechar a compra da Refinaria de Mataripe, na Bahia, hoje pertecente ao fundo \u00e1rabe Mubadala. O neg\u00f3cio deve ser um marco na reestatiza\u00e7\u00e3o do setor de refino do petr\u00f3leo brasileiro. O governo [&hellip;]","og_url":"https:\/\/jornalfatosenoticias.com.br\/index.php\/2024\/07\/22\/lula-reforca-agenda-estatizante-com-retomada-de-refinaria-vendida-na-gestao-bolsonaro\/","og_site_name":"Jornal Fatos e Not\u00edcias","article_published_time":"2024-07-22T19:24:06+00:00","article_modified_time":"2024-07-22T19:24:07+00:00","og_image":[{"width":612,"height":408,"url":"https:\/\/jornalfatosenoticias.com.br\/wp-content\/uploads\/2024\/07\/LULA-PETROBRAS_gettyimages.jpg","type":"image\/jpeg"}],"author":"Luzimara Fernandes","twitter_card":"summary_large_image","twitter_misc":{"Escrito por":"Luzimara Fernandes","Est. tempo de leitura":"6 minutos"},"schema":{"@context":"https:\/\/schema.org","@graph":[{"@type":"Article","@id":"https:\/\/jornalfatosenoticias.com.br\/index.php\/2024\/07\/22\/lula-reforca-agenda-estatizante-com-retomada-de-refinaria-vendida-na-gestao-bolsonaro\/#article","isPartOf":{"@id":"https:\/\/jornalfatosenoticias.com.br\/index.php\/2024\/07\/22\/lula-reforca-agenda-estatizante-com-retomada-de-refinaria-vendida-na-gestao-bolsonaro\/"},"author":{"name":"Luzimara Fernandes","@id":"https:\/\/jornalfatosenoticias.com.br\/#\/schema\/person\/d63837fa13ac8666eb9e74e0985d6f81"},"headline":"Lula refor\u00e7a agenda estatizante com retomada de refinaria vendida na gest\u00e3o Bolsonaro","datePublished":"2024-07-22T19:24:06+00:00","dateModified":"2024-07-22T19:24:07+00:00","mainEntityOfPage":{"@id":"https:\/\/jornalfatosenoticias.com.br\/index.php\/2024\/07\/22\/lula-reforca-agenda-estatizante-com-retomada-de-refinaria-vendida-na-gestao-bolsonaro\/"},"wordCount":1174,"commentCount":0,"publisher":{"@id":"https:\/\/jornalfatosenoticias.com.br\/#organization"},"image":{"@id":"https:\/\/jornalfatosenoticias.com.br\/index.php\/2024\/07\/22\/lula-reforca-agenda-estatizante-com-retomada-de-refinaria-vendida-na-gestao-bolsonaro\/#primaryimage"},"thumbnailUrl":"https:\/\/jornalfatosenoticias.com.br\/wp-content\/uploads\/2024\/07\/LULA-PETROBRAS_gettyimages.jpg","keywords":["Bahia","Bolsonaro","energia","investimentos","Jair Bolsonaro","Jean Paul Prates","log\u00edstica","Lula","Petrobras","petr\u00f3leo","PT","Recife","transi\u00e7\u00e3o energ\u00e9tica","Venezuela"],"articleSection":["Economia"],"inLanguage":"pt-BR","potentialAction":[{"@type":"CommentAction","name":"Comment","target":["https:\/\/jornalfatosenoticias.com.br\/index.php\/2024\/07\/22\/lula-reforca-agenda-estatizante-com-retomada-de-refinaria-vendida-na-gestao-bolsonaro\/#respond"]}]},{"@type":"WebPage","@id":"https:\/\/jornalfatosenoticias.com.br\/index.php\/2024\/07\/22\/lula-reforca-agenda-estatizante-com-retomada-de-refinaria-vendida-na-gestao-bolsonaro\/","url":"https:\/\/jornalfatosenoticias.com.br\/index.php\/2024\/07\/22\/lula-reforca-agenda-estatizante-com-retomada-de-refinaria-vendida-na-gestao-bolsonaro\/","name":"Lula refor\u00e7a agenda estatizante com retomada de refinaria vendida na gest\u00e3o Bolsonaro - Jornal Fatos e Not\u00edcias","isPartOf":{"@id":"https:\/\/jornalfatosenoticias.com.br\/#website"},"primaryImageOfPage":{"@id":"https:\/\/jornalfatosenoticias.com.br\/index.php\/2024\/07\/22\/lula-reforca-agenda-estatizante-com-retomada-de-refinaria-vendida-na-gestao-bolsonaro\/#primaryimage"},"image":{"@id":"https:\/\/jornalfatosenoticias.com.br\/index.php\/2024\/07\/22\/lula-reforca-agenda-estatizante-com-retomada-de-refinaria-vendida-na-gestao-bolsonaro\/#primaryimage"},"thumbnailUrl":"https:\/\/jornalfatosenoticias.com.br\/wp-content\/uploads\/2024\/07\/LULA-PETROBRAS_gettyimages.jpg","datePublished":"2024-07-22T19:24:06+00:00","dateModified":"2024-07-22T19:24:07+00:00","breadcrumb":{"@id":"https:\/\/jornalfatosenoticias.com.br\/index.php\/2024\/07\/22\/lula-reforca-agenda-estatizante-com-retomada-de-refinaria-vendida-na-gestao-bolsonaro\/#breadcrumb"},"inLanguage":"pt-BR","potentialAction":[{"@type":"ReadAction","target":["https:\/\/jornalfatosenoticias.com.br\/index.php\/2024\/07\/22\/lula-reforca-agenda-estatizante-com-retomada-de-refinaria-vendida-na-gestao-bolsonaro\/"]}]},{"@type":"ImageObject","inLanguage":"pt-BR","@id":"https:\/\/jornalfatosenoticias.com.br\/index.php\/2024\/07\/22\/lula-reforca-agenda-estatizante-com-retomada-de-refinaria-vendida-na-gestao-bolsonaro\/#primaryimage","url":"https:\/\/jornalfatosenoticias.com.br\/wp-content\/uploads\/2024\/07\/LULA-PETROBRAS_gettyimages.jpg","contentUrl":"https:\/\/jornalfatosenoticias.com.br\/wp-content\/uploads\/2024\/07\/LULA-PETROBRAS_gettyimages.jpg","width":612,"height":408,"caption":"RIO DE JANEIRO, BRAZIL - OCTOBER 28: Brazilian President Lula da Silva visits a Petrobras' vessel platform to announce the start of pre-salt exploration in the Tupi field, Santos Basin, on October 28, 2010 in Rio de Janeiro, Brazil. (Photo by Buda Mendes \/LatinContent via Getty Images)"},{"@type":"BreadcrumbList","@id":"https:\/\/jornalfatosenoticias.com.br\/index.php\/2024\/07\/22\/lula-reforca-agenda-estatizante-com-retomada-de-refinaria-vendida-na-gestao-bolsonaro\/#breadcrumb","itemListElement":[{"@type":"ListItem","position":1,"name":"In\u00edcio","item":"https:\/\/jornalfatosenoticias.com.br\/"},{"@type":"ListItem","position":2,"name":"Lula refor\u00e7a agenda estatizante com retomada de refinaria vendida na gest\u00e3o Bolsonaro"}]},{"@type":"WebSite","@id":"https:\/\/jornalfatosenoticias.com.br\/#website","url":"https:\/\/jornalfatosenoticias.com.br\/","name":"Jornal Fatos e Not\u00edcias","description":"Not\u00edcias em geral","publisher":{"@id":"https:\/\/jornalfatosenoticias.com.br\/#organization"},"potentialAction":[{"@type":"SearchAction","target":{"@type":"EntryPoint","urlTemplate":"https:\/\/jornalfatosenoticias.com.br\/?s={search_term_string}"},"query-input":{"@type":"PropertyValueSpecification","valueRequired":true,"valueName":"search_term_string"}}],"inLanguage":"pt-BR"},{"@type":"Organization","@id":"https:\/\/jornalfatosenoticias.com.br\/#organization","name":"Jornal Fatos e Not\u00edcias","url":"https:\/\/jornalfatosenoticias.com.br\/","logo":{"@type":"ImageObject","inLanguage":"pt-BR","@id":"https:\/\/jornalfatosenoticias.com.br\/#\/schema\/logo\/image\/","url":"https:\/\/jornalfatosenoticias.com.br\/wp-content\/uploads\/2020\/02\/logo120.png","contentUrl":"https:\/\/jornalfatosenoticias.com.br\/wp-content\/uploads\/2020\/02\/logo120.png","width":1227,"height":120,"caption":"Jornal Fatos e Not\u00edcias"},"image":{"@id":"https:\/\/jornalfatosenoticias.com.br\/#\/schema\/logo\/image\/"}},{"@type":"Person","@id":"https:\/\/jornalfatosenoticias.com.br\/#\/schema\/person\/d63837fa13ac8666eb9e74e0985d6f81","name":"Luzimara Fernandes","image":{"@type":"ImageObject","inLanguage":"pt-BR","@id":"https:\/\/jornalfatosenoticias.com.br\/#\/schema\/person\/image\/","url":"https:\/\/jornalfatosenoticias.com.br\/wp-content\/uploads\/2025\/05\/EU_portal.jpg","contentUrl":"https:\/\/jornalfatosenoticias.com.br\/wp-content\/uploads\/2025\/05\/EU_portal.jpg","caption":"Luzimara Fernandes"},"description":"Jornalista MTB 2358-ES","sameAs":["https:\/\/jornalfatosenoticias.com.br"],"url":"https:\/\/jornalfatosenoticias.com.br\/index.php\/author\/luzimara\/"}]}},"cc_featured_image_caption":{"caption_text":"(Foto: Getty Images)","source_text":"","source_url":""},"jetpack_featured_media_url":"https:\/\/jornalfatosenoticias.com.br\/wp-content\/uploads\/2024\/07\/LULA-PETROBRAS_gettyimages.jpg","_links":{"self":[{"href":"https:\/\/jornalfatosenoticias.com.br\/index.php\/wp-json\/wp\/v2\/posts\/52904","targetHints":{"allow":["GET"]}}],"collection":[{"href":"https:\/\/jornalfatosenoticias.com.br\/index.php\/wp-json\/wp\/v2\/posts"}],"about":[{"href":"https:\/\/jornalfatosenoticias.com.br\/index.php\/wp-json\/wp\/v2\/types\/post"}],"author":[{"embeddable":true,"href":"https:\/\/jornalfatosenoticias.com.br\/index.php\/wp-json\/wp\/v2\/users\/2"}],"replies":[{"embeddable":true,"href":"https:\/\/jornalfatosenoticias.com.br\/index.php\/wp-json\/wp\/v2\/comments?post=52904"}],"version-history":[{"count":0,"href":"https:\/\/jornalfatosenoticias.com.br\/index.php\/wp-json\/wp\/v2\/posts\/52904\/revisions"}],"wp:featuredmedia":[{"embeddable":true,"href":"https:\/\/jornalfatosenoticias.com.br\/index.php\/wp-json\/wp\/v2\/media\/52905"}],"wp:attachment":[{"href":"https:\/\/jornalfatosenoticias.com.br\/index.php\/wp-json\/wp\/v2\/media?parent=52904"}],"wp:term":[{"taxonomy":"category","embeddable":true,"href":"https:\/\/jornalfatosenoticias.com.br\/index.php\/wp-json\/wp\/v2\/categories?post=52904"},{"taxonomy":"post_tag","embeddable":true,"href":"https:\/\/jornalfatosenoticias.com.br\/index.php\/wp-json\/wp\/v2\/tags?post=52904"}],"curies":[{"name":"wp","href":"https:\/\/api.w.org\/{rel}","templated":true}]}}