{"id":52913,"date":"2024-07-23T09:50:30","date_gmt":"2024-07-23T12:50:30","guid":{"rendered":"https:\/\/jornalfatosenoticias.com.br\/?p=52913"},"modified":"2024-07-23T09:50:31","modified_gmt":"2024-07-23T12:50:31","slug":"contato-com-a-natureza-pode-retardar-a-demencia-em-idosos","status":"publish","type":"post","link":"https:\/\/jornalfatosenoticias.com.br\/index.php\/2024\/07\/23\/contato-com-a-natureza-pode-retardar-a-demencia-em-idosos\/","title":{"rendered":"Contato com a natureza pode retardar a dem\u00eancia em idosos"},"content":{"rendered":"\n<p><em><span class=\"has-inline-color has-black-color\">Viver pr\u00f3ximo a \u00e1reas verdes pode desacelerar o avan\u00e7o do decl\u00ednio cognitivo em at\u00e9 oito meses, revela um novo estudo<\/span><\/em><\/p>\n\n\n\n<p><span class=\"has-inline-color has-black-color\">Por <strong><a href=\"https:\/\/olhardigital.com.br\/author\/nayra-teles\/\">Nayra Teles<\/a><\/strong><\/span><\/p>\n\n\n\n<div class=\"wp-block-image\"><figure class=\"aligncenter size-large\"><a href=\"https:\/\/mizu.com.br\/\"><img loading=\"lazy\" decoding=\"async\" width=\"729\" height=\"90\" src=\"https:\/\/jornalfatosenoticias.com.br\/wp-content\/uploads\/2020\/02\/Logo_Mizu.png\" alt=\"\" class=\"wp-image-1441\" srcset=\"https:\/\/jornalfatosenoticias.com.br\/wp-content\/uploads\/2020\/02\/Logo_Mizu.png 729w, https:\/\/jornalfatosenoticias.com.br\/wp-content\/uploads\/2020\/02\/Logo_Mizu-300x37.png 300w\" sizes=\"auto, (max-width: 729px) 100vw, 729px\" \/><\/a><\/figure><\/div>\n\n\n\n<p>O contato com a <a href=\"https:\/\/olhardigital.com.br\/tag\/natureza\/\"><strong>natureza<\/strong><\/a>\u00a0j\u00e1 se mostrou ben\u00e9fico para diversas \u00e1reas da vida humana. Um\u00a0<a href=\"https:\/\/olhardigital.com.br\/2024\/04\/25\/medicina-e-saude\/morar-proximo-de-areas-verdes-reduz-o-risco-de-ansiedade-e-depressao\/\"><strong>estudo recente<\/strong><\/a>\u00a0mostrou como morar pr\u00f3ximo de \u00e1reas verdes pode ajudar a reduzir o risco de ansiedade e depress\u00e3o. Agora, outra pesquisa revela um novo benef\u00edcio para pessoas idosas. Viver perto de parques e \u00e1rvores pode retardar o avan\u00e7o da\u00a0<a href=\"https:\/\/olhardigital.com.br\/tag\/demencia\/\"><strong>dem\u00eancia<\/strong><\/a>.<br>A investiga\u00e7\u00e3o, conduzida pela Escola de Sa\u00fade P\u00fablica da Universidade de Boston (BUSPH) e publicada na revista <strong><a href=\"https:\/\/ehp.niehs.nih.gov\/doi\/10.1289\/EHP13588\">Environmental Health Perspectives<\/a><\/strong>, avaliou informa\u00e7\u00f5es de 16.962 enfermeiros com 70 anos referentes aos anos de 1995 a 2008, sendo um dos maiores estudos do tipo.<\/p>\n\n\n\n<div class=\"wp-block-image\"><figure class=\"aligncenter size-large\"><a href=\"https:\/\/www.instagram.com\/baraodascarnes.es\/\"><img decoding=\"async\" src=\"https:\/\/jornalfatosenoticias.com.br\/wp-content\/uploads\/2020\/02\/barao-das-carnes-300x164-1.jpg\" alt=\"\" class=\"wp-image-34339\"\/><\/a><\/figure><\/div>\n\n\n\n<p>As evid\u00eancias encontradas no estudo refor\u00e7am a necessidade de preservar espa\u00e7os verdes na cidade, especialmente em \u00e1reas de baixo n\u00edvel socioecon\u00f4mico e alta densidade populacional. O contato com a natureza pode fazer toda a diferen\u00e7a na sa\u00fade dos moradores, como defendem os pesquisadores.<\/p>\n\n\n\n<div class=\"wp-block-image\"><figure class=\"aligncenter size-large\"><a href=\"https:\/\/www.facebook.com\/Esteio-Churrascaria-Barbecue-103643461220402\/\"><img decoding=\"async\" src=\"https:\/\/jornalfatosenoticias.com.br\/wp-content\/uploads\/2020\/02\/logo_esteio.jpg\" alt=\"\" class=\"wp-image-1214\"\/><\/a><\/figure><\/div>\n\n\n\n<blockquote class=\"wp-block-quote is-layout-flow wp-block-quote-is-layout-flow\"><p><span class=\"has-inline-color has-luminous-vivid-orange-color\">Nossos resultados s\u00e3o importantes porque destacam os benef\u00edcios cognitivos do aumento da exposi\u00e7\u00e3o a espa\u00e7os verdes em n\u00edvel populacional, especialmente entre subgrupos vulner\u00e1veis da popula\u00e7\u00e3o&#8221;, diz a Dr\u00aa Marcia Pescador Jimenez, l\u00edder do estudo, para <strong><a href=\"https:\/\/medicalxpress.com\/news\/2024-07-greener-neighborhoods-midlife-cognitive-decline.html\">Medical Xpress<\/a><\/strong>.<\/span><\/p><\/blockquote>\n\n\n\n<div class=\"wp-block-image\"><figure class=\"aligncenter size-large is-resized\"><a href=\"https:\/\/hotelmarquetti.com.br\/\"><img loading=\"lazy\" decoding=\"async\" src=\"https:\/\/jornalfatosenoticias.com.br\/wp-content\/uploads\/2023\/03\/nova-logo-Marquetti.jpg\" alt=\"\" class=\"wp-image-40207\" width=\"329\" height=\"221\" srcset=\"https:\/\/jornalfatosenoticias.com.br\/wp-content\/uploads\/2023\/03\/nova-logo-Marquetti.jpg 643w, https:\/\/jornalfatosenoticias.com.br\/wp-content\/uploads\/2023\/03\/nova-logo-Marquetti-300x202.jpg 300w\" sizes=\"auto, (max-width: 329px) 100vw, 329px\" \/><\/a><\/figure><\/div>\n\n\n\n<p>O estudo tamb\u00e9m sublinhou que a exposi\u00e7\u00e3o \u00e0 natureza na <strong><a href=\"https:\/\/olhardigital.com.br\/tag\/idoso\/\">meia-idade<\/a><\/strong> pode estar associada \u00e0 sa\u00fade mental, influenciando o decl\u00ednio cognitivo ao longo do tempo.<\/p>\n\n\n\n<p><strong><em>Fonte: <a href=\"https:\/\/olhardigital.com.br\/2024\/07\/19\/medicina-e-saude\/contato-com-a-natureza-pode-retardar-a-demencia-em-idosos\/\">Olhar Digital<\/a><\/em><\/strong><\/p>\n","protected":false},"excerpt":{"rendered":"<p>Viver pr\u00f3ximo a \u00e1reas verdes pode desacelerar o avan\u00e7o do decl\u00ednio cognitivo em at\u00e9 oito meses, revela um novo estudo Por Nayra Teles O contato com a natureza\u00a0j\u00e1 se mostrou ben\u00e9fico para diversas \u00e1reas da vida humana. Um\u00a0estudo recente\u00a0mostrou como morar pr\u00f3ximo de \u00e1reas verdes pode ajudar a reduzir o risco de ansiedade e depress\u00e3o. [&hellip;]<\/p>\n","protected":false},"author":2,"featured_media":52914,"comment_status":"open","ping_status":"open","sticky":false,"template":"","format":"standard","meta":{"footnotes":""},"categories":[42],"tags":[5688,8690,3402,850,655],"class_list":["post-52913","post","type-post","status-publish","format-standard","has-post-thumbnail","hentry","category-bem-estar","tag-areas-verdes","tag-declinio-cognitivo","tag-demencia","tag-idosos","tag-natureza"],"yoast_head":"<!-- This site is optimized with the Yoast SEO plugin v26.5 - https:\/\/yoast.com\/wordpress\/plugins\/seo\/ -->\n<title>Contato com a natureza pode retardar a dem\u00eancia em idosos - Jornal Fatos e Not\u00edcias<\/title>\n<meta name=\"robots\" content=\"index, follow, max-snippet:-1, max-image-preview:large, max-video-preview:-1\" \/>\n<link rel=\"canonical\" href=\"https:\/\/jornalfatosenoticias.com.br\/index.php\/2024\/07\/23\/contato-com-a-natureza-pode-retardar-a-demencia-em-idosos\/\" \/>\n<meta property=\"og:locale\" content=\"pt_BR\" \/>\n<meta property=\"og:type\" content=\"article\" \/>\n<meta property=\"og:title\" content=\"Contato com a natureza pode retardar a dem\u00eancia em idosos - Jornal Fatos e Not\u00edcias\" \/>\n<meta property=\"og:description\" content=\"Viver pr\u00f3ximo a \u00e1reas verdes pode desacelerar o avan\u00e7o do decl\u00ednio cognitivo em at\u00e9 oito meses, revela um novo estudo Por Nayra Teles O contato com a natureza\u00a0j\u00e1 se mostrou ben\u00e9fico para diversas \u00e1reas da vida humana. Um\u00a0estudo recente\u00a0mostrou como morar pr\u00f3ximo de \u00e1reas verdes pode ajudar a reduzir o risco de ansiedade e depress\u00e3o. [&hellip;]\" \/>\n<meta property=\"og:url\" content=\"https:\/\/jornalfatosenoticias.com.br\/index.php\/2024\/07\/23\/contato-com-a-natureza-pode-retardar-a-demencia-em-idosos\/\" \/>\n<meta property=\"og:site_name\" content=\"Jornal Fatos e Not\u00edcias\" \/>\n<meta property=\"article:published_time\" content=\"2024-07-23T12:50:30+00:00\" \/>\n<meta property=\"article:modified_time\" content=\"2024-07-23T12:50:31+00:00\" \/>\n<meta property=\"og:image\" content=\"https:\/\/jornalfatosenoticias.com.br\/wp-content\/uploads\/2024\/07\/idosos-e-natureza_freepik.jpg\" \/>\n\t<meta property=\"og:image:width\" content=\"996\" \/>\n\t<meta property=\"og:image:height\" content=\"558\" \/>\n\t<meta property=\"og:image:type\" content=\"image\/jpeg\" \/>\n<meta name=\"author\" content=\"Luzimara Fernandes\" \/>\n<meta name=\"twitter:card\" content=\"summary_large_image\" \/>\n<meta name=\"twitter:label1\" content=\"Escrito por\" \/>\n\t<meta name=\"twitter:data1\" content=\"Luzimara Fernandes\" \/>\n\t<meta name=\"twitter:label2\" content=\"Est. tempo de leitura\" \/>\n\t<meta name=\"twitter:data2\" content=\"1 minuto\" \/>\n<script type=\"application\/ld+json\" class=\"yoast-schema-graph\">{\"@context\":\"https:\/\/schema.org\",\"@graph\":[{\"@type\":\"Article\",\"@id\":\"https:\/\/jornalfatosenoticias.com.br\/index.php\/2024\/07\/23\/contato-com-a-natureza-pode-retardar-a-demencia-em-idosos\/#article\",\"isPartOf\":{\"@id\":\"https:\/\/jornalfatosenoticias.com.br\/index.php\/2024\/07\/23\/contato-com-a-natureza-pode-retardar-a-demencia-em-idosos\/\"},\"author\":{\"name\":\"Luzimara Fernandes\",\"@id\":\"https:\/\/jornalfatosenoticias.com.br\/#\/schema\/person\/d63837fa13ac8666eb9e74e0985d6f81\"},\"headline\":\"Contato com a natureza pode retardar a dem\u00eancia em idosos\",\"datePublished\":\"2024-07-23T12:50:30+00:00\",\"dateModified\":\"2024-07-23T12:50:31+00:00\",\"mainEntityOfPage\":{\"@id\":\"https:\/\/jornalfatosenoticias.com.br\/index.php\/2024\/07\/23\/contato-com-a-natureza-pode-retardar-a-demencia-em-idosos\/\"},\"wordCount\":267,\"commentCount\":0,\"publisher\":{\"@id\":\"https:\/\/jornalfatosenoticias.com.br\/#organization\"},\"image\":{\"@id\":\"https:\/\/jornalfatosenoticias.com.br\/index.php\/2024\/07\/23\/contato-com-a-natureza-pode-retardar-a-demencia-em-idosos\/#primaryimage\"},\"thumbnailUrl\":\"https:\/\/jornalfatosenoticias.com.br\/wp-content\/uploads\/2024\/07\/idosos-e-natureza_freepik.jpg\",\"keywords\":[\"\u00e1reas verdes\",\"decl\u00ednio cognitivo\",\"dem\u00eancia\",\"idosos\",\"natureza\"],\"articleSection\":[\"Bem-estar\"],\"inLanguage\":\"pt-BR\",\"potentialAction\":[{\"@type\":\"CommentAction\",\"name\":\"Comment\",\"target\":[\"https:\/\/jornalfatosenoticias.com.br\/index.php\/2024\/07\/23\/contato-com-a-natureza-pode-retardar-a-demencia-em-idosos\/#respond\"]}]},{\"@type\":\"WebPage\",\"@id\":\"https:\/\/jornalfatosenoticias.com.br\/index.php\/2024\/07\/23\/contato-com-a-natureza-pode-retardar-a-demencia-em-idosos\/\",\"url\":\"https:\/\/jornalfatosenoticias.com.br\/index.php\/2024\/07\/23\/contato-com-a-natureza-pode-retardar-a-demencia-em-idosos\/\",\"name\":\"Contato com a natureza pode retardar a dem\u00eancia em idosos - Jornal Fatos e Not\u00edcias\",\"isPartOf\":{\"@id\":\"https:\/\/jornalfatosenoticias.com.br\/#website\"},\"primaryImageOfPage\":{\"@id\":\"https:\/\/jornalfatosenoticias.com.br\/index.php\/2024\/07\/23\/contato-com-a-natureza-pode-retardar-a-demencia-em-idosos\/#primaryimage\"},\"image\":{\"@id\":\"https:\/\/jornalfatosenoticias.com.br\/index.php\/2024\/07\/23\/contato-com-a-natureza-pode-retardar-a-demencia-em-idosos\/#primaryimage\"},\"thumbnailUrl\":\"https:\/\/jornalfatosenoticias.com.br\/wp-content\/uploads\/2024\/07\/idosos-e-natureza_freepik.jpg\",\"datePublished\":\"2024-07-23T12:50:30+00:00\",\"dateModified\":\"2024-07-23T12:50:31+00:00\",\"breadcrumb\":{\"@id\":\"https:\/\/jornalfatosenoticias.com.br\/index.php\/2024\/07\/23\/contato-com-a-natureza-pode-retardar-a-demencia-em-idosos\/#breadcrumb\"},\"inLanguage\":\"pt-BR\",\"potentialAction\":[{\"@type\":\"ReadAction\",\"target\":[\"https:\/\/jornalfatosenoticias.com.br\/index.php\/2024\/07\/23\/contato-com-a-natureza-pode-retardar-a-demencia-em-idosos\/\"]}]},{\"@type\":\"ImageObject\",\"inLanguage\":\"pt-BR\",\"@id\":\"https:\/\/jornalfatosenoticias.com.br\/index.php\/2024\/07\/23\/contato-com-a-natureza-pode-retardar-a-demencia-em-idosos\/#primaryimage\",\"url\":\"https:\/\/jornalfatosenoticias.com.br\/wp-content\/uploads\/2024\/07\/idosos-e-natureza_freepik.jpg\",\"contentUrl\":\"https:\/\/jornalfatosenoticias.com.br\/wp-content\/uploads\/2024\/07\/idosos-e-natureza_freepik.jpg\",\"width\":996,\"height\":558},{\"@type\":\"BreadcrumbList\",\"@id\":\"https:\/\/jornalfatosenoticias.com.br\/index.php\/2024\/07\/23\/contato-com-a-natureza-pode-retardar-a-demencia-em-idosos\/#breadcrumb\",\"itemListElement\":[{\"@type\":\"ListItem\",\"position\":1,\"name\":\"In\u00edcio\",\"item\":\"https:\/\/jornalfatosenoticias.com.br\/\"},{\"@type\":\"ListItem\",\"position\":2,\"name\":\"Contato com a natureza pode retardar a dem\u00eancia em idosos\"}]},{\"@type\":\"WebSite\",\"@id\":\"https:\/\/jornalfatosenoticias.com.br\/#website\",\"url\":\"https:\/\/jornalfatosenoticias.com.br\/\",\"name\":\"Jornal Fatos e Not\u00edcias\",\"description\":\"Not\u00edcias em geral\",\"publisher\":{\"@id\":\"https:\/\/jornalfatosenoticias.com.br\/#organization\"},\"potentialAction\":[{\"@type\":\"SearchAction\",\"target\":{\"@type\":\"EntryPoint\",\"urlTemplate\":\"https:\/\/jornalfatosenoticias.com.br\/?s={search_term_string}\"},\"query-input\":{\"@type\":\"PropertyValueSpecification\",\"valueRequired\":true,\"valueName\":\"search_term_string\"}}],\"inLanguage\":\"pt-BR\"},{\"@type\":\"Organization\",\"@id\":\"https:\/\/jornalfatosenoticias.com.br\/#organization\",\"name\":\"Jornal Fatos e Not\u00edcias\",\"url\":\"https:\/\/jornalfatosenoticias.com.br\/\",\"logo\":{\"@type\":\"ImageObject\",\"inLanguage\":\"pt-BR\",\"@id\":\"https:\/\/jornalfatosenoticias.com.br\/#\/schema\/logo\/image\/\",\"url\":\"https:\/\/jornalfatosenoticias.com.br\/wp-content\/uploads\/2020\/02\/logo120.png\",\"contentUrl\":\"https:\/\/jornalfatosenoticias.com.br\/wp-content\/uploads\/2020\/02\/logo120.png\",\"width\":1227,\"height\":120,\"caption\":\"Jornal Fatos e Not\u00edcias\"},\"image\":{\"@id\":\"https:\/\/jornalfatosenoticias.com.br\/#\/schema\/logo\/image\/\"}},{\"@type\":\"Person\",\"@id\":\"https:\/\/jornalfatosenoticias.com.br\/#\/schema\/person\/d63837fa13ac8666eb9e74e0985d6f81\",\"name\":\"Luzimara Fernandes\",\"image\":{\"@type\":\"ImageObject\",\"inLanguage\":\"pt-BR\",\"@id\":\"https:\/\/jornalfatosenoticias.com.br\/#\/schema\/person\/image\/\",\"url\":\"https:\/\/jornalfatosenoticias.com.br\/wp-content\/uploads\/2025\/05\/EU_portal.jpg\",\"contentUrl\":\"https:\/\/jornalfatosenoticias.com.br\/wp-content\/uploads\/2025\/05\/EU_portal.jpg\",\"caption\":\"Luzimara Fernandes\"},\"description\":\"Jornalista MTB 2358-ES\",\"sameAs\":[\"https:\/\/jornalfatosenoticias.com.br\"],\"url\":\"https:\/\/jornalfatosenoticias.com.br\/index.php\/author\/luzimara\/\"}]}<\/script>\n<!-- \/ Yoast SEO plugin. -->","yoast_head_json":{"title":"Contato com a natureza pode retardar a dem\u00eancia em idosos - Jornal Fatos e Not\u00edcias","robots":{"index":"index","follow":"follow","max-snippet":"max-snippet:-1","max-image-preview":"max-image-preview:large","max-video-preview":"max-video-preview:-1"},"canonical":"https:\/\/jornalfatosenoticias.com.br\/index.php\/2024\/07\/23\/contato-com-a-natureza-pode-retardar-a-demencia-em-idosos\/","og_locale":"pt_BR","og_type":"article","og_title":"Contato com a natureza pode retardar a dem\u00eancia em idosos - Jornal Fatos e Not\u00edcias","og_description":"Viver pr\u00f3ximo a \u00e1reas verdes pode desacelerar o avan\u00e7o do decl\u00ednio cognitivo em at\u00e9 oito meses, revela um novo estudo Por Nayra Teles O contato com a natureza\u00a0j\u00e1 se mostrou ben\u00e9fico para diversas \u00e1reas da vida humana. Um\u00a0estudo recente\u00a0mostrou como morar pr\u00f3ximo de \u00e1reas verdes pode ajudar a reduzir o risco de ansiedade e depress\u00e3o. [&hellip;]","og_url":"https:\/\/jornalfatosenoticias.com.br\/index.php\/2024\/07\/23\/contato-com-a-natureza-pode-retardar-a-demencia-em-idosos\/","og_site_name":"Jornal Fatos e Not\u00edcias","article_published_time":"2024-07-23T12:50:30+00:00","article_modified_time":"2024-07-23T12:50:31+00:00","og_image":[{"width":996,"height":558,"url":"https:\/\/jornalfatosenoticias.com.br\/wp-content\/uploads\/2024\/07\/idosos-e-natureza_freepik.jpg","type":"image\/jpeg"}],"author":"Luzimara Fernandes","twitter_card":"summary_large_image","twitter_misc":{"Escrito por":"Luzimara Fernandes","Est. tempo de leitura":"1 minuto"},"schema":{"@context":"https:\/\/schema.org","@graph":[{"@type":"Article","@id":"https:\/\/jornalfatosenoticias.com.br\/index.php\/2024\/07\/23\/contato-com-a-natureza-pode-retardar-a-demencia-em-idosos\/#article","isPartOf":{"@id":"https:\/\/jornalfatosenoticias.com.br\/index.php\/2024\/07\/23\/contato-com-a-natureza-pode-retardar-a-demencia-em-idosos\/"},"author":{"name":"Luzimara Fernandes","@id":"https:\/\/jornalfatosenoticias.com.br\/#\/schema\/person\/d63837fa13ac8666eb9e74e0985d6f81"},"headline":"Contato com a natureza pode retardar a dem\u00eancia em idosos","datePublished":"2024-07-23T12:50:30+00:00","dateModified":"2024-07-23T12:50:31+00:00","mainEntityOfPage":{"@id":"https:\/\/jornalfatosenoticias.com.br\/index.php\/2024\/07\/23\/contato-com-a-natureza-pode-retardar-a-demencia-em-idosos\/"},"wordCount":267,"commentCount":0,"publisher":{"@id":"https:\/\/jornalfatosenoticias.com.br\/#organization"},"image":{"@id":"https:\/\/jornalfatosenoticias.com.br\/index.php\/2024\/07\/23\/contato-com-a-natureza-pode-retardar-a-demencia-em-idosos\/#primaryimage"},"thumbnailUrl":"https:\/\/jornalfatosenoticias.com.br\/wp-content\/uploads\/2024\/07\/idosos-e-natureza_freepik.jpg","keywords":["\u00e1reas verdes","decl\u00ednio cognitivo","dem\u00eancia","idosos","natureza"],"articleSection":["Bem-estar"],"inLanguage":"pt-BR","potentialAction":[{"@type":"CommentAction","name":"Comment","target":["https:\/\/jornalfatosenoticias.com.br\/index.php\/2024\/07\/23\/contato-com-a-natureza-pode-retardar-a-demencia-em-idosos\/#respond"]}]},{"@type":"WebPage","@id":"https:\/\/jornalfatosenoticias.com.br\/index.php\/2024\/07\/23\/contato-com-a-natureza-pode-retardar-a-demencia-em-idosos\/","url":"https:\/\/jornalfatosenoticias.com.br\/index.php\/2024\/07\/23\/contato-com-a-natureza-pode-retardar-a-demencia-em-idosos\/","name":"Contato com a natureza pode retardar a dem\u00eancia em idosos - Jornal Fatos e Not\u00edcias","isPartOf":{"@id":"https:\/\/jornalfatosenoticias.com.br\/#website"},"primaryImageOfPage":{"@id":"https:\/\/jornalfatosenoticias.com.br\/index.php\/2024\/07\/23\/contato-com-a-natureza-pode-retardar-a-demencia-em-idosos\/#primaryimage"},"image":{"@id":"https:\/\/jornalfatosenoticias.com.br\/index.php\/2024\/07\/23\/contato-com-a-natureza-pode-retardar-a-demencia-em-idosos\/#primaryimage"},"thumbnailUrl":"https:\/\/jornalfatosenoticias.com.br\/wp-content\/uploads\/2024\/07\/idosos-e-natureza_freepik.jpg","datePublished":"2024-07-23T12:50:30+00:00","dateModified":"2024-07-23T12:50:31+00:00","breadcrumb":{"@id":"https:\/\/jornalfatosenoticias.com.br\/index.php\/2024\/07\/23\/contato-com-a-natureza-pode-retardar-a-demencia-em-idosos\/#breadcrumb"},"inLanguage":"pt-BR","potentialAction":[{"@type":"ReadAction","target":["https:\/\/jornalfatosenoticias.com.br\/index.php\/2024\/07\/23\/contato-com-a-natureza-pode-retardar-a-demencia-em-idosos\/"]}]},{"@type":"ImageObject","inLanguage":"pt-BR","@id":"https:\/\/jornalfatosenoticias.com.br\/index.php\/2024\/07\/23\/contato-com-a-natureza-pode-retardar-a-demencia-em-idosos\/#primaryimage","url":"https:\/\/jornalfatosenoticias.com.br\/wp-content\/uploads\/2024\/07\/idosos-e-natureza_freepik.jpg","contentUrl":"https:\/\/jornalfatosenoticias.com.br\/wp-content\/uploads\/2024\/07\/idosos-e-natureza_freepik.jpg","width":996,"height":558},{"@type":"BreadcrumbList","@id":"https:\/\/jornalfatosenoticias.com.br\/index.php\/2024\/07\/23\/contato-com-a-natureza-pode-retardar-a-demencia-em-idosos\/#breadcrumb","itemListElement":[{"@type":"ListItem","position":1,"name":"In\u00edcio","item":"https:\/\/jornalfatosenoticias.com.br\/"},{"@type":"ListItem","position":2,"name":"Contato com a natureza pode retardar a dem\u00eancia em idosos"}]},{"@type":"WebSite","@id":"https:\/\/jornalfatosenoticias.com.br\/#website","url":"https:\/\/jornalfatosenoticias.com.br\/","name":"Jornal Fatos e Not\u00edcias","description":"Not\u00edcias em geral","publisher":{"@id":"https:\/\/jornalfatosenoticias.com.br\/#organization"},"potentialAction":[{"@type":"SearchAction","target":{"@type":"EntryPoint","urlTemplate":"https:\/\/jornalfatosenoticias.com.br\/?s={search_term_string}"},"query-input":{"@type":"PropertyValueSpecification","valueRequired":true,"valueName":"search_term_string"}}],"inLanguage":"pt-BR"},{"@type":"Organization","@id":"https:\/\/jornalfatosenoticias.com.br\/#organization","name":"Jornal Fatos e Not\u00edcias","url":"https:\/\/jornalfatosenoticias.com.br\/","logo":{"@type":"ImageObject","inLanguage":"pt-BR","@id":"https:\/\/jornalfatosenoticias.com.br\/#\/schema\/logo\/image\/","url":"https:\/\/jornalfatosenoticias.com.br\/wp-content\/uploads\/2020\/02\/logo120.png","contentUrl":"https:\/\/jornalfatosenoticias.com.br\/wp-content\/uploads\/2020\/02\/logo120.png","width":1227,"height":120,"caption":"Jornal Fatos e Not\u00edcias"},"image":{"@id":"https:\/\/jornalfatosenoticias.com.br\/#\/schema\/logo\/image\/"}},{"@type":"Person","@id":"https:\/\/jornalfatosenoticias.com.br\/#\/schema\/person\/d63837fa13ac8666eb9e74e0985d6f81","name":"Luzimara Fernandes","image":{"@type":"ImageObject","inLanguage":"pt-BR","@id":"https:\/\/jornalfatosenoticias.com.br\/#\/schema\/person\/image\/","url":"https:\/\/jornalfatosenoticias.com.br\/wp-content\/uploads\/2025\/05\/EU_portal.jpg","contentUrl":"https:\/\/jornalfatosenoticias.com.br\/wp-content\/uploads\/2025\/05\/EU_portal.jpg","caption":"Luzimara Fernandes"},"description":"Jornalista MTB 2358-ES","sameAs":["https:\/\/jornalfatosenoticias.com.br"],"url":"https:\/\/jornalfatosenoticias.com.br\/index.php\/author\/luzimara\/"}]}},"cc_featured_image_caption":{"caption_text":"(Foto: Freepik) ","source_text":"","source_url":""},"jetpack_featured_media_url":"https:\/\/jornalfatosenoticias.com.br\/wp-content\/uploads\/2024\/07\/idosos-e-natureza_freepik.jpg","_links":{"self":[{"href":"https:\/\/jornalfatosenoticias.com.br\/index.php\/wp-json\/wp\/v2\/posts\/52913","targetHints":{"allow":["GET"]}}],"collection":[{"href":"https:\/\/jornalfatosenoticias.com.br\/index.php\/wp-json\/wp\/v2\/posts"}],"about":[{"href":"https:\/\/jornalfatosenoticias.com.br\/index.php\/wp-json\/wp\/v2\/types\/post"}],"author":[{"embeddable":true,"href":"https:\/\/jornalfatosenoticias.com.br\/index.php\/wp-json\/wp\/v2\/users\/2"}],"replies":[{"embeddable":true,"href":"https:\/\/jornalfatosenoticias.com.br\/index.php\/wp-json\/wp\/v2\/comments?post=52913"}],"version-history":[{"count":0,"href":"https:\/\/jornalfatosenoticias.com.br\/index.php\/wp-json\/wp\/v2\/posts\/52913\/revisions"}],"wp:featuredmedia":[{"embeddable":true,"href":"https:\/\/jornalfatosenoticias.com.br\/index.php\/wp-json\/wp\/v2\/media\/52914"}],"wp:attachment":[{"href":"https:\/\/jornalfatosenoticias.com.br\/index.php\/wp-json\/wp\/v2\/media?parent=52913"}],"wp:term":[{"taxonomy":"category","embeddable":true,"href":"https:\/\/jornalfatosenoticias.com.br\/index.php\/wp-json\/wp\/v2\/categories?post=52913"},{"taxonomy":"post_tag","embeddable":true,"href":"https:\/\/jornalfatosenoticias.com.br\/index.php\/wp-json\/wp\/v2\/tags?post=52913"}],"curies":[{"name":"wp","href":"https:\/\/api.w.org\/{rel}","templated":true}]}}