{"id":52948,"date":"2024-07-23T15:54:49","date_gmt":"2024-07-23T18:54:49","guid":{"rendered":"https:\/\/jornalfatosenoticias.com.br\/?p=52948"},"modified":"2024-07-23T15:54:52","modified_gmt":"2024-07-23T18:54:52","slug":"argentina-registra-inflacao-zero-nos-alimentos-pela-primeira-vez-em-30-anos","status":"publish","type":"post","link":"https:\/\/jornalfatosenoticias.com.br\/index.php\/2024\/07\/23\/argentina-registra-inflacao-zero-nos-alimentos-pela-primeira-vez-em-30-anos\/","title":{"rendered":"Argentina registra infla\u00e7\u00e3o zero nos alimentos pela primeira vez em 30 anos"},"content":{"rendered":"\n<p><em><span class=\"has-inline-color has-black-color\">Apesar do dado positivo, pa\u00eds enfrenta recess\u00e3o, segundo dados oficiais<\/span><\/em><\/p>\n\n\n\n<p><span class=\"has-inline-color has-black-color\">Por <strong><a href=\"https:\/\/www.epochtimes.com.br\/author\/matheus-andrade-teixeira\">Matheus Andrade<\/a><\/strong><\/span><\/p>\n\n\n\n<div class=\"wp-block-image\"><figure class=\"aligncenter size-large\"><a href=\"https:\/\/mizu.com.br\/\"><img loading=\"lazy\" decoding=\"async\" width=\"729\" height=\"90\" src=\"https:\/\/jornalfatosenoticias.com.br\/wp-content\/uploads\/2020\/02\/Logo_Mizu.png\" alt=\"\" class=\"wp-image-1441\" srcset=\"https:\/\/jornalfatosenoticias.com.br\/wp-content\/uploads\/2020\/02\/Logo_Mizu.png 729w, https:\/\/jornalfatosenoticias.com.br\/wp-content\/uploads\/2020\/02\/Logo_Mizu-300x37.png 300w\" sizes=\"auto, (max-width: 729px) 100vw, 729px\" \/><\/a><\/figure><\/div>\n\n\n\n<p>A Argentina registrou infla\u00e7\u00e3o de 0% nos alimentos na terceira semana de junho de 2024. O resultado foi confirmado e celebrado pelo presidente do pa\u00eds, Javier Milei. \u201cCome\u00e7am a aparecer ind\u00edcios de que as coisas est\u00e3o funcionando\u201d, disse Milei em <a href=\"https:\/\/www.epochtimes.com.br\/focus\/entrevista-a-radio-mitre\" target=\"_blank\" rel=\"noreferrer noopener\">entrevista \u00e0 r\u00e1dio Mitre<\/a>, de\u00a0<a href=\"https:\/\/www.epochtimes.com.br\/focus\/buenos-aires\" target=\"_blank\" rel=\"noreferrer noopener\">Buenos Aires<\/a>. &#8220;Teria sido uma cat\u00e1strofe se n\u00e3o tiv\u00e9ssemos atuado corretamente\u201d.<br>A informa\u00e7\u00e3o foi relatada anteriormente pelas empresas de pesquisa e consultoria <a href=\"https:\/\/www.epochtimes.com.br\/focus\/lcg\" target=\"_blank\" rel=\"noreferrer noopener\">LCG<\/a>\u00a0e\u00a0<a href=\"https:\/\/www.epochtimes.com.br\/focus\/econometrica\" target=\"_blank\" rel=\"noreferrer noopener\">Econom\u00e9trica<\/a>. \u00c9 a primeira vez em\u00a0<a href=\"https:\/\/www.epochtimes.com.br\/focus\/30-anos\" target=\"_blank\" rel=\"noreferrer noopener\">30 anos<\/a> que o indicador chega a esse n\u00edvel. Milei atribuiu a queda da infla\u00e7\u00e3o a <a href=\"https:\/\/www.epochtimes.com.br\/focus\/reformas-estruturais\" target=\"_blank\" rel=\"noreferrer noopener\">reformas estruturais<\/a>\u00a0e\u00a0<a href=\"https:\/\/www.epochtimes.com.br\/focus\/politicas-monetarias\" target=\"_blank\" rel=\"noreferrer noopener\">pol\u00edticas monet\u00e1rias<\/a>\u00a0que buscam controlar a quantidade de dinheiro em circula\u00e7\u00e3o e equilibrar o or\u00e7amento. As reformas inclu\u00edram\u00a0<a href=\"https:\/\/www.epochtimes.com.br\/focus\/cortes-nos-gastos-publicos\" target=\"_blank\" rel=\"noreferrer noopener\">cortes nos gastos p\u00fablicos<\/a> e uma pol\u00edtica monet\u00e1ria mais restritiva.<\/p>\n\n\n\n<div class=\"wp-block-image\"><figure class=\"aligncenter size-large is-resized\"><a href=\"https:\/\/www.facebook.com\/postobkr\/?locale=pt_BR\"><img loading=\"lazy\" decoding=\"async\" src=\"https:\/\/jornalfatosenoticias.com.br\/wp-content\/uploads\/2023\/08\/BKR-1024x1021.jpg\" alt=\"\" class=\"wp-image-44494\" width=\"299\" height=\"298\" srcset=\"https:\/\/jornalfatosenoticias.com.br\/wp-content\/uploads\/2023\/08\/BKR-1024x1021.jpg 1024w, https:\/\/jornalfatosenoticias.com.br\/wp-content\/uploads\/2023\/08\/BKR-300x300.jpg 300w, https:\/\/jornalfatosenoticias.com.br\/wp-content\/uploads\/2023\/08\/BKR-150x150.jpg 150w, https:\/\/jornalfatosenoticias.com.br\/wp-content\/uploads\/2023\/08\/BKR-768x766.jpg 768w, https:\/\/jornalfatosenoticias.com.br\/wp-content\/uploads\/2023\/08\/BKR.jpg 1080w\" sizes=\"auto, (max-width: 299px) 100vw, 299px\" \/><\/a><\/figure><\/div>\n\n\n\n<blockquote class=\"wp-block-quote is-layout-flow wp-block-quote-is-layout-flow\"><p><span class=\"has-inline-color has-luminous-vivid-orange-color\">A <a href=\"https:\/\/www.epochtimes.com.br\/focus\/riqueza\" target=\"_blank\" rel=\"noreferrer noopener\">riqueza<\/a> n\u00e3o se imprime, a riqueza se gera\u201d, disse Milei.<\/span><\/p><\/blockquote>\n\n\n\n<div class=\"wp-block-image\"><figure class=\"aligncenter size-large is-resized\"><a href=\"https:\/\/panper.com.br\/\"><img loading=\"lazy\" decoding=\"async\" src=\"https:\/\/jornalfatosenoticias.com.br\/wp-content\/uploads\/2023\/03\/logo-Panper_portal.jpg\" alt=\"\" class=\"wp-image-40208\" width=\"322\" height=\"223\" srcset=\"https:\/\/jornalfatosenoticias.com.br\/wp-content\/uploads\/2023\/03\/logo-Panper_portal.jpg 400w, https:\/\/jornalfatosenoticias.com.br\/wp-content\/uploads\/2023\/03\/logo-Panper_portal-300x208.jpg 300w\" sizes=\"auto, (max-width: 322px) 100vw, 322px\" \/><\/a><\/figure><\/div>\n\n\n\n<p>Reduzir a infla\u00e7\u00e3o \u00e9 visto pelo presidente Argentino como passo crucial para recuperar a economia do pa\u00eds \u2014 que enfrenta h\u00e1 anos altos n\u00edveis de <a href=\"https:\/\/www.epochtimes.com.br\/focus\/divida-publica\" target=\"_blank\" rel=\"noreferrer noopener\">d\u00edvida p\u00fablica<\/a>\u00a0e\u00a0<a href=\"https:\/\/www.epochtimes.com.br\/focus\/instabilidade\" target=\"_blank\" rel=\"noreferrer noopener\">instabilidade<\/a>. Segundo o <a href=\"https:\/\/www.epochtimes.com.br\/focus\/instituto-nacional-de-estatistica-e-censos\" target=\"_blank\" rel=\"noreferrer noopener\">Instituto Nacional de Estat\u00edstica e Censos<\/a>\u00a0da Argentina (Indec), organiza\u00e7\u00e3o an\u00e1loga ao IBGE brasileiro, o \u00cdndice de Pre\u00e7os ao Consumidor (<a href=\"https:\/\/www.epochtimes.com.br\/focus\/ipc\" target=\"_blank\" rel=\"noreferrer noopener\">IPC<\/a>) e o \u00cdndice de Custo da Constru\u00e7\u00e3o (<a href=\"https:\/\/www.epochtimes.com.br\/focus\/icc\" target=\"_blank\" rel=\"noreferrer noopener\">ICC<\/a>), dois medidores da infla\u00e7\u00e3o, tamb\u00e9m refletiram essas melhorias. Um <a href=\"https:\/\/www.indec.gob.ar\/uploads\/informesdeprensa\/ipc_06_24AF3B6493C2.pdf\" target=\"_blank\" rel=\"noreferrer noopener\">relat\u00f3rio<\/a> do Indec para maio de 2024 mostrou uma queda constante da infla\u00e7\u00e3o desde o in\u00edcio do mandato de Milei.<\/p>\n\n\n\n<div class=\"wp-block-image\"><figure class=\"aligncenter size-large\"><img loading=\"lazy\" decoding=\"async\" width=\"1000\" height=\"426\" src=\"https:\/\/jornalfatosenoticias.com.br\/wp-content\/uploads\/2024\/07\/grafico-inflacao-argentina.jpg\" alt=\"\" class=\"wp-image-52949\" srcset=\"https:\/\/jornalfatosenoticias.com.br\/wp-content\/uploads\/2024\/07\/grafico-inflacao-argentina.jpg 1000w, https:\/\/jornalfatosenoticias.com.br\/wp-content\/uploads\/2024\/07\/grafico-inflacao-argentina-300x128.jpg 300w, https:\/\/jornalfatosenoticias.com.br\/wp-content\/uploads\/2024\/07\/grafico-inflacao-argentina-768x327.jpg 768w\" sizes=\"auto, (max-width: 1000px) 100vw, 1000px\" \/><figcaption><em><span class=\"has-inline-color has-black-color\">Um gr\u00e1fico publicado pelo Instituto Nacional de Estat\u00edstica e Censos da Argentina (Indec) exibe a varia\u00e7\u00e3o mensal do \u00cdndice de Pre\u00e7os ao Consumidor (Reprodu\u00e7\u00e3o\/Indec)<\/span><\/em><\/figcaption><\/figure><\/div>\n\n\n\n<p><strong><span class=\"has-inline-color has-black-color\">Recess\u00e3o \u2014 sem alternativa a <strong>\u201c<a href=\"https:\/\/www.epochtimes.com.br\/focus\/tratamento-de-choque\" target=\"_blank\" rel=\"noreferrer noopener\">tratamento de choque<\/a>\u201d<\/strong><br><\/span><\/strong>Apesar da comemora\u00e7\u00e3o quanto \u00e0 infla\u00e7\u00e3o, dados oficiais tamb\u00e9m registram que o pa\u00eds entrou em <a href=\"https:\/\/www.epochtimes.com.br\/focus\/recessao-tecnica\" target=\"_blank\" rel=\"noreferrer noopener\">recess\u00e3o t\u00e9cnica<\/a>\u00a0no\u00a0<a href=\"https:\/\/www.epochtimes.com.br\/focus\/primeiro-trimestre\" target=\"_blank\" rel=\"noreferrer noopener\">primeiro trimestre<\/a>. Um relat\u00f3rio do <a href=\"https:\/\/www.epochtimes.com.br\/focus\/ministerio-da-economia-da-argentina\" target=\"_blank\" rel=\"noreferrer noopener\">Minist\u00e9rio da Economia da Argentina<\/a> sobre o per\u00edodo, mostra que o Produto Interno Bruto (PIB) do pa\u00eds, medida da produ\u00e7\u00e3o nacional, registrou uma queda de 2,6% comparado com o trimestre anterior. \u00c9 o segundo trimestre consecutivo com queda, o que comumente \u00e9 usado como crit\u00e9rio para afirmar que h\u00e1 \u201crecess\u00e3o\u201d.<\/p>\n\n\n\n<div class=\"wp-block-image\"><figure class=\"aligncenter size-large is-resized\"><a href=\"https:\/\/www.controlsystems.com.br\/\"><img loading=\"lazy\" decoding=\"async\" src=\"https:\/\/jornalfatosenoticias.com.br\/wp-content\/uploads\/2020\/02\/CONTROL-CS.jpg\" alt=\"\" class=\"wp-image-44991\" width=\"277\" height=\"332\" srcset=\"https:\/\/jornalfatosenoticias.com.br\/wp-content\/uploads\/2020\/02\/CONTROL-CS.jpg 834w, https:\/\/jornalfatosenoticias.com.br\/wp-content\/uploads\/2020\/02\/CONTROL-CS-250x300.jpg 250w, https:\/\/jornalfatosenoticias.com.br\/wp-content\/uploads\/2020\/02\/CONTROL-CS-768x921.jpg 768w\" sizes=\"auto, (max-width: 277px) 100vw, 277px\" \/><\/a><\/figure><\/div>\n\n\n\n<p>Em 10 de dezembro de 2023, em seu discurso de posse, Milei disse que n\u00e3o haveria alternativa para a economia nacional a n\u00e3o ser um \u201ctratamento de choque\u201d doloroso. O autodeclarado libert\u00e1rio assumiu o pa\u00eds em meio \u00e0 pior <a href=\"https:\/\/www.epochtimes.com.br\/focus\/crise-economica\" target=\"_blank\" rel=\"noreferrer noopener\">crise econ\u00f4mica<\/a> enfrentada pela Argentina desde 2001. <\/p>\n\n\n\n<div class=\"wp-block-image\"><figure class=\"aligncenter size-large\"><a href=\"http:\/\/www.ferrarimaquinas.com.br\/\"><img loading=\"lazy\" decoding=\"async\" width=\"300\" height=\"250\" src=\"https:\/\/jornalfatosenoticias.com.br\/wp-content\/uploads\/2022\/02\/FERRARI_MAQUINAS-E-FERRAMENTAS2.jpg\" alt=\"\" class=\"wp-image-27860\"\/><\/a><\/figure><\/div>\n\n\n\n<p>\u00c0 \u00e9poca da posse, a infla\u00e7\u00e3o anual atingia 211%. \u201cSabemos que no curto prazo a situa\u00e7\u00e3o vai piorar\u201d, Milei alertava, pontuando que depois \u201cveremos os frutos dos nossos esfor\u00e7os\u201d.<\/p>\n\n\n\n<div class=\"wp-block-image\"><figure class=\"aligncenter size-large\"><a href=\"https:\/\/cesconetto.com.br\/\"><img loading=\"lazy\" decoding=\"async\" width=\"300\" height=\"250\" src=\"https:\/\/jornalfatosenoticias.com.br\/wp-content\/uploads\/2020\/02\/Banner-2.png\" alt=\"\" class=\"wp-image-43787\"\/><\/a><\/figure><\/div>\n\n\n\n<p>As estat\u00edsticas oficiais divulgadas sobre o primeiro trimestre de 2024 tamb\u00e9m mostram um aumento na <a href=\"https:\/\/www.epochtimes.com.br\/focus\/taxa-de-desemprego\" target=\"_blank\" rel=\"noreferrer noopener\">taxa de desemprego<\/a>, subindo para 7,7%, comparado a 5,7% no in\u00edcio do ano.<\/p>\n\n\n\n<div class=\"wp-block-image\"><figure class=\"aligncenter size-large is-resized\"><a href=\"https:\/\/hotelmarquetti.com.br\/\"><img loading=\"lazy\" decoding=\"async\" src=\"https:\/\/jornalfatosenoticias.com.br\/wp-content\/uploads\/2020\/02\/nova-logo-Marquetti.jpg\" alt=\"\" class=\"wp-image-22331\" width=\"329\" height=\"221\" srcset=\"https:\/\/jornalfatosenoticias.com.br\/wp-content\/uploads\/2020\/02\/nova-logo-Marquetti.jpg 643w, https:\/\/jornalfatosenoticias.com.br\/wp-content\/uploads\/2020\/02\/nova-logo-Marquetti-300x202.jpg 300w\" sizes=\"auto, (max-width: 329px) 100vw, 329px\" \/><\/a><\/figure><\/div>\n\n\n\n<p><strong><em>Fonte:<a href=\"https:\/\/www.epochtimes.com.br\/mundo\/argentina-registra-inflacao-zero-nos-alimentos-pela-primeira-vez-em-30-anos-199259.html#:~:text=A%20Argentina%20registrou%20infla%C3%A7%C3%A3o%20de,24)%20durante%20visita%20%C3%A0%20Europa.\"> Epoch Times Brasil<\/a><\/em><\/strong><\/p>\n","protected":false},"excerpt":{"rendered":"<p>Apesar do dado positivo, pa\u00eds enfrenta recess\u00e3o, segundo dados oficiais Por Matheus Andrade A Argentina registrou infla\u00e7\u00e3o de 0% nos alimentos na terceira semana de junho de 2024. O resultado foi confirmado e celebrado pelo presidente do pa\u00eds, Javier Milei. \u201cCome\u00e7am a aparecer ind\u00edcios de que as coisas est\u00e3o funcionando\u201d, disse Milei em entrevista \u00e0 [&hellip;]<\/p>\n","protected":false},"author":2,"featured_media":52950,"comment_status":"open","ping_status":"open","sticky":false,"template":"","format":"standard","meta":{"footnotes":""},"categories":[41],"tags":[5995,24156,1971,4182,18616],"class_list":["post-52948","post","type-post","status-publish","format-standard","has-post-thumbnail","hentry","category-internacional","tag-argentina","tag-corte-nos-gastos-publicos","tag-desemprego","tag-inflacao","tag-javier-milei"],"yoast_head":"<!-- This site is optimized with the Yoast SEO plugin v26.5 - https:\/\/yoast.com\/wordpress\/plugins\/seo\/ -->\n<title>Argentina registra infla\u00e7\u00e3o zero nos alimentos pela primeira vez em 30 anos - Jornal Fatos e Not\u00edcias<\/title>\n<meta name=\"robots\" content=\"index, follow, max-snippet:-1, max-image-preview:large, max-video-preview:-1\" \/>\n<link rel=\"canonical\" href=\"https:\/\/jornalfatosenoticias.com.br\/index.php\/2024\/07\/23\/argentina-registra-inflacao-zero-nos-alimentos-pela-primeira-vez-em-30-anos\/\" \/>\n<meta property=\"og:locale\" content=\"pt_BR\" \/>\n<meta property=\"og:type\" content=\"article\" \/>\n<meta property=\"og:title\" content=\"Argentina registra infla\u00e7\u00e3o zero nos alimentos pela primeira vez em 30 anos - Jornal Fatos e Not\u00edcias\" \/>\n<meta property=\"og:description\" content=\"Apesar do dado positivo, pa\u00eds enfrenta recess\u00e3o, segundo dados oficiais Por Matheus Andrade A Argentina registrou infla\u00e7\u00e3o de 0% nos alimentos na terceira semana de junho de 2024. O resultado foi confirmado e celebrado pelo presidente do pa\u00eds, Javier Milei. \u201cCome\u00e7am a aparecer ind\u00edcios de que as coisas est\u00e3o funcionando\u201d, disse Milei em entrevista \u00e0 [&hellip;]\" \/>\n<meta property=\"og:url\" content=\"https:\/\/jornalfatosenoticias.com.br\/index.php\/2024\/07\/23\/argentina-registra-inflacao-zero-nos-alimentos-pela-primeira-vez-em-30-anos\/\" \/>\n<meta property=\"og:site_name\" content=\"Jornal Fatos e Not\u00edcias\" \/>\n<meta property=\"article:published_time\" content=\"2024-07-23T18:54:49+00:00\" \/>\n<meta property=\"article:modified_time\" content=\"2024-07-23T18:54:52+00:00\" \/>\n<meta property=\"og:image\" content=\"https:\/\/jornalfatosenoticias.com.br\/wp-content\/uploads\/2024\/07\/milei_gettyimages-3.jpg\" \/>\n\t<meta property=\"og:image:width\" content=\"612\" \/>\n\t<meta property=\"og:image:height\" content=\"408\" \/>\n\t<meta property=\"og:image:type\" content=\"image\/jpeg\" \/>\n<meta name=\"author\" content=\"Luzimara Fernandes\" \/>\n<meta name=\"twitter:card\" content=\"summary_large_image\" \/>\n<meta name=\"twitter:label1\" content=\"Escrito por\" \/>\n\t<meta name=\"twitter:data1\" content=\"Luzimara Fernandes\" \/>\n\t<meta name=\"twitter:label2\" content=\"Est. tempo de leitura\" \/>\n\t<meta name=\"twitter:data2\" content=\"2 minutos\" \/>\n<script type=\"application\/ld+json\" class=\"yoast-schema-graph\">{\"@context\":\"https:\/\/schema.org\",\"@graph\":[{\"@type\":\"Article\",\"@id\":\"https:\/\/jornalfatosenoticias.com.br\/index.php\/2024\/07\/23\/argentina-registra-inflacao-zero-nos-alimentos-pela-primeira-vez-em-30-anos\/#article\",\"isPartOf\":{\"@id\":\"https:\/\/jornalfatosenoticias.com.br\/index.php\/2024\/07\/23\/argentina-registra-inflacao-zero-nos-alimentos-pela-primeira-vez-em-30-anos\/\"},\"author\":{\"name\":\"Luzimara Fernandes\",\"@id\":\"https:\/\/jornalfatosenoticias.com.br\/#\/schema\/person\/d63837fa13ac8666eb9e74e0985d6f81\"},\"headline\":\"Argentina registra infla\u00e7\u00e3o zero nos alimentos pela primeira vez em 30 anos\",\"datePublished\":\"2024-07-23T18:54:49+00:00\",\"dateModified\":\"2024-07-23T18:54:52+00:00\",\"mainEntityOfPage\":{\"@id\":\"https:\/\/jornalfatosenoticias.com.br\/index.php\/2024\/07\/23\/argentina-registra-inflacao-zero-nos-alimentos-pela-primeira-vez-em-30-anos\/\"},\"wordCount\":507,\"commentCount\":0,\"publisher\":{\"@id\":\"https:\/\/jornalfatosenoticias.com.br\/#organization\"},\"image\":{\"@id\":\"https:\/\/jornalfatosenoticias.com.br\/index.php\/2024\/07\/23\/argentina-registra-inflacao-zero-nos-alimentos-pela-primeira-vez-em-30-anos\/#primaryimage\"},\"thumbnailUrl\":\"https:\/\/jornalfatosenoticias.com.br\/wp-content\/uploads\/2024\/07\/milei_gettyimages-3.jpg\",\"keywords\":[\"Argentina\",\"corte nos gastos p\u00fablicos\",\"desemprego\",\"infla\u00e7\u00e3o\",\"Javier Milei\"],\"articleSection\":[\"Internacional\"],\"inLanguage\":\"pt-BR\",\"potentialAction\":[{\"@type\":\"CommentAction\",\"name\":\"Comment\",\"target\":[\"https:\/\/jornalfatosenoticias.com.br\/index.php\/2024\/07\/23\/argentina-registra-inflacao-zero-nos-alimentos-pela-primeira-vez-em-30-anos\/#respond\"]}]},{\"@type\":\"WebPage\",\"@id\":\"https:\/\/jornalfatosenoticias.com.br\/index.php\/2024\/07\/23\/argentina-registra-inflacao-zero-nos-alimentos-pela-primeira-vez-em-30-anos\/\",\"url\":\"https:\/\/jornalfatosenoticias.com.br\/index.php\/2024\/07\/23\/argentina-registra-inflacao-zero-nos-alimentos-pela-primeira-vez-em-30-anos\/\",\"name\":\"Argentina registra infla\u00e7\u00e3o zero nos alimentos pela primeira vez em 30 anos - Jornal Fatos e Not\u00edcias\",\"isPartOf\":{\"@id\":\"https:\/\/jornalfatosenoticias.com.br\/#website\"},\"primaryImageOfPage\":{\"@id\":\"https:\/\/jornalfatosenoticias.com.br\/index.php\/2024\/07\/23\/argentina-registra-inflacao-zero-nos-alimentos-pela-primeira-vez-em-30-anos\/#primaryimage\"},\"image\":{\"@id\":\"https:\/\/jornalfatosenoticias.com.br\/index.php\/2024\/07\/23\/argentina-registra-inflacao-zero-nos-alimentos-pela-primeira-vez-em-30-anos\/#primaryimage\"},\"thumbnailUrl\":\"https:\/\/jornalfatosenoticias.com.br\/wp-content\/uploads\/2024\/07\/milei_gettyimages-3.jpg\",\"datePublished\":\"2024-07-23T18:54:49+00:00\",\"dateModified\":\"2024-07-23T18:54:52+00:00\",\"breadcrumb\":{\"@id\":\"https:\/\/jornalfatosenoticias.com.br\/index.php\/2024\/07\/23\/argentina-registra-inflacao-zero-nos-alimentos-pela-primeira-vez-em-30-anos\/#breadcrumb\"},\"inLanguage\":\"pt-BR\",\"potentialAction\":[{\"@type\":\"ReadAction\",\"target\":[\"https:\/\/jornalfatosenoticias.com.br\/index.php\/2024\/07\/23\/argentina-registra-inflacao-zero-nos-alimentos-pela-primeira-vez-em-30-anos\/\"]}]},{\"@type\":\"ImageObject\",\"inLanguage\":\"pt-BR\",\"@id\":\"https:\/\/jornalfatosenoticias.com.br\/index.php\/2024\/07\/23\/argentina-registra-inflacao-zero-nos-alimentos-pela-primeira-vez-em-30-anos\/#primaryimage\",\"url\":\"https:\/\/jornalfatosenoticias.com.br\/wp-content\/uploads\/2024\/07\/milei_gettyimages-3.jpg\",\"contentUrl\":\"https:\/\/jornalfatosenoticias.com.br\/wp-content\/uploads\/2024\/07\/milei_gettyimages-3.jpg\",\"width\":612,\"height\":408,\"caption\":\"CAMBORIU, BRAZIL - JULY 7: President of Argentina Javier Milei speaks during the Conservative Political Action Conference (CPAC) on July 7, 2024 in Camboriu, Brazil. President of Argentina Javier Milei and former President of Brazil Jair Bolsonaro are leading the 5th edition of the CPAC. It is considered the largest and most influential forum of conservatives and ultra liberals in the world. (Photo by Pedro H. Tesch\/Getty Images)\"},{\"@type\":\"BreadcrumbList\",\"@id\":\"https:\/\/jornalfatosenoticias.com.br\/index.php\/2024\/07\/23\/argentina-registra-inflacao-zero-nos-alimentos-pela-primeira-vez-em-30-anos\/#breadcrumb\",\"itemListElement\":[{\"@type\":\"ListItem\",\"position\":1,\"name\":\"In\u00edcio\",\"item\":\"https:\/\/jornalfatosenoticias.com.br\/\"},{\"@type\":\"ListItem\",\"position\":2,\"name\":\"Argentina registra infla\u00e7\u00e3o zero nos alimentos pela primeira vez em 30 anos\"}]},{\"@type\":\"WebSite\",\"@id\":\"https:\/\/jornalfatosenoticias.com.br\/#website\",\"url\":\"https:\/\/jornalfatosenoticias.com.br\/\",\"name\":\"Jornal Fatos e Not\u00edcias\",\"description\":\"Not\u00edcias em geral\",\"publisher\":{\"@id\":\"https:\/\/jornalfatosenoticias.com.br\/#organization\"},\"potentialAction\":[{\"@type\":\"SearchAction\",\"target\":{\"@type\":\"EntryPoint\",\"urlTemplate\":\"https:\/\/jornalfatosenoticias.com.br\/?s={search_term_string}\"},\"query-input\":{\"@type\":\"PropertyValueSpecification\",\"valueRequired\":true,\"valueName\":\"search_term_string\"}}],\"inLanguage\":\"pt-BR\"},{\"@type\":\"Organization\",\"@id\":\"https:\/\/jornalfatosenoticias.com.br\/#organization\",\"name\":\"Jornal Fatos e Not\u00edcias\",\"url\":\"https:\/\/jornalfatosenoticias.com.br\/\",\"logo\":{\"@type\":\"ImageObject\",\"inLanguage\":\"pt-BR\",\"@id\":\"https:\/\/jornalfatosenoticias.com.br\/#\/schema\/logo\/image\/\",\"url\":\"https:\/\/jornalfatosenoticias.com.br\/wp-content\/uploads\/2020\/02\/logo120.png\",\"contentUrl\":\"https:\/\/jornalfatosenoticias.com.br\/wp-content\/uploads\/2020\/02\/logo120.png\",\"width\":1227,\"height\":120,\"caption\":\"Jornal Fatos e Not\u00edcias\"},\"image\":{\"@id\":\"https:\/\/jornalfatosenoticias.com.br\/#\/schema\/logo\/image\/\"}},{\"@type\":\"Person\",\"@id\":\"https:\/\/jornalfatosenoticias.com.br\/#\/schema\/person\/d63837fa13ac8666eb9e74e0985d6f81\",\"name\":\"Luzimara Fernandes\",\"image\":{\"@type\":\"ImageObject\",\"inLanguage\":\"pt-BR\",\"@id\":\"https:\/\/jornalfatosenoticias.com.br\/#\/schema\/person\/image\/\",\"url\":\"https:\/\/jornalfatosenoticias.com.br\/wp-content\/uploads\/2025\/05\/EU_portal.jpg\",\"contentUrl\":\"https:\/\/jornalfatosenoticias.com.br\/wp-content\/uploads\/2025\/05\/EU_portal.jpg\",\"caption\":\"Luzimara Fernandes\"},\"description\":\"Jornalista MTB 2358-ES\",\"sameAs\":[\"https:\/\/jornalfatosenoticias.com.br\"],\"url\":\"https:\/\/jornalfatosenoticias.com.br\/index.php\/author\/luzimara\/\"}]}<\/script>\n<!-- \/ Yoast SEO plugin. -->","yoast_head_json":{"title":"Argentina registra infla\u00e7\u00e3o zero nos alimentos pela primeira vez em 30 anos - Jornal Fatos e Not\u00edcias","robots":{"index":"index","follow":"follow","max-snippet":"max-snippet:-1","max-image-preview":"max-image-preview:large","max-video-preview":"max-video-preview:-1"},"canonical":"https:\/\/jornalfatosenoticias.com.br\/index.php\/2024\/07\/23\/argentina-registra-inflacao-zero-nos-alimentos-pela-primeira-vez-em-30-anos\/","og_locale":"pt_BR","og_type":"article","og_title":"Argentina registra infla\u00e7\u00e3o zero nos alimentos pela primeira vez em 30 anos - Jornal Fatos e Not\u00edcias","og_description":"Apesar do dado positivo, pa\u00eds enfrenta recess\u00e3o, segundo dados oficiais Por Matheus Andrade A Argentina registrou infla\u00e7\u00e3o de 0% nos alimentos na terceira semana de junho de 2024. O resultado foi confirmado e celebrado pelo presidente do pa\u00eds, Javier Milei. \u201cCome\u00e7am a aparecer ind\u00edcios de que as coisas est\u00e3o funcionando\u201d, disse Milei em entrevista \u00e0 [&hellip;]","og_url":"https:\/\/jornalfatosenoticias.com.br\/index.php\/2024\/07\/23\/argentina-registra-inflacao-zero-nos-alimentos-pela-primeira-vez-em-30-anos\/","og_site_name":"Jornal Fatos e Not\u00edcias","article_published_time":"2024-07-23T18:54:49+00:00","article_modified_time":"2024-07-23T18:54:52+00:00","og_image":[{"width":612,"height":408,"url":"https:\/\/jornalfatosenoticias.com.br\/wp-content\/uploads\/2024\/07\/milei_gettyimages-3.jpg","type":"image\/jpeg"}],"author":"Luzimara Fernandes","twitter_card":"summary_large_image","twitter_misc":{"Escrito por":"Luzimara Fernandes","Est. tempo de leitura":"2 minutos"},"schema":{"@context":"https:\/\/schema.org","@graph":[{"@type":"Article","@id":"https:\/\/jornalfatosenoticias.com.br\/index.php\/2024\/07\/23\/argentina-registra-inflacao-zero-nos-alimentos-pela-primeira-vez-em-30-anos\/#article","isPartOf":{"@id":"https:\/\/jornalfatosenoticias.com.br\/index.php\/2024\/07\/23\/argentina-registra-inflacao-zero-nos-alimentos-pela-primeira-vez-em-30-anos\/"},"author":{"name":"Luzimara Fernandes","@id":"https:\/\/jornalfatosenoticias.com.br\/#\/schema\/person\/d63837fa13ac8666eb9e74e0985d6f81"},"headline":"Argentina registra infla\u00e7\u00e3o zero nos alimentos pela primeira vez em 30 anos","datePublished":"2024-07-23T18:54:49+00:00","dateModified":"2024-07-23T18:54:52+00:00","mainEntityOfPage":{"@id":"https:\/\/jornalfatosenoticias.com.br\/index.php\/2024\/07\/23\/argentina-registra-inflacao-zero-nos-alimentos-pela-primeira-vez-em-30-anos\/"},"wordCount":507,"commentCount":0,"publisher":{"@id":"https:\/\/jornalfatosenoticias.com.br\/#organization"},"image":{"@id":"https:\/\/jornalfatosenoticias.com.br\/index.php\/2024\/07\/23\/argentina-registra-inflacao-zero-nos-alimentos-pela-primeira-vez-em-30-anos\/#primaryimage"},"thumbnailUrl":"https:\/\/jornalfatosenoticias.com.br\/wp-content\/uploads\/2024\/07\/milei_gettyimages-3.jpg","keywords":["Argentina","corte nos gastos p\u00fablicos","desemprego","infla\u00e7\u00e3o","Javier Milei"],"articleSection":["Internacional"],"inLanguage":"pt-BR","potentialAction":[{"@type":"CommentAction","name":"Comment","target":["https:\/\/jornalfatosenoticias.com.br\/index.php\/2024\/07\/23\/argentina-registra-inflacao-zero-nos-alimentos-pela-primeira-vez-em-30-anos\/#respond"]}]},{"@type":"WebPage","@id":"https:\/\/jornalfatosenoticias.com.br\/index.php\/2024\/07\/23\/argentina-registra-inflacao-zero-nos-alimentos-pela-primeira-vez-em-30-anos\/","url":"https:\/\/jornalfatosenoticias.com.br\/index.php\/2024\/07\/23\/argentina-registra-inflacao-zero-nos-alimentos-pela-primeira-vez-em-30-anos\/","name":"Argentina registra infla\u00e7\u00e3o zero nos alimentos pela primeira vez em 30 anos - Jornal Fatos e Not\u00edcias","isPartOf":{"@id":"https:\/\/jornalfatosenoticias.com.br\/#website"},"primaryImageOfPage":{"@id":"https:\/\/jornalfatosenoticias.com.br\/index.php\/2024\/07\/23\/argentina-registra-inflacao-zero-nos-alimentos-pela-primeira-vez-em-30-anos\/#primaryimage"},"image":{"@id":"https:\/\/jornalfatosenoticias.com.br\/index.php\/2024\/07\/23\/argentina-registra-inflacao-zero-nos-alimentos-pela-primeira-vez-em-30-anos\/#primaryimage"},"thumbnailUrl":"https:\/\/jornalfatosenoticias.com.br\/wp-content\/uploads\/2024\/07\/milei_gettyimages-3.jpg","datePublished":"2024-07-23T18:54:49+00:00","dateModified":"2024-07-23T18:54:52+00:00","breadcrumb":{"@id":"https:\/\/jornalfatosenoticias.com.br\/index.php\/2024\/07\/23\/argentina-registra-inflacao-zero-nos-alimentos-pela-primeira-vez-em-30-anos\/#breadcrumb"},"inLanguage":"pt-BR","potentialAction":[{"@type":"ReadAction","target":["https:\/\/jornalfatosenoticias.com.br\/index.php\/2024\/07\/23\/argentina-registra-inflacao-zero-nos-alimentos-pela-primeira-vez-em-30-anos\/"]}]},{"@type":"ImageObject","inLanguage":"pt-BR","@id":"https:\/\/jornalfatosenoticias.com.br\/index.php\/2024\/07\/23\/argentina-registra-inflacao-zero-nos-alimentos-pela-primeira-vez-em-30-anos\/#primaryimage","url":"https:\/\/jornalfatosenoticias.com.br\/wp-content\/uploads\/2024\/07\/milei_gettyimages-3.jpg","contentUrl":"https:\/\/jornalfatosenoticias.com.br\/wp-content\/uploads\/2024\/07\/milei_gettyimages-3.jpg","width":612,"height":408,"caption":"CAMBORIU, BRAZIL - JULY 7: President of Argentina Javier Milei speaks during the Conservative Political Action Conference (CPAC) on July 7, 2024 in Camboriu, Brazil. President of Argentina Javier Milei and former President of Brazil Jair Bolsonaro are leading the 5th edition of the CPAC. It is considered the largest and most influential forum of conservatives and ultra liberals in the world. (Photo by Pedro H. Tesch\/Getty Images)"},{"@type":"BreadcrumbList","@id":"https:\/\/jornalfatosenoticias.com.br\/index.php\/2024\/07\/23\/argentina-registra-inflacao-zero-nos-alimentos-pela-primeira-vez-em-30-anos\/#breadcrumb","itemListElement":[{"@type":"ListItem","position":1,"name":"In\u00edcio","item":"https:\/\/jornalfatosenoticias.com.br\/"},{"@type":"ListItem","position":2,"name":"Argentina registra infla\u00e7\u00e3o zero nos alimentos pela primeira vez em 30 anos"}]},{"@type":"WebSite","@id":"https:\/\/jornalfatosenoticias.com.br\/#website","url":"https:\/\/jornalfatosenoticias.com.br\/","name":"Jornal Fatos e Not\u00edcias","description":"Not\u00edcias em geral","publisher":{"@id":"https:\/\/jornalfatosenoticias.com.br\/#organization"},"potentialAction":[{"@type":"SearchAction","target":{"@type":"EntryPoint","urlTemplate":"https:\/\/jornalfatosenoticias.com.br\/?s={search_term_string}"},"query-input":{"@type":"PropertyValueSpecification","valueRequired":true,"valueName":"search_term_string"}}],"inLanguage":"pt-BR"},{"@type":"Organization","@id":"https:\/\/jornalfatosenoticias.com.br\/#organization","name":"Jornal Fatos e Not\u00edcias","url":"https:\/\/jornalfatosenoticias.com.br\/","logo":{"@type":"ImageObject","inLanguage":"pt-BR","@id":"https:\/\/jornalfatosenoticias.com.br\/#\/schema\/logo\/image\/","url":"https:\/\/jornalfatosenoticias.com.br\/wp-content\/uploads\/2020\/02\/logo120.png","contentUrl":"https:\/\/jornalfatosenoticias.com.br\/wp-content\/uploads\/2020\/02\/logo120.png","width":1227,"height":120,"caption":"Jornal Fatos e Not\u00edcias"},"image":{"@id":"https:\/\/jornalfatosenoticias.com.br\/#\/schema\/logo\/image\/"}},{"@type":"Person","@id":"https:\/\/jornalfatosenoticias.com.br\/#\/schema\/person\/d63837fa13ac8666eb9e74e0985d6f81","name":"Luzimara Fernandes","image":{"@type":"ImageObject","inLanguage":"pt-BR","@id":"https:\/\/jornalfatosenoticias.com.br\/#\/schema\/person\/image\/","url":"https:\/\/jornalfatosenoticias.com.br\/wp-content\/uploads\/2025\/05\/EU_portal.jpg","contentUrl":"https:\/\/jornalfatosenoticias.com.br\/wp-content\/uploads\/2025\/05\/EU_portal.jpg","caption":"Luzimara Fernandes"},"description":"Jornalista MTB 2358-ES","sameAs":["https:\/\/jornalfatosenoticias.com.br"],"url":"https:\/\/jornalfatosenoticias.com.br\/index.php\/author\/luzimara\/"}]}},"cc_featured_image_caption":{"caption_text":"(Foto: Getty Images)","source_text":"","source_url":""},"jetpack_featured_media_url":"https:\/\/jornalfatosenoticias.com.br\/wp-content\/uploads\/2024\/07\/milei_gettyimages-3.jpg","_links":{"self":[{"href":"https:\/\/jornalfatosenoticias.com.br\/index.php\/wp-json\/wp\/v2\/posts\/52948","targetHints":{"allow":["GET"]}}],"collection":[{"href":"https:\/\/jornalfatosenoticias.com.br\/index.php\/wp-json\/wp\/v2\/posts"}],"about":[{"href":"https:\/\/jornalfatosenoticias.com.br\/index.php\/wp-json\/wp\/v2\/types\/post"}],"author":[{"embeddable":true,"href":"https:\/\/jornalfatosenoticias.com.br\/index.php\/wp-json\/wp\/v2\/users\/2"}],"replies":[{"embeddable":true,"href":"https:\/\/jornalfatosenoticias.com.br\/index.php\/wp-json\/wp\/v2\/comments?post=52948"}],"version-history":[{"count":0,"href":"https:\/\/jornalfatosenoticias.com.br\/index.php\/wp-json\/wp\/v2\/posts\/52948\/revisions"}],"wp:featuredmedia":[{"embeddable":true,"href":"https:\/\/jornalfatosenoticias.com.br\/index.php\/wp-json\/wp\/v2\/media\/52950"}],"wp:attachment":[{"href":"https:\/\/jornalfatosenoticias.com.br\/index.php\/wp-json\/wp\/v2\/media?parent=52948"}],"wp:term":[{"taxonomy":"category","embeddable":true,"href":"https:\/\/jornalfatosenoticias.com.br\/index.php\/wp-json\/wp\/v2\/categories?post=52948"},{"taxonomy":"post_tag","embeddable":true,"href":"https:\/\/jornalfatosenoticias.com.br\/index.php\/wp-json\/wp\/v2\/tags?post=52948"}],"curies":[{"name":"wp","href":"https:\/\/api.w.org\/{rel}","templated":true}]}}