{"id":52975,"date":"2024-07-24T15:19:38","date_gmt":"2024-07-24T18:19:38","guid":{"rendered":"https:\/\/jornalfatosenoticias.com.br\/?p=52975"},"modified":"2024-07-24T15:19:39","modified_gmt":"2024-07-24T18:19:39","slug":"theatro-da-paz-em-belem-sera-candidato-a-patrimonio-da-humanidade","status":"publish","type":"post","link":"https:\/\/jornalfatosenoticias.com.br\/index.php\/2024\/07\/24\/theatro-da-paz-em-belem-sera-candidato-a-patrimonio-da-humanidade\/","title":{"rendered":"Theatro da Paz, em Bel\u00e9m, ser\u00e1 candidato a Patrim\u00f4nio da Humanidade"},"content":{"rendered":"\n<p><em><span class=\"has-inline-color has-black-color\">A estrutura e import\u00e2ncia do Theatro da Paz ser\u00e3o t\u00f3picos essenciais durante evento realizado em agosto. Teatro Amazonas, de Manaus (AM), tamb\u00e9m ser\u00e1 candidato<\/span><\/em><\/p>\n\n\n\n<div class=\"wp-block-image\"><figure class=\"aligncenter size-large\"><a href=\"https:\/\/mizu.com.br\/\"><img loading=\"lazy\" decoding=\"async\" width=\"729\" height=\"90\" src=\"https:\/\/jornalfatosenoticias.com.br\/wp-content\/uploads\/2020\/02\/Logo_Mizu.png\" alt=\"\" class=\"wp-image-1441\" srcset=\"https:\/\/jornalfatosenoticias.com.br\/wp-content\/uploads\/2020\/02\/Logo_Mizu.png 729w, https:\/\/jornalfatosenoticias.com.br\/wp-content\/uploads\/2020\/02\/Logo_Mizu-300x37.png 300w\" sizes=\"auto, (max-width: 729px) 100vw, 729px\" \/><\/a><\/figure><\/div>\n\n\n\n<p>O <strong>Theatro da Paz,<\/strong> um dos \u00edcones de <strong>Bel\u00e9m<\/strong> (PA), ser\u00e1 candidato a <strong>Patrim\u00f4nio da Humanidade.<\/strong> A Prefeitura de Bel\u00e9m e o Instituto do Patrim\u00f4nio Hist\u00f3rico e Art\u00edstico Nacional (Iphan) se reuniram no dia 18 de julho para a candidatura do Theatro da Paz a Patrim\u00f4nio Hist\u00f3rico e Cultural da Humanidade.<br>Um semin\u00e1rio, que ser\u00e1 organizado pela gest\u00e3o municipal de Bel\u00e9m e Iphan, debater\u00e1 a estrutura\u00e7\u00e3o e import\u00e2ncia do Theatro da Paz. O evento ser\u00e1 realizado nos dia 26, 27 e 28 de agosto e faz parte do in\u00edcio do processo de candidatura do im\u00f3vel hist\u00f3rico junto \u00e0 Organiza\u00e7\u00e3o das Na\u00e7\u00f5es Unidas para a Educa\u00e7\u00e3o, a Ci\u00eancia e a Cultura (Unesco). Al\u00e9m do Theatro da Paz, o Teatro Amazonas, em Manaus (AM), tamb\u00e9m ser\u00e1 candidato a Patrim\u00f4nio da Humanidade.<\/p>\n\n\n\n<div class=\"wp-block-image\"><figure class=\"aligncenter size-large\"><a href=\"https:\/\/cesconetto.com.br\/\"><img loading=\"lazy\" decoding=\"async\" width=\"300\" height=\"250\" src=\"https:\/\/jornalfatosenoticias.com.br\/wp-content\/uploads\/2020\/02\/Banner-2.png\" alt=\"\" class=\"wp-image-43787\"\/><\/a><\/figure><\/div>\n\n\n\n<p>Os representantes da gest\u00e3o municipal se reuniram com a superintendente do Iphan, Cristina Vasconcelos, para debater a iniciativa que envolver\u00e1 secretarias municipais que administram o entorno do Theatro da Paz, al\u00e9m da Secretaria de Estado de Cultura (Secult) e Governo Federal.<\/p>\n\n\n\n<div class=\"wp-block-image\"><figure class=\"aligncenter size-large is-resized\"><a href=\"https:\/\/www.instagram.com\/rapuzeljastro\/\"><img loading=\"lazy\" decoding=\"async\" src=\"https:\/\/jornalfatosenoticias.com.br\/wp-content\/uploads\/2020\/02\/logo-Rapuzel-1024x571.jpg\" alt=\"\" class=\"wp-image-42808\" width=\"366\" height=\"204\" srcset=\"https:\/\/jornalfatosenoticias.com.br\/wp-content\/uploads\/2020\/02\/logo-Rapuzel-1024x571.jpg 1024w, https:\/\/jornalfatosenoticias.com.br\/wp-content\/uploads\/2020\/02\/logo-Rapuzel-300x167.jpg 300w, https:\/\/jornalfatosenoticias.com.br\/wp-content\/uploads\/2020\/02\/logo-Rapuzel-768x428.jpg 768w, https:\/\/jornalfatosenoticias.com.br\/wp-content\/uploads\/2020\/02\/logo-Rapuzel-1536x856.jpg 1536w, https:\/\/jornalfatosenoticias.com.br\/wp-content\/uploads\/2020\/02\/logo-Rapuzel.jpg 1600w\" sizes=\"auto, (max-width: 366px) 100vw, 366px\" \/><\/a><\/figure><\/div>\n\n\n\n<p>O objetivo do semin\u00e1rio \u00e9 reunir t\u00e9cnicos, pesquisadores das universidades historiadores e a sociedade para debater toda a estrutura\u00e7\u00e3o e import\u00e2ncia hist\u00f3rica do Theatro da Paz e arredores.<\/p>\n\n\n\n<div class=\"wp-block-image\"><figure class=\"aligncenter size-large is-resized\"><a href=\"https:\/\/www.facebook.com\/postobkr\/?locale=pt_BR\"><img loading=\"lazy\" decoding=\"async\" src=\"https:\/\/jornalfatosenoticias.com.br\/wp-content\/uploads\/2023\/08\/BKR-1024x1021.jpg\" alt=\"\" class=\"wp-image-44494\" width=\"297\" height=\"296\" srcset=\"https:\/\/jornalfatosenoticias.com.br\/wp-content\/uploads\/2023\/08\/BKR-1024x1021.jpg 1024w, https:\/\/jornalfatosenoticias.com.br\/wp-content\/uploads\/2023\/08\/BKR-300x300.jpg 300w, https:\/\/jornalfatosenoticias.com.br\/wp-content\/uploads\/2023\/08\/BKR-150x150.jpg 150w, https:\/\/jornalfatosenoticias.com.br\/wp-content\/uploads\/2023\/08\/BKR-768x766.jpg 768w, https:\/\/jornalfatosenoticias.com.br\/wp-content\/uploads\/2023\/08\/BKR.jpg 1080w\" sizes=\"auto, (max-width: 297px) 100vw, 297px\" \/><\/a><\/figure><\/div>\n\n\n\n<p>Apesar do im\u00f3vel centen\u00e1rio ser administrado pela Secult, a \u00e1rea do entorno do Theatro da Paz \u00e9 de responsabilidade da Prefeitura de Bel\u00e9m. A superintendente do Iphan explica, que os debates com a administra\u00e7\u00e3o municipal e estadual serve para ajustar e alinhar as a\u00e7\u00f5es para levar os teatros Amazonas e da Paz \u00e0 Unesco com a finalidade de torn\u00e1-los Patrim\u00f4nio Hist\u00f3rico e Cultural da Humanidade. \u201cN\u00f3s estamos iniciando a candidatura, que \u00e9 um processo que dura de tr\u00eas a quatro anos\u201d, detalhou Cristina Vasconcelos.<\/p>\n\n\n\n<div class=\"wp-block-image\"><figure class=\"aligncenter size-large is-resized\"><a href=\"https:\/\/panper.com.br\/\"><img loading=\"lazy\" decoding=\"async\" src=\"https:\/\/jornalfatosenoticias.com.br\/wp-content\/uploads\/2023\/03\/logo-Panper_portal.jpg\" alt=\"\" class=\"wp-image-40208\" width=\"344\" height=\"238\" srcset=\"https:\/\/jornalfatosenoticias.com.br\/wp-content\/uploads\/2023\/03\/logo-Panper_portal.jpg 400w, https:\/\/jornalfatosenoticias.com.br\/wp-content\/uploads\/2023\/03\/logo-Panper_portal-300x208.jpg 300w\" sizes=\"auto, (max-width: 344px) 100vw, 344px\" \/><\/a><\/figure><\/div>\n\n\n\n<p><strong><em>Fonte: <a href=\"https:\/\/portalamazonia.com\/cultura\/theatro-da-paz-em-belem-sera-candidato-a-patrimonio-da-humanidade\/\">Portal Amaz\u00f4nia<\/a><\/em><\/strong><\/p>\n","protected":false},"excerpt":{"rendered":"<p>A estrutura e import\u00e2ncia do Theatro da Paz ser\u00e3o t\u00f3picos essenciais durante evento realizado em agosto. Teatro Amazonas, de Manaus (AM), tamb\u00e9m ser\u00e1 candidato O Theatro da Paz, um dos \u00edcones de Bel\u00e9m (PA), ser\u00e1 candidato a Patrim\u00f4nio da Humanidade. A Prefeitura de Bel\u00e9m e o Instituto do Patrim\u00f4nio Hist\u00f3rico e Art\u00edstico Nacional (Iphan) se [&hellip;]<\/p>\n","protected":false},"author":2,"featured_media":52976,"comment_status":"open","ping_status":"open","sticky":false,"template":"","format":"standard","meta":{"footnotes":""},"categories":[4],"tags":[3603,713,940,14707,24169],"class_list":["post-52975","post","type-post","status-publish","format-standard","has-post-thumbnail","hentry","category-cultura","tag-belem","tag-cultura","tag-para","tag-patrimonio-da-humanidade","tag-theatro-da-paz"],"yoast_head":"<!-- This site is optimized with the Yoast SEO plugin v26.5 - https:\/\/yoast.com\/wordpress\/plugins\/seo\/ -->\n<title>Theatro da Paz, em Bel\u00e9m, ser\u00e1 candidato a Patrim\u00f4nio da Humanidade - Jornal Fatos e Not\u00edcias<\/title>\n<meta name=\"robots\" content=\"index, follow, max-snippet:-1, max-image-preview:large, max-video-preview:-1\" \/>\n<link rel=\"canonical\" href=\"https:\/\/jornalfatosenoticias.com.br\/index.php\/2024\/07\/24\/theatro-da-paz-em-belem-sera-candidato-a-patrimonio-da-humanidade\/\" \/>\n<meta property=\"og:locale\" content=\"pt_BR\" \/>\n<meta property=\"og:type\" content=\"article\" \/>\n<meta property=\"og:title\" content=\"Theatro da Paz, em Bel\u00e9m, ser\u00e1 candidato a Patrim\u00f4nio da Humanidade - Jornal Fatos e Not\u00edcias\" \/>\n<meta property=\"og:description\" content=\"A estrutura e import\u00e2ncia do Theatro da Paz ser\u00e3o t\u00f3picos essenciais durante evento realizado em agosto. Teatro Amazonas, de Manaus (AM), tamb\u00e9m ser\u00e1 candidato O Theatro da Paz, um dos \u00edcones de Bel\u00e9m (PA), ser\u00e1 candidato a Patrim\u00f4nio da Humanidade. A Prefeitura de Bel\u00e9m e o Instituto do Patrim\u00f4nio Hist\u00f3rico e Art\u00edstico Nacional (Iphan) se [&hellip;]\" \/>\n<meta property=\"og:url\" content=\"https:\/\/jornalfatosenoticias.com.br\/index.php\/2024\/07\/24\/theatro-da-paz-em-belem-sera-candidato-a-patrimonio-da-humanidade\/\" \/>\n<meta property=\"og:site_name\" content=\"Jornal Fatos e Not\u00edcias\" \/>\n<meta property=\"article:published_time\" content=\"2024-07-24T18:19:38+00:00\" \/>\n<meta property=\"article:modified_time\" content=\"2024-07-24T18:19:39+00:00\" \/>\n<meta property=\"og:image\" content=\"https:\/\/jornalfatosenoticias.com.br\/wp-content\/uploads\/2024\/07\/Theatro-da-Paz.jpg\" \/>\n\t<meta property=\"og:image:width\" content=\"1000\" \/>\n\t<meta property=\"og:image:height\" content=\"666\" \/>\n\t<meta property=\"og:image:type\" content=\"image\/jpeg\" \/>\n<meta name=\"author\" content=\"Luzimara Fernandes\" \/>\n<meta name=\"twitter:card\" content=\"summary_large_image\" \/>\n<meta name=\"twitter:label1\" content=\"Escrito por\" \/>\n\t<meta name=\"twitter:data1\" content=\"Luzimara Fernandes\" \/>\n\t<meta name=\"twitter:label2\" content=\"Est. tempo de leitura\" \/>\n\t<meta name=\"twitter:data2\" content=\"2 minutos\" \/>\n<script type=\"application\/ld+json\" class=\"yoast-schema-graph\">{\"@context\":\"https:\/\/schema.org\",\"@graph\":[{\"@type\":\"Article\",\"@id\":\"https:\/\/jornalfatosenoticias.com.br\/index.php\/2024\/07\/24\/theatro-da-paz-em-belem-sera-candidato-a-patrimonio-da-humanidade\/#article\",\"isPartOf\":{\"@id\":\"https:\/\/jornalfatosenoticias.com.br\/index.php\/2024\/07\/24\/theatro-da-paz-em-belem-sera-candidato-a-patrimonio-da-humanidade\/\"},\"author\":{\"name\":\"Luzimara Fernandes\",\"@id\":\"https:\/\/jornalfatosenoticias.com.br\/#\/schema\/person\/d63837fa13ac8666eb9e74e0985d6f81\"},\"headline\":\"Theatro da Paz, em Bel\u00e9m, ser\u00e1 candidato a Patrim\u00f4nio da Humanidade\",\"datePublished\":\"2024-07-24T18:19:38+00:00\",\"dateModified\":\"2024-07-24T18:19:39+00:00\",\"mainEntityOfPage\":{\"@id\":\"https:\/\/jornalfatosenoticias.com.br\/index.php\/2024\/07\/24\/theatro-da-paz-em-belem-sera-candidato-a-patrimonio-da-humanidade\/\"},\"wordCount\":358,\"commentCount\":0,\"publisher\":{\"@id\":\"https:\/\/jornalfatosenoticias.com.br\/#organization\"},\"image\":{\"@id\":\"https:\/\/jornalfatosenoticias.com.br\/index.php\/2024\/07\/24\/theatro-da-paz-em-belem-sera-candidato-a-patrimonio-da-humanidade\/#primaryimage\"},\"thumbnailUrl\":\"https:\/\/jornalfatosenoticias.com.br\/wp-content\/uploads\/2024\/07\/Theatro-da-Paz.jpg\",\"keywords\":[\"Bel\u00e9m\",\"cultura\",\"Par\u00e1\",\"patrim\u00f4nio da humanidade\",\"Theatro da Paz\"],\"articleSection\":[\"Cultura\"],\"inLanguage\":\"pt-BR\",\"potentialAction\":[{\"@type\":\"CommentAction\",\"name\":\"Comment\",\"target\":[\"https:\/\/jornalfatosenoticias.com.br\/index.php\/2024\/07\/24\/theatro-da-paz-em-belem-sera-candidato-a-patrimonio-da-humanidade\/#respond\"]}]},{\"@type\":\"WebPage\",\"@id\":\"https:\/\/jornalfatosenoticias.com.br\/index.php\/2024\/07\/24\/theatro-da-paz-em-belem-sera-candidato-a-patrimonio-da-humanidade\/\",\"url\":\"https:\/\/jornalfatosenoticias.com.br\/index.php\/2024\/07\/24\/theatro-da-paz-em-belem-sera-candidato-a-patrimonio-da-humanidade\/\",\"name\":\"Theatro da Paz, em Bel\u00e9m, ser\u00e1 candidato a Patrim\u00f4nio da Humanidade - Jornal Fatos e Not\u00edcias\",\"isPartOf\":{\"@id\":\"https:\/\/jornalfatosenoticias.com.br\/#website\"},\"primaryImageOfPage\":{\"@id\":\"https:\/\/jornalfatosenoticias.com.br\/index.php\/2024\/07\/24\/theatro-da-paz-em-belem-sera-candidato-a-patrimonio-da-humanidade\/#primaryimage\"},\"image\":{\"@id\":\"https:\/\/jornalfatosenoticias.com.br\/index.php\/2024\/07\/24\/theatro-da-paz-em-belem-sera-candidato-a-patrimonio-da-humanidade\/#primaryimage\"},\"thumbnailUrl\":\"https:\/\/jornalfatosenoticias.com.br\/wp-content\/uploads\/2024\/07\/Theatro-da-Paz.jpg\",\"datePublished\":\"2024-07-24T18:19:38+00:00\",\"dateModified\":\"2024-07-24T18:19:39+00:00\",\"breadcrumb\":{\"@id\":\"https:\/\/jornalfatosenoticias.com.br\/index.php\/2024\/07\/24\/theatro-da-paz-em-belem-sera-candidato-a-patrimonio-da-humanidade\/#breadcrumb\"},\"inLanguage\":\"pt-BR\",\"potentialAction\":[{\"@type\":\"ReadAction\",\"target\":[\"https:\/\/jornalfatosenoticias.com.br\/index.php\/2024\/07\/24\/theatro-da-paz-em-belem-sera-candidato-a-patrimonio-da-humanidade\/\"]}]},{\"@type\":\"ImageObject\",\"inLanguage\":\"pt-BR\",\"@id\":\"https:\/\/jornalfatosenoticias.com.br\/index.php\/2024\/07\/24\/theatro-da-paz-em-belem-sera-candidato-a-patrimonio-da-humanidade\/#primaryimage\",\"url\":\"https:\/\/jornalfatosenoticias.com.br\/wp-content\/uploads\/2024\/07\/Theatro-da-Paz.jpg\",\"contentUrl\":\"https:\/\/jornalfatosenoticias.com.br\/wp-content\/uploads\/2024\/07\/Theatro-da-Paz.jpg\",\"width\":1000,\"height\":666},{\"@type\":\"BreadcrumbList\",\"@id\":\"https:\/\/jornalfatosenoticias.com.br\/index.php\/2024\/07\/24\/theatro-da-paz-em-belem-sera-candidato-a-patrimonio-da-humanidade\/#breadcrumb\",\"itemListElement\":[{\"@type\":\"ListItem\",\"position\":1,\"name\":\"In\u00edcio\",\"item\":\"https:\/\/jornalfatosenoticias.com.br\/\"},{\"@type\":\"ListItem\",\"position\":2,\"name\":\"Theatro da Paz, em Bel\u00e9m, ser\u00e1 candidato a Patrim\u00f4nio da Humanidade\"}]},{\"@type\":\"WebSite\",\"@id\":\"https:\/\/jornalfatosenoticias.com.br\/#website\",\"url\":\"https:\/\/jornalfatosenoticias.com.br\/\",\"name\":\"Jornal Fatos e Not\u00edcias\",\"description\":\"Not\u00edcias em geral\",\"publisher\":{\"@id\":\"https:\/\/jornalfatosenoticias.com.br\/#organization\"},\"potentialAction\":[{\"@type\":\"SearchAction\",\"target\":{\"@type\":\"EntryPoint\",\"urlTemplate\":\"https:\/\/jornalfatosenoticias.com.br\/?s={search_term_string}\"},\"query-input\":{\"@type\":\"PropertyValueSpecification\",\"valueRequired\":true,\"valueName\":\"search_term_string\"}}],\"inLanguage\":\"pt-BR\"},{\"@type\":\"Organization\",\"@id\":\"https:\/\/jornalfatosenoticias.com.br\/#organization\",\"name\":\"Jornal Fatos e Not\u00edcias\",\"url\":\"https:\/\/jornalfatosenoticias.com.br\/\",\"logo\":{\"@type\":\"ImageObject\",\"inLanguage\":\"pt-BR\",\"@id\":\"https:\/\/jornalfatosenoticias.com.br\/#\/schema\/logo\/image\/\",\"url\":\"https:\/\/jornalfatosenoticias.com.br\/wp-content\/uploads\/2020\/02\/logo120.png\",\"contentUrl\":\"https:\/\/jornalfatosenoticias.com.br\/wp-content\/uploads\/2020\/02\/logo120.png\",\"width\":1227,\"height\":120,\"caption\":\"Jornal Fatos e Not\u00edcias\"},\"image\":{\"@id\":\"https:\/\/jornalfatosenoticias.com.br\/#\/schema\/logo\/image\/\"}},{\"@type\":\"Person\",\"@id\":\"https:\/\/jornalfatosenoticias.com.br\/#\/schema\/person\/d63837fa13ac8666eb9e74e0985d6f81\",\"name\":\"Luzimara Fernandes\",\"image\":{\"@type\":\"ImageObject\",\"inLanguage\":\"pt-BR\",\"@id\":\"https:\/\/jornalfatosenoticias.com.br\/#\/schema\/person\/image\/\",\"url\":\"https:\/\/jornalfatosenoticias.com.br\/wp-content\/uploads\/2025\/05\/EU_portal.jpg\",\"contentUrl\":\"https:\/\/jornalfatosenoticias.com.br\/wp-content\/uploads\/2025\/05\/EU_portal.jpg\",\"caption\":\"Luzimara Fernandes\"},\"description\":\"Jornalista MTB 2358-ES\",\"sameAs\":[\"https:\/\/jornalfatosenoticias.com.br\"],\"url\":\"https:\/\/jornalfatosenoticias.com.br\/index.php\/author\/luzimara\/\"}]}<\/script>\n<!-- \/ Yoast SEO plugin. -->","yoast_head_json":{"title":"Theatro da Paz, em Bel\u00e9m, ser\u00e1 candidato a Patrim\u00f4nio da Humanidade - Jornal Fatos e Not\u00edcias","robots":{"index":"index","follow":"follow","max-snippet":"max-snippet:-1","max-image-preview":"max-image-preview:large","max-video-preview":"max-video-preview:-1"},"canonical":"https:\/\/jornalfatosenoticias.com.br\/index.php\/2024\/07\/24\/theatro-da-paz-em-belem-sera-candidato-a-patrimonio-da-humanidade\/","og_locale":"pt_BR","og_type":"article","og_title":"Theatro da Paz, em Bel\u00e9m, ser\u00e1 candidato a Patrim\u00f4nio da Humanidade - Jornal Fatos e Not\u00edcias","og_description":"A estrutura e import\u00e2ncia do Theatro da Paz ser\u00e3o t\u00f3picos essenciais durante evento realizado em agosto. Teatro Amazonas, de Manaus (AM), tamb\u00e9m ser\u00e1 candidato O Theatro da Paz, um dos \u00edcones de Bel\u00e9m (PA), ser\u00e1 candidato a Patrim\u00f4nio da Humanidade. A Prefeitura de Bel\u00e9m e o Instituto do Patrim\u00f4nio Hist\u00f3rico e Art\u00edstico Nacional (Iphan) se [&hellip;]","og_url":"https:\/\/jornalfatosenoticias.com.br\/index.php\/2024\/07\/24\/theatro-da-paz-em-belem-sera-candidato-a-patrimonio-da-humanidade\/","og_site_name":"Jornal Fatos e Not\u00edcias","article_published_time":"2024-07-24T18:19:38+00:00","article_modified_time":"2024-07-24T18:19:39+00:00","og_image":[{"width":1000,"height":666,"url":"https:\/\/jornalfatosenoticias.com.br\/wp-content\/uploads\/2024\/07\/Theatro-da-Paz.jpg","type":"image\/jpeg"}],"author":"Luzimara Fernandes","twitter_card":"summary_large_image","twitter_misc":{"Escrito por":"Luzimara Fernandes","Est. tempo de leitura":"2 minutos"},"schema":{"@context":"https:\/\/schema.org","@graph":[{"@type":"Article","@id":"https:\/\/jornalfatosenoticias.com.br\/index.php\/2024\/07\/24\/theatro-da-paz-em-belem-sera-candidato-a-patrimonio-da-humanidade\/#article","isPartOf":{"@id":"https:\/\/jornalfatosenoticias.com.br\/index.php\/2024\/07\/24\/theatro-da-paz-em-belem-sera-candidato-a-patrimonio-da-humanidade\/"},"author":{"name":"Luzimara Fernandes","@id":"https:\/\/jornalfatosenoticias.com.br\/#\/schema\/person\/d63837fa13ac8666eb9e74e0985d6f81"},"headline":"Theatro da Paz, em Bel\u00e9m, ser\u00e1 candidato a Patrim\u00f4nio da Humanidade","datePublished":"2024-07-24T18:19:38+00:00","dateModified":"2024-07-24T18:19:39+00:00","mainEntityOfPage":{"@id":"https:\/\/jornalfatosenoticias.com.br\/index.php\/2024\/07\/24\/theatro-da-paz-em-belem-sera-candidato-a-patrimonio-da-humanidade\/"},"wordCount":358,"commentCount":0,"publisher":{"@id":"https:\/\/jornalfatosenoticias.com.br\/#organization"},"image":{"@id":"https:\/\/jornalfatosenoticias.com.br\/index.php\/2024\/07\/24\/theatro-da-paz-em-belem-sera-candidato-a-patrimonio-da-humanidade\/#primaryimage"},"thumbnailUrl":"https:\/\/jornalfatosenoticias.com.br\/wp-content\/uploads\/2024\/07\/Theatro-da-Paz.jpg","keywords":["Bel\u00e9m","cultura","Par\u00e1","patrim\u00f4nio da humanidade","Theatro da Paz"],"articleSection":["Cultura"],"inLanguage":"pt-BR","potentialAction":[{"@type":"CommentAction","name":"Comment","target":["https:\/\/jornalfatosenoticias.com.br\/index.php\/2024\/07\/24\/theatro-da-paz-em-belem-sera-candidato-a-patrimonio-da-humanidade\/#respond"]}]},{"@type":"WebPage","@id":"https:\/\/jornalfatosenoticias.com.br\/index.php\/2024\/07\/24\/theatro-da-paz-em-belem-sera-candidato-a-patrimonio-da-humanidade\/","url":"https:\/\/jornalfatosenoticias.com.br\/index.php\/2024\/07\/24\/theatro-da-paz-em-belem-sera-candidato-a-patrimonio-da-humanidade\/","name":"Theatro da Paz, em Bel\u00e9m, ser\u00e1 candidato a Patrim\u00f4nio da Humanidade - Jornal Fatos e Not\u00edcias","isPartOf":{"@id":"https:\/\/jornalfatosenoticias.com.br\/#website"},"primaryImageOfPage":{"@id":"https:\/\/jornalfatosenoticias.com.br\/index.php\/2024\/07\/24\/theatro-da-paz-em-belem-sera-candidato-a-patrimonio-da-humanidade\/#primaryimage"},"image":{"@id":"https:\/\/jornalfatosenoticias.com.br\/index.php\/2024\/07\/24\/theatro-da-paz-em-belem-sera-candidato-a-patrimonio-da-humanidade\/#primaryimage"},"thumbnailUrl":"https:\/\/jornalfatosenoticias.com.br\/wp-content\/uploads\/2024\/07\/Theatro-da-Paz.jpg","datePublished":"2024-07-24T18:19:38+00:00","dateModified":"2024-07-24T18:19:39+00:00","breadcrumb":{"@id":"https:\/\/jornalfatosenoticias.com.br\/index.php\/2024\/07\/24\/theatro-da-paz-em-belem-sera-candidato-a-patrimonio-da-humanidade\/#breadcrumb"},"inLanguage":"pt-BR","potentialAction":[{"@type":"ReadAction","target":["https:\/\/jornalfatosenoticias.com.br\/index.php\/2024\/07\/24\/theatro-da-paz-em-belem-sera-candidato-a-patrimonio-da-humanidade\/"]}]},{"@type":"ImageObject","inLanguage":"pt-BR","@id":"https:\/\/jornalfatosenoticias.com.br\/index.php\/2024\/07\/24\/theatro-da-paz-em-belem-sera-candidato-a-patrimonio-da-humanidade\/#primaryimage","url":"https:\/\/jornalfatosenoticias.com.br\/wp-content\/uploads\/2024\/07\/Theatro-da-Paz.jpg","contentUrl":"https:\/\/jornalfatosenoticias.com.br\/wp-content\/uploads\/2024\/07\/Theatro-da-Paz.jpg","width":1000,"height":666},{"@type":"BreadcrumbList","@id":"https:\/\/jornalfatosenoticias.com.br\/index.php\/2024\/07\/24\/theatro-da-paz-em-belem-sera-candidato-a-patrimonio-da-humanidade\/#breadcrumb","itemListElement":[{"@type":"ListItem","position":1,"name":"In\u00edcio","item":"https:\/\/jornalfatosenoticias.com.br\/"},{"@type":"ListItem","position":2,"name":"Theatro da Paz, em Bel\u00e9m, ser\u00e1 candidato a Patrim\u00f4nio da Humanidade"}]},{"@type":"WebSite","@id":"https:\/\/jornalfatosenoticias.com.br\/#website","url":"https:\/\/jornalfatosenoticias.com.br\/","name":"Jornal Fatos e Not\u00edcias","description":"Not\u00edcias em geral","publisher":{"@id":"https:\/\/jornalfatosenoticias.com.br\/#organization"},"potentialAction":[{"@type":"SearchAction","target":{"@type":"EntryPoint","urlTemplate":"https:\/\/jornalfatosenoticias.com.br\/?s={search_term_string}"},"query-input":{"@type":"PropertyValueSpecification","valueRequired":true,"valueName":"search_term_string"}}],"inLanguage":"pt-BR"},{"@type":"Organization","@id":"https:\/\/jornalfatosenoticias.com.br\/#organization","name":"Jornal Fatos e Not\u00edcias","url":"https:\/\/jornalfatosenoticias.com.br\/","logo":{"@type":"ImageObject","inLanguage":"pt-BR","@id":"https:\/\/jornalfatosenoticias.com.br\/#\/schema\/logo\/image\/","url":"https:\/\/jornalfatosenoticias.com.br\/wp-content\/uploads\/2020\/02\/logo120.png","contentUrl":"https:\/\/jornalfatosenoticias.com.br\/wp-content\/uploads\/2020\/02\/logo120.png","width":1227,"height":120,"caption":"Jornal Fatos e Not\u00edcias"},"image":{"@id":"https:\/\/jornalfatosenoticias.com.br\/#\/schema\/logo\/image\/"}},{"@type":"Person","@id":"https:\/\/jornalfatosenoticias.com.br\/#\/schema\/person\/d63837fa13ac8666eb9e74e0985d6f81","name":"Luzimara Fernandes","image":{"@type":"ImageObject","inLanguage":"pt-BR","@id":"https:\/\/jornalfatosenoticias.com.br\/#\/schema\/person\/image\/","url":"https:\/\/jornalfatosenoticias.com.br\/wp-content\/uploads\/2025\/05\/EU_portal.jpg","contentUrl":"https:\/\/jornalfatosenoticias.com.br\/wp-content\/uploads\/2025\/05\/EU_portal.jpg","caption":"Luzimara Fernandes"},"description":"Jornalista MTB 2358-ES","sameAs":["https:\/\/jornalfatosenoticias.com.br"],"url":"https:\/\/jornalfatosenoticias.com.br\/index.php\/author\/luzimara\/"}]}},"cc_featured_image_caption":{"caption_text":"(Foto: Ag\u00eancia Par\u00e1) ","source_text":"","source_url":""},"jetpack_featured_media_url":"https:\/\/jornalfatosenoticias.com.br\/wp-content\/uploads\/2024\/07\/Theatro-da-Paz.jpg","_links":{"self":[{"href":"https:\/\/jornalfatosenoticias.com.br\/index.php\/wp-json\/wp\/v2\/posts\/52975","targetHints":{"allow":["GET"]}}],"collection":[{"href":"https:\/\/jornalfatosenoticias.com.br\/index.php\/wp-json\/wp\/v2\/posts"}],"about":[{"href":"https:\/\/jornalfatosenoticias.com.br\/index.php\/wp-json\/wp\/v2\/types\/post"}],"author":[{"embeddable":true,"href":"https:\/\/jornalfatosenoticias.com.br\/index.php\/wp-json\/wp\/v2\/users\/2"}],"replies":[{"embeddable":true,"href":"https:\/\/jornalfatosenoticias.com.br\/index.php\/wp-json\/wp\/v2\/comments?post=52975"}],"version-history":[{"count":0,"href":"https:\/\/jornalfatosenoticias.com.br\/index.php\/wp-json\/wp\/v2\/posts\/52975\/revisions"}],"wp:featuredmedia":[{"embeddable":true,"href":"https:\/\/jornalfatosenoticias.com.br\/index.php\/wp-json\/wp\/v2\/media\/52976"}],"wp:attachment":[{"href":"https:\/\/jornalfatosenoticias.com.br\/index.php\/wp-json\/wp\/v2\/media?parent=52975"}],"wp:term":[{"taxonomy":"category","embeddable":true,"href":"https:\/\/jornalfatosenoticias.com.br\/index.php\/wp-json\/wp\/v2\/categories?post=52975"},{"taxonomy":"post_tag","embeddable":true,"href":"https:\/\/jornalfatosenoticias.com.br\/index.php\/wp-json\/wp\/v2\/tags?post=52975"}],"curies":[{"name":"wp","href":"https:\/\/api.w.org\/{rel}","templated":true}]}}