{"id":52978,"date":"2024-07-24T15:42:45","date_gmt":"2024-07-24T18:42:45","guid":{"rendered":"https:\/\/jornalfatosenoticias.com.br\/?p=52978"},"modified":"2024-07-24T15:42:46","modified_gmt":"2024-07-24T18:42:46","slug":"inseguranca-alimentar-grave-afetou-14-milhoes-de-brasileiros","status":"publish","type":"post","link":"https:\/\/jornalfatosenoticias.com.br\/index.php\/2024\/07\/24\/inseguranca-alimentar-grave-afetou-14-milhoes-de-brasileiros\/","title":{"rendered":"Inseguran\u00e7a alimentar grave afetou 14 milh\u00f5es de brasileiros"},"content":{"rendered":"\n<div class=\"wp-block-image\"><figure class=\"aligncenter size-large is-resized\"><a href=\"https:\/\/www.facebook.com\/vetor.vix\/\"><img loading=\"lazy\" decoding=\"async\" src=\"https:\/\/jornalfatosenoticias.com.br\/wp-content\/uploads\/2023\/09\/vetorvix1024_1.jpg\" alt=\"\" class=\"wp-image-44868\" width=\"550\" height=\"146\" srcset=\"https:\/\/jornalfatosenoticias.com.br\/wp-content\/uploads\/2023\/09\/vetorvix1024_1.jpg 1024w, https:\/\/jornalfatosenoticias.com.br\/wp-content\/uploads\/2023\/09\/vetorvix1024_1-300x80.jpg 300w, https:\/\/jornalfatosenoticias.com.br\/wp-content\/uploads\/2023\/09\/vetorvix1024_1-768x205.jpg 768w\" sizes=\"auto, (max-width: 550px) 100vw, 550px\" \/><\/a><\/figure><\/div>\n\n\n\n<p>De acordo com um recente relat\u00f3rio da ONU, 6,6% da popula\u00e7\u00e3o brasileira enfrentou inseguran\u00e7a alimentar grave no per\u00edodo de 2021 a 2023. Esse n\u00famero alarmante representa cerca de 14 milh\u00f5es de pessoas, destacando a persist\u00eancia desse problema no pa\u00eds. O relat\u00f3rio, intitulado \u201cEstado da Seguran\u00e7a Alimentar e da Nutri\u00e7\u00e3o no Mundo 2024\u201d, foi divulgado nesta quarta-feira (24).<br>Apesar de uma leve redu\u00e7\u00e3o em rela\u00e7\u00e3o ao tri\u00eanio anterior, quando 21 milh\u00f5es de brasileiros estavam em situa\u00e7\u00e3o de inseguran\u00e7a alimentar grave, a quest\u00e3o ainda est\u00e1 longe de ser resolvida. Em termos percentuais, a queda foi de 9,9% para 6,6% da popula\u00e7\u00e3o afetada, mas o cen\u00e1rio ainda \u00e9 preocupante.<\/p>\n\n\n\n<div class=\"wp-block-image\"><figure class=\"aligncenter size-large\"><a href=\"http:\/\/www.ferrarimaquinas.com.br\/\"><img loading=\"lazy\" decoding=\"async\" width=\"300\" height=\"250\" src=\"https:\/\/jornalfatosenoticias.com.br\/wp-content\/uploads\/2022\/02\/FERRARI_MAQUINAS-E-FERRAMENTAS2.jpg\" alt=\"\" class=\"wp-image-27860\"\/><\/a><\/figure><\/div>\n\n\n\n<p>Mas afinal, o que exatamente significa inseguran\u00e7a alimentar? Segundo a ONU, o termo refere-se ao \u201cacesso limitado aos alimentos, ao n\u00edvel de indiv\u00edduos ou fam\u00edlias, por conta da falta de dinheiro ou outros recursos\u201d. Esse fen\u00f4meno \u00e9 medido atrav\u00e9s da Food Insecurity Experience Scale Survey Module (FIES-SM).<\/p>\n\n\n\n<div class=\"wp-block-image\"><figure class=\"aligncenter size-large is-resized\"><a href=\"https:\/\/www.instagram.com\/restaurantepegoretti\/\"><img loading=\"lazy\" decoding=\"async\" src=\"https:\/\/jornalfatosenoticias.com.br\/wp-content\/uploads\/2023\/12\/pegoretti-logo-pdf-1024x389.jpg\" alt=\"\" class=\"wp-image-47536\" width=\"451\" height=\"171\" srcset=\"https:\/\/jornalfatosenoticias.com.br\/wp-content\/uploads\/2023\/12\/pegoretti-logo-pdf-1024x389.jpg 1024w, https:\/\/jornalfatosenoticias.com.br\/wp-content\/uploads\/2023\/12\/pegoretti-logo-pdf-300x114.jpg 300w, https:\/\/jornalfatosenoticias.com.br\/wp-content\/uploads\/2023\/12\/pegoretti-logo-pdf-768x291.jpg 768w, https:\/\/jornalfatosenoticias.com.br\/wp-content\/uploads\/2023\/12\/pegoretti-logo-pdf.jpg 1120w\" sizes=\"auto, (max-width: 451px) 100vw, 451px\" \/><\/a><\/figure><\/div>\n\n\n\n<h3 class=\"wp-block-heading\"><span class=\"has-inline-color has-black-color\">A inseguran\u00e7a alimentar \u00e9 classificada em tr\u00eas n\u00edveis<\/span><\/h3>\n\n\n\n<ul class=\"wp-block-list\"><li>Leve \u2014 incerteza sobre a capacidade de obten\u00e7\u00e3o de alimentos;<\/li><li>Moderada \u2014 a qualidade e quantidade dos alimentos \u00e9 comprometida;<\/li><li>Grave \u2014 aus\u00eancia de consumo de alimentos por um dia ou mais.<\/li><\/ul>\n\n\n\n<div class=\"wp-block-image\"><figure class=\"aligncenter size-large\"><a href=\"https:\/\/www.facebook.com\/Esteio-Churrascaria-Barbecue-103643461220402\/\"><img decoding=\"async\" src=\"https:\/\/jornalfatosenoticias.com.br\/wp-content\/uploads\/2020\/02\/logo_esteio.jpg\" alt=\"\" class=\"wp-image-1214\"\/><\/a><\/figure><\/div>\n\n\n\n<p>Quando inclu\u00edmos quem enfrenta a inseguran\u00e7a alimentar moderada, o n\u00famero sobe para impressionantes 39,2 milh\u00f5es de pessoas. O impacto social e econ\u00f4mico da inseguran\u00e7a alimentar no Brasil \u00e9 vasto. Afetando de crian\u00e7as a idosos, essa condi\u00e7\u00e3o agrava problemas de sa\u00fade, educa\u00e7\u00e3o e desenvolvimento econ\u00f4mico. Segundo o relat\u00f3rio, o Brasil ainda n\u00e3o conseguiu sair do Mapa da Fome, apesar das pequenas melhorias observadas.<\/p>\n\n\n\n<div class=\"wp-block-image\"><figure class=\"aligncenter size-large is-resized\"><a href=\"https:\/\/hotelmarquetti.com.br\/\"><img loading=\"lazy\" decoding=\"async\" src=\"https:\/\/jornalfatosenoticias.com.br\/wp-content\/uploads\/2023\/03\/nova-logo-Marquetti.jpg\" alt=\"\" class=\"wp-image-40207\" width=\"311\" height=\"209\" srcset=\"https:\/\/jornalfatosenoticias.com.br\/wp-content\/uploads\/2023\/03\/nova-logo-Marquetti.jpg 643w, https:\/\/jornalfatosenoticias.com.br\/wp-content\/uploads\/2023\/03\/nova-logo-Marquetti-300x202.jpg 300w\" sizes=\"auto, (max-width: 311px) 100vw, 311px\" \/><\/a><\/figure><\/div>\n\n\n\n<p>\u00c9 importante mencionar que nos tri\u00eanios incluindo os anos de 2020 a 2022, o contexto da pandemia de covid-19 e o governo do ex-presidente Jair Bolsonaro foram cr\u00edticas para o aumento da inseguran\u00e7a alimentar.<\/p>\n\n\n\n<div class=\"wp-block-image\"><figure class=\"aligncenter size-large\"><a href=\"https:\/\/www.instagram.com\/baraodascarnes.es\/\"><img decoding=\"async\" src=\"https:\/\/jornalfatosenoticias.com.br\/wp-content\/uploads\/2020\/02\/barao-das-carnes-300x164-1.jpg\" alt=\"\" class=\"wp-image-34339\"\/><\/a><\/figure><\/div>\n\n\n\n<p>O governo federal, por meio do ministro Wellington Dias, afirmou que est\u00e1 trabalhando para que o Brasil saia do Mapa da Fome at\u00e9 2026. Com o plano \u201cBrasil sem Fome\u201d, que articula 80 programas de governo integrados com estados e munic\u00edpios, espera-se mitigar a situa\u00e7\u00e3o o mais r\u00e1pido poss\u00edvel.<br>Wellington Dias destacou que os avan\u00e7os no combate \u00e0 fome mostram que \u00e9 poss\u00edvel reduzir significativamente os \u00edndices de inseguran\u00e7a alimentar quando h\u00e1 vontade pol\u00edtica, recursos e conhecimento.<\/p>\n\n\n\n<div class=\"wp-block-image\"><figure class=\"aligncenter size-large is-resized\"><a href=\"https:\/\/www.ithbrasil.com.br\/\"><img loading=\"lazy\" decoding=\"async\" src=\"https:\/\/jornalfatosenoticias.com.br\/wp-content\/uploads\/2023\/08\/ITH.jpeg\" alt=\"\" class=\"wp-image-44638\" width=\"305\" height=\"248\" srcset=\"https:\/\/jornalfatosenoticias.com.br\/wp-content\/uploads\/2023\/08\/ITH.jpeg 800w, https:\/\/jornalfatosenoticias.com.br\/wp-content\/uploads\/2023\/08\/ITH-300x244.jpeg 300w, https:\/\/jornalfatosenoticias.com.br\/wp-content\/uploads\/2023\/08\/ITH-768x624.jpeg 768w\" sizes=\"auto, (max-width: 305px) 100vw, 305px\" \/><\/a><\/figure><\/div>\n\n\n\n<p>Em escala global, o relat\u00f3rio da ONU destaca que cerca de 733 milh\u00f5es de pessoas passaram fome em 2023, o que representa uma em cada 11 pessoas no mundo. Este n\u00famero \u00e9 equivalente aos n\u00edveis de desnutri\u00e7\u00e3o de 2008-2009, mostrando um significativo retrocesso nos \u00faltimos 15 anos.<\/p>\n\n\n\n<div class=\"wp-block-image\"><figure class=\"aligncenter size-large is-resized\"><a href=\"https:\/\/www.controlsystems.com.br\/\"><img loading=\"lazy\" decoding=\"async\" src=\"https:\/\/jornalfatosenoticias.com.br\/wp-content\/uploads\/2020\/02\/CONTROL-CS.jpg\" alt=\"\" class=\"wp-image-44991\" width=\"285\" height=\"342\" srcset=\"https:\/\/jornalfatosenoticias.com.br\/wp-content\/uploads\/2020\/02\/CONTROL-CS.jpg 834w, https:\/\/jornalfatosenoticias.com.br\/wp-content\/uploads\/2020\/02\/CONTROL-CS-250x300.jpg 250w, https:\/\/jornalfatosenoticias.com.br\/wp-content\/uploads\/2020\/02\/CONTROL-CS-768x921.jpg 768w\" sizes=\"auto, (max-width: 285px) 100vw, 285px\" \/><\/a><\/figure><\/div>\n\n\n\n<h3 class=\"wp-block-heading\"><span class=\"has-inline-color has-black-color\">As tend\u00eancias regionais variam<\/span><\/h3>\n\n\n\n<ol class=\"wp-block-list\"><li>\u00c1frica \u2014 20,4% da popula\u00e7\u00e3o enfrenta fome, situa\u00e7\u00e3o agrava-se;<\/li><li>\u00c1sia \u2014 8,1% enfrenta fome, cen\u00e1rio est\u00e1vel;<\/li><li>Am\u00e9rica Latina \u2014 6,2% enfrenta fome, houve progresso.<\/li><\/ol>\n\n\n\n<div class=\"wp-block-image\"><figure class=\"aligncenter size-large is-resized\"><img loading=\"lazy\" decoding=\"async\" src=\"https:\/\/jornalfatosenoticias.com.br\/wp-content\/uploads\/2022\/02\/Precisao-Contabilidade-1024x724.jpg\" alt=\"\" class=\"wp-image-28088\" width=\"303\" height=\"214\"\/><\/figure><\/div>\n\n\n\n<p>Se as tend\u00eancias atuais persistirem, estima-se que em 2030, cerca de 582 milh\u00f5es de pessoas estar\u00e3o cronicamente subnutridas, metade delas na \u00c1frica.<br>A luta contra a inseguran\u00e7a alimentar \u00e9 uma batalha que precisa de aten\u00e7\u00e3o constante e de esfor\u00e7os coordenados. A esperan\u00e7a \u00e9 que com pol\u00edticas eficazes e coopera\u00e7\u00e3o internacional, possamos ver melhorias significativas nos pr\u00f3ximos anos.<\/p>\n\n\n\n<div class=\"wp-block-image\"><figure class=\"aligncenter size-large is-resized\"><a href=\"https:\/\/panper.com.br\/\"><img loading=\"lazy\" decoding=\"async\" src=\"https:\/\/jornalfatosenoticias.com.br\/wp-content\/uploads\/2023\/03\/logo-Panper_portal.jpg\" alt=\"\" class=\"wp-image-40208\" width=\"361\" height=\"250\" srcset=\"https:\/\/jornalfatosenoticias.com.br\/wp-content\/uploads\/2023\/03\/logo-Panper_portal.jpg 400w, https:\/\/jornalfatosenoticias.com.br\/wp-content\/uploads\/2023\/03\/logo-Panper_portal-300x208.jpg 300w\" sizes=\"auto, (max-width: 361px) 100vw, 361px\" \/><\/a><\/figure><\/div>\n\n\n\n<p><strong><em>Fonte: <a href=\"https:\/\/terrabrasilnoticias.com\/2024\/07\/inseguranca-alimentar-grave-afetou-14-milhoes-de-brasileiros\/\">Terra Brasil Not\u00edcias<\/a><\/em><\/strong><\/p>\n","protected":false},"excerpt":{"rendered":"<p>De acordo com um recente relat\u00f3rio da ONU, 6,6% da popula\u00e7\u00e3o brasileira enfrentou inseguran\u00e7a alimentar grave no per\u00edodo de 2021 a 2023. Esse n\u00famero alarmante representa cerca de 14 milh\u00f5es de pessoas, destacando a persist\u00eancia desse problema no pa\u00eds. O relat\u00f3rio, intitulado \u201cEstado da Seguran\u00e7a Alimentar e da Nutri\u00e7\u00e3o no Mundo 2024\u201d, foi divulgado nesta [&hellip;]<\/p>\n","protected":false},"author":2,"featured_media":52979,"comment_status":"open","ping_status":"open","sticky":false,"template":"","format":"standard","meta":{"footnotes":""},"categories":[5],"tags":[597,1203,18343,21454,15221],"class_list":["post-52978","post","type-post","status-publish","format-standard","has-post-thumbnail","hentry","category-geral","tag-brasil","tag-fome","tag-governo-lula","tag-governo-pt","tag-inseguranca-alimentar"],"yoast_head":"<!-- This site is optimized with the Yoast SEO plugin v26.5 - https:\/\/yoast.com\/wordpress\/plugins\/seo\/ -->\n<title>Inseguran\u00e7a alimentar grave afetou 14 milh\u00f5es de brasileiros - Jornal Fatos e Not\u00edcias<\/title>\n<meta name=\"robots\" content=\"index, follow, max-snippet:-1, max-image-preview:large, max-video-preview:-1\" \/>\n<link rel=\"canonical\" href=\"https:\/\/jornalfatosenoticias.com.br\/index.php\/2024\/07\/24\/inseguranca-alimentar-grave-afetou-14-milhoes-de-brasileiros\/\" \/>\n<meta property=\"og:locale\" content=\"pt_BR\" \/>\n<meta property=\"og:type\" content=\"article\" \/>\n<meta property=\"og:title\" content=\"Inseguran\u00e7a alimentar grave afetou 14 milh\u00f5es de brasileiros - Jornal Fatos e Not\u00edcias\" \/>\n<meta property=\"og:description\" content=\"De acordo com um recente relat\u00f3rio da ONU, 6,6% da popula\u00e7\u00e3o brasileira enfrentou inseguran\u00e7a alimentar grave no per\u00edodo de 2021 a 2023. Esse n\u00famero alarmante representa cerca de 14 milh\u00f5es de pessoas, destacando a persist\u00eancia desse problema no pa\u00eds. O relat\u00f3rio, intitulado \u201cEstado da Seguran\u00e7a Alimentar e da Nutri\u00e7\u00e3o no Mundo 2024\u201d, foi divulgado nesta [&hellip;]\" \/>\n<meta property=\"og:url\" content=\"https:\/\/jornalfatosenoticias.com.br\/index.php\/2024\/07\/24\/inseguranca-alimentar-grave-afetou-14-milhoes-de-brasileiros\/\" \/>\n<meta property=\"og:site_name\" content=\"Jornal Fatos e Not\u00edcias\" \/>\n<meta property=\"article:published_time\" content=\"2024-07-24T18:42:45+00:00\" \/>\n<meta property=\"article:modified_time\" content=\"2024-07-24T18:42:46+00:00\" \/>\n<meta property=\"og:image\" content=\"https:\/\/jornalfatosenoticias.com.br\/wp-content\/uploads\/2024\/07\/inseguranca-alimentar_istock.jpg\" \/>\n\t<meta property=\"og:image:width\" content=\"612\" \/>\n\t<meta property=\"og:image:height\" content=\"441\" \/>\n\t<meta property=\"og:image:type\" content=\"image\/jpeg\" \/>\n<meta name=\"author\" content=\"Luzimara Fernandes\" \/>\n<meta name=\"twitter:card\" content=\"summary_large_image\" \/>\n<meta name=\"twitter:label1\" content=\"Escrito por\" \/>\n\t<meta name=\"twitter:data1\" content=\"Luzimara Fernandes\" \/>\n\t<meta name=\"twitter:label2\" content=\"Est. tempo de leitura\" \/>\n\t<meta name=\"twitter:data2\" content=\"3 minutos\" \/>\n<script type=\"application\/ld+json\" class=\"yoast-schema-graph\">{\"@context\":\"https:\/\/schema.org\",\"@graph\":[{\"@type\":\"Article\",\"@id\":\"https:\/\/jornalfatosenoticias.com.br\/index.php\/2024\/07\/24\/inseguranca-alimentar-grave-afetou-14-milhoes-de-brasileiros\/#article\",\"isPartOf\":{\"@id\":\"https:\/\/jornalfatosenoticias.com.br\/index.php\/2024\/07\/24\/inseguranca-alimentar-grave-afetou-14-milhoes-de-brasileiros\/\"},\"author\":{\"name\":\"Luzimara Fernandes\",\"@id\":\"https:\/\/jornalfatosenoticias.com.br\/#\/schema\/person\/d63837fa13ac8666eb9e74e0985d6f81\"},\"headline\":\"Inseguran\u00e7a alimentar grave afetou 14 milh\u00f5es de brasileiros\",\"datePublished\":\"2024-07-24T18:42:45+00:00\",\"dateModified\":\"2024-07-24T18:42:46+00:00\",\"mainEntityOfPage\":{\"@id\":\"https:\/\/jornalfatosenoticias.com.br\/index.php\/2024\/07\/24\/inseguranca-alimentar-grave-afetou-14-milhoes-de-brasileiros\/\"},\"wordCount\":548,\"commentCount\":0,\"publisher\":{\"@id\":\"https:\/\/jornalfatosenoticias.com.br\/#organization\"},\"image\":{\"@id\":\"https:\/\/jornalfatosenoticias.com.br\/index.php\/2024\/07\/24\/inseguranca-alimentar-grave-afetou-14-milhoes-de-brasileiros\/#primaryimage\"},\"thumbnailUrl\":\"https:\/\/jornalfatosenoticias.com.br\/wp-content\/uploads\/2024\/07\/inseguranca-alimentar_istock.jpg\",\"keywords\":[\"Brasil\",\"fome\",\"governo Lula\",\"governo PT\",\"inseguran\u00e7a alimentar\"],\"articleSection\":[\"Geral\"],\"inLanguage\":\"pt-BR\",\"potentialAction\":[{\"@type\":\"CommentAction\",\"name\":\"Comment\",\"target\":[\"https:\/\/jornalfatosenoticias.com.br\/index.php\/2024\/07\/24\/inseguranca-alimentar-grave-afetou-14-milhoes-de-brasileiros\/#respond\"]}]},{\"@type\":\"WebPage\",\"@id\":\"https:\/\/jornalfatosenoticias.com.br\/index.php\/2024\/07\/24\/inseguranca-alimentar-grave-afetou-14-milhoes-de-brasileiros\/\",\"url\":\"https:\/\/jornalfatosenoticias.com.br\/index.php\/2024\/07\/24\/inseguranca-alimentar-grave-afetou-14-milhoes-de-brasileiros\/\",\"name\":\"Inseguran\u00e7a alimentar grave afetou 14 milh\u00f5es de brasileiros - Jornal Fatos e Not\u00edcias\",\"isPartOf\":{\"@id\":\"https:\/\/jornalfatosenoticias.com.br\/#website\"},\"primaryImageOfPage\":{\"@id\":\"https:\/\/jornalfatosenoticias.com.br\/index.php\/2024\/07\/24\/inseguranca-alimentar-grave-afetou-14-milhoes-de-brasileiros\/#primaryimage\"},\"image\":{\"@id\":\"https:\/\/jornalfatosenoticias.com.br\/index.php\/2024\/07\/24\/inseguranca-alimentar-grave-afetou-14-milhoes-de-brasileiros\/#primaryimage\"},\"thumbnailUrl\":\"https:\/\/jornalfatosenoticias.com.br\/wp-content\/uploads\/2024\/07\/inseguranca-alimentar_istock.jpg\",\"datePublished\":\"2024-07-24T18:42:45+00:00\",\"dateModified\":\"2024-07-24T18:42:46+00:00\",\"breadcrumb\":{\"@id\":\"https:\/\/jornalfatosenoticias.com.br\/index.php\/2024\/07\/24\/inseguranca-alimentar-grave-afetou-14-milhoes-de-brasileiros\/#breadcrumb\"},\"inLanguage\":\"pt-BR\",\"potentialAction\":[{\"@type\":\"ReadAction\",\"target\":[\"https:\/\/jornalfatosenoticias.com.br\/index.php\/2024\/07\/24\/inseguranca-alimentar-grave-afetou-14-milhoes-de-brasileiros\/\"]}]},{\"@type\":\"ImageObject\",\"inLanguage\":\"pt-BR\",\"@id\":\"https:\/\/jornalfatosenoticias.com.br\/index.php\/2024\/07\/24\/inseguranca-alimentar-grave-afetou-14-milhoes-de-brasileiros\/#primaryimage\",\"url\":\"https:\/\/jornalfatosenoticias.com.br\/wp-content\/uploads\/2024\/07\/inseguranca-alimentar_istock.jpg\",\"contentUrl\":\"https:\/\/jornalfatosenoticias.com.br\/wp-content\/uploads\/2024\/07\/inseguranca-alimentar_istock.jpg\",\"width\":612,\"height\":441,\"caption\":\"Two pairs of children's hands hold a metal plate.\"},{\"@type\":\"BreadcrumbList\",\"@id\":\"https:\/\/jornalfatosenoticias.com.br\/index.php\/2024\/07\/24\/inseguranca-alimentar-grave-afetou-14-milhoes-de-brasileiros\/#breadcrumb\",\"itemListElement\":[{\"@type\":\"ListItem\",\"position\":1,\"name\":\"In\u00edcio\",\"item\":\"https:\/\/jornalfatosenoticias.com.br\/\"},{\"@type\":\"ListItem\",\"position\":2,\"name\":\"Inseguran\u00e7a alimentar grave afetou 14 milh\u00f5es de brasileiros\"}]},{\"@type\":\"WebSite\",\"@id\":\"https:\/\/jornalfatosenoticias.com.br\/#website\",\"url\":\"https:\/\/jornalfatosenoticias.com.br\/\",\"name\":\"Jornal Fatos e Not\u00edcias\",\"description\":\"Not\u00edcias em geral\",\"publisher\":{\"@id\":\"https:\/\/jornalfatosenoticias.com.br\/#organization\"},\"potentialAction\":[{\"@type\":\"SearchAction\",\"target\":{\"@type\":\"EntryPoint\",\"urlTemplate\":\"https:\/\/jornalfatosenoticias.com.br\/?s={search_term_string}\"},\"query-input\":{\"@type\":\"PropertyValueSpecification\",\"valueRequired\":true,\"valueName\":\"search_term_string\"}}],\"inLanguage\":\"pt-BR\"},{\"@type\":\"Organization\",\"@id\":\"https:\/\/jornalfatosenoticias.com.br\/#organization\",\"name\":\"Jornal Fatos e Not\u00edcias\",\"url\":\"https:\/\/jornalfatosenoticias.com.br\/\",\"logo\":{\"@type\":\"ImageObject\",\"inLanguage\":\"pt-BR\",\"@id\":\"https:\/\/jornalfatosenoticias.com.br\/#\/schema\/logo\/image\/\",\"url\":\"https:\/\/jornalfatosenoticias.com.br\/wp-content\/uploads\/2020\/02\/logo120.png\",\"contentUrl\":\"https:\/\/jornalfatosenoticias.com.br\/wp-content\/uploads\/2020\/02\/logo120.png\",\"width\":1227,\"height\":120,\"caption\":\"Jornal Fatos e Not\u00edcias\"},\"image\":{\"@id\":\"https:\/\/jornalfatosenoticias.com.br\/#\/schema\/logo\/image\/\"}},{\"@type\":\"Person\",\"@id\":\"https:\/\/jornalfatosenoticias.com.br\/#\/schema\/person\/d63837fa13ac8666eb9e74e0985d6f81\",\"name\":\"Luzimara Fernandes\",\"image\":{\"@type\":\"ImageObject\",\"inLanguage\":\"pt-BR\",\"@id\":\"https:\/\/jornalfatosenoticias.com.br\/#\/schema\/person\/image\/\",\"url\":\"https:\/\/jornalfatosenoticias.com.br\/wp-content\/uploads\/2025\/05\/EU_portal.jpg\",\"contentUrl\":\"https:\/\/jornalfatosenoticias.com.br\/wp-content\/uploads\/2025\/05\/EU_portal.jpg\",\"caption\":\"Luzimara Fernandes\"},\"description\":\"Jornalista MTB 2358-ES\",\"sameAs\":[\"https:\/\/jornalfatosenoticias.com.br\"],\"url\":\"https:\/\/jornalfatosenoticias.com.br\/index.php\/author\/luzimara\/\"}]}<\/script>\n<!-- \/ Yoast SEO plugin. -->","yoast_head_json":{"title":"Inseguran\u00e7a alimentar grave afetou 14 milh\u00f5es de brasileiros - Jornal Fatos e Not\u00edcias","robots":{"index":"index","follow":"follow","max-snippet":"max-snippet:-1","max-image-preview":"max-image-preview:large","max-video-preview":"max-video-preview:-1"},"canonical":"https:\/\/jornalfatosenoticias.com.br\/index.php\/2024\/07\/24\/inseguranca-alimentar-grave-afetou-14-milhoes-de-brasileiros\/","og_locale":"pt_BR","og_type":"article","og_title":"Inseguran\u00e7a alimentar grave afetou 14 milh\u00f5es de brasileiros - Jornal Fatos e Not\u00edcias","og_description":"De acordo com um recente relat\u00f3rio da ONU, 6,6% da popula\u00e7\u00e3o brasileira enfrentou inseguran\u00e7a alimentar grave no per\u00edodo de 2021 a 2023. Esse n\u00famero alarmante representa cerca de 14 milh\u00f5es de pessoas, destacando a persist\u00eancia desse problema no pa\u00eds. O relat\u00f3rio, intitulado \u201cEstado da Seguran\u00e7a Alimentar e da Nutri\u00e7\u00e3o no Mundo 2024\u201d, foi divulgado nesta [&hellip;]","og_url":"https:\/\/jornalfatosenoticias.com.br\/index.php\/2024\/07\/24\/inseguranca-alimentar-grave-afetou-14-milhoes-de-brasileiros\/","og_site_name":"Jornal Fatos e Not\u00edcias","article_published_time":"2024-07-24T18:42:45+00:00","article_modified_time":"2024-07-24T18:42:46+00:00","og_image":[{"width":612,"height":441,"url":"https:\/\/jornalfatosenoticias.com.br\/wp-content\/uploads\/2024\/07\/inseguranca-alimentar_istock.jpg","type":"image\/jpeg"}],"author":"Luzimara Fernandes","twitter_card":"summary_large_image","twitter_misc":{"Escrito por":"Luzimara Fernandes","Est. tempo de leitura":"3 minutos"},"schema":{"@context":"https:\/\/schema.org","@graph":[{"@type":"Article","@id":"https:\/\/jornalfatosenoticias.com.br\/index.php\/2024\/07\/24\/inseguranca-alimentar-grave-afetou-14-milhoes-de-brasileiros\/#article","isPartOf":{"@id":"https:\/\/jornalfatosenoticias.com.br\/index.php\/2024\/07\/24\/inseguranca-alimentar-grave-afetou-14-milhoes-de-brasileiros\/"},"author":{"name":"Luzimara Fernandes","@id":"https:\/\/jornalfatosenoticias.com.br\/#\/schema\/person\/d63837fa13ac8666eb9e74e0985d6f81"},"headline":"Inseguran\u00e7a alimentar grave afetou 14 milh\u00f5es de brasileiros","datePublished":"2024-07-24T18:42:45+00:00","dateModified":"2024-07-24T18:42:46+00:00","mainEntityOfPage":{"@id":"https:\/\/jornalfatosenoticias.com.br\/index.php\/2024\/07\/24\/inseguranca-alimentar-grave-afetou-14-milhoes-de-brasileiros\/"},"wordCount":548,"commentCount":0,"publisher":{"@id":"https:\/\/jornalfatosenoticias.com.br\/#organization"},"image":{"@id":"https:\/\/jornalfatosenoticias.com.br\/index.php\/2024\/07\/24\/inseguranca-alimentar-grave-afetou-14-milhoes-de-brasileiros\/#primaryimage"},"thumbnailUrl":"https:\/\/jornalfatosenoticias.com.br\/wp-content\/uploads\/2024\/07\/inseguranca-alimentar_istock.jpg","keywords":["Brasil","fome","governo Lula","governo PT","inseguran\u00e7a alimentar"],"articleSection":["Geral"],"inLanguage":"pt-BR","potentialAction":[{"@type":"CommentAction","name":"Comment","target":["https:\/\/jornalfatosenoticias.com.br\/index.php\/2024\/07\/24\/inseguranca-alimentar-grave-afetou-14-milhoes-de-brasileiros\/#respond"]}]},{"@type":"WebPage","@id":"https:\/\/jornalfatosenoticias.com.br\/index.php\/2024\/07\/24\/inseguranca-alimentar-grave-afetou-14-milhoes-de-brasileiros\/","url":"https:\/\/jornalfatosenoticias.com.br\/index.php\/2024\/07\/24\/inseguranca-alimentar-grave-afetou-14-milhoes-de-brasileiros\/","name":"Inseguran\u00e7a alimentar grave afetou 14 milh\u00f5es de brasileiros - Jornal Fatos e Not\u00edcias","isPartOf":{"@id":"https:\/\/jornalfatosenoticias.com.br\/#website"},"primaryImageOfPage":{"@id":"https:\/\/jornalfatosenoticias.com.br\/index.php\/2024\/07\/24\/inseguranca-alimentar-grave-afetou-14-milhoes-de-brasileiros\/#primaryimage"},"image":{"@id":"https:\/\/jornalfatosenoticias.com.br\/index.php\/2024\/07\/24\/inseguranca-alimentar-grave-afetou-14-milhoes-de-brasileiros\/#primaryimage"},"thumbnailUrl":"https:\/\/jornalfatosenoticias.com.br\/wp-content\/uploads\/2024\/07\/inseguranca-alimentar_istock.jpg","datePublished":"2024-07-24T18:42:45+00:00","dateModified":"2024-07-24T18:42:46+00:00","breadcrumb":{"@id":"https:\/\/jornalfatosenoticias.com.br\/index.php\/2024\/07\/24\/inseguranca-alimentar-grave-afetou-14-milhoes-de-brasileiros\/#breadcrumb"},"inLanguage":"pt-BR","potentialAction":[{"@type":"ReadAction","target":["https:\/\/jornalfatosenoticias.com.br\/index.php\/2024\/07\/24\/inseguranca-alimentar-grave-afetou-14-milhoes-de-brasileiros\/"]}]},{"@type":"ImageObject","inLanguage":"pt-BR","@id":"https:\/\/jornalfatosenoticias.com.br\/index.php\/2024\/07\/24\/inseguranca-alimentar-grave-afetou-14-milhoes-de-brasileiros\/#primaryimage","url":"https:\/\/jornalfatosenoticias.com.br\/wp-content\/uploads\/2024\/07\/inseguranca-alimentar_istock.jpg","contentUrl":"https:\/\/jornalfatosenoticias.com.br\/wp-content\/uploads\/2024\/07\/inseguranca-alimentar_istock.jpg","width":612,"height":441,"caption":"Two pairs of children's hands hold a metal plate."},{"@type":"BreadcrumbList","@id":"https:\/\/jornalfatosenoticias.com.br\/index.php\/2024\/07\/24\/inseguranca-alimentar-grave-afetou-14-milhoes-de-brasileiros\/#breadcrumb","itemListElement":[{"@type":"ListItem","position":1,"name":"In\u00edcio","item":"https:\/\/jornalfatosenoticias.com.br\/"},{"@type":"ListItem","position":2,"name":"Inseguran\u00e7a alimentar grave afetou 14 milh\u00f5es de brasileiros"}]},{"@type":"WebSite","@id":"https:\/\/jornalfatosenoticias.com.br\/#website","url":"https:\/\/jornalfatosenoticias.com.br\/","name":"Jornal Fatos e Not\u00edcias","description":"Not\u00edcias em geral","publisher":{"@id":"https:\/\/jornalfatosenoticias.com.br\/#organization"},"potentialAction":[{"@type":"SearchAction","target":{"@type":"EntryPoint","urlTemplate":"https:\/\/jornalfatosenoticias.com.br\/?s={search_term_string}"},"query-input":{"@type":"PropertyValueSpecification","valueRequired":true,"valueName":"search_term_string"}}],"inLanguage":"pt-BR"},{"@type":"Organization","@id":"https:\/\/jornalfatosenoticias.com.br\/#organization","name":"Jornal Fatos e Not\u00edcias","url":"https:\/\/jornalfatosenoticias.com.br\/","logo":{"@type":"ImageObject","inLanguage":"pt-BR","@id":"https:\/\/jornalfatosenoticias.com.br\/#\/schema\/logo\/image\/","url":"https:\/\/jornalfatosenoticias.com.br\/wp-content\/uploads\/2020\/02\/logo120.png","contentUrl":"https:\/\/jornalfatosenoticias.com.br\/wp-content\/uploads\/2020\/02\/logo120.png","width":1227,"height":120,"caption":"Jornal Fatos e Not\u00edcias"},"image":{"@id":"https:\/\/jornalfatosenoticias.com.br\/#\/schema\/logo\/image\/"}},{"@type":"Person","@id":"https:\/\/jornalfatosenoticias.com.br\/#\/schema\/person\/d63837fa13ac8666eb9e74e0985d6f81","name":"Luzimara Fernandes","image":{"@type":"ImageObject","inLanguage":"pt-BR","@id":"https:\/\/jornalfatosenoticias.com.br\/#\/schema\/person\/image\/","url":"https:\/\/jornalfatosenoticias.com.br\/wp-content\/uploads\/2025\/05\/EU_portal.jpg","contentUrl":"https:\/\/jornalfatosenoticias.com.br\/wp-content\/uploads\/2025\/05\/EU_portal.jpg","caption":"Luzimara Fernandes"},"description":"Jornalista MTB 2358-ES","sameAs":["https:\/\/jornalfatosenoticias.com.br"],"url":"https:\/\/jornalfatosenoticias.com.br\/index.php\/author\/luzimara\/"}]}},"cc_featured_image_caption":{"caption_text":"(Foto: iStock) ","source_text":"","source_url":""},"jetpack_featured_media_url":"https:\/\/jornalfatosenoticias.com.br\/wp-content\/uploads\/2024\/07\/inseguranca-alimentar_istock.jpg","_links":{"self":[{"href":"https:\/\/jornalfatosenoticias.com.br\/index.php\/wp-json\/wp\/v2\/posts\/52978","targetHints":{"allow":["GET"]}}],"collection":[{"href":"https:\/\/jornalfatosenoticias.com.br\/index.php\/wp-json\/wp\/v2\/posts"}],"about":[{"href":"https:\/\/jornalfatosenoticias.com.br\/index.php\/wp-json\/wp\/v2\/types\/post"}],"author":[{"embeddable":true,"href":"https:\/\/jornalfatosenoticias.com.br\/index.php\/wp-json\/wp\/v2\/users\/2"}],"replies":[{"embeddable":true,"href":"https:\/\/jornalfatosenoticias.com.br\/index.php\/wp-json\/wp\/v2\/comments?post=52978"}],"version-history":[{"count":0,"href":"https:\/\/jornalfatosenoticias.com.br\/index.php\/wp-json\/wp\/v2\/posts\/52978\/revisions"}],"wp:featuredmedia":[{"embeddable":true,"href":"https:\/\/jornalfatosenoticias.com.br\/index.php\/wp-json\/wp\/v2\/media\/52979"}],"wp:attachment":[{"href":"https:\/\/jornalfatosenoticias.com.br\/index.php\/wp-json\/wp\/v2\/media?parent=52978"}],"wp:term":[{"taxonomy":"category","embeddable":true,"href":"https:\/\/jornalfatosenoticias.com.br\/index.php\/wp-json\/wp\/v2\/categories?post=52978"},{"taxonomy":"post_tag","embeddable":true,"href":"https:\/\/jornalfatosenoticias.com.br\/index.php\/wp-json\/wp\/v2\/tags?post=52978"}],"curies":[{"name":"wp","href":"https:\/\/api.w.org\/{rel}","templated":true}]}}