{"id":52991,"date":"2024-07-24T16:36:32","date_gmt":"2024-07-24T19:36:32","guid":{"rendered":"https:\/\/jornalfatosenoticias.com.br\/?p=52991"},"modified":"2024-07-24T16:36:34","modified_gmt":"2024-07-24T19:36:34","slug":"projeto-de-lula-para-interferir-na-seguranca-dos-estados-pode-enfrentar-resistencia-no-congresso","status":"publish","type":"post","link":"https:\/\/jornalfatosenoticias.com.br\/index.php\/2024\/07\/24\/projeto-de-lula-para-interferir-na-seguranca-dos-estados-pode-enfrentar-resistencia-no-congresso\/","title":{"rendered":"Projeto de Lula para interferir na seguran\u00e7a dos estados pode enfrentar resist\u00eancia no Congresso"},"content":{"rendered":"\n<p><em><span class=\"has-inline-color has-black-color\">Deputados e senadores devem aprofundar discuss\u00f5es sobre proposta de Lula para interferir na seguran\u00e7a dos estados<\/span><\/em><\/p>\n\n\n\n<p><span class=\"has-inline-color has-black-color\">Por <strong><a href=\"https:\/\/www.gazetadopovo.com.br\/autor\/guilherme-grandi\/\">Guilherme Grandi<\/a><\/strong><\/span><\/p>\n\n\n\n<div class=\"wp-block-image\"><figure class=\"aligncenter size-large\"><a href=\"https:\/\/mizu.com.br\/\"><img loading=\"lazy\" decoding=\"async\" width=\"729\" height=\"90\" src=\"https:\/\/jornalfatosenoticias.com.br\/wp-content\/uploads\/2020\/02\/Logo_Mizu.png\" alt=\"\" class=\"wp-image-1441\" srcset=\"https:\/\/jornalfatosenoticias.com.br\/wp-content\/uploads\/2020\/02\/Logo_Mizu.png 729w, https:\/\/jornalfatosenoticias.com.br\/wp-content\/uploads\/2020\/02\/Logo_Mizu-300x37.png 300w\" sizes=\"auto, (max-width: 729px) 100vw, 729px\" \/><\/a><\/figure><\/div>\n\n\n\n<p>A Proposta de Emenda \u00e0 Constitui\u00e7\u00e3o (PEC) que Luiz In\u00e1cio Lula da Silva (PT) quer articular com o Minist\u00e9rio da Justi\u00e7a para ampliar a atua\u00e7\u00e3o da Uni\u00e3o na seguran\u00e7a p\u00fablica dos estados pode enfrentar a resist\u00eancia de deputados e senadores no Congresso Nacional.<br>A PEC est\u00e1 sendo elaborada pelo ministro Ricardo Lewandowski e pretende dar mais poder ao governo para definir normas gerais das pol\u00edcias, refor\u00e7ar a atua\u00e7\u00e3o da Pol\u00edcia Federal e da Pol\u00edcia Rodovi\u00e1ria Federal, entre outras pol\u00edticas de seguran\u00e7a p\u00fablica que s\u00e3o atribu\u00eddas constitucionalmente aos estados.<\/p>\n\n\n\n<div class=\"wp-block-image\"><figure class=\"aligncenter size-large\"><a href=\"https:\/\/www.instagram.com\/baraodascarnes.es\/\"><img decoding=\"async\" src=\"https:\/\/jornalfatosenoticias.com.br\/wp-content\/uploads\/2020\/02\/barao-das-carnes-300x164-1.jpg\" alt=\"\" class=\"wp-image-34339\"\/><\/a><\/figure><\/div>\n\n\n\n<p>A inten\u00e7\u00e3o vem sendo citada por Lula desde o m\u00eas passado com a alega\u00e7\u00e3o de que as organiza\u00e7\u00f5es criminosas passaram a atuar nacionalmente, e que muitos estados n\u00e3o t\u00eam conseguido agir contra elas. Ele diz que n\u00e3o pretende interferir nas for\u00e7as locais, mas os parlamentares veem o projeto com desconfian\u00e7a.<\/p>\n\n\n\n<div class=\"wp-block-image\"><figure class=\"aligncenter size-large\"><a href=\"http:\/\/www.ferrarimaquinas.com.br\/\"><img loading=\"lazy\" decoding=\"async\" width=\"300\" height=\"250\" src=\"https:\/\/jornalfatosenoticias.com.br\/wp-content\/uploads\/2022\/02\/FERRARI_MAQUINAS-E-FERRAMENTAS2.jpg\" alt=\"\" class=\"wp-image-27860\"\/><\/a><\/figure><\/div>\n\n\n\n<p>Lula j\u00e1 afirmou que a discuss\u00e3o no Planalto ter\u00e1 a participa\u00e7\u00e3o dos ministros que j\u00e1 foram governadores de estados, como Camilo Santana (Educa\u00e7\u00e3o), que governou o Cear\u00e1, e Rui Costa (Casa Civil), da Bahia. Ele disse, ainda, que pretende ouvir os 27 atuais gestores estaduais para definir como a proposta funcionar\u00e1.<\/p>\n\n\n\n<div class=\"wp-block-image\"><figure class=\"aligncenter size-large is-resized\"><a href=\"https:\/\/www.controlsystems.com.br\/\"><img loading=\"lazy\" decoding=\"async\" src=\"https:\/\/jornalfatosenoticias.com.br\/wp-content\/uploads\/2020\/02\/CONTROL-CS.jpg\" alt=\"\" class=\"wp-image-44991\" width=\"309\" height=\"370\" srcset=\"https:\/\/jornalfatosenoticias.com.br\/wp-content\/uploads\/2020\/02\/CONTROL-CS.jpg 834w, https:\/\/jornalfatosenoticias.com.br\/wp-content\/uploads\/2020\/02\/CONTROL-CS-250x300.jpg 250w, https:\/\/jornalfatosenoticias.com.br\/wp-content\/uploads\/2020\/02\/CONTROL-CS-768x921.jpg 768w\" sizes=\"auto, (max-width: 309px) 100vw, 309px\" \/><\/a><\/figure><\/div>\n\n\n\n<p>O presidente do Senado, Rodrigo Pacheco (PSD-MG), afirmou que j\u00e1 teve uma primeira conversa com Lewandowski sobre o projeto, e que deve costurar uma reuni\u00e3o com o ministro e lideran\u00e7as do Senado ap\u00f3s o recesso parlamentar. \u201cParece-me uma ideia boa. Obviamente, ela precisa ser constru\u00edda juntamente ao Parlamento para ter viabilidade. Ent\u00e3o, vamos promover esse encontro em breve para que o ministro possa expor as ideias dessa constitucionaliza\u00e7\u00e3o do Sistema \u00danico de Seguran\u00e7a P\u00fablica\u201d, disse Pacheco ao jornal O Globo.<\/p>\n\n\n\n<div class=\"wp-block-image\"><figure class=\"aligncenter size-large is-resized\"><a href=\"https:\/\/panper.com.br\/\"><img loading=\"lazy\" decoding=\"async\" src=\"https:\/\/jornalfatosenoticias.com.br\/wp-content\/uploads\/2023\/03\/logo-Panper_portal.jpg\" alt=\"\" class=\"wp-image-40208\" width=\"358\" height=\"248\" srcset=\"https:\/\/jornalfatosenoticias.com.br\/wp-content\/uploads\/2023\/03\/logo-Panper_portal.jpg 400w, https:\/\/jornalfatosenoticias.com.br\/wp-content\/uploads\/2023\/03\/logo-Panper_portal-300x208.jpg 300w\" sizes=\"auto, (max-width: 358px) 100vw, 358px\" \/><\/a><\/figure><\/div>\n\n\n\n<p>Regimentalmente, a PEC precisa come\u00e7ar o tr\u00e2mite no Congresso a partir da C\u00e2mara dos Deputados, onde o governo tem uma base muito pequena e uma resist\u00eancia maior. No entanto, o Senado tamb\u00e9m pode dar in\u00edcio caso haja uma articula\u00e7\u00e3o dos senadores. No entanto, o presidente da Frente Parlamentar da Seguran\u00e7a P\u00fablica, deputado Alberto Fraga (PL-DF), v\u00ea a proposta com ressalvas. Para ele, o pouco que se ventilou at\u00e9 o momento n\u00e3o convence.<\/p>\n\n\n\n<div class=\"wp-block-image\"><figure class=\"aligncenter size-large\"><a href=\"https:\/\/cesconetto.com.br\/\"><img loading=\"lazy\" decoding=\"async\" width=\"300\" height=\"250\" src=\"https:\/\/jornalfatosenoticias.com.br\/wp-content\/uploads\/2020\/02\/Banner-2.png\" alt=\"\" class=\"wp-image-43787\"\/><\/a><\/figure><\/div>\n\n\n\n<blockquote class=\"wp-block-quote is-layout-flow wp-block-quote-is-layout-flow\"><p><span class=\"has-inline-color has-luminous-vivid-orange-color\">O que ouvi at\u00e9 agora \u00e9 que essa PEC n\u00e3o vem somar em absolutamente nada. A bancada da Seguran\u00e7a P\u00fablica, com seus 292 deputados, vai se inteirar dos fatos e fazer a press\u00e3o que deve ser feita\u201d, pontuou.<\/span><\/p><\/blockquote>\n\n\n\n<div class=\"wp-block-image\"><figure class=\"aligncenter size-large is-resized\"><a href=\"https:\/\/www.facebook.com\/vetor.vix\/\"><img loading=\"lazy\" decoding=\"async\" src=\"https:\/\/jornalfatosenoticias.com.br\/wp-content\/uploads\/2023\/09\/vetorvix1024_1.jpg\" alt=\"\" class=\"wp-image-44868\" width=\"554\" height=\"147\" srcset=\"https:\/\/jornalfatosenoticias.com.br\/wp-content\/uploads\/2023\/09\/vetorvix1024_1.jpg 1024w, https:\/\/jornalfatosenoticias.com.br\/wp-content\/uploads\/2023\/09\/vetorvix1024_1-300x80.jpg 300w, https:\/\/jornalfatosenoticias.com.br\/wp-content\/uploads\/2023\/09\/vetorvix1024_1-768x205.jpg 768w\" sizes=\"auto, (max-width: 554px) 100vw, 554px\" \/><\/a><\/figure><\/div>\n\n\n\n<p>Lula afirmou, no come\u00e7o do m\u00eas, que o governo precisa participar da seguran\u00e7a p\u00fablica brasileira \u201cn\u00e3o apenas com o repasse de dinheiro\u201d, j\u00e1 que os estados \u201csozinhos n\u00e3o d\u00e3o conta\u201d. \u201cO governo federal quer participar da quest\u00e3o da seguran\u00e7a p\u00fablica. N\u00f3s queremos saber qual \u00e9 o nosso papel, aonde a gente entra, como a gente pode ajudar\u201d, pontuou o petista.<\/p>\n\n\n\n<div class=\"wp-block-image\"><figure class=\"aligncenter size-large is-resized\"><a href=\"https:\/\/hotelmarquetti.com.br\/\"><img loading=\"lazy\" decoding=\"async\" src=\"https:\/\/jornalfatosenoticias.com.br\/wp-content\/uploads\/2023\/08\/BKR-1024x1021.jpg\" alt=\"\" class=\"wp-image-44494\" width=\"311\" height=\"310\" srcset=\"https:\/\/jornalfatosenoticias.com.br\/wp-content\/uploads\/2023\/08\/BKR-1024x1021.jpg 1024w, https:\/\/jornalfatosenoticias.com.br\/wp-content\/uploads\/2023\/08\/BKR-300x300.jpg 300w, https:\/\/jornalfatosenoticias.com.br\/wp-content\/uploads\/2023\/08\/BKR-150x150.jpg 150w, https:\/\/jornalfatosenoticias.com.br\/wp-content\/uploads\/2023\/08\/BKR-768x766.jpg 768w, https:\/\/jornalfatosenoticias.com.br\/wp-content\/uploads\/2023\/08\/BKR.jpg 1080w\" sizes=\"auto, (max-width: 311px) 100vw, 311px\" \/><\/a><\/figure><\/div>\n\n\n\n<p>Entre os pontos que devem ser alterados nas atribui\u00e7\u00f5es dos estados para serem compartilhadas com o governo federal est\u00e3o dar mais poder \u00e0 Uni\u00e3o para definir normas gerais das pol\u00edcias, ampliar as atribui\u00e7\u00f5es da Pol\u00edcia Federal, criar uma nova autoridade a partir da Pol\u00edcia Rodovi\u00e1ria Federal (PRF) e unificar os fundos de Seguran\u00e7a P\u00fablico e Penitenci\u00e1rio.<\/p>\n\n\n\n<div class=\"wp-block-image\"><figure class=\"aligncenter size-large is-resized\"><a href=\"https:\/\/www.ithbrasil.com.br\/\"><img loading=\"lazy\" decoding=\"async\" src=\"https:\/\/jornalfatosenoticias.com.br\/wp-content\/uploads\/2023\/08\/ITH.jpeg\" alt=\"\" class=\"wp-image-44638\" width=\"351\" height=\"285\" srcset=\"https:\/\/jornalfatosenoticias.com.br\/wp-content\/uploads\/2023\/08\/ITH.jpeg 800w, https:\/\/jornalfatosenoticias.com.br\/wp-content\/uploads\/2023\/08\/ITH-300x244.jpeg 300w, https:\/\/jornalfatosenoticias.com.br\/wp-content\/uploads\/2023\/08\/ITH-768x624.jpeg 768w\" sizes=\"auto, (max-width: 351px) 100vw, 351px\" \/><\/a><\/figure><\/div>\n\n\n\n<p><strong><em>Fonte: <a href=\"https:\/\/www.gazetadopovo.com.br\/republica\/lula-seguranca-estados-enfrentar-resistencia-congresso\/\">Gazeta do Povo<\/a><\/em><\/strong><\/p>\n","protected":false},"excerpt":{"rendered":"<p>Deputados e senadores devem aprofundar discuss\u00f5es sobre proposta de Lula para interferir na seguran\u00e7a dos estados Por Guilherme Grandi A Proposta de Emenda \u00e0 Constitui\u00e7\u00e3o (PEC) que Luiz In\u00e1cio Lula da Silva (PT) quer articular com o Minist\u00e9rio da Justi\u00e7a para ampliar a atua\u00e7\u00e3o da Uni\u00e3o na seguran\u00e7a p\u00fablica dos estados pode enfrentar a resist\u00eancia [&hellip;]<\/p>\n","protected":false},"author":2,"featured_media":52992,"comment_status":"open","ping_status":"open","sticky":false,"template":"","format":"standard","meta":{"footnotes":""},"categories":[10],"tags":[982,10224,3537,7580,2146,13414,22368,8580,4101,486],"class_list":["post-52991","post","type-post","status-publish","format-standard","has-post-thumbnail","hentry","category-politica","tag-camara-dos-deputados","tag-congresso-nacional","tag-governadores","tag-lula","tag-policia-federal","tag-policia-rodoviaria-federal","tag-ricardo-lewandowski","tag-rodrigo-pacheco","tag-seguranca-publica","tag-senado"],"yoast_head":"<!-- This site is optimized with the Yoast SEO plugin v26.5 - https:\/\/yoast.com\/wordpress\/plugins\/seo\/ -->\n<title>Projeto de Lula para interferir na seguran\u00e7a dos estados pode enfrentar resist\u00eancia no Congresso - Jornal Fatos e Not\u00edcias<\/title>\n<meta name=\"robots\" content=\"index, follow, max-snippet:-1, max-image-preview:large, max-video-preview:-1\" \/>\n<link rel=\"canonical\" href=\"https:\/\/jornalfatosenoticias.com.br\/index.php\/2024\/07\/24\/projeto-de-lula-para-interferir-na-seguranca-dos-estados-pode-enfrentar-resistencia-no-congresso\/\" \/>\n<meta property=\"og:locale\" content=\"pt_BR\" \/>\n<meta property=\"og:type\" content=\"article\" \/>\n<meta property=\"og:title\" content=\"Projeto de Lula para interferir na seguran\u00e7a dos estados pode enfrentar resist\u00eancia no Congresso - Jornal Fatos e Not\u00edcias\" \/>\n<meta property=\"og:description\" content=\"Deputados e senadores devem aprofundar discuss\u00f5es sobre proposta de Lula para interferir na seguran\u00e7a dos estados Por Guilherme Grandi A Proposta de Emenda \u00e0 Constitui\u00e7\u00e3o (PEC) que Luiz In\u00e1cio Lula da Silva (PT) quer articular com o Minist\u00e9rio da Justi\u00e7a para ampliar a atua\u00e7\u00e3o da Uni\u00e3o na seguran\u00e7a p\u00fablica dos estados pode enfrentar a resist\u00eancia [&hellip;]\" \/>\n<meta property=\"og:url\" content=\"https:\/\/jornalfatosenoticias.com.br\/index.php\/2024\/07\/24\/projeto-de-lula-para-interferir-na-seguranca-dos-estados-pode-enfrentar-resistencia-no-congresso\/\" \/>\n<meta property=\"og:site_name\" content=\"Jornal Fatos e Not\u00edcias\" \/>\n<meta property=\"article:published_time\" content=\"2024-07-24T19:36:32+00:00\" \/>\n<meta property=\"article:modified_time\" content=\"2024-07-24T19:36:34+00:00\" \/>\n<meta property=\"og:image\" content=\"https:\/\/jornalfatosenoticias.com.br\/wp-content\/uploads\/2024\/07\/lula-com-lira-e-pacheco-foto-edilson-rodrigues-agencia-senado.jpg\" \/>\n\t<meta property=\"og:image:width\" content=\"960\" \/>\n\t<meta property=\"og:image:height\" content=\"540\" \/>\n\t<meta property=\"og:image:type\" content=\"image\/jpeg\" \/>\n<meta name=\"author\" content=\"Luzimara Fernandes\" \/>\n<meta name=\"twitter:card\" content=\"summary_large_image\" \/>\n<meta name=\"twitter:label1\" content=\"Escrito por\" \/>\n\t<meta name=\"twitter:data1\" content=\"Luzimara Fernandes\" \/>\n\t<meta name=\"twitter:label2\" content=\"Est. tempo de leitura\" \/>\n\t<meta name=\"twitter:data2\" content=\"3 minutos\" \/>\n<script type=\"application\/ld+json\" class=\"yoast-schema-graph\">{\"@context\":\"https:\/\/schema.org\",\"@graph\":[{\"@type\":\"Article\",\"@id\":\"https:\/\/jornalfatosenoticias.com.br\/index.php\/2024\/07\/24\/projeto-de-lula-para-interferir-na-seguranca-dos-estados-pode-enfrentar-resistencia-no-congresso\/#article\",\"isPartOf\":{\"@id\":\"https:\/\/jornalfatosenoticias.com.br\/index.php\/2024\/07\/24\/projeto-de-lula-para-interferir-na-seguranca-dos-estados-pode-enfrentar-resistencia-no-congresso\/\"},\"author\":{\"name\":\"Luzimara Fernandes\",\"@id\":\"https:\/\/jornalfatosenoticias.com.br\/#\/schema\/person\/d63837fa13ac8666eb9e74e0985d6f81\"},\"headline\":\"Projeto de Lula para interferir na seguran\u00e7a dos estados pode enfrentar resist\u00eancia no Congresso\",\"datePublished\":\"2024-07-24T19:36:32+00:00\",\"dateModified\":\"2024-07-24T19:36:34+00:00\",\"mainEntityOfPage\":{\"@id\":\"https:\/\/jornalfatosenoticias.com.br\/index.php\/2024\/07\/24\/projeto-de-lula-para-interferir-na-seguranca-dos-estados-pode-enfrentar-resistencia-no-congresso\/\"},\"wordCount\":606,\"commentCount\":0,\"publisher\":{\"@id\":\"https:\/\/jornalfatosenoticias.com.br\/#organization\"},\"image\":{\"@id\":\"https:\/\/jornalfatosenoticias.com.br\/index.php\/2024\/07\/24\/projeto-de-lula-para-interferir-na-seguranca-dos-estados-pode-enfrentar-resistencia-no-congresso\/#primaryimage\"},\"thumbnailUrl\":\"https:\/\/jornalfatosenoticias.com.br\/wp-content\/uploads\/2024\/07\/lula-com-lira-e-pacheco-foto-edilson-rodrigues-agencia-senado.jpg\",\"keywords\":[\"C\u00e2mara dos Deputados\",\"Congresso Nacional\",\"governadores\",\"Lula\",\"Pol\u00edcia Federal\",\"Pol\u00edcia Rodovi\u00e1ria Federal\",\"Ricardo Lewandowski\",\"Rodrigo Pacheco\",\"seguran\u00e7a p\u00fablica\",\"Senado\"],\"articleSection\":[\"Pol\u00edtica\"],\"inLanguage\":\"pt-BR\",\"potentialAction\":[{\"@type\":\"CommentAction\",\"name\":\"Comment\",\"target\":[\"https:\/\/jornalfatosenoticias.com.br\/index.php\/2024\/07\/24\/projeto-de-lula-para-interferir-na-seguranca-dos-estados-pode-enfrentar-resistencia-no-congresso\/#respond\"]}]},{\"@type\":\"WebPage\",\"@id\":\"https:\/\/jornalfatosenoticias.com.br\/index.php\/2024\/07\/24\/projeto-de-lula-para-interferir-na-seguranca-dos-estados-pode-enfrentar-resistencia-no-congresso\/\",\"url\":\"https:\/\/jornalfatosenoticias.com.br\/index.php\/2024\/07\/24\/projeto-de-lula-para-interferir-na-seguranca-dos-estados-pode-enfrentar-resistencia-no-congresso\/\",\"name\":\"Projeto de Lula para interferir na seguran\u00e7a dos estados pode enfrentar resist\u00eancia no Congresso - Jornal Fatos e Not\u00edcias\",\"isPartOf\":{\"@id\":\"https:\/\/jornalfatosenoticias.com.br\/#website\"},\"primaryImageOfPage\":{\"@id\":\"https:\/\/jornalfatosenoticias.com.br\/index.php\/2024\/07\/24\/projeto-de-lula-para-interferir-na-seguranca-dos-estados-pode-enfrentar-resistencia-no-congresso\/#primaryimage\"},\"image\":{\"@id\":\"https:\/\/jornalfatosenoticias.com.br\/index.php\/2024\/07\/24\/projeto-de-lula-para-interferir-na-seguranca-dos-estados-pode-enfrentar-resistencia-no-congresso\/#primaryimage\"},\"thumbnailUrl\":\"https:\/\/jornalfatosenoticias.com.br\/wp-content\/uploads\/2024\/07\/lula-com-lira-e-pacheco-foto-edilson-rodrigues-agencia-senado.jpg\",\"datePublished\":\"2024-07-24T19:36:32+00:00\",\"dateModified\":\"2024-07-24T19:36:34+00:00\",\"breadcrumb\":{\"@id\":\"https:\/\/jornalfatosenoticias.com.br\/index.php\/2024\/07\/24\/projeto-de-lula-para-interferir-na-seguranca-dos-estados-pode-enfrentar-resistencia-no-congresso\/#breadcrumb\"},\"inLanguage\":\"pt-BR\",\"potentialAction\":[{\"@type\":\"ReadAction\",\"target\":[\"https:\/\/jornalfatosenoticias.com.br\/index.php\/2024\/07\/24\/projeto-de-lula-para-interferir-na-seguranca-dos-estados-pode-enfrentar-resistencia-no-congresso\/\"]}]},{\"@type\":\"ImageObject\",\"inLanguage\":\"pt-BR\",\"@id\":\"https:\/\/jornalfatosenoticias.com.br\/index.php\/2024\/07\/24\/projeto-de-lula-para-interferir-na-seguranca-dos-estados-pode-enfrentar-resistencia-no-congresso\/#primaryimage\",\"url\":\"https:\/\/jornalfatosenoticias.com.br\/wp-content\/uploads\/2024\/07\/lula-com-lira-e-pacheco-foto-edilson-rodrigues-agencia-senado.jpg\",\"contentUrl\":\"https:\/\/jornalfatosenoticias.com.br\/wp-content\/uploads\/2024\/07\/lula-com-lira-e-pacheco-foto-edilson-rodrigues-agencia-senado.jpg\",\"width\":960,\"height\":540},{\"@type\":\"BreadcrumbList\",\"@id\":\"https:\/\/jornalfatosenoticias.com.br\/index.php\/2024\/07\/24\/projeto-de-lula-para-interferir-na-seguranca-dos-estados-pode-enfrentar-resistencia-no-congresso\/#breadcrumb\",\"itemListElement\":[{\"@type\":\"ListItem\",\"position\":1,\"name\":\"In\u00edcio\",\"item\":\"https:\/\/jornalfatosenoticias.com.br\/\"},{\"@type\":\"ListItem\",\"position\":2,\"name\":\"Projeto de Lula para interferir na seguran\u00e7a dos estados pode enfrentar resist\u00eancia no Congresso\"}]},{\"@type\":\"WebSite\",\"@id\":\"https:\/\/jornalfatosenoticias.com.br\/#website\",\"url\":\"https:\/\/jornalfatosenoticias.com.br\/\",\"name\":\"Jornal Fatos e Not\u00edcias\",\"description\":\"Not\u00edcias em geral\",\"publisher\":{\"@id\":\"https:\/\/jornalfatosenoticias.com.br\/#organization\"},\"potentialAction\":[{\"@type\":\"SearchAction\",\"target\":{\"@type\":\"EntryPoint\",\"urlTemplate\":\"https:\/\/jornalfatosenoticias.com.br\/?s={search_term_string}\"},\"query-input\":{\"@type\":\"PropertyValueSpecification\",\"valueRequired\":true,\"valueName\":\"search_term_string\"}}],\"inLanguage\":\"pt-BR\"},{\"@type\":\"Organization\",\"@id\":\"https:\/\/jornalfatosenoticias.com.br\/#organization\",\"name\":\"Jornal Fatos e Not\u00edcias\",\"url\":\"https:\/\/jornalfatosenoticias.com.br\/\",\"logo\":{\"@type\":\"ImageObject\",\"inLanguage\":\"pt-BR\",\"@id\":\"https:\/\/jornalfatosenoticias.com.br\/#\/schema\/logo\/image\/\",\"url\":\"https:\/\/jornalfatosenoticias.com.br\/wp-content\/uploads\/2020\/02\/logo120.png\",\"contentUrl\":\"https:\/\/jornalfatosenoticias.com.br\/wp-content\/uploads\/2020\/02\/logo120.png\",\"width\":1227,\"height\":120,\"caption\":\"Jornal Fatos e Not\u00edcias\"},\"image\":{\"@id\":\"https:\/\/jornalfatosenoticias.com.br\/#\/schema\/logo\/image\/\"}},{\"@type\":\"Person\",\"@id\":\"https:\/\/jornalfatosenoticias.com.br\/#\/schema\/person\/d63837fa13ac8666eb9e74e0985d6f81\",\"name\":\"Luzimara Fernandes\",\"image\":{\"@type\":\"ImageObject\",\"inLanguage\":\"pt-BR\",\"@id\":\"https:\/\/jornalfatosenoticias.com.br\/#\/schema\/person\/image\/\",\"url\":\"https:\/\/jornalfatosenoticias.com.br\/wp-content\/uploads\/2025\/05\/EU_portal.jpg\",\"contentUrl\":\"https:\/\/jornalfatosenoticias.com.br\/wp-content\/uploads\/2025\/05\/EU_portal.jpg\",\"caption\":\"Luzimara Fernandes\"},\"description\":\"Jornalista MTB 2358-ES\",\"sameAs\":[\"https:\/\/jornalfatosenoticias.com.br\"],\"url\":\"https:\/\/jornalfatosenoticias.com.br\/index.php\/author\/luzimara\/\"}]}<\/script>\n<!-- \/ Yoast SEO plugin. -->","yoast_head_json":{"title":"Projeto de Lula para interferir na seguran\u00e7a dos estados pode enfrentar resist\u00eancia no Congresso - Jornal Fatos e Not\u00edcias","robots":{"index":"index","follow":"follow","max-snippet":"max-snippet:-1","max-image-preview":"max-image-preview:large","max-video-preview":"max-video-preview:-1"},"canonical":"https:\/\/jornalfatosenoticias.com.br\/index.php\/2024\/07\/24\/projeto-de-lula-para-interferir-na-seguranca-dos-estados-pode-enfrentar-resistencia-no-congresso\/","og_locale":"pt_BR","og_type":"article","og_title":"Projeto de Lula para interferir na seguran\u00e7a dos estados pode enfrentar resist\u00eancia no Congresso - Jornal Fatos e Not\u00edcias","og_description":"Deputados e senadores devem aprofundar discuss\u00f5es sobre proposta de Lula para interferir na seguran\u00e7a dos estados Por Guilherme Grandi A Proposta de Emenda \u00e0 Constitui\u00e7\u00e3o (PEC) que Luiz In\u00e1cio Lula da Silva (PT) quer articular com o Minist\u00e9rio da Justi\u00e7a para ampliar a atua\u00e7\u00e3o da Uni\u00e3o na seguran\u00e7a p\u00fablica dos estados pode enfrentar a resist\u00eancia [&hellip;]","og_url":"https:\/\/jornalfatosenoticias.com.br\/index.php\/2024\/07\/24\/projeto-de-lula-para-interferir-na-seguranca-dos-estados-pode-enfrentar-resistencia-no-congresso\/","og_site_name":"Jornal Fatos e Not\u00edcias","article_published_time":"2024-07-24T19:36:32+00:00","article_modified_time":"2024-07-24T19:36:34+00:00","og_image":[{"width":960,"height":540,"url":"https:\/\/jornalfatosenoticias.com.br\/wp-content\/uploads\/2024\/07\/lula-com-lira-e-pacheco-foto-edilson-rodrigues-agencia-senado.jpg","type":"image\/jpeg"}],"author":"Luzimara Fernandes","twitter_card":"summary_large_image","twitter_misc":{"Escrito por":"Luzimara Fernandes","Est. tempo de leitura":"3 minutos"},"schema":{"@context":"https:\/\/schema.org","@graph":[{"@type":"Article","@id":"https:\/\/jornalfatosenoticias.com.br\/index.php\/2024\/07\/24\/projeto-de-lula-para-interferir-na-seguranca-dos-estados-pode-enfrentar-resistencia-no-congresso\/#article","isPartOf":{"@id":"https:\/\/jornalfatosenoticias.com.br\/index.php\/2024\/07\/24\/projeto-de-lula-para-interferir-na-seguranca-dos-estados-pode-enfrentar-resistencia-no-congresso\/"},"author":{"name":"Luzimara Fernandes","@id":"https:\/\/jornalfatosenoticias.com.br\/#\/schema\/person\/d63837fa13ac8666eb9e74e0985d6f81"},"headline":"Projeto de Lula para interferir na seguran\u00e7a dos estados pode enfrentar resist\u00eancia no Congresso","datePublished":"2024-07-24T19:36:32+00:00","dateModified":"2024-07-24T19:36:34+00:00","mainEntityOfPage":{"@id":"https:\/\/jornalfatosenoticias.com.br\/index.php\/2024\/07\/24\/projeto-de-lula-para-interferir-na-seguranca-dos-estados-pode-enfrentar-resistencia-no-congresso\/"},"wordCount":606,"commentCount":0,"publisher":{"@id":"https:\/\/jornalfatosenoticias.com.br\/#organization"},"image":{"@id":"https:\/\/jornalfatosenoticias.com.br\/index.php\/2024\/07\/24\/projeto-de-lula-para-interferir-na-seguranca-dos-estados-pode-enfrentar-resistencia-no-congresso\/#primaryimage"},"thumbnailUrl":"https:\/\/jornalfatosenoticias.com.br\/wp-content\/uploads\/2024\/07\/lula-com-lira-e-pacheco-foto-edilson-rodrigues-agencia-senado.jpg","keywords":["C\u00e2mara dos Deputados","Congresso Nacional","governadores","Lula","Pol\u00edcia Federal","Pol\u00edcia Rodovi\u00e1ria Federal","Ricardo Lewandowski","Rodrigo Pacheco","seguran\u00e7a p\u00fablica","Senado"],"articleSection":["Pol\u00edtica"],"inLanguage":"pt-BR","potentialAction":[{"@type":"CommentAction","name":"Comment","target":["https:\/\/jornalfatosenoticias.com.br\/index.php\/2024\/07\/24\/projeto-de-lula-para-interferir-na-seguranca-dos-estados-pode-enfrentar-resistencia-no-congresso\/#respond"]}]},{"@type":"WebPage","@id":"https:\/\/jornalfatosenoticias.com.br\/index.php\/2024\/07\/24\/projeto-de-lula-para-interferir-na-seguranca-dos-estados-pode-enfrentar-resistencia-no-congresso\/","url":"https:\/\/jornalfatosenoticias.com.br\/index.php\/2024\/07\/24\/projeto-de-lula-para-interferir-na-seguranca-dos-estados-pode-enfrentar-resistencia-no-congresso\/","name":"Projeto de Lula para interferir na seguran\u00e7a dos estados pode enfrentar resist\u00eancia no Congresso - Jornal Fatos e Not\u00edcias","isPartOf":{"@id":"https:\/\/jornalfatosenoticias.com.br\/#website"},"primaryImageOfPage":{"@id":"https:\/\/jornalfatosenoticias.com.br\/index.php\/2024\/07\/24\/projeto-de-lula-para-interferir-na-seguranca-dos-estados-pode-enfrentar-resistencia-no-congresso\/#primaryimage"},"image":{"@id":"https:\/\/jornalfatosenoticias.com.br\/index.php\/2024\/07\/24\/projeto-de-lula-para-interferir-na-seguranca-dos-estados-pode-enfrentar-resistencia-no-congresso\/#primaryimage"},"thumbnailUrl":"https:\/\/jornalfatosenoticias.com.br\/wp-content\/uploads\/2024\/07\/lula-com-lira-e-pacheco-foto-edilson-rodrigues-agencia-senado.jpg","datePublished":"2024-07-24T19:36:32+00:00","dateModified":"2024-07-24T19:36:34+00:00","breadcrumb":{"@id":"https:\/\/jornalfatosenoticias.com.br\/index.php\/2024\/07\/24\/projeto-de-lula-para-interferir-na-seguranca-dos-estados-pode-enfrentar-resistencia-no-congresso\/#breadcrumb"},"inLanguage":"pt-BR","potentialAction":[{"@type":"ReadAction","target":["https:\/\/jornalfatosenoticias.com.br\/index.php\/2024\/07\/24\/projeto-de-lula-para-interferir-na-seguranca-dos-estados-pode-enfrentar-resistencia-no-congresso\/"]}]},{"@type":"ImageObject","inLanguage":"pt-BR","@id":"https:\/\/jornalfatosenoticias.com.br\/index.php\/2024\/07\/24\/projeto-de-lula-para-interferir-na-seguranca-dos-estados-pode-enfrentar-resistencia-no-congresso\/#primaryimage","url":"https:\/\/jornalfatosenoticias.com.br\/wp-content\/uploads\/2024\/07\/lula-com-lira-e-pacheco-foto-edilson-rodrigues-agencia-senado.jpg","contentUrl":"https:\/\/jornalfatosenoticias.com.br\/wp-content\/uploads\/2024\/07\/lula-com-lira-e-pacheco-foto-edilson-rodrigues-agencia-senado.jpg","width":960,"height":540},{"@type":"BreadcrumbList","@id":"https:\/\/jornalfatosenoticias.com.br\/index.php\/2024\/07\/24\/projeto-de-lula-para-interferir-na-seguranca-dos-estados-pode-enfrentar-resistencia-no-congresso\/#breadcrumb","itemListElement":[{"@type":"ListItem","position":1,"name":"In\u00edcio","item":"https:\/\/jornalfatosenoticias.com.br\/"},{"@type":"ListItem","position":2,"name":"Projeto de Lula para interferir na seguran\u00e7a dos estados pode enfrentar resist\u00eancia no Congresso"}]},{"@type":"WebSite","@id":"https:\/\/jornalfatosenoticias.com.br\/#website","url":"https:\/\/jornalfatosenoticias.com.br\/","name":"Jornal Fatos e Not\u00edcias","description":"Not\u00edcias em geral","publisher":{"@id":"https:\/\/jornalfatosenoticias.com.br\/#organization"},"potentialAction":[{"@type":"SearchAction","target":{"@type":"EntryPoint","urlTemplate":"https:\/\/jornalfatosenoticias.com.br\/?s={search_term_string}"},"query-input":{"@type":"PropertyValueSpecification","valueRequired":true,"valueName":"search_term_string"}}],"inLanguage":"pt-BR"},{"@type":"Organization","@id":"https:\/\/jornalfatosenoticias.com.br\/#organization","name":"Jornal Fatos e Not\u00edcias","url":"https:\/\/jornalfatosenoticias.com.br\/","logo":{"@type":"ImageObject","inLanguage":"pt-BR","@id":"https:\/\/jornalfatosenoticias.com.br\/#\/schema\/logo\/image\/","url":"https:\/\/jornalfatosenoticias.com.br\/wp-content\/uploads\/2020\/02\/logo120.png","contentUrl":"https:\/\/jornalfatosenoticias.com.br\/wp-content\/uploads\/2020\/02\/logo120.png","width":1227,"height":120,"caption":"Jornal Fatos e Not\u00edcias"},"image":{"@id":"https:\/\/jornalfatosenoticias.com.br\/#\/schema\/logo\/image\/"}},{"@type":"Person","@id":"https:\/\/jornalfatosenoticias.com.br\/#\/schema\/person\/d63837fa13ac8666eb9e74e0985d6f81","name":"Luzimara Fernandes","image":{"@type":"ImageObject","inLanguage":"pt-BR","@id":"https:\/\/jornalfatosenoticias.com.br\/#\/schema\/person\/image\/","url":"https:\/\/jornalfatosenoticias.com.br\/wp-content\/uploads\/2025\/05\/EU_portal.jpg","contentUrl":"https:\/\/jornalfatosenoticias.com.br\/wp-content\/uploads\/2025\/05\/EU_portal.jpg","caption":"Luzimara Fernandes"},"description":"Jornalista MTB 2358-ES","sameAs":["https:\/\/jornalfatosenoticias.com.br"],"url":"https:\/\/jornalfatosenoticias.com.br\/index.php\/author\/luzimara\/"}]}},"cc_featured_image_caption":{"caption_text":"(Foto: Edilson Rodrigues\/Ag\u00eancia Senado)","source_text":"","source_url":""},"jetpack_featured_media_url":"https:\/\/jornalfatosenoticias.com.br\/wp-content\/uploads\/2024\/07\/lula-com-lira-e-pacheco-foto-edilson-rodrigues-agencia-senado.jpg","_links":{"self":[{"href":"https:\/\/jornalfatosenoticias.com.br\/index.php\/wp-json\/wp\/v2\/posts\/52991","targetHints":{"allow":["GET"]}}],"collection":[{"href":"https:\/\/jornalfatosenoticias.com.br\/index.php\/wp-json\/wp\/v2\/posts"}],"about":[{"href":"https:\/\/jornalfatosenoticias.com.br\/index.php\/wp-json\/wp\/v2\/types\/post"}],"author":[{"embeddable":true,"href":"https:\/\/jornalfatosenoticias.com.br\/index.php\/wp-json\/wp\/v2\/users\/2"}],"replies":[{"embeddable":true,"href":"https:\/\/jornalfatosenoticias.com.br\/index.php\/wp-json\/wp\/v2\/comments?post=52991"}],"version-history":[{"count":0,"href":"https:\/\/jornalfatosenoticias.com.br\/index.php\/wp-json\/wp\/v2\/posts\/52991\/revisions"}],"wp:featuredmedia":[{"embeddable":true,"href":"https:\/\/jornalfatosenoticias.com.br\/index.php\/wp-json\/wp\/v2\/media\/52992"}],"wp:attachment":[{"href":"https:\/\/jornalfatosenoticias.com.br\/index.php\/wp-json\/wp\/v2\/media?parent=52991"}],"wp:term":[{"taxonomy":"category","embeddable":true,"href":"https:\/\/jornalfatosenoticias.com.br\/index.php\/wp-json\/wp\/v2\/categories?post=52991"},{"taxonomy":"post_tag","embeddable":true,"href":"https:\/\/jornalfatosenoticias.com.br\/index.php\/wp-json\/wp\/v2\/tags?post=52991"}],"curies":[{"name":"wp","href":"https:\/\/api.w.org\/{rel}","templated":true}]}}