{"id":52999,"date":"2024-07-25T15:19:54","date_gmt":"2024-07-25T18:19:54","guid":{"rendered":"https:\/\/jornalfatosenoticias.com.br\/?p=52999"},"modified":"2024-07-25T15:19:55","modified_gmt":"2024-07-25T18:19:55","slug":"o-umbigo-a-marca-dada-pela-mulher-mae-e-so-por-ela-parte-i","status":"publish","type":"post","link":"https:\/\/jornalfatosenoticias.com.br\/index.php\/2024\/07\/25\/o-umbigo-a-marca-dada-pela-mulher-mae-e-so-por-ela-parte-i\/","title":{"rendered":"O Umbigo, a marca dada pela Mulher\/M\u00e3e, e, s\u00f3 por ela \u2014 Parte I"},"content":{"rendered":"\n<p><em><span class=\"has-inline-color has-black-color\">O umbigo \u00e9 o come\u00e7o e a sedimenta\u00e7\u00e3o do dois, n\u00e3o do um. Olhar para o pr\u00f3prio umbigo \u00e9 se remeter a essa experi\u00eancia de di\u00e1logo direto, silencioso, mas cont\u00ednuo e profundo<\/span><\/em><\/p>\n\n\n\n<div class=\"wp-block-image\"><figure class=\"aligncenter size-large\"><a href=\"https:\/\/mizu.com.br\/\"><img loading=\"lazy\" decoding=\"async\" width=\"729\" height=\"90\" src=\"https:\/\/jornalfatosenoticias.com.br\/wp-content\/uploads\/2020\/02\/Logo_Mizu.png\" alt=\"\" class=\"wp-image-1441\" srcset=\"https:\/\/jornalfatosenoticias.com.br\/wp-content\/uploads\/2020\/02\/Logo_Mizu.png 729w, https:\/\/jornalfatosenoticias.com.br\/wp-content\/uploads\/2020\/02\/Logo_Mizu-300x37.png 300w\" sizes=\"auto, (max-width: 729px) 100vw, 729px\" \/><\/a><\/figure><\/div>\n\n\n\n<p>O Umbigo. Impress\u00e3o concreta e incontest\u00e1vel da Humanidade. Sem nenhuma fun\u00e7\u00e3o depois que cicatriza. Sem nenhuma import\u00e2ncia ap\u00f3s a gesta\u00e7\u00e3o daquela Mulher que come\u00e7a a ser m\u00e3e atrav\u00e9s do cord\u00e3o umbilical do filho. N\u00e3o o conhece, nunca o viu, mas empresta, compulsoriamente, vida para ele.<br>\u00c9 a Mulher que marca todos os corpos. Absolutamente, todos, mulheres, homens e todas as varia\u00e7\u00f5es poss\u00edveis. Mesmo em se considerando que esse processo de constru\u00e7\u00e3o de uma nova pessoa veio de uma conjun\u00e7\u00e3o homem-mulher, este \u00e9 o sinal universal, e \u00fanico, de que uma Mulher sustentou cada um de n\u00f3s, para nos dar \u00e0 luz. Interessante essa express\u00e3o: dar \u00e0 luz. Sa\u00edmos de um escuro, de uma subtra\u00e7\u00e3o quase total de som e luz, que dura o tempo, pelo menos m\u00ednimo, para que possamos, com muito esfor\u00e7o, responder \u00e0s luzes do mundo, que s\u00e3o muitas para um ser ainda t\u00e3o prec\u00e1rio, imerso em muitas incompletudes.<\/p>\n\n\n\n<div class=\"wp-block-image\"><figure class=\"aligncenter size-large\"><img loading=\"lazy\" decoding=\"async\" width=\"740\" height=\"493\" src=\"https:\/\/jornalfatosenoticias.com.br\/wp-content\/uploads\/2024\/07\/cordao-umbilical_freepik.jpg\" alt=\"\" class=\"wp-image-53001\" srcset=\"https:\/\/jornalfatosenoticias.com.br\/wp-content\/uploads\/2024\/07\/cordao-umbilical_freepik.jpg 740w, https:\/\/jornalfatosenoticias.com.br\/wp-content\/uploads\/2024\/07\/cordao-umbilical_freepik-300x200.jpg 300w\" sizes=\"auto, (max-width: 740px) 100vw, 740px\" \/><figcaption><em><span class=\"has-inline-color has-black-color\">(Foto: Freepik)<\/span><\/em><\/figcaption><\/figure><\/div>\n\n\n\n<p>A depend\u00eancia absoluta \u00e9 um fato. A \u00fanica comunica\u00e7\u00e3o para a sobreviv\u00eancia durante esse primeiro tempo de crescimento intrauterino, era a nutri\u00e7\u00e3o ininterrupta pelo cord\u00e3o. As demais condi\u00e7\u00f5es que proporcionavam uma seguran\u00e7a eram mantidas est\u00e1veis ou, quando se alteravam, os processos adaptativos iam se desdobrando. Os demais est\u00edmulos, advindos das condi\u00e7\u00f5es da gestante, medo, altera\u00e7\u00e3o de press\u00e3o arterial, falta de nutri\u00e7\u00e3o suficiente, tamb\u00e9m acionavam esses processos adaptativos. O medo sentido pela gestante \u00e9 um patrocinador de instabilidades diversas do ser em forma\u00e7\u00e3o.<\/p>\n\n\n\n<div class=\"wp-block-image\"><figure class=\"aligncenter size-large\"><a href=\"https:\/\/www.instagram.com\/baraodascarnes.es\/\"><img decoding=\"async\" src=\"https:\/\/jornalfatosenoticias.com.br\/wp-content\/uploads\/2020\/02\/barao-das-carnes-300x164-1.jpg\" alt=\"\" class=\"wp-image-34339\"\/><\/a><\/figure><\/div>\n\n\n\n<p>Esta \u00e9 a primeira rela\u00e7\u00e3o afetiva com o outro que temos. E \u00e9 assentada na sobreviv\u00eancia, na vida ou na morte. Rela\u00e7\u00e3o de conex\u00e3o direta, anterior \u00e0 linguagem porque tem uma linguagem intr\u00ednseca. Uma linguagem org\u00e2nica que s\u00f3 \u00e9 compreendida pela dupla, de maneira n\u00e3o consciente, mas que concretiza as necessidades de cada momento.<\/p>\n\n\n\n<div class=\"wp-block-image\"><figure class=\"aligncenter size-large\"><a href=\"https:\/\/cesconetto.com.br\/\"><img loading=\"lazy\" decoding=\"async\" width=\"300\" height=\"250\" src=\"https:\/\/jornalfatosenoticias.com.br\/wp-content\/uploads\/2022\/02\/Banner-2.png\" alt=\"\" class=\"wp-image-27877\"\/><\/a><\/figure><\/div>\n\n\n\n<p>A intimidade entre essas duas pessoas \u00e9 de grau m\u00e1ximo. N\u00e3o existir\u00e1 na vida nem de uma, nem da outra, uma experi\u00eancia de proximidade similar. E, menos ainda, uma proximidade maior com outra situa\u00e7\u00e3o relacional. Dialogar sem falar, disponibilizar as melhores energias corporais para trocar com o ser em forma\u00e7\u00e3o que retribuir\u00e1 em progressos adquiridos.<\/p>\n\n\n\n<div class=\"wp-block-image\"><figure class=\"aligncenter size-large\"><img loading=\"lazy\" decoding=\"async\" width=\"740\" height=\"493\" src=\"https:\/\/jornalfatosenoticias.com.br\/wp-content\/uploads\/2024\/07\/mae-e-bebe_freepik.jpg\" alt=\"\" class=\"wp-image-53000\" srcset=\"https:\/\/jornalfatosenoticias.com.br\/wp-content\/uploads\/2024\/07\/mae-e-bebe_freepik.jpg 740w, https:\/\/jornalfatosenoticias.com.br\/wp-content\/uploads\/2024\/07\/mae-e-bebe_freepik-300x200.jpg 300w\" sizes=\"auto, (max-width: 740px) 100vw, 740px\" \/><figcaption><em><span class=\"has-inline-color has-black-color\">(Foto: Freepik)<\/span><\/em><\/figcaption><\/figure><\/div>\n\n\n\n<p>No entanto, mesmo que a Ci\u00eancia traga imagens, medidas precisas feitas atrav\u00e9s do ventre da Mulher, essas coisas inexplic\u00e1veis, diria, que beiram mist\u00e9rios, n\u00e3o s\u00e3o alcan\u00e7ados. \u00c9, essencialmente, uma experi\u00eancia secreta. Para a gestante, que se volta para dentro de sua barriga, o mundo perde um pouco a luminosidade, o interesse. Ficar alisando a barriga \u00e9 bem melhor. Para o ser em forma\u00e7\u00e3o \u00e9 uma viv\u00eancia que se perde em seu inconsciente corporal, seus registros s\u00e3o irrecuper\u00e1veis, porque n\u00e3o h\u00e1 sinapses em funcionamento que proporcionem um m\u00ednimo armazenamento resgat\u00e1vel. Arrisco dizer, entretanto, que devem estar l\u00e1.<\/p>\n\n\n\n<div class=\"wp-block-image\"><figure class=\"aligncenter size-large\"><a href=\"https:\/\/www.facebook.com\/Esteio-Churrascaria-Barbecue-103643461220402\/\"><img decoding=\"async\" src=\"https:\/\/jornalfatosenoticias.com.br\/wp-content\/uploads\/2020\/02\/logo_esteio.jpg\" alt=\"\" class=\"wp-image-1214\"\/><\/a><\/figure><\/div>\n\n\n\n<p>Por que deformamos esta, que \u00e9 a experi\u00eancia prima por excel\u00eancia de comunh\u00e3o, para designar o ego\u00edsmo? Essa \u00e9 uma experi\u00eancia, totalmente, a dois. Denominamos pessoas extremamente ego\u00edstas como aquelas que \u201cs\u00f3 olham para o pr\u00f3prio umbigo\u201d. Quando, na verdade, estamos nos referindo a uma experi\u00eancia de comunh\u00e3o extensa entre duas pessoas. O Umbigo \u00e9 o come\u00e7o e a sedimenta\u00e7\u00e3o do dois, n\u00e3o do um. Olhar para o pr\u00f3prio umbigo \u00e9 se remeter a essa experi\u00eancia de di\u00e1logo direto, silencioso, mas cont\u00ednuo e profundo.<\/p>\n\n\n\n<div class=\"wp-block-image\"><figure class=\"aligncenter size-large\"><a href=\"http:\/\/www.ferrarimaquinas.com.br\/\"><img loading=\"lazy\" decoding=\"async\" width=\"300\" height=\"250\" src=\"https:\/\/jornalfatosenoticias.com.br\/wp-content\/uploads\/2022\/02\/FERRARI_MAQUINAS-E-FERRAMENTAS2.jpg\" alt=\"\" class=\"wp-image-27860\"\/><\/a><\/figure><\/div>\n\n\n\n<p>Entendo que esse desvio de rota est\u00e1 apoiado no que falaremos na pr\u00f3xima semana, na raiva, na inveja, no sentimento de exclus\u00e3o daquela dupla, por ser esse um ponto inalcan\u00e7\u00e1vel \u00e0s pessoas n\u00e3o mulheres, a particularidade \u00fanica que antecede a viv\u00eancia da maternidade. Caracterizar essa grandeza da Natureza como uma coisa desvalorizante, um ponto negativo, desqualificante, o ego\u00edsmo, aponta para o negacionismo da experi\u00eancia, \u00fanica e universal, constru\u00edda pelo cord\u00e3o umbilical. Ele \u00e9 a liga\u00e7\u00e3o, a mais forte e resistente, que permite dar \u00e0 luz um novo Ser.<\/p>\n\n\n\n<div class=\"wp-block-image\"><figure class=\"aligncenter size-large is-resized\"><a href=\"https:\/\/www.controlsystems.com.br\/\"><img loading=\"lazy\" decoding=\"async\" src=\"https:\/\/jornalfatosenoticias.com.br\/wp-content\/uploads\/2020\/02\/CONTROL-CS.jpg\" alt=\"\" class=\"wp-image-44991\" width=\"309\" height=\"370\" srcset=\"https:\/\/jornalfatosenoticias.com.br\/wp-content\/uploads\/2020\/02\/CONTROL-CS.jpg 834w, https:\/\/jornalfatosenoticias.com.br\/wp-content\/uploads\/2020\/02\/CONTROL-CS-250x300.jpg 250w, https:\/\/jornalfatosenoticias.com.br\/wp-content\/uploads\/2020\/02\/CONTROL-CS-768x921.jpg 768w\" sizes=\"auto, (max-width: 309px) 100vw, 309px\" \/><\/a><\/figure><\/div>\n\n\n\n<p>Sabemos que nem sempre \u00e9 suport\u00e1vel, principalmente para alguns, tomarmos consci\u00eancia dessa uni\u00e3o \u00fanica. E apenas admirarmos. Tamb\u00e9m tivemos. Ao olharmos para nosso pr\u00f3prio Umbigo dever\u00edamos nos encher de bem estar pelo per\u00edodo em que ele tinha a fun\u00e7\u00e3o de nos manter vivos, dever\u00edamos tentar imaginar a comunh\u00e3o vivida de sermos dois, permitida pela capacidade de doa\u00e7\u00e3o de uma Mulher.<\/p>\n\n\n\n<div class=\"wp-block-image\"><figure class=\"aligncenter size-large is-resized\"><img loading=\"lazy\" decoding=\"async\" src=\"https:\/\/jornalfatosenoticias.com.br\/wp-content\/uploads\/2022\/02\/Precisao-Contabilidade-1024x724.jpg\" alt=\"\" class=\"wp-image-28088\" width=\"315\" height=\"223\"\/><\/figure><\/div>\n","protected":false},"excerpt":{"rendered":"<p>O umbigo \u00e9 o come\u00e7o e a sedimenta\u00e7\u00e3o do dois, n\u00e3o do um. Olhar para o pr\u00f3prio umbigo \u00e9 se remeter a essa experi\u00eancia de di\u00e1logo direto, silencioso, mas cont\u00ednuo e profundo O Umbigo. Impress\u00e3o concreta e incontest\u00e1vel da Humanidade. Sem nenhuma fun\u00e7\u00e3o depois que cicatriza. Sem nenhuma import\u00e2ncia ap\u00f3s a gesta\u00e7\u00e3o daquela Mulher que [&hellip;]<\/p>\n","protected":false},"author":8,"featured_media":53002,"comment_status":"open","ping_status":"open","sticky":false,"template":"","format":"standard","meta":{"footnotes":""},"categories":[2522],"tags":[18843,3524,24176,24174,24175,4553,979,24173],"class_list":["post-52999","post","type-post","status-publish","format-standard","has-post-thumbnail","hentry","category-comportamento","tag-cordao-umbilical","tag-dar-a-luz","tag-dar-a-vida","tag-lacos-mae-e-filho","tag-maternar","tag-maternidade","tag-mulher","tag-umbigo"],"yoast_head":"<!-- This site is optimized with the Yoast SEO plugin v26.5 - https:\/\/yoast.com\/wordpress\/plugins\/seo\/ -->\n<title>O Umbigo, a marca dada pela Mulher\/M\u00e3e, e, s\u00f3 por ela \u2014 Parte I - Jornal Fatos e Not\u00edcias<\/title>\n<meta name=\"robots\" content=\"index, follow, max-snippet:-1, max-image-preview:large, max-video-preview:-1\" \/>\n<link rel=\"canonical\" href=\"https:\/\/jornalfatosenoticias.com.br\/index.php\/2024\/07\/25\/o-umbigo-a-marca-dada-pela-mulher-mae-e-so-por-ela-parte-i\/\" \/>\n<meta property=\"og:locale\" content=\"pt_BR\" \/>\n<meta property=\"og:type\" content=\"article\" \/>\n<meta property=\"og:title\" content=\"O Umbigo, a marca dada pela Mulher\/M\u00e3e, e, s\u00f3 por ela \u2014 Parte I - Jornal Fatos e Not\u00edcias\" \/>\n<meta property=\"og:description\" content=\"O umbigo \u00e9 o come\u00e7o e a sedimenta\u00e7\u00e3o do dois, n\u00e3o do um. Olhar para o pr\u00f3prio umbigo \u00e9 se remeter a essa experi\u00eancia de di\u00e1logo direto, silencioso, mas cont\u00ednuo e profundo O Umbigo. Impress\u00e3o concreta e incontest\u00e1vel da Humanidade. Sem nenhuma fun\u00e7\u00e3o depois que cicatriza. Sem nenhuma import\u00e2ncia ap\u00f3s a gesta\u00e7\u00e3o daquela Mulher que [&hellip;]\" \/>\n<meta property=\"og:url\" content=\"https:\/\/jornalfatosenoticias.com.br\/index.php\/2024\/07\/25\/o-umbigo-a-marca-dada-pela-mulher-mae-e-so-por-ela-parte-i\/\" \/>\n<meta property=\"og:site_name\" content=\"Jornal Fatos e Not\u00edcias\" \/>\n<meta property=\"article:published_time\" content=\"2024-07-25T18:19:54+00:00\" \/>\n<meta property=\"article:modified_time\" content=\"2024-07-25T18:19:55+00:00\" \/>\n<meta property=\"og:image\" content=\"https:\/\/jornalfatosenoticias.com.br\/wp-content\/uploads\/2024\/07\/umbigo-gravida_istock.jpg\" \/>\n\t<meta property=\"og:image:width\" content=\"612\" \/>\n\t<meta property=\"og:image:height\" content=\"344\" \/>\n\t<meta property=\"og:image:type\" content=\"image\/jpeg\" \/>\n<meta name=\"author\" content=\"Ana Maria Iencarelli\" \/>\n<meta name=\"twitter:card\" content=\"summary_large_image\" \/>\n<meta name=\"twitter:label1\" content=\"Escrito por\" \/>\n\t<meta name=\"twitter:data1\" content=\"Ana Maria Iencarelli\" \/>\n\t<meta name=\"twitter:label2\" content=\"Est. tempo de leitura\" \/>\n\t<meta name=\"twitter:data2\" content=\"4 minutos\" \/>\n<script type=\"application\/ld+json\" class=\"yoast-schema-graph\">{\"@context\":\"https:\/\/schema.org\",\"@graph\":[{\"@type\":\"Article\",\"@id\":\"https:\/\/jornalfatosenoticias.com.br\/index.php\/2024\/07\/25\/o-umbigo-a-marca-dada-pela-mulher-mae-e-so-por-ela-parte-i\/#article\",\"isPartOf\":{\"@id\":\"https:\/\/jornalfatosenoticias.com.br\/index.php\/2024\/07\/25\/o-umbigo-a-marca-dada-pela-mulher-mae-e-so-por-ela-parte-i\/\"},\"author\":{\"name\":\"Ana Maria Iencarelli\",\"@id\":\"https:\/\/jornalfatosenoticias.com.br\/#\/schema\/person\/c33fcf5fb02d729d3fec92c6737a22d1\"},\"headline\":\"O Umbigo, a marca dada pela Mulher\/M\u00e3e, e, s\u00f3 por ela \u2014 Parte I\",\"datePublished\":\"2024-07-25T18:19:54+00:00\",\"dateModified\":\"2024-07-25T18:19:55+00:00\",\"mainEntityOfPage\":{\"@id\":\"https:\/\/jornalfatosenoticias.com.br\/index.php\/2024\/07\/25\/o-umbigo-a-marca-dada-pela-mulher-mae-e-so-por-ela-parte-i\/\"},\"wordCount\":808,\"commentCount\":0,\"publisher\":{\"@id\":\"https:\/\/jornalfatosenoticias.com.br\/#organization\"},\"image\":{\"@id\":\"https:\/\/jornalfatosenoticias.com.br\/index.php\/2024\/07\/25\/o-umbigo-a-marca-dada-pela-mulher-mae-e-so-por-ela-parte-i\/#primaryimage\"},\"thumbnailUrl\":\"https:\/\/jornalfatosenoticias.com.br\/wp-content\/uploads\/2024\/07\/umbigo-gravida_istock.jpg\",\"keywords\":[\"cord\u00e3o umbilical\",\"dar \u00e0 luz\",\"dar a vida\",\"la\u00e7os m\u00e3e e filho\",\"maternar\",\"maternidade\",\"mulher\",\"umbigo\"],\"articleSection\":[\"Comportamento &amp; Equil\u00edbrio\"],\"inLanguage\":\"pt-BR\",\"potentialAction\":[{\"@type\":\"CommentAction\",\"name\":\"Comment\",\"target\":[\"https:\/\/jornalfatosenoticias.com.br\/index.php\/2024\/07\/25\/o-umbigo-a-marca-dada-pela-mulher-mae-e-so-por-ela-parte-i\/#respond\"]}]},{\"@type\":\"WebPage\",\"@id\":\"https:\/\/jornalfatosenoticias.com.br\/index.php\/2024\/07\/25\/o-umbigo-a-marca-dada-pela-mulher-mae-e-so-por-ela-parte-i\/\",\"url\":\"https:\/\/jornalfatosenoticias.com.br\/index.php\/2024\/07\/25\/o-umbigo-a-marca-dada-pela-mulher-mae-e-so-por-ela-parte-i\/\",\"name\":\"O Umbigo, a marca dada pela Mulher\/M\u00e3e, e, s\u00f3 por ela \u2014 Parte I - Jornal Fatos e Not\u00edcias\",\"isPartOf\":{\"@id\":\"https:\/\/jornalfatosenoticias.com.br\/#website\"},\"primaryImageOfPage\":{\"@id\":\"https:\/\/jornalfatosenoticias.com.br\/index.php\/2024\/07\/25\/o-umbigo-a-marca-dada-pela-mulher-mae-e-so-por-ela-parte-i\/#primaryimage\"},\"image\":{\"@id\":\"https:\/\/jornalfatosenoticias.com.br\/index.php\/2024\/07\/25\/o-umbigo-a-marca-dada-pela-mulher-mae-e-so-por-ela-parte-i\/#primaryimage\"},\"thumbnailUrl\":\"https:\/\/jornalfatosenoticias.com.br\/wp-content\/uploads\/2024\/07\/umbigo-gravida_istock.jpg\",\"datePublished\":\"2024-07-25T18:19:54+00:00\",\"dateModified\":\"2024-07-25T18:19:55+00:00\",\"breadcrumb\":{\"@id\":\"https:\/\/jornalfatosenoticias.com.br\/index.php\/2024\/07\/25\/o-umbigo-a-marca-dada-pela-mulher-mae-e-so-por-ela-parte-i\/#breadcrumb\"},\"inLanguage\":\"pt-BR\",\"potentialAction\":[{\"@type\":\"ReadAction\",\"target\":[\"https:\/\/jornalfatosenoticias.com.br\/index.php\/2024\/07\/25\/o-umbigo-a-marca-dada-pela-mulher-mae-e-so-por-ela-parte-i\/\"]}]},{\"@type\":\"ImageObject\",\"inLanguage\":\"pt-BR\",\"@id\":\"https:\/\/jornalfatosenoticias.com.br\/index.php\/2024\/07\/25\/o-umbigo-a-marca-dada-pela-mulher-mae-e-so-por-ela-parte-i\/#primaryimage\",\"url\":\"https:\/\/jornalfatosenoticias.com.br\/wp-content\/uploads\/2024\/07\/umbigo-gravida_istock.jpg\",\"contentUrl\":\"https:\/\/jornalfatosenoticias.com.br\/wp-content\/uploads\/2024\/07\/umbigo-gravida_istock.jpg\",\"width\":612,\"height\":344,\"caption\":\"Seventh month of pregnancy.\"},{\"@type\":\"BreadcrumbList\",\"@id\":\"https:\/\/jornalfatosenoticias.com.br\/index.php\/2024\/07\/25\/o-umbigo-a-marca-dada-pela-mulher-mae-e-so-por-ela-parte-i\/#breadcrumb\",\"itemListElement\":[{\"@type\":\"ListItem\",\"position\":1,\"name\":\"In\u00edcio\",\"item\":\"https:\/\/jornalfatosenoticias.com.br\/\"},{\"@type\":\"ListItem\",\"position\":2,\"name\":\"O Umbigo, a marca dada pela Mulher\/M\u00e3e, e, s\u00f3 por ela \u2014 Parte I\"}]},{\"@type\":\"WebSite\",\"@id\":\"https:\/\/jornalfatosenoticias.com.br\/#website\",\"url\":\"https:\/\/jornalfatosenoticias.com.br\/\",\"name\":\"Jornal Fatos e Not\u00edcias\",\"description\":\"Not\u00edcias em geral\",\"publisher\":{\"@id\":\"https:\/\/jornalfatosenoticias.com.br\/#organization\"},\"potentialAction\":[{\"@type\":\"SearchAction\",\"target\":{\"@type\":\"EntryPoint\",\"urlTemplate\":\"https:\/\/jornalfatosenoticias.com.br\/?s={search_term_string}\"},\"query-input\":{\"@type\":\"PropertyValueSpecification\",\"valueRequired\":true,\"valueName\":\"search_term_string\"}}],\"inLanguage\":\"pt-BR\"},{\"@type\":\"Organization\",\"@id\":\"https:\/\/jornalfatosenoticias.com.br\/#organization\",\"name\":\"Jornal Fatos e Not\u00edcias\",\"url\":\"https:\/\/jornalfatosenoticias.com.br\/\",\"logo\":{\"@type\":\"ImageObject\",\"inLanguage\":\"pt-BR\",\"@id\":\"https:\/\/jornalfatosenoticias.com.br\/#\/schema\/logo\/image\/\",\"url\":\"https:\/\/jornalfatosenoticias.com.br\/wp-content\/uploads\/2020\/02\/logo120.png\",\"contentUrl\":\"https:\/\/jornalfatosenoticias.com.br\/wp-content\/uploads\/2020\/02\/logo120.png\",\"width\":1227,\"height\":120,\"caption\":\"Jornal Fatos e Not\u00edcias\"},\"image\":{\"@id\":\"https:\/\/jornalfatosenoticias.com.br\/#\/schema\/logo\/image\/\"}},{\"@type\":\"Person\",\"@id\":\"https:\/\/jornalfatosenoticias.com.br\/#\/schema\/person\/c33fcf5fb02d729d3fec92c6737a22d1\",\"name\":\"Ana Maria Iencarelli\",\"image\":{\"@type\":\"ImageObject\",\"inLanguage\":\"pt-BR\",\"@id\":\"https:\/\/jornalfatosenoticias.com.br\/#\/schema\/person\/image\/\",\"url\":\"https:\/\/jornalfatosenoticias.com.br\/wp-content\/uploads\/2020\/02\/Ana-Maria-Iencarelli-1-150x150.jpg\",\"contentUrl\":\"https:\/\/jornalfatosenoticias.com.br\/wp-content\/uploads\/2020\/02\/Ana-Maria-Iencarelli-1-150x150.jpg\",\"caption\":\"Ana Maria Iencarelli\"},\"description\":\"Psicanalista Cl\u00ednica, especializada no atendimento a Crian\u00e7as e Adolescentes. Presidente da ONG Vozes de Anjos.\",\"url\":\"https:\/\/jornalfatosenoticias.com.br\/index.php\/author\/anamaria\/\"}]}<\/script>\n<!-- \/ Yoast SEO plugin. -->","yoast_head_json":{"title":"O Umbigo, a marca dada pela Mulher\/M\u00e3e, e, s\u00f3 por ela \u2014 Parte I - Jornal Fatos e Not\u00edcias","robots":{"index":"index","follow":"follow","max-snippet":"max-snippet:-1","max-image-preview":"max-image-preview:large","max-video-preview":"max-video-preview:-1"},"canonical":"https:\/\/jornalfatosenoticias.com.br\/index.php\/2024\/07\/25\/o-umbigo-a-marca-dada-pela-mulher-mae-e-so-por-ela-parte-i\/","og_locale":"pt_BR","og_type":"article","og_title":"O Umbigo, a marca dada pela Mulher\/M\u00e3e, e, s\u00f3 por ela \u2014 Parte I - Jornal Fatos e Not\u00edcias","og_description":"O umbigo \u00e9 o come\u00e7o e a sedimenta\u00e7\u00e3o do dois, n\u00e3o do um. Olhar para o pr\u00f3prio umbigo \u00e9 se remeter a essa experi\u00eancia de di\u00e1logo direto, silencioso, mas cont\u00ednuo e profundo O Umbigo. Impress\u00e3o concreta e incontest\u00e1vel da Humanidade. Sem nenhuma fun\u00e7\u00e3o depois que cicatriza. Sem nenhuma import\u00e2ncia ap\u00f3s a gesta\u00e7\u00e3o daquela Mulher que [&hellip;]","og_url":"https:\/\/jornalfatosenoticias.com.br\/index.php\/2024\/07\/25\/o-umbigo-a-marca-dada-pela-mulher-mae-e-so-por-ela-parte-i\/","og_site_name":"Jornal Fatos e Not\u00edcias","article_published_time":"2024-07-25T18:19:54+00:00","article_modified_time":"2024-07-25T18:19:55+00:00","og_image":[{"width":612,"height":344,"url":"https:\/\/jornalfatosenoticias.com.br\/wp-content\/uploads\/2024\/07\/umbigo-gravida_istock.jpg","type":"image\/jpeg"}],"author":"Ana Maria Iencarelli","twitter_card":"summary_large_image","twitter_misc":{"Escrito por":"Ana Maria Iencarelli","Est. tempo de leitura":"4 minutos"},"schema":{"@context":"https:\/\/schema.org","@graph":[{"@type":"Article","@id":"https:\/\/jornalfatosenoticias.com.br\/index.php\/2024\/07\/25\/o-umbigo-a-marca-dada-pela-mulher-mae-e-so-por-ela-parte-i\/#article","isPartOf":{"@id":"https:\/\/jornalfatosenoticias.com.br\/index.php\/2024\/07\/25\/o-umbigo-a-marca-dada-pela-mulher-mae-e-so-por-ela-parte-i\/"},"author":{"name":"Ana Maria Iencarelli","@id":"https:\/\/jornalfatosenoticias.com.br\/#\/schema\/person\/c33fcf5fb02d729d3fec92c6737a22d1"},"headline":"O Umbigo, a marca dada pela Mulher\/M\u00e3e, e, s\u00f3 por ela \u2014 Parte I","datePublished":"2024-07-25T18:19:54+00:00","dateModified":"2024-07-25T18:19:55+00:00","mainEntityOfPage":{"@id":"https:\/\/jornalfatosenoticias.com.br\/index.php\/2024\/07\/25\/o-umbigo-a-marca-dada-pela-mulher-mae-e-so-por-ela-parte-i\/"},"wordCount":808,"commentCount":0,"publisher":{"@id":"https:\/\/jornalfatosenoticias.com.br\/#organization"},"image":{"@id":"https:\/\/jornalfatosenoticias.com.br\/index.php\/2024\/07\/25\/o-umbigo-a-marca-dada-pela-mulher-mae-e-so-por-ela-parte-i\/#primaryimage"},"thumbnailUrl":"https:\/\/jornalfatosenoticias.com.br\/wp-content\/uploads\/2024\/07\/umbigo-gravida_istock.jpg","keywords":["cord\u00e3o umbilical","dar \u00e0 luz","dar a vida","la\u00e7os m\u00e3e e filho","maternar","maternidade","mulher","umbigo"],"articleSection":["Comportamento &amp; Equil\u00edbrio"],"inLanguage":"pt-BR","potentialAction":[{"@type":"CommentAction","name":"Comment","target":["https:\/\/jornalfatosenoticias.com.br\/index.php\/2024\/07\/25\/o-umbigo-a-marca-dada-pela-mulher-mae-e-so-por-ela-parte-i\/#respond"]}]},{"@type":"WebPage","@id":"https:\/\/jornalfatosenoticias.com.br\/index.php\/2024\/07\/25\/o-umbigo-a-marca-dada-pela-mulher-mae-e-so-por-ela-parte-i\/","url":"https:\/\/jornalfatosenoticias.com.br\/index.php\/2024\/07\/25\/o-umbigo-a-marca-dada-pela-mulher-mae-e-so-por-ela-parte-i\/","name":"O Umbigo, a marca dada pela Mulher\/M\u00e3e, e, s\u00f3 por ela \u2014 Parte I - Jornal Fatos e Not\u00edcias","isPartOf":{"@id":"https:\/\/jornalfatosenoticias.com.br\/#website"},"primaryImageOfPage":{"@id":"https:\/\/jornalfatosenoticias.com.br\/index.php\/2024\/07\/25\/o-umbigo-a-marca-dada-pela-mulher-mae-e-so-por-ela-parte-i\/#primaryimage"},"image":{"@id":"https:\/\/jornalfatosenoticias.com.br\/index.php\/2024\/07\/25\/o-umbigo-a-marca-dada-pela-mulher-mae-e-so-por-ela-parte-i\/#primaryimage"},"thumbnailUrl":"https:\/\/jornalfatosenoticias.com.br\/wp-content\/uploads\/2024\/07\/umbigo-gravida_istock.jpg","datePublished":"2024-07-25T18:19:54+00:00","dateModified":"2024-07-25T18:19:55+00:00","breadcrumb":{"@id":"https:\/\/jornalfatosenoticias.com.br\/index.php\/2024\/07\/25\/o-umbigo-a-marca-dada-pela-mulher-mae-e-so-por-ela-parte-i\/#breadcrumb"},"inLanguage":"pt-BR","potentialAction":[{"@type":"ReadAction","target":["https:\/\/jornalfatosenoticias.com.br\/index.php\/2024\/07\/25\/o-umbigo-a-marca-dada-pela-mulher-mae-e-so-por-ela-parte-i\/"]}]},{"@type":"ImageObject","inLanguage":"pt-BR","@id":"https:\/\/jornalfatosenoticias.com.br\/index.php\/2024\/07\/25\/o-umbigo-a-marca-dada-pela-mulher-mae-e-so-por-ela-parte-i\/#primaryimage","url":"https:\/\/jornalfatosenoticias.com.br\/wp-content\/uploads\/2024\/07\/umbigo-gravida_istock.jpg","contentUrl":"https:\/\/jornalfatosenoticias.com.br\/wp-content\/uploads\/2024\/07\/umbigo-gravida_istock.jpg","width":612,"height":344,"caption":"Seventh month of pregnancy."},{"@type":"BreadcrumbList","@id":"https:\/\/jornalfatosenoticias.com.br\/index.php\/2024\/07\/25\/o-umbigo-a-marca-dada-pela-mulher-mae-e-so-por-ela-parte-i\/#breadcrumb","itemListElement":[{"@type":"ListItem","position":1,"name":"In\u00edcio","item":"https:\/\/jornalfatosenoticias.com.br\/"},{"@type":"ListItem","position":2,"name":"O Umbigo, a marca dada pela Mulher\/M\u00e3e, e, s\u00f3 por ela \u2014 Parte I"}]},{"@type":"WebSite","@id":"https:\/\/jornalfatosenoticias.com.br\/#website","url":"https:\/\/jornalfatosenoticias.com.br\/","name":"Jornal Fatos e Not\u00edcias","description":"Not\u00edcias em geral","publisher":{"@id":"https:\/\/jornalfatosenoticias.com.br\/#organization"},"potentialAction":[{"@type":"SearchAction","target":{"@type":"EntryPoint","urlTemplate":"https:\/\/jornalfatosenoticias.com.br\/?s={search_term_string}"},"query-input":{"@type":"PropertyValueSpecification","valueRequired":true,"valueName":"search_term_string"}}],"inLanguage":"pt-BR"},{"@type":"Organization","@id":"https:\/\/jornalfatosenoticias.com.br\/#organization","name":"Jornal Fatos e Not\u00edcias","url":"https:\/\/jornalfatosenoticias.com.br\/","logo":{"@type":"ImageObject","inLanguage":"pt-BR","@id":"https:\/\/jornalfatosenoticias.com.br\/#\/schema\/logo\/image\/","url":"https:\/\/jornalfatosenoticias.com.br\/wp-content\/uploads\/2020\/02\/logo120.png","contentUrl":"https:\/\/jornalfatosenoticias.com.br\/wp-content\/uploads\/2020\/02\/logo120.png","width":1227,"height":120,"caption":"Jornal Fatos e Not\u00edcias"},"image":{"@id":"https:\/\/jornalfatosenoticias.com.br\/#\/schema\/logo\/image\/"}},{"@type":"Person","@id":"https:\/\/jornalfatosenoticias.com.br\/#\/schema\/person\/c33fcf5fb02d729d3fec92c6737a22d1","name":"Ana Maria Iencarelli","image":{"@type":"ImageObject","inLanguage":"pt-BR","@id":"https:\/\/jornalfatosenoticias.com.br\/#\/schema\/person\/image\/","url":"https:\/\/jornalfatosenoticias.com.br\/wp-content\/uploads\/2020\/02\/Ana-Maria-Iencarelli-1-150x150.jpg","contentUrl":"https:\/\/jornalfatosenoticias.com.br\/wp-content\/uploads\/2020\/02\/Ana-Maria-Iencarelli-1-150x150.jpg","caption":"Ana Maria Iencarelli"},"description":"Psicanalista Cl\u00ednica, especializada no atendimento a Crian\u00e7as e Adolescentes. Presidente da ONG Vozes de Anjos.","url":"https:\/\/jornalfatosenoticias.com.br\/index.php\/author\/anamaria\/"}]}},"cc_featured_image_caption":{"caption_text":"(Foto: iStock) ","source_text":"","source_url":""},"jetpack_featured_media_url":"https:\/\/jornalfatosenoticias.com.br\/wp-content\/uploads\/2024\/07\/umbigo-gravida_istock.jpg","_links":{"self":[{"href":"https:\/\/jornalfatosenoticias.com.br\/index.php\/wp-json\/wp\/v2\/posts\/52999","targetHints":{"allow":["GET"]}}],"collection":[{"href":"https:\/\/jornalfatosenoticias.com.br\/index.php\/wp-json\/wp\/v2\/posts"}],"about":[{"href":"https:\/\/jornalfatosenoticias.com.br\/index.php\/wp-json\/wp\/v2\/types\/post"}],"author":[{"embeddable":true,"href":"https:\/\/jornalfatosenoticias.com.br\/index.php\/wp-json\/wp\/v2\/users\/8"}],"replies":[{"embeddable":true,"href":"https:\/\/jornalfatosenoticias.com.br\/index.php\/wp-json\/wp\/v2\/comments?post=52999"}],"version-history":[{"count":0,"href":"https:\/\/jornalfatosenoticias.com.br\/index.php\/wp-json\/wp\/v2\/posts\/52999\/revisions"}],"wp:featuredmedia":[{"embeddable":true,"href":"https:\/\/jornalfatosenoticias.com.br\/index.php\/wp-json\/wp\/v2\/media\/53002"}],"wp:attachment":[{"href":"https:\/\/jornalfatosenoticias.com.br\/index.php\/wp-json\/wp\/v2\/media?parent=52999"}],"wp:term":[{"taxonomy":"category","embeddable":true,"href":"https:\/\/jornalfatosenoticias.com.br\/index.php\/wp-json\/wp\/v2\/categories?post=52999"},{"taxonomy":"post_tag","embeddable":true,"href":"https:\/\/jornalfatosenoticias.com.br\/index.php\/wp-json\/wp\/v2\/tags?post=52999"}],"curies":[{"name":"wp","href":"https:\/\/api.w.org\/{rel}","templated":true}]}}