{"id":53026,"date":"2024-07-25T16:52:53","date_gmt":"2024-07-25T19:52:53","guid":{"rendered":"https:\/\/jornalfatosenoticias.com.br\/?p=53026"},"modified":"2024-08-19T13:43:33","modified_gmt":"2024-08-19T16:43:33","slug":"a-historia-do-cdmec","status":"publish","type":"post","link":"https:\/\/jornalfatosenoticias.com.br\/index.php\/2024\/07\/25\/a-historia-do-cdmec\/","title":{"rendered":"A hist\u00f3ria do CDMEC"},"content":{"rendered":"\n<p><span class=\"has-inline-color has-black-color\"><em>Fundado em 1988, o CDMEC foi resultado de um esfor\u00e7o conjunto entre o governo do estado do Esp\u00edrito Santo, empresas do setor metal\u00fargico e institui\u00e7\u00f5es de ensino e pesquisa<\/em><\/span><\/p>\n\n\n\n<p><span class=\"has-inline-color has-black-color\">Por<\/span>\u00a0<strong><a href=\"https:\/\/jornalfatosenoticias.com.br\/index.php\/2024\/07\/11\/a-importancia-de-participar-de-feiras-e-eventos-para-as-empresas\/\">Milena Rohr<\/a><\/strong><\/p>\n\n\n\n<div class=\"wp-block-image\"><figure class=\"aligncenter size-large\"><a href=\"https:\/\/mizu.com.br\/\"><img loading=\"lazy\" decoding=\"async\" width=\"729\" height=\"90\" src=\"https:\/\/jornalfatosenoticias.com.br\/wp-content\/uploads\/2020\/02\/Logo_Mizu.png\" alt=\"\" class=\"wp-image-1441\" srcset=\"https:\/\/jornalfatosenoticias.com.br\/wp-content\/uploads\/2020\/02\/Logo_Mizu.png 729w, https:\/\/jornalfatosenoticias.com.br\/wp-content\/uploads\/2020\/02\/Logo_Mizu-300x37.png 300w\" sizes=\"auto, (max-width: 729px) 100vw, 729px\" \/><\/a><\/figure><\/div>\n\n\n\n<div class=\"wp-block-image is-style-rounded\"><figure class=\"alignleft size-large\"><img loading=\"lazy\" decoding=\"async\" width=\"120\" height=\"150\" src=\"https:\/\/jornalfatosenoticias.com.br\/wp-content\/uploads\/2024\/06\/milena-removebg-preview.png\" alt=\"\" class=\"wp-image-52309\"\/><\/figure><\/div>\n\n\n\n<p>O Centro Capixaba de Desenvolvimento Metalmec\u00e2nico (CDMEC) foi fundado em 1988, nascendo de uma necessidade crescente de moderniza\u00e7\u00e3o e desenvolvimento tecnol\u00f3gico no setor metalmec\u00e2nico da regi\u00e3o. O Esp\u00edrito Santo, com sua rica tradi\u00e7\u00e3o industrial e localiza\u00e7\u00e3o estrat\u00e9gica, sempre foi um importante polo de atividades metal\u00fargicas e industriais no Brasil. A cria\u00e7\u00e3o do CDMEC marcou um passo decisivo para a consolida\u00e7\u00e3o e expans\u00e3o desse setor.<\/p>\n\n\n\n<div class=\"wp-block-image\"><figure class=\"aligncenter size-large\"><a href=\"https:\/\/www.instagram.com\/baraodascarnes.es\/\"><img decoding=\"async\" src=\"https:\/\/jornalfatosenoticias.com.br\/wp-content\/uploads\/2020\/02\/barao-das-carnes-300x164-1.jpg\" alt=\"\" class=\"wp-image-34339\"\/><\/a><\/figure><\/div>\n\n\n\n<p><strong><span class=\"has-inline-color has-black-color\">Funda\u00e7\u00e3o e primeiros anos<br><\/span><\/strong>A funda\u00e7\u00e3o do CDMEC em 1988 foi resultado de um esfor\u00e7o conjunto entre o governo do estado do Esp\u00edrito Santo, empresas do setor metal\u00fargico e institui\u00e7\u00f5es de ensino e pesquisa. O objetivo era claro: criar uma institui\u00e7\u00e3o capaz de fomentar a inova\u00e7\u00e3o, a pesquisa e o desenvolvimento de novas tecnologias que pudessem aumentar a competitividade das ind\u00fastrias locais.<\/p>\n\n\n\n<div class=\"wp-block-image\"><figure class=\"aligncenter size-large is-resized\"><a href=\"https:\/\/www.ithbrasil.com.br\/\"><img loading=\"lazy\" decoding=\"async\" src=\"https:\/\/jornalfatosenoticias.com.br\/wp-content\/uploads\/2023\/08\/ITH.jpeg\" alt=\"\" class=\"wp-image-44638\" width=\"296\" height=\"241\" srcset=\"https:\/\/jornalfatosenoticias.com.br\/wp-content\/uploads\/2023\/08\/ITH.jpeg 800w, https:\/\/jornalfatosenoticias.com.br\/wp-content\/uploads\/2023\/08\/ITH-300x244.jpeg 300w, https:\/\/jornalfatosenoticias.com.br\/wp-content\/uploads\/2023\/08\/ITH-768x624.jpeg 768w\" sizes=\"auto, (max-width: 296px) 100vw, 296px\" \/><\/a><\/figure><\/div>\n\n\n\n<p><strong><span class=\"has-inline-color has-black-color\">Crescimento e expans\u00e3o<br><\/span><\/strong>Ao longo das d\u00e9cadas seguintes, o CDMEC expandiu significativamente suas atividades e sua influ\u00eancia. Na d\u00e9cada de 1990, a institui\u00e7\u00e3o come\u00e7ou a se destacar nacionalmente, atraindo projetos de pesquisa e desenvolvimento de grandes empresas do setor metalmec\u00e2nico. A capacidade de oferecer solu\u00e7\u00f5es tecnol\u00f3gicas avan\u00e7adas e personalizadas fez do CDMEC um parceiro valioso para a ind\u00fastria.<\/p>\n\n\n\n<div class=\"wp-block-image\"><figure class=\"aligncenter size-large is-resized\"><a href=\"https:\/\/www.facebook.com\/postobkr\/?locale=pt_BR\"><img loading=\"lazy\" decoding=\"async\" src=\"https:\/\/jornalfatosenoticias.com.br\/wp-content\/uploads\/2023\/08\/BKR-1024x1021.jpg\" alt=\"\" class=\"wp-image-44494\" width=\"312\" height=\"311\" srcset=\"https:\/\/jornalfatosenoticias.com.br\/wp-content\/uploads\/2023\/08\/BKR-1024x1021.jpg 1024w, https:\/\/jornalfatosenoticias.com.br\/wp-content\/uploads\/2023\/08\/BKR-300x300.jpg 300w, https:\/\/jornalfatosenoticias.com.br\/wp-content\/uploads\/2023\/08\/BKR-150x150.jpg 150w, https:\/\/jornalfatosenoticias.com.br\/wp-content\/uploads\/2023\/08\/BKR-768x766.jpg 768w, https:\/\/jornalfatosenoticias.com.br\/wp-content\/uploads\/2023\/08\/BKR.jpg 1080w\" sizes=\"auto, (max-width: 312px) 100vw, 312px\" \/><\/a><\/figure><\/div>\n\n\n\n<p>Durante os anos 2000, o CDMEC intensificou seus esfor\u00e7os na promo\u00e7\u00e3o da sustentabilidade e da efici\u00eancia energ\u00e9tica, antecipando-se \u00e0s tend\u00eancias globais de responsabilidade ambiental. Projetos voltados para a redu\u00e7\u00e3o de emiss\u00f5es de gases de efeito estufa e a otimiza\u00e7\u00e3o do uso de recursos naturais ganharam destaque, contribuindo para a constru\u00e7\u00e3o de uma imagem positiva e inovadora da institui\u00e7\u00e3o.<\/p>\n\n\n\n<div class=\"wp-block-image\"><figure class=\"aligncenter size-large is-resized\"><a href=\"https:\/\/www.facebook.com\/vetor.vix\/\"><img loading=\"lazy\" decoding=\"async\" src=\"https:\/\/jornalfatosenoticias.com.br\/wp-content\/uploads\/2023\/09\/vetorvix1024_1.jpg\" alt=\"\" class=\"wp-image-44868\" width=\"554\" height=\"147\" srcset=\"https:\/\/jornalfatosenoticias.com.br\/wp-content\/uploads\/2023\/09\/vetorvix1024_1.jpg 1024w, https:\/\/jornalfatosenoticias.com.br\/wp-content\/uploads\/2023\/09\/vetorvix1024_1-300x80.jpg 300w, https:\/\/jornalfatosenoticias.com.br\/wp-content\/uploads\/2023\/09\/vetorvix1024_1-768x205.jpg 768w\" sizes=\"auto, (max-width: 554px) 100vw, 554px\" \/><\/a><\/figure><\/div>\n\n\n\n<p><strong><span class=\"has-inline-color has-black-color\">Consolida\u00e7\u00e3o como polo de inova\u00e7\u00e3o<br><\/span><\/strong>A partir da d\u00e9cada de 2010, o CDMEC consolidou-se como um verdadeiro polo de inova\u00e7\u00e3o. Com a inaugura\u00e7\u00e3o de novos centros de pesquisa e o aumento dos investimentos em tecnologia, a institui\u00e7\u00e3o ampliou seu leque de servi\u00e7os e passou a atuar em \u00e1reas como automa\u00e7\u00e3o industrial, intelig\u00eancia artificial e manufatura avan\u00e7ada.<\/p>\n\n\n\n<div class=\"wp-block-image\"><figure class=\"aligncenter size-large\"><a href=\"https:\/\/www.facebook.com\/Esteio-Churrascaria-Barbecue-103643461220402\/\"><img decoding=\"async\" src=\"https:\/\/jornalfatosenoticias.com.br\/wp-content\/uploads\/2020\/02\/logo_esteio.jpg\" alt=\"\" class=\"wp-image-1214\"\/><\/a><\/figure><\/div>\n\n\n\n<p>A cria\u00e7\u00e3o de programas de incuba\u00e7\u00e3o e apoio a startups tamb\u00e9m se tornou um pilar importante da atua\u00e7\u00e3o do CDMEC, fomentando o surgimento de novas empresas e solu\u00e7\u00f5es tecnol\u00f3gicas no setor. Esse ambiente de inova\u00e7\u00e3o aberta atraiu talentos e investimentos, fortalecendo ainda mais a posi\u00e7\u00e3o do CDMEC como l\u00edder em desenvolvimento tecnol\u00f3gico.<\/p>\n\n\n\n<div class=\"wp-block-image\"><figure class=\"aligncenter size-large\"><img loading=\"lazy\" decoding=\"async\" width=\"857\" height=\"1000\" src=\"https:\/\/jornalfatosenoticias.com.br\/wp-content\/uploads\/2024\/07\/evandro-milet_cdmec.jpg\" alt=\"\" class=\"wp-image-53027\" srcset=\"https:\/\/jornalfatosenoticias.com.br\/wp-content\/uploads\/2024\/07\/evandro-milet_cdmec.jpg 857w, https:\/\/jornalfatosenoticias.com.br\/wp-content\/uploads\/2024\/07\/evandro-milet_cdmec-257x300.jpg 257w, https:\/\/jornalfatosenoticias.com.br\/wp-content\/uploads\/2024\/07\/evandro-milet_cdmec-768x896.jpg 768w\" sizes=\"auto, (max-width: 857px) 100vw, 857px\" \/><figcaption><em><span class=\"has-inline-color has-black-color\">Evandro Milet, presidente do CDMEC (Foto: Divulga\u00e7\u00e3o)<\/span><\/em><\/figcaption><\/figure><\/div>\n\n\n\n<p><span class=\"has-inline-color has-black-color\"><strong>Presid\u00eancia de Evandro Milet e a continuidade da inova\u00e7\u00e3o<br><\/strong><\/span>Evandro Milet, com vasta experi\u00eancia em gest\u00e3o e inova\u00e7\u00e3o, assumiu a presid\u00eancia do CDMEC em 2022. Sua trajet\u00f3ria profissional inclui passagens por empresas e institui\u00e7\u00f5es de renome, sempre com foco na implementa\u00e7\u00e3o de estrat\u00e9gias inovadoras. Desde o in\u00edcio de sua gest\u00e3o, Milet destacou-se por sua capacidade de integrar tecnologia e processos de produ\u00e7\u00e3o, promovendo um ambiente prop\u00edcio \u00e0 pesquisa e desenvolvimento.<\/p>\n\n\n\n<div class=\"wp-block-image\"><figure class=\"aligncenter size-large is-resized\"><img loading=\"lazy\" decoding=\"async\" src=\"https:\/\/jornalfatosenoticias.com.br\/wp-content\/uploads\/2022\/02\/Precisao-Contabilidade-1024x724.jpg\" alt=\"\" class=\"wp-image-28088\" width=\"326\" height=\"230\"\/><\/figure><\/div>\n\n\n\n<p><strong><span class=\"has-inline-color has-black-color\">Iniciativas de inova\u00e7\u00e3o<br><\/span><\/strong>Sob a lideran\u00e7a de Milet, o CDMEC adotou diversas iniciativas para impulsionar a inova\u00e7\u00e3o no setor metal\u00fargico. Entre as principais a\u00e7\u00f5es, destacam-se:<br><strong>1. Parcerias estrat\u00e9gicas:<\/strong> o CDMEC firmou parcerias com universidades, institutos de pesquisa e empresas de tecnologia, criando um ecossistema colaborativo. Essas parcerias possibilitaram o desenvolvimento de novos materiais e processos, aumentando a competitividade do setor.<\/p>\n\n\n\n<div class=\"wp-block-image\"><figure class=\"aligncenter size-large is-resized\"><a href=\"https:\/\/www.instagram.com\/rapuzeljastro\/\"><img loading=\"lazy\" decoding=\"async\" src=\"https:\/\/jornalfatosenoticias.com.br\/wp-content\/uploads\/2020\/02\/logo-Rapuzel-1024x571.jpg\" alt=\"\" class=\"wp-image-42808\" width=\"375\" height=\"209\" srcset=\"https:\/\/jornalfatosenoticias.com.br\/wp-content\/uploads\/2020\/02\/logo-Rapuzel-1024x571.jpg 1024w, https:\/\/jornalfatosenoticias.com.br\/wp-content\/uploads\/2020\/02\/logo-Rapuzel-300x167.jpg 300w, https:\/\/jornalfatosenoticias.com.br\/wp-content\/uploads\/2020\/02\/logo-Rapuzel-768x428.jpg 768w, https:\/\/jornalfatosenoticias.com.br\/wp-content\/uploads\/2020\/02\/logo-Rapuzel-1536x856.jpg 1536w, https:\/\/jornalfatosenoticias.com.br\/wp-content\/uploads\/2020\/02\/logo-Rapuzel.jpg 1600w\" sizes=\"auto, (max-width: 375px) 100vw, 375px\" \/><\/a><\/figure><\/div>\n\n\n\n<p><strong>2. Investimento em P&amp;D:<\/strong> a gest\u00e3o de Milet priorizou investimentos significativos em pesquisa e desenvolvimento (P&amp;D). Foram criados laborat\u00f3rios de ponta, equipados com tecnologias avan\u00e7adas, onde pesquisadores trabalham em solu\u00e7\u00f5es inovadoras para os desafios do setor.<\/p>\n\n\n\n<div class=\"wp-block-image\"><figure class=\"aligncenter size-large\"><a href=\"http:\/\/www.ferrarimaquinas.com.br\/\"><img loading=\"lazy\" decoding=\"async\" width=\"300\" height=\"250\" src=\"https:\/\/jornalfatosenoticias.com.br\/wp-content\/uploads\/2022\/02\/FERRARI_MAQUINAS-E-FERRAMENTAS2.jpg\" alt=\"\" class=\"wp-image-27860\"\/><\/a><\/figure><\/div>\n\n\n\n<p><strong>3. Capacita\u00e7\u00e3o e forma\u00e7\u00e3o:<\/strong> com o objetivo de preparar profissionais para as demandas da ind\u00fastria 4.0, o CDMEC intensificou seus programas de capacita\u00e7\u00e3o. Cursos e treinamentos especializados foram oferecidos, abordando temas como automa\u00e7\u00e3o, rob\u00f3tica, e intelig\u00eancia artificial.<br><strong>4. Sustentabilidade:<\/strong> a sustentabilidade tamb\u00e9m foi um pilar da gest\u00e3o de Milet. Projetos voltados para a redu\u00e7\u00e3o do impacto ambiental da produ\u00e7\u00e3o metal\u00fargica foram implementados, como a reciclagem de materiais e a otimiza\u00e7\u00e3o do consumo energ\u00e9tico.<\/p>\n\n\n\n<div class=\"wp-block-image\"><figure class=\"aligncenter size-large\"><a href=\"https:\/\/cesconetto.com.br\/\"><img loading=\"lazy\" decoding=\"async\" width=\"300\" height=\"250\" src=\"https:\/\/jornalfatosenoticias.com.br\/wp-content\/uploads\/2020\/02\/Banner-2.png\" alt=\"\" class=\"wp-image-43787\"\/><\/a><\/figure><\/div>\n\n\n\n<p><strong><span class=\"has-inline-color has-black-color\">Reelei\u00e7\u00e3o em 2024<br><\/span><\/strong>O sucesso das iniciativas implementadas por Evandro Milet e os resultados positivos alcan\u00e7ados durante sua gest\u00e3o levaram \u00e0 sua reelei\u00e7\u00e3o em 2024. A continuidade de sua presid\u00eancia foi vista como uma oportunidade de consolidar os avan\u00e7os j\u00e1 conquistados e explorar novas frentes de inova\u00e7\u00e3o.<\/p>\n\n\n\n<div class=\"wp-block-image\"><figure class=\"aligncenter size-large is-resized\"><a href=\"https:\/\/panper.com.br\/\"><img loading=\"lazy\" decoding=\"async\" src=\"https:\/\/jornalfatosenoticias.com.br\/wp-content\/uploads\/2023\/03\/logo-Panper_portal.jpg\" alt=\"\" class=\"wp-image-40208\" width=\"349\" height=\"242\" srcset=\"https:\/\/jornalfatosenoticias.com.br\/wp-content\/uploads\/2023\/03\/logo-Panper_portal.jpg 400w, https:\/\/jornalfatosenoticias.com.br\/wp-content\/uploads\/2023\/03\/logo-Panper_portal-300x208.jpg 300w\" sizes=\"auto, (max-width: 349px) 100vw, 349px\" \/><\/a><\/figure><\/div>\n\n\n\n<p><strong><span class=\"has-inline-color has-black-color\">Futuro promissor<br><\/span><\/strong>Com a reelei\u00e7\u00e3o de Milet, o CDMEC se prepara para um futuro ainda mais promissor. Entre as metas para o novo mandato, destacam-se:<br><strong>\u2022 Expans\u00e3o das parcerias:<\/strong> ampliar o leque de parcerias, incluindo colabora\u00e7\u00f5es internacionais, para trazer novas tecnologias e conhecimentos para o Brasil.<br><strong>\u2022 Digitaliza\u00e7\u00e3o e automa\u00e7\u00e3o: <\/strong>intensificar os esfor\u00e7os de digitaliza\u00e7\u00e3o e automa\u00e7\u00e3o dos processos produtivos, tornando a ind\u00fastria metalmec\u00e2nica mais eficiente e competitiva.<\/p>\n\n\n\n<div class=\"wp-block-image\"><figure class=\"aligncenter size-large is-resized\"><a href=\"https:\/\/www.instagram.com\/restaurantepegoretti\/\"><img loading=\"lazy\" decoding=\"async\" src=\"https:\/\/jornalfatosenoticias.com.br\/wp-content\/uploads\/2023\/12\/pegoretti-logo-pdf-1024x389.jpg\" alt=\"\" class=\"wp-image-47536\" width=\"453\" height=\"172\" srcset=\"https:\/\/jornalfatosenoticias.com.br\/wp-content\/uploads\/2023\/12\/pegoretti-logo-pdf-1024x389.jpg 1024w, https:\/\/jornalfatosenoticias.com.br\/wp-content\/uploads\/2023\/12\/pegoretti-logo-pdf-300x114.jpg 300w, https:\/\/jornalfatosenoticias.com.br\/wp-content\/uploads\/2023\/12\/pegoretti-logo-pdf-768x291.jpg 768w, https:\/\/jornalfatosenoticias.com.br\/wp-content\/uploads\/2023\/12\/pegoretti-logo-pdf.jpg 1120w\" sizes=\"auto, (max-width: 453px) 100vw, 453px\" \/><\/a><\/figure><\/div>\n\n\n\n<p><strong>\u2022 Inova\u00e7\u00e3o aberta:<\/strong> promover a inova\u00e7\u00e3o aberta, envolvendo startups e empreendedores no desenvolvimento de solu\u00e7\u00f5es disruptivas para o setor.<br><strong>\u2022 Apoio a startups:<\/strong> criar programas de apoio e incuba\u00e7\u00e3o de startups, incentivando o surgimento de novas empresas com foco em tecnologias inovadoras para a metalurgia.<\/p>\n\n\n\n<div class=\"wp-block-image\"><figure class=\"aligncenter size-large is-resized\"><a href=\"https:\/\/hotelmarquetti.com.br\/\"><img loading=\"lazy\" decoding=\"async\" src=\"https:\/\/jornalfatosenoticias.com.br\/wp-content\/uploads\/2020\/02\/nova-logo-Marquetti.jpg\" alt=\"\" class=\"wp-image-22331\" width=\"335\" height=\"225\" srcset=\"https:\/\/jornalfatosenoticias.com.br\/wp-content\/uploads\/2020\/02\/nova-logo-Marquetti.jpg 643w, https:\/\/jornalfatosenoticias.com.br\/wp-content\/uploads\/2020\/02\/nova-logo-Marquetti-300x202.jpg 300w\" sizes=\"auto, (max-width: 335px) 100vw, 335px\" \/><\/a><\/figure><\/div>\n\n\n\n<p>A lideran\u00e7a de Evandro Milet no CDMEC representa um marco importante para o setor metalmec\u00e2nico do Esp\u00edrito Santo e do Brasil. Sua vis\u00e3o estrat\u00e9gica e compromisso com a inova\u00e7\u00e3o t\u00eam transformado o CDMEC em um centro de excel\u00eancia, preparado para enfrentar os desafios do futuro e contribuir significativamente para o desenvolvimento industrial e tecnol\u00f3gico do pa\u00eds.<\/p>\n\n\n\n<div class=\"wp-block-image\"><figure class=\"aligncenter size-large is-resized\"><a href=\"https:\/\/www.controlsystems.com.br\/\"><img loading=\"lazy\" decoding=\"async\" src=\"https:\/\/jornalfatosenoticias.com.br\/wp-content\/uploads\/2020\/02\/CONTROL-CS.jpg\" alt=\"\" class=\"wp-image-44991\" width=\"321\" height=\"384\" srcset=\"https:\/\/jornalfatosenoticias.com.br\/wp-content\/uploads\/2020\/02\/CONTROL-CS.jpg 834w, https:\/\/jornalfatosenoticias.com.br\/wp-content\/uploads\/2020\/02\/CONTROL-CS-250x300.jpg 250w, https:\/\/jornalfatosenoticias.com.br\/wp-content\/uploads\/2020\/02\/CONTROL-CS-768x921.jpg 768w\" sizes=\"auto, (max-width: 321px) 100vw, 321px\" \/><\/a><\/figure><\/div>\n\n\n\n<p><strong><span class=\"has-inline-color has-black-color\">Import\u00e2ncia do investimento em educa\u00e7\u00e3o<br><\/span><\/strong>A educa\u00e7\u00e3o desempenha um papel crucial no desenvolvimento de qualquer setor industrial, especialmente em \u00e1reas t\u00e3o tecnol\u00f3gicas e complexas como a metalurgia. Evandro Milet, durante sua presid\u00eancia no CDMEC, sempre reconheceu a necessidade de capacitar profissionais para enfrentar os desafios e aproveitar as oportunidades oferecidas pela inova\u00e7\u00e3o e pela transforma\u00e7\u00e3o digital. Compreendendo essa necessidade, Milet formalizou importantes conv\u00eanios educacionais que ampliaram significativamente as oportunidades de qualifica\u00e7\u00e3o e forma\u00e7\u00e3o para profissionais do setor.<\/p>\n\n\n\n<div class=\"wp-block-image\"><figure class=\"aligncenter size-large\"><a href=\"https:\/\/mizu.com.br\/\"><img loading=\"lazy\" decoding=\"async\" width=\"729\" height=\"90\" src=\"https:\/\/jornalfatosenoticias.com.br\/wp-content\/uploads\/2020\/02\/Logo_Mizu.png\" alt=\"\" class=\"wp-image-1441\" srcset=\"https:\/\/jornalfatosenoticias.com.br\/wp-content\/uploads\/2020\/02\/Logo_Mizu.png 729w, https:\/\/jornalfatosenoticias.com.br\/wp-content\/uploads\/2020\/02\/Logo_Mizu-300x37.png 300w\" sizes=\"auto, (max-width: 729px) 100vw, 729px\" \/><\/a><\/figure><\/div>\n\n\n\n<p><strong><span class=\"has-inline-color has-black-color\">Conv\u00eanio com a Unifacig Polo Serra e a MasterMind Esp\u00edrito Santo \u2014 Funda\u00e7\u00e3o Napoleon Hill<br><\/span><\/strong>Em uma iniciativa movida em sua lideran\u00e7a de respeito, Evandro Milet firmou um conv\u00eanio educacional com a Unifacig Polo Serra e a MasterMind Esp\u00edrito Santo \u2014 Funda\u00e7\u00e3o Napoleon Hill. Essa parceria visa oferecer programas de educa\u00e7\u00e3o e treinamentos voltados para o desenvolvimento de compet\u00eancias essenciais no setor metal\u00fargico e \u00e1reas correlatas.<\/p>\n\n\n\n<div class=\"wp-block-image\"><figure class=\"aligncenter size-large is-resized\"><a href=\"https:\/\/www.facebook.com\/postobkr\/?locale=pt_BR\"><img loading=\"lazy\" decoding=\"async\" src=\"https:\/\/jornalfatosenoticias.com.br\/wp-content\/uploads\/2023\/08\/BKR-1024x1021.jpg\" alt=\"\" class=\"wp-image-44494\" width=\"305\" height=\"304\" srcset=\"https:\/\/jornalfatosenoticias.com.br\/wp-content\/uploads\/2023\/08\/BKR-1024x1021.jpg 1024w, https:\/\/jornalfatosenoticias.com.br\/wp-content\/uploads\/2023\/08\/BKR-300x300.jpg 300w, https:\/\/jornalfatosenoticias.com.br\/wp-content\/uploads\/2023\/08\/BKR-150x150.jpg 150w, https:\/\/jornalfatosenoticias.com.br\/wp-content\/uploads\/2023\/08\/BKR-768x766.jpg 768w, https:\/\/jornalfatosenoticias.com.br\/wp-content\/uploads\/2023\/08\/BKR.jpg 1080w\" sizes=\"auto, (max-width: 305px) 100vw, 305px\" \/><\/a><\/figure><\/div>\n\n\n\n<p><strong><span class=\"has-inline-color has-black-color\">Objetivos dos conv\u00eanios<br><\/span>1. Capacita\u00e7\u00e3o t\u00e9cnica, gerencial e lideran\u00e7a: <\/strong>os programas oferecidos por essas institui\u00e7\u00f5es s\u00e3o focados tanto na capacita\u00e7\u00e3o t\u00e9cnica quanto no desenvolvimento de habilidades gerenciais e aprimoramento de lideran\u00e7as no setor. Isso garante que os profissionais estejam preparados n\u00e3o apenas para operar tecnologias avan\u00e7adas, mas tamb\u00e9m para assumir pap\u00e9is de lideran\u00e7a e gest\u00e3o.<\/p>\n\n\n\n<div class=\"wp-block-image\"><figure class=\"aligncenter size-large\"><a href=\"https:\/\/www.instagram.com\/baraodascarnes.es\/\"><img decoding=\"async\" src=\"https:\/\/jornalfatosenoticias.com.br\/wp-content\/uploads\/2020\/02\/barao-das-carnes-300x164-1.jpg\" alt=\"\" class=\"wp-image-34339\"\/><\/a><\/figure><\/div>\n\n\n\n<p><strong>2. Desenvolvimento de Habilidades Soft Skills:<\/strong> a parceria com a MasterMind Esp\u00edrito Santo \u2014 Funda\u00e7\u00e3o Napoleon Hill enfatiza o desenvolvimento de habilidades comportamentais e de lideran\u00e7a. A forma\u00e7\u00e3o em soft skills \u00e9 crucial para que os profissionais possam liderar equipes, gerenciar conflitos e promover um ambiente de trabalho colaborativo e inovador.<\/p>\n\n\n\n<div class=\"wp-block-image\"><figure class=\"aligncenter size-large is-resized\"><a href=\"https:\/\/www.ithbrasil.com.br\/\"><img loading=\"lazy\" decoding=\"async\" src=\"https:\/\/jornalfatosenoticias.com.br\/wp-content\/uploads\/2023\/08\/ITH.jpeg\" alt=\"\" class=\"wp-image-44638\" width=\"289\" height=\"235\" srcset=\"https:\/\/jornalfatosenoticias.com.br\/wp-content\/uploads\/2023\/08\/ITH.jpeg 800w, https:\/\/jornalfatosenoticias.com.br\/wp-content\/uploads\/2023\/08\/ITH-300x244.jpeg 300w, https:\/\/jornalfatosenoticias.com.br\/wp-content\/uploads\/2023\/08\/ITH-768x624.jpeg 768w\" sizes=\"auto, (max-width: 289px) 100vw, 289px\" \/><\/a><\/figure><\/div>\n\n\n\n<p><strong>3. Integra\u00e7\u00e3o: <\/strong>o conv\u00eanio com a Unifacig Polo Serra facilita a integra\u00e7\u00e3o entre a ind\u00fastria, promovendo a transfer\u00eancia de conhecimento e tecnologia.<br><strong>4. Educa\u00e7\u00e3o continuada: <\/strong>atrav\u00e9s desses conv\u00eanios, o CDMEC proporciona programas de educa\u00e7\u00e3o continuada, permitindo que profissionais em atividade possam atualizar seus conhecimentos e habilidades de forma constante. Isso \u00e9 fundamental em um setor em r\u00e1pida evolu\u00e7\u00e3o tecnol\u00f3gica.<\/p>\n\n\n\n<div class=\"wp-block-image\"><figure class=\"aligncenter size-large\"><a href=\"https:\/\/www.facebook.com\/Esteio-Churrascaria-Barbecue-103643461220402\/\"><img decoding=\"async\" src=\"https:\/\/jornalfatosenoticias.com.br\/wp-content\/uploads\/2020\/02\/logo_esteio.jpg\" alt=\"\" class=\"wp-image-1214\"\/><\/a><\/figure><\/div>\n\n\n\n<p><strong>Impacto no desenvolvimento regional<br><\/strong>Os conv\u00eanios firmados por Evandro Milet n\u00e3o s\u00f3 beneficiam o setor metalmec\u00e2nico, mas tamb\u00e9m impulsionam o desenvolvimento regional. Ao proporcionar acesso a uma educa\u00e7\u00e3o de qualidade e especializada, essas parcerias ajudam a elevar o n\u00edvel de qualifica\u00e7\u00e3o da for\u00e7a de trabalho local, promovendo o crescimento econ\u00f4mico e social da regi\u00e3o.<\/p>\n\n\n\n<div class=\"wp-block-image\"><figure class=\"aligncenter size-large is-resized\"><a href=\"https:\/\/www.facebook.com\/vetor.vix\/\"><img loading=\"lazy\" decoding=\"async\" src=\"https:\/\/jornalfatosenoticias.com.br\/wp-content\/uploads\/2023\/09\/vetorvix1024_1.jpg\" alt=\"\" class=\"wp-image-44868\" width=\"543\" height=\"144\" srcset=\"https:\/\/jornalfatosenoticias.com.br\/wp-content\/uploads\/2023\/09\/vetorvix1024_1.jpg 1024w, https:\/\/jornalfatosenoticias.com.br\/wp-content\/uploads\/2023\/09\/vetorvix1024_1-300x80.jpg 300w, https:\/\/jornalfatosenoticias.com.br\/wp-content\/uploads\/2023\/09\/vetorvix1024_1-768x205.jpg 768w\" sizes=\"auto, (max-width: 543px) 100vw, 543px\" \/><\/a><\/figure><\/div>\n\n\n\n<p>Com isso, a presid\u00eancia de Evandro Milet no CDMEC tem sido marcada por uma vis\u00e3o estrat\u00e9gica que reconhece a educa\u00e7\u00e3o como um pilar fundamental para o desenvolvimento e a inova\u00e7\u00e3o no setor metalmec\u00e2nico.<\/p>\n\n\n\n<p><strong><span class=\"has-inline-color has-black-color\">Milena Rohr<br><\/span><\/strong><em><span class=\"has-inline-color has-black-color\">Gestora Empresarial<\/span><\/em><\/p>\n","protected":false},"excerpt":{"rendered":"<p>Fundado em 1988, o CDMEC foi resultado de um esfor\u00e7o conjunto entre o governo do estado do Esp\u00edrito Santo, empresas do setor metal\u00fargico e institui\u00e7\u00f5es de ensino e pesquisa Por\u00a0Milena Rohr O Centro Capixaba de Desenvolvimento Metalmec\u00e2nico (CDMEC) foi fundado em 1988, nascendo de uma necessidade crescente de moderniza\u00e7\u00e3o e desenvolvimento tecnol\u00f3gico no setor metalmec\u00e2nico [&hellip;]<\/p>\n","protected":false},"author":2,"featured_media":53028,"comment_status":"open","ping_status":"open","sticky":false,"template":"","format":"standard","meta":{"footnotes":""},"categories":[5],"tags":[24186,100,24189,24187,24188],"class_list":["post-53026","post","type-post","status-publish","format-standard","has-post-thumbnail","hentry","category-geral","tag-cdmec","tag-espirito-santo","tag-evandro-milet","tag-metalmecanica","tag-setor-metalmecanico"],"yoast_head":"<!-- This site is optimized with the Yoast SEO plugin v26.5 - https:\/\/yoast.com\/wordpress\/plugins\/seo\/ -->\n<title>A hist\u00f3ria do CDMEC - Jornal Fatos e Not\u00edcias<\/title>\n<meta name=\"robots\" content=\"index, follow, max-snippet:-1, max-image-preview:large, max-video-preview:-1\" \/>\n<link rel=\"canonical\" href=\"https:\/\/jornalfatosenoticias.com.br\/index.php\/2024\/07\/25\/a-historia-do-cdmec\/\" \/>\n<meta property=\"og:locale\" content=\"pt_BR\" \/>\n<meta property=\"og:type\" content=\"article\" \/>\n<meta property=\"og:title\" content=\"A hist\u00f3ria do CDMEC - Jornal Fatos e Not\u00edcias\" \/>\n<meta property=\"og:description\" content=\"Fundado em 1988, o CDMEC foi resultado de um esfor\u00e7o conjunto entre o governo do estado do Esp\u00edrito Santo, empresas do setor metal\u00fargico e institui\u00e7\u00f5es de ensino e pesquisa Por\u00a0Milena Rohr O Centro Capixaba de Desenvolvimento Metalmec\u00e2nico (CDMEC) foi fundado em 1988, nascendo de uma necessidade crescente de moderniza\u00e7\u00e3o e desenvolvimento tecnol\u00f3gico no setor metalmec\u00e2nico [&hellip;]\" \/>\n<meta property=\"og:url\" content=\"https:\/\/jornalfatosenoticias.com.br\/index.php\/2024\/07\/25\/a-historia-do-cdmec\/\" \/>\n<meta property=\"og:site_name\" content=\"Jornal Fatos e Not\u00edcias\" \/>\n<meta property=\"article:published_time\" content=\"2024-07-25T19:52:53+00:00\" \/>\n<meta property=\"article:modified_time\" content=\"2024-08-19T16:43:33+00:00\" \/>\n<meta property=\"og:image\" content=\"https:\/\/jornalfatosenoticias.com.br\/wp-content\/uploads\/2024\/07\/evandro-milet_cdmec_capa.jpg\" \/>\n\t<meta property=\"og:image:width\" content=\"854\" \/>\n\t<meta property=\"og:image:height\" content=\"775\" \/>\n\t<meta property=\"og:image:type\" content=\"image\/jpeg\" \/>\n<meta name=\"author\" content=\"Luzimara Fernandes\" \/>\n<meta name=\"twitter:card\" content=\"summary_large_image\" \/>\n<meta name=\"twitter:label1\" content=\"Escrito por\" \/>\n\t<meta name=\"twitter:data1\" content=\"Luzimara Fernandes\" \/>\n\t<meta name=\"twitter:label2\" content=\"Est. tempo de leitura\" \/>\n\t<meta name=\"twitter:data2\" content=\"7 minutos\" \/>\n<script type=\"application\/ld+json\" class=\"yoast-schema-graph\">{\"@context\":\"https:\/\/schema.org\",\"@graph\":[{\"@type\":\"Article\",\"@id\":\"https:\/\/jornalfatosenoticias.com.br\/index.php\/2024\/07\/25\/a-historia-do-cdmec\/#article\",\"isPartOf\":{\"@id\":\"https:\/\/jornalfatosenoticias.com.br\/index.php\/2024\/07\/25\/a-historia-do-cdmec\/\"},\"author\":{\"name\":\"Luzimara Fernandes\",\"@id\":\"https:\/\/jornalfatosenoticias.com.br\/#\/schema\/person\/d63837fa13ac8666eb9e74e0985d6f81\"},\"headline\":\"A hist\u00f3ria do CDMEC\",\"datePublished\":\"2024-07-25T19:52:53+00:00\",\"dateModified\":\"2024-08-19T16:43:33+00:00\",\"mainEntityOfPage\":{\"@id\":\"https:\/\/jornalfatosenoticias.com.br\/index.php\/2024\/07\/25\/a-historia-do-cdmec\/\"},\"wordCount\":1428,\"commentCount\":0,\"publisher\":{\"@id\":\"https:\/\/jornalfatosenoticias.com.br\/#organization\"},\"image\":{\"@id\":\"https:\/\/jornalfatosenoticias.com.br\/index.php\/2024\/07\/25\/a-historia-do-cdmec\/#primaryimage\"},\"thumbnailUrl\":\"https:\/\/jornalfatosenoticias.com.br\/wp-content\/uploads\/2024\/07\/evandro-milet_cdmec_capa.jpg\",\"keywords\":[\"CDMEC\",\"Esp\u00edrito Santo\",\"Evandro Milet\",\"metalmec\u00e2nica\",\"setor metalmec\u00e2nico\"],\"articleSection\":[\"Geral\"],\"inLanguage\":\"pt-BR\",\"potentialAction\":[{\"@type\":\"CommentAction\",\"name\":\"Comment\",\"target\":[\"https:\/\/jornalfatosenoticias.com.br\/index.php\/2024\/07\/25\/a-historia-do-cdmec\/#respond\"]}]},{\"@type\":\"WebPage\",\"@id\":\"https:\/\/jornalfatosenoticias.com.br\/index.php\/2024\/07\/25\/a-historia-do-cdmec\/\",\"url\":\"https:\/\/jornalfatosenoticias.com.br\/index.php\/2024\/07\/25\/a-historia-do-cdmec\/\",\"name\":\"A hist\u00f3ria do CDMEC - Jornal Fatos e Not\u00edcias\",\"isPartOf\":{\"@id\":\"https:\/\/jornalfatosenoticias.com.br\/#website\"},\"primaryImageOfPage\":{\"@id\":\"https:\/\/jornalfatosenoticias.com.br\/index.php\/2024\/07\/25\/a-historia-do-cdmec\/#primaryimage\"},\"image\":{\"@id\":\"https:\/\/jornalfatosenoticias.com.br\/index.php\/2024\/07\/25\/a-historia-do-cdmec\/#primaryimage\"},\"thumbnailUrl\":\"https:\/\/jornalfatosenoticias.com.br\/wp-content\/uploads\/2024\/07\/evandro-milet_cdmec_capa.jpg\",\"datePublished\":\"2024-07-25T19:52:53+00:00\",\"dateModified\":\"2024-08-19T16:43:33+00:00\",\"breadcrumb\":{\"@id\":\"https:\/\/jornalfatosenoticias.com.br\/index.php\/2024\/07\/25\/a-historia-do-cdmec\/#breadcrumb\"},\"inLanguage\":\"pt-BR\",\"potentialAction\":[{\"@type\":\"ReadAction\",\"target\":[\"https:\/\/jornalfatosenoticias.com.br\/index.php\/2024\/07\/25\/a-historia-do-cdmec\/\"]}]},{\"@type\":\"ImageObject\",\"inLanguage\":\"pt-BR\",\"@id\":\"https:\/\/jornalfatosenoticias.com.br\/index.php\/2024\/07\/25\/a-historia-do-cdmec\/#primaryimage\",\"url\":\"https:\/\/jornalfatosenoticias.com.br\/wp-content\/uploads\/2024\/07\/evandro-milet_cdmec_capa.jpg\",\"contentUrl\":\"https:\/\/jornalfatosenoticias.com.br\/wp-content\/uploads\/2024\/07\/evandro-milet_cdmec_capa.jpg\",\"width\":854,\"height\":775},{\"@type\":\"BreadcrumbList\",\"@id\":\"https:\/\/jornalfatosenoticias.com.br\/index.php\/2024\/07\/25\/a-historia-do-cdmec\/#breadcrumb\",\"itemListElement\":[{\"@type\":\"ListItem\",\"position\":1,\"name\":\"In\u00edcio\",\"item\":\"https:\/\/jornalfatosenoticias.com.br\/\"},{\"@type\":\"ListItem\",\"position\":2,\"name\":\"A hist\u00f3ria do CDMEC\"}]},{\"@type\":\"WebSite\",\"@id\":\"https:\/\/jornalfatosenoticias.com.br\/#website\",\"url\":\"https:\/\/jornalfatosenoticias.com.br\/\",\"name\":\"Jornal Fatos e Not\u00edcias\",\"description\":\"Not\u00edcias em geral\",\"publisher\":{\"@id\":\"https:\/\/jornalfatosenoticias.com.br\/#organization\"},\"potentialAction\":[{\"@type\":\"SearchAction\",\"target\":{\"@type\":\"EntryPoint\",\"urlTemplate\":\"https:\/\/jornalfatosenoticias.com.br\/?s={search_term_string}\"},\"query-input\":{\"@type\":\"PropertyValueSpecification\",\"valueRequired\":true,\"valueName\":\"search_term_string\"}}],\"inLanguage\":\"pt-BR\"},{\"@type\":\"Organization\",\"@id\":\"https:\/\/jornalfatosenoticias.com.br\/#organization\",\"name\":\"Jornal Fatos e Not\u00edcias\",\"url\":\"https:\/\/jornalfatosenoticias.com.br\/\",\"logo\":{\"@type\":\"ImageObject\",\"inLanguage\":\"pt-BR\",\"@id\":\"https:\/\/jornalfatosenoticias.com.br\/#\/schema\/logo\/image\/\",\"url\":\"https:\/\/jornalfatosenoticias.com.br\/wp-content\/uploads\/2020\/02\/logo120.png\",\"contentUrl\":\"https:\/\/jornalfatosenoticias.com.br\/wp-content\/uploads\/2020\/02\/logo120.png\",\"width\":1227,\"height\":120,\"caption\":\"Jornal Fatos e Not\u00edcias\"},\"image\":{\"@id\":\"https:\/\/jornalfatosenoticias.com.br\/#\/schema\/logo\/image\/\"}},{\"@type\":\"Person\",\"@id\":\"https:\/\/jornalfatosenoticias.com.br\/#\/schema\/person\/d63837fa13ac8666eb9e74e0985d6f81\",\"name\":\"Luzimara Fernandes\",\"image\":{\"@type\":\"ImageObject\",\"inLanguage\":\"pt-BR\",\"@id\":\"https:\/\/jornalfatosenoticias.com.br\/#\/schema\/person\/image\/\",\"url\":\"https:\/\/jornalfatosenoticias.com.br\/wp-content\/uploads\/2025\/05\/EU_portal.jpg\",\"contentUrl\":\"https:\/\/jornalfatosenoticias.com.br\/wp-content\/uploads\/2025\/05\/EU_portal.jpg\",\"caption\":\"Luzimara Fernandes\"},\"description\":\"Jornalista MTB 2358-ES\",\"sameAs\":[\"https:\/\/jornalfatosenoticias.com.br\"],\"url\":\"https:\/\/jornalfatosenoticias.com.br\/index.php\/author\/luzimara\/\"}]}<\/script>\n<!-- \/ Yoast SEO plugin. -->","yoast_head_json":{"title":"A hist\u00f3ria do CDMEC - Jornal Fatos e Not\u00edcias","robots":{"index":"index","follow":"follow","max-snippet":"max-snippet:-1","max-image-preview":"max-image-preview:large","max-video-preview":"max-video-preview:-1"},"canonical":"https:\/\/jornalfatosenoticias.com.br\/index.php\/2024\/07\/25\/a-historia-do-cdmec\/","og_locale":"pt_BR","og_type":"article","og_title":"A hist\u00f3ria do CDMEC - Jornal Fatos e Not\u00edcias","og_description":"Fundado em 1988, o CDMEC foi resultado de um esfor\u00e7o conjunto entre o governo do estado do Esp\u00edrito Santo, empresas do setor metal\u00fargico e institui\u00e7\u00f5es de ensino e pesquisa Por\u00a0Milena Rohr O Centro Capixaba de Desenvolvimento Metalmec\u00e2nico (CDMEC) foi fundado em 1988, nascendo de uma necessidade crescente de moderniza\u00e7\u00e3o e desenvolvimento tecnol\u00f3gico no setor metalmec\u00e2nico [&hellip;]","og_url":"https:\/\/jornalfatosenoticias.com.br\/index.php\/2024\/07\/25\/a-historia-do-cdmec\/","og_site_name":"Jornal Fatos e Not\u00edcias","article_published_time":"2024-07-25T19:52:53+00:00","article_modified_time":"2024-08-19T16:43:33+00:00","og_image":[{"width":854,"height":775,"url":"https:\/\/jornalfatosenoticias.com.br\/wp-content\/uploads\/2024\/07\/evandro-milet_cdmec_capa.jpg","type":"image\/jpeg"}],"author":"Luzimara Fernandes","twitter_card":"summary_large_image","twitter_misc":{"Escrito por":"Luzimara Fernandes","Est. tempo de leitura":"7 minutos"},"schema":{"@context":"https:\/\/schema.org","@graph":[{"@type":"Article","@id":"https:\/\/jornalfatosenoticias.com.br\/index.php\/2024\/07\/25\/a-historia-do-cdmec\/#article","isPartOf":{"@id":"https:\/\/jornalfatosenoticias.com.br\/index.php\/2024\/07\/25\/a-historia-do-cdmec\/"},"author":{"name":"Luzimara Fernandes","@id":"https:\/\/jornalfatosenoticias.com.br\/#\/schema\/person\/d63837fa13ac8666eb9e74e0985d6f81"},"headline":"A hist\u00f3ria do CDMEC","datePublished":"2024-07-25T19:52:53+00:00","dateModified":"2024-08-19T16:43:33+00:00","mainEntityOfPage":{"@id":"https:\/\/jornalfatosenoticias.com.br\/index.php\/2024\/07\/25\/a-historia-do-cdmec\/"},"wordCount":1428,"commentCount":0,"publisher":{"@id":"https:\/\/jornalfatosenoticias.com.br\/#organization"},"image":{"@id":"https:\/\/jornalfatosenoticias.com.br\/index.php\/2024\/07\/25\/a-historia-do-cdmec\/#primaryimage"},"thumbnailUrl":"https:\/\/jornalfatosenoticias.com.br\/wp-content\/uploads\/2024\/07\/evandro-milet_cdmec_capa.jpg","keywords":["CDMEC","Esp\u00edrito Santo","Evandro Milet","metalmec\u00e2nica","setor metalmec\u00e2nico"],"articleSection":["Geral"],"inLanguage":"pt-BR","potentialAction":[{"@type":"CommentAction","name":"Comment","target":["https:\/\/jornalfatosenoticias.com.br\/index.php\/2024\/07\/25\/a-historia-do-cdmec\/#respond"]}]},{"@type":"WebPage","@id":"https:\/\/jornalfatosenoticias.com.br\/index.php\/2024\/07\/25\/a-historia-do-cdmec\/","url":"https:\/\/jornalfatosenoticias.com.br\/index.php\/2024\/07\/25\/a-historia-do-cdmec\/","name":"A hist\u00f3ria do CDMEC - Jornal Fatos e Not\u00edcias","isPartOf":{"@id":"https:\/\/jornalfatosenoticias.com.br\/#website"},"primaryImageOfPage":{"@id":"https:\/\/jornalfatosenoticias.com.br\/index.php\/2024\/07\/25\/a-historia-do-cdmec\/#primaryimage"},"image":{"@id":"https:\/\/jornalfatosenoticias.com.br\/index.php\/2024\/07\/25\/a-historia-do-cdmec\/#primaryimage"},"thumbnailUrl":"https:\/\/jornalfatosenoticias.com.br\/wp-content\/uploads\/2024\/07\/evandro-milet_cdmec_capa.jpg","datePublished":"2024-07-25T19:52:53+00:00","dateModified":"2024-08-19T16:43:33+00:00","breadcrumb":{"@id":"https:\/\/jornalfatosenoticias.com.br\/index.php\/2024\/07\/25\/a-historia-do-cdmec\/#breadcrumb"},"inLanguage":"pt-BR","potentialAction":[{"@type":"ReadAction","target":["https:\/\/jornalfatosenoticias.com.br\/index.php\/2024\/07\/25\/a-historia-do-cdmec\/"]}]},{"@type":"ImageObject","inLanguage":"pt-BR","@id":"https:\/\/jornalfatosenoticias.com.br\/index.php\/2024\/07\/25\/a-historia-do-cdmec\/#primaryimage","url":"https:\/\/jornalfatosenoticias.com.br\/wp-content\/uploads\/2024\/07\/evandro-milet_cdmec_capa.jpg","contentUrl":"https:\/\/jornalfatosenoticias.com.br\/wp-content\/uploads\/2024\/07\/evandro-milet_cdmec_capa.jpg","width":854,"height":775},{"@type":"BreadcrumbList","@id":"https:\/\/jornalfatosenoticias.com.br\/index.php\/2024\/07\/25\/a-historia-do-cdmec\/#breadcrumb","itemListElement":[{"@type":"ListItem","position":1,"name":"In\u00edcio","item":"https:\/\/jornalfatosenoticias.com.br\/"},{"@type":"ListItem","position":2,"name":"A hist\u00f3ria do CDMEC"}]},{"@type":"WebSite","@id":"https:\/\/jornalfatosenoticias.com.br\/#website","url":"https:\/\/jornalfatosenoticias.com.br\/","name":"Jornal Fatos e Not\u00edcias","description":"Not\u00edcias em geral","publisher":{"@id":"https:\/\/jornalfatosenoticias.com.br\/#organization"},"potentialAction":[{"@type":"SearchAction","target":{"@type":"EntryPoint","urlTemplate":"https:\/\/jornalfatosenoticias.com.br\/?s={search_term_string}"},"query-input":{"@type":"PropertyValueSpecification","valueRequired":true,"valueName":"search_term_string"}}],"inLanguage":"pt-BR"},{"@type":"Organization","@id":"https:\/\/jornalfatosenoticias.com.br\/#organization","name":"Jornal Fatos e Not\u00edcias","url":"https:\/\/jornalfatosenoticias.com.br\/","logo":{"@type":"ImageObject","inLanguage":"pt-BR","@id":"https:\/\/jornalfatosenoticias.com.br\/#\/schema\/logo\/image\/","url":"https:\/\/jornalfatosenoticias.com.br\/wp-content\/uploads\/2020\/02\/logo120.png","contentUrl":"https:\/\/jornalfatosenoticias.com.br\/wp-content\/uploads\/2020\/02\/logo120.png","width":1227,"height":120,"caption":"Jornal Fatos e Not\u00edcias"},"image":{"@id":"https:\/\/jornalfatosenoticias.com.br\/#\/schema\/logo\/image\/"}},{"@type":"Person","@id":"https:\/\/jornalfatosenoticias.com.br\/#\/schema\/person\/d63837fa13ac8666eb9e74e0985d6f81","name":"Luzimara Fernandes","image":{"@type":"ImageObject","inLanguage":"pt-BR","@id":"https:\/\/jornalfatosenoticias.com.br\/#\/schema\/person\/image\/","url":"https:\/\/jornalfatosenoticias.com.br\/wp-content\/uploads\/2025\/05\/EU_portal.jpg","contentUrl":"https:\/\/jornalfatosenoticias.com.br\/wp-content\/uploads\/2025\/05\/EU_portal.jpg","caption":"Luzimara Fernandes"},"description":"Jornalista MTB 2358-ES","sameAs":["https:\/\/jornalfatosenoticias.com.br"],"url":"https:\/\/jornalfatosenoticias.com.br\/index.php\/author\/luzimara\/"}]}},"cc_featured_image_caption":{"caption_text":"(Foto: Divulga\u00e7\u00e3o)","source_text":"","source_url":""},"jetpack_featured_media_url":"https:\/\/jornalfatosenoticias.com.br\/wp-content\/uploads\/2024\/07\/evandro-milet_cdmec_capa.jpg","_links":{"self":[{"href":"https:\/\/jornalfatosenoticias.com.br\/index.php\/wp-json\/wp\/v2\/posts\/53026","targetHints":{"allow":["GET"]}}],"collection":[{"href":"https:\/\/jornalfatosenoticias.com.br\/index.php\/wp-json\/wp\/v2\/posts"}],"about":[{"href":"https:\/\/jornalfatosenoticias.com.br\/index.php\/wp-json\/wp\/v2\/types\/post"}],"author":[{"embeddable":true,"href":"https:\/\/jornalfatosenoticias.com.br\/index.php\/wp-json\/wp\/v2\/users\/2"}],"replies":[{"embeddable":true,"href":"https:\/\/jornalfatosenoticias.com.br\/index.php\/wp-json\/wp\/v2\/comments?post=53026"}],"version-history":[{"count":0,"href":"https:\/\/jornalfatosenoticias.com.br\/index.php\/wp-json\/wp\/v2\/posts\/53026\/revisions"}],"wp:featuredmedia":[{"embeddable":true,"href":"https:\/\/jornalfatosenoticias.com.br\/index.php\/wp-json\/wp\/v2\/media\/53028"}],"wp:attachment":[{"href":"https:\/\/jornalfatosenoticias.com.br\/index.php\/wp-json\/wp\/v2\/media?parent=53026"}],"wp:term":[{"taxonomy":"category","embeddable":true,"href":"https:\/\/jornalfatosenoticias.com.br\/index.php\/wp-json\/wp\/v2\/categories?post=53026"},{"taxonomy":"post_tag","embeddable":true,"href":"https:\/\/jornalfatosenoticias.com.br\/index.php\/wp-json\/wp\/v2\/tags?post=53026"}],"curies":[{"name":"wp","href":"https:\/\/api.w.org\/{rel}","templated":true}]}}