{"id":53052,"date":"2024-07-26T14:37:30","date_gmt":"2024-07-26T17:37:30","guid":{"rendered":"https:\/\/jornalfatosenoticias.com.br\/?p=53052"},"modified":"2024-07-26T14:37:31","modified_gmt":"2024-07-26T17:37:31","slug":"curiosidade-por-que-choramos","status":"publish","type":"post","link":"https:\/\/jornalfatosenoticias.com.br\/index.php\/2024\/07\/26\/curiosidade-por-que-choramos\/","title":{"rendered":"Curiosidade \u2014 Por que choramos?"},"content":{"rendered":"\n<p><em><span class=\"has-inline-color has-black-color\">Conhe\u00e7a as surpreendentes respostas da ci\u00eancia<\/span><\/em><\/p>\n\n\n\n<p><span class=\"has-inline-color has-black-color\">Por <strong><a href=\"https:\/\/www.megacurioso.com.br\/autor\/vivian-de-souza-campos-1\">Vivian de Souza Campos<\/a><\/strong><\/span><\/p>\n\n\n\n<div class=\"wp-block-image\"><figure class=\"aligncenter size-large is-resized\"><a href=\"https:\/\/www.facebook.com\/vetor.vix\/\"><img loading=\"lazy\" decoding=\"async\" src=\"https:\/\/jornalfatosenoticias.com.br\/wp-content\/uploads\/2023\/09\/vetorvix1024_1.jpg\" alt=\"\" class=\"wp-image-44868\" width=\"550\" height=\"146\" srcset=\"https:\/\/jornalfatosenoticias.com.br\/wp-content\/uploads\/2023\/09\/vetorvix1024_1.jpg 1024w, https:\/\/jornalfatosenoticias.com.br\/wp-content\/uploads\/2023\/09\/vetorvix1024_1-300x80.jpg 300w, https:\/\/jornalfatosenoticias.com.br\/wp-content\/uploads\/2023\/09\/vetorvix1024_1-768x205.jpg 768w\" sizes=\"auto, (max-width: 550px) 100vw, 550px\" \/><\/a><\/figure><\/div>\n\n\n\n<p>Voc\u00ea j\u00e1 se perguntou por que choramos? Entender as raz\u00f5es por tr\u00e1s das l\u00e1grimas vai al\u00e9m da emo\u00e7\u00e3o \u2014 envolve ci\u00eancia e necessidade fisiol\u00f3gica. <a href=\"https:\/\/www.megacurioso.com.br\/saude-bem-estar\/127222-chorar-faz-bem-sim-e-ate-debaixo-d-agua.htm\" rel=\"noreferrer noopener\" target=\"_blank\">Chorar<\/a> \u00e9 uma resposta humana complexa que pode ser desencadeada por uma ampla gama de emo\u00e7\u00f5es e situa\u00e7\u00f5es. Desde felicidade intensa at\u00e9 tristeza profunda, o choro \u00e9 uma forma de express\u00e3o universalmente reconhecida.<br>As <a href=\"https:\/\/www.megacurioso.com.br\/ciencia\/127226-do-que-as-lagrimas-sao-feitas.htm\" rel=\"noreferrer noopener\" target=\"_blank\">l\u00e1grimas<\/a> s\u00e3o produzidas pelas gl\u00e2ndulas lacrimais localizadas acima de cada olho. Existem tr\u00eas tipos de l\u00e1grimas: as basais, produzidas continuamente para manter a umidade ocular; as reflexas, desencadeadas por irritantes f\u00edsicos; e as emocionais, ativadas em resposta a est\u00edmulos emocionais intensos.<\/p>\n\n\n\n<div class=\"wp-block-image\"><figure class=\"aligncenter size-large is-resized\"><img loading=\"lazy\" decoding=\"async\" src=\"https:\/\/jornalfatosenoticias.com.br\/wp-content\/uploads\/2022\/02\/Precisao-Contabilidade-1024x724.jpg\" alt=\"\" class=\"wp-image-28088\" width=\"328\" height=\"232\"\/><\/figure><\/div>\n\n\n\n<p>O sistema nervoso desempenha um papel essencial na regula\u00e7\u00e3o do choro, controlando desde a produ\u00e7\u00e3o at\u00e9 a drenagem das l\u00e1grimas. Durante per\u00edodos de estresse emocional, o sistema nervoso simp\u00e1tico estimula as gl\u00e2ndulas lacrimais a produzirem l\u00e1grimas como parte da resposta fisiol\u00f3gica ao est\u00edmulo emocional intenso. Essas l\u00e1grimas produzidas durante o choro ajudam a transportar e eliminar parte do cortisol presente no organismo, reduzindo os n\u00edveis desse horm\u00f4nio que foram aumentados devido ao estresse emocional.<\/p>\n\n\n\n<div class=\"wp-block-image\"><figure class=\"aligncenter size-large is-resized\"><a href=\"https:\/\/www.ithbrasil.com.br\/\"><img loading=\"lazy\" decoding=\"async\" src=\"https:\/\/jornalfatosenoticias.com.br\/wp-content\/uploads\/2023\/08\/ITH.jpeg\" alt=\"\" class=\"wp-image-44638\" width=\"275\" height=\"223\" srcset=\"https:\/\/jornalfatosenoticias.com.br\/wp-content\/uploads\/2023\/08\/ITH.jpeg 800w, https:\/\/jornalfatosenoticias.com.br\/wp-content\/uploads\/2023\/08\/ITH-300x244.jpeg 300w, https:\/\/jornalfatosenoticias.com.br\/wp-content\/uploads\/2023\/08\/ITH-768x624.jpeg 768w\" sizes=\"auto, (max-width: 275px) 100vw, 275px\" \/><\/a><\/figure><\/div>\n\n\n\n<p>Ap\u00f3s essa fase, o sistema nervoso parassimp\u00e1tico interv\u00e9m para regular a produ\u00e7\u00e3o de l\u00e1grimas, promovendo relaxamento e equil\u00edbrio emocional. As l\u00e1grimas s\u00e3o ent\u00e3o drenadas pelos canais lacrimais nas p\u00e1lpebras e pelo ducto lacrimal at\u00e9 o nariz, como uma resposta emocional adaptativa e saud\u00e1vel no corpo humano.<\/p>\n\n\n\n<div class=\"wp-block-image\"><figure class=\"aligncenter size-large\"><img loading=\"lazy\" decoding=\"async\" width=\"487\" height=\"353\" src=\"https:\/\/jornalfatosenoticias.com.br\/wp-content\/uploads\/2024\/07\/glandulas-lacrimais.jpg\" alt=\"\" class=\"wp-image-53053\" srcset=\"https:\/\/jornalfatosenoticias.com.br\/wp-content\/uploads\/2024\/07\/glandulas-lacrimais.jpg 487w, https:\/\/jornalfatosenoticias.com.br\/wp-content\/uploads\/2024\/07\/glandulas-lacrimais-300x217.jpg 300w\" sizes=\"auto, (max-width: 487px) 100vw, 487px\" \/><figcaption><em><span class=\"has-inline-color has-black-color\">As gl\u00e2ndulas lacrimais s\u00e3o respons\u00e1veis pela produ\u00e7\u00e3o das l\u00e1grimas (Foto: Getty Images)<\/span><\/em><\/figcaption><\/figure><\/div>\n\n\n\n<p>Em diversas culturas, o <a href=\"https:\/\/www.megacurioso.com.br\/medicina-e-psicologia\/85747-6-fatos-cientificos-sobre-o-choro.htm\" rel=\"noreferrer noopener\" target=\"_blank\">choro<\/a> \u00e9 visto como um sinal de autenticidade emocional, promovendo conex\u00f5es mais profundas entre indiv\u00edduos. Assim, chorar n\u00e3o apenas expressa emo\u00e7\u00f5es, mas tamb\u00e9m desempenha um papel vital como fun\u00e7\u00e3o biol\u00f3gica e meio de comunica\u00e7\u00e3o interpessoal, o que destaca sua import\u00e2ncia para a sa\u00fade f\u00edsica e emocional das pessoas.<\/p>\n\n\n\n<div class=\"wp-block-image\"><figure class=\"aligncenter size-large is-resized\"><a href=\"https:\/\/www.facebook.com\/postobkr\/?locale=pt_BR\"><img loading=\"lazy\" decoding=\"async\" src=\"https:\/\/jornalfatosenoticias.com.br\/wp-content\/uploads\/2023\/08\/BKR-1024x1021.jpg\" alt=\"\" class=\"wp-image-44494\" width=\"281\" height=\"280\" srcset=\"https:\/\/jornalfatosenoticias.com.br\/wp-content\/uploads\/2023\/08\/BKR-1024x1021.jpg 1024w, https:\/\/jornalfatosenoticias.com.br\/wp-content\/uploads\/2023\/08\/BKR-300x300.jpg 300w, https:\/\/jornalfatosenoticias.com.br\/wp-content\/uploads\/2023\/08\/BKR-150x150.jpg 150w, https:\/\/jornalfatosenoticias.com.br\/wp-content\/uploads\/2023\/08\/BKR-768x766.jpg 768w, https:\/\/jornalfatosenoticias.com.br\/wp-content\/uploads\/2023\/08\/BKR.jpg 1080w\" sizes=\"auto, (max-width: 281px) 100vw, 281px\" \/><\/a><\/figure><\/div>\n\n\n\n<p>A repress\u00e3o emocional pode impedir a produ\u00e7\u00e3o de l\u00e1grimas durante o choro, mesmo em resposta a emo\u00e7\u00f5es intensas, manifestando-se em altera\u00e7\u00f5es f\u00edsicas como mudan\u00e7as na frequ\u00eancia card\u00edaca, express\u00f5es faciais ou tens\u00e3o muscular. Esse fen\u00f4meno \u00e9 especialmente observado em pessoas que aprenderam a suprimir suas emo\u00e7\u00f5es como um mecanismo de enfrentamento.<\/p>\n\n\n\n<div class=\"wp-block-image\"><figure class=\"aligncenter size-large is-resized\"><a href=\"https:\/\/www.controlsystems.com.br\/\"><img loading=\"lazy\" decoding=\"async\" src=\"https:\/\/jornalfatosenoticias.com.br\/wp-content\/uploads\/2020\/02\/CONTROL-CS.jpg\" alt=\"\" class=\"wp-image-44991\" width=\"292\" height=\"350\" srcset=\"https:\/\/jornalfatosenoticias.com.br\/wp-content\/uploads\/2020\/02\/CONTROL-CS.jpg 834w, https:\/\/jornalfatosenoticias.com.br\/wp-content\/uploads\/2020\/02\/CONTROL-CS-250x300.jpg 250w, https:\/\/jornalfatosenoticias.com.br\/wp-content\/uploads\/2020\/02\/CONTROL-CS-768x921.jpg 768w\" sizes=\"auto, (max-width: 292px) 100vw, 292px\" \/><\/a><\/figure><\/div>\n\n\n\n<p>Al\u00e9m disso, certos medicamentos podem diminuir a produ\u00e7\u00e3o de l\u00e1grimas durante o choro devido a efeitos colaterais que interferem nas gl\u00e2ndulas lacrimais, dificultando n\u00e3o apenas o ato f\u00edsico de chorar, mas tamb\u00e9m impactando a capacidade do indiv\u00edduo de processar e expressar emo\u00e7\u00f5es de maneira completa e saud\u00e1vel.<\/p>\n\n\n\n<div class=\"wp-block-image\"><figure class=\"aligncenter size-large\"><a href=\"http:\/\/www.ferrarimaquinas.com.br\/\"><img loading=\"lazy\" decoding=\"async\" width=\"300\" height=\"250\" src=\"https:\/\/jornalfatosenoticias.com.br\/wp-content\/uploads\/2022\/02\/FERRARI_MAQUINAS-E-FERRAMENTAS2.jpg\" alt=\"\" class=\"wp-image-27860\"\/><\/a><\/figure><\/div>\n\n\n\n<p>Chorar \u00e9 uma express\u00e3o emocional poderosa. E, apesar de ser control\u00e1vel em certo grau, o choro continua sendo uma resposta fisiol\u00f3gica complexa que n\u00e3o pode ser completamente suprimida, semelhante a outras fun\u00e7\u00f5es aut\u00f4nomas do corpo humano.<\/p>\n\n\n\n<p><strong><em>Fonte: <a href=\"https:\/\/www.megacurioso.com.br\/ciencia\/por-que-choramos-conheca-as-surpreendentes-respostas-da-ciencia\">Mega Curioso<\/a><\/em><\/strong><\/p>\n","protected":false},"excerpt":{"rendered":"<p>Conhe\u00e7a as surpreendentes respostas da ci\u00eancia Por Vivian de Souza Campos Voc\u00ea j\u00e1 se perguntou por que choramos? Entender as raz\u00f5es por tr\u00e1s das l\u00e1grimas vai al\u00e9m da emo\u00e7\u00e3o \u2014 envolve ci\u00eancia e necessidade fisiol\u00f3gica. Chorar \u00e9 uma resposta humana complexa que pode ser desencadeada por uma ampla gama de emo\u00e7\u00f5es e situa\u00e7\u00f5es. Desde felicidade [&hellip;]<\/p>\n","protected":false},"author":2,"featured_media":53054,"comment_status":"open","ping_status":"open","sticky":false,"template":"","format":"standard","meta":{"footnotes":""},"categories":[2],"tags":[16334,5475,6284,24202,4372],"class_list":["post-53052","post","type-post","status-publish","format-standard","has-post-thumbnail","hentry","category-ciencia","tag-chorar","tag-corpo-humano","tag-curiosidade","tag-glandulas-lacrimais","tag-lagrimas"],"yoast_head":"<!-- This site is optimized with the Yoast SEO plugin v26.5 - https:\/\/yoast.com\/wordpress\/plugins\/seo\/ -->\n<title>Curiosidade \u2014 Por que choramos? - Jornal Fatos e Not\u00edcias<\/title>\n<meta name=\"robots\" content=\"index, follow, max-snippet:-1, max-image-preview:large, max-video-preview:-1\" \/>\n<link rel=\"canonical\" href=\"https:\/\/jornalfatosenoticias.com.br\/index.php\/2024\/07\/26\/curiosidade-por-que-choramos\/\" \/>\n<meta property=\"og:locale\" content=\"pt_BR\" \/>\n<meta property=\"og:type\" content=\"article\" \/>\n<meta property=\"og:title\" content=\"Curiosidade \u2014 Por que choramos? - Jornal Fatos e Not\u00edcias\" \/>\n<meta property=\"og:description\" content=\"Conhe\u00e7a as surpreendentes respostas da ci\u00eancia Por Vivian de Souza Campos Voc\u00ea j\u00e1 se perguntou por que choramos? Entender as raz\u00f5es por tr\u00e1s das l\u00e1grimas vai al\u00e9m da emo\u00e7\u00e3o \u2014 envolve ci\u00eancia e necessidade fisiol\u00f3gica. Chorar \u00e9 uma resposta humana complexa que pode ser desencadeada por uma ampla gama de emo\u00e7\u00f5es e situa\u00e7\u00f5es. Desde felicidade [&hellip;]\" \/>\n<meta property=\"og:url\" content=\"https:\/\/jornalfatosenoticias.com.br\/index.php\/2024\/07\/26\/curiosidade-por-que-choramos\/\" \/>\n<meta property=\"og:site_name\" content=\"Jornal Fatos e Not\u00edcias\" \/>\n<meta property=\"article:published_time\" content=\"2024-07-26T17:37:30+00:00\" \/>\n<meta property=\"article:modified_time\" content=\"2024-07-26T17:37:31+00:00\" \/>\n<meta property=\"og:image\" content=\"https:\/\/jornalfatosenoticias.com.br\/wp-content\/uploads\/2024\/07\/curiosidade_istock.jpg\" \/>\n\t<meta property=\"og:image:width\" content=\"612\" \/>\n\t<meta property=\"og:image:height\" content=\"408\" \/>\n\t<meta property=\"og:image:type\" content=\"image\/jpeg\" \/>\n<meta name=\"author\" content=\"Luzimara Fernandes\" \/>\n<meta name=\"twitter:card\" content=\"summary_large_image\" \/>\n<meta name=\"twitter:label1\" content=\"Escrito por\" \/>\n\t<meta name=\"twitter:data1\" content=\"Luzimara Fernandes\" \/>\n\t<meta name=\"twitter:label2\" content=\"Est. tempo de leitura\" \/>\n\t<meta name=\"twitter:data2\" content=\"3 minutos\" \/>\n<script type=\"application\/ld+json\" class=\"yoast-schema-graph\">{\"@context\":\"https:\/\/schema.org\",\"@graph\":[{\"@type\":\"Article\",\"@id\":\"https:\/\/jornalfatosenoticias.com.br\/index.php\/2024\/07\/26\/curiosidade-por-que-choramos\/#article\",\"isPartOf\":{\"@id\":\"https:\/\/jornalfatosenoticias.com.br\/index.php\/2024\/07\/26\/curiosidade-por-que-choramos\/\"},\"author\":{\"name\":\"Luzimara Fernandes\",\"@id\":\"https:\/\/jornalfatosenoticias.com.br\/#\/schema\/person\/d63837fa13ac8666eb9e74e0985d6f81\"},\"headline\":\"Curiosidade \u2014 Por que choramos?\",\"datePublished\":\"2024-07-26T17:37:30+00:00\",\"dateModified\":\"2024-07-26T17:37:31+00:00\",\"mainEntityOfPage\":{\"@id\":\"https:\/\/jornalfatosenoticias.com.br\/index.php\/2024\/07\/26\/curiosidade-por-que-choramos\/\"},\"wordCount\":515,\"commentCount\":0,\"publisher\":{\"@id\":\"https:\/\/jornalfatosenoticias.com.br\/#organization\"},\"image\":{\"@id\":\"https:\/\/jornalfatosenoticias.com.br\/index.php\/2024\/07\/26\/curiosidade-por-que-choramos\/#primaryimage\"},\"thumbnailUrl\":\"https:\/\/jornalfatosenoticias.com.br\/wp-content\/uploads\/2024\/07\/curiosidade_istock.jpg\",\"keywords\":[\"chorar\",\"corpo humano\",\"curiosidade\",\"gl\u00e2ndulas lacrimais\",\"l\u00e1grimas\"],\"articleSection\":[\"Ci\u00eancia\"],\"inLanguage\":\"pt-BR\",\"potentialAction\":[{\"@type\":\"CommentAction\",\"name\":\"Comment\",\"target\":[\"https:\/\/jornalfatosenoticias.com.br\/index.php\/2024\/07\/26\/curiosidade-por-que-choramos\/#respond\"]}]},{\"@type\":\"WebPage\",\"@id\":\"https:\/\/jornalfatosenoticias.com.br\/index.php\/2024\/07\/26\/curiosidade-por-que-choramos\/\",\"url\":\"https:\/\/jornalfatosenoticias.com.br\/index.php\/2024\/07\/26\/curiosidade-por-que-choramos\/\",\"name\":\"Curiosidade \u2014 Por que choramos? - Jornal Fatos e Not\u00edcias\",\"isPartOf\":{\"@id\":\"https:\/\/jornalfatosenoticias.com.br\/#website\"},\"primaryImageOfPage\":{\"@id\":\"https:\/\/jornalfatosenoticias.com.br\/index.php\/2024\/07\/26\/curiosidade-por-que-choramos\/#primaryimage\"},\"image\":{\"@id\":\"https:\/\/jornalfatosenoticias.com.br\/index.php\/2024\/07\/26\/curiosidade-por-que-choramos\/#primaryimage\"},\"thumbnailUrl\":\"https:\/\/jornalfatosenoticias.com.br\/wp-content\/uploads\/2024\/07\/curiosidade_istock.jpg\",\"datePublished\":\"2024-07-26T17:37:30+00:00\",\"dateModified\":\"2024-07-26T17:37:31+00:00\",\"breadcrumb\":{\"@id\":\"https:\/\/jornalfatosenoticias.com.br\/index.php\/2024\/07\/26\/curiosidade-por-que-choramos\/#breadcrumb\"},\"inLanguage\":\"pt-BR\",\"potentialAction\":[{\"@type\":\"ReadAction\",\"target\":[\"https:\/\/jornalfatosenoticias.com.br\/index.php\/2024\/07\/26\/curiosidade-por-que-choramos\/\"]}]},{\"@type\":\"ImageObject\",\"inLanguage\":\"pt-BR\",\"@id\":\"https:\/\/jornalfatosenoticias.com.br\/index.php\/2024\/07\/26\/curiosidade-por-que-choramos\/#primaryimage\",\"url\":\"https:\/\/jornalfatosenoticias.com.br\/wp-content\/uploads\/2024\/07\/curiosidade_istock.jpg\",\"contentUrl\":\"https:\/\/jornalfatosenoticias.com.br\/wp-content\/uploads\/2024\/07\/curiosidade_istock.jpg\",\"width\":612,\"height\":408,\"caption\":\"beauty girl cry\"},{\"@type\":\"BreadcrumbList\",\"@id\":\"https:\/\/jornalfatosenoticias.com.br\/index.php\/2024\/07\/26\/curiosidade-por-que-choramos\/#breadcrumb\",\"itemListElement\":[{\"@type\":\"ListItem\",\"position\":1,\"name\":\"In\u00edcio\",\"item\":\"https:\/\/jornalfatosenoticias.com.br\/\"},{\"@type\":\"ListItem\",\"position\":2,\"name\":\"Curiosidade \u2014 Por que choramos?\"}]},{\"@type\":\"WebSite\",\"@id\":\"https:\/\/jornalfatosenoticias.com.br\/#website\",\"url\":\"https:\/\/jornalfatosenoticias.com.br\/\",\"name\":\"Jornal Fatos e Not\u00edcias\",\"description\":\"Not\u00edcias em geral\",\"publisher\":{\"@id\":\"https:\/\/jornalfatosenoticias.com.br\/#organization\"},\"potentialAction\":[{\"@type\":\"SearchAction\",\"target\":{\"@type\":\"EntryPoint\",\"urlTemplate\":\"https:\/\/jornalfatosenoticias.com.br\/?s={search_term_string}\"},\"query-input\":{\"@type\":\"PropertyValueSpecification\",\"valueRequired\":true,\"valueName\":\"search_term_string\"}}],\"inLanguage\":\"pt-BR\"},{\"@type\":\"Organization\",\"@id\":\"https:\/\/jornalfatosenoticias.com.br\/#organization\",\"name\":\"Jornal Fatos e Not\u00edcias\",\"url\":\"https:\/\/jornalfatosenoticias.com.br\/\",\"logo\":{\"@type\":\"ImageObject\",\"inLanguage\":\"pt-BR\",\"@id\":\"https:\/\/jornalfatosenoticias.com.br\/#\/schema\/logo\/image\/\",\"url\":\"https:\/\/jornalfatosenoticias.com.br\/wp-content\/uploads\/2020\/02\/logo120.png\",\"contentUrl\":\"https:\/\/jornalfatosenoticias.com.br\/wp-content\/uploads\/2020\/02\/logo120.png\",\"width\":1227,\"height\":120,\"caption\":\"Jornal Fatos e Not\u00edcias\"},\"image\":{\"@id\":\"https:\/\/jornalfatosenoticias.com.br\/#\/schema\/logo\/image\/\"}},{\"@type\":\"Person\",\"@id\":\"https:\/\/jornalfatosenoticias.com.br\/#\/schema\/person\/d63837fa13ac8666eb9e74e0985d6f81\",\"name\":\"Luzimara Fernandes\",\"image\":{\"@type\":\"ImageObject\",\"inLanguage\":\"pt-BR\",\"@id\":\"https:\/\/jornalfatosenoticias.com.br\/#\/schema\/person\/image\/\",\"url\":\"https:\/\/jornalfatosenoticias.com.br\/wp-content\/uploads\/2025\/05\/EU_portal.jpg\",\"contentUrl\":\"https:\/\/jornalfatosenoticias.com.br\/wp-content\/uploads\/2025\/05\/EU_portal.jpg\",\"caption\":\"Luzimara Fernandes\"},\"description\":\"Jornalista MTB 2358-ES\",\"sameAs\":[\"https:\/\/jornalfatosenoticias.com.br\"],\"url\":\"https:\/\/jornalfatosenoticias.com.br\/index.php\/author\/luzimara\/\"}]}<\/script>\n<!-- \/ Yoast SEO plugin. -->","yoast_head_json":{"title":"Curiosidade \u2014 Por que choramos? - Jornal Fatos e Not\u00edcias","robots":{"index":"index","follow":"follow","max-snippet":"max-snippet:-1","max-image-preview":"max-image-preview:large","max-video-preview":"max-video-preview:-1"},"canonical":"https:\/\/jornalfatosenoticias.com.br\/index.php\/2024\/07\/26\/curiosidade-por-que-choramos\/","og_locale":"pt_BR","og_type":"article","og_title":"Curiosidade \u2014 Por que choramos? - Jornal Fatos e Not\u00edcias","og_description":"Conhe\u00e7a as surpreendentes respostas da ci\u00eancia Por Vivian de Souza Campos Voc\u00ea j\u00e1 se perguntou por que choramos? Entender as raz\u00f5es por tr\u00e1s das l\u00e1grimas vai al\u00e9m da emo\u00e7\u00e3o \u2014 envolve ci\u00eancia e necessidade fisiol\u00f3gica. Chorar \u00e9 uma resposta humana complexa que pode ser desencadeada por uma ampla gama de emo\u00e7\u00f5es e situa\u00e7\u00f5es. Desde felicidade [&hellip;]","og_url":"https:\/\/jornalfatosenoticias.com.br\/index.php\/2024\/07\/26\/curiosidade-por-que-choramos\/","og_site_name":"Jornal Fatos e Not\u00edcias","article_published_time":"2024-07-26T17:37:30+00:00","article_modified_time":"2024-07-26T17:37:31+00:00","og_image":[{"width":612,"height":408,"url":"https:\/\/jornalfatosenoticias.com.br\/wp-content\/uploads\/2024\/07\/curiosidade_istock.jpg","type":"image\/jpeg"}],"author":"Luzimara Fernandes","twitter_card":"summary_large_image","twitter_misc":{"Escrito por":"Luzimara Fernandes","Est. tempo de leitura":"3 minutos"},"schema":{"@context":"https:\/\/schema.org","@graph":[{"@type":"Article","@id":"https:\/\/jornalfatosenoticias.com.br\/index.php\/2024\/07\/26\/curiosidade-por-que-choramos\/#article","isPartOf":{"@id":"https:\/\/jornalfatosenoticias.com.br\/index.php\/2024\/07\/26\/curiosidade-por-que-choramos\/"},"author":{"name":"Luzimara Fernandes","@id":"https:\/\/jornalfatosenoticias.com.br\/#\/schema\/person\/d63837fa13ac8666eb9e74e0985d6f81"},"headline":"Curiosidade \u2014 Por que choramos?","datePublished":"2024-07-26T17:37:30+00:00","dateModified":"2024-07-26T17:37:31+00:00","mainEntityOfPage":{"@id":"https:\/\/jornalfatosenoticias.com.br\/index.php\/2024\/07\/26\/curiosidade-por-que-choramos\/"},"wordCount":515,"commentCount":0,"publisher":{"@id":"https:\/\/jornalfatosenoticias.com.br\/#organization"},"image":{"@id":"https:\/\/jornalfatosenoticias.com.br\/index.php\/2024\/07\/26\/curiosidade-por-que-choramos\/#primaryimage"},"thumbnailUrl":"https:\/\/jornalfatosenoticias.com.br\/wp-content\/uploads\/2024\/07\/curiosidade_istock.jpg","keywords":["chorar","corpo humano","curiosidade","gl\u00e2ndulas lacrimais","l\u00e1grimas"],"articleSection":["Ci\u00eancia"],"inLanguage":"pt-BR","potentialAction":[{"@type":"CommentAction","name":"Comment","target":["https:\/\/jornalfatosenoticias.com.br\/index.php\/2024\/07\/26\/curiosidade-por-que-choramos\/#respond"]}]},{"@type":"WebPage","@id":"https:\/\/jornalfatosenoticias.com.br\/index.php\/2024\/07\/26\/curiosidade-por-que-choramos\/","url":"https:\/\/jornalfatosenoticias.com.br\/index.php\/2024\/07\/26\/curiosidade-por-que-choramos\/","name":"Curiosidade \u2014 Por que choramos? - Jornal Fatos e Not\u00edcias","isPartOf":{"@id":"https:\/\/jornalfatosenoticias.com.br\/#website"},"primaryImageOfPage":{"@id":"https:\/\/jornalfatosenoticias.com.br\/index.php\/2024\/07\/26\/curiosidade-por-que-choramos\/#primaryimage"},"image":{"@id":"https:\/\/jornalfatosenoticias.com.br\/index.php\/2024\/07\/26\/curiosidade-por-que-choramos\/#primaryimage"},"thumbnailUrl":"https:\/\/jornalfatosenoticias.com.br\/wp-content\/uploads\/2024\/07\/curiosidade_istock.jpg","datePublished":"2024-07-26T17:37:30+00:00","dateModified":"2024-07-26T17:37:31+00:00","breadcrumb":{"@id":"https:\/\/jornalfatosenoticias.com.br\/index.php\/2024\/07\/26\/curiosidade-por-que-choramos\/#breadcrumb"},"inLanguage":"pt-BR","potentialAction":[{"@type":"ReadAction","target":["https:\/\/jornalfatosenoticias.com.br\/index.php\/2024\/07\/26\/curiosidade-por-que-choramos\/"]}]},{"@type":"ImageObject","inLanguage":"pt-BR","@id":"https:\/\/jornalfatosenoticias.com.br\/index.php\/2024\/07\/26\/curiosidade-por-que-choramos\/#primaryimage","url":"https:\/\/jornalfatosenoticias.com.br\/wp-content\/uploads\/2024\/07\/curiosidade_istock.jpg","contentUrl":"https:\/\/jornalfatosenoticias.com.br\/wp-content\/uploads\/2024\/07\/curiosidade_istock.jpg","width":612,"height":408,"caption":"beauty girl cry"},{"@type":"BreadcrumbList","@id":"https:\/\/jornalfatosenoticias.com.br\/index.php\/2024\/07\/26\/curiosidade-por-que-choramos\/#breadcrumb","itemListElement":[{"@type":"ListItem","position":1,"name":"In\u00edcio","item":"https:\/\/jornalfatosenoticias.com.br\/"},{"@type":"ListItem","position":2,"name":"Curiosidade \u2014 Por que choramos?"}]},{"@type":"WebSite","@id":"https:\/\/jornalfatosenoticias.com.br\/#website","url":"https:\/\/jornalfatosenoticias.com.br\/","name":"Jornal Fatos e Not\u00edcias","description":"Not\u00edcias em geral","publisher":{"@id":"https:\/\/jornalfatosenoticias.com.br\/#organization"},"potentialAction":[{"@type":"SearchAction","target":{"@type":"EntryPoint","urlTemplate":"https:\/\/jornalfatosenoticias.com.br\/?s={search_term_string}"},"query-input":{"@type":"PropertyValueSpecification","valueRequired":true,"valueName":"search_term_string"}}],"inLanguage":"pt-BR"},{"@type":"Organization","@id":"https:\/\/jornalfatosenoticias.com.br\/#organization","name":"Jornal Fatos e Not\u00edcias","url":"https:\/\/jornalfatosenoticias.com.br\/","logo":{"@type":"ImageObject","inLanguage":"pt-BR","@id":"https:\/\/jornalfatosenoticias.com.br\/#\/schema\/logo\/image\/","url":"https:\/\/jornalfatosenoticias.com.br\/wp-content\/uploads\/2020\/02\/logo120.png","contentUrl":"https:\/\/jornalfatosenoticias.com.br\/wp-content\/uploads\/2020\/02\/logo120.png","width":1227,"height":120,"caption":"Jornal Fatos e Not\u00edcias"},"image":{"@id":"https:\/\/jornalfatosenoticias.com.br\/#\/schema\/logo\/image\/"}},{"@type":"Person","@id":"https:\/\/jornalfatosenoticias.com.br\/#\/schema\/person\/d63837fa13ac8666eb9e74e0985d6f81","name":"Luzimara Fernandes","image":{"@type":"ImageObject","inLanguage":"pt-BR","@id":"https:\/\/jornalfatosenoticias.com.br\/#\/schema\/person\/image\/","url":"https:\/\/jornalfatosenoticias.com.br\/wp-content\/uploads\/2025\/05\/EU_portal.jpg","contentUrl":"https:\/\/jornalfatosenoticias.com.br\/wp-content\/uploads\/2025\/05\/EU_portal.jpg","caption":"Luzimara Fernandes"},"description":"Jornalista MTB 2358-ES","sameAs":["https:\/\/jornalfatosenoticias.com.br"],"url":"https:\/\/jornalfatosenoticias.com.br\/index.php\/author\/luzimara\/"}]}},"cc_featured_image_caption":{"caption_text":"(Foto: iStock) ","source_text":"","source_url":""},"jetpack_featured_media_url":"https:\/\/jornalfatosenoticias.com.br\/wp-content\/uploads\/2024\/07\/curiosidade_istock.jpg","_links":{"self":[{"href":"https:\/\/jornalfatosenoticias.com.br\/index.php\/wp-json\/wp\/v2\/posts\/53052","targetHints":{"allow":["GET"]}}],"collection":[{"href":"https:\/\/jornalfatosenoticias.com.br\/index.php\/wp-json\/wp\/v2\/posts"}],"about":[{"href":"https:\/\/jornalfatosenoticias.com.br\/index.php\/wp-json\/wp\/v2\/types\/post"}],"author":[{"embeddable":true,"href":"https:\/\/jornalfatosenoticias.com.br\/index.php\/wp-json\/wp\/v2\/users\/2"}],"replies":[{"embeddable":true,"href":"https:\/\/jornalfatosenoticias.com.br\/index.php\/wp-json\/wp\/v2\/comments?post=53052"}],"version-history":[{"count":0,"href":"https:\/\/jornalfatosenoticias.com.br\/index.php\/wp-json\/wp\/v2\/posts\/53052\/revisions"}],"wp:featuredmedia":[{"embeddable":true,"href":"https:\/\/jornalfatosenoticias.com.br\/index.php\/wp-json\/wp\/v2\/media\/53054"}],"wp:attachment":[{"href":"https:\/\/jornalfatosenoticias.com.br\/index.php\/wp-json\/wp\/v2\/media?parent=53052"}],"wp:term":[{"taxonomy":"category","embeddable":true,"href":"https:\/\/jornalfatosenoticias.com.br\/index.php\/wp-json\/wp\/v2\/categories?post=53052"},{"taxonomy":"post_tag","embeddable":true,"href":"https:\/\/jornalfatosenoticias.com.br\/index.php\/wp-json\/wp\/v2\/tags?post=53052"}],"curies":[{"name":"wp","href":"https:\/\/api.w.org\/{rel}","templated":true}]}}