{"id":53056,"date":"2024-07-26T14:47:54","date_gmt":"2024-07-26T17:47:54","guid":{"rendered":"https:\/\/jornalfatosenoticias.com.br\/?p=53056"},"modified":"2024-07-26T14:47:55","modified_gmt":"2024-07-26T17:47:55","slug":"fome-em-cuba-vira-arma-de-perseguicao-do-governo-contra-cristaos-alerta-portas-abertas","status":"publish","type":"post","link":"https:\/\/jornalfatosenoticias.com.br\/index.php\/2024\/07\/26\/fome-em-cuba-vira-arma-de-perseguicao-do-governo-contra-cristaos-alerta-portas-abertas\/","title":{"rendered":"Fome em Cuba vira arma de persegui\u00e7\u00e3o do governo contra crist\u00e3os, alerta Portas Abertas"},"content":{"rendered":"\n<p><span class=\"has-inline-color has-black-color\">Por <strong><a href=\"https:\/\/noticias.gospelmais.com.br\/author\/tiagot83\">Tiago Chagas<\/a><\/strong><\/span><\/p>\n\n\n\n<div class=\"wp-block-image\"><figure class=\"aligncenter size-large\"><a href=\"https:\/\/mizu.com.br\/\"><img loading=\"lazy\" decoding=\"async\" width=\"729\" height=\"90\" src=\"https:\/\/jornalfatosenoticias.com.br\/wp-content\/uploads\/2020\/02\/Logo_Mizu.png\" alt=\"\" class=\"wp-image-1441\" srcset=\"https:\/\/jornalfatosenoticias.com.br\/wp-content\/uploads\/2020\/02\/Logo_Mizu.png 729w, https:\/\/jornalfatosenoticias.com.br\/wp-content\/uploads\/2020\/02\/Logo_Mizu-300x37.png 300w\" sizes=\"auto, (max-width: 729px) 100vw, 729px\" \/><\/a><\/figure><\/div>\n\n\n\n<p>O regime comunista que oprime Cuba h\u00e1 d\u00e9cadas intensificou sua repress\u00e3o ao cristianismo e agora muitos seguidores de Jesus t\u00eam sofrido com fome extrema por serem vistos como amea\u00e7a aos ditadores. A Miss\u00e3o Portas Abertas divulgou um relato feito por uma volunt\u00e1ria da entidade que vive em Cuba e fez contato atrav\u00e9s de uma videochamada. \u201cO pa\u00eds passa por uma intensa crise econ\u00f4mica e social. A fome tem escalado, a ponto de as pessoas ficarem mais de 20 horas sem comer, o pre\u00e7o dos servi\u00e7os essenciais continua subindo, al\u00e9m da escassez de itens de necessidade b\u00e1sica\u201d, diz a entidade.<br>\u00c2ngela, a volunt\u00e1ria que relatou a situa\u00e7\u00e3o, disse ainda que o cen\u00e1rio de hoje \u00e9 muito pior do que se esperava. <\/p>\n\n\n\n<div class=\"wp-block-image\"><figure class=\"aligncenter size-large\"><a href=\"https:\/\/www.facebook.com\/Esteio-Churrascaria-Barbecue-103643461220402\/\"><img decoding=\"async\" src=\"https:\/\/jornalfatosenoticias.com.br\/wp-content\/uploads\/2020\/02\/logo_esteio.jpg\" alt=\"\" class=\"wp-image-1214\"\/><\/a><\/figure><\/div>\n\n\n\n<blockquote class=\"wp-block-quote is-layout-flow wp-block-quote-is-layout-flow\"><p><span class=\"has-inline-color has-luminous-vivid-orange-color\">O povo cubano n\u00e3o aguenta mais essa situa\u00e7\u00e3o. Eu pensava que a situa\u00e7\u00e3o estava ruim h\u00e1 alguns meses, mas n\u00e3o imaginava que se tornaria pior\u201d, desabafou.<\/span><\/p><\/blockquote>\n\n\n\n<div class=\"wp-block-image\"><figure class=\"aligncenter size-large is-resized\"><a href=\"https:\/\/www.facebook.com\/vetor.vix\/\"><img loading=\"lazy\" decoding=\"async\" src=\"https:\/\/jornalfatosenoticias.com.br\/wp-content\/uploads\/2023\/09\/vetorvix1024_1.jpg\" alt=\"\" class=\"wp-image-44868\" width=\"543\" height=\"144\" srcset=\"https:\/\/jornalfatosenoticias.com.br\/wp-content\/uploads\/2023\/09\/vetorvix1024_1.jpg 1024w, https:\/\/jornalfatosenoticias.com.br\/wp-content\/uploads\/2023\/09\/vetorvix1024_1-300x80.jpg 300w, https:\/\/jornalfatosenoticias.com.br\/wp-content\/uploads\/2023\/09\/vetorvix1024_1-768x205.jpg 768w\" sizes=\"auto, (max-width: 543px) 100vw, 543px\" \/><\/a><\/figure><\/div>\n\n\n\n<p>Cuba hoje \u00e9 o 22\u00ba pa\u00eds mais hostil aos crist\u00e3os em uma lista de 50 onde h\u00e1 persegui\u00e7\u00e3o extrema aos seguidores de Jesus Cristo. \u00c2ngela vive com o marido e a filha no pa\u00eds e serve ao Evangelho oferecendo suporte \u00e0 igreja local. <\/p>\n\n\n\n<blockquote class=\"wp-block-quote is-layout-flow wp-block-quote-is-layout-flow\"><p><span class=\"has-inline-color has-luminous-vivid-orange-color\">A distribui\u00e7\u00e3o de alimentos se torna mais racionada a cada m\u00eas. Por exemplo, se h\u00e1 um membro com problemas de sa\u00fade, eles recebem um certificado para comida extra e leite. Mas, hoje, essa provis\u00e3o acabou, tanto adultos quanto crian\u00e7as ficam sem a nutri\u00e7\u00e3o b\u00e1sica\u201d.<\/span><\/p><\/blockquote>\n\n\n\n<div class=\"wp-block-image\"><figure class=\"aligncenter size-large is-resized\"><a href=\"https:\/\/www.ithbrasil.com.br\/\"><img loading=\"lazy\" decoding=\"async\" src=\"https:\/\/jornalfatosenoticias.com.br\/wp-content\/uploads\/2023\/08\/ITH.jpeg\" alt=\"\" class=\"wp-image-44638\" width=\"293\" height=\"238\" srcset=\"https:\/\/jornalfatosenoticias.com.br\/wp-content\/uploads\/2023\/08\/ITH.jpeg 800w, https:\/\/jornalfatosenoticias.com.br\/wp-content\/uploads\/2023\/08\/ITH-300x244.jpeg 300w, https:\/\/jornalfatosenoticias.com.br\/wp-content\/uploads\/2023\/08\/ITH-768x624.jpeg 768w\" sizes=\"auto, (max-width: 293px) 100vw, 293px\" \/><\/a><\/figure><\/div>\n\n\n\n<p>Em Cuba, todos t\u00eam op\u00e7\u00f5es limitadas de compras, o que aumenta o problema por haver poucas lojas devido \u00e0 escassez de alimentos e os pre\u00e7os serem proibitivos para as pessoas, que ficam presas ao que o governo fornece. \u201cQuando era crian\u00e7a, me disseram que eu s\u00f3 podia tomar leite de manh\u00e3. Agora, eles n\u00e3o d\u00e3o mais para as crian\u00e7as. N\u00e3o h\u00e1 mais leite, carne, nada. \u00c9 ainda pior para as mulheres gr\u00e1vidas, elas n\u00e3o recebem a ajuda de que precisam\u201d, lamentou \u00c2ngela<\/p>\n\n\n\n<div class=\"wp-block-image\"><figure class=\"aligncenter size-large is-resized\"><a href=\"https:\/\/www.instagram.com\/rapuzeljastro\/\"><img loading=\"lazy\" decoding=\"async\" src=\"https:\/\/jornalfatosenoticias.com.br\/wp-content\/uploads\/2020\/02\/logo-Rapuzel-1024x571.jpg\" alt=\"\" class=\"wp-image-42808\" width=\"382\" height=\"213\" srcset=\"https:\/\/jornalfatosenoticias.com.br\/wp-content\/uploads\/2020\/02\/logo-Rapuzel-1024x571.jpg 1024w, https:\/\/jornalfatosenoticias.com.br\/wp-content\/uploads\/2020\/02\/logo-Rapuzel-300x167.jpg 300w, https:\/\/jornalfatosenoticias.com.br\/wp-content\/uploads\/2020\/02\/logo-Rapuzel-768x428.jpg 768w, https:\/\/jornalfatosenoticias.com.br\/wp-content\/uploads\/2020\/02\/logo-Rapuzel-1536x856.jpg 1536w, https:\/\/jornalfatosenoticias.com.br\/wp-content\/uploads\/2020\/02\/logo-Rapuzel.jpg 1600w\" sizes=\"auto, (max-width: 382px) 100vw, 382px\" \/><\/a><\/figure><\/div>\n\n\n\n<p>Desde os <strong><a href=\"https:\/\/noticias.gospelmais.com.br\/pastores-presos-cuba-libertados-campanha-oracao-148198.html\"><strong>protestos massivos contra o governo<\/strong><\/a><\/strong> em julho de 2021, uma lei recente foi aprovada proibindo manifesta\u00e7\u00f5es nas redes sociais. \u201cEm caso de desobedi\u00eancia, as puni\u00e7\u00f5es envolvem pris\u00f5es e outras viola\u00e7\u00f5es dos Direitos Humanos. Tudo para evitar que a m\u00eddia internacional comente os protestos\u201d, contou a l\u00edder crist\u00e3.<\/p>\n\n\n\n<div class=\"wp-block-image\"><figure class=\"aligncenter size-large is-resized\"><a href=\"https:\/\/panper.com.br\/\"><img loading=\"lazy\" decoding=\"async\" src=\"https:\/\/jornalfatosenoticias.com.br\/wp-content\/uploads\/2023\/03\/logo-Panper_portal.jpg\" alt=\"\" class=\"wp-image-40208\" width=\"334\" height=\"231\" srcset=\"https:\/\/jornalfatosenoticias.com.br\/wp-content\/uploads\/2023\/03\/logo-Panper_portal.jpg 400w, https:\/\/jornalfatosenoticias.com.br\/wp-content\/uploads\/2023\/03\/logo-Panper_portal-300x208.jpg 300w\" sizes=\"auto, (max-width: 334px) 100vw, 334px\" \/><\/a><\/figure><\/div>\n\n\n\n<p>Para os crist\u00e3os, o contexto \u00e9 particularmente dif\u00edcil, pois eles s\u00e3o vistos como amea\u00e7as ao regime e sofrem vigil\u00e2ncia constante e intensa. \u201cQuando estou no aeroporto, tenho medo de ser interrogada. Um amigo meu foi questionado apenas por curtir uma not\u00edcia nas redes sociais\u201d, exemplificou. Como volunt\u00e1ria local da <a href=\"https:\/\/portasabertas.org.br\/doe\/campanhas\/rota-da-perseguicao?utm_source=grupos-whats&amp;utm_medium=release&amp;utm_campaign=cuba-23-7-24-4\">Portas Abertas<\/a>, \u00c2ngela ajudou a entregar 270 cestas de alimentos para 872 pessoas em necessidade no pa\u00eds no ano passado. <\/p>\n\n\n\n<div class=\"wp-block-image\"><figure class=\"aligncenter size-large is-resized\"><img loading=\"lazy\" decoding=\"async\" src=\"https:\/\/jornalfatosenoticias.com.br\/wp-content\/uploads\/2022\/02\/Precisao-Contabilidade-1024x724.jpg\" alt=\"\" class=\"wp-image-28088\" width=\"318\" height=\"225\"\/><\/figure><\/div>\n\n\n\n<blockquote class=\"wp-block-quote is-layout-flow wp-block-quote-is-layout-flow\"><p><span class=\"has-inline-color has-luminous-vivid-orange-color\">Sabemos que n\u00e3o \u00e9 suficiente para suprir a escassez de alimentos na ilha, mas \u00e9 um come\u00e7o. Oramos para que Deus fortale\u00e7a e sustente cada pessoa que enfrenta grande necessidade\u201d, finalizou \u00c2ngela.<\/span><\/p><\/blockquote>\n\n\n\n<div class=\"wp-block-image\"><figure class=\"aligncenter size-large\"><a href=\"https:\/\/cesconetto.com.br\/\"><img loading=\"lazy\" decoding=\"async\" width=\"300\" height=\"250\" src=\"https:\/\/jornalfatosenoticias.com.br\/wp-content\/uploads\/2020\/02\/Banner-2.png\" alt=\"\" class=\"wp-image-43787\"\/><\/a><\/figure><\/div>\n\n\n\n<p><strong><em>Fonte: <a href=\"https:\/\/noticias.gospelmais.com.br\/cuba-fome-arma-perseguicao-regime-contra-cristaos-170072.html\">Not\u00edcias Gospel+<\/a><\/em><\/strong><\/p>\n","protected":false},"excerpt":{"rendered":"<p>Por Tiago Chagas O regime comunista que oprime Cuba h\u00e1 d\u00e9cadas intensificou sua repress\u00e3o ao cristianismo e agora muitos seguidores de Jesus t\u00eam sofrido com fome extrema por serem vistos como amea\u00e7a aos ditadores. A Miss\u00e3o Portas Abertas divulgou um relato feito por uma volunt\u00e1ria da entidade que vive em Cuba e fez contato atrav\u00e9s [&hellip;]<\/p>\n","protected":false},"author":2,"featured_media":53057,"comment_status":"open","ping_status":"open","sticky":false,"template":"","format":"standard","meta":{"footnotes":""},"categories":[21140],"tags":[5043,1203,24204,24096,24205,24203],"class_list":["post-53056","post","type-post","status-publish","format-standard","has-post-thumbnail","hentry","category-religiao","tag-cuba","tag-fome","tag-perseguicao-a-cristaos","tag-portas-abertas","tag-regime-comunista","tag-regime-contra-cristaos"],"yoast_head":"<!-- This site is optimized with the Yoast SEO plugin v26.5 - https:\/\/yoast.com\/wordpress\/plugins\/seo\/ -->\n<title>Fome em Cuba vira arma de persegui\u00e7\u00e3o do governo contra crist\u00e3os, alerta Portas Abertas - Jornal Fatos e Not\u00edcias<\/title>\n<meta name=\"robots\" content=\"index, follow, max-snippet:-1, max-image-preview:large, max-video-preview:-1\" \/>\n<link rel=\"canonical\" href=\"https:\/\/jornalfatosenoticias.com.br\/index.php\/2024\/07\/26\/fome-em-cuba-vira-arma-de-perseguicao-do-governo-contra-cristaos-alerta-portas-abertas\/\" \/>\n<meta property=\"og:locale\" content=\"pt_BR\" \/>\n<meta property=\"og:type\" content=\"article\" \/>\n<meta property=\"og:title\" content=\"Fome em Cuba vira arma de persegui\u00e7\u00e3o do governo contra crist\u00e3os, alerta Portas Abertas - Jornal Fatos e Not\u00edcias\" \/>\n<meta property=\"og:description\" content=\"Por Tiago Chagas O regime comunista que oprime Cuba h\u00e1 d\u00e9cadas intensificou sua repress\u00e3o ao cristianismo e agora muitos seguidores de Jesus t\u00eam sofrido com fome extrema por serem vistos como amea\u00e7a aos ditadores. A Miss\u00e3o Portas Abertas divulgou um relato feito por uma volunt\u00e1ria da entidade que vive em Cuba e fez contato atrav\u00e9s [&hellip;]\" \/>\n<meta property=\"og:url\" content=\"https:\/\/jornalfatosenoticias.com.br\/index.php\/2024\/07\/26\/fome-em-cuba-vira-arma-de-perseguicao-do-governo-contra-cristaos-alerta-portas-abertas\/\" \/>\n<meta property=\"og:site_name\" content=\"Jornal Fatos e Not\u00edcias\" \/>\n<meta property=\"article:published_time\" content=\"2024-07-26T17:47:54+00:00\" \/>\n<meta property=\"article:modified_time\" content=\"2024-07-26T17:47:55+00:00\" \/>\n<meta property=\"og:image\" content=\"https:\/\/jornalfatosenoticias.com.br\/wp-content\/uploads\/2024\/07\/fome-em-Cuba_istock.jpg\" \/>\n\t<meta property=\"og:image:width\" content=\"612\" \/>\n\t<meta property=\"og:image:height\" content=\"408\" \/>\n\t<meta property=\"og:image:type\" content=\"image\/jpeg\" \/>\n<meta name=\"author\" content=\"Luzimara Fernandes\" \/>\n<meta name=\"twitter:card\" content=\"summary_large_image\" \/>\n<meta name=\"twitter:label1\" content=\"Escrito por\" \/>\n\t<meta name=\"twitter:data1\" content=\"Luzimara Fernandes\" \/>\n\t<meta name=\"twitter:label2\" content=\"Est. tempo de leitura\" \/>\n\t<meta name=\"twitter:data2\" content=\"3 minutos\" \/>\n<script type=\"application\/ld+json\" class=\"yoast-schema-graph\">{\"@context\":\"https:\/\/schema.org\",\"@graph\":[{\"@type\":\"Article\",\"@id\":\"https:\/\/jornalfatosenoticias.com.br\/index.php\/2024\/07\/26\/fome-em-cuba-vira-arma-de-perseguicao-do-governo-contra-cristaos-alerta-portas-abertas\/#article\",\"isPartOf\":{\"@id\":\"https:\/\/jornalfatosenoticias.com.br\/index.php\/2024\/07\/26\/fome-em-cuba-vira-arma-de-perseguicao-do-governo-contra-cristaos-alerta-portas-abertas\/\"},\"author\":{\"name\":\"Luzimara Fernandes\",\"@id\":\"https:\/\/jornalfatosenoticias.com.br\/#\/schema\/person\/d63837fa13ac8666eb9e74e0985d6f81\"},\"headline\":\"Fome em Cuba vira arma de persegui\u00e7\u00e3o do governo contra crist\u00e3os, alerta Portas Abertas\",\"datePublished\":\"2024-07-26T17:47:54+00:00\",\"dateModified\":\"2024-07-26T17:47:55+00:00\",\"mainEntityOfPage\":{\"@id\":\"https:\/\/jornalfatosenoticias.com.br\/index.php\/2024\/07\/26\/fome-em-cuba-vira-arma-de-perseguicao-do-governo-contra-cristaos-alerta-portas-abertas\/\"},\"wordCount\":533,\"commentCount\":0,\"publisher\":{\"@id\":\"https:\/\/jornalfatosenoticias.com.br\/#organization\"},\"image\":{\"@id\":\"https:\/\/jornalfatosenoticias.com.br\/index.php\/2024\/07\/26\/fome-em-cuba-vira-arma-de-perseguicao-do-governo-contra-cristaos-alerta-portas-abertas\/#primaryimage\"},\"thumbnailUrl\":\"https:\/\/jornalfatosenoticias.com.br\/wp-content\/uploads\/2024\/07\/fome-em-Cuba_istock.jpg\",\"keywords\":[\"Cuba\",\"fome\",\"persegui\u00e7\u00e3o a crist\u00e3os\",\"Portas Abertas\",\"regime comunista\",\"regime contra crist\u00e3os\"],\"articleSection\":[\"Religi\u00e3o\"],\"inLanguage\":\"pt-BR\",\"potentialAction\":[{\"@type\":\"CommentAction\",\"name\":\"Comment\",\"target\":[\"https:\/\/jornalfatosenoticias.com.br\/index.php\/2024\/07\/26\/fome-em-cuba-vira-arma-de-perseguicao-do-governo-contra-cristaos-alerta-portas-abertas\/#respond\"]}]},{\"@type\":\"WebPage\",\"@id\":\"https:\/\/jornalfatosenoticias.com.br\/index.php\/2024\/07\/26\/fome-em-cuba-vira-arma-de-perseguicao-do-governo-contra-cristaos-alerta-portas-abertas\/\",\"url\":\"https:\/\/jornalfatosenoticias.com.br\/index.php\/2024\/07\/26\/fome-em-cuba-vira-arma-de-perseguicao-do-governo-contra-cristaos-alerta-portas-abertas\/\",\"name\":\"Fome em Cuba vira arma de persegui\u00e7\u00e3o do governo contra crist\u00e3os, alerta Portas Abertas - Jornal Fatos e Not\u00edcias\",\"isPartOf\":{\"@id\":\"https:\/\/jornalfatosenoticias.com.br\/#website\"},\"primaryImageOfPage\":{\"@id\":\"https:\/\/jornalfatosenoticias.com.br\/index.php\/2024\/07\/26\/fome-em-cuba-vira-arma-de-perseguicao-do-governo-contra-cristaos-alerta-portas-abertas\/#primaryimage\"},\"image\":{\"@id\":\"https:\/\/jornalfatosenoticias.com.br\/index.php\/2024\/07\/26\/fome-em-cuba-vira-arma-de-perseguicao-do-governo-contra-cristaos-alerta-portas-abertas\/#primaryimage\"},\"thumbnailUrl\":\"https:\/\/jornalfatosenoticias.com.br\/wp-content\/uploads\/2024\/07\/fome-em-Cuba_istock.jpg\",\"datePublished\":\"2024-07-26T17:47:54+00:00\",\"dateModified\":\"2024-07-26T17:47:55+00:00\",\"breadcrumb\":{\"@id\":\"https:\/\/jornalfatosenoticias.com.br\/index.php\/2024\/07\/26\/fome-em-cuba-vira-arma-de-perseguicao-do-governo-contra-cristaos-alerta-portas-abertas\/#breadcrumb\"},\"inLanguage\":\"pt-BR\",\"potentialAction\":[{\"@type\":\"ReadAction\",\"target\":[\"https:\/\/jornalfatosenoticias.com.br\/index.php\/2024\/07\/26\/fome-em-cuba-vira-arma-de-perseguicao-do-governo-contra-cristaos-alerta-portas-abertas\/\"]}]},{\"@type\":\"ImageObject\",\"inLanguage\":\"pt-BR\",\"@id\":\"https:\/\/jornalfatosenoticias.com.br\/index.php\/2024\/07\/26\/fome-em-cuba-vira-arma-de-perseguicao-do-governo-contra-cristaos-alerta-portas-abertas\/#primaryimage\",\"url\":\"https:\/\/jornalfatosenoticias.com.br\/wp-content\/uploads\/2024\/07\/fome-em-Cuba_istock.jpg\",\"contentUrl\":\"https:\/\/jornalfatosenoticias.com.br\/wp-content\/uploads\/2024\/07\/fome-em-Cuba_istock.jpg\",\"width\":612,\"height\":408,\"caption\":\"Poor kitchen in the house of worn wooden planks. The kitchen contains only the most necessary equipment like pots, plates, bowls and glasses\"},{\"@type\":\"BreadcrumbList\",\"@id\":\"https:\/\/jornalfatosenoticias.com.br\/index.php\/2024\/07\/26\/fome-em-cuba-vira-arma-de-perseguicao-do-governo-contra-cristaos-alerta-portas-abertas\/#breadcrumb\",\"itemListElement\":[{\"@type\":\"ListItem\",\"position\":1,\"name\":\"In\u00edcio\",\"item\":\"https:\/\/jornalfatosenoticias.com.br\/\"},{\"@type\":\"ListItem\",\"position\":2,\"name\":\"Fome em Cuba vira arma de persegui\u00e7\u00e3o do governo contra crist\u00e3os, alerta Portas Abertas\"}]},{\"@type\":\"WebSite\",\"@id\":\"https:\/\/jornalfatosenoticias.com.br\/#website\",\"url\":\"https:\/\/jornalfatosenoticias.com.br\/\",\"name\":\"Jornal Fatos e Not\u00edcias\",\"description\":\"Not\u00edcias em geral\",\"publisher\":{\"@id\":\"https:\/\/jornalfatosenoticias.com.br\/#organization\"},\"potentialAction\":[{\"@type\":\"SearchAction\",\"target\":{\"@type\":\"EntryPoint\",\"urlTemplate\":\"https:\/\/jornalfatosenoticias.com.br\/?s={search_term_string}\"},\"query-input\":{\"@type\":\"PropertyValueSpecification\",\"valueRequired\":true,\"valueName\":\"search_term_string\"}}],\"inLanguage\":\"pt-BR\"},{\"@type\":\"Organization\",\"@id\":\"https:\/\/jornalfatosenoticias.com.br\/#organization\",\"name\":\"Jornal Fatos e Not\u00edcias\",\"url\":\"https:\/\/jornalfatosenoticias.com.br\/\",\"logo\":{\"@type\":\"ImageObject\",\"inLanguage\":\"pt-BR\",\"@id\":\"https:\/\/jornalfatosenoticias.com.br\/#\/schema\/logo\/image\/\",\"url\":\"https:\/\/jornalfatosenoticias.com.br\/wp-content\/uploads\/2020\/02\/logo120.png\",\"contentUrl\":\"https:\/\/jornalfatosenoticias.com.br\/wp-content\/uploads\/2020\/02\/logo120.png\",\"width\":1227,\"height\":120,\"caption\":\"Jornal Fatos e Not\u00edcias\"},\"image\":{\"@id\":\"https:\/\/jornalfatosenoticias.com.br\/#\/schema\/logo\/image\/\"}},{\"@type\":\"Person\",\"@id\":\"https:\/\/jornalfatosenoticias.com.br\/#\/schema\/person\/d63837fa13ac8666eb9e74e0985d6f81\",\"name\":\"Luzimara Fernandes\",\"image\":{\"@type\":\"ImageObject\",\"inLanguage\":\"pt-BR\",\"@id\":\"https:\/\/jornalfatosenoticias.com.br\/#\/schema\/person\/image\/\",\"url\":\"https:\/\/jornalfatosenoticias.com.br\/wp-content\/uploads\/2025\/05\/EU_portal.jpg\",\"contentUrl\":\"https:\/\/jornalfatosenoticias.com.br\/wp-content\/uploads\/2025\/05\/EU_portal.jpg\",\"caption\":\"Luzimara Fernandes\"},\"description\":\"Jornalista MTB 2358-ES\",\"sameAs\":[\"https:\/\/jornalfatosenoticias.com.br\"],\"url\":\"https:\/\/jornalfatosenoticias.com.br\/index.php\/author\/luzimara\/\"}]}<\/script>\n<!-- \/ Yoast SEO plugin. -->","yoast_head_json":{"title":"Fome em Cuba vira arma de persegui\u00e7\u00e3o do governo contra crist\u00e3os, alerta Portas Abertas - Jornal Fatos e Not\u00edcias","robots":{"index":"index","follow":"follow","max-snippet":"max-snippet:-1","max-image-preview":"max-image-preview:large","max-video-preview":"max-video-preview:-1"},"canonical":"https:\/\/jornalfatosenoticias.com.br\/index.php\/2024\/07\/26\/fome-em-cuba-vira-arma-de-perseguicao-do-governo-contra-cristaos-alerta-portas-abertas\/","og_locale":"pt_BR","og_type":"article","og_title":"Fome em Cuba vira arma de persegui\u00e7\u00e3o do governo contra crist\u00e3os, alerta Portas Abertas - Jornal Fatos e Not\u00edcias","og_description":"Por Tiago Chagas O regime comunista que oprime Cuba h\u00e1 d\u00e9cadas intensificou sua repress\u00e3o ao cristianismo e agora muitos seguidores de Jesus t\u00eam sofrido com fome extrema por serem vistos como amea\u00e7a aos ditadores. A Miss\u00e3o Portas Abertas divulgou um relato feito por uma volunt\u00e1ria da entidade que vive em Cuba e fez contato atrav\u00e9s [&hellip;]","og_url":"https:\/\/jornalfatosenoticias.com.br\/index.php\/2024\/07\/26\/fome-em-cuba-vira-arma-de-perseguicao-do-governo-contra-cristaos-alerta-portas-abertas\/","og_site_name":"Jornal Fatos e Not\u00edcias","article_published_time":"2024-07-26T17:47:54+00:00","article_modified_time":"2024-07-26T17:47:55+00:00","og_image":[{"width":612,"height":408,"url":"https:\/\/jornalfatosenoticias.com.br\/wp-content\/uploads\/2024\/07\/fome-em-Cuba_istock.jpg","type":"image\/jpeg"}],"author":"Luzimara Fernandes","twitter_card":"summary_large_image","twitter_misc":{"Escrito por":"Luzimara Fernandes","Est. tempo de leitura":"3 minutos"},"schema":{"@context":"https:\/\/schema.org","@graph":[{"@type":"Article","@id":"https:\/\/jornalfatosenoticias.com.br\/index.php\/2024\/07\/26\/fome-em-cuba-vira-arma-de-perseguicao-do-governo-contra-cristaos-alerta-portas-abertas\/#article","isPartOf":{"@id":"https:\/\/jornalfatosenoticias.com.br\/index.php\/2024\/07\/26\/fome-em-cuba-vira-arma-de-perseguicao-do-governo-contra-cristaos-alerta-portas-abertas\/"},"author":{"name":"Luzimara Fernandes","@id":"https:\/\/jornalfatosenoticias.com.br\/#\/schema\/person\/d63837fa13ac8666eb9e74e0985d6f81"},"headline":"Fome em Cuba vira arma de persegui\u00e7\u00e3o do governo contra crist\u00e3os, alerta Portas Abertas","datePublished":"2024-07-26T17:47:54+00:00","dateModified":"2024-07-26T17:47:55+00:00","mainEntityOfPage":{"@id":"https:\/\/jornalfatosenoticias.com.br\/index.php\/2024\/07\/26\/fome-em-cuba-vira-arma-de-perseguicao-do-governo-contra-cristaos-alerta-portas-abertas\/"},"wordCount":533,"commentCount":0,"publisher":{"@id":"https:\/\/jornalfatosenoticias.com.br\/#organization"},"image":{"@id":"https:\/\/jornalfatosenoticias.com.br\/index.php\/2024\/07\/26\/fome-em-cuba-vira-arma-de-perseguicao-do-governo-contra-cristaos-alerta-portas-abertas\/#primaryimage"},"thumbnailUrl":"https:\/\/jornalfatosenoticias.com.br\/wp-content\/uploads\/2024\/07\/fome-em-Cuba_istock.jpg","keywords":["Cuba","fome","persegui\u00e7\u00e3o a crist\u00e3os","Portas Abertas","regime comunista","regime contra crist\u00e3os"],"articleSection":["Religi\u00e3o"],"inLanguage":"pt-BR","potentialAction":[{"@type":"CommentAction","name":"Comment","target":["https:\/\/jornalfatosenoticias.com.br\/index.php\/2024\/07\/26\/fome-em-cuba-vira-arma-de-perseguicao-do-governo-contra-cristaos-alerta-portas-abertas\/#respond"]}]},{"@type":"WebPage","@id":"https:\/\/jornalfatosenoticias.com.br\/index.php\/2024\/07\/26\/fome-em-cuba-vira-arma-de-perseguicao-do-governo-contra-cristaos-alerta-portas-abertas\/","url":"https:\/\/jornalfatosenoticias.com.br\/index.php\/2024\/07\/26\/fome-em-cuba-vira-arma-de-perseguicao-do-governo-contra-cristaos-alerta-portas-abertas\/","name":"Fome em Cuba vira arma de persegui\u00e7\u00e3o do governo contra crist\u00e3os, alerta Portas Abertas - Jornal Fatos e Not\u00edcias","isPartOf":{"@id":"https:\/\/jornalfatosenoticias.com.br\/#website"},"primaryImageOfPage":{"@id":"https:\/\/jornalfatosenoticias.com.br\/index.php\/2024\/07\/26\/fome-em-cuba-vira-arma-de-perseguicao-do-governo-contra-cristaos-alerta-portas-abertas\/#primaryimage"},"image":{"@id":"https:\/\/jornalfatosenoticias.com.br\/index.php\/2024\/07\/26\/fome-em-cuba-vira-arma-de-perseguicao-do-governo-contra-cristaos-alerta-portas-abertas\/#primaryimage"},"thumbnailUrl":"https:\/\/jornalfatosenoticias.com.br\/wp-content\/uploads\/2024\/07\/fome-em-Cuba_istock.jpg","datePublished":"2024-07-26T17:47:54+00:00","dateModified":"2024-07-26T17:47:55+00:00","breadcrumb":{"@id":"https:\/\/jornalfatosenoticias.com.br\/index.php\/2024\/07\/26\/fome-em-cuba-vira-arma-de-perseguicao-do-governo-contra-cristaos-alerta-portas-abertas\/#breadcrumb"},"inLanguage":"pt-BR","potentialAction":[{"@type":"ReadAction","target":["https:\/\/jornalfatosenoticias.com.br\/index.php\/2024\/07\/26\/fome-em-cuba-vira-arma-de-perseguicao-do-governo-contra-cristaos-alerta-portas-abertas\/"]}]},{"@type":"ImageObject","inLanguage":"pt-BR","@id":"https:\/\/jornalfatosenoticias.com.br\/index.php\/2024\/07\/26\/fome-em-cuba-vira-arma-de-perseguicao-do-governo-contra-cristaos-alerta-portas-abertas\/#primaryimage","url":"https:\/\/jornalfatosenoticias.com.br\/wp-content\/uploads\/2024\/07\/fome-em-Cuba_istock.jpg","contentUrl":"https:\/\/jornalfatosenoticias.com.br\/wp-content\/uploads\/2024\/07\/fome-em-Cuba_istock.jpg","width":612,"height":408,"caption":"Poor kitchen in the house of worn wooden planks. The kitchen contains only the most necessary equipment like pots, plates, bowls and glasses"},{"@type":"BreadcrumbList","@id":"https:\/\/jornalfatosenoticias.com.br\/index.php\/2024\/07\/26\/fome-em-cuba-vira-arma-de-perseguicao-do-governo-contra-cristaos-alerta-portas-abertas\/#breadcrumb","itemListElement":[{"@type":"ListItem","position":1,"name":"In\u00edcio","item":"https:\/\/jornalfatosenoticias.com.br\/"},{"@type":"ListItem","position":2,"name":"Fome em Cuba vira arma de persegui\u00e7\u00e3o do governo contra crist\u00e3os, alerta Portas Abertas"}]},{"@type":"WebSite","@id":"https:\/\/jornalfatosenoticias.com.br\/#website","url":"https:\/\/jornalfatosenoticias.com.br\/","name":"Jornal Fatos e Not\u00edcias","description":"Not\u00edcias em geral","publisher":{"@id":"https:\/\/jornalfatosenoticias.com.br\/#organization"},"potentialAction":[{"@type":"SearchAction","target":{"@type":"EntryPoint","urlTemplate":"https:\/\/jornalfatosenoticias.com.br\/?s={search_term_string}"},"query-input":{"@type":"PropertyValueSpecification","valueRequired":true,"valueName":"search_term_string"}}],"inLanguage":"pt-BR"},{"@type":"Organization","@id":"https:\/\/jornalfatosenoticias.com.br\/#organization","name":"Jornal Fatos e Not\u00edcias","url":"https:\/\/jornalfatosenoticias.com.br\/","logo":{"@type":"ImageObject","inLanguage":"pt-BR","@id":"https:\/\/jornalfatosenoticias.com.br\/#\/schema\/logo\/image\/","url":"https:\/\/jornalfatosenoticias.com.br\/wp-content\/uploads\/2020\/02\/logo120.png","contentUrl":"https:\/\/jornalfatosenoticias.com.br\/wp-content\/uploads\/2020\/02\/logo120.png","width":1227,"height":120,"caption":"Jornal Fatos e Not\u00edcias"},"image":{"@id":"https:\/\/jornalfatosenoticias.com.br\/#\/schema\/logo\/image\/"}},{"@type":"Person","@id":"https:\/\/jornalfatosenoticias.com.br\/#\/schema\/person\/d63837fa13ac8666eb9e74e0985d6f81","name":"Luzimara Fernandes","image":{"@type":"ImageObject","inLanguage":"pt-BR","@id":"https:\/\/jornalfatosenoticias.com.br\/#\/schema\/person\/image\/","url":"https:\/\/jornalfatosenoticias.com.br\/wp-content\/uploads\/2025\/05\/EU_portal.jpg","contentUrl":"https:\/\/jornalfatosenoticias.com.br\/wp-content\/uploads\/2025\/05\/EU_portal.jpg","caption":"Luzimara Fernandes"},"description":"Jornalista MTB 2358-ES","sameAs":["https:\/\/jornalfatosenoticias.com.br"],"url":"https:\/\/jornalfatosenoticias.com.br\/index.php\/author\/luzimara\/"}]}},"cc_featured_image_caption":{"caption_text":"(Foto: iStock) ","source_text":"","source_url":""},"jetpack_featured_media_url":"https:\/\/jornalfatosenoticias.com.br\/wp-content\/uploads\/2024\/07\/fome-em-Cuba_istock.jpg","_links":{"self":[{"href":"https:\/\/jornalfatosenoticias.com.br\/index.php\/wp-json\/wp\/v2\/posts\/53056","targetHints":{"allow":["GET"]}}],"collection":[{"href":"https:\/\/jornalfatosenoticias.com.br\/index.php\/wp-json\/wp\/v2\/posts"}],"about":[{"href":"https:\/\/jornalfatosenoticias.com.br\/index.php\/wp-json\/wp\/v2\/types\/post"}],"author":[{"embeddable":true,"href":"https:\/\/jornalfatosenoticias.com.br\/index.php\/wp-json\/wp\/v2\/users\/2"}],"replies":[{"embeddable":true,"href":"https:\/\/jornalfatosenoticias.com.br\/index.php\/wp-json\/wp\/v2\/comments?post=53056"}],"version-history":[{"count":0,"href":"https:\/\/jornalfatosenoticias.com.br\/index.php\/wp-json\/wp\/v2\/posts\/53056\/revisions"}],"wp:featuredmedia":[{"embeddable":true,"href":"https:\/\/jornalfatosenoticias.com.br\/index.php\/wp-json\/wp\/v2\/media\/53057"}],"wp:attachment":[{"href":"https:\/\/jornalfatosenoticias.com.br\/index.php\/wp-json\/wp\/v2\/media?parent=53056"}],"wp:term":[{"taxonomy":"category","embeddable":true,"href":"https:\/\/jornalfatosenoticias.com.br\/index.php\/wp-json\/wp\/v2\/categories?post=53056"},{"taxonomy":"post_tag","embeddable":true,"href":"https:\/\/jornalfatosenoticias.com.br\/index.php\/wp-json\/wp\/v2\/tags?post=53056"}],"curies":[{"name":"wp","href":"https:\/\/api.w.org\/{rel}","templated":true}]}}