{"id":53066,"date":"2024-07-26T15:18:28","date_gmt":"2024-07-26T18:18:28","guid":{"rendered":"https:\/\/jornalfatosenoticias.com.br\/?p=53066"},"modified":"2024-07-26T15:18:30","modified_gmt":"2024-07-26T18:18:30","slug":"pesquisadores-reforcam-monitoramento-de-botos-na-regiao-de-mocajuba-no-para","status":"publish","type":"post","link":"https:\/\/jornalfatosenoticias.com.br\/index.php\/2024\/07\/26\/pesquisadores-reforcam-monitoramento-de-botos-na-regiao-de-mocajuba-no-para\/","title":{"rendered":"Pesquisadores refor\u00e7am monitoramento de botos na regi\u00e3o de Mocajuba, no Par\u00e1"},"content":{"rendered":"\n<p><em><span class=\"has-inline-color has-black-color\">Apesar do registro cient\u00edfico recente, a esp\u00e9cie j\u00e1 \u00e9 considerada &#8216;vulner\u00e1vel&#8217; e j\u00e1 integra a Lista Vermelha de Esp\u00e9cies Amea\u00e7adas<\/span><\/em><\/p>\n\n\n\n<div class=\"wp-block-image\"><figure class=\"aligncenter size-large\"><a href=\"https:\/\/mizu.com.br\/\"><img loading=\"lazy\" decoding=\"async\" width=\"729\" height=\"90\" src=\"https:\/\/jornalfatosenoticias.com.br\/wp-content\/uploads\/2020\/02\/Logo_Mizu.png\" alt=\"\" class=\"wp-image-1441\" srcset=\"https:\/\/jornalfatosenoticias.com.br\/wp-content\/uploads\/2020\/02\/Logo_Mizu.png 729w, https:\/\/jornalfatosenoticias.com.br\/wp-content\/uploads\/2020\/02\/Logo_Mizu-300x37.png 300w\" sizes=\"auto, (max-width: 729px) 100vw, 729px\" \/><\/a><\/figure><\/div>\n\n\n\n<p>Cerca de 12 botos da regi\u00e3o de Mocajuba, no Par\u00e1, devem passar por avalia\u00e7\u00e3o de pesquisadores da Universidade Federal Rural da Amaz\u00f4nia (Ufra). O munic\u00edpio \u00e9 conhecido pela presen\u00e7a dos animais na \u00e1rea do mercado de peixes, o que se tornou um dos atrativos tur\u00edsticos para quem visita a regi\u00e3o. Com o m\u00eas das f\u00e9rias escolares e do \u2018ver\u00e3o amaz\u00f4nico\u2019, a intera\u00e7\u00e3o entre botos e visitantes se intensifica, e esse \u00e9 um dos motivos que levam os pesquisadores ao local nesse per\u00edodo.<br>A equipe, formada por professores e alunos da p\u00f3s-gradua\u00e7\u00e3o, monitora os botos da regi\u00e3o desde 2023, a partir do projeto \u2018Par\u00e2metros fisiol\u00f3gicos e an\u00e1lise de risco para pat\u00f3genos zoon\u00f3ficos em botos-do-araguaia (<em>Inia araguaiaensis<\/em>) sob impactos ambientais no contexto <em>One Health<\/em>&#8216;. Os pesquisadores devem ficar no munic\u00edpio at\u00e9 o m\u00eas de agosto.<\/p>\n\n\n\n<div class=\"wp-block-image\"><figure class=\"aligncenter size-large is-resized\"><a href=\"https:\/\/www.facebook.com\/postobkr\/?locale=pt_BR\"><img loading=\"lazy\" decoding=\"async\" src=\"https:\/\/jornalfatosenoticias.com.br\/wp-content\/uploads\/2023\/08\/BKR-1024x1021.jpg\" alt=\"\" class=\"wp-image-44494\" width=\"317\" height=\"316\" srcset=\"https:\/\/jornalfatosenoticias.com.br\/wp-content\/uploads\/2023\/08\/BKR-1024x1021.jpg 1024w, https:\/\/jornalfatosenoticias.com.br\/wp-content\/uploads\/2023\/08\/BKR-300x300.jpg 300w, https:\/\/jornalfatosenoticias.com.br\/wp-content\/uploads\/2023\/08\/BKR-150x150.jpg 150w, https:\/\/jornalfatosenoticias.com.br\/wp-content\/uploads\/2023\/08\/BKR-768x766.jpg 768w, https:\/\/jornalfatosenoticias.com.br\/wp-content\/uploads\/2023\/08\/BKR.jpg 1080w\" sizes=\"auto, (max-width: 317px) 100vw, 317px\" \/><\/a><\/figure><\/div>\n\n\n\n<p>No estudo \u00e9 realizado um mapeamento da sa\u00fade dos animais, desde aspectos fisiol\u00f3gicos, at\u00e9 vocaliza\u00e7\u00e3o e biologia. Os pesquisadores fazem a avalia\u00e7\u00e3o da sa\u00fade dos animais, coleta de sangue, borrifo e ultrassom. O foco s\u00e3o os botos-do-araguaia, ou <em>Inia araguaiaensis<\/em>, esp\u00e9cie catalogada em 2014 por cientistas da Universidade Federal do Amazonas (Ufam).<\/p>\n\n\n\n<div class=\"wp-block-image\"><figure class=\"aligncenter size-large is-resized\"><a href=\"https:\/\/hotelmarquetti.com.br\/\"><img loading=\"lazy\" decoding=\"async\" src=\"https:\/\/jornalfatosenoticias.com.br\/wp-content\/uploads\/2023\/03\/nova-logo-Marquetti.jpg\" alt=\"\" class=\"wp-image-40207\" width=\"355\" height=\"238\" srcset=\"https:\/\/jornalfatosenoticias.com.br\/wp-content\/uploads\/2023\/03\/nova-logo-Marquetti.jpg 643w, https:\/\/jornalfatosenoticias.com.br\/wp-content\/uploads\/2023\/03\/nova-logo-Marquetti-300x202.jpg 300w\" sizes=\"auto, (max-width: 355px) 100vw, 355px\" \/><\/a><\/figure><\/div>\n\n\n\n<p>Os botos dessa esp\u00e9cie habitam a bacia Araguaia-Tocantins, que abrange os estados do Par\u00e1, Tocantins, Maranh\u00e3o, Goi\u00e1s e Mato Grosso, al\u00e9m do Distrito Federal. No Par\u00e1, o polo re\u00fane 45 munic\u00edpios, entre eles Mocajuba. A esp\u00e9cie se soma \u00e0s j\u00e1 conhecidas nos rios amaz\u00f4nicos: <em>Inia geoffrensis <\/em>e<em> Inia boliviensis<\/em>, al\u00e9m da <em>Sotalia fluviatilis<\/em>.<\/p>\n\n\n\n<div class=\"wp-block-image\"><figure class=\"aligncenter size-large is-resized\"><a href=\"https:\/\/www.ithbrasil.com.br\/\"><img loading=\"lazy\" decoding=\"async\" src=\"https:\/\/jornalfatosenoticias.com.br\/wp-content\/uploads\/2023\/08\/ITH.jpeg\" alt=\"\" class=\"wp-image-44638\" width=\"347\" height=\"282\" srcset=\"https:\/\/jornalfatosenoticias.com.br\/wp-content\/uploads\/2023\/08\/ITH.jpeg 800w, https:\/\/jornalfatosenoticias.com.br\/wp-content\/uploads\/2023\/08\/ITH-300x244.jpeg 300w, https:\/\/jornalfatosenoticias.com.br\/wp-content\/uploads\/2023\/08\/ITH-768x624.jpeg 768w\" sizes=\"auto, (max-width: 347px) 100vw, 347px\" \/><\/a><\/figure><\/div>\n\n\n\n<p>Todo o estudo \u00e9 feito com os animais em ambiente natural. As t\u00e9cnicas de manejo para que isso ocorra de forma eficaz e com menos stress ao animal tamb\u00e9m s\u00e3o alvo da pesquisa. Segundo o professor, pesquisas sobre o bem estar s\u00e3o fundamentais para a conserva\u00e7\u00e3o de animais em vida livre, pois ajudam a entender sobre aspectos importantes do comportamento da esp\u00e9cie em seu ambiente natural. \u201cIsso nos d\u00e1 subs\u00eddios para manejar melhor a esp\u00e9cie, proporcionando resultados mais claros de como deve ser a intera\u00e7\u00e3o animal-homem\u201d, diz.<\/p>\n\n\n\n<div class=\"wp-block-image\"><figure class=\"aligncenter size-large is-resized\"><a href=\"https:\/\/www.instagram.com\/restaurantepegoretti\/\"><img loading=\"lazy\" decoding=\"async\" src=\"https:\/\/jornalfatosenoticias.com.br\/wp-content\/uploads\/2023\/12\/pegoretti-logo-pdf-1024x389.jpg\" alt=\"\" class=\"wp-image-47536\" width=\"461\" height=\"175\" srcset=\"https:\/\/jornalfatosenoticias.com.br\/wp-content\/uploads\/2023\/12\/pegoretti-logo-pdf-1024x389.jpg 1024w, https:\/\/jornalfatosenoticias.com.br\/wp-content\/uploads\/2023\/12\/pegoretti-logo-pdf-300x114.jpg 300w, https:\/\/jornalfatosenoticias.com.br\/wp-content\/uploads\/2023\/12\/pegoretti-logo-pdf-768x291.jpg 768w, https:\/\/jornalfatosenoticias.com.br\/wp-content\/uploads\/2023\/12\/pegoretti-logo-pdf.jpg 1120w\" sizes=\"auto, (max-width: 461px) 100vw, 461px\" \/><\/a><\/figure><\/div>\n\n\n\n<p>O projeto tamb\u00e9m conta com a parceria dos professores Abelardo J\u00fanior, da Universidade Federal de Alagoas (Ufal) e Rinaldo Mota, da Universidade Federal Rural de Pernambuco (UFRPE), que analisam os potenciais agentes zoon\u00f3ticos. Agentes zoon\u00f3ticos s\u00e3o aqueles que podem afetar a sa\u00fade dos botos a partir do contato com o homem, e vice-versa. Para isso os pesquisadores v\u00e3o realizar diversos tipos de coleta, que incluem amostras de \u00e1gua, pele dos botos e fezes, al\u00e9m de testes de PCR em tempo real para identifica\u00e7\u00e3o dos tipos de v\u00edrus e bact\u00e9rias com esse potencial.<\/p>\n\n\n\n<div class=\"wp-block-image\"><figure class=\"aligncenter size-large is-resized\"><a href=\"https:\/\/www.controlsystems.com.br\/\"><img loading=\"lazy\" decoding=\"async\" src=\"https:\/\/jornalfatosenoticias.com.br\/wp-content\/uploads\/2020\/02\/CONTROL-CS.jpg\" alt=\"\" class=\"wp-image-44991\" width=\"310\" height=\"371\" srcset=\"https:\/\/jornalfatosenoticias.com.br\/wp-content\/uploads\/2020\/02\/CONTROL-CS.jpg 834w, https:\/\/jornalfatosenoticias.com.br\/wp-content\/uploads\/2020\/02\/CONTROL-CS-250x300.jpg 250w, https:\/\/jornalfatosenoticias.com.br\/wp-content\/uploads\/2020\/02\/CONTROL-CS-768x921.jpg 768w\" sizes=\"auto, (max-width: 310px) 100vw, 310px\" \/><\/a><\/figure><\/div>\n\n\n\n<p><strong><span class=\"has-inline-color has-vivid-green-cyan-color\">Esp\u00e9cie vulner\u00e1vel<br><\/span><\/strong>Apesar do registro cient\u00edfico recente, a esp\u00e9cie j\u00e1 \u00e9 considerada \u2018vulner\u00e1vel\u2019 e j\u00e1 integra a Lista Vermelha de Esp\u00e9cies Amea\u00e7adas. De acordo com os crit\u00e9rios da Uni\u00e3o Internacional para a Conserva\u00e7\u00e3o da Natureza (IUCN), \u2018vulner\u00e1vel\u2019 \u00e9 quando uma esp\u00e9cie tem um risco elevado de extin\u00e7\u00e3o na natureza, exceto se as circunst\u00e2ncias que amea\u00e7am a sua sobreviv\u00eancia e reprodu\u00e7\u00e3o melhorem.<\/p>\n\n\n\n<div class=\"wp-block-image\"><figure class=\"aligncenter size-large\"><a href=\"https:\/\/www.instagram.com\/baraodascarnes.es\/\"><img decoding=\"async\" src=\"https:\/\/jornalfatosenoticias.com.br\/wp-content\/uploads\/2020\/02\/barao-das-carnes-300x164-1.jpg\" alt=\"\" class=\"wp-image-34339\"\/><\/a><\/figure><\/div>\n\n\n\n<p>No caso dos botos, a vulnerabilidade \u00e9 causada principalmente pelas intera\u00e7\u00f5es negativas com atividades pesqueiras e pela perda ou destrui\u00e7\u00e3o de habitat. Mas h\u00e1 uma outra quest\u00e3o preocupante. O animal \u00e9 cercado pelo imagin\u00e1rio popular, o que inclui as hist\u00f3rias sobre o homem charmoso, vestido de branco, que aparece para seduzir mo\u00e7as ribeirinhas e depois se transforma em boto, causando medo e a ira dos ribeirinhos. Na Amaz\u00f4nia, os botos tamb\u00e9m s\u00e3o alvo do com\u00e9rcio de subprodutos m\u00edsticos.<\/p>\n\n\n\n<div class=\"wp-block-image\"><figure class=\"aligncenter size-large\"><a href=\"http:\/\/www.ferrarimaquinas.com.br\/\"><img loading=\"lazy\" decoding=\"async\" width=\"300\" height=\"250\" src=\"https:\/\/jornalfatosenoticias.com.br\/wp-content\/uploads\/2022\/02\/FERRARI_MAQUINAS-E-FERRAMENTAS2.jpg\" alt=\"\" class=\"wp-image-27860\"\/><\/a><\/figure><\/div>\n\n\n\n<p>Mas segundo a pesquisadora Ang\u00e9lica Rodrigues, em Mocajuba a rela\u00e7\u00e3o \u00e9 bem diferente da maioria das comunidades onde esses animais ocorrem. \u201cNo caso de Mocajuba s\u00e3o os botos que atraem o turismo e ajudam os pescadores nos pared\u00f5es de pesca\u201d, revela.<br>A preserva\u00e7\u00e3o desses animais impacta diretamente no equil\u00edbrio do meio ambiente. <\/p>\n\n\n\n<div class=\"wp-block-image\"><figure class=\"aligncenter size-large\"><a href=\"https:\/\/www.facebook.com\/Esteio-Churrascaria-Barbecue-103643461220402\/\"><img decoding=\"async\" src=\"https:\/\/jornalfatosenoticias.com.br\/wp-content\/uploads\/2020\/02\/logo_esteio.jpg\" alt=\"\" class=\"wp-image-1214\"\/><\/a><\/figure><\/div>\n\n\n\n<blockquote class=\"wp-block-quote is-layout-flow wp-block-quote-is-layout-flow\"><p><span class=\"has-inline-color has-luminous-vivid-orange-color\">Eles t\u00eam um papel important\u00edssimo na natureza, porque s\u00e3o sentinelas ambientais, a partir deles conseguimos mapear a sa\u00fade de um rio. S\u00e3o animais topos de cadeia, importantes para o equil\u00edbrio da cadeia tr\u00f3fica do rios, al\u00e9m disso s\u00e3o sentinelas importantes apontado as fragilidades dos ecossistemas fluviais\u201d, diz a pesquisadora.<\/span><\/p><\/blockquote>\n\n\n\n<div class=\"wp-block-image\"><figure class=\"aligncenter size-large\"><a href=\"https:\/\/cesconetto.com.br\/\"><img loading=\"lazy\" decoding=\"async\" width=\"300\" height=\"250\" src=\"https:\/\/jornalfatosenoticias.com.br\/wp-content\/uploads\/2020\/02\/Banner-2.png\" alt=\"\" class=\"wp-image-43787\"\/><\/a><\/figure><\/div>\n\n\n\n<p><strong><span class=\"has-inline-color has-vivid-green-cyan-color\">O grupo Bioma<br><\/span><\/strong>O projeto foi contemplado com o primeiro lugar no edital da Iniciativa Amaz\u00f4nia +10, em 2023. Mas a sa\u00fade dos botos da regi\u00e3o \u00e9 monitorada pelo grupo Bioma desde 2013, per\u00edodo em que j\u00e1 foram registrados os nascimentos de oito filhotes. O grupo tem como estudo as esp\u00e9cies de golfinhos de rios e peixe-boi, a intera\u00e7\u00e3o deles na natureza, papel ecol\u00f3gico e intera\u00e7\u00e3o com humanos. As pesquisas s\u00e3o realizadas no rio Guam\u00e1, Tocantins e Tapaj\u00f3s e tamb\u00e9m na zona costeira paraense.<\/p>\n\n\n\n<div class=\"wp-block-image\"><figure class=\"aligncenter size-large is-resized\"><a href=\"https:\/\/www.facebook.com\/vetor.vix\/\"><img loading=\"lazy\" decoding=\"async\" src=\"https:\/\/jornalfatosenoticias.com.br\/wp-content\/uploads\/2023\/09\/vetorvix1024_1.jpg\" alt=\"\" class=\"wp-image-44868\" width=\"554\" height=\"147\" srcset=\"https:\/\/jornalfatosenoticias.com.br\/wp-content\/uploads\/2023\/09\/vetorvix1024_1.jpg 1024w, https:\/\/jornalfatosenoticias.com.br\/wp-content\/uploads\/2023\/09\/vetorvix1024_1-300x80.jpg 300w, https:\/\/jornalfatosenoticias.com.br\/wp-content\/uploads\/2023\/09\/vetorvix1024_1-768x205.jpg 768w\" sizes=\"auto, (max-width: 554px) 100vw, 554px\" \/><\/a><\/figure><\/div>\n\n\n\n<p><strong><em>Fonte: <a href=\"https:\/\/portalamazonia.com\/meio-ambiente\/pesquisadores-reforcam-monitoramento-de-botos-na-regiao-de-mocajuba-no-para\/\">Portal Amaz\u00f4nia<\/a><\/em><\/strong><\/p>\n","protected":false},"excerpt":{"rendered":"<p>Apesar do registro cient\u00edfico recente, a esp\u00e9cie j\u00e1 \u00e9 considerada &#8216;vulner\u00e1vel&#8217; e j\u00e1 integra a Lista Vermelha de Esp\u00e9cies Amea\u00e7adas Cerca de 12 botos da regi\u00e3o de Mocajuba, no Par\u00e1, devem passar por avalia\u00e7\u00e3o de pesquisadores da Universidade Federal Rural da Amaz\u00f4nia (Ufra). O munic\u00edpio \u00e9 conhecido pela presen\u00e7a dos animais na \u00e1rea do mercado [&hellip;]<\/p>\n","protected":false},"author":2,"featured_media":53067,"comment_status":"open","ping_status":"open","sticky":false,"template":"","format":"standard","meta":{"footnotes":""},"categories":[8],"tags":[123,751,945,18112,940,1380],"class_list":["post-53066","post","type-post","status-publish","format-standard","has-post-thumbnail","hentry","category-meio-ambiente","tag-amazonia","tag-botos","tag-meio-ambiente","tag-mocajuba","tag-para","tag-pesquisadores"],"yoast_head":"<!-- This site is optimized with the Yoast SEO plugin v26.5 - https:\/\/yoast.com\/wordpress\/plugins\/seo\/ -->\n<title>Pesquisadores refor\u00e7am monitoramento de botos na regi\u00e3o de Mocajuba, no Par\u00e1 - Jornal Fatos e Not\u00edcias<\/title>\n<meta name=\"robots\" content=\"index, follow, max-snippet:-1, max-image-preview:large, max-video-preview:-1\" \/>\n<link rel=\"canonical\" href=\"https:\/\/jornalfatosenoticias.com.br\/index.php\/2024\/07\/26\/pesquisadores-reforcam-monitoramento-de-botos-na-regiao-de-mocajuba-no-para\/\" \/>\n<meta property=\"og:locale\" content=\"pt_BR\" \/>\n<meta property=\"og:type\" content=\"article\" \/>\n<meta property=\"og:title\" content=\"Pesquisadores refor\u00e7am monitoramento de botos na regi\u00e3o de Mocajuba, no Par\u00e1 - Jornal Fatos e Not\u00edcias\" \/>\n<meta property=\"og:description\" content=\"Apesar do registro cient\u00edfico recente, a esp\u00e9cie j\u00e1 \u00e9 considerada &#8216;vulner\u00e1vel&#8217; e j\u00e1 integra a Lista Vermelha de Esp\u00e9cies Amea\u00e7adas Cerca de 12 botos da regi\u00e3o de Mocajuba, no Par\u00e1, devem passar por avalia\u00e7\u00e3o de pesquisadores da Universidade Federal Rural da Amaz\u00f4nia (Ufra). O munic\u00edpio \u00e9 conhecido pela presen\u00e7a dos animais na \u00e1rea do mercado [&hellip;]\" \/>\n<meta property=\"og:url\" content=\"https:\/\/jornalfatosenoticias.com.br\/index.php\/2024\/07\/26\/pesquisadores-reforcam-monitoramento-de-botos-na-regiao-de-mocajuba-no-para\/\" \/>\n<meta property=\"og:site_name\" content=\"Jornal Fatos e Not\u00edcias\" \/>\n<meta property=\"article:published_time\" content=\"2024-07-26T18:18:28+00:00\" \/>\n<meta property=\"article:modified_time\" content=\"2024-07-26T18:18:30+00:00\" \/>\n<meta property=\"og:image\" content=\"https:\/\/jornalfatosenoticias.com.br\/wp-content\/uploads\/2024\/07\/botos_istock.jpg\" \/>\n\t<meta property=\"og:image:width\" content=\"612\" \/>\n\t<meta property=\"og:image:height\" content=\"433\" \/>\n\t<meta property=\"og:image:type\" content=\"image\/jpeg\" \/>\n<meta name=\"author\" content=\"Luzimara Fernandes\" \/>\n<meta name=\"twitter:card\" content=\"summary_large_image\" \/>\n<meta name=\"twitter:label1\" content=\"Escrito por\" \/>\n\t<meta name=\"twitter:data1\" content=\"Luzimara Fernandes\" \/>\n\t<meta name=\"twitter:label2\" content=\"Est. tempo de leitura\" \/>\n\t<meta name=\"twitter:data2\" content=\"4 minutos\" \/>\n<script type=\"application\/ld+json\" class=\"yoast-schema-graph\">{\"@context\":\"https:\/\/schema.org\",\"@graph\":[{\"@type\":\"Article\",\"@id\":\"https:\/\/jornalfatosenoticias.com.br\/index.php\/2024\/07\/26\/pesquisadores-reforcam-monitoramento-de-botos-na-regiao-de-mocajuba-no-para\/#article\",\"isPartOf\":{\"@id\":\"https:\/\/jornalfatosenoticias.com.br\/index.php\/2024\/07\/26\/pesquisadores-reforcam-monitoramento-de-botos-na-regiao-de-mocajuba-no-para\/\"},\"author\":{\"name\":\"Luzimara Fernandes\",\"@id\":\"https:\/\/jornalfatosenoticias.com.br\/#\/schema\/person\/d63837fa13ac8666eb9e74e0985d6f81\"},\"headline\":\"Pesquisadores refor\u00e7am monitoramento de botos na regi\u00e3o de Mocajuba, no Par\u00e1\",\"datePublished\":\"2024-07-26T18:18:28+00:00\",\"dateModified\":\"2024-07-26T18:18:30+00:00\",\"mainEntityOfPage\":{\"@id\":\"https:\/\/jornalfatosenoticias.com.br\/index.php\/2024\/07\/26\/pesquisadores-reforcam-monitoramento-de-botos-na-regiao-de-mocajuba-no-para\/\"},\"wordCount\":878,\"commentCount\":0,\"publisher\":{\"@id\":\"https:\/\/jornalfatosenoticias.com.br\/#organization\"},\"image\":{\"@id\":\"https:\/\/jornalfatosenoticias.com.br\/index.php\/2024\/07\/26\/pesquisadores-reforcam-monitoramento-de-botos-na-regiao-de-mocajuba-no-para\/#primaryimage\"},\"thumbnailUrl\":\"https:\/\/jornalfatosenoticias.com.br\/wp-content\/uploads\/2024\/07\/botos_istock.jpg\",\"keywords\":[\"amaz\u00f4nia\",\"botos\",\"meio ambiente\",\"Mocajuba\",\"Par\u00e1\",\"pesquisadores\"],\"articleSection\":[\"Meio ambiente\"],\"inLanguage\":\"pt-BR\",\"potentialAction\":[{\"@type\":\"CommentAction\",\"name\":\"Comment\",\"target\":[\"https:\/\/jornalfatosenoticias.com.br\/index.php\/2024\/07\/26\/pesquisadores-reforcam-monitoramento-de-botos-na-regiao-de-mocajuba-no-para\/#respond\"]}]},{\"@type\":\"WebPage\",\"@id\":\"https:\/\/jornalfatosenoticias.com.br\/index.php\/2024\/07\/26\/pesquisadores-reforcam-monitoramento-de-botos-na-regiao-de-mocajuba-no-para\/\",\"url\":\"https:\/\/jornalfatosenoticias.com.br\/index.php\/2024\/07\/26\/pesquisadores-reforcam-monitoramento-de-botos-na-regiao-de-mocajuba-no-para\/\",\"name\":\"Pesquisadores refor\u00e7am monitoramento de botos na regi\u00e3o de Mocajuba, no Par\u00e1 - Jornal Fatos e Not\u00edcias\",\"isPartOf\":{\"@id\":\"https:\/\/jornalfatosenoticias.com.br\/#website\"},\"primaryImageOfPage\":{\"@id\":\"https:\/\/jornalfatosenoticias.com.br\/index.php\/2024\/07\/26\/pesquisadores-reforcam-monitoramento-de-botos-na-regiao-de-mocajuba-no-para\/#primaryimage\"},\"image\":{\"@id\":\"https:\/\/jornalfatosenoticias.com.br\/index.php\/2024\/07\/26\/pesquisadores-reforcam-monitoramento-de-botos-na-regiao-de-mocajuba-no-para\/#primaryimage\"},\"thumbnailUrl\":\"https:\/\/jornalfatosenoticias.com.br\/wp-content\/uploads\/2024\/07\/botos_istock.jpg\",\"datePublished\":\"2024-07-26T18:18:28+00:00\",\"dateModified\":\"2024-07-26T18:18:30+00:00\",\"breadcrumb\":{\"@id\":\"https:\/\/jornalfatosenoticias.com.br\/index.php\/2024\/07\/26\/pesquisadores-reforcam-monitoramento-de-botos-na-regiao-de-mocajuba-no-para\/#breadcrumb\"},\"inLanguage\":\"pt-BR\",\"potentialAction\":[{\"@type\":\"ReadAction\",\"target\":[\"https:\/\/jornalfatosenoticias.com.br\/index.php\/2024\/07\/26\/pesquisadores-reforcam-monitoramento-de-botos-na-regiao-de-mocajuba-no-para\/\"]}]},{\"@type\":\"ImageObject\",\"inLanguage\":\"pt-BR\",\"@id\":\"https:\/\/jornalfatosenoticias.com.br\/index.php\/2024\/07\/26\/pesquisadores-reforcam-monitoramento-de-botos-na-regiao-de-mocajuba-no-para\/#primaryimage\",\"url\":\"https:\/\/jornalfatosenoticias.com.br\/wp-content\/uploads\/2024\/07\/botos_istock.jpg\",\"contentUrl\":\"https:\/\/jornalfatosenoticias.com.br\/wp-content\/uploads\/2024\/07\/botos_istock.jpg\",\"width\":612,\"height\":433,\"caption\":\"pink river dolphin friends\"},{\"@type\":\"BreadcrumbList\",\"@id\":\"https:\/\/jornalfatosenoticias.com.br\/index.php\/2024\/07\/26\/pesquisadores-reforcam-monitoramento-de-botos-na-regiao-de-mocajuba-no-para\/#breadcrumb\",\"itemListElement\":[{\"@type\":\"ListItem\",\"position\":1,\"name\":\"In\u00edcio\",\"item\":\"https:\/\/jornalfatosenoticias.com.br\/\"},{\"@type\":\"ListItem\",\"position\":2,\"name\":\"Pesquisadores refor\u00e7am monitoramento de botos na regi\u00e3o de Mocajuba, no Par\u00e1\"}]},{\"@type\":\"WebSite\",\"@id\":\"https:\/\/jornalfatosenoticias.com.br\/#website\",\"url\":\"https:\/\/jornalfatosenoticias.com.br\/\",\"name\":\"Jornal Fatos e Not\u00edcias\",\"description\":\"Not\u00edcias em geral\",\"publisher\":{\"@id\":\"https:\/\/jornalfatosenoticias.com.br\/#organization\"},\"potentialAction\":[{\"@type\":\"SearchAction\",\"target\":{\"@type\":\"EntryPoint\",\"urlTemplate\":\"https:\/\/jornalfatosenoticias.com.br\/?s={search_term_string}\"},\"query-input\":{\"@type\":\"PropertyValueSpecification\",\"valueRequired\":true,\"valueName\":\"search_term_string\"}}],\"inLanguage\":\"pt-BR\"},{\"@type\":\"Organization\",\"@id\":\"https:\/\/jornalfatosenoticias.com.br\/#organization\",\"name\":\"Jornal Fatos e Not\u00edcias\",\"url\":\"https:\/\/jornalfatosenoticias.com.br\/\",\"logo\":{\"@type\":\"ImageObject\",\"inLanguage\":\"pt-BR\",\"@id\":\"https:\/\/jornalfatosenoticias.com.br\/#\/schema\/logo\/image\/\",\"url\":\"https:\/\/jornalfatosenoticias.com.br\/wp-content\/uploads\/2020\/02\/logo120.png\",\"contentUrl\":\"https:\/\/jornalfatosenoticias.com.br\/wp-content\/uploads\/2020\/02\/logo120.png\",\"width\":1227,\"height\":120,\"caption\":\"Jornal Fatos e Not\u00edcias\"},\"image\":{\"@id\":\"https:\/\/jornalfatosenoticias.com.br\/#\/schema\/logo\/image\/\"}},{\"@type\":\"Person\",\"@id\":\"https:\/\/jornalfatosenoticias.com.br\/#\/schema\/person\/d63837fa13ac8666eb9e74e0985d6f81\",\"name\":\"Luzimara Fernandes\",\"image\":{\"@type\":\"ImageObject\",\"inLanguage\":\"pt-BR\",\"@id\":\"https:\/\/jornalfatosenoticias.com.br\/#\/schema\/person\/image\/\",\"url\":\"https:\/\/jornalfatosenoticias.com.br\/wp-content\/uploads\/2025\/05\/EU_portal.jpg\",\"contentUrl\":\"https:\/\/jornalfatosenoticias.com.br\/wp-content\/uploads\/2025\/05\/EU_portal.jpg\",\"caption\":\"Luzimara Fernandes\"},\"description\":\"Jornalista MTB 2358-ES\",\"sameAs\":[\"https:\/\/jornalfatosenoticias.com.br\"],\"url\":\"https:\/\/jornalfatosenoticias.com.br\/index.php\/author\/luzimara\/\"}]}<\/script>\n<!-- \/ Yoast SEO plugin. -->","yoast_head_json":{"title":"Pesquisadores refor\u00e7am monitoramento de botos na regi\u00e3o de Mocajuba, no Par\u00e1 - Jornal Fatos e Not\u00edcias","robots":{"index":"index","follow":"follow","max-snippet":"max-snippet:-1","max-image-preview":"max-image-preview:large","max-video-preview":"max-video-preview:-1"},"canonical":"https:\/\/jornalfatosenoticias.com.br\/index.php\/2024\/07\/26\/pesquisadores-reforcam-monitoramento-de-botos-na-regiao-de-mocajuba-no-para\/","og_locale":"pt_BR","og_type":"article","og_title":"Pesquisadores refor\u00e7am monitoramento de botos na regi\u00e3o de Mocajuba, no Par\u00e1 - Jornal Fatos e Not\u00edcias","og_description":"Apesar do registro cient\u00edfico recente, a esp\u00e9cie j\u00e1 \u00e9 considerada &#8216;vulner\u00e1vel&#8217; e j\u00e1 integra a Lista Vermelha de Esp\u00e9cies Amea\u00e7adas Cerca de 12 botos da regi\u00e3o de Mocajuba, no Par\u00e1, devem passar por avalia\u00e7\u00e3o de pesquisadores da Universidade Federal Rural da Amaz\u00f4nia (Ufra). O munic\u00edpio \u00e9 conhecido pela presen\u00e7a dos animais na \u00e1rea do mercado [&hellip;]","og_url":"https:\/\/jornalfatosenoticias.com.br\/index.php\/2024\/07\/26\/pesquisadores-reforcam-monitoramento-de-botos-na-regiao-de-mocajuba-no-para\/","og_site_name":"Jornal Fatos e Not\u00edcias","article_published_time":"2024-07-26T18:18:28+00:00","article_modified_time":"2024-07-26T18:18:30+00:00","og_image":[{"width":612,"height":433,"url":"https:\/\/jornalfatosenoticias.com.br\/wp-content\/uploads\/2024\/07\/botos_istock.jpg","type":"image\/jpeg"}],"author":"Luzimara Fernandes","twitter_card":"summary_large_image","twitter_misc":{"Escrito por":"Luzimara Fernandes","Est. tempo de leitura":"4 minutos"},"schema":{"@context":"https:\/\/schema.org","@graph":[{"@type":"Article","@id":"https:\/\/jornalfatosenoticias.com.br\/index.php\/2024\/07\/26\/pesquisadores-reforcam-monitoramento-de-botos-na-regiao-de-mocajuba-no-para\/#article","isPartOf":{"@id":"https:\/\/jornalfatosenoticias.com.br\/index.php\/2024\/07\/26\/pesquisadores-reforcam-monitoramento-de-botos-na-regiao-de-mocajuba-no-para\/"},"author":{"name":"Luzimara Fernandes","@id":"https:\/\/jornalfatosenoticias.com.br\/#\/schema\/person\/d63837fa13ac8666eb9e74e0985d6f81"},"headline":"Pesquisadores refor\u00e7am monitoramento de botos na regi\u00e3o de Mocajuba, no Par\u00e1","datePublished":"2024-07-26T18:18:28+00:00","dateModified":"2024-07-26T18:18:30+00:00","mainEntityOfPage":{"@id":"https:\/\/jornalfatosenoticias.com.br\/index.php\/2024\/07\/26\/pesquisadores-reforcam-monitoramento-de-botos-na-regiao-de-mocajuba-no-para\/"},"wordCount":878,"commentCount":0,"publisher":{"@id":"https:\/\/jornalfatosenoticias.com.br\/#organization"},"image":{"@id":"https:\/\/jornalfatosenoticias.com.br\/index.php\/2024\/07\/26\/pesquisadores-reforcam-monitoramento-de-botos-na-regiao-de-mocajuba-no-para\/#primaryimage"},"thumbnailUrl":"https:\/\/jornalfatosenoticias.com.br\/wp-content\/uploads\/2024\/07\/botos_istock.jpg","keywords":["amaz\u00f4nia","botos","meio ambiente","Mocajuba","Par\u00e1","pesquisadores"],"articleSection":["Meio ambiente"],"inLanguage":"pt-BR","potentialAction":[{"@type":"CommentAction","name":"Comment","target":["https:\/\/jornalfatosenoticias.com.br\/index.php\/2024\/07\/26\/pesquisadores-reforcam-monitoramento-de-botos-na-regiao-de-mocajuba-no-para\/#respond"]}]},{"@type":"WebPage","@id":"https:\/\/jornalfatosenoticias.com.br\/index.php\/2024\/07\/26\/pesquisadores-reforcam-monitoramento-de-botos-na-regiao-de-mocajuba-no-para\/","url":"https:\/\/jornalfatosenoticias.com.br\/index.php\/2024\/07\/26\/pesquisadores-reforcam-monitoramento-de-botos-na-regiao-de-mocajuba-no-para\/","name":"Pesquisadores refor\u00e7am monitoramento de botos na regi\u00e3o de Mocajuba, no Par\u00e1 - Jornal Fatos e Not\u00edcias","isPartOf":{"@id":"https:\/\/jornalfatosenoticias.com.br\/#website"},"primaryImageOfPage":{"@id":"https:\/\/jornalfatosenoticias.com.br\/index.php\/2024\/07\/26\/pesquisadores-reforcam-monitoramento-de-botos-na-regiao-de-mocajuba-no-para\/#primaryimage"},"image":{"@id":"https:\/\/jornalfatosenoticias.com.br\/index.php\/2024\/07\/26\/pesquisadores-reforcam-monitoramento-de-botos-na-regiao-de-mocajuba-no-para\/#primaryimage"},"thumbnailUrl":"https:\/\/jornalfatosenoticias.com.br\/wp-content\/uploads\/2024\/07\/botos_istock.jpg","datePublished":"2024-07-26T18:18:28+00:00","dateModified":"2024-07-26T18:18:30+00:00","breadcrumb":{"@id":"https:\/\/jornalfatosenoticias.com.br\/index.php\/2024\/07\/26\/pesquisadores-reforcam-monitoramento-de-botos-na-regiao-de-mocajuba-no-para\/#breadcrumb"},"inLanguage":"pt-BR","potentialAction":[{"@type":"ReadAction","target":["https:\/\/jornalfatosenoticias.com.br\/index.php\/2024\/07\/26\/pesquisadores-reforcam-monitoramento-de-botos-na-regiao-de-mocajuba-no-para\/"]}]},{"@type":"ImageObject","inLanguage":"pt-BR","@id":"https:\/\/jornalfatosenoticias.com.br\/index.php\/2024\/07\/26\/pesquisadores-reforcam-monitoramento-de-botos-na-regiao-de-mocajuba-no-para\/#primaryimage","url":"https:\/\/jornalfatosenoticias.com.br\/wp-content\/uploads\/2024\/07\/botos_istock.jpg","contentUrl":"https:\/\/jornalfatosenoticias.com.br\/wp-content\/uploads\/2024\/07\/botos_istock.jpg","width":612,"height":433,"caption":"pink river dolphin friends"},{"@type":"BreadcrumbList","@id":"https:\/\/jornalfatosenoticias.com.br\/index.php\/2024\/07\/26\/pesquisadores-reforcam-monitoramento-de-botos-na-regiao-de-mocajuba-no-para\/#breadcrumb","itemListElement":[{"@type":"ListItem","position":1,"name":"In\u00edcio","item":"https:\/\/jornalfatosenoticias.com.br\/"},{"@type":"ListItem","position":2,"name":"Pesquisadores refor\u00e7am monitoramento de botos na regi\u00e3o de Mocajuba, no Par\u00e1"}]},{"@type":"WebSite","@id":"https:\/\/jornalfatosenoticias.com.br\/#website","url":"https:\/\/jornalfatosenoticias.com.br\/","name":"Jornal Fatos e Not\u00edcias","description":"Not\u00edcias em geral","publisher":{"@id":"https:\/\/jornalfatosenoticias.com.br\/#organization"},"potentialAction":[{"@type":"SearchAction","target":{"@type":"EntryPoint","urlTemplate":"https:\/\/jornalfatosenoticias.com.br\/?s={search_term_string}"},"query-input":{"@type":"PropertyValueSpecification","valueRequired":true,"valueName":"search_term_string"}}],"inLanguage":"pt-BR"},{"@type":"Organization","@id":"https:\/\/jornalfatosenoticias.com.br\/#organization","name":"Jornal Fatos e Not\u00edcias","url":"https:\/\/jornalfatosenoticias.com.br\/","logo":{"@type":"ImageObject","inLanguage":"pt-BR","@id":"https:\/\/jornalfatosenoticias.com.br\/#\/schema\/logo\/image\/","url":"https:\/\/jornalfatosenoticias.com.br\/wp-content\/uploads\/2020\/02\/logo120.png","contentUrl":"https:\/\/jornalfatosenoticias.com.br\/wp-content\/uploads\/2020\/02\/logo120.png","width":1227,"height":120,"caption":"Jornal Fatos e Not\u00edcias"},"image":{"@id":"https:\/\/jornalfatosenoticias.com.br\/#\/schema\/logo\/image\/"}},{"@type":"Person","@id":"https:\/\/jornalfatosenoticias.com.br\/#\/schema\/person\/d63837fa13ac8666eb9e74e0985d6f81","name":"Luzimara Fernandes","image":{"@type":"ImageObject","inLanguage":"pt-BR","@id":"https:\/\/jornalfatosenoticias.com.br\/#\/schema\/person\/image\/","url":"https:\/\/jornalfatosenoticias.com.br\/wp-content\/uploads\/2025\/05\/EU_portal.jpg","contentUrl":"https:\/\/jornalfatosenoticias.com.br\/wp-content\/uploads\/2025\/05\/EU_portal.jpg","caption":"Luzimara Fernandes"},"description":"Jornalista MTB 2358-ES","sameAs":["https:\/\/jornalfatosenoticias.com.br"],"url":"https:\/\/jornalfatosenoticias.com.br\/index.php\/author\/luzimara\/"}]}},"cc_featured_image_caption":{"caption_text":"(Foto: iStock) ","source_text":"","source_url":""},"jetpack_featured_media_url":"https:\/\/jornalfatosenoticias.com.br\/wp-content\/uploads\/2024\/07\/botos_istock.jpg","_links":{"self":[{"href":"https:\/\/jornalfatosenoticias.com.br\/index.php\/wp-json\/wp\/v2\/posts\/53066","targetHints":{"allow":["GET"]}}],"collection":[{"href":"https:\/\/jornalfatosenoticias.com.br\/index.php\/wp-json\/wp\/v2\/posts"}],"about":[{"href":"https:\/\/jornalfatosenoticias.com.br\/index.php\/wp-json\/wp\/v2\/types\/post"}],"author":[{"embeddable":true,"href":"https:\/\/jornalfatosenoticias.com.br\/index.php\/wp-json\/wp\/v2\/users\/2"}],"replies":[{"embeddable":true,"href":"https:\/\/jornalfatosenoticias.com.br\/index.php\/wp-json\/wp\/v2\/comments?post=53066"}],"version-history":[{"count":0,"href":"https:\/\/jornalfatosenoticias.com.br\/index.php\/wp-json\/wp\/v2\/posts\/53066\/revisions"}],"wp:featuredmedia":[{"embeddable":true,"href":"https:\/\/jornalfatosenoticias.com.br\/index.php\/wp-json\/wp\/v2\/media\/53067"}],"wp:attachment":[{"href":"https:\/\/jornalfatosenoticias.com.br\/index.php\/wp-json\/wp\/v2\/media?parent=53066"}],"wp:term":[{"taxonomy":"category","embeddable":true,"href":"https:\/\/jornalfatosenoticias.com.br\/index.php\/wp-json\/wp\/v2\/categories?post=53066"},{"taxonomy":"post_tag","embeddable":true,"href":"https:\/\/jornalfatosenoticias.com.br\/index.php\/wp-json\/wp\/v2\/tags?post=53066"}],"curies":[{"name":"wp","href":"https:\/\/api.w.org\/{rel}","templated":true}]}}