{"id":53072,"date":"2024-07-26T15:51:47","date_gmt":"2024-07-26T18:51:47","guid":{"rendered":"https:\/\/jornalfatosenoticias.com.br\/?p=53072"},"modified":"2024-07-26T15:51:49","modified_gmt":"2024-07-26T18:51:49","slug":"luis-claudio-filho-de-lula-fez-negociacao-com-empresa-em-cuba","status":"publish","type":"post","link":"https:\/\/jornalfatosenoticias.com.br\/index.php\/2024\/07\/26\/luis-claudio-filho-de-lula-fez-negociacao-com-empresa-em-cuba\/","title":{"rendered":"Lu\u00eds Cl\u00e1udio, filho de Lula, fez negocia\u00e7\u00e3o com empresa em Cuba"},"content":{"rendered":"\n<div class=\"wp-block-image\"><figure class=\"aligncenter size-large is-resized\"><a href=\"https:\/\/www.facebook.com\/vetor.vix\/\"><img loading=\"lazy\" decoding=\"async\" src=\"https:\/\/jornalfatosenoticias.com.br\/wp-content\/uploads\/2023\/09\/vetorvix1024_1.jpg\" alt=\"\" class=\"wp-image-44868\" width=\"550\" height=\"146\" srcset=\"https:\/\/jornalfatosenoticias.com.br\/wp-content\/uploads\/2023\/09\/vetorvix1024_1.jpg 1024w, https:\/\/jornalfatosenoticias.com.br\/wp-content\/uploads\/2023\/09\/vetorvix1024_1-300x80.jpg 300w, https:\/\/jornalfatosenoticias.com.br\/wp-content\/uploads\/2023\/09\/vetorvix1024_1-768x205.jpg 768w\" sizes=\"auto, (max-width: 550px) 100vw, 550px\" \/><\/a><\/figure><\/div>\n\n\n\n<p>Em 15 de setembro de 2023, Lu\u00eds Cl\u00e1udio, filho ca\u00e7ula de Lula, fechou um contrato com uma empresa em Cuba. Esse acordo aconteceu no mesmo dia em que ele se encontrou com o pai, que estava no pa\u00eds para participar do G77, um grupo de pa\u00edses em desenvolvimento. <em>As informa\u00e7\u00f5es s\u00e3o da coluna de Paulo Cappelli\/Metr\u00f3poles.<\/em><br>Apesar das especula\u00e7\u00f5es dos parlamentares da oposi\u00e7\u00e3o, Lu\u00eds Cl\u00e1udio n\u00e3o fez parte da comitiva oficial que viajou com Lula e Janja no voo da For\u00e7a A\u00e9rea Brasileira (FAB). Ele j\u00e1 se encontrava em Cuba cuidando de assuntos particulares quando o avi\u00e3o presidencial aterrissou.<\/p>\n\n\n\n<div class=\"wp-block-image\"><figure class=\"aligncenter size-large\"><a href=\"https:\/\/www.instagram.com\/baraodascarnes.es\/\"><img decoding=\"async\" src=\"https:\/\/jornalfatosenoticias.com.br\/wp-content\/uploads\/2020\/02\/barao-das-carnes-300x164-1.jpg\" alt=\"\" class=\"wp-image-34339\"\/><\/a><\/figure><\/div>\n\n\n\n<p>A assinatura do termo de refer\u00eancia ocorreu em Havana e incluiu uma cl\u00e1usula de confidencialidade. Isso significa que nenhum detalhe sobre o acordo pode ser divulgado, a n\u00e3o ser entre as partes envolvidas. Quando questionado pela coluna, Lu\u00eds Cl\u00e1udio disse: <\/p>\n\n\n\n<div class=\"wp-block-image\"><figure class=\"aligncenter size-large is-resized\"><img loading=\"lazy\" decoding=\"async\" src=\"https:\/\/jornalfatosenoticias.com.br\/wp-content\/uploads\/2022\/02\/Precisao-Contabilidade-1024x724.jpg\" alt=\"\" class=\"wp-image-28088\" width=\"301\" height=\"213\"\/><\/figure><\/div>\n\n\n\n<blockquote class=\"wp-block-quote is-layout-flow wp-block-quote-is-layout-flow\"><p><span class=\"has-inline-color has-luminous-vivid-orange-color\">Por quest\u00e3o de confidencialidade, eu n\u00e3o posso falar sobre o tema\u201d.<\/span><\/p><\/blockquote>\n\n\n\n<div class=\"wp-block-image\"><figure class=\"aligncenter size-large is-resized\"><a href=\"https:\/\/www.ithbrasil.com.br\/\"><img loading=\"lazy\" decoding=\"async\" src=\"https:\/\/jornalfatosenoticias.com.br\/wp-content\/uploads\/2023\/08\/ITH.jpeg\" alt=\"\" class=\"wp-image-44638\" width=\"301\" height=\"244\" srcset=\"https:\/\/jornalfatosenoticias.com.br\/wp-content\/uploads\/2023\/08\/ITH.jpeg 800w, https:\/\/jornalfatosenoticias.com.br\/wp-content\/uploads\/2023\/08\/ITH-300x244.jpeg 300w, https:\/\/jornalfatosenoticias.com.br\/wp-content\/uploads\/2023\/08\/ITH-768x624.jpeg 768w\" sizes=\"auto, (max-width: 301px) 100vw, 301px\" \/><\/a><\/figure><\/div>\n\n\n\n<p>Ainda n\u00e3o est\u00e1 claro se a empresa com a qual ele fechou o contrato possui escrit\u00f3rio em Cuba ou no Brasil. Esta \u00faltima hip\u00f3tese, embora poss\u00edvel, \u00e9 menos prov\u00e1vel, pois significaria que o termo foi assinado remotamente.<\/p>\n\n\n\n<div class=\"wp-block-image\"><figure class=\"aligncenter size-large is-resized\"><a href=\"https:\/\/www.controlsystems.com.br\/\"><img loading=\"lazy\" decoding=\"async\" src=\"https:\/\/jornalfatosenoticias.com.br\/wp-content\/uploads\/2020\/02\/CONTROL-CS.jpg\" alt=\"\" class=\"wp-image-44991\" width=\"308\" height=\"369\" srcset=\"https:\/\/jornalfatosenoticias.com.br\/wp-content\/uploads\/2020\/02\/CONTROL-CS.jpg 834w, https:\/\/jornalfatosenoticias.com.br\/wp-content\/uploads\/2020\/02\/CONTROL-CS-250x300.jpg 250w, https:\/\/jornalfatosenoticias.com.br\/wp-content\/uploads\/2020\/02\/CONTROL-CS-768x921.jpg 768w\" sizes=\"auto, (max-width: 308px) 100vw, 308px\" \/><\/a><\/figure><\/div>\n\n\n\n<p>A revela\u00e7\u00e3o sobre o contrato de Lu\u00eds Cl\u00e1udio com a empresa em Cuba foi feita pela coluna na sexta-feira, 19 de julho de 2023. No dia do acordo, ele fez quest\u00e3o de adicionar um coment\u00e1rio pol\u00eamico durante uma conversa no WhatsApp com a m\u00e9dica Nat\u00e1lia Schincariol. Lu\u00eds Cl\u00e1udio se referiu a Janja, dizendo: \u201cA p*ta vai estar junto\u201d. O contexto da conversa era a agenda do dia, que inclu\u00eda um encontro com o pai ap\u00f3s a assinatura do contrato.<\/p>\n\n\n\n<div class=\"wp-block-image\"><figure class=\"aligncenter size-large is-resized\"><a href=\"https:\/\/hotelmarquetti.com.br\/\"><img loading=\"lazy\" decoding=\"async\" src=\"https:\/\/jornalfatosenoticias.com.br\/wp-content\/uploads\/2023\/03\/nova-logo-Marquetti.jpg\" alt=\"\" class=\"wp-image-40207\" width=\"311\" height=\"209\" srcset=\"https:\/\/jornalfatosenoticias.com.br\/wp-content\/uploads\/2023\/03\/nova-logo-Marquetti.jpg 643w, https:\/\/jornalfatosenoticias.com.br\/wp-content\/uploads\/2023\/03\/nova-logo-Marquetti-300x202.jpg 300w\" sizes=\"auto, (max-width: 311px) 100vw, 311px\" \/><\/a><\/figure><\/div>\n\n\n\n<p>Lu\u00eds Cl\u00e1udio \u00e9 conhecido por seu trabalho como s\u00f3cio-administrador da LFT Marketing Esportivo e da Touchdown Promo\u00e7\u00e3o de Eventos Esportivos. As empresas lidam principalmente com eventos esportivos e marketing. No ano passado, foi revelado pela Folha de S. Paulo que Cuba informou ao governo Lula que n\u00e3o tinha condi\u00e7\u00f5es de pagar uma d\u00edvida bilion\u00e1ria com o Brasil, que chega a R$ 2,6 bilh\u00f5es. Grande parte desse valor foi emprestado via BNDES para financiar o Porto de Mariel, que fica a 40 quil\u00f4metros de Havana.<\/p>\n\n\n\n<div class=\"wp-block-image\"><figure class=\"aligncenter size-large\"><a href=\"http:\/\/www.ferrarimaquinas.com.br\/\"><img loading=\"lazy\" decoding=\"async\" width=\"300\" height=\"250\" src=\"https:\/\/jornalfatosenoticias.com.br\/wp-content\/uploads\/2022\/02\/FERRARI_MAQUINAS-E-FERRAMENTAS2.jpg\" alt=\"\" class=\"wp-image-27860\"\/><\/a><\/figure><\/div>\n\n\n\n<p>O Porto de Mariel tem uma zona de desenvolvimento especial que oferece benef\u00edcios para empresas estrangeiras, em contraste com o modelo econ\u00f4mico mais fechado que caracteriza o restante do pa\u00eds. Na \u00e9poca da inaugura\u00e7\u00e3o do porto em 2014, durante o governo da ent\u00e3o presidente Dilma Rousseff, o investimento foi apresentado como uma oportunidade para empresas brasileiras em territ\u00f3rio cubano.<\/p>\n\n\n\n<div class=\"wp-block-image\"><figure class=\"aligncenter size-large is-resized\"><a href=\"https:\/\/www.instagram.com\/rapuzeljastro\/\"><img loading=\"lazy\" decoding=\"async\" src=\"https:\/\/jornalfatosenoticias.com.br\/wp-content\/uploads\/2020\/02\/logo-Rapuzel-1024x571.jpg\" alt=\"\" class=\"wp-image-42808\" width=\"345\" height=\"192\" srcset=\"https:\/\/jornalfatosenoticias.com.br\/wp-content\/uploads\/2020\/02\/logo-Rapuzel-1024x571.jpg 1024w, https:\/\/jornalfatosenoticias.com.br\/wp-content\/uploads\/2020\/02\/logo-Rapuzel-300x167.jpg 300w, https:\/\/jornalfatosenoticias.com.br\/wp-content\/uploads\/2020\/02\/logo-Rapuzel-768x428.jpg 768w, https:\/\/jornalfatosenoticias.com.br\/wp-content\/uploads\/2020\/02\/logo-Rapuzel-1536x856.jpg 1536w, https:\/\/jornalfatosenoticias.com.br\/wp-content\/uploads\/2020\/02\/logo-Rapuzel.jpg 1600w\" sizes=\"auto, (max-width: 345px) 100vw, 345px\" \/><\/a><\/figure><\/div>\n\n\n\n<ul class=\"wp-block-list\"><li>A d\u00edvida total de Cuba com o Brasil \u00e9 de R$ 2,6 bilh\u00f5es.<\/li><li>Grande parte dos recursos foi usada no Porto de Mariel.<\/li><li>O Porto de Mariel prop\u00f5e uma zona de desenvolvimento especial para atrair empresas estrangeiras.<\/li><\/ul>\n\n\n\n<div class=\"wp-block-image\"><figure class=\"aligncenter size-large\"><a href=\"https:\/\/cesconetto.com.br\/\"><img loading=\"lazy\" decoding=\"async\" width=\"300\" height=\"250\" src=\"https:\/\/jornalfatosenoticias.com.br\/wp-content\/uploads\/2020\/02\/Banner-2.png\" alt=\"\" class=\"wp-image-43787\"\/><\/a><\/figure><\/div>\n\n\n\n<p>O projeto do Porto de Mariel foi uma tentativa de dinamizar a economia cubana e atrair investimentos estrangeiros. No entanto, o pa\u00eds ainda enfrenta dificuldades financeiras significativas, levando ao pedido de \u201cflexibilidade\u201d para retomar os pagamentos da d\u00edvida com o Brasil. Essa situa\u00e7\u00e3o cria um cen\u00e1rio complexo para as rela\u00e7\u00f5es econ\u00f4micas entre os dois pa\u00edses.<\/p>\n\n\n\n<div class=\"wp-block-image\"><figure class=\"aligncenter size-large is-resized\"><a href=\"https:\/\/panper.com.br\/\"><img loading=\"lazy\" decoding=\"async\" src=\"https:\/\/jornalfatosenoticias.com.br\/wp-content\/uploads\/2023\/03\/logo-Panper_portal.jpg\" alt=\"\" class=\"wp-image-40208\" width=\"331\" height=\"229\" srcset=\"https:\/\/jornalfatosenoticias.com.br\/wp-content\/uploads\/2023\/03\/logo-Panper_portal.jpg 400w, https:\/\/jornalfatosenoticias.com.br\/wp-content\/uploads\/2023\/03\/logo-Panper_portal-300x208.jpg 300w\" sizes=\"auto, (max-width: 331px) 100vw, 331px\" \/><\/a><\/figure><\/div>\n\n\n\n<p><strong><em>Fonte: <a href=\"https:\/\/terrabrasilnoticias.com\/2024\/07\/luis-claudio-filho-de-lula-fez-negociacao-com-empresa-em-cuba\/\">Terra Brasil Not\u00edcias<\/a><\/em><\/strong><\/p>\n","protected":false},"excerpt":{"rendered":"<p>Em 15 de setembro de 2023, Lu\u00eds Cl\u00e1udio, filho ca\u00e7ula de Lula, fechou um contrato com uma empresa em Cuba. Esse acordo aconteceu no mesmo dia em que ele se encontrou com o pai, que estava no pa\u00eds para participar do G77, um grupo de pa\u00edses em desenvolvimento. As informa\u00e7\u00f5es s\u00e3o da coluna de Paulo [&hellip;]<\/p>\n","protected":false},"author":2,"featured_media":53073,"comment_status":"open","ping_status":"open","sticky":false,"template":"","format":"standard","meta":{"footnotes":""},"categories":[10],"tags":[2129,5043,21685,21686,24208,24205],"class_list":["post-53072","post","type-post","status-publish","format-standard","has-post-thumbnail","hentry","category-politica","tag-corrupcao","tag-cuba","tag-filho-de-lula","tag-lulinha","tag-negocios-escusos","tag-regime-comunista"],"yoast_head":"<!-- This site is optimized with the Yoast SEO plugin v26.5 - https:\/\/yoast.com\/wordpress\/plugins\/seo\/ -->\n<title>Lu\u00eds Cl\u00e1udio, filho de Lula, fez negocia\u00e7\u00e3o com empresa em Cuba - Jornal Fatos e Not\u00edcias<\/title>\n<meta name=\"robots\" content=\"index, follow, max-snippet:-1, max-image-preview:large, max-video-preview:-1\" \/>\n<link rel=\"canonical\" href=\"https:\/\/jornalfatosenoticias.com.br\/index.php\/2024\/07\/26\/luis-claudio-filho-de-lula-fez-negociacao-com-empresa-em-cuba\/\" \/>\n<meta property=\"og:locale\" content=\"pt_BR\" \/>\n<meta property=\"og:type\" content=\"article\" \/>\n<meta property=\"og:title\" content=\"Lu\u00eds Cl\u00e1udio, filho de Lula, fez negocia\u00e7\u00e3o com empresa em Cuba - Jornal Fatos e Not\u00edcias\" \/>\n<meta property=\"og:description\" content=\"Em 15 de setembro de 2023, Lu\u00eds Cl\u00e1udio, filho ca\u00e7ula de Lula, fechou um contrato com uma empresa em Cuba. Esse acordo aconteceu no mesmo dia em que ele se encontrou com o pai, que estava no pa\u00eds para participar do G77, um grupo de pa\u00edses em desenvolvimento. As informa\u00e7\u00f5es s\u00e3o da coluna de Paulo [&hellip;]\" \/>\n<meta property=\"og:url\" content=\"https:\/\/jornalfatosenoticias.com.br\/index.php\/2024\/07\/26\/luis-claudio-filho-de-lula-fez-negociacao-com-empresa-em-cuba\/\" \/>\n<meta property=\"og:site_name\" content=\"Jornal Fatos e Not\u00edcias\" \/>\n<meta property=\"article:published_time\" content=\"2024-07-26T18:51:47+00:00\" \/>\n<meta property=\"article:modified_time\" content=\"2024-07-26T18:51:49+00:00\" \/>\n<meta property=\"og:image\" content=\"https:\/\/jornalfatosenoticias.com.br\/wp-content\/uploads\/2024\/07\/molusquinho.jpg\" \/>\n\t<meta property=\"og:image:width\" content=\"1438\" \/>\n\t<meta property=\"og:image:height\" content=\"879\" \/>\n\t<meta property=\"og:image:type\" content=\"image\/jpeg\" \/>\n<meta name=\"author\" content=\"Luzimara Fernandes\" \/>\n<meta name=\"twitter:card\" content=\"summary_large_image\" \/>\n<meta name=\"twitter:label1\" content=\"Escrito por\" \/>\n\t<meta name=\"twitter:data1\" content=\"Luzimara Fernandes\" \/>\n\t<meta name=\"twitter:label2\" content=\"Est. tempo de leitura\" \/>\n\t<meta name=\"twitter:data2\" content=\"3 minutos\" \/>\n<script type=\"application\/ld+json\" class=\"yoast-schema-graph\">{\"@context\":\"https:\/\/schema.org\",\"@graph\":[{\"@type\":\"Article\",\"@id\":\"https:\/\/jornalfatosenoticias.com.br\/index.php\/2024\/07\/26\/luis-claudio-filho-de-lula-fez-negociacao-com-empresa-em-cuba\/#article\",\"isPartOf\":{\"@id\":\"https:\/\/jornalfatosenoticias.com.br\/index.php\/2024\/07\/26\/luis-claudio-filho-de-lula-fez-negociacao-com-empresa-em-cuba\/\"},\"author\":{\"name\":\"Luzimara Fernandes\",\"@id\":\"https:\/\/jornalfatosenoticias.com.br\/#\/schema\/person\/d63837fa13ac8666eb9e74e0985d6f81\"},\"headline\":\"Lu\u00eds Cl\u00e1udio, filho de Lula, fez negocia\u00e7\u00e3o com empresa em Cuba\",\"datePublished\":\"2024-07-26T18:51:47+00:00\",\"dateModified\":\"2024-07-26T18:51:49+00:00\",\"mainEntityOfPage\":{\"@id\":\"https:\/\/jornalfatosenoticias.com.br\/index.php\/2024\/07\/26\/luis-claudio-filho-de-lula-fez-negociacao-com-empresa-em-cuba\/\"},\"wordCount\":577,\"commentCount\":0,\"publisher\":{\"@id\":\"https:\/\/jornalfatosenoticias.com.br\/#organization\"},\"image\":{\"@id\":\"https:\/\/jornalfatosenoticias.com.br\/index.php\/2024\/07\/26\/luis-claudio-filho-de-lula-fez-negociacao-com-empresa-em-cuba\/#primaryimage\"},\"thumbnailUrl\":\"https:\/\/jornalfatosenoticias.com.br\/wp-content\/uploads\/2024\/07\/molusquinho.jpg\",\"keywords\":[\"corrup\u00e7\u00e3o\",\"Cuba\",\"filho de Lula\",\"Lulinha\",\"neg\u00f3cios escusos\",\"regime comunista\"],\"articleSection\":[\"Pol\u00edtica\"],\"inLanguage\":\"pt-BR\",\"potentialAction\":[{\"@type\":\"CommentAction\",\"name\":\"Comment\",\"target\":[\"https:\/\/jornalfatosenoticias.com.br\/index.php\/2024\/07\/26\/luis-claudio-filho-de-lula-fez-negociacao-com-empresa-em-cuba\/#respond\"]}]},{\"@type\":\"WebPage\",\"@id\":\"https:\/\/jornalfatosenoticias.com.br\/index.php\/2024\/07\/26\/luis-claudio-filho-de-lula-fez-negociacao-com-empresa-em-cuba\/\",\"url\":\"https:\/\/jornalfatosenoticias.com.br\/index.php\/2024\/07\/26\/luis-claudio-filho-de-lula-fez-negociacao-com-empresa-em-cuba\/\",\"name\":\"Lu\u00eds Cl\u00e1udio, filho de Lula, fez negocia\u00e7\u00e3o com empresa em Cuba - Jornal Fatos e Not\u00edcias\",\"isPartOf\":{\"@id\":\"https:\/\/jornalfatosenoticias.com.br\/#website\"},\"primaryImageOfPage\":{\"@id\":\"https:\/\/jornalfatosenoticias.com.br\/index.php\/2024\/07\/26\/luis-claudio-filho-de-lula-fez-negociacao-com-empresa-em-cuba\/#primaryimage\"},\"image\":{\"@id\":\"https:\/\/jornalfatosenoticias.com.br\/index.php\/2024\/07\/26\/luis-claudio-filho-de-lula-fez-negociacao-com-empresa-em-cuba\/#primaryimage\"},\"thumbnailUrl\":\"https:\/\/jornalfatosenoticias.com.br\/wp-content\/uploads\/2024\/07\/molusquinho.jpg\",\"datePublished\":\"2024-07-26T18:51:47+00:00\",\"dateModified\":\"2024-07-26T18:51:49+00:00\",\"breadcrumb\":{\"@id\":\"https:\/\/jornalfatosenoticias.com.br\/index.php\/2024\/07\/26\/luis-claudio-filho-de-lula-fez-negociacao-com-empresa-em-cuba\/#breadcrumb\"},\"inLanguage\":\"pt-BR\",\"potentialAction\":[{\"@type\":\"ReadAction\",\"target\":[\"https:\/\/jornalfatosenoticias.com.br\/index.php\/2024\/07\/26\/luis-claudio-filho-de-lula-fez-negociacao-com-empresa-em-cuba\/\"]}]},{\"@type\":\"ImageObject\",\"inLanguage\":\"pt-BR\",\"@id\":\"https:\/\/jornalfatosenoticias.com.br\/index.php\/2024\/07\/26\/luis-claudio-filho-de-lula-fez-negociacao-com-empresa-em-cuba\/#primaryimage\",\"url\":\"https:\/\/jornalfatosenoticias.com.br\/wp-content\/uploads\/2024\/07\/molusquinho.jpg\",\"contentUrl\":\"https:\/\/jornalfatosenoticias.com.br\/wp-content\/uploads\/2024\/07\/molusquinho.jpg\",\"width\":1438,\"height\":879},{\"@type\":\"BreadcrumbList\",\"@id\":\"https:\/\/jornalfatosenoticias.com.br\/index.php\/2024\/07\/26\/luis-claudio-filho-de-lula-fez-negociacao-com-empresa-em-cuba\/#breadcrumb\",\"itemListElement\":[{\"@type\":\"ListItem\",\"position\":1,\"name\":\"In\u00edcio\",\"item\":\"https:\/\/jornalfatosenoticias.com.br\/\"},{\"@type\":\"ListItem\",\"position\":2,\"name\":\"Lu\u00eds Cl\u00e1udio, filho de Lula, fez negocia\u00e7\u00e3o com empresa em Cuba\"}]},{\"@type\":\"WebSite\",\"@id\":\"https:\/\/jornalfatosenoticias.com.br\/#website\",\"url\":\"https:\/\/jornalfatosenoticias.com.br\/\",\"name\":\"Jornal Fatos e Not\u00edcias\",\"description\":\"Not\u00edcias em geral\",\"publisher\":{\"@id\":\"https:\/\/jornalfatosenoticias.com.br\/#organization\"},\"potentialAction\":[{\"@type\":\"SearchAction\",\"target\":{\"@type\":\"EntryPoint\",\"urlTemplate\":\"https:\/\/jornalfatosenoticias.com.br\/?s={search_term_string}\"},\"query-input\":{\"@type\":\"PropertyValueSpecification\",\"valueRequired\":true,\"valueName\":\"search_term_string\"}}],\"inLanguage\":\"pt-BR\"},{\"@type\":\"Organization\",\"@id\":\"https:\/\/jornalfatosenoticias.com.br\/#organization\",\"name\":\"Jornal Fatos e Not\u00edcias\",\"url\":\"https:\/\/jornalfatosenoticias.com.br\/\",\"logo\":{\"@type\":\"ImageObject\",\"inLanguage\":\"pt-BR\",\"@id\":\"https:\/\/jornalfatosenoticias.com.br\/#\/schema\/logo\/image\/\",\"url\":\"https:\/\/jornalfatosenoticias.com.br\/wp-content\/uploads\/2020\/02\/logo120.png\",\"contentUrl\":\"https:\/\/jornalfatosenoticias.com.br\/wp-content\/uploads\/2020\/02\/logo120.png\",\"width\":1227,\"height\":120,\"caption\":\"Jornal Fatos e Not\u00edcias\"},\"image\":{\"@id\":\"https:\/\/jornalfatosenoticias.com.br\/#\/schema\/logo\/image\/\"}},{\"@type\":\"Person\",\"@id\":\"https:\/\/jornalfatosenoticias.com.br\/#\/schema\/person\/d63837fa13ac8666eb9e74e0985d6f81\",\"name\":\"Luzimara Fernandes\",\"image\":{\"@type\":\"ImageObject\",\"inLanguage\":\"pt-BR\",\"@id\":\"https:\/\/jornalfatosenoticias.com.br\/#\/schema\/person\/image\/\",\"url\":\"https:\/\/jornalfatosenoticias.com.br\/wp-content\/uploads\/2025\/05\/EU_portal.jpg\",\"contentUrl\":\"https:\/\/jornalfatosenoticias.com.br\/wp-content\/uploads\/2025\/05\/EU_portal.jpg\",\"caption\":\"Luzimara Fernandes\"},\"description\":\"Jornalista MTB 2358-ES\",\"sameAs\":[\"https:\/\/jornalfatosenoticias.com.br\"],\"url\":\"https:\/\/jornalfatosenoticias.com.br\/index.php\/author\/luzimara\/\"}]}<\/script>\n<!-- \/ Yoast SEO plugin. -->","yoast_head_json":{"title":"Lu\u00eds Cl\u00e1udio, filho de Lula, fez negocia\u00e7\u00e3o com empresa em Cuba - Jornal Fatos e Not\u00edcias","robots":{"index":"index","follow":"follow","max-snippet":"max-snippet:-1","max-image-preview":"max-image-preview:large","max-video-preview":"max-video-preview:-1"},"canonical":"https:\/\/jornalfatosenoticias.com.br\/index.php\/2024\/07\/26\/luis-claudio-filho-de-lula-fez-negociacao-com-empresa-em-cuba\/","og_locale":"pt_BR","og_type":"article","og_title":"Lu\u00eds Cl\u00e1udio, filho de Lula, fez negocia\u00e7\u00e3o com empresa em Cuba - Jornal Fatos e Not\u00edcias","og_description":"Em 15 de setembro de 2023, Lu\u00eds Cl\u00e1udio, filho ca\u00e7ula de Lula, fechou um contrato com uma empresa em Cuba. Esse acordo aconteceu no mesmo dia em que ele se encontrou com o pai, que estava no pa\u00eds para participar do G77, um grupo de pa\u00edses em desenvolvimento. As informa\u00e7\u00f5es s\u00e3o da coluna de Paulo [&hellip;]","og_url":"https:\/\/jornalfatosenoticias.com.br\/index.php\/2024\/07\/26\/luis-claudio-filho-de-lula-fez-negociacao-com-empresa-em-cuba\/","og_site_name":"Jornal Fatos e Not\u00edcias","article_published_time":"2024-07-26T18:51:47+00:00","article_modified_time":"2024-07-26T18:51:49+00:00","og_image":[{"width":1438,"height":879,"url":"https:\/\/jornalfatosenoticias.com.br\/wp-content\/uploads\/2024\/07\/molusquinho.jpg","type":"image\/jpeg"}],"author":"Luzimara Fernandes","twitter_card":"summary_large_image","twitter_misc":{"Escrito por":"Luzimara Fernandes","Est. tempo de leitura":"3 minutos"},"schema":{"@context":"https:\/\/schema.org","@graph":[{"@type":"Article","@id":"https:\/\/jornalfatosenoticias.com.br\/index.php\/2024\/07\/26\/luis-claudio-filho-de-lula-fez-negociacao-com-empresa-em-cuba\/#article","isPartOf":{"@id":"https:\/\/jornalfatosenoticias.com.br\/index.php\/2024\/07\/26\/luis-claudio-filho-de-lula-fez-negociacao-com-empresa-em-cuba\/"},"author":{"name":"Luzimara Fernandes","@id":"https:\/\/jornalfatosenoticias.com.br\/#\/schema\/person\/d63837fa13ac8666eb9e74e0985d6f81"},"headline":"Lu\u00eds Cl\u00e1udio, filho de Lula, fez negocia\u00e7\u00e3o com empresa em Cuba","datePublished":"2024-07-26T18:51:47+00:00","dateModified":"2024-07-26T18:51:49+00:00","mainEntityOfPage":{"@id":"https:\/\/jornalfatosenoticias.com.br\/index.php\/2024\/07\/26\/luis-claudio-filho-de-lula-fez-negociacao-com-empresa-em-cuba\/"},"wordCount":577,"commentCount":0,"publisher":{"@id":"https:\/\/jornalfatosenoticias.com.br\/#organization"},"image":{"@id":"https:\/\/jornalfatosenoticias.com.br\/index.php\/2024\/07\/26\/luis-claudio-filho-de-lula-fez-negociacao-com-empresa-em-cuba\/#primaryimage"},"thumbnailUrl":"https:\/\/jornalfatosenoticias.com.br\/wp-content\/uploads\/2024\/07\/molusquinho.jpg","keywords":["corrup\u00e7\u00e3o","Cuba","filho de Lula","Lulinha","neg\u00f3cios escusos","regime comunista"],"articleSection":["Pol\u00edtica"],"inLanguage":"pt-BR","potentialAction":[{"@type":"CommentAction","name":"Comment","target":["https:\/\/jornalfatosenoticias.com.br\/index.php\/2024\/07\/26\/luis-claudio-filho-de-lula-fez-negociacao-com-empresa-em-cuba\/#respond"]}]},{"@type":"WebPage","@id":"https:\/\/jornalfatosenoticias.com.br\/index.php\/2024\/07\/26\/luis-claudio-filho-de-lula-fez-negociacao-com-empresa-em-cuba\/","url":"https:\/\/jornalfatosenoticias.com.br\/index.php\/2024\/07\/26\/luis-claudio-filho-de-lula-fez-negociacao-com-empresa-em-cuba\/","name":"Lu\u00eds Cl\u00e1udio, filho de Lula, fez negocia\u00e7\u00e3o com empresa em Cuba - Jornal Fatos e Not\u00edcias","isPartOf":{"@id":"https:\/\/jornalfatosenoticias.com.br\/#website"},"primaryImageOfPage":{"@id":"https:\/\/jornalfatosenoticias.com.br\/index.php\/2024\/07\/26\/luis-claudio-filho-de-lula-fez-negociacao-com-empresa-em-cuba\/#primaryimage"},"image":{"@id":"https:\/\/jornalfatosenoticias.com.br\/index.php\/2024\/07\/26\/luis-claudio-filho-de-lula-fez-negociacao-com-empresa-em-cuba\/#primaryimage"},"thumbnailUrl":"https:\/\/jornalfatosenoticias.com.br\/wp-content\/uploads\/2024\/07\/molusquinho.jpg","datePublished":"2024-07-26T18:51:47+00:00","dateModified":"2024-07-26T18:51:49+00:00","breadcrumb":{"@id":"https:\/\/jornalfatosenoticias.com.br\/index.php\/2024\/07\/26\/luis-claudio-filho-de-lula-fez-negociacao-com-empresa-em-cuba\/#breadcrumb"},"inLanguage":"pt-BR","potentialAction":[{"@type":"ReadAction","target":["https:\/\/jornalfatosenoticias.com.br\/index.php\/2024\/07\/26\/luis-claudio-filho-de-lula-fez-negociacao-com-empresa-em-cuba\/"]}]},{"@type":"ImageObject","inLanguage":"pt-BR","@id":"https:\/\/jornalfatosenoticias.com.br\/index.php\/2024\/07\/26\/luis-claudio-filho-de-lula-fez-negociacao-com-empresa-em-cuba\/#primaryimage","url":"https:\/\/jornalfatosenoticias.com.br\/wp-content\/uploads\/2024\/07\/molusquinho.jpg","contentUrl":"https:\/\/jornalfatosenoticias.com.br\/wp-content\/uploads\/2024\/07\/molusquinho.jpg","width":1438,"height":879},{"@type":"BreadcrumbList","@id":"https:\/\/jornalfatosenoticias.com.br\/index.php\/2024\/07\/26\/luis-claudio-filho-de-lula-fez-negociacao-com-empresa-em-cuba\/#breadcrumb","itemListElement":[{"@type":"ListItem","position":1,"name":"In\u00edcio","item":"https:\/\/jornalfatosenoticias.com.br\/"},{"@type":"ListItem","position":2,"name":"Lu\u00eds Cl\u00e1udio, filho de Lula, fez negocia\u00e7\u00e3o com empresa em Cuba"}]},{"@type":"WebSite","@id":"https:\/\/jornalfatosenoticias.com.br\/#website","url":"https:\/\/jornalfatosenoticias.com.br\/","name":"Jornal Fatos e Not\u00edcias","description":"Not\u00edcias em geral","publisher":{"@id":"https:\/\/jornalfatosenoticias.com.br\/#organization"},"potentialAction":[{"@type":"SearchAction","target":{"@type":"EntryPoint","urlTemplate":"https:\/\/jornalfatosenoticias.com.br\/?s={search_term_string}"},"query-input":{"@type":"PropertyValueSpecification","valueRequired":true,"valueName":"search_term_string"}}],"inLanguage":"pt-BR"},{"@type":"Organization","@id":"https:\/\/jornalfatosenoticias.com.br\/#organization","name":"Jornal Fatos e Not\u00edcias","url":"https:\/\/jornalfatosenoticias.com.br\/","logo":{"@type":"ImageObject","inLanguage":"pt-BR","@id":"https:\/\/jornalfatosenoticias.com.br\/#\/schema\/logo\/image\/","url":"https:\/\/jornalfatosenoticias.com.br\/wp-content\/uploads\/2020\/02\/logo120.png","contentUrl":"https:\/\/jornalfatosenoticias.com.br\/wp-content\/uploads\/2020\/02\/logo120.png","width":1227,"height":120,"caption":"Jornal Fatos e Not\u00edcias"},"image":{"@id":"https:\/\/jornalfatosenoticias.com.br\/#\/schema\/logo\/image\/"}},{"@type":"Person","@id":"https:\/\/jornalfatosenoticias.com.br\/#\/schema\/person\/d63837fa13ac8666eb9e74e0985d6f81","name":"Luzimara Fernandes","image":{"@type":"ImageObject","inLanguage":"pt-BR","@id":"https:\/\/jornalfatosenoticias.com.br\/#\/schema\/person\/image\/","url":"https:\/\/jornalfatosenoticias.com.br\/wp-content\/uploads\/2025\/05\/EU_portal.jpg","contentUrl":"https:\/\/jornalfatosenoticias.com.br\/wp-content\/uploads\/2025\/05\/EU_portal.jpg","caption":"Luzimara Fernandes"},"description":"Jornalista MTB 2358-ES","sameAs":["https:\/\/jornalfatosenoticias.com.br"],"url":"https:\/\/jornalfatosenoticias.com.br\/index.php\/author\/luzimara\/"}]}},"cc_featured_image_caption":{"caption_text":"(Foto: Reprodu\u00e7\u00e3o\/Instagram) ","source_text":"","source_url":""},"jetpack_featured_media_url":"https:\/\/jornalfatosenoticias.com.br\/wp-content\/uploads\/2024\/07\/molusquinho.jpg","_links":{"self":[{"href":"https:\/\/jornalfatosenoticias.com.br\/index.php\/wp-json\/wp\/v2\/posts\/53072","targetHints":{"allow":["GET"]}}],"collection":[{"href":"https:\/\/jornalfatosenoticias.com.br\/index.php\/wp-json\/wp\/v2\/posts"}],"about":[{"href":"https:\/\/jornalfatosenoticias.com.br\/index.php\/wp-json\/wp\/v2\/types\/post"}],"author":[{"embeddable":true,"href":"https:\/\/jornalfatosenoticias.com.br\/index.php\/wp-json\/wp\/v2\/users\/2"}],"replies":[{"embeddable":true,"href":"https:\/\/jornalfatosenoticias.com.br\/index.php\/wp-json\/wp\/v2\/comments?post=53072"}],"version-history":[{"count":0,"href":"https:\/\/jornalfatosenoticias.com.br\/index.php\/wp-json\/wp\/v2\/posts\/53072\/revisions"}],"wp:featuredmedia":[{"embeddable":true,"href":"https:\/\/jornalfatosenoticias.com.br\/index.php\/wp-json\/wp\/v2\/media\/53073"}],"wp:attachment":[{"href":"https:\/\/jornalfatosenoticias.com.br\/index.php\/wp-json\/wp\/v2\/media?parent=53072"}],"wp:term":[{"taxonomy":"category","embeddable":true,"href":"https:\/\/jornalfatosenoticias.com.br\/index.php\/wp-json\/wp\/v2\/categories?post=53072"},{"taxonomy":"post_tag","embeddable":true,"href":"https:\/\/jornalfatosenoticias.com.br\/index.php\/wp-json\/wp\/v2\/tags?post=53072"}],"curies":[{"name":"wp","href":"https:\/\/api.w.org\/{rel}","templated":true}]}}