{"id":53078,"date":"2024-07-26T16:28:00","date_gmt":"2024-07-26T19:28:00","guid":{"rendered":"https:\/\/jornalfatosenoticias.com.br\/?p=53078"},"modified":"2024-07-26T16:28:01","modified_gmt":"2024-07-26T19:28:01","slug":"unesco-declara-lencois-maranhenses-patrimonio-natural-da-humanidade","status":"publish","type":"post","link":"https:\/\/jornalfatosenoticias.com.br\/index.php\/2024\/07\/26\/unesco-declara-lencois-maranhenses-patrimonio-natural-da-humanidade\/","title":{"rendered":"Unesco declara Len\u00e7\u00f3is Maranhenses Patrim\u00f4nio Natural da Humanidade"},"content":{"rendered":"\n<div class=\"wp-block-image\"><figure class=\"aligncenter size-large\"><a href=\"https:\/\/mizu.com.br\/\"><img loading=\"lazy\" decoding=\"async\" width=\"729\" height=\"90\" src=\"https:\/\/jornalfatosenoticias.com.br\/wp-content\/uploads\/2020\/02\/Logo_Mizu.png\" alt=\"\" class=\"wp-image-1441\" srcset=\"https:\/\/jornalfatosenoticias.com.br\/wp-content\/uploads\/2020\/02\/Logo_Mizu.png 729w, https:\/\/jornalfatosenoticias.com.br\/wp-content\/uploads\/2020\/02\/Logo_Mizu-300x37.png 300w\" sizes=\"auto, (max-width: 729px) 100vw, 729px\" \/><\/a><\/figure><\/div>\n\n\n\n<p>O Parque Nacional dos Len\u00e7\u00f3is Maranhenses foi oficialmente reconhecido como Patrim\u00f4nio Natural da Humanidade pela Unesco nesta sexta-feira (26). A decis\u00e3o, anunciada durante a 46\u00aa sess\u00e3o do Comit\u00ea do Patrim\u00f4nio Mundial, em Nova D\u00e9lhi, na \u00cdndia, consolida o status do parque como um dos mais belos e importantes ecossistemas do planeta.<br>Com suas imensas dunas de areia branca e lagoas cristalinas, os Len\u00e7\u00f3is Maranhenses encantam visitantes do mundo inteiro. A regi\u00e3o, que abriga uma rica biodiversidade e paisagens \u00fanicas, agora integra a prestigiosa lista da Unesco, ao lado de outros tesouros naturais como a Grande Barreira de Coral e a Amaz\u00f4nia.<\/p>\n\n\n\n<div class=\"wp-block-image\"><figure class=\"aligncenter size-large is-resized\"><a href=\"https:\/\/www.facebook.com\/postobkr\/?locale=pt_BR\"><img loading=\"lazy\" decoding=\"async\" src=\"https:\/\/jornalfatosenoticias.com.br\/wp-content\/uploads\/2023\/08\/BKR-1024x1021.jpg\" alt=\"\" class=\"wp-image-44494\" width=\"310\" height=\"309\" srcset=\"https:\/\/jornalfatosenoticias.com.br\/wp-content\/uploads\/2023\/08\/BKR-1024x1021.jpg 1024w, https:\/\/jornalfatosenoticias.com.br\/wp-content\/uploads\/2023\/08\/BKR-300x300.jpg 300w, https:\/\/jornalfatosenoticias.com.br\/wp-content\/uploads\/2023\/08\/BKR-150x150.jpg 150w, https:\/\/jornalfatosenoticias.com.br\/wp-content\/uploads\/2023\/08\/BKR-768x766.jpg 768w, https:\/\/jornalfatosenoticias.com.br\/wp-content\/uploads\/2023\/08\/BKR.jpg 1080w\" sizes=\"auto, (max-width: 310px) 100vw, 310px\" \/><\/a><\/figure><\/div>\n\n\n\n<p>Localizado em uma zona de transi\u00e7\u00e3o entre o Cerrado, a Caatinga e a Amaz\u00f4nia, o parque abrange uma \u00e1rea de 155 mil hectares e apresenta um fen\u00f4meno natural \u00fanico: a forma\u00e7\u00e3o de lagoas tempor\u00e1rias entre as dunas durante o per\u00edodo chuvoso. Essa caracter\u00edstica, aliada \u00e0 beleza exuberante do local, tornou os Len\u00e7\u00f3is Maranhenses um destino tur\u00edstico cada vez mais procurado.<\/p>\n\n\n\n<div class=\"wp-block-image\"><figure class=\"aligncenter size-large is-resized\"><a href=\"https:\/\/www.instagram.com\/restaurantepegoretti\/\"><img loading=\"lazy\" decoding=\"async\" src=\"https:\/\/jornalfatosenoticias.com.br\/wp-content\/uploads\/2023\/12\/pegoretti-logo-pdf-1024x389.jpg\" alt=\"\" class=\"wp-image-47536\" width=\"419\" height=\"159\" srcset=\"https:\/\/jornalfatosenoticias.com.br\/wp-content\/uploads\/2023\/12\/pegoretti-logo-pdf-1024x389.jpg 1024w, https:\/\/jornalfatosenoticias.com.br\/wp-content\/uploads\/2023\/12\/pegoretti-logo-pdf-300x114.jpg 300w, https:\/\/jornalfatosenoticias.com.br\/wp-content\/uploads\/2023\/12\/pegoretti-logo-pdf-768x291.jpg 768w, https:\/\/jornalfatosenoticias.com.br\/wp-content\/uploads\/2023\/12\/pegoretti-logo-pdf.jpg 1120w\" sizes=\"auto, (max-width: 419px) 100vw, 419px\" \/><\/a><\/figure><\/div>\n\n\n\n<p>A decis\u00e3o da Unesco de conceder o t\u00edtulo de Patrim\u00f4nio Natural da Humanidade aos Len\u00e7\u00f3is Maranhenses foi baseada em diversos crit\u00e9rios, como a beleza excepcional do local, a import\u00e2ncia para a conserva\u00e7\u00e3o da biodiversidade e o valor cient\u00edfico para o estudo de processos geol\u00f3gicos e ecol\u00f3gicos.<\/p>\n\n\n\n<div class=\"wp-block-image\"><figure class=\"aligncenter size-large is-resized\"><a href=\"https:\/\/www.ithbrasil.com.br\/\"><img loading=\"lazy\" decoding=\"async\" src=\"https:\/\/jornalfatosenoticias.com.br\/wp-content\/uploads\/2023\/08\/ITH.jpeg\" alt=\"\" class=\"wp-image-44638\" width=\"293\" height=\"238\" srcset=\"https:\/\/jornalfatosenoticias.com.br\/wp-content\/uploads\/2023\/08\/ITH.jpeg 800w, https:\/\/jornalfatosenoticias.com.br\/wp-content\/uploads\/2023\/08\/ITH-300x244.jpeg 300w, https:\/\/jornalfatosenoticias.com.br\/wp-content\/uploads\/2023\/08\/ITH-768x624.jpeg 768w\" sizes=\"auto, (max-width: 293px) 100vw, 293px\" \/><\/a><\/figure><\/div>\n\n\n\n<p>Durante a reuni\u00e3o realizada entre os dias 23 e 25 de julho, o Comit\u00ea revisou o estado de conserva\u00e7\u00e3o dos 124 locais j\u00e1 inscritos na Lista de Patrim\u00f4nio Mundial, dos quais 57 est\u00e3o tamb\u00e9m na Lista de Patrim\u00f4nio Mundial em Perigo. Entre os dias 26 e 29 de julho, o Comit\u00ea analisar\u00e1 os dossi\u00eas de 27 locais propostos para inclus\u00e3o na lista, que incluem categorias de Patrim\u00f4nio Natural, Mistos e Culturais.<\/p>\n\n\n\n<div class=\"wp-block-image\"><figure class=\"aligncenter size-large is-resized\"><a href=\"https:\/\/hotelmarquetti.com.br\/\"><img loading=\"lazy\" decoding=\"async\" src=\"https:\/\/jornalfatosenoticias.com.br\/wp-content\/uploads\/2023\/03\/nova-logo-Marquetti.jpg\" alt=\"\" class=\"wp-image-40207\" width=\"331\" height=\"222\" srcset=\"https:\/\/jornalfatosenoticias.com.br\/wp-content\/uploads\/2023\/03\/nova-logo-Marquetti.jpg 643w, https:\/\/jornalfatosenoticias.com.br\/wp-content\/uploads\/2023\/03\/nova-logo-Marquetti-300x202.jpg 300w\" sizes=\"auto, (max-width: 331px) 100vw, 331px\" \/><\/a><\/figure><\/div>\n\n\n\n<p><em><strong>Fonte: <a href=\"https:\/\/gazetabrasil.com.br\/brasil\/2024\/07\/26\/unesco-declara-lencois-maranhenses-patrimonio-natural-da-humanidade\/#goog_rewarded\">Gazeta Brasil<\/a><\/strong><\/em><\/p>\n","protected":false},"excerpt":{"rendered":"<p>O Parque Nacional dos Len\u00e7\u00f3is Maranhenses foi oficialmente reconhecido como Patrim\u00f4nio Natural da Humanidade pela Unesco nesta sexta-feira (26). A decis\u00e3o, anunciada durante a 46\u00aa sess\u00e3o do Comit\u00ea do Patrim\u00f4nio Mundial, em Nova D\u00e9lhi, na \u00cdndia, consolida o status do parque como um dos mais belos e importantes ecossistemas do planeta.Com suas imensas dunas de [&hellip;]<\/p>\n","protected":false},"author":2,"featured_media":53079,"comment_status":"open","ping_status":"open","sticky":false,"template":"","format":"standard","meta":{"footnotes":""},"categories":[746],"tags":[24214,334,18481,24216,24215,24213],"class_list":["post-53078","post","type-post","status-publish","format-standard","has-post-thumbnail","hentry","category-turismo","tag-beleza-exuberante","tag-biodiversidade","tag-lencois-maranhenses","tag-parque-nacional-dos-lencois-maranhenses","tag-patrimonio-natural-da-humanidade","tag-tesouros-naturais"],"yoast_head":"<!-- This site is optimized with the Yoast SEO plugin v26.5 - https:\/\/yoast.com\/wordpress\/plugins\/seo\/ -->\n<title>Unesco declara Len\u00e7\u00f3is Maranhenses Patrim\u00f4nio Natural da Humanidade - Jornal Fatos e Not\u00edcias<\/title>\n<meta name=\"robots\" content=\"index, follow, max-snippet:-1, max-image-preview:large, max-video-preview:-1\" \/>\n<link rel=\"canonical\" href=\"https:\/\/jornalfatosenoticias.com.br\/index.php\/2024\/07\/26\/unesco-declara-lencois-maranhenses-patrimonio-natural-da-humanidade\/\" \/>\n<meta property=\"og:locale\" content=\"pt_BR\" \/>\n<meta property=\"og:type\" content=\"article\" \/>\n<meta property=\"og:title\" content=\"Unesco declara Len\u00e7\u00f3is Maranhenses Patrim\u00f4nio Natural da Humanidade - Jornal Fatos e Not\u00edcias\" \/>\n<meta property=\"og:description\" content=\"O Parque Nacional dos Len\u00e7\u00f3is Maranhenses foi oficialmente reconhecido como Patrim\u00f4nio Natural da Humanidade pela Unesco nesta sexta-feira (26). A decis\u00e3o, anunciada durante a 46\u00aa sess\u00e3o do Comit\u00ea do Patrim\u00f4nio Mundial, em Nova D\u00e9lhi, na \u00cdndia, consolida o status do parque como um dos mais belos e importantes ecossistemas do planeta.Com suas imensas dunas de [&hellip;]\" \/>\n<meta property=\"og:url\" content=\"https:\/\/jornalfatosenoticias.com.br\/index.php\/2024\/07\/26\/unesco-declara-lencois-maranhenses-patrimonio-natural-da-humanidade\/\" \/>\n<meta property=\"og:site_name\" content=\"Jornal Fatos e Not\u00edcias\" \/>\n<meta property=\"article:published_time\" content=\"2024-07-26T19:28:00+00:00\" \/>\n<meta property=\"article:modified_time\" content=\"2024-07-26T19:28:01+00:00\" \/>\n<meta property=\"og:image\" content=\"https:\/\/jornalfatosenoticias.com.br\/wp-content\/uploads\/2024\/07\/Lencois-Maranhenses_gettyimages.jpg\" \/>\n\t<meta property=\"og:image:width\" content=\"612\" \/>\n\t<meta property=\"og:image:height\" content=\"410\" \/>\n\t<meta property=\"og:image:type\" content=\"image\/jpeg\" \/>\n<meta name=\"author\" content=\"Luzimara Fernandes\" \/>\n<meta name=\"twitter:card\" content=\"summary_large_image\" \/>\n<meta name=\"twitter:label1\" content=\"Escrito por\" \/>\n\t<meta name=\"twitter:data1\" content=\"Luzimara Fernandes\" \/>\n\t<meta name=\"twitter:label2\" content=\"Est. tempo de leitura\" \/>\n\t<meta name=\"twitter:data2\" content=\"2 minutos\" \/>\n<script type=\"application\/ld+json\" class=\"yoast-schema-graph\">{\"@context\":\"https:\/\/schema.org\",\"@graph\":[{\"@type\":\"Article\",\"@id\":\"https:\/\/jornalfatosenoticias.com.br\/index.php\/2024\/07\/26\/unesco-declara-lencois-maranhenses-patrimonio-natural-da-humanidade\/#article\",\"isPartOf\":{\"@id\":\"https:\/\/jornalfatosenoticias.com.br\/index.php\/2024\/07\/26\/unesco-declara-lencois-maranhenses-patrimonio-natural-da-humanidade\/\"},\"author\":{\"name\":\"Luzimara Fernandes\",\"@id\":\"https:\/\/jornalfatosenoticias.com.br\/#\/schema\/person\/d63837fa13ac8666eb9e74e0985d6f81\"},\"headline\":\"Unesco declara Len\u00e7\u00f3is Maranhenses Patrim\u00f4nio Natural da Humanidade\",\"datePublished\":\"2024-07-26T19:28:00+00:00\",\"dateModified\":\"2024-07-26T19:28:01+00:00\",\"mainEntityOfPage\":{\"@id\":\"https:\/\/jornalfatosenoticias.com.br\/index.php\/2024\/07\/26\/unesco-declara-lencois-maranhenses-patrimonio-natural-da-humanidade\/\"},\"wordCount\":317,\"commentCount\":0,\"publisher\":{\"@id\":\"https:\/\/jornalfatosenoticias.com.br\/#organization\"},\"image\":{\"@id\":\"https:\/\/jornalfatosenoticias.com.br\/index.php\/2024\/07\/26\/unesco-declara-lencois-maranhenses-patrimonio-natural-da-humanidade\/#primaryimage\"},\"thumbnailUrl\":\"https:\/\/jornalfatosenoticias.com.br\/wp-content\/uploads\/2024\/07\/Lencois-Maranhenses_gettyimages.jpg\",\"keywords\":[\"beleza exuberante\",\"biodiversidade\",\"Len\u00e7\u00f3is Maranhenses\",\"Parque Nacional dos Len\u00e7\u00f3is Maranhenses\",\"Patrim\u00f4nio Natural da Humanidade\",\"tesouros naturais\"],\"articleSection\":[\"Turismo\"],\"inLanguage\":\"pt-BR\",\"potentialAction\":[{\"@type\":\"CommentAction\",\"name\":\"Comment\",\"target\":[\"https:\/\/jornalfatosenoticias.com.br\/index.php\/2024\/07\/26\/unesco-declara-lencois-maranhenses-patrimonio-natural-da-humanidade\/#respond\"]}]},{\"@type\":\"WebPage\",\"@id\":\"https:\/\/jornalfatosenoticias.com.br\/index.php\/2024\/07\/26\/unesco-declara-lencois-maranhenses-patrimonio-natural-da-humanidade\/\",\"url\":\"https:\/\/jornalfatosenoticias.com.br\/index.php\/2024\/07\/26\/unesco-declara-lencois-maranhenses-patrimonio-natural-da-humanidade\/\",\"name\":\"Unesco declara Len\u00e7\u00f3is Maranhenses Patrim\u00f4nio Natural da Humanidade - Jornal Fatos e Not\u00edcias\",\"isPartOf\":{\"@id\":\"https:\/\/jornalfatosenoticias.com.br\/#website\"},\"primaryImageOfPage\":{\"@id\":\"https:\/\/jornalfatosenoticias.com.br\/index.php\/2024\/07\/26\/unesco-declara-lencois-maranhenses-patrimonio-natural-da-humanidade\/#primaryimage\"},\"image\":{\"@id\":\"https:\/\/jornalfatosenoticias.com.br\/index.php\/2024\/07\/26\/unesco-declara-lencois-maranhenses-patrimonio-natural-da-humanidade\/#primaryimage\"},\"thumbnailUrl\":\"https:\/\/jornalfatosenoticias.com.br\/wp-content\/uploads\/2024\/07\/Lencois-Maranhenses_gettyimages.jpg\",\"datePublished\":\"2024-07-26T19:28:00+00:00\",\"dateModified\":\"2024-07-26T19:28:01+00:00\",\"breadcrumb\":{\"@id\":\"https:\/\/jornalfatosenoticias.com.br\/index.php\/2024\/07\/26\/unesco-declara-lencois-maranhenses-patrimonio-natural-da-humanidade\/#breadcrumb\"},\"inLanguage\":\"pt-BR\",\"potentialAction\":[{\"@type\":\"ReadAction\",\"target\":[\"https:\/\/jornalfatosenoticias.com.br\/index.php\/2024\/07\/26\/unesco-declara-lencois-maranhenses-patrimonio-natural-da-humanidade\/\"]}]},{\"@type\":\"ImageObject\",\"inLanguage\":\"pt-BR\",\"@id\":\"https:\/\/jornalfatosenoticias.com.br\/index.php\/2024\/07\/26\/unesco-declara-lencois-maranhenses-patrimonio-natural-da-humanidade\/#primaryimage\",\"url\":\"https:\/\/jornalfatosenoticias.com.br\/wp-content\/uploads\/2024\/07\/Lencois-Maranhenses_gettyimages.jpg\",\"contentUrl\":\"https:\/\/jornalfatosenoticias.com.br\/wp-content\/uploads\/2024\/07\/Lencois-Maranhenses_gettyimages.jpg\",\"width\":612,\"height\":410,\"caption\":\"LENCOIS MARANHENSES NATIONAL PARK, MARANHAO STATE, BRAZIL - 2015\/08\/30: The Lencois Maranhenses National Park ( Parque Nacional dos Len\u00e7\u00f3is Maranhenses ), composed of large, white, sweeping dunes, at first glance it looks like an archetypal desert, but lying just outside the Amazon Basin, the region is subject to a regular rain season during the beginning of the year that causes a peculiar phenomenon - fresh water collects in the valleys between sand dunes is prevented from percolating down by a layer of impermeable rock which lies underneath the sand - the resulting blue, green and black \\\"lagoons\\\" are surrounded by the desert-like sand, and reach their fullest between July and September - Maranhao state in northeastern Brazil. (Photo by Ricardo Siqueira\/Brazil Photos\/LightRocket via Getty Images)\"},{\"@type\":\"BreadcrumbList\",\"@id\":\"https:\/\/jornalfatosenoticias.com.br\/index.php\/2024\/07\/26\/unesco-declara-lencois-maranhenses-patrimonio-natural-da-humanidade\/#breadcrumb\",\"itemListElement\":[{\"@type\":\"ListItem\",\"position\":1,\"name\":\"In\u00edcio\",\"item\":\"https:\/\/jornalfatosenoticias.com.br\/\"},{\"@type\":\"ListItem\",\"position\":2,\"name\":\"Unesco declara Len\u00e7\u00f3is Maranhenses Patrim\u00f4nio Natural da Humanidade\"}]},{\"@type\":\"WebSite\",\"@id\":\"https:\/\/jornalfatosenoticias.com.br\/#website\",\"url\":\"https:\/\/jornalfatosenoticias.com.br\/\",\"name\":\"Jornal Fatos e Not\u00edcias\",\"description\":\"Not\u00edcias em geral\",\"publisher\":{\"@id\":\"https:\/\/jornalfatosenoticias.com.br\/#organization\"},\"potentialAction\":[{\"@type\":\"SearchAction\",\"target\":{\"@type\":\"EntryPoint\",\"urlTemplate\":\"https:\/\/jornalfatosenoticias.com.br\/?s={search_term_string}\"},\"query-input\":{\"@type\":\"PropertyValueSpecification\",\"valueRequired\":true,\"valueName\":\"search_term_string\"}}],\"inLanguage\":\"pt-BR\"},{\"@type\":\"Organization\",\"@id\":\"https:\/\/jornalfatosenoticias.com.br\/#organization\",\"name\":\"Jornal Fatos e Not\u00edcias\",\"url\":\"https:\/\/jornalfatosenoticias.com.br\/\",\"logo\":{\"@type\":\"ImageObject\",\"inLanguage\":\"pt-BR\",\"@id\":\"https:\/\/jornalfatosenoticias.com.br\/#\/schema\/logo\/image\/\",\"url\":\"https:\/\/jornalfatosenoticias.com.br\/wp-content\/uploads\/2020\/02\/logo120.png\",\"contentUrl\":\"https:\/\/jornalfatosenoticias.com.br\/wp-content\/uploads\/2020\/02\/logo120.png\",\"width\":1227,\"height\":120,\"caption\":\"Jornal Fatos e Not\u00edcias\"},\"image\":{\"@id\":\"https:\/\/jornalfatosenoticias.com.br\/#\/schema\/logo\/image\/\"}},{\"@type\":\"Person\",\"@id\":\"https:\/\/jornalfatosenoticias.com.br\/#\/schema\/person\/d63837fa13ac8666eb9e74e0985d6f81\",\"name\":\"Luzimara Fernandes\",\"image\":{\"@type\":\"ImageObject\",\"inLanguage\":\"pt-BR\",\"@id\":\"https:\/\/jornalfatosenoticias.com.br\/#\/schema\/person\/image\/\",\"url\":\"https:\/\/jornalfatosenoticias.com.br\/wp-content\/uploads\/2025\/05\/EU_portal.jpg\",\"contentUrl\":\"https:\/\/jornalfatosenoticias.com.br\/wp-content\/uploads\/2025\/05\/EU_portal.jpg\",\"caption\":\"Luzimara Fernandes\"},\"description\":\"Jornalista MTB 2358-ES\",\"sameAs\":[\"https:\/\/jornalfatosenoticias.com.br\"],\"url\":\"https:\/\/jornalfatosenoticias.com.br\/index.php\/author\/luzimara\/\"}]}<\/script>\n<!-- \/ Yoast SEO plugin. -->","yoast_head_json":{"title":"Unesco declara Len\u00e7\u00f3is Maranhenses Patrim\u00f4nio Natural da Humanidade - Jornal Fatos e Not\u00edcias","robots":{"index":"index","follow":"follow","max-snippet":"max-snippet:-1","max-image-preview":"max-image-preview:large","max-video-preview":"max-video-preview:-1"},"canonical":"https:\/\/jornalfatosenoticias.com.br\/index.php\/2024\/07\/26\/unesco-declara-lencois-maranhenses-patrimonio-natural-da-humanidade\/","og_locale":"pt_BR","og_type":"article","og_title":"Unesco declara Len\u00e7\u00f3is Maranhenses Patrim\u00f4nio Natural da Humanidade - Jornal Fatos e Not\u00edcias","og_description":"O Parque Nacional dos Len\u00e7\u00f3is Maranhenses foi oficialmente reconhecido como Patrim\u00f4nio Natural da Humanidade pela Unesco nesta sexta-feira (26). A decis\u00e3o, anunciada durante a 46\u00aa sess\u00e3o do Comit\u00ea do Patrim\u00f4nio Mundial, em Nova D\u00e9lhi, na \u00cdndia, consolida o status do parque como um dos mais belos e importantes ecossistemas do planeta.Com suas imensas dunas de [&hellip;]","og_url":"https:\/\/jornalfatosenoticias.com.br\/index.php\/2024\/07\/26\/unesco-declara-lencois-maranhenses-patrimonio-natural-da-humanidade\/","og_site_name":"Jornal Fatos e Not\u00edcias","article_published_time":"2024-07-26T19:28:00+00:00","article_modified_time":"2024-07-26T19:28:01+00:00","og_image":[{"width":612,"height":410,"url":"https:\/\/jornalfatosenoticias.com.br\/wp-content\/uploads\/2024\/07\/Lencois-Maranhenses_gettyimages.jpg","type":"image\/jpeg"}],"author":"Luzimara Fernandes","twitter_card":"summary_large_image","twitter_misc":{"Escrito por":"Luzimara Fernandes","Est. tempo de leitura":"2 minutos"},"schema":{"@context":"https:\/\/schema.org","@graph":[{"@type":"Article","@id":"https:\/\/jornalfatosenoticias.com.br\/index.php\/2024\/07\/26\/unesco-declara-lencois-maranhenses-patrimonio-natural-da-humanidade\/#article","isPartOf":{"@id":"https:\/\/jornalfatosenoticias.com.br\/index.php\/2024\/07\/26\/unesco-declara-lencois-maranhenses-patrimonio-natural-da-humanidade\/"},"author":{"name":"Luzimara Fernandes","@id":"https:\/\/jornalfatosenoticias.com.br\/#\/schema\/person\/d63837fa13ac8666eb9e74e0985d6f81"},"headline":"Unesco declara Len\u00e7\u00f3is Maranhenses Patrim\u00f4nio Natural da Humanidade","datePublished":"2024-07-26T19:28:00+00:00","dateModified":"2024-07-26T19:28:01+00:00","mainEntityOfPage":{"@id":"https:\/\/jornalfatosenoticias.com.br\/index.php\/2024\/07\/26\/unesco-declara-lencois-maranhenses-patrimonio-natural-da-humanidade\/"},"wordCount":317,"commentCount":0,"publisher":{"@id":"https:\/\/jornalfatosenoticias.com.br\/#organization"},"image":{"@id":"https:\/\/jornalfatosenoticias.com.br\/index.php\/2024\/07\/26\/unesco-declara-lencois-maranhenses-patrimonio-natural-da-humanidade\/#primaryimage"},"thumbnailUrl":"https:\/\/jornalfatosenoticias.com.br\/wp-content\/uploads\/2024\/07\/Lencois-Maranhenses_gettyimages.jpg","keywords":["beleza exuberante","biodiversidade","Len\u00e7\u00f3is Maranhenses","Parque Nacional dos Len\u00e7\u00f3is Maranhenses","Patrim\u00f4nio Natural da Humanidade","tesouros naturais"],"articleSection":["Turismo"],"inLanguage":"pt-BR","potentialAction":[{"@type":"CommentAction","name":"Comment","target":["https:\/\/jornalfatosenoticias.com.br\/index.php\/2024\/07\/26\/unesco-declara-lencois-maranhenses-patrimonio-natural-da-humanidade\/#respond"]}]},{"@type":"WebPage","@id":"https:\/\/jornalfatosenoticias.com.br\/index.php\/2024\/07\/26\/unesco-declara-lencois-maranhenses-patrimonio-natural-da-humanidade\/","url":"https:\/\/jornalfatosenoticias.com.br\/index.php\/2024\/07\/26\/unesco-declara-lencois-maranhenses-patrimonio-natural-da-humanidade\/","name":"Unesco declara Len\u00e7\u00f3is Maranhenses Patrim\u00f4nio Natural da Humanidade - Jornal Fatos e Not\u00edcias","isPartOf":{"@id":"https:\/\/jornalfatosenoticias.com.br\/#website"},"primaryImageOfPage":{"@id":"https:\/\/jornalfatosenoticias.com.br\/index.php\/2024\/07\/26\/unesco-declara-lencois-maranhenses-patrimonio-natural-da-humanidade\/#primaryimage"},"image":{"@id":"https:\/\/jornalfatosenoticias.com.br\/index.php\/2024\/07\/26\/unesco-declara-lencois-maranhenses-patrimonio-natural-da-humanidade\/#primaryimage"},"thumbnailUrl":"https:\/\/jornalfatosenoticias.com.br\/wp-content\/uploads\/2024\/07\/Lencois-Maranhenses_gettyimages.jpg","datePublished":"2024-07-26T19:28:00+00:00","dateModified":"2024-07-26T19:28:01+00:00","breadcrumb":{"@id":"https:\/\/jornalfatosenoticias.com.br\/index.php\/2024\/07\/26\/unesco-declara-lencois-maranhenses-patrimonio-natural-da-humanidade\/#breadcrumb"},"inLanguage":"pt-BR","potentialAction":[{"@type":"ReadAction","target":["https:\/\/jornalfatosenoticias.com.br\/index.php\/2024\/07\/26\/unesco-declara-lencois-maranhenses-patrimonio-natural-da-humanidade\/"]}]},{"@type":"ImageObject","inLanguage":"pt-BR","@id":"https:\/\/jornalfatosenoticias.com.br\/index.php\/2024\/07\/26\/unesco-declara-lencois-maranhenses-patrimonio-natural-da-humanidade\/#primaryimage","url":"https:\/\/jornalfatosenoticias.com.br\/wp-content\/uploads\/2024\/07\/Lencois-Maranhenses_gettyimages.jpg","contentUrl":"https:\/\/jornalfatosenoticias.com.br\/wp-content\/uploads\/2024\/07\/Lencois-Maranhenses_gettyimages.jpg","width":612,"height":410,"caption":"LENCOIS MARANHENSES NATIONAL PARK, MARANHAO STATE, BRAZIL - 2015\/08\/30: The Lencois Maranhenses National Park ( Parque Nacional dos Len\u00e7\u00f3is Maranhenses ), composed of large, white, sweeping dunes, at first glance it looks like an archetypal desert, but lying just outside the Amazon Basin, the region is subject to a regular rain season during the beginning of the year that causes a peculiar phenomenon - fresh water collects in the valleys between sand dunes is prevented from percolating down by a layer of impermeable rock which lies underneath the sand - the resulting blue, green and black \"lagoons\" are surrounded by the desert-like sand, and reach their fullest between July and September - Maranhao state in northeastern Brazil. (Photo by Ricardo Siqueira\/Brazil Photos\/LightRocket via Getty Images)"},{"@type":"BreadcrumbList","@id":"https:\/\/jornalfatosenoticias.com.br\/index.php\/2024\/07\/26\/unesco-declara-lencois-maranhenses-patrimonio-natural-da-humanidade\/#breadcrumb","itemListElement":[{"@type":"ListItem","position":1,"name":"In\u00edcio","item":"https:\/\/jornalfatosenoticias.com.br\/"},{"@type":"ListItem","position":2,"name":"Unesco declara Len\u00e7\u00f3is Maranhenses Patrim\u00f4nio Natural da Humanidade"}]},{"@type":"WebSite","@id":"https:\/\/jornalfatosenoticias.com.br\/#website","url":"https:\/\/jornalfatosenoticias.com.br\/","name":"Jornal Fatos e Not\u00edcias","description":"Not\u00edcias em geral","publisher":{"@id":"https:\/\/jornalfatosenoticias.com.br\/#organization"},"potentialAction":[{"@type":"SearchAction","target":{"@type":"EntryPoint","urlTemplate":"https:\/\/jornalfatosenoticias.com.br\/?s={search_term_string}"},"query-input":{"@type":"PropertyValueSpecification","valueRequired":true,"valueName":"search_term_string"}}],"inLanguage":"pt-BR"},{"@type":"Organization","@id":"https:\/\/jornalfatosenoticias.com.br\/#organization","name":"Jornal Fatos e Not\u00edcias","url":"https:\/\/jornalfatosenoticias.com.br\/","logo":{"@type":"ImageObject","inLanguage":"pt-BR","@id":"https:\/\/jornalfatosenoticias.com.br\/#\/schema\/logo\/image\/","url":"https:\/\/jornalfatosenoticias.com.br\/wp-content\/uploads\/2020\/02\/logo120.png","contentUrl":"https:\/\/jornalfatosenoticias.com.br\/wp-content\/uploads\/2020\/02\/logo120.png","width":1227,"height":120,"caption":"Jornal Fatos e Not\u00edcias"},"image":{"@id":"https:\/\/jornalfatosenoticias.com.br\/#\/schema\/logo\/image\/"}},{"@type":"Person","@id":"https:\/\/jornalfatosenoticias.com.br\/#\/schema\/person\/d63837fa13ac8666eb9e74e0985d6f81","name":"Luzimara Fernandes","image":{"@type":"ImageObject","inLanguage":"pt-BR","@id":"https:\/\/jornalfatosenoticias.com.br\/#\/schema\/person\/image\/","url":"https:\/\/jornalfatosenoticias.com.br\/wp-content\/uploads\/2025\/05\/EU_portal.jpg","contentUrl":"https:\/\/jornalfatosenoticias.com.br\/wp-content\/uploads\/2025\/05\/EU_portal.jpg","caption":"Luzimara Fernandes"},"description":"Jornalista MTB 2358-ES","sameAs":["https:\/\/jornalfatosenoticias.com.br"],"url":"https:\/\/jornalfatosenoticias.com.br\/index.php\/author\/luzimara\/"}]}},"cc_featured_image_caption":{"caption_text":"(Foto: Getty Images) ","source_text":"","source_url":""},"jetpack_featured_media_url":"https:\/\/jornalfatosenoticias.com.br\/wp-content\/uploads\/2024\/07\/Lencois-Maranhenses_gettyimages.jpg","_links":{"self":[{"href":"https:\/\/jornalfatosenoticias.com.br\/index.php\/wp-json\/wp\/v2\/posts\/53078","targetHints":{"allow":["GET"]}}],"collection":[{"href":"https:\/\/jornalfatosenoticias.com.br\/index.php\/wp-json\/wp\/v2\/posts"}],"about":[{"href":"https:\/\/jornalfatosenoticias.com.br\/index.php\/wp-json\/wp\/v2\/types\/post"}],"author":[{"embeddable":true,"href":"https:\/\/jornalfatosenoticias.com.br\/index.php\/wp-json\/wp\/v2\/users\/2"}],"replies":[{"embeddable":true,"href":"https:\/\/jornalfatosenoticias.com.br\/index.php\/wp-json\/wp\/v2\/comments?post=53078"}],"version-history":[{"count":0,"href":"https:\/\/jornalfatosenoticias.com.br\/index.php\/wp-json\/wp\/v2\/posts\/53078\/revisions"}],"wp:featuredmedia":[{"embeddable":true,"href":"https:\/\/jornalfatosenoticias.com.br\/index.php\/wp-json\/wp\/v2\/media\/53079"}],"wp:attachment":[{"href":"https:\/\/jornalfatosenoticias.com.br\/index.php\/wp-json\/wp\/v2\/media?parent=53078"}],"wp:term":[{"taxonomy":"category","embeddable":true,"href":"https:\/\/jornalfatosenoticias.com.br\/index.php\/wp-json\/wp\/v2\/categories?post=53078"},{"taxonomy":"post_tag","embeddable":true,"href":"https:\/\/jornalfatosenoticias.com.br\/index.php\/wp-json\/wp\/v2\/tags?post=53078"}],"curies":[{"name":"wp","href":"https:\/\/api.w.org\/{rel}","templated":true}]}}