{"id":53119,"date":"2024-07-30T13:33:40","date_gmt":"2024-07-30T16:33:40","guid":{"rendered":"https:\/\/jornalfatosenoticias.com.br\/?p=53119"},"modified":"2024-07-30T13:33:41","modified_gmt":"2024-07-30T16:33:41","slug":"nasa-divulga-imagens-de-nuvem-misteriosa-sobre-a-terra","status":"publish","type":"post","link":"https:\/\/jornalfatosenoticias.com.br\/index.php\/2024\/07\/30\/nasa-divulga-imagens-de-nuvem-misteriosa-sobre-a-terra\/","title":{"rendered":"Nasa divulga imagens de nuvem misteriosa sobre a Terra"},"content":{"rendered":"\n<p><em><span class=\"has-inline-color has-black-color\">Ag\u00eancia espacial usou modelo meteorol\u00f3gico de alta resolu\u00e7\u00e3o para criar mapa da concentra\u00e7\u00e3o de CO\u2082 na atmosfera terrestre<\/span><\/em><\/p>\n\n\n\n<p><span class=\"has-inline-color has-black-color\">Por <strong><a href=\"https:\/\/olhardigital.com.br\/author\/ana-julia\/\">Ana Julia Pilato<\/a><\/strong><\/span><\/p>\n\n\n\n<div class=\"wp-block-image\"><figure class=\"aligncenter size-large\"><a href=\"https:\/\/mizu.com.br\/\"><img loading=\"lazy\" decoding=\"async\" width=\"729\" height=\"90\" src=\"https:\/\/jornalfatosenoticias.com.br\/wp-content\/uploads\/2020\/02\/Logo_Mizu.png\" alt=\"\" class=\"wp-image-1441\" srcset=\"https:\/\/jornalfatosenoticias.com.br\/wp-content\/uploads\/2020\/02\/Logo_Mizu.png 729w, https:\/\/jornalfatosenoticias.com.br\/wp-content\/uploads\/2020\/02\/Logo_Mizu-300x37.png 300w\" sizes=\"auto, (max-width: 729px) 100vw, 729px\" \/><\/a><\/figure><\/div>\n\n\n\n<p>Imagens geradas pela <a href=\"https:\/\/olhardigital.com.br\/tag\/nasa\/\"><strong>Nasa<\/strong><\/a>\u00a0mostram uma\u00a0<a href=\"https:\/\/olhardigital.com.br\/tag\/nuvem\/\"><strong>nuvem<\/strong><\/a>\u00a0misteriosa se movendo ao redor da\u00a0<a href=\"https:\/\/olhardigital.com.br\/tag\/terra\/\"><strong>Terra<\/strong><\/a>. Trata-se de um mapa que mostra as concentra\u00e7\u00f5es de\u00a0<a href=\"https:\/\/olhardigital.com.br\/tag\/co2\/\"><strong>CO\u2082<\/strong><\/a>\u00a0(di\u00f3xido de carbono) na\u00a0<a href=\"https:\/\/olhardigital.com.br\/tag\/atmosfera\/\"><strong>atmosfera<\/strong><\/a> do planeta entre janeiro e mar\u00e7o de 2020, impulsionadas pelo vento e pela circula\u00e7\u00e3o atmosf\u00e9rica.<br>Para criar o mapa, a ag\u00eancia espacial usou um modelo meteorol\u00f3gico chamado Goddard Earth Observing System (GEOS), que simula ocorr\u00eancias de eventos naturais na atmosfera terrestre \u2014 como tempestades e forma\u00e7\u00f5es de nuvens \u2014 e tem resolu\u00e7\u00e3o mais de 100 vezes superior aos modelos comuns.<\/p>\n\n\n\n<div class=\"wp-block-image\"><figure class=\"aligncenter size-large is-resized\"><a href=\"http:\/\/www.ferrarimaquinas.com.br\/\"><img loading=\"lazy\" decoding=\"async\" src=\"https:\/\/jornalfatosenoticias.com.br\/wp-content\/uploads\/2022\/02\/FERRARI_MAQUINAS-E-FERRAMENTAS2.jpg\" alt=\"\" class=\"wp-image-27860\" width=\"300\" height=\"250\"\/><\/a><\/figure><\/div>\n\n\n\n<blockquote class=\"wp-block-quote is-layout-flow wp-block-quote-is-layout-flow\"><p><span class=\"has-inline-color has-luminous-vivid-orange-color\">Como formuladores de pol\u00edticas e cientistas, estamos tentando contabilizar de onde vem o carbono e como isso impacta o planeta. Voc\u00ea v\u00ea aqui como tudo est\u00e1 interconectado por esses diferentes padr\u00f5es clim\u00e1ticos\u201d, explica Lesley Ott, cientista clim\u00e1tica, no comunicado da ag\u00eancia.<\/span><\/p><\/blockquote>\n\n\n\n<figure class=\"wp-block-embed-youtube wp-block-embed is-type-video is-provider-youtube wp-embed-aspect-16-9 wp-has-aspect-ratio\"><div class=\"wp-block-embed__wrapper\">\n<iframe loading=\"lazy\" title=\"Model Behavior: Visualizing Global Carbon Dioxide\" width=\"660\" height=\"371\" src=\"https:\/\/www.youtube.com\/embed\/zZ-lMDtiI-k?feature=oembed\" frameborder=\"0\" allow=\"accelerometer; autoplay; clipboard-write; encrypted-media; gyroscope; picture-in-picture; web-share\" referrerpolicy=\"strict-origin-when-cross-origin\" allowfullscreen><\/iframe>\n<\/div><\/figure>\n\n\n\n<p>De acordo com Ott, a maior parte das emiss\u00f5es de CO\u2082 encontradas sobre a China, os Estados Unidos e o Sul da \u00c1sia vem de usinas de energia, ind\u00fastrias e ve\u00edculos como <a href=\"https:\/\/olhardigital.com.br\/tag\/carros\/\"><strong>carros<\/strong><\/a>\u00a0e\u00a0<a href=\"https:\/\/olhardigital.com.br\/tag\/caminhoes\/\"><strong>caminh\u00f5es<\/strong><\/a>. J\u00e1 na <a href=\"https:\/\/olhardigital.com.br\/tag\/africa\/\"><strong>\u00c1frica<\/strong><\/a>\u00a0e na\u00a0<a href=\"https:\/\/olhardigital.com.br\/tag\/america-do-sul\/\"><strong>Am\u00e9rica do Sul<\/strong><\/a>, os grandes culpados pela emiss\u00e3o do g\u00e1s s\u00e3o os inc\u00eandios \u2014 principalmente para fins de manejo da terra, queimadas agr\u00edcolas e <strong><a href=\"https:\/\/olhardigital.com.br\/tag\/desmatamento\/\">desmatamento<\/a><\/strong> \u2014 e a queima de <a href=\"https:\/\/olhardigital.com.br\/tag\/petroleo\/\"><strong>petr\u00f3leo<\/strong><\/a>\u00a0e\u00a0<strong><a href=\"https:\/\/olhardigital.com.br\/tag\/carvao\/\">carv\u00e3o<\/a>.<\/strong><\/p>\n\n\n\n<div class=\"wp-block-image\"><figure class=\"aligncenter size-large is-resized\"><a href=\"https:\/\/www.controlsystems.com.br\/\"><img loading=\"lazy\" decoding=\"async\" src=\"https:\/\/jornalfatosenoticias.com.br\/wp-content\/uploads\/2020\/02\/CONTROL-CS.jpg\" alt=\"\" class=\"wp-image-44991\" width=\"294\" height=\"352\" srcset=\"https:\/\/jornalfatosenoticias.com.br\/wp-content\/uploads\/2020\/02\/CONTROL-CS.jpg 834w, https:\/\/jornalfatosenoticias.com.br\/wp-content\/uploads\/2020\/02\/CONTROL-CS-250x300.jpg 250w, https:\/\/jornalfatosenoticias.com.br\/wp-content\/uploads\/2020\/02\/CONTROL-CS-768x921.jpg 768w\" sizes=\"auto, (max-width: 294px) 100vw, 294px\" \/><\/a><\/figure><\/div>\n\n\n\n<p>De acordo <strong><a href=\"https:\/\/climate.nasa.gov\/vital-signs\/carbon-dioxide\/?intent=121\">com a ag\u00eancia<\/a><\/strong>, a concentra\u00e7\u00e3o de CO\u2082 na atmosfera do planeta cresceu de 278 partes por milh\u00e3o em 1750 para 427 partes por milh\u00e3o em maio deste ano. A Nasa ainda destaca que, ainda que o CO\u2082 n\u00e3o seja prejudicial \u00e0 qualidade do ar, seu excesso contribui diretamente para o chamado <strong><a href=\"https:\/\/olhardigital.com.br\/tag\/efeito-estufa\/\">efeito estufa<\/a><\/strong>, que faz com que as temperaturas na Terra subam muito \u2014 e com rapidez.<\/p>\n\n\n\n<div class=\"wp-block-image\"><figure class=\"aligncenter size-large is-resized\"><a href=\"https:\/\/panper.com.br\/\"><img loading=\"lazy\" decoding=\"async\" src=\"https:\/\/jornalfatosenoticias.com.br\/wp-content\/uploads\/2023\/03\/logo-Panper_portal.jpg\" alt=\"\" class=\"wp-image-40208\" width=\"311\" height=\"215\" srcset=\"https:\/\/jornalfatosenoticias.com.br\/wp-content\/uploads\/2023\/03\/logo-Panper_portal.jpg 400w, https:\/\/jornalfatosenoticias.com.br\/wp-content\/uploads\/2023\/03\/logo-Panper_portal-300x208.jpg 300w\" sizes=\"auto, (max-width: 311px) 100vw, 311px\" \/><\/a><\/figure><\/div>\n\n\n\n<p><strong><em>Fonte: <a href=\"https:\/\/olhardigital.com.br\/2024\/07\/29\/ciencia-e-espaco\/nasa-divulga-imagens-de-nuvem-misteriosa-sobre-a-terra-veja\/\">Olhar Digital<\/a><\/em><\/strong><\/p>\n","protected":false},"excerpt":{"rendered":"<p>Ag\u00eancia espacial usou modelo meteorol\u00f3gico de alta resolu\u00e7\u00e3o para criar mapa da concentra\u00e7\u00e3o de CO\u2082 na atmosfera terrestre Por Ana Julia Pilato Imagens geradas pela Nasa\u00a0mostram uma\u00a0nuvem\u00a0misteriosa se movendo ao redor da\u00a0Terra. Trata-se de um mapa que mostra as concentra\u00e7\u00f5es de\u00a0CO\u2082\u00a0(di\u00f3xido de carbono) na\u00a0atmosfera do planeta entre janeiro e mar\u00e7o de 2020, impulsionadas pelo vento [&hellip;]<\/p>\n","protected":false},"author":2,"featured_media":53121,"comment_status":"open","ping_status":"open","sticky":false,"template":"","format":"standard","meta":{"footnotes":""},"categories":[2],"tags":[427,23929,4515,9620,3167,2292,4262,280,164,1832,14538,804],"class_list":["post-53119","post","type-post","status-publish","format-standard","has-post-thumbnail","hentry","category-ciencia","tag-atmosfera","tag-caminhoes","tag-carros","tag-co","tag-dioxido-de-carbono","tag-efeito-estufa","tag-incendios","tag-industria","tag-nasa","tag-nuvem","tag-usinas-de-energia","tag-veiculos"],"yoast_head":"<!-- This site is optimized with the Yoast SEO plugin v26.5 - https:\/\/yoast.com\/wordpress\/plugins\/seo\/ -->\n<title>Nasa divulga imagens de nuvem misteriosa sobre a Terra - Jornal Fatos e Not\u00edcias<\/title>\n<meta name=\"robots\" content=\"index, follow, max-snippet:-1, max-image-preview:large, max-video-preview:-1\" \/>\n<link rel=\"canonical\" href=\"https:\/\/jornalfatosenoticias.com.br\/index.php\/2024\/07\/30\/nasa-divulga-imagens-de-nuvem-misteriosa-sobre-a-terra\/\" \/>\n<meta property=\"og:locale\" content=\"pt_BR\" \/>\n<meta property=\"og:type\" content=\"article\" \/>\n<meta property=\"og:title\" content=\"Nasa divulga imagens de nuvem misteriosa sobre a Terra - Jornal Fatos e Not\u00edcias\" \/>\n<meta property=\"og:description\" content=\"Ag\u00eancia espacial usou modelo meteorol\u00f3gico de alta resolu\u00e7\u00e3o para criar mapa da concentra\u00e7\u00e3o de CO\u2082 na atmosfera terrestre Por Ana Julia Pilato Imagens geradas pela Nasa\u00a0mostram uma\u00a0nuvem\u00a0misteriosa se movendo ao redor da\u00a0Terra. Trata-se de um mapa que mostra as concentra\u00e7\u00f5es de\u00a0CO\u2082\u00a0(di\u00f3xido de carbono) na\u00a0atmosfera do planeta entre janeiro e mar\u00e7o de 2020, impulsionadas pelo vento [&hellip;]\" \/>\n<meta property=\"og:url\" content=\"https:\/\/jornalfatosenoticias.com.br\/index.php\/2024\/07\/30\/nasa-divulga-imagens-de-nuvem-misteriosa-sobre-a-terra\/\" \/>\n<meta property=\"og:site_name\" content=\"Jornal Fatos e Not\u00edcias\" \/>\n<meta property=\"article:published_time\" content=\"2024-07-30T16:33:40+00:00\" \/>\n<meta property=\"article:modified_time\" content=\"2024-07-30T16:33:41+00:00\" \/>\n<meta property=\"og:image\" content=\"https:\/\/jornalfatosenoticias.com.br\/wp-content\/uploads\/2024\/07\/nuvem-misteriosa_Nasa.jpg\" \/>\n\t<meta property=\"og:image:width\" content=\"1000\" \/>\n\t<meta property=\"og:image:height\" content=\"666\" \/>\n\t<meta property=\"og:image:type\" content=\"image\/jpeg\" \/>\n<meta name=\"author\" content=\"Luzimara Fernandes\" \/>\n<meta name=\"twitter:card\" content=\"summary_large_image\" \/>\n<meta name=\"twitter:label1\" content=\"Escrito por\" \/>\n\t<meta name=\"twitter:data1\" content=\"Luzimara Fernandes\" \/>\n\t<meta name=\"twitter:label2\" content=\"Est. tempo de leitura\" \/>\n\t<meta name=\"twitter:data2\" content=\"2 minutos\" \/>\n<script type=\"application\/ld+json\" class=\"yoast-schema-graph\">{\"@context\":\"https:\/\/schema.org\",\"@graph\":[{\"@type\":\"Article\",\"@id\":\"https:\/\/jornalfatosenoticias.com.br\/index.php\/2024\/07\/30\/nasa-divulga-imagens-de-nuvem-misteriosa-sobre-a-terra\/#article\",\"isPartOf\":{\"@id\":\"https:\/\/jornalfatosenoticias.com.br\/index.php\/2024\/07\/30\/nasa-divulga-imagens-de-nuvem-misteriosa-sobre-a-terra\/\"},\"author\":{\"name\":\"Luzimara Fernandes\",\"@id\":\"https:\/\/jornalfatosenoticias.com.br\/#\/schema\/person\/d63837fa13ac8666eb9e74e0985d6f81\"},\"headline\":\"Nasa divulga imagens de nuvem misteriosa sobre a Terra\",\"datePublished\":\"2024-07-30T16:33:40+00:00\",\"dateModified\":\"2024-07-30T16:33:41+00:00\",\"mainEntityOfPage\":{\"@id\":\"https:\/\/jornalfatosenoticias.com.br\/index.php\/2024\/07\/30\/nasa-divulga-imagens-de-nuvem-misteriosa-sobre-a-terra\/\"},\"wordCount\":338,\"commentCount\":0,\"publisher\":{\"@id\":\"https:\/\/jornalfatosenoticias.com.br\/#organization\"},\"image\":{\"@id\":\"https:\/\/jornalfatosenoticias.com.br\/index.php\/2024\/07\/30\/nasa-divulga-imagens-de-nuvem-misteriosa-sobre-a-terra\/#primaryimage\"},\"thumbnailUrl\":\"https:\/\/jornalfatosenoticias.com.br\/wp-content\/uploads\/2024\/07\/nuvem-misteriosa_Nasa.jpg\",\"keywords\":[\"atmosfera\",\"caminh\u00f5es\",\"carros\",\"CO\u2082\",\"di\u00f3xido de carbono\",\"efeito estufa\",\"inc\u00eandios\",\"ind\u00fastria\",\"Nasa\",\"nuvem\",\"usinas de energia\",\"ve\u00edculos\"],\"articleSection\":[\"Ci\u00eancia\"],\"inLanguage\":\"pt-BR\",\"potentialAction\":[{\"@type\":\"CommentAction\",\"name\":\"Comment\",\"target\":[\"https:\/\/jornalfatosenoticias.com.br\/index.php\/2024\/07\/30\/nasa-divulga-imagens-de-nuvem-misteriosa-sobre-a-terra\/#respond\"]}]},{\"@type\":\"WebPage\",\"@id\":\"https:\/\/jornalfatosenoticias.com.br\/index.php\/2024\/07\/30\/nasa-divulga-imagens-de-nuvem-misteriosa-sobre-a-terra\/\",\"url\":\"https:\/\/jornalfatosenoticias.com.br\/index.php\/2024\/07\/30\/nasa-divulga-imagens-de-nuvem-misteriosa-sobre-a-terra\/\",\"name\":\"Nasa divulga imagens de nuvem misteriosa sobre a Terra - Jornal Fatos e Not\u00edcias\",\"isPartOf\":{\"@id\":\"https:\/\/jornalfatosenoticias.com.br\/#website\"},\"primaryImageOfPage\":{\"@id\":\"https:\/\/jornalfatosenoticias.com.br\/index.php\/2024\/07\/30\/nasa-divulga-imagens-de-nuvem-misteriosa-sobre-a-terra\/#primaryimage\"},\"image\":{\"@id\":\"https:\/\/jornalfatosenoticias.com.br\/index.php\/2024\/07\/30\/nasa-divulga-imagens-de-nuvem-misteriosa-sobre-a-terra\/#primaryimage\"},\"thumbnailUrl\":\"https:\/\/jornalfatosenoticias.com.br\/wp-content\/uploads\/2024\/07\/nuvem-misteriosa_Nasa.jpg\",\"datePublished\":\"2024-07-30T16:33:40+00:00\",\"dateModified\":\"2024-07-30T16:33:41+00:00\",\"breadcrumb\":{\"@id\":\"https:\/\/jornalfatosenoticias.com.br\/index.php\/2024\/07\/30\/nasa-divulga-imagens-de-nuvem-misteriosa-sobre-a-terra\/#breadcrumb\"},\"inLanguage\":\"pt-BR\",\"potentialAction\":[{\"@type\":\"ReadAction\",\"target\":[\"https:\/\/jornalfatosenoticias.com.br\/index.php\/2024\/07\/30\/nasa-divulga-imagens-de-nuvem-misteriosa-sobre-a-terra\/\"]}]},{\"@type\":\"ImageObject\",\"inLanguage\":\"pt-BR\",\"@id\":\"https:\/\/jornalfatosenoticias.com.br\/index.php\/2024\/07\/30\/nasa-divulga-imagens-de-nuvem-misteriosa-sobre-a-terra\/#primaryimage\",\"url\":\"https:\/\/jornalfatosenoticias.com.br\/wp-content\/uploads\/2024\/07\/nuvem-misteriosa_Nasa.jpg\",\"contentUrl\":\"https:\/\/jornalfatosenoticias.com.br\/wp-content\/uploads\/2024\/07\/nuvem-misteriosa_Nasa.jpg\",\"width\":1000,\"height\":666},{\"@type\":\"BreadcrumbList\",\"@id\":\"https:\/\/jornalfatosenoticias.com.br\/index.php\/2024\/07\/30\/nasa-divulga-imagens-de-nuvem-misteriosa-sobre-a-terra\/#breadcrumb\",\"itemListElement\":[{\"@type\":\"ListItem\",\"position\":1,\"name\":\"In\u00edcio\",\"item\":\"https:\/\/jornalfatosenoticias.com.br\/\"},{\"@type\":\"ListItem\",\"position\":2,\"name\":\"Nasa divulga imagens de nuvem misteriosa sobre a Terra\"}]},{\"@type\":\"WebSite\",\"@id\":\"https:\/\/jornalfatosenoticias.com.br\/#website\",\"url\":\"https:\/\/jornalfatosenoticias.com.br\/\",\"name\":\"Jornal Fatos e Not\u00edcias\",\"description\":\"Not\u00edcias em geral\",\"publisher\":{\"@id\":\"https:\/\/jornalfatosenoticias.com.br\/#organization\"},\"potentialAction\":[{\"@type\":\"SearchAction\",\"target\":{\"@type\":\"EntryPoint\",\"urlTemplate\":\"https:\/\/jornalfatosenoticias.com.br\/?s={search_term_string}\"},\"query-input\":{\"@type\":\"PropertyValueSpecification\",\"valueRequired\":true,\"valueName\":\"search_term_string\"}}],\"inLanguage\":\"pt-BR\"},{\"@type\":\"Organization\",\"@id\":\"https:\/\/jornalfatosenoticias.com.br\/#organization\",\"name\":\"Jornal Fatos e Not\u00edcias\",\"url\":\"https:\/\/jornalfatosenoticias.com.br\/\",\"logo\":{\"@type\":\"ImageObject\",\"inLanguage\":\"pt-BR\",\"@id\":\"https:\/\/jornalfatosenoticias.com.br\/#\/schema\/logo\/image\/\",\"url\":\"https:\/\/jornalfatosenoticias.com.br\/wp-content\/uploads\/2020\/02\/logo120.png\",\"contentUrl\":\"https:\/\/jornalfatosenoticias.com.br\/wp-content\/uploads\/2020\/02\/logo120.png\",\"width\":1227,\"height\":120,\"caption\":\"Jornal Fatos e Not\u00edcias\"},\"image\":{\"@id\":\"https:\/\/jornalfatosenoticias.com.br\/#\/schema\/logo\/image\/\"}},{\"@type\":\"Person\",\"@id\":\"https:\/\/jornalfatosenoticias.com.br\/#\/schema\/person\/d63837fa13ac8666eb9e74e0985d6f81\",\"name\":\"Luzimara Fernandes\",\"image\":{\"@type\":\"ImageObject\",\"inLanguage\":\"pt-BR\",\"@id\":\"https:\/\/jornalfatosenoticias.com.br\/#\/schema\/person\/image\/\",\"url\":\"https:\/\/jornalfatosenoticias.com.br\/wp-content\/uploads\/2025\/05\/EU_portal.jpg\",\"contentUrl\":\"https:\/\/jornalfatosenoticias.com.br\/wp-content\/uploads\/2025\/05\/EU_portal.jpg\",\"caption\":\"Luzimara Fernandes\"},\"description\":\"Jornalista MTB 2358-ES\",\"sameAs\":[\"https:\/\/jornalfatosenoticias.com.br\"],\"url\":\"https:\/\/jornalfatosenoticias.com.br\/index.php\/author\/luzimara\/\"}]}<\/script>\n<!-- \/ Yoast SEO plugin. -->","yoast_head_json":{"title":"Nasa divulga imagens de nuvem misteriosa sobre a Terra - Jornal Fatos e Not\u00edcias","robots":{"index":"index","follow":"follow","max-snippet":"max-snippet:-1","max-image-preview":"max-image-preview:large","max-video-preview":"max-video-preview:-1"},"canonical":"https:\/\/jornalfatosenoticias.com.br\/index.php\/2024\/07\/30\/nasa-divulga-imagens-de-nuvem-misteriosa-sobre-a-terra\/","og_locale":"pt_BR","og_type":"article","og_title":"Nasa divulga imagens de nuvem misteriosa sobre a Terra - Jornal Fatos e Not\u00edcias","og_description":"Ag\u00eancia espacial usou modelo meteorol\u00f3gico de alta resolu\u00e7\u00e3o para criar mapa da concentra\u00e7\u00e3o de CO\u2082 na atmosfera terrestre Por Ana Julia Pilato Imagens geradas pela Nasa\u00a0mostram uma\u00a0nuvem\u00a0misteriosa se movendo ao redor da\u00a0Terra. Trata-se de um mapa que mostra as concentra\u00e7\u00f5es de\u00a0CO\u2082\u00a0(di\u00f3xido de carbono) na\u00a0atmosfera do planeta entre janeiro e mar\u00e7o de 2020, impulsionadas pelo vento [&hellip;]","og_url":"https:\/\/jornalfatosenoticias.com.br\/index.php\/2024\/07\/30\/nasa-divulga-imagens-de-nuvem-misteriosa-sobre-a-terra\/","og_site_name":"Jornal Fatos e Not\u00edcias","article_published_time":"2024-07-30T16:33:40+00:00","article_modified_time":"2024-07-30T16:33:41+00:00","og_image":[{"width":1000,"height":666,"url":"https:\/\/jornalfatosenoticias.com.br\/wp-content\/uploads\/2024\/07\/nuvem-misteriosa_Nasa.jpg","type":"image\/jpeg"}],"author":"Luzimara Fernandes","twitter_card":"summary_large_image","twitter_misc":{"Escrito por":"Luzimara Fernandes","Est. tempo de leitura":"2 minutos"},"schema":{"@context":"https:\/\/schema.org","@graph":[{"@type":"Article","@id":"https:\/\/jornalfatosenoticias.com.br\/index.php\/2024\/07\/30\/nasa-divulga-imagens-de-nuvem-misteriosa-sobre-a-terra\/#article","isPartOf":{"@id":"https:\/\/jornalfatosenoticias.com.br\/index.php\/2024\/07\/30\/nasa-divulga-imagens-de-nuvem-misteriosa-sobre-a-terra\/"},"author":{"name":"Luzimara Fernandes","@id":"https:\/\/jornalfatosenoticias.com.br\/#\/schema\/person\/d63837fa13ac8666eb9e74e0985d6f81"},"headline":"Nasa divulga imagens de nuvem misteriosa sobre a Terra","datePublished":"2024-07-30T16:33:40+00:00","dateModified":"2024-07-30T16:33:41+00:00","mainEntityOfPage":{"@id":"https:\/\/jornalfatosenoticias.com.br\/index.php\/2024\/07\/30\/nasa-divulga-imagens-de-nuvem-misteriosa-sobre-a-terra\/"},"wordCount":338,"commentCount":0,"publisher":{"@id":"https:\/\/jornalfatosenoticias.com.br\/#organization"},"image":{"@id":"https:\/\/jornalfatosenoticias.com.br\/index.php\/2024\/07\/30\/nasa-divulga-imagens-de-nuvem-misteriosa-sobre-a-terra\/#primaryimage"},"thumbnailUrl":"https:\/\/jornalfatosenoticias.com.br\/wp-content\/uploads\/2024\/07\/nuvem-misteriosa_Nasa.jpg","keywords":["atmosfera","caminh\u00f5es","carros","CO\u2082","di\u00f3xido de carbono","efeito estufa","inc\u00eandios","ind\u00fastria","Nasa","nuvem","usinas de energia","ve\u00edculos"],"articleSection":["Ci\u00eancia"],"inLanguage":"pt-BR","potentialAction":[{"@type":"CommentAction","name":"Comment","target":["https:\/\/jornalfatosenoticias.com.br\/index.php\/2024\/07\/30\/nasa-divulga-imagens-de-nuvem-misteriosa-sobre-a-terra\/#respond"]}]},{"@type":"WebPage","@id":"https:\/\/jornalfatosenoticias.com.br\/index.php\/2024\/07\/30\/nasa-divulga-imagens-de-nuvem-misteriosa-sobre-a-terra\/","url":"https:\/\/jornalfatosenoticias.com.br\/index.php\/2024\/07\/30\/nasa-divulga-imagens-de-nuvem-misteriosa-sobre-a-terra\/","name":"Nasa divulga imagens de nuvem misteriosa sobre a Terra - Jornal Fatos e Not\u00edcias","isPartOf":{"@id":"https:\/\/jornalfatosenoticias.com.br\/#website"},"primaryImageOfPage":{"@id":"https:\/\/jornalfatosenoticias.com.br\/index.php\/2024\/07\/30\/nasa-divulga-imagens-de-nuvem-misteriosa-sobre-a-terra\/#primaryimage"},"image":{"@id":"https:\/\/jornalfatosenoticias.com.br\/index.php\/2024\/07\/30\/nasa-divulga-imagens-de-nuvem-misteriosa-sobre-a-terra\/#primaryimage"},"thumbnailUrl":"https:\/\/jornalfatosenoticias.com.br\/wp-content\/uploads\/2024\/07\/nuvem-misteriosa_Nasa.jpg","datePublished":"2024-07-30T16:33:40+00:00","dateModified":"2024-07-30T16:33:41+00:00","breadcrumb":{"@id":"https:\/\/jornalfatosenoticias.com.br\/index.php\/2024\/07\/30\/nasa-divulga-imagens-de-nuvem-misteriosa-sobre-a-terra\/#breadcrumb"},"inLanguage":"pt-BR","potentialAction":[{"@type":"ReadAction","target":["https:\/\/jornalfatosenoticias.com.br\/index.php\/2024\/07\/30\/nasa-divulga-imagens-de-nuvem-misteriosa-sobre-a-terra\/"]}]},{"@type":"ImageObject","inLanguage":"pt-BR","@id":"https:\/\/jornalfatosenoticias.com.br\/index.php\/2024\/07\/30\/nasa-divulga-imagens-de-nuvem-misteriosa-sobre-a-terra\/#primaryimage","url":"https:\/\/jornalfatosenoticias.com.br\/wp-content\/uploads\/2024\/07\/nuvem-misteriosa_Nasa.jpg","contentUrl":"https:\/\/jornalfatosenoticias.com.br\/wp-content\/uploads\/2024\/07\/nuvem-misteriosa_Nasa.jpg","width":1000,"height":666},{"@type":"BreadcrumbList","@id":"https:\/\/jornalfatosenoticias.com.br\/index.php\/2024\/07\/30\/nasa-divulga-imagens-de-nuvem-misteriosa-sobre-a-terra\/#breadcrumb","itemListElement":[{"@type":"ListItem","position":1,"name":"In\u00edcio","item":"https:\/\/jornalfatosenoticias.com.br\/"},{"@type":"ListItem","position":2,"name":"Nasa divulga imagens de nuvem misteriosa sobre a Terra"}]},{"@type":"WebSite","@id":"https:\/\/jornalfatosenoticias.com.br\/#website","url":"https:\/\/jornalfatosenoticias.com.br\/","name":"Jornal Fatos e Not\u00edcias","description":"Not\u00edcias em geral","publisher":{"@id":"https:\/\/jornalfatosenoticias.com.br\/#organization"},"potentialAction":[{"@type":"SearchAction","target":{"@type":"EntryPoint","urlTemplate":"https:\/\/jornalfatosenoticias.com.br\/?s={search_term_string}"},"query-input":{"@type":"PropertyValueSpecification","valueRequired":true,"valueName":"search_term_string"}}],"inLanguage":"pt-BR"},{"@type":"Organization","@id":"https:\/\/jornalfatosenoticias.com.br\/#organization","name":"Jornal Fatos e Not\u00edcias","url":"https:\/\/jornalfatosenoticias.com.br\/","logo":{"@type":"ImageObject","inLanguage":"pt-BR","@id":"https:\/\/jornalfatosenoticias.com.br\/#\/schema\/logo\/image\/","url":"https:\/\/jornalfatosenoticias.com.br\/wp-content\/uploads\/2020\/02\/logo120.png","contentUrl":"https:\/\/jornalfatosenoticias.com.br\/wp-content\/uploads\/2020\/02\/logo120.png","width":1227,"height":120,"caption":"Jornal Fatos e Not\u00edcias"},"image":{"@id":"https:\/\/jornalfatosenoticias.com.br\/#\/schema\/logo\/image\/"}},{"@type":"Person","@id":"https:\/\/jornalfatosenoticias.com.br\/#\/schema\/person\/d63837fa13ac8666eb9e74e0985d6f81","name":"Luzimara Fernandes","image":{"@type":"ImageObject","inLanguage":"pt-BR","@id":"https:\/\/jornalfatosenoticias.com.br\/#\/schema\/person\/image\/","url":"https:\/\/jornalfatosenoticias.com.br\/wp-content\/uploads\/2025\/05\/EU_portal.jpg","contentUrl":"https:\/\/jornalfatosenoticias.com.br\/wp-content\/uploads\/2025\/05\/EU_portal.jpg","caption":"Luzimara Fernandes"},"description":"Jornalista MTB 2358-ES","sameAs":["https:\/\/jornalfatosenoticias.com.br"],"url":"https:\/\/jornalfatosenoticias.com.br\/index.php\/author\/luzimara\/"}]}},"cc_featured_image_caption":{"caption_text":"(Foto: Nasa's Scientific Visualization Studio) ","source_text":"","source_url":""},"jetpack_featured_media_url":"https:\/\/jornalfatosenoticias.com.br\/wp-content\/uploads\/2024\/07\/nuvem-misteriosa_Nasa.jpg","_links":{"self":[{"href":"https:\/\/jornalfatosenoticias.com.br\/index.php\/wp-json\/wp\/v2\/posts\/53119","targetHints":{"allow":["GET"]}}],"collection":[{"href":"https:\/\/jornalfatosenoticias.com.br\/index.php\/wp-json\/wp\/v2\/posts"}],"about":[{"href":"https:\/\/jornalfatosenoticias.com.br\/index.php\/wp-json\/wp\/v2\/types\/post"}],"author":[{"embeddable":true,"href":"https:\/\/jornalfatosenoticias.com.br\/index.php\/wp-json\/wp\/v2\/users\/2"}],"replies":[{"embeddable":true,"href":"https:\/\/jornalfatosenoticias.com.br\/index.php\/wp-json\/wp\/v2\/comments?post=53119"}],"version-history":[{"count":0,"href":"https:\/\/jornalfatosenoticias.com.br\/index.php\/wp-json\/wp\/v2\/posts\/53119\/revisions"}],"wp:featuredmedia":[{"embeddable":true,"href":"https:\/\/jornalfatosenoticias.com.br\/index.php\/wp-json\/wp\/v2\/media\/53121"}],"wp:attachment":[{"href":"https:\/\/jornalfatosenoticias.com.br\/index.php\/wp-json\/wp\/v2\/media?parent=53119"}],"wp:term":[{"taxonomy":"category","embeddable":true,"href":"https:\/\/jornalfatosenoticias.com.br\/index.php\/wp-json\/wp\/v2\/categories?post=53119"},{"taxonomy":"post_tag","embeddable":true,"href":"https:\/\/jornalfatosenoticias.com.br\/index.php\/wp-json\/wp\/v2\/tags?post=53119"}],"curies":[{"name":"wp","href":"https:\/\/api.w.org\/{rel}","templated":true}]}}