{"id":53133,"date":"2024-07-30T14:31:25","date_gmt":"2024-07-30T17:31:25","guid":{"rendered":"https:\/\/jornalfatosenoticias.com.br\/?p=53133"},"modified":"2024-07-30T14:31:28","modified_gmt":"2024-07-30T17:31:28","slug":"pt-diz-que-eleicao-de-maduro-na-venezuela-foi-democratica-e-soberana","status":"publish","type":"post","link":"https:\/\/jornalfatosenoticias.com.br\/index.php\/2024\/07\/30\/pt-diz-que-eleicao-de-maduro-na-venezuela-foi-democratica-e-soberana\/","title":{"rendered":"PT diz que elei\u00e7\u00e3o de Maduro na Venezuela foi \u201cdemocr\u00e1tica e soberana\u201d"},"content":{"rendered":"\n<p><em><span class=\"has-inline-color has-black-color\">A presidente do PT, deputada federal Gleisi Hoffmann (PR), compartilhou nota do partido sobre elei\u00e7\u00f5es na Venezuela nas redes sociais<\/span><\/em><\/p>\n\n\n\n<p><span class=\"has-inline-color has-black-color\">Por <strong><a href=\"https:\/\/www.gazetadopovo.com.br\/autor\/camila-abrao\/\">Camila Abr\u00e3o<\/a><\/strong><\/span><\/p>\n\n\n\n<div class=\"wp-block-image\"><figure class=\"aligncenter size-large\"><a href=\"https:\/\/mizu.com.br\/\"><img loading=\"lazy\" decoding=\"async\" width=\"729\" height=\"90\" src=\"https:\/\/jornalfatosenoticias.com.br\/wp-content\/uploads\/2020\/02\/Logo_Mizu.png\" alt=\"\" class=\"wp-image-1441\" srcset=\"https:\/\/jornalfatosenoticias.com.br\/wp-content\/uploads\/2020\/02\/Logo_Mizu.png 729w, https:\/\/jornalfatosenoticias.com.br\/wp-content\/uploads\/2020\/02\/Logo_Mizu-300x37.png 300w\" sizes=\"auto, (max-width: 729px) 100vw, 729px\" \/><\/a><\/figure><\/div>\n\n\n\n<p>A Executiva Nacional do Partido dos Trabalhadores (PT) divulgou, na noite desta segunda-feira (29), uma nota em que trata o ditador da Venezuela, Nicol\u00e1s Maduro, como \u201cpresidente reeleito\u201d. A legenda de Luiz In\u00e1cio Lula da Silva classificou o processo eleitoral no pa\u00eds vizinho como uma \u201cjornada pac\u00edfica, democr\u00e1tica e soberana\u201d.<br>O Conselho Nacional Eleitoral (CNE) declarou a vit\u00f3ria de Maduro ap\u00f3s as elei\u00e7\u00f5es de domingo (28), sem divulgar as atas de vota\u00e7\u00e3o para referendar ou n\u00e3o o resultado do pleito. O \u00f3rg\u00e3o eleitoral \u00e9 controlado pelo regime chavista. &#8220;Temos a certeza de que o Conselho Nacional Eleitoral, que apontou a vit\u00f3ria do presidente Nicol\u00e1s Maduro, dar\u00e1 tratamento respeitoso para todos os recursos que receba, nos prazos e nos termos previstos na Constitui\u00e7\u00e3o da Rep\u00fablica Bolivariana da Venezuela&#8221;, afirmou o PT.<\/p>\n\n\n\n<div class=\"wp-block-image\"><figure class=\"aligncenter size-large\"><a href=\"https:\/\/cesconetto.com.br\/\"><img loading=\"lazy\" decoding=\"async\" width=\"300\" height=\"250\" src=\"https:\/\/jornalfatosenoticias.com.br\/wp-content\/uploads\/2020\/02\/Banner-2.png\" alt=\"\" class=\"wp-image-43787\"\/><\/a><\/figure><\/div>\n\n\n\n<p>Segundo o CNE, Maduro teve 51% contra 44% de Ernesto Gonz\u00e1lez, principal candidato da oposi\u00e7\u00e3o. Na tarde desta segunda (29), a l\u00edder oposicionista Mar\u00eda Corina Machado declarou a vit\u00f3ria de Gonz\u00e1lez. De acordo com Machado, o bloco Plataforma Unit\u00e1ria Democr\u00e1tica (PUD) obteve 73% das atas.<\/p>\n\n\n\n<div class=\"wp-block-image\"><figure class=\"aligncenter size-large is-resized\"><a href=\"https:\/\/www.instagram.com\/restaurantepegoretti\/\"><img loading=\"lazy\" decoding=\"async\" src=\"https:\/\/jornalfatosenoticias.com.br\/wp-content\/uploads\/2023\/12\/pegoretti-logo-pdf-1024x389.jpg\" alt=\"\" class=\"wp-image-47536\" width=\"448\" height=\"170\" srcset=\"https:\/\/jornalfatosenoticias.com.br\/wp-content\/uploads\/2023\/12\/pegoretti-logo-pdf-1024x389.jpg 1024w, https:\/\/jornalfatosenoticias.com.br\/wp-content\/uploads\/2023\/12\/pegoretti-logo-pdf-300x114.jpg 300w, https:\/\/jornalfatosenoticias.com.br\/wp-content\/uploads\/2023\/12\/pegoretti-logo-pdf-768x291.jpg 768w, https:\/\/jornalfatosenoticias.com.br\/wp-content\/uploads\/2023\/12\/pegoretti-logo-pdf.jpg 1120w\" sizes=\"auto, (max-width: 448px) 100vw, 448px\" \/><\/a><\/figure><\/div>\n\n\n\n<p><strong><span class=\"has-inline-color has-black-color\">Em meio a persegui\u00e7\u00e3o de opositores, PT pede que Maduro &#8220;continue o di\u00e1logo&#8221;<br><\/span><\/strong>A elei\u00e7\u00e3o foi marcada por den\u00fancias de persegui\u00e7\u00e3o a opositores do ditador e cerceamento da imprensa pelo regime chavista. No entanto, para o PT, &#8220;os graves problemas da Venezuela&#8221; s\u00e3o causados, principalmente, por &#8220;san\u00e7\u00f5es ilegais&#8221;. &#8220;Importante que o presidente Nicol\u00e1s Maduro, agora reeleito, continue o di\u00e1logo com a oposi\u00e7\u00e3o, no sentido de superar os graves problemas da Venezuela, em grande medida causados por san\u00e7\u00f5es ilegais&#8221;, disse o partido de Lula.<\/p>\n\n\n\n<div class=\"wp-block-image\"><figure class=\"aligncenter size-large is-resized\"><a href=\"https:\/\/hotelmarquetti.com.br\/\"><img loading=\"lazy\" decoding=\"async\" src=\"https:\/\/jornalfatosenoticias.com.br\/wp-content\/uploads\/2023\/03\/nova-logo-Marquetti.jpg\" alt=\"\" class=\"wp-image-40207\" width=\"355\" height=\"238\" srcset=\"https:\/\/jornalfatosenoticias.com.br\/wp-content\/uploads\/2023\/03\/nova-logo-Marquetti.jpg 643w, https:\/\/jornalfatosenoticias.com.br\/wp-content\/uploads\/2023\/03\/nova-logo-Marquetti-300x202.jpg 300w\" sizes=\"auto, (max-width: 355px) 100vw, 355px\" \/><\/a><\/figure><\/div>\n\n\n\n<p>Ap\u00f3s o an\u00fancio do CNE, houve protestos em Caracas contra Maduro. Diversos pa\u00edses evitaram reconhecer o resultado do pleito devido a falta de transpar\u00eancia na contagem dos votos. Diante das cr\u00edticas, o regime chavista determinou que Argentina, Chile, Costa Rica, Peru, Panam\u00e1, Rep\u00fablica Dominicana e Uruguai devem retirar seus representantes diplom\u00e1ticos da Venezuela.<\/p>\n\n\n\n<div class=\"wp-block-image\"><figure class=\"aligncenter size-large is-resized\"><a href=\"https:\/\/www.facebook.com\/postobkr\/?locale=pt_BR\"><img loading=\"lazy\" decoding=\"async\" src=\"https:\/\/jornalfatosenoticias.com.br\/wp-content\/uploads\/2023\/08\/BKR-1024x1021.jpg\" alt=\"\" class=\"wp-image-44494\" width=\"293\" height=\"292\" srcset=\"https:\/\/jornalfatosenoticias.com.br\/wp-content\/uploads\/2023\/08\/BKR-1024x1021.jpg 1024w, https:\/\/jornalfatosenoticias.com.br\/wp-content\/uploads\/2023\/08\/BKR-300x300.jpg 300w, https:\/\/jornalfatosenoticias.com.br\/wp-content\/uploads\/2023\/08\/BKR-150x150.jpg 150w, https:\/\/jornalfatosenoticias.com.br\/wp-content\/uploads\/2023\/08\/BKR-768x766.jpg 768w, https:\/\/jornalfatosenoticias.com.br\/wp-content\/uploads\/2023\/08\/BKR.jpg 1080w\" sizes=\"auto, (max-width: 293px) 100vw, 293px\" \/><\/a><\/figure><\/div>\n\n\n\n<p>O PT afirmou ainda que &#8220;seguir\u00e1 vigilante para contribuir, na medida de suas for\u00e7as, para que os problemas da Am\u00e9rica Latina e Caribe sejam tratados pelos povos da nossa regi\u00e3o, sem nenhum tipo de viol\u00eancia e inger\u00eancia externa&#8221;.<\/p>\n\n\n\n<div class=\"wp-block-image\"><figure class=\"aligncenter size-large\"><a href=\"https:\/\/www.instagram.com\/baraodascarnes.es\/\"><img decoding=\"async\" src=\"https:\/\/jornalfatosenoticias.com.br\/wp-content\/uploads\/2020\/02\/barao-das-carnes-300x164-1.jpg\" alt=\"\" class=\"wp-image-34339\"\/><\/a><\/figure><\/div>\n\n\n\n<p><strong><span class=\"has-inline-color has-black-color\">Governo Lula aguarda divulga\u00e7\u00e3o de atas para se manifestar<br><\/span><\/strong>O governo Lula ainda n\u00e3o reconheceu ou contestou a vit\u00f3ria do ditador e espera a divulga\u00e7\u00e3o das atas eleitorais para se manifestar oficialmente. O petista tamb\u00e9m n\u00e3o comentou o pleito ou o resultado anunciado pelo CNE. O assessor para assuntos internacionais do Pal\u00e1cio do Planalto, Celso Amorim, acompanhou a elei\u00e7\u00e3o e teria refor\u00e7ado o pedido do governo a Maduro para disponibilizar a \u00edntegra dos documentos.<\/p>\n\n\n\n<div class=\"wp-block-image\"><figure class=\"aligncenter size-large\"><a href=\"https:\/\/www.facebook.com\/Esteio-Churrascaria-Barbecue-103643461220402\/\"><img decoding=\"async\" src=\"https:\/\/jornalfatosenoticias.com.br\/wp-content\/uploads\/2020\/02\/logo_esteio.jpg\" alt=\"\" class=\"wp-image-1214\"\/><\/a><\/figure><\/div>\n\n\n\n<p>O Itamaraty orientou a embaixadora do Brasil na Venezuela, Gilv\u00e2nia Maria de Oliveira, a n\u00e3o comparecer a uma reuni\u00e3o com o ditador. Al\u00e9m disso, o Minist\u00e9rio das Rela\u00e7\u00f5es Exteriores divulgou na noite desta segunda (29) um alerta de seguran\u00e7a aos brasileiros que est\u00e3o na Venezuela.<\/p>\n\n\n\n<div class=\"wp-block-image\"><figure class=\"aligncenter size-large is-resized\"><a href=\"https:\/\/www.instagram.com\/rapuzeljastro\/\"><img loading=\"lazy\" decoding=\"async\" src=\"https:\/\/jornalfatosenoticias.com.br\/wp-content\/uploads\/2020\/02\/logo-Rapuzel-1024x571.jpg\" alt=\"\" class=\"wp-image-42808\" width=\"368\" height=\"205\" srcset=\"https:\/\/jornalfatosenoticias.com.br\/wp-content\/uploads\/2020\/02\/logo-Rapuzel-1024x571.jpg 1024w, https:\/\/jornalfatosenoticias.com.br\/wp-content\/uploads\/2020\/02\/logo-Rapuzel-300x167.jpg 300w, https:\/\/jornalfatosenoticias.com.br\/wp-content\/uploads\/2020\/02\/logo-Rapuzel-768x428.jpg 768w, https:\/\/jornalfatosenoticias.com.br\/wp-content\/uploads\/2020\/02\/logo-Rapuzel-1536x856.jpg 1536w, https:\/\/jornalfatosenoticias.com.br\/wp-content\/uploads\/2020\/02\/logo-Rapuzel.jpg 1600w\" sizes=\"auto, (max-width: 368px) 100vw, 368px\" \/><\/a><\/figure><\/div>\n\n\n\n<p><strong><span class=\"has-inline-color has-black-color\"><em>Veja a \u00edntegra do comunicado do PT sobre as elei\u00e7\u00f5es na Venezuela:<br><\/em><\/span><\/strong><em>&#8220;O PT sa\u00fada o povo venezuelano pelo processo eleitoral ocorrido no domingo, dia 28 de julho de 2024, em uma jornada pac\u00edfica, democr\u00e1tica e soberana. Temos a certeza de que o Conselho Nacional Eleitoral, que apontou a vit\u00f3ria do presidente Nicol\u00e1s Maduro, dar\u00e1 tratamento respeitoso para todos os recursos que receba, nos prazos e nos termos previstos na Constitui\u00e7\u00e3o da Rep\u00fablica Bolivariana da Venezuela.<br>Importante que o presidente Nicol\u00e1s Maduro, agora reeleito, continue o di\u00e1logo com a oposi\u00e7\u00e3o, no sentido de superar os graves problemas da Venezuela, em grande medida causados por san\u00e7\u00f5es ilegais.<br>O PT seguir\u00e1 vigilante para contribuir, na medida de suas for\u00e7as, para que os problemas da Am\u00e9rica Latina e Caribe sejam tratados pelos povos da nossa regi\u00e3o, sem nenhum tipo de viol\u00eancia e inger\u00eancia externa&#8221;.<\/em><\/p>\n\n\n\n<div class=\"wp-block-image\"><figure class=\"aligncenter size-large is-resized\"><a href=\"https:\/\/panper.com.br\/\"><img loading=\"lazy\" decoding=\"async\" src=\"https:\/\/jornalfatosenoticias.com.br\/wp-content\/uploads\/2023\/03\/logo-Panper_portal.jpg\" alt=\"\" class=\"wp-image-40208\" width=\"354\" height=\"245\" srcset=\"https:\/\/jornalfatosenoticias.com.br\/wp-content\/uploads\/2023\/03\/logo-Panper_portal.jpg 400w, https:\/\/jornalfatosenoticias.com.br\/wp-content\/uploads\/2023\/03\/logo-Panper_portal-300x208.jpg 300w\" sizes=\"auto, (max-width: 354px) 100vw, 354px\" \/><\/a><\/figure><\/div>\n\n\n\n<p><strong><em>Fonte: <a href=\"https:\/\/www.gazetadopovo.com.br\/republica\/pt-diz-que-eleicao-de-maduro-na-venezuela-foi-democratica-e-soberana\/?ref=mais-comentadas\">Gazeta do Povo<\/a><\/em><\/strong><\/p>\n","protected":false},"excerpt":{"rendered":"<p>A presidente do PT, deputada federal Gleisi Hoffmann (PR), compartilhou nota do partido sobre elei\u00e7\u00f5es na Venezuela nas redes sociais Por Camila Abr\u00e3o A Executiva Nacional do Partido dos Trabalhadores (PT) divulgou, na noite desta segunda-feira (29), uma nota em que trata o ditador da Venezuela, Nicol\u00e1s Maduro, como \u201cpresidente reeleito\u201d. A legenda de Luiz [&hellip;]<\/p>\n","protected":false},"author":2,"featured_media":53134,"comment_status":"open","ping_status":"open","sticky":false,"template":"","format":"standard","meta":{"footnotes":""},"categories":[10],"tags":[260,5995,1231,1039,2132,16065,14946,7580,19097,1900,1001,20258,8605],"class_list":["post-53133","post","type-post","status-publish","format-standard","has-post-thumbnail","hentry","category-politica","tag-america-latina","tag-argentina","tag-chile","tag-eleicoes","tag-fraude","tag-fraude-eleitoral","tag-itamaraty","tag-lula","tag-nicolas-maduro","tag-palacio-do-planalto","tag-peru","tag-uruguai","tag-venezuela"],"yoast_head":"<!-- This site is optimized with the Yoast SEO plugin v26.5 - https:\/\/yoast.com\/wordpress\/plugins\/seo\/ -->\n<title>PT diz que elei\u00e7\u00e3o de Maduro na Venezuela foi \u201cdemocr\u00e1tica e soberana\u201d - Jornal Fatos e Not\u00edcias<\/title>\n<meta name=\"robots\" content=\"index, follow, max-snippet:-1, max-image-preview:large, max-video-preview:-1\" \/>\n<link rel=\"canonical\" href=\"https:\/\/jornalfatosenoticias.com.br\/index.php\/2024\/07\/30\/pt-diz-que-eleicao-de-maduro-na-venezuela-foi-democratica-e-soberana\/\" \/>\n<meta property=\"og:locale\" content=\"pt_BR\" \/>\n<meta property=\"og:type\" content=\"article\" \/>\n<meta property=\"og:title\" content=\"PT diz que elei\u00e7\u00e3o de Maduro na Venezuela foi \u201cdemocr\u00e1tica e soberana\u201d - Jornal Fatos e Not\u00edcias\" \/>\n<meta property=\"og:description\" content=\"A presidente do PT, deputada federal Gleisi Hoffmann (PR), compartilhou nota do partido sobre elei\u00e7\u00f5es na Venezuela nas redes sociais Por Camila Abr\u00e3o A Executiva Nacional do Partido dos Trabalhadores (PT) divulgou, na noite desta segunda-feira (29), uma nota em que trata o ditador da Venezuela, Nicol\u00e1s Maduro, como \u201cpresidente reeleito\u201d. A legenda de Luiz [&hellip;]\" \/>\n<meta property=\"og:url\" content=\"https:\/\/jornalfatosenoticias.com.br\/index.php\/2024\/07\/30\/pt-diz-que-eleicao-de-maduro-na-venezuela-foi-democratica-e-soberana\/\" \/>\n<meta property=\"og:site_name\" content=\"Jornal Fatos e Not\u00edcias\" \/>\n<meta property=\"article:published_time\" content=\"2024-07-30T17:31:25+00:00\" \/>\n<meta property=\"article:modified_time\" content=\"2024-07-30T17:31:28+00:00\" \/>\n<meta property=\"og:image\" content=\"https:\/\/jornalfatosenoticias.com.br\/wp-content\/uploads\/2024\/07\/gleisi-coxinha-amante.jpg\" \/>\n\t<meta property=\"og:image:width\" content=\"960\" \/>\n\t<meta property=\"og:image:height\" content=\"540\" \/>\n\t<meta property=\"og:image:type\" content=\"image\/jpeg\" \/>\n<meta name=\"author\" content=\"Luzimara Fernandes\" \/>\n<meta name=\"twitter:card\" content=\"summary_large_image\" \/>\n<meta name=\"twitter:label1\" content=\"Escrito por\" \/>\n\t<meta name=\"twitter:data1\" content=\"Luzimara Fernandes\" \/>\n\t<meta name=\"twitter:label2\" content=\"Est. tempo de leitura\" \/>\n\t<meta name=\"twitter:data2\" content=\"4 minutos\" \/>\n<script type=\"application\/ld+json\" class=\"yoast-schema-graph\">{\"@context\":\"https:\/\/schema.org\",\"@graph\":[{\"@type\":\"Article\",\"@id\":\"https:\/\/jornalfatosenoticias.com.br\/index.php\/2024\/07\/30\/pt-diz-que-eleicao-de-maduro-na-venezuela-foi-democratica-e-soberana\/#article\",\"isPartOf\":{\"@id\":\"https:\/\/jornalfatosenoticias.com.br\/index.php\/2024\/07\/30\/pt-diz-que-eleicao-de-maduro-na-venezuela-foi-democratica-e-soberana\/\"},\"author\":{\"name\":\"Luzimara Fernandes\",\"@id\":\"https:\/\/jornalfatosenoticias.com.br\/#\/schema\/person\/d63837fa13ac8666eb9e74e0985d6f81\"},\"headline\":\"PT diz que elei\u00e7\u00e3o de Maduro na Venezuela foi \u201cdemocr\u00e1tica e soberana\u201d\",\"datePublished\":\"2024-07-30T17:31:25+00:00\",\"dateModified\":\"2024-07-30T17:31:28+00:00\",\"mainEntityOfPage\":{\"@id\":\"https:\/\/jornalfatosenoticias.com.br\/index.php\/2024\/07\/30\/pt-diz-que-eleicao-de-maduro-na-venezuela-foi-democratica-e-soberana\/\"},\"wordCount\":722,\"commentCount\":0,\"publisher\":{\"@id\":\"https:\/\/jornalfatosenoticias.com.br\/#organization\"},\"image\":{\"@id\":\"https:\/\/jornalfatosenoticias.com.br\/index.php\/2024\/07\/30\/pt-diz-que-eleicao-de-maduro-na-venezuela-foi-democratica-e-soberana\/#primaryimage\"},\"thumbnailUrl\":\"https:\/\/jornalfatosenoticias.com.br\/wp-content\/uploads\/2024\/07\/gleisi-coxinha-amante.jpg\",\"keywords\":[\"Am\u00e9rica latina\",\"Argentina\",\"Chile\",\"elei\u00e7\u00f5es\",\"fraude\",\"fraude eleitoral\",\"Itamaraty\",\"Lula\",\"Nicol\u00e1s Maduro\",\"Pal\u00e1cio do Planalto\",\"Peru\",\"Uruguai\",\"Venezuela\"],\"articleSection\":[\"Pol\u00edtica\"],\"inLanguage\":\"pt-BR\",\"potentialAction\":[{\"@type\":\"CommentAction\",\"name\":\"Comment\",\"target\":[\"https:\/\/jornalfatosenoticias.com.br\/index.php\/2024\/07\/30\/pt-diz-que-eleicao-de-maduro-na-venezuela-foi-democratica-e-soberana\/#respond\"]}]},{\"@type\":\"WebPage\",\"@id\":\"https:\/\/jornalfatosenoticias.com.br\/index.php\/2024\/07\/30\/pt-diz-que-eleicao-de-maduro-na-venezuela-foi-democratica-e-soberana\/\",\"url\":\"https:\/\/jornalfatosenoticias.com.br\/index.php\/2024\/07\/30\/pt-diz-que-eleicao-de-maduro-na-venezuela-foi-democratica-e-soberana\/\",\"name\":\"PT diz que elei\u00e7\u00e3o de Maduro na Venezuela foi \u201cdemocr\u00e1tica e soberana\u201d - Jornal Fatos e Not\u00edcias\",\"isPartOf\":{\"@id\":\"https:\/\/jornalfatosenoticias.com.br\/#website\"},\"primaryImageOfPage\":{\"@id\":\"https:\/\/jornalfatosenoticias.com.br\/index.php\/2024\/07\/30\/pt-diz-que-eleicao-de-maduro-na-venezuela-foi-democratica-e-soberana\/#primaryimage\"},\"image\":{\"@id\":\"https:\/\/jornalfatosenoticias.com.br\/index.php\/2024\/07\/30\/pt-diz-que-eleicao-de-maduro-na-venezuela-foi-democratica-e-soberana\/#primaryimage\"},\"thumbnailUrl\":\"https:\/\/jornalfatosenoticias.com.br\/wp-content\/uploads\/2024\/07\/gleisi-coxinha-amante.jpg\",\"datePublished\":\"2024-07-30T17:31:25+00:00\",\"dateModified\":\"2024-07-30T17:31:28+00:00\",\"breadcrumb\":{\"@id\":\"https:\/\/jornalfatosenoticias.com.br\/index.php\/2024\/07\/30\/pt-diz-que-eleicao-de-maduro-na-venezuela-foi-democratica-e-soberana\/#breadcrumb\"},\"inLanguage\":\"pt-BR\",\"potentialAction\":[{\"@type\":\"ReadAction\",\"target\":[\"https:\/\/jornalfatosenoticias.com.br\/index.php\/2024\/07\/30\/pt-diz-que-eleicao-de-maduro-na-venezuela-foi-democratica-e-soberana\/\"]}]},{\"@type\":\"ImageObject\",\"inLanguage\":\"pt-BR\",\"@id\":\"https:\/\/jornalfatosenoticias.com.br\/index.php\/2024\/07\/30\/pt-diz-que-eleicao-de-maduro-na-venezuela-foi-democratica-e-soberana\/#primaryimage\",\"url\":\"https:\/\/jornalfatosenoticias.com.br\/wp-content\/uploads\/2024\/07\/gleisi-coxinha-amante.jpg\",\"contentUrl\":\"https:\/\/jornalfatosenoticias.com.br\/wp-content\/uploads\/2024\/07\/gleisi-coxinha-amante.jpg\",\"width\":960,\"height\":540},{\"@type\":\"BreadcrumbList\",\"@id\":\"https:\/\/jornalfatosenoticias.com.br\/index.php\/2024\/07\/30\/pt-diz-que-eleicao-de-maduro-na-venezuela-foi-democratica-e-soberana\/#breadcrumb\",\"itemListElement\":[{\"@type\":\"ListItem\",\"position\":1,\"name\":\"In\u00edcio\",\"item\":\"https:\/\/jornalfatosenoticias.com.br\/\"},{\"@type\":\"ListItem\",\"position\":2,\"name\":\"PT diz que elei\u00e7\u00e3o de Maduro na Venezuela foi \u201cdemocr\u00e1tica e soberana\u201d\"}]},{\"@type\":\"WebSite\",\"@id\":\"https:\/\/jornalfatosenoticias.com.br\/#website\",\"url\":\"https:\/\/jornalfatosenoticias.com.br\/\",\"name\":\"Jornal Fatos e Not\u00edcias\",\"description\":\"Not\u00edcias em geral\",\"publisher\":{\"@id\":\"https:\/\/jornalfatosenoticias.com.br\/#organization\"},\"potentialAction\":[{\"@type\":\"SearchAction\",\"target\":{\"@type\":\"EntryPoint\",\"urlTemplate\":\"https:\/\/jornalfatosenoticias.com.br\/?s={search_term_string}\"},\"query-input\":{\"@type\":\"PropertyValueSpecification\",\"valueRequired\":true,\"valueName\":\"search_term_string\"}}],\"inLanguage\":\"pt-BR\"},{\"@type\":\"Organization\",\"@id\":\"https:\/\/jornalfatosenoticias.com.br\/#organization\",\"name\":\"Jornal Fatos e Not\u00edcias\",\"url\":\"https:\/\/jornalfatosenoticias.com.br\/\",\"logo\":{\"@type\":\"ImageObject\",\"inLanguage\":\"pt-BR\",\"@id\":\"https:\/\/jornalfatosenoticias.com.br\/#\/schema\/logo\/image\/\",\"url\":\"https:\/\/jornalfatosenoticias.com.br\/wp-content\/uploads\/2020\/02\/logo120.png\",\"contentUrl\":\"https:\/\/jornalfatosenoticias.com.br\/wp-content\/uploads\/2020\/02\/logo120.png\",\"width\":1227,\"height\":120,\"caption\":\"Jornal Fatos e Not\u00edcias\"},\"image\":{\"@id\":\"https:\/\/jornalfatosenoticias.com.br\/#\/schema\/logo\/image\/\"}},{\"@type\":\"Person\",\"@id\":\"https:\/\/jornalfatosenoticias.com.br\/#\/schema\/person\/d63837fa13ac8666eb9e74e0985d6f81\",\"name\":\"Luzimara Fernandes\",\"image\":{\"@type\":\"ImageObject\",\"inLanguage\":\"pt-BR\",\"@id\":\"https:\/\/jornalfatosenoticias.com.br\/#\/schema\/person\/image\/\",\"url\":\"https:\/\/jornalfatosenoticias.com.br\/wp-content\/uploads\/2025\/05\/EU_portal.jpg\",\"contentUrl\":\"https:\/\/jornalfatosenoticias.com.br\/wp-content\/uploads\/2025\/05\/EU_portal.jpg\",\"caption\":\"Luzimara Fernandes\"},\"description\":\"Jornalista MTB 2358-ES\",\"sameAs\":[\"https:\/\/jornalfatosenoticias.com.br\"],\"url\":\"https:\/\/jornalfatosenoticias.com.br\/index.php\/author\/luzimara\/\"}]}<\/script>\n<!-- \/ Yoast SEO plugin. -->","yoast_head_json":{"title":"PT diz que elei\u00e7\u00e3o de Maduro na Venezuela foi \u201cdemocr\u00e1tica e soberana\u201d - Jornal Fatos e Not\u00edcias","robots":{"index":"index","follow":"follow","max-snippet":"max-snippet:-1","max-image-preview":"max-image-preview:large","max-video-preview":"max-video-preview:-1"},"canonical":"https:\/\/jornalfatosenoticias.com.br\/index.php\/2024\/07\/30\/pt-diz-que-eleicao-de-maduro-na-venezuela-foi-democratica-e-soberana\/","og_locale":"pt_BR","og_type":"article","og_title":"PT diz que elei\u00e7\u00e3o de Maduro na Venezuela foi \u201cdemocr\u00e1tica e soberana\u201d - Jornal Fatos e Not\u00edcias","og_description":"A presidente do PT, deputada federal Gleisi Hoffmann (PR), compartilhou nota do partido sobre elei\u00e7\u00f5es na Venezuela nas redes sociais Por Camila Abr\u00e3o A Executiva Nacional do Partido dos Trabalhadores (PT) divulgou, na noite desta segunda-feira (29), uma nota em que trata o ditador da Venezuela, Nicol\u00e1s Maduro, como \u201cpresidente reeleito\u201d. A legenda de Luiz [&hellip;]","og_url":"https:\/\/jornalfatosenoticias.com.br\/index.php\/2024\/07\/30\/pt-diz-que-eleicao-de-maduro-na-venezuela-foi-democratica-e-soberana\/","og_site_name":"Jornal Fatos e Not\u00edcias","article_published_time":"2024-07-30T17:31:25+00:00","article_modified_time":"2024-07-30T17:31:28+00:00","og_image":[{"width":960,"height":540,"url":"https:\/\/jornalfatosenoticias.com.br\/wp-content\/uploads\/2024\/07\/gleisi-coxinha-amante.jpg","type":"image\/jpeg"}],"author":"Luzimara Fernandes","twitter_card":"summary_large_image","twitter_misc":{"Escrito por":"Luzimara Fernandes","Est. tempo de leitura":"4 minutos"},"schema":{"@context":"https:\/\/schema.org","@graph":[{"@type":"Article","@id":"https:\/\/jornalfatosenoticias.com.br\/index.php\/2024\/07\/30\/pt-diz-que-eleicao-de-maduro-na-venezuela-foi-democratica-e-soberana\/#article","isPartOf":{"@id":"https:\/\/jornalfatosenoticias.com.br\/index.php\/2024\/07\/30\/pt-diz-que-eleicao-de-maduro-na-venezuela-foi-democratica-e-soberana\/"},"author":{"name":"Luzimara Fernandes","@id":"https:\/\/jornalfatosenoticias.com.br\/#\/schema\/person\/d63837fa13ac8666eb9e74e0985d6f81"},"headline":"PT diz que elei\u00e7\u00e3o de Maduro na Venezuela foi \u201cdemocr\u00e1tica e soberana\u201d","datePublished":"2024-07-30T17:31:25+00:00","dateModified":"2024-07-30T17:31:28+00:00","mainEntityOfPage":{"@id":"https:\/\/jornalfatosenoticias.com.br\/index.php\/2024\/07\/30\/pt-diz-que-eleicao-de-maduro-na-venezuela-foi-democratica-e-soberana\/"},"wordCount":722,"commentCount":0,"publisher":{"@id":"https:\/\/jornalfatosenoticias.com.br\/#organization"},"image":{"@id":"https:\/\/jornalfatosenoticias.com.br\/index.php\/2024\/07\/30\/pt-diz-que-eleicao-de-maduro-na-venezuela-foi-democratica-e-soberana\/#primaryimage"},"thumbnailUrl":"https:\/\/jornalfatosenoticias.com.br\/wp-content\/uploads\/2024\/07\/gleisi-coxinha-amante.jpg","keywords":["Am\u00e9rica latina","Argentina","Chile","elei\u00e7\u00f5es","fraude","fraude eleitoral","Itamaraty","Lula","Nicol\u00e1s Maduro","Pal\u00e1cio do Planalto","Peru","Uruguai","Venezuela"],"articleSection":["Pol\u00edtica"],"inLanguage":"pt-BR","potentialAction":[{"@type":"CommentAction","name":"Comment","target":["https:\/\/jornalfatosenoticias.com.br\/index.php\/2024\/07\/30\/pt-diz-que-eleicao-de-maduro-na-venezuela-foi-democratica-e-soberana\/#respond"]}]},{"@type":"WebPage","@id":"https:\/\/jornalfatosenoticias.com.br\/index.php\/2024\/07\/30\/pt-diz-que-eleicao-de-maduro-na-venezuela-foi-democratica-e-soberana\/","url":"https:\/\/jornalfatosenoticias.com.br\/index.php\/2024\/07\/30\/pt-diz-que-eleicao-de-maduro-na-venezuela-foi-democratica-e-soberana\/","name":"PT diz que elei\u00e7\u00e3o de Maduro na Venezuela foi \u201cdemocr\u00e1tica e soberana\u201d - Jornal Fatos e Not\u00edcias","isPartOf":{"@id":"https:\/\/jornalfatosenoticias.com.br\/#website"},"primaryImageOfPage":{"@id":"https:\/\/jornalfatosenoticias.com.br\/index.php\/2024\/07\/30\/pt-diz-que-eleicao-de-maduro-na-venezuela-foi-democratica-e-soberana\/#primaryimage"},"image":{"@id":"https:\/\/jornalfatosenoticias.com.br\/index.php\/2024\/07\/30\/pt-diz-que-eleicao-de-maduro-na-venezuela-foi-democratica-e-soberana\/#primaryimage"},"thumbnailUrl":"https:\/\/jornalfatosenoticias.com.br\/wp-content\/uploads\/2024\/07\/gleisi-coxinha-amante.jpg","datePublished":"2024-07-30T17:31:25+00:00","dateModified":"2024-07-30T17:31:28+00:00","breadcrumb":{"@id":"https:\/\/jornalfatosenoticias.com.br\/index.php\/2024\/07\/30\/pt-diz-que-eleicao-de-maduro-na-venezuela-foi-democratica-e-soberana\/#breadcrumb"},"inLanguage":"pt-BR","potentialAction":[{"@type":"ReadAction","target":["https:\/\/jornalfatosenoticias.com.br\/index.php\/2024\/07\/30\/pt-diz-que-eleicao-de-maduro-na-venezuela-foi-democratica-e-soberana\/"]}]},{"@type":"ImageObject","inLanguage":"pt-BR","@id":"https:\/\/jornalfatosenoticias.com.br\/index.php\/2024\/07\/30\/pt-diz-que-eleicao-de-maduro-na-venezuela-foi-democratica-e-soberana\/#primaryimage","url":"https:\/\/jornalfatosenoticias.com.br\/wp-content\/uploads\/2024\/07\/gleisi-coxinha-amante.jpg","contentUrl":"https:\/\/jornalfatosenoticias.com.br\/wp-content\/uploads\/2024\/07\/gleisi-coxinha-amante.jpg","width":960,"height":540},{"@type":"BreadcrumbList","@id":"https:\/\/jornalfatosenoticias.com.br\/index.php\/2024\/07\/30\/pt-diz-que-eleicao-de-maduro-na-venezuela-foi-democratica-e-soberana\/#breadcrumb","itemListElement":[{"@type":"ListItem","position":1,"name":"In\u00edcio","item":"https:\/\/jornalfatosenoticias.com.br\/"},{"@type":"ListItem","position":2,"name":"PT diz que elei\u00e7\u00e3o de Maduro na Venezuela foi \u201cdemocr\u00e1tica e soberana\u201d"}]},{"@type":"WebSite","@id":"https:\/\/jornalfatosenoticias.com.br\/#website","url":"https:\/\/jornalfatosenoticias.com.br\/","name":"Jornal Fatos e Not\u00edcias","description":"Not\u00edcias em geral","publisher":{"@id":"https:\/\/jornalfatosenoticias.com.br\/#organization"},"potentialAction":[{"@type":"SearchAction","target":{"@type":"EntryPoint","urlTemplate":"https:\/\/jornalfatosenoticias.com.br\/?s={search_term_string}"},"query-input":{"@type":"PropertyValueSpecification","valueRequired":true,"valueName":"search_term_string"}}],"inLanguage":"pt-BR"},{"@type":"Organization","@id":"https:\/\/jornalfatosenoticias.com.br\/#organization","name":"Jornal Fatos e Not\u00edcias","url":"https:\/\/jornalfatosenoticias.com.br\/","logo":{"@type":"ImageObject","inLanguage":"pt-BR","@id":"https:\/\/jornalfatosenoticias.com.br\/#\/schema\/logo\/image\/","url":"https:\/\/jornalfatosenoticias.com.br\/wp-content\/uploads\/2020\/02\/logo120.png","contentUrl":"https:\/\/jornalfatosenoticias.com.br\/wp-content\/uploads\/2020\/02\/logo120.png","width":1227,"height":120,"caption":"Jornal Fatos e Not\u00edcias"},"image":{"@id":"https:\/\/jornalfatosenoticias.com.br\/#\/schema\/logo\/image\/"}},{"@type":"Person","@id":"https:\/\/jornalfatosenoticias.com.br\/#\/schema\/person\/d63837fa13ac8666eb9e74e0985d6f81","name":"Luzimara Fernandes","image":{"@type":"ImageObject","inLanguage":"pt-BR","@id":"https:\/\/jornalfatosenoticias.com.br\/#\/schema\/person\/image\/","url":"https:\/\/jornalfatosenoticias.com.br\/wp-content\/uploads\/2025\/05\/EU_portal.jpg","contentUrl":"https:\/\/jornalfatosenoticias.com.br\/wp-content\/uploads\/2025\/05\/EU_portal.jpg","caption":"Luzimara Fernandes"},"description":"Jornalista MTB 2358-ES","sameAs":["https:\/\/jornalfatosenoticias.com.br"],"url":"https:\/\/jornalfatosenoticias.com.br\/index.php\/author\/luzimara\/"}]}},"cc_featured_image_caption":{"caption_text":"(Foto: Cleia Viana\/C\u00e2mara dos Deputados)","source_text":"","source_url":""},"jetpack_featured_media_url":"https:\/\/jornalfatosenoticias.com.br\/wp-content\/uploads\/2024\/07\/gleisi-coxinha-amante.jpg","_links":{"self":[{"href":"https:\/\/jornalfatosenoticias.com.br\/index.php\/wp-json\/wp\/v2\/posts\/53133","targetHints":{"allow":["GET"]}}],"collection":[{"href":"https:\/\/jornalfatosenoticias.com.br\/index.php\/wp-json\/wp\/v2\/posts"}],"about":[{"href":"https:\/\/jornalfatosenoticias.com.br\/index.php\/wp-json\/wp\/v2\/types\/post"}],"author":[{"embeddable":true,"href":"https:\/\/jornalfatosenoticias.com.br\/index.php\/wp-json\/wp\/v2\/users\/2"}],"replies":[{"embeddable":true,"href":"https:\/\/jornalfatosenoticias.com.br\/index.php\/wp-json\/wp\/v2\/comments?post=53133"}],"version-history":[{"count":0,"href":"https:\/\/jornalfatosenoticias.com.br\/index.php\/wp-json\/wp\/v2\/posts\/53133\/revisions"}],"wp:featuredmedia":[{"embeddable":true,"href":"https:\/\/jornalfatosenoticias.com.br\/index.php\/wp-json\/wp\/v2\/media\/53134"}],"wp:attachment":[{"href":"https:\/\/jornalfatosenoticias.com.br\/index.php\/wp-json\/wp\/v2\/media?parent=53133"}],"wp:term":[{"taxonomy":"category","embeddable":true,"href":"https:\/\/jornalfatosenoticias.com.br\/index.php\/wp-json\/wp\/v2\/categories?post=53133"},{"taxonomy":"post_tag","embeddable":true,"href":"https:\/\/jornalfatosenoticias.com.br\/index.php\/wp-json\/wp\/v2\/tags?post=53133"}],"curies":[{"name":"wp","href":"https:\/\/api.w.org\/{rel}","templated":true}]}}